{"id":3097,"date":"2010-06-26T08:23:30","date_gmt":"2010-06-26T07:23:30","guid":{"rendered":"http:\/\/fjala.shkoder.net\/?p=3097"},"modified":"2010-06-26T08:23:30","modified_gmt":"2010-06-26T07:23:30","slug":"bekim-fehmiu-ku-ka-shkelur-kemba-ime-ka-qene-shqiperi","status":"publish","type":"post","link":"https:\/\/fjala.info\/2009-2015\/bekim-fehmiu-ku-ka-shkelur-kemba-ime-ka-qene-shqiperi\/","title":{"rendered":"Bekim Fehmiu: Ku ka shkelur k\u00ebmba ime ka q\u00ebn\u00eb Shqip\u00ebri"},"content":{"rendered":"<p>Nga: <strong>KOZETA ZAVALANI <\/strong><\/p>\n<p><em>TIRANE <\/em>&#8211; <em>Intervista e vitit 2001, kur aktori i famsh\u00ebm kishte shkelur n\u00eb Shqip\u00ebri pas 31 vitesh, s\u00eb bashku me bashk\u00ebshorten Branka, si i ftuar n\u00eb spektaklin e Vera Grabock\u00ebs &#8220;Dua m\u00eb shum\u00eb Shqip\u00ebrin\u00eb&#8221;&#8230;<\/em><\/p>\n<p style=\"text-align: center;\"><img decoding=\"async\" style=\"margin-left: 10px; margin-right: 10px; border: 0px;\" src=\"http:\/\/www.shkoder.net\/images\/fjala\/2010\/bekim_fehmiu.jpg\" border=\"0\" alt=\"Bekim Fehmiu\" width=\"450\" \/><\/p>\n<p>Pas 31 vjet\u00ebsh \u00ebsht\u00eb kthyer n\u00eb Shqip\u00ebri aktori i madh shqiptar Bekim Fehmiu, shum\u00eb i njohur n\u00eb sken\u00ebn dhe ekranet nd\u00ebrkomb\u00ebtare, partner i aktoreve t\u00eb shquara si Ava Gardner, Klaudia Kardinale apo Irene Papas. I ftuar nga zonja Vera Grabocka p\u00ebr t\u00eb nderuar spektaklin &#8220;Dua m\u00eb shum\u00eb Shqip\u00ebrin\u00eb&#8221;, ai shoq\u00ebrohej nga bashk\u00ebshortja e tij zonja Branka Petri\u00e7 &#8211; Fehmiu edhe ajo aktore, q\u00eb shkelte p\u00ebr her\u00ebn e par\u00eb tok\u00ebn, aq shum\u00eb t\u00eb d\u00ebshiruar t\u00eb burrit dhe djemve t\u00eb saj.<\/p>\n<p>Mbas 56 vjet karrier\u00eb artistike t\u00eb suksesshme, ai fal\u00ebnderon publikun shqiptar p\u00ebr emocionet e k\u00ebndshme q\u00eb i kan\u00eb sjell\u00eb artistit, q\u00eb p\u00ebr vite t\u00eb t\u00ebra u ka shkaktuar emocione t\u00eb fuqishme t\u00eb tjer\u00ebve, fatkeq\u00ebsisht n\u00eb gjuh\u00eb t\u00eb huaj dhe asnj\u00ebher\u00eb n\u00eb gjuh\u00ebn shqipe. Dhe p\u00ebr k\u00ebt\u00eb, ai guxon t\u00eb qortoj\u00eb vetveten, duke folur gjuh\u00ebn e n\u00ebn\u00ebs s\u00eb tij, q\u00eb ai e vler\u00ebson shum\u00eb. Nga skena e spektaklit t\u00eb Pallatit t\u00eb Kongreseve ai ka vler\u00ebsuar shum\u00eb femr\u00ebn shqiptare, t\u00eb personifikuar tek zonja Vera Grabocka duke e p\u00ebrcaktuar at\u00eb si &#8220;nj\u00eb fuqi t\u00eb madhe kulturore, bot\u00ebrore&#8221;. Kjo m\u00eb shqyti p\u00ebr ta takuar menj\u00ebher\u00eb pas koncertit, s\u00eb bashku me t\u00eb shoqen, q\u00eb ishte e mrekulluar nga mikpritja shqiptare.<br \/>\nZoti<em> Bekim, si ndjeheni n\u00eb Shqip\u00ebri?<\/em><br \/>\nUn\u00eb ju them se, ku ka shkelur k\u00ebmba ime, ka qen\u00eb Shqip\u00ebri. &#8220;S&#8217;ka gj\u00eb m\u00eb t\u00eb fuqishme se dashuria&#8221; ka th\u00ebn\u00eb Bethoveni i madh. Ndaj, edhe un\u00eb me dashurin\u00eb p\u00ebr Shqip\u00ebrin\u00eb n\u00eb zem\u00ebr e n\u00eb shpirt kam qen\u00eb n\u00eb \u00e7do hap e n\u00eb \u00e7do vend ku kam shkuar. Kudo kam dashur t\u00eb l\u00eb gjurm\u00ebt e mia si shqiptar, q\u00eb edhe kur t\u00eb mos jem n\u00eb jet\u00eb t\u00eb ket\u00eb mbetur vepra ime. Dhe p\u00ebr k\u00ebt\u00eb, s\u00eb pari duhet t\u00eb fal\u00ebnderoj n\u00ebn\u00ebn time.<br \/>\n<em>Kur keni qen\u00eb p\u00ebr her\u00eb t\u00eb par\u00eb n\u00eb Shqip\u00ebri?<\/em><br \/>\nMe sa duket fati im ka qen\u00eb q\u00eb \u00e7do 30-31 vjet t\u00eb jem n\u00eb Shqip\u00ebri. P\u00ebr her\u00eb t\u00eb par\u00eb kam qen\u00eb n\u00eb vitin 1939 s\u00eb bashku me familjen time, dhe pas 10 vjet\u00ebve m\u00eb 1949 jam kthyer n\u00eb sht\u00ebpin\u00eb time n\u00eb Kosov\u00eb. N\u00eb vitin 1972 kam qen\u00eb i ftuar nga Pirro Milkani dhe Dhimit\u00ebr Anagnosti si mysafir n\u00eb Kinostudion &#8220;Shqip\u00ebria e re&#8221;. Fal\u00ebnderoj gjithashtu edhe Ramadan Sokolin, q\u00eb m\u00eb ka falur nj\u00eb kaset\u00eb magnetofoni me incizime t\u00eb interpretimeve t\u00eb Aleksand\u00ebr Moisiut dhe t\u00eb librit &#8220;16 shekuj&#8221;, q\u00eb fillon me kapitullin &#8220;Njihe vetveten&#8221;.<\/p>\n<p>Dhe un\u00eb e njoha vetveten n\u00ebp\u00ebr bot\u00eb duke filluar nga shekulli III me inxhinierin e par\u00eb n\u00eb historin\u00eb e Evrop\u00ebs, fotografia e t\u00eb cilit gjendet n\u00eb monedh\u00ebn 20 shilinga austriake, deri tek mjeshtrit q\u00eb kan\u00eb ngritur Pjac\u00ebn San Marko n\u00eb Venedik apo Taxhmahall\u00eb. Por, \u00e7far\u00eb kemi b\u00ebr\u00eb p\u00ebr veten ton\u00eb k\u00ebtu n\u00eb Shqip\u00ebri? Mos e keni d\u00ebgjuar Bekim Fehmiun n\u00eb ndonj\u00eb nga filmat e tij t\u00eb flas\u00eb shqip? Jo. Un\u00eb tani po p\u00ebrs\u00ebris n\u00eb shqip poezin\u00eb e flamurit; &#8220;O flamur gjak, o flamur shkab\u00eb<br \/>\nO vend, o vat\u00ebr, o n\u00ebn\u00eb e bab\u00eb. Lagur me lot, djegur me flak\u00eb Flamur i madh p\u00ebr vegj\u00ebli&#8221;.<br \/>\n<em>Sa e kini ndjer\u00eb pesh\u00ebn e faktit q\u00eb keni interpretuar gjithmon\u00eb n\u00eb gjuh\u00eb t\u00eb huaj, kur n\u00eb dejet tuaja rrjedh gjak shqiptar?<\/em><br \/>\nPik\u00eb s\u00eb pari Bekim Fehmiu \u00ebsht\u00eb shqiptar dhe ai, dashje pa dashje k\u00ebt\u00eb em\u00ebr e merr me vete, kudo. E kam pas nj\u00eb bab\u00eb t\u00eb men\u00e7ur q\u00eb m\u00eb ka dh\u00ebn\u00eb dy k\u00ebshilla; E para: &#8220;Nuk ekzistojn\u00eb popuj t\u00eb mir\u00eb e t\u00eb k\u00ebqij, religjione t\u00eb mira e t\u00eb k\u00ebqija, por ekzistojn\u00eb vet\u00ebm njer\u00ebz t\u00eb mir\u00eb e t\u00eb k\u00ebqij&#8221;. Dhe e dyta: &#8220;N\u00eb qoft\u00eb se nuk e do popullin t\u00ebnd nga i cili rrjedh, me t\u00eb gjitha t\u00eb metat, marr\u00ebzirat apo t\u00eb mirat q\u00eb ai ka, nuk mundesh me dasht\u00eb ask\u00ebnd.<br \/>\n<em>Po, si ia ka mb\u00ebrritur Bekim Fehmiu t\u00eb fitoj\u00eb k\u00ebt\u00eb fam\u00eb e sukses n\u00eb kinematografin\u00eb e huaj?<\/em><br \/>\nNuk ka qen\u00eb aspak e leht\u00eb. Ju duhet ta dini se jam i pari shtetas nga t\u00eb gjitha shtetet lindore, komuniste, q\u00eb nuk kam pranuar ta nd\u00ebrroj emrin tim shqiptar. Kam qen\u00eb n\u00eb Rom\u00eb p\u00ebr xhirimet e filmit &#8220;Aventurier\u00ebt&#8221;, pas pes\u00eb jav\u00ebsh xhirimi m\u00eb th\u00ebrrasin dhe m\u00eb urdh\u00ebrojn\u00eb t\u00eb nd\u00ebrroj emrin. &#8220;Jo, &#8211; u them prer\u00eb, &#8211; ky \u00ebsht\u00eb emri im dhe un\u00eb vet\u00ebm me k\u00ebt\u00eb em\u00ebr do t\u00eb punoj, n\u00eb qoft\u00eb se nuk pranoni ju, un\u00eb e prish kontrat\u00ebn e filmit me ju&#8230;&#8221; At\u00ebher\u00eb pata nd\u00ebrhyrje e presione nga m\u00eb t\u00eb ndryshmet, pasi u shkaktoja shum\u00eb d\u00ebme financiare po t\u00eb largohesha nga xhirimi, sepse ishim n\u00eb mes t\u00eb filmit dhe ai duhet t\u00eb p\u00ebrfundonte sa m\u00eb par\u00eb. K\u00ebshtu, ata u detyruan t\u00eb m\u00eb imponohen me emrin tim shqiptar.<br \/>\n<em>\u00c7far\u00eb do t\u00eb ve\u00e7onit nga karakteristikat e shqiptarit, cilat jan\u00eb ato q\u00eb ju i vler\u00ebsoni m\u00eb shum\u00eb?<\/em><br \/>\nKrenarin\u00eb, vendosm\u00ebrin\u00eb dhe shpirtin e paepur. Po ju tregoj nj\u00eb shembull nga jeta ime artistike. Kam qen\u00eb me xhirime n\u00eb Itali dhe isha vendosur n\u00eb &#8220;Grand Hotel&#8221; n\u00eb Rom\u00eb. Aty ishte edhe i madhi \u00c7arli Blludon, q\u00eb sh\u00ebtiste \u00e7do nat\u00eb me yjet e kinematografis\u00eb. I kishte b\u00ebr\u00eb p\u00ebrshtypje mungesa ime dhe m\u00eb kishte k\u00ebrkuar, por un\u00eb at\u00ebher\u00eb n\u00eb koh\u00ebn e lir\u00eb studioja gjuh\u00ebn angleze dhe nuk kisha koh\u00eb, megjithat\u00eb, p\u00ebr k\u00ebmb\u00ebnguljen e tij i l\u00eb takim n\u00eb or\u00ebn 16:30. Jam shum\u00eb korrekt n\u00eb orar dhe shkova pak minuta para orarit, dhe e prita n\u00eb holl. Kaluan 10, 30 minuta, kaloi nj\u00eb or\u00eb, dy or\u00eb dhe un\u00eb m\u00eb n\u00eb fund nuk durova.<\/p>\n<p>I shkrova nj\u00eb let\u00ebr ku i thosha se, koha ime e lir\u00eb kishte kaluar dhe un\u00eb nuk kisha m\u00eb tep\u00ebr se dy or\u00eb koh\u00eb p\u00ebr t\u00eb. T\u00eb nes\u00ebrmen ai m\u00eb k\u00ebrkon t\u00eb falur dhe m\u00eb lutet p\u00ebr ta pritur n\u00eb nj\u00eb tjet\u00ebr dit\u00eb, por un\u00eb, si\u00e7 iu thash\u00eb, nuk kisha m\u00eb koh\u00eb e iu p\u00ebrgjigja: &#8220;Un\u00eb ju respektoj, por ajo ishte dita ime e vetme e lir\u00eb&#8221;. Doja q\u00eb gjithkush t\u00eb respektonte vendimet p\u00ebr lirin\u00eb time, p\u00ebr jet\u00ebn time. K\u00ebshtu q\u00eb u desh t\u00eb kalonin shum\u00eb muaj deri n\u00eb Krishtlindjet, kur un\u00eb, s\u00eb bashku me gruan time Branka isha n\u00eb Bogota, dhe zoti \u00c7arli organizoi nj\u00eb pritje madh\u00ebshtore p\u00ebr ne, ku na mbuluan me peshqeshe. Dhe gjith\u00e7ka ia dedikoj krenaris\u00eb sime dhe pun\u00ebs s\u00eb palodhur e cil\u00ebsore, q\u00eb u ka imponuar t\u00eb gjith\u00ebve respekt.<\/p>\n<p>(<em>GazetaShqiptare\/BalkanWeb<\/em>)<\/p>\n","protected":false},"excerpt":{"rendered":"<p>Nga: KOZETA ZAVALANI TIRANE &#8211; Intervista e vitit 2001, kur aktori i famsh\u00ebm kishte shkelur n\u00eb Shqip\u00ebri pas 31 vitesh, s\u00eb bashku me bashk\u00ebshorten Branka, si i ftuar n\u00eb spektaklin e Vera Grabock\u00ebs &#8220;Dua m\u00eb shum\u00eb Shqip\u00ebrin\u00eb&#8221;&#8230; Pas 31 vjet\u00ebsh \u00ebsht\u00eb kthyer n\u00eb Shqip\u00ebri aktori i madh shqiptar Bekim Fehmiu, shum\u00eb i njohur n\u00eb sken\u00ebn [&hellip;]<\/p>\n","protected":false},"author":1,"featured_media":0,"comment_status":"open","ping_status":"closed","sticky":false,"template":"","format":"standard","meta":{"footnotes":""},"categories":[4],"tags":[],"class_list":{"0":"post-3097","1":"post","2":"type-post","3":"status-publish","4":"format-standard","6":"category-intervista"},"yoast_head":"<!-- This site is optimized with the Yoast SEO plugin v27.4 - https:\/\/yoast.com\/product\/yoast-seo-wordpress\/ -->\n<title>Bekim Fehmiu: Ku ka shkelur k\u00ebmba ime ka q\u00ebn\u00eb Shqip\u00ebri - FjALA e LIR\u00cb - Arkivi<\/title>\n<meta name=\"robots\" content=\"index, follow, max-snippet:-1, max-image-preview:large, max-video-preview:-1\" \/>\n<link rel=\"canonical\" href=\"https:\/\/fjala.info\/2009-2015\/bekim-fehmiu-ku-ka-shkelur-kemba-ime-ka-qene-shqiperi\/\" \/>\n<meta property=\"og:locale\" content=\"sq_AL\" \/>\n<meta property=\"og:type\" content=\"article\" \/>\n<meta property=\"og:title\" content=\"Bekim Fehmiu: Ku ka shkelur k\u00ebmba ime ka q\u00ebn\u00eb Shqip\u00ebri - FjALA e LIR\u00cb - Arkivi\" \/>\n<meta property=\"og:description\" content=\"Nga: KOZETA ZAVALANI TIRANE &#8211; Intervista e vitit 2001, kur aktori i famsh\u00ebm kishte shkelur n\u00eb Shqip\u00ebri pas 31 vitesh, s\u00eb bashku me bashk\u00ebshorten Branka, si i ftuar n\u00eb spektaklin e Vera Grabock\u00ebs &#8220;Dua m\u00eb shum\u00eb Shqip\u00ebrin\u00eb&#8221;&#8230; Pas 31 vjet\u00ebsh \u00ebsht\u00eb kthyer n\u00eb Shqip\u00ebri aktori i madh shqiptar Bekim Fehmiu, shum\u00eb i njohur n\u00eb sken\u00ebn [&hellip;]\" \/>\n<meta property=\"og:url\" content=\"https:\/\/fjala.info\/2009-2015\/bekim-fehmiu-ku-ka-shkelur-kemba-ime-ka-qene-shqiperi\/\" \/>\n<meta property=\"og:site_name\" content=\"FjALA e LIR\u00cb - Arkivi\" \/>\n<meta property=\"article:published_time\" content=\"2010-06-26T07:23:30+00:00\" \/>\n<meta property=\"og:image\" content=\"http:\/\/www.shkoder.net\/images\/fjala\/2010\/bekim_fehmiu.jpg\" \/>\n<meta name=\"author\" content=\"admin\" \/>\n<meta name=\"twitter:card\" content=\"summary_large_image\" \/>\n<meta name=\"twitter:label1\" content=\"Written by\" \/>\n\t<meta name=\"twitter:data1\" content=\"admin\" \/>\n\t<meta name=\"twitter:label2\" content=\"Est. reading time\" \/>\n\t<meta name=\"twitter:data2\" content=\"6 minutes\" \/>\n<script type=\"application\/ld+json\" class=\"yoast-schema-graph\">{\"@context\":\"https:\\\/\\\/schema.org\",\"@graph\":[{\"@type\":\"Article\",\"@id\":\"https:\\\/\\\/fjala.info\\\/2009-2015\\\/bekim-fehmiu-ku-ka-shkelur-kemba-ime-ka-qene-shqiperi\\\/#article\",\"isPartOf\":{\"@id\":\"https:\\\/\\\/fjala.info\\\/2009-2015\\\/bekim-fehmiu-ku-ka-shkelur-kemba-ime-ka-qene-shqiperi\\\/\"},\"author\":{\"name\":\"admin\",\"@id\":\"https:\\\/\\\/fjala.info\\\/2009-2015\\\/#\\\/schema\\\/person\\\/3aa1163ef05469c496fc94e77611ada2\"},\"headline\":\"Bekim Fehmiu: Ku ka shkelur k\u00ebmba ime ka q\u00ebn\u00eb Shqip\u00ebri\",\"datePublished\":\"2010-06-26T07:23:30+00:00\",\"mainEntityOfPage\":{\"@id\":\"https:\\\/\\\/fjala.info\\\/2009-2015\\\/bekim-fehmiu-ku-ka-shkelur-kemba-ime-ka-qene-shqiperi\\\/\"},\"wordCount\":1186,\"commentCount\":0,\"publisher\":{\"@id\":\"https:\\\/\\\/fjala.info\\\/2009-2015\\\/#organization\"},\"image\":{\"@id\":\"https:\\\/\\\/fjala.info\\\/2009-2015\\\/bekim-fehmiu-ku-ka-shkelur-kemba-ime-ka-qene-shqiperi\\\/#primaryimage\"},\"thumbnailUrl\":\"http:\\\/\\\/www.shkoder.net\\\/images\\\/fjala\\\/2010\\\/bekim_fehmiu.jpg\",\"articleSection\":[\"Intervista\"],\"inLanguage\":\"sq-AL\",\"potentialAction\":[{\"@type\":\"CommentAction\",\"name\":\"Comment\",\"target\":[\"https:\\\/\\\/fjala.info\\\/2009-2015\\\/bekim-fehmiu-ku-ka-shkelur-kemba-ime-ka-qene-shqiperi\\\/#respond\"]}]},{\"@type\":\"WebPage\",\"@id\":\"https:\\\/\\\/fjala.info\\\/2009-2015\\\/bekim-fehmiu-ku-ka-shkelur-kemba-ime-ka-qene-shqiperi\\\/\",\"url\":\"https:\\\/\\\/fjala.info\\\/2009-2015\\\/bekim-fehmiu-ku-ka-shkelur-kemba-ime-ka-qene-shqiperi\\\/\",\"name\":\"Bekim Fehmiu: Ku ka shkelur k\u00ebmba ime ka q\u00ebn\u00eb Shqip\u00ebri - FjALA e LIR\u00cb - Arkivi\",\"isPartOf\":{\"@id\":\"https:\\\/\\\/fjala.info\\\/2009-2015\\\/#website\"},\"primaryImageOfPage\":{\"@id\":\"https:\\\/\\\/fjala.info\\\/2009-2015\\\/bekim-fehmiu-ku-ka-shkelur-kemba-ime-ka-qene-shqiperi\\\/#primaryimage\"},\"image\":{\"@id\":\"https:\\\/\\\/fjala.info\\\/2009-2015\\\/bekim-fehmiu-ku-ka-shkelur-kemba-ime-ka-qene-shqiperi\\\/#primaryimage\"},\"thumbnailUrl\":\"http:\\\/\\\/www.shkoder.net\\\/images\\\/fjala\\\/2010\\\/bekim_fehmiu.jpg\",\"datePublished\":\"2010-06-26T07:23:30+00:00\",\"breadcrumb\":{\"@id\":\"https:\\\/\\\/fjala.info\\\/2009-2015\\\/bekim-fehmiu-ku-ka-shkelur-kemba-ime-ka-qene-shqiperi\\\/#breadcrumb\"},\"inLanguage\":\"sq-AL\",\"potentialAction\":[{\"@type\":\"ReadAction\",\"target\":[\"https:\\\/\\\/fjala.info\\\/2009-2015\\\/bekim-fehmiu-ku-ka-shkelur-kemba-ime-ka-qene-shqiperi\\\/\"]}]},{\"@type\":\"ImageObject\",\"inLanguage\":\"sq-AL\",\"@id\":\"https:\\\/\\\/fjala.info\\\/2009-2015\\\/bekim-fehmiu-ku-ka-shkelur-kemba-ime-ka-qene-shqiperi\\\/#primaryimage\",\"url\":\"http:\\\/\\\/www.shkoder.net\\\/images\\\/fjala\\\/2010\\\/bekim_fehmiu.jpg\",\"contentUrl\":\"http:\\\/\\\/www.shkoder.net\\\/images\\\/fjala\\\/2010\\\/bekim_fehmiu.jpg\"},{\"@type\":\"BreadcrumbList\",\"@id\":\"https:\\\/\\\/fjala.info\\\/2009-2015\\\/bekim-fehmiu-ku-ka-shkelur-kemba-ime-ka-qene-shqiperi\\\/#breadcrumb\",\"itemListElement\":[{\"@type\":\"ListItem\",\"position\":1,\"name\":\"Home\",\"item\":\"https:\\\/\\\/fjala.info\\\/2009-2015\\\/\"},{\"@type\":\"ListItem\",\"position\":2,\"name\":\"Bekim Fehmiu: Ku ka shkelur k\u00ebmba ime ka q\u00ebn\u00eb Shqip\u00ebri\"}]},{\"@type\":\"WebSite\",\"@id\":\"https:\\\/\\\/fjala.info\\\/2009-2015\\\/#website\",\"url\":\"https:\\\/\\\/fjala.info\\\/2009-2015\\\/\",\"name\":\"FjALA e LIR\u00cb - Arkivi\",\"description\":\"Arkivi 2009-2015\",\"publisher\":{\"@id\":\"https:\\\/\\\/fjala.info\\\/2009-2015\\\/#organization\"},\"potentialAction\":[{\"@type\":\"SearchAction\",\"target\":{\"@type\":\"EntryPoint\",\"urlTemplate\":\"https:\\\/\\\/fjala.info\\\/2009-2015\\\/?s={search_term_string}\"},\"query-input\":{\"@type\":\"PropertyValueSpecification\",\"valueRequired\":true,\"valueName\":\"search_term_string\"}}],\"inLanguage\":\"sq-AL\"},{\"@type\":\"Organization\",\"@id\":\"https:\\\/\\\/fjala.info\\\/2009-2015\\\/#organization\",\"name\":\"FjALA e LIR\u00cb - Arkivi\",\"url\":\"https:\\\/\\\/fjala.info\\\/2009-2015\\\/\",\"logo\":{\"@type\":\"ImageObject\",\"inLanguage\":\"sq-AL\",\"@id\":\"https:\\\/\\\/fjala.info\\\/2009-2015\\\/#\\\/schema\\\/logo\\\/image\\\/\",\"url\":\"\",\"contentUrl\":\"\",\"caption\":\"FjALA e LIR\u00cb - Arkivi\"},\"image\":{\"@id\":\"https:\\\/\\\/fjala.info\\\/2009-2015\\\/#\\\/schema\\\/logo\\\/image\\\/\"}},{\"@type\":\"Person\",\"@id\":\"https:\\\/\\\/fjala.info\\\/2009-2015\\\/#\\\/schema\\\/person\\\/3aa1163ef05469c496fc94e77611ada2\",\"name\":\"admin\",\"image\":{\"@type\":\"ImageObject\",\"inLanguage\":\"sq-AL\",\"@id\":\"https:\\\/\\\/fjala.info\\\/2009-2015\\\/wp-content\\\/uploads\\\/2012\\\/02\\\/arben_cokaj-120x150.jpg\",\"url\":\"https:\\\/\\\/fjala.info\\\/2009-2015\\\/wp-content\\\/uploads\\\/2012\\\/02\\\/arben_cokaj-120x150.jpg\",\"contentUrl\":\"https:\\\/\\\/fjala.info\\\/2009-2015\\\/wp-content\\\/uploads\\\/2012\\\/02\\\/arben_cokaj-120x150.jpg\",\"caption\":\"admin\"},\"description\":\"Admin, Fjala e Lir\u00eb\",\"sameAs\":[\"https:\\\/\\\/fjala.info\\\/\"],\"url\":\"https:\\\/\\\/fjala.info\\\/2009-2015\\\/author\\\/admin\\\/\"}]}<\/script>\n<!-- \/ Yoast SEO plugin. -->","yoast_head_json":{"title":"Bekim Fehmiu: Ku ka shkelur k\u00ebmba ime ka q\u00ebn\u00eb Shqip\u00ebri - FjALA e LIR\u00cb - Arkivi","robots":{"index":"index","follow":"follow","max-snippet":"max-snippet:-1","max-image-preview":"max-image-preview:large","max-video-preview":"max-video-preview:-1"},"canonical":"https:\/\/fjala.info\/2009-2015\/bekim-fehmiu-ku-ka-shkelur-kemba-ime-ka-qene-shqiperi\/","og_locale":"sq_AL","og_type":"article","og_title":"Bekim Fehmiu: Ku ka shkelur k\u00ebmba ime ka q\u00ebn\u00eb Shqip\u00ebri - FjALA e LIR\u00cb - Arkivi","og_description":"Nga: KOZETA ZAVALANI TIRANE &#8211; Intervista e vitit 2001, kur aktori i famsh\u00ebm kishte shkelur n\u00eb Shqip\u00ebri pas 31 vitesh, s\u00eb bashku me bashk\u00ebshorten Branka, si i ftuar n\u00eb spektaklin e Vera Grabock\u00ebs &#8220;Dua m\u00eb shum\u00eb Shqip\u00ebrin\u00eb&#8221;&#8230; Pas 31 vjet\u00ebsh \u00ebsht\u00eb kthyer n\u00eb Shqip\u00ebri aktori i madh shqiptar Bekim Fehmiu, shum\u00eb i njohur n\u00eb sken\u00ebn [&hellip;]","og_url":"https:\/\/fjala.info\/2009-2015\/bekim-fehmiu-ku-ka-shkelur-kemba-ime-ka-qene-shqiperi\/","og_site_name":"FjALA e LIR\u00cb - Arkivi","article_published_time":"2010-06-26T07:23:30+00:00","og_image":[{"url":"http:\/\/www.shkoder.net\/images\/fjala\/2010\/bekim_fehmiu.jpg","type":"","width":"","height":""}],"author":"admin","twitter_card":"summary_large_image","twitter_misc":{"Written by":"admin","Est. reading time":"6 minutes"},"schema":{"@context":"https:\/\/schema.org","@graph":[{"@type":"Article","@id":"https:\/\/fjala.info\/2009-2015\/bekim-fehmiu-ku-ka-shkelur-kemba-ime-ka-qene-shqiperi\/#article","isPartOf":{"@id":"https:\/\/fjala.info\/2009-2015\/bekim-fehmiu-ku-ka-shkelur-kemba-ime-ka-qene-shqiperi\/"},"author":{"name":"admin","@id":"https:\/\/fjala.info\/2009-2015\/#\/schema\/person\/3aa1163ef05469c496fc94e77611ada2"},"headline":"Bekim Fehmiu: Ku ka shkelur k\u00ebmba ime ka q\u00ebn\u00eb Shqip\u00ebri","datePublished":"2010-06-26T07:23:30+00:00","mainEntityOfPage":{"@id":"https:\/\/fjala.info\/2009-2015\/bekim-fehmiu-ku-ka-shkelur-kemba-ime-ka-qene-shqiperi\/"},"wordCount":1186,"commentCount":0,"publisher":{"@id":"https:\/\/fjala.info\/2009-2015\/#organization"},"image":{"@id":"https:\/\/fjala.info\/2009-2015\/bekim-fehmiu-ku-ka-shkelur-kemba-ime-ka-qene-shqiperi\/#primaryimage"},"thumbnailUrl":"http:\/\/www.shkoder.net\/images\/fjala\/2010\/bekim_fehmiu.jpg","articleSection":["Intervista"],"inLanguage":"sq-AL","potentialAction":[{"@type":"CommentAction","name":"Comment","target":["https:\/\/fjala.info\/2009-2015\/bekim-fehmiu-ku-ka-shkelur-kemba-ime-ka-qene-shqiperi\/#respond"]}]},{"@type":"WebPage","@id":"https:\/\/fjala.info\/2009-2015\/bekim-fehmiu-ku-ka-shkelur-kemba-ime-ka-qene-shqiperi\/","url":"https:\/\/fjala.info\/2009-2015\/bekim-fehmiu-ku-ka-shkelur-kemba-ime-ka-qene-shqiperi\/","name":"Bekim Fehmiu: Ku ka shkelur k\u00ebmba ime ka q\u00ebn\u00eb Shqip\u00ebri - FjALA e LIR\u00cb - Arkivi","isPartOf":{"@id":"https:\/\/fjala.info\/2009-2015\/#website"},"primaryImageOfPage":{"@id":"https:\/\/fjala.info\/2009-2015\/bekim-fehmiu-ku-ka-shkelur-kemba-ime-ka-qene-shqiperi\/#primaryimage"},"image":{"@id":"https:\/\/fjala.info\/2009-2015\/bekim-fehmiu-ku-ka-shkelur-kemba-ime-ka-qene-shqiperi\/#primaryimage"},"thumbnailUrl":"http:\/\/www.shkoder.net\/images\/fjala\/2010\/bekim_fehmiu.jpg","datePublished":"2010-06-26T07:23:30+00:00","breadcrumb":{"@id":"https:\/\/fjala.info\/2009-2015\/bekim-fehmiu-ku-ka-shkelur-kemba-ime-ka-qene-shqiperi\/#breadcrumb"},"inLanguage":"sq-AL","potentialAction":[{"@type":"ReadAction","target":["https:\/\/fjala.info\/2009-2015\/bekim-fehmiu-ku-ka-shkelur-kemba-ime-ka-qene-shqiperi\/"]}]},{"@type":"ImageObject","inLanguage":"sq-AL","@id":"https:\/\/fjala.info\/2009-2015\/bekim-fehmiu-ku-ka-shkelur-kemba-ime-ka-qene-shqiperi\/#primaryimage","url":"http:\/\/www.shkoder.net\/images\/fjala\/2010\/bekim_fehmiu.jpg","contentUrl":"http:\/\/www.shkoder.net\/images\/fjala\/2010\/bekim_fehmiu.jpg"},{"@type":"BreadcrumbList","@id":"https:\/\/fjala.info\/2009-2015\/bekim-fehmiu-ku-ka-shkelur-kemba-ime-ka-qene-shqiperi\/#breadcrumb","itemListElement":[{"@type":"ListItem","position":1,"name":"Home","item":"https:\/\/fjala.info\/2009-2015\/"},{"@type":"ListItem","position":2,"name":"Bekim Fehmiu: Ku ka shkelur k\u00ebmba ime ka q\u00ebn\u00eb Shqip\u00ebri"}]},{"@type":"WebSite","@id":"https:\/\/fjala.info\/2009-2015\/#website","url":"https:\/\/fjala.info\/2009-2015\/","name":"FjALA e LIR\u00cb - Arkivi","description":"Arkivi 2009-2015","publisher":{"@id":"https:\/\/fjala.info\/2009-2015\/#organization"},"potentialAction":[{"@type":"SearchAction","target":{"@type":"EntryPoint","urlTemplate":"https:\/\/fjala.info\/2009-2015\/?s={search_term_string}"},"query-input":{"@type":"PropertyValueSpecification","valueRequired":true,"valueName":"search_term_string"}}],"inLanguage":"sq-AL"},{"@type":"Organization","@id":"https:\/\/fjala.info\/2009-2015\/#organization","name":"FjALA e LIR\u00cb - Arkivi","url":"https:\/\/fjala.info\/2009-2015\/","logo":{"@type":"ImageObject","inLanguage":"sq-AL","@id":"https:\/\/fjala.info\/2009-2015\/#\/schema\/logo\/image\/","url":"","contentUrl":"","caption":"FjALA e LIR\u00cb - Arkivi"},"image":{"@id":"https:\/\/fjala.info\/2009-2015\/#\/schema\/logo\/image\/"}},{"@type":"Person","@id":"https:\/\/fjala.info\/2009-2015\/#\/schema\/person\/3aa1163ef05469c496fc94e77611ada2","name":"admin","image":{"@type":"ImageObject","inLanguage":"sq-AL","@id":"https:\/\/fjala.info\/2009-2015\/wp-content\/uploads\/2012\/02\/arben_cokaj-120x150.jpg","url":"https:\/\/fjala.info\/2009-2015\/wp-content\/uploads\/2012\/02\/arben_cokaj-120x150.jpg","contentUrl":"https:\/\/fjala.info\/2009-2015\/wp-content\/uploads\/2012\/02\/arben_cokaj-120x150.jpg","caption":"admin"},"description":"Admin, Fjala e Lir\u00eb","sameAs":["https:\/\/fjala.info\/"],"url":"https:\/\/fjala.info\/2009-2015\/author\/admin\/"}]}},"_links":{"self":[{"href":"https:\/\/fjala.info\/2009-2015\/wp-json\/wp\/v2\/posts\/3097","targetHints":{"allow":["GET"]}}],"collection":[{"href":"https:\/\/fjala.info\/2009-2015\/wp-json\/wp\/v2\/posts"}],"about":[{"href":"https:\/\/fjala.info\/2009-2015\/wp-json\/wp\/v2\/types\/post"}],"author":[{"embeddable":true,"href":"https:\/\/fjala.info\/2009-2015\/wp-json\/wp\/v2\/users\/1"}],"replies":[{"embeddable":true,"href":"https:\/\/fjala.info\/2009-2015\/wp-json\/wp\/v2\/comments?post=3097"}],"version-history":[{"count":0,"href":"https:\/\/fjala.info\/2009-2015\/wp-json\/wp\/v2\/posts\/3097\/revisions"}],"wp:attachment":[{"href":"https:\/\/fjala.info\/2009-2015\/wp-json\/wp\/v2\/media?parent=3097"}],"wp:term":[{"taxonomy":"category","embeddable":true,"href":"https:\/\/fjala.info\/2009-2015\/wp-json\/wp\/v2\/categories?post=3097"},{"taxonomy":"post_tag","embeddable":true,"href":"https:\/\/fjala.info\/2009-2015\/wp-json\/wp\/v2\/tags?post=3097"}],"curies":[{"name":"wp","href":"https:\/\/api.w.org\/{rel}","templated":true}]}}