{"id":3093,"date":"2010-06-26T06:13:09","date_gmt":"2010-06-26T05:13:09","guid":{"rendered":"http:\/\/fjala.shkoder.net\/?p=3093"},"modified":"2010-06-26T06:13:09","modified_gmt":"2010-06-26T05:13:09","slug":"shqiptaret-dhe-zgjedhjet-lokale-2010","status":"publish","type":"post","link":"https:\/\/fjala.info\/2009-2015\/shqiptaret-dhe-zgjedhjet-lokale-2010\/","title":{"rendered":"SHQIPTAR\u00cbT DHE ZGJEDHJET LOKALE 2010"},"content":{"rendered":"<p><em><strong>Diskursi politik<\/strong><\/em><\/p>\n<p><em>Zgjedhjet lokale n\u00eb Mal t\u00eb Zi q\u00eb u mbajten n\u00eb 14 komuna me 23 maj t\u00eb k\u00ebti viti n\u00eb saj\u00eb t\u00eb rezultat\u00ebve t\u00eb arritura t\u00eb subjekteve politike t\u00eb shqiptar\u00ebve e d\u00ebshmua p\u00ebrfundimisht s\u00eb disa individ duhet t\u00eb shkojn\u00eb n\u00eb pension politik, duke iu l\u00ebshuar vendin t\u00eb rinj\u00ebve t\u00eb cil\u00ebt kan\u00eb ide dhe vizion p\u00ebr bashk\u00ebpunim p\u00ebr t\u00eb afruar t\u00eb tjer\u00ebt t\u00eb cil\u00ebt kan\u00eb kapacitet demokratik e profesional p\u00ebr tu ballafaquar m\u00eb t\u00eb gjitha sfidat aktuale t\u00eb shoq\u00ebris\u00eb<\/em><\/p>\n<p><img decoding=\"async\" style=\"margin-left: 10px; margin-right: 10px; border: 0px;\" src=\"http:\/\/www.shkoder.net\/images\/fjala\/nail_draga.jpg\" border=\"0\" alt=\"Dr. Nail Draga\" width=\"150\" align=\"right\" \/><\/p>\n<p><strong>Dr. Nail Draga<\/strong><\/p>\n<p>Ishte rast\u00ebsi q\u00eb n\u00eb viset shqiptare n\u00eb Mal t\u00eb Zi t\u00eb mbaheshin nj\u00ebheresh zgjedhjet lokale moment ky i ve\u00e7ant\u00eb pas zgjedhjeve parlamentare t\u00eb 29 marsit t\u00eb vitit 2009. Madje ishte kjo nj\u00eb mund\u00ebsi reale p\u00ebr t\u00eb b\u00ebr\u00eb nj\u00eb qasje analitike n\u00eb lidhje m\u00eb numrin e votuesve por edhe mbeshtetjen e subjekt\u00ebve p\u00ebrkat\u00ebse t\u00eb cil\u00ebt do marrin pjes\u00eb n\u00eb k\u00ebto zgjedhje. N\u00ebse p\u00ebr zgjedhjet parlamentare numri i subjekt\u00ebve ishte i kufizuar duke marr\u00eb parasysh numrin e votave t\u00eb nevojshme p\u00ebr nj\u00eb deputet, p\u00ebr zgjedhjet lokale ishte pik\u00ebrisht e kund\u00ebrta. M\u00eb ket\u00eb rast p\u00ebrve\u00e7 subjekt\u00ebve ekzistuese nacionale t\u00eb shqiptar\u00ebve, atyre t\u00eb ashtuquajtura qytetare u paraqit\u00ebn edhe grupime qytetar\u00ebsh q\u00eb kishin aspiratat e tyre p\u00ebr qeverisjen lokale. Dhe nj\u00eb mozaik i till\u00eb subjekt\u00ebsh b\u00ebri q\u00eb konkurenca t\u00eb jet\u00eb m\u00eb e lart\u00eb s\u00eb m\u00eb par\u00eb, duke kriuar mund\u00ebsi edhe p\u00ebr dekompozime politike.<\/p>\n<p><strong>Nuk u votuan programet por individ\u00ebt<\/strong><\/p>\n<p>N\u00eb vendet me demokraci t\u00eb konsoliduar ne zgjedhje qofshin ato lokale apo parlamentare qytetar\u00ebt p\u00ebrkat\u00ebsisht elektorati votues n\u00eb konsiderat\u00eb merr programet e subjekteve konkuruese. Madje ne lidhje me to organizohen takime duke debatuar p\u00ebr t\u00eb arritur t\u00eb p\u00ebrfundimi optimal se cilit subjekt duhet dh\u00ebn\u00eb mbeshtetjen n\u00eb dit\u00ebn e votimit. N\u00eb ket\u00eb aspekt p\u00ebrjashtim b\u00ebjn\u00eb mjediset jo demokratike dhe pa p\u00ebrvoj\u00eb politikee ku k\u00ebtu jan\u00eb kryesisht ata t\u00eb dala nga ish kampi socialist. Andaj n\u00eb ket\u00eb aspekt edhe Mali i Zi nuk mund t\u00eb jet\u00eb p\u00ebrjashtim e me ket\u00eb edhe elektorati shqiptar n\u00eb ket\u00eb mjedis. Por, pasojat indoktrinuese nga sistemi i kaluar jan\u00eb t\u00eb pranishme gjithnj\u00eb edhe dy dekada pas r\u00ebnies s\u00eb sistemit monist sepse k\u00ebtu ende \u00ebsht\u00eb i pranish\u00ebm kulti i individit.<\/p>\n<p>Dhe nga nj\u00eb vet\u00ebdije e till\u00eb e ngulitur dekada me radh\u00eb jemi d\u00ebshmitar se shum\u00eb pak merren parasysh programet e subjekt\u00ebve politike t\u00eb cil\u00ebt marrin pjes\u00eb n\u00eb zgjedhje. Nga nj\u00eb qendrim i till\u00eb del se nuk kemi t\u00eb b\u00ebjm\u00eb me qasje parimore por me subjektiviz\u00ebm ekskluziv duke mbeshtetur individ\u00ebt e ndrysh\u00ebm pavar\u00ebsisht se ata nuk ofrojn\u00eb asnj\u00eb lloj programi. Andaj duke pasur parasysh nj\u00eb konstatim t\u00eb till\u00eb nuk kemi si ti vler\u00ebsojm\u00eb ndryshe edhe rezultatet e 23 majit n\u00eb zgjedhjet lokale. Sepse po t\u00eb ishte e kund\u00ebrta rezultatet do t\u00eb ishin tjet\u00ebr fare pra n\u00eb favor t\u00eb atyre q\u00eb kan\u00eb ofruar programe.<\/p>\n<p><strong>Vet\u00ebm nj\u00eb subjekt politik ofroi program zhvillimor<\/strong><\/p>\n<p>P\u00ebr dallim nga t\u00eb gjitha subjekt\u00ebt tjera politike t\u00eb cilat kan\u00eb konkuruar n\u00eb zgjedhje vet\u00ebm Forca ka ofruar programin e vet n\u00eb k\u00ebto zgjedhje lokale. Ai program i \u00ebsht\u00eb prezantuar opinionit t\u00eb gjer\u00eb n\u00eb konferenc\u00ebn p\u00ebr shtyp dy jav\u00eb para zgjedhjeve. Teksti i broshur\u00ebs ka gjithsej 32 faqe, por n\u00eb fakt paraqet nj\u00eb rezime nga materiali i gjer\u00eb mbi 100 faqesh. Nj\u00eb veprim i till\u00eb ka treguar seriozitetin e qasjes ndaj problemeve aktuale t\u00eb ngecjes s\u00eb zhvillimit t\u00eb viseve shqiptare n\u00eb p\u00ebrgjith\u00ebsi e n\u00eb komun\u00ebn e Ulqinit n\u00eb ve\u00e7anti.<br \/>\nMe keqardhje konstatojm\u00eb se programi i Forc\u00ebs ishte i vetmi q\u00eb paraqet alternativen programore t\u00eb zhvillimit, p\u00ebr kat\u00ebr vit\u00ebt e ardhshme. N\u00eb lidhje me ket\u00eb program stafi drejtues dhe an\u00ebtar\u00ebt e tjer\u00eb kan\u00eb debatuar n\u00eb tribuna dhe takime t\u00eb ndryshme me elektoratin e gjer\u00eb duke ofruar shpjegime plot\u00ebsuese p\u00ebr \u00e7do veprimtari e cila mund\u00ebson zhvillim t\u00eb qendruesh\u00ebm t\u00eb k\u00ebtij mjedisi. Po ashtu duhet cekur se edhe subjektet e tjera pjes\u00ebmarr\u00ebse kan\u00eb trajtuar \u00e7\u00ebshtjet ekonomike por n\u00eb m\u00ebnyr\u00eb formale sa p\u00ebr t\u00eb debatuar e ate kryesisht n\u00eb media, por material t\u00eb shkruar nuk kan\u00eb i kan\u00eb ofruar eklektoratit votues.<\/p>\n<p><strong>Ulqini dhe Mal\u00ebsia n\u00eb qend\u00ebr t\u00eb v\u00ebmendjes<\/strong><\/p>\n<p>Ne krahasim me viset tjera shqiptare n\u00eb Mal t\u00eb Zi, nuk ka dilem\u00eb se Ulqini dhe Mal\u00ebsia ishin n\u00eb qend\u00ebr t\u00eb vemendj\u00ebs me vet faktin se jan\u00eb t\u00eb dominuara me popullsi shqiptare, nd\u00ebrsa shumica parlamentare ishte e brisht\u00eb, vet\u00ebm me nj\u00eb mandat t\u00eb k\u00ebshilltarit. Dhe nj\u00eb e dh\u00ebn\u00eb e till\u00eb n\u00eb saj\u00eb t\u00eb p\u00ebrvoj\u00ebs kat\u00ebrvje\u00e7are(2006-2010) mund\u00ebsonte p\u00ebr kalkulime t\u00eb ndryshme t\u00eb koalicion\u00ebve p\u00ebr t\u00eb arritur shumic\u00ebn parlamentare. Andaj nga gjendja e krijuar ne k\u00ebto dy komuna kishim nj\u00eb konkurenc\u00eb t\u00eb jasht\u00ebzakonshme t\u00eb subjekteve politike q\u00eb aspironin pushtetin lokal. Nj\u00eb ndjenj\u00eb e till\u00eb nuk ishte formale por me aspirata p\u00ebr t\u00eb ndryshuar gjendjen ekzistuese nga ana e opozit\u00ebs apo p\u00ebr ta mbajtur gjithnj\u00eb n\u00ebn kontroll ate nga pozita aktuale.<\/p>\n<p>Pik\u00ebrisht angazhimi i subjekt\u00ebve gjat\u00eb fushat\u00ebs parazgjedhore d\u00ebshmoj nj\u00eb konstatim t\u00eb till\u00eb, ku koalicioni UDSH-DPS n\u00eb Ulqin u angazhua m\u00eb ter\u00eb kapacitetin e mundsh\u00ebm p\u00ebr investime infrastrukturore n\u00eb dhejt\u00ebdit\u00ebshin e fundit para zgjedhjeve. Nj\u00eb veprim i till\u00eb nuk ka dilem\u00eb se ishte iritues p\u00ebr qytetar\u00ebt, por jo edhe befasi sepse nj\u00eb dukuri e till\u00eb pothuaj \u00ebsht\u00eb b\u00ebr\u00eb normale para zgjedhjeve qofshin ata lokale apo parlamentare.<br \/>\nNdonse m\u00eb p\u00ebrmasa m\u00eb t\u00eb vogla nj\u00eb dukuri e till\u00eb \u00ebsht\u00eb paraqitur edhe n\u00eb Mal\u00ebsi, nd\u00ebrsa UDSH u paraqit me slloganin parazgjedhor duke pasur n\u00eb qend\u00ebr t\u00eb vemendjes referendumin p\u00ebr Mal\u00ebsi, duke i dh\u00ebn\u00eb p\u00ebr t\u00eb kuptuar elektoratit votues, s\u00eb n\u00ebse doni t\u00eb fitoni komun\u00ebn e plot\u00eb, ajo do t\u00eb arrihet p\u00ebrmes referendumit, por fillimisht duhet t\u00eb votohet koalicioni UDSH-DPS-PB p\u00ebr t\u00eb marr\u00eb pushtetin n\u00eb komun\u00ebn urbane n\u00eb Tuz. Nj\u00eb veprim i till\u00eb propagandistik parazgjedhor kishte mbeshtetjen edhe nga koalicioni i partnerit pra nga DPS-i, duke premtuar s\u00eb nj\u00eb referendum i till\u00eb do t\u00eb mbahet gjat\u00eb mandatit kat\u00ebrvje\u00e7ar. \u00cbsht\u00eb \u00e7\u00ebshtje tjet\u00ebr se kur do t\u00eb mbahet referendumi dhe cila do t\u00eb jet\u00eb pyetja p\u00ebrkat\u00ebse dhe se a do t\u00eb jet\u00eb ai i suksessh\u00ebm q\u00eb nuk ka dilem\u00eb s\u00eb do t\u00eb varet nga skenaristi dhe regjisori q\u00eb do t\u00eb p\u00ebrgatis\u00eb nj\u00eb \u00e7faqje t\u00eb till\u00eb.<br \/>\nSituata nuk ka qen\u00eb ndryshe as n\u00eb komunat tjera ku shqiptar\u00ebt jan\u00eb pothuaj pakic\u00eb apsolute si n\u00eb Tivar, Plav\u00eb e Rozhaj\u00eb, por atje kishte p\u00ebrmasa tjera sepse mund\u00ebsia e elektoratit shqiptar ishte e kufizuar. Andaj dhe si e till\u00eb edhe minimale p\u00ebr t\u00eb vendosur p\u00ebr qeverisjen lokale t\u00eb komunave p\u00ebrkat\u00ebse.<\/p>\n<p><strong>Mozaiku i sken\u00ebs politike n\u00eb Ulqin<\/strong><\/p>\n<p>Duke p\u00ebrcjellur sken\u00ebn lokale politike n\u00eb Ulqin sidomos nga viti 2006 e k\u00ebndej, \u00e7do kush e kishte t\u00eb qart\u00eb se zgjedhjet e ardhshme lokale do t\u00eb jen\u00eb t\u00eb ve\u00e7anta n\u00eb krahasim m\u00eb t\u00eb kaluarat. Dhe ajo \u00e7ka pritej ndodhi. Fillimisht befasi ishte numri i madh i listave zgjedhore(9) q\u00eb p\u00ebrb\u00ebhej nga tre koalicione(UDSH-DPS, LDMZ-BDSHMZ, Koalicioni \u201cP\u00ebr Ulqinin m\u00eb t\u00eb mir\u00eb-Mali i Zi m\u00eb i mir\u00eb\u201d) dhe 6 subjekte t\u00eb ve\u00e7anta( Forca, PSD, PPD, Partia Boshnjake, L\u00ebvizja qytetare\u201dP\u00ebrspektiva\u201d dhe grupi i qytetar\u00ebve \u201cE v\u00ebrteta\u201d.<br \/>\nNdonse kishte komente t\u00eb shumta p\u00ebr ket\u00eb num\u00ebr t\u00eb madh t\u00eb subjekteve q\u00eb u paraqit\u00ebn n\u00eb zgjedhjet lokale nj\u00eb gj\u00eb ishte e sigurt se paraqitja e tyre n\u00eb m\u00ebnyr\u00eb t\u00eb ve\u00e7ant\u00eb nuk ishte n\u00eb favor t\u00eb tyre por t\u00eb subjekt\u00ebve apo koalicion\u00ebve m\u00eb t\u00eb m\u00ebdha.Dhe nj\u00eb konstatim i till\u00eb u d\u00ebshmua m\u00eb rezultatin p\u00ebrfundimtar t\u00eb publikuar nga komisioni komunal zgjedhor.<br \/>\nK\u00ebshtu u b\u00eb e ditur se nga 18274 votues sa ka komuna e Ulqinit n\u00eb zgjedhje kan\u00eb dalur 12255 votues apo 66.5% e nga to vota t\u00eb vlefshme ishin 12122. N\u00eb saj\u00eb t\u00eb rezultat\u00ebve definitive subjekt\u00ebt p\u00ebrkat\u00ebse fituan k\u00ebto vota dhe mandate k\u00ebshilltar\u00ebsh: Forca fitoi 3642 vota(30%) apo 11 mandate k\u00ebshilltar\u00ebsh, PSD 728vota(6.01%), 2 mandate, UDSH-DPS 4816vota(39.73%) 14 mandate, PPD 667 vota(5.50%) 2 mandate, Koalicioni \u201cP\u00ebr Ulqinin m\u00eb t\u00eb mir\u00eb-Mali i Zi m\u00eb i mir\u00eb\u201d 907 vota(7.48%) 2 mandate, L\u00ebvizja qytetare\u201dPerspektiva\u201d 661 vota(5.45%) 1 mandat dhe Koalicioni LDMZ-BDSH 485 vota(4.0%) 1 mandat. Nd\u00ebrsa nuk e kan\u00eb arritur pragun e trep\u00ebrqindeshit Partia Boshnjake 130 vota( 1.07%) dhe Grupimi qytetar \u201cE v\u00ebrteta p\u00ebr Ulqinin\u201d86 vota( 0.71%).<br \/>\nNga numri i mandat\u00ebve t\u00eb fituara t\u00eb k\u00ebshilltar\u00ebve fitues i zgjedhjeve \u00ebsht\u00eb FORCA sepse nga 8 k\u00ebshilltar sa kishte n\u00eb mandatin e kaluar tash ka rritje p\u00ebr tre k\u00ebshilltar apo p\u00ebr 43% t\u00eb votave n\u00eb krahasim m\u00eb vitin 2006. Nd\u00ebrsa surpriza e zgjedhjeve pa dilem\u00eb \u00ebsht\u00eb PSD e cila u paraqit vet\u00eb n\u00eb zgjedhje duke fituar 2 mandate t\u00eb k\u00ebshilltar\u00ebve.<br \/>\nPasi asnj\u00eb subjekt politik apo koalicion nuk ka siguruar numrin e duhur t\u00eb shumic\u00ebs parlamentare prej 17 k\u00ebshilltar\u00ebsh ekzistojn\u00eb varianta t\u00eb ndryshme t\u00eb formimit t\u00eb saj. Nga ky aspekt duket se vendimtar do t\u00eb jet\u00eb qendrimi i socialdemokrat\u00ebve t\u00eb cil\u00ebt me 2 k\u00ebshilltar q\u00eb do t\u00eb vendosin se cili opcion do t\u00eb ket\u00eb shumic\u00ebn parlamentare.<\/p>\n<p><strong>Dekompozimi politik n\u00eb Mal\u00ebsi<\/strong><\/p>\n<p>N\u00eb zgjedhjet lokale p\u00ebr komun\u00ebn urbane t\u00eb Tuzit q\u00eb p\u00ebrfshin territorin e Mal\u00ebsis\u00eb p\u00ebr 21 k\u00ebshilltar\u00eb sa ka asamblea urbane nga 9611 votues t\u00eb evidentuar, n\u00eb zgjedhje kan\u00eb marr\u00eb pjes\u00eb 5573 votues apo 58% e tyre, q\u00eb \u00ebsht\u00eb nj\u00eb pjes\u00ebmarrje e lart\u00eb duke marr\u00eb parasysh numrin e lart\u00eb t\u00eb popullsis\u00eb n\u00eb emigracion. Por n\u00eb saj\u00eb t\u00eb rezultat\u00ebve t\u00eb arritura ne krahasim me zgjedhjet e 10 shtatorit t\u00eb vitit 2006 k\u00ebtu kemi nj\u00eb dekompozim politik sepse opozita e 2006, tash u b\u00eb pozit\u00eb dhe e kund\u00ebrta.<\/p>\n<p>Koalicioni UDSH-DPS-PB ne zgjedhjet e 23 majit fituan 2722 vota apo 11 mandate, Koalicioni p\u00ebr Mal\u00ebsi 1832 vota apo 700 vota m\u00eb pak dhe fituan 7 mandate nga 10 q\u00eb kishin n\u00eb vitin 2006, PSD fitoi 333 vota me 1 k\u00ebshilltar, Lista p\u00ebr Tuzin 309 vota 1 k\u00ebshilltar q\u00eb lirisht mund t\u00eb cil\u00ebsohet si fituesi moral i zgjedhjeve n\u00eb Mal\u00ebsi, si dhe lista p\u00ebr Mal\u00ebsi m\u00eb t\u00eb mir\u00eb 371 vota 1 k\u00ebshilltar. N\u00eb saj\u00eb t\u00eb k\u00ebti rezultati koalicioni fitues UDSH-DPS-PB fitoi t\u00eb drejten p\u00ebr t\u00eb zgjedhur strukturat udh\u00ebheq\u00ebse t\u00eb komun\u00ebs urbane t\u00eb Tuzit.<br \/>\nMbetet p\u00ebr t\u00eb analizuar n\u00eb m\u00ebnyr\u00eb t\u00eb ve\u00e7ant\u00eb ramjen e koalicionit p\u00ebr Mal\u00ebsin\u00eb(IQ-ASH-LDMZ) dhe humbjen e qeverisj\u00ebs lokale pas kat\u00ebr vite t\u00eb pushtetit t\u00eb tyre. Nj\u00eb analiz\u00eb e detajuar dhe e paanshme do t\u00eb eliminonte edhe dilemat e ndryshme q\u00eb jan\u00eb t\u00eb pranishme ne k\u00ebt\u00eb krahin\u00eb.<\/p>\n<p><strong>N\u00eb Plav\u00eb pjes\u00eb e qeverisjes lokale<\/strong><\/p>\n<p>N\u00ebse n\u00eb komun\u00ebn e Tivarit ne zgjedhje lokale nga subjekt\u00ebt nacionale shqiptare si deri m\u00eb tash ka marr\u00eb pjes\u00eb vet\u00ebm LDMZ e cila fitoj 749 vota dhe nj\u00eb mandat t\u00eb k\u00ebshilltarit por pa ndikimin n\u00eb formimin e qeverisjes lokale, sepse koalicioni ekzitues(DPS-SDP) fitoj bindsh\u00ebm(20 k\u00ebshilltar), ndryshe \u00ebsht\u00eb situata n\u00eb komun\u00ebn e Plav\u00ebs.<br \/>\nN\u00eb k\u00ebto zgjedhje n\u00eb Plav\u00eb p\u00ebrve\u00e7 subjekt\u00ebve tjera mor\u00ebn pjes\u00eb tre subjekte politike nacionale t\u00eb shqiptar\u00ebve q\u00eb t\u00eb fituan nga 1 k\u00ebshilltar(UDSH 335 vota, LDMZ 299 vota dhe FORCA 220 vota).<\/p>\n<p>Nga rezultatet e zgjedhjeve dual se askush nuk siguroj shumic\u00ebn parlamentare apo fitor\u00ebn absolute. Dhe nga nj\u00eb situat\u00eb e till\u00eb u imponua formimi i nj\u00eb koalicioni t\u00eb gjer\u00eb, ku n\u00eb opcion ishin dy varianta t\u00eb mundshme. Por pasi koalicioni i gjer\u00ebtanish\u00ebm(PSD-DPS) fitoj 14 mandate u arrit kompromisi me tre subjektet shqiptare(UDSH, LDMZ dhe FORCA) t\u00eb cilat kan\u00eb fituar nga nj\u00eb mandat t\u00eb k\u00ebshilltarit dhe gjithsej kan\u00eb p\u00ebrb\u00ebr\u00eb numrin prej 17 k\u00ebshilltar\u00ebsh, t\u00eb mjaftuesh\u00ebm p\u00ebr formimin e qeverisjes lokale.<br \/>\nDuhet th\u00ebn\u00eb me ket\u00eb rast s\u00eb befasia e tyre zgjedhjeve n\u00eb ket\u00eb komun\u00eb \u00ebsht\u00eb FORCA e cila p\u00ebr t\u00eb par\u00ebn her\u00eb u paraqit n\u00eb sken\u00ebn politike duke fituar nj\u00eb mandat t\u00eb k\u00ebshilltarit q\u00eb ishte vendimtar p\u00ebr shumic\u00ebn parlamentare e me t\u00eb edhe t\u00eb qeverisj\u00ebs lokale.<br \/>\nNga ana tjet\u00ebr sipas informacioneve q\u00eb disponojm\u00eb shqiptar\u00ebt n\u00eb komun\u00ebn e Rozhaj\u00ebs pasi jan\u00eb n\u00eb num\u00ebr t\u00eb vog\u00ebl edhe pse k\u00ebtu dy subjektet nacionale shqiptare kan\u00eb deg\u00ebt e tyre(LDMZ dhe UDSH) kan\u00eb votuar n\u00eb pjes\u00ebn m\u00eb t\u00eb madhe p\u00ebr Partin\u00eb Boshnjake.<\/p>\n<p><strong>Pensionimi politik si akt moral<\/strong><\/p>\n<p>N\u00eb saj\u00eb t\u00eb rezultat\u00ebve t\u00eb arritura t\u00eb subjekteve politike t\u00eb shqiptar\u00ebve u d\u00ebshmua p\u00ebrfundimisht s\u00eb disa subjekte politike nacionale nuk kan\u00eb kapacitete t\u00eb mjaftueshme t\u00eb ballafaqohen me rrjedhat e koh\u00ebs, andaj si t\u00eb tilla jan\u00eb minore dhe nuk kan\u00eb m\u00eb pesh\u00eb n\u00eb sken\u00ebn politike. Marrja e nj\u00eb apo dy mandat\u00ebve t\u00eb k\u00ebshilltar\u00ebve d\u00ebshmon qart\u00eb se ata i takojn\u00eb t\u00eb kaluar\u00ebs dhe si t\u00eb tilla nuk paraqesin motivim p\u00ebr elektoratin votues.<\/p>\n<p>N\u00eb munges\u00eb t\u00eb programeve dhe t\u00eb strukturave profesionale t\u00eb d\u00ebshmuara si t\u00eb tilla ata nuk kan\u00eb ndonj\u00eb p\u00ebrspektiv\u00eb n\u00eb t\u00eb ardhm\u00ebn andaj mbetet n\u00eb stafet drejtuese q\u00eb t\u00eb vendosin m\u00eb koh\u00eb t\u00eb shkrihen apo t\u2019iu bashkangjit\u00ebn subjekt\u00ebve t\u00eb tjera, nd\u00ebrsa n\u00eb t\u00eb kund\u00ebrt\u00ebn do t\u00eb bien n\u00eb nivelin e organizatave joqeveritare.<br \/>\nNd\u00ebrsa individ t\u00eb ndrysh\u00ebm t\u00eb cil\u00ebt jan\u00eb n\u00eb sken\u00ebn politike pothuaj tash dy dekada, p\u00ebrfundimisht duhet t\u00eb shkojn\u00eb n\u00eb pension politik, duke iu l\u00ebshuar vendin t\u00eb rinj\u00ebve t\u00eb cil\u00ebt kan\u00eb ide dhe vizion p\u00ebr bashk\u00ebpunim p\u00ebr t\u00eb afruar t\u00eb tjer\u00ebt t\u00eb cil\u00ebt kan\u00eb kapacitet demokratik e profesional p\u00ebr tu ballafaquar m\u00eb t\u00eb gjitha sfidat aktuale t\u00eb shoq\u00ebris\u00eb.<\/p>\n<p><em>Qershor 2010<\/em><\/p>\n","protected":false},"excerpt":{"rendered":"<p>Diskursi politik Zgjedhjet lokale n\u00eb Mal t\u00eb Zi q\u00eb u mbajten n\u00eb 14 komuna me 23 maj t\u00eb k\u00ebti viti n\u00eb saj\u00eb t\u00eb rezultat\u00ebve t\u00eb arritura t\u00eb subjekteve politike t\u00eb shqiptar\u00ebve e d\u00ebshmua p\u00ebrfundimisht s\u00eb disa individ duhet t\u00eb shkojn\u00eb n\u00eb pension politik, duke iu l\u00ebshuar vendin t\u00eb rinj\u00ebve t\u00eb cil\u00ebt kan\u00eb ide dhe vizion [&hellip;]<\/p>\n","protected":false},"author":1,"featured_media":0,"comment_status":"open","ping_status":"closed","sticky":false,"template":"","format":"standard","meta":{"footnotes":""},"categories":[2],"tags":[],"class_list":{"0":"post-3093","1":"post","2":"type-post","3":"status-publish","4":"format-standard","6":"category-artikuj"},"yoast_head":"<!-- This site is optimized with the Yoast SEO plugin v27.4 - https:\/\/yoast.com\/product\/yoast-seo-wordpress\/ -->\n<title>SHQIPTAR\u00cbT DHE ZGJEDHJET LOKALE 2010 - FjALA e LIR\u00cb - Arkivi<\/title>\n<meta name=\"robots\" content=\"index, follow, max-snippet:-1, max-image-preview:large, max-video-preview:-1\" \/>\n<link rel=\"canonical\" href=\"https:\/\/fjala.info\/2009-2015\/shqiptaret-dhe-zgjedhjet-lokale-2010\/\" \/>\n<meta property=\"og:locale\" content=\"sq_AL\" \/>\n<meta property=\"og:type\" content=\"article\" \/>\n<meta property=\"og:title\" content=\"SHQIPTAR\u00cbT DHE ZGJEDHJET LOKALE 2010 - FjALA e LIR\u00cb - Arkivi\" \/>\n<meta property=\"og:description\" content=\"Diskursi politik Zgjedhjet lokale n\u00eb Mal t\u00eb Zi q\u00eb u mbajten n\u00eb 14 komuna me 23 maj t\u00eb k\u00ebti viti n\u00eb saj\u00eb t\u00eb rezultat\u00ebve t\u00eb arritura t\u00eb subjekteve politike t\u00eb shqiptar\u00ebve e d\u00ebshmua p\u00ebrfundimisht s\u00eb disa individ duhet t\u00eb shkojn\u00eb n\u00eb pension politik, duke iu l\u00ebshuar vendin t\u00eb rinj\u00ebve t\u00eb cil\u00ebt kan\u00eb ide dhe vizion [&hellip;]\" \/>\n<meta property=\"og:url\" content=\"https:\/\/fjala.info\/2009-2015\/shqiptaret-dhe-zgjedhjet-lokale-2010\/\" \/>\n<meta property=\"og:site_name\" content=\"FjALA e LIR\u00cb - Arkivi\" \/>\n<meta property=\"article:published_time\" content=\"2010-06-26T05:13:09+00:00\" \/>\n<meta property=\"og:image\" content=\"http:\/\/www.shkoder.net\/images\/fjala\/nail_draga.jpg\" \/>\n<meta name=\"author\" content=\"admin\" \/>\n<meta name=\"twitter:card\" content=\"summary_large_image\" \/>\n<meta name=\"twitter:label1\" content=\"Written by\" \/>\n\t<meta name=\"twitter:data1\" content=\"admin\" \/>\n\t<meta name=\"twitter:label2\" content=\"Est. reading time\" \/>\n\t<meta name=\"twitter:data2\" content=\"12 minutes\" \/>\n<script type=\"application\/ld+json\" class=\"yoast-schema-graph\">{\"@context\":\"https:\\\/\\\/schema.org\",\"@graph\":[{\"@type\":\"Article\",\"@id\":\"https:\\\/\\\/fjala.info\\\/2009-2015\\\/shqiptaret-dhe-zgjedhjet-lokale-2010\\\/#article\",\"isPartOf\":{\"@id\":\"https:\\\/\\\/fjala.info\\\/2009-2015\\\/shqiptaret-dhe-zgjedhjet-lokale-2010\\\/\"},\"author\":{\"name\":\"admin\",\"@id\":\"https:\\\/\\\/fjala.info\\\/2009-2015\\\/#\\\/schema\\\/person\\\/3aa1163ef05469c496fc94e77611ada2\"},\"headline\":\"SHQIPTAR\u00cbT DHE ZGJEDHJET LOKALE 2010\",\"datePublished\":\"2010-06-26T05:13:09+00:00\",\"mainEntityOfPage\":{\"@id\":\"https:\\\/\\\/fjala.info\\\/2009-2015\\\/shqiptaret-dhe-zgjedhjet-lokale-2010\\\/\"},\"wordCount\":2357,\"commentCount\":0,\"publisher\":{\"@id\":\"https:\\\/\\\/fjala.info\\\/2009-2015\\\/#organization\"},\"image\":{\"@id\":\"https:\\\/\\\/fjala.info\\\/2009-2015\\\/shqiptaret-dhe-zgjedhjet-lokale-2010\\\/#primaryimage\"},\"thumbnailUrl\":\"http:\\\/\\\/www.shkoder.net\\\/images\\\/fjala\\\/nail_draga.jpg\",\"articleSection\":[\"Artikuj\"],\"inLanguage\":\"sq-AL\",\"potentialAction\":[{\"@type\":\"CommentAction\",\"name\":\"Comment\",\"target\":[\"https:\\\/\\\/fjala.info\\\/2009-2015\\\/shqiptaret-dhe-zgjedhjet-lokale-2010\\\/#respond\"]}]},{\"@type\":\"WebPage\",\"@id\":\"https:\\\/\\\/fjala.info\\\/2009-2015\\\/shqiptaret-dhe-zgjedhjet-lokale-2010\\\/\",\"url\":\"https:\\\/\\\/fjala.info\\\/2009-2015\\\/shqiptaret-dhe-zgjedhjet-lokale-2010\\\/\",\"name\":\"SHQIPTAR\u00cbT DHE ZGJEDHJET LOKALE 2010 - FjALA e LIR\u00cb - Arkivi\",\"isPartOf\":{\"@id\":\"https:\\\/\\\/fjala.info\\\/2009-2015\\\/#website\"},\"primaryImageOfPage\":{\"@id\":\"https:\\\/\\\/fjala.info\\\/2009-2015\\\/shqiptaret-dhe-zgjedhjet-lokale-2010\\\/#primaryimage\"},\"image\":{\"@id\":\"https:\\\/\\\/fjala.info\\\/2009-2015\\\/shqiptaret-dhe-zgjedhjet-lokale-2010\\\/#primaryimage\"},\"thumbnailUrl\":\"http:\\\/\\\/www.shkoder.net\\\/images\\\/fjala\\\/nail_draga.jpg\",\"datePublished\":\"2010-06-26T05:13:09+00:00\",\"breadcrumb\":{\"@id\":\"https:\\\/\\\/fjala.info\\\/2009-2015\\\/shqiptaret-dhe-zgjedhjet-lokale-2010\\\/#breadcrumb\"},\"inLanguage\":\"sq-AL\",\"potentialAction\":[{\"@type\":\"ReadAction\",\"target\":[\"https:\\\/\\\/fjala.info\\\/2009-2015\\\/shqiptaret-dhe-zgjedhjet-lokale-2010\\\/\"]}]},{\"@type\":\"ImageObject\",\"inLanguage\":\"sq-AL\",\"@id\":\"https:\\\/\\\/fjala.info\\\/2009-2015\\\/shqiptaret-dhe-zgjedhjet-lokale-2010\\\/#primaryimage\",\"url\":\"http:\\\/\\\/www.shkoder.net\\\/images\\\/fjala\\\/nail_draga.jpg\",\"contentUrl\":\"http:\\\/\\\/www.shkoder.net\\\/images\\\/fjala\\\/nail_draga.jpg\"},{\"@type\":\"BreadcrumbList\",\"@id\":\"https:\\\/\\\/fjala.info\\\/2009-2015\\\/shqiptaret-dhe-zgjedhjet-lokale-2010\\\/#breadcrumb\",\"itemListElement\":[{\"@type\":\"ListItem\",\"position\":1,\"name\":\"Home\",\"item\":\"https:\\\/\\\/fjala.info\\\/2009-2015\\\/\"},{\"@type\":\"ListItem\",\"position\":2,\"name\":\"SHQIPTAR\u00cbT DHE ZGJEDHJET LOKALE 2010\"}]},{\"@type\":\"WebSite\",\"@id\":\"https:\\\/\\\/fjala.info\\\/2009-2015\\\/#website\",\"url\":\"https:\\\/\\\/fjala.info\\\/2009-2015\\\/\",\"name\":\"FjALA e LIR\u00cb - Arkivi\",\"description\":\"Arkivi 2009-2015\",\"publisher\":{\"@id\":\"https:\\\/\\\/fjala.info\\\/2009-2015\\\/#organization\"},\"potentialAction\":[{\"@type\":\"SearchAction\",\"target\":{\"@type\":\"EntryPoint\",\"urlTemplate\":\"https:\\\/\\\/fjala.info\\\/2009-2015\\\/?s={search_term_string}\"},\"query-input\":{\"@type\":\"PropertyValueSpecification\",\"valueRequired\":true,\"valueName\":\"search_term_string\"}}],\"inLanguage\":\"sq-AL\"},{\"@type\":\"Organization\",\"@id\":\"https:\\\/\\\/fjala.info\\\/2009-2015\\\/#organization\",\"name\":\"FjALA e LIR\u00cb - Arkivi\",\"url\":\"https:\\\/\\\/fjala.info\\\/2009-2015\\\/\",\"logo\":{\"@type\":\"ImageObject\",\"inLanguage\":\"sq-AL\",\"@id\":\"https:\\\/\\\/fjala.info\\\/2009-2015\\\/#\\\/schema\\\/logo\\\/image\\\/\",\"url\":\"\",\"contentUrl\":\"\",\"caption\":\"FjALA e LIR\u00cb - Arkivi\"},\"image\":{\"@id\":\"https:\\\/\\\/fjala.info\\\/2009-2015\\\/#\\\/schema\\\/logo\\\/image\\\/\"}},{\"@type\":\"Person\",\"@id\":\"https:\\\/\\\/fjala.info\\\/2009-2015\\\/#\\\/schema\\\/person\\\/3aa1163ef05469c496fc94e77611ada2\",\"name\":\"admin\",\"image\":{\"@type\":\"ImageObject\",\"inLanguage\":\"sq-AL\",\"@id\":\"https:\\\/\\\/fjala.info\\\/2009-2015\\\/wp-content\\\/uploads\\\/2012\\\/02\\\/arben_cokaj-120x150.jpg\",\"url\":\"https:\\\/\\\/fjala.info\\\/2009-2015\\\/wp-content\\\/uploads\\\/2012\\\/02\\\/arben_cokaj-120x150.jpg\",\"contentUrl\":\"https:\\\/\\\/fjala.info\\\/2009-2015\\\/wp-content\\\/uploads\\\/2012\\\/02\\\/arben_cokaj-120x150.jpg\",\"caption\":\"admin\"},\"description\":\"Admin, Fjala e Lir\u00eb\",\"sameAs\":[\"https:\\\/\\\/fjala.info\\\/\"],\"url\":\"https:\\\/\\\/fjala.info\\\/2009-2015\\\/author\\\/admin\\\/\"}]}<\/script>\n<!-- \/ Yoast SEO plugin. -->","yoast_head_json":{"title":"SHQIPTAR\u00cbT DHE ZGJEDHJET LOKALE 2010 - FjALA e LIR\u00cb - Arkivi","robots":{"index":"index","follow":"follow","max-snippet":"max-snippet:-1","max-image-preview":"max-image-preview:large","max-video-preview":"max-video-preview:-1"},"canonical":"https:\/\/fjala.info\/2009-2015\/shqiptaret-dhe-zgjedhjet-lokale-2010\/","og_locale":"sq_AL","og_type":"article","og_title":"SHQIPTAR\u00cbT DHE ZGJEDHJET LOKALE 2010 - FjALA e LIR\u00cb - Arkivi","og_description":"Diskursi politik Zgjedhjet lokale n\u00eb Mal t\u00eb Zi q\u00eb u mbajten n\u00eb 14 komuna me 23 maj t\u00eb k\u00ebti viti n\u00eb saj\u00eb t\u00eb rezultat\u00ebve t\u00eb arritura t\u00eb subjekteve politike t\u00eb shqiptar\u00ebve e d\u00ebshmua p\u00ebrfundimisht s\u00eb disa individ duhet t\u00eb shkojn\u00eb n\u00eb pension politik, duke iu l\u00ebshuar vendin t\u00eb rinj\u00ebve t\u00eb cil\u00ebt kan\u00eb ide dhe vizion [&hellip;]","og_url":"https:\/\/fjala.info\/2009-2015\/shqiptaret-dhe-zgjedhjet-lokale-2010\/","og_site_name":"FjALA e LIR\u00cb - Arkivi","article_published_time":"2010-06-26T05:13:09+00:00","og_image":[{"url":"http:\/\/www.shkoder.net\/images\/fjala\/nail_draga.jpg","type":"","width":"","height":""}],"author":"admin","twitter_card":"summary_large_image","twitter_misc":{"Written by":"admin","Est. reading time":"12 minutes"},"schema":{"@context":"https:\/\/schema.org","@graph":[{"@type":"Article","@id":"https:\/\/fjala.info\/2009-2015\/shqiptaret-dhe-zgjedhjet-lokale-2010\/#article","isPartOf":{"@id":"https:\/\/fjala.info\/2009-2015\/shqiptaret-dhe-zgjedhjet-lokale-2010\/"},"author":{"name":"admin","@id":"https:\/\/fjala.info\/2009-2015\/#\/schema\/person\/3aa1163ef05469c496fc94e77611ada2"},"headline":"SHQIPTAR\u00cbT DHE ZGJEDHJET LOKALE 2010","datePublished":"2010-06-26T05:13:09+00:00","mainEntityOfPage":{"@id":"https:\/\/fjala.info\/2009-2015\/shqiptaret-dhe-zgjedhjet-lokale-2010\/"},"wordCount":2357,"commentCount":0,"publisher":{"@id":"https:\/\/fjala.info\/2009-2015\/#organization"},"image":{"@id":"https:\/\/fjala.info\/2009-2015\/shqiptaret-dhe-zgjedhjet-lokale-2010\/#primaryimage"},"thumbnailUrl":"http:\/\/www.shkoder.net\/images\/fjala\/nail_draga.jpg","articleSection":["Artikuj"],"inLanguage":"sq-AL","potentialAction":[{"@type":"CommentAction","name":"Comment","target":["https:\/\/fjala.info\/2009-2015\/shqiptaret-dhe-zgjedhjet-lokale-2010\/#respond"]}]},{"@type":"WebPage","@id":"https:\/\/fjala.info\/2009-2015\/shqiptaret-dhe-zgjedhjet-lokale-2010\/","url":"https:\/\/fjala.info\/2009-2015\/shqiptaret-dhe-zgjedhjet-lokale-2010\/","name":"SHQIPTAR\u00cbT DHE ZGJEDHJET LOKALE 2010 - FjALA e LIR\u00cb - Arkivi","isPartOf":{"@id":"https:\/\/fjala.info\/2009-2015\/#website"},"primaryImageOfPage":{"@id":"https:\/\/fjala.info\/2009-2015\/shqiptaret-dhe-zgjedhjet-lokale-2010\/#primaryimage"},"image":{"@id":"https:\/\/fjala.info\/2009-2015\/shqiptaret-dhe-zgjedhjet-lokale-2010\/#primaryimage"},"thumbnailUrl":"http:\/\/www.shkoder.net\/images\/fjala\/nail_draga.jpg","datePublished":"2010-06-26T05:13:09+00:00","breadcrumb":{"@id":"https:\/\/fjala.info\/2009-2015\/shqiptaret-dhe-zgjedhjet-lokale-2010\/#breadcrumb"},"inLanguage":"sq-AL","potentialAction":[{"@type":"ReadAction","target":["https:\/\/fjala.info\/2009-2015\/shqiptaret-dhe-zgjedhjet-lokale-2010\/"]}]},{"@type":"ImageObject","inLanguage":"sq-AL","@id":"https:\/\/fjala.info\/2009-2015\/shqiptaret-dhe-zgjedhjet-lokale-2010\/#primaryimage","url":"http:\/\/www.shkoder.net\/images\/fjala\/nail_draga.jpg","contentUrl":"http:\/\/www.shkoder.net\/images\/fjala\/nail_draga.jpg"},{"@type":"BreadcrumbList","@id":"https:\/\/fjala.info\/2009-2015\/shqiptaret-dhe-zgjedhjet-lokale-2010\/#breadcrumb","itemListElement":[{"@type":"ListItem","position":1,"name":"Home","item":"https:\/\/fjala.info\/2009-2015\/"},{"@type":"ListItem","position":2,"name":"SHQIPTAR\u00cbT DHE ZGJEDHJET LOKALE 2010"}]},{"@type":"WebSite","@id":"https:\/\/fjala.info\/2009-2015\/#website","url":"https:\/\/fjala.info\/2009-2015\/","name":"FjALA e LIR\u00cb - Arkivi","description":"Arkivi 2009-2015","publisher":{"@id":"https:\/\/fjala.info\/2009-2015\/#organization"},"potentialAction":[{"@type":"SearchAction","target":{"@type":"EntryPoint","urlTemplate":"https:\/\/fjala.info\/2009-2015\/?s={search_term_string}"},"query-input":{"@type":"PropertyValueSpecification","valueRequired":true,"valueName":"search_term_string"}}],"inLanguage":"sq-AL"},{"@type":"Organization","@id":"https:\/\/fjala.info\/2009-2015\/#organization","name":"FjALA e LIR\u00cb - Arkivi","url":"https:\/\/fjala.info\/2009-2015\/","logo":{"@type":"ImageObject","inLanguage":"sq-AL","@id":"https:\/\/fjala.info\/2009-2015\/#\/schema\/logo\/image\/","url":"","contentUrl":"","caption":"FjALA e LIR\u00cb - Arkivi"},"image":{"@id":"https:\/\/fjala.info\/2009-2015\/#\/schema\/logo\/image\/"}},{"@type":"Person","@id":"https:\/\/fjala.info\/2009-2015\/#\/schema\/person\/3aa1163ef05469c496fc94e77611ada2","name":"admin","image":{"@type":"ImageObject","inLanguage":"sq-AL","@id":"https:\/\/fjala.info\/2009-2015\/wp-content\/uploads\/2012\/02\/arben_cokaj-120x150.jpg","url":"https:\/\/fjala.info\/2009-2015\/wp-content\/uploads\/2012\/02\/arben_cokaj-120x150.jpg","contentUrl":"https:\/\/fjala.info\/2009-2015\/wp-content\/uploads\/2012\/02\/arben_cokaj-120x150.jpg","caption":"admin"},"description":"Admin, Fjala e Lir\u00eb","sameAs":["https:\/\/fjala.info\/"],"url":"https:\/\/fjala.info\/2009-2015\/author\/admin\/"}]}},"_links":{"self":[{"href":"https:\/\/fjala.info\/2009-2015\/wp-json\/wp\/v2\/posts\/3093","targetHints":{"allow":["GET"]}}],"collection":[{"href":"https:\/\/fjala.info\/2009-2015\/wp-json\/wp\/v2\/posts"}],"about":[{"href":"https:\/\/fjala.info\/2009-2015\/wp-json\/wp\/v2\/types\/post"}],"author":[{"embeddable":true,"href":"https:\/\/fjala.info\/2009-2015\/wp-json\/wp\/v2\/users\/1"}],"replies":[{"embeddable":true,"href":"https:\/\/fjala.info\/2009-2015\/wp-json\/wp\/v2\/comments?post=3093"}],"version-history":[{"count":0,"href":"https:\/\/fjala.info\/2009-2015\/wp-json\/wp\/v2\/posts\/3093\/revisions"}],"wp:attachment":[{"href":"https:\/\/fjala.info\/2009-2015\/wp-json\/wp\/v2\/media?parent=3093"}],"wp:term":[{"taxonomy":"category","embeddable":true,"href":"https:\/\/fjala.info\/2009-2015\/wp-json\/wp\/v2\/categories?post=3093"},{"taxonomy":"post_tag","embeddable":true,"href":"https:\/\/fjala.info\/2009-2015\/wp-json\/wp\/v2\/tags?post=3093"}],"curies":[{"name":"wp","href":"https:\/\/api.w.org\/{rel}","templated":true}]}}