{"id":3090,"date":"2010-06-25T23:23:33","date_gmt":"2010-06-25T22:23:33","guid":{"rendered":"http:\/\/fjala.shkoder.net\/?p=3090"},"modified":"2010-06-25T23:23:33","modified_gmt":"2010-06-25T22:23:33","slug":"papergjegjshmeria-e-skajshme-e-lidershipit-politik-shqiptar","status":"publish","type":"post","link":"https:\/\/fjala.info\/2009-2015\/papergjegjshmeria-e-skajshme-e-lidershipit-politik-shqiptar\/","title":{"rendered":"Pap\u00ebrgjegjshm\u00ebria e skajshme e lidershipit politik shqiptar"},"content":{"rendered":"<p><img decoding=\"async\" style=\"margin-left: 10px; margin-right: 10px; border: 0px;\" src=\"http:\/\/www.shkoder.net\/images\/fjala\/adri_nurellari.jpg\" border=\"0\" alt=\"Adri Nurellari\" width=\"150\" align=\"right\" \/><\/p>\n<p><strong>Adri Nurellari<\/strong><\/p>\n<p>Roli i lidershipit \u00ebsht\u00eb vendimtar n\u00eb zhvillimin e nj\u00eb kombi, mir\u00ebpo fatkeq\u00ebsisht realiteti politik mbar\u00ebshqiptar n\u00eb k\u00ebto momente po d\u00ebshmon nj\u00eb kriz\u00eb t\u00eb jasht\u00ebzakonshme t\u00eb lidershipit, pasi elita politike po manifeston nj\u00eb pap\u00ebrgjegjshm\u00ebri t\u00eb skajshme. Mungesa e kuraj\u00ebs s\u00eb lidershipit politik p\u00ebr t\u00eb qen\u00eb n\u00eb lart\u00ebsi t\u00eb detyr\u00ebs, duke dh\u00ebn\u00eb llogari dhe marr\u00eb p\u00ebrgjegj\u00ebsi p\u00ebr pasojat e shkaktuara prej veprimtaris\u00eb s\u00eb tyre n\u00eb Shqip\u00ebri, Kosov\u00eb e Maqedoni, l\u00eb t\u00eb mendohet se pap\u00ebrgjegjshm\u00ebria qenka nj\u00eb s\u00ebmundje komb\u00ebtare.<\/p>\n<p>Elementi kryesor ilustrues i k\u00ebsaj pap\u00ebrgjegjshm\u00ebrie \u00ebsht\u00eb pik\u00ebrisht leht\u00ebsia me t\u00eb cil\u00ebn interesat personale meskine vihen p\u00ebrpara interesave komb\u00ebtare. S\u00eb fundmi u pa qart\u00eb q\u00eb lidershipi i opozit\u00ebs n\u00eb Tiran\u00eb e ka pas varur shpres\u00ebn p\u00ebr realizimin e q\u00ebllimeve t\u00eb veta politike te k\u00ebrc\u00ebnimi me shkaktimin e frenimit t\u00eb liberalizimit t\u00eb vizave dhe t\u00eb integrimit n\u00eb BE. Fatmir\u00ebsisht rezoluta e BE-s\u00eb nuk e penalizoi Shqip\u00ebrin\u00eb p\u00ebr paaft\u00ebsin\u00eb e politikan\u00ebve shqiptar\u00eb p\u00ebr t\u00eb zgjidhur pun\u00ebt n\u00eb m\u00ebnyr\u00eb institucionale. Kjo pap\u00ebrgjegjshm\u00ebri kalon caqet e arsyes at\u00ebher\u00eb kur ndizet lufta e gjelave mes rival\u00ebve politik\u00eb dhe garohet kush e nxin m\u00eb tep\u00ebr realitetin e p\u00ebr rrjedhoj\u00eb edhe vendin. \u00cbsht\u00eb qesharake t\u00eb mendohet se imazhi i vendit ton\u00eb ka p\u00ebr t&#8217;u p\u00ebrmir\u00ebsuar me an\u00eb t\u00eb reklamave t\u00eb transmetuara n\u00eb CNN kur lideri i opozit\u00ebs e quan Kryeministrin Ahmadinexhad ose \u00c7avez e nga ana tjet\u00ebr kreu i ekzekutivit e konsideron kryeopozitarin si drejtuesin e mafies m\u00eb t\u00eb rrezikshme n\u00eb Europ\u00eb.<\/p>\n<p>Fatkeq\u00ebsisht po vihet re e nj\u00ebjta pap\u00ebrgjegjshm\u00ebri edhe n\u00eb Maqedoni, ku lider\u00ebt politik\u00eb i mbajn\u00eb partit\u00eb si me tapi e s\u2019japin dor\u00ebheqjen kur humbasin zgjedhjet. Madje edhe n\u00eb situat\u00ebn e tanishme t\u00eb posht\u00ebrimit t\u00eb lart\u00eb t\u00eb shqiptar\u00ebve, s\u2019guxojn\u00eb ta braktisin koalicionin me Gruevskin, sepse e din\u00eb q\u00eb pala tjet\u00ebr ka p\u00ebr t\u00eb rendur t&#8217;i z\u00ebr\u00eb vendin pa pyetur p\u00ebr gjendjen kritike t\u00eb shqiptar\u00ebve.<\/p>\n<p>Megjithat\u00eb, situata m\u00eb tragjike po ndodh n\u00eb Kosov\u00eb, ku personaliteti m\u00eb i lart\u00eb i shtetit, Presidenti Fatmir Sejdiu, edhe pse si kryetar i shtetit q\u00eb \u00ebsht\u00eb i takon t\u00eb jet\u00eb garant i Kushtetut\u00ebs, n\u00eb fakt \u00ebsht\u00eb i pari q\u00eb e shkel, duke mos u t\u00ebrhequr nga posti i kryetarit t\u00eb Lidhjes Demokratike t\u00eb Kosov\u00ebs. S\u00eb fundmi, nj\u00eb grup deputet\u00ebsh po e \u00e7ojn\u00eb k\u00ebt\u00eb \u00e7\u00ebshtje n\u00eb Gjykat\u00ebn Kushtetuese t\u00eb Kosov\u00ebs, duke e konsideruar t\u00eb pap\u00ebrputhshme mbajtjen nga Presidenti t\u00eb postit t\u00eb kryetarit t\u00eb partis\u00eb s\u00eb dyt\u00eb m\u00eb t\u00eb r\u00ebnd\u00ebsishme n\u00eb vend. Por kulmi i pap\u00ebrgjegjshm\u00ebris\u00eb \u00ebsht\u00eb padyshim mosdh\u00ebnia e dor\u00ebheqjes prej ministrit t\u00eb Transportit, z. Limaj, pas akuzave t\u00eb r\u00ebnda p\u00ebr abuzim me postin, t\u00eb b\u00ebra drejtp\u00ebrdrejt ndaj tij prej prokuror\u00ebve t\u00eb EULEX-it. K\u00ebrkesa p\u00ebr dor\u00ebheqjen \u00ebsht\u00eb b\u00ebr\u00eb edhe nga p\u00ebrfaq\u00ebsuesit politik\u00eb nd\u00ebrkomb\u00ebtar\u00eb n\u00eb Kosov\u00eb, mir\u00ebpo jo vet\u00ebm q\u00eb s\u2019ka dor\u00ebheqje, por nxitet nj\u00eb frym\u00eb anti nd\u00ebrkomb\u00ebtar\u00ebve n\u00eb Kosov\u00eb dhe e vetmja mbrojtje q\u00eb ofrohet \u00ebsht\u00eb se veprimtaria e Ministris\u00eb s\u00eb Transportit nuk dallon nga ajo e ministrive t\u00eb tjera. Duke b\u00ebr\u00eb n\u00eb k\u00ebt\u00eb m\u00ebnyr\u00eb nj\u00eb lloj shantazhi, sepse n\u00ebnkuptohet q\u00eb n\u00eb k\u00ebt\u00eb loj\u00eb merren t\u00eb gjith\u00eb me vete, diskreditohet i gjith\u00eb shteti dhe vihen n\u00eb pik\u00ebpyetje t\u00eb gjith\u00eb pushtetar\u00ebt e tjer\u00eb t\u00eb lart\u00eb dhe legjitimiteti i qeverisjes. Jo m\u00eb pak i ul\u00ebt \u00ebsht\u00eb rasti i dy ish-ministrave shqiptar\u00eb t\u00eb Transportit dhe Mbrojtjes, t\u00eb cil\u00ebt ngel\u00ebn n\u00eb pushtet si ministra, edhe pse nj\u00eb vit m\u00eb par\u00eb kan\u00eb qen\u00eb t\u00eb hetuar dhe akuzuar p\u00ebr shkelje me p\u00ebrmasa t\u00eb krahasueshme vet\u00ebm me republikat afrikane t\u00eb bananeve e jo me Europ\u00ebn, respektivisht p\u00ebr qindra milion\u00eb euro t\u00eb vjedhura dhe 26 qytetar\u00eb t\u00eb vrar\u00eb.<\/p>\n<p>Dor\u00ebheqja e stilit t\u00eb Niksonit n\u00eb rast akuzash t\u00eb tilla s&#8217;\u00ebsht\u00eb vet\u00ebm nj\u00eb akt simbolik i nevojsh\u00ebm p\u00ebr ta l\u00ebn\u00eb n\u00eb dor\u00eb t\u00eb drejt\u00ebsis\u00eb t\u00eb v\u00ebrtet\u00ebn, duke shk\u00ebputur p\u00ebrgjegj\u00ebsit\u00eb personale nga funksionimi i shtetit, por edhe nj\u00eb veprim i domosdosh\u00ebm p\u00ebr t\u00eb mund\u00ebsuar pun\u00ebn e drejt\u00ebsis\u00eb. Duke ngelur n\u00eb detyr\u00eb zyrtari i hetuar, jo vet\u00ebm q\u00eb dekurajon rr\u00ebfimin e s\u00eb v\u00ebrtet\u00ebs nga d\u00ebshmitar\u00ebt vart\u00ebs, por rrezikon prishjen e provave dhe fshirjen e gjurm\u00ebve t\u00eb shp\u00ebrdorimeve.<\/p>\n<p>Kombet e p\u00ebrparuara kan\u00eb begatuar pik\u00ebrisht sepse kan\u00eb pasur elita politike q\u00eb kan\u00eb qen\u00eb n\u00eb nivelin q\u00eb ka diktuar momenti historik dhe jan\u00eb udh\u00ebhequr nga lider\u00eb q\u00eb kan\u00eb vepruar si shtetar\u00eb t\u00eb v\u00ebrtet\u00eb, duke u treguar t\u00eb gatsh\u00ebm p\u00ebr vet\u00ebmohim p\u00ebr hir t\u00eb atdheut.<\/p>\n<p>Historia e k\u00ebtyre vendeve \u00ebsht\u00eb e mbushur me raste t\u00eb panum\u00ebrta t\u00eb burrave t\u00eb shtetit q\u00eb jan\u00eb larguar n\u00eb m\u00ebnyr\u00eb dinjitoze kur kan\u00eb par\u00eb se po b\u00ebheshin penges\u00eb p\u00ebr p\u00ebrparimin e vendeve t\u00eb tyre. Kancelari gjerman, Willy Brandt, dha dor\u00ebheqjen vet\u00ebm sepse u zbulua se nj\u00eb nga stafi i tij ishte spiun i komunist\u00ebve. D\u00eb Goli dhe Kryeministri francez, Raffarin, kan\u00eb dh\u00ebn\u00eb dor\u00ebheqjen vet\u00ebm sepse d\u00ebshtuan referendumet q\u00eb ata kishin mb\u00ebshtetur. Tony Blair dha dor\u00ebheqjen vet\u00ebm p\u00ebr zhg\u00ebnjimin dhe pak\u00ebnaq\u00ebsin\u00eb q\u00eb mbolli lufta n\u00eb Irak dhe raste t\u00eb tilla dor\u00ebheqjesh kalor\u00ebsiake t\u00eb politikan\u00ebve t\u00eb r\u00ebnd\u00ebsish\u00ebm n\u00eb Europ\u00eb mund t\u00eb p\u00ebrmenden pa fund.<\/p>\n<p>Po \u00e7far\u00eb ndodh me fqinj\u00ebt ballkanik\u00eb p\u00ebr sa i p\u00ebrket largimit t\u00eb lidershipit? Modeli alternativ \u00ebsht\u00eb ai i Serbis\u00eb me Miloshevi\u00e7in, ku elita politike serbe edhe pse ishte kryek\u00ebput e p\u00ebrfshir\u00eb dhe bashk\u00ebfajtore p\u00ebr \u00e7far\u00ebdo paudh\u00ebsie t\u00eb viteve \u201890, vendosi t\u00eb distancohet p\u00ebr t\u00eb siguruar nxjerrjen e vendit nga izolimi. Pra, elita serbe, p\u00ebr t&#8217;i siguruar vendit nj\u00eb t\u00eb ardhme europiane, vendosi ta b\u00ebj\u00eb Miloshevi\u00e7in kok\u00eb turku p\u00ebr gjith\u00e7ka kishin b\u00ebr\u00eb serb\u00ebt, duke sajuar nj\u00eb pseudorevolucion me organizat\u00ebn OTPOR, q\u00eb n\u00eb fakt ishte krejt i inskenuar dhe instrumentalizuar. Mir\u00ebpo ne shqiptar\u00ebt e kemi tradit\u00ebn ndryshe, ne b\u00ebjm\u00eb kok\u00eb turku dhe sakrifikojm\u00eb atdheun p\u00ebr hir t\u00eb liderit.<\/p>\n<p>I vetmi rast i nj\u00eb dor\u00ebheqjeje vullnetare nga posti politik mes shqiptar\u00ebve deri tani ngelet ai i ish-liderit socialist, Nano. Imagjinohet leht\u00eb se n\u00eb \u00e7\u2019pik\u00eb t\u00eb hallit \u00ebsht\u00eb politika shqiptare kur p\u00ebr model t\u00eb vet\u00ebm t\u00eb largimit nga politika q\u00eb s\u2019ka ardhur prej kushteve natyrore apo prej shtr\u00ebngimit, ka Fatos Nanon! Sot \u00ebsht\u00eb p\u00ebr t\u00eb ardhur keq kur shihet se si individ\u00eb si Neritan Ceka, Nikoll\u00eb Lesi apo disa aktor\u00eb politik\u00eb t\u00eb spikatur t\u00eb djatht\u00eb, q\u00eb jan\u00eb shnd\u00ebrruar n\u00eb aleat\u00eb t\u00eb Partis\u00eb Socialiste, jan\u00eb duke kap\u00ebrdir\u00eb gjith\u00eb at\u00eb q\u00eb kan\u00eb pas p\u00ebshtyr\u00eb kund\u00ebr ish-armiqve politik\u00eb, vet\u00ebm e vet\u00ebm q\u00eb t\u00eb ngelen me \u00e7do kusht n\u00eb loj\u00ebn politike. B\u00ebhet fjal\u00eb p\u00ebr politikan\u00eb t\u00eb cil\u00ebt dikur kan\u00eb pas d\u00ebshmuar kurajo t\u00eb lart\u00eb qytetare dhe ishin n\u00eb an\u00ebn e s\u00eb drejt\u00ebs, por q\u00eb tani jan\u00eb v\u00ebn\u00eb n\u00eb sh\u00ebrbim t\u00eb ish-kund\u00ebrshtar\u00ebve m\u00eb t\u00eb rrept\u00eb politik\u00eb t\u00eb tyre.<\/p>\n<p>Kjo situat\u00eb e moslargimit nga jeta politike me \u00e7do kusht \u00ebsht\u00eb nj\u00ebsoj si b\u00ebrja e nj\u00eb loje shahu me nj\u00eb lojtar mediok\u00ebr, q\u00eb edhe kur gjendet n\u00eb disavantazh t\u00eb qart\u00eb me gur\u00eb dhe disfata \u00ebsht\u00eb e pritshme pas pak l\u00ebvizjesh, nuk dor\u00ebzohet n\u00eb m\u00ebnyr\u00eb dinjitoze, por insiston deri te guri i fundit. Vazhdon me shpres\u00ebn se mos fati e p\u00ebrmbys situat\u00ebn sikur t\u00eb ishin duke lozur tav\u00ebll me zare e jo shah. Rrin\u00eb me insistim n\u00eb loj\u00eb deri sa t\u00eb b\u00ebhen mat e mos t\u00eb ken\u00eb ku t\u00eb ven\u00eb, pa d\u00ebgjuar or\u00ebn q\u00eb tregon se u ka ardhur koha p\u00ebr t\u00eb ikur dhe pa kuptuar se t\u00ebrheqja e hershme \u00ebsht\u00eb m\u00eb e mir\u00eb p\u00ebr ata, sesa d\u00ebbimi me turp.<\/p>\n<p>K\u00ebmb\u00ebngulja e madhe p\u00ebr t&#8217;u kacavjerr\u00eb pas aren\u00ebs politike edhe at\u00ebher\u00eb kur jan\u00eb zbuar nga vota e popullit ose jan\u00eb diskredituar t\u00ebr\u00ebsisht, tregon ose q\u00eb k\u00ebta njer\u00ebz nuk kan\u00eb besim tek aft\u00ebsit\u00eb e tyre profesionale dhe e shohin veten se mund t\u00eb mbijetojn\u00eb vet\u00ebm duke mjel\u00eb shtetin si politikan\u00eb ose zyrtar\u00eb t\u00eb lart\u00eb, ose q\u00eb k\u00ebta individ\u00eb jan\u00eb t\u00eb p\u00ebrlyer dhe e kan\u00eb t\u00eb domosdoshme imunitetin q\u00eb sigurohet prej t\u00eb qenit aktor aktiv i jet\u00ebs publike, n\u00eb m\u00ebnyr\u00eb q\u00eb t\u00eb shmangin hesapet q\u00eb kan\u00eb me drejt\u00ebsin\u00eb p\u00ebr zullumet q\u00eb kan\u00eb b\u00ebr\u00eb.<\/p>\n<p>Me m\u00ebnyr\u00ebn si po shkojn\u00eb gj\u00ebrat, elita politike mbar\u00ebkomb\u00ebtare e jona po i ngjason gjithnj\u00eb e m\u00eb shum\u00eb nj\u00eb pellgu me uj\u00eb t\u00eb qelbur q\u00eb po e pengon popullin ton\u00eb t\u00eb shpalos\u00eb potencialin q\u00eb ka p\u00ebr progres. P\u00ebr sa koh\u00eb nuk largohet uji i vjet\u00ebr e i ndenjur dhe nuk lejohet t\u00eb rrjedh\u00eb brenda uj\u00eb i ri dhe i fresk\u00ebt, ky mo\u00e7ali yn\u00eb politik ka p\u00ebr t\u2019u b\u00ebr\u00eb gjithnj\u00eb e m\u00eb shum\u00eb nj\u00eb oaz p\u00ebr parazit\u00ebt dhe shushunjat dhe nj\u00eb burim infeksioni p\u00ebr gjith\u00eb shoq\u00ebrin\u00eb.<\/p>\n<p>Kjo pap\u00ebrgjegjshm\u00ebri e lidershipit ton\u00eb politik n\u00eb k\u00ebto momente kardinale p\u00ebr kombin shqiptar, mbase nuk ka p\u00ebr t&#8217;u frenuar n\u00eb koh\u00eb ose mbase nuk do marr\u00eb nd\u00ebshkimin e merituar nga organet e drejt\u00ebsis\u00eb, por gjithsesi nuk ka p\u00ebr t&#8217;i shp\u00ebtuar d\u00ebnimit t\u00eb historis\u00eb. Disa prej politikan\u00ebve m\u00eb n\u00eb z\u00eb nuk e din\u00eb sa e pam\u00ebshirshme \u00ebsht\u00eb historia n\u00eb vendosjen e njoll\u00ebs dhe me sa leht\u00eb fshihen e zhvleft\u00ebsohen meritat e dikurshme prej m\u00ebkateve t\u00eb b\u00ebra n\u00eb nj\u00eb koh\u00eb t\u00eb dyt\u00eb. Nuk ka kurrfar\u00eb dyshimi q\u00eb p\u00ebr kusuret q\u00eb i kan\u00eb shkaktuar vendit disa prej politikan\u00ebve shqiptar\u00eb, t\u00eb cil\u00ebt sot krekosen e dominojn\u00eb politik\u00ebn, kan\u00eb p\u00ebr t\u2019u p\u00ebrmendur t\u00ebr\u00eb p\u00ebr\u00e7mim n\u00eb librat e historis\u00eb.<\/p>\n","protected":false},"excerpt":{"rendered":"<p>Adri Nurellari Roli i lidershipit \u00ebsht\u00eb vendimtar n\u00eb zhvillimin e nj\u00eb kombi, mir\u00ebpo fatkeq\u00ebsisht realiteti politik mbar\u00ebshqiptar n\u00eb k\u00ebto momente po d\u00ebshmon nj\u00eb kriz\u00eb t\u00eb jasht\u00ebzakonshme t\u00eb lidershipit, pasi elita politike po manifeston nj\u00eb pap\u00ebrgjegjshm\u00ebri t\u00eb skajshme. Mungesa e kuraj\u00ebs s\u00eb lidershipit politik p\u00ebr t\u00eb qen\u00eb n\u00eb lart\u00ebsi t\u00eb detyr\u00ebs, duke dh\u00ebn\u00eb llogari dhe marr\u00eb [&hellip;]<\/p>\n","protected":false},"author":1,"featured_media":0,"comment_status":"open","ping_status":"closed","sticky":false,"template":"","format":"standard","meta":{"footnotes":""},"categories":[2],"tags":[],"class_list":{"0":"post-3090","1":"post","2":"type-post","3":"status-publish","4":"format-standard","6":"category-artikuj"},"yoast_head":"<!-- This site is optimized with the Yoast SEO plugin v27.4 - https:\/\/yoast.com\/product\/yoast-seo-wordpress\/ -->\n<title>Pap\u00ebrgjegjshm\u00ebria e skajshme e lidershipit politik shqiptar - FjALA e LIR\u00cb - Arkivi<\/title>\n<meta name=\"robots\" content=\"index, follow, max-snippet:-1, max-image-preview:large, max-video-preview:-1\" \/>\n<link rel=\"canonical\" href=\"https:\/\/fjala.info\/2009-2015\/papergjegjshmeria-e-skajshme-e-lidershipit-politik-shqiptar\/\" \/>\n<meta property=\"og:locale\" content=\"sq_AL\" \/>\n<meta property=\"og:type\" content=\"article\" \/>\n<meta property=\"og:title\" content=\"Pap\u00ebrgjegjshm\u00ebria e skajshme e lidershipit politik shqiptar - FjALA e LIR\u00cb - Arkivi\" \/>\n<meta property=\"og:description\" content=\"Adri Nurellari Roli i lidershipit \u00ebsht\u00eb vendimtar n\u00eb zhvillimin e nj\u00eb kombi, mir\u00ebpo fatkeq\u00ebsisht realiteti politik mbar\u00ebshqiptar n\u00eb k\u00ebto momente po d\u00ebshmon nj\u00eb kriz\u00eb t\u00eb jasht\u00ebzakonshme t\u00eb lidershipit, pasi elita politike po manifeston nj\u00eb pap\u00ebrgjegjshm\u00ebri t\u00eb skajshme. Mungesa e kuraj\u00ebs s\u00eb lidershipit politik p\u00ebr t\u00eb qen\u00eb n\u00eb lart\u00ebsi t\u00eb detyr\u00ebs, duke dh\u00ebn\u00eb llogari dhe marr\u00eb [&hellip;]\" \/>\n<meta property=\"og:url\" content=\"https:\/\/fjala.info\/2009-2015\/papergjegjshmeria-e-skajshme-e-lidershipit-politik-shqiptar\/\" \/>\n<meta property=\"og:site_name\" content=\"FjALA e LIR\u00cb - Arkivi\" \/>\n<meta property=\"article:published_time\" content=\"2010-06-25T22:23:33+00:00\" \/>\n<meta property=\"og:image\" content=\"http:\/\/www.shkoder.net\/images\/fjala\/adri_nurellari.jpg\" \/>\n<meta name=\"author\" content=\"admin\" \/>\n<meta name=\"twitter:card\" content=\"summary_large_image\" \/>\n<meta name=\"twitter:label1\" content=\"Written by\" \/>\n\t<meta name=\"twitter:data1\" content=\"admin\" \/>\n\t<meta name=\"twitter:label2\" content=\"Est. reading time\" \/>\n\t<meta name=\"twitter:data2\" content=\"9 minutes\" \/>\n<script type=\"application\/ld+json\" class=\"yoast-schema-graph\">{\"@context\":\"https:\\\/\\\/schema.org\",\"@graph\":[{\"@type\":\"Article\",\"@id\":\"https:\\\/\\\/fjala.info\\\/2009-2015\\\/papergjegjshmeria-e-skajshme-e-lidershipit-politik-shqiptar\\\/#article\",\"isPartOf\":{\"@id\":\"https:\\\/\\\/fjala.info\\\/2009-2015\\\/papergjegjshmeria-e-skajshme-e-lidershipit-politik-shqiptar\\\/\"},\"author\":{\"name\":\"admin\",\"@id\":\"https:\\\/\\\/fjala.info\\\/2009-2015\\\/#\\\/schema\\\/person\\\/3aa1163ef05469c496fc94e77611ada2\"},\"headline\":\"Pap\u00ebrgjegjshm\u00ebria e skajshme e lidershipit politik shqiptar\",\"datePublished\":\"2010-06-25T22:23:33+00:00\",\"mainEntityOfPage\":{\"@id\":\"https:\\\/\\\/fjala.info\\\/2009-2015\\\/papergjegjshmeria-e-skajshme-e-lidershipit-politik-shqiptar\\\/\"},\"wordCount\":1762,\"commentCount\":0,\"publisher\":{\"@id\":\"https:\\\/\\\/fjala.info\\\/2009-2015\\\/#organization\"},\"image\":{\"@id\":\"https:\\\/\\\/fjala.info\\\/2009-2015\\\/papergjegjshmeria-e-skajshme-e-lidershipit-politik-shqiptar\\\/#primaryimage\"},\"thumbnailUrl\":\"http:\\\/\\\/www.shkoder.net\\\/images\\\/fjala\\\/adri_nurellari.jpg\",\"articleSection\":[\"Artikuj\"],\"inLanguage\":\"sq-AL\",\"potentialAction\":[{\"@type\":\"CommentAction\",\"name\":\"Comment\",\"target\":[\"https:\\\/\\\/fjala.info\\\/2009-2015\\\/papergjegjshmeria-e-skajshme-e-lidershipit-politik-shqiptar\\\/#respond\"]}]},{\"@type\":\"WebPage\",\"@id\":\"https:\\\/\\\/fjala.info\\\/2009-2015\\\/papergjegjshmeria-e-skajshme-e-lidershipit-politik-shqiptar\\\/\",\"url\":\"https:\\\/\\\/fjala.info\\\/2009-2015\\\/papergjegjshmeria-e-skajshme-e-lidershipit-politik-shqiptar\\\/\",\"name\":\"Pap\u00ebrgjegjshm\u00ebria e skajshme e lidershipit politik shqiptar - FjALA e LIR\u00cb - Arkivi\",\"isPartOf\":{\"@id\":\"https:\\\/\\\/fjala.info\\\/2009-2015\\\/#website\"},\"primaryImageOfPage\":{\"@id\":\"https:\\\/\\\/fjala.info\\\/2009-2015\\\/papergjegjshmeria-e-skajshme-e-lidershipit-politik-shqiptar\\\/#primaryimage\"},\"image\":{\"@id\":\"https:\\\/\\\/fjala.info\\\/2009-2015\\\/papergjegjshmeria-e-skajshme-e-lidershipit-politik-shqiptar\\\/#primaryimage\"},\"thumbnailUrl\":\"http:\\\/\\\/www.shkoder.net\\\/images\\\/fjala\\\/adri_nurellari.jpg\",\"datePublished\":\"2010-06-25T22:23:33+00:00\",\"breadcrumb\":{\"@id\":\"https:\\\/\\\/fjala.info\\\/2009-2015\\\/papergjegjshmeria-e-skajshme-e-lidershipit-politik-shqiptar\\\/#breadcrumb\"},\"inLanguage\":\"sq-AL\",\"potentialAction\":[{\"@type\":\"ReadAction\",\"target\":[\"https:\\\/\\\/fjala.info\\\/2009-2015\\\/papergjegjshmeria-e-skajshme-e-lidershipit-politik-shqiptar\\\/\"]}]},{\"@type\":\"ImageObject\",\"inLanguage\":\"sq-AL\",\"@id\":\"https:\\\/\\\/fjala.info\\\/2009-2015\\\/papergjegjshmeria-e-skajshme-e-lidershipit-politik-shqiptar\\\/#primaryimage\",\"url\":\"http:\\\/\\\/www.shkoder.net\\\/images\\\/fjala\\\/adri_nurellari.jpg\",\"contentUrl\":\"http:\\\/\\\/www.shkoder.net\\\/images\\\/fjala\\\/adri_nurellari.jpg\"},{\"@type\":\"BreadcrumbList\",\"@id\":\"https:\\\/\\\/fjala.info\\\/2009-2015\\\/papergjegjshmeria-e-skajshme-e-lidershipit-politik-shqiptar\\\/#breadcrumb\",\"itemListElement\":[{\"@type\":\"ListItem\",\"position\":1,\"name\":\"Home\",\"item\":\"https:\\\/\\\/fjala.info\\\/2009-2015\\\/\"},{\"@type\":\"ListItem\",\"position\":2,\"name\":\"Pap\u00ebrgjegjshm\u00ebria e skajshme e lidershipit politik shqiptar\"}]},{\"@type\":\"WebSite\",\"@id\":\"https:\\\/\\\/fjala.info\\\/2009-2015\\\/#website\",\"url\":\"https:\\\/\\\/fjala.info\\\/2009-2015\\\/\",\"name\":\"FjALA e LIR\u00cb - Arkivi\",\"description\":\"Arkivi 2009-2015\",\"publisher\":{\"@id\":\"https:\\\/\\\/fjala.info\\\/2009-2015\\\/#organization\"},\"potentialAction\":[{\"@type\":\"SearchAction\",\"target\":{\"@type\":\"EntryPoint\",\"urlTemplate\":\"https:\\\/\\\/fjala.info\\\/2009-2015\\\/?s={search_term_string}\"},\"query-input\":{\"@type\":\"PropertyValueSpecification\",\"valueRequired\":true,\"valueName\":\"search_term_string\"}}],\"inLanguage\":\"sq-AL\"},{\"@type\":\"Organization\",\"@id\":\"https:\\\/\\\/fjala.info\\\/2009-2015\\\/#organization\",\"name\":\"FjALA e LIR\u00cb - Arkivi\",\"url\":\"https:\\\/\\\/fjala.info\\\/2009-2015\\\/\",\"logo\":{\"@type\":\"ImageObject\",\"inLanguage\":\"sq-AL\",\"@id\":\"https:\\\/\\\/fjala.info\\\/2009-2015\\\/#\\\/schema\\\/logo\\\/image\\\/\",\"url\":\"\",\"contentUrl\":\"\",\"caption\":\"FjALA e LIR\u00cb - Arkivi\"},\"image\":{\"@id\":\"https:\\\/\\\/fjala.info\\\/2009-2015\\\/#\\\/schema\\\/logo\\\/image\\\/\"}},{\"@type\":\"Person\",\"@id\":\"https:\\\/\\\/fjala.info\\\/2009-2015\\\/#\\\/schema\\\/person\\\/3aa1163ef05469c496fc94e77611ada2\",\"name\":\"admin\",\"image\":{\"@type\":\"ImageObject\",\"inLanguage\":\"sq-AL\",\"@id\":\"https:\\\/\\\/fjala.info\\\/2009-2015\\\/wp-content\\\/uploads\\\/2012\\\/02\\\/arben_cokaj-120x150.jpg\",\"url\":\"https:\\\/\\\/fjala.info\\\/2009-2015\\\/wp-content\\\/uploads\\\/2012\\\/02\\\/arben_cokaj-120x150.jpg\",\"contentUrl\":\"https:\\\/\\\/fjala.info\\\/2009-2015\\\/wp-content\\\/uploads\\\/2012\\\/02\\\/arben_cokaj-120x150.jpg\",\"caption\":\"admin\"},\"description\":\"Admin, Fjala e Lir\u00eb\",\"sameAs\":[\"https:\\\/\\\/fjala.info\\\/\"],\"url\":\"https:\\\/\\\/fjala.info\\\/2009-2015\\\/author\\\/admin\\\/\"}]}<\/script>\n<!-- \/ Yoast SEO plugin. -->","yoast_head_json":{"title":"Pap\u00ebrgjegjshm\u00ebria e skajshme e lidershipit politik shqiptar - FjALA e LIR\u00cb - Arkivi","robots":{"index":"index","follow":"follow","max-snippet":"max-snippet:-1","max-image-preview":"max-image-preview:large","max-video-preview":"max-video-preview:-1"},"canonical":"https:\/\/fjala.info\/2009-2015\/papergjegjshmeria-e-skajshme-e-lidershipit-politik-shqiptar\/","og_locale":"sq_AL","og_type":"article","og_title":"Pap\u00ebrgjegjshm\u00ebria e skajshme e lidershipit politik shqiptar - FjALA e LIR\u00cb - Arkivi","og_description":"Adri Nurellari Roli i lidershipit \u00ebsht\u00eb vendimtar n\u00eb zhvillimin e nj\u00eb kombi, mir\u00ebpo fatkeq\u00ebsisht realiteti politik mbar\u00ebshqiptar n\u00eb k\u00ebto momente po d\u00ebshmon nj\u00eb kriz\u00eb t\u00eb jasht\u00ebzakonshme t\u00eb lidershipit, pasi elita politike po manifeston nj\u00eb pap\u00ebrgjegjshm\u00ebri t\u00eb skajshme. Mungesa e kuraj\u00ebs s\u00eb lidershipit politik p\u00ebr t\u00eb qen\u00eb n\u00eb lart\u00ebsi t\u00eb detyr\u00ebs, duke dh\u00ebn\u00eb llogari dhe marr\u00eb [&hellip;]","og_url":"https:\/\/fjala.info\/2009-2015\/papergjegjshmeria-e-skajshme-e-lidershipit-politik-shqiptar\/","og_site_name":"FjALA e LIR\u00cb - Arkivi","article_published_time":"2010-06-25T22:23:33+00:00","og_image":[{"url":"http:\/\/www.shkoder.net\/images\/fjala\/adri_nurellari.jpg","type":"","width":"","height":""}],"author":"admin","twitter_card":"summary_large_image","twitter_misc":{"Written by":"admin","Est. reading time":"9 minutes"},"schema":{"@context":"https:\/\/schema.org","@graph":[{"@type":"Article","@id":"https:\/\/fjala.info\/2009-2015\/papergjegjshmeria-e-skajshme-e-lidershipit-politik-shqiptar\/#article","isPartOf":{"@id":"https:\/\/fjala.info\/2009-2015\/papergjegjshmeria-e-skajshme-e-lidershipit-politik-shqiptar\/"},"author":{"name":"admin","@id":"https:\/\/fjala.info\/2009-2015\/#\/schema\/person\/3aa1163ef05469c496fc94e77611ada2"},"headline":"Pap\u00ebrgjegjshm\u00ebria e skajshme e lidershipit politik shqiptar","datePublished":"2010-06-25T22:23:33+00:00","mainEntityOfPage":{"@id":"https:\/\/fjala.info\/2009-2015\/papergjegjshmeria-e-skajshme-e-lidershipit-politik-shqiptar\/"},"wordCount":1762,"commentCount":0,"publisher":{"@id":"https:\/\/fjala.info\/2009-2015\/#organization"},"image":{"@id":"https:\/\/fjala.info\/2009-2015\/papergjegjshmeria-e-skajshme-e-lidershipit-politik-shqiptar\/#primaryimage"},"thumbnailUrl":"http:\/\/www.shkoder.net\/images\/fjala\/adri_nurellari.jpg","articleSection":["Artikuj"],"inLanguage":"sq-AL","potentialAction":[{"@type":"CommentAction","name":"Comment","target":["https:\/\/fjala.info\/2009-2015\/papergjegjshmeria-e-skajshme-e-lidershipit-politik-shqiptar\/#respond"]}]},{"@type":"WebPage","@id":"https:\/\/fjala.info\/2009-2015\/papergjegjshmeria-e-skajshme-e-lidershipit-politik-shqiptar\/","url":"https:\/\/fjala.info\/2009-2015\/papergjegjshmeria-e-skajshme-e-lidershipit-politik-shqiptar\/","name":"Pap\u00ebrgjegjshm\u00ebria e skajshme e lidershipit politik shqiptar - FjALA e LIR\u00cb - Arkivi","isPartOf":{"@id":"https:\/\/fjala.info\/2009-2015\/#website"},"primaryImageOfPage":{"@id":"https:\/\/fjala.info\/2009-2015\/papergjegjshmeria-e-skajshme-e-lidershipit-politik-shqiptar\/#primaryimage"},"image":{"@id":"https:\/\/fjala.info\/2009-2015\/papergjegjshmeria-e-skajshme-e-lidershipit-politik-shqiptar\/#primaryimage"},"thumbnailUrl":"http:\/\/www.shkoder.net\/images\/fjala\/adri_nurellari.jpg","datePublished":"2010-06-25T22:23:33+00:00","breadcrumb":{"@id":"https:\/\/fjala.info\/2009-2015\/papergjegjshmeria-e-skajshme-e-lidershipit-politik-shqiptar\/#breadcrumb"},"inLanguage":"sq-AL","potentialAction":[{"@type":"ReadAction","target":["https:\/\/fjala.info\/2009-2015\/papergjegjshmeria-e-skajshme-e-lidershipit-politik-shqiptar\/"]}]},{"@type":"ImageObject","inLanguage":"sq-AL","@id":"https:\/\/fjala.info\/2009-2015\/papergjegjshmeria-e-skajshme-e-lidershipit-politik-shqiptar\/#primaryimage","url":"http:\/\/www.shkoder.net\/images\/fjala\/adri_nurellari.jpg","contentUrl":"http:\/\/www.shkoder.net\/images\/fjala\/adri_nurellari.jpg"},{"@type":"BreadcrumbList","@id":"https:\/\/fjala.info\/2009-2015\/papergjegjshmeria-e-skajshme-e-lidershipit-politik-shqiptar\/#breadcrumb","itemListElement":[{"@type":"ListItem","position":1,"name":"Home","item":"https:\/\/fjala.info\/2009-2015\/"},{"@type":"ListItem","position":2,"name":"Pap\u00ebrgjegjshm\u00ebria e skajshme e lidershipit politik shqiptar"}]},{"@type":"WebSite","@id":"https:\/\/fjala.info\/2009-2015\/#website","url":"https:\/\/fjala.info\/2009-2015\/","name":"FjALA e LIR\u00cb - Arkivi","description":"Arkivi 2009-2015","publisher":{"@id":"https:\/\/fjala.info\/2009-2015\/#organization"},"potentialAction":[{"@type":"SearchAction","target":{"@type":"EntryPoint","urlTemplate":"https:\/\/fjala.info\/2009-2015\/?s={search_term_string}"},"query-input":{"@type":"PropertyValueSpecification","valueRequired":true,"valueName":"search_term_string"}}],"inLanguage":"sq-AL"},{"@type":"Organization","@id":"https:\/\/fjala.info\/2009-2015\/#organization","name":"FjALA e LIR\u00cb - Arkivi","url":"https:\/\/fjala.info\/2009-2015\/","logo":{"@type":"ImageObject","inLanguage":"sq-AL","@id":"https:\/\/fjala.info\/2009-2015\/#\/schema\/logo\/image\/","url":"","contentUrl":"","caption":"FjALA e LIR\u00cb - Arkivi"},"image":{"@id":"https:\/\/fjala.info\/2009-2015\/#\/schema\/logo\/image\/"}},{"@type":"Person","@id":"https:\/\/fjala.info\/2009-2015\/#\/schema\/person\/3aa1163ef05469c496fc94e77611ada2","name":"admin","image":{"@type":"ImageObject","inLanguage":"sq-AL","@id":"https:\/\/fjala.info\/2009-2015\/wp-content\/uploads\/2012\/02\/arben_cokaj-120x150.jpg","url":"https:\/\/fjala.info\/2009-2015\/wp-content\/uploads\/2012\/02\/arben_cokaj-120x150.jpg","contentUrl":"https:\/\/fjala.info\/2009-2015\/wp-content\/uploads\/2012\/02\/arben_cokaj-120x150.jpg","caption":"admin"},"description":"Admin, Fjala e Lir\u00eb","sameAs":["https:\/\/fjala.info\/"],"url":"https:\/\/fjala.info\/2009-2015\/author\/admin\/"}]}},"_links":{"self":[{"href":"https:\/\/fjala.info\/2009-2015\/wp-json\/wp\/v2\/posts\/3090","targetHints":{"allow":["GET"]}}],"collection":[{"href":"https:\/\/fjala.info\/2009-2015\/wp-json\/wp\/v2\/posts"}],"about":[{"href":"https:\/\/fjala.info\/2009-2015\/wp-json\/wp\/v2\/types\/post"}],"author":[{"embeddable":true,"href":"https:\/\/fjala.info\/2009-2015\/wp-json\/wp\/v2\/users\/1"}],"replies":[{"embeddable":true,"href":"https:\/\/fjala.info\/2009-2015\/wp-json\/wp\/v2\/comments?post=3090"}],"version-history":[{"count":0,"href":"https:\/\/fjala.info\/2009-2015\/wp-json\/wp\/v2\/posts\/3090\/revisions"}],"wp:attachment":[{"href":"https:\/\/fjala.info\/2009-2015\/wp-json\/wp\/v2\/media?parent=3090"}],"wp:term":[{"taxonomy":"category","embeddable":true,"href":"https:\/\/fjala.info\/2009-2015\/wp-json\/wp\/v2\/categories?post=3090"},{"taxonomy":"post_tag","embeddable":true,"href":"https:\/\/fjala.info\/2009-2015\/wp-json\/wp\/v2\/tags?post=3090"}],"curies":[{"name":"wp","href":"https:\/\/api.w.org\/{rel}","templated":true}]}}