{"id":3088,"date":"2010-06-25T22:11:25","date_gmt":"2010-06-25T21:11:25","guid":{"rendered":"http:\/\/fjala.shkoder.net\/?p=3088"},"modified":"2010-06-25T22:11:25","modified_gmt":"2010-06-25T21:11:25","slug":"pese-vite-pa-mikun-tone-bardhyl-ajetin","status":"publish","type":"post","link":"https:\/\/fjala.info\/2009-2015\/pese-vite-pa-mikun-tone-bardhyl-ajetin\/","title":{"rendered":"Pes\u00eb vite pa mikun ton\u00eb Bardhyl Ajetin"},"content":{"rendered":"<p><img decoding=\"async\" style=\"margin-left: 10px; margin-right: 10px; border: 0px;\" src=\"http:\/\/www.shkoder.net\/images\/fjala\/hysen_ibrahimi.jpg\" border=\"0\" alt=\"Hysen Ibrahimi\" width=\"100\" align=\"left\" \/><\/p>\n<p><strong>Hysen Ibrahimi<\/strong> \u2013 Kryetar i Lidhjes Demokratike t\u00eb Dardanis\u00eb \u2013 Dega n\u00eb Suedi, m\u00eb 25 Qershor 2005, Stockholm\/Suedi.<\/p>\n<p>&#8230; <strong><em>vlera esenciale e temave t\u00eb shkruara nga Bardhyli gjith\u00ebher\u00eb ishte pasqyrimi p\u00ebr opinionin publik p\u00ebr krimet mbi njer\u00ebzit m\u00eb t\u00eb devotsh\u00ebm t\u00eb \u00e7\u00ebshtjes komb\u00ebtare, pastaj brengosja p\u00ebr njeriun dhe jeten e tij, kan\u00eb d\u00ebshmuar guximin p\u00ebr t\u00eb th\u00ebn\u00eb dhe shkruar fjalen e lir\u00eb dhe t\u00eb v\u00ebrtet\u00eb<\/em><\/strong> \u2026.<\/p>\n<p>Vitet q\u00eb po kalojn\u00eb pa Bardhylin, jan\u00eb vite t\u00eb dhimbshme, ndjejm\u00eb mungesen e artikujve t\u00eb tij, ndon\u00ebse me shum\u00ebsi t\u00eb ideve t\u00eb ngjarjeve reale, me tema kryek\u00ebput reale dhe t\u00eb v\u00ebrteta q\u00eb shtriheshin nga ngjarja n\u00eb ngjarje, nga koha n\u00eb koh\u00eb, jan\u00eb dhe mbeten aq t\u00eb d\u00ebshmuara sa i p\u00ebrket pasqyrimit dhe shpalljes luft\u00eb krimit. Bardhyl Ajeti, n\u00eb raport me popullin dhe dashurin\u00eb p\u00ebr Kosov\u00ebn d\u00ebshmoi guximin dhe d\u00ebshir\u00ebn e tij q\u00eb Kosova t\u00eb \u00e7lirohet nga kriminel ordiner nj\u00ebher\u00eb e p\u00ebrgjithmon\u00eb.<\/p>\n<p>Mir\u00ebpo vlera esenciale e temave t\u00eb shkruara nga Bardhyli gjith\u00ebher\u00eb ishte pasqyrimi p\u00ebr opinionin publik p\u00ebr krimet mbi njer\u00ebzit m\u00eb t\u00eb devotsh\u00ebm t\u00eb \u00e7\u00ebshtjes komb\u00ebtare, pastaj brengosja p\u00ebr njeriun dhe jeten e tij, kan\u00eb d\u00ebshmuar guximin p\u00ebr t\u00eb th\u00ebn\u00eb dhe shkruar fjalen e lir\u00eb dhe t\u00eb v\u00ebrtet\u00eb edhe pse i dinte pasojat. Aplikimi i k\u00ebtij parimi nga Bardhyl Ajeti, pra i kombinimit me aft\u00ebsin\u00eb e tij prej gazetari dhe guximin e tij prej intelektuali dhe at\u00ebdhetari, p\u00ebr t\u00eb mbrojtur figurat komb\u00ebtare, intelektuale, apo njeriun e d\u00ebshmuar p\u00ebr Kosov\u00ebn, e ngriti z\u00ebrin p\u00ebrmes penes s\u00eb tij n\u00eb mbrojtje t\u00eb tyre.<\/p>\n<p>Bardhyli, d\u00ebshmoj dhe mbeti figur\u00eb markante prej gazetari, me prirje komb\u00ebtare dhe atdhetare duke e sprovuar veten p\u00ebr guximin e shprehjes s\u00eb lir\u00eb n\u00eb shkrimet e tija n\u00eb gazeten komb\u00ebtare \u201dBota sot\u201d kushdo q\u00eb ka ngritur dor\u00eb mbi njer\u00ebz t\u00eb pafajsh\u00ebm vet\u00ebm e vet\u00ebm se ka pasur bindje t\u00eb tjera politike.<\/p>\n<p>Nd\u00ebrkaq, kur b\u00ebjm\u00eb fjal\u00eb p\u00ebr sakrific\u00ebn e Bardhyl Ajetit, e cila ishte e t\u00ebra n\u00eb interes t\u00eb Kosov\u00ebs, ku sot EULEX-i \u00ebsht\u00eb duke e aplikuar at folozofi t\u00eb Bardhylit p\u00ebr parandalimin e krimit t\u00eb organizuar, t\u00eb korrupcionit n\u00eb mas\u00eb t\u00eb madhe, e q\u00eb Bardhyli t\u00eb folurit dhe shkruarit e tij prej gazetari, ka dh\u00ebn\u00eb mesazhe se pa zbardhjen e krimeve me prapavi politike, pa parandalimin e krimit t\u00eb organizuar dhe t\u00eb korrupcionit, Kosova nuk mund t\u00eb integrohet n\u00eb BE dhe NATO. K\u00ebto shkrime, ja prishen planet e atyreve q\u00eb nuk ja deshten dhe ende sot e asaj dite nuki ja don t\u00eb mir\u00ebn Kosov\u00ebs, sepse Kosov\u00ebn jan\u00eb duke e shfryt\u00ebzuar p\u00ebr tu pasuruar personalisht me miljona e miljona euro, prandaj edhe e vran\u00eb Bardhylin.<\/p>\n<p>Me k\u00ebt\u00eb desh\u00ebm q\u00eb t\u00eb p\u00ebrkujtojm\u00eb mikun ton\u00eb Bardhyl Ajetin, duke konstatuar se gazetar si Bardhyl Ajeti jan\u00eb p\u00ebr tu admiruar, kombtarisht t\u00ebr\u00ebsisht i kompletuar.<\/p>\n<p>Me rastin e pes\u00eb vjetorit t\u00eb vrasjes s\u00eb atdhetarit, publicistit, gazetarit Bardhyl Ajeti, shprehim ngush\u00ebllimet tona m\u00eb t\u00eb sinqerta, familjes Ajeti, bashk\u00ebpuntor\u00ebve t\u00eb tij dhe gazetar\u00ebve n\u00eb gazet\u00ebn \u201dBota sot\u201d dhe t\u00eb gjith\u00eb miq\u00ebve t\u00eb tij.<\/p>\n<p>M\u00cbSHIRA DHE BEKIMI I ZOTIT QOFT MBI SHPIRTIN E TIJ.<\/p>\n","protected":false},"excerpt":{"rendered":"<p>Hysen Ibrahimi \u2013 Kryetar i Lidhjes Demokratike t\u00eb Dardanis\u00eb \u2013 Dega n\u00eb Suedi, m\u00eb 25 Qershor 2005, Stockholm\/Suedi. &#8230; vlera esenciale e temave t\u00eb shkruara nga Bardhyli gjith\u00ebher\u00eb ishte pasqyrimi p\u00ebr opinionin publik p\u00ebr krimet mbi njer\u00ebzit m\u00eb t\u00eb devotsh\u00ebm t\u00eb \u00e7\u00ebshtjes komb\u00ebtare, pastaj brengosja p\u00ebr njeriun dhe jeten e tij, kan\u00eb d\u00ebshmuar guximin p\u00ebr [&hellip;]<\/p>\n","protected":false},"author":1,"featured_media":0,"comment_status":"open","ping_status":"closed","sticky":false,"template":"","format":"standard","meta":{"footnotes":""},"categories":[2],"tags":[],"class_list":{"0":"post-3088","1":"post","2":"type-post","3":"status-publish","4":"format-standard","6":"category-artikuj"},"yoast_head":"<!-- This site is optimized with the Yoast SEO plugin v27.4 - https:\/\/yoast.com\/product\/yoast-seo-wordpress\/ -->\n<title>Pes\u00eb vite pa mikun ton\u00eb Bardhyl Ajetin - FjALA e LIR\u00cb - Arkivi<\/title>\n<meta name=\"robots\" content=\"index, follow, max-snippet:-1, max-image-preview:large, max-video-preview:-1\" \/>\n<link rel=\"canonical\" href=\"https:\/\/fjala.info\/2009-2015\/pese-vite-pa-mikun-tone-bardhyl-ajetin\/\" \/>\n<meta property=\"og:locale\" content=\"sq_AL\" \/>\n<meta property=\"og:type\" content=\"article\" \/>\n<meta property=\"og:title\" content=\"Pes\u00eb vite pa mikun ton\u00eb Bardhyl Ajetin - FjALA e LIR\u00cb - Arkivi\" \/>\n<meta property=\"og:description\" content=\"Hysen Ibrahimi \u2013 Kryetar i Lidhjes Demokratike t\u00eb Dardanis\u00eb \u2013 Dega n\u00eb Suedi, m\u00eb 25 Qershor 2005, Stockholm\/Suedi. &#8230; vlera esenciale e temave t\u00eb shkruara nga Bardhyli gjith\u00ebher\u00eb ishte pasqyrimi p\u00ebr opinionin publik p\u00ebr krimet mbi njer\u00ebzit m\u00eb t\u00eb devotsh\u00ebm t\u00eb \u00e7\u00ebshtjes komb\u00ebtare, pastaj brengosja p\u00ebr njeriun dhe jeten e tij, kan\u00eb d\u00ebshmuar guximin p\u00ebr [&hellip;]\" \/>\n<meta property=\"og:url\" content=\"https:\/\/fjala.info\/2009-2015\/pese-vite-pa-mikun-tone-bardhyl-ajetin\/\" \/>\n<meta property=\"og:site_name\" content=\"FjALA e LIR\u00cb - Arkivi\" \/>\n<meta property=\"article:published_time\" content=\"2010-06-25T21:11:25+00:00\" \/>\n<meta property=\"og:image\" content=\"http:\/\/www.shkoder.net\/images\/fjala\/hysen_ibrahimi.jpg\" \/>\n<meta name=\"author\" content=\"admin\" \/>\n<meta name=\"twitter:card\" content=\"summary_large_image\" \/>\n<meta name=\"twitter:label1\" content=\"Written by\" \/>\n\t<meta name=\"twitter:data1\" content=\"admin\" \/>\n\t<meta name=\"twitter:label2\" content=\"Est. reading time\" \/>\n\t<meta name=\"twitter:data2\" content=\"3 minutes\" \/>\n<script type=\"application\/ld+json\" class=\"yoast-schema-graph\">{\"@context\":\"https:\\\/\\\/schema.org\",\"@graph\":[{\"@type\":\"Article\",\"@id\":\"https:\\\/\\\/fjala.info\\\/2009-2015\\\/pese-vite-pa-mikun-tone-bardhyl-ajetin\\\/#article\",\"isPartOf\":{\"@id\":\"https:\\\/\\\/fjala.info\\\/2009-2015\\\/pese-vite-pa-mikun-tone-bardhyl-ajetin\\\/\"},\"author\":{\"name\":\"admin\",\"@id\":\"https:\\\/\\\/fjala.info\\\/2009-2015\\\/#\\\/schema\\\/person\\\/3aa1163ef05469c496fc94e77611ada2\"},\"headline\":\"Pes\u00eb vite pa mikun ton\u00eb Bardhyl Ajetin\",\"datePublished\":\"2010-06-25T21:11:25+00:00\",\"mainEntityOfPage\":{\"@id\":\"https:\\\/\\\/fjala.info\\\/2009-2015\\\/pese-vite-pa-mikun-tone-bardhyl-ajetin\\\/\"},\"wordCount\":575,\"commentCount\":0,\"publisher\":{\"@id\":\"https:\\\/\\\/fjala.info\\\/2009-2015\\\/#organization\"},\"image\":{\"@id\":\"https:\\\/\\\/fjala.info\\\/2009-2015\\\/pese-vite-pa-mikun-tone-bardhyl-ajetin\\\/#primaryimage\"},\"thumbnailUrl\":\"http:\\\/\\\/www.shkoder.net\\\/images\\\/fjala\\\/hysen_ibrahimi.jpg\",\"articleSection\":[\"Artikuj\"],\"inLanguage\":\"sq-AL\",\"potentialAction\":[{\"@type\":\"CommentAction\",\"name\":\"Comment\",\"target\":[\"https:\\\/\\\/fjala.info\\\/2009-2015\\\/pese-vite-pa-mikun-tone-bardhyl-ajetin\\\/#respond\"]}]},{\"@type\":\"WebPage\",\"@id\":\"https:\\\/\\\/fjala.info\\\/2009-2015\\\/pese-vite-pa-mikun-tone-bardhyl-ajetin\\\/\",\"url\":\"https:\\\/\\\/fjala.info\\\/2009-2015\\\/pese-vite-pa-mikun-tone-bardhyl-ajetin\\\/\",\"name\":\"Pes\u00eb vite pa mikun ton\u00eb Bardhyl Ajetin - FjALA e LIR\u00cb - Arkivi\",\"isPartOf\":{\"@id\":\"https:\\\/\\\/fjala.info\\\/2009-2015\\\/#website\"},\"primaryImageOfPage\":{\"@id\":\"https:\\\/\\\/fjala.info\\\/2009-2015\\\/pese-vite-pa-mikun-tone-bardhyl-ajetin\\\/#primaryimage\"},\"image\":{\"@id\":\"https:\\\/\\\/fjala.info\\\/2009-2015\\\/pese-vite-pa-mikun-tone-bardhyl-ajetin\\\/#primaryimage\"},\"thumbnailUrl\":\"http:\\\/\\\/www.shkoder.net\\\/images\\\/fjala\\\/hysen_ibrahimi.jpg\",\"datePublished\":\"2010-06-25T21:11:25+00:00\",\"breadcrumb\":{\"@id\":\"https:\\\/\\\/fjala.info\\\/2009-2015\\\/pese-vite-pa-mikun-tone-bardhyl-ajetin\\\/#breadcrumb\"},\"inLanguage\":\"sq-AL\",\"potentialAction\":[{\"@type\":\"ReadAction\",\"target\":[\"https:\\\/\\\/fjala.info\\\/2009-2015\\\/pese-vite-pa-mikun-tone-bardhyl-ajetin\\\/\"]}]},{\"@type\":\"ImageObject\",\"inLanguage\":\"sq-AL\",\"@id\":\"https:\\\/\\\/fjala.info\\\/2009-2015\\\/pese-vite-pa-mikun-tone-bardhyl-ajetin\\\/#primaryimage\",\"url\":\"http:\\\/\\\/www.shkoder.net\\\/images\\\/fjala\\\/hysen_ibrahimi.jpg\",\"contentUrl\":\"http:\\\/\\\/www.shkoder.net\\\/images\\\/fjala\\\/hysen_ibrahimi.jpg\"},{\"@type\":\"BreadcrumbList\",\"@id\":\"https:\\\/\\\/fjala.info\\\/2009-2015\\\/pese-vite-pa-mikun-tone-bardhyl-ajetin\\\/#breadcrumb\",\"itemListElement\":[{\"@type\":\"ListItem\",\"position\":1,\"name\":\"Home\",\"item\":\"https:\\\/\\\/fjala.info\\\/2009-2015\\\/\"},{\"@type\":\"ListItem\",\"position\":2,\"name\":\"Pes\u00eb vite pa mikun ton\u00eb Bardhyl Ajetin\"}]},{\"@type\":\"WebSite\",\"@id\":\"https:\\\/\\\/fjala.info\\\/2009-2015\\\/#website\",\"url\":\"https:\\\/\\\/fjala.info\\\/2009-2015\\\/\",\"name\":\"FjALA e LIR\u00cb - Arkivi\",\"description\":\"Arkivi 2009-2015\",\"publisher\":{\"@id\":\"https:\\\/\\\/fjala.info\\\/2009-2015\\\/#organization\"},\"potentialAction\":[{\"@type\":\"SearchAction\",\"target\":{\"@type\":\"EntryPoint\",\"urlTemplate\":\"https:\\\/\\\/fjala.info\\\/2009-2015\\\/?s={search_term_string}\"},\"query-input\":{\"@type\":\"PropertyValueSpecification\",\"valueRequired\":true,\"valueName\":\"search_term_string\"}}],\"inLanguage\":\"sq-AL\"},{\"@type\":\"Organization\",\"@id\":\"https:\\\/\\\/fjala.info\\\/2009-2015\\\/#organization\",\"name\":\"FjALA e LIR\u00cb - Arkivi\",\"url\":\"https:\\\/\\\/fjala.info\\\/2009-2015\\\/\",\"logo\":{\"@type\":\"ImageObject\",\"inLanguage\":\"sq-AL\",\"@id\":\"https:\\\/\\\/fjala.info\\\/2009-2015\\\/#\\\/schema\\\/logo\\\/image\\\/\",\"url\":\"\",\"contentUrl\":\"\",\"caption\":\"FjALA e LIR\u00cb - Arkivi\"},\"image\":{\"@id\":\"https:\\\/\\\/fjala.info\\\/2009-2015\\\/#\\\/schema\\\/logo\\\/image\\\/\"}},{\"@type\":\"Person\",\"@id\":\"https:\\\/\\\/fjala.info\\\/2009-2015\\\/#\\\/schema\\\/person\\\/3aa1163ef05469c496fc94e77611ada2\",\"name\":\"admin\",\"image\":{\"@type\":\"ImageObject\",\"inLanguage\":\"sq-AL\",\"@id\":\"https:\\\/\\\/fjala.info\\\/2009-2015\\\/wp-content\\\/uploads\\\/2012\\\/02\\\/arben_cokaj-120x150.jpg\",\"url\":\"https:\\\/\\\/fjala.info\\\/2009-2015\\\/wp-content\\\/uploads\\\/2012\\\/02\\\/arben_cokaj-120x150.jpg\",\"contentUrl\":\"https:\\\/\\\/fjala.info\\\/2009-2015\\\/wp-content\\\/uploads\\\/2012\\\/02\\\/arben_cokaj-120x150.jpg\",\"caption\":\"admin\"},\"description\":\"Admin, Fjala e Lir\u00eb\",\"sameAs\":[\"https:\\\/\\\/fjala.info\\\/\"],\"url\":\"https:\\\/\\\/fjala.info\\\/2009-2015\\\/author\\\/admin\\\/\"}]}<\/script>\n<!-- \/ Yoast SEO plugin. -->","yoast_head_json":{"title":"Pes\u00eb vite pa mikun ton\u00eb Bardhyl Ajetin - FjALA e LIR\u00cb - Arkivi","robots":{"index":"index","follow":"follow","max-snippet":"max-snippet:-1","max-image-preview":"max-image-preview:large","max-video-preview":"max-video-preview:-1"},"canonical":"https:\/\/fjala.info\/2009-2015\/pese-vite-pa-mikun-tone-bardhyl-ajetin\/","og_locale":"sq_AL","og_type":"article","og_title":"Pes\u00eb vite pa mikun ton\u00eb Bardhyl Ajetin - FjALA e LIR\u00cb - Arkivi","og_description":"Hysen Ibrahimi \u2013 Kryetar i Lidhjes Demokratike t\u00eb Dardanis\u00eb \u2013 Dega n\u00eb Suedi, m\u00eb 25 Qershor 2005, Stockholm\/Suedi. &#8230; vlera esenciale e temave t\u00eb shkruara nga Bardhyli gjith\u00ebher\u00eb ishte pasqyrimi p\u00ebr opinionin publik p\u00ebr krimet mbi njer\u00ebzit m\u00eb t\u00eb devotsh\u00ebm t\u00eb \u00e7\u00ebshtjes komb\u00ebtare, pastaj brengosja p\u00ebr njeriun dhe jeten e tij, kan\u00eb d\u00ebshmuar guximin p\u00ebr [&hellip;]","og_url":"https:\/\/fjala.info\/2009-2015\/pese-vite-pa-mikun-tone-bardhyl-ajetin\/","og_site_name":"FjALA e LIR\u00cb - Arkivi","article_published_time":"2010-06-25T21:11:25+00:00","og_image":[{"url":"http:\/\/www.shkoder.net\/images\/fjala\/hysen_ibrahimi.jpg","type":"","width":"","height":""}],"author":"admin","twitter_card":"summary_large_image","twitter_misc":{"Written by":"admin","Est. reading time":"3 minutes"},"schema":{"@context":"https:\/\/schema.org","@graph":[{"@type":"Article","@id":"https:\/\/fjala.info\/2009-2015\/pese-vite-pa-mikun-tone-bardhyl-ajetin\/#article","isPartOf":{"@id":"https:\/\/fjala.info\/2009-2015\/pese-vite-pa-mikun-tone-bardhyl-ajetin\/"},"author":{"name":"admin","@id":"https:\/\/fjala.info\/2009-2015\/#\/schema\/person\/3aa1163ef05469c496fc94e77611ada2"},"headline":"Pes\u00eb vite pa mikun ton\u00eb Bardhyl Ajetin","datePublished":"2010-06-25T21:11:25+00:00","mainEntityOfPage":{"@id":"https:\/\/fjala.info\/2009-2015\/pese-vite-pa-mikun-tone-bardhyl-ajetin\/"},"wordCount":575,"commentCount":0,"publisher":{"@id":"https:\/\/fjala.info\/2009-2015\/#organization"},"image":{"@id":"https:\/\/fjala.info\/2009-2015\/pese-vite-pa-mikun-tone-bardhyl-ajetin\/#primaryimage"},"thumbnailUrl":"http:\/\/www.shkoder.net\/images\/fjala\/hysen_ibrahimi.jpg","articleSection":["Artikuj"],"inLanguage":"sq-AL","potentialAction":[{"@type":"CommentAction","name":"Comment","target":["https:\/\/fjala.info\/2009-2015\/pese-vite-pa-mikun-tone-bardhyl-ajetin\/#respond"]}]},{"@type":"WebPage","@id":"https:\/\/fjala.info\/2009-2015\/pese-vite-pa-mikun-tone-bardhyl-ajetin\/","url":"https:\/\/fjala.info\/2009-2015\/pese-vite-pa-mikun-tone-bardhyl-ajetin\/","name":"Pes\u00eb vite pa mikun ton\u00eb Bardhyl Ajetin - FjALA e LIR\u00cb - Arkivi","isPartOf":{"@id":"https:\/\/fjala.info\/2009-2015\/#website"},"primaryImageOfPage":{"@id":"https:\/\/fjala.info\/2009-2015\/pese-vite-pa-mikun-tone-bardhyl-ajetin\/#primaryimage"},"image":{"@id":"https:\/\/fjala.info\/2009-2015\/pese-vite-pa-mikun-tone-bardhyl-ajetin\/#primaryimage"},"thumbnailUrl":"http:\/\/www.shkoder.net\/images\/fjala\/hysen_ibrahimi.jpg","datePublished":"2010-06-25T21:11:25+00:00","breadcrumb":{"@id":"https:\/\/fjala.info\/2009-2015\/pese-vite-pa-mikun-tone-bardhyl-ajetin\/#breadcrumb"},"inLanguage":"sq-AL","potentialAction":[{"@type":"ReadAction","target":["https:\/\/fjala.info\/2009-2015\/pese-vite-pa-mikun-tone-bardhyl-ajetin\/"]}]},{"@type":"ImageObject","inLanguage":"sq-AL","@id":"https:\/\/fjala.info\/2009-2015\/pese-vite-pa-mikun-tone-bardhyl-ajetin\/#primaryimage","url":"http:\/\/www.shkoder.net\/images\/fjala\/hysen_ibrahimi.jpg","contentUrl":"http:\/\/www.shkoder.net\/images\/fjala\/hysen_ibrahimi.jpg"},{"@type":"BreadcrumbList","@id":"https:\/\/fjala.info\/2009-2015\/pese-vite-pa-mikun-tone-bardhyl-ajetin\/#breadcrumb","itemListElement":[{"@type":"ListItem","position":1,"name":"Home","item":"https:\/\/fjala.info\/2009-2015\/"},{"@type":"ListItem","position":2,"name":"Pes\u00eb vite pa mikun ton\u00eb Bardhyl Ajetin"}]},{"@type":"WebSite","@id":"https:\/\/fjala.info\/2009-2015\/#website","url":"https:\/\/fjala.info\/2009-2015\/","name":"FjALA e LIR\u00cb - Arkivi","description":"Arkivi 2009-2015","publisher":{"@id":"https:\/\/fjala.info\/2009-2015\/#organization"},"potentialAction":[{"@type":"SearchAction","target":{"@type":"EntryPoint","urlTemplate":"https:\/\/fjala.info\/2009-2015\/?s={search_term_string}"},"query-input":{"@type":"PropertyValueSpecification","valueRequired":true,"valueName":"search_term_string"}}],"inLanguage":"sq-AL"},{"@type":"Organization","@id":"https:\/\/fjala.info\/2009-2015\/#organization","name":"FjALA e LIR\u00cb - Arkivi","url":"https:\/\/fjala.info\/2009-2015\/","logo":{"@type":"ImageObject","inLanguage":"sq-AL","@id":"https:\/\/fjala.info\/2009-2015\/#\/schema\/logo\/image\/","url":"","contentUrl":"","caption":"FjALA e LIR\u00cb - Arkivi"},"image":{"@id":"https:\/\/fjala.info\/2009-2015\/#\/schema\/logo\/image\/"}},{"@type":"Person","@id":"https:\/\/fjala.info\/2009-2015\/#\/schema\/person\/3aa1163ef05469c496fc94e77611ada2","name":"admin","image":{"@type":"ImageObject","inLanguage":"sq-AL","@id":"https:\/\/fjala.info\/2009-2015\/wp-content\/uploads\/2012\/02\/arben_cokaj-120x150.jpg","url":"https:\/\/fjala.info\/2009-2015\/wp-content\/uploads\/2012\/02\/arben_cokaj-120x150.jpg","contentUrl":"https:\/\/fjala.info\/2009-2015\/wp-content\/uploads\/2012\/02\/arben_cokaj-120x150.jpg","caption":"admin"},"description":"Admin, Fjala e Lir\u00eb","sameAs":["https:\/\/fjala.info\/"],"url":"https:\/\/fjala.info\/2009-2015\/author\/admin\/"}]}},"_links":{"self":[{"href":"https:\/\/fjala.info\/2009-2015\/wp-json\/wp\/v2\/posts\/3088","targetHints":{"allow":["GET"]}}],"collection":[{"href":"https:\/\/fjala.info\/2009-2015\/wp-json\/wp\/v2\/posts"}],"about":[{"href":"https:\/\/fjala.info\/2009-2015\/wp-json\/wp\/v2\/types\/post"}],"author":[{"embeddable":true,"href":"https:\/\/fjala.info\/2009-2015\/wp-json\/wp\/v2\/users\/1"}],"replies":[{"embeddable":true,"href":"https:\/\/fjala.info\/2009-2015\/wp-json\/wp\/v2\/comments?post=3088"}],"version-history":[{"count":0,"href":"https:\/\/fjala.info\/2009-2015\/wp-json\/wp\/v2\/posts\/3088\/revisions"}],"wp:attachment":[{"href":"https:\/\/fjala.info\/2009-2015\/wp-json\/wp\/v2\/media?parent=3088"}],"wp:term":[{"taxonomy":"category","embeddable":true,"href":"https:\/\/fjala.info\/2009-2015\/wp-json\/wp\/v2\/categories?post=3088"},{"taxonomy":"post_tag","embeddable":true,"href":"https:\/\/fjala.info\/2009-2015\/wp-json\/wp\/v2\/tags?post=3088"}],"curies":[{"name":"wp","href":"https:\/\/api.w.org\/{rel}","templated":true}]}}