{"id":3086,"date":"2010-06-25T02:46:40","date_gmt":"2010-06-25T01:46:40","guid":{"rendered":"http:\/\/fjala.shkoder.net\/?p=3086"},"modified":"2010-06-25T02:46:40","modified_gmt":"2010-06-25T01:46:40","slug":"polarizimet-ekstreme-dhe-zbehja-e-rruges-se-kosoves","status":"publish","type":"post","link":"https:\/\/fjala.info\/2009-2015\/polarizimet-ekstreme-dhe-zbehja-e-rruges-se-kosoves\/","title":{"rendered":"Polarizimet ekstreme dhe zbehja e rrug\u00ebs s\u00eb Kosov\u00ebs"},"content":{"rendered":"<p>Nga <strong>Gjon KEKA<\/strong><\/p>\n<p>Gjat\u00eb gjith\u00eb koh\u00ebs kur proceset e nj\u00eb vendi kan\u00eb ecur n\u00eb uj\u00ebra t\u00eb turbullta dhe nga ndarjet ekstreme duke ngre k\u00ebshtu nj\u00eb lloj polarizimi t\u00eb skajsh\u00ebm n\u00eb sistemin politik ,ateh\u00ebr kan\u00eb dalur edhe z\u00ebra intelektual e t\u00eb moderuar q\u00eb kan\u00eb shfaqur mendimin e tyre si ur\u00eb rreth k\u00ebtij procesi p\u00ebr ta shp\u00ebtuar qarjen edhe m\u00eb t\u00eb m\u00ebdha t\u00eb sistemit politik por edhe t\u00eb shoq\u00ebris\u00eb n\u00eb p\u00ebrgjith\u00ebsi si dhe p\u00ebr ta ndalur devijimin total t\u00eb vendit.<\/p>\n<p>Mund t\u00eb n\u00ebnvizojm n\u00eb lidhje me k\u00ebt\u00eb problematik t\u00eb ndjeshme se shqiptar\u00ebt q\u00eb pas veshjes s\u00eb tyre me rroba orientale dhe sulltaniste n\u00eb koh\u00ebn e perandoris\u00eb otomane jan\u00eb b\u00ebr\u00eb \u201ckoka turku\u201d dhe tradh\u00ebtar\u00eb t\u00eb vetvetes dhe ardhm\u00ebris\u00eb s\u00eb tyre, por edhe kan\u00eb v\u00ebn\u00eb n\u00eb jet\u00eb nj\u00eb lloj polarizimi ekstrem gj\u00eb q\u00eb sot mund ta shohim n\u00eb t\u00ebr\u00eb trojet tona ,si n\u00eb rrafshin e t\u00eb menaxhuarit t\u00eb vendit nga lidershipi politik ashtu edhe t\u00eb shoq\u00ebris\u00eb n\u00eb t\u00ebr\u00ebsin e saj.<\/p>\n<p>Duke mos dashur te trajtoj m\u00eb tep\u00ebr prejardhjen e k\u00ebsja t\u00eb keqe q\u00eb ka kapluar kombin dhe rru\u00ebgtimin e tij ,sepse me mij\u00ebra her\u00eb kam elaboruar dhe n\u00ebnvizuar shum\u00eb \u00e7\u00ebshtje n\u00eb lidhje me \u201chelmin oriental\u201d q\u00eb ka trullosur e infektuar trurin dhe zemr\u00ebn e kombit shqiptar,por n\u00eb k\u00ebt\u00eb refleksion un\u00eb do t\u00eb trajtoj m\u00eb shum\u00eb pasojat q\u00eb sot po i mban\u00eb shoq\u00ebria dhe elita politike e polarizuar dhe e \u00e7orientuar totalisht.<\/p>\n<p>Menatliteti q\u00eb sot po mbizotron n\u00eb rrafshin e politik\u00ebs dhe t\u00eb menaxhuarit t\u00eb vendit po e mb\u00ebshtjell koh\u00ebn q\u00eb ka si Kosova ashtu edhe Shqip\u00ebria para vetes n\u00eb nj\u00eb petk mashtrimesh dhe fshehjesh(orinetale) q\u00eb jo vet\u00ebm se po e d\u00ebmton realitetin dhe ndri\u00e7imin e tij por edhe po e mbulon t\u00ebr\u00eb koh\u00ebn e historis\u00eb s\u00eb kombit shqiptar dhe identitetin e tij t\u00eb lasht\u00eb europian.<\/p>\n<p>N\u00eb politik\u00eb si n\u00eb Kosov\u00eb ashtu edhe n\u00eb Shqip\u00ebri kemi nj\u00eb polarizimi t\u00eb skajsh\u00ebm q\u00eb vazhdimisht po e ndan\u00eb edhe m\u00eb shum\u00eb shoq\u00ebrin\u00eb,duke e quar at\u00eb drejt nj\u00eb procesi t\u00eb ndarjeve dhe mospajtimeve t\u00eb m\u00ebdha duke b\u00ebr\u00eb k\u00ebshtu nj\u00eb lloj hendeku n\u00eb mes dy fraksioneve q\u00eb nuk vrapojn\u00eb drejt\u00eb ardhm\u00ebris\u00eb s\u00eb bashku dhe t\u00eb fort\u00eb por drejt ndarjes s\u00eb rrug\u00ebve duke larguar edhe m\u00eb shum\u00eb proceset e ardhm\u00ebris\u00eb dhe vizionin p\u00ebr ta nd\u00ebrtuar nj\u00eb shoq\u00ebri t\u00eb sh\u00ebndosh demokratike, t\u00eb moderuar si dhe nj\u00eb vend t\u00eb q\u00ebndruesh\u00ebm europian.<\/p>\n<p>Tani sidmos n\u00eb k\u00ebto vitetet e fundit pas \u00e7lirimit me ndihm\u00ebn e miq\u00ebve tan\u00eb historik dhe strategjik SHBA dhe NATO,v\u00ebrejm n\u00eb t\u00eb gjitha nivelet si n\u00eb politik\u00eb por edhe n\u00eb mjedise tjera nj\u00eb lloj polarizimi dhe ky \u00ebsht\u00eb duke u rritur edhe m\u00eb shum\u00eb gjat\u00eb k\u00ebtyre viteve t\u00eb fundit ,n\u00ebse vazhdon k\u00ebshtu ateher\u00eb s\u00eb shpejti ne vend do t\u00eb mund t\u00eb ket\u00eb tensione t\u00eb zjarrta dhe t\u00eb pakontrolluara emocionalisht.(&#8230;)<\/p>\n<p>Polarizimi si n\u00eb aspektin politik ashtu edhe n\u00eb aspekte tjera burimin e ka nga lidershipi shtet\u00ebror dhe elita politike ne p\u00ebrgjith\u00ebsi,kjo m\u00ebnyr\u00eb po qon\u00eb si vendin ashtu edhe shoq\u00ebrin\u00eb drejt ndarjeve t\u00eb eg\u00ebra, mospajtimeve brenda vetes, skajshm\u00ebris\u00eb dhe ofendimeve t\u00eb brendshme, prodhime t\u00eb mendimeve t\u00eb gjirizeve orientale, mbjellje te nj\u00eb lloj kulture t\u00eb huaj dhe largim nga e v\u00ebrteta historike,nga demokracia liberale,nga edukimi i sh\u00ebndosh, komunikimi bashk\u00ebpunues dhe me nj\u00eb vizion t\u00eb vet\u00ebm p\u00ebr nj\u00eb Kosov\u00eb demokratike, moderne dhe europiane.<\/p>\n<p>S\u00eb fundi jan\u00eb shfaqur shenja t\u00eb nj\u00eb lloj\u00eb ndjenje t\u00eb s\u00ebmur apo edhe t\u00eb nj\u00eb lloj shnd\u00ebrrimi t\u00eb disa nga shqiptar\u00ebve t\u00eb Kosov\u00ebs n\u00eb njer\u00ebz t\u00eb shpellave orientale,kjo jo se ata i kan\u00eb ditur k\u00ebto ndarje nga realiteti se ku jetojn dhe nga vijn por se kan\u00eb shfaqur lakmin q\u00eb n\u00eb kuad\u00ebr t\u00eb nj\u00eb lloj page mujore q\u00eb i japin organizata t\u00eb dyshimta dhe t\u00eb ndryshme orientale-islamike p\u00ebr ta prishur apo edhe hedhur p\u00ebr tok\u00eb imazhin e Kosov\u00ebs dhe identitetin e saj europian, por edhe p\u00ebr ta larguar gjithnj\u00eb e m\u00eb shum\u00eb Kosov\u00ebn nga civilizimi europian, k\u00ebto l\u00ebvizje m\u00eb shum\u00eb i ndihmojn\u00eb armiq\u00ebve t\u00eb brendsh\u00ebm dhe t\u00eb jasht\u00ebm t\u00eb Kosov\u00ebs.<\/p>\n<p>N\u00ebse ata q\u00eb d\u00ebshirojn\u00eb t&#8217;ia b\u00ebjn\u00eb qejfin vetes dhe ata q\u00eb mendojn se nuk ka urrejtje t\u00eb mjaftueshme dhe polarizimi t\u00eb skajsh\u00ebm n\u00eb Kosov\u00eb n\u00eb t\u00eb gjitha nivelet,mund vet\u00ebm t&#8217;i hedhin nj\u00eb sy realitetit dhe do e shohin se \u00e7ka \u00ebsht\u00eb duke u zier brenda shtetit t\u00eb mbykqyrur t\u00eb Kosov\u00ebs dhe \u00e7&#8217;pasoj do t\u00eb ket\u00eb vendi n\u00eb p\u00ebrgjith\u00ebsi nga k\u00ebto tronditje t\u00eb m\u00ebdha t\u00eb l\u00ebkundjes s\u00eb hapave t\u00eb Kosov\u00ebs dhe rrug\u00ebve t\u00eb shkurt\u00ebra q\u00eb kan\u00eb nd\u00ebrtuar lidershipi politik i verb\u00ebr dhe i polarizuar i shtetit t\u00eb mbykqyrur t\u00eb Kosov\u00ebs.<\/p>\n<p>Sa m\u00eb shum\u00eb q\u00eb t\u00eb zgjerohen rrug\u00ebt e polarizimeve ekstreme t\u00eb politik\u00ebs dhe mjediseve tjera t\u00eb niveleve dhe aspekteve n\u00eb Kosov\u00eb aq\u00eb m\u00eb shum\u00eb do zbehet rruga e Kosov\u00eb p\u00ebr nj\u00eb demokraci t\u00eb v\u00ebrtet\u00eb, shtetin juridk, ekonomin stabile,qeversijen e mire etj etj, dhe po ashtu sa m\u00eb shum\u00eb q\u00eb zgjerohen k\u00ebto rrug\u00eb aq\u00eb m\u00eb shum\u00eb do t\u00eb p\u00ebrhumbet apo edhe do t\u00eb zbehet n\u00eb t\u00ebr\u00ebsi shtresa e mesme e klas\u00ebs shoq\u00ebrore dhe k\u00ebshtu Kosova do t\u00eb mund ta humb ardhm\u00ebrin\u00eb duke i mbyllur shoq\u00ebris\u00eb rrug\u00ebn e progresit, barazis\u00eb dhe kooperimit drejt nj\u00eb q\u00ebllimi t\u00eb p\u00ebrbashk\u00ebt p\u00ebr nj\u00eb vend demokratik,ekonomiisht t\u00eb zhvilluar, modern dhe europian.<\/p>\n<p>Sidomos tani jo vet\u00ebm q\u00eb \u00ebsht\u00eb duke u zgjeruar ky lloj polarizimi por edhe ka filluar t\u00eb kaloj n\u00eb armiq\u00ebsi si n\u00eb rrafshin politik ashtu edhe n\u00eb aspkete tjera ,nj\u00eb pjes\u00eb e politik\u00ebs \u00ebsht\u00eb e ndar\u00eb sepse mendon orientalisht,sipas saj europa vet\u00ebm \u00ebsht\u00eb interesi i tyre nd\u00ebrsa turqia dhe disa vende t\u00eb qejfeve t\u00eb tyre emocionale apo edhe bindjeve t\u00eb tyre orientaliste jan\u00eb q\u00ebllimi i tyre dhe v\u00ebllaz\u00ebria e tyre, nd\u00ebrsa pjesa tjet\u00ebr \u00ebsht\u00eb pak m\u00eb e vet\u00ebdijshme se europa nuk \u00ebsht\u00eb nj\u00eb interes por nj\u00eb vler\u00eb q\u00eb na bashkon dhe se \u00ebsht\u00eb familja q\u00eb duhet t&#8217;i rikthehemi si\u00e7 kthehej djali plangprish\u00ebs tek ati pas gjith\u00eb atyre t\u00eb zezave dhe \u00e7mendurive q\u00eb kishte b\u00ebr\u00eb. Se fjal\u00ebt e Gjergj Fisht\u00ebs po na ting\u00ebllojn\u00eb si t\u00eb ishin shkruar sot k\u00ebt\u00eb vet\u00ebm fuqia e fjal\u00ebs dhe e nj\u00eb mendje t\u00eb ndritur mund ta mendonte si vijon\u201dm\u00eb leht\u00eb \u00ebsht\u00eb me mbledh\u00eb nj\u00eb thes pleshta se ti bashkosh dy shqiptar\u00eb&#8221;.(&#8230;)<\/p>\n<p>Nga polarizimet e tilla \u00ebsht\u00eb rrezik q\u00eb nj\u00eb dit\u00eb Kosova t\u00eb dal nga shinat dhe n\u00ebse ndodh\u00eb kjo at\u00ebher\u00eb \u00ebsht\u00eb v\u00ebshtir\u00eb n\u00eb fund t\u00eb shmang\u00ebsh k\u00ebt\u00eb lloj polarizimi t\u00eb skajsh\u00ebm, sepse n\u00ebse tani ky lloj polarizimi nuk p\u00ebrfundon apo nuk ndalet dhe n\u00ebse nuk shkon drejt p\u00ebrbashk\u00ebsis\u00eb, at\u00ebher\u00eb jan\u00eb t\u00eb pashmangshme pasojat, dhe vendi do t\u00eb mund t\u00eb destinohej drejt nj\u00eb fat\u00ebkeq\u00ebsie t\u00eb madhe dhe me nj\u00eb \u00e7mim historik t\u00eb lart\u00eb.<\/p>\n<p>Nd\u00ebrsa fjal\u00ebt dhe retorika e lidershipit politik p\u00ebr t&#8217;i afruar pikat me gjeste t\u00eb rrejshme t\u00eb nj\u00eb \u201cbashk\u00ebpunimi pa vullnet t\u00eb mir\u00eb e t\u00eb brendsh\u00ebm\u201d n\u00eb t\u00eb gjitha linjat dhe aspektet nuk \u00ebsht\u00eb asgj\u00eb m\u00eb shum\u00eb se nj\u00eb lloj fluske \u201cbublash\u201d q\u00eb mundohen t\u00eb mashtrojn t\u00eb tjer\u00ebt si t\u00eb ishin f\u00ebmij\u00eb, por q\u00eb fakti tregon se q\u00ebllimi kryesor i gjith\u00eb k\u00ebsaj garniture dhe niveleve t\u00eb saj n\u00eb t\u00eb gjitha mjediset dhe aspektet po shkon drejt polarizimeve se sa drejt nj\u00eb pajtimi apo bashk\u00ebpunimi t\u00eb thell\u00eb dhe t\u00eb v\u00ebrtet\u00eb n\u00eb t\u00eb mir\u00eb t\u00eb vendit dhe ardhm\u00ebris\u00eb s\u00eb tij euroatlantike.<\/p>\n<p>Nuk mund t\u00eb mos n\u00ebnvizohet se populli i Kosov\u00ebs jeton q\u00eb nga \u00e7lirimi nga miq\u00ebt nd\u00ebrkomb\u00ebtar n\u00ebn nj\u00eb hije t\u00eb mbuluar nga lidershipi politik e q\u00eb si mesazh t\u00eb vet\u00ebm dhe dominues n\u00eb t\u00ebr\u00eb politik\u00ebn e tyre ata mbajn\u00eb k\u00ebt\u00eb lloj polarizimi dhe harrim t\u00eb historis\u00eb dhe vujatjeve t\u00eb popullit p\u00ebr liri, barazi, demokraci, m\u00ebvet\u00ebsi dhe b\u00ebshkim n\u00eb familjen e saj europiane.<\/p>\n<p>Kur Kosova dhe populli i saj ishte n\u00eb pritje t\u00eb fatit t\u00eb saj historik rrethanat tona sic dihet nuk kan\u00eb qen\u00eb t\u00eb mira por jo edhe t\u00eb polarizuara , por dihet se gjat\u00eb k\u00ebsaj pritje t\u00eb madhe t\u00eb fatit historik t\u00eb saj shoq\u00ebria dhe t\u00ebr\u00eb populli yn\u00eb ishte shum\u00eb m\u00eb i qet\u00eb dhe stabil dhe i v\u00ebmendsh\u00ebm ndaj procesve q\u00eb vinin drejt tyre dhe rrug\u00ebs q\u00eb duhej ndjekur.<\/p>\n<p>Nd\u00ebrsa sot pasi kemi nj\u00eb lloj lirie gjoja \u201cfizike\u201d por n\u00eb munges\u00eb t\u00eb liris\u00eb shpirt\u00ebrore kemi nj\u00eb lloj polarizimi midis t\u00eb pasurve dhe t\u00eb varf\u00ebrve, polarizim n\u00eb t\u00eb gjitha nivelet dhe aspektet e jet\u00ebs si t\u00eb sistemit politik,kulturor ashtu edhe t\u00eb shoq\u00ebris\u00eb n\u00eb p\u00ebrgjith\u00ebsi, kjo po e d\u00ebmton r\u00ebnd\u00eb vendin n\u00eb t\u00eb gjitha fushat.N\u00eb vend se lidershipi dhe t\u00ebr\u00eb elita politike t\u00eb mblidhet s\u00eb bashku n\u00eb nj\u00eb grusht t\u00eb vet\u00ebm fishtian duke afruar pikpamjet e tyre n\u00eb pun\u00ebn p\u00ebr t\u00eb mir\u00eb t\u00eb vendit dhe ardhm\u00ebris\u00eb s\u00eb tij dhe ta heq qafe k\u00ebt\u00eb polarizim, k\u00ebta edhe m\u00eb shum\u00eb po shfaqin n\u00eb fytyr\u00ebn e p\u00ebrgjithshme t\u00eb politik\u00ebs dhe shtetit nj\u00eb polarizim rr\u00ebshqanor\u00ebsh.<\/p>\n<p>Dhe krejt n\u00eb fund \u00ebsht\u00eb shum\u00eb e r\u00ebnd\u00ebsishme q\u00eb lidershipi politik dhe shoq\u00ebria n\u00eb t\u00ebr\u00ebsi t\u00eb ndaloj s\u00eb kontribuar n\u00eb zgjerimin e polarizimeve dhe urrejtjes s\u00eb madhe ,t\u00eb cilat kan\u00eb kapluar vendin p\u00ebr shkak t\u00eb menatlitetit oriental dhe bizantin,sepse kjo m\u00eb shum\u00eb sjell joproduktivitet dhe rr\u00ebnim t\u00eb themeleve t\u00eb liris\u00eb dhe barazis\u00eb dhe shtetit demokratik se sa njeh drejtimin e duhur t\u00eb historis\u00eb dhe progresit n\u00eb p\u00ebrgjith\u00ebsi.(&#8230;)<\/p>\n<p>Ne po shohim p\u00ebr \u00e7do dit\u00eb se si \u00ebsht\u00eb duke u humbur besimi n\u00eb lidershipin politik t\u00eb vendit dhe kjo ftoht\u00ebsi apo kjo shenj\u00eb e largimit t\u00eb vullnetit dhe besimit t\u00eb popullit nga lidershipi politik vjen si rezultat i keqmenaxhimit, polarizimeve t\u00eb skajshme, dukurive negative (krimi i organizuar, korrupsioni, rreziku nga terrorizimi), qeverisjes s\u00eb dob\u00ebt, mosrespeketimi i kushtetut\u00ebs, moszhvillimi ekonomik etj. etj., prandaj kjo mund t\u00eb sjell m\u00eb von\u00eb edhe pse n\u00eb m\u00ebnyr\u00eb t\u00eb ngadalshme rritjen e nj\u00eb mosbesimi t\u00eb madh\u00eb e q\u00eb do t\u00eb mund t\u00eb prodhonte nj\u00eb luft\u00eb civile q\u00eb do t\u00eb zgjerohej edhe m\u00eb drejt\u00eb nj\u00eb lufte shum\u00ebngjyrr\u00ebshe dhe t\u00eb involvuar shum\u00eb rryma q\u00eb do t\u00eb mund ta paralizonin vendin.<\/p>\n<p>Tani \u00ebsht\u00eb koha t\u00eb fillohet t\u00eb shkohet drejt bashkimit dhe njohjes t\u00eb s\u00eb v\u00ebrtet\u00ebs historike brenda qenjes s\u00eb kombit ton\u00eb, n\u00ebse sot nuk ndodh\u00eb kjo at\u00ebher\u00eb shenjat jan\u00eb tep\u00ebr shqet\u00ebsuese se vendi mund t\u00eb shkoj drejt nj\u00eb ndarje t\u00eb dhimbshme dhe p\u00ebr\u00e7arje t\u00eb madhe brenda vet\u00eb politik\u00ebs dhe shoq\u00ebris\u00eb e q\u00eb do t\u00eb ishte ogurzi dhe do ta ndalte rrug\u00ebn e ardhm\u00ebris\u00eb s\u00eb vendit dhe ecjes s\u00eb tij n\u00eb hapin e kombeve moderne dhe t\u00eb zhvilluara si dhe t\u00eb proceseve t\u00eb integrimit n\u00eb familjen europiane.<\/p>\n","protected":false},"excerpt":{"rendered":"<p>Nga Gjon KEKA Gjat\u00eb gjith\u00eb koh\u00ebs kur proceset e nj\u00eb vendi kan\u00eb ecur n\u00eb uj\u00ebra t\u00eb turbullta dhe nga ndarjet ekstreme duke ngre k\u00ebshtu nj\u00eb lloj polarizimi t\u00eb skajsh\u00ebm n\u00eb sistemin politik ,ateh\u00ebr kan\u00eb dalur edhe z\u00ebra intelektual e t\u00eb moderuar q\u00eb kan\u00eb shfaqur mendimin e tyre si ur\u00eb rreth k\u00ebtij procesi p\u00ebr ta shp\u00ebtuar [&hellip;]<\/p>\n","protected":false},"author":1,"featured_media":0,"comment_status":"open","ping_status":"closed","sticky":false,"template":"","format":"standard","meta":{"footnotes":""},"categories":[2],"tags":[],"class_list":{"0":"post-3086","1":"post","2":"type-post","3":"status-publish","4":"format-standard","6":"category-artikuj"},"yoast_head":"<!-- This site is optimized with the Yoast SEO plugin v27.4 - https:\/\/yoast.com\/product\/yoast-seo-wordpress\/ -->\n<title>Polarizimet ekstreme dhe zbehja e rrug\u00ebs s\u00eb Kosov\u00ebs - FjALA e LIR\u00cb - Arkivi<\/title>\n<meta name=\"robots\" content=\"index, follow, max-snippet:-1, max-image-preview:large, max-video-preview:-1\" \/>\n<link rel=\"canonical\" href=\"https:\/\/fjala.info\/2009-2015\/polarizimet-ekstreme-dhe-zbehja-e-rruges-se-kosoves\/\" \/>\n<meta property=\"og:locale\" content=\"sq_AL\" \/>\n<meta property=\"og:type\" content=\"article\" \/>\n<meta property=\"og:title\" content=\"Polarizimet ekstreme dhe zbehja e rrug\u00ebs s\u00eb Kosov\u00ebs - FjALA e LIR\u00cb - Arkivi\" \/>\n<meta property=\"og:description\" content=\"Nga Gjon KEKA Gjat\u00eb gjith\u00eb koh\u00ebs kur proceset e nj\u00eb vendi kan\u00eb ecur n\u00eb uj\u00ebra t\u00eb turbullta dhe nga ndarjet ekstreme duke ngre k\u00ebshtu nj\u00eb lloj polarizimi t\u00eb skajsh\u00ebm n\u00eb sistemin politik ,ateh\u00ebr kan\u00eb dalur edhe z\u00ebra intelektual e t\u00eb moderuar q\u00eb kan\u00eb shfaqur mendimin e tyre si ur\u00eb rreth k\u00ebtij procesi p\u00ebr ta shp\u00ebtuar [&hellip;]\" \/>\n<meta property=\"og:url\" content=\"https:\/\/fjala.info\/2009-2015\/polarizimet-ekstreme-dhe-zbehja-e-rruges-se-kosoves\/\" \/>\n<meta property=\"og:site_name\" content=\"FjALA e LIR\u00cb - Arkivi\" \/>\n<meta property=\"article:published_time\" content=\"2010-06-25T01:46:40+00:00\" \/>\n<meta name=\"author\" content=\"admin\" \/>\n<meta name=\"twitter:card\" content=\"summary_large_image\" \/>\n<meta name=\"twitter:label1\" content=\"Written by\" \/>\n\t<meta name=\"twitter:data1\" content=\"admin\" \/>\n\t<meta name=\"twitter:label2\" content=\"Est. reading time\" \/>\n\t<meta name=\"twitter:data2\" content=\"10 minutes\" \/>\n<script type=\"application\/ld+json\" class=\"yoast-schema-graph\">{\"@context\":\"https:\\\/\\\/schema.org\",\"@graph\":[{\"@type\":\"Article\",\"@id\":\"https:\\\/\\\/fjala.info\\\/2009-2015\\\/polarizimet-ekstreme-dhe-zbehja-e-rruges-se-kosoves\\\/#article\",\"isPartOf\":{\"@id\":\"https:\\\/\\\/fjala.info\\\/2009-2015\\\/polarizimet-ekstreme-dhe-zbehja-e-rruges-se-kosoves\\\/\"},\"author\":{\"name\":\"admin\",\"@id\":\"https:\\\/\\\/fjala.info\\\/2009-2015\\\/#\\\/schema\\\/person\\\/3aa1163ef05469c496fc94e77611ada2\"},\"headline\":\"Polarizimet ekstreme dhe zbehja e rrug\u00ebs s\u00eb Kosov\u00ebs\",\"datePublished\":\"2010-06-25T01:46:40+00:00\",\"mainEntityOfPage\":{\"@id\":\"https:\\\/\\\/fjala.info\\\/2009-2015\\\/polarizimet-ekstreme-dhe-zbehja-e-rruges-se-kosoves\\\/\"},\"wordCount\":1932,\"commentCount\":0,\"publisher\":{\"@id\":\"https:\\\/\\\/fjala.info\\\/2009-2015\\\/#organization\"},\"articleSection\":[\"Artikuj\"],\"inLanguage\":\"sq-AL\",\"potentialAction\":[{\"@type\":\"CommentAction\",\"name\":\"Comment\",\"target\":[\"https:\\\/\\\/fjala.info\\\/2009-2015\\\/polarizimet-ekstreme-dhe-zbehja-e-rruges-se-kosoves\\\/#respond\"]}]},{\"@type\":\"WebPage\",\"@id\":\"https:\\\/\\\/fjala.info\\\/2009-2015\\\/polarizimet-ekstreme-dhe-zbehja-e-rruges-se-kosoves\\\/\",\"url\":\"https:\\\/\\\/fjala.info\\\/2009-2015\\\/polarizimet-ekstreme-dhe-zbehja-e-rruges-se-kosoves\\\/\",\"name\":\"Polarizimet ekstreme dhe zbehja e rrug\u00ebs s\u00eb Kosov\u00ebs - FjALA e LIR\u00cb - Arkivi\",\"isPartOf\":{\"@id\":\"https:\\\/\\\/fjala.info\\\/2009-2015\\\/#website\"},\"datePublished\":\"2010-06-25T01:46:40+00:00\",\"breadcrumb\":{\"@id\":\"https:\\\/\\\/fjala.info\\\/2009-2015\\\/polarizimet-ekstreme-dhe-zbehja-e-rruges-se-kosoves\\\/#breadcrumb\"},\"inLanguage\":\"sq-AL\",\"potentialAction\":[{\"@type\":\"ReadAction\",\"target\":[\"https:\\\/\\\/fjala.info\\\/2009-2015\\\/polarizimet-ekstreme-dhe-zbehja-e-rruges-se-kosoves\\\/\"]}]},{\"@type\":\"BreadcrumbList\",\"@id\":\"https:\\\/\\\/fjala.info\\\/2009-2015\\\/polarizimet-ekstreme-dhe-zbehja-e-rruges-se-kosoves\\\/#breadcrumb\",\"itemListElement\":[{\"@type\":\"ListItem\",\"position\":1,\"name\":\"Home\",\"item\":\"https:\\\/\\\/fjala.info\\\/2009-2015\\\/\"},{\"@type\":\"ListItem\",\"position\":2,\"name\":\"Polarizimet ekstreme dhe zbehja e rrug\u00ebs s\u00eb Kosov\u00ebs\"}]},{\"@type\":\"WebSite\",\"@id\":\"https:\\\/\\\/fjala.info\\\/2009-2015\\\/#website\",\"url\":\"https:\\\/\\\/fjala.info\\\/2009-2015\\\/\",\"name\":\"FjALA e LIR\u00cb - Arkivi\",\"description\":\"Arkivi 2009-2015\",\"publisher\":{\"@id\":\"https:\\\/\\\/fjala.info\\\/2009-2015\\\/#organization\"},\"potentialAction\":[{\"@type\":\"SearchAction\",\"target\":{\"@type\":\"EntryPoint\",\"urlTemplate\":\"https:\\\/\\\/fjala.info\\\/2009-2015\\\/?s={search_term_string}\"},\"query-input\":{\"@type\":\"PropertyValueSpecification\",\"valueRequired\":true,\"valueName\":\"search_term_string\"}}],\"inLanguage\":\"sq-AL\"},{\"@type\":\"Organization\",\"@id\":\"https:\\\/\\\/fjala.info\\\/2009-2015\\\/#organization\",\"name\":\"FjALA e LIR\u00cb - Arkivi\",\"url\":\"https:\\\/\\\/fjala.info\\\/2009-2015\\\/\",\"logo\":{\"@type\":\"ImageObject\",\"inLanguage\":\"sq-AL\",\"@id\":\"https:\\\/\\\/fjala.info\\\/2009-2015\\\/#\\\/schema\\\/logo\\\/image\\\/\",\"url\":\"\",\"contentUrl\":\"\",\"caption\":\"FjALA e LIR\u00cb - Arkivi\"},\"image\":{\"@id\":\"https:\\\/\\\/fjala.info\\\/2009-2015\\\/#\\\/schema\\\/logo\\\/image\\\/\"}},{\"@type\":\"Person\",\"@id\":\"https:\\\/\\\/fjala.info\\\/2009-2015\\\/#\\\/schema\\\/person\\\/3aa1163ef05469c496fc94e77611ada2\",\"name\":\"admin\",\"image\":{\"@type\":\"ImageObject\",\"inLanguage\":\"sq-AL\",\"@id\":\"https:\\\/\\\/fjala.info\\\/2009-2015\\\/wp-content\\\/uploads\\\/2012\\\/02\\\/arben_cokaj-120x150.jpg\",\"url\":\"https:\\\/\\\/fjala.info\\\/2009-2015\\\/wp-content\\\/uploads\\\/2012\\\/02\\\/arben_cokaj-120x150.jpg\",\"contentUrl\":\"https:\\\/\\\/fjala.info\\\/2009-2015\\\/wp-content\\\/uploads\\\/2012\\\/02\\\/arben_cokaj-120x150.jpg\",\"caption\":\"admin\"},\"description\":\"Admin, Fjala e Lir\u00eb\",\"sameAs\":[\"https:\\\/\\\/fjala.info\\\/\"],\"url\":\"https:\\\/\\\/fjala.info\\\/2009-2015\\\/author\\\/admin\\\/\"}]}<\/script>\n<!-- \/ Yoast SEO plugin. -->","yoast_head_json":{"title":"Polarizimet ekstreme dhe zbehja e rrug\u00ebs s\u00eb Kosov\u00ebs - FjALA e LIR\u00cb - Arkivi","robots":{"index":"index","follow":"follow","max-snippet":"max-snippet:-1","max-image-preview":"max-image-preview:large","max-video-preview":"max-video-preview:-1"},"canonical":"https:\/\/fjala.info\/2009-2015\/polarizimet-ekstreme-dhe-zbehja-e-rruges-se-kosoves\/","og_locale":"sq_AL","og_type":"article","og_title":"Polarizimet ekstreme dhe zbehja e rrug\u00ebs s\u00eb Kosov\u00ebs - FjALA e LIR\u00cb - Arkivi","og_description":"Nga Gjon KEKA Gjat\u00eb gjith\u00eb koh\u00ebs kur proceset e nj\u00eb vendi kan\u00eb ecur n\u00eb uj\u00ebra t\u00eb turbullta dhe nga ndarjet ekstreme duke ngre k\u00ebshtu nj\u00eb lloj polarizimi t\u00eb skajsh\u00ebm n\u00eb sistemin politik ,ateh\u00ebr kan\u00eb dalur edhe z\u00ebra intelektual e t\u00eb moderuar q\u00eb kan\u00eb shfaqur mendimin e tyre si ur\u00eb rreth k\u00ebtij procesi p\u00ebr ta shp\u00ebtuar [&hellip;]","og_url":"https:\/\/fjala.info\/2009-2015\/polarizimet-ekstreme-dhe-zbehja-e-rruges-se-kosoves\/","og_site_name":"FjALA e LIR\u00cb - Arkivi","article_published_time":"2010-06-25T01:46:40+00:00","author":"admin","twitter_card":"summary_large_image","twitter_misc":{"Written by":"admin","Est. reading time":"10 minutes"},"schema":{"@context":"https:\/\/schema.org","@graph":[{"@type":"Article","@id":"https:\/\/fjala.info\/2009-2015\/polarizimet-ekstreme-dhe-zbehja-e-rruges-se-kosoves\/#article","isPartOf":{"@id":"https:\/\/fjala.info\/2009-2015\/polarizimet-ekstreme-dhe-zbehja-e-rruges-se-kosoves\/"},"author":{"name":"admin","@id":"https:\/\/fjala.info\/2009-2015\/#\/schema\/person\/3aa1163ef05469c496fc94e77611ada2"},"headline":"Polarizimet ekstreme dhe zbehja e rrug\u00ebs s\u00eb Kosov\u00ebs","datePublished":"2010-06-25T01:46:40+00:00","mainEntityOfPage":{"@id":"https:\/\/fjala.info\/2009-2015\/polarizimet-ekstreme-dhe-zbehja-e-rruges-se-kosoves\/"},"wordCount":1932,"commentCount":0,"publisher":{"@id":"https:\/\/fjala.info\/2009-2015\/#organization"},"articleSection":["Artikuj"],"inLanguage":"sq-AL","potentialAction":[{"@type":"CommentAction","name":"Comment","target":["https:\/\/fjala.info\/2009-2015\/polarizimet-ekstreme-dhe-zbehja-e-rruges-se-kosoves\/#respond"]}]},{"@type":"WebPage","@id":"https:\/\/fjala.info\/2009-2015\/polarizimet-ekstreme-dhe-zbehja-e-rruges-se-kosoves\/","url":"https:\/\/fjala.info\/2009-2015\/polarizimet-ekstreme-dhe-zbehja-e-rruges-se-kosoves\/","name":"Polarizimet ekstreme dhe zbehja e rrug\u00ebs s\u00eb Kosov\u00ebs - FjALA e LIR\u00cb - Arkivi","isPartOf":{"@id":"https:\/\/fjala.info\/2009-2015\/#website"},"datePublished":"2010-06-25T01:46:40+00:00","breadcrumb":{"@id":"https:\/\/fjala.info\/2009-2015\/polarizimet-ekstreme-dhe-zbehja-e-rruges-se-kosoves\/#breadcrumb"},"inLanguage":"sq-AL","potentialAction":[{"@type":"ReadAction","target":["https:\/\/fjala.info\/2009-2015\/polarizimet-ekstreme-dhe-zbehja-e-rruges-se-kosoves\/"]}]},{"@type":"BreadcrumbList","@id":"https:\/\/fjala.info\/2009-2015\/polarizimet-ekstreme-dhe-zbehja-e-rruges-se-kosoves\/#breadcrumb","itemListElement":[{"@type":"ListItem","position":1,"name":"Home","item":"https:\/\/fjala.info\/2009-2015\/"},{"@type":"ListItem","position":2,"name":"Polarizimet ekstreme dhe zbehja e rrug\u00ebs s\u00eb Kosov\u00ebs"}]},{"@type":"WebSite","@id":"https:\/\/fjala.info\/2009-2015\/#website","url":"https:\/\/fjala.info\/2009-2015\/","name":"FjALA e LIR\u00cb - Arkivi","description":"Arkivi 2009-2015","publisher":{"@id":"https:\/\/fjala.info\/2009-2015\/#organization"},"potentialAction":[{"@type":"SearchAction","target":{"@type":"EntryPoint","urlTemplate":"https:\/\/fjala.info\/2009-2015\/?s={search_term_string}"},"query-input":{"@type":"PropertyValueSpecification","valueRequired":true,"valueName":"search_term_string"}}],"inLanguage":"sq-AL"},{"@type":"Organization","@id":"https:\/\/fjala.info\/2009-2015\/#organization","name":"FjALA e LIR\u00cb - Arkivi","url":"https:\/\/fjala.info\/2009-2015\/","logo":{"@type":"ImageObject","inLanguage":"sq-AL","@id":"https:\/\/fjala.info\/2009-2015\/#\/schema\/logo\/image\/","url":"","contentUrl":"","caption":"FjALA e LIR\u00cb - Arkivi"},"image":{"@id":"https:\/\/fjala.info\/2009-2015\/#\/schema\/logo\/image\/"}},{"@type":"Person","@id":"https:\/\/fjala.info\/2009-2015\/#\/schema\/person\/3aa1163ef05469c496fc94e77611ada2","name":"admin","image":{"@type":"ImageObject","inLanguage":"sq-AL","@id":"https:\/\/fjala.info\/2009-2015\/wp-content\/uploads\/2012\/02\/arben_cokaj-120x150.jpg","url":"https:\/\/fjala.info\/2009-2015\/wp-content\/uploads\/2012\/02\/arben_cokaj-120x150.jpg","contentUrl":"https:\/\/fjala.info\/2009-2015\/wp-content\/uploads\/2012\/02\/arben_cokaj-120x150.jpg","caption":"admin"},"description":"Admin, Fjala e Lir\u00eb","sameAs":["https:\/\/fjala.info\/"],"url":"https:\/\/fjala.info\/2009-2015\/author\/admin\/"}]}},"_links":{"self":[{"href":"https:\/\/fjala.info\/2009-2015\/wp-json\/wp\/v2\/posts\/3086","targetHints":{"allow":["GET"]}}],"collection":[{"href":"https:\/\/fjala.info\/2009-2015\/wp-json\/wp\/v2\/posts"}],"about":[{"href":"https:\/\/fjala.info\/2009-2015\/wp-json\/wp\/v2\/types\/post"}],"author":[{"embeddable":true,"href":"https:\/\/fjala.info\/2009-2015\/wp-json\/wp\/v2\/users\/1"}],"replies":[{"embeddable":true,"href":"https:\/\/fjala.info\/2009-2015\/wp-json\/wp\/v2\/comments?post=3086"}],"version-history":[{"count":0,"href":"https:\/\/fjala.info\/2009-2015\/wp-json\/wp\/v2\/posts\/3086\/revisions"}],"wp:attachment":[{"href":"https:\/\/fjala.info\/2009-2015\/wp-json\/wp\/v2\/media?parent=3086"}],"wp:term":[{"taxonomy":"category","embeddable":true,"href":"https:\/\/fjala.info\/2009-2015\/wp-json\/wp\/v2\/categories?post=3086"},{"taxonomy":"post_tag","embeddable":true,"href":"https:\/\/fjala.info\/2009-2015\/wp-json\/wp\/v2\/tags?post=3086"}],"curies":[{"name":"wp","href":"https:\/\/api.w.org\/{rel}","templated":true}]}}