{"id":3082,"date":"2010-06-23T08:04:24","date_gmt":"2010-06-23T07:04:24","guid":{"rendered":"http:\/\/fjala.shkoder.net\/?p=3082"},"modified":"2010-06-23T08:04:24","modified_gmt":"2010-06-23T07:04:24","slug":"fisnikeria-dhe-procesi-i-islamizimit-te-shqiptareve","status":"publish","type":"post","link":"https:\/\/fjala.info\/2009-2015\/fisnikeria-dhe-procesi-i-islamizimit-te-shqiptareve\/","title":{"rendered":"Fisnik\u00ebria dhe procesi i islamizimit t\u00eb shqiptar\u00ebve"},"content":{"rendered":"<p><strong>Prof. Dr. Ferit Duka<\/strong>, <em>22.06.2010<\/em><\/p>\n<p>Historia e popullit shqiptar ofron nj\u00eb model pothuajse unik, p\u00ebrsa u p\u00ebrket ve\u00e7orive t\u00eb kompozicionit fetar t\u00eb k\u00ebtij populli n\u00eb rrjedh\u00ebn e shekujve. Nj\u00eb popull relativisht i vog\u00ebl n\u00eb num\u00ebr dallohet nga popujt e tjer\u00eb t\u00eb rajonit, jo vet\u00ebm p\u00ebr nga hershm\u00ebria e banimit n\u00eb trojet e veta, por edhe nga diversiteti i besimeve brenda nj\u00eb identiteti t\u00eb vet\u00ebm komb\u00ebtar.<\/p>\n<p>Shqiptar\u00ebt ishin nd\u00ebr t\u00eb par\u00ebt popuj t\u00eb Europ\u00ebs q\u00eb p\u00ebrqafuan Krishterimin gjat\u00eb shekujve t\u00eb par\u00eb t\u00eb er\u00ebs s\u00eb re. Skizma e vitit 1054, kur Kisha Katolike (Per\u00ebndimore) u nda p\u00ebrfundimisht nga Kisha Lindore (Ortodokse), sh\u00ebnoi ndarjen e par\u00eb t\u00eb shqiptar\u00ebve n\u00eb ndjek\u00ebs t\u00eb ritit katolik dhe n\u00eb ndjek\u00ebs t\u00eb ritit ortodoks.<\/p>\n<p>Megjith\u00ebse Ortodoksia ruajti pozita t\u00eb q\u00ebndrueshme, sepse kishte edhe mb\u00ebshtetjen e shteteve t\u00eb fuqishme ortodokse, q\u00eb sunduan p\u00ebr nj\u00eb koh\u00eb t\u00eb gjat\u00eb pjes\u00ebn m\u00eb t\u00eb madhe t\u00eb tokave shqiptare (Perandoria Bizantine, Mbret\u00ebria Bullgare dhe ajo Serbe), edhe Krishterimi Katolik, fal\u00eb mb\u00ebshtetjes s\u00eb shteteve per\u00ebndimore q\u00eb sunduan pothuajse pand\u00ebrprerje gjat\u00eb Mesjet\u00ebs n\u00eb nj\u00eb pjes\u00eb t\u00eb mir\u00eb t\u00eb territorit shqiptar (kryesisht n\u00eb brezin per\u00ebndimor), ruajti pranin\u00eb e vet n\u00eb k\u00ebto hap\u00ebsira duke pasur jo vet\u00ebm nj\u00eb num\u00ebr relativisht t\u00eb madh besimtar\u00ebsh, por edhe institucione t\u00eb fuqishme.<\/p>\n<p>S\u2019ka dyshim se prania e riteve t\u00eb ndryshme t\u00eb krishtere n\u00eb mesin e shqiptar\u00ebve krijonte nj\u00eb gjendje specifike, n\u00eb krahasim me popujt e tjer\u00eb t\u00eb Ballkanit, t\u00eb cil\u00ebt pothuajse ishin homogjen\u00eb nga pik\u00ebpamja e struktur\u00ebs fetare. Megjithat\u00eb, situata fetare n\u00eb tokat shqiptare do t\u00eb fitonte nj\u00eb pamje krejt t\u00eb re duke filluar nga shek. XV.<\/p>\n<p>Vendosja e sundimit osman n\u00eb tokat shqiptare u shoq\u00ebrua me ndryshime t\u00eb thella, jo vet\u00ebm n\u00eb fushat politike, shoq\u00ebrore dhe ekonomike, por edhe n\u00eb struktur\u00ebn fetare t\u00eb popullsis\u00eb. P\u00ebrkat\u00ebsia e krishter\u00eb e shqiptar\u00ebve (pjes\u00ebrisht n\u00eb ritin ortodoks dhe pjes\u00ebrisht n\u00eb at\u00eb katolik) filloi t\u00eb cenohej n\u00eb dobi t\u00eb p\u00ebrhapjes s\u00eb Islamit, fe zyrtare e shtetit osman.<\/p>\n<p>Pjesa e sip\u00ebrme e piramid\u00ebs shoq\u00ebrore, fisnik\u00ebria shqiptare, ishte e para q\u00eb provoi dukurin\u00eb e kalimit n\u00eb Islam. Q\u00eb nga gjysma e dyt\u00eb e shek. XIV, kur inkursionet osmane drejt Ballkanit dhe Shqip\u00ebris\u00eb sa vinin e dend\u00ebsoheshin, princat shqiptar\u00eb u shtr\u00ebnguan kush m\u00eb her\u00ebt e kush m\u00eb von\u00eb, t\u00eb pranojn\u00eb suzerenitetin e sulltanit dhe, si vasal\u00eb t\u00eb tij, t\u00eb d\u00ebrgojn\u00eb djemt\u00eb e vet si pengje pran\u00eb oborrit osman. K\u00ebtu, pasi ktheheshin n\u00eb Islam dhe merrnin edukat\u00ebn p\u00ebrkat\u00ebse, ata ngarkoheshin me sh\u00ebrbime t\u00eb caktuara ushtarake e civile, duke arritur n\u00eb shum\u00eb raste edhe n\u00eb funksione t\u00eb larta, si sanxhakbejler\u00eb, subash\u00eb etj.<\/p>\n<p>Nd\u00ebr pinjoll\u00ebt e islamizuar t\u00eb familjeve feudale shqiptare t\u00eb d\u00ebrguar pran\u00eb oborrit t\u00eb sulltanit si i\u00e7oglan\u00eb ishte edhe Heroi Komb\u00ebtar i shqiptar\u00ebve Gjergj Kastrioti (i islamizuar me emrin Sk\u00ebnder), nj\u00eb nga djemt\u00eb e Gjon Kastriotit. Islamizimi i nj\u00eb pjese t\u00eb elit\u00ebs feudale shqiptare q\u00eb n\u00eb dhjet\u00ebvje\u00e7ar\u00ebt e par\u00eb t\u00eb sundimit osman, formoi k\u00ebshtu kontingjentin fillestar t\u00eb popullsis\u00eb s\u00eb islamizuar shqiptare.<\/p>\n<p>Nj\u00eb pjes\u00eb e fisnik\u00ebris\u00eb shqiptare deri n\u00eb fillimet e shek. XVI mundi ta ruaj\u00eb identitetin e vet fetar t\u00eb krishter\u00eb, edhe pse ishte zot\u00ebruese e timareve. Zot\u00ebruesit e krishter\u00eb t\u00eb timareve, t\u00eb quajtur ndryshe \u201ctimariot\u00eb t\u00eb krishter\u00eb\u201d, ekzistuan vet\u00ebm p\u00ebrkoh\u00ebsisht si kategori shoq\u00ebrore. Lejimi i ekzistenc\u00ebs s\u00eb p\u00ebrkohshme t\u00eb timariot\u00ebve t\u00eb krishter\u00eb nga ana e shtetit osman ishte jo vet\u00ebm shenj\u00eb e toleranc\u00ebs fetare, por edhe nj\u00eb rrug\u00eb p\u00ebr integrimin gradual n\u00eb sistemin e timarit t\u00eb k\u00ebsaj kategorie shoq\u00ebrore, me q\u00ebllim islamizimin dhe otomanizimin e ardhsh\u00ebm t\u00eb saj. Burimet dokumentare t\u00eb shek. XV sh\u00ebnojn\u00eb mjaft raste t\u00eb kalimit t\u00eb timareve nga duart e timariot\u00ebve t\u00eb krishter\u00eb n\u00eb zot\u00ebrim t\u00eb pasardh\u00ebsve t\u00eb tyre t\u00eb islamizuar.<\/p>\n<p>Timarior\u00ebt e krishter\u00eb formonin nj\u00eb pakic\u00eb n\u00eb krahasim me timariot\u00ebt shqiptar\u00eb t\u00eb islamizuar. Kjo duket qart\u00eb jo vet\u00ebm n\u00eb sasin\u00eb e timareve q\u00eb zot\u00ebronin, por edhe n\u00eb sasin\u00eb e taksave q\u00eb ata merrnin nga k\u00ebto timare. P\u00ebrgjith\u00ebsisht procesi i kalimit n\u00eb Islam i timariot\u00ebve t\u00eb krishter\u00eb nuk zgjati m\u00eb shum\u00eb se dy breza q\u00eb prej momentit t\u00eb p\u00ebrfshirjes s\u00eb tyre n\u00eb sistemin e timarit, gj\u00eb q\u00eb flet p\u00ebr at\u00eb se fisnik\u00ebria shqiptare u islamizua relativisht shpejt. Me shuarjen e kategoris\u00eb s\u00eb timariot\u00ebve t\u00eb krishter\u00eb n\u00eb fillimet e shek. XVI, ishte arritur islamizimi t\u00ebr\u00ebsor i klas\u00ebs feudale shqiptare.<\/p>\n<p>Edhe p\u00ebrfaq\u00ebsuesit m\u00eb t\u00eb shquar t\u00eb familjeve feudale shqiptare t\u00eb Arianit\u00ebve, Dukagjin\u00ebve, Muzakajve, etj., pas shtypjes s\u00eb q\u00ebndres\u00ebs kund\u00ebrosmane t\u00eb shek. XV, ose u larguan nga Shqip\u00ebria, ose u b\u00ebn\u00eb pjes\u00eb e popullsis\u00eb s\u00eb islamizuar, duke krijuar k\u00ebshtu baz\u00ebn e nevojshme p\u00ebr fillimin e dep\u00ebrtimit masiv t\u00eb Islamit n\u00eb shtresat e tjera t\u00eb popullsis\u00eb shqiptare. Kjo lidhej jo me pesh\u00ebn numerike q\u00eb feudal\u00ebt zinin n\u00eb kuad\u00ebr t\u00eb shoq\u00ebris\u00eb shqiptare t\u00eb koh\u00ebs, por me ndikimin e fuqish\u00ebm shoq\u00ebror dhe politik q\u00eb ata kishin n\u00eb mesin e popullsis\u00eb.<\/p>\n","protected":false},"excerpt":{"rendered":"<p>Prof. Dr. Ferit Duka, 22.06.2010 Historia e popullit shqiptar ofron nj\u00eb model pothuajse unik, p\u00ebrsa u p\u00ebrket ve\u00e7orive t\u00eb kompozicionit fetar t\u00eb k\u00ebtij populli n\u00eb rrjedh\u00ebn e shekujve. Nj\u00eb popull relativisht i vog\u00ebl n\u00eb num\u00ebr dallohet nga popujt e tjer\u00eb t\u00eb rajonit, jo vet\u00ebm p\u00ebr nga hershm\u00ebria e banimit n\u00eb trojet e veta, por edhe [&hellip;]<\/p>\n","protected":false},"author":1,"featured_media":0,"comment_status":"open","ping_status":"closed","sticky":false,"template":"","format":"standard","meta":{"footnotes":""},"categories":[2],"tags":[],"class_list":{"0":"post-3082","1":"post","2":"type-post","3":"status-publish","4":"format-standard","6":"category-artikuj"},"yoast_head":"<!-- This site is optimized with the Yoast SEO plugin v27.4 - https:\/\/yoast.com\/product\/yoast-seo-wordpress\/ -->\n<title>Fisnik\u00ebria dhe procesi i islamizimit t\u00eb shqiptar\u00ebve - FjALA e LIR\u00cb - Arkivi<\/title>\n<meta name=\"robots\" content=\"index, follow, max-snippet:-1, max-image-preview:large, max-video-preview:-1\" \/>\n<link rel=\"canonical\" href=\"https:\/\/fjala.info\/2009-2015\/fisnikeria-dhe-procesi-i-islamizimit-te-shqiptareve\/\" \/>\n<meta property=\"og:locale\" content=\"sq_AL\" \/>\n<meta property=\"og:type\" content=\"article\" \/>\n<meta property=\"og:title\" content=\"Fisnik\u00ebria dhe procesi i islamizimit t\u00eb shqiptar\u00ebve - FjALA e LIR\u00cb - Arkivi\" \/>\n<meta property=\"og:description\" content=\"Prof. Dr. Ferit Duka, 22.06.2010 Historia e popullit shqiptar ofron nj\u00eb model pothuajse unik, p\u00ebrsa u p\u00ebrket ve\u00e7orive t\u00eb kompozicionit fetar t\u00eb k\u00ebtij populli n\u00eb rrjedh\u00ebn e shekujve. Nj\u00eb popull relativisht i vog\u00ebl n\u00eb num\u00ebr dallohet nga popujt e tjer\u00eb t\u00eb rajonit, jo vet\u00ebm p\u00ebr nga hershm\u00ebria e banimit n\u00eb trojet e veta, por edhe [&hellip;]\" \/>\n<meta property=\"og:url\" content=\"https:\/\/fjala.info\/2009-2015\/fisnikeria-dhe-procesi-i-islamizimit-te-shqiptareve\/\" \/>\n<meta property=\"og:site_name\" content=\"FjALA e LIR\u00cb - Arkivi\" \/>\n<meta property=\"article:published_time\" content=\"2010-06-23T07:04:24+00:00\" \/>\n<meta name=\"author\" content=\"admin\" \/>\n<meta name=\"twitter:card\" content=\"summary_large_image\" \/>\n<meta name=\"twitter:label1\" content=\"Written by\" \/>\n\t<meta name=\"twitter:data1\" content=\"admin\" \/>\n\t<meta name=\"twitter:label2\" content=\"Est. reading time\" \/>\n\t<meta name=\"twitter:data2\" content=\"5 minutes\" \/>\n<script type=\"application\/ld+json\" class=\"yoast-schema-graph\">{\"@context\":\"https:\\\/\\\/schema.org\",\"@graph\":[{\"@type\":\"Article\",\"@id\":\"https:\\\/\\\/fjala.info\\\/2009-2015\\\/fisnikeria-dhe-procesi-i-islamizimit-te-shqiptareve\\\/#article\",\"isPartOf\":{\"@id\":\"https:\\\/\\\/fjala.info\\\/2009-2015\\\/fisnikeria-dhe-procesi-i-islamizimit-te-shqiptareve\\\/\"},\"author\":{\"name\":\"admin\",\"@id\":\"https:\\\/\\\/fjala.info\\\/2009-2015\\\/#\\\/schema\\\/person\\\/3aa1163ef05469c496fc94e77611ada2\"},\"headline\":\"Fisnik\u00ebria dhe procesi i islamizimit t\u00eb shqiptar\u00ebve\",\"datePublished\":\"2010-06-23T07:04:24+00:00\",\"mainEntityOfPage\":{\"@id\":\"https:\\\/\\\/fjala.info\\\/2009-2015\\\/fisnikeria-dhe-procesi-i-islamizimit-te-shqiptareve\\\/\"},\"wordCount\":912,\"commentCount\":0,\"publisher\":{\"@id\":\"https:\\\/\\\/fjala.info\\\/2009-2015\\\/#organization\"},\"articleSection\":[\"Artikuj\"],\"inLanguage\":\"sq-AL\",\"potentialAction\":[{\"@type\":\"CommentAction\",\"name\":\"Comment\",\"target\":[\"https:\\\/\\\/fjala.info\\\/2009-2015\\\/fisnikeria-dhe-procesi-i-islamizimit-te-shqiptareve\\\/#respond\"]}]},{\"@type\":\"WebPage\",\"@id\":\"https:\\\/\\\/fjala.info\\\/2009-2015\\\/fisnikeria-dhe-procesi-i-islamizimit-te-shqiptareve\\\/\",\"url\":\"https:\\\/\\\/fjala.info\\\/2009-2015\\\/fisnikeria-dhe-procesi-i-islamizimit-te-shqiptareve\\\/\",\"name\":\"Fisnik\u00ebria dhe procesi i islamizimit t\u00eb shqiptar\u00ebve - FjALA e LIR\u00cb - Arkivi\",\"isPartOf\":{\"@id\":\"https:\\\/\\\/fjala.info\\\/2009-2015\\\/#website\"},\"datePublished\":\"2010-06-23T07:04:24+00:00\",\"breadcrumb\":{\"@id\":\"https:\\\/\\\/fjala.info\\\/2009-2015\\\/fisnikeria-dhe-procesi-i-islamizimit-te-shqiptareve\\\/#breadcrumb\"},\"inLanguage\":\"sq-AL\",\"potentialAction\":[{\"@type\":\"ReadAction\",\"target\":[\"https:\\\/\\\/fjala.info\\\/2009-2015\\\/fisnikeria-dhe-procesi-i-islamizimit-te-shqiptareve\\\/\"]}]},{\"@type\":\"BreadcrumbList\",\"@id\":\"https:\\\/\\\/fjala.info\\\/2009-2015\\\/fisnikeria-dhe-procesi-i-islamizimit-te-shqiptareve\\\/#breadcrumb\",\"itemListElement\":[{\"@type\":\"ListItem\",\"position\":1,\"name\":\"Home\",\"item\":\"https:\\\/\\\/fjala.info\\\/2009-2015\\\/\"},{\"@type\":\"ListItem\",\"position\":2,\"name\":\"Fisnik\u00ebria dhe procesi i islamizimit t\u00eb shqiptar\u00ebve\"}]},{\"@type\":\"WebSite\",\"@id\":\"https:\\\/\\\/fjala.info\\\/2009-2015\\\/#website\",\"url\":\"https:\\\/\\\/fjala.info\\\/2009-2015\\\/\",\"name\":\"FjALA e LIR\u00cb - Arkivi\",\"description\":\"Arkivi 2009-2015\",\"publisher\":{\"@id\":\"https:\\\/\\\/fjala.info\\\/2009-2015\\\/#organization\"},\"potentialAction\":[{\"@type\":\"SearchAction\",\"target\":{\"@type\":\"EntryPoint\",\"urlTemplate\":\"https:\\\/\\\/fjala.info\\\/2009-2015\\\/?s={search_term_string}\"},\"query-input\":{\"@type\":\"PropertyValueSpecification\",\"valueRequired\":true,\"valueName\":\"search_term_string\"}}],\"inLanguage\":\"sq-AL\"},{\"@type\":\"Organization\",\"@id\":\"https:\\\/\\\/fjala.info\\\/2009-2015\\\/#organization\",\"name\":\"FjALA e LIR\u00cb - Arkivi\",\"url\":\"https:\\\/\\\/fjala.info\\\/2009-2015\\\/\",\"logo\":{\"@type\":\"ImageObject\",\"inLanguage\":\"sq-AL\",\"@id\":\"https:\\\/\\\/fjala.info\\\/2009-2015\\\/#\\\/schema\\\/logo\\\/image\\\/\",\"url\":\"\",\"contentUrl\":\"\",\"caption\":\"FjALA e LIR\u00cb - Arkivi\"},\"image\":{\"@id\":\"https:\\\/\\\/fjala.info\\\/2009-2015\\\/#\\\/schema\\\/logo\\\/image\\\/\"}},{\"@type\":\"Person\",\"@id\":\"https:\\\/\\\/fjala.info\\\/2009-2015\\\/#\\\/schema\\\/person\\\/3aa1163ef05469c496fc94e77611ada2\",\"name\":\"admin\",\"image\":{\"@type\":\"ImageObject\",\"inLanguage\":\"sq-AL\",\"@id\":\"https:\\\/\\\/fjala.info\\\/2009-2015\\\/wp-content\\\/uploads\\\/2012\\\/02\\\/arben_cokaj-120x150.jpg\",\"url\":\"https:\\\/\\\/fjala.info\\\/2009-2015\\\/wp-content\\\/uploads\\\/2012\\\/02\\\/arben_cokaj-120x150.jpg\",\"contentUrl\":\"https:\\\/\\\/fjala.info\\\/2009-2015\\\/wp-content\\\/uploads\\\/2012\\\/02\\\/arben_cokaj-120x150.jpg\",\"caption\":\"admin\"},\"description\":\"Admin, Fjala e Lir\u00eb\",\"sameAs\":[\"https:\\\/\\\/fjala.info\\\/\"],\"url\":\"https:\\\/\\\/fjala.info\\\/2009-2015\\\/author\\\/admin\\\/\"}]}<\/script>\n<!-- \/ Yoast SEO plugin. -->","yoast_head_json":{"title":"Fisnik\u00ebria dhe procesi i islamizimit t\u00eb shqiptar\u00ebve - FjALA e LIR\u00cb - Arkivi","robots":{"index":"index","follow":"follow","max-snippet":"max-snippet:-1","max-image-preview":"max-image-preview:large","max-video-preview":"max-video-preview:-1"},"canonical":"https:\/\/fjala.info\/2009-2015\/fisnikeria-dhe-procesi-i-islamizimit-te-shqiptareve\/","og_locale":"sq_AL","og_type":"article","og_title":"Fisnik\u00ebria dhe procesi i islamizimit t\u00eb shqiptar\u00ebve - FjALA e LIR\u00cb - Arkivi","og_description":"Prof. Dr. Ferit Duka, 22.06.2010 Historia e popullit shqiptar ofron nj\u00eb model pothuajse unik, p\u00ebrsa u p\u00ebrket ve\u00e7orive t\u00eb kompozicionit fetar t\u00eb k\u00ebtij populli n\u00eb rrjedh\u00ebn e shekujve. Nj\u00eb popull relativisht i vog\u00ebl n\u00eb num\u00ebr dallohet nga popujt e tjer\u00eb t\u00eb rajonit, jo vet\u00ebm p\u00ebr nga hershm\u00ebria e banimit n\u00eb trojet e veta, por edhe [&hellip;]","og_url":"https:\/\/fjala.info\/2009-2015\/fisnikeria-dhe-procesi-i-islamizimit-te-shqiptareve\/","og_site_name":"FjALA e LIR\u00cb - Arkivi","article_published_time":"2010-06-23T07:04:24+00:00","author":"admin","twitter_card":"summary_large_image","twitter_misc":{"Written by":"admin","Est. reading time":"5 minutes"},"schema":{"@context":"https:\/\/schema.org","@graph":[{"@type":"Article","@id":"https:\/\/fjala.info\/2009-2015\/fisnikeria-dhe-procesi-i-islamizimit-te-shqiptareve\/#article","isPartOf":{"@id":"https:\/\/fjala.info\/2009-2015\/fisnikeria-dhe-procesi-i-islamizimit-te-shqiptareve\/"},"author":{"name":"admin","@id":"https:\/\/fjala.info\/2009-2015\/#\/schema\/person\/3aa1163ef05469c496fc94e77611ada2"},"headline":"Fisnik\u00ebria dhe procesi i islamizimit t\u00eb shqiptar\u00ebve","datePublished":"2010-06-23T07:04:24+00:00","mainEntityOfPage":{"@id":"https:\/\/fjala.info\/2009-2015\/fisnikeria-dhe-procesi-i-islamizimit-te-shqiptareve\/"},"wordCount":912,"commentCount":0,"publisher":{"@id":"https:\/\/fjala.info\/2009-2015\/#organization"},"articleSection":["Artikuj"],"inLanguage":"sq-AL","potentialAction":[{"@type":"CommentAction","name":"Comment","target":["https:\/\/fjala.info\/2009-2015\/fisnikeria-dhe-procesi-i-islamizimit-te-shqiptareve\/#respond"]}]},{"@type":"WebPage","@id":"https:\/\/fjala.info\/2009-2015\/fisnikeria-dhe-procesi-i-islamizimit-te-shqiptareve\/","url":"https:\/\/fjala.info\/2009-2015\/fisnikeria-dhe-procesi-i-islamizimit-te-shqiptareve\/","name":"Fisnik\u00ebria dhe procesi i islamizimit t\u00eb shqiptar\u00ebve - FjALA e LIR\u00cb - Arkivi","isPartOf":{"@id":"https:\/\/fjala.info\/2009-2015\/#website"},"datePublished":"2010-06-23T07:04:24+00:00","breadcrumb":{"@id":"https:\/\/fjala.info\/2009-2015\/fisnikeria-dhe-procesi-i-islamizimit-te-shqiptareve\/#breadcrumb"},"inLanguage":"sq-AL","potentialAction":[{"@type":"ReadAction","target":["https:\/\/fjala.info\/2009-2015\/fisnikeria-dhe-procesi-i-islamizimit-te-shqiptareve\/"]}]},{"@type":"BreadcrumbList","@id":"https:\/\/fjala.info\/2009-2015\/fisnikeria-dhe-procesi-i-islamizimit-te-shqiptareve\/#breadcrumb","itemListElement":[{"@type":"ListItem","position":1,"name":"Home","item":"https:\/\/fjala.info\/2009-2015\/"},{"@type":"ListItem","position":2,"name":"Fisnik\u00ebria dhe procesi i islamizimit t\u00eb shqiptar\u00ebve"}]},{"@type":"WebSite","@id":"https:\/\/fjala.info\/2009-2015\/#website","url":"https:\/\/fjala.info\/2009-2015\/","name":"FjALA e LIR\u00cb - Arkivi","description":"Arkivi 2009-2015","publisher":{"@id":"https:\/\/fjala.info\/2009-2015\/#organization"},"potentialAction":[{"@type":"SearchAction","target":{"@type":"EntryPoint","urlTemplate":"https:\/\/fjala.info\/2009-2015\/?s={search_term_string}"},"query-input":{"@type":"PropertyValueSpecification","valueRequired":true,"valueName":"search_term_string"}}],"inLanguage":"sq-AL"},{"@type":"Organization","@id":"https:\/\/fjala.info\/2009-2015\/#organization","name":"FjALA e LIR\u00cb - Arkivi","url":"https:\/\/fjala.info\/2009-2015\/","logo":{"@type":"ImageObject","inLanguage":"sq-AL","@id":"https:\/\/fjala.info\/2009-2015\/#\/schema\/logo\/image\/","url":"","contentUrl":"","caption":"FjALA e LIR\u00cb - Arkivi"},"image":{"@id":"https:\/\/fjala.info\/2009-2015\/#\/schema\/logo\/image\/"}},{"@type":"Person","@id":"https:\/\/fjala.info\/2009-2015\/#\/schema\/person\/3aa1163ef05469c496fc94e77611ada2","name":"admin","image":{"@type":"ImageObject","inLanguage":"sq-AL","@id":"https:\/\/fjala.info\/2009-2015\/wp-content\/uploads\/2012\/02\/arben_cokaj-120x150.jpg","url":"https:\/\/fjala.info\/2009-2015\/wp-content\/uploads\/2012\/02\/arben_cokaj-120x150.jpg","contentUrl":"https:\/\/fjala.info\/2009-2015\/wp-content\/uploads\/2012\/02\/arben_cokaj-120x150.jpg","caption":"admin"},"description":"Admin, Fjala e Lir\u00eb","sameAs":["https:\/\/fjala.info\/"],"url":"https:\/\/fjala.info\/2009-2015\/author\/admin\/"}]}},"_links":{"self":[{"href":"https:\/\/fjala.info\/2009-2015\/wp-json\/wp\/v2\/posts\/3082","targetHints":{"allow":["GET"]}}],"collection":[{"href":"https:\/\/fjala.info\/2009-2015\/wp-json\/wp\/v2\/posts"}],"about":[{"href":"https:\/\/fjala.info\/2009-2015\/wp-json\/wp\/v2\/types\/post"}],"author":[{"embeddable":true,"href":"https:\/\/fjala.info\/2009-2015\/wp-json\/wp\/v2\/users\/1"}],"replies":[{"embeddable":true,"href":"https:\/\/fjala.info\/2009-2015\/wp-json\/wp\/v2\/comments?post=3082"}],"version-history":[{"count":0,"href":"https:\/\/fjala.info\/2009-2015\/wp-json\/wp\/v2\/posts\/3082\/revisions"}],"wp:attachment":[{"href":"https:\/\/fjala.info\/2009-2015\/wp-json\/wp\/v2\/media?parent=3082"}],"wp:term":[{"taxonomy":"category","embeddable":true,"href":"https:\/\/fjala.info\/2009-2015\/wp-json\/wp\/v2\/categories?post=3082"},{"taxonomy":"post_tag","embeddable":true,"href":"https:\/\/fjala.info\/2009-2015\/wp-json\/wp\/v2\/tags?post=3082"}],"curies":[{"name":"wp","href":"https:\/\/api.w.org\/{rel}","templated":true}]}}