{"id":3079,"date":"2010-06-23T07:34:05","date_gmt":"2010-06-23T06:34:05","guid":{"rendered":"http:\/\/fjala.shkoder.net\/?p=3079"},"modified":"2010-06-23T07:34:05","modified_gmt":"2010-06-23T06:34:05","slug":"pse-lehen-qente-ate-nate","status":"publish","type":"post","link":"https:\/\/fjala.info\/2009-2015\/pse-lehen-qente-ate-nate\/","title":{"rendered":"Pse leh\u00ebn qent\u00eb at\u00eb nat\u00eb\u2026"},"content":{"rendered":"<p>( <em>Nga internimi i familjes bajraktare t\u00eb M\u00eblyshajve, 1945 <\/em>)<\/p>\n<p>Nga <strong>Albana Melyshi Lifschin<\/strong><\/p>\n<p><img decoding=\"async\" style=\"margin-left: 10px; margin-right: 10px; border: 0px;\" src=\"http:\/\/www.shkoder.net\/images\/fjala\/albana_melyshi.jpg\" border=\"0\" alt=\"Albana M\u00eblyshi Lifschin\" width=\"100\" align=\"left\" \/><\/p>\n<p>T\u00ebr\u00eb at\u00eb nat\u00eb qent\u00eb leh\u00ebn e njer\u00ebzit n\u00eb kull\u00eb nuk vun\u00eb gjum\u00eb n\u00eb sy. Qe nj\u00eb nat\u00eb e ftoht\u00eb dimri me ngric\u00eb, nj\u00eb nga net\u00ebt m\u00eb t\u00eb paharruara t\u00eb jet\u00ebs sime. Grat\u00eb kishin mbledhur f\u00ebmij\u00ebt pran\u00eb vetes e psher\u00ebtinin. Lehja e qen\u00ebve qe ndjellakeqe. Plaku i sht\u00ebpis\u00eb, gjyshi yn\u00eb, u ngrit dy-tre her\u00eb e doli n\u00eb oborr duke u sok\u00ebllir\u00eb qenve q\u00eb t\u00eb pushonin. Mbaj mend gjyshen q\u00eb i u afrua e i tha:<\/p>\n<p>&#8211; Leri o plak qent\u00eb, se kurr\u00eb nuk kan\u00eb lehur si sonte!.<br \/>\nPastaj ajo l\u00ebshoi nj\u00eb ofsham\u00eb t\u00eb thell\u00eb :<br \/>\n&#8211; Lehja e qenve p\u00ebr ket\u00eb sht\u00ebpi \u00ebsht\u00eb lajm i keq! Oh, e mjera un\u00eb! Ku i kam djemt\u00eb? Ku i kam nip\u00ebrit?!<br \/>\n&#8211; Mbahu plak\u00eb, se kurr\u00eb s\u2019t\u00eb kam par\u00eb t\u00eb t\u00eb l\u00ebshoj\u00eb zemra ! T\u00eb pata marr\u00eb nga sht\u00ebpi trimash.<\/p>\n<p>Gjyshi qe ulur tek vendi i tij, tek oxhaku, e duke p\u00ebrzjer\u00eb hirin ende te ngroht\u00eb.<br \/>\n&#8211; Mandej as djemt\u00eb as nip\u00ebrit nuk jan\u00eb m\u00eb kalamaj e dua t\u00eb t\u00eb kujtoj se burrat e k\u00ebsaj sht\u00ebpie t\u00eb gjith\u00eb kan\u00eb vdek\u00eb nga plumbi e jo nga qyrret!<\/p>\n<p>Un\u00eb u ngjesha pas fustanit t\u00eb n\u00ebn\u00ebs sime. Isha dymb\u00ebdhjet\u00eb vje\u00e7. N\u00eb kull\u00eb kishim nj\u00eb \u00e7ift t\u00eb varf\u00ebr pleqsh, t\u00eb cilet gjyshi u kishte dh\u00ebn\u00eb streh\u00eb. Ishin b\u00ebr\u00eb pjestar\u00eb t\u00eb familjes, ishin si t\u00eb gjith\u00eb ne. Edhe ata rrinin t\u00eb tulatur pas nj\u00ebri tjetrit po nuk flisnin asnj\u00eb fjal\u00eb. At\u00eb nat\u00eb askush nuk vuri gjum\u00eb n\u00eb sy. Kur filloi t\u00eb zbardhte, njer\u00ebzit e sht\u00ebpis\u00eb zun\u00eb t\u00eb hiqnin shulet dyerve e kull\u00ebs p\u00ebr t\u00eb dal\u00eb jasht\u00eb, si\u00e7 b\u00ebnin \u00e7do m\u00ebngjez.<\/p>\n<p>Papritur nga oborri u d\u00ebgjua nj\u00eb z\u00eb i plot\u00eb burri me dialekt tosk :<br \/>\n-Ndal! Mos l\u00ebvizni! Jeni t\u00eb rrethuar!<br \/>\nNjer\u00ebzit n\u00eb kull\u00eb ngrin\u00eb. Nuset e reja u tmerruan. F\u00ebmij\u00ebt tek pan\u00eb n\u00ebnat e tyre t\u00eb trembura ia dhan\u00eb t\u00eb qarit. \u00c7ifti i pleqve t\u00eb vobek\u00ebt, edhe ata u tremb\u00ebn shum\u00eb. N\u00ebna ime u ngrit e i u afrua gjyshit.<\/p>\n<p>&#8211; Bab\u00eb, dikush nga ne duhet t\u00eb dal\u00eb t\u00eb marre vesh se p\u00ebrse jemi rrethuar. N\u00eb m\u00eb lejofsh dal e flas un\u00eb me ta. Im bir e im shoq jan\u00eb partizan\u00eb.<br \/>\n&#8211; Do dal vet\u00eb! Tha gjyshi. N\u00ebna b\u00ebri m\u00ebnjan\u00eb. Gjyshi u dha n\u00eb der\u00eb. Ne mbajt\u00ebm frym\u00ebn. D\u00ebgjuam z\u00ebrin e tij q\u00eb i tha dikujt:<br \/>\n-N\u00eb ke ardh\u00eb p\u00ebr mik, futu n\u00eb kull\u00eb t\u00eb ngrohesh; n\u00eb t\u00eb kund\u00ebrt na thuaj \u00e7\u2019far\u00eb ka ba vaki?.<br \/>\n-Prit k\u00ebtu, o plak se po th\u00ebrras komisarin q\u00eb t\u00eb bisedoni, qe p\u00ebrgjigja.<br \/>\nPas pak u d\u00ebgjua nj\u00eb z\u00eb q\u00eb foli duke u p\u00ebrpjekur t\u00eb p\u00ebrshtaste dialektin:<br \/>\n&#8211; Tu&#8217;ngjat\u2019jeta, bajraktar!<\/p>\n<p>Von\u00eb m\u00ebsova q\u00eb foli quhej Petrit P\u00ebllumbi. Nuk do ti&#8217;a harronim kurr\u00eb emrin q\u00eb nga ajo dit\u00eb q\u00eb ia m\u00ebsuam. N\u00eb dor\u00eb mbante nj\u00eb shuf\u00ebr. N\u00eb fytyr\u00eb kishte nj\u00eb v\u00ebshtrim t\u00eb keq. N\u00eb z\u00eb i ndihej ironia. E pyeti gjyshin se ku i kishte burrat e sht\u00ebpis\u00eb dhe pastaj i komunikoi urdh\u00ebrin e internimit p\u00ebr t\u00eb gjith\u00eb familjen q\u00eb u ndodh aty e do t\u00eb thoshte:<\/p>\n<p>Gjyshi dhe gjyshja, n\u00ebna ime, un\u00eb me dy v\u00ebllez\u00ebrit m\u00eb t\u00eb vegj\u00ebl, gruaja e xhaxhait me tre vajza t\u00eb vogla, gruaja e kush\u00ebririt t\u00eb par\u00eb me dy djem.( I gjith\u00eb trungu i familjes p\u00ebrb\u00ebhej nga 23 veta). Dy pleq e vobek\u00ebt q\u00eb jetonin n\u00eb sht\u00ebpin\u00eb ton\u00eb nuk ishin p\u00ebrfshir\u00eb n\u00eb list\u00ebn e interrnimit, por ata e ndjen\u00eb veten m\u00eb keq se t\u00eb gjith\u00eb. Kush do kujdesej p\u00ebr ta? Si do t\u00eb b\u00ebnin pa ne?<\/p>\n<p>Komisari b\u00ebri apelin e na nxorri t\u00eb gjith\u00ebve jasht\u00eb nga sht\u00ebpia duke urdh\u00ebruar t\u00eb mos merrnim asgj\u00eb me vete me p\u00ebrjashtim t\u00eb rrobave t\u00eb trupit. Kull\u00ebs son\u00eb qe vendosur t\u2019i vihej flaka. U mor shpejt e shpejt bar nga mullar\u00ebt e u fut n\u00eb t\u00eb dy katet e kull\u00ebs dhe pastaj asaj iu vu zjarri. N\u00ebna ime, q\u00eb partizan\u00ebt i quante shok\u00eb t\u00eb t\u00eb birit, pasi edhe ai ishte partizan, l\u00ebshoi z\u00eb:<\/p>\n<p>&#8211; B\u00ebni tutje djemt\u00eb e n\u00ebnave se kjo sht\u00ebpi ka q\u00ebn\u00eb e pushk\u00ebs, e buk\u00ebs dhe e bes\u00ebs, por muret e saj jan\u00eb t\u00eb blinduara me arm\u00eb e municion.<br \/>\nSa mbaroi n\u00ebna k\u00ebto fjal\u00eb, u d\u00ebgjua shp\u00ebrthimi i tyre. Partizan\u00ebt b\u00ebn\u00eb disa metra larg q\u00eb n\u00eb krism\u00ebn e par\u00eb.<\/p>\n<p>Ne ishim mpir\u00eb t\u00eb gjith\u00eb. Na dukej e pabesushme pamja q\u00eb po na shihnin syt\u00eb. Po digjej sht\u00ebpia jon\u00eb, kulla e bajraktarit q\u00eb ishte nd\u00ebrtuar n\u00eb mes t\u00eb kryq\u00ebzimit t\u00eb monopateve, q\u00eb i kishte mbajtur hapur dyert e saj p\u00ebr shtetg\u00ebtarin e panjohur dit\u00ebn dhe nat\u00ebn, q\u00eb mbante k\u00ebmb\u00ebt i lodhur n\u00eb oborrin ton\u00eb, tek leshonte z\u00eb: A do miq o i zoti i sht\u00ebpis\u00eb?<\/p>\n<p>Po digjej sht\u00ebpia q\u00eb kishte pritur partizan\u00ebt e uritur, kujtimin e t\u00eb cil\u00ebve e kishin ende t\u00eb fresk\u00ebt edhe m\u00eb t\u00eb vegj\u00eblit e sht\u00ebpis\u00eb. Xhaxhesha mbushte furr\u00ebn me buk\u00eb e n\u00ebna jon\u00eb u mbushte torbat me ushqim. Ishte e pabesushme q\u00eb kulla t\u00eb digjej pik\u00ebrisht nga ata!<\/p>\n<p>Flaka vazhdonte t\u00eb dilte nga t\u00eb shtat\u00eb dhomat e saj dhe nga kuzhina e gatimit. Gjuh\u00ebt e flak\u00ebve dilnin nga dyert e dritaret e b\u00ebra prej pishe. Nga brenda digjeshin sendyqet e drunjt\u00eb t\u00eb grave t\u00eb sht\u00ebpis\u00eb. Ne fshinim lot\u00ebt, por askush s\u2019thoshte asgj\u00eb. Komisari kishte porositur t\u00eb na v\u00ebzhgonin me kujdes t\u00eb gjith\u00ebve gjat\u00eb djegjes s\u00eb kull\u00ebs. Zjarri zgjati deri pasdite&#8230; N\u00eb per\u00ebndim t\u00eb diellit i ra fuqia. Gjyshi i u afrua komisarit partizan e i tha:<\/p>\n<p>-Ju i dogj\u00ebt t\u00eb gjitha pa menduar se kjo sht\u00ebpi ka dy parti. I ka dh\u00ebn\u00eb luft\u00ebs dy partizan\u00eb, tim bir, Nikollin e tim nip, Palin, i biri i tim biri. Nuk ruajt\u00ebt t\u00eb pakt\u00ebn as dy dhoma p\u00ebr ta, kur t\u00eb kthehen nga lufta. Dhe ca m\u00eb keq : U internoni familjen. Un\u00eb di q\u00eb kjo luft\u00eb u b\u00eb p\u00ebr drejt\u00ebsi?!<\/p>\n<p>I pash\u00eb se si ata u mblodh\u00ebn kok\u00eb m\u00eb kok\u00eb p\u00ebr disa minuta. Pastaj u shp\u00ebrndan\u00eb pa i dh\u00ebn\u00eb p\u00ebrgjigje gjyshit. Na vun\u00eb n\u00eb rresht nj\u00eb kollon\u00eb e k\u00ebshtu mor\u00ebm udh\u00ebtimin at\u00eb nat\u00eb dimri p\u00ebr n\u00eb internim. Kaluam shtigje e p\u00ebrrenj e pas dy or\u00ebve rrug\u00eb t\u00eb shoq\u00ebruar para e pas me partizan\u00eb t\u00eb armatosur mbrrit\u00ebm n\u00eb Sh\u00ebn Pal. Bag\u00ebtit\u00eb e sekuestruara na ndoq\u00ebn nga pas.<\/p>\n<p>N\u00eb Sh\u00ebn Pal na mbajt\u00ebn t\u00eb mbyllur pa ngr\u00ebn\u00eb e pa pir\u00eb, pa uj\u00eb e pa drit\u00eb p\u00ebr nj\u00ebzet e kat\u00ebr or\u00eb n\u00eb nj\u00eb barak\u00eb t\u00eb vetme t\u00eb gjith\u00ebve. Un\u00eb nuk qaja, por f\u00ebmij\u00ebt qanin pa rreshtur e t\u00eb rriturit flisnin me z\u00eb t\u00eb ul\u00ebt. Ajo barak\u00eb u b\u00eb sht\u00ebpia jon\u00eb p\u00ebr dy jav\u00eb. Pranvera qe ende larg. Kishim t\u00eb ftoht\u00eb n\u00eb trup e akull n\u00eb shpirt. N\u00ebna ime fliste me vete: Ku \u00ebsht\u00eb im shoq? Ku \u00ebsht\u00eb im bir?<\/p>\n<p>A i dijn\u00eb ata k\u00ebto q\u00eb po na ndodhin ne ? Fliste e psher\u00ebtinte vazhdimisht. M\u00eb vinte shum\u00eb keq p\u00ebr n\u00ebn\u00ebn. S&#8217;e kisha par\u00eb kurr\u00eb m\u00eb t\u00eb d\u00ebshp\u00ebruar. I rrija af\u00ebr si m\u00eb e madhja e f\u00ebmij\u00ebve, po nuk dija si ta ngush\u00eblloja. Nj\u00eb lloj si n\u00ebna edhe un\u00eb pyesja veten: \u201dA thua e di baba \u00e7\u2019na kish ndodhur? Po im v\u00eblla? Pse nuk vinin p\u00ebr t\u00eb na shp\u00ebtuar? Pse po na internonin shok\u00ebt e tyre, partizan\u00ebt? P\u00ebrse?<\/p>\n<p>Se si mund t\u00eb ndodhte kjo me dy partizan\u00eb n\u00eb sht\u00ebpi? P\u00ebr ne ishte nj\u00eb pyetje shum\u00eb e v\u00ebshtir\u00eb. M\u00eb e v\u00ebshtir\u00eb se \u00e7do enigm\u00eb. N\u00ebna p\u00ebrpiqej t\u00eb m\u00eb mbushte mendjen me z\u00eb t\u00eb ul\u00ebt: &#8220;Babai \u00ebsht\u00eb i z\u00ebn\u00eb me pun\u00eb ushtarake n\u00eb Tiran\u00eb. E yt v\u00eblla ndoshta punon n\u00eb terren&#8221;. Duhej t\u00eb b\u00ebnim durim sa t\u00eb sqaroheshin t\u00eb gjitha. Por edhe ajo edhe un\u00eb e kuptonim se kjo nuk qe aq e thjesht\u00eb.<br \/>\n( <em>Nga rr\u00ebfimi i n\u00ebn\u00ebs sime<\/em> )<\/p>\n<p>(<strong>Sh\u00ebnim<\/strong>: <em>Internimi i familjes Melyshi vazhdoi 12 vjet, nga 1945 deri ne 1957,kur Pal Melyshi u shpall Hero i Popullit. Grafika e dhimbjes, e zhgenjimeve, \u00ebsht\u00eb e gjat\u00eb dhe rrengjethese. E verteta nuk mund te jete e vertete kur jepet e cenuar dhe shpesh e keqinterpretuar nga infantilizmi politik, apo ca me keq nga llumi i ligesise njerzore<\/em>)<\/p>\n","protected":false},"excerpt":{"rendered":"<p>( Nga internimi i familjes bajraktare t\u00eb M\u00eblyshajve, 1945 ) Nga Albana Melyshi Lifschin T\u00ebr\u00eb at\u00eb nat\u00eb qent\u00eb leh\u00ebn e njer\u00ebzit n\u00eb kull\u00eb nuk vun\u00eb gjum\u00eb n\u00eb sy. Qe nj\u00eb nat\u00eb e ftoht\u00eb dimri me ngric\u00eb, nj\u00eb nga net\u00ebt m\u00eb t\u00eb paharruara t\u00eb jet\u00ebs sime. Grat\u00eb kishin mbledhur f\u00ebmij\u00ebt pran\u00eb vetes e psher\u00ebtinin. Lehja e [&hellip;]<\/p>\n","protected":false},"author":1,"featured_media":0,"comment_status":"open","ping_status":"closed","sticky":false,"template":"","format":"standard","meta":{"footnotes":""},"categories":[2],"tags":[],"class_list":{"0":"post-3079","1":"post","2":"type-post","3":"status-publish","4":"format-standard","6":"category-artikuj"},"yoast_head":"<!-- This site is optimized with the Yoast SEO plugin v27.4 - https:\/\/yoast.com\/product\/yoast-seo-wordpress\/ -->\n<title>Pse leh\u00ebn qent\u00eb at\u00eb nat\u00eb\u2026 - FjALA e LIR\u00cb - Arkivi<\/title>\n<meta name=\"robots\" content=\"index, follow, max-snippet:-1, max-image-preview:large, max-video-preview:-1\" \/>\n<link rel=\"canonical\" href=\"https:\/\/fjala.info\/2009-2015\/pse-lehen-qente-ate-nate\/\" \/>\n<meta property=\"og:locale\" content=\"sq_AL\" \/>\n<meta property=\"og:type\" content=\"article\" \/>\n<meta property=\"og:title\" content=\"Pse leh\u00ebn qent\u00eb at\u00eb nat\u00eb\u2026 - FjALA e LIR\u00cb - Arkivi\" \/>\n<meta property=\"og:description\" content=\"( Nga internimi i familjes bajraktare t\u00eb M\u00eblyshajve, 1945 ) Nga Albana Melyshi Lifschin T\u00ebr\u00eb at\u00eb nat\u00eb qent\u00eb leh\u00ebn e njer\u00ebzit n\u00eb kull\u00eb nuk vun\u00eb gjum\u00eb n\u00eb sy. Qe nj\u00eb nat\u00eb e ftoht\u00eb dimri me ngric\u00eb, nj\u00eb nga net\u00ebt m\u00eb t\u00eb paharruara t\u00eb jet\u00ebs sime. Grat\u00eb kishin mbledhur f\u00ebmij\u00ebt pran\u00eb vetes e psher\u00ebtinin. Lehja e [&hellip;]\" \/>\n<meta property=\"og:url\" content=\"https:\/\/fjala.info\/2009-2015\/pse-lehen-qente-ate-nate\/\" \/>\n<meta property=\"og:site_name\" content=\"FjALA e LIR\u00cb - Arkivi\" \/>\n<meta property=\"article:published_time\" content=\"2010-06-23T06:34:05+00:00\" \/>\n<meta property=\"og:image\" content=\"http:\/\/www.shkoder.net\/images\/fjala\/albana_melyshi.jpg\" \/>\n<meta name=\"author\" content=\"admin\" \/>\n<meta name=\"twitter:card\" content=\"summary_large_image\" \/>\n<meta name=\"twitter:label1\" content=\"Written by\" \/>\n\t<meta name=\"twitter:data1\" content=\"admin\" \/>\n\t<meta name=\"twitter:label2\" content=\"Est. reading time\" \/>\n\t<meta name=\"twitter:data2\" content=\"8 minutes\" \/>\n<script type=\"application\/ld+json\" class=\"yoast-schema-graph\">{\"@context\":\"https:\\\/\\\/schema.org\",\"@graph\":[{\"@type\":\"Article\",\"@id\":\"https:\\\/\\\/fjala.info\\\/2009-2015\\\/pse-lehen-qente-ate-nate\\\/#article\",\"isPartOf\":{\"@id\":\"https:\\\/\\\/fjala.info\\\/2009-2015\\\/pse-lehen-qente-ate-nate\\\/\"},\"author\":{\"name\":\"admin\",\"@id\":\"https:\\\/\\\/fjala.info\\\/2009-2015\\\/#\\\/schema\\\/person\\\/3aa1163ef05469c496fc94e77611ada2\"},\"headline\":\"Pse leh\u00ebn qent\u00eb at\u00eb nat\u00eb\u2026\",\"datePublished\":\"2010-06-23T06:34:05+00:00\",\"mainEntityOfPage\":{\"@id\":\"https:\\\/\\\/fjala.info\\\/2009-2015\\\/pse-lehen-qente-ate-nate\\\/\"},\"wordCount\":1520,\"commentCount\":0,\"publisher\":{\"@id\":\"https:\\\/\\\/fjala.info\\\/2009-2015\\\/#organization\"},\"image\":{\"@id\":\"https:\\\/\\\/fjala.info\\\/2009-2015\\\/pse-lehen-qente-ate-nate\\\/#primaryimage\"},\"thumbnailUrl\":\"http:\\\/\\\/www.shkoder.net\\\/images\\\/fjala\\\/albana_melyshi.jpg\",\"articleSection\":[\"Artikuj\"],\"inLanguage\":\"sq-AL\",\"potentialAction\":[{\"@type\":\"CommentAction\",\"name\":\"Comment\",\"target\":[\"https:\\\/\\\/fjala.info\\\/2009-2015\\\/pse-lehen-qente-ate-nate\\\/#respond\"]}]},{\"@type\":\"WebPage\",\"@id\":\"https:\\\/\\\/fjala.info\\\/2009-2015\\\/pse-lehen-qente-ate-nate\\\/\",\"url\":\"https:\\\/\\\/fjala.info\\\/2009-2015\\\/pse-lehen-qente-ate-nate\\\/\",\"name\":\"Pse leh\u00ebn qent\u00eb at\u00eb nat\u00eb\u2026 - FjALA e LIR\u00cb - Arkivi\",\"isPartOf\":{\"@id\":\"https:\\\/\\\/fjala.info\\\/2009-2015\\\/#website\"},\"primaryImageOfPage\":{\"@id\":\"https:\\\/\\\/fjala.info\\\/2009-2015\\\/pse-lehen-qente-ate-nate\\\/#primaryimage\"},\"image\":{\"@id\":\"https:\\\/\\\/fjala.info\\\/2009-2015\\\/pse-lehen-qente-ate-nate\\\/#primaryimage\"},\"thumbnailUrl\":\"http:\\\/\\\/www.shkoder.net\\\/images\\\/fjala\\\/albana_melyshi.jpg\",\"datePublished\":\"2010-06-23T06:34:05+00:00\",\"breadcrumb\":{\"@id\":\"https:\\\/\\\/fjala.info\\\/2009-2015\\\/pse-lehen-qente-ate-nate\\\/#breadcrumb\"},\"inLanguage\":\"sq-AL\",\"potentialAction\":[{\"@type\":\"ReadAction\",\"target\":[\"https:\\\/\\\/fjala.info\\\/2009-2015\\\/pse-lehen-qente-ate-nate\\\/\"]}]},{\"@type\":\"ImageObject\",\"inLanguage\":\"sq-AL\",\"@id\":\"https:\\\/\\\/fjala.info\\\/2009-2015\\\/pse-lehen-qente-ate-nate\\\/#primaryimage\",\"url\":\"http:\\\/\\\/www.shkoder.net\\\/images\\\/fjala\\\/albana_melyshi.jpg\",\"contentUrl\":\"http:\\\/\\\/www.shkoder.net\\\/images\\\/fjala\\\/albana_melyshi.jpg\"},{\"@type\":\"BreadcrumbList\",\"@id\":\"https:\\\/\\\/fjala.info\\\/2009-2015\\\/pse-lehen-qente-ate-nate\\\/#breadcrumb\",\"itemListElement\":[{\"@type\":\"ListItem\",\"position\":1,\"name\":\"Home\",\"item\":\"https:\\\/\\\/fjala.info\\\/2009-2015\\\/\"},{\"@type\":\"ListItem\",\"position\":2,\"name\":\"Pse leh\u00ebn qent\u00eb at\u00eb nat\u00eb\u2026\"}]},{\"@type\":\"WebSite\",\"@id\":\"https:\\\/\\\/fjala.info\\\/2009-2015\\\/#website\",\"url\":\"https:\\\/\\\/fjala.info\\\/2009-2015\\\/\",\"name\":\"FjALA e LIR\u00cb - Arkivi\",\"description\":\"Arkivi 2009-2015\",\"publisher\":{\"@id\":\"https:\\\/\\\/fjala.info\\\/2009-2015\\\/#organization\"},\"potentialAction\":[{\"@type\":\"SearchAction\",\"target\":{\"@type\":\"EntryPoint\",\"urlTemplate\":\"https:\\\/\\\/fjala.info\\\/2009-2015\\\/?s={search_term_string}\"},\"query-input\":{\"@type\":\"PropertyValueSpecification\",\"valueRequired\":true,\"valueName\":\"search_term_string\"}}],\"inLanguage\":\"sq-AL\"},{\"@type\":\"Organization\",\"@id\":\"https:\\\/\\\/fjala.info\\\/2009-2015\\\/#organization\",\"name\":\"FjALA e LIR\u00cb - Arkivi\",\"url\":\"https:\\\/\\\/fjala.info\\\/2009-2015\\\/\",\"logo\":{\"@type\":\"ImageObject\",\"inLanguage\":\"sq-AL\",\"@id\":\"https:\\\/\\\/fjala.info\\\/2009-2015\\\/#\\\/schema\\\/logo\\\/image\\\/\",\"url\":\"\",\"contentUrl\":\"\",\"caption\":\"FjALA e LIR\u00cb - Arkivi\"},\"image\":{\"@id\":\"https:\\\/\\\/fjala.info\\\/2009-2015\\\/#\\\/schema\\\/logo\\\/image\\\/\"}},{\"@type\":\"Person\",\"@id\":\"https:\\\/\\\/fjala.info\\\/2009-2015\\\/#\\\/schema\\\/person\\\/3aa1163ef05469c496fc94e77611ada2\",\"name\":\"admin\",\"image\":{\"@type\":\"ImageObject\",\"inLanguage\":\"sq-AL\",\"@id\":\"https:\\\/\\\/fjala.info\\\/2009-2015\\\/wp-content\\\/uploads\\\/2012\\\/02\\\/arben_cokaj-120x150.jpg\",\"url\":\"https:\\\/\\\/fjala.info\\\/2009-2015\\\/wp-content\\\/uploads\\\/2012\\\/02\\\/arben_cokaj-120x150.jpg\",\"contentUrl\":\"https:\\\/\\\/fjala.info\\\/2009-2015\\\/wp-content\\\/uploads\\\/2012\\\/02\\\/arben_cokaj-120x150.jpg\",\"caption\":\"admin\"},\"description\":\"Admin, Fjala e Lir\u00eb\",\"sameAs\":[\"https:\\\/\\\/fjala.info\\\/\"],\"url\":\"https:\\\/\\\/fjala.info\\\/2009-2015\\\/author\\\/admin\\\/\"}]}<\/script>\n<!-- \/ Yoast SEO plugin. -->","yoast_head_json":{"title":"Pse leh\u00ebn qent\u00eb at\u00eb nat\u00eb\u2026 - FjALA e LIR\u00cb - Arkivi","robots":{"index":"index","follow":"follow","max-snippet":"max-snippet:-1","max-image-preview":"max-image-preview:large","max-video-preview":"max-video-preview:-1"},"canonical":"https:\/\/fjala.info\/2009-2015\/pse-lehen-qente-ate-nate\/","og_locale":"sq_AL","og_type":"article","og_title":"Pse leh\u00ebn qent\u00eb at\u00eb nat\u00eb\u2026 - FjALA e LIR\u00cb - Arkivi","og_description":"( Nga internimi i familjes bajraktare t\u00eb M\u00eblyshajve, 1945 ) Nga Albana Melyshi Lifschin T\u00ebr\u00eb at\u00eb nat\u00eb qent\u00eb leh\u00ebn e njer\u00ebzit n\u00eb kull\u00eb nuk vun\u00eb gjum\u00eb n\u00eb sy. Qe nj\u00eb nat\u00eb e ftoht\u00eb dimri me ngric\u00eb, nj\u00eb nga net\u00ebt m\u00eb t\u00eb paharruara t\u00eb jet\u00ebs sime. Grat\u00eb kishin mbledhur f\u00ebmij\u00ebt pran\u00eb vetes e psher\u00ebtinin. Lehja e [&hellip;]","og_url":"https:\/\/fjala.info\/2009-2015\/pse-lehen-qente-ate-nate\/","og_site_name":"FjALA e LIR\u00cb - Arkivi","article_published_time":"2010-06-23T06:34:05+00:00","og_image":[{"url":"http:\/\/www.shkoder.net\/images\/fjala\/albana_melyshi.jpg","type":"","width":"","height":""}],"author":"admin","twitter_card":"summary_large_image","twitter_misc":{"Written by":"admin","Est. reading time":"8 minutes"},"schema":{"@context":"https:\/\/schema.org","@graph":[{"@type":"Article","@id":"https:\/\/fjala.info\/2009-2015\/pse-lehen-qente-ate-nate\/#article","isPartOf":{"@id":"https:\/\/fjala.info\/2009-2015\/pse-lehen-qente-ate-nate\/"},"author":{"name":"admin","@id":"https:\/\/fjala.info\/2009-2015\/#\/schema\/person\/3aa1163ef05469c496fc94e77611ada2"},"headline":"Pse leh\u00ebn qent\u00eb at\u00eb nat\u00eb\u2026","datePublished":"2010-06-23T06:34:05+00:00","mainEntityOfPage":{"@id":"https:\/\/fjala.info\/2009-2015\/pse-lehen-qente-ate-nate\/"},"wordCount":1520,"commentCount":0,"publisher":{"@id":"https:\/\/fjala.info\/2009-2015\/#organization"},"image":{"@id":"https:\/\/fjala.info\/2009-2015\/pse-lehen-qente-ate-nate\/#primaryimage"},"thumbnailUrl":"http:\/\/www.shkoder.net\/images\/fjala\/albana_melyshi.jpg","articleSection":["Artikuj"],"inLanguage":"sq-AL","potentialAction":[{"@type":"CommentAction","name":"Comment","target":["https:\/\/fjala.info\/2009-2015\/pse-lehen-qente-ate-nate\/#respond"]}]},{"@type":"WebPage","@id":"https:\/\/fjala.info\/2009-2015\/pse-lehen-qente-ate-nate\/","url":"https:\/\/fjala.info\/2009-2015\/pse-lehen-qente-ate-nate\/","name":"Pse leh\u00ebn qent\u00eb at\u00eb nat\u00eb\u2026 - FjALA e LIR\u00cb - Arkivi","isPartOf":{"@id":"https:\/\/fjala.info\/2009-2015\/#website"},"primaryImageOfPage":{"@id":"https:\/\/fjala.info\/2009-2015\/pse-lehen-qente-ate-nate\/#primaryimage"},"image":{"@id":"https:\/\/fjala.info\/2009-2015\/pse-lehen-qente-ate-nate\/#primaryimage"},"thumbnailUrl":"http:\/\/www.shkoder.net\/images\/fjala\/albana_melyshi.jpg","datePublished":"2010-06-23T06:34:05+00:00","breadcrumb":{"@id":"https:\/\/fjala.info\/2009-2015\/pse-lehen-qente-ate-nate\/#breadcrumb"},"inLanguage":"sq-AL","potentialAction":[{"@type":"ReadAction","target":["https:\/\/fjala.info\/2009-2015\/pse-lehen-qente-ate-nate\/"]}]},{"@type":"ImageObject","inLanguage":"sq-AL","@id":"https:\/\/fjala.info\/2009-2015\/pse-lehen-qente-ate-nate\/#primaryimage","url":"http:\/\/www.shkoder.net\/images\/fjala\/albana_melyshi.jpg","contentUrl":"http:\/\/www.shkoder.net\/images\/fjala\/albana_melyshi.jpg"},{"@type":"BreadcrumbList","@id":"https:\/\/fjala.info\/2009-2015\/pse-lehen-qente-ate-nate\/#breadcrumb","itemListElement":[{"@type":"ListItem","position":1,"name":"Home","item":"https:\/\/fjala.info\/2009-2015\/"},{"@type":"ListItem","position":2,"name":"Pse leh\u00ebn qent\u00eb at\u00eb nat\u00eb\u2026"}]},{"@type":"WebSite","@id":"https:\/\/fjala.info\/2009-2015\/#website","url":"https:\/\/fjala.info\/2009-2015\/","name":"FjALA e LIR\u00cb - Arkivi","description":"Arkivi 2009-2015","publisher":{"@id":"https:\/\/fjala.info\/2009-2015\/#organization"},"potentialAction":[{"@type":"SearchAction","target":{"@type":"EntryPoint","urlTemplate":"https:\/\/fjala.info\/2009-2015\/?s={search_term_string}"},"query-input":{"@type":"PropertyValueSpecification","valueRequired":true,"valueName":"search_term_string"}}],"inLanguage":"sq-AL"},{"@type":"Organization","@id":"https:\/\/fjala.info\/2009-2015\/#organization","name":"FjALA e LIR\u00cb - Arkivi","url":"https:\/\/fjala.info\/2009-2015\/","logo":{"@type":"ImageObject","inLanguage":"sq-AL","@id":"https:\/\/fjala.info\/2009-2015\/#\/schema\/logo\/image\/","url":"","contentUrl":"","caption":"FjALA e LIR\u00cb - Arkivi"},"image":{"@id":"https:\/\/fjala.info\/2009-2015\/#\/schema\/logo\/image\/"}},{"@type":"Person","@id":"https:\/\/fjala.info\/2009-2015\/#\/schema\/person\/3aa1163ef05469c496fc94e77611ada2","name":"admin","image":{"@type":"ImageObject","inLanguage":"sq-AL","@id":"https:\/\/fjala.info\/2009-2015\/wp-content\/uploads\/2012\/02\/arben_cokaj-120x150.jpg","url":"https:\/\/fjala.info\/2009-2015\/wp-content\/uploads\/2012\/02\/arben_cokaj-120x150.jpg","contentUrl":"https:\/\/fjala.info\/2009-2015\/wp-content\/uploads\/2012\/02\/arben_cokaj-120x150.jpg","caption":"admin"},"description":"Admin, Fjala e Lir\u00eb","sameAs":["https:\/\/fjala.info\/"],"url":"https:\/\/fjala.info\/2009-2015\/author\/admin\/"}]}},"_links":{"self":[{"href":"https:\/\/fjala.info\/2009-2015\/wp-json\/wp\/v2\/posts\/3079","targetHints":{"allow":["GET"]}}],"collection":[{"href":"https:\/\/fjala.info\/2009-2015\/wp-json\/wp\/v2\/posts"}],"about":[{"href":"https:\/\/fjala.info\/2009-2015\/wp-json\/wp\/v2\/types\/post"}],"author":[{"embeddable":true,"href":"https:\/\/fjala.info\/2009-2015\/wp-json\/wp\/v2\/users\/1"}],"replies":[{"embeddable":true,"href":"https:\/\/fjala.info\/2009-2015\/wp-json\/wp\/v2\/comments?post=3079"}],"version-history":[{"count":0,"href":"https:\/\/fjala.info\/2009-2015\/wp-json\/wp\/v2\/posts\/3079\/revisions"}],"wp:attachment":[{"href":"https:\/\/fjala.info\/2009-2015\/wp-json\/wp\/v2\/media?parent=3079"}],"wp:term":[{"taxonomy":"category","embeddable":true,"href":"https:\/\/fjala.info\/2009-2015\/wp-json\/wp\/v2\/categories?post=3079"},{"taxonomy":"post_tag","embeddable":true,"href":"https:\/\/fjala.info\/2009-2015\/wp-json\/wp\/v2\/tags?post=3079"}],"curies":[{"name":"wp","href":"https:\/\/api.w.org\/{rel}","templated":true}]}}