{"id":3071,"date":"2010-06-23T01:58:27","date_gmt":"2010-06-23T00:58:27","guid":{"rendered":"http:\/\/fjala.shkoder.net\/?p=3071"},"modified":"2010-06-23T01:58:27","modified_gmt":"2010-06-23T00:58:27","slug":"heroi-antik-bekim-fehmiu","status":"publish","type":"post","link":"https:\/\/fjala.info\/2009-2015\/heroi-antik-bekim-fehmiu\/","title":{"rendered":"Heroi antik Bekim Fehmiu"},"content":{"rendered":"<p>Shkruan: <strong>Rade Sherbexhia<\/strong><\/p>\n<p>&#8211; Thon\u00eb se nuk ka aktor\u00eb dhe aktore t\u00eb m\u00ebdha. Thon\u00eb se m\u00eb drejt\u00eb duhet t\u00eb thuhet se ka t\u00eb m\u00ebdhenj dhe t\u00eb ve\u00e7ant\u00eb dhe t\u00eb nj\u00ebjt\u00eb n\u00eb madh\u00ebshtin\u00eb e tyre. Andaj edhe un\u00eb, k\u00ebsaj radhe, me synimin q\u00eb t\u00eb mb\u00ebshtes k\u00ebt\u00eb v\u00ebllaz\u00ebri t\u00eb kolos\u00ebve tan\u00eb t\u00eb cil\u00ebt na braktis\u00ebn tep\u00ebr her\u00ebt, do t\u00eb shkruaj: Ka ikur nj\u00ebri nga artist\u00ebt m\u00eb t\u00eb m\u00ebdhenj q\u00eb kemi pasur&#8230;<\/p>\n<p style=\"text-align: center;\"><img decoding=\"async\" style=\"margin-left: 10px; margin-right: 10px; border: 0px;\" src=\"http:\/\/www.shkoder.net\/images\/fjala\/2010\/bekim_fehmiu.jpg\" border=\"0\" alt=\"Bekim Fehmiu\" width=\"450\" \/><\/p>\n<p>Bekim Fehmiu. Legjenda. Miti. Modeli&#8230; As gjysm\u00ebn nuk e ka b\u00ebr\u00eb at\u00eb q\u00eb ka mundur ta b\u00ebj\u00eb. Jo pse nuk arriti, por sepse nuk deshi. Po ka b\u00ebr\u00eb m\u00eb s\u00eb shumti nga t\u00eb gjith\u00eb n\u00eb k\u00ebto hap\u00ebsira. Qet\u00eb. Me mas\u00eb. Me dinjitet. Ekzistojn\u00eb njer\u00ebz &#8211; urtak\u00eb, t\u00eb cil\u00ebt qysh n\u00eb rini e meritojn\u00eb. Nj\u00ebri nga ata me siguri ka qen\u00eb Bekim Fehmiu.<\/p>\n<p>N\u00eb at\u00eb fytyr\u00eb t\u00eb bukur antike, t\u00eb skalitur me dor\u00ebn m\u00eb t\u00eb shkatht\u00eb t\u00eb nj\u00eb skulptori t\u00eb gjith\u00ebfuqish\u00ebm, vijat e ashpra zbulonin pothuajse nj\u00eb superioritet akilian, nd\u00ebrsa shikimi prore shk\u00eblqente n\u00eb lart\u00ebsi &#8220;n\u00eb linj\u00ebn q\u00eb pren&#8221;. Luft\u00ebtari&#8230; Poeti&#8230; Urtaku&#8230; Samuraji&#8230; T\u00eb till\u00eb e kemi njohur, t\u00eb till\u00eb e kemi admiruar. Pas aktorit, mbesin vet\u00ebm rolet e tyre t\u00eb m\u00ebdha. Ato, n\u00eb teat\u00ebr, mbesin t\u00eb sh\u00ebnuara vet\u00ebm n\u00eb kujtimet e atyre t\u00eb cil\u00ebt me to kan\u00eb jetuar. P\u00ebr fat, shiriti filmik sh\u00ebnon jet\u00ebt dhe veprat p\u00ebr p\u00ebrjet\u00ebsi&#8230;<\/p>\n<p>K\u00ebshtu personazhet e paharruara filmike t\u00eb Bekimit do t\u00eb jetojn\u00eb p\u00ebrgjithmon\u00eb n\u00eb thesarin e pasur kulturor t\u00eb k\u00ebtyre popujve. Kujtimet p\u00ebr kolos\u00ebt e filmit n\u00eb nd\u00ebrdijen ton\u00eb, n\u00ebn ndikimin dhe n\u00ebp\u00ebrmjet teknologjis\u00eb s\u00eb internetit, i p\u00ebrmbledhim n\u00eb shenja, n\u00eb shk\u00eblqim t\u00eb shkurt\u00ebr t\u00eb kuadrit, moment q\u00eb nuk harrohet: shikimi djall\u00ebzor i Brandos q\u00eb ngrin dejt, buz\u00ebqeshja e lodhur e Bogartit n\u00ebn kalel\u00ebn e zez\u00eb, &#8220;fryma e fundit&#8221; e Belmondos, nd\u00ebrsa kalon me gishtin e madh n\u00ebp\u00ebr buz\u00ebt e thara dhe duart e p\u00ebrgjakura t\u00eb Bekimit, pas got\u00ebs s\u00eb thyer, t\u00eb ngritur n\u00eb lart\u00ebsin\u00eb e syve&#8230;<\/p>\n<p>Moment p\u00ebr amshim&#8230; I till\u00eb n\u00eb nd\u00ebrdijen ton\u00eb do t\u00eb ndri\u00e7oj\u00eb Bekim Fehmiu krah p\u00ebr krah me kolos\u00ebt m\u00eb t\u00eb m\u00ebdhenj t\u00eb filmit bot\u00ebror&#8230; Por njer\u00ebzit nuk na detyrojn\u00eb vet\u00ebm me veprat dhe jet\u00ebn e ture. Nikolla Teslla nuk u b\u00eb\u00a0i amshuesh\u00ebm dhe unikal vet\u00ebm me zbulimet dhe veprat e tij me t\u00eb cilat p\u00ebrparoi dhe pasuroi bot\u00ebn gati m\u00eb shum\u00eb se t\u00eb gjitht\u00eb njer\u00ebzit e gjall\u00eb; Teslla me men\u00e7urin\u00eb, mir\u00ebsin\u00eb dhe fisnik\u00ebrin\u00eb e tij ka plot\u00ebsuar personazhin e tij, andaj nj\u00ebsoj e madh\u00ebrojn\u00eb t\u00eb gjith\u00eb kombet dhe komb\u00ebsit\u00eb n\u00eb k\u00ebto hap\u00ebsira tona&#8230;<\/p>\n<p>K\u00ebshtu \u00ebsht\u00eb disi edhe me Bekimim. N\u00eb k\u00ebto koh\u00eb t\u00eb v\u00ebshtira t\u00eb cilat kan\u00eb p\u00ebrftuar n\u00ebp\u00ebr jet\u00ebn ton\u00eb dhe dy her\u00eb na kan\u00eb varf\u00ebruar dhe n\u00eb t\u00eb cilat ende jetojm\u00eb me gj\u00ebmimet e koh\u00ebpaskohshme t\u00eb topave, dhe mitroloz\u00ebve, Bekimi sikur heroi antik, rrinte i nemitur dhe i z\u00ebn\u00eb rob, i ngulur n\u00eb vend, midis popujve nd\u00ebrluftues. Lir\u00ebn e tij poetike e la anash dhe p\u00ebrgjithmon\u00eb heshti&#8230; I lemeritur dhe i fyer, pushoi t\u00eb merret me art, sepse ky \u00ebsht\u00eb nj\u00eb &#8220;profesion prej tradhtari&#8221;, humbi \u00e7do kuptim n\u00eb k\u00ebto hap\u00ebsira, ku njer\u00ebzit u eg\u00ebrsuan dhe n\u00eb bisha u shnd\u00ebrruan.<\/p>\n<p>Mund t\u00eb shkonte n\u00eb Paris apo n\u00eb Rom\u00eb apo diku mjaft larg, por tep\u00ebr krenar, \u00e7far\u00eb ishte, me trillin e heroit antik, rrug\u00ebn vetvetes ia caktoi&#8230; U mbyll brenda kat\u00ebr mureve t\u00eb sht\u00ebpis\u00eb s\u00eb tij, nga e cila gjat\u00eb gjith\u00eb k\u00ebtyre viteve doli rrall\u00eb&#8230; Atje, n\u00eb vetmin\u00eb e tij, si\u00e7 d\u00ebshmuan t\u00eb af\u00ebrmit e tij, kryesisht libra lexonte, heshti dhe nganjeher\u00eb shkroi di\u00e7ka&#8230; Dhe k\u00ebshtu jetoi surgjenimin e tij vullnetar nga t\u00eb dy popujt, artisti i famsh\u00ebm i t\u00eb cil\u00ebve dikur ishte. Tragjedia ka rrjedh\u00ebn dhe ritmin e saj t\u00eb ve\u00e7ant\u00eb. Kur l\u00ebviz, askush nuk mund ta ndal\u00eb&#8230;<\/p>\n<p>Vet\u00ebm m\u00eb t\u00eb guximshmit nga ne kan\u00eb forc\u00eb q\u00eb t\u00eb mos p\u00ebrkulen para stuhis\u00eb s\u00eb keqe dhe or\u00ebve t\u00eb liga dhe q\u00eb ballhapur t\u00eb ikin&#8230; Bekimi, thon\u00eb, u p\u00ebrsh\u00ebndet me ata q\u00eb m\u00eb s\u00eb shumti n\u00eb bot\u00eb i donte dhe p\u00ebr t\u00eb cil\u00ebt gjat\u00eb gjith\u00eb k\u00ebtyre viteve jetoi&#8230; Nga gruaja e tij e bukur Branka, nga dy djemt\u00eb e tij Uliksi dhe Hedoni, nga nipat e tij dhe farefisi&#8230; Pastaj kok\u00ebn e tij t\u00eb bukur me \u00e7ar\u00e7af t\u00eb bardh\u00eb e mbuloi, dhe n\u00eb tamthin e djatht\u00eb shkrepi&#8230; Vall\u00eb a u d\u00ebgjua sa duhet ajo krism\u00eb? Mos vall\u00eb p\u00ebr nj\u00eb moment di\u00e7ka ndryshoi? Mos vall\u00eb dikush pas k\u00ebsaj u mendua?<\/p>\n<p>====<br \/>\n(<strong>Rade Sherbexhia <\/strong><em>\u00ebsht\u00eb aktor filmi dhe teatri nga Kroacia. Gjith\u00eb koh\u00ebn ka q\u00ebndruar larg konflikteve t\u00eb p\u00ebrgjakshme n\u00eb hap\u00ebsirat e ish-Jugoslavis\u00eb. Kryesisht ka punuar n\u00eb Amerik\u00eb dhe Evrop\u00eb<\/em>)<\/p>\n","protected":false},"excerpt":{"rendered":"<p>Shkruan: Rade Sherbexhia &#8211; Thon\u00eb se nuk ka aktor\u00eb dhe aktore t\u00eb m\u00ebdha. Thon\u00eb se m\u00eb drejt\u00eb duhet t\u00eb thuhet se ka t\u00eb m\u00ebdhenj dhe t\u00eb ve\u00e7ant\u00eb dhe t\u00eb nj\u00ebjt\u00eb n\u00eb madh\u00ebshtin\u00eb e tyre. Andaj edhe un\u00eb, k\u00ebsaj radhe, me synimin q\u00eb t\u00eb mb\u00ebshtes k\u00ebt\u00eb v\u00ebllaz\u00ebri t\u00eb kolos\u00ebve tan\u00eb t\u00eb cil\u00ebt na braktis\u00ebn tep\u00ebr her\u00ebt, [&hellip;]<\/p>\n","protected":false},"author":1,"featured_media":0,"comment_status":"open","ping_status":"closed","sticky":false,"template":"","format":"standard","meta":{"footnotes":""},"categories":[2],"tags":[],"class_list":{"0":"post-3071","1":"post","2":"type-post","3":"status-publish","4":"format-standard","6":"category-artikuj"},"yoast_head":"<!-- This site is optimized with the Yoast SEO plugin v27.4 - https:\/\/yoast.com\/product\/yoast-seo-wordpress\/ -->\n<title>Heroi antik Bekim Fehmiu - FjALA e LIR\u00cb - Arkivi<\/title>\n<meta name=\"robots\" content=\"index, follow, max-snippet:-1, max-image-preview:large, max-video-preview:-1\" \/>\n<link rel=\"canonical\" href=\"https:\/\/fjala.info\/2009-2015\/heroi-antik-bekim-fehmiu\/\" \/>\n<meta property=\"og:locale\" content=\"sq_AL\" \/>\n<meta property=\"og:type\" content=\"article\" \/>\n<meta property=\"og:title\" content=\"Heroi antik Bekim Fehmiu - FjALA e LIR\u00cb - Arkivi\" \/>\n<meta property=\"og:description\" content=\"Shkruan: Rade Sherbexhia &#8211; Thon\u00eb se nuk ka aktor\u00eb dhe aktore t\u00eb m\u00ebdha. Thon\u00eb se m\u00eb drejt\u00eb duhet t\u00eb thuhet se ka t\u00eb m\u00ebdhenj dhe t\u00eb ve\u00e7ant\u00eb dhe t\u00eb nj\u00ebjt\u00eb n\u00eb madh\u00ebshtin\u00eb e tyre. Andaj edhe un\u00eb, k\u00ebsaj radhe, me synimin q\u00eb t\u00eb mb\u00ebshtes k\u00ebt\u00eb v\u00ebllaz\u00ebri t\u00eb kolos\u00ebve tan\u00eb t\u00eb cil\u00ebt na braktis\u00ebn tep\u00ebr her\u00ebt, [&hellip;]\" \/>\n<meta property=\"og:url\" content=\"https:\/\/fjala.info\/2009-2015\/heroi-antik-bekim-fehmiu\/\" \/>\n<meta property=\"og:site_name\" content=\"FjALA e LIR\u00cb - Arkivi\" \/>\n<meta property=\"article:published_time\" content=\"2010-06-23T00:58:27+00:00\" \/>\n<meta property=\"og:image\" content=\"http:\/\/www.shkoder.net\/images\/fjala\/2010\/bekim_fehmiu.jpg\" \/>\n<meta name=\"author\" content=\"admin\" \/>\n<meta name=\"twitter:card\" content=\"summary_large_image\" \/>\n<meta name=\"twitter:label1\" content=\"Written by\" \/>\n\t<meta name=\"twitter:data1\" content=\"admin\" \/>\n\t<meta name=\"twitter:label2\" content=\"Est. reading time\" \/>\n\t<meta name=\"twitter:data2\" content=\"4 minutes\" \/>\n<script type=\"application\/ld+json\" class=\"yoast-schema-graph\">{\"@context\":\"https:\\\/\\\/schema.org\",\"@graph\":[{\"@type\":\"Article\",\"@id\":\"https:\\\/\\\/fjala.info\\\/2009-2015\\\/heroi-antik-bekim-fehmiu\\\/#article\",\"isPartOf\":{\"@id\":\"https:\\\/\\\/fjala.info\\\/2009-2015\\\/heroi-antik-bekim-fehmiu\\\/\"},\"author\":{\"name\":\"admin\",\"@id\":\"https:\\\/\\\/fjala.info\\\/2009-2015\\\/#\\\/schema\\\/person\\\/3aa1163ef05469c496fc94e77611ada2\"},\"headline\":\"Heroi antik Bekim Fehmiu\",\"datePublished\":\"2010-06-23T00:58:27+00:00\",\"mainEntityOfPage\":{\"@id\":\"https:\\\/\\\/fjala.info\\\/2009-2015\\\/heroi-antik-bekim-fehmiu\\\/\"},\"wordCount\":889,\"commentCount\":0,\"publisher\":{\"@id\":\"https:\\\/\\\/fjala.info\\\/2009-2015\\\/#organization\"},\"image\":{\"@id\":\"https:\\\/\\\/fjala.info\\\/2009-2015\\\/heroi-antik-bekim-fehmiu\\\/#primaryimage\"},\"thumbnailUrl\":\"http:\\\/\\\/www.shkoder.net\\\/images\\\/fjala\\\/2010\\\/bekim_fehmiu.jpg\",\"articleSection\":[\"Artikuj\"],\"inLanguage\":\"sq-AL\",\"potentialAction\":[{\"@type\":\"CommentAction\",\"name\":\"Comment\",\"target\":[\"https:\\\/\\\/fjala.info\\\/2009-2015\\\/heroi-antik-bekim-fehmiu\\\/#respond\"]}]},{\"@type\":\"WebPage\",\"@id\":\"https:\\\/\\\/fjala.info\\\/2009-2015\\\/heroi-antik-bekim-fehmiu\\\/\",\"url\":\"https:\\\/\\\/fjala.info\\\/2009-2015\\\/heroi-antik-bekim-fehmiu\\\/\",\"name\":\"Heroi antik Bekim Fehmiu - FjALA e LIR\u00cb - Arkivi\",\"isPartOf\":{\"@id\":\"https:\\\/\\\/fjala.info\\\/2009-2015\\\/#website\"},\"primaryImageOfPage\":{\"@id\":\"https:\\\/\\\/fjala.info\\\/2009-2015\\\/heroi-antik-bekim-fehmiu\\\/#primaryimage\"},\"image\":{\"@id\":\"https:\\\/\\\/fjala.info\\\/2009-2015\\\/heroi-antik-bekim-fehmiu\\\/#primaryimage\"},\"thumbnailUrl\":\"http:\\\/\\\/www.shkoder.net\\\/images\\\/fjala\\\/2010\\\/bekim_fehmiu.jpg\",\"datePublished\":\"2010-06-23T00:58:27+00:00\",\"breadcrumb\":{\"@id\":\"https:\\\/\\\/fjala.info\\\/2009-2015\\\/heroi-antik-bekim-fehmiu\\\/#breadcrumb\"},\"inLanguage\":\"sq-AL\",\"potentialAction\":[{\"@type\":\"ReadAction\",\"target\":[\"https:\\\/\\\/fjala.info\\\/2009-2015\\\/heroi-antik-bekim-fehmiu\\\/\"]}]},{\"@type\":\"ImageObject\",\"inLanguage\":\"sq-AL\",\"@id\":\"https:\\\/\\\/fjala.info\\\/2009-2015\\\/heroi-antik-bekim-fehmiu\\\/#primaryimage\",\"url\":\"http:\\\/\\\/www.shkoder.net\\\/images\\\/fjala\\\/2010\\\/bekim_fehmiu.jpg\",\"contentUrl\":\"http:\\\/\\\/www.shkoder.net\\\/images\\\/fjala\\\/2010\\\/bekim_fehmiu.jpg\"},{\"@type\":\"BreadcrumbList\",\"@id\":\"https:\\\/\\\/fjala.info\\\/2009-2015\\\/heroi-antik-bekim-fehmiu\\\/#breadcrumb\",\"itemListElement\":[{\"@type\":\"ListItem\",\"position\":1,\"name\":\"Home\",\"item\":\"https:\\\/\\\/fjala.info\\\/2009-2015\\\/\"},{\"@type\":\"ListItem\",\"position\":2,\"name\":\"Heroi antik Bekim Fehmiu\"}]},{\"@type\":\"WebSite\",\"@id\":\"https:\\\/\\\/fjala.info\\\/2009-2015\\\/#website\",\"url\":\"https:\\\/\\\/fjala.info\\\/2009-2015\\\/\",\"name\":\"FjALA e LIR\u00cb - Arkivi\",\"description\":\"Arkivi 2009-2015\",\"publisher\":{\"@id\":\"https:\\\/\\\/fjala.info\\\/2009-2015\\\/#organization\"},\"potentialAction\":[{\"@type\":\"SearchAction\",\"target\":{\"@type\":\"EntryPoint\",\"urlTemplate\":\"https:\\\/\\\/fjala.info\\\/2009-2015\\\/?s={search_term_string}\"},\"query-input\":{\"@type\":\"PropertyValueSpecification\",\"valueRequired\":true,\"valueName\":\"search_term_string\"}}],\"inLanguage\":\"sq-AL\"},{\"@type\":\"Organization\",\"@id\":\"https:\\\/\\\/fjala.info\\\/2009-2015\\\/#organization\",\"name\":\"FjALA e LIR\u00cb - Arkivi\",\"url\":\"https:\\\/\\\/fjala.info\\\/2009-2015\\\/\",\"logo\":{\"@type\":\"ImageObject\",\"inLanguage\":\"sq-AL\",\"@id\":\"https:\\\/\\\/fjala.info\\\/2009-2015\\\/#\\\/schema\\\/logo\\\/image\\\/\",\"url\":\"\",\"contentUrl\":\"\",\"caption\":\"FjALA e LIR\u00cb - Arkivi\"},\"image\":{\"@id\":\"https:\\\/\\\/fjala.info\\\/2009-2015\\\/#\\\/schema\\\/logo\\\/image\\\/\"}},{\"@type\":\"Person\",\"@id\":\"https:\\\/\\\/fjala.info\\\/2009-2015\\\/#\\\/schema\\\/person\\\/3aa1163ef05469c496fc94e77611ada2\",\"name\":\"admin\",\"image\":{\"@type\":\"ImageObject\",\"inLanguage\":\"sq-AL\",\"@id\":\"https:\\\/\\\/fjala.info\\\/2009-2015\\\/wp-content\\\/uploads\\\/2012\\\/02\\\/arben_cokaj-120x150.jpg\",\"url\":\"https:\\\/\\\/fjala.info\\\/2009-2015\\\/wp-content\\\/uploads\\\/2012\\\/02\\\/arben_cokaj-120x150.jpg\",\"contentUrl\":\"https:\\\/\\\/fjala.info\\\/2009-2015\\\/wp-content\\\/uploads\\\/2012\\\/02\\\/arben_cokaj-120x150.jpg\",\"caption\":\"admin\"},\"description\":\"Admin, Fjala e Lir\u00eb\",\"sameAs\":[\"https:\\\/\\\/fjala.info\\\/\"],\"url\":\"https:\\\/\\\/fjala.info\\\/2009-2015\\\/author\\\/admin\\\/\"}]}<\/script>\n<!-- \/ Yoast SEO plugin. -->","yoast_head_json":{"title":"Heroi antik Bekim Fehmiu - FjALA e LIR\u00cb - Arkivi","robots":{"index":"index","follow":"follow","max-snippet":"max-snippet:-1","max-image-preview":"max-image-preview:large","max-video-preview":"max-video-preview:-1"},"canonical":"https:\/\/fjala.info\/2009-2015\/heroi-antik-bekim-fehmiu\/","og_locale":"sq_AL","og_type":"article","og_title":"Heroi antik Bekim Fehmiu - FjALA e LIR\u00cb - Arkivi","og_description":"Shkruan: Rade Sherbexhia &#8211; Thon\u00eb se nuk ka aktor\u00eb dhe aktore t\u00eb m\u00ebdha. Thon\u00eb se m\u00eb drejt\u00eb duhet t\u00eb thuhet se ka t\u00eb m\u00ebdhenj dhe t\u00eb ve\u00e7ant\u00eb dhe t\u00eb nj\u00ebjt\u00eb n\u00eb madh\u00ebshtin\u00eb e tyre. Andaj edhe un\u00eb, k\u00ebsaj radhe, me synimin q\u00eb t\u00eb mb\u00ebshtes k\u00ebt\u00eb v\u00ebllaz\u00ebri t\u00eb kolos\u00ebve tan\u00eb t\u00eb cil\u00ebt na braktis\u00ebn tep\u00ebr her\u00ebt, [&hellip;]","og_url":"https:\/\/fjala.info\/2009-2015\/heroi-antik-bekim-fehmiu\/","og_site_name":"FjALA e LIR\u00cb - Arkivi","article_published_time":"2010-06-23T00:58:27+00:00","og_image":[{"url":"http:\/\/www.shkoder.net\/images\/fjala\/2010\/bekim_fehmiu.jpg","type":"","width":"","height":""}],"author":"admin","twitter_card":"summary_large_image","twitter_misc":{"Written by":"admin","Est. reading time":"4 minutes"},"schema":{"@context":"https:\/\/schema.org","@graph":[{"@type":"Article","@id":"https:\/\/fjala.info\/2009-2015\/heroi-antik-bekim-fehmiu\/#article","isPartOf":{"@id":"https:\/\/fjala.info\/2009-2015\/heroi-antik-bekim-fehmiu\/"},"author":{"name":"admin","@id":"https:\/\/fjala.info\/2009-2015\/#\/schema\/person\/3aa1163ef05469c496fc94e77611ada2"},"headline":"Heroi antik Bekim Fehmiu","datePublished":"2010-06-23T00:58:27+00:00","mainEntityOfPage":{"@id":"https:\/\/fjala.info\/2009-2015\/heroi-antik-bekim-fehmiu\/"},"wordCount":889,"commentCount":0,"publisher":{"@id":"https:\/\/fjala.info\/2009-2015\/#organization"},"image":{"@id":"https:\/\/fjala.info\/2009-2015\/heroi-antik-bekim-fehmiu\/#primaryimage"},"thumbnailUrl":"http:\/\/www.shkoder.net\/images\/fjala\/2010\/bekim_fehmiu.jpg","articleSection":["Artikuj"],"inLanguage":"sq-AL","potentialAction":[{"@type":"CommentAction","name":"Comment","target":["https:\/\/fjala.info\/2009-2015\/heroi-antik-bekim-fehmiu\/#respond"]}]},{"@type":"WebPage","@id":"https:\/\/fjala.info\/2009-2015\/heroi-antik-bekim-fehmiu\/","url":"https:\/\/fjala.info\/2009-2015\/heroi-antik-bekim-fehmiu\/","name":"Heroi antik Bekim Fehmiu - FjALA e LIR\u00cb - Arkivi","isPartOf":{"@id":"https:\/\/fjala.info\/2009-2015\/#website"},"primaryImageOfPage":{"@id":"https:\/\/fjala.info\/2009-2015\/heroi-antik-bekim-fehmiu\/#primaryimage"},"image":{"@id":"https:\/\/fjala.info\/2009-2015\/heroi-antik-bekim-fehmiu\/#primaryimage"},"thumbnailUrl":"http:\/\/www.shkoder.net\/images\/fjala\/2010\/bekim_fehmiu.jpg","datePublished":"2010-06-23T00:58:27+00:00","breadcrumb":{"@id":"https:\/\/fjala.info\/2009-2015\/heroi-antik-bekim-fehmiu\/#breadcrumb"},"inLanguage":"sq-AL","potentialAction":[{"@type":"ReadAction","target":["https:\/\/fjala.info\/2009-2015\/heroi-antik-bekim-fehmiu\/"]}]},{"@type":"ImageObject","inLanguage":"sq-AL","@id":"https:\/\/fjala.info\/2009-2015\/heroi-antik-bekim-fehmiu\/#primaryimage","url":"http:\/\/www.shkoder.net\/images\/fjala\/2010\/bekim_fehmiu.jpg","contentUrl":"http:\/\/www.shkoder.net\/images\/fjala\/2010\/bekim_fehmiu.jpg"},{"@type":"BreadcrumbList","@id":"https:\/\/fjala.info\/2009-2015\/heroi-antik-bekim-fehmiu\/#breadcrumb","itemListElement":[{"@type":"ListItem","position":1,"name":"Home","item":"https:\/\/fjala.info\/2009-2015\/"},{"@type":"ListItem","position":2,"name":"Heroi antik Bekim Fehmiu"}]},{"@type":"WebSite","@id":"https:\/\/fjala.info\/2009-2015\/#website","url":"https:\/\/fjala.info\/2009-2015\/","name":"FjALA e LIR\u00cb - Arkivi","description":"Arkivi 2009-2015","publisher":{"@id":"https:\/\/fjala.info\/2009-2015\/#organization"},"potentialAction":[{"@type":"SearchAction","target":{"@type":"EntryPoint","urlTemplate":"https:\/\/fjala.info\/2009-2015\/?s={search_term_string}"},"query-input":{"@type":"PropertyValueSpecification","valueRequired":true,"valueName":"search_term_string"}}],"inLanguage":"sq-AL"},{"@type":"Organization","@id":"https:\/\/fjala.info\/2009-2015\/#organization","name":"FjALA e LIR\u00cb - Arkivi","url":"https:\/\/fjala.info\/2009-2015\/","logo":{"@type":"ImageObject","inLanguage":"sq-AL","@id":"https:\/\/fjala.info\/2009-2015\/#\/schema\/logo\/image\/","url":"","contentUrl":"","caption":"FjALA e LIR\u00cb - Arkivi"},"image":{"@id":"https:\/\/fjala.info\/2009-2015\/#\/schema\/logo\/image\/"}},{"@type":"Person","@id":"https:\/\/fjala.info\/2009-2015\/#\/schema\/person\/3aa1163ef05469c496fc94e77611ada2","name":"admin","image":{"@type":"ImageObject","inLanguage":"sq-AL","@id":"https:\/\/fjala.info\/2009-2015\/wp-content\/uploads\/2012\/02\/arben_cokaj-120x150.jpg","url":"https:\/\/fjala.info\/2009-2015\/wp-content\/uploads\/2012\/02\/arben_cokaj-120x150.jpg","contentUrl":"https:\/\/fjala.info\/2009-2015\/wp-content\/uploads\/2012\/02\/arben_cokaj-120x150.jpg","caption":"admin"},"description":"Admin, Fjala e Lir\u00eb","sameAs":["https:\/\/fjala.info\/"],"url":"https:\/\/fjala.info\/2009-2015\/author\/admin\/"}]}},"_links":{"self":[{"href":"https:\/\/fjala.info\/2009-2015\/wp-json\/wp\/v2\/posts\/3071","targetHints":{"allow":["GET"]}}],"collection":[{"href":"https:\/\/fjala.info\/2009-2015\/wp-json\/wp\/v2\/posts"}],"about":[{"href":"https:\/\/fjala.info\/2009-2015\/wp-json\/wp\/v2\/types\/post"}],"author":[{"embeddable":true,"href":"https:\/\/fjala.info\/2009-2015\/wp-json\/wp\/v2\/users\/1"}],"replies":[{"embeddable":true,"href":"https:\/\/fjala.info\/2009-2015\/wp-json\/wp\/v2\/comments?post=3071"}],"version-history":[{"count":0,"href":"https:\/\/fjala.info\/2009-2015\/wp-json\/wp\/v2\/posts\/3071\/revisions"}],"wp:attachment":[{"href":"https:\/\/fjala.info\/2009-2015\/wp-json\/wp\/v2\/media?parent=3071"}],"wp:term":[{"taxonomy":"category","embeddable":true,"href":"https:\/\/fjala.info\/2009-2015\/wp-json\/wp\/v2\/categories?post=3071"},{"taxonomy":"post_tag","embeddable":true,"href":"https:\/\/fjala.info\/2009-2015\/wp-json\/wp\/v2\/tags?post=3071"}],"curies":[{"name":"wp","href":"https:\/\/api.w.org\/{rel}","templated":true}]}}