{"id":3069,"date":"2010-06-23T01:53:25","date_gmt":"2010-06-23T00:53:25","guid":{"rendered":"http:\/\/fjala.shkoder.net\/?p=3069"},"modified":"2010-06-23T01:53:25","modified_gmt":"2010-06-23T00:53:25","slug":"eurostat-shqiperia-me-e-varfera-ne-europe-ps-ja-kriza-nuk-fshihet","status":"publish","type":"post","link":"https:\/\/fjala.info\/2009-2015\/eurostat-shqiperia-me-e-varfera-ne-europe-ps-ja-kriza-nuk-fshihet\/","title":{"rendered":"EUROSTAT: Shqip\u00ebria, m\u00eb e varf\u00ebra n\u00eb Europ\u00eb, PS-ja: Kriza nuk fshihet"},"content":{"rendered":"<p><strong>Shekulli Online<\/strong>, <em>22.06.2010<\/em><\/p>\n<p><em>UPDATE<\/em> &#8211; Pas raportit m\u00eb t\u00eb fundit t\u00eb EUROSTAT, qe e rendiste Shqiperine me te varferen ne Europe, Partia Socialiste ka k\u00ebrkuar nga qeveria t\u00eb njoh\u00eb kriz\u00ebn aktuale, e cila nuk mund t\u00eb fshihet, por duhet zgjidhur.<\/p>\n<p style=\"text-align: center;\"><img decoding=\"async\" style=\"margin-left: 10px; margin-right: 10px; border: 0px;\" src=\"http:\/\/www.shkoder.net\/images\/fjala\/2010\/treg_gabel.jpg\" border=\"0\" alt=\"Treg i varf\u00ebr\" width=\"450\" \/><\/p>\n<p>P\u00ebrmes nj\u00eb deklarate p\u00ebr mediat, n\u00ebnkryetarja e Komisionit t\u00eb Ekonomis\u00eb, Mimi Kodheli ka theksuar se opozita shqiptare nuk \u00ebsht\u00eb e interesuar t\u00eb p\u00ebrkeq\u00ebsoj\u00eb kriz\u00ebn ekonomike si\u00e7 thot\u00eb lart e posht\u00eb kryeministri i vendit, por \u00ebsht\u00eb shum\u00eb e interesuar p\u00ebr zgjidhjen e saj.<\/p>\n<p>&#8220;Banka Bot\u00ebrore, Fondi Monetar Nd\u00ebrkomb\u00ebtar, BERZH, Eurostat e shum\u00eb aktor\u00eb e faktor\u00eb t\u00eb tjer\u00eb t\u00eb r\u00ebnd\u00ebsish\u00ebm, kan\u00eb treguar n\u00eb m\u00eb shum\u00eb se nj\u00eb rast, shqet\u00ebsimin e tyre n\u00eb lidhje me kriz\u00ebn. Partia Socialiste i ka ngritur k\u00ebto shqet\u00ebsime n\u00eb em\u00ebr t\u00eb t\u00eb gjith\u00eb shqiptar\u00ebve, t\u00eb majt\u00eb e t\u00eb djatht\u00eb, q\u00eb vuajn\u00eb sot k\u00ebto pasoja t\u00eb keqmenaxhimit e abuzimit me financat publike&#8221;- tha Kodheli.<\/p>\n<p>Sipas saj nuk jan\u00eb vet\u00ebm raportet e t\u00eb hujave q\u00eb flasin p\u00ebr kriz\u00ebn, por vet\u00eb veprimet e qeveris\u00eb. Ndryshimet e p\u00ebrs\u00ebritura n\u00eb legjislacionin tatimor, debati n\u00eb lidhje me skem\u00ebn e pensioneve, borxhet e nj\u00ebpasnj\u00ebshme q\u00eb qeveria detyrohet t\u00eb marr\u00eb p\u00ebr t\u00eb shtyr\u00eb edhe disa muaj, mos plot\u00ebsimi i t\u00eb ardhurave tatimore dhe ndryshimet n\u00eb buxhetin e shtetit, rritja e cmimeve dhe zhvler\u00ebsimi i monedh\u00ebs vendase, sipas Kodhelit, flasin m\u00eb qart\u00eb se cdo apologji e munguar nga qeveria, mbi v\u00ebshtir\u00ebsit\u00eb n\u00eb t\u00eb cilat ndodhet sot ekonomia shqiptare e bashk\u00eb me t\u00eb edhe ekonomit\u00eb e shumic\u00ebs s\u00eb familjeve t\u00eb shqiptar\u00ebve.<\/p>\n<p>&#8220;Partia Socialiste i b\u00ebn edhe nj\u00ebher\u00eb thirrje Sali Berish\u00ebs p\u00ebr transparenc\u00eb me shifrat e ekonomis\u00eb dhe politika t\u00eb p\u00ebrgjegjshme n\u00eb sh\u00ebrbim t\u00eb ekonomis\u00eb, e jo ekonomi n\u00eb sh\u00ebrbim t\u00eb politik\u00ebs&#8221;- tha ajo.<\/p>\n<p><strong>EUROSTAT: Shqip\u00ebria, m\u00eb e varf\u00ebra n\u00eb Europ\u00eb<\/strong><\/p>\n<p>Shqip\u00ebria renditet si vendi m\u00eb i varf\u00ebr n\u00eb Europ\u00eb, nd\u00ebrkoh\u00eb q\u00eb para saj renditet Bosnja, Serbia dhe Mali i Zi. Vler\u00ebsimi i varf\u00ebris\u00eb \u00ebsht\u00eb b\u00ebr\u00eb nga EUROSTAT, publikuar n\u00eb faqen e vet zyrtare vet\u00ebm nj\u00eb dit\u00eb m\u00eb par\u00eb dhe vjen si nj\u00eb vler\u00ebsim krahasimor i Prodhimit t\u00eb Brendsh\u00ebm Bruto (GDP) p\u00ebr frym\u00eb, shprehur sipas &#8216;Standardit t\u00eb Fuqis\u00eb Bler\u00ebse&#8217;. N\u00eb nj\u00eb list\u00eb me 37 vende, ku mungon Kosova, Shqip\u00ebria ka kapur pozicionin e fundit.<\/p>\n<p>Sipas tabel\u00ebs s\u00eb EUROSTAT, n\u00eb nj\u00eb mesatare europiane rrumbullakosur me shifr\u00ebn 100, vendi yn\u00eb kap vet\u00ebm 27%. N\u00eb list\u00eb para nesh jan\u00eb Bosnja me 30%, Maqedonia me 35, Serbia 37 e Mali i Zi me 43 p\u00ebr qind t\u00eb GDP p\u00ebr frym\u00eb, krahasuar me mesataren e 27 vendeve europiane.<\/p>\n<p>N\u00eb krye t\u00eb pozicionimit p\u00ebr nivelin e lart\u00eb t\u00eb jetes\u00ebs p\u00ebr banor e renditet Luksemburgu me 268%.<\/p>\n<p>N\u00eb Finland\u00eb, Franc\u00eb, Spanj\u00eb, Itali, Qipro dhe Greqia, GDP-ja p\u00ebr banor \u00ebsht\u00eb brenda 10% t\u00eb mesatares s\u00eb EU27.<\/p>\n<p>Nd\u00ebrkoh\u00eb referuar renditjes, Irlanda, Holanda, Austria, Suedia, Danimarka, Britania e Madhe, Gjermania dhe Belgjika kan\u00eb qen\u00eb n\u00eb mes 15% dhe 35% mbi mesataren. M\u00eb tej, Sllovenia, Republika \u00c7eke, Malt\u00eb, Portugali dhe Sllovakia jan\u00eb midis 10% dhe 30% m\u00eb e ul\u00ebt se mesatarja EU27.<\/p>\n","protected":false},"excerpt":{"rendered":"<p>Shekulli Online, 22.06.2010 UPDATE &#8211; Pas raportit m\u00eb t\u00eb fundit t\u00eb EUROSTAT, qe e rendiste Shqiperine me te varferen ne Europe, Partia Socialiste ka k\u00ebrkuar nga qeveria t\u00eb njoh\u00eb kriz\u00ebn aktuale, e cila nuk mund t\u00eb fshihet, por duhet zgjidhur. P\u00ebrmes nj\u00eb deklarate p\u00ebr mediat, n\u00ebnkryetarja e Komisionit t\u00eb Ekonomis\u00eb, Mimi Kodheli ka theksuar se [&hellip;]<\/p>\n","protected":false},"author":1,"featured_media":0,"comment_status":"open","ping_status":"closed","sticky":false,"template":"","format":"standard","meta":{"footnotes":""},"categories":[2],"tags":[],"class_list":{"0":"post-3069","1":"post","2":"type-post","3":"status-publish","4":"format-standard","6":"category-artikuj"},"yoast_head":"<!-- This site is optimized with the Yoast SEO plugin v27.4 - https:\/\/yoast.com\/product\/yoast-seo-wordpress\/ -->\n<title>EUROSTAT: Shqip\u00ebria, m\u00eb e varf\u00ebra n\u00eb Europ\u00eb, PS-ja: Kriza nuk fshihet - FjALA e LIR\u00cb - Arkivi<\/title>\n<meta name=\"robots\" content=\"index, follow, max-snippet:-1, max-image-preview:large, max-video-preview:-1\" \/>\n<link rel=\"canonical\" href=\"https:\/\/fjala.info\/2009-2015\/eurostat-shqiperia-me-e-varfera-ne-europe-ps-ja-kriza-nuk-fshihet\/\" \/>\n<meta property=\"og:locale\" content=\"sq_AL\" \/>\n<meta property=\"og:type\" content=\"article\" \/>\n<meta property=\"og:title\" content=\"EUROSTAT: Shqip\u00ebria, m\u00eb e varf\u00ebra n\u00eb Europ\u00eb, PS-ja: Kriza nuk fshihet - FjALA e LIR\u00cb - Arkivi\" \/>\n<meta property=\"og:description\" content=\"Shekulli Online, 22.06.2010 UPDATE &#8211; Pas raportit m\u00eb t\u00eb fundit t\u00eb EUROSTAT, qe e rendiste Shqiperine me te varferen ne Europe, Partia Socialiste ka k\u00ebrkuar nga qeveria t\u00eb njoh\u00eb kriz\u00ebn aktuale, e cila nuk mund t\u00eb fshihet, por duhet zgjidhur. P\u00ebrmes nj\u00eb deklarate p\u00ebr mediat, n\u00ebnkryetarja e Komisionit t\u00eb Ekonomis\u00eb, Mimi Kodheli ka theksuar se [&hellip;]\" \/>\n<meta property=\"og:url\" content=\"https:\/\/fjala.info\/2009-2015\/eurostat-shqiperia-me-e-varfera-ne-europe-ps-ja-kriza-nuk-fshihet\/\" \/>\n<meta property=\"og:site_name\" content=\"FjALA e LIR\u00cb - Arkivi\" \/>\n<meta property=\"article:published_time\" content=\"2010-06-23T00:53:25+00:00\" \/>\n<meta property=\"og:image\" content=\"http:\/\/www.shkoder.net\/images\/fjala\/2010\/treg_gabel.jpg\" \/>\n<meta name=\"author\" content=\"admin\" \/>\n<meta name=\"twitter:card\" content=\"summary_large_image\" \/>\n<meta name=\"twitter:label1\" content=\"Written by\" \/>\n\t<meta name=\"twitter:data1\" content=\"admin\" \/>\n\t<meta name=\"twitter:label2\" content=\"Est. reading time\" \/>\n\t<meta name=\"twitter:data2\" content=\"3 minutes\" \/>\n<script type=\"application\/ld+json\" class=\"yoast-schema-graph\">{\"@context\":\"https:\\\/\\\/schema.org\",\"@graph\":[{\"@type\":\"Article\",\"@id\":\"https:\\\/\\\/fjala.info\\\/2009-2015\\\/eurostat-shqiperia-me-e-varfera-ne-europe-ps-ja-kriza-nuk-fshihet\\\/#article\",\"isPartOf\":{\"@id\":\"https:\\\/\\\/fjala.info\\\/2009-2015\\\/eurostat-shqiperia-me-e-varfera-ne-europe-ps-ja-kriza-nuk-fshihet\\\/\"},\"author\":{\"name\":\"admin\",\"@id\":\"https:\\\/\\\/fjala.info\\\/2009-2015\\\/#\\\/schema\\\/person\\\/3aa1163ef05469c496fc94e77611ada2\"},\"headline\":\"EUROSTAT: Shqip\u00ebria, m\u00eb e varf\u00ebra n\u00eb Europ\u00eb, PS-ja: Kriza nuk fshihet\",\"datePublished\":\"2010-06-23T00:53:25+00:00\",\"mainEntityOfPage\":{\"@id\":\"https:\\\/\\\/fjala.info\\\/2009-2015\\\/eurostat-shqiperia-me-e-varfera-ne-europe-ps-ja-kriza-nuk-fshihet\\\/\"},\"wordCount\":553,\"commentCount\":0,\"publisher\":{\"@id\":\"https:\\\/\\\/fjala.info\\\/2009-2015\\\/#organization\"},\"image\":{\"@id\":\"https:\\\/\\\/fjala.info\\\/2009-2015\\\/eurostat-shqiperia-me-e-varfera-ne-europe-ps-ja-kriza-nuk-fshihet\\\/#primaryimage\"},\"thumbnailUrl\":\"http:\\\/\\\/www.shkoder.net\\\/images\\\/fjala\\\/2010\\\/treg_gabel.jpg\",\"articleSection\":[\"Artikuj\"],\"inLanguage\":\"sq-AL\",\"potentialAction\":[{\"@type\":\"CommentAction\",\"name\":\"Comment\",\"target\":[\"https:\\\/\\\/fjala.info\\\/2009-2015\\\/eurostat-shqiperia-me-e-varfera-ne-europe-ps-ja-kriza-nuk-fshihet\\\/#respond\"]}]},{\"@type\":\"WebPage\",\"@id\":\"https:\\\/\\\/fjala.info\\\/2009-2015\\\/eurostat-shqiperia-me-e-varfera-ne-europe-ps-ja-kriza-nuk-fshihet\\\/\",\"url\":\"https:\\\/\\\/fjala.info\\\/2009-2015\\\/eurostat-shqiperia-me-e-varfera-ne-europe-ps-ja-kriza-nuk-fshihet\\\/\",\"name\":\"EUROSTAT: Shqip\u00ebria, m\u00eb e varf\u00ebra n\u00eb Europ\u00eb, PS-ja: Kriza nuk fshihet - FjALA e LIR\u00cb - Arkivi\",\"isPartOf\":{\"@id\":\"https:\\\/\\\/fjala.info\\\/2009-2015\\\/#website\"},\"primaryImageOfPage\":{\"@id\":\"https:\\\/\\\/fjala.info\\\/2009-2015\\\/eurostat-shqiperia-me-e-varfera-ne-europe-ps-ja-kriza-nuk-fshihet\\\/#primaryimage\"},\"image\":{\"@id\":\"https:\\\/\\\/fjala.info\\\/2009-2015\\\/eurostat-shqiperia-me-e-varfera-ne-europe-ps-ja-kriza-nuk-fshihet\\\/#primaryimage\"},\"thumbnailUrl\":\"http:\\\/\\\/www.shkoder.net\\\/images\\\/fjala\\\/2010\\\/treg_gabel.jpg\",\"datePublished\":\"2010-06-23T00:53:25+00:00\",\"breadcrumb\":{\"@id\":\"https:\\\/\\\/fjala.info\\\/2009-2015\\\/eurostat-shqiperia-me-e-varfera-ne-europe-ps-ja-kriza-nuk-fshihet\\\/#breadcrumb\"},\"inLanguage\":\"sq-AL\",\"potentialAction\":[{\"@type\":\"ReadAction\",\"target\":[\"https:\\\/\\\/fjala.info\\\/2009-2015\\\/eurostat-shqiperia-me-e-varfera-ne-europe-ps-ja-kriza-nuk-fshihet\\\/\"]}]},{\"@type\":\"ImageObject\",\"inLanguage\":\"sq-AL\",\"@id\":\"https:\\\/\\\/fjala.info\\\/2009-2015\\\/eurostat-shqiperia-me-e-varfera-ne-europe-ps-ja-kriza-nuk-fshihet\\\/#primaryimage\",\"url\":\"http:\\\/\\\/www.shkoder.net\\\/images\\\/fjala\\\/2010\\\/treg_gabel.jpg\",\"contentUrl\":\"http:\\\/\\\/www.shkoder.net\\\/images\\\/fjala\\\/2010\\\/treg_gabel.jpg\"},{\"@type\":\"BreadcrumbList\",\"@id\":\"https:\\\/\\\/fjala.info\\\/2009-2015\\\/eurostat-shqiperia-me-e-varfera-ne-europe-ps-ja-kriza-nuk-fshihet\\\/#breadcrumb\",\"itemListElement\":[{\"@type\":\"ListItem\",\"position\":1,\"name\":\"Home\",\"item\":\"https:\\\/\\\/fjala.info\\\/2009-2015\\\/\"},{\"@type\":\"ListItem\",\"position\":2,\"name\":\"EUROSTAT: Shqip\u00ebria, m\u00eb e varf\u00ebra n\u00eb Europ\u00eb, PS-ja: Kriza nuk fshihet\"}]},{\"@type\":\"WebSite\",\"@id\":\"https:\\\/\\\/fjala.info\\\/2009-2015\\\/#website\",\"url\":\"https:\\\/\\\/fjala.info\\\/2009-2015\\\/\",\"name\":\"FjALA e LIR\u00cb - Arkivi\",\"description\":\"Arkivi 2009-2015\",\"publisher\":{\"@id\":\"https:\\\/\\\/fjala.info\\\/2009-2015\\\/#organization\"},\"potentialAction\":[{\"@type\":\"SearchAction\",\"target\":{\"@type\":\"EntryPoint\",\"urlTemplate\":\"https:\\\/\\\/fjala.info\\\/2009-2015\\\/?s={search_term_string}\"},\"query-input\":{\"@type\":\"PropertyValueSpecification\",\"valueRequired\":true,\"valueName\":\"search_term_string\"}}],\"inLanguage\":\"sq-AL\"},{\"@type\":\"Organization\",\"@id\":\"https:\\\/\\\/fjala.info\\\/2009-2015\\\/#organization\",\"name\":\"FjALA e LIR\u00cb - Arkivi\",\"url\":\"https:\\\/\\\/fjala.info\\\/2009-2015\\\/\",\"logo\":{\"@type\":\"ImageObject\",\"inLanguage\":\"sq-AL\",\"@id\":\"https:\\\/\\\/fjala.info\\\/2009-2015\\\/#\\\/schema\\\/logo\\\/image\\\/\",\"url\":\"\",\"contentUrl\":\"\",\"caption\":\"FjALA e LIR\u00cb - Arkivi\"},\"image\":{\"@id\":\"https:\\\/\\\/fjala.info\\\/2009-2015\\\/#\\\/schema\\\/logo\\\/image\\\/\"}},{\"@type\":\"Person\",\"@id\":\"https:\\\/\\\/fjala.info\\\/2009-2015\\\/#\\\/schema\\\/person\\\/3aa1163ef05469c496fc94e77611ada2\",\"name\":\"admin\",\"image\":{\"@type\":\"ImageObject\",\"inLanguage\":\"sq-AL\",\"@id\":\"https:\\\/\\\/fjala.info\\\/2009-2015\\\/wp-content\\\/uploads\\\/2012\\\/02\\\/arben_cokaj-120x150.jpg\",\"url\":\"https:\\\/\\\/fjala.info\\\/2009-2015\\\/wp-content\\\/uploads\\\/2012\\\/02\\\/arben_cokaj-120x150.jpg\",\"contentUrl\":\"https:\\\/\\\/fjala.info\\\/2009-2015\\\/wp-content\\\/uploads\\\/2012\\\/02\\\/arben_cokaj-120x150.jpg\",\"caption\":\"admin\"},\"description\":\"Admin, Fjala e Lir\u00eb\",\"sameAs\":[\"https:\\\/\\\/fjala.info\\\/\"],\"url\":\"https:\\\/\\\/fjala.info\\\/2009-2015\\\/author\\\/admin\\\/\"}]}<\/script>\n<!-- \/ Yoast SEO plugin. -->","yoast_head_json":{"title":"EUROSTAT: Shqip\u00ebria, m\u00eb e varf\u00ebra n\u00eb Europ\u00eb, PS-ja: Kriza nuk fshihet - FjALA e LIR\u00cb - Arkivi","robots":{"index":"index","follow":"follow","max-snippet":"max-snippet:-1","max-image-preview":"max-image-preview:large","max-video-preview":"max-video-preview:-1"},"canonical":"https:\/\/fjala.info\/2009-2015\/eurostat-shqiperia-me-e-varfera-ne-europe-ps-ja-kriza-nuk-fshihet\/","og_locale":"sq_AL","og_type":"article","og_title":"EUROSTAT: Shqip\u00ebria, m\u00eb e varf\u00ebra n\u00eb Europ\u00eb, PS-ja: Kriza nuk fshihet - FjALA e LIR\u00cb - Arkivi","og_description":"Shekulli Online, 22.06.2010 UPDATE &#8211; Pas raportit m\u00eb t\u00eb fundit t\u00eb EUROSTAT, qe e rendiste Shqiperine me te varferen ne Europe, Partia Socialiste ka k\u00ebrkuar nga qeveria t\u00eb njoh\u00eb kriz\u00ebn aktuale, e cila nuk mund t\u00eb fshihet, por duhet zgjidhur. P\u00ebrmes nj\u00eb deklarate p\u00ebr mediat, n\u00ebnkryetarja e Komisionit t\u00eb Ekonomis\u00eb, Mimi Kodheli ka theksuar se [&hellip;]","og_url":"https:\/\/fjala.info\/2009-2015\/eurostat-shqiperia-me-e-varfera-ne-europe-ps-ja-kriza-nuk-fshihet\/","og_site_name":"FjALA e LIR\u00cb - Arkivi","article_published_time":"2010-06-23T00:53:25+00:00","og_image":[{"url":"http:\/\/www.shkoder.net\/images\/fjala\/2010\/treg_gabel.jpg","type":"","width":"","height":""}],"author":"admin","twitter_card":"summary_large_image","twitter_misc":{"Written by":"admin","Est. reading time":"3 minutes"},"schema":{"@context":"https:\/\/schema.org","@graph":[{"@type":"Article","@id":"https:\/\/fjala.info\/2009-2015\/eurostat-shqiperia-me-e-varfera-ne-europe-ps-ja-kriza-nuk-fshihet\/#article","isPartOf":{"@id":"https:\/\/fjala.info\/2009-2015\/eurostat-shqiperia-me-e-varfera-ne-europe-ps-ja-kriza-nuk-fshihet\/"},"author":{"name":"admin","@id":"https:\/\/fjala.info\/2009-2015\/#\/schema\/person\/3aa1163ef05469c496fc94e77611ada2"},"headline":"EUROSTAT: Shqip\u00ebria, m\u00eb e varf\u00ebra n\u00eb Europ\u00eb, PS-ja: Kriza nuk fshihet","datePublished":"2010-06-23T00:53:25+00:00","mainEntityOfPage":{"@id":"https:\/\/fjala.info\/2009-2015\/eurostat-shqiperia-me-e-varfera-ne-europe-ps-ja-kriza-nuk-fshihet\/"},"wordCount":553,"commentCount":0,"publisher":{"@id":"https:\/\/fjala.info\/2009-2015\/#organization"},"image":{"@id":"https:\/\/fjala.info\/2009-2015\/eurostat-shqiperia-me-e-varfera-ne-europe-ps-ja-kriza-nuk-fshihet\/#primaryimage"},"thumbnailUrl":"http:\/\/www.shkoder.net\/images\/fjala\/2010\/treg_gabel.jpg","articleSection":["Artikuj"],"inLanguage":"sq-AL","potentialAction":[{"@type":"CommentAction","name":"Comment","target":["https:\/\/fjala.info\/2009-2015\/eurostat-shqiperia-me-e-varfera-ne-europe-ps-ja-kriza-nuk-fshihet\/#respond"]}]},{"@type":"WebPage","@id":"https:\/\/fjala.info\/2009-2015\/eurostat-shqiperia-me-e-varfera-ne-europe-ps-ja-kriza-nuk-fshihet\/","url":"https:\/\/fjala.info\/2009-2015\/eurostat-shqiperia-me-e-varfera-ne-europe-ps-ja-kriza-nuk-fshihet\/","name":"EUROSTAT: Shqip\u00ebria, m\u00eb e varf\u00ebra n\u00eb Europ\u00eb, PS-ja: Kriza nuk fshihet - FjALA e LIR\u00cb - Arkivi","isPartOf":{"@id":"https:\/\/fjala.info\/2009-2015\/#website"},"primaryImageOfPage":{"@id":"https:\/\/fjala.info\/2009-2015\/eurostat-shqiperia-me-e-varfera-ne-europe-ps-ja-kriza-nuk-fshihet\/#primaryimage"},"image":{"@id":"https:\/\/fjala.info\/2009-2015\/eurostat-shqiperia-me-e-varfera-ne-europe-ps-ja-kriza-nuk-fshihet\/#primaryimage"},"thumbnailUrl":"http:\/\/www.shkoder.net\/images\/fjala\/2010\/treg_gabel.jpg","datePublished":"2010-06-23T00:53:25+00:00","breadcrumb":{"@id":"https:\/\/fjala.info\/2009-2015\/eurostat-shqiperia-me-e-varfera-ne-europe-ps-ja-kriza-nuk-fshihet\/#breadcrumb"},"inLanguage":"sq-AL","potentialAction":[{"@type":"ReadAction","target":["https:\/\/fjala.info\/2009-2015\/eurostat-shqiperia-me-e-varfera-ne-europe-ps-ja-kriza-nuk-fshihet\/"]}]},{"@type":"ImageObject","inLanguage":"sq-AL","@id":"https:\/\/fjala.info\/2009-2015\/eurostat-shqiperia-me-e-varfera-ne-europe-ps-ja-kriza-nuk-fshihet\/#primaryimage","url":"http:\/\/www.shkoder.net\/images\/fjala\/2010\/treg_gabel.jpg","contentUrl":"http:\/\/www.shkoder.net\/images\/fjala\/2010\/treg_gabel.jpg"},{"@type":"BreadcrumbList","@id":"https:\/\/fjala.info\/2009-2015\/eurostat-shqiperia-me-e-varfera-ne-europe-ps-ja-kriza-nuk-fshihet\/#breadcrumb","itemListElement":[{"@type":"ListItem","position":1,"name":"Home","item":"https:\/\/fjala.info\/2009-2015\/"},{"@type":"ListItem","position":2,"name":"EUROSTAT: Shqip\u00ebria, m\u00eb e varf\u00ebra n\u00eb Europ\u00eb, PS-ja: Kriza nuk fshihet"}]},{"@type":"WebSite","@id":"https:\/\/fjala.info\/2009-2015\/#website","url":"https:\/\/fjala.info\/2009-2015\/","name":"FjALA e LIR\u00cb - Arkivi","description":"Arkivi 2009-2015","publisher":{"@id":"https:\/\/fjala.info\/2009-2015\/#organization"},"potentialAction":[{"@type":"SearchAction","target":{"@type":"EntryPoint","urlTemplate":"https:\/\/fjala.info\/2009-2015\/?s={search_term_string}"},"query-input":{"@type":"PropertyValueSpecification","valueRequired":true,"valueName":"search_term_string"}}],"inLanguage":"sq-AL"},{"@type":"Organization","@id":"https:\/\/fjala.info\/2009-2015\/#organization","name":"FjALA e LIR\u00cb - Arkivi","url":"https:\/\/fjala.info\/2009-2015\/","logo":{"@type":"ImageObject","inLanguage":"sq-AL","@id":"https:\/\/fjala.info\/2009-2015\/#\/schema\/logo\/image\/","url":"","contentUrl":"","caption":"FjALA e LIR\u00cb - Arkivi"},"image":{"@id":"https:\/\/fjala.info\/2009-2015\/#\/schema\/logo\/image\/"}},{"@type":"Person","@id":"https:\/\/fjala.info\/2009-2015\/#\/schema\/person\/3aa1163ef05469c496fc94e77611ada2","name":"admin","image":{"@type":"ImageObject","inLanguage":"sq-AL","@id":"https:\/\/fjala.info\/2009-2015\/wp-content\/uploads\/2012\/02\/arben_cokaj-120x150.jpg","url":"https:\/\/fjala.info\/2009-2015\/wp-content\/uploads\/2012\/02\/arben_cokaj-120x150.jpg","contentUrl":"https:\/\/fjala.info\/2009-2015\/wp-content\/uploads\/2012\/02\/arben_cokaj-120x150.jpg","caption":"admin"},"description":"Admin, Fjala e Lir\u00eb","sameAs":["https:\/\/fjala.info\/"],"url":"https:\/\/fjala.info\/2009-2015\/author\/admin\/"}]}},"_links":{"self":[{"href":"https:\/\/fjala.info\/2009-2015\/wp-json\/wp\/v2\/posts\/3069","targetHints":{"allow":["GET"]}}],"collection":[{"href":"https:\/\/fjala.info\/2009-2015\/wp-json\/wp\/v2\/posts"}],"about":[{"href":"https:\/\/fjala.info\/2009-2015\/wp-json\/wp\/v2\/types\/post"}],"author":[{"embeddable":true,"href":"https:\/\/fjala.info\/2009-2015\/wp-json\/wp\/v2\/users\/1"}],"replies":[{"embeddable":true,"href":"https:\/\/fjala.info\/2009-2015\/wp-json\/wp\/v2\/comments?post=3069"}],"version-history":[{"count":0,"href":"https:\/\/fjala.info\/2009-2015\/wp-json\/wp\/v2\/posts\/3069\/revisions"}],"wp:attachment":[{"href":"https:\/\/fjala.info\/2009-2015\/wp-json\/wp\/v2\/media?parent=3069"}],"wp:term":[{"taxonomy":"category","embeddable":true,"href":"https:\/\/fjala.info\/2009-2015\/wp-json\/wp\/v2\/categories?post=3069"},{"taxonomy":"post_tag","embeddable":true,"href":"https:\/\/fjala.info\/2009-2015\/wp-json\/wp\/v2\/tags?post=3069"}],"curies":[{"name":"wp","href":"https:\/\/api.w.org\/{rel}","templated":true}]}}