{"id":3065,"date":"2010-06-22T21:09:42","date_gmt":"2010-06-22T20:09:42","guid":{"rendered":"http:\/\/fjala.shkoder.net\/?p=3065"},"modified":"2010-06-22T21:09:42","modified_gmt":"2010-06-22T20:09:42","slug":"meritokracia","status":"publish","type":"post","link":"https:\/\/fjala.info\/2009-2015\/meritokracia\/","title":{"rendered":"Meritokracia"},"content":{"rendered":"<p><img decoding=\"async\" style=\"margin-left: 10px; margin-right: 10px; border: 0px;\" src=\"http:\/\/www.shkoder.net\/images\/fjala\/naser_aliu.jpg\" border=\"0\" alt=\"Naser Aliu\" width=\"150\" align=\"right\" \/><\/p>\n<p><strong>Naser Aliu<\/strong> &#8211; <em>sot n\u00eb gazet\u00ebn Shekulli<\/em><\/p>\n<p>&#8211; <strong>Prolog <\/strong>&#8211;<\/p>\n<p>Nj\u00eb plak kishte d\u00ebrguar dy qe p\u00ebr t&#8217; i shitur n\u00eb treg. I afrohet nj\u00eb bler\u00ebs dhe e pyet p\u00ebr veset e tyre. Plaku i thot\u00eb: Ky i trashi \u00ebsht\u00eb i fort\u00eb, mund t\u00eb l\u00ebroj\u00eb shum\u00eb, por nuk i p\u00eblqen aspak puna. Ky i holli, i dob\u00ebti, ka shum\u00eb d\u00ebshir\u00eb, por nuk mundet, nuk ka fuqi fare. N\u00eb rastin e par\u00eb p\u00ebrtacia kronike, n\u00eb t\u00eb dytin, ambicia e madhe dhe pamund\u00ebsia e madhe. Vet\u00ebm d\u00ebshir\u00eb. Asgj\u00eb m\u00eb shum\u00eb. Duket se n\u00eb sken\u00ebn politike shqiptare kemi demin e holl\u00eb.<\/p>\n<p>\u00c7udia mir\u00ebpo \u00ebsht\u00eb se politikan\u00ebve shqiptar\u00eb qet\u00eb u pjellin vi\u00e7a&#8230; N\u00eb shtypin per\u00ebndimor nuk ka lajme t\u00eb mira, me p\u00ebrjashtim t\u00eb ndonj\u00eb libri t\u00eb p\u00ebrkthyer, ndonj\u00eb sportisti apo k\u00ebng\u00ebtari. Para disa viteve mbushte faqet e gazetave kriminaliteti shqiptar jasht\u00eb. Viteve t\u00eb fundit mbushin faqet qeverit\u00eb tona; me korrupsion, me vjedhjen e buxhetit dhe moskryerjen e detyrave, q\u00eb u cakton BE p\u00ebr pezullimin e vizave, respektivisht p\u00ebr integrim.<\/p>\n<p>M\u00eb shum\u00eb lajme t\u00eb d\u00ebmshme prodhojn\u00eb Shqip\u00ebria dhe Kosova se sa krejt vendet e Europ\u00ebs veriper\u00ebndimore apo Kina. Imazhi shqiptar tani d\u00ebmtohet edhe nga Qeverit\u00eb shqiptare. Te qet\u00eb tona nuk \u00ebsht\u00eb vet\u00ebm problemi i pafuqis\u00eb, por edhe i paaft\u00ebsis\u00eb brengos\u00ebse, mosdijes, me nj\u00eb gravur\u00eb diletantizmi dhe p\u00ebrkulje t\u00eb pashoqe n\u00eb Ballkan. K\u00ebto dukuri kan\u00eb nxjerr\u00eb opozit\u00ebn nga Kuvendi n\u00eb Shqip\u00ebri. K\u00ebto dukuri b\u00ebn\u00eb t\u00eb domosdoshme daljen e Albin Kurtit n\u00eb sken\u00eb.<\/p>\n<p>K\u00ebto dukuri po nxjerrin n\u00eb mal shqiptar\u00eb t\u00eb armatosur n\u00eb Maqedoni. Meritokracia n\u00eb falimentim e sip\u00ebr. Situata e re k\u00ebrkon personazhe tjera, vizionar\u00eb tjer\u00eb, sepse n\u00eb politik\u00eb mosdija e Qeveris\u00eb krijon hap\u00ebsir\u00eb, mund\u00ebsi dhe domosdoshm\u00ebri p\u00ebr lider\u00eb t\u00eb rinj, q\u00eb din\u00eb t\u00eb nd\u00ebrtojn\u00eb rend demokratik dhe t\u00eb drejt\u00eb. Nuk \u00ebsht\u00eb koha e komunizmit dhe q\u00ebndrimeve statike, por e rrotullimeve, dinamizmit, l\u00ebvizjeve permanente t\u00eb vlerave, bot\u00ebkuptimeve, gjykimeve dhe bindjeve t\u00eb reja, q\u00eb e b\u00ebjn\u00eb t\u00eb pamundur dhe t\u00eb padurueshme mbijetes\u00ebn e matrapazit politik.<\/p>\n<p><strong>Shqip\u00ebria <\/strong><\/p>\n<p>Sali Berisha ka shpallur veten tribun dhe vetja, q\u00eb solli demokracin\u00eb n\u00eb Shqip\u00ebri. Meritat i ka sekuestruar, ashtu si Enveri dikur. B\u00ebrtet dhe \u00e7irret thua se nuk ka qen\u00eb kurr\u00eb stalinist. Shan\u00eb opozit\u00ebn, ashtu si shante Partia e Pun\u00ebs revizionist\u00ebt. I kanoset opozit\u00ebs, ashtu si k\u00ebrc\u00ebnonte Enveri mikroborgjez\u00ebt. Mendon, gjykon dhe flet si baza e dikurshme dhe p\u00ebrdor t\u00eb gjitha makinacionet, t\u00eb gjitha mekanizmat n\u00eb dispozicion p\u00ebr ta ngulfatur demokracin\u00eb. Krejt kjo me nj\u00eb q\u00ebllim: Shp\u00ebrkoqjen e popullit dhe zaptimin e pushtetit.<\/p>\n<p>Kryeministri shqiptar n\u00eb Per\u00ebndim paraqitet si qengj, kur kthehet brenda b\u00ebhet ujk. A thua mendon se Per\u00ebndimi nuk din\u00eb si sillet ai brenda? Shkon n\u00eb Itali dhe at\u00eb q\u00eb duhet t&#8217; i premtoj\u00eb mikut t\u00eb vet n\u00eb nj\u00eb bised\u00eb me dyert t\u00eb mbyllura, i deklaron publikisht, thua se p\u00ebr t\u00eb do t\u00eb votohet edhe n\u00eb Itali. Me nj\u00eb italishte plot gabime, u premton italian\u00ebve se nuk do t\u00eb vijn\u00eb kurr\u00eb m\u00eb gomone me klandestin\u00eb shqiptar\u00eb n\u00eb brigjet e Italis\u00eb. Thua se gomonet ishin gati dhe duhej qet\u00ebsuar romak\u00ebt nga kanibal\u00ebt e Iliris\u00eb.<\/p>\n<p>P\u00ebr italianin e r\u00ebndomt\u00eb kjo deklarat\u00eb ka k\u00ebt\u00eb kuptim: &#8221; Vet\u00ebm ky mund t\u00eb pengoj\u00eb shqiptar\u00ebt, ndryshe do t\u00eb vinte e t\u00ebr\u00eb Shqip\u00ebria te ne, e tha edhe Kryeministri&#8230;&#8221;<br \/>\nP\u00ebr t\u00eb fituar simpatin\u00eb e Kosov\u00ebs, autostrad\u00ebn, q\u00eb i kushtoi m\u00eb shum\u00eb se n\u00eb RFGJ e pag\u00ebzoi &#8220;Rruga e Kombit&#8221;. Thua se komb ka vet\u00ebm drejt Kosov\u00ebs, e jo edhe drejt Greqis\u00eb, drejt Malit t\u00eb Zi dhe drejt Maqedonis\u00eb. Akoma pa mbaruar festa dhe mburrja me Kryeministrin n\u00eb Kosov\u00eb, u dhuroi serbeve t\u00eb Kosov\u00ebs 400.000 \u20ac. Shkrimtar\u00ebt e rinj shqiptar\u00eb nuk kan\u00eb mjete p\u00ebr t&#8217; i publikuar veprat e veta. Me ato lek\u00eb, kultur\u00ebs shqiptare do t&#8217; u kishin shtuar s\u00eb paku 400.000 kopje t\u00eb librave p\u00ebr brezat e ardhshme.<\/p>\n<p>Ato para kan\u00eb p\u00ebrfunduar te serbet, q\u00eb luftojn\u00eb sovranitetin e Kosov\u00ebs. Serbia pran\u00eb kufirit me Kosov\u00ebn, n\u00eb jug, ku jetojn\u00eb shqiptar\u00ebt, ka nd\u00ebrtuar kazerm\u00ebn m\u00eb t\u00eb madhe n\u00eb Serbi. Serbet shpresojn\u00eb se nj\u00eb dit\u00eb n\u00eb SHBA arrin nj\u00eb pro serb, ndryshon politika e tyre dhe ata p\u00ebr dy or\u00eb arrijn\u00eb n\u00eb Prishtin\u00eb. Shqiptar\u00ebt jetojn\u00eb me iluzione. Serbet p\u00ebrgatiten. Shtetet kan\u00eb fatin e njer\u00ebzve, lindin dhe vdesin! Ashtu si edhe miq\u00ebsit\u00eb n\u00eb mes popujve. Serbia e din\u00eb k\u00ebt\u00eb dhe p\u00ebrgatit varrin e nes\u00ebrm p\u00ebr Kosov\u00ebn, akoma pa i zhvarrosur shqiptar\u00ebt e djesh\u00ebm n\u00ebp\u00ebr Serbi&#8230;<\/p>\n<p>Para disa dit\u00ebve Kryeministri nxori lepurin nga xhepi si David Copperfield. Akuzoi Ramiz Alin\u00eb p\u00ebr masakra. Kush faj\u00ebson Ramiz Alin\u00eb? Ramiz Alin\u00eb akuzon njeriu, q\u00eb nuk hap\u00eb dosjet e Ramiz Alis\u00eb!!! Kolegu i Ramiz Alis\u00eb. Pse Kryeministri shqiptar merret me kall\u00ebzime penale e jo prokuroria? Pse ky Kryeminist\u00ebr ka koh\u00eb t\u00eb merret me pun\u00eb t\u00eb tilla? Mosveprimi i prokuroris\u00eb tregon se fjal\u00ebt e Kryeministrit nuk i merr askush seriozisht. Ec e merre vesh k\u00ebt\u00eb rend, k\u00ebt\u00eb Kryeminist\u00ebr, \u00e7ekanin e tij dhe gozhd\u00ebt, q\u00eb p\u00ebrdor\u00eb ai dhe arsyen! A mund t\u00eb paditet Kryeministri p\u00ebr fshehjen e krimit p\u00ebr 20 vjet? Po, duhet. N\u00eb demokraci, po. Ka fshehur gjenocidin e Ramiz Alis\u00eb!<\/p>\n<p>N\u00ebse shikohen zullumet e tij, at\u00ebher\u00eb mund t\u00eb diktohen dhe shquhen veprat e tija antikomb\u00ebtare: Pasi me sukses rr\u00ebmbeu meritat e demokracis\u00eb, solli peshkopin grek n\u00eb Shqip\u00ebri p\u00ebr t\u00eb fituar simpatin\u00eb e tyre dhe t\u00eb Qeveris\u00eb greke. Thua se do t\u00eb kandidohej edhe n\u00eb Greqi. Akoma pa u kap\u00ebrdir\u00eb mir\u00eb kjo, popullin q\u00eb kishte dal\u00eb nga ateizmi, e an\u00ebtar\u00ebsoi n\u00eb nj\u00eb konferenc\u00eb fetare pa e pyetur. Thua se p\u00ebr t\u00eb do t\u00eb votohej edhe n\u00eb Azi, edhe n\u00eb Afrik\u00eb. Edhe pse shihet qart\u00eb se aty Serbia ka m\u00eb shum\u00eb ndikim, se sa an\u00ebtari me emrin Shqip\u00ebri! Akoma pa p\u00ebrfunduar kjo \u00e7udi, e shnd\u00ebrroi Shqip\u00ebrin\u00eb n\u00eb Egjipt me piramida dhe faraon t\u00eb rinj. K\u00ebtu ia doli ta rr\u00ebnoj\u00eb edhe shtetin.<\/p>\n<p>Kjo nuk mjaftoi dhe hodhi G\u00ebrdecin n\u00eb aj\u00ebr. Kjo ishte pak dhe u zu n\u00eb corpus delikti duke falur detin, si mbreti dikur tok\u00ebn. Mbretin shum\u00eb e konsiderojn\u00eb tradhtar, Saliun demokrat dhe patriot. \u00c7rregullim i plot\u00eb i vlerave, vler\u00ebsimit dhe bot\u00ebkuptimit. Pa pik\u00eb koherence. D\u00ebrgoi ministrin Meta n\u00eb Beograd p\u00ebr t&#8217; i treguar bot\u00ebs se ne ia falim Serbis\u00eb tmerret dhe gjenocidin dhe p\u00ebr t\u00eb dh\u00ebn\u00eb prova se e ka p\u00ebrnj\u00ebmend, fton edhe Tadi\u00e7in, q\u00eb kontrollon nj\u00eb t\u00eb tret\u00ebn e Kosov\u00ebs dhe financon struktura paralele&#8230;Ky, mir\u00ebpo, p\u00ebr karrigen nuk do t\u00eb ngurroj\u00eb ta rr\u00ebnoj\u00eb edhe nj\u00eb her\u00eb shtetin, e as t&#8217; i prish\u00eb marr\u00ebdh\u00ebniet me BEE apo me SHBA-t\u00eb, sepse La loi c&#8217; est moi!L&#8217;\u00e9tat c&#8217; est moi, mendon ai.<\/p>\n<p><strong>Kosova <\/strong><\/p>\n<p>Kryeministri Tha\u00e7i pranon gabimet dhe betohet se do t\u00eb punoj\u00eb m\u00eb mir\u00eb. Pse deri tash nuk u punua mir\u00eb, nuk dihet, mir\u00ebpo ata jan\u00eb paguar edhe p\u00ebr pun\u00ebn e keqe. P\u00ebr pun\u00eb t\u00eb keqe paguheshin komunist\u00ebt, n\u00eb demokraci p\u00ebr pun\u00eb t\u00eb keqe rr\u00ebzohen Qeverit\u00eb. N\u00eb Europ\u00eb ku d\u00ebshiron integrimin, nuk mund t\u00eb merret me mend nj\u00eb minist\u00ebr n\u00ebn hetime dhe t\u00eb mbetet n\u00eb pozit\u00eb gjat\u00eb procedimit penal.<\/p>\n<p>S\u00eb paku jo gjat\u00eb hetimeve, sepse n\u00eb demokraci nuk ka hetime pa prova. Nuk mund t\u00eb merret me mend nj\u00eb gazetar n\u00eb televizionin publik, si ai n\u00eb Kosov\u00eb, q\u00eb ofendoi gazetaret, dy zonja, n\u00eb m\u00ebnyr\u00eb aq t\u00eb ul\u00ebt dhe t\u00eb mbetet moderator n\u00eb nj\u00eb televizion publik. N\u00eb shprehjet e tija nuk shihej gjurm\u00eb se moderatori i RTK-s\u00eb ka mbaruar shkoll\u00ebn fillore. Fliste protoshqipen, madje ting\u00ebllonte edhe si Pal Engj\u00eblli dhe &#8220;Formula e Pag\u00ebzimit&#8221;.<\/p>\n<p>Nuk mund t\u00eb imagjinohet nj\u00eb moderator n\u00eb televizion publik per\u00ebndimor, q\u00eb nuk zot\u00ebron gjuh\u00ebn standarde t\u00eb kombit t\u00eb vet. Pse te ne \u00ebsht\u00eb e mundur kjo? Pse nj\u00eb moderator i till\u00eb nuk mund t\u00eb largohet nga puna kur nuk plot\u00ebson as cil\u00ebsit\u00eb morale, as p\u00ebrgatitjen profesionale? Nuk \u00ebsht\u00eb vet\u00ebm ky. Kemi kryetarin e Gjykat\u00ebs Kushtetuese, q\u00eb kur ishte dekan i Universitetit shau &#8220;nan\u00ebn&#8221; me sms nj\u00eb njeriu. Ndoshta geg\u00ebrishtja i ting\u00ebllon m\u00eb e efektshme p\u00ebr shantazh ashtu si k\u00ebrc\u00ebnohen mafioz\u00ebt, n\u00eb dialekt, si napolitan\u00ebt p\u00ebr shembull apo siqelian\u00ebt e Palermos.<\/p>\n<p>Pas sharjeve dekani b\u00ebhet kryetar i Gjykat\u00ebs Kushtetuese. Ky ndoshta edhe nuk mund t\u00eb largohet, sepse deri sa ishte dekan i universitetit thuhet se doktor\u00ebt e shkencave prodhoheshin n\u00eb tre turne, pa pra dhe shum\u00eb prej tyre me plagjiatura. As prokurori publik, q\u00eb nuk arrestoi njeriun edhe pse deklaroi se ka vrar\u00eb dhjet\u00ebra veta, as ai nuk mund t\u00eb p\u00ebrjashtohet nga puna. N\u00ebse rr\u00ebzohet nj\u00ebri, rr\u00ebzohen dhjet\u00ebra tjer\u00eb pas. Rrjeti n\u00eb rrezik. Nuk p\u00ebrjashtohet kryetari i Kushtetueses, nuk mund t\u00eb p\u00ebrjashtohet moderatori, nuk anulohen doktoraturat e vjedhura dhe n\u00eb fund ministri n\u00eb hetime!<\/p>\n<p>E kush \u00ebsht\u00eb drejtoresh\u00eb e teatrit n\u00eb Prishtin\u00eb? Zonja, q\u00eb deklaroi se nuk dinte kush ishte Bekim Fehmiu. N\u00ebse kemi edhe kryetar t\u00eb Shoqat\u00ebs s\u00eb Shkrimtar\u00ebve, q\u00eb nuk njeh Kadaren\u00eb apo Qosen, at\u00ebher\u00eb kjo flet p\u00ebr shtetin me paterica, q\u00eb po nd\u00ebrtojm\u00eb. Shtet i retarduar dhe administrata e nd\u00ebrtuar me lidhje tribale, bazuar n\u00eb gjak dhe gjene dhe ajo nuk mund ta \u00e7oj\u00eb vendin para, por vetveten para, popullin prapa!<\/p>\n<p>Mbetja n\u00eb pun\u00eb e atyre njer\u00ebzve t\u00eb lartp\u00ebrmendur flet edhe p\u00ebr qeverin\u00eb. A thua nuk mendon kjo Qeveri se ajo po i jep mjaft\u00eb material Serbis\u00eb p\u00ebr ta luftuar njohjen? Si mund t\u00eb jet\u00eb funksionale ajo Qeveri e t\u00eb ndikoj\u00eb n\u00eb pranime t\u00eb reja, t\u00eb vej\u00eb kontakte me qeveri n\u00eb bot\u00eb, t\u00eb ftoj\u00eb investues, kur ajo ka ministr\u00ec n\u00ebn hetime apo n\u00eb vende ky\u00e7e njer\u00ebz pa veti morale, pa p\u00ebrgatitje t\u00eb mir\u00eb profesionale? A thua mendon kjo Qeveri se \u00e7ka flet Serbia p\u00ebr demokracin\u00eb e suksesshme kosovare?<\/p>\n<p>A nuk sheh kjo Qeveri se e mbushi me argumente Jeremi\u00e7in kund\u00ebr pavar\u00ebsis\u00eb? A thua mendon kjo Qeveri se bota nuk sheh \u00e7ka po ndodh te ne? A thua bleu kjo elit\u00eb rehati dhe pozita me sakrifikimin e flamurit, himnit dhe identitetin shqiptar t\u00eb Kosov\u00ebs? Pse u denacionalizua elita politike n\u00eb Kosov\u00eb? Pse u denacionalizua Kosova? Pse Kosova g\u00ebnjen veten, nd\u00ebrton ardhm\u00ebri mbi g\u00ebnjeshtra dhe shpall veten shtet multietnik me pes\u00eb p\u00ebr qind pakica? Pse iu n\u00ebnshtrua k\u00ebtij urdhri antidemokratik?<\/p>\n<p>Pse nuk jan\u00eb vende multietnike Maqedonia dhe Serbia, p\u00ebr shembull? A dometh\u00ebn\u00eb se sakrifikimi i flamurit, me t\u00eb cilin u luftua, himni, emblema n\u00eb Prizren dhe geg\u00ebrishtja n\u00eb televizor, jan\u00eb shenja d\u00ebftuese se elita, q\u00eb luftoi p\u00ebr ta bashkuar vendin, ka marr\u00eb urdh\u00ebr apo vendim ta kultivoj\u00eb dhe nd\u00ebrtoj\u00eb kombin kosovar, deri sa identiteti serb n\u00eb Bosnj\u00eb e Kosov\u00eb financohet, mbrohet e kultivohet? Kjo neglizhenc\u00eb, ky menefregiz\u00ebm politik\u00eb, nuk mund t\u00eb arsyetohet. Radh\u00ebn e ka Albin Kurti.<\/p>\n<p>Elita e viteve t\u00eb 90 po shfron\u00ebson veten. Albin Kurti \u00ebsht\u00eb institucion, q\u00eb nuk mund t\u00eb manipulohet, nuk mund t&#8217; i b\u00ebhet presion, nuk mund t\u00eb korruptohet! T\u00eb tjer\u00ebt duket se kan\u00eb p\u00ebrfunduar misionin e tyre. Radh\u00ebn e kan\u00eb ata q\u00eb nuk lejojn\u00eb t&#8217; u imponohen ndjenja inferioriteti. Albin Kurti ka nj\u00eb vizion, elita e tashme ka histori, dikur punoi p\u00ebr vendin, tani punon p\u00ebr veten dhe sa her\u00eb zihen me presh n\u00eb dor\u00eb, deliktin e p\u00ebrligjin me meritat e kaluara, thua se populli jeton dje, e jo sot! Thua se merita e djeshme t\u00eb njeh\u00eb apriori t\u00eb drejt\u00ebn e kleptomanis\u00eb sot! N\u00ebse Kryeministri e ka seriozisht, ai p\u00ebr nj\u00eb jav\u00eb mund t\u00eb tregoj\u00eb rezultate t\u00eb m\u00ebdha. N\u00ebse jo, n\u00eb zgjedhjet e ardhshme do ta shfuqizoj\u00eb veten&#8230;<\/p>\n<p><strong>Maqedonia <\/strong><\/p>\n<p>Marr\u00ebveshja e Ohrit u harrua, nuk zbatohet. N\u00eb Maqedoni nuk dihet akoma sa shqiptar\u00eb jan\u00eb e sa maqedon. Shumica duhet t\u00eb jen\u00eb shqiptar\u00eb, rreth 35 e ca maqedon, pastaj bullgar\u00eb e pakica tjera. Ne, mir\u00ebpo, nuk dim\u00eb numrin ton\u00eb t\u00eb sakt\u00eb, edhe pse jemi n\u00eb Kuvend, por dihet se n\u00eb Maqedonin\u00eb Lindore qytet jan\u00eb vogla dhe nuk ka aq banor\u00eb sa n\u00eb at\u00eb per\u00ebndimore, ku jetojn\u00eb shqiptar\u00ebt. Mir\u00ebpo, edhe k\u00ebtu kemi meritokraci, q\u00eb ka bler\u00eb pozitat me kompromis n\u00eb kurriz t\u00eb popullit. Belgjika \u00ebsht\u00eb n\u00eb ndarje e sip\u00ebr pas zgjedhjeve t\u00eb fundit. Shqiptar\u00ebt edhe pse t\u00eb diskriminuar n\u00eb Maqedoni, luftojn\u00eb p\u00ebr ta mbajtur gjall\u00eb k\u00ebt\u00eb shtet dhe nuk m\u00ebsojn\u00eb nga serbet e Bosnj\u00ebs dhe t\u00eb Kosov\u00ebs.<\/p>\n<p>Ata edhe pse t\u00eb diskriminuar deri n\u00eb palc\u00eb, edhe pse dhjet\u00ebra mij\u00ebra qytetar\u00eb shqiptar\u00eb jan\u00eb pa shtet\u00ebsi, dmth. pa t\u00eb drejta qytetare, por me obligime, ata p\u00ebrs\u00ebri luajn\u00eb &#8220;demokracish&#8221; me maqedon\u00ebt dhe marrin pjes\u00eb edhe n\u00eb Kuvend, gjersa ata na e shkruajn\u00eb historin\u00eb sipas d\u00ebshirave politike t\u00eb tyre. A thua pranuan diskriminimin e ri p\u00ebr rehatin\u00eb e vetjake?<\/p>\n<p>Sa p\u00ebr krahasim: Afrika e Jugut ka nj\u00ebmb\u00ebdhjet\u00eb gjuh\u00eb zyrtare dhe shteti ka nj\u00ebmb\u00ebdhjet\u00eb emra. Aty ku sundoi apartheidi, gjuh\u00eb zyrtare jan\u00eb edhe ato q\u00eb fliten nga dy, tre e kat\u00ebr p\u00ebr qind t\u00eb popullsis\u00eb. P\u00ebraf\u00ebrsisht 23 % flasin isiksoza, 30%, isizulu, 11,9 sepedi, 10% secuana, 3,4 sisvati, 2,9 \u00e7ivenda dhe 5,6 % ksiconga, etj. N\u00eb Maqedoni shqipja nuk \u00ebsht\u00eb zyrtare, aty ku jetojn\u00eb m\u00eb pak se 20 p\u00ebr qind shqiptar\u00eb. N\u00eb Afrik\u00ebn Jugore gjuha me 2,9 p\u00ebr qind \u00ebsht\u00eb gjuh\u00eb zyrtare. N\u00eb Kosov\u00eb gjuh\u00eb zyrtare jan\u00eb edhe ato, q\u00eb fliten me m\u00eb pak se nj\u00eb p\u00ebr qind. Dhe, kjo \u00ebsht\u00eb mir\u00eb. Shteti nuk duhet t\u00eb ket\u00eb t\u00eb drejt\u00eb ta \u00e7zyrtarizoj\u00eb gjuh\u00ebn e qytetar\u00ebve t\u00eb vet.<\/p>\n<p>Republika e Maqedonis\u00eb diskriminon shqipen dhe shqiptar\u00ebt dhe shp\u00ebrblehet me pezullimin e vizave, sepse politikan\u00ebt shqiptar\u00eb heshtin. N\u00eb webfaqen zyrtare t\u00eb Qeveris\u00eb maqedone mund t\u00eb gjenden informacione n\u00eb gjuh\u00ebn maqedone dhe angleze, por jo shqipe. N\u00eb webfaqen gjendet vet\u00ebm flamuri maqedon, e jo edhe ai shqiptar. Emrat e ministrave shqiptar\u00eb, edhe pse u luftua p\u00ebr barazi, shkruhen me alfabet maqedon. Kjo ministrat nuk i pengon, me r\u00ebnd\u00ebsi rrogat, pozitat e tyre. Gjuha shqipe nuk ka r\u00ebnd\u00ebsi. E kush na i ka fajet? Askush, vet ne. Vet\u00ebm ne, mir\u00ebpo shtrohet pyetja pse u luftua?<\/p>\n<p>Deri sa ne vazhdimisht t&#8217; i k\u00ebrkojm\u00eb fajet diku tjet\u00ebr, deri at\u00ebher\u00eb do t&#8217; i p\u00ebrligjim d\u00ebshtimet tona dhe nuk do t\u00eb ecim para. Skena jon\u00eb e sotme politike ka merita t\u00eb m\u00ebdha p\u00ebr t\u00eb kaluar\u00ebn, tani shihet se i ka dal\u00eb afati! Nuk ka m\u00eb ide dhe sillet rreth vetvetes dhe merret me vetveten. \u00cbsht\u00eb njer\u00ebzore, programin q\u00eb pat\u00ebn i ka sh\u00ebrbyer nj\u00eb epoke tjet\u00ebr, tani duhet program tjet\u00ebr, vizion tjet\u00ebr dhe p\u00ebrkushtim tjet\u00ebr.<\/p>\n<p><strong>Lugina<\/strong><br \/>\nHarrojeni k\u00ebt\u00eb! Ata edhe pse luftuan, nuk fituan gj\u00eb. Ka 60 vjet q\u00eb nuk ndjehen keq me d\u00ebrgimin grave n\u00eb Vranj\u00eb p\u00ebr lindje. Nuk ia vlen t\u00eb merremi me njer\u00ebzit, q\u00eb kan\u00eb fuqi shtatz\u00ebnat t&#8217; i d\u00ebrgojn\u00eb 50 kilometra larg. Ata tjerrin iluzione! Le t\u00eb tjerrin, le t\u00eb vegjetojn\u00eb se k\u00ebshtu ndjehen t\u00eb lumtur&#8230;<\/p>\n<p><strong>Epilog <\/strong><\/p>\n<p>Pas Luft\u00ebs s\u00eb Dyt\u00eb Bot\u00ebrore, meritokracia rr\u00ebmbeu pushtetin dhe e mbajti me gjak deri sa gati i doli shpirti popullit dhe shtetit. Meritokracia e sotme shqiptare nuk mund t\u00eb mbijetoj\u00eb aq shum\u00eb, por ka shpresa. Ajo po d\u00ebmton vetveten dhe shtetin.<br \/>\nN\u00eb krejt trojet shqiptare kemi n\u00eb krye meritokrat\u00eb, q\u00eb p\u00ebr \u00e7do d\u00ebshtim i referohen t\u00eb kaluar\u00ebs dhe me veprat e tyre n\u00eb t\u00eb kaluar\u00ebn, ata i japin vetes t\u00eb drejt\u00eb ta mashtrojn\u00eb, ta vjedhin dhe ta shkat\u00ebrrojn\u00eb imazhin e shqiptarit, sot, sepse dje kan\u00eb qen\u00eb t\u00eb mir\u00eb dhe tani mund t&#8217; i lejojn\u00eb vetes edhe vjedhjen e shtetit, q\u00eb ndihmuan n\u00eb lindje, por nuk e nd\u00ebrtojn\u00eb si duhet. Ata n\u00eb nj\u00eb \u00e7ast historik u treguan t\u00eb mir\u00eb. Ata dit\u00ebn ta ndihmojn\u00eb vendin n\u00eb koh\u00eb krize, por nuk mund t\u00eb k\u00ebrkohet prej tyre n\u00eb \u00e7do koh\u00eb t\u00eb jen\u00eb t\u00eb mir\u00eb e t\u00eb aft\u00eb.<\/p>\n<p>Komunist\u00ebt d\u00ebshtuan me rendin komunist, sepse duke iu qasur s\u00eb kaluar\u00ebs, trim\u00ebris\u00eb, sakrific\u00ebs dhe \u00e7lirimit t\u00eb vendit, qeras\u00ebn me pozita, jo ata q\u00eb dinin, por besnik\u00ebt, injorant\u00ebt dhe ata q\u00eb meritonin n\u00eb baz\u00eb t\u00eb veprave n\u00eb t\u00eb kaluar\u00ebn, k\u00ebshtu zaptuan shtetin dhe ekonomin\u00eb duke e shnd\u00ebrruar n\u00eb monopol sui geniersi. Sot, meritokracia, n\u00eb Shqip\u00ebri, n\u00eb Kosov\u00eb dhe Maqedoni do t\u00eb d\u00ebshtoj\u00eb edhe kjo, sepse cil\u00ebsi tjera nevojiten n\u00eb koh\u00eb lufte dhe aft\u00ebsi tjera n\u00eb koh\u00eb paqeje. Populli jeton sot, jo dje, meritat e djeshme nuk e ngopin at\u00eb sot.<\/p>\n<p>Puna e Qeverive matet me ndryshimin e standardit t\u00eb jet\u00ebs s\u00eb popullit. Puna e Ministrit t\u00eb Brendsh\u00ebm matet me luft\u00ebn ndaj korrupsionit dhe kriminalitetit. N\u00ebse nuk ka \u00e7do jav\u00eb rezultate, le t\u00eb nd\u00ebrrohet. Puna e Ministrit t\u00eb Jasht\u00ebm t\u00eb Kosov\u00ebs matet me njohjet e reja. N\u00ebse nuk ka \u00e7do muaj njohje, le t\u00eb nd\u00ebrrohet. \u00c7do ministri, \u00e7do muaj duhet t&#8217; i paraqes\u00eb rezultatet e vet, kush nuk ka, duhet nd\u00ebrruar&#8230;<\/p>\n<p>Meritokracia e shty gurin deri k\u00ebtu, m\u00eb shum\u00eb nuk mundet. Trim\u00ebria e djeshme i sh\u00ebrbeu lindjes s\u00eb shtetit, i duhet historis\u00eb dhe historian\u00ebve. Transparenca, objektiviteti, nd\u00ebrtimi i shtetit ligjor dhe demokracis\u00eb k\u00ebrkon njer\u00ebz t\u00eb ditur, jo trima!<\/p>\n<p>Arsyetim: Mahatma Gandhi, q\u00eb ishte gjenial p\u00ebr koh\u00ebn e vet dhe mbetet i till\u00eb p\u00ebr gjithmon\u00eb, me filozofin\u00eb e vet arrit ta \u00e7liroj\u00eb vendin, por pas \u00e7lirimit duheshin aft\u00ebsi tjera, q\u00eb edhe Gandhi i madh nuk i posedoi. Ai deri n\u00eb \u00e7astin fundit ishte kund\u00ebr ndarjes s\u00eb Pakistanit, sepse ishte i bindur se njer\u00ebz me kultura dhe religjione t\u00eb ndryshme, mund t\u00eb bashk\u00ebjetojn\u00eb. Ai deshi t\u00eb krijoj\u00eb vet\u00ebm nj\u00eb shtet, u lind\u00ebn dy. Me Indin\u00eb lindi edhe Pakistani. Gandi me filozofin\u00eb e vet diti ta \u00e7liroj vendin, por jo ta mbaj\u00eb at\u00eb q\u00eb \u00e7liroi.<\/p>\n<p>Kjo d\u00ebshmon kat\u00ebr\u00e7ip\u00ebrisht se njeriu nuk ka aft\u00ebsi p\u00ebr \u00e7do periudh\u00eb historike, sepse n\u00eb nj\u00eb faz\u00eb t\u00eb caktuar din\u00eb t\u00eb nd\u00ebrtojn\u00eb, por pasi t\u00eb pushojn\u00eb shkaqet e lindjes, nis\u00eb rr\u00ebnimi sepse mungon filozofia e re p\u00ebr periudh\u00ebn re. Njer\u00ebzore \u00ebsht\u00eb kjo! K\u00ebt\u00eb po e shohim n\u00eb Shqip\u00ebri, k\u00ebt\u00eb po e shohim n\u00eb Kosov\u00eb, k\u00ebt\u00eb po e shohim n\u00eb Maqedoni e Lugin\u00eb. Koha po punon p\u00ebr protagonist\u00eb t\u00eb rinj, p\u00ebrndryshe do t\u00eb b\u00ebhemi gazi i bot\u00ebs dhe do t\u00eb vendnum\u00ebrojm\u00eb si n\u00eb koh\u00ebn e komunizmit. Serbia e kap\u00ebrceu Shqip\u00ebrin\u00eb edhe pse luftoi me vite. Ajo arriti t\u00eb konsolidohet, t&#8217; i pezulloj\u00eb vizat, ta cop\u00ebtoj\u00eb Kosov\u00ebn dhe ta meritoj\u00eb ftes\u00ebn e Sali Berish\u00ebs&#8230;<\/p>\n<p>N\u00ebse un\u00eb jam katolik, para altarit dua ta shoh priftin, jo hoxh\u00ebn. N\u00ebse un\u00eb jam mysliman, n\u00eb xhami dua ta shoh hoxh\u00ebn, jo popin. N\u00ebse un\u00eb jam demokrat, n\u00eb krye dua ta kem demokratin, jo stalinistin. Popi n\u00eb xhami ta prish\u00eb muslimanizmin. Hoxha n\u00eb altar ta prish\u00eb krishterimin. Stalinist n\u00eb krye t\u00eb Partis\u00eb Demokratike, ta prish\u00eb demokracin\u00eb! Si\u00e7 e ka prishur. Ai nuk e prishi demokracin\u00eb pse v\u00ebrtet\u00eb e d\u00ebshironte k\u00ebt\u00eb, por nga d\u00ebshira e madhe p\u00ebr t&#8217; u d\u00ebshmuar si demokrat, p\u00ebr ta korrigjuar t\u00eb kaluar\u00ebn e vet, p\u00ebr t&#8217; u ekspozuar ndryshe, me orientim t\u00eb ri, p\u00ebr t\u00eb krijuar bindje t\u00eb reja.<\/p>\n<p>Ai nuk e b\u00ebn k\u00ebt\u00eb me vet\u00ebdije, ai mendon se po b\u00ebn mir\u00eb, por ai drejtohet nga n\u00ebndija dhe urrejtja e biografis\u00eb s\u00eb vet. Kryeministri e din se i ka vjedhur votat, por ai \u00ebsht\u00eb i bindur se vjedhjen e ka b\u00ebr\u00eb p\u00ebr t\u00eb mir\u00ebn e popullit. Ai pos metodave komuniste, tjera nuk njeh. Pra, ai ka d\u00ebshir\u00eb, por nuk mundet. Ky mund t\u00eb quhet: ka-i-holl\u00eb-sindrom\u00eb! D\u00ebshir\u00eb po, dije jo! Kjo p\u00ebrshtypje fitohet nga skena jon\u00eb politike.<\/p>\n<p>Me qet\u00eb e holl\u00eb e t\u00eb dob\u00ebt nuk l\u00ebrohet ara! As me nj\u00eb ka t\u00eb trash e t\u00eb fort\u00eb dhe me nj\u00eb t\u00eb dob\u00ebt e me ambicie. Partit\u00eb tona nuk kan\u00eb potencial p\u00ebr t&#8217; i mbuluar vendet ky\u00e7e me njer\u00ebz t\u00eb aft\u00eb e profesional, ato duhet t\u00eb marrin njer\u00ebz edhe jasht\u00eb partis\u00eb.<\/p>\n<p>Elita e sotme duhet ta shlyej\u00eb nga mendja se me meritat e djeshme meritohet, zaptohet, monopolizohet dhe privatizohet shteti si n\u00eb koh\u00ebn komuniste&#8230;<br \/>\nMe largimin e Kryeministrit shqiptar nga skena politike, ik\u00ebn stalinisti i fundit n\u00eb Europ\u00eb, p\u00ebrfundon tranzicioni dhe nis\u00eb kultura demokratike dhe p\u00ebrparimi i vendit. Partia Demokratike ka dhjet\u00ebra njer\u00ebz, q\u00eb mund ta b\u00ebnin pun\u00ebn e Kryeministrit m\u00eb mir\u00eb dhe me m\u00eb p\u00ebrgjegj\u00ebsi se sa ai.<\/p>\n","protected":false},"excerpt":{"rendered":"<p>Naser Aliu &#8211; sot n\u00eb gazet\u00ebn Shekulli &#8211; Prolog &#8211; Nj\u00eb plak kishte d\u00ebrguar dy qe p\u00ebr t&#8217; i shitur n\u00eb treg. I afrohet nj\u00eb bler\u00ebs dhe e pyet p\u00ebr veset e tyre. Plaku i thot\u00eb: Ky i trashi \u00ebsht\u00eb i fort\u00eb, mund t\u00eb l\u00ebroj\u00eb shum\u00eb, por nuk i p\u00eblqen aspak puna. Ky i holli, [&hellip;]<\/p>\n","protected":false},"author":1,"featured_media":0,"comment_status":"open","ping_status":"closed","sticky":false,"template":"","format":"standard","meta":{"footnotes":""},"categories":[2],"tags":[],"class_list":{"0":"post-3065","1":"post","2":"type-post","3":"status-publish","4":"format-standard","6":"category-artikuj"},"yoast_head":"<!-- This site is optimized with the Yoast SEO plugin v27.4 - https:\/\/yoast.com\/product\/yoast-seo-wordpress\/ -->\n<title>Meritokracia - FjALA e LIR\u00cb - Arkivi<\/title>\n<meta name=\"robots\" content=\"index, follow, max-snippet:-1, max-image-preview:large, max-video-preview:-1\" \/>\n<link rel=\"canonical\" href=\"https:\/\/fjala.info\/2009-2015\/meritokracia\/\" \/>\n<meta property=\"og:locale\" content=\"sq_AL\" \/>\n<meta property=\"og:type\" content=\"article\" \/>\n<meta property=\"og:title\" content=\"Meritokracia - FjALA e LIR\u00cb - Arkivi\" \/>\n<meta property=\"og:description\" content=\"Naser Aliu &#8211; sot n\u00eb gazet\u00ebn Shekulli &#8211; Prolog &#8211; Nj\u00eb plak kishte d\u00ebrguar dy qe p\u00ebr t&#8217; i shitur n\u00eb treg. I afrohet nj\u00eb bler\u00ebs dhe e pyet p\u00ebr veset e tyre. Plaku i thot\u00eb: Ky i trashi \u00ebsht\u00eb i fort\u00eb, mund t\u00eb l\u00ebroj\u00eb shum\u00eb, por nuk i p\u00eblqen aspak puna. Ky i holli, [&hellip;]\" \/>\n<meta property=\"og:url\" content=\"https:\/\/fjala.info\/2009-2015\/meritokracia\/\" \/>\n<meta property=\"og:site_name\" content=\"FjALA e LIR\u00cb - Arkivi\" \/>\n<meta property=\"article:published_time\" content=\"2010-06-22T20:09:42+00:00\" \/>\n<meta property=\"og:image\" content=\"http:\/\/www.shkoder.net\/images\/fjala\/naser_aliu.jpg\" \/>\n<meta name=\"author\" content=\"admin\" \/>\n<meta name=\"twitter:card\" content=\"summary_large_image\" \/>\n<meta name=\"twitter:label1\" content=\"Written by\" \/>\n\t<meta name=\"twitter:data1\" content=\"admin\" \/>\n\t<meta name=\"twitter:label2\" content=\"Est. reading time\" \/>\n\t<meta name=\"twitter:data2\" content=\"18 minutes\" \/>\n<script type=\"application\/ld+json\" class=\"yoast-schema-graph\">{\"@context\":\"https:\\\/\\\/schema.org\",\"@graph\":[{\"@type\":\"Article\",\"@id\":\"https:\\\/\\\/fjala.info\\\/2009-2015\\\/meritokracia\\\/#article\",\"isPartOf\":{\"@id\":\"https:\\\/\\\/fjala.info\\\/2009-2015\\\/meritokracia\\\/\"},\"author\":{\"name\":\"admin\",\"@id\":\"https:\\\/\\\/fjala.info\\\/2009-2015\\\/#\\\/schema\\\/person\\\/3aa1163ef05469c496fc94e77611ada2\"},\"headline\":\"Meritokracia\",\"datePublished\":\"2010-06-22T20:09:42+00:00\",\"mainEntityOfPage\":{\"@id\":\"https:\\\/\\\/fjala.info\\\/2009-2015\\\/meritokracia\\\/\"},\"wordCount\":3615,\"commentCount\":0,\"publisher\":{\"@id\":\"https:\\\/\\\/fjala.info\\\/2009-2015\\\/#organization\"},\"image\":{\"@id\":\"https:\\\/\\\/fjala.info\\\/2009-2015\\\/meritokracia\\\/#primaryimage\"},\"thumbnailUrl\":\"http:\\\/\\\/www.shkoder.net\\\/images\\\/fjala\\\/naser_aliu.jpg\",\"articleSection\":[\"Artikuj\"],\"inLanguage\":\"sq-AL\",\"potentialAction\":[{\"@type\":\"CommentAction\",\"name\":\"Comment\",\"target\":[\"https:\\\/\\\/fjala.info\\\/2009-2015\\\/meritokracia\\\/#respond\"]}]},{\"@type\":\"WebPage\",\"@id\":\"https:\\\/\\\/fjala.info\\\/2009-2015\\\/meritokracia\\\/\",\"url\":\"https:\\\/\\\/fjala.info\\\/2009-2015\\\/meritokracia\\\/\",\"name\":\"Meritokracia - FjALA e LIR\u00cb - Arkivi\",\"isPartOf\":{\"@id\":\"https:\\\/\\\/fjala.info\\\/2009-2015\\\/#website\"},\"primaryImageOfPage\":{\"@id\":\"https:\\\/\\\/fjala.info\\\/2009-2015\\\/meritokracia\\\/#primaryimage\"},\"image\":{\"@id\":\"https:\\\/\\\/fjala.info\\\/2009-2015\\\/meritokracia\\\/#primaryimage\"},\"thumbnailUrl\":\"http:\\\/\\\/www.shkoder.net\\\/images\\\/fjala\\\/naser_aliu.jpg\",\"datePublished\":\"2010-06-22T20:09:42+00:00\",\"breadcrumb\":{\"@id\":\"https:\\\/\\\/fjala.info\\\/2009-2015\\\/meritokracia\\\/#breadcrumb\"},\"inLanguage\":\"sq-AL\",\"potentialAction\":[{\"@type\":\"ReadAction\",\"target\":[\"https:\\\/\\\/fjala.info\\\/2009-2015\\\/meritokracia\\\/\"]}]},{\"@type\":\"ImageObject\",\"inLanguage\":\"sq-AL\",\"@id\":\"https:\\\/\\\/fjala.info\\\/2009-2015\\\/meritokracia\\\/#primaryimage\",\"url\":\"http:\\\/\\\/www.shkoder.net\\\/images\\\/fjala\\\/naser_aliu.jpg\",\"contentUrl\":\"http:\\\/\\\/www.shkoder.net\\\/images\\\/fjala\\\/naser_aliu.jpg\"},{\"@type\":\"BreadcrumbList\",\"@id\":\"https:\\\/\\\/fjala.info\\\/2009-2015\\\/meritokracia\\\/#breadcrumb\",\"itemListElement\":[{\"@type\":\"ListItem\",\"position\":1,\"name\":\"Home\",\"item\":\"https:\\\/\\\/fjala.info\\\/2009-2015\\\/\"},{\"@type\":\"ListItem\",\"position\":2,\"name\":\"Meritokracia\"}]},{\"@type\":\"WebSite\",\"@id\":\"https:\\\/\\\/fjala.info\\\/2009-2015\\\/#website\",\"url\":\"https:\\\/\\\/fjala.info\\\/2009-2015\\\/\",\"name\":\"FjALA e LIR\u00cb - Arkivi\",\"description\":\"Arkivi 2009-2015\",\"publisher\":{\"@id\":\"https:\\\/\\\/fjala.info\\\/2009-2015\\\/#organization\"},\"potentialAction\":[{\"@type\":\"SearchAction\",\"target\":{\"@type\":\"EntryPoint\",\"urlTemplate\":\"https:\\\/\\\/fjala.info\\\/2009-2015\\\/?s={search_term_string}\"},\"query-input\":{\"@type\":\"PropertyValueSpecification\",\"valueRequired\":true,\"valueName\":\"search_term_string\"}}],\"inLanguage\":\"sq-AL\"},{\"@type\":\"Organization\",\"@id\":\"https:\\\/\\\/fjala.info\\\/2009-2015\\\/#organization\",\"name\":\"FjALA e LIR\u00cb - Arkivi\",\"url\":\"https:\\\/\\\/fjala.info\\\/2009-2015\\\/\",\"logo\":{\"@type\":\"ImageObject\",\"inLanguage\":\"sq-AL\",\"@id\":\"https:\\\/\\\/fjala.info\\\/2009-2015\\\/#\\\/schema\\\/logo\\\/image\\\/\",\"url\":\"\",\"contentUrl\":\"\",\"caption\":\"FjALA e LIR\u00cb - Arkivi\"},\"image\":{\"@id\":\"https:\\\/\\\/fjala.info\\\/2009-2015\\\/#\\\/schema\\\/logo\\\/image\\\/\"}},{\"@type\":\"Person\",\"@id\":\"https:\\\/\\\/fjala.info\\\/2009-2015\\\/#\\\/schema\\\/person\\\/3aa1163ef05469c496fc94e77611ada2\",\"name\":\"admin\",\"image\":{\"@type\":\"ImageObject\",\"inLanguage\":\"sq-AL\",\"@id\":\"https:\\\/\\\/fjala.info\\\/2009-2015\\\/wp-content\\\/uploads\\\/2012\\\/02\\\/arben_cokaj-120x150.jpg\",\"url\":\"https:\\\/\\\/fjala.info\\\/2009-2015\\\/wp-content\\\/uploads\\\/2012\\\/02\\\/arben_cokaj-120x150.jpg\",\"contentUrl\":\"https:\\\/\\\/fjala.info\\\/2009-2015\\\/wp-content\\\/uploads\\\/2012\\\/02\\\/arben_cokaj-120x150.jpg\",\"caption\":\"admin\"},\"description\":\"Admin, Fjala e Lir\u00eb\",\"sameAs\":[\"https:\\\/\\\/fjala.info\\\/\"],\"url\":\"https:\\\/\\\/fjala.info\\\/2009-2015\\\/author\\\/admin\\\/\"}]}<\/script>\n<!-- \/ Yoast SEO plugin. -->","yoast_head_json":{"title":"Meritokracia - FjALA e LIR\u00cb - Arkivi","robots":{"index":"index","follow":"follow","max-snippet":"max-snippet:-1","max-image-preview":"max-image-preview:large","max-video-preview":"max-video-preview:-1"},"canonical":"https:\/\/fjala.info\/2009-2015\/meritokracia\/","og_locale":"sq_AL","og_type":"article","og_title":"Meritokracia - FjALA e LIR\u00cb - Arkivi","og_description":"Naser Aliu &#8211; sot n\u00eb gazet\u00ebn Shekulli &#8211; Prolog &#8211; Nj\u00eb plak kishte d\u00ebrguar dy qe p\u00ebr t&#8217; i shitur n\u00eb treg. I afrohet nj\u00eb bler\u00ebs dhe e pyet p\u00ebr veset e tyre. Plaku i thot\u00eb: Ky i trashi \u00ebsht\u00eb i fort\u00eb, mund t\u00eb l\u00ebroj\u00eb shum\u00eb, por nuk i p\u00eblqen aspak puna. Ky i holli, [&hellip;]","og_url":"https:\/\/fjala.info\/2009-2015\/meritokracia\/","og_site_name":"FjALA e LIR\u00cb - Arkivi","article_published_time":"2010-06-22T20:09:42+00:00","og_image":[{"url":"http:\/\/www.shkoder.net\/images\/fjala\/naser_aliu.jpg","type":"","width":"","height":""}],"author":"admin","twitter_card":"summary_large_image","twitter_misc":{"Written by":"admin","Est. reading time":"18 minutes"},"schema":{"@context":"https:\/\/schema.org","@graph":[{"@type":"Article","@id":"https:\/\/fjala.info\/2009-2015\/meritokracia\/#article","isPartOf":{"@id":"https:\/\/fjala.info\/2009-2015\/meritokracia\/"},"author":{"name":"admin","@id":"https:\/\/fjala.info\/2009-2015\/#\/schema\/person\/3aa1163ef05469c496fc94e77611ada2"},"headline":"Meritokracia","datePublished":"2010-06-22T20:09:42+00:00","mainEntityOfPage":{"@id":"https:\/\/fjala.info\/2009-2015\/meritokracia\/"},"wordCount":3615,"commentCount":0,"publisher":{"@id":"https:\/\/fjala.info\/2009-2015\/#organization"},"image":{"@id":"https:\/\/fjala.info\/2009-2015\/meritokracia\/#primaryimage"},"thumbnailUrl":"http:\/\/www.shkoder.net\/images\/fjala\/naser_aliu.jpg","articleSection":["Artikuj"],"inLanguage":"sq-AL","potentialAction":[{"@type":"CommentAction","name":"Comment","target":["https:\/\/fjala.info\/2009-2015\/meritokracia\/#respond"]}]},{"@type":"WebPage","@id":"https:\/\/fjala.info\/2009-2015\/meritokracia\/","url":"https:\/\/fjala.info\/2009-2015\/meritokracia\/","name":"Meritokracia - FjALA e LIR\u00cb - Arkivi","isPartOf":{"@id":"https:\/\/fjala.info\/2009-2015\/#website"},"primaryImageOfPage":{"@id":"https:\/\/fjala.info\/2009-2015\/meritokracia\/#primaryimage"},"image":{"@id":"https:\/\/fjala.info\/2009-2015\/meritokracia\/#primaryimage"},"thumbnailUrl":"http:\/\/www.shkoder.net\/images\/fjala\/naser_aliu.jpg","datePublished":"2010-06-22T20:09:42+00:00","breadcrumb":{"@id":"https:\/\/fjala.info\/2009-2015\/meritokracia\/#breadcrumb"},"inLanguage":"sq-AL","potentialAction":[{"@type":"ReadAction","target":["https:\/\/fjala.info\/2009-2015\/meritokracia\/"]}]},{"@type":"ImageObject","inLanguage":"sq-AL","@id":"https:\/\/fjala.info\/2009-2015\/meritokracia\/#primaryimage","url":"http:\/\/www.shkoder.net\/images\/fjala\/naser_aliu.jpg","contentUrl":"http:\/\/www.shkoder.net\/images\/fjala\/naser_aliu.jpg"},{"@type":"BreadcrumbList","@id":"https:\/\/fjala.info\/2009-2015\/meritokracia\/#breadcrumb","itemListElement":[{"@type":"ListItem","position":1,"name":"Home","item":"https:\/\/fjala.info\/2009-2015\/"},{"@type":"ListItem","position":2,"name":"Meritokracia"}]},{"@type":"WebSite","@id":"https:\/\/fjala.info\/2009-2015\/#website","url":"https:\/\/fjala.info\/2009-2015\/","name":"FjALA e LIR\u00cb - Arkivi","description":"Arkivi 2009-2015","publisher":{"@id":"https:\/\/fjala.info\/2009-2015\/#organization"},"potentialAction":[{"@type":"SearchAction","target":{"@type":"EntryPoint","urlTemplate":"https:\/\/fjala.info\/2009-2015\/?s={search_term_string}"},"query-input":{"@type":"PropertyValueSpecification","valueRequired":true,"valueName":"search_term_string"}}],"inLanguage":"sq-AL"},{"@type":"Organization","@id":"https:\/\/fjala.info\/2009-2015\/#organization","name":"FjALA e LIR\u00cb - Arkivi","url":"https:\/\/fjala.info\/2009-2015\/","logo":{"@type":"ImageObject","inLanguage":"sq-AL","@id":"https:\/\/fjala.info\/2009-2015\/#\/schema\/logo\/image\/","url":"","contentUrl":"","caption":"FjALA e LIR\u00cb - Arkivi"},"image":{"@id":"https:\/\/fjala.info\/2009-2015\/#\/schema\/logo\/image\/"}},{"@type":"Person","@id":"https:\/\/fjala.info\/2009-2015\/#\/schema\/person\/3aa1163ef05469c496fc94e77611ada2","name":"admin","image":{"@type":"ImageObject","inLanguage":"sq-AL","@id":"https:\/\/fjala.info\/2009-2015\/wp-content\/uploads\/2012\/02\/arben_cokaj-120x150.jpg","url":"https:\/\/fjala.info\/2009-2015\/wp-content\/uploads\/2012\/02\/arben_cokaj-120x150.jpg","contentUrl":"https:\/\/fjala.info\/2009-2015\/wp-content\/uploads\/2012\/02\/arben_cokaj-120x150.jpg","caption":"admin"},"description":"Admin, Fjala e Lir\u00eb","sameAs":["https:\/\/fjala.info\/"],"url":"https:\/\/fjala.info\/2009-2015\/author\/admin\/"}]}},"_links":{"self":[{"href":"https:\/\/fjala.info\/2009-2015\/wp-json\/wp\/v2\/posts\/3065","targetHints":{"allow":["GET"]}}],"collection":[{"href":"https:\/\/fjala.info\/2009-2015\/wp-json\/wp\/v2\/posts"}],"about":[{"href":"https:\/\/fjala.info\/2009-2015\/wp-json\/wp\/v2\/types\/post"}],"author":[{"embeddable":true,"href":"https:\/\/fjala.info\/2009-2015\/wp-json\/wp\/v2\/users\/1"}],"replies":[{"embeddable":true,"href":"https:\/\/fjala.info\/2009-2015\/wp-json\/wp\/v2\/comments?post=3065"}],"version-history":[{"count":0,"href":"https:\/\/fjala.info\/2009-2015\/wp-json\/wp\/v2\/posts\/3065\/revisions"}],"wp:attachment":[{"href":"https:\/\/fjala.info\/2009-2015\/wp-json\/wp\/v2\/media?parent=3065"}],"wp:term":[{"taxonomy":"category","embeddable":true,"href":"https:\/\/fjala.info\/2009-2015\/wp-json\/wp\/v2\/categories?post=3065"},{"taxonomy":"post_tag","embeddable":true,"href":"https:\/\/fjala.info\/2009-2015\/wp-json\/wp\/v2\/tags?post=3065"}],"curies":[{"name":"wp","href":"https:\/\/api.w.org\/{rel}","templated":true}]}}