{"id":3062,"date":"2012-06-02T14:50:08","date_gmt":"2012-06-02T13:50:08","guid":{"rendered":"http:\/\/www.fjala.info\/?p=3062"},"modified":"2012-06-02T14:50:08","modified_gmt":"2012-06-02T13:50:08","slug":"ai-person-qe-braktis-fene-islame-ose-nderron-fe-duhet-te-vritet","status":"publish","type":"post","link":"https:\/\/fjala.info\/2009-2015\/ai-person-qe-braktis-fene-islame-ose-nderron-fe-duhet-te-vritet\/","title":{"rendered":"Ai person q\u00eb braktis fen\u00eb Islame ose nd\u00ebrron fe, duhet t\u00eb vritet"},"content":{"rendered":"<p><img decoding=\"async\" class=\"alignright size-thumbnail wp-image-7236\" title=\"Vendim Fatwa\" src=\"http:\/\/www.fjala.info\/2012\/vendimi_fatwa.jpg\" alt=\"\" width=\"300\" \/> <em>Vendim i komisionit t\u00eb fatwa-ve i Azhar-it mbi vrasjen e apostat\u00ebve<\/em><\/p>\n<p><strong>Ekspertiz\u00eb ligjore<\/strong><br \/>\nNj\u00eb ekspertiz\u00eb ligjore (fatva) e komisionit t\u00eb fatva-ve i Azhar-it, i institucionit m\u00eb me autoritet i islamit sunnit, mbi vrasjen e apostat\u00ebve e vitit 1978. P\u00ebrkthim nga arabishtja i dokumentit origjinal:<br \/>\n\u201eal-Azhar. Komisioni i fatva-ve.<\/p>\n<p><strong>N\u00eb em\u00ebr t\u00eb Allahut Meshiruesit, Meshireberesit<\/strong>.<br \/>\nPyetje e zotit Ahmad Dervish; ai e ka paraqitur k\u00ebt\u00eb pyetje p\u00ebrmes zoteriut (emri i paduksh\u00ebm), shtetas gjerman:<br \/>\nNj\u00eb burr\u00eb i besimit mysliman dhe shtetas egjiptian \u00ebsht\u00eb martuar me nj\u00eb grua t\u00eb besimit t\u00eb krishter\u00eb dhe shtetase gjermane. Me p\u00eblqim t\u00eb bashkshort\u00ebve myslimani n\u00eb fjal\u00eb nd\u00ebrroi fen\u00eb n\u00eb at\u00eb kristiane duke iu bashkuar fes\u00eb kristiane.<br \/>\n1. Si gjykon feja islame mbi statusin e k\u00ebtij personi n\u00eb lidhje me d\u00ebnimet islame?<br \/>\n2. Do t\u00eb shihen f\u00ebmij\u00ebt e tij si mysliman\u00eb apo si t\u00eb krishter\u00eb? \u00c7\u2019gjykim jepet?\u201c<\/p>\n<p><strong>P\u00ebrgjigja<\/strong>:<br \/>\n\u00c7do lavdi meriton Allahu, zoti i bot\u00ebve. Bekuar dhe paqje qoft\u00eb me vul\u00ebn e profet\u00ebve, te nderuarin ton\u00eb Muhamedin, familjen e tij dhe gjith\u00eb bashk\u00ebluft\u00ebtar\u00ebt e tij.<\/p>\n<p>K\u00ebtu japim informacionin: meq\u00ebn\u00ebse ai e ka braktisur fen\u00eb islame i k\u00ebrkohet q\u00eb t\u00eb b\u00ebj\u00eb pendimin. N\u00eb rast se nuk tregon pendim, n\u00eb baz\u00eb t\u00eb ligjeve islamike ai do t\u00eb vritet.<br \/>\nP\u00ebr sa i p\u00ebrket f\u00ebmij\u00ebve t\u00eb tij, ata jan\u00eb mysliman\u00eb t\u00eb mitur. Pas arritjes s\u00eb mosh\u00ebs s\u00eb duhur, n\u00eb rast se ata mbesin n\u00eb fen\u00eb islame, do t\u00eb jen\u00eb mysliman\u00eb. N\u00eb rast se ata e braktisin fen\u00eb islame, u k\u00ebrkohet q\u00eb t\u00eb b\u00ebjn\u00eb pendimin. N\u00eb rast se ata nuk tregojn\u00eb pendim, do t\u00eb vriten.<br \/>\nDhe Allahu, m\u00eb i larti, e di m\u00eb s\u00eb miri.<\/p>\n<p><em>Kryetari i komisionit t\u00eb fatva-ve n\u00eb Azhar<\/em>.<\/p>\n<p>Data: <em>23 shtator 1978<\/em><br \/>\nVula me emblem\u00ebn e shtetit: Republika Arabe e Egjiptit. Al-Azhar. Komisioni i fatva-ve n\u00eb Azhar.<br \/>\n( Fotodokument vendimi: <a href=\"http:\/\/sq.wikipedia.org\/wiki\/Skeda:Rechtsgutachten_betr_Apostasie_im_Islam_2.jpg\">http:\/\/sq.wikipedia.org\/wiki\/Skeda:Rechtsgutachten_betr_Apostasie_im_Islam_2.jpg<\/a> \u00a0)<\/p>\n<p>Bazuar ne hadithet SAHIH(Te Sakte-Autentik) , ai person qe braktis fene Islame ose nderron fe , duhet te vritet, ky eshte LIGJ i Sheriatit Islam, Shikoni hadithet Sahih ne Vazhdim:<\/p>\n<p><strong>Sahih Al-Buhariu<\/strong><\/p>\n<p><em>V\u00ebllimi 9, Libri 83, Num\u00ebr 17<\/em>:<\/p>\n<p><strong>Transmeton Abdullahu<\/strong>:<\/p>\n<p>I d\u00ebrguari i Allahut tha: \u201cGjaku i nj\u00eb muslimani i cili pranon se nuk ka t\u00eb adhuruar me t\u00eb drejt\u00eb p\u00ebrve\u00e7 Allahut dhe se un\u00eb jam i d\u00ebrguari i Tij, nuk mund t\u00eb derdhet ndryshe p\u00ebrve\u00e7 n\u00eb tri raste: N\u00eb rastin p\u00ebr vrasje, n\u00eb rastin e nj\u00eb personi t\u00eb martuar q\u00eb kryen marr\u00ebdh\u00ebnie t\u00eb paligjshme seksuale si dhe ai i cili braktis fen\u00eb Islame (b\u00ebhet femohues) dhe e l\u00eb bashk\u00ebsin\u00eb muslimane. \u201c<\/p>\n<p><strong>SAHIH BUHARIU<\/strong><br \/>\n<em>V\u00ebllimi 4, Libri 52, Numri 260<\/em>:<\/p>\n<p><strong>Transmetuar nga Ikrima<\/strong>:<\/p>\n<p>Aliu kishte djegur disa njer\u00ebz dhe ky lajm arriti tek Ibn\u2019Abbasi, i cili i tha, \u201cN\u00ebse un\u00eb do t\u00eb kisha qen\u00eb n\u00eb vendin t\u00ebnd un\u00eb nuk do t\u2019i kisha djegur ata, sepse Pejgamberi (a.s) ka th\u00ebn\u00eb:\u201d Mos e d\u00ebnoni (ask\u00ebnd) me nd\u00ebshkimin e Allahut. \u201cNuk ka dyshim, se un\u00eb do t\u2019i kisha vrar\u00eb ata, sepse Profeti ka th\u00ebn\u00eb, \u201cN\u00ebse dikush (mysliman) braktis fen\u00eb e tij, ta vrisni at\u00eb.\u201d<\/p>\n<p><strong>SAHIH BUHARIU<\/strong><br \/>\n<em>V\u00ebllimi 9, Libri 84, Num\u00ebr 57<\/em>:<\/p>\n<p><strong>Transmeton \u2018Ikrima<\/strong>:<\/p>\n<p>Disa Zanadika (ateist\u00eb) jan\u00eb sjell\u00eb tek \u2018Aliu dhe ai i dogji ata. Lajmet e k\u00ebsaj ngjarjeje, arrit\u00ebn tek Ibn\u2019Abbasi i cili tha, \u201cPo t\u00eb kisha qen\u00eb un\u00eb n\u00eb vendin e tij, un\u00eb nuk do t\u2019i kisha djegur ata, ashtu sikur i d\u00ebrguari i Allahut e ka ndaluar djegjen e njeriut, duke th\u00ebn\u00eb:\u201d Mos e d\u00ebnoni ask\u00ebnd me nd\u00ebshkimin e Allahut (zjarrin). \u201cUn\u00eb do t\u2019i kisha vrar\u00eb ata sipas deklarat\u00ebs s\u00eb d\u00ebrguarit t\u00eb Allahut, q\u00eb thot\u00eb se \u201cKushdo q\u00eb ndryshon fen\u00eb e tij islame, t\u2019a vritni at\u00eb. \u2018\u201d<\/p>\n<p><strong>Sahih Buhariu<\/strong><br \/>\n<em>V\u00ebllimi 9, Libri 84, Num\u00ebr 58<\/em>:<\/p>\n<p><strong>Transmeton Ebu Burda<\/strong>:<\/p>\n<p>\u2026.. ishte nj\u00eb njeri pran\u00eb Ebu Muisas. dhe Muadhi pyeti: \u201cKush \u00ebsht\u00eb ky (njeriu)?\u201d Ebu Muisa i tha: \u201cAi \u00ebshte nj\u00eb \u00e7ifut q\u00eb u b\u00eb mysliman dhe pastaj \u00ebsht\u00eb rikthyer p\u00ebrs\u00ebri n\u00eb Judaiz\u00ebm.\u201d Pastaj Ebu Muisa i k\u00ebrkoi Muadhiut q\u00eb t\u00eb ulet, por Muadhiu ka th\u00ebn\u00eb: \u201cUn\u00eb nuk do t\u00eb shtrohem n\u00eb tryez\u00eb para se ai t\u00eb jet\u00eb vrar\u00eb. Ky \u00ebsht\u00eb gjykimi i All-llahut dhe i t\u00eb d\u00ebrguarit t\u00eb Tij (p\u00ebr raste t\u00eb tilla) dhe e ka p\u00ebrs\u00ebritur k\u00ebt\u00eb tri her\u00eb. Pastaj Ebu Musa urdh\u00ebroi q\u00eb njeriu t\u00eb vritet, dhe ai u vra. Ebu Musa shtoi, \u201cPastaj kemi diskutuar lutjet e nat\u00ebs dhe nj\u00ebri prej nesh tha:\u201d Un\u00eb lutem edhe n\u00eb gjum\u00eb, dhe shpresoj se All-llahu do t\u00eb m\u00eb shp\u00ebrblej\u00eb p\u00ebr lutjet t\u00eb mia. \u201c\u2026.<\/p>\n<p><strong>Sahih Buhariu<\/strong><br \/>\n<em>V\u00ebllimi 9, Libri 89, Numri 271<\/em>:<\/p>\n<p><strong>Transmeton Ebu Musa<\/strong>:<\/p>\n<p>Nj\u00eb njeri e p\u00ebrqafoi Islamin dhe pastaj u rikthye p\u00ebrs\u00ebri n\u00eb judaizmin. Muadh bin Xhebeli erdhi p\u00ebr t\u2019a par\u00eb at\u00eb njeri me Ebu Musan . Dhe Muadhi pyeti, \u201c\u00c7far\u00eb ka ndodhur me k\u00ebt\u00eb njeri?\u201d Ebu Musai u p\u00ebrgjigj: \u201cAi e p\u00ebrqafoi Islamin dhe pastaj u rikthye p\u00ebrs\u00ebri n\u00eb Judaiz\u00ebm.\u201d Muadhiu tha: \u201cUn\u00eb nuk do t\u00eb ulem (n\u00eb tryez\u00eb) p\u00ebrve\u00e7 n\u00ebse ju e vritni at\u00eb (sepse ky \u00ebsht\u00eb) vendimin e All-llahut dhe i t\u00eb d\u00ebrguarit t\u00eb Tij.<\/p>\n<p><a href=\"http:\/\/www.forum-al.com\/showthread.php?t=18208\">http:\/\/www.forum-al.com\/showthread.php?t=18208<\/a><\/p>\n","protected":false},"excerpt":{"rendered":"<p>Vendim i komisionit t\u00eb fatwa-ve i Azhar-it mbi vrasjen e apostat\u00ebve Ekspertiz\u00eb ligjore Nj\u00eb ekspertiz\u00eb ligjore (fatva) e komisionit t\u00eb fatva-ve i Azhar-it, i institucionit m\u00eb me autoritet i islamit sunnit, mbi vrasjen e apostat\u00ebve e vitit 1978. P\u00ebrkthim nga arabishtja i dokumentit origjinal: \u201eal-Azhar. Komisioni i fatva-ve. N\u00eb em\u00ebr t\u00eb Allahut Meshiruesit, Meshireberesit. Pyetje [&hellip;]<\/p>\n","protected":false},"author":1,"featured_media":0,"comment_status":"open","ping_status":"closed","sticky":false,"template":"","format":"standard","meta":{"footnotes":""},"categories":[2],"tags":[],"class_list":{"0":"post-3062","1":"post","2":"type-post","3":"status-publish","4":"format-standard","6":"category-artikuj"},"yoast_head":"<!-- This site is optimized with the Yoast SEO plugin v27.4 - https:\/\/yoast.com\/product\/yoast-seo-wordpress\/ -->\n<title>Ai person q\u00eb braktis fen\u00eb Islame ose nd\u00ebrron fe, duhet t\u00eb vritet - FjALA e LIR\u00cb - Arkivi<\/title>\n<meta name=\"robots\" content=\"index, follow, max-snippet:-1, max-image-preview:large, max-video-preview:-1\" \/>\n<link rel=\"canonical\" href=\"https:\/\/fjala.info\/2009-2015\/ai-person-qe-braktis-fene-islame-ose-nderron-fe-duhet-te-vritet\/\" \/>\n<meta property=\"og:locale\" content=\"sq_AL\" \/>\n<meta property=\"og:type\" content=\"article\" \/>\n<meta property=\"og:title\" content=\"Ai person q\u00eb braktis fen\u00eb Islame ose nd\u00ebrron fe, duhet t\u00eb vritet - FjALA e LIR\u00cb - Arkivi\" \/>\n<meta property=\"og:description\" content=\"Vendim i komisionit t\u00eb fatwa-ve i Azhar-it mbi vrasjen e apostat\u00ebve Ekspertiz\u00eb ligjore Nj\u00eb ekspertiz\u00eb ligjore (fatva) e komisionit t\u00eb fatva-ve i Azhar-it, i institucionit m\u00eb me autoritet i islamit sunnit, mbi vrasjen e apostat\u00ebve e vitit 1978. P\u00ebrkthim nga arabishtja i dokumentit origjinal: \u201eal-Azhar. Komisioni i fatva-ve. N\u00eb em\u00ebr t\u00eb Allahut Meshiruesit, Meshireberesit. Pyetje [&hellip;]\" \/>\n<meta property=\"og:url\" content=\"https:\/\/fjala.info\/2009-2015\/ai-person-qe-braktis-fene-islame-ose-nderron-fe-duhet-te-vritet\/\" \/>\n<meta property=\"og:site_name\" content=\"FjALA e LIR\u00cb - Arkivi\" \/>\n<meta property=\"article:published_time\" content=\"2012-06-02T13:50:08+00:00\" \/>\n<meta property=\"og:image\" content=\"http:\/\/www.fjala.info\/2012\/vendimi_fatwa.jpg\" \/>\n<meta name=\"author\" content=\"admin\" \/>\n<meta name=\"twitter:card\" content=\"summary_large_image\" \/>\n<meta name=\"twitter:label1\" content=\"Written by\" \/>\n\t<meta name=\"twitter:data1\" content=\"admin\" \/>\n\t<meta name=\"twitter:label2\" content=\"Est. reading time\" \/>\n\t<meta name=\"twitter:data2\" content=\"5 minutes\" \/>\n<script type=\"application\/ld+json\" class=\"yoast-schema-graph\">{\"@context\":\"https:\\\/\\\/schema.org\",\"@graph\":[{\"@type\":\"Article\",\"@id\":\"https:\\\/\\\/fjala.info\\\/2009-2015\\\/ai-person-qe-braktis-fene-islame-ose-nderron-fe-duhet-te-vritet\\\/#article\",\"isPartOf\":{\"@id\":\"https:\\\/\\\/fjala.info\\\/2009-2015\\\/ai-person-qe-braktis-fene-islame-ose-nderron-fe-duhet-te-vritet\\\/\"},\"author\":{\"name\":\"admin\",\"@id\":\"https:\\\/\\\/fjala.info\\\/2009-2015\\\/#\\\/schema\\\/person\\\/3aa1163ef05469c496fc94e77611ada2\"},\"headline\":\"Ai person q\u00eb braktis fen\u00eb Islame ose nd\u00ebrron fe, duhet t\u00eb vritet\",\"datePublished\":\"2012-06-02T13:50:08+00:00\",\"mainEntityOfPage\":{\"@id\":\"https:\\\/\\\/fjala.info\\\/2009-2015\\\/ai-person-qe-braktis-fene-islame-ose-nderron-fe-duhet-te-vritet\\\/\"},\"wordCount\":913,\"commentCount\":1,\"publisher\":{\"@id\":\"https:\\\/\\\/fjala.info\\\/2009-2015\\\/#organization\"},\"image\":{\"@id\":\"https:\\\/\\\/fjala.info\\\/2009-2015\\\/ai-person-qe-braktis-fene-islame-ose-nderron-fe-duhet-te-vritet\\\/#primaryimage\"},\"thumbnailUrl\":\"http:\\\/\\\/www.fjala.info\\\/2012\\\/vendimi_fatwa.jpg\",\"articleSection\":[\"Artikuj\"],\"inLanguage\":\"sq-AL\",\"potentialAction\":[{\"@type\":\"CommentAction\",\"name\":\"Comment\",\"target\":[\"https:\\\/\\\/fjala.info\\\/2009-2015\\\/ai-person-qe-braktis-fene-islame-ose-nderron-fe-duhet-te-vritet\\\/#respond\"]}]},{\"@type\":\"WebPage\",\"@id\":\"https:\\\/\\\/fjala.info\\\/2009-2015\\\/ai-person-qe-braktis-fene-islame-ose-nderron-fe-duhet-te-vritet\\\/\",\"url\":\"https:\\\/\\\/fjala.info\\\/2009-2015\\\/ai-person-qe-braktis-fene-islame-ose-nderron-fe-duhet-te-vritet\\\/\",\"name\":\"Ai person q\u00eb braktis fen\u00eb Islame ose nd\u00ebrron fe, duhet t\u00eb vritet - FjALA e LIR\u00cb - Arkivi\",\"isPartOf\":{\"@id\":\"https:\\\/\\\/fjala.info\\\/2009-2015\\\/#website\"},\"primaryImageOfPage\":{\"@id\":\"https:\\\/\\\/fjala.info\\\/2009-2015\\\/ai-person-qe-braktis-fene-islame-ose-nderron-fe-duhet-te-vritet\\\/#primaryimage\"},\"image\":{\"@id\":\"https:\\\/\\\/fjala.info\\\/2009-2015\\\/ai-person-qe-braktis-fene-islame-ose-nderron-fe-duhet-te-vritet\\\/#primaryimage\"},\"thumbnailUrl\":\"http:\\\/\\\/www.fjala.info\\\/2012\\\/vendimi_fatwa.jpg\",\"datePublished\":\"2012-06-02T13:50:08+00:00\",\"breadcrumb\":{\"@id\":\"https:\\\/\\\/fjala.info\\\/2009-2015\\\/ai-person-qe-braktis-fene-islame-ose-nderron-fe-duhet-te-vritet\\\/#breadcrumb\"},\"inLanguage\":\"sq-AL\",\"potentialAction\":[{\"@type\":\"ReadAction\",\"target\":[\"https:\\\/\\\/fjala.info\\\/2009-2015\\\/ai-person-qe-braktis-fene-islame-ose-nderron-fe-duhet-te-vritet\\\/\"]}]},{\"@type\":\"ImageObject\",\"inLanguage\":\"sq-AL\",\"@id\":\"https:\\\/\\\/fjala.info\\\/2009-2015\\\/ai-person-qe-braktis-fene-islame-ose-nderron-fe-duhet-te-vritet\\\/#primaryimage\",\"url\":\"http:\\\/\\\/www.fjala.info\\\/2012\\\/vendimi_fatwa.jpg\",\"contentUrl\":\"http:\\\/\\\/www.fjala.info\\\/2012\\\/vendimi_fatwa.jpg\"},{\"@type\":\"BreadcrumbList\",\"@id\":\"https:\\\/\\\/fjala.info\\\/2009-2015\\\/ai-person-qe-braktis-fene-islame-ose-nderron-fe-duhet-te-vritet\\\/#breadcrumb\",\"itemListElement\":[{\"@type\":\"ListItem\",\"position\":1,\"name\":\"Home\",\"item\":\"https:\\\/\\\/fjala.info\\\/2009-2015\\\/\"},{\"@type\":\"ListItem\",\"position\":2,\"name\":\"Ai person q\u00eb braktis fen\u00eb Islame ose nd\u00ebrron fe, duhet t\u00eb vritet\"}]},{\"@type\":\"WebSite\",\"@id\":\"https:\\\/\\\/fjala.info\\\/2009-2015\\\/#website\",\"url\":\"https:\\\/\\\/fjala.info\\\/2009-2015\\\/\",\"name\":\"FjALA e LIR\u00cb - Arkivi\",\"description\":\"Arkivi 2009-2015\",\"publisher\":{\"@id\":\"https:\\\/\\\/fjala.info\\\/2009-2015\\\/#organization\"},\"potentialAction\":[{\"@type\":\"SearchAction\",\"target\":{\"@type\":\"EntryPoint\",\"urlTemplate\":\"https:\\\/\\\/fjala.info\\\/2009-2015\\\/?s={search_term_string}\"},\"query-input\":{\"@type\":\"PropertyValueSpecification\",\"valueRequired\":true,\"valueName\":\"search_term_string\"}}],\"inLanguage\":\"sq-AL\"},{\"@type\":\"Organization\",\"@id\":\"https:\\\/\\\/fjala.info\\\/2009-2015\\\/#organization\",\"name\":\"FjALA e LIR\u00cb - Arkivi\",\"url\":\"https:\\\/\\\/fjala.info\\\/2009-2015\\\/\",\"logo\":{\"@type\":\"ImageObject\",\"inLanguage\":\"sq-AL\",\"@id\":\"https:\\\/\\\/fjala.info\\\/2009-2015\\\/#\\\/schema\\\/logo\\\/image\\\/\",\"url\":\"\",\"contentUrl\":\"\",\"caption\":\"FjALA e LIR\u00cb - Arkivi\"},\"image\":{\"@id\":\"https:\\\/\\\/fjala.info\\\/2009-2015\\\/#\\\/schema\\\/logo\\\/image\\\/\"}},{\"@type\":\"Person\",\"@id\":\"https:\\\/\\\/fjala.info\\\/2009-2015\\\/#\\\/schema\\\/person\\\/3aa1163ef05469c496fc94e77611ada2\",\"name\":\"admin\",\"image\":{\"@type\":\"ImageObject\",\"inLanguage\":\"sq-AL\",\"@id\":\"https:\\\/\\\/fjala.info\\\/2009-2015\\\/wp-content\\\/uploads\\\/2012\\\/02\\\/arben_cokaj-120x150.jpg\",\"url\":\"https:\\\/\\\/fjala.info\\\/2009-2015\\\/wp-content\\\/uploads\\\/2012\\\/02\\\/arben_cokaj-120x150.jpg\",\"contentUrl\":\"https:\\\/\\\/fjala.info\\\/2009-2015\\\/wp-content\\\/uploads\\\/2012\\\/02\\\/arben_cokaj-120x150.jpg\",\"caption\":\"admin\"},\"description\":\"Admin, Fjala e Lir\u00eb\",\"sameAs\":[\"https:\\\/\\\/fjala.info\\\/\"],\"url\":\"https:\\\/\\\/fjala.info\\\/2009-2015\\\/author\\\/admin\\\/\"}]}<\/script>\n<!-- \/ Yoast SEO plugin. -->","yoast_head_json":{"title":"Ai person q\u00eb braktis fen\u00eb Islame ose nd\u00ebrron fe, duhet t\u00eb vritet - FjALA e LIR\u00cb - Arkivi","robots":{"index":"index","follow":"follow","max-snippet":"max-snippet:-1","max-image-preview":"max-image-preview:large","max-video-preview":"max-video-preview:-1"},"canonical":"https:\/\/fjala.info\/2009-2015\/ai-person-qe-braktis-fene-islame-ose-nderron-fe-duhet-te-vritet\/","og_locale":"sq_AL","og_type":"article","og_title":"Ai person q\u00eb braktis fen\u00eb Islame ose nd\u00ebrron fe, duhet t\u00eb vritet - FjALA e LIR\u00cb - Arkivi","og_description":"Vendim i komisionit t\u00eb fatwa-ve i Azhar-it mbi vrasjen e apostat\u00ebve Ekspertiz\u00eb ligjore Nj\u00eb ekspertiz\u00eb ligjore (fatva) e komisionit t\u00eb fatva-ve i Azhar-it, i institucionit m\u00eb me autoritet i islamit sunnit, mbi vrasjen e apostat\u00ebve e vitit 1978. P\u00ebrkthim nga arabishtja i dokumentit origjinal: \u201eal-Azhar. Komisioni i fatva-ve. N\u00eb em\u00ebr t\u00eb Allahut Meshiruesit, Meshireberesit. Pyetje [&hellip;]","og_url":"https:\/\/fjala.info\/2009-2015\/ai-person-qe-braktis-fene-islame-ose-nderron-fe-duhet-te-vritet\/","og_site_name":"FjALA e LIR\u00cb - Arkivi","article_published_time":"2012-06-02T13:50:08+00:00","og_image":[{"url":"http:\/\/www.fjala.info\/2012\/vendimi_fatwa.jpg","type":"","width":"","height":""}],"author":"admin","twitter_card":"summary_large_image","twitter_misc":{"Written by":"admin","Est. reading time":"5 minutes"},"schema":{"@context":"https:\/\/schema.org","@graph":[{"@type":"Article","@id":"https:\/\/fjala.info\/2009-2015\/ai-person-qe-braktis-fene-islame-ose-nderron-fe-duhet-te-vritet\/#article","isPartOf":{"@id":"https:\/\/fjala.info\/2009-2015\/ai-person-qe-braktis-fene-islame-ose-nderron-fe-duhet-te-vritet\/"},"author":{"name":"admin","@id":"https:\/\/fjala.info\/2009-2015\/#\/schema\/person\/3aa1163ef05469c496fc94e77611ada2"},"headline":"Ai person q\u00eb braktis fen\u00eb Islame ose nd\u00ebrron fe, duhet t\u00eb vritet","datePublished":"2012-06-02T13:50:08+00:00","mainEntityOfPage":{"@id":"https:\/\/fjala.info\/2009-2015\/ai-person-qe-braktis-fene-islame-ose-nderron-fe-duhet-te-vritet\/"},"wordCount":913,"commentCount":1,"publisher":{"@id":"https:\/\/fjala.info\/2009-2015\/#organization"},"image":{"@id":"https:\/\/fjala.info\/2009-2015\/ai-person-qe-braktis-fene-islame-ose-nderron-fe-duhet-te-vritet\/#primaryimage"},"thumbnailUrl":"http:\/\/www.fjala.info\/2012\/vendimi_fatwa.jpg","articleSection":["Artikuj"],"inLanguage":"sq-AL","potentialAction":[{"@type":"CommentAction","name":"Comment","target":["https:\/\/fjala.info\/2009-2015\/ai-person-qe-braktis-fene-islame-ose-nderron-fe-duhet-te-vritet\/#respond"]}]},{"@type":"WebPage","@id":"https:\/\/fjala.info\/2009-2015\/ai-person-qe-braktis-fene-islame-ose-nderron-fe-duhet-te-vritet\/","url":"https:\/\/fjala.info\/2009-2015\/ai-person-qe-braktis-fene-islame-ose-nderron-fe-duhet-te-vritet\/","name":"Ai person q\u00eb braktis fen\u00eb Islame ose nd\u00ebrron fe, duhet t\u00eb vritet - FjALA e LIR\u00cb - Arkivi","isPartOf":{"@id":"https:\/\/fjala.info\/2009-2015\/#website"},"primaryImageOfPage":{"@id":"https:\/\/fjala.info\/2009-2015\/ai-person-qe-braktis-fene-islame-ose-nderron-fe-duhet-te-vritet\/#primaryimage"},"image":{"@id":"https:\/\/fjala.info\/2009-2015\/ai-person-qe-braktis-fene-islame-ose-nderron-fe-duhet-te-vritet\/#primaryimage"},"thumbnailUrl":"http:\/\/www.fjala.info\/2012\/vendimi_fatwa.jpg","datePublished":"2012-06-02T13:50:08+00:00","breadcrumb":{"@id":"https:\/\/fjala.info\/2009-2015\/ai-person-qe-braktis-fene-islame-ose-nderron-fe-duhet-te-vritet\/#breadcrumb"},"inLanguage":"sq-AL","potentialAction":[{"@type":"ReadAction","target":["https:\/\/fjala.info\/2009-2015\/ai-person-qe-braktis-fene-islame-ose-nderron-fe-duhet-te-vritet\/"]}]},{"@type":"ImageObject","inLanguage":"sq-AL","@id":"https:\/\/fjala.info\/2009-2015\/ai-person-qe-braktis-fene-islame-ose-nderron-fe-duhet-te-vritet\/#primaryimage","url":"http:\/\/www.fjala.info\/2012\/vendimi_fatwa.jpg","contentUrl":"http:\/\/www.fjala.info\/2012\/vendimi_fatwa.jpg"},{"@type":"BreadcrumbList","@id":"https:\/\/fjala.info\/2009-2015\/ai-person-qe-braktis-fene-islame-ose-nderron-fe-duhet-te-vritet\/#breadcrumb","itemListElement":[{"@type":"ListItem","position":1,"name":"Home","item":"https:\/\/fjala.info\/2009-2015\/"},{"@type":"ListItem","position":2,"name":"Ai person q\u00eb braktis fen\u00eb Islame ose nd\u00ebrron fe, duhet t\u00eb vritet"}]},{"@type":"WebSite","@id":"https:\/\/fjala.info\/2009-2015\/#website","url":"https:\/\/fjala.info\/2009-2015\/","name":"FjALA e LIR\u00cb - Arkivi","description":"Arkivi 2009-2015","publisher":{"@id":"https:\/\/fjala.info\/2009-2015\/#organization"},"potentialAction":[{"@type":"SearchAction","target":{"@type":"EntryPoint","urlTemplate":"https:\/\/fjala.info\/2009-2015\/?s={search_term_string}"},"query-input":{"@type":"PropertyValueSpecification","valueRequired":true,"valueName":"search_term_string"}}],"inLanguage":"sq-AL"},{"@type":"Organization","@id":"https:\/\/fjala.info\/2009-2015\/#organization","name":"FjALA e LIR\u00cb - Arkivi","url":"https:\/\/fjala.info\/2009-2015\/","logo":{"@type":"ImageObject","inLanguage":"sq-AL","@id":"https:\/\/fjala.info\/2009-2015\/#\/schema\/logo\/image\/","url":"","contentUrl":"","caption":"FjALA e LIR\u00cb - Arkivi"},"image":{"@id":"https:\/\/fjala.info\/2009-2015\/#\/schema\/logo\/image\/"}},{"@type":"Person","@id":"https:\/\/fjala.info\/2009-2015\/#\/schema\/person\/3aa1163ef05469c496fc94e77611ada2","name":"admin","image":{"@type":"ImageObject","inLanguage":"sq-AL","@id":"https:\/\/fjala.info\/2009-2015\/wp-content\/uploads\/2012\/02\/arben_cokaj-120x150.jpg","url":"https:\/\/fjala.info\/2009-2015\/wp-content\/uploads\/2012\/02\/arben_cokaj-120x150.jpg","contentUrl":"https:\/\/fjala.info\/2009-2015\/wp-content\/uploads\/2012\/02\/arben_cokaj-120x150.jpg","caption":"admin"},"description":"Admin, Fjala e Lir\u00eb","sameAs":["https:\/\/fjala.info\/"],"url":"https:\/\/fjala.info\/2009-2015\/author\/admin\/"}]}},"_links":{"self":[{"href":"https:\/\/fjala.info\/2009-2015\/wp-json\/wp\/v2\/posts\/3062","targetHints":{"allow":["GET"]}}],"collection":[{"href":"https:\/\/fjala.info\/2009-2015\/wp-json\/wp\/v2\/posts"}],"about":[{"href":"https:\/\/fjala.info\/2009-2015\/wp-json\/wp\/v2\/types\/post"}],"author":[{"embeddable":true,"href":"https:\/\/fjala.info\/2009-2015\/wp-json\/wp\/v2\/users\/1"}],"replies":[{"embeddable":true,"href":"https:\/\/fjala.info\/2009-2015\/wp-json\/wp\/v2\/comments?post=3062"}],"version-history":[{"count":0,"href":"https:\/\/fjala.info\/2009-2015\/wp-json\/wp\/v2\/posts\/3062\/revisions"}],"wp:attachment":[{"href":"https:\/\/fjala.info\/2009-2015\/wp-json\/wp\/v2\/media?parent=3062"}],"wp:term":[{"taxonomy":"category","embeddable":true,"href":"https:\/\/fjala.info\/2009-2015\/wp-json\/wp\/v2\/categories?post=3062"},{"taxonomy":"post_tag","embeddable":true,"href":"https:\/\/fjala.info\/2009-2015\/wp-json\/wp\/v2\/tags?post=3062"}],"curies":[{"name":"wp","href":"https:\/\/api.w.org\/{rel}","templated":true}]}}