{"id":3061,"date":"2010-06-22T09:07:29","date_gmt":"2010-06-22T08:07:29","guid":{"rendered":"http:\/\/fjala.shkoder.net\/?p=3061"},"modified":"2010-06-22T09:07:29","modified_gmt":"2010-06-22T08:07:29","slug":"perralla-e-ristanit-media-dhe-analistet","status":"publish","type":"post","link":"https:\/\/fjala.info\/2009-2015\/perralla-e-ristanit-media-dhe-analistet\/","title":{"rendered":"P\u00ebrralla e Ristanit, Media dhe Analist\u00ebt"},"content":{"rendered":"<p><img decoding=\"async\" style=\"margin-left: 10px; margin-right: 10px; border: 0px;\" src=\"http:\/\/www.shkoder.net\/images\/fjala\/bledar_prifti.jpg\" border=\"0\" alt=\"Bledar H. Prifti\" width=\"150\" align=\"right\" \/><\/p>\n<p><strong>Bledar H. Prifti<\/strong>, <em>22.06.2010<\/em><\/p>\n<p>Para disa dit\u00ebsh, si p\u00ebr t\u00eb na kujtuar virusin q\u00eb shkaktoi kriz\u00ebn politike, na u shfaq n\u00eb ekranin e televizorit kryetari i Komisionit Qendror t\u00eb Zgjedhjeve (KQZ), z. Arben Ristani.<\/p>\n<p>P\u00ebrball\u00eb tij ndodheshin drejtuesi i emisionit dhe dy analist\u00eb, t\u00eb cil\u00ebt p\u00ebrpiqeshin q\u00eb t&#8217;i tregonin Ristanit p\u00ebrgjegj\u00ebsin\u00eb direkte q\u00eb ka KQZ n\u00eb gjenerimin e nj\u00eb situate kaotike q\u00eb po kalon politika Shqiptare aktualisht.<\/p>\n<p>Por, fatkeq\u00ebsisht, ai ballafaqim tregoi se media dhe analist\u00ebt jan\u00eb shnd\u00ebrruar n\u00eb objekte tallje dhe jan\u00eb t\u00ebr\u00ebsisht t\u00eb pap\u00ebrgatitur dhe t\u00eb paaft\u00eb p\u00ebr t&#8217;u p\u00ebrballur me p\u00ebrrallat q\u00eb l\u00ebshojn\u00eb lart e posht\u00eb zyrtar\u00ebt si Ristani.<\/p>\n<p>Ky shkrim orvatet t\u00eb faktoj\u00eb se si Ristani u tall me median, analist\u00ebt dhe shikuesit, dhe se si media dhe analist\u00ebt d\u00ebshtuan t&#8217;i v\u00ebrtetonin publikut t\u00eb v\u00ebrtet\u00ebn mbi p\u00ebrrall\u00ebn e Ristanit.<\/p>\n<p>Si fillim, Ristani e filloi p\u00ebrrall\u00ebn e tij me nj\u00eb arroganc\u00eb t\u00eb tejskajshme, duke p\u00ebrs\u00ebritur shprehjet e Berish\u00ebs se nuk mund t\u00eb ket\u00eb asnj\u00eb kompromis politik q\u00eb do t\u00eb mund t\u00eb dilte mbi ligjin dhe se \u00e7far\u00eb flitet n\u00ebp\u00ebr parlament apo media nuk jan\u00eb gj\u00eb tjet\u00ebr, por ve\u00e7 llogje Kavaje.<\/p>\n<p>N\u00eb m\u00ebnyr\u00eb t\u00eb p\u00ebrs\u00ebritur dhe tejet ofenduese, Ristani p\u00ebrdori argumentin &#8220;ad hominem&#8221; duke i deklaruar n\u00eb m\u00ebnyr\u00eb indirekte analist\u00ebve dhe publikut se ata ishin shum\u00eb t\u00eb trash\u00eb p\u00ebr t\u00eb kuptuar \u00e7\u00ebshtje t\u00eb karakterit &#8220;tekniko-profesional&#8221; n\u00eb lidhje me Kodin Zgjedhor dhe se jan\u00eb njer\u00ebz q\u00eb merren vet\u00ebm me llafe t\u00eb r\u00ebndomta.<\/p>\n<p>\u00c7udia m\u00eb e madhe ishte fakti se asnj\u00eb nga t\u00eb pranishmit n\u00eb studio nuk mori iniciativ\u00ebn q\u00eb t\u00eb frenonte megalomanin\u00eb, mediokritetin dhe p\u00ebrversitetin e Ristanit. Kjo gj\u00eb \u00ebsht\u00eb p\u00ebr t\u00eb ardhur keq!<\/p>\n<p>Por perversiteti dhe marr\u00ebzia e p\u00ebrrall\u00ebs s\u00eb Ristanit kulminoi kur ai foli n\u00eb lidhje me vendimin absurd dhe antiligjor q\u00eb mori KQZ p\u00ebr t\u00eb ndaluar rinum\u00ebrimin e kutive t\u00eb votimit, sipas k\u00ebrkes\u00ebs s\u00eb dy an\u00ebtar\u00ebve t\u00eb KQZ. Sipas Ristanit, neni 138(3) i Kodi Zgjedhor nuk detyron rinum\u00ebrimin e votave kur ajo b\u00ebhet me k\u00ebrkes\u00ebn e dy an\u00ebtar\u00ebve t\u00eb KQZ. P\u00ebr Ristanin, q\u00eb votat t\u00eb rinum\u00ebroheshin, ato duhet t\u00eb ishin vota t\u00eb konsideruara &#8220;problematike&#8221; nga &#8220;nuk e di se kush&#8221;.<\/p>\n<p>Ky deklarim i Ristanit u prit me shum\u00eb habi nga analist\u00ebt dhe drejtuesi i emisionit, t\u00eb cil\u00ebt nuk ishin t\u00eb sigurt n\u00eb v\u00ebrtet\u00ebsin\u00eb e deklarimit t\u00eb Ristanit. Pavar\u00ebsisht dyshimeve, as regjia e kanalit televiziv dhe as analist\u00ebt nuk dispononin Kodin Zgjedhor p\u00ebr t\u00eb treguar tekstin real te nenit q\u00eb po argumentonte dhe bastardonte Ristani.<\/p>\n<p>Bazuar n\u00eb Nenin 138(3) t\u00eb Kodit Zgjedhor, &#8220;KQZ-ja, me k\u00ebrkes\u00eb t\u00eb pal\u00ebve ose kryesisht, kur \u00e7mon se p\u00ebr dh\u00ebnien e vendimit \u00ebsht\u00eb i nevojsh\u00ebm rinum\u00ebrimi dhe\/ose rivler\u00ebsimi i votave t\u00eb caktuara, kryen, n\u00eb pranin\u00eb e pal\u00ebve, rinum\u00ebrimin dhe\/ose rivler\u00ebsimin e votave dhe pasqyron p\u00ebrfundimin n\u00eb procesverbalin e mbledhjes s\u00eb KQZ-s\u00eb dhe vendimin p\u00ebrkat\u00ebs t\u00eb saj.<\/p>\n<p>N\u00eb rast se k\u00ebrkesa p\u00ebr rinum\u00ebrimin dhe\/ose rivler\u00ebsimin e votave t\u00eb caktuara b\u00ebhet nga dy an\u00ebtar\u00eb t\u00eb KQZ-s\u00eb, ajo \u00ebsht\u00eb e detyruar t\u00eb b\u00ebj\u00eb rinum\u00ebrimin dhe\/ose rivler\u00ebsimin e votave t\u00eb k\u00ebrkuara.&#8221; N\u00eb mb\u00ebshtetje t\u00eb k\u00ebtij neni vjen edhe neni 136, pikat 3, dhe 4.<\/p>\n<p>Neni 136(3) thekson se n\u00eb rastin e k\u00ebrkimit t\u00eb provave, &#8220;me k\u00ebrkes\u00eb t\u00eb dy an\u00ebtar\u00ebve t\u00eb saj, KQZ-ja \u00ebsht\u00eb e detyruar t\u00eb marr\u00eb provat e k\u00ebrkuara nga dy an\u00ebtar\u00ebt q\u00eb kan\u00eb paraqitur k\u00ebrkes\u00ebn.&#8221; P\u00ebr t&#8217;i vendosur vul\u00ebn, neni 136(4) thekson se &#8220;KQZ-ja nuk mund t\u00eb refuzoj\u00eb k\u00ebrkes\u00ebn p\u00ebr prova, t\u00eb b\u00ebr\u00eb sipas pik\u00ebs 3 t\u00eb k\u00ebtij neni.&#8221;<\/p>\n<p>Si\u00e7 shihet qart\u00eb, neni 138(3) e thekson shprehimisht se &#8220;n\u00eb rast se k\u00ebrkesa p\u00ebr rinum\u00ebrimin dhe\/ose rivler\u00ebsimin e votave t\u00eb caktuara b\u00ebhet nga dy an\u00ebtar\u00eb t\u00eb KQZ-s\u00eb, ajo \u00cbSHT\u00cb E DETYRUAR t\u00eb b\u00ebj\u00eb rinum\u00ebrimin dhe\/ose rivler\u00ebsimin e votave t\u00eb k\u00ebrkuara.&#8221;<\/p>\n<p>P\u00ebr t\u00eb mos mjaftuar ofendimet e p\u00ebrs\u00ebritura n\u00eb studio dhe thyerja e ligjit nga ana e Ristanit kur hodhi n\u00eb vot\u00eb nj\u00eb ligj t\u00eb miratuar me shumic\u00eb t\u00eb cil\u00ebsuar nga Kuvendi, Ristani, n\u00eb m\u00ebnyr\u00ebn m\u00eb perverse dhe absurde, mori p\u00ebrsip\u00ebr q\u00eb t\u00eb ndryshoj\u00eb Kodin Zgjedhor me nj\u00eb t\u00eb l\u00ebvizur t\u00eb gjuh\u00ebs.<\/p>\n<p>Absurditeti i Rastanit shkon deri aty sa ai mohon karakterin detyrues q\u00eb ka neni 138(3) p\u00ebr t\u00eb b\u00ebr\u00eb rinum\u00ebrimin kur ai k\u00ebrkohet nga dy an\u00ebtar\u00eb t\u00eb KQZ-s\u00eb. P\u00ebr t\u00eb mb\u00ebshtetur p\u00ebrrall\u00ebn e tij, ai e transformoi nenin deri n\u00eb at\u00eb pik\u00eb sa dukej sikur neni theksonte q\u00eb &#8220;ky nen zbatohet sipas oreksit dhe d\u00ebshir\u00ebs s\u00eb Ristanit&#8221;.<\/p>\n<p>Por gabimi real, n\u00eb k\u00ebt\u00eb mesele, nuk \u00ebsht\u00eb i Ristanit, pasi ai ka nj\u00eb \u00e7ekan (apo hanxhar) q\u00eb i rri mbi kok\u00eb. Gabimi real \u00ebsht\u00eb i medias dhe analist\u00ebve politik\u00eb, t\u00eb cil\u00ebt jo vet\u00ebm q\u00eb ishin t\u00eb pap\u00ebrgatitur t\u00eb ballafaqoheshin me p\u00ebrrall\u00ebn e Ristanit, por u b\u00ebn\u00eb viktima t\u00eb saj dhe t\u00eb talljes s\u00eb tij me ta.<\/p>\n<p>\u00cbsht\u00eb e pafalshme p\u00ebr nj\u00eb drejtues emisioni t\u00eb till\u00eb q\u00eb t\u00eb mos ket\u00eb t\u00eb afishur n\u00eb ekranin e televizorit, kur duhet, nenet e Kodit Zgjedhor apo Kushtetut\u00ebs dhe deklarime me interes t\u00eb ve\u00e7ant\u00eb (emisioni kishte vet\u00ebm nj\u00eb t\u00eb till\u00eb). Duke e ditur tematik\u00ebn e emisionit, drejtuesi duhet t\u00eb kishte t\u00eb gatshme t\u00eb gjitha materialet q\u00eb lidheshin me pikat kontroverse t\u00eb debatit.<\/p>\n<p>Nj\u00eb emision serioz nuk mund t\u00eb b\u00ebhet me duar n\u00eb xhepa dhe ku t\u00eb ftuarit t\u00eb flasin dhe tallen sipas oreksit. Nj\u00eb media serioze nuk mund dhe nuk duhet t\u00eb l\u00ebri ask\u00ebnd q\u00eb t\u00eb p\u00ebrdorin ekranin e televizionit p\u00ebr t\u00eb g\u00ebnjyer haptazi. Media ka p\u00ebr detyr\u00eb q\u00eb t&#8217;i paraqes\u00eb publikut t\u00eb v\u00ebrtet\u00ebn.<\/p>\n<p>Pavar\u00ebsisht bindjeve partiake, kanalet prestigjioze si CNN, NBC, FOX, BBC, etj., nuk lejojn\u00eb q\u00eb nj\u00eb i ftuar t\u00eb g\u00ebnjej\u00eb publikun. N\u00eb rast se nj\u00eb i ftuar ndryshon t\u00ebr\u00ebsisht p\u00ebrmbajtjen e nj\u00eb ligji, \u00ebsht\u00eb detyra e medias q\u00eb t\u00eb reagoj\u00eb menj\u00ebher\u00eb dhe t\u00eb nxjerri t\u00eb v\u00ebrtet\u00ebn p\u00ebr publikun.<\/p>\n<p>N\u00eb rastin kur Ristani tregonte p\u00ebrrall\u00ebn e tij rreth nenit 138(3), regjia, fare mir\u00eb, mund t\u00eb nxirrte n\u00eb ekran nenin, t&#8217;i tregonte publikut t\u00eb v\u00ebrtet\u00ebn dhe t\u00eb ndalonte p\u00ebrrall\u00ebn dhe talljen e Ristanit me analist\u00ebt dhe publikun.<\/p>\n<p>Publiku nuk e beson derisa ta shikoj\u00eb t\u00eb shkruar n\u00eb ekran apo t\u00eb lexuar direkt nga Kushtetuta apo Kodi. Gjithashtu, t\u00eb g\u00ebnjesh t\u00eb tjer\u00ebt sy-p\u00ebr-sy, duke ndryshuar totalisht p\u00ebrmbajtjen e nj\u00eb neni do t\u00eb thot\u00eb t&#8217;i marr\u00ebsh t\u00eb tjer\u00ebt p\u00ebr t\u00eb trash\u00eb dhe budallenj.<\/p>\n<p>K\u00ebt\u00eb gj\u00eb e b\u00ebri Ristani me drejtuesin e emisionit, analist\u00ebt dhe publikun. Ishte me t\u00eb v\u00ebrtet\u00eb mjerane dhe p\u00ebr t\u00eb ardhur keq kur n\u00eb mesin e g\u00ebnjeshtr\u00ebs s\u00eb madhe, nj\u00eb nga analist\u00ebt u shpreh i pavendosur se po dukej sikur Ristani po e keqinterpretonte dhe shp\u00ebrfytyronte q\u00ebllimisht nenin.<\/p>\n<p>Por, kjo ngeli deri k\u00ebtu, pasi analisti, ashtu si edhe regjia e emisionit, nuk kishin me vete gati Kodin Zgjedhor p\u00ebr t&#8217;ia treguar Ristanit. Dikush nga ata mund t\u00eb pretendoj\u00eb se e dinte t\u00eb v\u00ebrtet\u00ebn, por problemi q\u00ebndron se nuk e mori vesh publiku.<\/p>\n<p>Por, nuk mbaron k\u00ebtu. P\u00ebrralla e Ristanit vazhdon me nenin 178(6) t\u00eb Kodit, i cili shprehet rreth djegies s\u00eb flet\u00ebve t\u00eb votimit. Ristani deklaroi se neni nuk vendos asnj\u00eb detyrim kohor p\u00ebr djegien e flet\u00ebve t\u00eb votimit dhe se ato do t\u00eb digjen kur t\u00eb doj\u00eb ai me grupin e tij.<\/p>\n<p>Neni 178(6) i Kodit thekson: &#8220;Me marrjen e kutive t\u00eb votimit dhe flet\u00ebve t\u00eb votimit t\u00eb pap\u00ebrdorura dhe pas p\u00ebrfundimit t\u00eb afatit p\u00ebr ankimet, sipas k\u00ebtij Kodi, KQZ-ja hap t\u00eb gjitha kutit\u00eb e votimit, nxjerr procesverbalet e votimit, si dhe tabelat dhe procesverbalin e numrit t\u00eb flet\u00ebve t\u00eb votimit dhe ia d\u00ebrgon ato Arkivit Qendror t\u00eb Shtetit n\u00eb m\u00ebnyr\u00ebn e caktuar prej tij. T\u00eb gjitha flet\u00ebt e votimit dhe kund\u00ebrflet\u00ebt digjen n\u00ebn mbik\u00ebqyrjen e KQZ-s\u00eb.&#8221;<\/p>\n<p>Bazuar tek Neni 178(6), kutit\u00eb e flet\u00ebve t\u00eb votimit digjen &#8220;pas p\u00ebrfundimit t\u00eb afatit p\u00ebr ankimet&#8221;. N\u00eb t\u00eb v\u00ebrtet\u00eb, afati i ankimimeve ka mbaruar q\u00eb n\u00eb muajin gusht t\u00eb vitit 2009. At\u00ebher\u00eb, p\u00ebrse nuk jan\u00eb djegur flet\u00ebt e votimit sot n\u00eb qershor t\u00eb vitit 2010?<\/p>\n<p>\u00cbsht\u00eb shum\u00eb e thjesht\u00eb: Neni 178(6), si\u00e7 deklaron edhe Ristani, nuk vendos asnj\u00eb detyrim kohor p\u00ebr djegien e flet\u00ebve t\u00eb votimit. Por, nga ana tjet\u00ebr, Ristani ka shkelur haptazi ligjin p\u00ebr sa i p\u00ebrket mosarkivimit t\u00eb dokumenteve n\u00eb Arkivin Qendror t\u00eb Shtetit, pasi neni e detyron at\u00eb q\u00eb ta b\u00ebj\u00eb nj\u00eb gj\u00eb t\u00eb till\u00eb &#8220;pas p\u00ebrfundimit t\u00eb afatit p\u00ebr ankimet&#8221;.<\/p>\n<p>Neni 178(6) vendos qartazi afat kohor p\u00ebr arkivimin e dokumenteve kur thekson se b\u00ebhet &#8220;pas p\u00ebrfundimit t\u00eb afatit p\u00ebr ankimet&#8221;, por ai nuk vendos afat kohor p\u00ebr flet\u00ebt e votimit, pasi fjalia q\u00eb shprehet p\u00ebr djegien e flet\u00ebve \u00ebsht\u00eb e ve\u00e7uar nga fjalit\u00eb e m\u00ebparshme.<\/p>\n<p>Neni thjesht deklaron se &#8220;T\u00eb gjitha flet\u00ebt e votimit dhe kund\u00ebrflet\u00ebt digjen n\u00ebn mbik\u00ebqyrjen e KQZ-s\u00eb&#8221;, por ai nuk vendos dhe as insinuon asnj\u00eb afat kohor p\u00ebr djegien e flet\u00ebve.<\/p>\n<p>N\u00ebse flet\u00ebt do t\u00eb duhej t\u00eb digjeshin n\u00eb t\u00eb nj\u00ebjt\u00ebn koh\u00eb m\u00eb arkivimin e dokumenteve t\u00eb tjera, at\u00ebher\u00eb fjalia e fundit q\u00eb shprehet p\u00ebr flet\u00ebt do t\u00eb ishte bashkuar me t\u00eb parat p\u00ebrmes lidhjes &#8220;edhe&#8221;.<\/p>\n<p>Gjithashtu, arsyeja q\u00eb nuk digjen flet\u00ebt e votimit q\u00ebndron edhe tek fakti se ajo ndalohet nga neni 77(2) i Kushtetut\u00ebs, i cili shprehet rreth ngritjes s\u00eb komisionit hetimor parlamentar, i cili synon hetimin e procesit zgjedhor t\u00eb 28 Qershorit.<\/p>\n<p>Nj\u00eb nga analist\u00ebt ia p\u00ebrmendi Ristanit k\u00ebt\u00eb fakt, por ky i fundit, me megalomanin\u00eb dhe mediokritetin e tij, iu kund\u00ebrp\u00ebrgjigj analistit duke e pyetur: &#8220;ku e ke t\u00eb shkruar k\u00ebt\u00eb gj\u00eb?&#8221; Po z. Ristani! Ajo \u00ebsht\u00eb e shkruar e zez\u00eb mbi t\u00eb bardh\u00eb.<\/p>\n<p>Kushtetuta \u00ebsht\u00eb ligji suprem i vendit dhe q\u00ebndron mbi \u00e7do ligj apo nen t\u00eb Kodit Zgjedhor. Neni 4(2) i Kushtetut\u00ebs thekson se &#8220;Kushtetuta \u00ebsht\u00eb ligji m\u00eb i lart\u00eb n\u00eb Republik\u00ebn e Shqip\u00ebris\u00eb.&#8221;<\/p>\n<p>Si rrjedhoj\u00eb, neni 77(2) i Kushtetut\u00ebs q\u00ebndron mbi Nenin 178(6) t\u00eb Kodit dhe ndalon djegien e flet\u00ebve t\u00eb votimit, pasi ato jan\u00eb pjes\u00eb e asaj q\u00eb neni 77(2) dhe Gjykata Kushtetuese e kan\u00eb konsideruar si &#8220;\u00e7\u00ebshtje t\u00eb ve\u00e7ant\u00eb&#8221;.<\/p>\n<p>Por, \u00e7far\u00eb kuptojm\u00eb nga e gjith\u00eb kjo mesele. Nga kjo kuptojm\u00eb se zyrtar\u00ebt si Ristani jan\u00eb t\u00eb pap\u00ebrgjegjsh\u00ebm n\u00eb ushtrimin e detyr\u00ebs s\u00eb tyre kushtetuese edhe n\u00eb rastin kur kjo pap\u00ebrgjegjshm\u00ebri shkakton nj\u00eb kriz\u00eb t\u00eb paprecedent\u00eb politike, apo kur rrezikon t\u00eb ardhmen Europiane dhe mir\u00ebqenien e shoq\u00ebris\u00eb Shqiptare.<\/p>\n<p>Megalomania intelektuale dhe perversiteti politik i zyrtar\u00ebve t\u00eb k\u00ebtij soji nuk mund t\u00eb ndalen p\u00ebrpara asnj\u00eb ligji, skrupulli, apo principi human.<\/p>\n<p>T\u00eb vetmet barrikada p\u00ebr k\u00ebta soj zyrtar\u00ebsh jan\u00eb media, analist\u00ebt dhe intelektual\u00ebt, t\u00eb cil\u00ebt, s\u00eb bashku, kan\u00eb potencialin p\u00ebr t\u00eb krijuar dhe drejtuar opinionin publik dhe mbar\u00eb shoq\u00ebrin\u00eb n\u00eb nj\u00eb \u00e7\u00ebshtje t\u00eb caktuar sociale apo politike.<\/p>\n<p>Por, deri m\u00eb tani, media, analist\u00ebt dhe intelektual\u00ebt kan\u00eb d\u00ebshtuar (n\u00eb shumic\u00ebn e rasteve) n\u00eb k\u00ebt\u00eb p\u00ebrballje me k\u00ebt\u00eb soj zyrtar\u00ebsh.<\/p>\n<p>Ky d\u00ebshtim nuk vjen nga mungesa e d\u00ebshir\u00ebs dhe njohuris\u00eb, por nga mungesa e sofistikimit politik dhe profesional t\u00eb tyre. Kjo nuk ka t\u00eb b\u00ebj\u00eb me dijen e k\u00ebtyre faktor\u00ebve, por me zgjuarsin\u00eb p\u00ebr t&#8217;u p\u00ebrballur me zyrtar\u00ebt e sojit Ristani.<\/p>\n<p>Fatkeq\u00ebsisht, n\u00eb debatet mediatike dhe publike lihen m\u00ebnjan\u00eb apo injorohen disa argumente dhe \u00e7\u00ebshtje q\u00eb n\u00eb plan t\u00eb par\u00eb duken t\u00eb par\u00ebnd\u00ebsishme, por q\u00eb n\u00eb t\u00eb v\u00ebrtet jan\u00eb imperative p\u00ebr t\u00eb transmetuar tek publiku t\u00eb v\u00ebrtet\u00ebn dhe p\u00ebr t\u00eb triumfuar mbi megalomanin\u00eb, mediokritetin dhe perversitetin e zyrtar\u00ebve t\u00eb pushtetit.<\/p>\n","protected":false},"excerpt":{"rendered":"<p>Bledar H. Prifti, 22.06.2010 Para disa dit\u00ebsh, si p\u00ebr t\u00eb na kujtuar virusin q\u00eb shkaktoi kriz\u00ebn politike, na u shfaq n\u00eb ekranin e televizorit kryetari i Komisionit Qendror t\u00eb Zgjedhjeve (KQZ), z. Arben Ristani. P\u00ebrball\u00eb tij ndodheshin drejtuesi i emisionit dhe dy analist\u00eb, t\u00eb cil\u00ebt p\u00ebrpiqeshin q\u00eb t&#8217;i tregonin Ristanit p\u00ebrgjegj\u00ebsin\u00eb direkte q\u00eb ka KQZ [&hellip;]<\/p>\n","protected":false},"author":1,"featured_media":0,"comment_status":"open","ping_status":"closed","sticky":false,"template":"","format":"standard","meta":{"footnotes":""},"categories":[2],"tags":[],"class_list":{"0":"post-3061","1":"post","2":"type-post","3":"status-publish","4":"format-standard","6":"category-artikuj"},"yoast_head":"<!-- This site is optimized with the Yoast SEO plugin v27.4 - https:\/\/yoast.com\/product\/yoast-seo-wordpress\/ -->\n<title>P\u00ebrralla e Ristanit, Media dhe Analist\u00ebt - FjALA e LIR\u00cb - Arkivi<\/title>\n<meta name=\"robots\" content=\"index, follow, max-snippet:-1, max-image-preview:large, max-video-preview:-1\" \/>\n<link rel=\"canonical\" href=\"https:\/\/fjala.info\/2009-2015\/perralla-e-ristanit-media-dhe-analistet\/\" \/>\n<meta property=\"og:locale\" content=\"sq_AL\" \/>\n<meta property=\"og:type\" content=\"article\" \/>\n<meta property=\"og:title\" content=\"P\u00ebrralla e Ristanit, Media dhe Analist\u00ebt - FjALA e LIR\u00cb - Arkivi\" \/>\n<meta property=\"og:description\" content=\"Bledar H. Prifti, 22.06.2010 Para disa dit\u00ebsh, si p\u00ebr t\u00eb na kujtuar virusin q\u00eb shkaktoi kriz\u00ebn politike, na u shfaq n\u00eb ekranin e televizorit kryetari i Komisionit Qendror t\u00eb Zgjedhjeve (KQZ), z. Arben Ristani. P\u00ebrball\u00eb tij ndodheshin drejtuesi i emisionit dhe dy analist\u00eb, t\u00eb cil\u00ebt p\u00ebrpiqeshin q\u00eb t&#8217;i tregonin Ristanit p\u00ebrgjegj\u00ebsin\u00eb direkte q\u00eb ka KQZ [&hellip;]\" \/>\n<meta property=\"og:url\" content=\"https:\/\/fjala.info\/2009-2015\/perralla-e-ristanit-media-dhe-analistet\/\" \/>\n<meta property=\"og:site_name\" content=\"FjALA e LIR\u00cb - Arkivi\" \/>\n<meta property=\"article:published_time\" content=\"2010-06-22T08:07:29+00:00\" \/>\n<meta property=\"og:image\" content=\"http:\/\/www.shkoder.net\/images\/fjala\/bledar_prifti.jpg\" \/>\n<meta name=\"author\" content=\"admin\" \/>\n<meta name=\"twitter:card\" content=\"summary_large_image\" \/>\n<meta name=\"twitter:label1\" content=\"Written by\" \/>\n\t<meta name=\"twitter:data1\" content=\"admin\" \/>\n\t<meta name=\"twitter:label2\" content=\"Est. reading time\" \/>\n\t<meta name=\"twitter:data2\" content=\"11 minutes\" \/>\n<script type=\"application\/ld+json\" class=\"yoast-schema-graph\">{\"@context\":\"https:\\\/\\\/schema.org\",\"@graph\":[{\"@type\":\"Article\",\"@id\":\"https:\\\/\\\/fjala.info\\\/2009-2015\\\/perralla-e-ristanit-media-dhe-analistet\\\/#article\",\"isPartOf\":{\"@id\":\"https:\\\/\\\/fjala.info\\\/2009-2015\\\/perralla-e-ristanit-media-dhe-analistet\\\/\"},\"author\":{\"name\":\"admin\",\"@id\":\"https:\\\/\\\/fjala.info\\\/2009-2015\\\/#\\\/schema\\\/person\\\/3aa1163ef05469c496fc94e77611ada2\"},\"headline\":\"P\u00ebrralla e Ristanit, Media dhe Analist\u00ebt\",\"datePublished\":\"2010-06-22T08:07:29+00:00\",\"mainEntityOfPage\":{\"@id\":\"https:\\\/\\\/fjala.info\\\/2009-2015\\\/perralla-e-ristanit-media-dhe-analistet\\\/\"},\"wordCount\":2125,\"commentCount\":0,\"publisher\":{\"@id\":\"https:\\\/\\\/fjala.info\\\/2009-2015\\\/#organization\"},\"image\":{\"@id\":\"https:\\\/\\\/fjala.info\\\/2009-2015\\\/perralla-e-ristanit-media-dhe-analistet\\\/#primaryimage\"},\"thumbnailUrl\":\"http:\\\/\\\/www.shkoder.net\\\/images\\\/fjala\\\/bledar_prifti.jpg\",\"articleSection\":[\"Artikuj\"],\"inLanguage\":\"sq-AL\",\"potentialAction\":[{\"@type\":\"CommentAction\",\"name\":\"Comment\",\"target\":[\"https:\\\/\\\/fjala.info\\\/2009-2015\\\/perralla-e-ristanit-media-dhe-analistet\\\/#respond\"]}]},{\"@type\":\"WebPage\",\"@id\":\"https:\\\/\\\/fjala.info\\\/2009-2015\\\/perralla-e-ristanit-media-dhe-analistet\\\/\",\"url\":\"https:\\\/\\\/fjala.info\\\/2009-2015\\\/perralla-e-ristanit-media-dhe-analistet\\\/\",\"name\":\"P\u00ebrralla e Ristanit, Media dhe Analist\u00ebt - FjALA e LIR\u00cb - Arkivi\",\"isPartOf\":{\"@id\":\"https:\\\/\\\/fjala.info\\\/2009-2015\\\/#website\"},\"primaryImageOfPage\":{\"@id\":\"https:\\\/\\\/fjala.info\\\/2009-2015\\\/perralla-e-ristanit-media-dhe-analistet\\\/#primaryimage\"},\"image\":{\"@id\":\"https:\\\/\\\/fjala.info\\\/2009-2015\\\/perralla-e-ristanit-media-dhe-analistet\\\/#primaryimage\"},\"thumbnailUrl\":\"http:\\\/\\\/www.shkoder.net\\\/images\\\/fjala\\\/bledar_prifti.jpg\",\"datePublished\":\"2010-06-22T08:07:29+00:00\",\"breadcrumb\":{\"@id\":\"https:\\\/\\\/fjala.info\\\/2009-2015\\\/perralla-e-ristanit-media-dhe-analistet\\\/#breadcrumb\"},\"inLanguage\":\"sq-AL\",\"potentialAction\":[{\"@type\":\"ReadAction\",\"target\":[\"https:\\\/\\\/fjala.info\\\/2009-2015\\\/perralla-e-ristanit-media-dhe-analistet\\\/\"]}]},{\"@type\":\"ImageObject\",\"inLanguage\":\"sq-AL\",\"@id\":\"https:\\\/\\\/fjala.info\\\/2009-2015\\\/perralla-e-ristanit-media-dhe-analistet\\\/#primaryimage\",\"url\":\"http:\\\/\\\/www.shkoder.net\\\/images\\\/fjala\\\/bledar_prifti.jpg\",\"contentUrl\":\"http:\\\/\\\/www.shkoder.net\\\/images\\\/fjala\\\/bledar_prifti.jpg\"},{\"@type\":\"BreadcrumbList\",\"@id\":\"https:\\\/\\\/fjala.info\\\/2009-2015\\\/perralla-e-ristanit-media-dhe-analistet\\\/#breadcrumb\",\"itemListElement\":[{\"@type\":\"ListItem\",\"position\":1,\"name\":\"Home\",\"item\":\"https:\\\/\\\/fjala.info\\\/2009-2015\\\/\"},{\"@type\":\"ListItem\",\"position\":2,\"name\":\"P\u00ebrralla e Ristanit, Media dhe Analist\u00ebt\"}]},{\"@type\":\"WebSite\",\"@id\":\"https:\\\/\\\/fjala.info\\\/2009-2015\\\/#website\",\"url\":\"https:\\\/\\\/fjala.info\\\/2009-2015\\\/\",\"name\":\"FjALA e LIR\u00cb - Arkivi\",\"description\":\"Arkivi 2009-2015\",\"publisher\":{\"@id\":\"https:\\\/\\\/fjala.info\\\/2009-2015\\\/#organization\"},\"potentialAction\":[{\"@type\":\"SearchAction\",\"target\":{\"@type\":\"EntryPoint\",\"urlTemplate\":\"https:\\\/\\\/fjala.info\\\/2009-2015\\\/?s={search_term_string}\"},\"query-input\":{\"@type\":\"PropertyValueSpecification\",\"valueRequired\":true,\"valueName\":\"search_term_string\"}}],\"inLanguage\":\"sq-AL\"},{\"@type\":\"Organization\",\"@id\":\"https:\\\/\\\/fjala.info\\\/2009-2015\\\/#organization\",\"name\":\"FjALA e LIR\u00cb - Arkivi\",\"url\":\"https:\\\/\\\/fjala.info\\\/2009-2015\\\/\",\"logo\":{\"@type\":\"ImageObject\",\"inLanguage\":\"sq-AL\",\"@id\":\"https:\\\/\\\/fjala.info\\\/2009-2015\\\/#\\\/schema\\\/logo\\\/image\\\/\",\"url\":\"\",\"contentUrl\":\"\",\"caption\":\"FjALA e LIR\u00cb - Arkivi\"},\"image\":{\"@id\":\"https:\\\/\\\/fjala.info\\\/2009-2015\\\/#\\\/schema\\\/logo\\\/image\\\/\"}},{\"@type\":\"Person\",\"@id\":\"https:\\\/\\\/fjala.info\\\/2009-2015\\\/#\\\/schema\\\/person\\\/3aa1163ef05469c496fc94e77611ada2\",\"name\":\"admin\",\"image\":{\"@type\":\"ImageObject\",\"inLanguage\":\"sq-AL\",\"@id\":\"https:\\\/\\\/fjala.info\\\/2009-2015\\\/wp-content\\\/uploads\\\/2012\\\/02\\\/arben_cokaj-120x150.jpg\",\"url\":\"https:\\\/\\\/fjala.info\\\/2009-2015\\\/wp-content\\\/uploads\\\/2012\\\/02\\\/arben_cokaj-120x150.jpg\",\"contentUrl\":\"https:\\\/\\\/fjala.info\\\/2009-2015\\\/wp-content\\\/uploads\\\/2012\\\/02\\\/arben_cokaj-120x150.jpg\",\"caption\":\"admin\"},\"description\":\"Admin, Fjala e Lir\u00eb\",\"sameAs\":[\"https:\\\/\\\/fjala.info\\\/\"],\"url\":\"https:\\\/\\\/fjala.info\\\/2009-2015\\\/author\\\/admin\\\/\"}]}<\/script>\n<!-- \/ Yoast SEO plugin. -->","yoast_head_json":{"title":"P\u00ebrralla e Ristanit, Media dhe Analist\u00ebt - FjALA e LIR\u00cb - Arkivi","robots":{"index":"index","follow":"follow","max-snippet":"max-snippet:-1","max-image-preview":"max-image-preview:large","max-video-preview":"max-video-preview:-1"},"canonical":"https:\/\/fjala.info\/2009-2015\/perralla-e-ristanit-media-dhe-analistet\/","og_locale":"sq_AL","og_type":"article","og_title":"P\u00ebrralla e Ristanit, Media dhe Analist\u00ebt - FjALA e LIR\u00cb - Arkivi","og_description":"Bledar H. Prifti, 22.06.2010 Para disa dit\u00ebsh, si p\u00ebr t\u00eb na kujtuar virusin q\u00eb shkaktoi kriz\u00ebn politike, na u shfaq n\u00eb ekranin e televizorit kryetari i Komisionit Qendror t\u00eb Zgjedhjeve (KQZ), z. Arben Ristani. P\u00ebrball\u00eb tij ndodheshin drejtuesi i emisionit dhe dy analist\u00eb, t\u00eb cil\u00ebt p\u00ebrpiqeshin q\u00eb t&#8217;i tregonin Ristanit p\u00ebrgjegj\u00ebsin\u00eb direkte q\u00eb ka KQZ [&hellip;]","og_url":"https:\/\/fjala.info\/2009-2015\/perralla-e-ristanit-media-dhe-analistet\/","og_site_name":"FjALA e LIR\u00cb - Arkivi","article_published_time":"2010-06-22T08:07:29+00:00","og_image":[{"url":"http:\/\/www.shkoder.net\/images\/fjala\/bledar_prifti.jpg","type":"","width":"","height":""}],"author":"admin","twitter_card":"summary_large_image","twitter_misc":{"Written by":"admin","Est. reading time":"11 minutes"},"schema":{"@context":"https:\/\/schema.org","@graph":[{"@type":"Article","@id":"https:\/\/fjala.info\/2009-2015\/perralla-e-ristanit-media-dhe-analistet\/#article","isPartOf":{"@id":"https:\/\/fjala.info\/2009-2015\/perralla-e-ristanit-media-dhe-analistet\/"},"author":{"name":"admin","@id":"https:\/\/fjala.info\/2009-2015\/#\/schema\/person\/3aa1163ef05469c496fc94e77611ada2"},"headline":"P\u00ebrralla e Ristanit, Media dhe Analist\u00ebt","datePublished":"2010-06-22T08:07:29+00:00","mainEntityOfPage":{"@id":"https:\/\/fjala.info\/2009-2015\/perralla-e-ristanit-media-dhe-analistet\/"},"wordCount":2125,"commentCount":0,"publisher":{"@id":"https:\/\/fjala.info\/2009-2015\/#organization"},"image":{"@id":"https:\/\/fjala.info\/2009-2015\/perralla-e-ristanit-media-dhe-analistet\/#primaryimage"},"thumbnailUrl":"http:\/\/www.shkoder.net\/images\/fjala\/bledar_prifti.jpg","articleSection":["Artikuj"],"inLanguage":"sq-AL","potentialAction":[{"@type":"CommentAction","name":"Comment","target":["https:\/\/fjala.info\/2009-2015\/perralla-e-ristanit-media-dhe-analistet\/#respond"]}]},{"@type":"WebPage","@id":"https:\/\/fjala.info\/2009-2015\/perralla-e-ristanit-media-dhe-analistet\/","url":"https:\/\/fjala.info\/2009-2015\/perralla-e-ristanit-media-dhe-analistet\/","name":"P\u00ebrralla e Ristanit, Media dhe Analist\u00ebt - FjALA e LIR\u00cb - Arkivi","isPartOf":{"@id":"https:\/\/fjala.info\/2009-2015\/#website"},"primaryImageOfPage":{"@id":"https:\/\/fjala.info\/2009-2015\/perralla-e-ristanit-media-dhe-analistet\/#primaryimage"},"image":{"@id":"https:\/\/fjala.info\/2009-2015\/perralla-e-ristanit-media-dhe-analistet\/#primaryimage"},"thumbnailUrl":"http:\/\/www.shkoder.net\/images\/fjala\/bledar_prifti.jpg","datePublished":"2010-06-22T08:07:29+00:00","breadcrumb":{"@id":"https:\/\/fjala.info\/2009-2015\/perralla-e-ristanit-media-dhe-analistet\/#breadcrumb"},"inLanguage":"sq-AL","potentialAction":[{"@type":"ReadAction","target":["https:\/\/fjala.info\/2009-2015\/perralla-e-ristanit-media-dhe-analistet\/"]}]},{"@type":"ImageObject","inLanguage":"sq-AL","@id":"https:\/\/fjala.info\/2009-2015\/perralla-e-ristanit-media-dhe-analistet\/#primaryimage","url":"http:\/\/www.shkoder.net\/images\/fjala\/bledar_prifti.jpg","contentUrl":"http:\/\/www.shkoder.net\/images\/fjala\/bledar_prifti.jpg"},{"@type":"BreadcrumbList","@id":"https:\/\/fjala.info\/2009-2015\/perralla-e-ristanit-media-dhe-analistet\/#breadcrumb","itemListElement":[{"@type":"ListItem","position":1,"name":"Home","item":"https:\/\/fjala.info\/2009-2015\/"},{"@type":"ListItem","position":2,"name":"P\u00ebrralla e Ristanit, Media dhe Analist\u00ebt"}]},{"@type":"WebSite","@id":"https:\/\/fjala.info\/2009-2015\/#website","url":"https:\/\/fjala.info\/2009-2015\/","name":"FjALA e LIR\u00cb - Arkivi","description":"Arkivi 2009-2015","publisher":{"@id":"https:\/\/fjala.info\/2009-2015\/#organization"},"potentialAction":[{"@type":"SearchAction","target":{"@type":"EntryPoint","urlTemplate":"https:\/\/fjala.info\/2009-2015\/?s={search_term_string}"},"query-input":{"@type":"PropertyValueSpecification","valueRequired":true,"valueName":"search_term_string"}}],"inLanguage":"sq-AL"},{"@type":"Organization","@id":"https:\/\/fjala.info\/2009-2015\/#organization","name":"FjALA e LIR\u00cb - Arkivi","url":"https:\/\/fjala.info\/2009-2015\/","logo":{"@type":"ImageObject","inLanguage":"sq-AL","@id":"https:\/\/fjala.info\/2009-2015\/#\/schema\/logo\/image\/","url":"","contentUrl":"","caption":"FjALA e LIR\u00cb - Arkivi"},"image":{"@id":"https:\/\/fjala.info\/2009-2015\/#\/schema\/logo\/image\/"}},{"@type":"Person","@id":"https:\/\/fjala.info\/2009-2015\/#\/schema\/person\/3aa1163ef05469c496fc94e77611ada2","name":"admin","image":{"@type":"ImageObject","inLanguage":"sq-AL","@id":"https:\/\/fjala.info\/2009-2015\/wp-content\/uploads\/2012\/02\/arben_cokaj-120x150.jpg","url":"https:\/\/fjala.info\/2009-2015\/wp-content\/uploads\/2012\/02\/arben_cokaj-120x150.jpg","contentUrl":"https:\/\/fjala.info\/2009-2015\/wp-content\/uploads\/2012\/02\/arben_cokaj-120x150.jpg","caption":"admin"},"description":"Admin, Fjala e Lir\u00eb","sameAs":["https:\/\/fjala.info\/"],"url":"https:\/\/fjala.info\/2009-2015\/author\/admin\/"}]}},"_links":{"self":[{"href":"https:\/\/fjala.info\/2009-2015\/wp-json\/wp\/v2\/posts\/3061","targetHints":{"allow":["GET"]}}],"collection":[{"href":"https:\/\/fjala.info\/2009-2015\/wp-json\/wp\/v2\/posts"}],"about":[{"href":"https:\/\/fjala.info\/2009-2015\/wp-json\/wp\/v2\/types\/post"}],"author":[{"embeddable":true,"href":"https:\/\/fjala.info\/2009-2015\/wp-json\/wp\/v2\/users\/1"}],"replies":[{"embeddable":true,"href":"https:\/\/fjala.info\/2009-2015\/wp-json\/wp\/v2\/comments?post=3061"}],"version-history":[{"count":0,"href":"https:\/\/fjala.info\/2009-2015\/wp-json\/wp\/v2\/posts\/3061\/revisions"}],"wp:attachment":[{"href":"https:\/\/fjala.info\/2009-2015\/wp-json\/wp\/v2\/media?parent=3061"}],"wp:term":[{"taxonomy":"category","embeddable":true,"href":"https:\/\/fjala.info\/2009-2015\/wp-json\/wp\/v2\/categories?post=3061"},{"taxonomy":"post_tag","embeddable":true,"href":"https:\/\/fjala.info\/2009-2015\/wp-json\/wp\/v2\/tags?post=3061"}],"curies":[{"name":"wp","href":"https:\/\/api.w.org\/{rel}","templated":true}]}}