{"id":3059,"date":"2010-06-22T09:03:08","date_gmt":"2010-06-22T08:03:08","guid":{"rendered":"http:\/\/fjala.shkoder.net\/?p=3059"},"modified":"2010-06-22T09:03:08","modified_gmt":"2010-06-22T08:03:08","slug":"varferia-e-shqiptareve","status":"publish","type":"post","link":"https:\/\/fjala.info\/2009-2015\/varferia-e-shqiptareve\/","title":{"rendered":"Varf\u00ebria e shqiptar\u00ebve"},"content":{"rendered":"<p><img decoding=\"async\" style=\"margin-left: 10px; margin-right: 10px; border: 0px;\" src=\"http:\/\/www.shkoder.net\/images\/fjala\/arben_rrozhani.jpg\" border=\"0\" alt=\"Arben Rozhani\" width=\"150\" align=\"right\" \/><\/p>\n<p><strong>Arben Rozhani<\/strong>, <em>22.06.2010<\/em><\/p>\n<p>Kryeministri Sali Berisha thot\u00eb se jemi nd\u00ebr t\u00eb par\u00ebt. Her\u00ebn e fundit, n\u00eb mbledhjen e qeveris\u00eb m\u00eb 16 qershor 2010, tha se jemi n\u00eb 10 vendet m\u00eb t\u00eb mira t\u00eb BE-s\u00eb, duke iu referuar Raportit t\u00eb Drejtoris\u00eb s\u00eb P\u00ebrgjithshme t\u00eb \u00c7\u00ebshtjeve t\u00eb Ekonomis\u00eb dhe Financave n\u00eb BE:<\/p>\n<p>&#8220;Shqip\u00ebria q\u00ebndron n\u00eb krye t\u00eb kontributit t\u00eb sektorit privat n\u00eb ekonomin\u00eb shqiptare dhe t\u00eb ardhurat&#8230;ky \u00ebsht\u00eb vler\u00ebsimi m\u00eb maksimal q\u00eb ky vend ka marr\u00eb ndonj\u00ebher\u00eb n\u00eb historin\u00eb e tij p\u00ebr ekonomin\u00eb, ka b\u00ebr\u00eb nj\u00eb progres t\u00eb r\u00ebnd\u00ebsish\u00ebm dhe ka arritur shum\u00eb af\u00ebr performanc\u00ebs s\u00eb dhjet\u00ebshes s\u00eb Bashkimit Europian&#8221;. (shih linkun: km.gov.al\/index.php?fq=brenda&amp;m=ne\u00ebs&amp;lid=13288).<\/p>\n<p>Edhe Eurostat, instituti i Statistikave t\u00eb vendeve t\u00eb Europ\u00ebs thot\u00eb se jemi nd\u00ebr t\u00eb par\u00ebt, madje t\u00eb par\u00ebt&#8230;nga fundi. Ja \u00e7&#8217;thon\u00eb t\u00eb dh\u00ebnat e Eurostat, t\u00eb cituara nga agjencia malteze, &#8220;Maltastar&#8221;:<\/p>\n<p>&#8220;Prodhimi i P\u00ebrgjithsh\u00ebm Bruto (GDP) p\u00ebr banor\u00eb n\u00eb Slloveni, \u00c7eki, Malt\u00eb, Portugali dhe Sllovaki \u00ebsht\u00eb rreth 10-30 p\u00ebr qind m\u00eb i ul\u00ebt se mesatarja e 27 vendeve t\u00eb BE-s\u00eb, sipas statistikave t\u00eb Eurostat. N\u00eb Finland\u00eb, Franc\u00eb, Spanj\u00eb, Itali, Qipro dhe Greqi, GDP p\u00ebr banor ishte 10 p\u00ebr qind m\u00eb pak se mesatarja e e 27 vendeve t\u00eb BE-s\u00eb.<\/p>\n<p>N\u00eb Irland\u00eb, Holand\u00eb, Austri, Suedi, Danimark\u00eb, Britani e Madhe, Gjermani dhe Belgjik\u00eb ishte 15-35 p\u00ebr qind mbi mesataren e BE-s\u00eb, nd\u00ebrsa nivelin m\u00eb t\u00eb lart\u00eb t\u00eb t\u00eb ardhurave p\u00ebr frym\u00eb n\u00eb 27 vendet e BE-s\u00eb e ka Luksemburgu.<\/p>\n<p>Hungaria, Estonia, Lituania, Polonia ishin 30-50 p\u00ebr qind m\u00eb ul\u00ebt, nd\u00ebrsa Letonia, Rumania dhe Bullgaria jan\u00eb 50-60 p\u00ebr qind posht\u00eb mesatares s\u00eb BE-s\u00eb.<\/p>\n<p>T\u00eb ardhurat m\u00eb t\u00eb m\u00ebdha p\u00ebr frym\u00eb n\u00eb Luksemburg ishin n\u00eb shifr\u00ebn 268, kur mesatarja p\u00ebr BE-n\u00eb \u00ebsht\u00eb 100, nd\u00ebrsa Malta e ka n\u00eb numrin 78. N\u00eb vendin e fundit \u00ebsht\u00eb Shqip\u00ebria n\u00eb vendin e 27&#8221; (Shih maltastar.com\/pages\/r1\/ms10dart.asp?a=9990).<\/p>\n<p>Pra jemi rreth 10 her\u00eb m\u00eb pak se Luksemburgu i vog\u00ebl me rreth 78 mij\u00eb USD t\u00eb ardhura p\u00ebr frym\u00eb dhe ne me rreth 6300 USD p\u00ebr frym\u00eb.<\/p>\n<p>Emigrant\u00ebt e Greqis\u00eb<\/p>\n<p>Nuk ka nevoj\u00eb m\u00eb p\u00ebr &#8220;fshes\u00eb greke&#8221;. Emigrant\u00ebt po kthehen vet\u00eb, sepse nuk ka m\u00eb pun\u00eb p\u00ebr pun\u00ebtor\u00ebt e krahut t\u00eb lir\u00eb t\u00eb pun\u00ebs n\u00eb Greqi. Gazeta e madhe greke &#8220;Kathimerini&#8221; thot\u00eb se qindra emigrant\u00eb, prej vitesh n\u00eb Greqi, m\u00eb s\u00eb shumti shqiptar\u00eb, po kthehen pas n\u00eb vendet tyre t\u00eb origjin\u00ebs.<\/p>\n<p>( Shih linkun ekathimerini.com\/4dcgi\/_\u00eb_articles_politics_100011_21\/06\/2010_117827).<br \/>\nAgjencit\u00eb e udh\u00ebtimeve n\u00eb Athin\u00eb po raportojn\u00eb rritje t\u00eb ndjeshme t\u00eb blerjes s\u00eb biletave nga emigrant\u00ebt dhe familjet e tyre. &#8221; Zyra ime po rezervon bileta p\u00ebr 10 familje \u00e7do muaj&#8221;-thot\u00eb Petros Matzaris, pronar i nj\u00eb agjencie udh\u00ebtimesh n\u00eb qend\u00ebr t\u00eb Athin\u00ebs, q\u00eb organizon udh\u00ebtime n\u00eb Shqip\u00ebri.<\/p>\n<p>Ai thot\u00eb se eksodi nisi dy vite m\u00eb par\u00eb dhe \u00ebsht\u00eb shtuar muajt e fundit. &#8220;Ne po presim nj\u00eb val\u00eb tjet\u00ebr t\u00eb madhe t\u00eb nisjeve tani q\u00eb shkollat jan\u00eb mbyllur p\u00ebr pushimet e ver\u00ebs&#8221;-thot\u00eb Matzaris.<\/p>\n<p>Nikita Tsiprian, q\u00eb punon n\u00eb nj\u00eb agjenci tjet\u00ebr n\u00eb rrug\u00ebn &#8220;Acharnon&#8221; thot\u00eb t\u00eb nj\u00ebjt\u00ebn gj\u00eb: &#8220;Disa pun\u00ebtor\u00eb nd\u00ebrtimi m\u00eb than\u00eb se nuk kishin gjetur pun\u00eb prej 6 muajsh&#8221;. Parat\u00eb q\u00eb emigrant\u00ebt i sjellin Shqip\u00ebris\u00eb jan\u00eb rreth 1.2 miliard\u00eb euro n\u00eb vit Shqip\u00ebri dhe 60 p\u00ebr qind e tyre p\u00ebrdoret nga familjet p\u00ebr konsum n\u00eb Shqip\u00ebri. M\u00eb 2009 t\u00eb ardhurat nga emigracioni ran\u00eb me 6.39 p\u00ebr qind krahasuar me 2008 dhe k\u00ebshtu do t\u00eb jet\u00eb edhe sivjet.<\/p>\n<p>Po ku kthehen? &#8220;Kur un\u00eb t\u00eb kem b\u00ebr\u00eb Shqip\u00ebrin\u00eb josh\u00ebse p\u00ebr investime dhe n\u00eb hapjen e pun\u00ebve p\u00ebr t\u00eb gjith\u00eb, at\u00ebher\u00eb do t\u00eb hapet dhe rruga q\u00eb shqiptar\u00ebt kudo q\u00eb jan\u00eb t\u00eb kthehen n\u00eb atdheun e tyre&#8221;-kishte premtuar Sali Berisha n\u00eb gazet\u00ebn greke &#8220;Esspresso&#8221;, n\u00eb korrik 2005. Pra kot q\u00eb kthehen sepse k\u00ebtu \u00ebsht\u00eb m\u00eb keq se 5 vite m\u00eb par\u00eb dhe jan\u00eb shtuar edhe 100 mij\u00eb t\u00eb papun\u00eb t\u00eb tjer\u00eb.<\/p>\n","protected":false},"excerpt":{"rendered":"<p>Arben Rozhani, 22.06.2010 Kryeministri Sali Berisha thot\u00eb se jemi nd\u00ebr t\u00eb par\u00ebt. Her\u00ebn e fundit, n\u00eb mbledhjen e qeveris\u00eb m\u00eb 16 qershor 2010, tha se jemi n\u00eb 10 vendet m\u00eb t\u00eb mira t\u00eb BE-s\u00eb, duke iu referuar Raportit t\u00eb Drejtoris\u00eb s\u00eb P\u00ebrgjithshme t\u00eb \u00c7\u00ebshtjeve t\u00eb Ekonomis\u00eb dhe Financave n\u00eb BE: &#8220;Shqip\u00ebria q\u00ebndron n\u00eb krye t\u00eb [&hellip;]<\/p>\n","protected":false},"author":1,"featured_media":0,"comment_status":"open","ping_status":"closed","sticky":false,"template":"","format":"standard","meta":{"footnotes":""},"categories":[2],"tags":[],"class_list":{"0":"post-3059","1":"post","2":"type-post","3":"status-publish","4":"format-standard","6":"category-artikuj"},"yoast_head":"<!-- This site is optimized with the Yoast SEO plugin v27.4 - https:\/\/yoast.com\/product\/yoast-seo-wordpress\/ -->\n<title>Varf\u00ebria e shqiptar\u00ebve - FjALA e LIR\u00cb - Arkivi<\/title>\n<meta name=\"robots\" content=\"index, follow, max-snippet:-1, max-image-preview:large, max-video-preview:-1\" \/>\n<link rel=\"canonical\" href=\"https:\/\/fjala.info\/2009-2015\/varferia-e-shqiptareve\/\" \/>\n<meta property=\"og:locale\" content=\"sq_AL\" \/>\n<meta property=\"og:type\" content=\"article\" \/>\n<meta property=\"og:title\" content=\"Varf\u00ebria e shqiptar\u00ebve - FjALA e LIR\u00cb - Arkivi\" \/>\n<meta property=\"og:description\" content=\"Arben Rozhani, 22.06.2010 Kryeministri Sali Berisha thot\u00eb se jemi nd\u00ebr t\u00eb par\u00ebt. Her\u00ebn e fundit, n\u00eb mbledhjen e qeveris\u00eb m\u00eb 16 qershor 2010, tha se jemi n\u00eb 10 vendet m\u00eb t\u00eb mira t\u00eb BE-s\u00eb, duke iu referuar Raportit t\u00eb Drejtoris\u00eb s\u00eb P\u00ebrgjithshme t\u00eb \u00c7\u00ebshtjeve t\u00eb Ekonomis\u00eb dhe Financave n\u00eb BE: &#8220;Shqip\u00ebria q\u00ebndron n\u00eb krye t\u00eb [&hellip;]\" \/>\n<meta property=\"og:url\" content=\"https:\/\/fjala.info\/2009-2015\/varferia-e-shqiptareve\/\" \/>\n<meta property=\"og:site_name\" content=\"FjALA e LIR\u00cb - Arkivi\" \/>\n<meta property=\"article:published_time\" content=\"2010-06-22T08:03:08+00:00\" \/>\n<meta property=\"og:image\" content=\"http:\/\/www.shkoder.net\/images\/fjala\/arben_rrozhani.jpg\" \/>\n<meta name=\"author\" content=\"admin\" \/>\n<meta name=\"twitter:card\" content=\"summary_large_image\" \/>\n<meta name=\"twitter:label1\" content=\"Written by\" \/>\n\t<meta name=\"twitter:data1\" content=\"admin\" \/>\n\t<meta name=\"twitter:label2\" content=\"Est. reading time\" \/>\n\t<meta name=\"twitter:data2\" content=\"3 minutes\" \/>\n<script type=\"application\/ld+json\" class=\"yoast-schema-graph\">{\"@context\":\"https:\\\/\\\/schema.org\",\"@graph\":[{\"@type\":\"Article\",\"@id\":\"https:\\\/\\\/fjala.info\\\/2009-2015\\\/varferia-e-shqiptareve\\\/#article\",\"isPartOf\":{\"@id\":\"https:\\\/\\\/fjala.info\\\/2009-2015\\\/varferia-e-shqiptareve\\\/\"},\"author\":{\"name\":\"admin\",\"@id\":\"https:\\\/\\\/fjala.info\\\/2009-2015\\\/#\\\/schema\\\/person\\\/3aa1163ef05469c496fc94e77611ada2\"},\"headline\":\"Varf\u00ebria e shqiptar\u00ebve\",\"datePublished\":\"2010-06-22T08:03:08+00:00\",\"mainEntityOfPage\":{\"@id\":\"https:\\\/\\\/fjala.info\\\/2009-2015\\\/varferia-e-shqiptareve\\\/\"},\"wordCount\":698,\"commentCount\":0,\"publisher\":{\"@id\":\"https:\\\/\\\/fjala.info\\\/2009-2015\\\/#organization\"},\"image\":{\"@id\":\"https:\\\/\\\/fjala.info\\\/2009-2015\\\/varferia-e-shqiptareve\\\/#primaryimage\"},\"thumbnailUrl\":\"http:\\\/\\\/www.shkoder.net\\\/images\\\/fjala\\\/arben_rrozhani.jpg\",\"articleSection\":[\"Artikuj\"],\"inLanguage\":\"sq-AL\",\"potentialAction\":[{\"@type\":\"CommentAction\",\"name\":\"Comment\",\"target\":[\"https:\\\/\\\/fjala.info\\\/2009-2015\\\/varferia-e-shqiptareve\\\/#respond\"]}]},{\"@type\":\"WebPage\",\"@id\":\"https:\\\/\\\/fjala.info\\\/2009-2015\\\/varferia-e-shqiptareve\\\/\",\"url\":\"https:\\\/\\\/fjala.info\\\/2009-2015\\\/varferia-e-shqiptareve\\\/\",\"name\":\"Varf\u00ebria e shqiptar\u00ebve - FjALA e LIR\u00cb - Arkivi\",\"isPartOf\":{\"@id\":\"https:\\\/\\\/fjala.info\\\/2009-2015\\\/#website\"},\"primaryImageOfPage\":{\"@id\":\"https:\\\/\\\/fjala.info\\\/2009-2015\\\/varferia-e-shqiptareve\\\/#primaryimage\"},\"image\":{\"@id\":\"https:\\\/\\\/fjala.info\\\/2009-2015\\\/varferia-e-shqiptareve\\\/#primaryimage\"},\"thumbnailUrl\":\"http:\\\/\\\/www.shkoder.net\\\/images\\\/fjala\\\/arben_rrozhani.jpg\",\"datePublished\":\"2010-06-22T08:03:08+00:00\",\"breadcrumb\":{\"@id\":\"https:\\\/\\\/fjala.info\\\/2009-2015\\\/varferia-e-shqiptareve\\\/#breadcrumb\"},\"inLanguage\":\"sq-AL\",\"potentialAction\":[{\"@type\":\"ReadAction\",\"target\":[\"https:\\\/\\\/fjala.info\\\/2009-2015\\\/varferia-e-shqiptareve\\\/\"]}]},{\"@type\":\"ImageObject\",\"inLanguage\":\"sq-AL\",\"@id\":\"https:\\\/\\\/fjala.info\\\/2009-2015\\\/varferia-e-shqiptareve\\\/#primaryimage\",\"url\":\"http:\\\/\\\/www.shkoder.net\\\/images\\\/fjala\\\/arben_rrozhani.jpg\",\"contentUrl\":\"http:\\\/\\\/www.shkoder.net\\\/images\\\/fjala\\\/arben_rrozhani.jpg\"},{\"@type\":\"BreadcrumbList\",\"@id\":\"https:\\\/\\\/fjala.info\\\/2009-2015\\\/varferia-e-shqiptareve\\\/#breadcrumb\",\"itemListElement\":[{\"@type\":\"ListItem\",\"position\":1,\"name\":\"Home\",\"item\":\"https:\\\/\\\/fjala.info\\\/2009-2015\\\/\"},{\"@type\":\"ListItem\",\"position\":2,\"name\":\"Varf\u00ebria e shqiptar\u00ebve\"}]},{\"@type\":\"WebSite\",\"@id\":\"https:\\\/\\\/fjala.info\\\/2009-2015\\\/#website\",\"url\":\"https:\\\/\\\/fjala.info\\\/2009-2015\\\/\",\"name\":\"FjALA e LIR\u00cb - Arkivi\",\"description\":\"Arkivi 2009-2015\",\"publisher\":{\"@id\":\"https:\\\/\\\/fjala.info\\\/2009-2015\\\/#organization\"},\"potentialAction\":[{\"@type\":\"SearchAction\",\"target\":{\"@type\":\"EntryPoint\",\"urlTemplate\":\"https:\\\/\\\/fjala.info\\\/2009-2015\\\/?s={search_term_string}\"},\"query-input\":{\"@type\":\"PropertyValueSpecification\",\"valueRequired\":true,\"valueName\":\"search_term_string\"}}],\"inLanguage\":\"sq-AL\"},{\"@type\":\"Organization\",\"@id\":\"https:\\\/\\\/fjala.info\\\/2009-2015\\\/#organization\",\"name\":\"FjALA e LIR\u00cb - Arkivi\",\"url\":\"https:\\\/\\\/fjala.info\\\/2009-2015\\\/\",\"logo\":{\"@type\":\"ImageObject\",\"inLanguage\":\"sq-AL\",\"@id\":\"https:\\\/\\\/fjala.info\\\/2009-2015\\\/#\\\/schema\\\/logo\\\/image\\\/\",\"url\":\"\",\"contentUrl\":\"\",\"caption\":\"FjALA e LIR\u00cb - Arkivi\"},\"image\":{\"@id\":\"https:\\\/\\\/fjala.info\\\/2009-2015\\\/#\\\/schema\\\/logo\\\/image\\\/\"}},{\"@type\":\"Person\",\"@id\":\"https:\\\/\\\/fjala.info\\\/2009-2015\\\/#\\\/schema\\\/person\\\/3aa1163ef05469c496fc94e77611ada2\",\"name\":\"admin\",\"image\":{\"@type\":\"ImageObject\",\"inLanguage\":\"sq-AL\",\"@id\":\"https:\\\/\\\/fjala.info\\\/2009-2015\\\/wp-content\\\/uploads\\\/2012\\\/02\\\/arben_cokaj-120x150.jpg\",\"url\":\"https:\\\/\\\/fjala.info\\\/2009-2015\\\/wp-content\\\/uploads\\\/2012\\\/02\\\/arben_cokaj-120x150.jpg\",\"contentUrl\":\"https:\\\/\\\/fjala.info\\\/2009-2015\\\/wp-content\\\/uploads\\\/2012\\\/02\\\/arben_cokaj-120x150.jpg\",\"caption\":\"admin\"},\"description\":\"Admin, Fjala e Lir\u00eb\",\"sameAs\":[\"https:\\\/\\\/fjala.info\\\/\"],\"url\":\"https:\\\/\\\/fjala.info\\\/2009-2015\\\/author\\\/admin\\\/\"}]}<\/script>\n<!-- \/ Yoast SEO plugin. -->","yoast_head_json":{"title":"Varf\u00ebria e shqiptar\u00ebve - FjALA e LIR\u00cb - Arkivi","robots":{"index":"index","follow":"follow","max-snippet":"max-snippet:-1","max-image-preview":"max-image-preview:large","max-video-preview":"max-video-preview:-1"},"canonical":"https:\/\/fjala.info\/2009-2015\/varferia-e-shqiptareve\/","og_locale":"sq_AL","og_type":"article","og_title":"Varf\u00ebria e shqiptar\u00ebve - FjALA e LIR\u00cb - Arkivi","og_description":"Arben Rozhani, 22.06.2010 Kryeministri Sali Berisha thot\u00eb se jemi nd\u00ebr t\u00eb par\u00ebt. Her\u00ebn e fundit, n\u00eb mbledhjen e qeveris\u00eb m\u00eb 16 qershor 2010, tha se jemi n\u00eb 10 vendet m\u00eb t\u00eb mira t\u00eb BE-s\u00eb, duke iu referuar Raportit t\u00eb Drejtoris\u00eb s\u00eb P\u00ebrgjithshme t\u00eb \u00c7\u00ebshtjeve t\u00eb Ekonomis\u00eb dhe Financave n\u00eb BE: &#8220;Shqip\u00ebria q\u00ebndron n\u00eb krye t\u00eb [&hellip;]","og_url":"https:\/\/fjala.info\/2009-2015\/varferia-e-shqiptareve\/","og_site_name":"FjALA e LIR\u00cb - Arkivi","article_published_time":"2010-06-22T08:03:08+00:00","og_image":[{"url":"http:\/\/www.shkoder.net\/images\/fjala\/arben_rrozhani.jpg","type":"","width":"","height":""}],"author":"admin","twitter_card":"summary_large_image","twitter_misc":{"Written by":"admin","Est. reading time":"3 minutes"},"schema":{"@context":"https:\/\/schema.org","@graph":[{"@type":"Article","@id":"https:\/\/fjala.info\/2009-2015\/varferia-e-shqiptareve\/#article","isPartOf":{"@id":"https:\/\/fjala.info\/2009-2015\/varferia-e-shqiptareve\/"},"author":{"name":"admin","@id":"https:\/\/fjala.info\/2009-2015\/#\/schema\/person\/3aa1163ef05469c496fc94e77611ada2"},"headline":"Varf\u00ebria e shqiptar\u00ebve","datePublished":"2010-06-22T08:03:08+00:00","mainEntityOfPage":{"@id":"https:\/\/fjala.info\/2009-2015\/varferia-e-shqiptareve\/"},"wordCount":698,"commentCount":0,"publisher":{"@id":"https:\/\/fjala.info\/2009-2015\/#organization"},"image":{"@id":"https:\/\/fjala.info\/2009-2015\/varferia-e-shqiptareve\/#primaryimage"},"thumbnailUrl":"http:\/\/www.shkoder.net\/images\/fjala\/arben_rrozhani.jpg","articleSection":["Artikuj"],"inLanguage":"sq-AL","potentialAction":[{"@type":"CommentAction","name":"Comment","target":["https:\/\/fjala.info\/2009-2015\/varferia-e-shqiptareve\/#respond"]}]},{"@type":"WebPage","@id":"https:\/\/fjala.info\/2009-2015\/varferia-e-shqiptareve\/","url":"https:\/\/fjala.info\/2009-2015\/varferia-e-shqiptareve\/","name":"Varf\u00ebria e shqiptar\u00ebve - FjALA e LIR\u00cb - Arkivi","isPartOf":{"@id":"https:\/\/fjala.info\/2009-2015\/#website"},"primaryImageOfPage":{"@id":"https:\/\/fjala.info\/2009-2015\/varferia-e-shqiptareve\/#primaryimage"},"image":{"@id":"https:\/\/fjala.info\/2009-2015\/varferia-e-shqiptareve\/#primaryimage"},"thumbnailUrl":"http:\/\/www.shkoder.net\/images\/fjala\/arben_rrozhani.jpg","datePublished":"2010-06-22T08:03:08+00:00","breadcrumb":{"@id":"https:\/\/fjala.info\/2009-2015\/varferia-e-shqiptareve\/#breadcrumb"},"inLanguage":"sq-AL","potentialAction":[{"@type":"ReadAction","target":["https:\/\/fjala.info\/2009-2015\/varferia-e-shqiptareve\/"]}]},{"@type":"ImageObject","inLanguage":"sq-AL","@id":"https:\/\/fjala.info\/2009-2015\/varferia-e-shqiptareve\/#primaryimage","url":"http:\/\/www.shkoder.net\/images\/fjala\/arben_rrozhani.jpg","contentUrl":"http:\/\/www.shkoder.net\/images\/fjala\/arben_rrozhani.jpg"},{"@type":"BreadcrumbList","@id":"https:\/\/fjala.info\/2009-2015\/varferia-e-shqiptareve\/#breadcrumb","itemListElement":[{"@type":"ListItem","position":1,"name":"Home","item":"https:\/\/fjala.info\/2009-2015\/"},{"@type":"ListItem","position":2,"name":"Varf\u00ebria e shqiptar\u00ebve"}]},{"@type":"WebSite","@id":"https:\/\/fjala.info\/2009-2015\/#website","url":"https:\/\/fjala.info\/2009-2015\/","name":"FjALA e LIR\u00cb - Arkivi","description":"Arkivi 2009-2015","publisher":{"@id":"https:\/\/fjala.info\/2009-2015\/#organization"},"potentialAction":[{"@type":"SearchAction","target":{"@type":"EntryPoint","urlTemplate":"https:\/\/fjala.info\/2009-2015\/?s={search_term_string}"},"query-input":{"@type":"PropertyValueSpecification","valueRequired":true,"valueName":"search_term_string"}}],"inLanguage":"sq-AL"},{"@type":"Organization","@id":"https:\/\/fjala.info\/2009-2015\/#organization","name":"FjALA e LIR\u00cb - Arkivi","url":"https:\/\/fjala.info\/2009-2015\/","logo":{"@type":"ImageObject","inLanguage":"sq-AL","@id":"https:\/\/fjala.info\/2009-2015\/#\/schema\/logo\/image\/","url":"","contentUrl":"","caption":"FjALA e LIR\u00cb - Arkivi"},"image":{"@id":"https:\/\/fjala.info\/2009-2015\/#\/schema\/logo\/image\/"}},{"@type":"Person","@id":"https:\/\/fjala.info\/2009-2015\/#\/schema\/person\/3aa1163ef05469c496fc94e77611ada2","name":"admin","image":{"@type":"ImageObject","inLanguage":"sq-AL","@id":"https:\/\/fjala.info\/2009-2015\/wp-content\/uploads\/2012\/02\/arben_cokaj-120x150.jpg","url":"https:\/\/fjala.info\/2009-2015\/wp-content\/uploads\/2012\/02\/arben_cokaj-120x150.jpg","contentUrl":"https:\/\/fjala.info\/2009-2015\/wp-content\/uploads\/2012\/02\/arben_cokaj-120x150.jpg","caption":"admin"},"description":"Admin, Fjala e Lir\u00eb","sameAs":["https:\/\/fjala.info\/"],"url":"https:\/\/fjala.info\/2009-2015\/author\/admin\/"}]}},"_links":{"self":[{"href":"https:\/\/fjala.info\/2009-2015\/wp-json\/wp\/v2\/posts\/3059","targetHints":{"allow":["GET"]}}],"collection":[{"href":"https:\/\/fjala.info\/2009-2015\/wp-json\/wp\/v2\/posts"}],"about":[{"href":"https:\/\/fjala.info\/2009-2015\/wp-json\/wp\/v2\/types\/post"}],"author":[{"embeddable":true,"href":"https:\/\/fjala.info\/2009-2015\/wp-json\/wp\/v2\/users\/1"}],"replies":[{"embeddable":true,"href":"https:\/\/fjala.info\/2009-2015\/wp-json\/wp\/v2\/comments?post=3059"}],"version-history":[{"count":0,"href":"https:\/\/fjala.info\/2009-2015\/wp-json\/wp\/v2\/posts\/3059\/revisions"}],"wp:attachment":[{"href":"https:\/\/fjala.info\/2009-2015\/wp-json\/wp\/v2\/media?parent=3059"}],"wp:term":[{"taxonomy":"category","embeddable":true,"href":"https:\/\/fjala.info\/2009-2015\/wp-json\/wp\/v2\/categories?post=3059"},{"taxonomy":"post_tag","embeddable":true,"href":"https:\/\/fjala.info\/2009-2015\/wp-json\/wp\/v2\/tags?post=3059"}],"curies":[{"name":"wp","href":"https:\/\/api.w.org\/{rel}","templated":true}]}}