{"id":3051,"date":"2010-06-22T08:35:44","date_gmt":"2010-06-22T07:35:44","guid":{"rendered":"http:\/\/fjala.shkoder.net\/?p=3051"},"modified":"2010-06-22T08:35:44","modified_gmt":"2010-06-22T07:35:44","slug":"bekim-fehmiu-aktor-serb-dhe-shqiptar-i-madh","status":"publish","type":"post","link":"https:\/\/fjala.info\/2009-2015\/bekim-fehmiu-aktor-serb-dhe-shqiptar-i-madh\/","title":{"rendered":"Bekim Fehmiu, aktor serb dhe shqiptar i madh"},"content":{"rendered":"<p><strong>Nexhmedin Spahiu<\/strong>, <em>21.06.2010<\/em><\/p>\n<p>Bekim Fehmiu ishte nj\u00eb shqiptar patriot, q\u00eb nuk u akomodua kurr\u00eb as n\u00eb shoq\u00ebrin\u00eb shqiptare, as n\u00eb at\u00eb kosovare e as n\u00eb at\u00eb serbe. Si patriot shqiptar, bir i familjes patriotike shqiptare, ai u p\u00ebrpoq t\u00eb ishte nj\u00eb aktor shqiptar, t\u00eb luante rolin e Sk\u00ebnderbeut, por kjo iu besua nj\u00eb aktori rus.<\/p>\n<p><img decoding=\"async\" style=\"margin-left: 10px; margin-right: 10px; border: 0px;\" src=\"http:\/\/www.shkoder.net\/images\/fjala\/2010\/bekim_fehmiu.jpg\" border=\"0\" alt=\"Bekim Fehmiu\" width=\"200\" align=\"left\" \/><\/p>\n<p>Ai u p\u00ebrpoq t\u00eb b\u00ebhej nj\u00eb aktor kosovar, t\u00eb luante Hamletin n\u00eb Prishtin\u00eb, por skena e Teatrit Krahinor t\u00eb Kosov\u00ebs u tregua e vock\u00ebl p\u00ebr t\u00eb Bekim Fehmiu mbeti aktor i madh serb, aktori m\u00eb i madh serb i t\u00eb gjitha koh\u00ebrave dhe nj\u00eb aktor i shquar bot\u00ebror, i vetmi aktor nga bota komuniste, q\u00eb shp\u00ebrtheu perden e hekurt dhe b\u00ebri fam\u00eb n\u00eb Per\u00ebndim.<\/p>\n<p>Bekimi ishte nj\u00eb argument i gjall\u00eb se sa t\u00eb papajtueshme mes vetes ishin shoq\u00ebria serbe e ajo kosovare dhe se larg bot\u00ebs ishin q\u00eb t\u00eb dyja.<\/p>\n<p>Nj\u00eb gjen shqiptar dhe nj\u00eb shkoll\u00eb serbe prodhuan nj\u00eb aktor bot\u00ebror. Dhe Bekimi me amanetin e tij iu kthye i vdekur t\u00eb gjith\u00ebve: Ceremonia mortore dhe kremtimi &#8211; Serbis\u00eb, pluhuri i eshtrave t\u00eb tij Lumbardhit t\u00eb Prizrenit (Kosov\u00ebs e Shqip\u00ebris\u00eb), nd\u00ebrsa filmat e tij ia la gjith\u00eb bot\u00ebs.<\/p>\n<p>Bekim Fehmiu nuk u akomodua n\u00eb shoq\u00ebrin\u00eb kosovare, sepse ai ishte produkt i klasit t\u00eb par\u00eb t\u00eb shkoll\u00ebs serbe dhe shoq\u00ebris\u00eb serbe. Bekimi nuk u akomodua n\u00eb shoq\u00ebrin\u00eb serbe, sepse ajo n\u00eb realitet nuk e g\u00eblltiste dot faktin q\u00eb nj\u00eb shqiptar ishte m\u00eb i miri nd\u00ebr ta. Prandaj Bekimi jetoi shndritsh\u00ebm dhe tmerrsh\u00ebm.<\/p>\n<p>Vdekjen e aktorit t\u00eb madh e kapitalizoi politika serbe, por jo edhe ajo kosovare e shqiptare. Presidenti serb, Boris Tadi\u00e7, tregoi se mund t\u00eb p\u00ebrkulet para gjeniut shqiptar, Bekim Fehmiu, por kryetari i Parlamentit t\u00eb Kosov\u00ebs tregoi se nuk mund t\u00eb mbaj\u00eb nj\u00eb minut\u00eb heshtje p\u00ebr aktorin e madh serb e bot\u00ebror, Bekim Fehmiu.<\/p>\n","protected":false},"excerpt":{"rendered":"<p>Nexhmedin Spahiu, 21.06.2010 Bekim Fehmiu ishte nj\u00eb shqiptar patriot, q\u00eb nuk u akomodua kurr\u00eb as n\u00eb shoq\u00ebrin\u00eb shqiptare, as n\u00eb at\u00eb kosovare e as n\u00eb at\u00eb serbe. Si patriot shqiptar, bir i familjes patriotike shqiptare, ai u p\u00ebrpoq t\u00eb ishte nj\u00eb aktor shqiptar, t\u00eb luante rolin e Sk\u00ebnderbeut, por kjo iu besua nj\u00eb aktori rus. [&hellip;]<\/p>\n","protected":false},"author":1,"featured_media":0,"comment_status":"open","ping_status":"closed","sticky":false,"template":"","format":"standard","meta":{"footnotes":""},"categories":[2],"tags":[],"class_list":{"0":"post-3051","1":"post","2":"type-post","3":"status-publish","4":"format-standard","6":"category-artikuj"},"yoast_head":"<!-- This site is optimized with the Yoast SEO plugin v27.4 - https:\/\/yoast.com\/product\/yoast-seo-wordpress\/ -->\n<title>Bekim Fehmiu, aktor serb dhe shqiptar i madh - FjALA e LIR\u00cb - Arkivi<\/title>\n<meta name=\"robots\" content=\"index, follow, max-snippet:-1, max-image-preview:large, max-video-preview:-1\" \/>\n<link rel=\"canonical\" href=\"https:\/\/fjala.info\/2009-2015\/bekim-fehmiu-aktor-serb-dhe-shqiptar-i-madh\/\" \/>\n<meta property=\"og:locale\" content=\"sq_AL\" \/>\n<meta property=\"og:type\" content=\"article\" \/>\n<meta property=\"og:title\" content=\"Bekim Fehmiu, aktor serb dhe shqiptar i madh - FjALA e LIR\u00cb - Arkivi\" \/>\n<meta property=\"og:description\" content=\"Nexhmedin Spahiu, 21.06.2010 Bekim Fehmiu ishte nj\u00eb shqiptar patriot, q\u00eb nuk u akomodua kurr\u00eb as n\u00eb shoq\u00ebrin\u00eb shqiptare, as n\u00eb at\u00eb kosovare e as n\u00eb at\u00eb serbe. Si patriot shqiptar, bir i familjes patriotike shqiptare, ai u p\u00ebrpoq t\u00eb ishte nj\u00eb aktor shqiptar, t\u00eb luante rolin e Sk\u00ebnderbeut, por kjo iu besua nj\u00eb aktori rus. [&hellip;]\" \/>\n<meta property=\"og:url\" content=\"https:\/\/fjala.info\/2009-2015\/bekim-fehmiu-aktor-serb-dhe-shqiptar-i-madh\/\" \/>\n<meta property=\"og:site_name\" content=\"FjALA e LIR\u00cb - Arkivi\" \/>\n<meta property=\"article:published_time\" content=\"2010-06-22T07:35:44+00:00\" \/>\n<meta property=\"og:image\" content=\"http:\/\/www.shkoder.net\/images\/fjala\/2010\/bekim_fehmiu.jpg\" \/>\n<meta name=\"author\" content=\"admin\" \/>\n<meta name=\"twitter:card\" content=\"summary_large_image\" \/>\n<meta name=\"twitter:label1\" content=\"Written by\" \/>\n\t<meta name=\"twitter:data1\" content=\"admin\" \/>\n\t<meta name=\"twitter:label2\" content=\"Est. reading time\" \/>\n\t<meta name=\"twitter:data2\" content=\"2 minutes\" \/>\n<script type=\"application\/ld+json\" class=\"yoast-schema-graph\">{\"@context\":\"https:\\\/\\\/schema.org\",\"@graph\":[{\"@type\":\"Article\",\"@id\":\"https:\\\/\\\/fjala.info\\\/2009-2015\\\/bekim-fehmiu-aktor-serb-dhe-shqiptar-i-madh\\\/#article\",\"isPartOf\":{\"@id\":\"https:\\\/\\\/fjala.info\\\/2009-2015\\\/bekim-fehmiu-aktor-serb-dhe-shqiptar-i-madh\\\/\"},\"author\":{\"name\":\"admin\",\"@id\":\"https:\\\/\\\/fjala.info\\\/2009-2015\\\/#\\\/schema\\\/person\\\/3aa1163ef05469c496fc94e77611ada2\"},\"headline\":\"Bekim Fehmiu, aktor serb dhe shqiptar i madh\",\"datePublished\":\"2010-06-22T07:35:44+00:00\",\"mainEntityOfPage\":{\"@id\":\"https:\\\/\\\/fjala.info\\\/2009-2015\\\/bekim-fehmiu-aktor-serb-dhe-shqiptar-i-madh\\\/\"},\"wordCount\":340,\"commentCount\":0,\"publisher\":{\"@id\":\"https:\\\/\\\/fjala.info\\\/2009-2015\\\/#organization\"},\"image\":{\"@id\":\"https:\\\/\\\/fjala.info\\\/2009-2015\\\/bekim-fehmiu-aktor-serb-dhe-shqiptar-i-madh\\\/#primaryimage\"},\"thumbnailUrl\":\"http:\\\/\\\/www.shkoder.net\\\/images\\\/fjala\\\/2010\\\/bekim_fehmiu.jpg\",\"articleSection\":[\"Artikuj\"],\"inLanguage\":\"sq-AL\",\"potentialAction\":[{\"@type\":\"CommentAction\",\"name\":\"Comment\",\"target\":[\"https:\\\/\\\/fjala.info\\\/2009-2015\\\/bekim-fehmiu-aktor-serb-dhe-shqiptar-i-madh\\\/#respond\"]}]},{\"@type\":\"WebPage\",\"@id\":\"https:\\\/\\\/fjala.info\\\/2009-2015\\\/bekim-fehmiu-aktor-serb-dhe-shqiptar-i-madh\\\/\",\"url\":\"https:\\\/\\\/fjala.info\\\/2009-2015\\\/bekim-fehmiu-aktor-serb-dhe-shqiptar-i-madh\\\/\",\"name\":\"Bekim Fehmiu, aktor serb dhe shqiptar i madh - FjALA e LIR\u00cb - Arkivi\",\"isPartOf\":{\"@id\":\"https:\\\/\\\/fjala.info\\\/2009-2015\\\/#website\"},\"primaryImageOfPage\":{\"@id\":\"https:\\\/\\\/fjala.info\\\/2009-2015\\\/bekim-fehmiu-aktor-serb-dhe-shqiptar-i-madh\\\/#primaryimage\"},\"image\":{\"@id\":\"https:\\\/\\\/fjala.info\\\/2009-2015\\\/bekim-fehmiu-aktor-serb-dhe-shqiptar-i-madh\\\/#primaryimage\"},\"thumbnailUrl\":\"http:\\\/\\\/www.shkoder.net\\\/images\\\/fjala\\\/2010\\\/bekim_fehmiu.jpg\",\"datePublished\":\"2010-06-22T07:35:44+00:00\",\"breadcrumb\":{\"@id\":\"https:\\\/\\\/fjala.info\\\/2009-2015\\\/bekim-fehmiu-aktor-serb-dhe-shqiptar-i-madh\\\/#breadcrumb\"},\"inLanguage\":\"sq-AL\",\"potentialAction\":[{\"@type\":\"ReadAction\",\"target\":[\"https:\\\/\\\/fjala.info\\\/2009-2015\\\/bekim-fehmiu-aktor-serb-dhe-shqiptar-i-madh\\\/\"]}]},{\"@type\":\"ImageObject\",\"inLanguage\":\"sq-AL\",\"@id\":\"https:\\\/\\\/fjala.info\\\/2009-2015\\\/bekim-fehmiu-aktor-serb-dhe-shqiptar-i-madh\\\/#primaryimage\",\"url\":\"http:\\\/\\\/www.shkoder.net\\\/images\\\/fjala\\\/2010\\\/bekim_fehmiu.jpg\",\"contentUrl\":\"http:\\\/\\\/www.shkoder.net\\\/images\\\/fjala\\\/2010\\\/bekim_fehmiu.jpg\"},{\"@type\":\"BreadcrumbList\",\"@id\":\"https:\\\/\\\/fjala.info\\\/2009-2015\\\/bekim-fehmiu-aktor-serb-dhe-shqiptar-i-madh\\\/#breadcrumb\",\"itemListElement\":[{\"@type\":\"ListItem\",\"position\":1,\"name\":\"Home\",\"item\":\"https:\\\/\\\/fjala.info\\\/2009-2015\\\/\"},{\"@type\":\"ListItem\",\"position\":2,\"name\":\"Bekim Fehmiu, aktor serb dhe shqiptar i madh\"}]},{\"@type\":\"WebSite\",\"@id\":\"https:\\\/\\\/fjala.info\\\/2009-2015\\\/#website\",\"url\":\"https:\\\/\\\/fjala.info\\\/2009-2015\\\/\",\"name\":\"FjALA e LIR\u00cb - Arkivi\",\"description\":\"Arkivi 2009-2015\",\"publisher\":{\"@id\":\"https:\\\/\\\/fjala.info\\\/2009-2015\\\/#organization\"},\"potentialAction\":[{\"@type\":\"SearchAction\",\"target\":{\"@type\":\"EntryPoint\",\"urlTemplate\":\"https:\\\/\\\/fjala.info\\\/2009-2015\\\/?s={search_term_string}\"},\"query-input\":{\"@type\":\"PropertyValueSpecification\",\"valueRequired\":true,\"valueName\":\"search_term_string\"}}],\"inLanguage\":\"sq-AL\"},{\"@type\":\"Organization\",\"@id\":\"https:\\\/\\\/fjala.info\\\/2009-2015\\\/#organization\",\"name\":\"FjALA e LIR\u00cb - Arkivi\",\"url\":\"https:\\\/\\\/fjala.info\\\/2009-2015\\\/\",\"logo\":{\"@type\":\"ImageObject\",\"inLanguage\":\"sq-AL\",\"@id\":\"https:\\\/\\\/fjala.info\\\/2009-2015\\\/#\\\/schema\\\/logo\\\/image\\\/\",\"url\":\"\",\"contentUrl\":\"\",\"caption\":\"FjALA e LIR\u00cb - Arkivi\"},\"image\":{\"@id\":\"https:\\\/\\\/fjala.info\\\/2009-2015\\\/#\\\/schema\\\/logo\\\/image\\\/\"}},{\"@type\":\"Person\",\"@id\":\"https:\\\/\\\/fjala.info\\\/2009-2015\\\/#\\\/schema\\\/person\\\/3aa1163ef05469c496fc94e77611ada2\",\"name\":\"admin\",\"image\":{\"@type\":\"ImageObject\",\"inLanguage\":\"sq-AL\",\"@id\":\"https:\\\/\\\/fjala.info\\\/2009-2015\\\/wp-content\\\/uploads\\\/2012\\\/02\\\/arben_cokaj-120x150.jpg\",\"url\":\"https:\\\/\\\/fjala.info\\\/2009-2015\\\/wp-content\\\/uploads\\\/2012\\\/02\\\/arben_cokaj-120x150.jpg\",\"contentUrl\":\"https:\\\/\\\/fjala.info\\\/2009-2015\\\/wp-content\\\/uploads\\\/2012\\\/02\\\/arben_cokaj-120x150.jpg\",\"caption\":\"admin\"},\"description\":\"Admin, Fjala e Lir\u00eb\",\"sameAs\":[\"https:\\\/\\\/fjala.info\\\/\"],\"url\":\"https:\\\/\\\/fjala.info\\\/2009-2015\\\/author\\\/admin\\\/\"}]}<\/script>\n<!-- \/ Yoast SEO plugin. -->","yoast_head_json":{"title":"Bekim Fehmiu, aktor serb dhe shqiptar i madh - FjALA e LIR\u00cb - Arkivi","robots":{"index":"index","follow":"follow","max-snippet":"max-snippet:-1","max-image-preview":"max-image-preview:large","max-video-preview":"max-video-preview:-1"},"canonical":"https:\/\/fjala.info\/2009-2015\/bekim-fehmiu-aktor-serb-dhe-shqiptar-i-madh\/","og_locale":"sq_AL","og_type":"article","og_title":"Bekim Fehmiu, aktor serb dhe shqiptar i madh - FjALA e LIR\u00cb - Arkivi","og_description":"Nexhmedin Spahiu, 21.06.2010 Bekim Fehmiu ishte nj\u00eb shqiptar patriot, q\u00eb nuk u akomodua kurr\u00eb as n\u00eb shoq\u00ebrin\u00eb shqiptare, as n\u00eb at\u00eb kosovare e as n\u00eb at\u00eb serbe. Si patriot shqiptar, bir i familjes patriotike shqiptare, ai u p\u00ebrpoq t\u00eb ishte nj\u00eb aktor shqiptar, t\u00eb luante rolin e Sk\u00ebnderbeut, por kjo iu besua nj\u00eb aktori rus. [&hellip;]","og_url":"https:\/\/fjala.info\/2009-2015\/bekim-fehmiu-aktor-serb-dhe-shqiptar-i-madh\/","og_site_name":"FjALA e LIR\u00cb - Arkivi","article_published_time":"2010-06-22T07:35:44+00:00","og_image":[{"url":"http:\/\/www.shkoder.net\/images\/fjala\/2010\/bekim_fehmiu.jpg","type":"","width":"","height":""}],"author":"admin","twitter_card":"summary_large_image","twitter_misc":{"Written by":"admin","Est. reading time":"2 minutes"},"schema":{"@context":"https:\/\/schema.org","@graph":[{"@type":"Article","@id":"https:\/\/fjala.info\/2009-2015\/bekim-fehmiu-aktor-serb-dhe-shqiptar-i-madh\/#article","isPartOf":{"@id":"https:\/\/fjala.info\/2009-2015\/bekim-fehmiu-aktor-serb-dhe-shqiptar-i-madh\/"},"author":{"name":"admin","@id":"https:\/\/fjala.info\/2009-2015\/#\/schema\/person\/3aa1163ef05469c496fc94e77611ada2"},"headline":"Bekim Fehmiu, aktor serb dhe shqiptar i madh","datePublished":"2010-06-22T07:35:44+00:00","mainEntityOfPage":{"@id":"https:\/\/fjala.info\/2009-2015\/bekim-fehmiu-aktor-serb-dhe-shqiptar-i-madh\/"},"wordCount":340,"commentCount":0,"publisher":{"@id":"https:\/\/fjala.info\/2009-2015\/#organization"},"image":{"@id":"https:\/\/fjala.info\/2009-2015\/bekim-fehmiu-aktor-serb-dhe-shqiptar-i-madh\/#primaryimage"},"thumbnailUrl":"http:\/\/www.shkoder.net\/images\/fjala\/2010\/bekim_fehmiu.jpg","articleSection":["Artikuj"],"inLanguage":"sq-AL","potentialAction":[{"@type":"CommentAction","name":"Comment","target":["https:\/\/fjala.info\/2009-2015\/bekim-fehmiu-aktor-serb-dhe-shqiptar-i-madh\/#respond"]}]},{"@type":"WebPage","@id":"https:\/\/fjala.info\/2009-2015\/bekim-fehmiu-aktor-serb-dhe-shqiptar-i-madh\/","url":"https:\/\/fjala.info\/2009-2015\/bekim-fehmiu-aktor-serb-dhe-shqiptar-i-madh\/","name":"Bekim Fehmiu, aktor serb dhe shqiptar i madh - FjALA e LIR\u00cb - Arkivi","isPartOf":{"@id":"https:\/\/fjala.info\/2009-2015\/#website"},"primaryImageOfPage":{"@id":"https:\/\/fjala.info\/2009-2015\/bekim-fehmiu-aktor-serb-dhe-shqiptar-i-madh\/#primaryimage"},"image":{"@id":"https:\/\/fjala.info\/2009-2015\/bekim-fehmiu-aktor-serb-dhe-shqiptar-i-madh\/#primaryimage"},"thumbnailUrl":"http:\/\/www.shkoder.net\/images\/fjala\/2010\/bekim_fehmiu.jpg","datePublished":"2010-06-22T07:35:44+00:00","breadcrumb":{"@id":"https:\/\/fjala.info\/2009-2015\/bekim-fehmiu-aktor-serb-dhe-shqiptar-i-madh\/#breadcrumb"},"inLanguage":"sq-AL","potentialAction":[{"@type":"ReadAction","target":["https:\/\/fjala.info\/2009-2015\/bekim-fehmiu-aktor-serb-dhe-shqiptar-i-madh\/"]}]},{"@type":"ImageObject","inLanguage":"sq-AL","@id":"https:\/\/fjala.info\/2009-2015\/bekim-fehmiu-aktor-serb-dhe-shqiptar-i-madh\/#primaryimage","url":"http:\/\/www.shkoder.net\/images\/fjala\/2010\/bekim_fehmiu.jpg","contentUrl":"http:\/\/www.shkoder.net\/images\/fjala\/2010\/bekim_fehmiu.jpg"},{"@type":"BreadcrumbList","@id":"https:\/\/fjala.info\/2009-2015\/bekim-fehmiu-aktor-serb-dhe-shqiptar-i-madh\/#breadcrumb","itemListElement":[{"@type":"ListItem","position":1,"name":"Home","item":"https:\/\/fjala.info\/2009-2015\/"},{"@type":"ListItem","position":2,"name":"Bekim Fehmiu, aktor serb dhe shqiptar i madh"}]},{"@type":"WebSite","@id":"https:\/\/fjala.info\/2009-2015\/#website","url":"https:\/\/fjala.info\/2009-2015\/","name":"FjALA e LIR\u00cb - Arkivi","description":"Arkivi 2009-2015","publisher":{"@id":"https:\/\/fjala.info\/2009-2015\/#organization"},"potentialAction":[{"@type":"SearchAction","target":{"@type":"EntryPoint","urlTemplate":"https:\/\/fjala.info\/2009-2015\/?s={search_term_string}"},"query-input":{"@type":"PropertyValueSpecification","valueRequired":true,"valueName":"search_term_string"}}],"inLanguage":"sq-AL"},{"@type":"Organization","@id":"https:\/\/fjala.info\/2009-2015\/#organization","name":"FjALA e LIR\u00cb - Arkivi","url":"https:\/\/fjala.info\/2009-2015\/","logo":{"@type":"ImageObject","inLanguage":"sq-AL","@id":"https:\/\/fjala.info\/2009-2015\/#\/schema\/logo\/image\/","url":"","contentUrl":"","caption":"FjALA e LIR\u00cb - Arkivi"},"image":{"@id":"https:\/\/fjala.info\/2009-2015\/#\/schema\/logo\/image\/"}},{"@type":"Person","@id":"https:\/\/fjala.info\/2009-2015\/#\/schema\/person\/3aa1163ef05469c496fc94e77611ada2","name":"admin","image":{"@type":"ImageObject","inLanguage":"sq-AL","@id":"https:\/\/fjala.info\/2009-2015\/wp-content\/uploads\/2012\/02\/arben_cokaj-120x150.jpg","url":"https:\/\/fjala.info\/2009-2015\/wp-content\/uploads\/2012\/02\/arben_cokaj-120x150.jpg","contentUrl":"https:\/\/fjala.info\/2009-2015\/wp-content\/uploads\/2012\/02\/arben_cokaj-120x150.jpg","caption":"admin"},"description":"Admin, Fjala e Lir\u00eb","sameAs":["https:\/\/fjala.info\/"],"url":"https:\/\/fjala.info\/2009-2015\/author\/admin\/"}]}},"_links":{"self":[{"href":"https:\/\/fjala.info\/2009-2015\/wp-json\/wp\/v2\/posts\/3051","targetHints":{"allow":["GET"]}}],"collection":[{"href":"https:\/\/fjala.info\/2009-2015\/wp-json\/wp\/v2\/posts"}],"about":[{"href":"https:\/\/fjala.info\/2009-2015\/wp-json\/wp\/v2\/types\/post"}],"author":[{"embeddable":true,"href":"https:\/\/fjala.info\/2009-2015\/wp-json\/wp\/v2\/users\/1"}],"replies":[{"embeddable":true,"href":"https:\/\/fjala.info\/2009-2015\/wp-json\/wp\/v2\/comments?post=3051"}],"version-history":[{"count":0,"href":"https:\/\/fjala.info\/2009-2015\/wp-json\/wp\/v2\/posts\/3051\/revisions"}],"wp:attachment":[{"href":"https:\/\/fjala.info\/2009-2015\/wp-json\/wp\/v2\/media?parent=3051"}],"wp:term":[{"taxonomy":"category","embeddable":true,"href":"https:\/\/fjala.info\/2009-2015\/wp-json\/wp\/v2\/categories?post=3051"},{"taxonomy":"post_tag","embeddable":true,"href":"https:\/\/fjala.info\/2009-2015\/wp-json\/wp\/v2\/tags?post=3051"}],"curies":[{"name":"wp","href":"https:\/\/api.w.org\/{rel}","templated":true}]}}