{"id":3050,"date":"2013-06-12T20:31:32","date_gmt":"2013-06-12T19:31:32","guid":{"rendered":"http:\/\/fjala.info\/?p=3050"},"modified":"2013-06-12T20:31:32","modified_gmt":"2013-06-12T19:31:32","slug":"lajthitjet-berisha-rama-ka-kamera-qe-e-bejne-njeriun-trefish-do-ndertojme-hekurudhen-per-pekin","status":"publish","type":"post","link":"https:\/\/fjala.info\/2009-2015\/lajthitjet-berisha-rama-ka-kamera-qe-e-bejne-njeriun-trefish-do-ndertojme-hekurudhen-per-pekin\/","title":{"rendered":"LAJTHITJET\/ Berisha: Rama ka kamera q\u00eb e b\u00ebjn\u00eb njeriun trefish. Do nd\u00ebrtojm\u00eb hekurudh\u00ebn p\u00ebr Pekin"},"content":{"rendered":"<p><strong>TemA<\/strong>, <em>12 Qershor 2013<\/em><\/p>\n<p>Mitingjet entuziaste t\u00eb Partis\u00eb Socialiste, sidomos n\u00eb veriun e vendit, nuk mund t\u00eb mos linin gjurm\u00eb n\u00eb sistemin mendor t\u00eb kryeministrit Sali Berisha. Pas mitingjeve t\u00eb PS n\u00eb Peshkopi, Bulqiz\u00eb dhe Burrel, Berisha u deklaroi disa qytetar\u00ebve t\u00eb Tiran\u00ebs, n\u00eb nj\u00eb takim n\u00eb mbr\u00ebmje, se Rama ka bler\u00eb kamera q\u00eb trefishojn\u00eb njer\u00ebzit, ndaj sheshet duken t\u00eb mbushura.<\/p>\n<p style=\"text-align: center;\"><img decoding=\"async\" class=\"aligncenter size-thumbnail wp-image-7236\" title=\"Mitingu i PS n\u00eb Burrel\" alt=\"\" src=\"http:\/\/www.fjala.info\/2013\/ps_miting_burrel.jpg\" width=\"500\" \/><em>Mitingu i PS n\u00eb Burrel<\/em><\/p>\n<p>\u201cTani, ky zot\u00ebri, pasi ka humbur \u00e7do betej\u00eb me Sali Berish\u00ebn, nga e para tek e fundit, pasi ka nj\u00eb munges\u00eb totale argumentesh, alternativa e tij \u00ebsht\u00eb t\u00ebr\u00ebsisht e braktisur. Faktikisht, vini re sheshet. Ai ka bler\u00eb lente t\u00eb kamerave, p\u00ebr ta b\u00ebr\u00eb njeriun trefish,\u201d tha Berisha.<\/p>\n<p>Nd\u00ebrkoh\u00eb pak m\u00eb her\u00ebt, kryeministri deklaroi n\u00eb Elbasan se mandatrin e ardhsh\u00ebm do b\u00ebj\u00eb hekurudh\u00ebn p\u00ebr Pekin.<\/p>\n<p>\u201cKa nj\u00eb problem. Problemi yn\u00eb \u00ebsht\u00eb mungesa e lidhjes me Maqedonin\u00eb. Dhe kjo lidhje do t\u00eb vendoset, ka nj\u00eb ujdi t\u00eb plot\u00eb midis dy qeverive. Vendosja e lidhjes me Maqedonin\u00eb dhe m\u00eb tutje, hekurudh\u00ebn shqiptare e b\u00ebn nj\u00eb segment t\u00eb hekurudhave q\u00eb shkojn\u00eb deri ne Pekin, me tunelin q\u00eb po nd\u00ebrton Turqia tani s\u00eb fundmi p\u00ebr trenat. Kjo i jep rentabilitet shum\u00eb t\u00eb madh. Komisioni Europian vet\u00eb \u00ebsht\u00eb shum\u00eb i p\u00ebrqendruar n\u00eb hekurudhat. Komisioni Europian po b\u00ebn studimin e hekurudhave t\u00eb Shqip\u00ebris\u00eb dhe hekurudha \u00ebsht\u00eb nj\u00eb rrjet strategjik shum\u00eb i r\u00ebnd\u00ebsishme n\u00eb konceptin e zhvillimit Europian dhe ka fonde t\u00eb m\u00ebdha p\u00ebr zhvillimin e tyre. Ndaj dhe ne jemi absolutisht p\u00ebr rivitalizimin e rrjetit hekurudhor,\u201d tha Berisha.\/ep<\/p>\n","protected":false},"excerpt":{"rendered":"<p>TemA, 12 Qershor 2013 Mitingjet entuziaste t\u00eb Partis\u00eb Socialiste, sidomos n\u00eb veriun e vendit, nuk mund t\u00eb mos linin gjurm\u00eb n\u00eb sistemin mendor t\u00eb kryeministrit Sali Berisha. Pas mitingjeve t\u00eb PS n\u00eb Peshkopi, Bulqiz\u00eb dhe Burrel, Berisha u deklaroi disa qytetar\u00ebve t\u00eb Tiran\u00ebs, n\u00eb nj\u00eb takim n\u00eb mbr\u00ebmje, se Rama ka bler\u00eb kamera q\u00eb trefishojn\u00eb [&hellip;]<\/p>\n","protected":false},"author":1,"featured_media":0,"comment_status":"open","ping_status":"closed","sticky":false,"template":"","format":"standard","meta":{"footnotes":""},"categories":[2,5],"tags":[],"class_list":{"0":"post-3050","1":"post","2":"type-post","3":"status-publish","4":"format-standard","6":"category-artikuj","7":"category-lajme"},"yoast_head":"<!-- This site is optimized with the Yoast SEO plugin v27.4 - https:\/\/yoast.com\/product\/yoast-seo-wordpress\/ -->\n<title>LAJTHITJET\/ Berisha: Rama ka kamera q\u00eb e b\u00ebjn\u00eb njeriun trefish. Do nd\u00ebrtojm\u00eb hekurudh\u00ebn p\u00ebr Pekin - FjALA e LIR\u00cb - Arkivi<\/title>\n<meta name=\"robots\" content=\"index, follow, max-snippet:-1, max-image-preview:large, max-video-preview:-1\" \/>\n<link rel=\"canonical\" href=\"https:\/\/fjala.info\/2009-2015\/lajthitjet-berisha-rama-ka-kamera-qe-e-bejne-njeriun-trefish-do-ndertojme-hekurudhen-per-pekin\/\" \/>\n<meta property=\"og:locale\" content=\"sq_AL\" \/>\n<meta property=\"og:type\" content=\"article\" \/>\n<meta property=\"og:title\" content=\"LAJTHITJET\/ Berisha: Rama ka kamera q\u00eb e b\u00ebjn\u00eb njeriun trefish. Do nd\u00ebrtojm\u00eb hekurudh\u00ebn p\u00ebr Pekin - FjALA e LIR\u00cb - Arkivi\" \/>\n<meta property=\"og:description\" content=\"TemA, 12 Qershor 2013 Mitingjet entuziaste t\u00eb Partis\u00eb Socialiste, sidomos n\u00eb veriun e vendit, nuk mund t\u00eb mos linin gjurm\u00eb n\u00eb sistemin mendor t\u00eb kryeministrit Sali Berisha. Pas mitingjeve t\u00eb PS n\u00eb Peshkopi, Bulqiz\u00eb dhe Burrel, Berisha u deklaroi disa qytetar\u00ebve t\u00eb Tiran\u00ebs, n\u00eb nj\u00eb takim n\u00eb mbr\u00ebmje, se Rama ka bler\u00eb kamera q\u00eb trefishojn\u00eb [&hellip;]\" \/>\n<meta property=\"og:url\" content=\"https:\/\/fjala.info\/2009-2015\/lajthitjet-berisha-rama-ka-kamera-qe-e-bejne-njeriun-trefish-do-ndertojme-hekurudhen-per-pekin\/\" \/>\n<meta property=\"og:site_name\" content=\"FjALA e LIR\u00cb - Arkivi\" \/>\n<meta property=\"article:published_time\" content=\"2013-06-12T19:31:32+00:00\" \/>\n<meta property=\"og:image\" content=\"http:\/\/www.fjala.info\/2013\/ps_miting_burrel.jpg\" \/>\n<meta name=\"author\" content=\"admin\" \/>\n<meta name=\"twitter:card\" content=\"summary_large_image\" \/>\n<meta name=\"twitter:label1\" content=\"Written by\" \/>\n\t<meta name=\"twitter:data1\" content=\"admin\" \/>\n\t<meta name=\"twitter:label2\" content=\"Est. reading time\" \/>\n\t<meta name=\"twitter:data2\" content=\"1 minute\" \/>\n<script type=\"application\/ld+json\" class=\"yoast-schema-graph\">{\"@context\":\"https:\\\/\\\/schema.org\",\"@graph\":[{\"@type\":\"Article\",\"@id\":\"https:\\\/\\\/fjala.info\\\/2009-2015\\\/lajthitjet-berisha-rama-ka-kamera-qe-e-bejne-njeriun-trefish-do-ndertojme-hekurudhen-per-pekin\\\/#article\",\"isPartOf\":{\"@id\":\"https:\\\/\\\/fjala.info\\\/2009-2015\\\/lajthitjet-berisha-rama-ka-kamera-qe-e-bejne-njeriun-trefish-do-ndertojme-hekurudhen-per-pekin\\\/\"},\"author\":{\"name\":\"admin\",\"@id\":\"https:\\\/\\\/fjala.info\\\/2009-2015\\\/#\\\/schema\\\/person\\\/3aa1163ef05469c496fc94e77611ada2\"},\"headline\":\"LAJTHITJET\\\/ Berisha: Rama ka kamera q\u00eb e b\u00ebjn\u00eb njeriun trefish. Do nd\u00ebrtojm\u00eb hekurudh\u00ebn p\u00ebr Pekin\",\"datePublished\":\"2013-06-12T19:31:32+00:00\",\"mainEntityOfPage\":{\"@id\":\"https:\\\/\\\/fjala.info\\\/2009-2015\\\/lajthitjet-berisha-rama-ka-kamera-qe-e-bejne-njeriun-trefish-do-ndertojme-hekurudhen-per-pekin\\\/\"},\"wordCount\":293,\"commentCount\":0,\"publisher\":{\"@id\":\"https:\\\/\\\/fjala.info\\\/2009-2015\\\/#organization\"},\"image\":{\"@id\":\"https:\\\/\\\/fjala.info\\\/2009-2015\\\/lajthitjet-berisha-rama-ka-kamera-qe-e-bejne-njeriun-trefish-do-ndertojme-hekurudhen-per-pekin\\\/#primaryimage\"},\"thumbnailUrl\":\"http:\\\/\\\/www.fjala.info\\\/2013\\\/ps_miting_burrel.jpg\",\"articleSection\":[\"Artikuj\",\"Lajme\"],\"inLanguage\":\"sq-AL\",\"potentialAction\":[{\"@type\":\"CommentAction\",\"name\":\"Comment\",\"target\":[\"https:\\\/\\\/fjala.info\\\/2009-2015\\\/lajthitjet-berisha-rama-ka-kamera-qe-e-bejne-njeriun-trefish-do-ndertojme-hekurudhen-per-pekin\\\/#respond\"]}]},{\"@type\":\"WebPage\",\"@id\":\"https:\\\/\\\/fjala.info\\\/2009-2015\\\/lajthitjet-berisha-rama-ka-kamera-qe-e-bejne-njeriun-trefish-do-ndertojme-hekurudhen-per-pekin\\\/\",\"url\":\"https:\\\/\\\/fjala.info\\\/2009-2015\\\/lajthitjet-berisha-rama-ka-kamera-qe-e-bejne-njeriun-trefish-do-ndertojme-hekurudhen-per-pekin\\\/\",\"name\":\"LAJTHITJET\\\/ Berisha: Rama ka kamera q\u00eb e b\u00ebjn\u00eb njeriun trefish. Do nd\u00ebrtojm\u00eb hekurudh\u00ebn p\u00ebr Pekin - FjALA e LIR\u00cb - Arkivi\",\"isPartOf\":{\"@id\":\"https:\\\/\\\/fjala.info\\\/2009-2015\\\/#website\"},\"primaryImageOfPage\":{\"@id\":\"https:\\\/\\\/fjala.info\\\/2009-2015\\\/lajthitjet-berisha-rama-ka-kamera-qe-e-bejne-njeriun-trefish-do-ndertojme-hekurudhen-per-pekin\\\/#primaryimage\"},\"image\":{\"@id\":\"https:\\\/\\\/fjala.info\\\/2009-2015\\\/lajthitjet-berisha-rama-ka-kamera-qe-e-bejne-njeriun-trefish-do-ndertojme-hekurudhen-per-pekin\\\/#primaryimage\"},\"thumbnailUrl\":\"http:\\\/\\\/www.fjala.info\\\/2013\\\/ps_miting_burrel.jpg\",\"datePublished\":\"2013-06-12T19:31:32+00:00\",\"breadcrumb\":{\"@id\":\"https:\\\/\\\/fjala.info\\\/2009-2015\\\/lajthitjet-berisha-rama-ka-kamera-qe-e-bejne-njeriun-trefish-do-ndertojme-hekurudhen-per-pekin\\\/#breadcrumb\"},\"inLanguage\":\"sq-AL\",\"potentialAction\":[{\"@type\":\"ReadAction\",\"target\":[\"https:\\\/\\\/fjala.info\\\/2009-2015\\\/lajthitjet-berisha-rama-ka-kamera-qe-e-bejne-njeriun-trefish-do-ndertojme-hekurudhen-per-pekin\\\/\"]}]},{\"@type\":\"ImageObject\",\"inLanguage\":\"sq-AL\",\"@id\":\"https:\\\/\\\/fjala.info\\\/2009-2015\\\/lajthitjet-berisha-rama-ka-kamera-qe-e-bejne-njeriun-trefish-do-ndertojme-hekurudhen-per-pekin\\\/#primaryimage\",\"url\":\"http:\\\/\\\/www.fjala.info\\\/2013\\\/ps_miting_burrel.jpg\",\"contentUrl\":\"http:\\\/\\\/www.fjala.info\\\/2013\\\/ps_miting_burrel.jpg\"},{\"@type\":\"BreadcrumbList\",\"@id\":\"https:\\\/\\\/fjala.info\\\/2009-2015\\\/lajthitjet-berisha-rama-ka-kamera-qe-e-bejne-njeriun-trefish-do-ndertojme-hekurudhen-per-pekin\\\/#breadcrumb\",\"itemListElement\":[{\"@type\":\"ListItem\",\"position\":1,\"name\":\"Home\",\"item\":\"https:\\\/\\\/fjala.info\\\/2009-2015\\\/\"},{\"@type\":\"ListItem\",\"position\":2,\"name\":\"LAJTHITJET\\\/ Berisha: Rama ka kamera q\u00eb e b\u00ebjn\u00eb njeriun trefish. Do nd\u00ebrtojm\u00eb hekurudh\u00ebn p\u00ebr Pekin\"}]},{\"@type\":\"WebSite\",\"@id\":\"https:\\\/\\\/fjala.info\\\/2009-2015\\\/#website\",\"url\":\"https:\\\/\\\/fjala.info\\\/2009-2015\\\/\",\"name\":\"FjALA e LIR\u00cb - Arkivi\",\"description\":\"Arkivi 2009-2015\",\"publisher\":{\"@id\":\"https:\\\/\\\/fjala.info\\\/2009-2015\\\/#organization\"},\"potentialAction\":[{\"@type\":\"SearchAction\",\"target\":{\"@type\":\"EntryPoint\",\"urlTemplate\":\"https:\\\/\\\/fjala.info\\\/2009-2015\\\/?s={search_term_string}\"},\"query-input\":{\"@type\":\"PropertyValueSpecification\",\"valueRequired\":true,\"valueName\":\"search_term_string\"}}],\"inLanguage\":\"sq-AL\"},{\"@type\":\"Organization\",\"@id\":\"https:\\\/\\\/fjala.info\\\/2009-2015\\\/#organization\",\"name\":\"FjALA e LIR\u00cb - Arkivi\",\"url\":\"https:\\\/\\\/fjala.info\\\/2009-2015\\\/\",\"logo\":{\"@type\":\"ImageObject\",\"inLanguage\":\"sq-AL\",\"@id\":\"https:\\\/\\\/fjala.info\\\/2009-2015\\\/#\\\/schema\\\/logo\\\/image\\\/\",\"url\":\"\",\"contentUrl\":\"\",\"caption\":\"FjALA e LIR\u00cb - Arkivi\"},\"image\":{\"@id\":\"https:\\\/\\\/fjala.info\\\/2009-2015\\\/#\\\/schema\\\/logo\\\/image\\\/\"}},{\"@type\":\"Person\",\"@id\":\"https:\\\/\\\/fjala.info\\\/2009-2015\\\/#\\\/schema\\\/person\\\/3aa1163ef05469c496fc94e77611ada2\",\"name\":\"admin\",\"image\":{\"@type\":\"ImageObject\",\"inLanguage\":\"sq-AL\",\"@id\":\"https:\\\/\\\/fjala.info\\\/2009-2015\\\/wp-content\\\/uploads\\\/2012\\\/02\\\/arben_cokaj-120x150.jpg\",\"url\":\"https:\\\/\\\/fjala.info\\\/2009-2015\\\/wp-content\\\/uploads\\\/2012\\\/02\\\/arben_cokaj-120x150.jpg\",\"contentUrl\":\"https:\\\/\\\/fjala.info\\\/2009-2015\\\/wp-content\\\/uploads\\\/2012\\\/02\\\/arben_cokaj-120x150.jpg\",\"caption\":\"admin\"},\"description\":\"Admin, Fjala e Lir\u00eb\",\"sameAs\":[\"https:\\\/\\\/fjala.info\\\/\"],\"url\":\"https:\\\/\\\/fjala.info\\\/2009-2015\\\/author\\\/admin\\\/\"}]}<\/script>\n<!-- \/ Yoast SEO plugin. -->","yoast_head_json":{"title":"LAJTHITJET\/ Berisha: Rama ka kamera q\u00eb e b\u00ebjn\u00eb njeriun trefish. Do nd\u00ebrtojm\u00eb hekurudh\u00ebn p\u00ebr Pekin - FjALA e LIR\u00cb - Arkivi","robots":{"index":"index","follow":"follow","max-snippet":"max-snippet:-1","max-image-preview":"max-image-preview:large","max-video-preview":"max-video-preview:-1"},"canonical":"https:\/\/fjala.info\/2009-2015\/lajthitjet-berisha-rama-ka-kamera-qe-e-bejne-njeriun-trefish-do-ndertojme-hekurudhen-per-pekin\/","og_locale":"sq_AL","og_type":"article","og_title":"LAJTHITJET\/ Berisha: Rama ka kamera q\u00eb e b\u00ebjn\u00eb njeriun trefish. Do nd\u00ebrtojm\u00eb hekurudh\u00ebn p\u00ebr Pekin - FjALA e LIR\u00cb - Arkivi","og_description":"TemA, 12 Qershor 2013 Mitingjet entuziaste t\u00eb Partis\u00eb Socialiste, sidomos n\u00eb veriun e vendit, nuk mund t\u00eb mos linin gjurm\u00eb n\u00eb sistemin mendor t\u00eb kryeministrit Sali Berisha. Pas mitingjeve t\u00eb PS n\u00eb Peshkopi, Bulqiz\u00eb dhe Burrel, Berisha u deklaroi disa qytetar\u00ebve t\u00eb Tiran\u00ebs, n\u00eb nj\u00eb takim n\u00eb mbr\u00ebmje, se Rama ka bler\u00eb kamera q\u00eb trefishojn\u00eb [&hellip;]","og_url":"https:\/\/fjala.info\/2009-2015\/lajthitjet-berisha-rama-ka-kamera-qe-e-bejne-njeriun-trefish-do-ndertojme-hekurudhen-per-pekin\/","og_site_name":"FjALA e LIR\u00cb - Arkivi","article_published_time":"2013-06-12T19:31:32+00:00","og_image":[{"url":"http:\/\/www.fjala.info\/2013\/ps_miting_burrel.jpg","type":"","width":"","height":""}],"author":"admin","twitter_card":"summary_large_image","twitter_misc":{"Written by":"admin","Est. reading time":"1 minute"},"schema":{"@context":"https:\/\/schema.org","@graph":[{"@type":"Article","@id":"https:\/\/fjala.info\/2009-2015\/lajthitjet-berisha-rama-ka-kamera-qe-e-bejne-njeriun-trefish-do-ndertojme-hekurudhen-per-pekin\/#article","isPartOf":{"@id":"https:\/\/fjala.info\/2009-2015\/lajthitjet-berisha-rama-ka-kamera-qe-e-bejne-njeriun-trefish-do-ndertojme-hekurudhen-per-pekin\/"},"author":{"name":"admin","@id":"https:\/\/fjala.info\/2009-2015\/#\/schema\/person\/3aa1163ef05469c496fc94e77611ada2"},"headline":"LAJTHITJET\/ Berisha: Rama ka kamera q\u00eb e b\u00ebjn\u00eb njeriun trefish. Do nd\u00ebrtojm\u00eb hekurudh\u00ebn p\u00ebr Pekin","datePublished":"2013-06-12T19:31:32+00:00","mainEntityOfPage":{"@id":"https:\/\/fjala.info\/2009-2015\/lajthitjet-berisha-rama-ka-kamera-qe-e-bejne-njeriun-trefish-do-ndertojme-hekurudhen-per-pekin\/"},"wordCount":293,"commentCount":0,"publisher":{"@id":"https:\/\/fjala.info\/2009-2015\/#organization"},"image":{"@id":"https:\/\/fjala.info\/2009-2015\/lajthitjet-berisha-rama-ka-kamera-qe-e-bejne-njeriun-trefish-do-ndertojme-hekurudhen-per-pekin\/#primaryimage"},"thumbnailUrl":"http:\/\/www.fjala.info\/2013\/ps_miting_burrel.jpg","articleSection":["Artikuj","Lajme"],"inLanguage":"sq-AL","potentialAction":[{"@type":"CommentAction","name":"Comment","target":["https:\/\/fjala.info\/2009-2015\/lajthitjet-berisha-rama-ka-kamera-qe-e-bejne-njeriun-trefish-do-ndertojme-hekurudhen-per-pekin\/#respond"]}]},{"@type":"WebPage","@id":"https:\/\/fjala.info\/2009-2015\/lajthitjet-berisha-rama-ka-kamera-qe-e-bejne-njeriun-trefish-do-ndertojme-hekurudhen-per-pekin\/","url":"https:\/\/fjala.info\/2009-2015\/lajthitjet-berisha-rama-ka-kamera-qe-e-bejne-njeriun-trefish-do-ndertojme-hekurudhen-per-pekin\/","name":"LAJTHITJET\/ Berisha: Rama ka kamera q\u00eb e b\u00ebjn\u00eb njeriun trefish. Do nd\u00ebrtojm\u00eb hekurudh\u00ebn p\u00ebr Pekin - FjALA e LIR\u00cb - Arkivi","isPartOf":{"@id":"https:\/\/fjala.info\/2009-2015\/#website"},"primaryImageOfPage":{"@id":"https:\/\/fjala.info\/2009-2015\/lajthitjet-berisha-rama-ka-kamera-qe-e-bejne-njeriun-trefish-do-ndertojme-hekurudhen-per-pekin\/#primaryimage"},"image":{"@id":"https:\/\/fjala.info\/2009-2015\/lajthitjet-berisha-rama-ka-kamera-qe-e-bejne-njeriun-trefish-do-ndertojme-hekurudhen-per-pekin\/#primaryimage"},"thumbnailUrl":"http:\/\/www.fjala.info\/2013\/ps_miting_burrel.jpg","datePublished":"2013-06-12T19:31:32+00:00","breadcrumb":{"@id":"https:\/\/fjala.info\/2009-2015\/lajthitjet-berisha-rama-ka-kamera-qe-e-bejne-njeriun-trefish-do-ndertojme-hekurudhen-per-pekin\/#breadcrumb"},"inLanguage":"sq-AL","potentialAction":[{"@type":"ReadAction","target":["https:\/\/fjala.info\/2009-2015\/lajthitjet-berisha-rama-ka-kamera-qe-e-bejne-njeriun-trefish-do-ndertojme-hekurudhen-per-pekin\/"]}]},{"@type":"ImageObject","inLanguage":"sq-AL","@id":"https:\/\/fjala.info\/2009-2015\/lajthitjet-berisha-rama-ka-kamera-qe-e-bejne-njeriun-trefish-do-ndertojme-hekurudhen-per-pekin\/#primaryimage","url":"http:\/\/www.fjala.info\/2013\/ps_miting_burrel.jpg","contentUrl":"http:\/\/www.fjala.info\/2013\/ps_miting_burrel.jpg"},{"@type":"BreadcrumbList","@id":"https:\/\/fjala.info\/2009-2015\/lajthitjet-berisha-rama-ka-kamera-qe-e-bejne-njeriun-trefish-do-ndertojme-hekurudhen-per-pekin\/#breadcrumb","itemListElement":[{"@type":"ListItem","position":1,"name":"Home","item":"https:\/\/fjala.info\/2009-2015\/"},{"@type":"ListItem","position":2,"name":"LAJTHITJET\/ Berisha: Rama ka kamera q\u00eb e b\u00ebjn\u00eb njeriun trefish. Do nd\u00ebrtojm\u00eb hekurudh\u00ebn p\u00ebr Pekin"}]},{"@type":"WebSite","@id":"https:\/\/fjala.info\/2009-2015\/#website","url":"https:\/\/fjala.info\/2009-2015\/","name":"FjALA e LIR\u00cb - Arkivi","description":"Arkivi 2009-2015","publisher":{"@id":"https:\/\/fjala.info\/2009-2015\/#organization"},"potentialAction":[{"@type":"SearchAction","target":{"@type":"EntryPoint","urlTemplate":"https:\/\/fjala.info\/2009-2015\/?s={search_term_string}"},"query-input":{"@type":"PropertyValueSpecification","valueRequired":true,"valueName":"search_term_string"}}],"inLanguage":"sq-AL"},{"@type":"Organization","@id":"https:\/\/fjala.info\/2009-2015\/#organization","name":"FjALA e LIR\u00cb - Arkivi","url":"https:\/\/fjala.info\/2009-2015\/","logo":{"@type":"ImageObject","inLanguage":"sq-AL","@id":"https:\/\/fjala.info\/2009-2015\/#\/schema\/logo\/image\/","url":"","contentUrl":"","caption":"FjALA e LIR\u00cb - Arkivi"},"image":{"@id":"https:\/\/fjala.info\/2009-2015\/#\/schema\/logo\/image\/"}},{"@type":"Person","@id":"https:\/\/fjala.info\/2009-2015\/#\/schema\/person\/3aa1163ef05469c496fc94e77611ada2","name":"admin","image":{"@type":"ImageObject","inLanguage":"sq-AL","@id":"https:\/\/fjala.info\/2009-2015\/wp-content\/uploads\/2012\/02\/arben_cokaj-120x150.jpg","url":"https:\/\/fjala.info\/2009-2015\/wp-content\/uploads\/2012\/02\/arben_cokaj-120x150.jpg","contentUrl":"https:\/\/fjala.info\/2009-2015\/wp-content\/uploads\/2012\/02\/arben_cokaj-120x150.jpg","caption":"admin"},"description":"Admin, Fjala e Lir\u00eb","sameAs":["https:\/\/fjala.info\/"],"url":"https:\/\/fjala.info\/2009-2015\/author\/admin\/"}]}},"_links":{"self":[{"href":"https:\/\/fjala.info\/2009-2015\/wp-json\/wp\/v2\/posts\/3050","targetHints":{"allow":["GET"]}}],"collection":[{"href":"https:\/\/fjala.info\/2009-2015\/wp-json\/wp\/v2\/posts"}],"about":[{"href":"https:\/\/fjala.info\/2009-2015\/wp-json\/wp\/v2\/types\/post"}],"author":[{"embeddable":true,"href":"https:\/\/fjala.info\/2009-2015\/wp-json\/wp\/v2\/users\/1"}],"replies":[{"embeddable":true,"href":"https:\/\/fjala.info\/2009-2015\/wp-json\/wp\/v2\/comments?post=3050"}],"version-history":[{"count":0,"href":"https:\/\/fjala.info\/2009-2015\/wp-json\/wp\/v2\/posts\/3050\/revisions"}],"wp:attachment":[{"href":"https:\/\/fjala.info\/2009-2015\/wp-json\/wp\/v2\/media?parent=3050"}],"wp:term":[{"taxonomy":"category","embeddable":true,"href":"https:\/\/fjala.info\/2009-2015\/wp-json\/wp\/v2\/categories?post=3050"},{"taxonomy":"post_tag","embeddable":true,"href":"https:\/\/fjala.info\/2009-2015\/wp-json\/wp\/v2\/tags?post=3050"}],"curies":[{"name":"wp","href":"https:\/\/api.w.org\/{rel}","templated":true}]}}