{"id":3041,"date":"2010-06-20T23:12:23","date_gmt":"2010-06-20T22:12:23","guid":{"rendered":"http:\/\/fjala.shkoder.net\/?p=3041"},"modified":"2010-06-20T23:12:23","modified_gmt":"2010-06-20T22:12:23","slug":"thellohet-skandali-me-makinat-e-deputeteve-dyshime-mbi-topallin","status":"publish","type":"post","link":"https:\/\/fjala.info\/2009-2015\/thellohet-skandali-me-makinat-e-deputeteve-dyshime-mbi-topallin\/","title":{"rendered":"Thellohet skandali me makinat e deputet\u00ebve, dyshime mbi Topallin"},"content":{"rendered":"<p><img decoding=\"async\" style=\"margin-left: 10px; margin-right: 10px; border: 0px;\" src=\"http:\/\/www.shkoder.net\/images\/fjala\/2010\/berisha_topalli_basha_shk10.jpg\" border=\"0\" alt=\"Berisha, Topalli dhe Basha, shkurt 2010\" width=\"250\" align=\"right\" \/><\/p>\n<p><strong>Shekulli Online<\/strong>, <em>20.06.2010<\/em><\/p>\n<p>TIRANE &#8211; Thellohet skandali i shitjes dhe privatizimit t\u00eb makinave shtet\u00ebrore. \u00c7mimet qesharake t\u00eb shitjes s\u00eb automjeteve n\u00eb pron\u00ebsi t\u00eb institucioneve shtet\u00ebrore poseduesve t\u00eb tyre p\u00ebrb\u00ebjn\u00eb vet\u00ebm nj\u00ebr\u00ebn nga pikat e dob\u00ebta t\u00eb ligjit &#8220;P\u00ebr rregullimin e sh\u00ebrbimit t\u00eb transportit t\u00eb funksionar\u00ebve publik&#8221;. Kjo pasi p\u00ebrve\u00e7 mund\u00ebsis\u00eb s\u00eb art\u00eb p\u00ebr t\u00eb luajtur me \u00e7mimin real t\u00eb tyre, ky ligj l\u00eb dhe nj\u00eb mund\u00ebsi tjet\u00ebr abuzimi nga drejtuesit e institucioneve dhe q\u00eb ka t\u00eb b\u00ebj\u00eb pik\u00ebrisht me ato makina q\u00eb n\u00eb momentin e daljes s\u00eb ligjit nuk kishin p\u00ebrdorues.<\/p>\n<p><strong>Ish-deputet\u00ebt<\/strong><\/p>\n<p>Nj\u00eb fenomen i till\u00eb duket se shtrihet m\u00eb gjer\u00ebsisht, pik\u00ebrisht n\u00eb institucionin e Kuvendit t\u00eb Shqip\u00ebris\u00eb, ku m\u00eb shum\u00eb se gjysma e makinave, p\u00ebr shkak t\u00eb ndryshimit t\u00eb legjislatur\u00ebs dhe moszgjedhjes s\u00eb gati t\u00eb 50 p\u00ebr qind t\u00eb deputet\u00ebve t\u00eb m\u00ebparsh\u00ebm, n\u00eb momentin e daljes s\u00eb ligjit nuk kishin p\u00ebrdorues. I pyetur nga &#8220;Shekulli&#8221; lidhur me fatin e automjeteve t\u00eb ish-deputet\u00ebve, sekretari i P\u00ebrgjithsh\u00ebm i Kuvendit, Marlind Myftiu, nuk pranoi t\u00eb kthej\u00eb p\u00ebrgjigje. Nd\u00ebrsa vet\u00eb ish-deputet\u00ebt t\u00eb kontaktuar me telefon kan\u00eb sqaruar se n\u00eb disa raste nuk kan\u00eb fare informacion mbi fatin e makinave t\u00eb tyre, nd\u00ebrsa n\u00eb disa raste t\u00eb tjera kur makinat kan\u00eb qen\u00eb t\u00eb reja dhe t\u00eb shtrenjta jan\u00eb v\u00ebn\u00eb n\u00eb p\u00ebrdorim t\u00eb atyre zyrtar\u00ebve t\u00eb lart\u00eb q\u00eb edhe me daljen e k\u00ebtij ligji kan\u00eb t\u00eb drejt\u00eb t\u00eb mbajn\u00eb ende makin\u00eb shtet\u00ebrore.<\/p>\n<p>&#8220;Nuk e di se kush e ka sot makin\u00ebn q\u00eb un\u00eb e kam pasur n\u00eb p\u00ebrdorim p\u00ebr gati 10 vjet, por shpesh e shikoj n\u00eb Elbasan. Un\u00eb e dor\u00ebzova n\u00eb momentin q\u00eb na mbaroi mandati dhe q\u00eb nga ajo koh\u00eb nuk kam informacion mbi makin\u00ebn q\u00eb p\u00ebrdorja, pavar\u00ebsisht se p\u00ebr shkak t\u00eb problemeve t\u00eb koh\u00ebve t\u00eb fundit t\u00eb legjislatur\u00ebs s\u00eb shkuar t\u00eb gjitha sh\u00ebrbimet ia kam b\u00ebr\u00eb makin\u00ebn me shpenzimet e mia&#8221;, &#8211; tha ish-deputeti Ndri\u00e7im Hysa. Nj\u00eb tjet\u00ebr ish-deputet q\u00eb denoncon k\u00ebt\u00eb fenomen \u00ebsht\u00eb edhe kreu socialdemokrat Sk\u00ebnder Gjinushi, q\u00eb gjat\u00eb legjislatur\u00ebs s\u00eb shkuar p\u00ebrdorte nj\u00eb nga makinat m\u00eb t\u00eb mira t\u00eb Kuvendit. &#8220;Nuk e di se \u00e7&#8217;u b\u00eb, por me sa kam informacion sot at\u00eb e p\u00ebrdor Topalli&#8221;, &#8211; u shpreh Gjinushi, nd\u00ebrsa ka shprehur indinjat\u00ebn e tij p\u00ebr t\u00eb gjith\u00eb procesin e shitjes s\u00eb makinave me \u00e7mime qesharake.<\/p>\n<p>N\u00eb baz\u00eb t\u00eb ligjit dhe vendimit q\u00eb ka dal\u00eb n\u00eb referenc\u00eb t\u00eb tij, kjo kategori automjetesh duhet t\u00eb dilte n\u00eb ankand p\u00ebr t&#8217;u shitur nga institucioni si makina t\u00eb tep\u00ebrta. Por, edhe p\u00ebr k\u00ebt\u00eb kategori automjetesh, ashtu si edhe p\u00ebr ato q\u00eb po i shiten zyrtar\u00ebve me t\u00eb drejt\u00ebn e parablerjes, procesi i shitjes \u00ebsht\u00eb jotransparent dhe mbi t\u00eb gjitha m\u00ebnyra e vler\u00ebsimit t\u00eb tyre \u00ebsht\u00eb krejt abuzive, duke pasur parasysh se p\u00ebrcaktimin i saj b\u00ebhet mbi nj\u00eb formul\u00eb q\u00eb ul ndjesh\u00ebm \u00e7mimin n\u00eb disfavor t\u00eb interesit publik.<\/p>\n<p><strong>Bra\u00e7e<\/strong><\/p>\n<p>Skema e shitjes s\u00eb automjeteve me t\u00eb drejt\u00ebn e parablerjes poseduesve t\u00eb tyre, pa qen\u00eb e nevojshme t\u00eb dalin n\u00eb nj\u00eb ankand t\u00eb mir\u00ebfillt\u00eb, \u00ebsht\u00eb refuzuar nga deputeti socialist, Erion Bra\u00e7e. N\u00ebp\u00ebrmjet nj\u00eb letre d\u00ebrguar pik\u00ebrisht sekretarit t\u00eb P\u00ebrgjithsh\u00ebm t\u00eb Kuvendit, Bra\u00e7e refuzon t\u00eb blej\u00eb makin\u00ebn q\u00eb ka pasur n\u00eb p\u00ebrdorim p\u00ebr 159 mij\u00eb lek\u00eb t\u00eb reja. Arsyet q\u00eb ai paraqet n\u00eb k\u00ebt\u00eb let\u00ebr lidhen pik\u00ebrisht me munges\u00ebn e transparenc\u00ebs n\u00eb procesin e vler\u00ebsimit t\u00eb automjetit, \u00e7ka, sipas tij, hedh hije t\u00eb forta dyshimi p\u00ebr nj\u00eb proces klientelist, favorizues, por edhe diskriminues.<\/p>\n<p>&#8220;Ulja e vler\u00ebs s\u00eb mjetit n\u00eb m\u00ebnyr\u00eb apriori n\u00eb mas\u00ebn 50 p\u00ebr qind, pa pasur parasysh gjendjen reale t\u00eb mjetit dhe amortizimin faktik t\u00eb tij, p\u00ebrb\u00ebn nj\u00eb baz\u00eb t\u00eb r\u00ebnd\u00ebsishme p\u00ebr t\u00eb favorizuar disa dhe diskriminuar disa t\u00eb tjer\u00eb. Kjo po p\u00ebrdoret si elementi themelor n\u00eb nj\u00eb vjedhje masive t\u00eb pasuris\u00eb publike, prej funksionar\u00ebve publik t\u00eb t\u00eb gjitha rangjeve, t\u00eb cil\u00ebt po pron\u00ebsojn\u00eb me \u00e7mime qesharake mjetet e institucioneve publike&#8230; Nisur nga k\u00ebtu, refuzoj ofert\u00ebn tuaj p\u00ebr t\u00eb bler\u00eb nj\u00eb mjet n\u00eb pron\u00ebsi t\u00eb Kuvendit me \u00e7mimin 159 mij\u00eb lek\u00eb&#8221;, &#8211; thot\u00eb deputeti Erion bra\u00e7e n\u00eb letr\u00ebn q\u00eb i ka d\u00ebrguar Kuvendit.<\/p>\n<p><em>14 qershor<\/em><\/p>\n<p><strong>Shkeljet e qeveris\u00eb me shitjen e makinave<\/strong><\/p>\n<p>Nisma e qeveris\u00eb p\u00ebr t\u00eb shkurtuar shpenzimet e buxhetit t\u00eb shtetit me heqjen e makinave t\u00eb zyrtar\u00ebve t\u00eb lart\u00eb \u00ebsht\u00eb kthyer n\u00eb nj\u00eb mund\u00ebsi t\u00eb art\u00eb abuzimi me pasurin\u00eb publike. T\u00eb gjitha automjetet q\u00eb deri n\u00eb fund t\u00eb vitit t\u00eb shkuar ishin n\u00eb pron\u00ebsi publike dhe n\u00eb p\u00ebrdorim t\u00eb zyrtar\u00ebve t\u00eb lart\u00eb ose jo, po shiten me tender\u00eb jo transparent\u00eb p\u00ebr &#8220;nj\u00eb cop\u00eb buk\u00eb&#8221;. Pjes\u00eb e k\u00ebtij procesi abuziv jan\u00eb b\u00ebr\u00eb edhe t\u00eb gjitha makinat n\u00eb pron\u00ebsi t\u00eb Kuvendit t\u00eb Shqip\u00ebris\u00eb dhe q\u00eb deri para pak koh\u00ebve p\u00ebrdoreshin p\u00ebr transportin e deputet\u00ebve ose t\u00eb drejtuesve t\u00eb tjer\u00eb t\u00eb lart\u00eb t\u00eb k\u00ebtij institucioni. N\u00ebp\u00ebrmjet komisioneve t\u00eb ankandit t\u00eb ngritur n\u00eb \u00e7do institucion, automjetet shtet\u00ebrore po u shiten me t\u00eb drejt\u00ebn e parablerjes q\u00eb siguron ligji i miratuar n\u00eb fund t\u00eb vitit t\u00eb shkuar &#8220;P\u00ebr rregullimin e sh\u00ebrbimit t\u00eb transportit t\u00eb funksionar\u00ebve publik&#8221;.<\/p>\n<p>N\u00eb baz\u00eb t\u00eb k\u00ebtij ligji vet\u00ebm nj\u00eb jav\u00eb pas miratimit t\u00eb tij qeveria e kryeministrit Sali Berisha miratoi nj\u00eb vendimi n\u00ebp\u00ebrmjet t\u00eb cilit p\u00ebrcaktoi praktik\u00ebn e shitjes s\u00eb automjeteve n\u00eb pron\u00ebsi t\u00eb institucioneve publike dhe n\u00eb sh\u00ebrbim t\u00eb zyrtar\u00ebve. K\u00ebshtu vendimi respektiv p\u00ebrcakton se fillimisht titullar\u00ebt e institucioneve shtet\u00ebrore p\u00ebrcaktojn\u00eb list\u00ebn e automjeteve t\u00eb tep\u00ebrta dhe q\u00eb n\u00eb baz\u00eb t\u00eb ligjit do u jepen p\u00ebr t&#8217;u parabler\u00eb nga vet p\u00ebrdoruesit e tyre. Lista p\u00ebrkat\u00ebse e automjeteve i vihet n\u00eb dispozicion drejtoris\u00eb s\u00eb doganave e cila n\u00ebp\u00ebrmjet buletineve t\u00eb saj dhe vler\u00ebsimit t\u00eb tregjeve europiane paraqet vler\u00ebn e blerjes s\u00eb automjetit nga ana e institucionit p\u00ebrkat\u00ebs.<\/p>\n<p>Nd\u00ebrkoh\u00eb q\u00eb titullari i institucionit paralelisht me marrjen e vler\u00ebs s\u00eb automjetit nga zyra m\u00eb e af\u00ebrt doganore ngreh komisionin e ankandit, i cili p\u00ebrpilon dhe formularin p\u00ebrkat\u00ebs t\u00eb shitjes s\u00eb automjetit zyrtarit q\u00eb e posedon. N\u00eb baz\u00eb t\u00eb nenit 4, pika 1, komisionet p\u00ebr t\u00eb llogaritur vler\u00ebn e mjetit t\u00eb transportit q\u00eb do t\u00eb dal\u00eb n\u00eb ankand, i referohet tabel\u00ebs s\u00eb d\u00ebrguar nga zyra doganore, e cila ka p\u00ebrdorur si burim informacioni buletinet q\u00eb pasqyrojn\u00eb \u00e7mimet e shitjes n\u00eb tregjet europiane. K\u00ebsaj vlere t\u00eb p\u00ebrcaktuar n\u00eb k\u00ebto tabela doganore, sipas pik\u00ebs 2 t\u00eb t\u00eb nj\u00ebjtit nen i zbritet 50 p\u00ebr qind si koeficient amortizimi p\u00ebr shkak t\u00eb p\u00ebrdorimit t\u00eb mjetit n\u00eb territorin e Republik\u00ebs s\u00eb Shqip\u00ebris\u00eb. Vlera e mbetur pas k\u00ebsaj zbritje, \u00ebsht\u00eb edhe vlera fillestare q\u00eb do ti paraqitet zyrtarit p\u00ebr ta bler\u00eb.<\/p>\n<p>Pik\u00ebrisht kjo formul\u00eb p\u00ebrllogaritje l\u00eb vend p\u00ebr abuzim dhe nuk jep vler\u00ebn reale t\u00eb automjetit. K\u00ebshtu zyrtar\u00ebve s\u00eb pari automjetet nuk do u njihet si vler\u00eb totale e automjetit kostoja e zhdoganimit, pasi b\u00ebhet fjal\u00eb p\u00ebr automjete n\u00eb pron\u00ebsi shtet\u00ebrore. S\u00eb dyti ajo q\u00eb e b\u00ebn\u00eb k\u00ebt\u00eb proces vler\u00ebsimi t\u00eb automjetit skandaloz \u00ebsht\u00eb kriteri i zbritjes s\u00eb vler\u00ebs s\u00eb amortizimit. P\u00ebrcaktimi q\u00eb b\u00ebhet n\u00eb vendimin e qeveris\u00eb nuk b\u00ebn\u00eb dallim n\u00ebse automjetit \u00ebsht\u00eb futur n\u00eb p\u00ebrdorim n\u00eb Shqip\u00ebri prej 1, 2 apo m\u00eb shum\u00eb vitesh. T\u00eb gjitha automjetet pavar\u00ebsisht nga viti i hyrjes n\u00eb p\u00ebrdorim n\u00eb vendin ton\u00eb kan\u00eb t\u00eb nj\u00ebjt\u00ebn vler\u00eb amortizimi, pra duke iu zbritur 50 p\u00ebr qind t\u00eb vler\u00ebs s\u00eb raportuar nga zyra doganore.<\/p>\n<p>K\u00ebshtu p\u00ebr t\u00eb b\u00ebr\u00eb vler\u00ebsimin p\u00ebrfundimtar t\u00eb automjetit nuk merret parasysh viti i prodhimit, vitet e p\u00ebrdorimit n\u00eb Shqip\u00ebri, si dhe gjendja faktike e automjetit. Pak r\u00ebnd\u00ebsi ka n\u00ebse nj\u00eb automjet \u00ebsht\u00eb n\u00eb nj\u00eb gjendje t\u00eb r\u00ebnd\u00eb apo t\u00eb mir\u00eb teknike, pasi vlera e zbritjes \u00ebsht\u00eb e barabart\u00eb, pra 50 p\u00ebr qind. Kjo sjell nj\u00eb humbje t\u00eb konsiderueshme t\u00eb pasuris\u00eb shtet\u00ebrore, pra t\u00eb pasuris\u00eb s\u00eb shqiptar\u00ebve, pasi nga vlera fillestare makinat do shiten me gjysm\u00ebn e atij \u00e7mimi. Humbja b\u00ebhet m\u00eb e madhe n\u00eb rastin e makinave t\u00eb shtrenjta, pavar\u00ebsisht se n\u00eb p\u00ebrqindje \u00ebsht\u00eb e barabart\u00eb. N\u00ebp\u00ebrmjet k\u00ebtij favori funksionarit p\u00ebrkat\u00ebs i garantohet mund\u00ebsia e parablerjes s\u00eb automjetit me vler\u00ebn fillestare t\u00eb p\u00ebrcaktuar nga komisioni i ankandit, pa qen\u00eb e nevojshme t\u00eb kalohet n\u00eb nj\u00eb proces t\u00eb rregullt ankandi \u00e7ka mund t\u00eb rriste edhe vler\u00ebn e automjetit apo asetit publik.<\/p>\n<p>Por nuk mjafton vet\u00ebm me kaq pasi n\u00eb m\u00ebnyr\u00eb abuzive s\u00ebrish komisionet e ankandeve iu \u00ebsht\u00eb dh\u00ebn\u00eb e drejta t\u00eb b\u00ebjn\u00eb ulje t\u00eb tjera dhe kjo n\u00eb var\u00ebsi t\u00eb problematikave q\u00eb mund t\u00eb ken\u00eb automjetet e ndryshme. Kjo ka sjell\u00eb q\u00eb automjete n\u00eb pron\u00ebsi shtet\u00ebrore me vlera t\u00eb konsiderueshme t\u00eb mund t\u00eb blihen nga p\u00ebrdoruesit e tyre me \u00e7mime qesharake. K\u00ebshtu automjete me vler\u00eb reale 40 deri n\u00eb 50 mij\u00eb euro po arrijn\u00eb t\u00eb shiten p\u00ebr vet\u00ebm 4 deri n\u00eb 5 milion\u00eb lek\u00eb t\u00eb vjetra. Nj\u00eb praktik\u00eb e till\u00eb nisma e qeveris\u00eb p\u00ebr t\u00eb kursyer parat\u00eb publike t\u00eb shpenzuara m\u00eb par\u00eb p\u00ebr transportin e funksionar\u00ebve publik\u00eb, rezulton t\u00eb jet\u00eb kthyer n\u00eb nj\u00eb nism\u00eb p\u00ebr t\u00eb pron\u00ebsuar pasurin\u00eb publike t\u00eb shqiptar\u00ebve n\u00ebp\u00ebrmjet procedurave jo transparente dhe \u00e7mimeve qesharake.<\/p>\n<p style=\"text-align: center;\">* * *<\/p>\n<p><strong>PS shkon n\u00eb seanca, Topalli i heq pag\u00ebn<\/strong><\/p>\n<p><em>9 qershor<\/em><\/p>\n<p>Trajtimi financiar i deputet\u00ebve t\u00eb Kuvendit t\u00eb Shqip\u00ebris\u00eb vijon t\u00eb mos b\u00ebhet n\u00eb baz\u00eb t\u00eb ndonj\u00eb ligji e as n\u00eb baz\u00eb t\u00eb ndonj\u00eb praktike fikse t\u00eb nj\u00ebjt\u00eb p\u00ebr t\u00eb gjith\u00eb. Administrata q\u00eb merret me financat n\u00eb Kuvendin e Shqip\u00ebris\u00eb duket se m\u00eb shum\u00eb punon mbi baz\u00ebn e urdhrave t\u00eb kryeparlamentares Jozefina Topalli sesa mbi normat ligjore q\u00eb parashikojn\u00eb dhe praktikat p\u00ebrkat\u00ebse, duke b\u00ebr\u00eb shpeshher\u00eb trajtime preferenciale p\u00ebr deputet\u00eb t\u00eb ndrysh\u00ebm. E duket se deputet\u00ebt socialist\u00eb kan\u00eb mbetur s\u00ebrish pre e nj\u00eb politike t\u00eb till\u00eb, pasi n\u00eb muajin maj jan\u00eb penalizuar n\u00eb m\u00ebnyr\u00eb abuzime me nga 20 mij\u00eb lek\u00eb secili p\u00ebr mospjes\u00ebmarrje n\u00eb t\u00eb 5 seancat plenare t\u00eb muajit prill, pavar\u00ebsisht se procesverbalet e publikuara n\u00eb faqen zyrtare t\u00eb Kuvendit tregojn\u00eb t\u00eb kund\u00ebrt\u00ebn.<\/p>\n<p><strong>Nd\u00ebshkimi<\/strong><\/p>\n<p>Deputet\u00ebt socialist\u00eb nd\u00ebshkohen financiarisht me heqjen e nj\u00eb pjese t\u00eb pages\u00ebs s\u00eb muajit maj p\u00ebr mospjes\u00ebmarrje n\u00eb 5 seancat plenare t\u00eb muajit prill, megjith\u00ebse ata kan\u00eb qen\u00eb t\u00eb pranish\u00ebm n\u00eb 3 prej tyre. Si\u00e7 vihet re n\u00eb tabulatin e lajm\u00ebrim kreditimit p\u00ebr pag\u00ebn e muajit maj, t\u00eb zgjedhurit socialist\u00eb kan\u00eb mundur t\u00eb marrin vet\u00ebm 19.4 lek\u00eb dhe kjo edhe si pasoj\u00eb e penalizimit q\u00eb administrata e Kuvendit i ka b\u00ebr\u00eb atyre me nga 20 mij\u00eb lek\u00eb me argumentin se nuk kan\u00eb marr\u00eb pjes\u00eb n\u00eb seancat e muajit prill. K\u00ebshtu, n\u00eb tabulatin sqarues evidentohet se atyre iu jan\u00eb ndalur nga 20 mij\u00eb lek\u00eb t\u00eb reja p\u00ebr mungesa dhe masa disiplinore t\u00eb kryera n\u00eb muajin prill.<\/p>\n<p>Duke u nisur nga fakti se me vendimet e m\u00ebparshme t\u00eb Kuvendit \u00ebsht\u00eb caktuar q\u00eb nj\u00eb deputeti i mbahet 4 mij\u00eb lek\u00eb p\u00ebr \u00e7do munges\u00eb n\u00eb seanc\u00eb plenare, rezulton se deputet\u00ebve t\u00eb majt\u00eb iu jan\u00eb mbajtur 20 mij\u00eb lek\u00eb, t\u00eb cilat i korrespondojn\u00eb 5 seancave plenare, q\u00eb jan\u00eb zhvilluar n\u00eb muajin prill. Por, nj\u00eb p\u00ebrllogaritje e till\u00eb e b\u00ebr\u00eb nga administrata e Kuvendit nuk q\u00ebndron, pasi nga procesverbalet e publikuara n\u00eb faqen zyrtare t\u00eb k\u00ebtij institucioni rezulton se t\u00eb zgjedhurit socialist\u00eb kan\u00eb marr\u00eb pjes\u00eb n\u00eb 3 seanca plenare nga 5 q\u00eb jan\u00eb zhvilluar gjithsej. K\u00ebshtu, ata kan\u00eb qen\u00eb prezent\u00eb n\u00eb seanc\u00ebn e s\u00eb enjteve t\u00eb datave 1, 8 dhe 29 prill, duke mos qen\u00eb prezent vet\u00ebm n\u00eb dy prej tyre kur edhe u sensibilizuan me kolegun e tyre Taulant Balla, i cili u d\u00ebnua nga Byroja Parlamentare.<\/p>\n<p>Fjala e mbajtur nga kryetarja Topalli n\u00eb k\u00ebto seanca, duke b\u00ebr\u00eb t\u00eb ditur list\u00ebn e deputet\u00ebve socialist\u00eb q\u00eb kishin k\u00ebrkuar fjal\u00ebn n\u00eb k\u00ebto seanca, por edhe fjalimet e vet\u00eb deputet\u00ebve socialist\u00eb t\u00eb zbardhura n\u00eb k\u00ebto procesverbale jan\u00eb nj\u00eb d\u00ebshmi e plot\u00eb p\u00ebr t\u00eb treguar se kriteri penalizues i ndjekur nga Kuvendi nuk ka p\u00ebr baz\u00eb pjes\u00ebmarrjen n\u00eb seanc\u00eb, por penalizimin e vazhduesh\u00ebm q\u00eb kryetarja Topalli u ka b\u00ebr\u00eb atyre p\u00ebr gati 10 muaj me radh\u00eb.<\/p>\n<p><strong>Akuzat<\/strong><\/p>\n<p>Pavar\u00ebsisht vler\u00ebs simbolike t\u00eb shum\u00ebs s\u00eb lek\u00ebve q\u00eb jan\u00eb ndalur, e r\u00ebnd\u00ebsishme \u00ebsht\u00eb se penalizimi i kryer nga Kuvendi \u00ebsht\u00eb abuziv dhe jo i drejt\u00eb, \u00e7ka duket se bind edhe m\u00eb shum\u00eb deputet\u00ebt e majt\u00eb p\u00ebr t\u00eb akuzuar kryeparlamentaren Topalli se po e p\u00ebrdor k\u00ebt\u00eb institucion kund\u00ebr opozit\u00ebs. Gjat\u00eb dit\u00ebve t\u00eb fundit, grupi parlamentar socialist p\u00ebrve\u00e7 akuzave t\u00eb drejtp\u00ebrdrejta t\u00eb ngritura n\u00eb sall\u00ebn e Kuvendit duket se jan\u00eb duke menduar edhe p\u00ebr nj\u00eb padi t\u00eb kryetares Topalli n\u00eb organet e drejt\u00ebsis\u00eb, p\u00ebr abuzim me pagat dhe dietat e tyre.<\/p>\n<p>Gjithashtu, nj\u00eb plan tjet\u00ebr \u00ebsht\u00eb edhe ai p\u00ebr t\u00eb k\u00ebrkuar nj\u00eb hetim parlamentar p\u00ebr t\u00eb gjith\u00eb veprimtarin\u00eb parlamentare t\u00eb Topallit dhe p\u00ebrdorimin e buxhetit t\u00eb k\u00ebtij institucioni. Do t\u00eb jet\u00eb pik\u00ebrisht mbledhja e sotme e grupit parlamentar ajo q\u00eb do t\u00eb vendos\u00eb nd\u00ebr t\u00eb tjera edhe p\u00ebr k\u00ebto dy mund\u00ebsi. Dje, shqet\u00ebsimin e tyre p\u00ebr k\u00ebt\u00eb problem, ata ia p\u00ebrcoll\u00ebn n\u00ebp\u00ebrmjet nj\u00eb letre edhe trupit diplomatik t\u00eb akredituar n\u00eb Tiran\u00eb.<\/p>\n<p style=\"text-align: center;\">* * *<\/p>\n<p>Politika e kryetares s\u00eb Kuvendit, Jozefina Topalli, me pagat dhe dietat e deputet\u00ebve socialist\u00eb p\u00ebrfundon n\u00eb dyert e trupit diplomatik n\u00eb Tiran\u00eb. Grupi parlamentar socialist ka vendosur t&#8217;i drejtohet me nj\u00eb let\u00ebr p\u00ebrfaq\u00ebsuesve t\u00eb shteteve m\u00eb t\u00eb r\u00ebnd\u00ebsish\u00ebm n\u00eb marr\u00ebdh\u00ebniet me Shqip\u00ebrin\u00eb n\u00eb vendin ton\u00eb, p\u00ebr t&#8217;i v\u00ebn\u00eb n\u00eb dijeni mbi at\u00eb q\u00eb ndodh realisht me trajtimin financiar t\u00eb tyre nga ana e Kuvendit, si nj\u00eb p\u00ebrpjekje e vazhdueshme e kryeparlamentares Topalli p\u00ebr t\u00eb frenuar apo asgj\u00ebsuar rolin opozitar parlamentar.<\/p>\n<p>Deputet\u00eb socialist\u00eb kan\u00eb konfirmuar dje se letra do t\u00eb mbaj\u00eb firm\u00ebn e kreut t\u00eb grupit parlamentar, Gramoz Ru\u00e7i, dhe do t&#8217;i niset konkretisht kreut t\u00eb p\u00ebrfaq\u00ebsis\u00eb diplomatike t\u00eb Komisionit Europian, Helmut Lohan, kreut t\u00eb ambasad\u00ebs spanjolle, Emanuel Montobio, si vendi q\u00eb mban presidenc\u00ebn e radh\u00ebs s\u00eb BE-s\u00eb, ambasadorit t\u00eb OSBE-s\u00eb, Robert Bosch, si dhe ambasadorit amerikan, Xhohn Withers. N\u00eb letr\u00ebn e hartuar tashm\u00eb pasqyrohet nj\u00eb histori e shkurt\u00ebr e penalizimeve t\u00eb nj\u00ebpasnj\u00ebshme q\u00eb kryeparlamentarja Topalli i ka b\u00ebr\u00eb pag\u00ebs dhe dietave t\u00eb deputet\u00ebve socialist\u00eb, duke b\u00ebr\u00eb interpretime t\u00eb ndryshme t\u00eb ligjit &#8220;P\u00ebr statusin e deputetit&#8221;. M\u00eb tej, si\u00e7 m\u00ebsohet nga t\u00eb nj\u00ebjtat burime informacioni n\u00eb let\u00ebr konstaton shkelje t\u00eb ve\u00e7anta t\u00eb ligjit dhe t\u00eb rregullores s\u00eb Kuvendit nga ana e kryeparlamentares, ku natyrisht veprime t\u00eb tilla cil\u00ebsohen si t\u00eb q\u00ebllimshme nga ana e saj.<\/p>\n<p>N\u00eb let\u00ebr, \u00e7\u00ebshtja e pagave dhe dietave nuk trajtohet thjesht si nj\u00eb e ardhur financiare p\u00ebr deputet\u00ebt, por si nj\u00eb instrument financiar i domosdosh\u00ebm p\u00ebr t\u00eb kryer aktivitetin normal kushtetues t\u00eb t\u00eb zgjedhurit t\u00eb popullit. Ambasador\u00ebt informohen n\u00ebp\u00ebrmjet k\u00ebsaj letre se administrata financiare e kryetares Topalli p\u00ebrdor standarde t\u00eb shum\u00ebfishta p\u00ebr trajtimin financiar t\u00eb deputet\u00ebve q\u00eb, sipas socialist\u00ebve, tregon fare qart\u00eb se kufizimet apo mbajta e pag\u00ebs dhe dietave nuk b\u00ebhet n\u00eb baz\u00eb t\u00eb ndonj\u00eb ligji apo rregulli t\u00eb caktuar, por vet\u00ebm n\u00eb referim t\u00eb d\u00ebshir\u00ebs dhe humorit t\u00eb kryeparlamentares.<\/p>\n<p>Rasti m\u00eb i fresk\u00ebt i k\u00ebtij lloj abuzimi, sipas socialist\u00ebve, \u00ebsht\u00eb paga e muajit maj, ku vendimit t\u00eb fundit t\u00eb k\u00ebtij muaji p\u00ebr detajimin e ri t\u00eb pag\u00ebs s\u00eb deputetit, iu dha fuqi prapavepruese, \u00e7ka solli p\u00ebr pasoj\u00eb q\u00eb deputet\u00ebt socialist\u00eb t\u00eb merrnin n\u00eb rastin m\u00eb t\u00eb mir\u00eb maksimumi 19.4 mij\u00eb lek\u00eb ose n\u00eb rastin m\u00eb t\u00eb keq minimumi o lek\u00eb, pavar\u00ebsisht se ata mor\u00ebn pjes\u00eb n\u00eb nj\u00eb seanc\u00eb plenare nga 4 q\u00eb u kryen gjithsej. Nd\u00ebrkoh\u00eb q\u00eb m\u00eb par\u00eb ka pasur raste t\u00eb shumta ku deputet\u00eb t\u00eb t\u00eb nj\u00ebjt\u00ebs zon\u00eb zgjedhore, trajtoheshin me dieta n\u00eb m\u00ebnyr\u00eb t\u00eb ndryshme, ku p\u00ebrfaq\u00ebsuesit socialist\u00eb arrinin t\u00eb merrnin vet\u00ebm 18 mij\u00eb lek\u00eb dieta, nd\u00ebrsa ata demokrat mund t\u00eb merrnin deri n\u00eb 80 mij\u00eb lek\u00eb t\u00eb reja. K\u00ebtu Topalli p\u00ebrfshinte edhe veten e saj, duke akorduar rreth 80 mij\u00eb lek\u00eb dieta sikur jetonte n\u00eb Shkod\u00ebr, megjith\u00ebse jeton n\u00eb Tiran\u00eb.<\/p>\n<p>Sipas socialist\u00ebve, dietat dhe paga nuk jepet vet\u00ebm p\u00ebr pjes\u00ebmarrjen n\u00eb kuvend dhe komisione, por edhe p\u00ebr t\u00eb mund\u00ebsuar ushtrimin e funksionit t\u00eb deputetit n\u00eb zonat e tyre p\u00ebrkat\u00ebse zgjedhore. Lidhur me k\u00ebt\u00eb problem, socialist\u00ebt kan\u00eb paralajm\u00ebruar se do t\u00eb nd\u00ebrmarrin edhe nisma hetimore, parlamentare apo penale. Sipas burimeve pran\u00eb grupit socialist, pritet q\u00eb n\u00eb dit\u00ebt n\u00eb vijim t\u00eb p\u00ebrcaktohet se cili do t\u00eb jet\u00eb hapi q\u00eb do t\u00eb nd\u00ebrmerret, pasi ekziston mund\u00ebsia e nj\u00eb padie n\u00eb prokurori e kryeparlamentares Topalli dhe sekretarit t\u00eb saj t\u00eb p\u00ebrgjithsh\u00ebm p\u00ebr abuzim me pagat dhe dietat e tyre, por nuk p\u00ebrjashtohet si mund\u00ebsi paraqitja e nj\u00eb k\u00ebrkese p\u00ebr hetim parlamentar t\u00eb shpenzimeve t\u00eb buxhetit dhe funksionimit t\u00eb institucionit t\u00eb kuvendit.<\/p>\n<p style=\"text-align: center;\">* * *<\/p>\n<p><strong>Topalli, 600 mln lek\u00eb p\u00ebr sall\u00ebn e re t\u00eb Kuvendit<\/strong><\/p>\n<p>Kuvendi i Shqip\u00ebris\u00eb do ndryshoj\u00eb fytyr\u00eb. Selia e seancave plenare do ti n\u00ebnshtrohet nj\u00eb rikonstruksioni t\u00eb plot\u00eb. Kuvendi ka p\u00ebrmbyllur dy tenderat me vler\u00eb totale 600 milion\u00eb lek\u00eb t\u00eb reja p\u00ebr rikonstruksionin e godin\u00ebs dhe mobilimin e sall\u00ebs ku zhvillohen mbledhjes s\u00eb seancave plenare dhe n\u00eb fund t\u00eb korrikut firma fituese do filloj pun\u00eb p\u00ebr t\u00eb realizuar projektin.<\/p>\n<p><strong>Rikonstruksioni<\/strong><\/p>\n<p>Bojkoti 9 mujor i Kuvendit nga opozita ka pasur dhe nj\u00eb an\u00eb t\u00eb vet pozitive. P\u00ebr shkak t\u00eb mospjes\u00ebmarrjes s\u00eb deputet\u00ebve socialist\u00eb n\u00eb jet\u00ebn parlamentare dhe p\u00ebr rrjedhoj\u00eb t\u00eb mospagimit t\u00eb tyre, drejtuesit e Kuvendit kan\u00eb mundur t\u00eb sigurojn\u00eb nj\u00eb gjendje t\u00eb mir\u00eb financiare, \u00e7ka u ka dh\u00ebn\u00eb mund\u00ebsi q\u00eb jo vet\u00ebm t\u00eb japin shp\u00ebrblime p\u00ebr punonj\u00ebsit e administrat\u00ebs, por edhe t\u00eb krijojn\u00eb mund\u00ebsin\u00eb p\u00ebr t\u00eb rritur z\u00ebrin e investimeve. Fal\u00eb nj\u00eb gjendje t\u00eb mir\u00eb financiare, t\u00eb siguruar edhe p\u00ebr shkak t\u00eb k\u00ebtij bojkoti, institucioni legjislativ vendosi t\u00eb nd\u00ebrhyj\u00eb godin\u00ebn e sall\u00ebs s\u00eb seancave plenare.<\/p>\n<p>Megjith\u00ebse Kuvendi ka hartuar nj\u00eb projekt afatgjat\u00eb p\u00ebr ngritjen e nj\u00eb kompleksi parlamentar n\u00eb ambientet ekzistuese t\u00eb kryesis\u00eb apo si\u00e7 njihet ndryshe tek godina e ish-Komitetit Qendror, drejtuesit aktual t\u00eb k\u00ebtij institucioni kan\u00eb vendos t\u00eb mos presin gjat\u00eb por t\u00eb nd\u00ebrhyjn\u00eb n\u00eb godin\u00ebn ekzistuese t\u00eb seancave plenare. K\u00ebshtu, drejtoria e prokurimeve ka zhvilluar n\u00eb mes t\u00eb muajit maj tenderin me vler\u00eb 48,6 milion\u00eb lek\u00ebsh t\u00eb reja p\u00ebr rikonstruksionin e Sall\u00ebs s\u00eb Seancave Plenare dhe ka shpallur firm\u00ebn fituese e cila do merret me zbatimin e projektit n\u00eb teren.<\/p>\n<p>Ajo q\u00eb dihet me siguri deri m\u00eb tani \u00ebsht\u00eb nd\u00ebrhyrja brenda n\u00eb sall\u00eb, por nuk p\u00ebrjashtohet mund\u00ebsia q\u00eb me k\u00ebt\u00eb shum\u00eb t\u00eb konsiderueshme lek\u00ebsh t\u00eb mund t\u00eb rikonstruktohen edhe pjes\u00ebt e tjera t\u00eb k\u00ebsaj godine. Burime nga Kuvendi kan\u00eb b\u00ebr\u00eb t\u00eb ditur se pritet t\u00eb nd\u00ebrhyhet edhe n\u00eb llozat e t\u00eb ftuarve, n\u00eb platen\u00eb ku sot q\u00ebndron media, zyrat e grupeve parlamentare etj. Nuk dihet ende n\u00ebse projekti parashikon ruajtjen e formatit aktual, por nuk p\u00ebrjashtohet mund\u00ebsia e ndryshimit t\u00eb vendeve ku q\u00ebndron kabineti qeveritar, si dhe t\u00eb tavolin\u00ebs s\u00eb drejtuesve t\u00eb Kuvendit.<\/p>\n<p>Nj\u00eb tjet\u00ebr ndryshim mund t\u00eb b\u00ebhet edhe p\u00ebr vendet ku q\u00ebndrojn\u00eb kamerat dhe gazetar\u00ebt. Sipas formularit t\u00eb kontrat\u00ebs s\u00eb n\u00ebnshkruar mes drejtoris\u00eb s\u00eb prokurimeve dhe firm\u00ebs fituese punimet duhet t\u00eb nisin menj\u00ebher\u00eb dhe t\u00eb p\u00ebrfundojn\u00eb para dat\u00ebs 1 shtator 2010, pra para nisjes s\u00eb sesionit t\u00eb ri parlamentar.<\/p>\n","protected":false},"excerpt":{"rendered":"<p>Shekulli Online, 20.06.2010 TIRANE &#8211; Thellohet skandali i shitjes dhe privatizimit t\u00eb makinave shtet\u00ebrore. \u00c7mimet qesharake t\u00eb shitjes s\u00eb automjeteve n\u00eb pron\u00ebsi t\u00eb institucioneve shtet\u00ebrore poseduesve t\u00eb tyre p\u00ebrb\u00ebjn\u00eb vet\u00ebm nj\u00ebr\u00ebn nga pikat e dob\u00ebta t\u00eb ligjit &#8220;P\u00ebr rregullimin e sh\u00ebrbimit t\u00eb transportit t\u00eb funksionar\u00ebve publik&#8221;. Kjo pasi p\u00ebrve\u00e7 mund\u00ebsis\u00eb s\u00eb art\u00eb p\u00ebr t\u00eb luajtur [&hellip;]<\/p>\n","protected":false},"author":1,"featured_media":0,"comment_status":"open","ping_status":"closed","sticky":false,"template":"","format":"standard","meta":{"footnotes":""},"categories":[2],"tags":[],"class_list":{"0":"post-3041","1":"post","2":"type-post","3":"status-publish","4":"format-standard","6":"category-artikuj"},"yoast_head":"<!-- This site is optimized with the Yoast SEO plugin v27.4 - https:\/\/yoast.com\/product\/yoast-seo-wordpress\/ -->\n<title>Thellohet skandali me makinat e deputet\u00ebve, dyshime mbi Topallin - FjALA e LIR\u00cb - Arkivi<\/title>\n<meta name=\"robots\" content=\"index, follow, max-snippet:-1, max-image-preview:large, max-video-preview:-1\" \/>\n<link rel=\"canonical\" href=\"https:\/\/fjala.info\/2009-2015\/thellohet-skandali-me-makinat-e-deputeteve-dyshime-mbi-topallin\/\" \/>\n<meta property=\"og:locale\" content=\"sq_AL\" \/>\n<meta property=\"og:type\" content=\"article\" \/>\n<meta property=\"og:title\" content=\"Thellohet skandali me makinat e deputet\u00ebve, dyshime mbi Topallin - FjALA e LIR\u00cb - Arkivi\" \/>\n<meta property=\"og:description\" content=\"Shekulli Online, 20.06.2010 TIRANE &#8211; Thellohet skandali i shitjes dhe privatizimit t\u00eb makinave shtet\u00ebrore. \u00c7mimet qesharake t\u00eb shitjes s\u00eb automjeteve n\u00eb pron\u00ebsi t\u00eb institucioneve shtet\u00ebrore poseduesve t\u00eb tyre p\u00ebrb\u00ebjn\u00eb vet\u00ebm nj\u00ebr\u00ebn nga pikat e dob\u00ebta t\u00eb ligjit &#8220;P\u00ebr rregullimin e sh\u00ebrbimit t\u00eb transportit t\u00eb funksionar\u00ebve publik&#8221;. Kjo pasi p\u00ebrve\u00e7 mund\u00ebsis\u00eb s\u00eb art\u00eb p\u00ebr t\u00eb luajtur [&hellip;]\" \/>\n<meta property=\"og:url\" content=\"https:\/\/fjala.info\/2009-2015\/thellohet-skandali-me-makinat-e-deputeteve-dyshime-mbi-topallin\/\" \/>\n<meta property=\"og:site_name\" content=\"FjALA e LIR\u00cb - Arkivi\" \/>\n<meta property=\"article:published_time\" content=\"2010-06-20T22:12:23+00:00\" \/>\n<meta property=\"og:image\" content=\"http:\/\/www.shkoder.net\/images\/fjala\/2010\/berisha_topalli_basha_shk10.jpg\" \/>\n<meta name=\"author\" content=\"admin\" \/>\n<meta name=\"twitter:card\" content=\"summary_large_image\" \/>\n<meta name=\"twitter:label1\" content=\"Written by\" \/>\n\t<meta name=\"twitter:data1\" content=\"admin\" \/>\n\t<meta name=\"twitter:label2\" content=\"Est. reading time\" \/>\n\t<meta name=\"twitter:data2\" content=\"17 minutes\" \/>\n<script type=\"application\/ld+json\" class=\"yoast-schema-graph\">{\"@context\":\"https:\\\/\\\/schema.org\",\"@graph\":[{\"@type\":\"Article\",\"@id\":\"https:\\\/\\\/fjala.info\\\/2009-2015\\\/thellohet-skandali-me-makinat-e-deputeteve-dyshime-mbi-topallin\\\/#article\",\"isPartOf\":{\"@id\":\"https:\\\/\\\/fjala.info\\\/2009-2015\\\/thellohet-skandali-me-makinat-e-deputeteve-dyshime-mbi-topallin\\\/\"},\"author\":{\"name\":\"admin\",\"@id\":\"https:\\\/\\\/fjala.info\\\/2009-2015\\\/#\\\/schema\\\/person\\\/3aa1163ef05469c496fc94e77611ada2\"},\"headline\":\"Thellohet skandali me makinat e deputet\u00ebve, dyshime mbi Topallin\",\"datePublished\":\"2010-06-20T22:12:23+00:00\",\"mainEntityOfPage\":{\"@id\":\"https:\\\/\\\/fjala.info\\\/2009-2015\\\/thellohet-skandali-me-makinat-e-deputeteve-dyshime-mbi-topallin\\\/\"},\"wordCount\":3502,\"commentCount\":0,\"publisher\":{\"@id\":\"https:\\\/\\\/fjala.info\\\/2009-2015\\\/#organization\"},\"image\":{\"@id\":\"https:\\\/\\\/fjala.info\\\/2009-2015\\\/thellohet-skandali-me-makinat-e-deputeteve-dyshime-mbi-topallin\\\/#primaryimage\"},\"thumbnailUrl\":\"http:\\\/\\\/www.shkoder.net\\\/images\\\/fjala\\\/2010\\\/berisha_topalli_basha_shk10.jpg\",\"articleSection\":[\"Artikuj\"],\"inLanguage\":\"sq-AL\",\"potentialAction\":[{\"@type\":\"CommentAction\",\"name\":\"Comment\",\"target\":[\"https:\\\/\\\/fjala.info\\\/2009-2015\\\/thellohet-skandali-me-makinat-e-deputeteve-dyshime-mbi-topallin\\\/#respond\"]}]},{\"@type\":\"WebPage\",\"@id\":\"https:\\\/\\\/fjala.info\\\/2009-2015\\\/thellohet-skandali-me-makinat-e-deputeteve-dyshime-mbi-topallin\\\/\",\"url\":\"https:\\\/\\\/fjala.info\\\/2009-2015\\\/thellohet-skandali-me-makinat-e-deputeteve-dyshime-mbi-topallin\\\/\",\"name\":\"Thellohet skandali me makinat e deputet\u00ebve, dyshime mbi Topallin - FjALA e LIR\u00cb - Arkivi\",\"isPartOf\":{\"@id\":\"https:\\\/\\\/fjala.info\\\/2009-2015\\\/#website\"},\"primaryImageOfPage\":{\"@id\":\"https:\\\/\\\/fjala.info\\\/2009-2015\\\/thellohet-skandali-me-makinat-e-deputeteve-dyshime-mbi-topallin\\\/#primaryimage\"},\"image\":{\"@id\":\"https:\\\/\\\/fjala.info\\\/2009-2015\\\/thellohet-skandali-me-makinat-e-deputeteve-dyshime-mbi-topallin\\\/#primaryimage\"},\"thumbnailUrl\":\"http:\\\/\\\/www.shkoder.net\\\/images\\\/fjala\\\/2010\\\/berisha_topalli_basha_shk10.jpg\",\"datePublished\":\"2010-06-20T22:12:23+00:00\",\"breadcrumb\":{\"@id\":\"https:\\\/\\\/fjala.info\\\/2009-2015\\\/thellohet-skandali-me-makinat-e-deputeteve-dyshime-mbi-topallin\\\/#breadcrumb\"},\"inLanguage\":\"sq-AL\",\"potentialAction\":[{\"@type\":\"ReadAction\",\"target\":[\"https:\\\/\\\/fjala.info\\\/2009-2015\\\/thellohet-skandali-me-makinat-e-deputeteve-dyshime-mbi-topallin\\\/\"]}]},{\"@type\":\"ImageObject\",\"inLanguage\":\"sq-AL\",\"@id\":\"https:\\\/\\\/fjala.info\\\/2009-2015\\\/thellohet-skandali-me-makinat-e-deputeteve-dyshime-mbi-topallin\\\/#primaryimage\",\"url\":\"http:\\\/\\\/www.shkoder.net\\\/images\\\/fjala\\\/2010\\\/berisha_topalli_basha_shk10.jpg\",\"contentUrl\":\"http:\\\/\\\/www.shkoder.net\\\/images\\\/fjala\\\/2010\\\/berisha_topalli_basha_shk10.jpg\"},{\"@type\":\"BreadcrumbList\",\"@id\":\"https:\\\/\\\/fjala.info\\\/2009-2015\\\/thellohet-skandali-me-makinat-e-deputeteve-dyshime-mbi-topallin\\\/#breadcrumb\",\"itemListElement\":[{\"@type\":\"ListItem\",\"position\":1,\"name\":\"Home\",\"item\":\"https:\\\/\\\/fjala.info\\\/2009-2015\\\/\"},{\"@type\":\"ListItem\",\"position\":2,\"name\":\"Thellohet skandali me makinat e deputet\u00ebve, dyshime mbi Topallin\"}]},{\"@type\":\"WebSite\",\"@id\":\"https:\\\/\\\/fjala.info\\\/2009-2015\\\/#website\",\"url\":\"https:\\\/\\\/fjala.info\\\/2009-2015\\\/\",\"name\":\"FjALA e LIR\u00cb - Arkivi\",\"description\":\"Arkivi 2009-2015\",\"publisher\":{\"@id\":\"https:\\\/\\\/fjala.info\\\/2009-2015\\\/#organization\"},\"potentialAction\":[{\"@type\":\"SearchAction\",\"target\":{\"@type\":\"EntryPoint\",\"urlTemplate\":\"https:\\\/\\\/fjala.info\\\/2009-2015\\\/?s={search_term_string}\"},\"query-input\":{\"@type\":\"PropertyValueSpecification\",\"valueRequired\":true,\"valueName\":\"search_term_string\"}}],\"inLanguage\":\"sq-AL\"},{\"@type\":\"Organization\",\"@id\":\"https:\\\/\\\/fjala.info\\\/2009-2015\\\/#organization\",\"name\":\"FjALA e LIR\u00cb - Arkivi\",\"url\":\"https:\\\/\\\/fjala.info\\\/2009-2015\\\/\",\"logo\":{\"@type\":\"ImageObject\",\"inLanguage\":\"sq-AL\",\"@id\":\"https:\\\/\\\/fjala.info\\\/2009-2015\\\/#\\\/schema\\\/logo\\\/image\\\/\",\"url\":\"\",\"contentUrl\":\"\",\"caption\":\"FjALA e LIR\u00cb - Arkivi\"},\"image\":{\"@id\":\"https:\\\/\\\/fjala.info\\\/2009-2015\\\/#\\\/schema\\\/logo\\\/image\\\/\"}},{\"@type\":\"Person\",\"@id\":\"https:\\\/\\\/fjala.info\\\/2009-2015\\\/#\\\/schema\\\/person\\\/3aa1163ef05469c496fc94e77611ada2\",\"name\":\"admin\",\"image\":{\"@type\":\"ImageObject\",\"inLanguage\":\"sq-AL\",\"@id\":\"https:\\\/\\\/fjala.info\\\/2009-2015\\\/wp-content\\\/uploads\\\/2012\\\/02\\\/arben_cokaj-120x150.jpg\",\"url\":\"https:\\\/\\\/fjala.info\\\/2009-2015\\\/wp-content\\\/uploads\\\/2012\\\/02\\\/arben_cokaj-120x150.jpg\",\"contentUrl\":\"https:\\\/\\\/fjala.info\\\/2009-2015\\\/wp-content\\\/uploads\\\/2012\\\/02\\\/arben_cokaj-120x150.jpg\",\"caption\":\"admin\"},\"description\":\"Admin, Fjala e Lir\u00eb\",\"sameAs\":[\"https:\\\/\\\/fjala.info\\\/\"],\"url\":\"https:\\\/\\\/fjala.info\\\/2009-2015\\\/author\\\/admin\\\/\"}]}<\/script>\n<!-- \/ Yoast SEO plugin. -->","yoast_head_json":{"title":"Thellohet skandali me makinat e deputet\u00ebve, dyshime mbi Topallin - FjALA e LIR\u00cb - Arkivi","robots":{"index":"index","follow":"follow","max-snippet":"max-snippet:-1","max-image-preview":"max-image-preview:large","max-video-preview":"max-video-preview:-1"},"canonical":"https:\/\/fjala.info\/2009-2015\/thellohet-skandali-me-makinat-e-deputeteve-dyshime-mbi-topallin\/","og_locale":"sq_AL","og_type":"article","og_title":"Thellohet skandali me makinat e deputet\u00ebve, dyshime mbi Topallin - FjALA e LIR\u00cb - Arkivi","og_description":"Shekulli Online, 20.06.2010 TIRANE &#8211; Thellohet skandali i shitjes dhe privatizimit t\u00eb makinave shtet\u00ebrore. \u00c7mimet qesharake t\u00eb shitjes s\u00eb automjeteve n\u00eb pron\u00ebsi t\u00eb institucioneve shtet\u00ebrore poseduesve t\u00eb tyre p\u00ebrb\u00ebjn\u00eb vet\u00ebm nj\u00ebr\u00ebn nga pikat e dob\u00ebta t\u00eb ligjit &#8220;P\u00ebr rregullimin e sh\u00ebrbimit t\u00eb transportit t\u00eb funksionar\u00ebve publik&#8221;. Kjo pasi p\u00ebrve\u00e7 mund\u00ebsis\u00eb s\u00eb art\u00eb p\u00ebr t\u00eb luajtur [&hellip;]","og_url":"https:\/\/fjala.info\/2009-2015\/thellohet-skandali-me-makinat-e-deputeteve-dyshime-mbi-topallin\/","og_site_name":"FjALA e LIR\u00cb - Arkivi","article_published_time":"2010-06-20T22:12:23+00:00","og_image":[{"url":"http:\/\/www.shkoder.net\/images\/fjala\/2010\/berisha_topalli_basha_shk10.jpg","type":"","width":"","height":""}],"author":"admin","twitter_card":"summary_large_image","twitter_misc":{"Written by":"admin","Est. reading time":"17 minutes"},"schema":{"@context":"https:\/\/schema.org","@graph":[{"@type":"Article","@id":"https:\/\/fjala.info\/2009-2015\/thellohet-skandali-me-makinat-e-deputeteve-dyshime-mbi-topallin\/#article","isPartOf":{"@id":"https:\/\/fjala.info\/2009-2015\/thellohet-skandali-me-makinat-e-deputeteve-dyshime-mbi-topallin\/"},"author":{"name":"admin","@id":"https:\/\/fjala.info\/2009-2015\/#\/schema\/person\/3aa1163ef05469c496fc94e77611ada2"},"headline":"Thellohet skandali me makinat e deputet\u00ebve, dyshime mbi Topallin","datePublished":"2010-06-20T22:12:23+00:00","mainEntityOfPage":{"@id":"https:\/\/fjala.info\/2009-2015\/thellohet-skandali-me-makinat-e-deputeteve-dyshime-mbi-topallin\/"},"wordCount":3502,"commentCount":0,"publisher":{"@id":"https:\/\/fjala.info\/2009-2015\/#organization"},"image":{"@id":"https:\/\/fjala.info\/2009-2015\/thellohet-skandali-me-makinat-e-deputeteve-dyshime-mbi-topallin\/#primaryimage"},"thumbnailUrl":"http:\/\/www.shkoder.net\/images\/fjala\/2010\/berisha_topalli_basha_shk10.jpg","articleSection":["Artikuj"],"inLanguage":"sq-AL","potentialAction":[{"@type":"CommentAction","name":"Comment","target":["https:\/\/fjala.info\/2009-2015\/thellohet-skandali-me-makinat-e-deputeteve-dyshime-mbi-topallin\/#respond"]}]},{"@type":"WebPage","@id":"https:\/\/fjala.info\/2009-2015\/thellohet-skandali-me-makinat-e-deputeteve-dyshime-mbi-topallin\/","url":"https:\/\/fjala.info\/2009-2015\/thellohet-skandali-me-makinat-e-deputeteve-dyshime-mbi-topallin\/","name":"Thellohet skandali me makinat e deputet\u00ebve, dyshime mbi Topallin - FjALA e LIR\u00cb - Arkivi","isPartOf":{"@id":"https:\/\/fjala.info\/2009-2015\/#website"},"primaryImageOfPage":{"@id":"https:\/\/fjala.info\/2009-2015\/thellohet-skandali-me-makinat-e-deputeteve-dyshime-mbi-topallin\/#primaryimage"},"image":{"@id":"https:\/\/fjala.info\/2009-2015\/thellohet-skandali-me-makinat-e-deputeteve-dyshime-mbi-topallin\/#primaryimage"},"thumbnailUrl":"http:\/\/www.shkoder.net\/images\/fjala\/2010\/berisha_topalli_basha_shk10.jpg","datePublished":"2010-06-20T22:12:23+00:00","breadcrumb":{"@id":"https:\/\/fjala.info\/2009-2015\/thellohet-skandali-me-makinat-e-deputeteve-dyshime-mbi-topallin\/#breadcrumb"},"inLanguage":"sq-AL","potentialAction":[{"@type":"ReadAction","target":["https:\/\/fjala.info\/2009-2015\/thellohet-skandali-me-makinat-e-deputeteve-dyshime-mbi-topallin\/"]}]},{"@type":"ImageObject","inLanguage":"sq-AL","@id":"https:\/\/fjala.info\/2009-2015\/thellohet-skandali-me-makinat-e-deputeteve-dyshime-mbi-topallin\/#primaryimage","url":"http:\/\/www.shkoder.net\/images\/fjala\/2010\/berisha_topalli_basha_shk10.jpg","contentUrl":"http:\/\/www.shkoder.net\/images\/fjala\/2010\/berisha_topalli_basha_shk10.jpg"},{"@type":"BreadcrumbList","@id":"https:\/\/fjala.info\/2009-2015\/thellohet-skandali-me-makinat-e-deputeteve-dyshime-mbi-topallin\/#breadcrumb","itemListElement":[{"@type":"ListItem","position":1,"name":"Home","item":"https:\/\/fjala.info\/2009-2015\/"},{"@type":"ListItem","position":2,"name":"Thellohet skandali me makinat e deputet\u00ebve, dyshime mbi Topallin"}]},{"@type":"WebSite","@id":"https:\/\/fjala.info\/2009-2015\/#website","url":"https:\/\/fjala.info\/2009-2015\/","name":"FjALA e LIR\u00cb - Arkivi","description":"Arkivi 2009-2015","publisher":{"@id":"https:\/\/fjala.info\/2009-2015\/#organization"},"potentialAction":[{"@type":"SearchAction","target":{"@type":"EntryPoint","urlTemplate":"https:\/\/fjala.info\/2009-2015\/?s={search_term_string}"},"query-input":{"@type":"PropertyValueSpecification","valueRequired":true,"valueName":"search_term_string"}}],"inLanguage":"sq-AL"},{"@type":"Organization","@id":"https:\/\/fjala.info\/2009-2015\/#organization","name":"FjALA e LIR\u00cb - Arkivi","url":"https:\/\/fjala.info\/2009-2015\/","logo":{"@type":"ImageObject","inLanguage":"sq-AL","@id":"https:\/\/fjala.info\/2009-2015\/#\/schema\/logo\/image\/","url":"","contentUrl":"","caption":"FjALA e LIR\u00cb - Arkivi"},"image":{"@id":"https:\/\/fjala.info\/2009-2015\/#\/schema\/logo\/image\/"}},{"@type":"Person","@id":"https:\/\/fjala.info\/2009-2015\/#\/schema\/person\/3aa1163ef05469c496fc94e77611ada2","name":"admin","image":{"@type":"ImageObject","inLanguage":"sq-AL","@id":"https:\/\/fjala.info\/2009-2015\/wp-content\/uploads\/2012\/02\/arben_cokaj-120x150.jpg","url":"https:\/\/fjala.info\/2009-2015\/wp-content\/uploads\/2012\/02\/arben_cokaj-120x150.jpg","contentUrl":"https:\/\/fjala.info\/2009-2015\/wp-content\/uploads\/2012\/02\/arben_cokaj-120x150.jpg","caption":"admin"},"description":"Admin, Fjala e Lir\u00eb","sameAs":["https:\/\/fjala.info\/"],"url":"https:\/\/fjala.info\/2009-2015\/author\/admin\/"}]}},"_links":{"self":[{"href":"https:\/\/fjala.info\/2009-2015\/wp-json\/wp\/v2\/posts\/3041","targetHints":{"allow":["GET"]}}],"collection":[{"href":"https:\/\/fjala.info\/2009-2015\/wp-json\/wp\/v2\/posts"}],"about":[{"href":"https:\/\/fjala.info\/2009-2015\/wp-json\/wp\/v2\/types\/post"}],"author":[{"embeddable":true,"href":"https:\/\/fjala.info\/2009-2015\/wp-json\/wp\/v2\/users\/1"}],"replies":[{"embeddable":true,"href":"https:\/\/fjala.info\/2009-2015\/wp-json\/wp\/v2\/comments?post=3041"}],"version-history":[{"count":0,"href":"https:\/\/fjala.info\/2009-2015\/wp-json\/wp\/v2\/posts\/3041\/revisions"}],"wp:attachment":[{"href":"https:\/\/fjala.info\/2009-2015\/wp-json\/wp\/v2\/media?parent=3041"}],"wp:term":[{"taxonomy":"category","embeddable":true,"href":"https:\/\/fjala.info\/2009-2015\/wp-json\/wp\/v2\/categories?post=3041"},{"taxonomy":"post_tag","embeddable":true,"href":"https:\/\/fjala.info\/2009-2015\/wp-json\/wp\/v2\/tags?post=3041"}],"curies":[{"name":"wp","href":"https:\/\/api.w.org\/{rel}","templated":true}]}}