{"id":3038,"date":"2010-06-20T22:55:28","date_gmt":"2010-06-20T21:55:28","guid":{"rendered":"http:\/\/fjala.shkoder.net\/?p=3038"},"modified":"2010-06-20T22:55:28","modified_gmt":"2010-06-20T21:55:28","slug":"per-agimet-e-vjeter-te-nje-sistemi-te-ri","status":"publish","type":"post","link":"https:\/\/fjala.info\/2009-2015\/per-agimet-e-vjeter-te-nje-sistemi-te-ri\/","title":{"rendered":"P\u00ebr &#8216;agim\u00ebt&#8217; e vjet\u00ebr, t\u00eb nj\u00eb sistemi t\u00eb ri"},"content":{"rendered":"<p><img decoding=\"async\" style=\"margin-left: 10px; margin-right: 10px; border: 0px;\" src=\"http:\/\/www.shkoder.net\/images\/fjala\/mero_baze1.jpg\" border=\"0\" alt=\"Mero Baze\" width=\"100\" align=\"right\" \/><\/p>\n<p>Nga <strong>Mero Baze<\/strong>, <strong>20.06.2010<\/strong><\/p>\n<p>Nj\u00eb gjyqtar i Gjykat\u00ebs s\u00eb Tiran\u00ebs ka rikthyer debatin mbi raportet hipokrite t\u00eb qeveris\u00eb shqiptare me median, sa i p\u00ebrket strategjis\u00eb s\u00eb nd\u00ebshkimit dhe frik\u00ebsimit t\u00eb medias kritike. Agim Bendo, ka k\u00ebrkuar nj\u00eb gjob\u00eb prej 400 mij\u00eb euro nga gazetar\u00ebt e emisionit &#8220;Fiks Fare&#8221;, si d\u00ebmshp\u00ebrblim p\u00ebr ish-ministrin e Kultur\u00ebs, Ylli Pango, tashm\u00eb zyrtar i lart\u00eb i qeveris\u00eb shqiptare, p\u00ebr shkak t\u00eb shqet\u00ebsimeve q\u00eb i kan\u00eb krijuar k\u00ebtij zyrtari me publikimin e skandalit t\u00eb keqp\u00ebrdorimit t\u00eb pozicionit zyrtar p\u00ebr ngacmime seksuale.<\/p>\n<p>Nuk dua t\u00eb bie n\u00eb grack\u00ebn e interpretimit t\u00eb vendimit nga gjykat\u00ebsi, as n\u00eb arsyetimet formale ligjore p\u00ebr p\u00ebrgjimet e paligjshme nga ana e medias.<br \/>\nProblemi i par\u00eb q\u00eb \u00ebsht\u00eb shqet\u00ebsues n\u00eb k\u00ebt\u00eb sjellje t\u00eb Gjykat\u00ebsit, \u00ebsht\u00eb motivimi politik. Gjykat\u00ebsi, me nj\u00eb t\u00eb kaluar aspak t\u00eb lavdishme t\u00eb keqp\u00ebrdorimit politik nga t\u00eb gjitha regjimet, ka marr\u00eb at\u00eb vendim, pasi ka par\u00eb trendin e p\u00ebrfitimeve q\u00eb kan\u00eb individ\u00eb, t\u00eb cil\u00ebt ngren\u00eb dor\u00ebn kund\u00ebr medias kritike me qeverin\u00eb e Sali Berish\u00ebs.<\/p>\n<p>Ai e ka par\u00eb denoncimin e Ministrit jo si rast p\u00ebr t\u00eb ndihmuar ministrin Pango, pasi at\u00eb e ka ndihmuar Sali Berisha, duke e rikthyer si zyrtar t\u00eb lart\u00eb t\u00eb qeveris\u00eb, por si rast p\u00ebr t\u00eb d\u00ebshmuar p\u00ebrkushtimin e tij proqeveritar, p\u00ebr t&#8217;i dh\u00ebn\u00eb nj\u00eb sinjal kryeministrit Berisha dhe t\u00eb &#8220;tijve&#8221; se ai \u00ebsht\u00eb gati p\u00ebr t\u00eb sh\u00ebrbyer dhe natyrisht p\u00ebr tu shp\u00ebrblyer. Ka ende vende bosh n\u00eb Gjykat\u00ebn e Lart\u00eb dhe at\u00eb Kushtetuese, dhe z.Bendo duket se \u00ebsht\u00eb ndjer\u00eb gjykat\u00ebs me fat, q\u00eb i ka ardh\u00eb nj\u00eb \u00e7\u00ebshtje e till\u00eb n\u00eb dor\u00eb, p\u00ebr t\u00eb treguar se meriton t\u00eb shp\u00ebrblehet nga qeveria Berisha.<\/p>\n<p>Problem i dyt\u00eb \u00ebsht\u00eb deinkurajimi i gazetaris\u00eb kritike dhe sidomos asaj investigative n\u00eb raport me qeverin\u00eb. Po t\u00eb v\u00ebsh re me kujdes arsyetimin e gjykat\u00ebsit, shihet qart\u00eb se porosia e vetme e shtetit n\u00eb k\u00ebt\u00eb rast, \u00ebsht\u00eb q\u00eb gazetaria t\u00eb mos guxoj\u00eb t\u00eb b\u00ebj\u00eb asnj\u00eb hap para institucioneve hetimore t\u00eb shtetit p\u00ebr t\u00eb hetuar zyrtar\u00ebt e lart. Arsyetimi p\u00ebr shembull se p\u00ebrgjimi \u00ebsht\u00eb i paligjsh\u00ebm \u00ebsht\u00eb gj\u00ebja m\u00eb qesharake q\u00eb mund t\u00eb thuhet p\u00ebr prov\u00ebn m\u00eb t\u00eb mir\u00eb q\u00eb ka siguruar ndonj\u00ebher\u00eb gazetaria investigative n\u00eb k\u00ebt\u00eb vend.<\/p>\n<p>P\u00ebrgjimi i gazetar\u00ebve t\u00eb &#8220;Fiks Fare&#8221; mund t\u00eb jet\u00eb i paligjsh\u00ebm n\u00eb aspektin juridik p\u00ebr t&#8217;u p\u00ebrdorur si prov\u00eb n\u00eb gjykat\u00eb dhe p\u00ebr tu burgosur Ylli Pango, por jo p\u00ebr t\u00eb denoncuar Ylli Pangon. N\u00ebse gazetar\u00ebt amerikan\u00eb q\u00eb denoncuan Wotergejt, do t\u00eb kishin marr\u00eb leje nga drejt\u00ebsia amerikane p\u00ebr at\u00eb q\u00eb b\u00ebnin, do ishin ata n\u00eb burg dhe Niksoni President. Prova e siguruar nga gazetar\u00ebt, n\u00eb rastin Pango, nuk ka t\u00eb b\u00ebj\u00eb fare me jet\u00ebn private t\u00eb zotit Pango as me sht\u00ebpin\u00eb e tij. Ajo \u00ebsht\u00eb nj\u00eb prov\u00eb q\u00eb merr jet\u00eb nga zyra e shtetit shqiptar, ku zoti Pango n\u00eb cil\u00ebsin\u00eb e Ministrit l\u00eb takim pune me nj\u00eb fem\u00ebr dhe p\u00ebrfundon n\u00eb sht\u00ebpi t\u00eb tij.<\/p>\n<p>Do t\u00eb ishte e turpshme p\u00ebr median q\u00eb t\u00eb toleronte nj\u00eb rast t\u00eb till\u00eb flagrant, pa e p\u00ebrgjuar dhe pa e publikuar, pasi n\u00eb k\u00ebt\u00eb rast interesi publik, q\u00eb zoti Pango po shkelte me t\u00eb dy k\u00ebmb\u00ebt, dominon mbi interesin privat, apo mizanskenat gjysm\u00eb erotike t\u00eb tij pran\u00eb oxhakut apo rrotull mb\u00ebrtheckave. Me k\u00ebt\u00eb akt, gjykat\u00ebsi q\u00eb p\u00ebrpiqet t&#8217;i hyj\u00eb me \u00e7do kusht n\u00eb zem\u00ebr pushtetit, do t&#8217;i tregoj\u00eb gazetar\u00ebve shqiptar\u00eb se ata nuk kan\u00eb asnj\u00eb t\u00eb drejt tjet\u00ebr, ve\u00e7se t\u00eb jen\u00eb p\u00ebr\u00e7ues t\u00eb lajmeve q\u00eb u ofron atyre pushteti, duke d\u00ebnuar n\u00eb bllok \u00e7do gazetar apo redaksi q\u00eb k\u00ebrkon t\u00eb b\u00ebj\u00eb nj\u00eb hap p\u00ebrtej murit q\u00eb varros t\u00eb v\u00ebrtetat e hidhura n\u00eb k\u00ebt\u00eb vend.<\/p>\n<p>Dhe s\u00eb fundmi ky vendim b\u00ebhet shqet\u00ebsues kur bashkohet me problemet e tjera sistematike, me t\u00eb cilat po ndeshet gazetaria kritike n\u00eb Shqip\u00ebri.<br \/>\nKryeministri Berisha po p\u00ebrdor t\u00eb gjitha mekanizmat shtet\u00ebrore, dhe sidomos disa kamikaz\u00eb t\u00eb tij n\u00eb sistemin tatimor p\u00ebr t\u00eb vendosur n\u00ebn kontroll median kritike, her\u00eb duke e gjobitur at\u00eb dhe duke mbyllur disa redaksi gazetash, her\u00eb duke kapur pronar\u00eb n\u00eb biznese dhe duke i detyruar ata t\u00eb mbyllin goj\u00ebt kritike n\u00eb ekranet e tyre.<\/p>\n<p>Fakti q\u00eb u godit, emisioni m\u00eb popullor dhe m\u00eb kritik n\u00eb vend, dhe \u00e7far\u00eb \u00ebsht\u00eb m\u00eb e keqja, nj\u00eb nga publikimet e tij m\u00eb profesionale, \u00ebsht\u00eb nj\u00eb sinjal q\u00eb e tejkalon p\u00ebrkushtimin personal t\u00eb Sali Berish\u00ebs kund\u00ebr medias. Tani n\u00eb Shqip\u00ebri, Berisha ia ka arritur t\u00eb nd\u00ebrtoj\u00eb nj\u00eb sistem nd\u00ebshkimi, i cili funksionon vetiu, qoft\u00eb dhe me m\u00ebnyr\u00eb vullnetare kund\u00ebr medias kritike. Tani Sali Berisha ju siguroj se as ka p\u00ebr ta marr\u00eb n\u00eb telefon Agim Bendon p\u00ebr ta fal\u00ebnderuar, dhe as ka p\u00ebr t\u00eb dh\u00ebn\u00eb porosi p\u00ebr Agim Shehun, t\u00eb nis\u00eb tatimet n\u00eb ndonj\u00eb media tjet\u00ebr. Tani t\u00eb gjith\u00eb &#8220;agim\u00ebt&#8221; e tij, e din\u00eb vet\u00eb se \u00e7&#8217;duhet t\u00eb b\u00ebjn\u00eb.<\/p>\n<p>Berisha ka dh\u00ebn\u00eb garanci se kush i sh\u00ebrben atij, duke mbyllur gazeta, duke rrahur gazetar\u00eb, duke gjobitur redaksi, shp\u00ebrblehet, dhe e frikshme \u00ebsht\u00eb se mekanizmi ka nisur t\u00eb funksionoj\u00eb, nj\u00ebsoj se p\u00ebr an\u00ebn tjet\u00ebr t\u00eb medaljes. Kush p\u00ebrdoret prej tij si let\u00ebr higjienike p\u00ebr nevoja t\u00eb pushtetit, i ka dyert e hapura t\u00eb fitoj tender publik nga lek\u00ebt e qytetar\u00ebve shqiptar\u00eb, tender\u00eb rrug\u00ebsh, koncesione, fshatra turistik\u00eb, t\u00eb nd\u00ebrhyj si sekser\u00eb n\u00eb \u00e7do pun\u00eb t\u00eb qeveris\u00eb me biznesin dhe t\u00eb vendos\u00eb n\u00ebn urdhra administrat\u00ebn e tij.<\/p>\n<p>Duke prodhuar k\u00ebt\u00eb sistem, Sali Berisha ka lar\u00eb duart nga p\u00ebrgjegj\u00ebsia e tij personale p\u00ebr k\u00ebt\u00eb gjunj\u00ebzim t\u00eb medias. P\u00ebrball\u00eb k\u00ebtij sistemi q\u00eb ai ka arritur t\u00eb nd\u00ebrtoj\u00eb media shqiptare \u00ebsht\u00eb tashm\u00eb e shpartalluar dhe personalitetet e saj jan\u00eb thuajse t\u00eb zbythur nga ky pushtet. Ata po heshtin rast pas rasti, po heshtin p\u00ebr at\u00eb q\u00eb u ndodh koleg\u00ebve t\u00eb tyre, mediave ku ata nuk punojn\u00eb sot, duke b\u00ebr\u00eb q\u00eb t\u00eb bien nj\u00eb nga nj\u00eb garancit\u00eb p\u00ebr lirin\u00eb e medias n\u00eb k\u00ebt\u00eb vend, dhe tashm\u00eb t\u00eb jemi n\u00eb momentin, ku thuajse asnj\u00eb z\u00eb kritik nuk ka mbetur pa u nd\u00ebshkuar dhe asnj\u00eb sh\u00ebrb\u00ebtor nuk ka mbetur pa u shp\u00ebrblyer.<\/p>\n<p>Por n\u00ebse p\u00ebr &#8220;rebelet&#8221; dhe &#8220;sh\u00ebrb\u00ebtor\u00ebt&#8221; ka nj\u00eb \u00e7mim, qoft\u00eb ky nd\u00ebshkim apo shp\u00ebrblim, nj\u00eb d\u00ebnim m\u00eb i madh n\u00eb form\u00ebn e heshtjes ka p\u00ebr t\u00eb mbetur p\u00ebr at\u00eb pjes\u00eb t\u00eb medias, q\u00eb mendon se nuk ka pun\u00eb as me ata q\u00eb nd\u00ebshkohen as me ata q\u00eb shp\u00ebrblehen. Ata jan\u00eb n\u00eb t\u00eb v\u00ebrtet\u00eb alibia m\u00eb e madhe e k\u00ebtij represioni mbi median kritike n\u00eb vend, alibia q\u00eb po b\u00ebn k\u00ebt\u00eb pushtet t\u00eb ndjehet triumfues mbi nj\u00eb media t\u00eb gjunj\u00ebzuar.<\/p>\n<p>Bashk\u00eb me ta po heshtin gati t\u00eb gjunj\u00ebzuar p\u00ebr ndonj\u00eb projekt th\u00ebrrimesh me qeverin\u00eb, zyra e OSBE, apo OJQ q\u00eb financohen p\u00ebr lirin\u00eb e medias n\u00eb Shqip\u00ebri. Nuk \u00ebsht\u00eb se na jan\u00eb dashur ndonj\u00ebher\u00eb, por p\u00ebr t\u00eb justifikuar misionin e shpallur t\u00eb tyre, duhet t\u00eb respektojn\u00eb vetveten dhe t\u00eb flasin p\u00ebr k\u00ebt\u00eb q\u00eb ndodh.<\/p>\n<p>Duke e mbyllur k\u00ebto pak rreshta solidariteti p\u00ebr kolegun tim Filip \u00c7akuli dhe gazetar\u00ebt e emisionit &#8220;Fiks fare&#8221;, do t\u00eb doja t&#8217;i drejtohesha Presidentit t\u00eb Republik\u00ebs, Bamir Topi, t\u00eb jet\u00eb i v\u00ebmendsh\u00ebm s\u00eb paku sa t\u00eb jet\u00eb ai ende n\u00eb at\u00eb detyr\u00eb, q\u00eb t\u00eb mos b\u00ebj\u00eb gjeste inkurajimi dhe ai ndaj stereotipit t\u00eb k\u00ebtij gjyqtari, q\u00eb n\u00eb t\u00eb v\u00ebrtet\u00eb \u00ebsht\u00eb nj\u00eb klonim i \u00e7do sh\u00ebrb\u00ebtori t\u00eb pushtetit t\u00eb sot\u00ebm, q\u00eb k\u00ebrkon t\u00eb jap\u00eb prova devotshm\u00ebrie p\u00ebr t&#8217;i sh\u00ebrbyer pushtetit kund\u00ebr medias.<\/p>\n<p>Shpresoj q\u00eb emri i k\u00ebtij gjyqtari t\u00eb mos jet\u00eb n\u00eb listat e atyre q\u00eb mund t\u00eb dekretohen p\u00ebr Gjykat\u00eb Kushtetuese apo Gjykat\u00eb t\u00eb Lart\u00eb, s\u00eb paku p\u00ebr t\u00eb mos e \u00e7uar deri n\u00eb fund modelin e shp\u00ebrblimit p\u00ebr ata q\u00eb p\u00ebrdoren si kamikaz\u00eb mbi lirin\u00eb e medias n\u00eb k\u00ebt\u00eb vend. E di q\u00eb kjo q\u00eb k\u00ebrkoj nuk p\u00ebrfshihet n\u00eb kriteret formale q\u00eb Presidenti dhe K\u00ebshilli i Lart\u00eb i Drejt\u00ebsis\u00eb kan\u00eb vendosur p\u00ebr t\u00eb konkurruar, por mendoj se ky \u00ebsht\u00eb nj\u00eb kryekriter, p\u00ebr t\u00eb kuptuar n\u00ebse do t\u00eb \u00e7ojm\u00eb n\u00eb majat e drejt\u00ebsis\u00eb njer\u00ebz t\u00eb gatsh\u00ebm p\u00ebr t\u00eb gjykuar, apo gjyqtar\u00eb t\u00eb gatsh\u00ebm p\u00ebr t\u00eb sh\u00ebrbyer.<\/p>\n","protected":false},"excerpt":{"rendered":"<p>Nga Mero Baze, 20.06.2010 Nj\u00eb gjyqtar i Gjykat\u00ebs s\u00eb Tiran\u00ebs ka rikthyer debatin mbi raportet hipokrite t\u00eb qeveris\u00eb shqiptare me median, sa i p\u00ebrket strategjis\u00eb s\u00eb nd\u00ebshkimit dhe frik\u00ebsimit t\u00eb medias kritike. Agim Bendo, ka k\u00ebrkuar nj\u00eb gjob\u00eb prej 400 mij\u00eb euro nga gazetar\u00ebt e emisionit &#8220;Fiks Fare&#8221;, si d\u00ebmshp\u00ebrblim p\u00ebr ish-ministrin e Kultur\u00ebs, Ylli [&hellip;]<\/p>\n","protected":false},"author":1,"featured_media":0,"comment_status":"open","ping_status":"closed","sticky":false,"template":"","format":"standard","meta":{"footnotes":""},"categories":[2],"tags":[],"class_list":{"0":"post-3038","1":"post","2":"type-post","3":"status-publish","4":"format-standard","6":"category-artikuj"},"yoast_head":"<!-- This site is optimized with the Yoast SEO plugin v27.4 - https:\/\/yoast.com\/product\/yoast-seo-wordpress\/ -->\n<title>P\u00ebr &#039;agim\u00ebt&#039; e vjet\u00ebr, t\u00eb nj\u00eb sistemi t\u00eb ri - FjALA e LIR\u00cb - Arkivi<\/title>\n<meta name=\"robots\" content=\"index, follow, max-snippet:-1, max-image-preview:large, max-video-preview:-1\" \/>\n<link rel=\"canonical\" href=\"https:\/\/fjala.info\/2009-2015\/per-agimet-e-vjeter-te-nje-sistemi-te-ri\/\" \/>\n<meta property=\"og:locale\" content=\"sq_AL\" \/>\n<meta property=\"og:type\" content=\"article\" \/>\n<meta property=\"og:title\" content=\"P\u00ebr &#039;agim\u00ebt&#039; e vjet\u00ebr, t\u00eb nj\u00eb sistemi t\u00eb ri - FjALA e LIR\u00cb - Arkivi\" \/>\n<meta property=\"og:description\" content=\"Nga Mero Baze, 20.06.2010 Nj\u00eb gjyqtar i Gjykat\u00ebs s\u00eb Tiran\u00ebs ka rikthyer debatin mbi raportet hipokrite t\u00eb qeveris\u00eb shqiptare me median, sa i p\u00ebrket strategjis\u00eb s\u00eb nd\u00ebshkimit dhe frik\u00ebsimit t\u00eb medias kritike. Agim Bendo, ka k\u00ebrkuar nj\u00eb gjob\u00eb prej 400 mij\u00eb euro nga gazetar\u00ebt e emisionit &#8220;Fiks Fare&#8221;, si d\u00ebmshp\u00ebrblim p\u00ebr ish-ministrin e Kultur\u00ebs, Ylli [&hellip;]\" \/>\n<meta property=\"og:url\" content=\"https:\/\/fjala.info\/2009-2015\/per-agimet-e-vjeter-te-nje-sistemi-te-ri\/\" \/>\n<meta property=\"og:site_name\" content=\"FjALA e LIR\u00cb - Arkivi\" \/>\n<meta property=\"article:published_time\" content=\"2010-06-20T21:55:28+00:00\" \/>\n<meta property=\"og:image\" content=\"http:\/\/www.shkoder.net\/images\/fjala\/mero_baze1.jpg\" \/>\n<meta name=\"author\" content=\"admin\" \/>\n<meta name=\"twitter:card\" content=\"summary_large_image\" \/>\n<meta name=\"twitter:label1\" content=\"Written by\" \/>\n\t<meta name=\"twitter:data1\" content=\"admin\" \/>\n\t<meta name=\"twitter:label2\" content=\"Est. reading time\" \/>\n\t<meta name=\"twitter:data2\" content=\"8 minutes\" \/>\n<script type=\"application\/ld+json\" class=\"yoast-schema-graph\">{\"@context\":\"https:\\\/\\\/schema.org\",\"@graph\":[{\"@type\":\"Article\",\"@id\":\"https:\\\/\\\/fjala.info\\\/2009-2015\\\/per-agimet-e-vjeter-te-nje-sistemi-te-ri\\\/#article\",\"isPartOf\":{\"@id\":\"https:\\\/\\\/fjala.info\\\/2009-2015\\\/per-agimet-e-vjeter-te-nje-sistemi-te-ri\\\/\"},\"author\":{\"name\":\"admin\",\"@id\":\"https:\\\/\\\/fjala.info\\\/2009-2015\\\/#\\\/schema\\\/person\\\/3aa1163ef05469c496fc94e77611ada2\"},\"headline\":\"P\u00ebr &#8216;agim\u00ebt&#8217; e vjet\u00ebr, t\u00eb nj\u00eb sistemi t\u00eb ri\",\"datePublished\":\"2010-06-20T21:55:28+00:00\",\"mainEntityOfPage\":{\"@id\":\"https:\\\/\\\/fjala.info\\\/2009-2015\\\/per-agimet-e-vjeter-te-nje-sistemi-te-ri\\\/\"},\"wordCount\":1524,\"commentCount\":0,\"publisher\":{\"@id\":\"https:\\\/\\\/fjala.info\\\/2009-2015\\\/#organization\"},\"image\":{\"@id\":\"https:\\\/\\\/fjala.info\\\/2009-2015\\\/per-agimet-e-vjeter-te-nje-sistemi-te-ri\\\/#primaryimage\"},\"thumbnailUrl\":\"http:\\\/\\\/www.shkoder.net\\\/images\\\/fjala\\\/mero_baze1.jpg\",\"articleSection\":[\"Artikuj\"],\"inLanguage\":\"sq-AL\",\"potentialAction\":[{\"@type\":\"CommentAction\",\"name\":\"Comment\",\"target\":[\"https:\\\/\\\/fjala.info\\\/2009-2015\\\/per-agimet-e-vjeter-te-nje-sistemi-te-ri\\\/#respond\"]}]},{\"@type\":\"WebPage\",\"@id\":\"https:\\\/\\\/fjala.info\\\/2009-2015\\\/per-agimet-e-vjeter-te-nje-sistemi-te-ri\\\/\",\"url\":\"https:\\\/\\\/fjala.info\\\/2009-2015\\\/per-agimet-e-vjeter-te-nje-sistemi-te-ri\\\/\",\"name\":\"P\u00ebr 'agim\u00ebt' e vjet\u00ebr, t\u00eb nj\u00eb sistemi t\u00eb ri - FjALA e LIR\u00cb - Arkivi\",\"isPartOf\":{\"@id\":\"https:\\\/\\\/fjala.info\\\/2009-2015\\\/#website\"},\"primaryImageOfPage\":{\"@id\":\"https:\\\/\\\/fjala.info\\\/2009-2015\\\/per-agimet-e-vjeter-te-nje-sistemi-te-ri\\\/#primaryimage\"},\"image\":{\"@id\":\"https:\\\/\\\/fjala.info\\\/2009-2015\\\/per-agimet-e-vjeter-te-nje-sistemi-te-ri\\\/#primaryimage\"},\"thumbnailUrl\":\"http:\\\/\\\/www.shkoder.net\\\/images\\\/fjala\\\/mero_baze1.jpg\",\"datePublished\":\"2010-06-20T21:55:28+00:00\",\"breadcrumb\":{\"@id\":\"https:\\\/\\\/fjala.info\\\/2009-2015\\\/per-agimet-e-vjeter-te-nje-sistemi-te-ri\\\/#breadcrumb\"},\"inLanguage\":\"sq-AL\",\"potentialAction\":[{\"@type\":\"ReadAction\",\"target\":[\"https:\\\/\\\/fjala.info\\\/2009-2015\\\/per-agimet-e-vjeter-te-nje-sistemi-te-ri\\\/\"]}]},{\"@type\":\"ImageObject\",\"inLanguage\":\"sq-AL\",\"@id\":\"https:\\\/\\\/fjala.info\\\/2009-2015\\\/per-agimet-e-vjeter-te-nje-sistemi-te-ri\\\/#primaryimage\",\"url\":\"http:\\\/\\\/www.shkoder.net\\\/images\\\/fjala\\\/mero_baze1.jpg\",\"contentUrl\":\"http:\\\/\\\/www.shkoder.net\\\/images\\\/fjala\\\/mero_baze1.jpg\"},{\"@type\":\"BreadcrumbList\",\"@id\":\"https:\\\/\\\/fjala.info\\\/2009-2015\\\/per-agimet-e-vjeter-te-nje-sistemi-te-ri\\\/#breadcrumb\",\"itemListElement\":[{\"@type\":\"ListItem\",\"position\":1,\"name\":\"Home\",\"item\":\"https:\\\/\\\/fjala.info\\\/2009-2015\\\/\"},{\"@type\":\"ListItem\",\"position\":2,\"name\":\"P\u00ebr &#8216;agim\u00ebt&#8217; e vjet\u00ebr, t\u00eb nj\u00eb sistemi t\u00eb ri\"}]},{\"@type\":\"WebSite\",\"@id\":\"https:\\\/\\\/fjala.info\\\/2009-2015\\\/#website\",\"url\":\"https:\\\/\\\/fjala.info\\\/2009-2015\\\/\",\"name\":\"FjALA e LIR\u00cb - Arkivi\",\"description\":\"Arkivi 2009-2015\",\"publisher\":{\"@id\":\"https:\\\/\\\/fjala.info\\\/2009-2015\\\/#organization\"},\"potentialAction\":[{\"@type\":\"SearchAction\",\"target\":{\"@type\":\"EntryPoint\",\"urlTemplate\":\"https:\\\/\\\/fjala.info\\\/2009-2015\\\/?s={search_term_string}\"},\"query-input\":{\"@type\":\"PropertyValueSpecification\",\"valueRequired\":true,\"valueName\":\"search_term_string\"}}],\"inLanguage\":\"sq-AL\"},{\"@type\":\"Organization\",\"@id\":\"https:\\\/\\\/fjala.info\\\/2009-2015\\\/#organization\",\"name\":\"FjALA e LIR\u00cb - Arkivi\",\"url\":\"https:\\\/\\\/fjala.info\\\/2009-2015\\\/\",\"logo\":{\"@type\":\"ImageObject\",\"inLanguage\":\"sq-AL\",\"@id\":\"https:\\\/\\\/fjala.info\\\/2009-2015\\\/#\\\/schema\\\/logo\\\/image\\\/\",\"url\":\"\",\"contentUrl\":\"\",\"caption\":\"FjALA e LIR\u00cb - Arkivi\"},\"image\":{\"@id\":\"https:\\\/\\\/fjala.info\\\/2009-2015\\\/#\\\/schema\\\/logo\\\/image\\\/\"}},{\"@type\":\"Person\",\"@id\":\"https:\\\/\\\/fjala.info\\\/2009-2015\\\/#\\\/schema\\\/person\\\/3aa1163ef05469c496fc94e77611ada2\",\"name\":\"admin\",\"image\":{\"@type\":\"ImageObject\",\"inLanguage\":\"sq-AL\",\"@id\":\"https:\\\/\\\/fjala.info\\\/2009-2015\\\/wp-content\\\/uploads\\\/2012\\\/02\\\/arben_cokaj-120x150.jpg\",\"url\":\"https:\\\/\\\/fjala.info\\\/2009-2015\\\/wp-content\\\/uploads\\\/2012\\\/02\\\/arben_cokaj-120x150.jpg\",\"contentUrl\":\"https:\\\/\\\/fjala.info\\\/2009-2015\\\/wp-content\\\/uploads\\\/2012\\\/02\\\/arben_cokaj-120x150.jpg\",\"caption\":\"admin\"},\"description\":\"Admin, Fjala e Lir\u00eb\",\"sameAs\":[\"https:\\\/\\\/fjala.info\\\/\"],\"url\":\"https:\\\/\\\/fjala.info\\\/2009-2015\\\/author\\\/admin\\\/\"}]}<\/script>\n<!-- \/ Yoast SEO plugin. -->","yoast_head_json":{"title":"P\u00ebr 'agim\u00ebt' e vjet\u00ebr, t\u00eb nj\u00eb sistemi t\u00eb ri - FjALA e LIR\u00cb - Arkivi","robots":{"index":"index","follow":"follow","max-snippet":"max-snippet:-1","max-image-preview":"max-image-preview:large","max-video-preview":"max-video-preview:-1"},"canonical":"https:\/\/fjala.info\/2009-2015\/per-agimet-e-vjeter-te-nje-sistemi-te-ri\/","og_locale":"sq_AL","og_type":"article","og_title":"P\u00ebr 'agim\u00ebt' e vjet\u00ebr, t\u00eb nj\u00eb sistemi t\u00eb ri - FjALA e LIR\u00cb - Arkivi","og_description":"Nga Mero Baze, 20.06.2010 Nj\u00eb gjyqtar i Gjykat\u00ebs s\u00eb Tiran\u00ebs ka rikthyer debatin mbi raportet hipokrite t\u00eb qeveris\u00eb shqiptare me median, sa i p\u00ebrket strategjis\u00eb s\u00eb nd\u00ebshkimit dhe frik\u00ebsimit t\u00eb medias kritike. Agim Bendo, ka k\u00ebrkuar nj\u00eb gjob\u00eb prej 400 mij\u00eb euro nga gazetar\u00ebt e emisionit &#8220;Fiks Fare&#8221;, si d\u00ebmshp\u00ebrblim p\u00ebr ish-ministrin e Kultur\u00ebs, Ylli [&hellip;]","og_url":"https:\/\/fjala.info\/2009-2015\/per-agimet-e-vjeter-te-nje-sistemi-te-ri\/","og_site_name":"FjALA e LIR\u00cb - Arkivi","article_published_time":"2010-06-20T21:55:28+00:00","og_image":[{"url":"http:\/\/www.shkoder.net\/images\/fjala\/mero_baze1.jpg","type":"","width":"","height":""}],"author":"admin","twitter_card":"summary_large_image","twitter_misc":{"Written by":"admin","Est. reading time":"8 minutes"},"schema":{"@context":"https:\/\/schema.org","@graph":[{"@type":"Article","@id":"https:\/\/fjala.info\/2009-2015\/per-agimet-e-vjeter-te-nje-sistemi-te-ri\/#article","isPartOf":{"@id":"https:\/\/fjala.info\/2009-2015\/per-agimet-e-vjeter-te-nje-sistemi-te-ri\/"},"author":{"name":"admin","@id":"https:\/\/fjala.info\/2009-2015\/#\/schema\/person\/3aa1163ef05469c496fc94e77611ada2"},"headline":"P\u00ebr &#8216;agim\u00ebt&#8217; e vjet\u00ebr, t\u00eb nj\u00eb sistemi t\u00eb ri","datePublished":"2010-06-20T21:55:28+00:00","mainEntityOfPage":{"@id":"https:\/\/fjala.info\/2009-2015\/per-agimet-e-vjeter-te-nje-sistemi-te-ri\/"},"wordCount":1524,"commentCount":0,"publisher":{"@id":"https:\/\/fjala.info\/2009-2015\/#organization"},"image":{"@id":"https:\/\/fjala.info\/2009-2015\/per-agimet-e-vjeter-te-nje-sistemi-te-ri\/#primaryimage"},"thumbnailUrl":"http:\/\/www.shkoder.net\/images\/fjala\/mero_baze1.jpg","articleSection":["Artikuj"],"inLanguage":"sq-AL","potentialAction":[{"@type":"CommentAction","name":"Comment","target":["https:\/\/fjala.info\/2009-2015\/per-agimet-e-vjeter-te-nje-sistemi-te-ri\/#respond"]}]},{"@type":"WebPage","@id":"https:\/\/fjala.info\/2009-2015\/per-agimet-e-vjeter-te-nje-sistemi-te-ri\/","url":"https:\/\/fjala.info\/2009-2015\/per-agimet-e-vjeter-te-nje-sistemi-te-ri\/","name":"P\u00ebr 'agim\u00ebt' e vjet\u00ebr, t\u00eb nj\u00eb sistemi t\u00eb ri - FjALA e LIR\u00cb - Arkivi","isPartOf":{"@id":"https:\/\/fjala.info\/2009-2015\/#website"},"primaryImageOfPage":{"@id":"https:\/\/fjala.info\/2009-2015\/per-agimet-e-vjeter-te-nje-sistemi-te-ri\/#primaryimage"},"image":{"@id":"https:\/\/fjala.info\/2009-2015\/per-agimet-e-vjeter-te-nje-sistemi-te-ri\/#primaryimage"},"thumbnailUrl":"http:\/\/www.shkoder.net\/images\/fjala\/mero_baze1.jpg","datePublished":"2010-06-20T21:55:28+00:00","breadcrumb":{"@id":"https:\/\/fjala.info\/2009-2015\/per-agimet-e-vjeter-te-nje-sistemi-te-ri\/#breadcrumb"},"inLanguage":"sq-AL","potentialAction":[{"@type":"ReadAction","target":["https:\/\/fjala.info\/2009-2015\/per-agimet-e-vjeter-te-nje-sistemi-te-ri\/"]}]},{"@type":"ImageObject","inLanguage":"sq-AL","@id":"https:\/\/fjala.info\/2009-2015\/per-agimet-e-vjeter-te-nje-sistemi-te-ri\/#primaryimage","url":"http:\/\/www.shkoder.net\/images\/fjala\/mero_baze1.jpg","contentUrl":"http:\/\/www.shkoder.net\/images\/fjala\/mero_baze1.jpg"},{"@type":"BreadcrumbList","@id":"https:\/\/fjala.info\/2009-2015\/per-agimet-e-vjeter-te-nje-sistemi-te-ri\/#breadcrumb","itemListElement":[{"@type":"ListItem","position":1,"name":"Home","item":"https:\/\/fjala.info\/2009-2015\/"},{"@type":"ListItem","position":2,"name":"P\u00ebr &#8216;agim\u00ebt&#8217; e vjet\u00ebr, t\u00eb nj\u00eb sistemi t\u00eb ri"}]},{"@type":"WebSite","@id":"https:\/\/fjala.info\/2009-2015\/#website","url":"https:\/\/fjala.info\/2009-2015\/","name":"FjALA e LIR\u00cb - Arkivi","description":"Arkivi 2009-2015","publisher":{"@id":"https:\/\/fjala.info\/2009-2015\/#organization"},"potentialAction":[{"@type":"SearchAction","target":{"@type":"EntryPoint","urlTemplate":"https:\/\/fjala.info\/2009-2015\/?s={search_term_string}"},"query-input":{"@type":"PropertyValueSpecification","valueRequired":true,"valueName":"search_term_string"}}],"inLanguage":"sq-AL"},{"@type":"Organization","@id":"https:\/\/fjala.info\/2009-2015\/#organization","name":"FjALA e LIR\u00cb - Arkivi","url":"https:\/\/fjala.info\/2009-2015\/","logo":{"@type":"ImageObject","inLanguage":"sq-AL","@id":"https:\/\/fjala.info\/2009-2015\/#\/schema\/logo\/image\/","url":"","contentUrl":"","caption":"FjALA e LIR\u00cb - Arkivi"},"image":{"@id":"https:\/\/fjala.info\/2009-2015\/#\/schema\/logo\/image\/"}},{"@type":"Person","@id":"https:\/\/fjala.info\/2009-2015\/#\/schema\/person\/3aa1163ef05469c496fc94e77611ada2","name":"admin","image":{"@type":"ImageObject","inLanguage":"sq-AL","@id":"https:\/\/fjala.info\/2009-2015\/wp-content\/uploads\/2012\/02\/arben_cokaj-120x150.jpg","url":"https:\/\/fjala.info\/2009-2015\/wp-content\/uploads\/2012\/02\/arben_cokaj-120x150.jpg","contentUrl":"https:\/\/fjala.info\/2009-2015\/wp-content\/uploads\/2012\/02\/arben_cokaj-120x150.jpg","caption":"admin"},"description":"Admin, Fjala e Lir\u00eb","sameAs":["https:\/\/fjala.info\/"],"url":"https:\/\/fjala.info\/2009-2015\/author\/admin\/"}]}},"_links":{"self":[{"href":"https:\/\/fjala.info\/2009-2015\/wp-json\/wp\/v2\/posts\/3038","targetHints":{"allow":["GET"]}}],"collection":[{"href":"https:\/\/fjala.info\/2009-2015\/wp-json\/wp\/v2\/posts"}],"about":[{"href":"https:\/\/fjala.info\/2009-2015\/wp-json\/wp\/v2\/types\/post"}],"author":[{"embeddable":true,"href":"https:\/\/fjala.info\/2009-2015\/wp-json\/wp\/v2\/users\/1"}],"replies":[{"embeddable":true,"href":"https:\/\/fjala.info\/2009-2015\/wp-json\/wp\/v2\/comments?post=3038"}],"version-history":[{"count":0,"href":"https:\/\/fjala.info\/2009-2015\/wp-json\/wp\/v2\/posts\/3038\/revisions"}],"wp:attachment":[{"href":"https:\/\/fjala.info\/2009-2015\/wp-json\/wp\/v2\/media?parent=3038"}],"wp:term":[{"taxonomy":"category","embeddable":true,"href":"https:\/\/fjala.info\/2009-2015\/wp-json\/wp\/v2\/categories?post=3038"},{"taxonomy":"post_tag","embeddable":true,"href":"https:\/\/fjala.info\/2009-2015\/wp-json\/wp\/v2\/tags?post=3038"}],"curies":[{"name":"wp","href":"https:\/\/api.w.org\/{rel}","templated":true}]}}