{"id":3037,"date":"2012-05-31T00:04:24","date_gmt":"2012-05-30T23:04:24","guid":{"rendered":"http:\/\/www.fjala.info\/?p=3037"},"modified":"2012-05-31T00:04:24","modified_gmt":"2012-05-30T23:04:24","slug":"domosdoshmeria-per-nje-politike-te-re","status":"publish","type":"post","link":"https:\/\/fjala.info\/2009-2015\/domosdoshmeria-per-nje-politike-te-re\/","title":{"rendered":"Domosdoshm\u00ebria p\u00ebr nj\u00eb politik\u00eb t\u00eb re"},"content":{"rendered":"<p>Nga <strong>Artan Vatoci<\/strong>, <em>14 Dhjetor 2010<\/em><\/p>\n<p><em>A \u00ebsht\u00eb shoq\u00ebria shqiptare e pjekur dhe e maturuar, q\u00eb t\u00eb p\u00ebrqafoj\u00eb nj\u00eb politik\u00eb t\u00eb re drejtuese?<\/em><\/p>\n<p>N\u00ebse k\u00ebto dit\u00eb mund t\u00eb jap nj\u00eb p\u00ebrgjigje me nj\u00eb PO t\u00eb thjesht\u00eb, kam frik\u00eb q\u00eb mbas nj\u00eb muaji do detyrohem t\u00eb them nj\u00eb JO t\u00eb komplikuar. \u00c7do gj\u00eb q\u00eb ndodh n\u00eb Shqip\u00ebri sot n\u00eb politik\u00ebn e saj, nuk vjen nga strategjia e momentit, por si rrjedhoj\u00eb e asaj \u00e7far\u00eb ka ndodhur n\u00eb Shqip\u00ebri n\u00eb tre dekadat e fundit. Si \u00e7do gj\u00eb q\u00eb ka nj\u00eb fillim dhe nj\u00eb fund, edhe cikli i nj\u00eb politike drejtuese ka fillimin dhe mbarimin e saj.<\/p>\n<p>Duke u p\u00ebrqendruar n\u00eb t\u00eb tashmen dhe \u00e7far\u00eb do vij\u00eb, po p\u00ebrmend vet\u00ebm p\u00ebr pak se \u00e7far\u00eb kemi kaluar k\u00ebto tre dekada, p\u00ebr t\u00eb kuptuar pse jemi ku jemi dhe ku po shkojm\u00eb. K\u00ebto tre dekada kemi par\u00eb nj\u00eb lider t\u00eb rr\u00ebzohet, nj\u00eb tjet\u00ebr t\u00eb dal\u00eb n\u00eb pension dhe nj\u00eb tjet\u00ebr q\u00eb \u00ebsht\u00eb n\u00eb kulmin e tij. T\u00eb tre k\u00ebta lidera kan\u00eb nj\u00eb t\u00eb p\u00ebrbashk\u00ebt, q\u00eb n\u00eb politik\u00eb \u00ebsht\u00eb thelb\u00ebsore, kan\u00eb p\u00ebrqafuar t\u00eb nj\u00ebjt\u00ebn ideologji, t\u00eb majt\u00ebn. <\/p>\n<p>N\u00ebse i pari u \u201crr\u00ebzua\u201d sepse vdiq, dy t\u00eb tjer\u00ebt u reformuan duke ju p\u00ebrshtatur klim\u00ebs politike t\u00eb ndryshimeve rajonale, kusht\u00ebzuese, por edhe p\u00ebr t\u00eb mund\u00ebsuar mbijetes\u00ebn e tyre politike. N\u00eb vitet 88-90 Alia u perceptua nga shumica e popullit si nj\u00eb reformator, por q\u00eb kishte duart e lidhura nga pjesa konservatore e komunist\u00ebve shqiptar\u00eb. N\u00eb fakt ato \u201creforma\u201d q\u00eb filluan t\u00eb b\u00ebheshin n\u00eb at\u00eb koh\u00eb ishin t\u00eb kusht\u00ebzuara nga vet\u00eb kalb\u00ebzimi i sistemit komunist se sa nga d\u00ebshira e tyre p\u00ebr t\u00eb ndryshuar.<\/p>\n<p>P\u00ebrvoja n\u00eb drejtimin e nj\u00eb shteti dhe nj\u00eb populli, t\u00eb jep luksin q\u00eb t\u00eb kesh nj\u00eb largpam\u00ebsi p\u00ebr t\u00eb marr\u00eb vendime politike, t\u00eb b\u00ebsh nj\u00eb strategji afatgjat\u00eb. Kjo mendoj ishte arsyeja e vetme p\u00ebrse Alia filloi t\u00eb ndryshoj\u00eb kursin dhe dal\u00ebngadal\u00eb b\u00ebri kalimin e pushtetit n\u00eb duar t\u00eb sigurta dhe pa gjak. N\u00eb prag t\u00eb rr\u00ebzimit t\u00eb sistemit, ishte krijuar nj\u00eb elit\u00eb intelektuale q\u00eb ishte e mir\u00eb-edukuar (p\u00ebr aq sa i jepte mund\u00ebsi sistemi). Kjo elit\u00eb intelektuale ishte rritur dhe edukuar me ideologjin\u00eb komuniste, dhe \u201crebelimi\u201d ndaj t\u00eb vjetr\u00ebs, ndaj nj\u00eb sistemi q\u00eb ishte kalb\u00ebzuar, nuk mund t\u00eb shkonte m\u00eb larg se sa ishte e lejuar, ndryshe do humbiste shansin p\u00ebr t\u00eb p\u00ebrfituar nga e reja q\u00eb po vinte.<\/p>\n<p>Ajo \u00e7far\u00eb ndodhi n\u00eb dhjetor 1990 ishte nj\u00eb \u201criformatim\u201d q\u00eb iu b\u00eb \u201ckompjuterit politik\u201d shqiptar, mbas \u201cvirusit\u201d q\u00eb mori nga revoltat e ambasadave dhe t\u00eb student\u00ebve. Nj\u00eb riformatim duke ri-instaluar shumic\u00ebn e \u201cprogrameve dhe dokumenteve\u201d t\u00eb b\u00ebra \u201cbackup\u201d, por me \u201cnew drivers\u201d. Ky \u201ckompjuter politik\u201d ka 20 vite q\u00eb punon dhe tani po jep shenjat e mbarimit t\u00eb ciklit t\u00eb pun\u00ebs. Por nuk \u00ebsht\u00eb se politika e 20 viteve nuk ka b\u00ebr\u00eb detyrat e sht\u00ebpis\u00eb. Edhe ajo ka krijuar \u201celit\u00ebn intelektuale\u201d t\u00eb saj q\u00eb do mb\u00ebshtetet p\u00ebr t\u00eb b\u00ebr\u00eb \u201criformatimin\u201d politik. Pjesa m\u00eb e madhe e tyre kan\u00eb marr\u00eb edukim per\u00ebndimor fal\u00eb edhe mund\u00ebsive q\u00eb krijoi sistemi i ri politik shqiptar.<\/p>\n<p>Kjo pjes\u00eb e \u201celit\u00ebs intelektuale\u201d po p\u00ebrgatitet p\u00ebr t\u00eb b\u00ebr\u00eb transformimin nga \u201cpolitika e vjet\u00ebr\u201d n\u00eb \u201cpolitik\u00ebn e re\u201d, por q\u00eb nuk \u00ebsht\u00eb asgj\u00eb tjet\u00ebr ve\u00e7se vazhdim\u00ebsi e asaj q\u00eb ka nisur nj\u00ebzet e ca vite m\u00eb par\u00eb. \u201cVirusi\u201d po jep shenjat e para n\u00eb \u201ckompjuterin politik\u201d sot dhe s\u00eb shpejti do ket\u00eb nevoj\u00eb p\u00ebr nj\u00eb \u201criformatim\u201d tjet\u00ebr. K\u00ebt\u00eb radh\u00eb \u201cvirusi\u201d nuk jan\u00eb revoltat popullore apo protestat n\u00ebp\u00ebr rrug\u00eb, k\u00ebt\u00eb radh\u00eb \u00ebsht\u00eb rr\u00ebnimi ekonomik, vjedhja, korrupsioni, tradhtia komb\u00ebtare. Ky \u00ebsht\u00eb nj\u00eb virus m\u00eb i rreziksh\u00ebm dhe \u201criformatimi\u201d do b\u00ebhet n\u00eb koh\u00eb m\u00eb t\u00eb shkurt\u00ebr, ndoshta akut, n\u00eb krahasim me t\u00eb parin.<\/p>\n<p>N\u00eb k\u00ebto momente q\u00eb po kalon Shqip\u00ebria, ka nj\u00eb hap\u00ebsir\u00eb shum\u00eb t\u00eb vog\u00ebl q\u00eb duhet t\u00eb shfryt\u00ebzohet nga pjesa e sh\u00ebndosh\u00eb e shoq\u00ebris\u00eb shqiptare, t\u00eb shfryt\u00ebzohet nga pjesa e sh\u00ebndosh\u00eb e elit\u00ebs intelektuale dhe politike q\u00eb t\u00eb b\u00ebhet kalimi n\u00eb nj\u00eb politik\u00eb v\u00ebrtet ndryshe dhe t\u00eb re. Nuk duhet t\u00eb vazhdojm\u00eb t\u00eb qajm\u00eb se \u00e7far\u00eb ka ndodhur dhe p\u00ebrse kemi devijuar nga idealet e dhjetorit, por t\u00eb shpalosen ide dhe platforma se \u00e7far\u00eb do b\u00ebhet tani e mbrapa, p\u00ebr t\u00eb hyre n\u00eb nj\u00eb etape t\u00eb re.<\/p>\n<p>Partia Socialiste ka kryer ciklin e saj t\u00eb rigjenerimit, ajo ka filluar ciklin e zgjerimit t\u00eb saj. Problemi nuk q\u00ebndron te e majta, sepse ajo nuk ka ndryshuar ideologjin\u00eb, vet\u00ebm e ka reformuar at\u00eb. Problemi q\u00ebndron tek e djathta q\u00eb nuk ka b\u00ebr\u00eb riciklimin e saj dhe si pasoj\u00eb nuk ka shum\u00eb hap\u00ebsir\u00eb p\u00ebr tu reformuar. Si n\u00eb shum\u00eb vende t\u00eb Evrop\u00ebs Lindore, parti me pesh\u00eb n\u00eb elektorat t\u00eb dala mbas sistemit komunist, kan\u00eb pasur nj\u00eb cik\u00ebl 10-15 vjet dhe pastaj kan\u00eb r\u00ebn\u00eb n\u00eb nivelin e 2-5% t\u00eb elektoratit.<\/p>\n<p>\u00c7far\u00eb t\u00eb ardhme ka PD-ja dhe e djathta n\u00eb p\u00ebrgjith\u00ebsi? Duke mos pasur ndryshime elitash drejtuese n\u00eb partit\u00eb e t\u00eb djatht\u00ebs, e vetmja mund\u00ebsi mbetet kalimi i drejtimit t\u00eb k\u00ebtyre partive n\u00eb \u201cduar t\u00eb sigurta\u201d, me komandim. N\u00ebse nj\u00eb gj\u00eb e till\u00eb ndodh, shum\u00eb shpejt do sjell\u00eb nj\u00eb shp\u00ebrb\u00ebrje p\u00ebrfundimtare t\u00eb k\u00ebsaj partie. Kjo duhet t\u00eb jet\u00eb nj\u00eb kamban\u00eb p\u00ebr t\u00eb gjith\u00eb ata q\u00eb kan\u00eb bindje v\u00ebrtet t\u00eb djathta, q\u00eb shkat\u00ebrrimi i t\u00eb djatht\u00ebs do sjell\u00eb nj\u00eb qeverisje nga e majta p\u00ebr nj\u00eb koh\u00eb t\u00eb gjat\u00eb.<\/p>\n<p>Pra, e humbura e v\u00ebrtet\u00eb \u00ebsht\u00eb e djathta shqiptare, jan\u00eb shanse t\u00eb humbura p\u00ebr t\u00eb marr\u00eb drejtimin e vendin, shans q\u00eb s\u2019e ka pasur asnj\u00ebher\u00eb k\u00ebto tre dekada. Elita politike dhe intelektuale e t\u00eb djatht\u00ebs (jo vet\u00ebm me em\u00ebr) duhet t\u00eb filloje procesin e riorganizimit, q\u00eb nj\u00eb proces i pashmangsh\u00ebm t\u00eb mos ta gjej\u00eb t\u00eb pap\u00ebrgatitur. Periudha e tranzicionit ka sh\u00ebrbyer si rrjet filtrimi p\u00ebr politik\u00ebn shqiptare dhe at\u00eb mbar\u00eb komb\u00ebtare. Shumica e k\u00ebsaj elite politike, jan\u00eb n\u00eb pritje t\u00eb gjat\u00eb dhe shpresojn\u00eb q\u00eb kjo epoke 3 dekadash t\u00eb kaloj\u00eb vet\u00eb, por ajo do t\u00eb b\u00ebj\u00eb nj\u00eb gabim t\u00eb madh n\u00ebse rri e pret. Mosveprimi \u00ebsht\u00eb m\u00eb i d\u00ebmsh\u00ebm se veprimi gabim. Koha ka treguar q\u00eb mosveprimi n\u00eb dekada, ka \u00e7uar atje ku kthimi n\u00eb rrug\u00eb t\u00eb drejt\u00eb duket i pamundur.<\/p>\n","protected":false},"excerpt":{"rendered":"<p>Nga Artan Vatoci, 14 Dhjetor 2010 A \u00ebsht\u00eb shoq\u00ebria shqiptare e pjekur dhe e maturuar, q\u00eb t\u00eb p\u00ebrqafoj\u00eb nj\u00eb politik\u00eb t\u00eb re drejtuese? N\u00ebse k\u00ebto dit\u00eb mund t\u00eb jap nj\u00eb p\u00ebrgjigje me nj\u00eb PO t\u00eb thjesht\u00eb, kam frik\u00eb q\u00eb mbas nj\u00eb muaji do detyrohem t\u00eb them nj\u00eb JO t\u00eb komplikuar. \u00c7do gj\u00eb q\u00eb ndodh n\u00eb [&hellip;]<\/p>\n","protected":false},"author":1,"featured_media":0,"comment_status":"open","ping_status":"closed","sticky":false,"template":"","format":"standard","meta":{"footnotes":""},"categories":[2],"tags":[],"class_list":{"0":"post-3037","1":"post","2":"type-post","3":"status-publish","4":"format-standard","6":"category-artikuj"},"yoast_head":"<!-- This site is optimized with the Yoast SEO plugin v27.4 - https:\/\/yoast.com\/product\/yoast-seo-wordpress\/ -->\n<title>Domosdoshm\u00ebria p\u00ebr nj\u00eb politik\u00eb t\u00eb re - FjALA e LIR\u00cb - Arkivi<\/title>\n<meta name=\"robots\" content=\"index, follow, max-snippet:-1, max-image-preview:large, max-video-preview:-1\" \/>\n<link rel=\"canonical\" href=\"https:\/\/fjala.info\/2009-2015\/domosdoshmeria-per-nje-politike-te-re\/\" \/>\n<meta property=\"og:locale\" content=\"sq_AL\" \/>\n<meta property=\"og:type\" content=\"article\" \/>\n<meta property=\"og:title\" content=\"Domosdoshm\u00ebria p\u00ebr nj\u00eb politik\u00eb t\u00eb re - FjALA e LIR\u00cb - Arkivi\" \/>\n<meta property=\"og:description\" content=\"Nga Artan Vatoci, 14 Dhjetor 2010 A \u00ebsht\u00eb shoq\u00ebria shqiptare e pjekur dhe e maturuar, q\u00eb t\u00eb p\u00ebrqafoj\u00eb nj\u00eb politik\u00eb t\u00eb re drejtuese? N\u00ebse k\u00ebto dit\u00eb mund t\u00eb jap nj\u00eb p\u00ebrgjigje me nj\u00eb PO t\u00eb thjesht\u00eb, kam frik\u00eb q\u00eb mbas nj\u00eb muaji do detyrohem t\u00eb them nj\u00eb JO t\u00eb komplikuar. \u00c7do gj\u00eb q\u00eb ndodh n\u00eb [&hellip;]\" \/>\n<meta property=\"og:url\" content=\"https:\/\/fjala.info\/2009-2015\/domosdoshmeria-per-nje-politike-te-re\/\" \/>\n<meta property=\"og:site_name\" content=\"FjALA e LIR\u00cb - Arkivi\" \/>\n<meta property=\"article:published_time\" content=\"2012-05-30T23:04:24+00:00\" \/>\n<meta name=\"author\" content=\"admin\" \/>\n<meta name=\"twitter:card\" content=\"summary_large_image\" \/>\n<meta name=\"twitter:label1\" content=\"Written by\" \/>\n\t<meta name=\"twitter:data1\" content=\"admin\" \/>\n\t<meta name=\"twitter:label2\" content=\"Est. reading time\" \/>\n\t<meta name=\"twitter:data2\" content=\"6 minutes\" \/>\n<script type=\"application\/ld+json\" class=\"yoast-schema-graph\">{\"@context\":\"https:\\\/\\\/schema.org\",\"@graph\":[{\"@type\":\"Article\",\"@id\":\"https:\\\/\\\/fjala.info\\\/2009-2015\\\/domosdoshmeria-per-nje-politike-te-re\\\/#article\",\"isPartOf\":{\"@id\":\"https:\\\/\\\/fjala.info\\\/2009-2015\\\/domosdoshmeria-per-nje-politike-te-re\\\/\"},\"author\":{\"name\":\"admin\",\"@id\":\"https:\\\/\\\/fjala.info\\\/2009-2015\\\/#\\\/schema\\\/person\\\/3aa1163ef05469c496fc94e77611ada2\"},\"headline\":\"Domosdoshm\u00ebria p\u00ebr nj\u00eb politik\u00eb t\u00eb re\",\"datePublished\":\"2012-05-30T23:04:24+00:00\",\"mainEntityOfPage\":{\"@id\":\"https:\\\/\\\/fjala.info\\\/2009-2015\\\/domosdoshmeria-per-nje-politike-te-re\\\/\"},\"wordCount\":1137,\"commentCount\":0,\"publisher\":{\"@id\":\"https:\\\/\\\/fjala.info\\\/2009-2015\\\/#organization\"},\"articleSection\":[\"Artikuj\"],\"inLanguage\":\"sq-AL\",\"potentialAction\":[{\"@type\":\"CommentAction\",\"name\":\"Comment\",\"target\":[\"https:\\\/\\\/fjala.info\\\/2009-2015\\\/domosdoshmeria-per-nje-politike-te-re\\\/#respond\"]}]},{\"@type\":\"WebPage\",\"@id\":\"https:\\\/\\\/fjala.info\\\/2009-2015\\\/domosdoshmeria-per-nje-politike-te-re\\\/\",\"url\":\"https:\\\/\\\/fjala.info\\\/2009-2015\\\/domosdoshmeria-per-nje-politike-te-re\\\/\",\"name\":\"Domosdoshm\u00ebria p\u00ebr nj\u00eb politik\u00eb t\u00eb re - FjALA e LIR\u00cb - Arkivi\",\"isPartOf\":{\"@id\":\"https:\\\/\\\/fjala.info\\\/2009-2015\\\/#website\"},\"datePublished\":\"2012-05-30T23:04:24+00:00\",\"breadcrumb\":{\"@id\":\"https:\\\/\\\/fjala.info\\\/2009-2015\\\/domosdoshmeria-per-nje-politike-te-re\\\/#breadcrumb\"},\"inLanguage\":\"sq-AL\",\"potentialAction\":[{\"@type\":\"ReadAction\",\"target\":[\"https:\\\/\\\/fjala.info\\\/2009-2015\\\/domosdoshmeria-per-nje-politike-te-re\\\/\"]}]},{\"@type\":\"BreadcrumbList\",\"@id\":\"https:\\\/\\\/fjala.info\\\/2009-2015\\\/domosdoshmeria-per-nje-politike-te-re\\\/#breadcrumb\",\"itemListElement\":[{\"@type\":\"ListItem\",\"position\":1,\"name\":\"Home\",\"item\":\"https:\\\/\\\/fjala.info\\\/2009-2015\\\/\"},{\"@type\":\"ListItem\",\"position\":2,\"name\":\"Domosdoshm\u00ebria p\u00ebr nj\u00eb politik\u00eb t\u00eb re\"}]},{\"@type\":\"WebSite\",\"@id\":\"https:\\\/\\\/fjala.info\\\/2009-2015\\\/#website\",\"url\":\"https:\\\/\\\/fjala.info\\\/2009-2015\\\/\",\"name\":\"FjALA e LIR\u00cb - Arkivi\",\"description\":\"Arkivi 2009-2015\",\"publisher\":{\"@id\":\"https:\\\/\\\/fjala.info\\\/2009-2015\\\/#organization\"},\"potentialAction\":[{\"@type\":\"SearchAction\",\"target\":{\"@type\":\"EntryPoint\",\"urlTemplate\":\"https:\\\/\\\/fjala.info\\\/2009-2015\\\/?s={search_term_string}\"},\"query-input\":{\"@type\":\"PropertyValueSpecification\",\"valueRequired\":true,\"valueName\":\"search_term_string\"}}],\"inLanguage\":\"sq-AL\"},{\"@type\":\"Organization\",\"@id\":\"https:\\\/\\\/fjala.info\\\/2009-2015\\\/#organization\",\"name\":\"FjALA e LIR\u00cb - Arkivi\",\"url\":\"https:\\\/\\\/fjala.info\\\/2009-2015\\\/\",\"logo\":{\"@type\":\"ImageObject\",\"inLanguage\":\"sq-AL\",\"@id\":\"https:\\\/\\\/fjala.info\\\/2009-2015\\\/#\\\/schema\\\/logo\\\/image\\\/\",\"url\":\"\",\"contentUrl\":\"\",\"caption\":\"FjALA e LIR\u00cb - Arkivi\"},\"image\":{\"@id\":\"https:\\\/\\\/fjala.info\\\/2009-2015\\\/#\\\/schema\\\/logo\\\/image\\\/\"}},{\"@type\":\"Person\",\"@id\":\"https:\\\/\\\/fjala.info\\\/2009-2015\\\/#\\\/schema\\\/person\\\/3aa1163ef05469c496fc94e77611ada2\",\"name\":\"admin\",\"image\":{\"@type\":\"ImageObject\",\"inLanguage\":\"sq-AL\",\"@id\":\"https:\\\/\\\/fjala.info\\\/2009-2015\\\/wp-content\\\/uploads\\\/2012\\\/02\\\/arben_cokaj-120x150.jpg\",\"url\":\"https:\\\/\\\/fjala.info\\\/2009-2015\\\/wp-content\\\/uploads\\\/2012\\\/02\\\/arben_cokaj-120x150.jpg\",\"contentUrl\":\"https:\\\/\\\/fjala.info\\\/2009-2015\\\/wp-content\\\/uploads\\\/2012\\\/02\\\/arben_cokaj-120x150.jpg\",\"caption\":\"admin\"},\"description\":\"Admin, Fjala e Lir\u00eb\",\"sameAs\":[\"https:\\\/\\\/fjala.info\\\/\"],\"url\":\"https:\\\/\\\/fjala.info\\\/2009-2015\\\/author\\\/admin\\\/\"}]}<\/script>\n<!-- \/ Yoast SEO plugin. -->","yoast_head_json":{"title":"Domosdoshm\u00ebria p\u00ebr nj\u00eb politik\u00eb t\u00eb re - FjALA e LIR\u00cb - Arkivi","robots":{"index":"index","follow":"follow","max-snippet":"max-snippet:-1","max-image-preview":"max-image-preview:large","max-video-preview":"max-video-preview:-1"},"canonical":"https:\/\/fjala.info\/2009-2015\/domosdoshmeria-per-nje-politike-te-re\/","og_locale":"sq_AL","og_type":"article","og_title":"Domosdoshm\u00ebria p\u00ebr nj\u00eb politik\u00eb t\u00eb re - FjALA e LIR\u00cb - Arkivi","og_description":"Nga Artan Vatoci, 14 Dhjetor 2010 A \u00ebsht\u00eb shoq\u00ebria shqiptare e pjekur dhe e maturuar, q\u00eb t\u00eb p\u00ebrqafoj\u00eb nj\u00eb politik\u00eb t\u00eb re drejtuese? N\u00ebse k\u00ebto dit\u00eb mund t\u00eb jap nj\u00eb p\u00ebrgjigje me nj\u00eb PO t\u00eb thjesht\u00eb, kam frik\u00eb q\u00eb mbas nj\u00eb muaji do detyrohem t\u00eb them nj\u00eb JO t\u00eb komplikuar. \u00c7do gj\u00eb q\u00eb ndodh n\u00eb [&hellip;]","og_url":"https:\/\/fjala.info\/2009-2015\/domosdoshmeria-per-nje-politike-te-re\/","og_site_name":"FjALA e LIR\u00cb - Arkivi","article_published_time":"2012-05-30T23:04:24+00:00","author":"admin","twitter_card":"summary_large_image","twitter_misc":{"Written by":"admin","Est. reading time":"6 minutes"},"schema":{"@context":"https:\/\/schema.org","@graph":[{"@type":"Article","@id":"https:\/\/fjala.info\/2009-2015\/domosdoshmeria-per-nje-politike-te-re\/#article","isPartOf":{"@id":"https:\/\/fjala.info\/2009-2015\/domosdoshmeria-per-nje-politike-te-re\/"},"author":{"name":"admin","@id":"https:\/\/fjala.info\/2009-2015\/#\/schema\/person\/3aa1163ef05469c496fc94e77611ada2"},"headline":"Domosdoshm\u00ebria p\u00ebr nj\u00eb politik\u00eb t\u00eb re","datePublished":"2012-05-30T23:04:24+00:00","mainEntityOfPage":{"@id":"https:\/\/fjala.info\/2009-2015\/domosdoshmeria-per-nje-politike-te-re\/"},"wordCount":1137,"commentCount":0,"publisher":{"@id":"https:\/\/fjala.info\/2009-2015\/#organization"},"articleSection":["Artikuj"],"inLanguage":"sq-AL","potentialAction":[{"@type":"CommentAction","name":"Comment","target":["https:\/\/fjala.info\/2009-2015\/domosdoshmeria-per-nje-politike-te-re\/#respond"]}]},{"@type":"WebPage","@id":"https:\/\/fjala.info\/2009-2015\/domosdoshmeria-per-nje-politike-te-re\/","url":"https:\/\/fjala.info\/2009-2015\/domosdoshmeria-per-nje-politike-te-re\/","name":"Domosdoshm\u00ebria p\u00ebr nj\u00eb politik\u00eb t\u00eb re - FjALA e LIR\u00cb - Arkivi","isPartOf":{"@id":"https:\/\/fjala.info\/2009-2015\/#website"},"datePublished":"2012-05-30T23:04:24+00:00","breadcrumb":{"@id":"https:\/\/fjala.info\/2009-2015\/domosdoshmeria-per-nje-politike-te-re\/#breadcrumb"},"inLanguage":"sq-AL","potentialAction":[{"@type":"ReadAction","target":["https:\/\/fjala.info\/2009-2015\/domosdoshmeria-per-nje-politike-te-re\/"]}]},{"@type":"BreadcrumbList","@id":"https:\/\/fjala.info\/2009-2015\/domosdoshmeria-per-nje-politike-te-re\/#breadcrumb","itemListElement":[{"@type":"ListItem","position":1,"name":"Home","item":"https:\/\/fjala.info\/2009-2015\/"},{"@type":"ListItem","position":2,"name":"Domosdoshm\u00ebria p\u00ebr nj\u00eb politik\u00eb t\u00eb re"}]},{"@type":"WebSite","@id":"https:\/\/fjala.info\/2009-2015\/#website","url":"https:\/\/fjala.info\/2009-2015\/","name":"FjALA e LIR\u00cb - Arkivi","description":"Arkivi 2009-2015","publisher":{"@id":"https:\/\/fjala.info\/2009-2015\/#organization"},"potentialAction":[{"@type":"SearchAction","target":{"@type":"EntryPoint","urlTemplate":"https:\/\/fjala.info\/2009-2015\/?s={search_term_string}"},"query-input":{"@type":"PropertyValueSpecification","valueRequired":true,"valueName":"search_term_string"}}],"inLanguage":"sq-AL"},{"@type":"Organization","@id":"https:\/\/fjala.info\/2009-2015\/#organization","name":"FjALA e LIR\u00cb - Arkivi","url":"https:\/\/fjala.info\/2009-2015\/","logo":{"@type":"ImageObject","inLanguage":"sq-AL","@id":"https:\/\/fjala.info\/2009-2015\/#\/schema\/logo\/image\/","url":"","contentUrl":"","caption":"FjALA e LIR\u00cb - Arkivi"},"image":{"@id":"https:\/\/fjala.info\/2009-2015\/#\/schema\/logo\/image\/"}},{"@type":"Person","@id":"https:\/\/fjala.info\/2009-2015\/#\/schema\/person\/3aa1163ef05469c496fc94e77611ada2","name":"admin","image":{"@type":"ImageObject","inLanguage":"sq-AL","@id":"https:\/\/fjala.info\/2009-2015\/wp-content\/uploads\/2012\/02\/arben_cokaj-120x150.jpg","url":"https:\/\/fjala.info\/2009-2015\/wp-content\/uploads\/2012\/02\/arben_cokaj-120x150.jpg","contentUrl":"https:\/\/fjala.info\/2009-2015\/wp-content\/uploads\/2012\/02\/arben_cokaj-120x150.jpg","caption":"admin"},"description":"Admin, Fjala e Lir\u00eb","sameAs":["https:\/\/fjala.info\/"],"url":"https:\/\/fjala.info\/2009-2015\/author\/admin\/"}]}},"_links":{"self":[{"href":"https:\/\/fjala.info\/2009-2015\/wp-json\/wp\/v2\/posts\/3037","targetHints":{"allow":["GET"]}}],"collection":[{"href":"https:\/\/fjala.info\/2009-2015\/wp-json\/wp\/v2\/posts"}],"about":[{"href":"https:\/\/fjala.info\/2009-2015\/wp-json\/wp\/v2\/types\/post"}],"author":[{"embeddable":true,"href":"https:\/\/fjala.info\/2009-2015\/wp-json\/wp\/v2\/users\/1"}],"replies":[{"embeddable":true,"href":"https:\/\/fjala.info\/2009-2015\/wp-json\/wp\/v2\/comments?post=3037"}],"version-history":[{"count":0,"href":"https:\/\/fjala.info\/2009-2015\/wp-json\/wp\/v2\/posts\/3037\/revisions"}],"wp:attachment":[{"href":"https:\/\/fjala.info\/2009-2015\/wp-json\/wp\/v2\/media?parent=3037"}],"wp:term":[{"taxonomy":"category","embeddable":true,"href":"https:\/\/fjala.info\/2009-2015\/wp-json\/wp\/v2\/categories?post=3037"},{"taxonomy":"post_tag","embeddable":true,"href":"https:\/\/fjala.info\/2009-2015\/wp-json\/wp\/v2\/tags?post=3037"}],"curies":[{"name":"wp","href":"https:\/\/api.w.org\/{rel}","templated":true}]}}