{"id":3036,"date":"2010-06-20T22:49:23","date_gmt":"2010-06-20T21:49:23","guid":{"rendered":"http:\/\/fjala.shkoder.net\/?p=3036"},"modified":"2010-06-20T22:49:23","modified_gmt":"2010-06-20T21:49:23","slug":"nje-vend-anetar-i-cuditshem","status":"publish","type":"post","link":"https:\/\/fjala.info\/2009-2015\/nje-vend-anetar-i-cuditshem\/","title":{"rendered":"Nj\u00eb vend an\u00ebtar i \u00e7uditsh\u00ebm"},"content":{"rendered":"<p><img decoding=\"async\" style=\"margin-left: 10px; margin-right: 10px; border: 0px;\" src=\"http:\/\/www.shkoder.net\/images\/fjala\/skender_minxhozi.jpg\" border=\"0\" alt=\"Sk\u00ebnder Minxhozi\" width=\"100\" align=\"right\" \/><\/p>\n<p><strong>Sk\u00ebnder Minxhozi<\/strong><\/p>\n<p>\u00cbsht\u00eb nj\u00eb lajm i or\u00ebve t\u00eb fundit, i cili, n\u00eb hullin\u00eb e ngjarjeve politike q\u00eb rrotullohen rreth boshtit t\u00eb kriz\u00ebs zgjedhore, nuk le ndonj\u00eb shenj\u00eb kushedi \u00e7far\u00eb. Kreu i popullor\u00ebve n\u00eb Parlamentin Europian, Jozef Daull, bashk\u00ebnism\u00ebtari i nd\u00ebrmjet\u00ebsimit p\u00ebr zgjidhjen e kriz\u00ebs shqiptare, do t\u00eb vizitoj\u00eb Tiran\u00ebn n\u00eb fillimjav\u00eb. Shqiptarit t\u00eb mes\u00ebm skeptik dhe mosbesues, kjo vizit\u00eb e radh\u00ebs i sjell nd\u00ebrmend nj\u00eb film t\u00eb par\u00eb tashm\u00eb disa her\u00eb n\u00eb muajt e fundit. Zyrtar\u00eb t\u00eb huaj q\u00eb vijn\u00eb, takojn\u00eb shtetar\u00ebt dhe partit\u00eb, dalin n\u00eb konferenca shtypi, l\u00ebshojn\u00eb t\u00eb nj\u00ebjtat deklarata paq\u00ebtuese dhe t\u00eb kujdesshme p\u00ebr t\u00eb mos prekur direkt asnj\u00eb pal\u00eb dhe ikin. Nj\u00eb ritual q\u00eb p\u00ebrs\u00ebritet n\u00eb boshll\u00ebkun e madh q\u00eb ka krijuar sherri nj\u00ebvje\u00e7ar shqiptar dhe q\u00eb vet\u00ebm sa zbulon mefsht\u00ebsin\u00eb e nd\u00ebrkomb\u00ebtar\u00ebve dhe kok\u00ebfort\u00ebsin\u00eb tall\u00ebse t\u00eb tan\u00ebve.<\/p>\n<p>Kjo kriz\u00eb ka thirrur deri tani n\u00eb Tiran\u00eb t\u00eb pakt\u00ebn tre misione zyrtar\u00ebsh t\u00eb lart\u00eb nga Brukseli dhe Strasburgu, pa l\u00ebvizur megjithat\u00eb asnj\u00eb milimet\u00ebr nga vendi. Delegacioni i Asambles\u00eb s\u00eb P\u00ebrgjithshme t\u00eb K\u00ebshillit t\u00eb Europ\u00ebs, ai i Komisionit Europian, pas dark\u00ebs s\u00eb Strasburgut, si dhe eurodeputet\u00ebt q\u00eb pritet t\u00eb vijn\u00eb k\u00ebto or\u00eb, sh\u00ebnojn\u00eb nj\u00eb precedent t\u00eb ri n\u00eb angazhimin e institucioneve nd\u00ebrkomb\u00ebtare p\u00ebr zgjidhjen e kriz\u00ebs kilometrike shqiptare. N\u00eb k\u00ebt\u00eb bank\u00ebprov\u00eb t\u00eb durimit dhe t\u00eb luft\u00ebs s\u00eb nervave, per\u00ebndimor\u00ebt po d\u00ebshmojn\u00eb se edhe ndasit\u00eb politike kan\u00eb nj\u00eb cak. Bashk\u00ebsia nd\u00ebrkomb\u00ebtare po unifikohet gjithnj\u00eb e m\u00eb tep\u00ebr rreth ides\u00eb se e keqja shqiptare i ka bazat n\u00eb kultur\u00ebn e konfliktit q\u00eb ushqen prej dy dekadash k\u00ebt\u00eb sjellje politike provinciale dhe agresive.<\/p>\n<p>Politikan\u00eb vendas e t\u00eb huaj, gazetar\u00eb, analist\u00eb dhe i gjith\u00eb opinioni publik, debatojn\u00eb sot p\u00ebr t\u00eb qindt\u00ebn her\u00eb, q\u00eb prej thuajse nj\u00eb viti, p\u00ebr t\u00eb nj\u00ebjtat terma, p\u00ebr t\u00eb nj\u00ebjtin ng\u00ebr\u00e7, p\u00ebr t\u00eb nj\u00ebjtat ngjarje dhe p\u00ebr t\u00eb nj\u00ebjtat mund\u00ebsi zgjidhjeje. Jan\u00eb djegur t\u00eb gjitha afatet e imagjinueshme q\u00eb meriton nj\u00eb kriz\u00eb politike, sado e r\u00ebnd\u00eb e komplekse. <\/p>\n<p>N\u00ebse duhet nj\u00eb prov\u00eb stoicizmi dhe ngurt\u00ebsie, mjafton t\u00eb shoh\u00ebsh at\u00eb q\u00eb b\u00ebn Kryeministri Berisha prej ver\u00ebs s\u00eb shkuar, duke e luajtur n\u00eb bixhozin e tij politik fatin e nj\u00eb vendi, sipas kredos s\u00eb tij t\u00eb vjet\u00ebr, q\u00eb thot\u00eb se e vetmja betej\u00eb politike e mir\u00eb, \u00ebsht\u00eb ajo q\u00eb bazohet mbi kok\u00ebfort\u00ebsin\u00eb dhe munges\u00ebn totale t\u00eb elasticitetit. Konflikti p\u00ebr zgjedhjet \u00ebsht\u00eb n\u00eb fakt nj\u00eb konflikt p\u00ebr demokracin\u00eb. Sepse, si\u00e7 thot\u00eb me t\u00eb drejt\u00eb Benxhamin Franklin, demokracia, n\u00eb ndryshim nga liria, \u00ebsht\u00eb kur ujq\u00ebrit dhe qengji votojn\u00eb p\u00ebr at\u00eb q\u00eb do t\u00eb han\u00eb p\u00ebr dark\u00eb, kur vet\u00eb liria \u00ebsht\u00eb kur nj\u00eb qengj i armatosur r\u00ebnd\u00eb, \u00ebsht\u00eb n\u00eb gjendje t\u00eb kontestoj\u00eb rezultatin e zgjedhjeve p\u00ebrball\u00eb ujqve.<\/p>\n<p>Nuk ekziston sot n\u00eb klubin e madh t\u00eb vendeve an\u00ebtare t\u00eb Bashkimit Europian apo t\u00eb NATO-s asnj\u00eb precedent si i Shqip\u00ebris\u00eb. Megjith\u00ebse kemi kaluar vitin, q\u00ebkur flamuri yn\u00eb u ngrit me ceremoni n\u00eb shtatmadhorin\u00eb e Aleanc\u00ebs s\u00eb Atlantikut Verior, duke v\u00ebn\u00eb mbi gjoks me krenari stem\u00ebn blu t\u00eb NATO-s, megjith\u00ebse po trokasim me ngulm n\u00eb der\u00ebn e Bashkimit Europian duke u p\u00ebrpjekur t\u2019i bindim ata q\u00eb jan\u00eb brenda se jemi si ata, megjith\u00ebse mburremi nga m\u00ebngjesi n\u00eb dark\u00eb se jemi e vetmja ekonomi e fort\u00eb n\u00eb nj\u00eb Europ\u00eb t\u00eb dob\u00ebt e plot halle (!!!), e gjejm\u00eb veten prej dhjet\u00eb muajsh t\u00eb kapur n\u00eb rrjet\u00ebn e nj\u00eb krize, si askush tjet\u00ebr n\u00eb k\u00ebt\u00eb pjes\u00eb t\u00eb bot\u00ebs. Kosova ka votuar pas 28 qershorit 2009, disa vende lindore, t\u00eb Kaukazit dhe t\u00eb hap\u00ebsir\u00ebn ish-sovjetike kan\u00eb b\u00ebr\u00eb t\u00eb nj\u00ebjt\u00ebn gj\u00eb. <\/p>\n<p>A ka ndonj\u00eb prej k\u00ebtyre shteteve ndonj\u00eb sherr q\u00eb lidhet me zgjedhjet? As edhe nj\u00eb i vet\u00ebm! T\u00eb gjith\u00eb kan\u00eb hyr\u00eb dhe kan\u00eb dal\u00eb n\u00eb epruvet\u00ebn elektorale, pa mbetur brenda. T\u00eb gjith\u00eb e kan\u00eb marr\u00eb provimin, p\u00ebrve\u00e7 \u201cShqip\u00ebris\u00eb shembullore\u201d. N\u00eb Kosov\u00eb, Hashim Tha\u00e7i, Fatmir Sejdiu dhe Ramush Haradinaj apo Behgjet Pa\u00e7olli, pat\u00ebn burr\u00ebrin\u00eb q\u00eb ta shohin nj\u00ebri-tjetrin n\u00eb sy nga pozicionet numerike q\u00eb krijuan zgjedhjet e tetorit. N\u00eb shtetin m\u00eb t\u00eb ri t\u00eb Europ\u00ebs (ne festojm\u00eb 100-vjetorin pas dy vjet\u00ebsh), ku pjesa veriore dhe enklavat jan\u00eb ende nj\u00eb plag\u00eb e hapur, ku vazhdon t\u00eb qeveris\u00eb bota dhe jo vendasit, ku shteti \u00ebsht\u00eb nj\u00eb nocion dhe nj\u00eb aspirat\u00eb, m\u00eb shum\u00eb sesa nj\u00eb realitet, votimet u hap\u00ebn dhe u mbyll\u00ebn. <\/p>\n<p>N\u00eb port\u00ebn ngjitur, n\u00eb Shqip\u00ebri, votimet nis\u00ebn dhe po vijojn\u00eb t\u00eb mbeten hapur prej nj\u00eb viti. K\u00ebtu te ne, edhe ka Parlament, edhe s\u2019ka, edhe ka qeveri, edhe s\u2019ka, edhe ka pozit\u00eb e opozit\u00eb, edhe s\u2019ka nj\u00eb t\u00eb till\u00eb. Endemi p\u00ebrjet\u00ebsisht n\u00eb nj\u00eb ambient ku nj\u00ebra dor\u00eb godet tjetr\u00ebn, ku gjith\u00e7ka \u00ebsht\u00eb e ligjshme dhe nj\u00ebher\u00ebsh, asgj\u00eb nuk vlen, \u00ebsht\u00eb e paligjshme, ku ligjet dhe numrat kan\u00eb ve\u00e7se r\u00ebnd\u00ebsi t\u00eb pjesshme dhe shum\u00eb t\u00eb diskutueshme.<\/p>\n<p>Aktor\u00ebt politik\u00eb q\u00eb ven\u00eb n\u00eb l\u00ebvizje mekanizmin e kriz\u00ebs, jan\u00eb plot\u00ebsisht koshient\u00eb se kjo q\u00eb po ndodh e ka telendisur si mos m\u00eb keq imazhin e vendit. Ata e din\u00eb q\u00eb kjo kacafytje po prek n\u00eb m\u00ebnyr\u00eb t\u00eb pakthyeshme perspektiv\u00ebn europiane, ekonomin\u00eb dhe paqen sociale n\u00eb vend, q\u00eb kostoja e k\u00ebsaj sage t\u00eb sh\u00ebmtuar ka nd\u00ebrtuar tashm\u00eb nj\u00eb gogol t\u00eb friksh\u00ebm mosbesimi dhe mungese bashk\u00ebpunimi brenda klas\u00ebs ton\u00eb politike \u2013 e megjithat\u00eb, vazhdojn\u00eb t\u00eb tregohen me gisht gjith\u00eb dit\u00ebn. T\u00eb gjitha deklaratat, rezolutat, raportet nd\u00ebrkomb\u00ebtare p\u00ebr Shqip\u00ebrin\u00eb, jan\u00eb t\u00eb balancuara n\u00eb \u00e7\u00ebshtjen e faj\u00ebsis\u00eb p\u00ebr situat\u00ebn aktuale, duke b\u00ebr\u00eb thirrje q\u00eb t\u00eb dyja an\u00ebt e llogores t\u00eb marrin p\u00ebrgjegj\u00ebsit\u00eb respektive. Megjithat\u00eb, kjo s\u2019i pengon agallar\u00ebt tan\u00eb politik\u00eb q\u00eb t\u00eb luajn\u00eb nga m\u00ebngjesi n\u00eb dark\u00eb, komedin\u00eb e sh\u00ebmtuar t\u00eb larjes s\u00eb duarve para opinionit publik. T\u00eb brendsh\u00ebm dhe t\u00eb jasht\u00ebm.<\/p>\n<p>Gjith\u00e7ka mund t\u00eb jet\u00eb ky, p\u00ebrve\u00e7se nj\u00eb an\u00ebtar i ndersh\u00ebm i NATO-s dhe nj\u00eb aspirant korrekt i BE-s\u00eb. Sepse ky vend i vog\u00ebl, i shtypur n\u00ebn etjen p\u00ebr pushtet t\u00eb nj\u00eb elite politike t\u00eb pangopur, nuk ka p\u00ebr t\u00eb marr\u00eb kurr\u00eb, n\u00ebse vazhdon t\u00eb sillet k\u00ebshtu si sot, provimin themelor para kujdestar\u00ebve tan\u00eb n\u00eb Bruksel e Strasburg; at\u00eb t\u00eb nj\u00eb demokracie normale. Ai q\u00eb r\u00ebndom citohet si kriteri i Kopenhag\u00ebs, pra i funksionimit t\u00eb shtetit ligjor dhe respektimit t\u00eb standardeve t\u00eb nj\u00eb demokracie, \u00ebsht\u00eb thjesht i shp\u00ebrfillur nga klasa drejtuese e Shqip\u00ebris\u00eb s\u00eb sotme. <\/p>\n<p>Magjistar\u00ebt e pyet\u00ebsor\u00ebve mund t\u00eb na mbushin mendjen sa t\u00eb duan se i kan\u00eb plot\u00ebsuar me bukurshkrim dhe past\u00ebr kutit\u00eb bosh n\u00eb formular\u00ebt e Brukselit, por n\u00ebse do t\u00eb vazhdojm\u00eb t\u00eb jemi gazi i Europ\u00ebs, me paaft\u00ebsin\u00eb ton\u00eb p\u00ebr t\u00eb zgjidhur hallet e brendshme, gjith\u00e7ka do t\u00eb jet\u00eb e panevojshme. S\u2019ka formular q\u00eb e klasifikon Shqip\u00ebrin\u00eb e sotme, k\u00ebt\u00eb vend an\u00ebtar dhe k\u00ebt\u00eb aspirant kaq t\u00eb \u00e7uditsh\u00ebm.<\/p>\n","protected":false},"excerpt":{"rendered":"<p>Sk\u00ebnder Minxhozi \u00cbsht\u00eb nj\u00eb lajm i or\u00ebve t\u00eb fundit, i cili, n\u00eb hullin\u00eb e ngjarjeve politike q\u00eb rrotullohen rreth boshtit t\u00eb kriz\u00ebs zgjedhore, nuk le ndonj\u00eb shenj\u00eb kushedi \u00e7far\u00eb. Kreu i popullor\u00ebve n\u00eb Parlamentin Europian, Jozef Daull, bashk\u00ebnism\u00ebtari i nd\u00ebrmjet\u00ebsimit p\u00ebr zgjidhjen e kriz\u00ebs shqiptare, do t\u00eb vizitoj\u00eb Tiran\u00ebn n\u00eb fillimjav\u00eb. Shqiptarit t\u00eb mes\u00ebm skeptik [&hellip;]<\/p>\n","protected":false},"author":1,"featured_media":0,"comment_status":"open","ping_status":"closed","sticky":false,"template":"","format":"standard","meta":{"footnotes":""},"categories":[2],"tags":[],"class_list":{"0":"post-3036","1":"post","2":"type-post","3":"status-publish","4":"format-standard","6":"category-artikuj"},"yoast_head":"<!-- This site is optimized with the Yoast SEO plugin v27.4 - https:\/\/yoast.com\/product\/yoast-seo-wordpress\/ -->\n<title>Nj\u00eb vend an\u00ebtar i \u00e7uditsh\u00ebm - FjALA e LIR\u00cb - Arkivi<\/title>\n<meta name=\"robots\" content=\"index, follow, max-snippet:-1, max-image-preview:large, max-video-preview:-1\" \/>\n<link rel=\"canonical\" href=\"https:\/\/fjala.info\/2009-2015\/nje-vend-anetar-i-cuditshem\/\" \/>\n<meta property=\"og:locale\" content=\"sq_AL\" \/>\n<meta property=\"og:type\" content=\"article\" \/>\n<meta property=\"og:title\" content=\"Nj\u00eb vend an\u00ebtar i \u00e7uditsh\u00ebm - FjALA e LIR\u00cb - Arkivi\" \/>\n<meta property=\"og:description\" content=\"Sk\u00ebnder Minxhozi \u00cbsht\u00eb nj\u00eb lajm i or\u00ebve t\u00eb fundit, i cili, n\u00eb hullin\u00eb e ngjarjeve politike q\u00eb rrotullohen rreth boshtit t\u00eb kriz\u00ebs zgjedhore, nuk le ndonj\u00eb shenj\u00eb kushedi \u00e7far\u00eb. Kreu i popullor\u00ebve n\u00eb Parlamentin Europian, Jozef Daull, bashk\u00ebnism\u00ebtari i nd\u00ebrmjet\u00ebsimit p\u00ebr zgjidhjen e kriz\u00ebs shqiptare, do t\u00eb vizitoj\u00eb Tiran\u00ebn n\u00eb fillimjav\u00eb. Shqiptarit t\u00eb mes\u00ebm skeptik [&hellip;]\" \/>\n<meta property=\"og:url\" content=\"https:\/\/fjala.info\/2009-2015\/nje-vend-anetar-i-cuditshem\/\" \/>\n<meta property=\"og:site_name\" content=\"FjALA e LIR\u00cb - Arkivi\" \/>\n<meta property=\"article:published_time\" content=\"2010-06-20T21:49:23+00:00\" \/>\n<meta property=\"og:image\" content=\"http:\/\/www.shkoder.net\/images\/fjala\/skender_minxhozi.jpg\" \/>\n<meta name=\"author\" content=\"admin\" \/>\n<meta name=\"twitter:card\" content=\"summary_large_image\" \/>\n<meta name=\"twitter:label1\" content=\"Written by\" \/>\n\t<meta name=\"twitter:data1\" content=\"admin\" \/>\n\t<meta name=\"twitter:label2\" content=\"Est. reading time\" \/>\n\t<meta name=\"twitter:data2\" content=\"6 minutes\" \/>\n<script type=\"application\/ld+json\" class=\"yoast-schema-graph\">{\"@context\":\"https:\\\/\\\/schema.org\",\"@graph\":[{\"@type\":\"Article\",\"@id\":\"https:\\\/\\\/fjala.info\\\/2009-2015\\\/nje-vend-anetar-i-cuditshem\\\/#article\",\"isPartOf\":{\"@id\":\"https:\\\/\\\/fjala.info\\\/2009-2015\\\/nje-vend-anetar-i-cuditshem\\\/\"},\"author\":{\"name\":\"admin\",\"@id\":\"https:\\\/\\\/fjala.info\\\/2009-2015\\\/#\\\/schema\\\/person\\\/3aa1163ef05469c496fc94e77611ada2\"},\"headline\":\"Nj\u00eb vend an\u00ebtar i \u00e7uditsh\u00ebm\",\"datePublished\":\"2010-06-20T21:49:23+00:00\",\"mainEntityOfPage\":{\"@id\":\"https:\\\/\\\/fjala.info\\\/2009-2015\\\/nje-vend-anetar-i-cuditshem\\\/\"},\"wordCount\":1262,\"commentCount\":0,\"publisher\":{\"@id\":\"https:\\\/\\\/fjala.info\\\/2009-2015\\\/#organization\"},\"image\":{\"@id\":\"https:\\\/\\\/fjala.info\\\/2009-2015\\\/nje-vend-anetar-i-cuditshem\\\/#primaryimage\"},\"thumbnailUrl\":\"http:\\\/\\\/www.shkoder.net\\\/images\\\/fjala\\\/skender_minxhozi.jpg\",\"articleSection\":[\"Artikuj\"],\"inLanguage\":\"sq-AL\",\"potentialAction\":[{\"@type\":\"CommentAction\",\"name\":\"Comment\",\"target\":[\"https:\\\/\\\/fjala.info\\\/2009-2015\\\/nje-vend-anetar-i-cuditshem\\\/#respond\"]}]},{\"@type\":\"WebPage\",\"@id\":\"https:\\\/\\\/fjala.info\\\/2009-2015\\\/nje-vend-anetar-i-cuditshem\\\/\",\"url\":\"https:\\\/\\\/fjala.info\\\/2009-2015\\\/nje-vend-anetar-i-cuditshem\\\/\",\"name\":\"Nj\u00eb vend an\u00ebtar i \u00e7uditsh\u00ebm - FjALA e LIR\u00cb - Arkivi\",\"isPartOf\":{\"@id\":\"https:\\\/\\\/fjala.info\\\/2009-2015\\\/#website\"},\"primaryImageOfPage\":{\"@id\":\"https:\\\/\\\/fjala.info\\\/2009-2015\\\/nje-vend-anetar-i-cuditshem\\\/#primaryimage\"},\"image\":{\"@id\":\"https:\\\/\\\/fjala.info\\\/2009-2015\\\/nje-vend-anetar-i-cuditshem\\\/#primaryimage\"},\"thumbnailUrl\":\"http:\\\/\\\/www.shkoder.net\\\/images\\\/fjala\\\/skender_minxhozi.jpg\",\"datePublished\":\"2010-06-20T21:49:23+00:00\",\"breadcrumb\":{\"@id\":\"https:\\\/\\\/fjala.info\\\/2009-2015\\\/nje-vend-anetar-i-cuditshem\\\/#breadcrumb\"},\"inLanguage\":\"sq-AL\",\"potentialAction\":[{\"@type\":\"ReadAction\",\"target\":[\"https:\\\/\\\/fjala.info\\\/2009-2015\\\/nje-vend-anetar-i-cuditshem\\\/\"]}]},{\"@type\":\"ImageObject\",\"inLanguage\":\"sq-AL\",\"@id\":\"https:\\\/\\\/fjala.info\\\/2009-2015\\\/nje-vend-anetar-i-cuditshem\\\/#primaryimage\",\"url\":\"http:\\\/\\\/www.shkoder.net\\\/images\\\/fjala\\\/skender_minxhozi.jpg\",\"contentUrl\":\"http:\\\/\\\/www.shkoder.net\\\/images\\\/fjala\\\/skender_minxhozi.jpg\"},{\"@type\":\"BreadcrumbList\",\"@id\":\"https:\\\/\\\/fjala.info\\\/2009-2015\\\/nje-vend-anetar-i-cuditshem\\\/#breadcrumb\",\"itemListElement\":[{\"@type\":\"ListItem\",\"position\":1,\"name\":\"Home\",\"item\":\"https:\\\/\\\/fjala.info\\\/2009-2015\\\/\"},{\"@type\":\"ListItem\",\"position\":2,\"name\":\"Nj\u00eb vend an\u00ebtar i \u00e7uditsh\u00ebm\"}]},{\"@type\":\"WebSite\",\"@id\":\"https:\\\/\\\/fjala.info\\\/2009-2015\\\/#website\",\"url\":\"https:\\\/\\\/fjala.info\\\/2009-2015\\\/\",\"name\":\"FjALA e LIR\u00cb - Arkivi\",\"description\":\"Arkivi 2009-2015\",\"publisher\":{\"@id\":\"https:\\\/\\\/fjala.info\\\/2009-2015\\\/#organization\"},\"potentialAction\":[{\"@type\":\"SearchAction\",\"target\":{\"@type\":\"EntryPoint\",\"urlTemplate\":\"https:\\\/\\\/fjala.info\\\/2009-2015\\\/?s={search_term_string}\"},\"query-input\":{\"@type\":\"PropertyValueSpecification\",\"valueRequired\":true,\"valueName\":\"search_term_string\"}}],\"inLanguage\":\"sq-AL\"},{\"@type\":\"Organization\",\"@id\":\"https:\\\/\\\/fjala.info\\\/2009-2015\\\/#organization\",\"name\":\"FjALA e LIR\u00cb - Arkivi\",\"url\":\"https:\\\/\\\/fjala.info\\\/2009-2015\\\/\",\"logo\":{\"@type\":\"ImageObject\",\"inLanguage\":\"sq-AL\",\"@id\":\"https:\\\/\\\/fjala.info\\\/2009-2015\\\/#\\\/schema\\\/logo\\\/image\\\/\",\"url\":\"\",\"contentUrl\":\"\",\"caption\":\"FjALA e LIR\u00cb - Arkivi\"},\"image\":{\"@id\":\"https:\\\/\\\/fjala.info\\\/2009-2015\\\/#\\\/schema\\\/logo\\\/image\\\/\"}},{\"@type\":\"Person\",\"@id\":\"https:\\\/\\\/fjala.info\\\/2009-2015\\\/#\\\/schema\\\/person\\\/3aa1163ef05469c496fc94e77611ada2\",\"name\":\"admin\",\"image\":{\"@type\":\"ImageObject\",\"inLanguage\":\"sq-AL\",\"@id\":\"https:\\\/\\\/fjala.info\\\/2009-2015\\\/wp-content\\\/uploads\\\/2012\\\/02\\\/arben_cokaj-120x150.jpg\",\"url\":\"https:\\\/\\\/fjala.info\\\/2009-2015\\\/wp-content\\\/uploads\\\/2012\\\/02\\\/arben_cokaj-120x150.jpg\",\"contentUrl\":\"https:\\\/\\\/fjala.info\\\/2009-2015\\\/wp-content\\\/uploads\\\/2012\\\/02\\\/arben_cokaj-120x150.jpg\",\"caption\":\"admin\"},\"description\":\"Admin, Fjala e Lir\u00eb\",\"sameAs\":[\"https:\\\/\\\/fjala.info\\\/\"],\"url\":\"https:\\\/\\\/fjala.info\\\/2009-2015\\\/author\\\/admin\\\/\"}]}<\/script>\n<!-- \/ Yoast SEO plugin. -->","yoast_head_json":{"title":"Nj\u00eb vend an\u00ebtar i \u00e7uditsh\u00ebm - FjALA e LIR\u00cb - Arkivi","robots":{"index":"index","follow":"follow","max-snippet":"max-snippet:-1","max-image-preview":"max-image-preview:large","max-video-preview":"max-video-preview:-1"},"canonical":"https:\/\/fjala.info\/2009-2015\/nje-vend-anetar-i-cuditshem\/","og_locale":"sq_AL","og_type":"article","og_title":"Nj\u00eb vend an\u00ebtar i \u00e7uditsh\u00ebm - FjALA e LIR\u00cb - Arkivi","og_description":"Sk\u00ebnder Minxhozi \u00cbsht\u00eb nj\u00eb lajm i or\u00ebve t\u00eb fundit, i cili, n\u00eb hullin\u00eb e ngjarjeve politike q\u00eb rrotullohen rreth boshtit t\u00eb kriz\u00ebs zgjedhore, nuk le ndonj\u00eb shenj\u00eb kushedi \u00e7far\u00eb. Kreu i popullor\u00ebve n\u00eb Parlamentin Europian, Jozef Daull, bashk\u00ebnism\u00ebtari i nd\u00ebrmjet\u00ebsimit p\u00ebr zgjidhjen e kriz\u00ebs shqiptare, do t\u00eb vizitoj\u00eb Tiran\u00ebn n\u00eb fillimjav\u00eb. Shqiptarit t\u00eb mes\u00ebm skeptik [&hellip;]","og_url":"https:\/\/fjala.info\/2009-2015\/nje-vend-anetar-i-cuditshem\/","og_site_name":"FjALA e LIR\u00cb - Arkivi","article_published_time":"2010-06-20T21:49:23+00:00","og_image":[{"url":"http:\/\/www.shkoder.net\/images\/fjala\/skender_minxhozi.jpg","type":"","width":"","height":""}],"author":"admin","twitter_card":"summary_large_image","twitter_misc":{"Written by":"admin","Est. reading time":"6 minutes"},"schema":{"@context":"https:\/\/schema.org","@graph":[{"@type":"Article","@id":"https:\/\/fjala.info\/2009-2015\/nje-vend-anetar-i-cuditshem\/#article","isPartOf":{"@id":"https:\/\/fjala.info\/2009-2015\/nje-vend-anetar-i-cuditshem\/"},"author":{"name":"admin","@id":"https:\/\/fjala.info\/2009-2015\/#\/schema\/person\/3aa1163ef05469c496fc94e77611ada2"},"headline":"Nj\u00eb vend an\u00ebtar i \u00e7uditsh\u00ebm","datePublished":"2010-06-20T21:49:23+00:00","mainEntityOfPage":{"@id":"https:\/\/fjala.info\/2009-2015\/nje-vend-anetar-i-cuditshem\/"},"wordCount":1262,"commentCount":0,"publisher":{"@id":"https:\/\/fjala.info\/2009-2015\/#organization"},"image":{"@id":"https:\/\/fjala.info\/2009-2015\/nje-vend-anetar-i-cuditshem\/#primaryimage"},"thumbnailUrl":"http:\/\/www.shkoder.net\/images\/fjala\/skender_minxhozi.jpg","articleSection":["Artikuj"],"inLanguage":"sq-AL","potentialAction":[{"@type":"CommentAction","name":"Comment","target":["https:\/\/fjala.info\/2009-2015\/nje-vend-anetar-i-cuditshem\/#respond"]}]},{"@type":"WebPage","@id":"https:\/\/fjala.info\/2009-2015\/nje-vend-anetar-i-cuditshem\/","url":"https:\/\/fjala.info\/2009-2015\/nje-vend-anetar-i-cuditshem\/","name":"Nj\u00eb vend an\u00ebtar i \u00e7uditsh\u00ebm - FjALA e LIR\u00cb - Arkivi","isPartOf":{"@id":"https:\/\/fjala.info\/2009-2015\/#website"},"primaryImageOfPage":{"@id":"https:\/\/fjala.info\/2009-2015\/nje-vend-anetar-i-cuditshem\/#primaryimage"},"image":{"@id":"https:\/\/fjala.info\/2009-2015\/nje-vend-anetar-i-cuditshem\/#primaryimage"},"thumbnailUrl":"http:\/\/www.shkoder.net\/images\/fjala\/skender_minxhozi.jpg","datePublished":"2010-06-20T21:49:23+00:00","breadcrumb":{"@id":"https:\/\/fjala.info\/2009-2015\/nje-vend-anetar-i-cuditshem\/#breadcrumb"},"inLanguage":"sq-AL","potentialAction":[{"@type":"ReadAction","target":["https:\/\/fjala.info\/2009-2015\/nje-vend-anetar-i-cuditshem\/"]}]},{"@type":"ImageObject","inLanguage":"sq-AL","@id":"https:\/\/fjala.info\/2009-2015\/nje-vend-anetar-i-cuditshem\/#primaryimage","url":"http:\/\/www.shkoder.net\/images\/fjala\/skender_minxhozi.jpg","contentUrl":"http:\/\/www.shkoder.net\/images\/fjala\/skender_minxhozi.jpg"},{"@type":"BreadcrumbList","@id":"https:\/\/fjala.info\/2009-2015\/nje-vend-anetar-i-cuditshem\/#breadcrumb","itemListElement":[{"@type":"ListItem","position":1,"name":"Home","item":"https:\/\/fjala.info\/2009-2015\/"},{"@type":"ListItem","position":2,"name":"Nj\u00eb vend an\u00ebtar i \u00e7uditsh\u00ebm"}]},{"@type":"WebSite","@id":"https:\/\/fjala.info\/2009-2015\/#website","url":"https:\/\/fjala.info\/2009-2015\/","name":"FjALA e LIR\u00cb - Arkivi","description":"Arkivi 2009-2015","publisher":{"@id":"https:\/\/fjala.info\/2009-2015\/#organization"},"potentialAction":[{"@type":"SearchAction","target":{"@type":"EntryPoint","urlTemplate":"https:\/\/fjala.info\/2009-2015\/?s={search_term_string}"},"query-input":{"@type":"PropertyValueSpecification","valueRequired":true,"valueName":"search_term_string"}}],"inLanguage":"sq-AL"},{"@type":"Organization","@id":"https:\/\/fjala.info\/2009-2015\/#organization","name":"FjALA e LIR\u00cb - Arkivi","url":"https:\/\/fjala.info\/2009-2015\/","logo":{"@type":"ImageObject","inLanguage":"sq-AL","@id":"https:\/\/fjala.info\/2009-2015\/#\/schema\/logo\/image\/","url":"","contentUrl":"","caption":"FjALA e LIR\u00cb - Arkivi"},"image":{"@id":"https:\/\/fjala.info\/2009-2015\/#\/schema\/logo\/image\/"}},{"@type":"Person","@id":"https:\/\/fjala.info\/2009-2015\/#\/schema\/person\/3aa1163ef05469c496fc94e77611ada2","name":"admin","image":{"@type":"ImageObject","inLanguage":"sq-AL","@id":"https:\/\/fjala.info\/2009-2015\/wp-content\/uploads\/2012\/02\/arben_cokaj-120x150.jpg","url":"https:\/\/fjala.info\/2009-2015\/wp-content\/uploads\/2012\/02\/arben_cokaj-120x150.jpg","contentUrl":"https:\/\/fjala.info\/2009-2015\/wp-content\/uploads\/2012\/02\/arben_cokaj-120x150.jpg","caption":"admin"},"description":"Admin, Fjala e Lir\u00eb","sameAs":["https:\/\/fjala.info\/"],"url":"https:\/\/fjala.info\/2009-2015\/author\/admin\/"}]}},"_links":{"self":[{"href":"https:\/\/fjala.info\/2009-2015\/wp-json\/wp\/v2\/posts\/3036","targetHints":{"allow":["GET"]}}],"collection":[{"href":"https:\/\/fjala.info\/2009-2015\/wp-json\/wp\/v2\/posts"}],"about":[{"href":"https:\/\/fjala.info\/2009-2015\/wp-json\/wp\/v2\/types\/post"}],"author":[{"embeddable":true,"href":"https:\/\/fjala.info\/2009-2015\/wp-json\/wp\/v2\/users\/1"}],"replies":[{"embeddable":true,"href":"https:\/\/fjala.info\/2009-2015\/wp-json\/wp\/v2\/comments?post=3036"}],"version-history":[{"count":0,"href":"https:\/\/fjala.info\/2009-2015\/wp-json\/wp\/v2\/posts\/3036\/revisions"}],"wp:attachment":[{"href":"https:\/\/fjala.info\/2009-2015\/wp-json\/wp\/v2\/media?parent=3036"}],"wp:term":[{"taxonomy":"category","embeddable":true,"href":"https:\/\/fjala.info\/2009-2015\/wp-json\/wp\/v2\/categories?post=3036"},{"taxonomy":"post_tag","embeddable":true,"href":"https:\/\/fjala.info\/2009-2015\/wp-json\/wp\/v2\/tags?post=3036"}],"curies":[{"name":"wp","href":"https:\/\/api.w.org\/{rel}","templated":true}]}}