{"id":3032,"date":"2012-05-30T22:01:11","date_gmt":"2012-05-30T21:01:11","guid":{"rendered":"http:\/\/www.fjala.info\/?p=3032"},"modified":"2012-05-30T22:01:11","modified_gmt":"2012-05-30T21:01:11","slug":"nje-zyre-me-shume-per-me-pak-territor","status":"publish","type":"post","link":"https:\/\/fjala.info\/2009-2015\/nje-zyre-me-shume-per-me-pak-territor\/","title":{"rendered":"Nj\u00eb zyr\u00eb m\u00eb shum\u00eb p\u00ebr m\u00eb pak territor"},"content":{"rendered":"<p><img decoding=\"async\" class=\"alignright size-thumbnail wp-image-7236\" title=\"Albin Kurti\" src=\"http:\/\/www.fjala.info\/2012\/albin_kurti.jpg\" alt=\"\" width=\"200\" \/> Nga <strong>Albin Kurti<\/strong>, <em>30 Maj 2012<\/em><\/p>\n<p>T\u00eb drejtat e pakicave komb\u00ebtare n\u00eb Kosov\u00eb jan\u00eb t\u00eb kodifikuara me Planin e Ahtisaarit. Mir\u00ebpo, ky plan nuk ishte menduar p\u00ebr k\u00ebto t\u00eb drejta. Ai paraqiste kompromisin me Serbin\u00eb n\u00eb negociatat e Vjen\u00ebs 2006\/2007 p\u00ebr statusin e Kosov\u00ebs dhe ofert\u00ebn p\u00ebr Serbin\u00eb n\u00eb m\u00ebnyr\u00eb q\u00eb edhe ajo t\u00eb jet\u00eb e k\u00ebnaqur n\u00eb fund t\u00eb atij procesi.<\/p>\n<p>Kjo \u00ebsht\u00eb arsyeja pse Plani i Ahtisaarit nuk ka t\u00eb b\u00ebj\u00eb aq me serb\u00ebt sa me Serbin\u00eb: ai parasheh privilegje t\u00eb papara p\u00ebr serb\u00ebt n\u00eb p\u00ebrpjekje e sip\u00ebr q\u00eb t\u00eb ngopen apetitet e Serbis\u00eb p\u00ebr Kosov\u00ebn. Serbis\u00eb i ka interesuar gjithmon\u00eb ve\u00e7se territori i Kosov\u00ebs dhe p\u00ebr k\u00ebt\u00eb gj\u00eb ajo i instrumentalizonte serb\u00ebt. P\u00ebr pasoj\u00eb, serb\u00ebt n\u00eb Kosov\u00eb kan\u00eb t\u00eb drejta t\u00eb territorializuara. Plani i Ahtisaarit thot\u00eb q\u00eb duhet t\u00eb krijohen 5+1 komuna me shumic\u00eb serbe n\u00eb Kosov\u00eb si nj\u00ebsi t\u00eb reja administrative dhe territoriale.<\/p>\n<p>Nj\u00eb k\u00ebso komune Plani i Ahtisaarit e parasheh edhe n\u00eb veriun e Mitrovic\u00ebs. Neni 13, n\u00eb Aneksin 3 \u2013 Decentralizimi, e p\u00ebrshkruan dhe e shpjegon k\u00ebt\u00eb gj\u00eb n\u00eb pes\u00eb pika. Plani i Ahtisaarit e ndan komun\u00ebn e Mitrovic\u00ebs n\u00eb dy komuna t\u00eb ve\u00e7anta, n\u00eb komun\u00ebn e Mitrovic\u00ebs Veriore dhe n\u00eb komun\u00ebn e Mitrovic\u00ebs Jugore.<\/p>\n<p>Spastrimi etnik i kryer mbi shqiptar\u00ebt pas p\u00ebrfundimit t\u00eb luft\u00ebs nuk u adresua fare dhe situata kriminale e qytetit t\u00eb ndar\u00eb atje propozohej t\u00eb legalizohej. N\u00eb veri t\u00eb Mitrovic\u00ebs shqiptar\u00ebt kishin qen\u00eb shumic\u00eb deri at\u00ebher\u00eb kur strukturat ilegale shtet\u00ebrore t\u00eb Serbis\u00eb i vran\u00eb 11 shqiptar\u00eb n\u00eb nat\u00ebn nd\u00ebrmjet 3 dhe 4 shkurtit t\u00eb vitit 2000 nd\u00ebrsa i d\u00ebbuan 11.364 t\u00eb tjer\u00eb p\u00ebrgjat\u00eb atij muaji.<\/p>\n<p>Nisma e Qeveris\u00eb p\u00ebr zyr\u00ebn e cila i p\u00ebrngjan aq shum\u00eb nj\u00eb komune t\u00eb Mitrovic\u00ebs Veriore \u00ebsht\u00eb e padrejt\u00eb parimisht, e d\u00ebmshme aktualisht dhe e rrezikshme p\u00ebr t\u00eb ardhmen. Madje ajo edhe quhet Zyra Administrative p\u00ebr Mitrovic\u00ebn Veriore. Mir\u00ebpo, ajo nuk mund t\u00eb jet\u00eb vet\u00ebm administrative \u2013 ajo patjet\u00ebr q\u00eb do t\u00eb jet\u00eb edhe nj\u00ebsi territoriale. Nj\u00eb gj\u00eb t\u00eb till\u00eb do ta p\u00ebrcaktoj\u00eb formulimi \u2018Mitrovica Veriore\u2019, pra fakti se \u00e7far\u00eb sip\u00ebrfaqe administrativisht n\u00ebnkupton ky em\u00ebrtim.<\/p>\n<p>Zyra e k\u00ebtill\u00eb Administrative do t\u00eb jet\u00eb Zyr\u00eb me territor t\u00eb definuar mbi t\u00eb cilin do t\u00eb ushtroj\u00eb pushtet t\u00eb caktuar. Ky pushtet thuhet se do t\u00eb merret nga dy burime. Edhe komuna e Mitrovic\u00ebs edhe Ministria e Administrimit t\u00eb Pushtetit Lokal do t\u2019i delegojn\u00eb pushtet k\u00ebsaj zyreje duke e vendosur at\u00eb n\u00eb nj\u00eb nivel sui generis. Praktikisht e politikisht, territori i \u2018Mitrovic\u00ebs Veriore\u2019 \u00ebsht\u00eb territor q\u00eb edhe legalisht i zvog\u00eblohet Kosov\u00ebs.<\/p>\n<p>Pas vrasjes s\u00eb Enver Zymberit e Selver Haradinajt nga strukturat armiq\u00ebsore dhe kriminale t\u00eb Serbis\u00eb, t\u00eb sajosh komun\u00eb t\u00eb ndar\u00eb n\u00eb veri t\u00eb Mitrovic\u00ebs paraqet shp\u00ebrblim dhe dhurat\u00eb p\u00ebr Serbin\u00eb. Kosova dhe shqiptar\u00ebt kan\u00eb nevoj\u00eb p\u00ebr bashkimin e Mitrovic\u00ebs dhe jo p\u00ebr legalizimin e ndarjes s\u00eb saj q\u00eb u b\u00eb nga strukturat e Serbis\u00eb dhe vazhdon t\u00eb mir\u00ebmbahet prej tyre.<\/p>\n<p>P\u00ebr m\u00eb tep\u00ebr se kaq, kur z\u00ebrat nd\u00ebrkomb\u00ebtar\u00eb p\u00ebr negociata t\u00eb reja p\u00ebr veriun e Kosov\u00ebs po shtohen, ta fillosh nj\u00eb projekt t\u00eb k\u00ebtill\u00eb q\u00eb e forcon ndarjen e qytetit t\u00eb Mitrovic\u00ebs do t\u00eb thot\u00eb ta inkurajosh Serbin\u00eb n\u00eb apetitet e saj hegjemoniste ndaj Kosov\u00ebs.<\/p>\n<p>Zyra Administrative p\u00ebr Mitrovic\u00ebn Veriore \u00ebsht\u00eb gjithsesi e paligjshme, jodemokratike dhe jokushtetuese. N\u00eb k\u00ebt\u00eb zyr\u00eb pa baz\u00eb ligjore do t\u00eb instalohen njer\u00ebz q\u00eb nuk jan\u00eb votuar e zgjedhur. Arsyetimi kryesor qeveritar \u00ebsht\u00eb q\u00eb kjo zyr\u00eb do t\u2019i integroj\u00eb serb\u00ebt duke i pun\u00ebsuar shum\u00eb prej tyre aty dhe duke e rritur numrin e serb\u00ebve q\u00eb i pranojn\u00eb institucionet e Kosov\u00ebs.<\/p>\n<p>K\u00ebshtu pra duket lajthitja e radh\u00ebs e Qeveris\u00eb s\u00eb Kosov\u00ebs. Sepse p\u00ebr vite me radh\u00eb shum\u00eb serb\u00eb q\u00eb punonin n\u00eb Policin\u00eb e Kosov\u00ebs n\u00eb veri t\u00eb vendit u zbulua q\u00eb kishin punuar edhe p\u00ebr Ministrin\u00eb e Pun\u00ebve t\u00eb brendshme t\u00eb Serbis\u00eb; sepse p\u00ebr tet\u00eb vjet me radh\u00eb institucionet e Kosov\u00ebs investuan n\u00eb Oliver Ivanoviqin dhe dihet se si ai u tregua mir\u00ebnjoh\u00ebs p\u00ebr k\u00ebt\u00eb \u2013 u b\u00eb sekretar n\u00eb t\u00eb ashtuquajtur\u00ebn Ministri t\u00eb Serbis\u00eb p\u00ebr Kosov\u00ebs.<\/p>\n<p>Integrimi institucional dhe formal i serb\u00ebve n\u00eb shtetin e Kosov\u00ebs, edhe kur nuk \u00ebsht\u00eb i rrejsh\u00ebm \u00ebsht\u00eb i paq\u00ebndruesh\u00ebm. Integrimi \u00ebsht\u00eb i v\u00ebrtet\u00eb dhe i q\u00ebndruesh\u00ebm at\u00ebher\u00eb kur strukturat e Serbis\u00eb n\u00eb veri, para s\u00eb gjithash ato t\u00eb siguris\u00eb, pamund\u00ebsohen dhe, n\u00eb an\u00ebn tjet\u00ebr, mund\u00ebsohet zhvillimi ekonomik n\u00eb qend\u00ebr t\u00eb s\u00eb cilit vendoset prodhimi q\u00eb pun\u00ebson njer\u00ebzit pa dallime etnike. Integrimi i nevojsh\u00ebm nuk \u00ebsht\u00eb vet\u00ebm integrim institucional n\u00eb shtet por edhe integrim socio-ekonomik n\u00eb shoq\u00ebri.<\/p>\n<p>Synimi i v\u00ebrtet\u00eb i k\u00ebsaj zyre n\u00eb Mitrovic\u00eb nuk \u00ebsht\u00eb integrimi i serb\u00ebve n\u00eb Kosov\u00eb por p\u00ebrfundimi formal i mbik\u00ebqyrjes s\u00eb pavar\u00ebsis\u00eb s\u00eb Kosov\u00ebs. Ky p\u00ebrfundim do t\u00eb jet\u00eb ve\u00e7se formal meqen\u00ebse KFOR-i, UNMIK-u dhe EULEX-i do t\u00eb mbesin me t\u00eb nj\u00ebjt\u00ebn p\u00ebrmbajtje e mbi t\u00eb nj\u00ebjtat principe n\u00eb Kosov\u00eb: me imunitet prej ligjit e me fuqi ekzekutive duke mos na njohur si shtet. P\u00ebr ironi, do t\u00eb mbyllet vet\u00ebm zyra e instanc\u00ebs s\u00eb vetme nd\u00ebrkomb\u00ebtare q\u00eb na e njihte pavar\u00ebsin\u00eb, zyra e P\u00ebrfaq\u00ebsuesit Civil Nd\u00ebrkomb\u00ebtar, ndon\u00ebse PCN-ja \u00ebsht\u00eb thelbi i demokracis\u00eb s\u00eb p\u00ebrmbysur n\u00eb Kosov\u00eb.<\/p>\n<p>Pra, po hapet nj\u00eb zyr\u00eb n\u00eb Mitrovic\u00eb p\u00ebr ta mbyllur nj\u00eb tjet\u00ebr n\u00eb Prishtin\u00eb. Rezultati nuk \u00ebsht\u00eb zero. Rezultati \u00ebsht\u00eb minus territori i pjes\u00ebs veriore t\u00eb qytetit t\u00eb Mitrovic\u00ebs.<\/p>\n","protected":false},"excerpt":{"rendered":"<p>Nga Albin Kurti, 30 Maj 2012 T\u00eb drejtat e pakicave komb\u00ebtare n\u00eb Kosov\u00eb jan\u00eb t\u00eb kodifikuara me Planin e Ahtisaarit. Mir\u00ebpo, ky plan nuk ishte menduar p\u00ebr k\u00ebto t\u00eb drejta. Ai paraqiste kompromisin me Serbin\u00eb n\u00eb negociatat e Vjen\u00ebs 2006\/2007 p\u00ebr statusin e Kosov\u00ebs dhe ofert\u00ebn p\u00ebr Serbin\u00eb n\u00eb m\u00ebnyr\u00eb q\u00eb edhe ajo t\u00eb jet\u00eb [&hellip;]<\/p>\n","protected":false},"author":1,"featured_media":0,"comment_status":"open","ping_status":"closed","sticky":false,"template":"","format":"standard","meta":{"footnotes":""},"categories":[2],"tags":[],"class_list":{"0":"post-3032","1":"post","2":"type-post","3":"status-publish","4":"format-standard","6":"category-artikuj"},"yoast_head":"<!-- This site is optimized with the Yoast SEO plugin v27.4 - https:\/\/yoast.com\/product\/yoast-seo-wordpress\/ -->\n<title>Nj\u00eb zyr\u00eb m\u00eb shum\u00eb p\u00ebr m\u00eb pak territor - FjALA e LIR\u00cb - Arkivi<\/title>\n<meta name=\"robots\" content=\"index, follow, max-snippet:-1, max-image-preview:large, max-video-preview:-1\" \/>\n<link rel=\"canonical\" href=\"https:\/\/fjala.info\/2009-2015\/nje-zyre-me-shume-per-me-pak-territor\/\" \/>\n<meta property=\"og:locale\" content=\"sq_AL\" \/>\n<meta property=\"og:type\" content=\"article\" \/>\n<meta property=\"og:title\" content=\"Nj\u00eb zyr\u00eb m\u00eb shum\u00eb p\u00ebr m\u00eb pak territor - FjALA e LIR\u00cb - Arkivi\" \/>\n<meta property=\"og:description\" content=\"Nga Albin Kurti, 30 Maj 2012 T\u00eb drejtat e pakicave komb\u00ebtare n\u00eb Kosov\u00eb jan\u00eb t\u00eb kodifikuara me Planin e Ahtisaarit. Mir\u00ebpo, ky plan nuk ishte menduar p\u00ebr k\u00ebto t\u00eb drejta. Ai paraqiste kompromisin me Serbin\u00eb n\u00eb negociatat e Vjen\u00ebs 2006\/2007 p\u00ebr statusin e Kosov\u00ebs dhe ofert\u00ebn p\u00ebr Serbin\u00eb n\u00eb m\u00ebnyr\u00eb q\u00eb edhe ajo t\u00eb jet\u00eb [&hellip;]\" \/>\n<meta property=\"og:url\" content=\"https:\/\/fjala.info\/2009-2015\/nje-zyre-me-shume-per-me-pak-territor\/\" \/>\n<meta property=\"og:site_name\" content=\"FjALA e LIR\u00cb - Arkivi\" \/>\n<meta property=\"article:published_time\" content=\"2012-05-30T21:01:11+00:00\" \/>\n<meta property=\"og:image\" content=\"http:\/\/www.fjala.info\/2012\/albin_kurti.jpg\" \/>\n<meta name=\"author\" content=\"admin\" \/>\n<meta name=\"twitter:card\" content=\"summary_large_image\" \/>\n<meta name=\"twitter:label1\" content=\"Written by\" \/>\n\t<meta name=\"twitter:data1\" content=\"admin\" \/>\n\t<meta name=\"twitter:label2\" content=\"Est. reading time\" \/>\n\t<meta name=\"twitter:data2\" content=\"5 minutes\" \/>\n<script type=\"application\/ld+json\" class=\"yoast-schema-graph\">{\"@context\":\"https:\\\/\\\/schema.org\",\"@graph\":[{\"@type\":\"Article\",\"@id\":\"https:\\\/\\\/fjala.info\\\/2009-2015\\\/nje-zyre-me-shume-per-me-pak-territor\\\/#article\",\"isPartOf\":{\"@id\":\"https:\\\/\\\/fjala.info\\\/2009-2015\\\/nje-zyre-me-shume-per-me-pak-territor\\\/\"},\"author\":{\"name\":\"admin\",\"@id\":\"https:\\\/\\\/fjala.info\\\/2009-2015\\\/#\\\/schema\\\/person\\\/3aa1163ef05469c496fc94e77611ada2\"},\"headline\":\"Nj\u00eb zyr\u00eb m\u00eb shum\u00eb p\u00ebr m\u00eb pak territor\",\"datePublished\":\"2012-05-30T21:01:11+00:00\",\"mainEntityOfPage\":{\"@id\":\"https:\\\/\\\/fjala.info\\\/2009-2015\\\/nje-zyre-me-shume-per-me-pak-territor\\\/\"},\"wordCount\":1015,\"commentCount\":0,\"publisher\":{\"@id\":\"https:\\\/\\\/fjala.info\\\/2009-2015\\\/#organization\"},\"image\":{\"@id\":\"https:\\\/\\\/fjala.info\\\/2009-2015\\\/nje-zyre-me-shume-per-me-pak-territor\\\/#primaryimage\"},\"thumbnailUrl\":\"http:\\\/\\\/www.fjala.info\\\/2012\\\/albin_kurti.jpg\",\"articleSection\":[\"Artikuj\"],\"inLanguage\":\"sq-AL\",\"potentialAction\":[{\"@type\":\"CommentAction\",\"name\":\"Comment\",\"target\":[\"https:\\\/\\\/fjala.info\\\/2009-2015\\\/nje-zyre-me-shume-per-me-pak-territor\\\/#respond\"]}]},{\"@type\":\"WebPage\",\"@id\":\"https:\\\/\\\/fjala.info\\\/2009-2015\\\/nje-zyre-me-shume-per-me-pak-territor\\\/\",\"url\":\"https:\\\/\\\/fjala.info\\\/2009-2015\\\/nje-zyre-me-shume-per-me-pak-territor\\\/\",\"name\":\"Nj\u00eb zyr\u00eb m\u00eb shum\u00eb p\u00ebr m\u00eb pak territor - FjALA e LIR\u00cb - Arkivi\",\"isPartOf\":{\"@id\":\"https:\\\/\\\/fjala.info\\\/2009-2015\\\/#website\"},\"primaryImageOfPage\":{\"@id\":\"https:\\\/\\\/fjala.info\\\/2009-2015\\\/nje-zyre-me-shume-per-me-pak-territor\\\/#primaryimage\"},\"image\":{\"@id\":\"https:\\\/\\\/fjala.info\\\/2009-2015\\\/nje-zyre-me-shume-per-me-pak-territor\\\/#primaryimage\"},\"thumbnailUrl\":\"http:\\\/\\\/www.fjala.info\\\/2012\\\/albin_kurti.jpg\",\"datePublished\":\"2012-05-30T21:01:11+00:00\",\"breadcrumb\":{\"@id\":\"https:\\\/\\\/fjala.info\\\/2009-2015\\\/nje-zyre-me-shume-per-me-pak-territor\\\/#breadcrumb\"},\"inLanguage\":\"sq-AL\",\"potentialAction\":[{\"@type\":\"ReadAction\",\"target\":[\"https:\\\/\\\/fjala.info\\\/2009-2015\\\/nje-zyre-me-shume-per-me-pak-territor\\\/\"]}]},{\"@type\":\"ImageObject\",\"inLanguage\":\"sq-AL\",\"@id\":\"https:\\\/\\\/fjala.info\\\/2009-2015\\\/nje-zyre-me-shume-per-me-pak-territor\\\/#primaryimage\",\"url\":\"http:\\\/\\\/www.fjala.info\\\/2012\\\/albin_kurti.jpg\",\"contentUrl\":\"http:\\\/\\\/www.fjala.info\\\/2012\\\/albin_kurti.jpg\"},{\"@type\":\"BreadcrumbList\",\"@id\":\"https:\\\/\\\/fjala.info\\\/2009-2015\\\/nje-zyre-me-shume-per-me-pak-territor\\\/#breadcrumb\",\"itemListElement\":[{\"@type\":\"ListItem\",\"position\":1,\"name\":\"Home\",\"item\":\"https:\\\/\\\/fjala.info\\\/2009-2015\\\/\"},{\"@type\":\"ListItem\",\"position\":2,\"name\":\"Nj\u00eb zyr\u00eb m\u00eb shum\u00eb p\u00ebr m\u00eb pak territor\"}]},{\"@type\":\"WebSite\",\"@id\":\"https:\\\/\\\/fjala.info\\\/2009-2015\\\/#website\",\"url\":\"https:\\\/\\\/fjala.info\\\/2009-2015\\\/\",\"name\":\"FjALA e LIR\u00cb - Arkivi\",\"description\":\"Arkivi 2009-2015\",\"publisher\":{\"@id\":\"https:\\\/\\\/fjala.info\\\/2009-2015\\\/#organization\"},\"potentialAction\":[{\"@type\":\"SearchAction\",\"target\":{\"@type\":\"EntryPoint\",\"urlTemplate\":\"https:\\\/\\\/fjala.info\\\/2009-2015\\\/?s={search_term_string}\"},\"query-input\":{\"@type\":\"PropertyValueSpecification\",\"valueRequired\":true,\"valueName\":\"search_term_string\"}}],\"inLanguage\":\"sq-AL\"},{\"@type\":\"Organization\",\"@id\":\"https:\\\/\\\/fjala.info\\\/2009-2015\\\/#organization\",\"name\":\"FjALA e LIR\u00cb - Arkivi\",\"url\":\"https:\\\/\\\/fjala.info\\\/2009-2015\\\/\",\"logo\":{\"@type\":\"ImageObject\",\"inLanguage\":\"sq-AL\",\"@id\":\"https:\\\/\\\/fjala.info\\\/2009-2015\\\/#\\\/schema\\\/logo\\\/image\\\/\",\"url\":\"\",\"contentUrl\":\"\",\"caption\":\"FjALA e LIR\u00cb - Arkivi\"},\"image\":{\"@id\":\"https:\\\/\\\/fjala.info\\\/2009-2015\\\/#\\\/schema\\\/logo\\\/image\\\/\"}},{\"@type\":\"Person\",\"@id\":\"https:\\\/\\\/fjala.info\\\/2009-2015\\\/#\\\/schema\\\/person\\\/3aa1163ef05469c496fc94e77611ada2\",\"name\":\"admin\",\"image\":{\"@type\":\"ImageObject\",\"inLanguage\":\"sq-AL\",\"@id\":\"https:\\\/\\\/fjala.info\\\/2009-2015\\\/wp-content\\\/uploads\\\/2012\\\/02\\\/arben_cokaj-120x150.jpg\",\"url\":\"https:\\\/\\\/fjala.info\\\/2009-2015\\\/wp-content\\\/uploads\\\/2012\\\/02\\\/arben_cokaj-120x150.jpg\",\"contentUrl\":\"https:\\\/\\\/fjala.info\\\/2009-2015\\\/wp-content\\\/uploads\\\/2012\\\/02\\\/arben_cokaj-120x150.jpg\",\"caption\":\"admin\"},\"description\":\"Admin, Fjala e Lir\u00eb\",\"sameAs\":[\"https:\\\/\\\/fjala.info\\\/\"],\"url\":\"https:\\\/\\\/fjala.info\\\/2009-2015\\\/author\\\/admin\\\/\"}]}<\/script>\n<!-- \/ Yoast SEO plugin. -->","yoast_head_json":{"title":"Nj\u00eb zyr\u00eb m\u00eb shum\u00eb p\u00ebr m\u00eb pak territor - FjALA e LIR\u00cb - Arkivi","robots":{"index":"index","follow":"follow","max-snippet":"max-snippet:-1","max-image-preview":"max-image-preview:large","max-video-preview":"max-video-preview:-1"},"canonical":"https:\/\/fjala.info\/2009-2015\/nje-zyre-me-shume-per-me-pak-territor\/","og_locale":"sq_AL","og_type":"article","og_title":"Nj\u00eb zyr\u00eb m\u00eb shum\u00eb p\u00ebr m\u00eb pak territor - FjALA e LIR\u00cb - Arkivi","og_description":"Nga Albin Kurti, 30 Maj 2012 T\u00eb drejtat e pakicave komb\u00ebtare n\u00eb Kosov\u00eb jan\u00eb t\u00eb kodifikuara me Planin e Ahtisaarit. Mir\u00ebpo, ky plan nuk ishte menduar p\u00ebr k\u00ebto t\u00eb drejta. Ai paraqiste kompromisin me Serbin\u00eb n\u00eb negociatat e Vjen\u00ebs 2006\/2007 p\u00ebr statusin e Kosov\u00ebs dhe ofert\u00ebn p\u00ebr Serbin\u00eb n\u00eb m\u00ebnyr\u00eb q\u00eb edhe ajo t\u00eb jet\u00eb [&hellip;]","og_url":"https:\/\/fjala.info\/2009-2015\/nje-zyre-me-shume-per-me-pak-territor\/","og_site_name":"FjALA e LIR\u00cb - Arkivi","article_published_time":"2012-05-30T21:01:11+00:00","og_image":[{"url":"http:\/\/www.fjala.info\/2012\/albin_kurti.jpg","type":"","width":"","height":""}],"author":"admin","twitter_card":"summary_large_image","twitter_misc":{"Written by":"admin","Est. reading time":"5 minutes"},"schema":{"@context":"https:\/\/schema.org","@graph":[{"@type":"Article","@id":"https:\/\/fjala.info\/2009-2015\/nje-zyre-me-shume-per-me-pak-territor\/#article","isPartOf":{"@id":"https:\/\/fjala.info\/2009-2015\/nje-zyre-me-shume-per-me-pak-territor\/"},"author":{"name":"admin","@id":"https:\/\/fjala.info\/2009-2015\/#\/schema\/person\/3aa1163ef05469c496fc94e77611ada2"},"headline":"Nj\u00eb zyr\u00eb m\u00eb shum\u00eb p\u00ebr m\u00eb pak territor","datePublished":"2012-05-30T21:01:11+00:00","mainEntityOfPage":{"@id":"https:\/\/fjala.info\/2009-2015\/nje-zyre-me-shume-per-me-pak-territor\/"},"wordCount":1015,"commentCount":0,"publisher":{"@id":"https:\/\/fjala.info\/2009-2015\/#organization"},"image":{"@id":"https:\/\/fjala.info\/2009-2015\/nje-zyre-me-shume-per-me-pak-territor\/#primaryimage"},"thumbnailUrl":"http:\/\/www.fjala.info\/2012\/albin_kurti.jpg","articleSection":["Artikuj"],"inLanguage":"sq-AL","potentialAction":[{"@type":"CommentAction","name":"Comment","target":["https:\/\/fjala.info\/2009-2015\/nje-zyre-me-shume-per-me-pak-territor\/#respond"]}]},{"@type":"WebPage","@id":"https:\/\/fjala.info\/2009-2015\/nje-zyre-me-shume-per-me-pak-territor\/","url":"https:\/\/fjala.info\/2009-2015\/nje-zyre-me-shume-per-me-pak-territor\/","name":"Nj\u00eb zyr\u00eb m\u00eb shum\u00eb p\u00ebr m\u00eb pak territor - FjALA e LIR\u00cb - Arkivi","isPartOf":{"@id":"https:\/\/fjala.info\/2009-2015\/#website"},"primaryImageOfPage":{"@id":"https:\/\/fjala.info\/2009-2015\/nje-zyre-me-shume-per-me-pak-territor\/#primaryimage"},"image":{"@id":"https:\/\/fjala.info\/2009-2015\/nje-zyre-me-shume-per-me-pak-territor\/#primaryimage"},"thumbnailUrl":"http:\/\/www.fjala.info\/2012\/albin_kurti.jpg","datePublished":"2012-05-30T21:01:11+00:00","breadcrumb":{"@id":"https:\/\/fjala.info\/2009-2015\/nje-zyre-me-shume-per-me-pak-territor\/#breadcrumb"},"inLanguage":"sq-AL","potentialAction":[{"@type":"ReadAction","target":["https:\/\/fjala.info\/2009-2015\/nje-zyre-me-shume-per-me-pak-territor\/"]}]},{"@type":"ImageObject","inLanguage":"sq-AL","@id":"https:\/\/fjala.info\/2009-2015\/nje-zyre-me-shume-per-me-pak-territor\/#primaryimage","url":"http:\/\/www.fjala.info\/2012\/albin_kurti.jpg","contentUrl":"http:\/\/www.fjala.info\/2012\/albin_kurti.jpg"},{"@type":"BreadcrumbList","@id":"https:\/\/fjala.info\/2009-2015\/nje-zyre-me-shume-per-me-pak-territor\/#breadcrumb","itemListElement":[{"@type":"ListItem","position":1,"name":"Home","item":"https:\/\/fjala.info\/2009-2015\/"},{"@type":"ListItem","position":2,"name":"Nj\u00eb zyr\u00eb m\u00eb shum\u00eb p\u00ebr m\u00eb pak territor"}]},{"@type":"WebSite","@id":"https:\/\/fjala.info\/2009-2015\/#website","url":"https:\/\/fjala.info\/2009-2015\/","name":"FjALA e LIR\u00cb - Arkivi","description":"Arkivi 2009-2015","publisher":{"@id":"https:\/\/fjala.info\/2009-2015\/#organization"},"potentialAction":[{"@type":"SearchAction","target":{"@type":"EntryPoint","urlTemplate":"https:\/\/fjala.info\/2009-2015\/?s={search_term_string}"},"query-input":{"@type":"PropertyValueSpecification","valueRequired":true,"valueName":"search_term_string"}}],"inLanguage":"sq-AL"},{"@type":"Organization","@id":"https:\/\/fjala.info\/2009-2015\/#organization","name":"FjALA e LIR\u00cb - Arkivi","url":"https:\/\/fjala.info\/2009-2015\/","logo":{"@type":"ImageObject","inLanguage":"sq-AL","@id":"https:\/\/fjala.info\/2009-2015\/#\/schema\/logo\/image\/","url":"","contentUrl":"","caption":"FjALA e LIR\u00cb - Arkivi"},"image":{"@id":"https:\/\/fjala.info\/2009-2015\/#\/schema\/logo\/image\/"}},{"@type":"Person","@id":"https:\/\/fjala.info\/2009-2015\/#\/schema\/person\/3aa1163ef05469c496fc94e77611ada2","name":"admin","image":{"@type":"ImageObject","inLanguage":"sq-AL","@id":"https:\/\/fjala.info\/2009-2015\/wp-content\/uploads\/2012\/02\/arben_cokaj-120x150.jpg","url":"https:\/\/fjala.info\/2009-2015\/wp-content\/uploads\/2012\/02\/arben_cokaj-120x150.jpg","contentUrl":"https:\/\/fjala.info\/2009-2015\/wp-content\/uploads\/2012\/02\/arben_cokaj-120x150.jpg","caption":"admin"},"description":"Admin, Fjala e Lir\u00eb","sameAs":["https:\/\/fjala.info\/"],"url":"https:\/\/fjala.info\/2009-2015\/author\/admin\/"}]}},"_links":{"self":[{"href":"https:\/\/fjala.info\/2009-2015\/wp-json\/wp\/v2\/posts\/3032","targetHints":{"allow":["GET"]}}],"collection":[{"href":"https:\/\/fjala.info\/2009-2015\/wp-json\/wp\/v2\/posts"}],"about":[{"href":"https:\/\/fjala.info\/2009-2015\/wp-json\/wp\/v2\/types\/post"}],"author":[{"embeddable":true,"href":"https:\/\/fjala.info\/2009-2015\/wp-json\/wp\/v2\/users\/1"}],"replies":[{"embeddable":true,"href":"https:\/\/fjala.info\/2009-2015\/wp-json\/wp\/v2\/comments?post=3032"}],"version-history":[{"count":0,"href":"https:\/\/fjala.info\/2009-2015\/wp-json\/wp\/v2\/posts\/3032\/revisions"}],"wp:attachment":[{"href":"https:\/\/fjala.info\/2009-2015\/wp-json\/wp\/v2\/media?parent=3032"}],"wp:term":[{"taxonomy":"category","embeddable":true,"href":"https:\/\/fjala.info\/2009-2015\/wp-json\/wp\/v2\/categories?post=3032"},{"taxonomy":"post_tag","embeddable":true,"href":"https:\/\/fjala.info\/2009-2015\/wp-json\/wp\/v2\/tags?post=3032"}],"curies":[{"name":"wp","href":"https:\/\/api.w.org\/{rel}","templated":true}]}}