{"id":3030,"date":"2012-05-30T21:57:38","date_gmt":"2012-05-30T20:57:38","guid":{"rendered":"http:\/\/www.fjala.info\/?p=3030"},"modified":"2012-05-30T21:57:38","modified_gmt":"2012-05-30T20:57:38","slug":"mesazhi-i-fyles-zgjidheni-presidentin-me-konsensus-be-po-e-ndjek-nga-afer-situaten","status":"publish","type":"post","link":"https:\/\/fjala.info\/2009-2015\/mesazhi-i-fyles-zgjidheni-presidentin-me-konsensus-be-po-e-ndjek-nga-afer-situaten\/","title":{"rendered":"Mesazhi i Fyles: Zgjidheni presidentin me konsensus. BE po e ndjek nga af\u00ebr situat\u00ebn"},"content":{"rendered":"<p><img decoding=\"async\" class=\"alignleft size-thumbnail wp-image-7236\" title=\"Stefan Fyle\" src=\"http:\/\/www.fjala.info\/2012\/fyle_presidenti.jpg\" alt=\"\" width=\"200\" \/> <strong>TemA<\/strong>, <em>30 Maj 2012<\/em><\/p>\n<p>Komisionari p\u00ebr zgjerimin, Stefan Fyle, ka deklaruar se pal\u00ebt duhet ta zgjedhin presidentin me konsultime. Ai deklaroi se po e ndjek nga af\u00ebr situat\u00ebn n\u00eb Shqip\u00ebri. Fyle i b\u00ebri komentet pas nj\u00eb pyetje t\u00eb Top Channel, nd\u00ebrkoh\u00eb q\u00eb takoi z\u00ebvend\u00ebskryeministrin e Kosov\u00ebs, Hajredin Ku\u00e7i. Komisioneri p\u00ebr Zgjerimin tha se shum\u00eb shpejt n\u00eb Tiran\u00eb do t\u00eb vij\u00eb Drejtori i P\u00ebrgjithsh\u00ebm p\u00ebr Zgjerimin, Stefano Sanino pik\u00ebrisht p\u00ebr t\u00eb par\u00eb se \u00e7far\u00eb mund t\u00eb b\u00ebjn\u00eb ata p\u00ebr t\u00eb ndihmuar zgjidhjen e problemeve.<\/p>\n<p>Pas afatit t\u00eb 24 majit, Shqip\u00ebria sot dogji raundin e par\u00eb p\u00ebr t\u00eb zgjedhur nj\u00eb president p\u00ebr vendin. A po i ndiqni zhvillimet dhe sa njiheni me q\u00ebndrimet e pal\u00ebve, pasi nd\u00ebrsa ju vijoni t\u00eb p\u00ebrs\u00ebrisni mesazhet vendi vijon t\u00eb shtyj\u00eb afatet kohore.<\/p>\n<p>Sigurisht q\u00eb po i ndjek zhvillimet n\u00eb Shqip\u00ebri, e ve\u00e7an\u00ebrisht tep\u00ebr ngusht\u00eb n\u00eb lidhje me procesin e zgjedhjes s\u00eb presidentit. Un\u00eb jam n\u00eb dijeni t\u00eb r\u00ebnd\u00ebsis\u00eb s\u00eb 24 majit dhe e di shum\u00eb mir\u00eb se \u00e7far\u00eb ndodhi, apo se \u00e7far\u00eb nuk ndodhi m\u00eb 30 maj. Jam gjithashtu plot\u00ebsisht i qart\u00eb p\u00ebr \u00e7far\u00eb thash\u00eb kur isha n\u00eb Tiran\u00eb pak koh\u00eb m\u00eb par\u00eb, se n\u00ebse nuk gjendet nj\u00eb marr\u00ebveshje p\u00ebrfundimtare p\u00ebr \u2018paket\u00ebn e n\u00ebntorit\u2019 para 24 majit, at\u00ebher\u00eb n\u00eb vend t\u00eb zgjidhjes ajo mund t\u00eb kthehet n\u00eb pjes\u00eb t\u00eb problemit.<\/p>\n<p>I takon vet\u00ebm partive politike n\u00eb Shqip\u00ebri, i takon mazhoranc\u00ebs dhe i takon opozit\u00ebs q\u00eb t\u00eb ndalojn\u00eb q\u00eb kjo \u00e7\u00ebshtje t\u00eb kthehet n\u00eb pjes\u00eb t\u00eb problemit. Iu takon atyre t\u00eb japin rezultate p\u00ebr zgjedhjen e presidentit n\u00eb nj\u00eb m\u00ebnyr\u00eb q\u00eb p\u00ebrputhet me germ\u00ebn dhe frym\u00ebn e Kushtetut\u00ebs. U b\u00ebn\u00eb angazhime t\u00eb r\u00ebnd\u00ebsishme gjat\u00eb vizit\u00ebs sime t\u00eb fundit n\u00eb Shqip\u00ebri dhe un\u00eb kam besim se politikan\u00ebt dhe partit\u00eb politike do t\u00eb b\u00ebjn\u00eb maksimumin p\u00ebr t\u00eb dh\u00ebn\u00eb rezultate sipas atyre angazhimeve.<\/p>\n<p>Un\u00eb jam sigurisht i gatsh\u00ebm t\u00eb jap \u00e7far\u00ebdolloj ndihme. I kam k\u00ebrkuar Drejtorit t\u00eb P\u00ebrgjithsh\u00ebm p\u00ebr zgjerim t\u00eb shkoj\u00eb shpejt atje p\u00ebr t\u00eb garantuar se n\u00ebse ka di\u00e7ka q\u00eb mund ta b\u00ebjm\u00eb ne p\u00ebr t\u00eb ndihmuar n\u00eb kap\u00ebrcimin e kilometrit t\u00eb fundit p\u00ebr arritjen e marr\u00ebveshjes mbi \u2018paket\u00ebn e n\u00ebntorit\u2019, n\u00eb m\u00ebnyr\u00eb q\u00eb t\u00eb shfryt\u00ebzohen t\u00eb gjitha mund\u00ebsit\u00eb p\u00ebr t\u00eb gjetur me t\u00eb v\u00ebrtet\u00eb nj\u00eb zgjidhje.<\/p>\n","protected":false},"excerpt":{"rendered":"<p>TemA, 30 Maj 2012 Komisionari p\u00ebr zgjerimin, Stefan Fyle, ka deklaruar se pal\u00ebt duhet ta zgjedhin presidentin me konsultime. Ai deklaroi se po e ndjek nga af\u00ebr situat\u00ebn n\u00eb Shqip\u00ebri. Fyle i b\u00ebri komentet pas nj\u00eb pyetje t\u00eb Top Channel, nd\u00ebrkoh\u00eb q\u00eb takoi z\u00ebvend\u00ebskryeministrin e Kosov\u00ebs, Hajredin Ku\u00e7i. Komisioneri p\u00ebr Zgjerimin tha se shum\u00eb shpejt [&hellip;]<\/p>\n","protected":false},"author":1,"featured_media":0,"comment_status":"open","ping_status":"closed","sticky":false,"template":"","format":"standard","meta":{"footnotes":""},"categories":[2],"tags":[],"class_list":{"0":"post-3030","1":"post","2":"type-post","3":"status-publish","4":"format-standard","6":"category-artikuj"},"yoast_head":"<!-- This site is optimized with the Yoast SEO plugin v27.4 - https:\/\/yoast.com\/product\/yoast-seo-wordpress\/ -->\n<title>Mesazhi i Fyles: Zgjidheni presidentin me konsensus. BE po e ndjek nga af\u00ebr situat\u00ebn - FjALA e LIR\u00cb - Arkivi<\/title>\n<meta name=\"robots\" content=\"index, follow, max-snippet:-1, max-image-preview:large, max-video-preview:-1\" \/>\n<link rel=\"canonical\" href=\"https:\/\/fjala.info\/2009-2015\/mesazhi-i-fyles-zgjidheni-presidentin-me-konsensus-be-po-e-ndjek-nga-afer-situaten\/\" \/>\n<meta property=\"og:locale\" content=\"sq_AL\" \/>\n<meta property=\"og:type\" content=\"article\" \/>\n<meta property=\"og:title\" content=\"Mesazhi i Fyles: Zgjidheni presidentin me konsensus. BE po e ndjek nga af\u00ebr situat\u00ebn - FjALA e LIR\u00cb - Arkivi\" \/>\n<meta property=\"og:description\" content=\"TemA, 30 Maj 2012 Komisionari p\u00ebr zgjerimin, Stefan Fyle, ka deklaruar se pal\u00ebt duhet ta zgjedhin presidentin me konsultime. Ai deklaroi se po e ndjek nga af\u00ebr situat\u00ebn n\u00eb Shqip\u00ebri. Fyle i b\u00ebri komentet pas nj\u00eb pyetje t\u00eb Top Channel, nd\u00ebrkoh\u00eb q\u00eb takoi z\u00ebvend\u00ebskryeministrin e Kosov\u00ebs, Hajredin Ku\u00e7i. Komisioneri p\u00ebr Zgjerimin tha se shum\u00eb shpejt [&hellip;]\" \/>\n<meta property=\"og:url\" content=\"https:\/\/fjala.info\/2009-2015\/mesazhi-i-fyles-zgjidheni-presidentin-me-konsensus-be-po-e-ndjek-nga-afer-situaten\/\" \/>\n<meta property=\"og:site_name\" content=\"FjALA e LIR\u00cb - Arkivi\" \/>\n<meta property=\"article:published_time\" content=\"2012-05-30T20:57:38+00:00\" \/>\n<meta property=\"og:image\" content=\"http:\/\/www.fjala.info\/2012\/fyle_presidenti.jpg\" \/>\n<meta name=\"author\" content=\"admin\" \/>\n<meta name=\"twitter:card\" content=\"summary_large_image\" \/>\n<meta name=\"twitter:label1\" content=\"Written by\" \/>\n\t<meta name=\"twitter:data1\" content=\"admin\" \/>\n\t<meta name=\"twitter:label2\" content=\"Est. reading time\" \/>\n\t<meta name=\"twitter:data2\" content=\"2 minutes\" \/>\n<script type=\"application\/ld+json\" class=\"yoast-schema-graph\">{\"@context\":\"https:\\\/\\\/schema.org\",\"@graph\":[{\"@type\":\"Article\",\"@id\":\"https:\\\/\\\/fjala.info\\\/2009-2015\\\/mesazhi-i-fyles-zgjidheni-presidentin-me-konsensus-be-po-e-ndjek-nga-afer-situaten\\\/#article\",\"isPartOf\":{\"@id\":\"https:\\\/\\\/fjala.info\\\/2009-2015\\\/mesazhi-i-fyles-zgjidheni-presidentin-me-konsensus-be-po-e-ndjek-nga-afer-situaten\\\/\"},\"author\":{\"name\":\"admin\",\"@id\":\"https:\\\/\\\/fjala.info\\\/2009-2015\\\/#\\\/schema\\\/person\\\/3aa1163ef05469c496fc94e77611ada2\"},\"headline\":\"Mesazhi i Fyles: Zgjidheni presidentin me konsensus. BE po e ndjek nga af\u00ebr situat\u00ebn\",\"datePublished\":\"2012-05-30T20:57:38+00:00\",\"mainEntityOfPage\":{\"@id\":\"https:\\\/\\\/fjala.info\\\/2009-2015\\\/mesazhi-i-fyles-zgjidheni-presidentin-me-konsensus-be-po-e-ndjek-nga-afer-situaten\\\/\"},\"wordCount\":451,\"commentCount\":0,\"publisher\":{\"@id\":\"https:\\\/\\\/fjala.info\\\/2009-2015\\\/#organization\"},\"image\":{\"@id\":\"https:\\\/\\\/fjala.info\\\/2009-2015\\\/mesazhi-i-fyles-zgjidheni-presidentin-me-konsensus-be-po-e-ndjek-nga-afer-situaten\\\/#primaryimage\"},\"thumbnailUrl\":\"http:\\\/\\\/www.fjala.info\\\/2012\\\/fyle_presidenti.jpg\",\"articleSection\":[\"Artikuj\"],\"inLanguage\":\"sq-AL\",\"potentialAction\":[{\"@type\":\"CommentAction\",\"name\":\"Comment\",\"target\":[\"https:\\\/\\\/fjala.info\\\/2009-2015\\\/mesazhi-i-fyles-zgjidheni-presidentin-me-konsensus-be-po-e-ndjek-nga-afer-situaten\\\/#respond\"]}]},{\"@type\":\"WebPage\",\"@id\":\"https:\\\/\\\/fjala.info\\\/2009-2015\\\/mesazhi-i-fyles-zgjidheni-presidentin-me-konsensus-be-po-e-ndjek-nga-afer-situaten\\\/\",\"url\":\"https:\\\/\\\/fjala.info\\\/2009-2015\\\/mesazhi-i-fyles-zgjidheni-presidentin-me-konsensus-be-po-e-ndjek-nga-afer-situaten\\\/\",\"name\":\"Mesazhi i Fyles: Zgjidheni presidentin me konsensus. BE po e ndjek nga af\u00ebr situat\u00ebn - FjALA e LIR\u00cb - Arkivi\",\"isPartOf\":{\"@id\":\"https:\\\/\\\/fjala.info\\\/2009-2015\\\/#website\"},\"primaryImageOfPage\":{\"@id\":\"https:\\\/\\\/fjala.info\\\/2009-2015\\\/mesazhi-i-fyles-zgjidheni-presidentin-me-konsensus-be-po-e-ndjek-nga-afer-situaten\\\/#primaryimage\"},\"image\":{\"@id\":\"https:\\\/\\\/fjala.info\\\/2009-2015\\\/mesazhi-i-fyles-zgjidheni-presidentin-me-konsensus-be-po-e-ndjek-nga-afer-situaten\\\/#primaryimage\"},\"thumbnailUrl\":\"http:\\\/\\\/www.fjala.info\\\/2012\\\/fyle_presidenti.jpg\",\"datePublished\":\"2012-05-30T20:57:38+00:00\",\"breadcrumb\":{\"@id\":\"https:\\\/\\\/fjala.info\\\/2009-2015\\\/mesazhi-i-fyles-zgjidheni-presidentin-me-konsensus-be-po-e-ndjek-nga-afer-situaten\\\/#breadcrumb\"},\"inLanguage\":\"sq-AL\",\"potentialAction\":[{\"@type\":\"ReadAction\",\"target\":[\"https:\\\/\\\/fjala.info\\\/2009-2015\\\/mesazhi-i-fyles-zgjidheni-presidentin-me-konsensus-be-po-e-ndjek-nga-afer-situaten\\\/\"]}]},{\"@type\":\"ImageObject\",\"inLanguage\":\"sq-AL\",\"@id\":\"https:\\\/\\\/fjala.info\\\/2009-2015\\\/mesazhi-i-fyles-zgjidheni-presidentin-me-konsensus-be-po-e-ndjek-nga-afer-situaten\\\/#primaryimage\",\"url\":\"http:\\\/\\\/www.fjala.info\\\/2012\\\/fyle_presidenti.jpg\",\"contentUrl\":\"http:\\\/\\\/www.fjala.info\\\/2012\\\/fyle_presidenti.jpg\"},{\"@type\":\"BreadcrumbList\",\"@id\":\"https:\\\/\\\/fjala.info\\\/2009-2015\\\/mesazhi-i-fyles-zgjidheni-presidentin-me-konsensus-be-po-e-ndjek-nga-afer-situaten\\\/#breadcrumb\",\"itemListElement\":[{\"@type\":\"ListItem\",\"position\":1,\"name\":\"Home\",\"item\":\"https:\\\/\\\/fjala.info\\\/2009-2015\\\/\"},{\"@type\":\"ListItem\",\"position\":2,\"name\":\"Mesazhi i Fyles: Zgjidheni presidentin me konsensus. BE po e ndjek nga af\u00ebr situat\u00ebn\"}]},{\"@type\":\"WebSite\",\"@id\":\"https:\\\/\\\/fjala.info\\\/2009-2015\\\/#website\",\"url\":\"https:\\\/\\\/fjala.info\\\/2009-2015\\\/\",\"name\":\"FjALA e LIR\u00cb - Arkivi\",\"description\":\"Arkivi 2009-2015\",\"publisher\":{\"@id\":\"https:\\\/\\\/fjala.info\\\/2009-2015\\\/#organization\"},\"potentialAction\":[{\"@type\":\"SearchAction\",\"target\":{\"@type\":\"EntryPoint\",\"urlTemplate\":\"https:\\\/\\\/fjala.info\\\/2009-2015\\\/?s={search_term_string}\"},\"query-input\":{\"@type\":\"PropertyValueSpecification\",\"valueRequired\":true,\"valueName\":\"search_term_string\"}}],\"inLanguage\":\"sq-AL\"},{\"@type\":\"Organization\",\"@id\":\"https:\\\/\\\/fjala.info\\\/2009-2015\\\/#organization\",\"name\":\"FjALA e LIR\u00cb - Arkivi\",\"url\":\"https:\\\/\\\/fjala.info\\\/2009-2015\\\/\",\"logo\":{\"@type\":\"ImageObject\",\"inLanguage\":\"sq-AL\",\"@id\":\"https:\\\/\\\/fjala.info\\\/2009-2015\\\/#\\\/schema\\\/logo\\\/image\\\/\",\"url\":\"\",\"contentUrl\":\"\",\"caption\":\"FjALA e LIR\u00cb - Arkivi\"},\"image\":{\"@id\":\"https:\\\/\\\/fjala.info\\\/2009-2015\\\/#\\\/schema\\\/logo\\\/image\\\/\"}},{\"@type\":\"Person\",\"@id\":\"https:\\\/\\\/fjala.info\\\/2009-2015\\\/#\\\/schema\\\/person\\\/3aa1163ef05469c496fc94e77611ada2\",\"name\":\"admin\",\"image\":{\"@type\":\"ImageObject\",\"inLanguage\":\"sq-AL\",\"@id\":\"https:\\\/\\\/fjala.info\\\/2009-2015\\\/wp-content\\\/uploads\\\/2012\\\/02\\\/arben_cokaj-120x150.jpg\",\"url\":\"https:\\\/\\\/fjala.info\\\/2009-2015\\\/wp-content\\\/uploads\\\/2012\\\/02\\\/arben_cokaj-120x150.jpg\",\"contentUrl\":\"https:\\\/\\\/fjala.info\\\/2009-2015\\\/wp-content\\\/uploads\\\/2012\\\/02\\\/arben_cokaj-120x150.jpg\",\"caption\":\"admin\"},\"description\":\"Admin, Fjala e Lir\u00eb\",\"sameAs\":[\"https:\\\/\\\/fjala.info\\\/\"],\"url\":\"https:\\\/\\\/fjala.info\\\/2009-2015\\\/author\\\/admin\\\/\"}]}<\/script>\n<!-- \/ Yoast SEO plugin. -->","yoast_head_json":{"title":"Mesazhi i Fyles: Zgjidheni presidentin me konsensus. BE po e ndjek nga af\u00ebr situat\u00ebn - FjALA e LIR\u00cb - Arkivi","robots":{"index":"index","follow":"follow","max-snippet":"max-snippet:-1","max-image-preview":"max-image-preview:large","max-video-preview":"max-video-preview:-1"},"canonical":"https:\/\/fjala.info\/2009-2015\/mesazhi-i-fyles-zgjidheni-presidentin-me-konsensus-be-po-e-ndjek-nga-afer-situaten\/","og_locale":"sq_AL","og_type":"article","og_title":"Mesazhi i Fyles: Zgjidheni presidentin me konsensus. BE po e ndjek nga af\u00ebr situat\u00ebn - FjALA e LIR\u00cb - Arkivi","og_description":"TemA, 30 Maj 2012 Komisionari p\u00ebr zgjerimin, Stefan Fyle, ka deklaruar se pal\u00ebt duhet ta zgjedhin presidentin me konsultime. Ai deklaroi se po e ndjek nga af\u00ebr situat\u00ebn n\u00eb Shqip\u00ebri. Fyle i b\u00ebri komentet pas nj\u00eb pyetje t\u00eb Top Channel, nd\u00ebrkoh\u00eb q\u00eb takoi z\u00ebvend\u00ebskryeministrin e Kosov\u00ebs, Hajredin Ku\u00e7i. Komisioneri p\u00ebr Zgjerimin tha se shum\u00eb shpejt [&hellip;]","og_url":"https:\/\/fjala.info\/2009-2015\/mesazhi-i-fyles-zgjidheni-presidentin-me-konsensus-be-po-e-ndjek-nga-afer-situaten\/","og_site_name":"FjALA e LIR\u00cb - Arkivi","article_published_time":"2012-05-30T20:57:38+00:00","og_image":[{"url":"http:\/\/www.fjala.info\/2012\/fyle_presidenti.jpg","type":"","width":"","height":""}],"author":"admin","twitter_card":"summary_large_image","twitter_misc":{"Written by":"admin","Est. reading time":"2 minutes"},"schema":{"@context":"https:\/\/schema.org","@graph":[{"@type":"Article","@id":"https:\/\/fjala.info\/2009-2015\/mesazhi-i-fyles-zgjidheni-presidentin-me-konsensus-be-po-e-ndjek-nga-afer-situaten\/#article","isPartOf":{"@id":"https:\/\/fjala.info\/2009-2015\/mesazhi-i-fyles-zgjidheni-presidentin-me-konsensus-be-po-e-ndjek-nga-afer-situaten\/"},"author":{"name":"admin","@id":"https:\/\/fjala.info\/2009-2015\/#\/schema\/person\/3aa1163ef05469c496fc94e77611ada2"},"headline":"Mesazhi i Fyles: Zgjidheni presidentin me konsensus. BE po e ndjek nga af\u00ebr situat\u00ebn","datePublished":"2012-05-30T20:57:38+00:00","mainEntityOfPage":{"@id":"https:\/\/fjala.info\/2009-2015\/mesazhi-i-fyles-zgjidheni-presidentin-me-konsensus-be-po-e-ndjek-nga-afer-situaten\/"},"wordCount":451,"commentCount":0,"publisher":{"@id":"https:\/\/fjala.info\/2009-2015\/#organization"},"image":{"@id":"https:\/\/fjala.info\/2009-2015\/mesazhi-i-fyles-zgjidheni-presidentin-me-konsensus-be-po-e-ndjek-nga-afer-situaten\/#primaryimage"},"thumbnailUrl":"http:\/\/www.fjala.info\/2012\/fyle_presidenti.jpg","articleSection":["Artikuj"],"inLanguage":"sq-AL","potentialAction":[{"@type":"CommentAction","name":"Comment","target":["https:\/\/fjala.info\/2009-2015\/mesazhi-i-fyles-zgjidheni-presidentin-me-konsensus-be-po-e-ndjek-nga-afer-situaten\/#respond"]}]},{"@type":"WebPage","@id":"https:\/\/fjala.info\/2009-2015\/mesazhi-i-fyles-zgjidheni-presidentin-me-konsensus-be-po-e-ndjek-nga-afer-situaten\/","url":"https:\/\/fjala.info\/2009-2015\/mesazhi-i-fyles-zgjidheni-presidentin-me-konsensus-be-po-e-ndjek-nga-afer-situaten\/","name":"Mesazhi i Fyles: Zgjidheni presidentin me konsensus. BE po e ndjek nga af\u00ebr situat\u00ebn - FjALA e LIR\u00cb - Arkivi","isPartOf":{"@id":"https:\/\/fjala.info\/2009-2015\/#website"},"primaryImageOfPage":{"@id":"https:\/\/fjala.info\/2009-2015\/mesazhi-i-fyles-zgjidheni-presidentin-me-konsensus-be-po-e-ndjek-nga-afer-situaten\/#primaryimage"},"image":{"@id":"https:\/\/fjala.info\/2009-2015\/mesazhi-i-fyles-zgjidheni-presidentin-me-konsensus-be-po-e-ndjek-nga-afer-situaten\/#primaryimage"},"thumbnailUrl":"http:\/\/www.fjala.info\/2012\/fyle_presidenti.jpg","datePublished":"2012-05-30T20:57:38+00:00","breadcrumb":{"@id":"https:\/\/fjala.info\/2009-2015\/mesazhi-i-fyles-zgjidheni-presidentin-me-konsensus-be-po-e-ndjek-nga-afer-situaten\/#breadcrumb"},"inLanguage":"sq-AL","potentialAction":[{"@type":"ReadAction","target":["https:\/\/fjala.info\/2009-2015\/mesazhi-i-fyles-zgjidheni-presidentin-me-konsensus-be-po-e-ndjek-nga-afer-situaten\/"]}]},{"@type":"ImageObject","inLanguage":"sq-AL","@id":"https:\/\/fjala.info\/2009-2015\/mesazhi-i-fyles-zgjidheni-presidentin-me-konsensus-be-po-e-ndjek-nga-afer-situaten\/#primaryimage","url":"http:\/\/www.fjala.info\/2012\/fyle_presidenti.jpg","contentUrl":"http:\/\/www.fjala.info\/2012\/fyle_presidenti.jpg"},{"@type":"BreadcrumbList","@id":"https:\/\/fjala.info\/2009-2015\/mesazhi-i-fyles-zgjidheni-presidentin-me-konsensus-be-po-e-ndjek-nga-afer-situaten\/#breadcrumb","itemListElement":[{"@type":"ListItem","position":1,"name":"Home","item":"https:\/\/fjala.info\/2009-2015\/"},{"@type":"ListItem","position":2,"name":"Mesazhi i Fyles: Zgjidheni presidentin me konsensus. BE po e ndjek nga af\u00ebr situat\u00ebn"}]},{"@type":"WebSite","@id":"https:\/\/fjala.info\/2009-2015\/#website","url":"https:\/\/fjala.info\/2009-2015\/","name":"FjALA e LIR\u00cb - Arkivi","description":"Arkivi 2009-2015","publisher":{"@id":"https:\/\/fjala.info\/2009-2015\/#organization"},"potentialAction":[{"@type":"SearchAction","target":{"@type":"EntryPoint","urlTemplate":"https:\/\/fjala.info\/2009-2015\/?s={search_term_string}"},"query-input":{"@type":"PropertyValueSpecification","valueRequired":true,"valueName":"search_term_string"}}],"inLanguage":"sq-AL"},{"@type":"Organization","@id":"https:\/\/fjala.info\/2009-2015\/#organization","name":"FjALA e LIR\u00cb - Arkivi","url":"https:\/\/fjala.info\/2009-2015\/","logo":{"@type":"ImageObject","inLanguage":"sq-AL","@id":"https:\/\/fjala.info\/2009-2015\/#\/schema\/logo\/image\/","url":"","contentUrl":"","caption":"FjALA e LIR\u00cb - Arkivi"},"image":{"@id":"https:\/\/fjala.info\/2009-2015\/#\/schema\/logo\/image\/"}},{"@type":"Person","@id":"https:\/\/fjala.info\/2009-2015\/#\/schema\/person\/3aa1163ef05469c496fc94e77611ada2","name":"admin","image":{"@type":"ImageObject","inLanguage":"sq-AL","@id":"https:\/\/fjala.info\/2009-2015\/wp-content\/uploads\/2012\/02\/arben_cokaj-120x150.jpg","url":"https:\/\/fjala.info\/2009-2015\/wp-content\/uploads\/2012\/02\/arben_cokaj-120x150.jpg","contentUrl":"https:\/\/fjala.info\/2009-2015\/wp-content\/uploads\/2012\/02\/arben_cokaj-120x150.jpg","caption":"admin"},"description":"Admin, Fjala e Lir\u00eb","sameAs":["https:\/\/fjala.info\/"],"url":"https:\/\/fjala.info\/2009-2015\/author\/admin\/"}]}},"_links":{"self":[{"href":"https:\/\/fjala.info\/2009-2015\/wp-json\/wp\/v2\/posts\/3030","targetHints":{"allow":["GET"]}}],"collection":[{"href":"https:\/\/fjala.info\/2009-2015\/wp-json\/wp\/v2\/posts"}],"about":[{"href":"https:\/\/fjala.info\/2009-2015\/wp-json\/wp\/v2\/types\/post"}],"author":[{"embeddable":true,"href":"https:\/\/fjala.info\/2009-2015\/wp-json\/wp\/v2\/users\/1"}],"replies":[{"embeddable":true,"href":"https:\/\/fjala.info\/2009-2015\/wp-json\/wp\/v2\/comments?post=3030"}],"version-history":[{"count":0,"href":"https:\/\/fjala.info\/2009-2015\/wp-json\/wp\/v2\/posts\/3030\/revisions"}],"wp:attachment":[{"href":"https:\/\/fjala.info\/2009-2015\/wp-json\/wp\/v2\/media?parent=3030"}],"wp:term":[{"taxonomy":"category","embeddable":true,"href":"https:\/\/fjala.info\/2009-2015\/wp-json\/wp\/v2\/categories?post=3030"},{"taxonomy":"post_tag","embeddable":true,"href":"https:\/\/fjala.info\/2009-2015\/wp-json\/wp\/v2\/tags?post=3030"}],"curies":[{"name":"wp","href":"https:\/\/api.w.org\/{rel}","templated":true}]}}