{"id":3024,"date":"2012-05-30T18:22:29","date_gmt":"2012-05-30T17:22:29","guid":{"rendered":"http:\/\/www.fjala.info\/?p=3024"},"modified":"2012-05-30T18:22:29","modified_gmt":"2012-05-30T17:22:29","slug":"the-freedom-of-poetry-liria-e-poezise","status":"publish","type":"post","link":"https:\/\/fjala.info\/2009-2015\/the-freedom-of-poetry-liria-e-poezise\/","title":{"rendered":"THE FREEDOM OF POETRY &#8211; Liria e poezis\u00eb"},"content":{"rendered":"<p><img decoding=\"async\" class=\"alignleft size-thumbnail wp-image-7236\" title=\"Ndue Ukaj\" src=\"http:\/\/www.shkoder.net\/images\/fjala\/ndue_ukaj.jpg\" alt=\"\" width=\"150\" \/> <em><strong>Ndue Ukaj n\u00eb revist\u00ebn internacionale poetike Ann Arbor Review <\/strong><\/em><\/p>\n<p>Revista amerikane, Ann Arbor Review: International Journal of Poetry, e cila botohet n\u00eb shtetin Florida, \u00ebsht\u00eb revist\u00eb e fokusuar vet\u00ebm n\u00eb publikimin e poezis\u00eb. Kjo revist\u00eb, ka nj\u00eb tradit\u00eb disa dekad\u00ebshe dhe q\u00eb nga at\u00ebher\u00eb, ka botuar poet\u00eb t\u00eb shquar. N\u00eb numrin e ri t\u00eb saj t\u00eb pranver\u00ebs, q\u00eb ka dal k\u00ebto dit\u00eb, n\u00eb k\u00ebt\u00eb revist\u00eb prestigjioze t\u00eb poezis\u00eb, \u00ebsht\u00eb prezantuar me nj\u00eb poezi, poeti nga Kosova Ndue Ukaj. Poeti Ukaj prezantohet n\u00eb k\u00ebt\u00eb revist\u00eb me poezin\u00eb, Liria e poezis\u00eb, t\u00eb p\u00ebrkthyer anglisht nga <strong>Peter Tase<\/strong>.<\/p>\n<blockquote><p><strong>THE FREEDOM OF POETRY<\/strong><\/p>\n<p>The angels are descending slowly,<br \/>\nSoftly<br \/>\nQuietly<br \/>\nWith love<br \/>\nOver your fiery letters<br \/>\nKissing only the pain that you know<br \/>\nKissing only the love that you see<br \/>\nKissing the solitude touched only by you.<br \/>\nCaressing the Oh of the bountiful spirit<br \/>\nThe brave poetry.<\/p>\n<p>Then slowly and slowly<br \/>\nCaressing your stone like tears<br \/>\nThe wrinkled cheeks where the fatherland<br \/>\nOf pain has been hit with the times<br \/>\nThrough the screaming metaphors<br \/>\nScreaming all night and day.<br \/>\nOh, quiet and scream, scream and keep quiet<br \/>\nIn a parallel fashion,<br \/>\nAnd emerge with a Sunny smile<br \/>\nIn the blue mornings with thickened pupils<br \/>\nIn the black nights with frightening storms.<\/p>\n<p>They call you beautiful, call you a Queen<br \/>\nThey call you many names<br \/>\nAnd you are, quiet as solitude<br \/>\nWith noise like sadness<br \/>\nBending your lifelong pain<br \/>\nThe endless mystery, just as the creation<br \/>\nWhere happiness and pain are hit in the mirror<br \/>\nAnd roll the soft vision through the lips<br \/>\nFrom mouth to mouth<\/p>\n<p>As a rapacious bird in silence gathers<br \/>\nSometimes pain and at times engulfed in happiness.<br \/>\nOh luck poetry that loves endlessly.\n<\/p><\/blockquote>\n<p><strong>Ndue Ukaj<\/strong>, <em>Pristina, Kosovo<\/em><br \/>\ntrans. by <strong>Peter Tase<\/strong>, Albanian<\/p>\n","protected":false},"excerpt":{"rendered":"<p>Ndue Ukaj n\u00eb revist\u00ebn internacionale poetike Ann Arbor Review Revista amerikane, Ann Arbor Review: International Journal of Poetry, e cila botohet n\u00eb shtetin Florida, \u00ebsht\u00eb revist\u00eb e fokusuar vet\u00ebm n\u00eb publikimin e poezis\u00eb. Kjo revist\u00eb, ka nj\u00eb tradit\u00eb disa dekad\u00ebshe dhe q\u00eb nga at\u00ebher\u00eb, ka botuar poet\u00eb t\u00eb shquar. N\u00eb numrin e ri t\u00eb saj [&hellip;]<\/p>\n","protected":false},"author":1,"featured_media":0,"comment_status":"open","ping_status":"closed","sticky":false,"template":"","format":"standard","meta":{"footnotes":""},"categories":[7,9],"tags":[],"class_list":{"0":"post-3024","1":"post","2":"type-post","3":"status-publish","4":"format-standard","6":"category-letersi","7":"category-poezi"},"yoast_head":"<!-- This site is optimized with the Yoast SEO plugin v27.4 - https:\/\/yoast.com\/product\/yoast-seo-wordpress\/ -->\n<title>THE FREEDOM OF POETRY - Liria e poezis\u00eb - FjALA e LIR\u00cb - Arkivi<\/title>\n<meta name=\"robots\" content=\"index, follow, max-snippet:-1, max-image-preview:large, max-video-preview:-1\" \/>\n<link rel=\"canonical\" href=\"https:\/\/fjala.info\/2009-2015\/the-freedom-of-poetry-liria-e-poezise\/\" \/>\n<meta property=\"og:locale\" content=\"sq_AL\" \/>\n<meta property=\"og:type\" content=\"article\" \/>\n<meta property=\"og:title\" content=\"THE FREEDOM OF POETRY - Liria e poezis\u00eb - FjALA e LIR\u00cb - Arkivi\" \/>\n<meta property=\"og:description\" content=\"Ndue Ukaj n\u00eb revist\u00ebn internacionale poetike Ann Arbor Review Revista amerikane, Ann Arbor Review: International Journal of Poetry, e cila botohet n\u00eb shtetin Florida, \u00ebsht\u00eb revist\u00eb e fokusuar vet\u00ebm n\u00eb publikimin e poezis\u00eb. Kjo revist\u00eb, ka nj\u00eb tradit\u00eb disa dekad\u00ebshe dhe q\u00eb nga at\u00ebher\u00eb, ka botuar poet\u00eb t\u00eb shquar. N\u00eb numrin e ri t\u00eb saj [&hellip;]\" \/>\n<meta property=\"og:url\" content=\"https:\/\/fjala.info\/2009-2015\/the-freedom-of-poetry-liria-e-poezise\/\" \/>\n<meta property=\"og:site_name\" content=\"FjALA e LIR\u00cb - Arkivi\" \/>\n<meta property=\"article:published_time\" content=\"2012-05-30T17:22:29+00:00\" \/>\n<meta property=\"og:image\" content=\"http:\/\/www.shkoder.net\/images\/fjala\/ndue_ukaj.jpg\" \/>\n<meta name=\"author\" content=\"admin\" \/>\n<meta name=\"twitter:card\" content=\"summary_large_image\" \/>\n<meta name=\"twitter:label1\" content=\"Written by\" \/>\n\t<meta name=\"twitter:data1\" content=\"admin\" \/>\n\t<meta name=\"twitter:label2\" content=\"Est. reading time\" \/>\n\t<meta name=\"twitter:data2\" content=\"2 minutes\" \/>\n<script type=\"application\/ld+json\" class=\"yoast-schema-graph\">{\"@context\":\"https:\\\/\\\/schema.org\",\"@graph\":[{\"@type\":\"Article\",\"@id\":\"https:\\\/\\\/fjala.info\\\/2009-2015\\\/the-freedom-of-poetry-liria-e-poezise\\\/#article\",\"isPartOf\":{\"@id\":\"https:\\\/\\\/fjala.info\\\/2009-2015\\\/the-freedom-of-poetry-liria-e-poezise\\\/\"},\"author\":{\"name\":\"admin\",\"@id\":\"https:\\\/\\\/fjala.info\\\/2009-2015\\\/#\\\/schema\\\/person\\\/3aa1163ef05469c496fc94e77611ada2\"},\"headline\":\"THE FREEDOM OF POETRY &#8211; Liria e poezis\u00eb\",\"datePublished\":\"2012-05-30T17:22:29+00:00\",\"mainEntityOfPage\":{\"@id\":\"https:\\\/\\\/fjala.info\\\/2009-2015\\\/the-freedom-of-poetry-liria-e-poezise\\\/\"},\"wordCount\":309,\"commentCount\":0,\"publisher\":{\"@id\":\"https:\\\/\\\/fjala.info\\\/2009-2015\\\/#organization\"},\"image\":{\"@id\":\"https:\\\/\\\/fjala.info\\\/2009-2015\\\/the-freedom-of-poetry-liria-e-poezise\\\/#primaryimage\"},\"thumbnailUrl\":\"http:\\\/\\\/www.shkoder.net\\\/images\\\/fjala\\\/ndue_ukaj.jpg\",\"articleSection\":[\"Let\u00ebrsi\",\"Poezi\"],\"inLanguage\":\"sq-AL\",\"potentialAction\":[{\"@type\":\"CommentAction\",\"name\":\"Comment\",\"target\":[\"https:\\\/\\\/fjala.info\\\/2009-2015\\\/the-freedom-of-poetry-liria-e-poezise\\\/#respond\"]}]},{\"@type\":\"WebPage\",\"@id\":\"https:\\\/\\\/fjala.info\\\/2009-2015\\\/the-freedom-of-poetry-liria-e-poezise\\\/\",\"url\":\"https:\\\/\\\/fjala.info\\\/2009-2015\\\/the-freedom-of-poetry-liria-e-poezise\\\/\",\"name\":\"THE FREEDOM OF POETRY - Liria e poezis\u00eb - FjALA e LIR\u00cb - Arkivi\",\"isPartOf\":{\"@id\":\"https:\\\/\\\/fjala.info\\\/2009-2015\\\/#website\"},\"primaryImageOfPage\":{\"@id\":\"https:\\\/\\\/fjala.info\\\/2009-2015\\\/the-freedom-of-poetry-liria-e-poezise\\\/#primaryimage\"},\"image\":{\"@id\":\"https:\\\/\\\/fjala.info\\\/2009-2015\\\/the-freedom-of-poetry-liria-e-poezise\\\/#primaryimage\"},\"thumbnailUrl\":\"http:\\\/\\\/www.shkoder.net\\\/images\\\/fjala\\\/ndue_ukaj.jpg\",\"datePublished\":\"2012-05-30T17:22:29+00:00\",\"breadcrumb\":{\"@id\":\"https:\\\/\\\/fjala.info\\\/2009-2015\\\/the-freedom-of-poetry-liria-e-poezise\\\/#breadcrumb\"},\"inLanguage\":\"sq-AL\",\"potentialAction\":[{\"@type\":\"ReadAction\",\"target\":[\"https:\\\/\\\/fjala.info\\\/2009-2015\\\/the-freedom-of-poetry-liria-e-poezise\\\/\"]}]},{\"@type\":\"ImageObject\",\"inLanguage\":\"sq-AL\",\"@id\":\"https:\\\/\\\/fjala.info\\\/2009-2015\\\/the-freedom-of-poetry-liria-e-poezise\\\/#primaryimage\",\"url\":\"http:\\\/\\\/www.shkoder.net\\\/images\\\/fjala\\\/ndue_ukaj.jpg\",\"contentUrl\":\"http:\\\/\\\/www.shkoder.net\\\/images\\\/fjala\\\/ndue_ukaj.jpg\"},{\"@type\":\"BreadcrumbList\",\"@id\":\"https:\\\/\\\/fjala.info\\\/2009-2015\\\/the-freedom-of-poetry-liria-e-poezise\\\/#breadcrumb\",\"itemListElement\":[{\"@type\":\"ListItem\",\"position\":1,\"name\":\"Home\",\"item\":\"https:\\\/\\\/fjala.info\\\/2009-2015\\\/\"},{\"@type\":\"ListItem\",\"position\":2,\"name\":\"THE FREEDOM OF POETRY &#8211; Liria e poezis\u00eb\"}]},{\"@type\":\"WebSite\",\"@id\":\"https:\\\/\\\/fjala.info\\\/2009-2015\\\/#website\",\"url\":\"https:\\\/\\\/fjala.info\\\/2009-2015\\\/\",\"name\":\"FjALA e LIR\u00cb - Arkivi\",\"description\":\"Arkivi 2009-2015\",\"publisher\":{\"@id\":\"https:\\\/\\\/fjala.info\\\/2009-2015\\\/#organization\"},\"potentialAction\":[{\"@type\":\"SearchAction\",\"target\":{\"@type\":\"EntryPoint\",\"urlTemplate\":\"https:\\\/\\\/fjala.info\\\/2009-2015\\\/?s={search_term_string}\"},\"query-input\":{\"@type\":\"PropertyValueSpecification\",\"valueRequired\":true,\"valueName\":\"search_term_string\"}}],\"inLanguage\":\"sq-AL\"},{\"@type\":\"Organization\",\"@id\":\"https:\\\/\\\/fjala.info\\\/2009-2015\\\/#organization\",\"name\":\"FjALA e LIR\u00cb - Arkivi\",\"url\":\"https:\\\/\\\/fjala.info\\\/2009-2015\\\/\",\"logo\":{\"@type\":\"ImageObject\",\"inLanguage\":\"sq-AL\",\"@id\":\"https:\\\/\\\/fjala.info\\\/2009-2015\\\/#\\\/schema\\\/logo\\\/image\\\/\",\"url\":\"\",\"contentUrl\":\"\",\"caption\":\"FjALA e LIR\u00cb - Arkivi\"},\"image\":{\"@id\":\"https:\\\/\\\/fjala.info\\\/2009-2015\\\/#\\\/schema\\\/logo\\\/image\\\/\"}},{\"@type\":\"Person\",\"@id\":\"https:\\\/\\\/fjala.info\\\/2009-2015\\\/#\\\/schema\\\/person\\\/3aa1163ef05469c496fc94e77611ada2\",\"name\":\"admin\",\"image\":{\"@type\":\"ImageObject\",\"inLanguage\":\"sq-AL\",\"@id\":\"https:\\\/\\\/fjala.info\\\/2009-2015\\\/wp-content\\\/uploads\\\/2012\\\/02\\\/arben_cokaj-120x150.jpg\",\"url\":\"https:\\\/\\\/fjala.info\\\/2009-2015\\\/wp-content\\\/uploads\\\/2012\\\/02\\\/arben_cokaj-120x150.jpg\",\"contentUrl\":\"https:\\\/\\\/fjala.info\\\/2009-2015\\\/wp-content\\\/uploads\\\/2012\\\/02\\\/arben_cokaj-120x150.jpg\",\"caption\":\"admin\"},\"description\":\"Admin, Fjala e Lir\u00eb\",\"sameAs\":[\"https:\\\/\\\/fjala.info\\\/\"],\"url\":\"https:\\\/\\\/fjala.info\\\/2009-2015\\\/author\\\/admin\\\/\"}]}<\/script>\n<!-- \/ Yoast SEO plugin. -->","yoast_head_json":{"title":"THE FREEDOM OF POETRY - Liria e poezis\u00eb - FjALA e LIR\u00cb - Arkivi","robots":{"index":"index","follow":"follow","max-snippet":"max-snippet:-1","max-image-preview":"max-image-preview:large","max-video-preview":"max-video-preview:-1"},"canonical":"https:\/\/fjala.info\/2009-2015\/the-freedom-of-poetry-liria-e-poezise\/","og_locale":"sq_AL","og_type":"article","og_title":"THE FREEDOM OF POETRY - Liria e poezis\u00eb - FjALA e LIR\u00cb - Arkivi","og_description":"Ndue Ukaj n\u00eb revist\u00ebn internacionale poetike Ann Arbor Review Revista amerikane, Ann Arbor Review: International Journal of Poetry, e cila botohet n\u00eb shtetin Florida, \u00ebsht\u00eb revist\u00eb e fokusuar vet\u00ebm n\u00eb publikimin e poezis\u00eb. Kjo revist\u00eb, ka nj\u00eb tradit\u00eb disa dekad\u00ebshe dhe q\u00eb nga at\u00ebher\u00eb, ka botuar poet\u00eb t\u00eb shquar. N\u00eb numrin e ri t\u00eb saj [&hellip;]","og_url":"https:\/\/fjala.info\/2009-2015\/the-freedom-of-poetry-liria-e-poezise\/","og_site_name":"FjALA e LIR\u00cb - Arkivi","article_published_time":"2012-05-30T17:22:29+00:00","og_image":[{"url":"http:\/\/www.shkoder.net\/images\/fjala\/ndue_ukaj.jpg","type":"","width":"","height":""}],"author":"admin","twitter_card":"summary_large_image","twitter_misc":{"Written by":"admin","Est. reading time":"2 minutes"},"schema":{"@context":"https:\/\/schema.org","@graph":[{"@type":"Article","@id":"https:\/\/fjala.info\/2009-2015\/the-freedom-of-poetry-liria-e-poezise\/#article","isPartOf":{"@id":"https:\/\/fjala.info\/2009-2015\/the-freedom-of-poetry-liria-e-poezise\/"},"author":{"name":"admin","@id":"https:\/\/fjala.info\/2009-2015\/#\/schema\/person\/3aa1163ef05469c496fc94e77611ada2"},"headline":"THE FREEDOM OF POETRY &#8211; Liria e poezis\u00eb","datePublished":"2012-05-30T17:22:29+00:00","mainEntityOfPage":{"@id":"https:\/\/fjala.info\/2009-2015\/the-freedom-of-poetry-liria-e-poezise\/"},"wordCount":309,"commentCount":0,"publisher":{"@id":"https:\/\/fjala.info\/2009-2015\/#organization"},"image":{"@id":"https:\/\/fjala.info\/2009-2015\/the-freedom-of-poetry-liria-e-poezise\/#primaryimage"},"thumbnailUrl":"http:\/\/www.shkoder.net\/images\/fjala\/ndue_ukaj.jpg","articleSection":["Let\u00ebrsi","Poezi"],"inLanguage":"sq-AL","potentialAction":[{"@type":"CommentAction","name":"Comment","target":["https:\/\/fjala.info\/2009-2015\/the-freedom-of-poetry-liria-e-poezise\/#respond"]}]},{"@type":"WebPage","@id":"https:\/\/fjala.info\/2009-2015\/the-freedom-of-poetry-liria-e-poezise\/","url":"https:\/\/fjala.info\/2009-2015\/the-freedom-of-poetry-liria-e-poezise\/","name":"THE FREEDOM OF POETRY - Liria e poezis\u00eb - FjALA e LIR\u00cb - Arkivi","isPartOf":{"@id":"https:\/\/fjala.info\/2009-2015\/#website"},"primaryImageOfPage":{"@id":"https:\/\/fjala.info\/2009-2015\/the-freedom-of-poetry-liria-e-poezise\/#primaryimage"},"image":{"@id":"https:\/\/fjala.info\/2009-2015\/the-freedom-of-poetry-liria-e-poezise\/#primaryimage"},"thumbnailUrl":"http:\/\/www.shkoder.net\/images\/fjala\/ndue_ukaj.jpg","datePublished":"2012-05-30T17:22:29+00:00","breadcrumb":{"@id":"https:\/\/fjala.info\/2009-2015\/the-freedom-of-poetry-liria-e-poezise\/#breadcrumb"},"inLanguage":"sq-AL","potentialAction":[{"@type":"ReadAction","target":["https:\/\/fjala.info\/2009-2015\/the-freedom-of-poetry-liria-e-poezise\/"]}]},{"@type":"ImageObject","inLanguage":"sq-AL","@id":"https:\/\/fjala.info\/2009-2015\/the-freedom-of-poetry-liria-e-poezise\/#primaryimage","url":"http:\/\/www.shkoder.net\/images\/fjala\/ndue_ukaj.jpg","contentUrl":"http:\/\/www.shkoder.net\/images\/fjala\/ndue_ukaj.jpg"},{"@type":"BreadcrumbList","@id":"https:\/\/fjala.info\/2009-2015\/the-freedom-of-poetry-liria-e-poezise\/#breadcrumb","itemListElement":[{"@type":"ListItem","position":1,"name":"Home","item":"https:\/\/fjala.info\/2009-2015\/"},{"@type":"ListItem","position":2,"name":"THE FREEDOM OF POETRY &#8211; Liria e poezis\u00eb"}]},{"@type":"WebSite","@id":"https:\/\/fjala.info\/2009-2015\/#website","url":"https:\/\/fjala.info\/2009-2015\/","name":"FjALA e LIR\u00cb - Arkivi","description":"Arkivi 2009-2015","publisher":{"@id":"https:\/\/fjala.info\/2009-2015\/#organization"},"potentialAction":[{"@type":"SearchAction","target":{"@type":"EntryPoint","urlTemplate":"https:\/\/fjala.info\/2009-2015\/?s={search_term_string}"},"query-input":{"@type":"PropertyValueSpecification","valueRequired":true,"valueName":"search_term_string"}}],"inLanguage":"sq-AL"},{"@type":"Organization","@id":"https:\/\/fjala.info\/2009-2015\/#organization","name":"FjALA e LIR\u00cb - Arkivi","url":"https:\/\/fjala.info\/2009-2015\/","logo":{"@type":"ImageObject","inLanguage":"sq-AL","@id":"https:\/\/fjala.info\/2009-2015\/#\/schema\/logo\/image\/","url":"","contentUrl":"","caption":"FjALA e LIR\u00cb - Arkivi"},"image":{"@id":"https:\/\/fjala.info\/2009-2015\/#\/schema\/logo\/image\/"}},{"@type":"Person","@id":"https:\/\/fjala.info\/2009-2015\/#\/schema\/person\/3aa1163ef05469c496fc94e77611ada2","name":"admin","image":{"@type":"ImageObject","inLanguage":"sq-AL","@id":"https:\/\/fjala.info\/2009-2015\/wp-content\/uploads\/2012\/02\/arben_cokaj-120x150.jpg","url":"https:\/\/fjala.info\/2009-2015\/wp-content\/uploads\/2012\/02\/arben_cokaj-120x150.jpg","contentUrl":"https:\/\/fjala.info\/2009-2015\/wp-content\/uploads\/2012\/02\/arben_cokaj-120x150.jpg","caption":"admin"},"description":"Admin, Fjala e Lir\u00eb","sameAs":["https:\/\/fjala.info\/"],"url":"https:\/\/fjala.info\/2009-2015\/author\/admin\/"}]}},"_links":{"self":[{"href":"https:\/\/fjala.info\/2009-2015\/wp-json\/wp\/v2\/posts\/3024","targetHints":{"allow":["GET"]}}],"collection":[{"href":"https:\/\/fjala.info\/2009-2015\/wp-json\/wp\/v2\/posts"}],"about":[{"href":"https:\/\/fjala.info\/2009-2015\/wp-json\/wp\/v2\/types\/post"}],"author":[{"embeddable":true,"href":"https:\/\/fjala.info\/2009-2015\/wp-json\/wp\/v2\/users\/1"}],"replies":[{"embeddable":true,"href":"https:\/\/fjala.info\/2009-2015\/wp-json\/wp\/v2\/comments?post=3024"}],"version-history":[{"count":0,"href":"https:\/\/fjala.info\/2009-2015\/wp-json\/wp\/v2\/posts\/3024\/revisions"}],"wp:attachment":[{"href":"https:\/\/fjala.info\/2009-2015\/wp-json\/wp\/v2\/media?parent=3024"}],"wp:term":[{"taxonomy":"category","embeddable":true,"href":"https:\/\/fjala.info\/2009-2015\/wp-json\/wp\/v2\/categories?post=3024"},{"taxonomy":"post_tag","embeddable":true,"href":"https:\/\/fjala.info\/2009-2015\/wp-json\/wp\/v2\/tags?post=3024"}],"curies":[{"name":"wp","href":"https:\/\/api.w.org\/{rel}","templated":true}]}}