{"id":3023,"date":"2010-06-17T07:15:08","date_gmt":"2010-06-17T06:15:08","guid":{"rendered":"http:\/\/fjala.shkoder.net\/?p=3023"},"modified":"2010-06-17T07:15:08","modified_gmt":"2010-06-17T06:15:08","slug":"kriza-dhe-koha-per-te-folur-troc","status":"publish","type":"post","link":"https:\/\/fjala.info\/2009-2015\/kriza-dhe-koha-per-te-folur-troc\/","title":{"rendered":"Kriza dhe koha p\u00ebr t\u00eb folur tro\u00e7"},"content":{"rendered":"<p><img decoding=\"async\" style=\"margin-left: 10px; margin-right: 10px; border: 0px;\" src=\"http:\/\/www.shkoder.net\/images\/fjala\/andrea_stefani.jpg\" border=\"0\" alt=\"Andrea Stefani\" width=\"100\" align=\"left\" \/><\/p>\n<p><strong>Andrea Stefani<\/strong><\/p>\n<p>Nj\u00eb tjet\u00ebr ultimatum ka mb\u00ebrritur nga Brukseli n\u00eb Tiran\u00eb. K\u00ebt\u00eb her\u00eb jan\u00eb ministrat e Jasht\u00ebm t\u00eb Bashkimit Europian q\u00eb \u201ck\u00ebrc\u00ebnojn\u00eb\u201d lider\u00ebt shqiptar\u00eb t\u00eb politik\u00ebs se \u201ctani \u00ebsht\u00eb koha e fundit p\u00ebr zgjidhjen\u201d. E fundit fare, fare? Apo do t\u00eb ket\u00eb p\u00ebrs\u00ebri nj\u00eb tjet\u00ebr koh\u00eb sikund\u00ebr ka ndodhur disa her\u00eb p\u00ebrgjat\u00eb k\u00ebtij viti? Pyesim k\u00ebshtu, sepse tani jemi n\u00eb qershor 2010, nd\u00ebrsa kriza filloi n\u00eb qershor 2009. Ka nj\u00eb vit q\u00eb shteti zvarritet n\u00eb kriz\u00eb, edhe p\u00ebr faktin se \u201cnd\u00ebrkomb\u00ebtar\u00ebt\u201d nuk kan\u00eb treguar vullnetin e duhur p\u00ebr t\u00eb v\u00ebn\u00eb pikat mbi \u201cI\u201d dhe p\u00ebr t\u2019i dh\u00ebn\u00eb secilit prej lider\u00ebve shqiptar\u00eb hakun. Si Sali Berish\u00ebs ashtu edhe Edi Ram\u00ebs. \u00cbsht\u00eb fakt se Shqip\u00ebria po devijon nga kursi evropian, p\u00ebr shkak t\u00eb klas\u00ebs politike dhe se rreziku i nj\u00eb izolimi t\u00eb dyt\u00eb nga Europa ka nxjerr\u00eb kok\u00ebn n\u00eb horizont.<\/p>\n<p>Po flitet m\u00eb me pak eufori p\u00ebr \u201cvizat\u201d, nd\u00ebrkoh\u00eb q\u00eb baronesha Ashton e ndjeu t\u00eb nevojshme t\u00eb n\u00ebnvizonte d\u00ebshir\u00ebn e saj \u201cq\u00eb Shqip\u00ebria t\u00eb jet\u00eb n\u00eb rrug\u00ebn e BE-s\u00eb\u201d. Nd\u00ebrkaq, p\u00ebrgjegj\u00ebsia e forcave politike, dhe mbi t\u00eb gjitha e lider\u00ebve t\u00eb tyre, p\u00ebr k\u00ebt\u00eb gjendje mjerane t\u00eb pun\u00ebve t\u00eb Shqip\u00ebris\u00eb nuk \u00ebsht\u00eb e nj\u00ebjt\u00eb. Prandaj t\u00eb flas\u00ebsh n\u00eb p\u00ebrgjith\u00ebsi p\u00ebr p\u00ebrgjegj\u00ebsin\u00eb e t\u00eb dyja pal\u00ebve p\u00ebr kriz\u00ebn dhe p\u00ebr zgjidhjen e munguar, pa th\u00ebn\u00eb sakt\u00eb se \u00e7\u2019\u00ebsht\u00eb mir\u00eb t\u00eb b\u00ebj\u00eb nj\u00ebri dhe \u00e7\u2019\u00ebsht\u00eb mir\u00eb t\u00eb b\u00ebj\u00eb tjetri, do t\u00eb thot\u00eb t\u2019i \u00e7lirosh t\u00eb gjitha pal\u00ebt p\u00ebrgjegj\u00ebse p\u00ebr kriz\u00ebn nga p\u00ebrgjegj\u00ebsia konkrete. Do t\u00eb thot\u00eb t\u2019u krijosh lider\u00ebve politik\u00eb rrethan\u00ebn ideale p\u00ebr alibin\u00eb e kriz\u00ebs, q\u00eb gjithkush t\u2019ia hedh\u00eb fajin p\u00ebr kriz\u00ebn kund\u00ebrshtarit dhe p\u00ebr rrjedhoj\u00eb, askush t\u00eb mos jet\u00eb i interesuar p\u00ebr stopimin e kriz\u00ebs. Prandaj n\u00ebse ka sot nj\u00eb moment final, ai \u00ebsht\u00eb momenti i t\u00eb folurit tro\u00e7. Edhe p\u00ebr \u201cnd\u00ebrkomb\u00ebtar\u00ebt\u201d.<\/p>\n<p style=\"text-align: center;\">* * *<\/p>\n<p>P\u00ebrgjegj\u00ebsia e liderit socialist p\u00ebr kriz\u00ebn sa rraskapit\u00ebse aq edhe t\u00eb rrezikshme q\u00eb vuan sot Shqip\u00ebria, shtrihet n\u00eb gjith\u00eb periudh\u00ebn nga tragjedia e G\u00ebrdecit dhe deri n\u00eb zgjedhjet e 28 qershorit. \u00cbsht\u00eb periudha e err\u00ebt kur opozita n\u00eb em\u00ebr t\u00eb nj\u00eb \u201cstabiliteti\u201d fals, toleroi dhe nuk k\u00ebmb\u00ebnguli deri n\u00eb fund (sikund\u00ebr po k\u00ebmb\u00ebngul me t\u00eb drejt\u00eb sot p\u00ebr kutit\u00eb) p\u00ebr nd\u00ebshkimin, fillimisht politik, t\u00eb qeveris\u00eb p\u00ebr masakr\u00ebn e G\u00ebrdecit, q\u00eb qartazi ishte vep\u00ebr e duarve t\u00eb saj t\u00eb p\u00ebrlyera me trafiqe arm\u00ebsh e municionesh. Opozita dhe Rama toleruan Berish\u00ebn, edhe pse ishte e qart\u00eb, se sikund\u00ebr thoshte me t\u00eb drejt\u00eb Ilir Meta n\u00eb at\u00eb koh\u00eb (dhe prandaj kjo bashk\u00ebqeverisje sot me Berish\u00ebn \u00ebsht\u00eb nj\u00eb turp p\u00ebr t\u00eb) se pa u larguar Berisha nga pushteti nuk mund t\u00eb ket\u00eb hetim t\u00eb v\u00ebrtet\u00eb dhe drejt\u00ebsi p\u00ebr t\u00eb vrar\u00ebt e G\u00ebrdecit.<\/p>\n<p>Sot Meta, si z\u00ebvend\u00ebs i Berish\u00ebs, po jep kontribut q\u00eb th\u00ebnia e tij e djeshme t\u00eb gjej\u00eb zbatim t\u00eb plot\u00eb, pra q\u00eb t\u00eb mos ket\u00eb drejt\u00ebsi p\u00ebr G\u00ebrdecin. Paradoksalisht Berisha doli m\u00eb i fort\u00eb nga \u201cG\u00ebrdeci\u201d, edhe sepse n\u00eb vend q\u00eb t\u00eb k\u00ebrkonte me ngulm largimin e Berish\u00ebs sikund\u00ebr dhe e meritonte, Rama iu fut reformave \u201chistorike\u201d n\u00eb konsensus me t\u00eb. Ndryshoi Kushtetut\u00ebn e Republik\u00ebs pa transparenc\u00eb (pa at\u00eb q\u00eb me t\u00eb drejt\u00eb e k\u00ebrkon sot) \u201cbrenda nat\u00ebs\u201d, duke jo vet\u00ebm e rilegjitimuar Berish\u00ebn si \u201cnjeri t\u00eb reformave\u201d, por edhe duke e b\u00ebr\u00eb t\u00eb pathyesh\u00ebm si Kryeminist\u00ebr.<\/p>\n<p>N\u00eb fakt Rama ka nj\u00eb vit q\u00eb sulmon pik\u00ebrisht ato fortifikata kryeministrore q\u00eb u ngrit\u00ebn edhe me kontributin e tij. Por, mbi t\u00eb gjitha, Rama dhe \u201cspecialist\u00ebt\u201d pran\u00eb tij q\u00eb sot e kritikojn\u00eb p\u00ebr disfat\u00ebn, u treguan t\u00eb pakujdessh\u00ebm n\u00eb hartimin e Kodit Zgjedhor, duke lejuar t\u00eb \u00e7ara n\u00eb formulime, t\u00eb \u00e7ara q\u00eb do t\u00eb b\u00ebheshin m\u00eb pas edhe alibia \u201cligjore\u201d e berishist\u00ebve p\u00ebr t\u00eb penguar transparenc\u00ebn \u201cme ligj\u201d.<\/p>\n<p style=\"text-align: center;\">* * *<\/p>\n<p>Por nd\u00ebrsa p\u00ebrgjegj\u00ebsia e socialist\u00ebve p\u00ebr kriz\u00ebn shtrihet n\u00eb gjith\u00eb periudh\u00ebn parazgjedhore, e gjith\u00eb p\u00ebrgjegj\u00ebsia p\u00ebr periudh\u00ebn postzgjedhore lidhet me emrin e Kryeministrit Berisha. Ky i fundit \u00ebsht\u00eb bashkautor p\u00ebr kriz\u00ebn n\u00eb periudh\u00ebn para zgjedhjeve, nd\u00ebrkoh\u00eb q\u00eb ruan ekskluzivitetin e p\u00ebrgjegj\u00ebsis\u00eb nga 28 qershori e deri m\u00eb sot. Gjithmon\u00eb kryeautor i krizave n\u00eb k\u00ebto 20 vjet, Berisha nuk mund t\u00eb b\u00ebnte ndryshe edhe k\u00ebt\u00eb her\u00eb. Nd\u00ebrsa shihej qart\u00eb se votat po peshonin m\u00eb n\u00eb shumic\u00eb majtas ai vaiste, tamam si dikur m\u00eb 26 maj 1996, n\u00eb heshtje dhe prapasken\u00eb punishten e vjedhjes s\u00eb votave. Teknika e maskimit \u00ebsht\u00eb po ajo e punishtes s\u00eb heshtur t\u00eb G\u00ebrdecit q\u00eb kur shp\u00ebrtheu, trandi gjith\u00eb Ballkanin.<\/p>\n<p>Edhe punishtja e vjedhjes s\u00eb votave hodhi n\u00eb er\u00eb zgjedhjet dhe sot rrezikon t\u00eb hedh\u00eb n\u00eb er\u00eb edhe integrimin e Shqip\u00ebris\u00eb. Ishte po Berisha q\u00eb deklaroi se nuk dinte gj\u00eb p\u00ebr punishten e G\u00ebrdecit, megjith\u00ebse i biri k\u00ebmbente telefonata me Delijorgjin (rast\u00ebsi?), nd\u00ebrkoh\u00eb q\u00eb edhe baxhanaku i Kryeministrit, q\u00eb humbi jet\u00ebn dit\u00ebn e shp\u00ebrthimit, rezultoi t\u00eb ishte nj\u00eb nga mbik\u00ebqyr\u00ebsit e punishtes (p\u00ebrs\u00ebri rast\u00ebsi?). Sot \u00ebsht\u00eb po Berisha q\u00eb deklaron se nuk di gj\u00eb p\u00ebr ekzistenc\u00ebn e ndonj\u00eb \u201cpunishteje\u201d t\u00eb vjedhjes s\u00eb votave.<\/p>\n<p>Por ka harruar th\u00ebnien latine se injoranca nuk \u00ebsht\u00eb argument. Aq m\u00eb tep\u00ebr injoranca e shtirur. Sepse n\u00ebse v\u00ebrtet Berisha nuk do t\u00eb kish vjedhur vota, n\u00ebse v\u00ebrtet do kish fituar me an\u00eb t\u00eb ca zgjedhjeve q\u00eb ai i deklaron m\u00eb t\u00eb mirat e tranzicionit, nuk do t\u00eb kishte as ligj dhe as Kushtetut\u00eb q\u00eb ta pengonte at\u00eb t\u00eb kryente transparenc\u00ebn dhe t\u2019i jepte rivalit t\u00eb tij m\u00eb t\u00eb rreziksh\u00ebm sot, Edi Ram\u00ebs, nj\u00eb goditje shkat\u00ebrruese. T\u00eb gjith\u00eb e din\u00eb se e vetmja gj\u00eb q\u00eb e mbajti Ram\u00ebn n\u00eb krye t\u00eb PS-s\u00eb pas 28 qershorit \u00ebsht\u00eb pretendimi se ai nuk i ka humbur zgjedhjet dhe se votat jan\u00eb vjedhur.<\/p>\n<p>Dhe statuti i PS-s\u00eb thot\u00eb q\u00eb lideri largohet n\u00ebse humb zgjedhjet. Statuti nuk thot\u00eb q\u00eb lideri largohet edhe kur kund\u00ebrshtari vjedh zgjedhjet. Prandaj n\u00ebse transparenca do konfirmonte se zgjedhjet nuk u vodh\u00ebn, por ishte PS-ja q\u00eb humbi, Edi Ram\u00ebs nuk i mbetej gj\u00eb tjet\u00ebr ve\u00e7 se t\u00eb linte karrigen e kreut t\u00eb PS-s\u00eb. Por kjo nuk ndodhi. P\u00ebrse? P\u00ebrgjigjja \u00ebsht\u00eb evidente. Ajo nuk i volit Berish\u00ebs ashtu sikund\u00ebr nuk i volit \u00e7do vjedh\u00ebsi.<\/p>\n<p>Transparenca do nxirrte vjedhjen e votave. Si n\u00eb Ruzhdie. Prandaj Berisha, ky agresor i palodhur i Kushtetut\u00ebs dhe i gjykatave, e pengon at\u00eb duke nxjerr\u00eb si alibi Kushtetut\u00ebn dhe gjykatat. Ka nj\u00eb vit q\u00eb vazhdon ky teat\u00ebr absurd, ku Kushtetuta, si n\u00eb asnj\u00eb vend demokratik n\u00eb bot\u00eb, b\u00ebhet penges\u00eb p\u00ebr nj\u00eb parim kushtetues si transparenca. \u201cNd\u00ebrkomb\u00ebtar\u00ebt\u201d kan\u00eb p\u00ebrgjegj\u00ebsi q\u00eb prej nj\u00eb viti b\u00ebjn\u00eb sikur nuk kuptojn\u00eb se e gjith\u00eb kjo \u00ebsht\u00eb nj\u00eb inskenim i Berish\u00ebs q\u00eb kombinon kapjen e nj\u00eb kolegji zgjedhor me vjedhjen e vot\u00ebs.<\/p>\n<p>\u00cbsht\u00eb rasti i r\u00ebndomt\u00eb dhe i kudondodhur kur nj\u00eb gjykat\u00eb ka marr\u00eb vendim n\u00eb favor t\u00eb nj\u00eb vjedh\u00ebsi dhe prandaj nuk duhet shenjt\u00ebruar sikund\u00ebr k\u00ebrkon t\u00eb b\u00ebj\u00eb Berisha. Dhe megjithat\u00eb, ekzistojn\u00eb disa opsione q\u00eb edhe ekzigjenca e Berish\u00ebs p\u00ebr \u201cpavar\u00ebsin\u00eb e gjyq\u00ebsorit\u201d t\u00eb mos preket, q\u00eb edhe vendimi i Kolegjit t\u00eb Berish\u00ebs t\u00eb mos preket, por edhe transparenca e zgjedhjeve t\u00eb kryhet.<\/p>\n<p>Nj\u00eb nd\u00ebr to \u00ebsht\u00eb edhe opsioni i formuluar p\u00ebr her\u00eb t\u00eb par\u00eb n\u00eb publik nga ambasadori i OSBE-s\u00eb, Bosch, dhe t\u00eb cilit, sikund\u00ebr thon\u00eb, i p\u00ebrfarohet edhe nisma Daul dhe Shulz. N\u00ebse, m\u00eb n\u00eb fund, \u201cnd\u00ebrkomb\u00ebtar\u00ebt\u201d k\u00ebmb\u00ebngulin p\u00ebr nj\u00eb opsion t\u00eb till\u00eb q\u00eb \u00e7on te transparenca, zgjidhja \u00ebsht\u00eb af\u00ebr. Por n\u00ebse ata do t\u00eb tolerojn\u00eb p\u00ebrs\u00ebri nj\u00eb Berish\u00eb q\u00eb i v\u00eb paradoksalisht si barrier\u00eb transparenc\u00ebs s\u00eb votave Kushtetut\u00ebn, at\u00ebher\u00eb kriza nuk do t\u00eb ket\u00eb fund edhe k\u00ebt\u00eb her\u00eb. Dhe do t\u00eb jet\u00eb i k\u00ebrc\u00ebnuar jo vet\u00ebm integrimi i Shqip\u00ebris\u00eb, por edhe stabiliteti i saj.<\/p>\n","protected":false},"excerpt":{"rendered":"<p>Andrea Stefani Nj\u00eb tjet\u00ebr ultimatum ka mb\u00ebrritur nga Brukseli n\u00eb Tiran\u00eb. K\u00ebt\u00eb her\u00eb jan\u00eb ministrat e Jasht\u00ebm t\u00eb Bashkimit Europian q\u00eb \u201ck\u00ebrc\u00ebnojn\u00eb\u201d lider\u00ebt shqiptar\u00eb t\u00eb politik\u00ebs se \u201ctani \u00ebsht\u00eb koha e fundit p\u00ebr zgjidhjen\u201d. E fundit fare, fare? Apo do t\u00eb ket\u00eb p\u00ebrs\u00ebri nj\u00eb tjet\u00ebr koh\u00eb sikund\u00ebr ka ndodhur disa her\u00eb p\u00ebrgjat\u00eb k\u00ebtij viti? Pyesim [&hellip;]<\/p>\n","protected":false},"author":1,"featured_media":0,"comment_status":"open","ping_status":"closed","sticky":false,"template":"","format":"standard","meta":{"footnotes":""},"categories":[2],"tags":[],"class_list":{"0":"post-3023","1":"post","2":"type-post","3":"status-publish","4":"format-standard","6":"category-artikuj"},"yoast_head":"<!-- This site is optimized with the Yoast SEO plugin v27.4 - https:\/\/yoast.com\/product\/yoast-seo-wordpress\/ -->\n<title>Kriza dhe koha p\u00ebr t\u00eb folur tro\u00e7 - FjALA e LIR\u00cb - Arkivi<\/title>\n<meta name=\"robots\" content=\"index, follow, max-snippet:-1, max-image-preview:large, max-video-preview:-1\" \/>\n<link rel=\"canonical\" href=\"https:\/\/fjala.info\/2009-2015\/kriza-dhe-koha-per-te-folur-troc\/\" \/>\n<meta property=\"og:locale\" content=\"sq_AL\" \/>\n<meta property=\"og:type\" content=\"article\" \/>\n<meta property=\"og:title\" content=\"Kriza dhe koha p\u00ebr t\u00eb folur tro\u00e7 - FjALA e LIR\u00cb - Arkivi\" \/>\n<meta property=\"og:description\" content=\"Andrea Stefani Nj\u00eb tjet\u00ebr ultimatum ka mb\u00ebrritur nga Brukseli n\u00eb Tiran\u00eb. K\u00ebt\u00eb her\u00eb jan\u00eb ministrat e Jasht\u00ebm t\u00eb Bashkimit Europian q\u00eb \u201ck\u00ebrc\u00ebnojn\u00eb\u201d lider\u00ebt shqiptar\u00eb t\u00eb politik\u00ebs se \u201ctani \u00ebsht\u00eb koha e fundit p\u00ebr zgjidhjen\u201d. E fundit fare, fare? Apo do t\u00eb ket\u00eb p\u00ebrs\u00ebri nj\u00eb tjet\u00ebr koh\u00eb sikund\u00ebr ka ndodhur disa her\u00eb p\u00ebrgjat\u00eb k\u00ebtij viti? Pyesim [&hellip;]\" \/>\n<meta property=\"og:url\" content=\"https:\/\/fjala.info\/2009-2015\/kriza-dhe-koha-per-te-folur-troc\/\" \/>\n<meta property=\"og:site_name\" content=\"FjALA e LIR\u00cb - Arkivi\" \/>\n<meta property=\"article:published_time\" content=\"2010-06-17T06:15:08+00:00\" \/>\n<meta property=\"og:image\" content=\"http:\/\/www.shkoder.net\/images\/fjala\/andrea_stefani.jpg\" \/>\n<meta name=\"author\" content=\"admin\" \/>\n<meta name=\"twitter:card\" content=\"summary_large_image\" \/>\n<meta name=\"twitter:label1\" content=\"Written by\" \/>\n\t<meta name=\"twitter:data1\" content=\"admin\" \/>\n\t<meta name=\"twitter:label2\" content=\"Est. reading time\" \/>\n\t<meta name=\"twitter:data2\" content=\"7 minutes\" \/>\n<script type=\"application\/ld+json\" class=\"yoast-schema-graph\">{\"@context\":\"https:\\\/\\\/schema.org\",\"@graph\":[{\"@type\":\"Article\",\"@id\":\"https:\\\/\\\/fjala.info\\\/2009-2015\\\/kriza-dhe-koha-per-te-folur-troc\\\/#article\",\"isPartOf\":{\"@id\":\"https:\\\/\\\/fjala.info\\\/2009-2015\\\/kriza-dhe-koha-per-te-folur-troc\\\/\"},\"author\":{\"name\":\"admin\",\"@id\":\"https:\\\/\\\/fjala.info\\\/2009-2015\\\/#\\\/schema\\\/person\\\/3aa1163ef05469c496fc94e77611ada2\"},\"headline\":\"Kriza dhe koha p\u00ebr t\u00eb folur tro\u00e7\",\"datePublished\":\"2010-06-17T06:15:08+00:00\",\"mainEntityOfPage\":{\"@id\":\"https:\\\/\\\/fjala.info\\\/2009-2015\\\/kriza-dhe-koha-per-te-folur-troc\\\/\"},\"wordCount\":1475,\"commentCount\":0,\"publisher\":{\"@id\":\"https:\\\/\\\/fjala.info\\\/2009-2015\\\/#organization\"},\"image\":{\"@id\":\"https:\\\/\\\/fjala.info\\\/2009-2015\\\/kriza-dhe-koha-per-te-folur-troc\\\/#primaryimage\"},\"thumbnailUrl\":\"http:\\\/\\\/www.shkoder.net\\\/images\\\/fjala\\\/andrea_stefani.jpg\",\"articleSection\":[\"Artikuj\"],\"inLanguage\":\"sq-AL\",\"potentialAction\":[{\"@type\":\"CommentAction\",\"name\":\"Comment\",\"target\":[\"https:\\\/\\\/fjala.info\\\/2009-2015\\\/kriza-dhe-koha-per-te-folur-troc\\\/#respond\"]}]},{\"@type\":\"WebPage\",\"@id\":\"https:\\\/\\\/fjala.info\\\/2009-2015\\\/kriza-dhe-koha-per-te-folur-troc\\\/\",\"url\":\"https:\\\/\\\/fjala.info\\\/2009-2015\\\/kriza-dhe-koha-per-te-folur-troc\\\/\",\"name\":\"Kriza dhe koha p\u00ebr t\u00eb folur tro\u00e7 - FjALA e LIR\u00cb - Arkivi\",\"isPartOf\":{\"@id\":\"https:\\\/\\\/fjala.info\\\/2009-2015\\\/#website\"},\"primaryImageOfPage\":{\"@id\":\"https:\\\/\\\/fjala.info\\\/2009-2015\\\/kriza-dhe-koha-per-te-folur-troc\\\/#primaryimage\"},\"image\":{\"@id\":\"https:\\\/\\\/fjala.info\\\/2009-2015\\\/kriza-dhe-koha-per-te-folur-troc\\\/#primaryimage\"},\"thumbnailUrl\":\"http:\\\/\\\/www.shkoder.net\\\/images\\\/fjala\\\/andrea_stefani.jpg\",\"datePublished\":\"2010-06-17T06:15:08+00:00\",\"breadcrumb\":{\"@id\":\"https:\\\/\\\/fjala.info\\\/2009-2015\\\/kriza-dhe-koha-per-te-folur-troc\\\/#breadcrumb\"},\"inLanguage\":\"sq-AL\",\"potentialAction\":[{\"@type\":\"ReadAction\",\"target\":[\"https:\\\/\\\/fjala.info\\\/2009-2015\\\/kriza-dhe-koha-per-te-folur-troc\\\/\"]}]},{\"@type\":\"ImageObject\",\"inLanguage\":\"sq-AL\",\"@id\":\"https:\\\/\\\/fjala.info\\\/2009-2015\\\/kriza-dhe-koha-per-te-folur-troc\\\/#primaryimage\",\"url\":\"http:\\\/\\\/www.shkoder.net\\\/images\\\/fjala\\\/andrea_stefani.jpg\",\"contentUrl\":\"http:\\\/\\\/www.shkoder.net\\\/images\\\/fjala\\\/andrea_stefani.jpg\"},{\"@type\":\"BreadcrumbList\",\"@id\":\"https:\\\/\\\/fjala.info\\\/2009-2015\\\/kriza-dhe-koha-per-te-folur-troc\\\/#breadcrumb\",\"itemListElement\":[{\"@type\":\"ListItem\",\"position\":1,\"name\":\"Home\",\"item\":\"https:\\\/\\\/fjala.info\\\/2009-2015\\\/\"},{\"@type\":\"ListItem\",\"position\":2,\"name\":\"Kriza dhe koha p\u00ebr t\u00eb folur tro\u00e7\"}]},{\"@type\":\"WebSite\",\"@id\":\"https:\\\/\\\/fjala.info\\\/2009-2015\\\/#website\",\"url\":\"https:\\\/\\\/fjala.info\\\/2009-2015\\\/\",\"name\":\"FjALA e LIR\u00cb - Arkivi\",\"description\":\"Arkivi 2009-2015\",\"publisher\":{\"@id\":\"https:\\\/\\\/fjala.info\\\/2009-2015\\\/#organization\"},\"potentialAction\":[{\"@type\":\"SearchAction\",\"target\":{\"@type\":\"EntryPoint\",\"urlTemplate\":\"https:\\\/\\\/fjala.info\\\/2009-2015\\\/?s={search_term_string}\"},\"query-input\":{\"@type\":\"PropertyValueSpecification\",\"valueRequired\":true,\"valueName\":\"search_term_string\"}}],\"inLanguage\":\"sq-AL\"},{\"@type\":\"Organization\",\"@id\":\"https:\\\/\\\/fjala.info\\\/2009-2015\\\/#organization\",\"name\":\"FjALA e LIR\u00cb - Arkivi\",\"url\":\"https:\\\/\\\/fjala.info\\\/2009-2015\\\/\",\"logo\":{\"@type\":\"ImageObject\",\"inLanguage\":\"sq-AL\",\"@id\":\"https:\\\/\\\/fjala.info\\\/2009-2015\\\/#\\\/schema\\\/logo\\\/image\\\/\",\"url\":\"\",\"contentUrl\":\"\",\"caption\":\"FjALA e LIR\u00cb - Arkivi\"},\"image\":{\"@id\":\"https:\\\/\\\/fjala.info\\\/2009-2015\\\/#\\\/schema\\\/logo\\\/image\\\/\"}},{\"@type\":\"Person\",\"@id\":\"https:\\\/\\\/fjala.info\\\/2009-2015\\\/#\\\/schema\\\/person\\\/3aa1163ef05469c496fc94e77611ada2\",\"name\":\"admin\",\"image\":{\"@type\":\"ImageObject\",\"inLanguage\":\"sq-AL\",\"@id\":\"https:\\\/\\\/fjala.info\\\/2009-2015\\\/wp-content\\\/uploads\\\/2012\\\/02\\\/arben_cokaj-120x150.jpg\",\"url\":\"https:\\\/\\\/fjala.info\\\/2009-2015\\\/wp-content\\\/uploads\\\/2012\\\/02\\\/arben_cokaj-120x150.jpg\",\"contentUrl\":\"https:\\\/\\\/fjala.info\\\/2009-2015\\\/wp-content\\\/uploads\\\/2012\\\/02\\\/arben_cokaj-120x150.jpg\",\"caption\":\"admin\"},\"description\":\"Admin, Fjala e Lir\u00eb\",\"sameAs\":[\"https:\\\/\\\/fjala.info\\\/\"],\"url\":\"https:\\\/\\\/fjala.info\\\/2009-2015\\\/author\\\/admin\\\/\"}]}<\/script>\n<!-- \/ Yoast SEO plugin. -->","yoast_head_json":{"title":"Kriza dhe koha p\u00ebr t\u00eb folur tro\u00e7 - FjALA e LIR\u00cb - Arkivi","robots":{"index":"index","follow":"follow","max-snippet":"max-snippet:-1","max-image-preview":"max-image-preview:large","max-video-preview":"max-video-preview:-1"},"canonical":"https:\/\/fjala.info\/2009-2015\/kriza-dhe-koha-per-te-folur-troc\/","og_locale":"sq_AL","og_type":"article","og_title":"Kriza dhe koha p\u00ebr t\u00eb folur tro\u00e7 - FjALA e LIR\u00cb - Arkivi","og_description":"Andrea Stefani Nj\u00eb tjet\u00ebr ultimatum ka mb\u00ebrritur nga Brukseli n\u00eb Tiran\u00eb. K\u00ebt\u00eb her\u00eb jan\u00eb ministrat e Jasht\u00ebm t\u00eb Bashkimit Europian q\u00eb \u201ck\u00ebrc\u00ebnojn\u00eb\u201d lider\u00ebt shqiptar\u00eb t\u00eb politik\u00ebs se \u201ctani \u00ebsht\u00eb koha e fundit p\u00ebr zgjidhjen\u201d. E fundit fare, fare? Apo do t\u00eb ket\u00eb p\u00ebrs\u00ebri nj\u00eb tjet\u00ebr koh\u00eb sikund\u00ebr ka ndodhur disa her\u00eb p\u00ebrgjat\u00eb k\u00ebtij viti? Pyesim [&hellip;]","og_url":"https:\/\/fjala.info\/2009-2015\/kriza-dhe-koha-per-te-folur-troc\/","og_site_name":"FjALA e LIR\u00cb - Arkivi","article_published_time":"2010-06-17T06:15:08+00:00","og_image":[{"url":"http:\/\/www.shkoder.net\/images\/fjala\/andrea_stefani.jpg","type":"","width":"","height":""}],"author":"admin","twitter_card":"summary_large_image","twitter_misc":{"Written by":"admin","Est. reading time":"7 minutes"},"schema":{"@context":"https:\/\/schema.org","@graph":[{"@type":"Article","@id":"https:\/\/fjala.info\/2009-2015\/kriza-dhe-koha-per-te-folur-troc\/#article","isPartOf":{"@id":"https:\/\/fjala.info\/2009-2015\/kriza-dhe-koha-per-te-folur-troc\/"},"author":{"name":"admin","@id":"https:\/\/fjala.info\/2009-2015\/#\/schema\/person\/3aa1163ef05469c496fc94e77611ada2"},"headline":"Kriza dhe koha p\u00ebr t\u00eb folur tro\u00e7","datePublished":"2010-06-17T06:15:08+00:00","mainEntityOfPage":{"@id":"https:\/\/fjala.info\/2009-2015\/kriza-dhe-koha-per-te-folur-troc\/"},"wordCount":1475,"commentCount":0,"publisher":{"@id":"https:\/\/fjala.info\/2009-2015\/#organization"},"image":{"@id":"https:\/\/fjala.info\/2009-2015\/kriza-dhe-koha-per-te-folur-troc\/#primaryimage"},"thumbnailUrl":"http:\/\/www.shkoder.net\/images\/fjala\/andrea_stefani.jpg","articleSection":["Artikuj"],"inLanguage":"sq-AL","potentialAction":[{"@type":"CommentAction","name":"Comment","target":["https:\/\/fjala.info\/2009-2015\/kriza-dhe-koha-per-te-folur-troc\/#respond"]}]},{"@type":"WebPage","@id":"https:\/\/fjala.info\/2009-2015\/kriza-dhe-koha-per-te-folur-troc\/","url":"https:\/\/fjala.info\/2009-2015\/kriza-dhe-koha-per-te-folur-troc\/","name":"Kriza dhe koha p\u00ebr t\u00eb folur tro\u00e7 - FjALA e LIR\u00cb - Arkivi","isPartOf":{"@id":"https:\/\/fjala.info\/2009-2015\/#website"},"primaryImageOfPage":{"@id":"https:\/\/fjala.info\/2009-2015\/kriza-dhe-koha-per-te-folur-troc\/#primaryimage"},"image":{"@id":"https:\/\/fjala.info\/2009-2015\/kriza-dhe-koha-per-te-folur-troc\/#primaryimage"},"thumbnailUrl":"http:\/\/www.shkoder.net\/images\/fjala\/andrea_stefani.jpg","datePublished":"2010-06-17T06:15:08+00:00","breadcrumb":{"@id":"https:\/\/fjala.info\/2009-2015\/kriza-dhe-koha-per-te-folur-troc\/#breadcrumb"},"inLanguage":"sq-AL","potentialAction":[{"@type":"ReadAction","target":["https:\/\/fjala.info\/2009-2015\/kriza-dhe-koha-per-te-folur-troc\/"]}]},{"@type":"ImageObject","inLanguage":"sq-AL","@id":"https:\/\/fjala.info\/2009-2015\/kriza-dhe-koha-per-te-folur-troc\/#primaryimage","url":"http:\/\/www.shkoder.net\/images\/fjala\/andrea_stefani.jpg","contentUrl":"http:\/\/www.shkoder.net\/images\/fjala\/andrea_stefani.jpg"},{"@type":"BreadcrumbList","@id":"https:\/\/fjala.info\/2009-2015\/kriza-dhe-koha-per-te-folur-troc\/#breadcrumb","itemListElement":[{"@type":"ListItem","position":1,"name":"Home","item":"https:\/\/fjala.info\/2009-2015\/"},{"@type":"ListItem","position":2,"name":"Kriza dhe koha p\u00ebr t\u00eb folur tro\u00e7"}]},{"@type":"WebSite","@id":"https:\/\/fjala.info\/2009-2015\/#website","url":"https:\/\/fjala.info\/2009-2015\/","name":"FjALA e LIR\u00cb - Arkivi","description":"Arkivi 2009-2015","publisher":{"@id":"https:\/\/fjala.info\/2009-2015\/#organization"},"potentialAction":[{"@type":"SearchAction","target":{"@type":"EntryPoint","urlTemplate":"https:\/\/fjala.info\/2009-2015\/?s={search_term_string}"},"query-input":{"@type":"PropertyValueSpecification","valueRequired":true,"valueName":"search_term_string"}}],"inLanguage":"sq-AL"},{"@type":"Organization","@id":"https:\/\/fjala.info\/2009-2015\/#organization","name":"FjALA e LIR\u00cb - Arkivi","url":"https:\/\/fjala.info\/2009-2015\/","logo":{"@type":"ImageObject","inLanguage":"sq-AL","@id":"https:\/\/fjala.info\/2009-2015\/#\/schema\/logo\/image\/","url":"","contentUrl":"","caption":"FjALA e LIR\u00cb - Arkivi"},"image":{"@id":"https:\/\/fjala.info\/2009-2015\/#\/schema\/logo\/image\/"}},{"@type":"Person","@id":"https:\/\/fjala.info\/2009-2015\/#\/schema\/person\/3aa1163ef05469c496fc94e77611ada2","name":"admin","image":{"@type":"ImageObject","inLanguage":"sq-AL","@id":"https:\/\/fjala.info\/2009-2015\/wp-content\/uploads\/2012\/02\/arben_cokaj-120x150.jpg","url":"https:\/\/fjala.info\/2009-2015\/wp-content\/uploads\/2012\/02\/arben_cokaj-120x150.jpg","contentUrl":"https:\/\/fjala.info\/2009-2015\/wp-content\/uploads\/2012\/02\/arben_cokaj-120x150.jpg","caption":"admin"},"description":"Admin, Fjala e Lir\u00eb","sameAs":["https:\/\/fjala.info\/"],"url":"https:\/\/fjala.info\/2009-2015\/author\/admin\/"}]}},"_links":{"self":[{"href":"https:\/\/fjala.info\/2009-2015\/wp-json\/wp\/v2\/posts\/3023","targetHints":{"allow":["GET"]}}],"collection":[{"href":"https:\/\/fjala.info\/2009-2015\/wp-json\/wp\/v2\/posts"}],"about":[{"href":"https:\/\/fjala.info\/2009-2015\/wp-json\/wp\/v2\/types\/post"}],"author":[{"embeddable":true,"href":"https:\/\/fjala.info\/2009-2015\/wp-json\/wp\/v2\/users\/1"}],"replies":[{"embeddable":true,"href":"https:\/\/fjala.info\/2009-2015\/wp-json\/wp\/v2\/comments?post=3023"}],"version-history":[{"count":0,"href":"https:\/\/fjala.info\/2009-2015\/wp-json\/wp\/v2\/posts\/3023\/revisions"}],"wp:attachment":[{"href":"https:\/\/fjala.info\/2009-2015\/wp-json\/wp\/v2\/media?parent=3023"}],"wp:term":[{"taxonomy":"category","embeddable":true,"href":"https:\/\/fjala.info\/2009-2015\/wp-json\/wp\/v2\/categories?post=3023"},{"taxonomy":"post_tag","embeddable":true,"href":"https:\/\/fjala.info\/2009-2015\/wp-json\/wp\/v2\/tags?post=3023"}],"curies":[{"name":"wp","href":"https:\/\/api.w.org\/{rel}","templated":true}]}}