{"id":3019,"date":"2012-05-30T09:31:55","date_gmt":"2012-05-30T08:31:55","guid":{"rendered":"http:\/\/www.fjala.info\/?p=3019"},"modified":"2012-05-30T09:31:55","modified_gmt":"2012-05-30T08:31:55","slug":"vizita-e-topit-ne-kuvajt-emiri-jep-5-5-milion-euro-per-sheshin-skenderbej","status":"publish","type":"post","link":"https:\/\/fjala.info\/2009-2015\/vizita-e-topit-ne-kuvajt-emiri-jep-5-5-milion-euro-per-sheshin-skenderbej\/","title":{"rendered":"Vizita e Topit n\u00eb Kuvajt, emiri jep 5.5 milion euro p\u00ebr Sheshin Sk\u00ebnderbej"},"content":{"rendered":"<p><img decoding=\"async\" class=\"alignright size-thumbnail wp-image-7236\" title=\"Topi - Emiri i Kuvajtit\" src=\"http:\/\/www.fjala.info\/2012\/topi_emiri.jpg\" alt=\"\" width=\"300\" \/> <strong>TemA<\/strong>, <em>29 Maj 2012<\/em><\/p>\n<p>N\u00ebse do t\u00eb tregoheshim pak cinik\u00eb, mund t\u00eb thonim se emiri i Kuvajtit e pagoi shtrenjt\u00eb dekorat\u00ebn q\u00eb i dha atij Presidenti i Republik\u00ebs, Bamir Topi: plot 5.5 milion\u00eb euro.<\/p>\n<p>N\u00eb fakt, parat\u00eb emiri nuk i dha p\u00ebr Presidentin apo institucionin e Presidenc\u00ebs, por p\u00ebr Bashkin\u00eb e Tiran\u00ebs, si k\u00ebst i dyt\u00eb p\u00ebr rikonstruksionin e sheshit Sk\u00ebnderbej. Nj\u00eb gjest ky i emirit q\u00eb pritej pas dark\u00ebs shtet\u00ebrore t\u00eb shtruar prej tij, ku ishin ftuar t\u00eb 64 ambasadoret e trupit diplomatik t\u00eb akredituar n\u00eb Kuvajt Siti.<\/p>\n<p>Kur solli n\u00eb Tiran\u00eb n\u00eb prill t\u00eb 2008-\u00ebs nj\u00eb \u00e7ek prej 4 milion dollar\u00ebsh p\u00ebr familjet e viktimave t\u00eb G\u00ebrdecit, emiri, n\u00ebp\u00ebrmjet t\u00eb d\u00ebrguarve t\u00eb tij ia dor\u00ebzoi \u00e7ekun Presidentit, q\u00eb e dor\u00ebzoi k\u00ebt\u00eb shum\u00eb n\u00eb llogarin\u00eb bankare t\u00eb hapur p\u00ebr viktimat e G\u00ebrdecit.<\/p>\n<p>Por, ky ishte nj\u00eb veprim personal i emirit. K\u00ebsaj here, emiri implikoi qeverin\u00eb, e cila u mblodh t\u00eb mart\u00ebn paradite dhe e mori vendimin gjat\u00eb koh\u00ebs q\u00eb presidenti Bamir Topi ndodhej ende n\u00eb Kuvajt.<\/p>\n<p>Presidenti Topi k\u00ebmb\u00ebnguli n\u00eb nj\u00eb p\u00ebrfshirje t\u00eb qeveris\u00eb dhe t\u00eb biznesit kuvajtjan n\u00eb Shqip\u00ebri edhe n\u00eb takimet e ngjeshura t\u00eb dit\u00ebs s\u00eb dyt\u00eb t\u00eb vizit\u00ebs s\u00eb tij, ku u takua me z\u00ebvend\u00ebskryeministrin, Sheikun Al-Kalid Al-Sabah, ministrat e Arsimit dhe Sh\u00ebndet\u00ebsis\u00eb, me Kryetarin e Dhom\u00ebs s\u00eb Tregtis\u00eb, drejtuesit e kompanis\u00eb m\u00eb t\u00eb madhe kuvajtiane \u201cAlimtiaz Investment Group\u201d dhe Drejtuesin e Fondit Kuvajtian t\u00eb Zhvillimit.<\/p>\n<p>Pyetja q\u00eb mund t\u00eb shtrohet pa hezitim \u00ebsht\u00eb se si do t\u00eb p\u00ebrdoren k\u00ebto 5.5 milion euro nga administrata e re e bashkis\u00eb, kur dihet se kjo administrate nuk i q\u00ebndroi besnike projektit t\u00eb par\u00eb t\u00eb sheshit, atij p\u00ebr t\u00eb cilin kishin paguar kuvajtjan\u00ebt.<\/p>\n<p>Por, si\u00e7 u shpreh\u00ebn asokohe kuvajtjan\u00ebt, nuk u takon atyre t\u00eb vendosin se \u00e7far\u00eb \u00ebsht\u00eb m\u00eb e mir\u00eb p\u00ebr tiranasit. N\u00eb \u00e7do rast, me vendimin p\u00ebr t\u00eb derdhur edhe 5.5 milion euro t\u00eb tjera p\u00ebr sheshin Sk\u00ebnderbej dhe qytetin e Tiran\u00ebs, mund t\u00eb thuhet pa frik\u00eb se vizita e Presidentit Bamir Topi n\u00eb Kuvajt ia arriti q\u00ebllimit.\/TCH<\/p>\n","protected":false},"excerpt":{"rendered":"<p>TemA, 29 Maj 2012 N\u00ebse do t\u00eb tregoheshim pak cinik\u00eb, mund t\u00eb thonim se emiri i Kuvajtit e pagoi shtrenjt\u00eb dekorat\u00ebn q\u00eb i dha atij Presidenti i Republik\u00ebs, Bamir Topi: plot 5.5 milion\u00eb euro. N\u00eb fakt, parat\u00eb emiri nuk i dha p\u00ebr Presidentin apo institucionin e Presidenc\u00ebs, por p\u00ebr Bashkin\u00eb e Tiran\u00ebs, si k\u00ebst i [&hellip;]<\/p>\n","protected":false},"author":1,"featured_media":0,"comment_status":"open","ping_status":"closed","sticky":false,"template":"","format":"standard","meta":{"footnotes":""},"categories":[5],"tags":[],"class_list":{"0":"post-3019","1":"post","2":"type-post","3":"status-publish","4":"format-standard","6":"category-lajme"},"yoast_head":"<!-- This site is optimized with the Yoast SEO plugin v27.4 - https:\/\/yoast.com\/product\/yoast-seo-wordpress\/ -->\n<title>Vizita e Topit n\u00eb Kuvajt, emiri jep 5.5 milion euro p\u00ebr Sheshin Sk\u00ebnderbej - FjALA e LIR\u00cb - Arkivi<\/title>\n<meta name=\"robots\" content=\"index, follow, max-snippet:-1, max-image-preview:large, max-video-preview:-1\" \/>\n<link rel=\"canonical\" href=\"https:\/\/fjala.info\/2009-2015\/vizita-e-topit-ne-kuvajt-emiri-jep-5-5-milion-euro-per-sheshin-skenderbej\/\" \/>\n<meta property=\"og:locale\" content=\"sq_AL\" \/>\n<meta property=\"og:type\" content=\"article\" \/>\n<meta property=\"og:title\" content=\"Vizita e Topit n\u00eb Kuvajt, emiri jep 5.5 milion euro p\u00ebr Sheshin Sk\u00ebnderbej - FjALA e LIR\u00cb - Arkivi\" \/>\n<meta property=\"og:description\" content=\"TemA, 29 Maj 2012 N\u00ebse do t\u00eb tregoheshim pak cinik\u00eb, mund t\u00eb thonim se emiri i Kuvajtit e pagoi shtrenjt\u00eb dekorat\u00ebn q\u00eb i dha atij Presidenti i Republik\u00ebs, Bamir Topi: plot 5.5 milion\u00eb euro. N\u00eb fakt, parat\u00eb emiri nuk i dha p\u00ebr Presidentin apo institucionin e Presidenc\u00ebs, por p\u00ebr Bashkin\u00eb e Tiran\u00ebs, si k\u00ebst i [&hellip;]\" \/>\n<meta property=\"og:url\" content=\"https:\/\/fjala.info\/2009-2015\/vizita-e-topit-ne-kuvajt-emiri-jep-5-5-milion-euro-per-sheshin-skenderbej\/\" \/>\n<meta property=\"og:site_name\" content=\"FjALA e LIR\u00cb - Arkivi\" \/>\n<meta property=\"article:published_time\" content=\"2012-05-30T08:31:55+00:00\" \/>\n<meta property=\"og:image\" content=\"http:\/\/www.fjala.info\/2012\/topi_emiri.jpg\" \/>\n<meta name=\"author\" content=\"admin\" \/>\n<meta name=\"twitter:card\" content=\"summary_large_image\" \/>\n<meta name=\"twitter:label1\" content=\"Written by\" \/>\n\t<meta name=\"twitter:data1\" content=\"admin\" \/>\n\t<meta name=\"twitter:label2\" content=\"Est. reading time\" \/>\n\t<meta name=\"twitter:data2\" content=\"2 minutes\" \/>\n<script type=\"application\/ld+json\" class=\"yoast-schema-graph\">{\"@context\":\"https:\\\/\\\/schema.org\",\"@graph\":[{\"@type\":\"Article\",\"@id\":\"https:\\\/\\\/fjala.info\\\/2009-2015\\\/vizita-e-topit-ne-kuvajt-emiri-jep-5-5-milion-euro-per-sheshin-skenderbej\\\/#article\",\"isPartOf\":{\"@id\":\"https:\\\/\\\/fjala.info\\\/2009-2015\\\/vizita-e-topit-ne-kuvajt-emiri-jep-5-5-milion-euro-per-sheshin-skenderbej\\\/\"},\"author\":{\"name\":\"admin\",\"@id\":\"https:\\\/\\\/fjala.info\\\/2009-2015\\\/#\\\/schema\\\/person\\\/3aa1163ef05469c496fc94e77611ada2\"},\"headline\":\"Vizita e Topit n\u00eb Kuvajt, emiri jep 5.5 milion euro p\u00ebr Sheshin Sk\u00ebnderbej\",\"datePublished\":\"2012-05-30T08:31:55+00:00\",\"mainEntityOfPage\":{\"@id\":\"https:\\\/\\\/fjala.info\\\/2009-2015\\\/vizita-e-topit-ne-kuvajt-emiri-jep-5-5-milion-euro-per-sheshin-skenderbej\\\/\"},\"wordCount\":390,\"commentCount\":1,\"publisher\":{\"@id\":\"https:\\\/\\\/fjala.info\\\/2009-2015\\\/#organization\"},\"image\":{\"@id\":\"https:\\\/\\\/fjala.info\\\/2009-2015\\\/vizita-e-topit-ne-kuvajt-emiri-jep-5-5-milion-euro-per-sheshin-skenderbej\\\/#primaryimage\"},\"thumbnailUrl\":\"http:\\\/\\\/www.fjala.info\\\/2012\\\/topi_emiri.jpg\",\"articleSection\":[\"Lajme\"],\"inLanguage\":\"sq-AL\",\"potentialAction\":[{\"@type\":\"CommentAction\",\"name\":\"Comment\",\"target\":[\"https:\\\/\\\/fjala.info\\\/2009-2015\\\/vizita-e-topit-ne-kuvajt-emiri-jep-5-5-milion-euro-per-sheshin-skenderbej\\\/#respond\"]}]},{\"@type\":\"WebPage\",\"@id\":\"https:\\\/\\\/fjala.info\\\/2009-2015\\\/vizita-e-topit-ne-kuvajt-emiri-jep-5-5-milion-euro-per-sheshin-skenderbej\\\/\",\"url\":\"https:\\\/\\\/fjala.info\\\/2009-2015\\\/vizita-e-topit-ne-kuvajt-emiri-jep-5-5-milion-euro-per-sheshin-skenderbej\\\/\",\"name\":\"Vizita e Topit n\u00eb Kuvajt, emiri jep 5.5 milion euro p\u00ebr Sheshin Sk\u00ebnderbej - FjALA e LIR\u00cb - Arkivi\",\"isPartOf\":{\"@id\":\"https:\\\/\\\/fjala.info\\\/2009-2015\\\/#website\"},\"primaryImageOfPage\":{\"@id\":\"https:\\\/\\\/fjala.info\\\/2009-2015\\\/vizita-e-topit-ne-kuvajt-emiri-jep-5-5-milion-euro-per-sheshin-skenderbej\\\/#primaryimage\"},\"image\":{\"@id\":\"https:\\\/\\\/fjala.info\\\/2009-2015\\\/vizita-e-topit-ne-kuvajt-emiri-jep-5-5-milion-euro-per-sheshin-skenderbej\\\/#primaryimage\"},\"thumbnailUrl\":\"http:\\\/\\\/www.fjala.info\\\/2012\\\/topi_emiri.jpg\",\"datePublished\":\"2012-05-30T08:31:55+00:00\",\"breadcrumb\":{\"@id\":\"https:\\\/\\\/fjala.info\\\/2009-2015\\\/vizita-e-topit-ne-kuvajt-emiri-jep-5-5-milion-euro-per-sheshin-skenderbej\\\/#breadcrumb\"},\"inLanguage\":\"sq-AL\",\"potentialAction\":[{\"@type\":\"ReadAction\",\"target\":[\"https:\\\/\\\/fjala.info\\\/2009-2015\\\/vizita-e-topit-ne-kuvajt-emiri-jep-5-5-milion-euro-per-sheshin-skenderbej\\\/\"]}]},{\"@type\":\"ImageObject\",\"inLanguage\":\"sq-AL\",\"@id\":\"https:\\\/\\\/fjala.info\\\/2009-2015\\\/vizita-e-topit-ne-kuvajt-emiri-jep-5-5-milion-euro-per-sheshin-skenderbej\\\/#primaryimage\",\"url\":\"http:\\\/\\\/www.fjala.info\\\/2012\\\/topi_emiri.jpg\",\"contentUrl\":\"http:\\\/\\\/www.fjala.info\\\/2012\\\/topi_emiri.jpg\"},{\"@type\":\"BreadcrumbList\",\"@id\":\"https:\\\/\\\/fjala.info\\\/2009-2015\\\/vizita-e-topit-ne-kuvajt-emiri-jep-5-5-milion-euro-per-sheshin-skenderbej\\\/#breadcrumb\",\"itemListElement\":[{\"@type\":\"ListItem\",\"position\":1,\"name\":\"Home\",\"item\":\"https:\\\/\\\/fjala.info\\\/2009-2015\\\/\"},{\"@type\":\"ListItem\",\"position\":2,\"name\":\"Vizita e Topit n\u00eb Kuvajt, emiri jep 5.5 milion euro p\u00ebr Sheshin Sk\u00ebnderbej\"}]},{\"@type\":\"WebSite\",\"@id\":\"https:\\\/\\\/fjala.info\\\/2009-2015\\\/#website\",\"url\":\"https:\\\/\\\/fjala.info\\\/2009-2015\\\/\",\"name\":\"FjALA e LIR\u00cb - Arkivi\",\"description\":\"Arkivi 2009-2015\",\"publisher\":{\"@id\":\"https:\\\/\\\/fjala.info\\\/2009-2015\\\/#organization\"},\"potentialAction\":[{\"@type\":\"SearchAction\",\"target\":{\"@type\":\"EntryPoint\",\"urlTemplate\":\"https:\\\/\\\/fjala.info\\\/2009-2015\\\/?s={search_term_string}\"},\"query-input\":{\"@type\":\"PropertyValueSpecification\",\"valueRequired\":true,\"valueName\":\"search_term_string\"}}],\"inLanguage\":\"sq-AL\"},{\"@type\":\"Organization\",\"@id\":\"https:\\\/\\\/fjala.info\\\/2009-2015\\\/#organization\",\"name\":\"FjALA e LIR\u00cb - Arkivi\",\"url\":\"https:\\\/\\\/fjala.info\\\/2009-2015\\\/\",\"logo\":{\"@type\":\"ImageObject\",\"inLanguage\":\"sq-AL\",\"@id\":\"https:\\\/\\\/fjala.info\\\/2009-2015\\\/#\\\/schema\\\/logo\\\/image\\\/\",\"url\":\"\",\"contentUrl\":\"\",\"caption\":\"FjALA e LIR\u00cb - Arkivi\"},\"image\":{\"@id\":\"https:\\\/\\\/fjala.info\\\/2009-2015\\\/#\\\/schema\\\/logo\\\/image\\\/\"}},{\"@type\":\"Person\",\"@id\":\"https:\\\/\\\/fjala.info\\\/2009-2015\\\/#\\\/schema\\\/person\\\/3aa1163ef05469c496fc94e77611ada2\",\"name\":\"admin\",\"image\":{\"@type\":\"ImageObject\",\"inLanguage\":\"sq-AL\",\"@id\":\"https:\\\/\\\/fjala.info\\\/2009-2015\\\/wp-content\\\/uploads\\\/2012\\\/02\\\/arben_cokaj-120x150.jpg\",\"url\":\"https:\\\/\\\/fjala.info\\\/2009-2015\\\/wp-content\\\/uploads\\\/2012\\\/02\\\/arben_cokaj-120x150.jpg\",\"contentUrl\":\"https:\\\/\\\/fjala.info\\\/2009-2015\\\/wp-content\\\/uploads\\\/2012\\\/02\\\/arben_cokaj-120x150.jpg\",\"caption\":\"admin\"},\"description\":\"Admin, Fjala e Lir\u00eb\",\"sameAs\":[\"https:\\\/\\\/fjala.info\\\/\"],\"url\":\"https:\\\/\\\/fjala.info\\\/2009-2015\\\/author\\\/admin\\\/\"}]}<\/script>\n<!-- \/ Yoast SEO plugin. -->","yoast_head_json":{"title":"Vizita e Topit n\u00eb Kuvajt, emiri jep 5.5 milion euro p\u00ebr Sheshin Sk\u00ebnderbej - FjALA e LIR\u00cb - Arkivi","robots":{"index":"index","follow":"follow","max-snippet":"max-snippet:-1","max-image-preview":"max-image-preview:large","max-video-preview":"max-video-preview:-1"},"canonical":"https:\/\/fjala.info\/2009-2015\/vizita-e-topit-ne-kuvajt-emiri-jep-5-5-milion-euro-per-sheshin-skenderbej\/","og_locale":"sq_AL","og_type":"article","og_title":"Vizita e Topit n\u00eb Kuvajt, emiri jep 5.5 milion euro p\u00ebr Sheshin Sk\u00ebnderbej - FjALA e LIR\u00cb - Arkivi","og_description":"TemA, 29 Maj 2012 N\u00ebse do t\u00eb tregoheshim pak cinik\u00eb, mund t\u00eb thonim se emiri i Kuvajtit e pagoi shtrenjt\u00eb dekorat\u00ebn q\u00eb i dha atij Presidenti i Republik\u00ebs, Bamir Topi: plot 5.5 milion\u00eb euro. N\u00eb fakt, parat\u00eb emiri nuk i dha p\u00ebr Presidentin apo institucionin e Presidenc\u00ebs, por p\u00ebr Bashkin\u00eb e Tiran\u00ebs, si k\u00ebst i [&hellip;]","og_url":"https:\/\/fjala.info\/2009-2015\/vizita-e-topit-ne-kuvajt-emiri-jep-5-5-milion-euro-per-sheshin-skenderbej\/","og_site_name":"FjALA e LIR\u00cb - Arkivi","article_published_time":"2012-05-30T08:31:55+00:00","og_image":[{"url":"http:\/\/www.fjala.info\/2012\/topi_emiri.jpg","type":"","width":"","height":""}],"author":"admin","twitter_card":"summary_large_image","twitter_misc":{"Written by":"admin","Est. reading time":"2 minutes"},"schema":{"@context":"https:\/\/schema.org","@graph":[{"@type":"Article","@id":"https:\/\/fjala.info\/2009-2015\/vizita-e-topit-ne-kuvajt-emiri-jep-5-5-milion-euro-per-sheshin-skenderbej\/#article","isPartOf":{"@id":"https:\/\/fjala.info\/2009-2015\/vizita-e-topit-ne-kuvajt-emiri-jep-5-5-milion-euro-per-sheshin-skenderbej\/"},"author":{"name":"admin","@id":"https:\/\/fjala.info\/2009-2015\/#\/schema\/person\/3aa1163ef05469c496fc94e77611ada2"},"headline":"Vizita e Topit n\u00eb Kuvajt, emiri jep 5.5 milion euro p\u00ebr Sheshin Sk\u00ebnderbej","datePublished":"2012-05-30T08:31:55+00:00","mainEntityOfPage":{"@id":"https:\/\/fjala.info\/2009-2015\/vizita-e-topit-ne-kuvajt-emiri-jep-5-5-milion-euro-per-sheshin-skenderbej\/"},"wordCount":390,"commentCount":1,"publisher":{"@id":"https:\/\/fjala.info\/2009-2015\/#organization"},"image":{"@id":"https:\/\/fjala.info\/2009-2015\/vizita-e-topit-ne-kuvajt-emiri-jep-5-5-milion-euro-per-sheshin-skenderbej\/#primaryimage"},"thumbnailUrl":"http:\/\/www.fjala.info\/2012\/topi_emiri.jpg","articleSection":["Lajme"],"inLanguage":"sq-AL","potentialAction":[{"@type":"CommentAction","name":"Comment","target":["https:\/\/fjala.info\/2009-2015\/vizita-e-topit-ne-kuvajt-emiri-jep-5-5-milion-euro-per-sheshin-skenderbej\/#respond"]}]},{"@type":"WebPage","@id":"https:\/\/fjala.info\/2009-2015\/vizita-e-topit-ne-kuvajt-emiri-jep-5-5-milion-euro-per-sheshin-skenderbej\/","url":"https:\/\/fjala.info\/2009-2015\/vizita-e-topit-ne-kuvajt-emiri-jep-5-5-milion-euro-per-sheshin-skenderbej\/","name":"Vizita e Topit n\u00eb Kuvajt, emiri jep 5.5 milion euro p\u00ebr Sheshin Sk\u00ebnderbej - FjALA e LIR\u00cb - Arkivi","isPartOf":{"@id":"https:\/\/fjala.info\/2009-2015\/#website"},"primaryImageOfPage":{"@id":"https:\/\/fjala.info\/2009-2015\/vizita-e-topit-ne-kuvajt-emiri-jep-5-5-milion-euro-per-sheshin-skenderbej\/#primaryimage"},"image":{"@id":"https:\/\/fjala.info\/2009-2015\/vizita-e-topit-ne-kuvajt-emiri-jep-5-5-milion-euro-per-sheshin-skenderbej\/#primaryimage"},"thumbnailUrl":"http:\/\/www.fjala.info\/2012\/topi_emiri.jpg","datePublished":"2012-05-30T08:31:55+00:00","breadcrumb":{"@id":"https:\/\/fjala.info\/2009-2015\/vizita-e-topit-ne-kuvajt-emiri-jep-5-5-milion-euro-per-sheshin-skenderbej\/#breadcrumb"},"inLanguage":"sq-AL","potentialAction":[{"@type":"ReadAction","target":["https:\/\/fjala.info\/2009-2015\/vizita-e-topit-ne-kuvajt-emiri-jep-5-5-milion-euro-per-sheshin-skenderbej\/"]}]},{"@type":"ImageObject","inLanguage":"sq-AL","@id":"https:\/\/fjala.info\/2009-2015\/vizita-e-topit-ne-kuvajt-emiri-jep-5-5-milion-euro-per-sheshin-skenderbej\/#primaryimage","url":"http:\/\/www.fjala.info\/2012\/topi_emiri.jpg","contentUrl":"http:\/\/www.fjala.info\/2012\/topi_emiri.jpg"},{"@type":"BreadcrumbList","@id":"https:\/\/fjala.info\/2009-2015\/vizita-e-topit-ne-kuvajt-emiri-jep-5-5-milion-euro-per-sheshin-skenderbej\/#breadcrumb","itemListElement":[{"@type":"ListItem","position":1,"name":"Home","item":"https:\/\/fjala.info\/2009-2015\/"},{"@type":"ListItem","position":2,"name":"Vizita e Topit n\u00eb Kuvajt, emiri jep 5.5 milion euro p\u00ebr Sheshin Sk\u00ebnderbej"}]},{"@type":"WebSite","@id":"https:\/\/fjala.info\/2009-2015\/#website","url":"https:\/\/fjala.info\/2009-2015\/","name":"FjALA e LIR\u00cb - Arkivi","description":"Arkivi 2009-2015","publisher":{"@id":"https:\/\/fjala.info\/2009-2015\/#organization"},"potentialAction":[{"@type":"SearchAction","target":{"@type":"EntryPoint","urlTemplate":"https:\/\/fjala.info\/2009-2015\/?s={search_term_string}"},"query-input":{"@type":"PropertyValueSpecification","valueRequired":true,"valueName":"search_term_string"}}],"inLanguage":"sq-AL"},{"@type":"Organization","@id":"https:\/\/fjala.info\/2009-2015\/#organization","name":"FjALA e LIR\u00cb - Arkivi","url":"https:\/\/fjala.info\/2009-2015\/","logo":{"@type":"ImageObject","inLanguage":"sq-AL","@id":"https:\/\/fjala.info\/2009-2015\/#\/schema\/logo\/image\/","url":"","contentUrl":"","caption":"FjALA e LIR\u00cb - Arkivi"},"image":{"@id":"https:\/\/fjala.info\/2009-2015\/#\/schema\/logo\/image\/"}},{"@type":"Person","@id":"https:\/\/fjala.info\/2009-2015\/#\/schema\/person\/3aa1163ef05469c496fc94e77611ada2","name":"admin","image":{"@type":"ImageObject","inLanguage":"sq-AL","@id":"https:\/\/fjala.info\/2009-2015\/wp-content\/uploads\/2012\/02\/arben_cokaj-120x150.jpg","url":"https:\/\/fjala.info\/2009-2015\/wp-content\/uploads\/2012\/02\/arben_cokaj-120x150.jpg","contentUrl":"https:\/\/fjala.info\/2009-2015\/wp-content\/uploads\/2012\/02\/arben_cokaj-120x150.jpg","caption":"admin"},"description":"Admin, Fjala e Lir\u00eb","sameAs":["https:\/\/fjala.info\/"],"url":"https:\/\/fjala.info\/2009-2015\/author\/admin\/"}]}},"_links":{"self":[{"href":"https:\/\/fjala.info\/2009-2015\/wp-json\/wp\/v2\/posts\/3019","targetHints":{"allow":["GET"]}}],"collection":[{"href":"https:\/\/fjala.info\/2009-2015\/wp-json\/wp\/v2\/posts"}],"about":[{"href":"https:\/\/fjala.info\/2009-2015\/wp-json\/wp\/v2\/types\/post"}],"author":[{"embeddable":true,"href":"https:\/\/fjala.info\/2009-2015\/wp-json\/wp\/v2\/users\/1"}],"replies":[{"embeddable":true,"href":"https:\/\/fjala.info\/2009-2015\/wp-json\/wp\/v2\/comments?post=3019"}],"version-history":[{"count":0,"href":"https:\/\/fjala.info\/2009-2015\/wp-json\/wp\/v2\/posts\/3019\/revisions"}],"wp:attachment":[{"href":"https:\/\/fjala.info\/2009-2015\/wp-json\/wp\/v2\/media?parent=3019"}],"wp:term":[{"taxonomy":"category","embeddable":true,"href":"https:\/\/fjala.info\/2009-2015\/wp-json\/wp\/v2\/categories?post=3019"},{"taxonomy":"post_tag","embeddable":true,"href":"https:\/\/fjala.info\/2009-2015\/wp-json\/wp\/v2\/tags?post=3019"}],"curies":[{"name":"wp","href":"https:\/\/api.w.org\/{rel}","templated":true}]}}