{"id":3016,"date":"2010-06-15T23:41:23","date_gmt":"2010-06-15T22:41:23","guid":{"rendered":"http:\/\/fjala.shkoder.net\/?p=3016"},"modified":"2010-06-15T23:41:23","modified_gmt":"2010-06-15T22:41:23","slug":"europa-per-ne-eshte-parlamenti-europian","status":"publish","type":"post","link":"https:\/\/fjala.info\/2009-2015\/europa-per-ne-eshte-parlamenti-europian\/","title":{"rendered":"Europa p\u00ebr ne \u00ebsht\u00eb Parlamenti Europian&#8230;"},"content":{"rendered":"<p><img decoding=\"async\" style=\"margin-left: 10px; margin-right: 10px; border: 0px;\" src=\"http:\/\/www.shkoder.net\/images\/fjala\/prec_zogaj.jpg\" border=\"0\" alt=\"Pre\u00e7 Zogaj\" width=\"150\" align=\"left\" \/><\/p>\n<p><strong>Pre\u00e7 Zogaj<\/strong>, <em>15.06.2010<\/em><\/p>\n<p>Politika e Tiran\u00ebs po p\u00ebrpiqet t\u00eb luaj\u00eb me faktorin nd\u00ebrkomb\u00ebtar si n\u00eb nj\u00eb sall\u00eb pasqyrash, duke u p\u00ebrpjekur t\u00eb krijoj\u00eb konfuzion n\u00eb lidhje me q\u00ebndrimin euroamerikan ndaj kriz\u00ebs shqiptare.<\/p>\n<p>Dit\u00ebt e fundit, menj\u00ebher\u00eb pas afatit t\u00eb dyt\u00eb q\u00eb kan\u00eb ven\u00eb nd\u00ebrmjet\u00ebsuesit e Parlamentit dhe K\u00ebshillit Europian, u prononcua p\u00ebr kriz\u00ebn edhe kryetari i Asambles\u00eb s\u00eb KiE-s\u00eb, zoti \u00c7aushogllu.<\/p>\n<p>Meqen\u00ebse deklaratat e tij drejtoheshin kund\u00ebr opozit\u00ebs, qeveria dhe shtypi pran\u00eb saj u kujdesen q\u00eb jehona e tyre t\u00eb ishte sa m\u00eb e madhe, gj\u00eb q\u00eb nuk e kishin b\u00ebr\u00eb n\u00eb t\u00eb nj\u00ebjt\u00ebn mas\u00eb me deklaratat e krer\u00ebve t\u00eb dy grupeve m\u00eb t\u00eb m\u00ebdha t\u00eb Parlamentit Europian, Daul e Shulz.<\/p>\n<p>Me k\u00ebt\u00eb rast, u pa qart\u00eb se qeveria q\u00ebndronte n\u00eb krahun e \u00c7aushogllus\u00eb, natyrisht pa e th\u00ebn\u00eb shkoqur se ishte kund\u00ebr Daul e Shulz. Por kjo nuk kishte nevoj\u00eb t\u00eb thuhej.<\/p>\n<p>Si q\u00ebndron \u00e7\u00ebshtja? Mos vall\u00eb ndryshoi q\u00ebndrimi i Europ\u00ebs p\u00ebr kriz\u00ebn me k\u00ebto q\u00eb tha \u00c7aushogllu? K\u00eb duhet t\u00eb konsideroj\u00eb Shqip\u00ebria q\u00ebndrim t\u00eb Europ\u00ebs dhe Amerik\u00ebs? Kjo \u00ebsht\u00eb shum\u00eb e r\u00ebnd\u00ebsishme p\u00ebr t\u00eb mos humbur akoma me shum\u00eb koh\u00eb me kodra pas bregut e ku rafsha mos u vrafsha.<\/p>\n<p>Fillimisht duhet t\u00eb v\u00ebm\u00eb n\u00eb dukje faktin se p\u00ebr nj\u00eb pjes\u00eb t\u00eb qytetar\u00ebve shqiptar\u00eb siglat KiE, PE, KE e tjer\u00eb tregojn\u00eb pak a shum\u00eb t\u00eb nj\u00ebjt\u00ebn gj\u00eb: tregojn\u00eb Europ\u00ebn. N\u00eb nj\u00eb kuptim kan\u00eb t\u00eb drejt\u00eb.<\/p>\n<p>K\u00ebto sigla Europ\u00ebn tregojn\u00eb, por kan\u00eb secila nj\u00eb kuptim t\u00eb vetin specifik. P\u00ebrndryshe do t\u00eb p\u00ebrdorej vet\u00ebm nj\u00eb sig\u00ebl. K\u00ebshilli i Europ\u00ebs \u00ebsht\u00eb nj\u00eb institucion me i gjer\u00eb se Europa e Bashkuar.<\/p>\n<p>N\u00eb K\u00ebshillin e Europ\u00ebs b\u00ebjn\u00eb pjes\u00eb shum\u00eb vende q\u00eb nuk jan\u00eb an\u00ebtare t\u00eb Bashkimit Europian. Shqip\u00ebria, p\u00ebr shembull, \u00ebsht\u00eb an\u00ebtare e KiE-s\u00eb q\u00eb prej vitit 1995, por nuk \u00ebsht\u00eb an\u00ebtare e BE-s\u00eb.<\/p>\n<p>Asambleja e K\u00ebshillit t\u00eb Europ\u00ebs, apo th\u00ebn\u00eb ndryshe, Parlamenti i K\u00ebshillit t\u00eb Europ\u00ebs nuk krijohet me zgjedhje, por me delegim dhe kuota deputet\u00ebsh nga secili vend an\u00ebtar. Krer\u00ebt e k\u00ebsaj Asambleje shpeshher\u00eb jan\u00eb nga vendet q\u00eb nuk kan\u00eb aderuar ende n\u00eb BE. Vet\u00eb \u00c7aushogllu, p\u00ebr shembull \u00ebsht\u00eb nga Turqia.<\/p>\n<p>Me k\u00ebto q\u00eb themi nuk duam t\u00eb zvog\u00eblojm\u00eb as edhe nj\u00eb gram r\u00ebnd\u00ebsin\u00eb e K\u00ebshillit t\u00eb Europ\u00ebs. R\u00ebnd\u00ebsia e k\u00ebtij trusti t\u00eb madh t\u00eb demokracis\u00eb \u00ebsht\u00eb e padiskutueshme. Por t&#8217;i japim \u00c7ezarit \u00e7far\u00eb i takon \u00c7ezarit.<\/p>\n<p>Bashkimi Europian \u00ebsht\u00eb nj\u00eb stek\u00eb m\u00eb e lart\u00eb. Aq e v\u00ebrtet\u00eb \u00ebsht\u00eb kjo sa mjafton t\u00eb kujtojm\u00eb faktin se nd\u00ebrsa jemi b\u00ebr\u00eb an\u00ebtar\u00eb t\u00eb KiE-s\u00eb para pes\u00ebmb\u00ebdhjet\u00eb vjet\u00ebsh, do na duhet t\u00eb presim edhe disa vite t\u00eb tjera p\u00ebr tu b\u00ebr\u00eb an\u00ebtar\u00eb t\u00eb BE-s\u00eb.<\/p>\n<p>N\u00eb k\u00ebt\u00eb kuptim dhe duke pasur parasysh se sfida jon\u00eb aktuale si vend \u00ebsht\u00eb an\u00ebtar\u00ebsimi n\u00eb BE, fjala, q\u00ebndrimet dhe roli i BE-s\u00eb n\u00eb lidhje me zhvillimet n\u00eb Shqip\u00ebri kan\u00eb pesh\u00eb shum\u00eb m\u00eb t\u00eb madhe.<\/p>\n<p>Kjo nuk i heq t\u00eb drejt\u00ebn KiE-s\u00eb t\u00eb merret me Shqip\u00ebrin\u00eb sa her\u00eb ta shoh\u00eb t\u00eb arsyeshme. P\u00ebrkundrazi, KiE e ka p\u00ebr detyr\u00eb t\u00eb ndihmojn\u00eb vendet an\u00ebtare p\u00ebr zgjidhjen e problemeve t\u00eb tyre.<\/p>\n<p>N\u00eb parim, Shqip\u00ebria vet\u00ebm nderohet dhe vet\u00ebm p\u00ebrfiton nga interesim i KiE-s\u00eb. Rezoluta e Asambles\u00eb s\u00eb k\u00ebtij K\u00ebshilli p\u00ebr Shqip\u00ebrin\u00eb n\u00eb janar t\u00eb k\u00ebtij viti ka qen\u00eb dokumenti i par\u00eb i nd\u00ebrkomb\u00ebtarizimit t\u00eb kriz\u00ebs shqiptare dhe i p\u00ebrpjekjeve p\u00ebr zgjidhjen e saj.<\/p>\n<p>P\u00ebr fat t\u00eb keq, k\u00ebto p\u00ebrpjekje nuk dhan\u00eb rezultat, megjith\u00ebse n\u00eb Tiran\u00eb erdhi n\u00eb delegacion i gjer\u00eb i K\u00ebshillit t\u00eb Europ\u00ebs. Pas k\u00ebsaj, stafet\u00ebn nd\u00ebrkomb\u00ebtare p\u00ebr t\u00eb ndihmuar zgjidhjen e kriz\u00ebs son\u00eb e mori K\u00ebshilli Europian dhe Parlamenti Europian. K\u00ebto jan\u00eb institucionet m\u00eb t\u00eb larta t\u00eb Europ\u00ebs s\u00eb bashkuar ku duam t\u00eb hyjm\u00eb.<\/p>\n<p>Komisioneri p\u00ebr Zgjerimin, zoti Fule, ka avancuar n\u00eb p\u00ebrpjekjet e tij p\u00ebr t\u00eb afruar pal\u00ebt shqiptare drejt nj\u00eb kompromisi. Kryetar\u00ebt Daul e Shulz jan\u00eb bashkuar n\u00eb nj\u00eb p\u00ebrpjekje unike p\u00ebr Shqip\u00ebrin\u00eb.<\/p>\n<p>Kriza nuk \u00ebsht\u00eb zgjidhur, por qasja ndaj saj ka evoluar. Partia Socialiste \u00ebsht\u00eb n\u00eb Kuvend, n\u00eb Komisione dhe ka lajm\u00ebruar gatishm\u00ebrin\u00eb p\u00ebr t\u00eb firmosur nj\u00eb marr\u00ebveshje kompromisi t\u00eb ofruar nga europian\u00ebt. Ja, pra, zhvillimet jan\u00eb ku e ku larg asaj dit\u00eb kur presidenti Topi dhe kryetari i Asambles\u00eb, \u00c7aushogllu, asistonin n\u00eb nj\u00eb shfaqje t\u00eb rrall\u00eb pozicionet e ngrira t\u00eb qeveris\u00eb dhe opozit\u00ebs shqiptare.<\/p>\n<p>Nuk ka shum\u00eb interes t\u00eb dim\u00eb n\u00ebse zoti \u00c7aushogllu \u00ebsht\u00eb informuar apo jo p\u00ebr rrug\u00ebn q\u00eb ka ndjekur kriza shqiptare pas d\u00ebshtimin t\u00eb KiE-s\u00eb n\u00eb zgjidhjen e saj. Ai mund t\u00eb mos ket\u00eb nevoj\u00eb t\u00eb informohet. Ai mund t\u00eb ruaj\u00eb q\u00ebndrimin e tij.<\/p>\n<p>Por Shqip\u00ebria \u00ebsht\u00eb n\u00eb kriz\u00eb dhe n\u00ebse qeveria d\u00ebshiron t\u00eb zgjidh\u00eb kriz\u00ebn duhet t\u00eb respektoj\u00eb nivelin e ri t\u00eb nd\u00ebrmjet\u00ebsimit nd\u00ebrkomb\u00ebtar, q\u00eb nuk \u00ebsht\u00eb as personal, as privat, por institucional. Q\u00ebndrimi i kryetar\u00ebve t\u00eb grupeve parlamentare t\u00eb Parlamentit Europian \u00ebsht\u00eb nj\u00eb q\u00ebndrim institucional i t\u00eb majt\u00ebve dhe t\u00eb djatht\u00ebve t\u00eb k\u00ebtij parlamenti.<\/p>\n<p>Q\u00ebndrimi i zotit Fule \u00ebsht\u00eb q\u00ebndrimi institucional i ministris\u00eb europiane q\u00eb na mbulon si vend, q\u00eb \u00ebsht\u00eb ministria e zgjerimit apo komisioni p\u00ebr zgjerimin, si\u00e7 quhet. Jo vet\u00ebm p\u00ebr shkak t\u00eb veshjes s\u00eb institucionale, k\u00ebto q\u00ebndrime jan\u00eb shum\u00eb m\u00eb thelb\u00ebsore p\u00ebr kriz\u00ebn dhe perspektiv\u00ebn e saj, se sa deklaratat e individ\u00ebve q\u00eb referojn\u00eb nj\u00eb pik\u00ebpamje, e cila nuk \u00ebsht\u00eb pjes\u00eb e ndonj\u00eb dokumenti t\u00eb shkruar apo rezolute t\u00eb miratuar.<\/p>\n<p>Kapja me kaq d\u00ebshir\u00eb dhe jehona e madhe q\u00eb u b\u00ebhet nga qeveria deklaratave t\u00eb \u00c7aushogllouse, nd\u00ebrsa k\u00ebrkon t\u00eb mbaj\u00eb n\u00eb konfuzion opinionin e brendsh\u00ebm n\u00eb lidhje me q\u00ebndrimin e Europ\u00ebs, ka vetvetiu ting\u00ebllimin e karshill\u00ebkut ndaj q\u00ebndrimeve q\u00eb ka pjekur e po pjek Parlamenti Europian p\u00ebr kriz\u00ebn shqiptare. Kjo \u00ebsht\u00eb shum\u00eb e gabuar dhe pa asnj\u00eb perspektiv\u00eb.<\/p>\n<p>N\u00eb k\u00ebt\u00eb faz\u00eb ku ndodhet kriza jon\u00eb, Europa \u00ebsht\u00eb Parlamenti Europian, K\u00ebshilli Europian dhe Komisioni p\u00ebr Zgjerimin. Askush tjet\u00ebr.<\/p>\n","protected":false},"excerpt":{"rendered":"<p>Pre\u00e7 Zogaj, 15.06.2010 Politika e Tiran\u00ebs po p\u00ebrpiqet t\u00eb luaj\u00eb me faktorin nd\u00ebrkomb\u00ebtar si n\u00eb nj\u00eb sall\u00eb pasqyrash, duke u p\u00ebrpjekur t\u00eb krijoj\u00eb konfuzion n\u00eb lidhje me q\u00ebndrimin euroamerikan ndaj kriz\u00ebs shqiptare. Dit\u00ebt e fundit, menj\u00ebher\u00eb pas afatit t\u00eb dyt\u00eb q\u00eb kan\u00eb ven\u00eb nd\u00ebrmjet\u00ebsuesit e Parlamentit dhe K\u00ebshillit Europian, u prononcua p\u00ebr kriz\u00ebn edhe kryetari [&hellip;]<\/p>\n","protected":false},"author":1,"featured_media":0,"comment_status":"open","ping_status":"closed","sticky":false,"template":"","format":"standard","meta":{"footnotes":""},"categories":[2],"tags":[],"class_list":{"0":"post-3016","1":"post","2":"type-post","3":"status-publish","4":"format-standard","6":"category-artikuj"},"yoast_head":"<!-- This site is optimized with the Yoast SEO plugin v27.4 - https:\/\/yoast.com\/product\/yoast-seo-wordpress\/ -->\n<title>Europa p\u00ebr ne \u00ebsht\u00eb Parlamenti Europian... - FjALA e LIR\u00cb - Arkivi<\/title>\n<meta name=\"robots\" content=\"index, follow, max-snippet:-1, max-image-preview:large, max-video-preview:-1\" \/>\n<link rel=\"canonical\" href=\"https:\/\/fjala.info\/2009-2015\/europa-per-ne-eshte-parlamenti-europian\/\" \/>\n<meta property=\"og:locale\" content=\"sq_AL\" \/>\n<meta property=\"og:type\" content=\"article\" \/>\n<meta property=\"og:title\" content=\"Europa p\u00ebr ne \u00ebsht\u00eb Parlamenti Europian... - FjALA e LIR\u00cb - Arkivi\" \/>\n<meta property=\"og:description\" content=\"Pre\u00e7 Zogaj, 15.06.2010 Politika e Tiran\u00ebs po p\u00ebrpiqet t\u00eb luaj\u00eb me faktorin nd\u00ebrkomb\u00ebtar si n\u00eb nj\u00eb sall\u00eb pasqyrash, duke u p\u00ebrpjekur t\u00eb krijoj\u00eb konfuzion n\u00eb lidhje me q\u00ebndrimin euroamerikan ndaj kriz\u00ebs shqiptare. Dit\u00ebt e fundit, menj\u00ebher\u00eb pas afatit t\u00eb dyt\u00eb q\u00eb kan\u00eb ven\u00eb nd\u00ebrmjet\u00ebsuesit e Parlamentit dhe K\u00ebshillit Europian, u prononcua p\u00ebr kriz\u00ebn edhe kryetari [&hellip;]\" \/>\n<meta property=\"og:url\" content=\"https:\/\/fjala.info\/2009-2015\/europa-per-ne-eshte-parlamenti-europian\/\" \/>\n<meta property=\"og:site_name\" content=\"FjALA e LIR\u00cb - Arkivi\" \/>\n<meta property=\"article:published_time\" content=\"2010-06-15T22:41:23+00:00\" \/>\n<meta property=\"og:image\" content=\"http:\/\/www.shkoder.net\/images\/fjala\/prec_zogaj.jpg\" \/>\n<meta name=\"author\" content=\"admin\" \/>\n<meta name=\"twitter:card\" content=\"summary_large_image\" \/>\n<meta name=\"twitter:label1\" content=\"Written by\" \/>\n\t<meta name=\"twitter:data1\" content=\"admin\" \/>\n\t<meta name=\"twitter:label2\" content=\"Est. reading time\" \/>\n\t<meta name=\"twitter:data2\" content=\"6 minutes\" \/>\n<script type=\"application\/ld+json\" class=\"yoast-schema-graph\">{\"@context\":\"https:\\\/\\\/schema.org\",\"@graph\":[{\"@type\":\"Article\",\"@id\":\"https:\\\/\\\/fjala.info\\\/2009-2015\\\/europa-per-ne-eshte-parlamenti-europian\\\/#article\",\"isPartOf\":{\"@id\":\"https:\\\/\\\/fjala.info\\\/2009-2015\\\/europa-per-ne-eshte-parlamenti-europian\\\/\"},\"author\":{\"name\":\"admin\",\"@id\":\"https:\\\/\\\/fjala.info\\\/2009-2015\\\/#\\\/schema\\\/person\\\/3aa1163ef05469c496fc94e77611ada2\"},\"headline\":\"Europa p\u00ebr ne \u00ebsht\u00eb Parlamenti Europian&#8230;\",\"datePublished\":\"2010-06-15T22:41:23+00:00\",\"mainEntityOfPage\":{\"@id\":\"https:\\\/\\\/fjala.info\\\/2009-2015\\\/europa-per-ne-eshte-parlamenti-europian\\\/\"},\"wordCount\":1115,\"commentCount\":0,\"publisher\":{\"@id\":\"https:\\\/\\\/fjala.info\\\/2009-2015\\\/#organization\"},\"image\":{\"@id\":\"https:\\\/\\\/fjala.info\\\/2009-2015\\\/europa-per-ne-eshte-parlamenti-europian\\\/#primaryimage\"},\"thumbnailUrl\":\"http:\\\/\\\/www.shkoder.net\\\/images\\\/fjala\\\/prec_zogaj.jpg\",\"articleSection\":[\"Artikuj\"],\"inLanguage\":\"sq-AL\",\"potentialAction\":[{\"@type\":\"CommentAction\",\"name\":\"Comment\",\"target\":[\"https:\\\/\\\/fjala.info\\\/2009-2015\\\/europa-per-ne-eshte-parlamenti-europian\\\/#respond\"]}]},{\"@type\":\"WebPage\",\"@id\":\"https:\\\/\\\/fjala.info\\\/2009-2015\\\/europa-per-ne-eshte-parlamenti-europian\\\/\",\"url\":\"https:\\\/\\\/fjala.info\\\/2009-2015\\\/europa-per-ne-eshte-parlamenti-europian\\\/\",\"name\":\"Europa p\u00ebr ne \u00ebsht\u00eb Parlamenti Europian... - FjALA e LIR\u00cb - Arkivi\",\"isPartOf\":{\"@id\":\"https:\\\/\\\/fjala.info\\\/2009-2015\\\/#website\"},\"primaryImageOfPage\":{\"@id\":\"https:\\\/\\\/fjala.info\\\/2009-2015\\\/europa-per-ne-eshte-parlamenti-europian\\\/#primaryimage\"},\"image\":{\"@id\":\"https:\\\/\\\/fjala.info\\\/2009-2015\\\/europa-per-ne-eshte-parlamenti-europian\\\/#primaryimage\"},\"thumbnailUrl\":\"http:\\\/\\\/www.shkoder.net\\\/images\\\/fjala\\\/prec_zogaj.jpg\",\"datePublished\":\"2010-06-15T22:41:23+00:00\",\"breadcrumb\":{\"@id\":\"https:\\\/\\\/fjala.info\\\/2009-2015\\\/europa-per-ne-eshte-parlamenti-europian\\\/#breadcrumb\"},\"inLanguage\":\"sq-AL\",\"potentialAction\":[{\"@type\":\"ReadAction\",\"target\":[\"https:\\\/\\\/fjala.info\\\/2009-2015\\\/europa-per-ne-eshte-parlamenti-europian\\\/\"]}]},{\"@type\":\"ImageObject\",\"inLanguage\":\"sq-AL\",\"@id\":\"https:\\\/\\\/fjala.info\\\/2009-2015\\\/europa-per-ne-eshte-parlamenti-europian\\\/#primaryimage\",\"url\":\"http:\\\/\\\/www.shkoder.net\\\/images\\\/fjala\\\/prec_zogaj.jpg\",\"contentUrl\":\"http:\\\/\\\/www.shkoder.net\\\/images\\\/fjala\\\/prec_zogaj.jpg\"},{\"@type\":\"BreadcrumbList\",\"@id\":\"https:\\\/\\\/fjala.info\\\/2009-2015\\\/europa-per-ne-eshte-parlamenti-europian\\\/#breadcrumb\",\"itemListElement\":[{\"@type\":\"ListItem\",\"position\":1,\"name\":\"Home\",\"item\":\"https:\\\/\\\/fjala.info\\\/2009-2015\\\/\"},{\"@type\":\"ListItem\",\"position\":2,\"name\":\"Europa p\u00ebr ne \u00ebsht\u00eb Parlamenti Europian&#8230;\"}]},{\"@type\":\"WebSite\",\"@id\":\"https:\\\/\\\/fjala.info\\\/2009-2015\\\/#website\",\"url\":\"https:\\\/\\\/fjala.info\\\/2009-2015\\\/\",\"name\":\"FjALA e LIR\u00cb - Arkivi\",\"description\":\"Arkivi 2009-2015\",\"publisher\":{\"@id\":\"https:\\\/\\\/fjala.info\\\/2009-2015\\\/#organization\"},\"potentialAction\":[{\"@type\":\"SearchAction\",\"target\":{\"@type\":\"EntryPoint\",\"urlTemplate\":\"https:\\\/\\\/fjala.info\\\/2009-2015\\\/?s={search_term_string}\"},\"query-input\":{\"@type\":\"PropertyValueSpecification\",\"valueRequired\":true,\"valueName\":\"search_term_string\"}}],\"inLanguage\":\"sq-AL\"},{\"@type\":\"Organization\",\"@id\":\"https:\\\/\\\/fjala.info\\\/2009-2015\\\/#organization\",\"name\":\"FjALA e LIR\u00cb - Arkivi\",\"url\":\"https:\\\/\\\/fjala.info\\\/2009-2015\\\/\",\"logo\":{\"@type\":\"ImageObject\",\"inLanguage\":\"sq-AL\",\"@id\":\"https:\\\/\\\/fjala.info\\\/2009-2015\\\/#\\\/schema\\\/logo\\\/image\\\/\",\"url\":\"\",\"contentUrl\":\"\",\"caption\":\"FjALA e LIR\u00cb - Arkivi\"},\"image\":{\"@id\":\"https:\\\/\\\/fjala.info\\\/2009-2015\\\/#\\\/schema\\\/logo\\\/image\\\/\"}},{\"@type\":\"Person\",\"@id\":\"https:\\\/\\\/fjala.info\\\/2009-2015\\\/#\\\/schema\\\/person\\\/3aa1163ef05469c496fc94e77611ada2\",\"name\":\"admin\",\"image\":{\"@type\":\"ImageObject\",\"inLanguage\":\"sq-AL\",\"@id\":\"https:\\\/\\\/fjala.info\\\/2009-2015\\\/wp-content\\\/uploads\\\/2012\\\/02\\\/arben_cokaj-120x150.jpg\",\"url\":\"https:\\\/\\\/fjala.info\\\/2009-2015\\\/wp-content\\\/uploads\\\/2012\\\/02\\\/arben_cokaj-120x150.jpg\",\"contentUrl\":\"https:\\\/\\\/fjala.info\\\/2009-2015\\\/wp-content\\\/uploads\\\/2012\\\/02\\\/arben_cokaj-120x150.jpg\",\"caption\":\"admin\"},\"description\":\"Admin, Fjala e Lir\u00eb\",\"sameAs\":[\"https:\\\/\\\/fjala.info\\\/\"],\"url\":\"https:\\\/\\\/fjala.info\\\/2009-2015\\\/author\\\/admin\\\/\"}]}<\/script>\n<!-- \/ Yoast SEO plugin. -->","yoast_head_json":{"title":"Europa p\u00ebr ne \u00ebsht\u00eb Parlamenti Europian... - FjALA e LIR\u00cb - Arkivi","robots":{"index":"index","follow":"follow","max-snippet":"max-snippet:-1","max-image-preview":"max-image-preview:large","max-video-preview":"max-video-preview:-1"},"canonical":"https:\/\/fjala.info\/2009-2015\/europa-per-ne-eshte-parlamenti-europian\/","og_locale":"sq_AL","og_type":"article","og_title":"Europa p\u00ebr ne \u00ebsht\u00eb Parlamenti Europian... - FjALA e LIR\u00cb - Arkivi","og_description":"Pre\u00e7 Zogaj, 15.06.2010 Politika e Tiran\u00ebs po p\u00ebrpiqet t\u00eb luaj\u00eb me faktorin nd\u00ebrkomb\u00ebtar si n\u00eb nj\u00eb sall\u00eb pasqyrash, duke u p\u00ebrpjekur t\u00eb krijoj\u00eb konfuzion n\u00eb lidhje me q\u00ebndrimin euroamerikan ndaj kriz\u00ebs shqiptare. Dit\u00ebt e fundit, menj\u00ebher\u00eb pas afatit t\u00eb dyt\u00eb q\u00eb kan\u00eb ven\u00eb nd\u00ebrmjet\u00ebsuesit e Parlamentit dhe K\u00ebshillit Europian, u prononcua p\u00ebr kriz\u00ebn edhe kryetari [&hellip;]","og_url":"https:\/\/fjala.info\/2009-2015\/europa-per-ne-eshte-parlamenti-europian\/","og_site_name":"FjALA e LIR\u00cb - Arkivi","article_published_time":"2010-06-15T22:41:23+00:00","og_image":[{"url":"http:\/\/www.shkoder.net\/images\/fjala\/prec_zogaj.jpg","type":"","width":"","height":""}],"author":"admin","twitter_card":"summary_large_image","twitter_misc":{"Written by":"admin","Est. reading time":"6 minutes"},"schema":{"@context":"https:\/\/schema.org","@graph":[{"@type":"Article","@id":"https:\/\/fjala.info\/2009-2015\/europa-per-ne-eshte-parlamenti-europian\/#article","isPartOf":{"@id":"https:\/\/fjala.info\/2009-2015\/europa-per-ne-eshte-parlamenti-europian\/"},"author":{"name":"admin","@id":"https:\/\/fjala.info\/2009-2015\/#\/schema\/person\/3aa1163ef05469c496fc94e77611ada2"},"headline":"Europa p\u00ebr ne \u00ebsht\u00eb Parlamenti Europian&#8230;","datePublished":"2010-06-15T22:41:23+00:00","mainEntityOfPage":{"@id":"https:\/\/fjala.info\/2009-2015\/europa-per-ne-eshte-parlamenti-europian\/"},"wordCount":1115,"commentCount":0,"publisher":{"@id":"https:\/\/fjala.info\/2009-2015\/#organization"},"image":{"@id":"https:\/\/fjala.info\/2009-2015\/europa-per-ne-eshte-parlamenti-europian\/#primaryimage"},"thumbnailUrl":"http:\/\/www.shkoder.net\/images\/fjala\/prec_zogaj.jpg","articleSection":["Artikuj"],"inLanguage":"sq-AL","potentialAction":[{"@type":"CommentAction","name":"Comment","target":["https:\/\/fjala.info\/2009-2015\/europa-per-ne-eshte-parlamenti-europian\/#respond"]}]},{"@type":"WebPage","@id":"https:\/\/fjala.info\/2009-2015\/europa-per-ne-eshte-parlamenti-europian\/","url":"https:\/\/fjala.info\/2009-2015\/europa-per-ne-eshte-parlamenti-europian\/","name":"Europa p\u00ebr ne \u00ebsht\u00eb Parlamenti Europian... - FjALA e LIR\u00cb - Arkivi","isPartOf":{"@id":"https:\/\/fjala.info\/2009-2015\/#website"},"primaryImageOfPage":{"@id":"https:\/\/fjala.info\/2009-2015\/europa-per-ne-eshte-parlamenti-europian\/#primaryimage"},"image":{"@id":"https:\/\/fjala.info\/2009-2015\/europa-per-ne-eshte-parlamenti-europian\/#primaryimage"},"thumbnailUrl":"http:\/\/www.shkoder.net\/images\/fjala\/prec_zogaj.jpg","datePublished":"2010-06-15T22:41:23+00:00","breadcrumb":{"@id":"https:\/\/fjala.info\/2009-2015\/europa-per-ne-eshte-parlamenti-europian\/#breadcrumb"},"inLanguage":"sq-AL","potentialAction":[{"@type":"ReadAction","target":["https:\/\/fjala.info\/2009-2015\/europa-per-ne-eshte-parlamenti-europian\/"]}]},{"@type":"ImageObject","inLanguage":"sq-AL","@id":"https:\/\/fjala.info\/2009-2015\/europa-per-ne-eshte-parlamenti-europian\/#primaryimage","url":"http:\/\/www.shkoder.net\/images\/fjala\/prec_zogaj.jpg","contentUrl":"http:\/\/www.shkoder.net\/images\/fjala\/prec_zogaj.jpg"},{"@type":"BreadcrumbList","@id":"https:\/\/fjala.info\/2009-2015\/europa-per-ne-eshte-parlamenti-europian\/#breadcrumb","itemListElement":[{"@type":"ListItem","position":1,"name":"Home","item":"https:\/\/fjala.info\/2009-2015\/"},{"@type":"ListItem","position":2,"name":"Europa p\u00ebr ne \u00ebsht\u00eb Parlamenti Europian&#8230;"}]},{"@type":"WebSite","@id":"https:\/\/fjala.info\/2009-2015\/#website","url":"https:\/\/fjala.info\/2009-2015\/","name":"FjALA e LIR\u00cb - Arkivi","description":"Arkivi 2009-2015","publisher":{"@id":"https:\/\/fjala.info\/2009-2015\/#organization"},"potentialAction":[{"@type":"SearchAction","target":{"@type":"EntryPoint","urlTemplate":"https:\/\/fjala.info\/2009-2015\/?s={search_term_string}"},"query-input":{"@type":"PropertyValueSpecification","valueRequired":true,"valueName":"search_term_string"}}],"inLanguage":"sq-AL"},{"@type":"Organization","@id":"https:\/\/fjala.info\/2009-2015\/#organization","name":"FjALA e LIR\u00cb - Arkivi","url":"https:\/\/fjala.info\/2009-2015\/","logo":{"@type":"ImageObject","inLanguage":"sq-AL","@id":"https:\/\/fjala.info\/2009-2015\/#\/schema\/logo\/image\/","url":"","contentUrl":"","caption":"FjALA e LIR\u00cb - Arkivi"},"image":{"@id":"https:\/\/fjala.info\/2009-2015\/#\/schema\/logo\/image\/"}},{"@type":"Person","@id":"https:\/\/fjala.info\/2009-2015\/#\/schema\/person\/3aa1163ef05469c496fc94e77611ada2","name":"admin","image":{"@type":"ImageObject","inLanguage":"sq-AL","@id":"https:\/\/fjala.info\/2009-2015\/wp-content\/uploads\/2012\/02\/arben_cokaj-120x150.jpg","url":"https:\/\/fjala.info\/2009-2015\/wp-content\/uploads\/2012\/02\/arben_cokaj-120x150.jpg","contentUrl":"https:\/\/fjala.info\/2009-2015\/wp-content\/uploads\/2012\/02\/arben_cokaj-120x150.jpg","caption":"admin"},"description":"Admin, Fjala e Lir\u00eb","sameAs":["https:\/\/fjala.info\/"],"url":"https:\/\/fjala.info\/2009-2015\/author\/admin\/"}]}},"_links":{"self":[{"href":"https:\/\/fjala.info\/2009-2015\/wp-json\/wp\/v2\/posts\/3016","targetHints":{"allow":["GET"]}}],"collection":[{"href":"https:\/\/fjala.info\/2009-2015\/wp-json\/wp\/v2\/posts"}],"about":[{"href":"https:\/\/fjala.info\/2009-2015\/wp-json\/wp\/v2\/types\/post"}],"author":[{"embeddable":true,"href":"https:\/\/fjala.info\/2009-2015\/wp-json\/wp\/v2\/users\/1"}],"replies":[{"embeddable":true,"href":"https:\/\/fjala.info\/2009-2015\/wp-json\/wp\/v2\/comments?post=3016"}],"version-history":[{"count":0,"href":"https:\/\/fjala.info\/2009-2015\/wp-json\/wp\/v2\/posts\/3016\/revisions"}],"wp:attachment":[{"href":"https:\/\/fjala.info\/2009-2015\/wp-json\/wp\/v2\/media?parent=3016"}],"wp:term":[{"taxonomy":"category","embeddable":true,"href":"https:\/\/fjala.info\/2009-2015\/wp-json\/wp\/v2\/categories?post=3016"},{"taxonomy":"post_tag","embeddable":true,"href":"https:\/\/fjala.info\/2009-2015\/wp-json\/wp\/v2\/tags?post=3016"}],"curies":[{"name":"wp","href":"https:\/\/api.w.org\/{rel}","templated":true}]}}