{"id":3011,"date":"2010-06-15T23:01:34","date_gmt":"2010-06-15T22:01:34","guid":{"rendered":"http:\/\/fjala.shkoder.net\/?p=3011"},"modified":"2010-06-15T23:01:34","modified_gmt":"2010-06-15T22:01:34","slug":"provat-e-antiligjshme-te-ligjit-te-legalizimit","status":"publish","type":"post","link":"https:\/\/fjala.info\/2009-2015\/provat-e-antiligjshme-te-ligjit-te-legalizimit\/","title":{"rendered":"Provat e antiligjshme t\u00eb ligjit t\u00eb legalizimit"},"content":{"rendered":"<p><strong>Fatmir Merko\u00e7i<\/strong><\/p>\n<p><em>Ligji i legalizimit, i barabart\u00eb me reform\u00ebn agrare t\u00eb vitit 1945 apo m\u00eb i keq se ajo reform\u00eb. Zaptuesit sot ndihen m\u00eb t\u00eb fort\u00eb se pronar\u00ebt, kjo sepse ligji i legalizimit i legjitimon dhe pse n\u00eb vetvete k\u00ebta kan\u00eb kryer nj\u00eb vep\u00ebr penale. asnj\u00eb gjykat\u00eb nuk do kishte guxuar q\u00eb t\u00eb b\u00ebnte nj\u00eb shkelje kaq t\u00eb hapur t\u00eb kushtetut\u00ebs, p\u00ebrve\u00e7se n\u00eb shqip\u00ebri.<\/em><\/p>\n<p>Shqip\u00ebria u fut n\u00eb nj\u00eb rrjedh\u00eb tjet\u00ebr t\u00eb jet\u00ebs. Vitet 1990-1992 ishin vitet ku shqiptar\u00ebt pat\u00ebn l\u00ebvizjen m\u00eb t\u00eb madhe popullore. Fal\u00eb k\u00ebsaj l\u00ebvizje u b\u00eb e mundur q\u00eb edhe Shqip\u00ebria t\u00eb largohej nga ajo periudh\u00eb e err\u00ebt dhe t\u00eb niste rrug\u00ebn e saj drejt demokracis\u00eb s\u00eb v\u00ebrtet\u00eb. K\u00ebtu kishim parasysh rolin q\u00eb luante shteti n\u00eb mbrojtje t\u00eb individit, liris\u00eb s\u00eb fes\u00eb, liris\u00eb s\u00eb mendimit, liris\u00eb s\u00eb zgjedhjes, t\u00eb shkollimit etj., por mbi t\u00eb gjitha besohej n\u00eb barazin\u00eb p\u00ebrpara ligjit dhe n\u00eb pron\u00ebn private.<\/p>\n<p>N\u00eb shum\u00eb aspekte themi se u realizuan, por ajo q\u00eb mbeti si gozhda e Nastradinit ishte barazia para ligjit, ku duksh\u00ebm \u00ebsht\u00eb e qart\u00eb p\u00ebr \u00e7do shqiptar se kjo barazi nuk funksionon. Prona private u kthye jo vet\u00ebm n\u00eb nj\u00eb moll\u00eb sherri, por edhe n\u00eb nj\u00eb gangren\u00eb p\u00ebr shoq\u00ebrin\u00eb ton\u00eb, e cila, p\u00ebr hir t\u00eb s\u00eb v\u00ebrtet\u00ebs, duksh\u00ebm e kishte humbur nocionin pron\u00eb private. Sorollatja e pronar\u00ebve n\u00ebp\u00ebr komisione pronash, ku asnj\u00ebher\u00eb nuk kan\u00eb qen\u00eb e nuk jan\u00eb eficente. N\u00eb k\u00ebto komisione pronash \u00ebsht\u00eb luajtur \u00e7el e mbyll, apo edhe m\u00eb keq, si macja me miun me rolin dhe m\u00ebnyr\u00ebn se si kan\u00eb vepruar gjat\u00eb gjith\u00eb periudh\u00ebs s\u00eb funksionimit t\u00eb tyre. Prona mbetet dhe vazhdon t\u00eb mbes\u00eb nj\u00eb tabu.<\/p>\n<p>Pas gjith\u00eb k\u00ebtij kaosi t\u00eb gjat\u00eb, ku vet\u00eb pronar\u00ebt ishin tep\u00ebr t\u00eb lodhur, ku shteti po tallej me ta duke i l\u00ebn\u00eb pas dyerve t\u00eb komisioneve e gjykatave, shteti nuk u mjaftua me kaq, as me ligjin e 7501, por nxori edhe kart\u00ebn tjet\u00ebr, aprovoi ligjin e legalizimit. Ky ligj, q\u00eb n\u00eb themelin e tij \u00ebsht\u00eb nj\u00eb ligj antikushtetues.<\/p>\n<p>N\u00eb Kushtetut\u00ebn e Shqip\u00ebris\u00eb citojm\u00eb Nenin 41:<br \/>\n1. E drejta e pron\u00ebs private \u00ebsht\u00eb e garantuar.<br \/>\n2. Prona fitohet me dhurim, me trash\u00ebgimi, me blerje dhe me \u00e7do m\u00ebnyr\u00eb tjet\u00ebr klasike t\u00eb parashikuar n\u00eb Kodin Civil.<br \/>\n3. Ligji mund t\u00eb parashikoj\u00eb shpron\u00ebsime ose kufizime n\u00eb ushtrimin e s\u00eb drejt\u00ebs s\u00eb pron\u00ebs vet\u00ebm p\u00ebr interesa publike.<br \/>\n4. Shpron\u00ebsimet ose ato kufizime t\u00eb s\u00eb drejt\u00ebs s\u00eb pron\u00ebs q\u00eb barazohen me shpron\u00ebsimin, lejohen vet\u00ebm p\u00ebrkundrejt nj\u00eb shp\u00ebrblimi t\u00eb drejt\u00eb.<br \/>\n5. P\u00ebr mosmarr\u00ebveshjet lidhur me mas\u00ebn e shp\u00ebrblimit mund t\u00eb b\u00ebhet ankim n\u00eb gjykat\u00eb.<\/p>\n<p>Me t\u00eb drejt\u00eb lind pyetja se n\u00eb \u00e7\u2019nen t\u00eb Kushtetues u mb\u00ebshtetet ligji i legalizimit? Sipas Kushtetut\u00ebs, \u00e7do ligj burimin dhe baz\u00ebn e tij duhet ta ket\u00eb n\u00eb Kushtetut\u00eb.<br \/>\nKy ligj u d\u00ebrgua n\u00eb Gjykat\u00ebn Kushtetuese, por si\u00e7 ndodh r\u00ebndom, gjyq\u00ebsori yn\u00eb \u00ebsht\u00eb n\u00eb nj\u00eb dit\u00eb p\u00ebr t\u00eb ardhur keq. Gjykata Kushtetuese e quajti legjitim k\u00ebt\u00eb ligj, duke e interpretuar si nj\u00eb nevoj\u00eb publike, por me sa duket po kjo gjykat\u00eb \u201charroi\u201d t\u00eb shprehej se n\u00eb rast t\u00eb zbatimit t\u00eb k\u00ebtij ligji duhej t\u00eb veprohej m\u00eb par\u00eb me ligjin e shpron\u00ebsimit p\u00ebr interes publik.<\/p>\n<p>K\u00ebt\u00eb veprim Gjykata Kushtetuese nuk e b\u00ebri, pasi ajo e kishte d\u00ebshir\u00ebn p\u00ebr t\u00eb mos e mbyllur k\u00ebt\u00eb cik\u00ebl. Ne nuk mund t\u00eb harrojm\u00eb se gjat\u00eb k\u00ebtyre viteve gjyq\u00ebsori n\u00eb t\u00eb shumt\u00ebn e rasteve \u00ebsht\u00eb b\u00ebr\u00eb jo vet\u00ebm pre e presioneve politike, por dhe pal\u00eb n\u00eb interpretimin e kushtetutshm\u00ebris\u00eb t\u00eb nj\u00eb ligji, sidomos kur \u00ebsht\u00eb fjala p\u00ebr nj\u00eb ligj q\u00eb i shkon shum\u00eb p\u00ebr shtat politik\u00ebs son\u00eb t\u00eb mbrapsht\u00eb. Kjo ka b\u00ebr\u00eb q\u00eb n\u00eb t\u00eb vazhdojm\u00eb tranzicionin dhe t\u00eb mbetemi edhe p\u00ebr shum\u00eb vite t\u00eb tjera k\u00ebshtu.<\/p>\n<p>Pra, kemi t\u00eb b\u00ebjm\u00eb me nj\u00eb ligj q\u00eb cenon pron\u00ebn private. Me ligjin e legalizimit vet\u00eb shteti me dashjen e tij b\u00ebri at\u00eb q\u00eb nuk mundi ta b\u00ebj\u00eb asnj\u00eb gjykat\u00eb n\u00eb \u00e7do cep t\u00eb bot\u00ebs, p\u00ebrve\u00e7 sistemeve diktatoriale ku pronari nxirret n\u00eb rrug\u00eb t\u00eb madhe pa problem. \u2028Ky ligj dhe ky veprim do t\u00eb ket\u00eb pasoja t\u00eb pakund\u00ebrshtueshme. K\u00ebt\u00eb e themi, pasi qeveria nuk mundet t\u00eb b\u00ebhet dor\u00ebz\u00ebn\u00ebse e pron\u00ebs private. Nes\u00ebr nj\u00eb qeveri tjet\u00ebr do ta shfuqizoj\u00eb k\u00ebt\u00eb ligj. K\u00ebt\u00eb do ta b\u00ebj\u00eb p\u00ebr arsye se: N\u00ebse do t\u00eb vazhdohet n\u00eb k\u00ebt\u00eb form\u00eb, do t\u00eb ket\u00eb gjithmon\u00eb trazira, do t\u00eb ket\u00eb pik\u00ebpyetje p\u00ebr trash\u00ebgimin\u00eb e pron\u00ebs, e cila mbetet e shenjt\u00eb. Do t\u00eb ket\u00eb gjithmon\u00eb presion nd\u00ebrkomb\u00ebtar dhe aq m\u00eb shum\u00eb do shtohen detyrimet financiare karshi Gjykat\u00ebs Nd\u00ebrkomb\u00ebtare t\u00eb Strasburgut.<\/p>\n<p>S\u00eb dyti: Me k\u00ebt\u00eb ligj, qeveria nuk ka b\u00ebr\u00eb asgj\u00eb m\u00eb shum\u00eb ve\u00e7se ka hapur nj\u00eb konflikt t\u00eb ri mes shqiptar\u00ebve. Kjo, p\u00ebr vet\u00eb faktin se sipas Nenit 42 pika 1, liria, prona dhe t\u00eb drejtat e njohura me Kushtetut\u00eb dhe me ligj nuk mund t\u00eb cenohen pa nj\u00eb proces t\u00eb rregullt ligjor. Do t\u2019i drejtohen drejt\u00ebsis\u00eb europiane, ku p\u00ebr hir t\u00eb s\u00eb v\u00ebrtet\u00ebs, ashtu si\u00e7 e theksuam dhe m\u00eb lart, shteti shqiptar ka dal\u00eb i humbur.<\/p>\n<p>Dikush dhe do mundohet t\u00eb na gjykoj\u00eb p\u00ebr k\u00ebt\u00eb shkrim?<br \/>\nMe t\u00eb drejt\u00eb ju themi se p\u00ebr t\u00eb vepruar p\u00ebr nd\u00ebrtimet pa leje kishte dhe ka rrug\u00eb t\u00eb tjera sa ligjore aq edhe morale, por ngritja e nj\u00eb institucioni si\u00e7 \u00ebsht\u00eb ALUIZNI nuk kan\u00eb b\u00ebr\u00eb gj\u00eb tjet\u00ebr ve\u00e7se ka legalizuar me ligj dhunuesin e pron\u00ebs private. N\u00ebse do t\u2019i p\u00ebrmbahemi ligjit (pasi gjithmon\u00eb themi se duam nj\u00eb shtet ligjor) dhe pik\u00ebrisht Kodit Penal, shohim se me k\u00ebt\u00eb veprim \u00ebsht\u00eb kryer nj\u00eb vep\u00ebr penale.<\/p>\n<p>N\u00ebse e shkelin ligjin k\u00ebta zaptues, p\u00ebrse nuk duhet ta shkelin ligjin dhe pjesa tjet\u00ebr e shoq\u00ebris\u00eb? Prandaj, para se t\u00eb b\u00ebhej ky ligj duhej t\u00eb studiohej nj\u00eb rrug\u00eb tjet\u00ebr.<br \/>\nN\u00eb k\u00ebto kushte, n\u00ebse do t\u00eb shohim me v\u00ebmendje ka diferencime t\u00eb dukshme. KKRRTSH-ja (nuk po zgjatemi m\u00eb me pavlefshm\u00ebrin\u00eb e veprimeve t\u00eb saja, por do ta konsiderojm\u00eb t\u00eb rregullt), ku kryetar i saj \u00ebsht\u00eb Kryeministri, ka miratuar zonat informale. N\u00eb k\u00ebto zona duhej t\u00eb b\u00ebheshin legalizimet e banesave n\u00eb rastet kur ka nd\u00ebrtime pa leje n\u00eb truall t\u00eb pronarit, ose n\u00eb kur nuk ka pronar\u00eb, por figuron pron\u00eb shtet.<\/p>\n<p>Ajo q\u00eb sot t\u00eb bie n\u00eb sy \u00ebsht\u00eb se shteti, pavar\u00ebsisht nga ligji, pra q\u00eb duhet t\u00eb legalizoj\u00eb banesat vet\u00ebm n\u00eb zonat informale ALUIZNI, po kthehet n\u00eb precedent, pasi pranon deklarimet dhe t\u00eb atyre q\u00eb nuk b\u00ebjn\u00eb pjes\u00eb n\u00eb zonat informale, apo akoma dhe m\u00eb keq, kur shohim se nj\u00eb cop\u00eb let\u00ebr e vet\u00eb deklarimit t\u00eb b\u00ebr\u00eb nga personat \u00ebsht\u00eb m\u00eb e vlefshme se sa nj\u00eb studim urbanistik t\u00eb miratuar nga KKRT-ja e bashkis\u00eb. Apo akoma dhe m\u00eb keq, kur n\u00eb at\u00eb zon\u00eb ka dal\u00eb po nga KKRT-ja leja e nd\u00ebrtimit. Apo akoma dhe m\u00eb katrastrofike, kur nj\u00eb vet\u00ebdeklarim pran\u00eb ALUIZNI-t \u00ebsht\u00eb m\u00eb i vlefsh\u00ebm se vet\u00eb v\u00ebrtetimi i pron\u00ebsis\u00eb, kjo p\u00ebr vet\u00eb faktin pasi gjykata e pranon si nj\u00eb fakt t\u00eb ligjsh\u00ebm duke e legjitimuar si t\u00eb drejt\u00eb padin\u00eb e tij.<\/p>\n<p>Kjo situat\u00eb ka b\u00ebr\u00eb q\u00eb pushtuesi t\u00eb jet\u00eb m\u00eb i ligjsh\u00ebm se vet\u00eb pronari. Si pasoj\u00eb lindin konflikte t\u00eb cilat nuk jan\u00eb n\u00eb d\u00ebm vet\u00ebm t\u00eb pronarit apo t\u00eb nd\u00ebrtuesit por, dhe t\u00eb vet\u00eb komunitetit pasi n\u00eb at\u00eb zon\u00eb nuk mundet t\u00eb ket\u00eb zhvillim. Nga ana tjet\u00ebr k\u00ebto konflikte p\u00ebrfundojn\u00eb n\u00ebp\u00ebr dyert e gjykatave ku zgjidhja e tyre vazhdon me vite e vite t\u00eb t\u00ebra. Jemi d\u00ebshmitar\u00eb se jo rrall\u00eb her\u00eb konfliktet mbi pron\u00ebsin\u00eb kan\u00eb degjeneruar deri n\u00eb vepra penale e m\u00eb kaq akoma kur marrin dhe jet\u00eb njer\u00ebzish.<\/p>\n<p>P\u00ebr t\u00eb shmangur t\u00eb gjitha k\u00ebto, shteti si rregullator duhet t\u00eb nd\u00ebrhyj\u00eb menj\u00ebher\u00eb n\u00eb banesat q\u00eb nuk jan\u00eb n\u00eb zona informale, por n\u00eb tokat e pronar\u00ebve dhe ka nj\u00eb plan zhvillimi t\u00eb miratuar, t\u00eb b\u00ebj\u00eb t\u00eb mundur prishjen e tyre. K\u00ebt\u00eb e themi pasi v\u00ebrejm\u00eb se atje ku shteti do t\u00eb veproj\u00eb ai gjen forc\u00ebn dhe vepron, si\u00e7 \u00ebsht\u00eb rasti i fundit i prishjeve n\u00eb bregdet. Rast i cili duhet p\u00ebrsh\u00ebndetur. Mbi baz\u00ebn e k\u00ebsaj nisme duhet urgjentisht t\u00eb veprohet edhe n\u00eb qytetet ku nd\u00ebrtimet pa leje jan\u00eb brenda vij\u00ebs s\u00eb verdh\u00eb dhe po ia z\u00ebn\u00eb frym\u00ebn qytetit, duke mos l\u00ebn\u00eb t\u00eb zhvillohet n\u00eb m\u00ebnyr\u00eb t\u00eb drejt\u00eb dhe t\u00eb shpejt\u00eb. N\u00ebse shteti minimalisht do t\u00eb b\u00ebnte nj\u00eb veprim, do t\u00eb thoshim se shteti vepron n\u00eb t\u00eb gjith\u00eb territorin e vendit nj\u00eblloj, pa dallime e ndjesira personale.<\/p>\n<p>N\u00ebse vazhdohet akoma me d\u00ebshirat e legalizimeve, sipas njohjeve p\u00ebr t\u00eb cilat u shpreh\u00ebm m\u00eb lart, at\u00ebher\u00eb na lind e drejta t\u00eb themi se t\u00eb gjitha prishjet q\u00eb b\u00ebhen sot n\u00eb bregdet b\u00ebhen p\u00ebr interesa t\u00eb ngushta t\u00eb pushtetar\u00ebve dhe jo p\u00ebr zhvillimin e vendit. Shpresojm\u00eb mos t\u00eb jet\u00eb kjo e fundit, pasi do ishte shum\u00eb dramatike p\u00ebr k\u00ebt\u00eb vend dhe pronar\u00ebt e v\u00ebrtet\u00eb do t\u00eb ishin njer\u00ebzit m\u00eb t\u00eb persekutuar t\u00eb k\u00ebtij sistemi, ndoshta m\u00eb t\u00eb persekutuar se sa vet\u00eb sistemi diktatorial. Ata do shohin gjith\u00eb jet\u00ebn se si tallen me pronat e tyre. Do shohin akoma se si pasurohen ata q\u00eb i kan\u00eb zaptuar pron\u00ebn dhe vet\u00eb pronar\u00ebt nuk mund t\u00eb b\u00ebjn\u00eb ve\u00e7se t\u00eb qeshin me pafuqin\u00eb e fatkeq\u00ebsin\u00eb e tyre. T\u00eb shohin se si ai, pronari nuk mundet t\u00eb ket\u00eb nj\u00eb streh\u00eb p\u00ebr familjen e tij.<\/p>\n<p>Nd\u00ebrkoh\u00eb, zaptuesit, t\u00eb cil\u00ebt zot\u00ebrojn\u00eb pronat e jan\u00eb b\u00ebr\u00eb zot\u00ebr t\u00eb pron\u00ebs s\u00eb tjetrit vet\u00ebm e vet\u00ebm se kan\u00eb pasur dhe vazhdojn\u00eb t\u00eb ken\u00eb mb\u00ebshtetjet e qeverive, t\u00eb cilat vazhdojn\u00eb sot e gjith\u00eb dit\u00ebn t\u00eb gjejn\u00eb rrug\u00eb t\u00eb paligjshme p\u00ebr t\u2019i b\u00ebr\u00eb k\u00ebta pushtues t\u00eb ligjsh\u00ebm. Kjo b\u00ebhet vet\u00ebm e vet\u00ebm q\u00eb forcat politike t\u00eb shtojn\u00eb n\u00eb k\u00ebt\u00eb m\u00ebnyr\u00eb elektoratin e tyre, pasi si\u00e7 dihet te ne, nj\u00eb her\u00eb n\u00eb dy vjet, ka zgjedhje dhe k\u00ebtyre m\u00eb shum\u00eb u intereson vota q\u00eb u jep kjo pjes\u00eb e popullsis\u00eb se sa legjitimiteti i pronar\u00ebve t\u00eb ligjsh\u00ebm.<\/p>\n","protected":false},"excerpt":{"rendered":"<p>Fatmir Merko\u00e7i Ligji i legalizimit, i barabart\u00eb me reform\u00ebn agrare t\u00eb vitit 1945 apo m\u00eb i keq se ajo reform\u00eb. Zaptuesit sot ndihen m\u00eb t\u00eb fort\u00eb se pronar\u00ebt, kjo sepse ligji i legalizimit i legjitimon dhe pse n\u00eb vetvete k\u00ebta kan\u00eb kryer nj\u00eb vep\u00ebr penale. asnj\u00eb gjykat\u00eb nuk do kishte guxuar q\u00eb t\u00eb b\u00ebnte nj\u00eb [&hellip;]<\/p>\n","protected":false},"author":1,"featured_media":0,"comment_status":"open","ping_status":"closed","sticky":false,"template":"","format":"standard","meta":{"footnotes":""},"categories":[2],"tags":[],"class_list":{"0":"post-3011","1":"post","2":"type-post","3":"status-publish","4":"format-standard","6":"category-artikuj"},"yoast_head":"<!-- This site is optimized with the Yoast SEO plugin v27.4 - https:\/\/yoast.com\/product\/yoast-seo-wordpress\/ -->\n<title>Provat e antiligjshme t\u00eb ligjit t\u00eb legalizimit - FjALA e LIR\u00cb - Arkivi<\/title>\n<meta name=\"robots\" content=\"index, follow, max-snippet:-1, max-image-preview:large, max-video-preview:-1\" \/>\n<link rel=\"canonical\" href=\"https:\/\/fjala.info\/2009-2015\/provat-e-antiligjshme-te-ligjit-te-legalizimit\/\" \/>\n<meta property=\"og:locale\" content=\"sq_AL\" \/>\n<meta property=\"og:type\" content=\"article\" \/>\n<meta property=\"og:title\" content=\"Provat e antiligjshme t\u00eb ligjit t\u00eb legalizimit - FjALA e LIR\u00cb - Arkivi\" \/>\n<meta property=\"og:description\" content=\"Fatmir Merko\u00e7i Ligji i legalizimit, i barabart\u00eb me reform\u00ebn agrare t\u00eb vitit 1945 apo m\u00eb i keq se ajo reform\u00eb. Zaptuesit sot ndihen m\u00eb t\u00eb fort\u00eb se pronar\u00ebt, kjo sepse ligji i legalizimit i legjitimon dhe pse n\u00eb vetvete k\u00ebta kan\u00eb kryer nj\u00eb vep\u00ebr penale. asnj\u00eb gjykat\u00eb nuk do kishte guxuar q\u00eb t\u00eb b\u00ebnte nj\u00eb [&hellip;]\" \/>\n<meta property=\"og:url\" content=\"https:\/\/fjala.info\/2009-2015\/provat-e-antiligjshme-te-ligjit-te-legalizimit\/\" \/>\n<meta property=\"og:site_name\" content=\"FjALA e LIR\u00cb - Arkivi\" \/>\n<meta property=\"article:published_time\" content=\"2010-06-15T22:01:34+00:00\" \/>\n<meta name=\"author\" content=\"admin\" \/>\n<meta name=\"twitter:card\" content=\"summary_large_image\" \/>\n<meta name=\"twitter:label1\" content=\"Written by\" \/>\n\t<meta name=\"twitter:data1\" content=\"admin\" \/>\n\t<meta name=\"twitter:label2\" content=\"Est. reading time\" \/>\n\t<meta name=\"twitter:data2\" content=\"9 minutes\" \/>\n<script type=\"application\/ld+json\" class=\"yoast-schema-graph\">{\"@context\":\"https:\\\/\\\/schema.org\",\"@graph\":[{\"@type\":\"Article\",\"@id\":\"https:\\\/\\\/fjala.info\\\/2009-2015\\\/provat-e-antiligjshme-te-ligjit-te-legalizimit\\\/#article\",\"isPartOf\":{\"@id\":\"https:\\\/\\\/fjala.info\\\/2009-2015\\\/provat-e-antiligjshme-te-ligjit-te-legalizimit\\\/\"},\"author\":{\"name\":\"admin\",\"@id\":\"https:\\\/\\\/fjala.info\\\/2009-2015\\\/#\\\/schema\\\/person\\\/3aa1163ef05469c496fc94e77611ada2\"},\"headline\":\"Provat e antiligjshme t\u00eb ligjit t\u00eb legalizimit\",\"datePublished\":\"2010-06-15T22:01:34+00:00\",\"mainEntityOfPage\":{\"@id\":\"https:\\\/\\\/fjala.info\\\/2009-2015\\\/provat-e-antiligjshme-te-ligjit-te-legalizimit\\\/\"},\"wordCount\":1841,\"commentCount\":0,\"publisher\":{\"@id\":\"https:\\\/\\\/fjala.info\\\/2009-2015\\\/#organization\"},\"articleSection\":[\"Artikuj\"],\"inLanguage\":\"sq-AL\",\"potentialAction\":[{\"@type\":\"CommentAction\",\"name\":\"Comment\",\"target\":[\"https:\\\/\\\/fjala.info\\\/2009-2015\\\/provat-e-antiligjshme-te-ligjit-te-legalizimit\\\/#respond\"]}]},{\"@type\":\"WebPage\",\"@id\":\"https:\\\/\\\/fjala.info\\\/2009-2015\\\/provat-e-antiligjshme-te-ligjit-te-legalizimit\\\/\",\"url\":\"https:\\\/\\\/fjala.info\\\/2009-2015\\\/provat-e-antiligjshme-te-ligjit-te-legalizimit\\\/\",\"name\":\"Provat e antiligjshme t\u00eb ligjit t\u00eb legalizimit - FjALA e LIR\u00cb - Arkivi\",\"isPartOf\":{\"@id\":\"https:\\\/\\\/fjala.info\\\/2009-2015\\\/#website\"},\"datePublished\":\"2010-06-15T22:01:34+00:00\",\"breadcrumb\":{\"@id\":\"https:\\\/\\\/fjala.info\\\/2009-2015\\\/provat-e-antiligjshme-te-ligjit-te-legalizimit\\\/#breadcrumb\"},\"inLanguage\":\"sq-AL\",\"potentialAction\":[{\"@type\":\"ReadAction\",\"target\":[\"https:\\\/\\\/fjala.info\\\/2009-2015\\\/provat-e-antiligjshme-te-ligjit-te-legalizimit\\\/\"]}]},{\"@type\":\"BreadcrumbList\",\"@id\":\"https:\\\/\\\/fjala.info\\\/2009-2015\\\/provat-e-antiligjshme-te-ligjit-te-legalizimit\\\/#breadcrumb\",\"itemListElement\":[{\"@type\":\"ListItem\",\"position\":1,\"name\":\"Home\",\"item\":\"https:\\\/\\\/fjala.info\\\/2009-2015\\\/\"},{\"@type\":\"ListItem\",\"position\":2,\"name\":\"Provat e antiligjshme t\u00eb ligjit t\u00eb legalizimit\"}]},{\"@type\":\"WebSite\",\"@id\":\"https:\\\/\\\/fjala.info\\\/2009-2015\\\/#website\",\"url\":\"https:\\\/\\\/fjala.info\\\/2009-2015\\\/\",\"name\":\"FjALA e LIR\u00cb - Arkivi\",\"description\":\"Arkivi 2009-2015\",\"publisher\":{\"@id\":\"https:\\\/\\\/fjala.info\\\/2009-2015\\\/#organization\"},\"potentialAction\":[{\"@type\":\"SearchAction\",\"target\":{\"@type\":\"EntryPoint\",\"urlTemplate\":\"https:\\\/\\\/fjala.info\\\/2009-2015\\\/?s={search_term_string}\"},\"query-input\":{\"@type\":\"PropertyValueSpecification\",\"valueRequired\":true,\"valueName\":\"search_term_string\"}}],\"inLanguage\":\"sq-AL\"},{\"@type\":\"Organization\",\"@id\":\"https:\\\/\\\/fjala.info\\\/2009-2015\\\/#organization\",\"name\":\"FjALA e LIR\u00cb - Arkivi\",\"url\":\"https:\\\/\\\/fjala.info\\\/2009-2015\\\/\",\"logo\":{\"@type\":\"ImageObject\",\"inLanguage\":\"sq-AL\",\"@id\":\"https:\\\/\\\/fjala.info\\\/2009-2015\\\/#\\\/schema\\\/logo\\\/image\\\/\",\"url\":\"\",\"contentUrl\":\"\",\"caption\":\"FjALA e LIR\u00cb - Arkivi\"},\"image\":{\"@id\":\"https:\\\/\\\/fjala.info\\\/2009-2015\\\/#\\\/schema\\\/logo\\\/image\\\/\"}},{\"@type\":\"Person\",\"@id\":\"https:\\\/\\\/fjala.info\\\/2009-2015\\\/#\\\/schema\\\/person\\\/3aa1163ef05469c496fc94e77611ada2\",\"name\":\"admin\",\"image\":{\"@type\":\"ImageObject\",\"inLanguage\":\"sq-AL\",\"@id\":\"https:\\\/\\\/fjala.info\\\/2009-2015\\\/wp-content\\\/uploads\\\/2012\\\/02\\\/arben_cokaj-120x150.jpg\",\"url\":\"https:\\\/\\\/fjala.info\\\/2009-2015\\\/wp-content\\\/uploads\\\/2012\\\/02\\\/arben_cokaj-120x150.jpg\",\"contentUrl\":\"https:\\\/\\\/fjala.info\\\/2009-2015\\\/wp-content\\\/uploads\\\/2012\\\/02\\\/arben_cokaj-120x150.jpg\",\"caption\":\"admin\"},\"description\":\"Admin, Fjala e Lir\u00eb\",\"sameAs\":[\"https:\\\/\\\/fjala.info\\\/\"],\"url\":\"https:\\\/\\\/fjala.info\\\/2009-2015\\\/author\\\/admin\\\/\"}]}<\/script>\n<!-- \/ Yoast SEO plugin. -->","yoast_head_json":{"title":"Provat e antiligjshme t\u00eb ligjit t\u00eb legalizimit - FjALA e LIR\u00cb - Arkivi","robots":{"index":"index","follow":"follow","max-snippet":"max-snippet:-1","max-image-preview":"max-image-preview:large","max-video-preview":"max-video-preview:-1"},"canonical":"https:\/\/fjala.info\/2009-2015\/provat-e-antiligjshme-te-ligjit-te-legalizimit\/","og_locale":"sq_AL","og_type":"article","og_title":"Provat e antiligjshme t\u00eb ligjit t\u00eb legalizimit - FjALA e LIR\u00cb - Arkivi","og_description":"Fatmir Merko\u00e7i Ligji i legalizimit, i barabart\u00eb me reform\u00ebn agrare t\u00eb vitit 1945 apo m\u00eb i keq se ajo reform\u00eb. Zaptuesit sot ndihen m\u00eb t\u00eb fort\u00eb se pronar\u00ebt, kjo sepse ligji i legalizimit i legjitimon dhe pse n\u00eb vetvete k\u00ebta kan\u00eb kryer nj\u00eb vep\u00ebr penale. asnj\u00eb gjykat\u00eb nuk do kishte guxuar q\u00eb t\u00eb b\u00ebnte nj\u00eb [&hellip;]","og_url":"https:\/\/fjala.info\/2009-2015\/provat-e-antiligjshme-te-ligjit-te-legalizimit\/","og_site_name":"FjALA e LIR\u00cb - Arkivi","article_published_time":"2010-06-15T22:01:34+00:00","author":"admin","twitter_card":"summary_large_image","twitter_misc":{"Written by":"admin","Est. reading time":"9 minutes"},"schema":{"@context":"https:\/\/schema.org","@graph":[{"@type":"Article","@id":"https:\/\/fjala.info\/2009-2015\/provat-e-antiligjshme-te-ligjit-te-legalizimit\/#article","isPartOf":{"@id":"https:\/\/fjala.info\/2009-2015\/provat-e-antiligjshme-te-ligjit-te-legalizimit\/"},"author":{"name":"admin","@id":"https:\/\/fjala.info\/2009-2015\/#\/schema\/person\/3aa1163ef05469c496fc94e77611ada2"},"headline":"Provat e antiligjshme t\u00eb ligjit t\u00eb legalizimit","datePublished":"2010-06-15T22:01:34+00:00","mainEntityOfPage":{"@id":"https:\/\/fjala.info\/2009-2015\/provat-e-antiligjshme-te-ligjit-te-legalizimit\/"},"wordCount":1841,"commentCount":0,"publisher":{"@id":"https:\/\/fjala.info\/2009-2015\/#organization"},"articleSection":["Artikuj"],"inLanguage":"sq-AL","potentialAction":[{"@type":"CommentAction","name":"Comment","target":["https:\/\/fjala.info\/2009-2015\/provat-e-antiligjshme-te-ligjit-te-legalizimit\/#respond"]}]},{"@type":"WebPage","@id":"https:\/\/fjala.info\/2009-2015\/provat-e-antiligjshme-te-ligjit-te-legalizimit\/","url":"https:\/\/fjala.info\/2009-2015\/provat-e-antiligjshme-te-ligjit-te-legalizimit\/","name":"Provat e antiligjshme t\u00eb ligjit t\u00eb legalizimit - FjALA e LIR\u00cb - Arkivi","isPartOf":{"@id":"https:\/\/fjala.info\/2009-2015\/#website"},"datePublished":"2010-06-15T22:01:34+00:00","breadcrumb":{"@id":"https:\/\/fjala.info\/2009-2015\/provat-e-antiligjshme-te-ligjit-te-legalizimit\/#breadcrumb"},"inLanguage":"sq-AL","potentialAction":[{"@type":"ReadAction","target":["https:\/\/fjala.info\/2009-2015\/provat-e-antiligjshme-te-ligjit-te-legalizimit\/"]}]},{"@type":"BreadcrumbList","@id":"https:\/\/fjala.info\/2009-2015\/provat-e-antiligjshme-te-ligjit-te-legalizimit\/#breadcrumb","itemListElement":[{"@type":"ListItem","position":1,"name":"Home","item":"https:\/\/fjala.info\/2009-2015\/"},{"@type":"ListItem","position":2,"name":"Provat e antiligjshme t\u00eb ligjit t\u00eb legalizimit"}]},{"@type":"WebSite","@id":"https:\/\/fjala.info\/2009-2015\/#website","url":"https:\/\/fjala.info\/2009-2015\/","name":"FjALA e LIR\u00cb - Arkivi","description":"Arkivi 2009-2015","publisher":{"@id":"https:\/\/fjala.info\/2009-2015\/#organization"},"potentialAction":[{"@type":"SearchAction","target":{"@type":"EntryPoint","urlTemplate":"https:\/\/fjala.info\/2009-2015\/?s={search_term_string}"},"query-input":{"@type":"PropertyValueSpecification","valueRequired":true,"valueName":"search_term_string"}}],"inLanguage":"sq-AL"},{"@type":"Organization","@id":"https:\/\/fjala.info\/2009-2015\/#organization","name":"FjALA e LIR\u00cb - Arkivi","url":"https:\/\/fjala.info\/2009-2015\/","logo":{"@type":"ImageObject","inLanguage":"sq-AL","@id":"https:\/\/fjala.info\/2009-2015\/#\/schema\/logo\/image\/","url":"","contentUrl":"","caption":"FjALA e LIR\u00cb - Arkivi"},"image":{"@id":"https:\/\/fjala.info\/2009-2015\/#\/schema\/logo\/image\/"}},{"@type":"Person","@id":"https:\/\/fjala.info\/2009-2015\/#\/schema\/person\/3aa1163ef05469c496fc94e77611ada2","name":"admin","image":{"@type":"ImageObject","inLanguage":"sq-AL","@id":"https:\/\/fjala.info\/2009-2015\/wp-content\/uploads\/2012\/02\/arben_cokaj-120x150.jpg","url":"https:\/\/fjala.info\/2009-2015\/wp-content\/uploads\/2012\/02\/arben_cokaj-120x150.jpg","contentUrl":"https:\/\/fjala.info\/2009-2015\/wp-content\/uploads\/2012\/02\/arben_cokaj-120x150.jpg","caption":"admin"},"description":"Admin, Fjala e Lir\u00eb","sameAs":["https:\/\/fjala.info\/"],"url":"https:\/\/fjala.info\/2009-2015\/author\/admin\/"}]}},"_links":{"self":[{"href":"https:\/\/fjala.info\/2009-2015\/wp-json\/wp\/v2\/posts\/3011","targetHints":{"allow":["GET"]}}],"collection":[{"href":"https:\/\/fjala.info\/2009-2015\/wp-json\/wp\/v2\/posts"}],"about":[{"href":"https:\/\/fjala.info\/2009-2015\/wp-json\/wp\/v2\/types\/post"}],"author":[{"embeddable":true,"href":"https:\/\/fjala.info\/2009-2015\/wp-json\/wp\/v2\/users\/1"}],"replies":[{"embeddable":true,"href":"https:\/\/fjala.info\/2009-2015\/wp-json\/wp\/v2\/comments?post=3011"}],"version-history":[{"count":0,"href":"https:\/\/fjala.info\/2009-2015\/wp-json\/wp\/v2\/posts\/3011\/revisions"}],"wp:attachment":[{"href":"https:\/\/fjala.info\/2009-2015\/wp-json\/wp\/v2\/media?parent=3011"}],"wp:term":[{"taxonomy":"category","embeddable":true,"href":"https:\/\/fjala.info\/2009-2015\/wp-json\/wp\/v2\/categories?post=3011"},{"taxonomy":"post_tag","embeddable":true,"href":"https:\/\/fjala.info\/2009-2015\/wp-json\/wp\/v2\/tags?post=3011"}],"curies":[{"name":"wp","href":"https:\/\/api.w.org\/{rel}","templated":true}]}}