{"id":3004,"date":"2012-05-28T21:41:27","date_gmt":"2012-05-28T20:41:27","guid":{"rendered":"http:\/\/www.fjala.info\/?p=3004"},"modified":"2012-05-28T21:41:27","modified_gmt":"2012-05-28T20:41:27","slug":"ben-mire-te-trembesh-sali-berisha","status":"publish","type":"post","link":"https:\/\/fjala.info\/2009-2015\/ben-mire-te-trembesh-sali-berisha\/","title":{"rendered":"B\u00ebn mir\u00eb t\u00eb trembesh Sali Berisha!"},"content":{"rendered":"<p><img decoding=\"async\" class=\"alignright size-thumbnail wp-image-7236\" title=\"Mero Baze\" src=\"http:\/\/www.shkoder.net\/images\/fjala\/mero_baze1.jpg\" alt=\"\" width=\"150\" \/> Nga <strong>Mero Baze<\/strong>, <em>28 Maj 2012 <\/em><\/p>\n<p>Qenka trembur seriozisht dhe kjo m\u00eb k\u00ebnaq. N\u00eb kulmin e pushtetit dhe pand\u00ebshkueshm\u00ebris\u00eb, n\u00eb kulmin e kontrollit mbi gjith\u00e7ka dhe \u00e7do gj\u00eb q\u00eb ndodh n\u00eb k\u00ebt\u00eb vend, n\u00eb kulmin e pasurimit t\u00eb paligjsh\u00ebm dhe etjes s\u00eb shfrenuar p\u00ebr t\u00eb rr\u00ebmbyer gjith\u00e7ka, ka kuptuar papritur se mund t\u00eb ik\u00eb. N\u00eb fillim e ka marr\u00eb si loj\u00eb, por dita- dit\u00ebs po shikon se me t\u00eb vet\u00ebt ai nuk mund t\u00eb rrij\u00eb n\u00eb pushtet. N\u00eb mesdit\u00ebn e s\u00eb h\u00ebn\u00ebs nervat e kishin l\u00ebshuar, syt\u00eb i ishin futur m\u00eb shum\u00eb se \u00e7\u2019duhet brenda zgavrave nj\u00ebsoj si pas 21 Janarit, dhe duket se qet\u00ebsuesit nuk i kan\u00eb b\u00ebr\u00eb derman.<\/p>\n<p>N\u00eb krye t\u00eb sulmit e nisi me gazet\u00ebn Tema. I kish ngelur n\u00eb mendje nj\u00eb \u201cperiudh\u00eb e art\u00eb\u201d p\u00ebr t\u00eb, kur p\u00ebr disa muaj e mbylli gazet\u00ebn me polic\u00eb, t\u00eb cil\u00ebt vazhdojn\u00eb t\u00eb marrin ende rrog\u00ebn p\u00ebr t\u00eb mos na l\u00ebn\u00eb t\u00eb hyjm\u00eb n\u00eb redaksi. N\u00eb p\u00ebrpjekje p\u00ebr t\u00eb qet\u00ebsuar t\u00eb vet\u00ebt, q\u00eb shikojn\u00eb se po i ik\u00ebn pushteti nga duart p\u00ebr shkak t\u00eb konfliktit me LSI, ai p\u00ebrpiqet t\u2019i qet\u00ebsoj\u00eb duke u th\u00ebn\u00eb se LSI nuk do t\u00eb ik\u00eb dhe se jan\u00eb t\u00eb tjer\u00eb ata q\u00eb duan tu prishin terezin\u00eb, \u00ebsht\u00eb gazeta Tema, \u00ebsht\u00eb presidenti, \u00ebsht\u00eb opozita\u2026<\/p>\n<p>Nuk kam nd\u00ebrmend t\u2019i p\u00ebrgjigjem nj\u00eb qenie q\u00eb sa her\u00eb ndjehet ngusht\u00eb, mblidhet si gjarpri skrupull n\u00eb vrim\u00eb dhe ngre kok\u00ebn t\u00eb helmoj\u00eb k\u00ebdo q\u00eb mendon se e ka detyruar t\u00eb futet n\u00eb at\u00eb vrim\u00eb. Por p\u00ebr respekt t\u00eb lexuesve dhe opinionit publik dua t\u00eb theksoj nj\u00eb zhvillim q\u00eb ne na b\u00ebn krenar\u00eb n\u00eb raport me k\u00ebt\u00eb qenie t\u00eb gjall\u00eb q\u00eb i ka dit\u00ebt e num\u00ebruara.<\/p>\n<p>Ajo q\u00eb na b\u00ebn krenar\u00eb ne si gazetar\u00eb t\u00eb gazet\u00ebs Tema \u00ebsht\u00eb se n\u00eb kulmin e pushtetit t\u00eb nj\u00eb njeriu t\u00eb lig dhe t\u00eb nj\u00eb Familje t\u00eb lig\u00eb n\u00eb pushtet, ne nuk u b\u00ebm\u00eb shembull i n\u00ebnshtrimit dhe as nj\u00eb shembull suksesi i nd\u00ebshkimit t\u00eb k\u00ebsaj qenie t\u00eb lig\u00eb. Sali Berisha nuk ka l\u00ebn\u00eb asgj\u00eb pa b\u00ebr\u00eb kund\u00ebr gazet\u00ebs Tema, kund\u00ebr meje personalisht dhe familjes sime, jo se kishte q\u00ebllim n\u00eb vetvete q\u00eb t\u00eb na zhdukte, por donte tu tregonte shqiptar\u00ebve se kush ngrinte gishtin kund\u00ebr tij, do ta p\u00ebsonte keq. Nuk kam qen\u00eb shum\u00eb i d\u00ebshp\u00ebruar kur im bir m\u00eb ka zgjuar n\u00eb tre t\u00eb nat\u00ebs p\u00ebr t\u00eb m\u00eb th\u00ebn\u00eb se po digjej makina para pallatit ku gjith\u00eb dit\u00ebn kish ndenjur shoferi i familjes s\u00eb tij.<\/p>\n<p>Nuk kam qen\u00eb aq i shqet\u00ebsuar kur babai i traumatizuar 80 vje\u00e7ar, m\u00eb ka marr\u00eb n\u00eb telefon dhe m\u00eb tha se ka d\u00ebrguar Berisha njer\u00ebz t\u00eb na prishin sht\u00ebpin\u00eb. Nuk kam qen\u00eb shum\u00eb i m\u00ebrzitur kur policia nd\u00ebrtimore qysh n\u00eb or\u00ebn 5 t\u00eb m\u00ebngjesit rrafshoi n\u00eb tok\u00eb sht\u00ebpin\u00eb e sime mot\u00ebr p\u00ebr t\u2019i raportuar Berish\u00ebs se e b\u00ebn\u00eb detyr\u00ebn. Nuk kam\u00eb qen\u00eb i d\u00ebshp\u00ebruar kur Ridvan Bode dhe Agim Shehu vinin gjoba marramend\u00ebse p\u00ebr \u00e7do fjal\u00eb t\u00eb shkruar n\u00eb gazet\u00ebn Tema dhe as p\u00ebr gjyqet pafund t\u00eb saj.<\/p>\n<p>Kam qen\u00eb i d\u00ebshp\u00ebruar vet\u00ebm n\u00eb nj\u00eb moment, n\u00eb fillim t\u00eb vitit 2010 kur u detyrova n\u00ebn dhun\u00ebn e polic\u00ebve q\u00eb nuk t\u00eb lejonin t\u00eb hyje n\u00eb redaksi, n\u00ebn sulme bandit\u00ebsh q\u00eb pozonin me gruan e tij tribunave pasi e paguanin miliona, dhe n\u00ebn gjobat e r\u00ebnda marramend\u00ebse t\u00eb dy kamikaz\u00ebve q\u00eb do mbeten n\u00eb histori si dy figurina t\u00eb neveritshme t\u00eb shtetit shqiptar, Ridvan Bodes dhe Agim Shehut, q\u00eb gazeta t\u00eb ndalte botimin e saj n\u00eb print p\u00ebr disa muaj. D\u00ebshp\u00ebrimi nuk kishte t\u00eb b\u00ebnte me d\u00ebmet materiale dhe shkat\u00ebrrimin e biznesit, por me frik\u00ebn q\u00eb po ngjallej n\u00eb shoq\u00ebri nga ky gjest.<\/p>\n<p>Fill pas Tem\u00ebs kat\u00ebr gazeta t\u00eb tjera u mbyll\u00ebn nj\u00ebra pas tjetr\u00ebs pa zhurm\u00eb, pasi kishin pronar\u00ebt biznesmen\u00eb q\u00eb nuk donin t\u00eb kishin telashe me shtetin. I trim\u00ebruar nga ky sukses, Sali Berisha p\u00ebrdori nj\u00eb langua t\u00eb tij, t\u00eb quajtur Agim Nesho, p\u00ebr t\u00eb mbyllur dhe emisionin \u201cFaktor Plus\u201d n\u00eb Vizion Plus, duke premtuar para dhe biznese p\u00ebr nj\u00eb palo sekser t\u00eb pal\u00ebs gjermane n\u00eb Shqip\u00ebri. Emisioni, i cili kishte shikueshm\u00ebri t\u00eb lart\u00eb p\u00ebr shkak t\u00eb q\u00ebndrimeve kritike ndaj qeveris\u00eb, i ishte b\u00ebr\u00eb gangren\u00eb Familjes dhe donin doemos t\u00eb mos e shikonin m\u00eb. Ka qen\u00eb pik\u00ebrisht ky momenti kur e pash\u00eb se ky njeri po institucionalizonte frik\u00ebn ndaj kujtdo q\u00eb tentonte t\u00eb ngrinte z\u00ebrin.<\/p>\n<p>Dhe ka qen\u00eb pik\u00ebrisht ky moment kur e kam rihapur gazet\u00ebn Tema me nj\u00eb laptop dhe dy-tre gazetar\u00eb, me t\u00eb ardhura thuajse minimale, p\u00ebr ta risjell\u00eb sot si gazet\u00ebn m\u00eb t\u00eb lexuar n\u00eb Shqip\u00ebri, me qindra- mij\u00ebra vizitor\u00eb dhe rreth 5 milion\u00eb klikime n\u00eb 24 or\u00eb mbi faqen e saj. Nuk \u00ebsht\u00eb se vlen t\u00eb lexohet kaq shum\u00eb sa e lexojn\u00eb, pasi jemi nj\u00eb ekip i vog\u00ebl, modest dhe pa shum\u00eb fuqi financiare p\u00ebr t\u00eb b\u00ebr\u00eb nj\u00eb gazet\u00eb t\u00eb nivelit t\u00eb lart\u00eb, por shembulli q\u00eb dham\u00eb p\u00ebr t\u2019iu kund\u00ebrv\u00ebn\u00eb nj\u00eb njeriu t\u00eb lig n\u00eb pushtet ka mbledhur rreth nesh aq shum\u00eb njer\u00ebz sa Sali Berish\u00ebs i dalin n\u00eb gjum\u00eb dhe i duket sot si fatkeq\u00ebsi komb\u00ebtare.<\/p>\n<p>Ai nuk \u00ebsht\u00eb sot i shqet\u00ebsuar se \u00e7far\u00eb shkruan gazeta Tema, se e mb\u00ebshtet apo jo opozit\u00ebn, se e nxit apo ndal r\u00ebnien e qeveris\u00eb s\u00eb tij. Ai nuk \u00ebsht\u00eb i shqet\u00ebsuar n\u00ebse ne jemi dakord apo jo me dark\u00ebn e Lalzit apo mocionin e mosbesimit. Ai \u00ebsht\u00eb i shqet\u00ebsuar se pik\u00ebrisht kur ai i ka t\u00eb gjitha mund\u00ebsit\u00eb p\u00ebr t\u00eb shtypur nj\u00eb medie dhe nj\u00eb gazetar, nuk ia del dot, p\u00ebrkundrazi e b\u00ebn at\u00eb m\u00eb popullore dhe m\u00eb t\u00eb lexuar\u00ebn n\u00eb vend. Kjo \u00ebsht\u00eb nj\u00eb dram\u00eb e madhe e tij dhe e Familjes s\u00eb tij. Kjo \u00ebsht\u00eb dhe ajo q\u00eb na b\u00ebn krenar n\u00eb raport m\u00eb k\u00ebt\u00eb burr\u00eb t\u00eb lig q\u00eb i ka ngel\u00eb n\u00eb der\u00eb k\u00ebtij vendi si nj\u00eb fatkeq\u00ebsi.<\/p>\n<p>Fakti q\u00eb ne rezistuam dhe ia dol\u00ebm t\u00eb shum\u00ebfishohemi para tij, nxiti n\u00eb treg daljen e mediave t\u00eb reja opozitare dhe t\u00eb pavarura, dhe ne sot jo vet\u00ebm q\u00eb nuk ndjehemi vet\u00ebm si dy- tri vjet m\u00eb par\u00eb, por jemi komod duke pasur medie t\u00eb reja jokonformiste me qeverin\u00eb dhe kritike ndaj saj, si Respublica, Shqiptarja.com apo forcim t\u00eb q\u00ebndrimeve kritike t\u00eb shum\u00eb medieve t\u00eb m\u00ebdha, si Top Channel, Vizion Plus etj, t\u00eb cilat p\u00ebr nj\u00eb koh\u00eb u tulat\u00ebn nga frika sa dhe emrin e Shk\u00eblzen Berish\u00ebs nuk e zinin dot n\u00eb goj\u00eb.<\/p>\n<p>\u00cbsht\u00eb pik\u00ebrisht ky bilanc i thell\u00eb humbjeje i Sali Berish\u00ebs dhe band\u00ebs s\u00eb tij me medien kritike n\u00eb Shqip\u00ebri, q\u00eb e b\u00ebn at\u00eb sot nj\u00eb njeri t\u00eb pasigurt dhe plot urrejtje ndaj nj\u00eb gazete, t\u00eb cil\u00ebn mendoi se e groposi, por sot e ka m\u00eb popullore se kurr\u00eb para syve t\u00eb tij. E kuptojm\u00eb d\u00ebshp\u00ebrimin e tij dhe ndjehemi mir\u00eb. Ne jemi k\u00ebtu dhe do t\u00eb jemi gjat\u00eb k\u00ebtu p\u00ebr t\u00eb p\u00ebrshkruar jo vet\u00ebm r\u00ebnien e tij, por dhe roje p\u00ebr t\u00eb \u00e7uar deri n\u00eb fund drejt\u00ebsin\u00eb ndaj \u00e7do viktime t\u00eb tij. Shum\u00eb vet\u00eb mund ta harrojn\u00eb, por ne jemi z\u00ebri i nd\u00ebrgjegjes s\u00eb atij publiku shqiptar q\u00eb nuk do t\u00eb reshtim s\u00eb k\u00ebrkuari drejt\u00ebsi p\u00ebr viktimat e G\u00ebrdecit derisa pronar\u00ebt real\u00eb t\u00eb Fabrik\u00ebs s\u00eb Vdekjes t\u00eb shkojn\u00eb para drejt\u00ebsis\u00eb.<\/p>\n<p>Gazeta Tema dhe un\u00eb personalisht kam shkruar qysh n\u00eb mesin e muajit n\u00ebntor 2007, pes\u00eb muaj para se G\u00ebrdeci t\u00eb shp\u00ebrthente, se Berisha duhet t\u00eb jepte llogari n\u00ebse dilte se djali i tij merrej me biznes armatimesh\u2026 Nuk prit\u00ebm t\u00eb shp\u00ebrthente G\u00ebrdeci p\u00ebr ta lidhur at\u00eb dhe Familjen e tij me biznesin vdekjeprur\u00ebs. Dhe nuk do reshtim p\u00ebr vite t\u00eb t\u00ebra ta p\u00ebrs\u00ebrisim k\u00ebt\u00eb t\u00eb v\u00ebrtet\u00eb derisa drejt\u00ebsia t\u00eb b\u00ebj\u00eb pun\u00ebn e saj.<\/p>\n<p>Nuk do t\u2019ia harrojm\u00eb Sali Berish\u00ebs ortak\u00ebrin\u00eb e tij me mafien e karburanteve dhe mafien e drog\u00ebs, me kriminel\u00eb q\u00eb sh\u00ebtisin n\u00eb vetura ministrash dhe paguajn\u00eb ish- kryebadigardin e tij p\u00ebr t\u00eb mos u arrestuar, nuk do t\u2019i falim pagator\u00ebt e gruas s\u00eb tij dhe gjobat e s\u00eb bij\u00ebs p\u00ebr ata q\u00eb duan t\u00eb investojn\u00eb n\u00eb Shqip\u00ebri, t\u00eb cil\u00ebve u k\u00ebrkon 3 p\u00ebr qind p\u00ebr firm\u00ebn e babait. Nuk do t\u2019ia falim Sali Berish\u00ebs 21 Janarin, akuzat ndaj nesh si pu\u00e7ist\u00eb dhe vrasjen e Aleks Nik\u00ebs, Faik Myrtajt, Hekuran Ded\u00ebs dhe Ziver Veizit.<\/p>\n<p>Do t\u2019ia p\u00ebrmendim sa t\u00eb jet\u00eb ai gjall\u00eb dhe derisa drejt\u00ebsia t\u00eb b\u00ebj\u00eb pun\u00ebn e saj. Kjo \u00ebsht\u00eb marr\u00ebveshja jon\u00eb me publikun dhe lexuesit q\u00eb kemi n\u00eb krah sot dhe nuk ka lidhje me pazaret q\u00eb ka b\u00ebr\u00eb dhe mund t\u00eb b\u00ebj\u00eb politika n\u00eb k\u00ebt\u00eb vend. Dhe p\u00ebr k\u00ebt\u00eb b\u00ebn mir\u00eb t\u00eb trembesh Sali Berisha! Mos e merr kaq leht\u00eb dhe mos m\u00eb thuaj q\u00eb je trim. Dhe mos m\u00eb thuaj q\u00eb ke dhe familje trimash. S\u00eb paku mos ma trego mua, se t\u00eb kam par\u00eb vet\u00ebm t\u00eb skrupullosur si nj\u00eb kukudh pa e ditur ku kishe gruan, djalin, vajz\u00ebn dhe rojet.<\/p>\n<p>Nj\u00ebsoj si\u00e7 mu duke t\u00eb h\u00ebn\u00ebn n\u00eb mesdit\u00eb kur shfryje dufin ndaj gazet\u00ebs Tema q\u00eb t\u00eb pask\u00ebsh trembur me nj\u00eb editorial ku b\u00ebnte thirrje t\u00eb t\u00eb q\u00ebronin si kryeminist\u00ebr! B\u00ebn mir\u00eb t\u00eb trembesh! Kur vran\u00eb Gadafin, nj\u00eb editorialist i famsh\u00ebm i New York Times shkroi se vdekja makab\u00ebr e Gadafit imitoi jet\u00ebn e tij q\u00eb shkoi duke vrar\u00eb. Edhe ikja jote fatkeq\u00ebsisht po vjen nga prapaskenat dhe pazaret, duke imituar gjith\u00eb jet\u00ebn t\u00ebnde n\u00eb politik\u00eb, gjith\u00eb tinzarit\u00eb, prapaskenat, paburr\u00ebrit\u00eb dhe veset e tua.<\/p>\n","protected":false},"excerpt":{"rendered":"<p>Nga Mero Baze, 28 Maj 2012 Qenka trembur seriozisht dhe kjo m\u00eb k\u00ebnaq. N\u00eb kulmin e pushtetit dhe pand\u00ebshkueshm\u00ebris\u00eb, n\u00eb kulmin e kontrollit mbi gjith\u00e7ka dhe \u00e7do gj\u00eb q\u00eb ndodh n\u00eb k\u00ebt\u00eb vend, n\u00eb kulmin e pasurimit t\u00eb paligjsh\u00ebm dhe etjes s\u00eb shfrenuar p\u00ebr t\u00eb rr\u00ebmbyer gjith\u00e7ka, ka kuptuar papritur se mund t\u00eb ik\u00eb. N\u00eb [&hellip;]<\/p>\n","protected":false},"author":1,"featured_media":0,"comment_status":"open","ping_status":"closed","sticky":false,"template":"","format":"standard","meta":{"footnotes":""},"categories":[2],"tags":[],"class_list":{"0":"post-3004","1":"post","2":"type-post","3":"status-publish","4":"format-standard","6":"category-artikuj"},"yoast_head":"<!-- This site is optimized with the Yoast SEO plugin v27.4 - https:\/\/yoast.com\/product\/yoast-seo-wordpress\/ -->\n<title>B\u00ebn mir\u00eb t\u00eb trembesh Sali Berisha! - FjALA e LIR\u00cb - Arkivi<\/title>\n<meta name=\"robots\" content=\"index, follow, max-snippet:-1, max-image-preview:large, max-video-preview:-1\" \/>\n<link rel=\"canonical\" href=\"https:\/\/fjala.info\/2009-2015\/ben-mire-te-trembesh-sali-berisha\/\" \/>\n<meta property=\"og:locale\" content=\"sq_AL\" \/>\n<meta property=\"og:type\" content=\"article\" \/>\n<meta property=\"og:title\" content=\"B\u00ebn mir\u00eb t\u00eb trembesh Sali Berisha! - FjALA e LIR\u00cb - Arkivi\" \/>\n<meta property=\"og:description\" content=\"Nga Mero Baze, 28 Maj 2012 Qenka trembur seriozisht dhe kjo m\u00eb k\u00ebnaq. N\u00eb kulmin e pushtetit dhe pand\u00ebshkueshm\u00ebris\u00eb, n\u00eb kulmin e kontrollit mbi gjith\u00e7ka dhe \u00e7do gj\u00eb q\u00eb ndodh n\u00eb k\u00ebt\u00eb vend, n\u00eb kulmin e pasurimit t\u00eb paligjsh\u00ebm dhe etjes s\u00eb shfrenuar p\u00ebr t\u00eb rr\u00ebmbyer gjith\u00e7ka, ka kuptuar papritur se mund t\u00eb ik\u00eb. N\u00eb [&hellip;]\" \/>\n<meta property=\"og:url\" content=\"https:\/\/fjala.info\/2009-2015\/ben-mire-te-trembesh-sali-berisha\/\" \/>\n<meta property=\"og:site_name\" content=\"FjALA e LIR\u00cb - Arkivi\" \/>\n<meta property=\"article:published_time\" content=\"2012-05-28T20:41:27+00:00\" \/>\n<meta property=\"og:image\" content=\"http:\/\/www.shkoder.net\/images\/fjala\/mero_baze1.jpg\" \/>\n<meta name=\"author\" content=\"admin\" \/>\n<meta name=\"twitter:card\" content=\"summary_large_image\" \/>\n<meta name=\"twitter:label1\" content=\"Written by\" \/>\n\t<meta name=\"twitter:data1\" content=\"admin\" \/>\n\t<meta name=\"twitter:label2\" content=\"Est. reading time\" \/>\n\t<meta name=\"twitter:data2\" content=\"9 minutes\" \/>\n<script type=\"application\/ld+json\" class=\"yoast-schema-graph\">{\"@context\":\"https:\\\/\\\/schema.org\",\"@graph\":[{\"@type\":\"Article\",\"@id\":\"https:\\\/\\\/fjala.info\\\/2009-2015\\\/ben-mire-te-trembesh-sali-berisha\\\/#article\",\"isPartOf\":{\"@id\":\"https:\\\/\\\/fjala.info\\\/2009-2015\\\/ben-mire-te-trembesh-sali-berisha\\\/\"},\"author\":{\"name\":\"admin\",\"@id\":\"https:\\\/\\\/fjala.info\\\/2009-2015\\\/#\\\/schema\\\/person\\\/3aa1163ef05469c496fc94e77611ada2\"},\"headline\":\"B\u00ebn mir\u00eb t\u00eb trembesh Sali Berisha!\",\"datePublished\":\"2012-05-28T20:41:27+00:00\",\"mainEntityOfPage\":{\"@id\":\"https:\\\/\\\/fjala.info\\\/2009-2015\\\/ben-mire-te-trembesh-sali-berisha\\\/\"},\"wordCount\":1783,\"commentCount\":0,\"publisher\":{\"@id\":\"https:\\\/\\\/fjala.info\\\/2009-2015\\\/#organization\"},\"image\":{\"@id\":\"https:\\\/\\\/fjala.info\\\/2009-2015\\\/ben-mire-te-trembesh-sali-berisha\\\/#primaryimage\"},\"thumbnailUrl\":\"http:\\\/\\\/www.shkoder.net\\\/images\\\/fjala\\\/mero_baze1.jpg\",\"articleSection\":[\"Artikuj\"],\"inLanguage\":\"sq-AL\",\"potentialAction\":[{\"@type\":\"CommentAction\",\"name\":\"Comment\",\"target\":[\"https:\\\/\\\/fjala.info\\\/2009-2015\\\/ben-mire-te-trembesh-sali-berisha\\\/#respond\"]}]},{\"@type\":\"WebPage\",\"@id\":\"https:\\\/\\\/fjala.info\\\/2009-2015\\\/ben-mire-te-trembesh-sali-berisha\\\/\",\"url\":\"https:\\\/\\\/fjala.info\\\/2009-2015\\\/ben-mire-te-trembesh-sali-berisha\\\/\",\"name\":\"B\u00ebn mir\u00eb t\u00eb trembesh Sali Berisha! - FjALA e LIR\u00cb - Arkivi\",\"isPartOf\":{\"@id\":\"https:\\\/\\\/fjala.info\\\/2009-2015\\\/#website\"},\"primaryImageOfPage\":{\"@id\":\"https:\\\/\\\/fjala.info\\\/2009-2015\\\/ben-mire-te-trembesh-sali-berisha\\\/#primaryimage\"},\"image\":{\"@id\":\"https:\\\/\\\/fjala.info\\\/2009-2015\\\/ben-mire-te-trembesh-sali-berisha\\\/#primaryimage\"},\"thumbnailUrl\":\"http:\\\/\\\/www.shkoder.net\\\/images\\\/fjala\\\/mero_baze1.jpg\",\"datePublished\":\"2012-05-28T20:41:27+00:00\",\"breadcrumb\":{\"@id\":\"https:\\\/\\\/fjala.info\\\/2009-2015\\\/ben-mire-te-trembesh-sali-berisha\\\/#breadcrumb\"},\"inLanguage\":\"sq-AL\",\"potentialAction\":[{\"@type\":\"ReadAction\",\"target\":[\"https:\\\/\\\/fjala.info\\\/2009-2015\\\/ben-mire-te-trembesh-sali-berisha\\\/\"]}]},{\"@type\":\"ImageObject\",\"inLanguage\":\"sq-AL\",\"@id\":\"https:\\\/\\\/fjala.info\\\/2009-2015\\\/ben-mire-te-trembesh-sali-berisha\\\/#primaryimage\",\"url\":\"http:\\\/\\\/www.shkoder.net\\\/images\\\/fjala\\\/mero_baze1.jpg\",\"contentUrl\":\"http:\\\/\\\/www.shkoder.net\\\/images\\\/fjala\\\/mero_baze1.jpg\"},{\"@type\":\"BreadcrumbList\",\"@id\":\"https:\\\/\\\/fjala.info\\\/2009-2015\\\/ben-mire-te-trembesh-sali-berisha\\\/#breadcrumb\",\"itemListElement\":[{\"@type\":\"ListItem\",\"position\":1,\"name\":\"Home\",\"item\":\"https:\\\/\\\/fjala.info\\\/2009-2015\\\/\"},{\"@type\":\"ListItem\",\"position\":2,\"name\":\"B\u00ebn mir\u00eb t\u00eb trembesh Sali Berisha!\"}]},{\"@type\":\"WebSite\",\"@id\":\"https:\\\/\\\/fjala.info\\\/2009-2015\\\/#website\",\"url\":\"https:\\\/\\\/fjala.info\\\/2009-2015\\\/\",\"name\":\"FjALA e LIR\u00cb - Arkivi\",\"description\":\"Arkivi 2009-2015\",\"publisher\":{\"@id\":\"https:\\\/\\\/fjala.info\\\/2009-2015\\\/#organization\"},\"potentialAction\":[{\"@type\":\"SearchAction\",\"target\":{\"@type\":\"EntryPoint\",\"urlTemplate\":\"https:\\\/\\\/fjala.info\\\/2009-2015\\\/?s={search_term_string}\"},\"query-input\":{\"@type\":\"PropertyValueSpecification\",\"valueRequired\":true,\"valueName\":\"search_term_string\"}}],\"inLanguage\":\"sq-AL\"},{\"@type\":\"Organization\",\"@id\":\"https:\\\/\\\/fjala.info\\\/2009-2015\\\/#organization\",\"name\":\"FjALA e LIR\u00cb - Arkivi\",\"url\":\"https:\\\/\\\/fjala.info\\\/2009-2015\\\/\",\"logo\":{\"@type\":\"ImageObject\",\"inLanguage\":\"sq-AL\",\"@id\":\"https:\\\/\\\/fjala.info\\\/2009-2015\\\/#\\\/schema\\\/logo\\\/image\\\/\",\"url\":\"\",\"contentUrl\":\"\",\"caption\":\"FjALA e LIR\u00cb - Arkivi\"},\"image\":{\"@id\":\"https:\\\/\\\/fjala.info\\\/2009-2015\\\/#\\\/schema\\\/logo\\\/image\\\/\"}},{\"@type\":\"Person\",\"@id\":\"https:\\\/\\\/fjala.info\\\/2009-2015\\\/#\\\/schema\\\/person\\\/3aa1163ef05469c496fc94e77611ada2\",\"name\":\"admin\",\"image\":{\"@type\":\"ImageObject\",\"inLanguage\":\"sq-AL\",\"@id\":\"https:\\\/\\\/fjala.info\\\/2009-2015\\\/wp-content\\\/uploads\\\/2012\\\/02\\\/arben_cokaj-120x150.jpg\",\"url\":\"https:\\\/\\\/fjala.info\\\/2009-2015\\\/wp-content\\\/uploads\\\/2012\\\/02\\\/arben_cokaj-120x150.jpg\",\"contentUrl\":\"https:\\\/\\\/fjala.info\\\/2009-2015\\\/wp-content\\\/uploads\\\/2012\\\/02\\\/arben_cokaj-120x150.jpg\",\"caption\":\"admin\"},\"description\":\"Admin, Fjala e Lir\u00eb\",\"sameAs\":[\"https:\\\/\\\/fjala.info\\\/\"],\"url\":\"https:\\\/\\\/fjala.info\\\/2009-2015\\\/author\\\/admin\\\/\"}]}<\/script>\n<!-- \/ Yoast SEO plugin. -->","yoast_head_json":{"title":"B\u00ebn mir\u00eb t\u00eb trembesh Sali Berisha! - FjALA e LIR\u00cb - Arkivi","robots":{"index":"index","follow":"follow","max-snippet":"max-snippet:-1","max-image-preview":"max-image-preview:large","max-video-preview":"max-video-preview:-1"},"canonical":"https:\/\/fjala.info\/2009-2015\/ben-mire-te-trembesh-sali-berisha\/","og_locale":"sq_AL","og_type":"article","og_title":"B\u00ebn mir\u00eb t\u00eb trembesh Sali Berisha! - FjALA e LIR\u00cb - Arkivi","og_description":"Nga Mero Baze, 28 Maj 2012 Qenka trembur seriozisht dhe kjo m\u00eb k\u00ebnaq. N\u00eb kulmin e pushtetit dhe pand\u00ebshkueshm\u00ebris\u00eb, n\u00eb kulmin e kontrollit mbi gjith\u00e7ka dhe \u00e7do gj\u00eb q\u00eb ndodh n\u00eb k\u00ebt\u00eb vend, n\u00eb kulmin e pasurimit t\u00eb paligjsh\u00ebm dhe etjes s\u00eb shfrenuar p\u00ebr t\u00eb rr\u00ebmbyer gjith\u00e7ka, ka kuptuar papritur se mund t\u00eb ik\u00eb. N\u00eb [&hellip;]","og_url":"https:\/\/fjala.info\/2009-2015\/ben-mire-te-trembesh-sali-berisha\/","og_site_name":"FjALA e LIR\u00cb - Arkivi","article_published_time":"2012-05-28T20:41:27+00:00","og_image":[{"url":"http:\/\/www.shkoder.net\/images\/fjala\/mero_baze1.jpg","type":"","width":"","height":""}],"author":"admin","twitter_card":"summary_large_image","twitter_misc":{"Written by":"admin","Est. reading time":"9 minutes"},"schema":{"@context":"https:\/\/schema.org","@graph":[{"@type":"Article","@id":"https:\/\/fjala.info\/2009-2015\/ben-mire-te-trembesh-sali-berisha\/#article","isPartOf":{"@id":"https:\/\/fjala.info\/2009-2015\/ben-mire-te-trembesh-sali-berisha\/"},"author":{"name":"admin","@id":"https:\/\/fjala.info\/2009-2015\/#\/schema\/person\/3aa1163ef05469c496fc94e77611ada2"},"headline":"B\u00ebn mir\u00eb t\u00eb trembesh Sali Berisha!","datePublished":"2012-05-28T20:41:27+00:00","mainEntityOfPage":{"@id":"https:\/\/fjala.info\/2009-2015\/ben-mire-te-trembesh-sali-berisha\/"},"wordCount":1783,"commentCount":0,"publisher":{"@id":"https:\/\/fjala.info\/2009-2015\/#organization"},"image":{"@id":"https:\/\/fjala.info\/2009-2015\/ben-mire-te-trembesh-sali-berisha\/#primaryimage"},"thumbnailUrl":"http:\/\/www.shkoder.net\/images\/fjala\/mero_baze1.jpg","articleSection":["Artikuj"],"inLanguage":"sq-AL","potentialAction":[{"@type":"CommentAction","name":"Comment","target":["https:\/\/fjala.info\/2009-2015\/ben-mire-te-trembesh-sali-berisha\/#respond"]}]},{"@type":"WebPage","@id":"https:\/\/fjala.info\/2009-2015\/ben-mire-te-trembesh-sali-berisha\/","url":"https:\/\/fjala.info\/2009-2015\/ben-mire-te-trembesh-sali-berisha\/","name":"B\u00ebn mir\u00eb t\u00eb trembesh Sali Berisha! - FjALA e LIR\u00cb - Arkivi","isPartOf":{"@id":"https:\/\/fjala.info\/2009-2015\/#website"},"primaryImageOfPage":{"@id":"https:\/\/fjala.info\/2009-2015\/ben-mire-te-trembesh-sali-berisha\/#primaryimage"},"image":{"@id":"https:\/\/fjala.info\/2009-2015\/ben-mire-te-trembesh-sali-berisha\/#primaryimage"},"thumbnailUrl":"http:\/\/www.shkoder.net\/images\/fjala\/mero_baze1.jpg","datePublished":"2012-05-28T20:41:27+00:00","breadcrumb":{"@id":"https:\/\/fjala.info\/2009-2015\/ben-mire-te-trembesh-sali-berisha\/#breadcrumb"},"inLanguage":"sq-AL","potentialAction":[{"@type":"ReadAction","target":["https:\/\/fjala.info\/2009-2015\/ben-mire-te-trembesh-sali-berisha\/"]}]},{"@type":"ImageObject","inLanguage":"sq-AL","@id":"https:\/\/fjala.info\/2009-2015\/ben-mire-te-trembesh-sali-berisha\/#primaryimage","url":"http:\/\/www.shkoder.net\/images\/fjala\/mero_baze1.jpg","contentUrl":"http:\/\/www.shkoder.net\/images\/fjala\/mero_baze1.jpg"},{"@type":"BreadcrumbList","@id":"https:\/\/fjala.info\/2009-2015\/ben-mire-te-trembesh-sali-berisha\/#breadcrumb","itemListElement":[{"@type":"ListItem","position":1,"name":"Home","item":"https:\/\/fjala.info\/2009-2015\/"},{"@type":"ListItem","position":2,"name":"B\u00ebn mir\u00eb t\u00eb trembesh Sali Berisha!"}]},{"@type":"WebSite","@id":"https:\/\/fjala.info\/2009-2015\/#website","url":"https:\/\/fjala.info\/2009-2015\/","name":"FjALA e LIR\u00cb - Arkivi","description":"Arkivi 2009-2015","publisher":{"@id":"https:\/\/fjala.info\/2009-2015\/#organization"},"potentialAction":[{"@type":"SearchAction","target":{"@type":"EntryPoint","urlTemplate":"https:\/\/fjala.info\/2009-2015\/?s={search_term_string}"},"query-input":{"@type":"PropertyValueSpecification","valueRequired":true,"valueName":"search_term_string"}}],"inLanguage":"sq-AL"},{"@type":"Organization","@id":"https:\/\/fjala.info\/2009-2015\/#organization","name":"FjALA e LIR\u00cb - Arkivi","url":"https:\/\/fjala.info\/2009-2015\/","logo":{"@type":"ImageObject","inLanguage":"sq-AL","@id":"https:\/\/fjala.info\/2009-2015\/#\/schema\/logo\/image\/","url":"","contentUrl":"","caption":"FjALA e LIR\u00cb - Arkivi"},"image":{"@id":"https:\/\/fjala.info\/2009-2015\/#\/schema\/logo\/image\/"}},{"@type":"Person","@id":"https:\/\/fjala.info\/2009-2015\/#\/schema\/person\/3aa1163ef05469c496fc94e77611ada2","name":"admin","image":{"@type":"ImageObject","inLanguage":"sq-AL","@id":"https:\/\/fjala.info\/2009-2015\/wp-content\/uploads\/2012\/02\/arben_cokaj-120x150.jpg","url":"https:\/\/fjala.info\/2009-2015\/wp-content\/uploads\/2012\/02\/arben_cokaj-120x150.jpg","contentUrl":"https:\/\/fjala.info\/2009-2015\/wp-content\/uploads\/2012\/02\/arben_cokaj-120x150.jpg","caption":"admin"},"description":"Admin, Fjala e Lir\u00eb","sameAs":["https:\/\/fjala.info\/"],"url":"https:\/\/fjala.info\/2009-2015\/author\/admin\/"}]}},"_links":{"self":[{"href":"https:\/\/fjala.info\/2009-2015\/wp-json\/wp\/v2\/posts\/3004","targetHints":{"allow":["GET"]}}],"collection":[{"href":"https:\/\/fjala.info\/2009-2015\/wp-json\/wp\/v2\/posts"}],"about":[{"href":"https:\/\/fjala.info\/2009-2015\/wp-json\/wp\/v2\/types\/post"}],"author":[{"embeddable":true,"href":"https:\/\/fjala.info\/2009-2015\/wp-json\/wp\/v2\/users\/1"}],"replies":[{"embeddable":true,"href":"https:\/\/fjala.info\/2009-2015\/wp-json\/wp\/v2\/comments?post=3004"}],"version-history":[{"count":0,"href":"https:\/\/fjala.info\/2009-2015\/wp-json\/wp\/v2\/posts\/3004\/revisions"}],"wp:attachment":[{"href":"https:\/\/fjala.info\/2009-2015\/wp-json\/wp\/v2\/media?parent=3004"}],"wp:term":[{"taxonomy":"category","embeddable":true,"href":"https:\/\/fjala.info\/2009-2015\/wp-json\/wp\/v2\/categories?post=3004"},{"taxonomy":"post_tag","embeddable":true,"href":"https:\/\/fjala.info\/2009-2015\/wp-json\/wp\/v2\/tags?post=3004"}],"curies":[{"name":"wp","href":"https:\/\/api.w.org\/{rel}","templated":true}]}}