{"id":3001,"date":"2010-06-13T13:38:53","date_gmt":"2010-06-13T12:38:53","guid":{"rendered":"http:\/\/fjala.shkoder.net\/?p=3001"},"modified":"2010-06-13T13:38:53","modified_gmt":"2010-06-13T12:38:53","slug":"jozefina-topalli-shkel-kushtetuten-ndryshon-stemen-e-republikes","status":"publish","type":"post","link":"https:\/\/fjala.info\/2009-2015\/jozefina-topalli-shkel-kushtetuten-ndryshon-stemen-e-republikes\/","title":{"rendered":"Jozefina Topalli shkel Kushtetut\u00ebn, ndryshon stem\u00ebn e Republik\u00ebs"},"content":{"rendered":"<p><img decoding=\"async\" style=\"margin-left: 10px; margin-right: 10px; border: 0px;\" src=\"http:\/\/www.shkoder.net\/images\/fjala\/2010\/topalli_stema.jpg\" border=\"0\" alt=\"Topalli, stema\" width=\"200\" align=\"left\" \/><\/p>\n<p><strong>Shekulli Online<\/strong>, <em>13.06.2010<\/em><\/p>\n<p>Kuvendi i Shqip\u00ebris\u00eb &#8220;b\u00ebhet&#8221; blu. Nuk b\u00ebhet fjal\u00eb thjesht p\u00ebr em\u00ebrimin e administrat\u00ebs sipas preferencave partiake, proces ky q\u00eb ka mbaruar me koh\u00eb, por edhe p\u00ebr faqen zyrtare t\u00eb k\u00ebtij institucioni, e cila prej dit\u00ebs s\u00eb djeshme ka ndryshuar pamje dhe ku natyrisht simbolet komb\u00ebtare n\u00eb pjes\u00ebn m\u00eb t\u00eb madhe jan\u00eb zhdukur, nd\u00ebrsa ato q\u00eb kan\u00eb mbetur jan\u00eb mbivendosur n\u00eb nj\u00eb fush\u00eb blu.<\/p>\n<p>K\u00ebshtu, tashm\u00eb, n\u00ebse do t\u00eb klikosh n\u00eb faqen zyrtare t\u00eb Kuvendit me adres\u00eb www.parlament.al, nuk dalin m\u00eb simbolet komb\u00ebtare, pra flamuri kuqe e zi me shqiponj\u00ebn dykrenare, por do t\u00eb has\u00ebsh nj\u00eb hap\u00ebsir\u00eb virtuale me ngjyr\u00ebn e flamurit t\u00eb PD-s\u00eb dhe diku n\u00eb sfond shihet vet\u00ebm nj\u00eb cep i flamurit komb\u00ebtar, i cili n\u00ebse nuk je i v\u00ebmendsh\u00ebm nuk e dallon dot. Por, sipas burimeve pran\u00eb Kuvendit, ndryshimi ngjyr\u00ebs nga e kuqe n\u00eb t\u00eb blu nuk ka lidhje me preferencat apo simbolet partiake, por me ngjyr\u00ebn e flamurit t\u00eb BE-s\u00eb, ku vendi yn\u00eb k\u00ebrkon t\u00eb an\u00ebtar\u00ebsohet.<\/p>\n<p>Gjithashtu, p\u00ebr tu p\u00ebrshtatur me ndyr\u00ebn blu q\u00eb ka faqja, Kuvendi \u00ebsht\u00eb detyruar t\u00eb ndryshoj\u00eb edhe stem\u00ebn e Republik\u00ebs s\u00eb Shqip\u00ebris\u00eb dhe ngjyra e zez\u00eb e shqiponj\u00ebs, si dhe ngjyra e art\u00eb e p\u00ebrkrenares s\u00eb Sk\u00ebnderbeut, jan\u00eb b\u00ebr\u00eb t\u00eb bardha. Nj\u00eb ndryshim ky q\u00eb bie n\u00eb kund\u00ebrshtim me ligjin themeltar t\u00eb shtetit shqiptar, Kushtetut\u00ebn. Neni 13, pika 3 e Kushtetut\u00ebs p\u00ebrcakton: &#8220;Stema e Republik\u00ebs s\u00eb Shqip\u00ebris\u00eb paraqet nj\u00eb shqyt me fush\u00eb t\u00eb kuqe me nj\u00eb shqiponj\u00eb t\u00eb zez\u00eb dykrenore n\u00eb mes. N\u00eb krye t\u00eb shqytit, me ngjyr\u00eb t\u00eb art\u00eb, \u00ebsht\u00eb vendosur p\u00ebrkrenarja e Sk\u00ebnderbeut&#8221;.<\/p>\n<p>Nj\u00eb detyrim ky q\u00eb nga sa vihet re n\u00eb faqen e Kuvendit \u00ebsht\u00eb marr\u00eb n\u00eb konsiderat\u00eb nga drejtuesit e k\u00ebtij institucioni, t\u00eb cil\u00ebt kan\u00eb dh\u00ebn\u00eb dhe p\u00eblqimin p\u00ebr gjitha t\u00eb ndryshimet q\u00eb i jan\u00eb b\u00ebr\u00eb faqes zyrtare t\u00eb Kuvendit, p\u00ebrfshi k\u00ebtu edhe simbolet komb\u00ebtare t\u00eb Shqip\u00ebris\u00eb. Faktikisht, faqja zyrtare e Kuvendit n\u00eb internet, ishte &#8220;kalaja&#8221; e fundit q\u00eb i kishte mbetur kryetares s\u00eb Kuvendit, Jozefina Topalli, pa marr\u00eb, pasi m\u00eb par\u00eb ajo ndryshoi ngjyr\u00ebn e rregullores, ndryshoi dy sallat e konferencave t\u00eb shtypit, ku s\u00ebrish ngjyra e kuqe u b\u00eb blu.<\/p>\n<p>Madje, n\u00eb rastin e nj\u00ebr\u00ebs prej zyrave t\u00eb shtypit ajo shpenzoi jo pak para p\u00ebr ta ndryshuar, megjith\u00ebse ajo ishte rikonstruktuar vet\u00ebm n\u00eb vitin e fundit t\u00eb drejtimit t\u00eb Kuvendit nga ana e socialistit Servet P\u00ebllumbi. Gjithashtu, gjat\u00eb kat\u00ebrvje\u00e7arit t\u00eb par\u00eb t\u00eb qeverisjes s\u00eb t\u00eb djatht\u00ebve u ndryshua edhe kopertina e Kushtetut\u00ebs, e cila gjithashtu u b\u00eb blu. Nd\u00ebrkoh\u00eb, me faqen e re t\u00eb internetit, tashm\u00eb b\u00ebhet e mundur q\u00eb seancat plenare t\u00eb shihen drejtp\u00ebrdrejt\u00eb.<\/p>\n","protected":false},"excerpt":{"rendered":"<p>Shekulli Online, 13.06.2010 Kuvendi i Shqip\u00ebris\u00eb &#8220;b\u00ebhet&#8221; blu. Nuk b\u00ebhet fjal\u00eb thjesht p\u00ebr em\u00ebrimin e administrat\u00ebs sipas preferencave partiake, proces ky q\u00eb ka mbaruar me koh\u00eb, por edhe p\u00ebr faqen zyrtare t\u00eb k\u00ebtij institucioni, e cila prej dit\u00ebs s\u00eb djeshme ka ndryshuar pamje dhe ku natyrisht simbolet komb\u00ebtare n\u00eb pjes\u00ebn m\u00eb t\u00eb madhe jan\u00eb zhdukur, [&hellip;]<\/p>\n","protected":false},"author":1,"featured_media":0,"comment_status":"open","ping_status":"closed","sticky":false,"template":"","format":"standard","meta":{"footnotes":""},"categories":[2],"tags":[],"class_list":{"0":"post-3001","1":"post","2":"type-post","3":"status-publish","4":"format-standard","6":"category-artikuj"},"yoast_head":"<!-- This site is optimized with the Yoast SEO plugin v27.4 - https:\/\/yoast.com\/product\/yoast-seo-wordpress\/ -->\n<title>Jozefina Topalli shkel Kushtetut\u00ebn, ndryshon stem\u00ebn e Republik\u00ebs - FjALA e LIR\u00cb - Arkivi<\/title>\n<meta name=\"robots\" content=\"index, follow, max-snippet:-1, max-image-preview:large, max-video-preview:-1\" \/>\n<link rel=\"canonical\" href=\"https:\/\/fjala.info\/2009-2015\/jozefina-topalli-shkel-kushtetuten-ndryshon-stemen-e-republikes\/\" \/>\n<meta property=\"og:locale\" content=\"sq_AL\" \/>\n<meta property=\"og:type\" content=\"article\" \/>\n<meta property=\"og:title\" content=\"Jozefina Topalli shkel Kushtetut\u00ebn, ndryshon stem\u00ebn e Republik\u00ebs - FjALA e LIR\u00cb - Arkivi\" \/>\n<meta property=\"og:description\" content=\"Shekulli Online, 13.06.2010 Kuvendi i Shqip\u00ebris\u00eb &#8220;b\u00ebhet&#8221; blu. Nuk b\u00ebhet fjal\u00eb thjesht p\u00ebr em\u00ebrimin e administrat\u00ebs sipas preferencave partiake, proces ky q\u00eb ka mbaruar me koh\u00eb, por edhe p\u00ebr faqen zyrtare t\u00eb k\u00ebtij institucioni, e cila prej dit\u00ebs s\u00eb djeshme ka ndryshuar pamje dhe ku natyrisht simbolet komb\u00ebtare n\u00eb pjes\u00ebn m\u00eb t\u00eb madhe jan\u00eb zhdukur, [&hellip;]\" \/>\n<meta property=\"og:url\" content=\"https:\/\/fjala.info\/2009-2015\/jozefina-topalli-shkel-kushtetuten-ndryshon-stemen-e-republikes\/\" \/>\n<meta property=\"og:site_name\" content=\"FjALA e LIR\u00cb - Arkivi\" \/>\n<meta property=\"article:published_time\" content=\"2010-06-13T12:38:53+00:00\" \/>\n<meta property=\"og:image\" content=\"http:\/\/www.shkoder.net\/images\/fjala\/2010\/topalli_stema.jpg\" \/>\n<meta name=\"author\" content=\"admin\" \/>\n<meta name=\"twitter:card\" content=\"summary_large_image\" \/>\n<meta name=\"twitter:label1\" content=\"Written by\" \/>\n\t<meta name=\"twitter:data1\" content=\"admin\" \/>\n\t<meta name=\"twitter:label2\" content=\"Est. reading time\" \/>\n\t<meta name=\"twitter:data2\" content=\"2 minutes\" \/>\n<script type=\"application\/ld+json\" class=\"yoast-schema-graph\">{\"@context\":\"https:\\\/\\\/schema.org\",\"@graph\":[{\"@type\":\"Article\",\"@id\":\"https:\\\/\\\/fjala.info\\\/2009-2015\\\/jozefina-topalli-shkel-kushtetuten-ndryshon-stemen-e-republikes\\\/#article\",\"isPartOf\":{\"@id\":\"https:\\\/\\\/fjala.info\\\/2009-2015\\\/jozefina-topalli-shkel-kushtetuten-ndryshon-stemen-e-republikes\\\/\"},\"author\":{\"name\":\"admin\",\"@id\":\"https:\\\/\\\/fjala.info\\\/2009-2015\\\/#\\\/schema\\\/person\\\/3aa1163ef05469c496fc94e77611ada2\"},\"headline\":\"Jozefina Topalli shkel Kushtetut\u00ebn, ndryshon stem\u00ebn e Republik\u00ebs\",\"datePublished\":\"2010-06-13T12:38:53+00:00\",\"mainEntityOfPage\":{\"@id\":\"https:\\\/\\\/fjala.info\\\/2009-2015\\\/jozefina-topalli-shkel-kushtetuten-ndryshon-stemen-e-republikes\\\/\"},\"wordCount\":504,\"commentCount\":0,\"publisher\":{\"@id\":\"https:\\\/\\\/fjala.info\\\/2009-2015\\\/#organization\"},\"image\":{\"@id\":\"https:\\\/\\\/fjala.info\\\/2009-2015\\\/jozefina-topalli-shkel-kushtetuten-ndryshon-stemen-e-republikes\\\/#primaryimage\"},\"thumbnailUrl\":\"http:\\\/\\\/www.shkoder.net\\\/images\\\/fjala\\\/2010\\\/topalli_stema.jpg\",\"articleSection\":[\"Artikuj\"],\"inLanguage\":\"sq-AL\",\"potentialAction\":[{\"@type\":\"CommentAction\",\"name\":\"Comment\",\"target\":[\"https:\\\/\\\/fjala.info\\\/2009-2015\\\/jozefina-topalli-shkel-kushtetuten-ndryshon-stemen-e-republikes\\\/#respond\"]}]},{\"@type\":\"WebPage\",\"@id\":\"https:\\\/\\\/fjala.info\\\/2009-2015\\\/jozefina-topalli-shkel-kushtetuten-ndryshon-stemen-e-republikes\\\/\",\"url\":\"https:\\\/\\\/fjala.info\\\/2009-2015\\\/jozefina-topalli-shkel-kushtetuten-ndryshon-stemen-e-republikes\\\/\",\"name\":\"Jozefina Topalli shkel Kushtetut\u00ebn, ndryshon stem\u00ebn e Republik\u00ebs - FjALA e LIR\u00cb - Arkivi\",\"isPartOf\":{\"@id\":\"https:\\\/\\\/fjala.info\\\/2009-2015\\\/#website\"},\"primaryImageOfPage\":{\"@id\":\"https:\\\/\\\/fjala.info\\\/2009-2015\\\/jozefina-topalli-shkel-kushtetuten-ndryshon-stemen-e-republikes\\\/#primaryimage\"},\"image\":{\"@id\":\"https:\\\/\\\/fjala.info\\\/2009-2015\\\/jozefina-topalli-shkel-kushtetuten-ndryshon-stemen-e-republikes\\\/#primaryimage\"},\"thumbnailUrl\":\"http:\\\/\\\/www.shkoder.net\\\/images\\\/fjala\\\/2010\\\/topalli_stema.jpg\",\"datePublished\":\"2010-06-13T12:38:53+00:00\",\"breadcrumb\":{\"@id\":\"https:\\\/\\\/fjala.info\\\/2009-2015\\\/jozefina-topalli-shkel-kushtetuten-ndryshon-stemen-e-republikes\\\/#breadcrumb\"},\"inLanguage\":\"sq-AL\",\"potentialAction\":[{\"@type\":\"ReadAction\",\"target\":[\"https:\\\/\\\/fjala.info\\\/2009-2015\\\/jozefina-topalli-shkel-kushtetuten-ndryshon-stemen-e-republikes\\\/\"]}]},{\"@type\":\"ImageObject\",\"inLanguage\":\"sq-AL\",\"@id\":\"https:\\\/\\\/fjala.info\\\/2009-2015\\\/jozefina-topalli-shkel-kushtetuten-ndryshon-stemen-e-republikes\\\/#primaryimage\",\"url\":\"http:\\\/\\\/www.shkoder.net\\\/images\\\/fjala\\\/2010\\\/topalli_stema.jpg\",\"contentUrl\":\"http:\\\/\\\/www.shkoder.net\\\/images\\\/fjala\\\/2010\\\/topalli_stema.jpg\"},{\"@type\":\"BreadcrumbList\",\"@id\":\"https:\\\/\\\/fjala.info\\\/2009-2015\\\/jozefina-topalli-shkel-kushtetuten-ndryshon-stemen-e-republikes\\\/#breadcrumb\",\"itemListElement\":[{\"@type\":\"ListItem\",\"position\":1,\"name\":\"Home\",\"item\":\"https:\\\/\\\/fjala.info\\\/2009-2015\\\/\"},{\"@type\":\"ListItem\",\"position\":2,\"name\":\"Jozefina Topalli shkel Kushtetut\u00ebn, ndryshon stem\u00ebn e Republik\u00ebs\"}]},{\"@type\":\"WebSite\",\"@id\":\"https:\\\/\\\/fjala.info\\\/2009-2015\\\/#website\",\"url\":\"https:\\\/\\\/fjala.info\\\/2009-2015\\\/\",\"name\":\"FjALA e LIR\u00cb - Arkivi\",\"description\":\"Arkivi 2009-2015\",\"publisher\":{\"@id\":\"https:\\\/\\\/fjala.info\\\/2009-2015\\\/#organization\"},\"potentialAction\":[{\"@type\":\"SearchAction\",\"target\":{\"@type\":\"EntryPoint\",\"urlTemplate\":\"https:\\\/\\\/fjala.info\\\/2009-2015\\\/?s={search_term_string}\"},\"query-input\":{\"@type\":\"PropertyValueSpecification\",\"valueRequired\":true,\"valueName\":\"search_term_string\"}}],\"inLanguage\":\"sq-AL\"},{\"@type\":\"Organization\",\"@id\":\"https:\\\/\\\/fjala.info\\\/2009-2015\\\/#organization\",\"name\":\"FjALA e LIR\u00cb - Arkivi\",\"url\":\"https:\\\/\\\/fjala.info\\\/2009-2015\\\/\",\"logo\":{\"@type\":\"ImageObject\",\"inLanguage\":\"sq-AL\",\"@id\":\"https:\\\/\\\/fjala.info\\\/2009-2015\\\/#\\\/schema\\\/logo\\\/image\\\/\",\"url\":\"\",\"contentUrl\":\"\",\"caption\":\"FjALA e LIR\u00cb - Arkivi\"},\"image\":{\"@id\":\"https:\\\/\\\/fjala.info\\\/2009-2015\\\/#\\\/schema\\\/logo\\\/image\\\/\"}},{\"@type\":\"Person\",\"@id\":\"https:\\\/\\\/fjala.info\\\/2009-2015\\\/#\\\/schema\\\/person\\\/3aa1163ef05469c496fc94e77611ada2\",\"name\":\"admin\",\"image\":{\"@type\":\"ImageObject\",\"inLanguage\":\"sq-AL\",\"@id\":\"https:\\\/\\\/fjala.info\\\/2009-2015\\\/wp-content\\\/uploads\\\/2012\\\/02\\\/arben_cokaj-120x150.jpg\",\"url\":\"https:\\\/\\\/fjala.info\\\/2009-2015\\\/wp-content\\\/uploads\\\/2012\\\/02\\\/arben_cokaj-120x150.jpg\",\"contentUrl\":\"https:\\\/\\\/fjala.info\\\/2009-2015\\\/wp-content\\\/uploads\\\/2012\\\/02\\\/arben_cokaj-120x150.jpg\",\"caption\":\"admin\"},\"description\":\"Admin, Fjala e Lir\u00eb\",\"sameAs\":[\"https:\\\/\\\/fjala.info\\\/\"],\"url\":\"https:\\\/\\\/fjala.info\\\/2009-2015\\\/author\\\/admin\\\/\"}]}<\/script>\n<!-- \/ Yoast SEO plugin. -->","yoast_head_json":{"title":"Jozefina Topalli shkel Kushtetut\u00ebn, ndryshon stem\u00ebn e Republik\u00ebs - FjALA e LIR\u00cb - Arkivi","robots":{"index":"index","follow":"follow","max-snippet":"max-snippet:-1","max-image-preview":"max-image-preview:large","max-video-preview":"max-video-preview:-1"},"canonical":"https:\/\/fjala.info\/2009-2015\/jozefina-topalli-shkel-kushtetuten-ndryshon-stemen-e-republikes\/","og_locale":"sq_AL","og_type":"article","og_title":"Jozefina Topalli shkel Kushtetut\u00ebn, ndryshon stem\u00ebn e Republik\u00ebs - FjALA e LIR\u00cb - Arkivi","og_description":"Shekulli Online, 13.06.2010 Kuvendi i Shqip\u00ebris\u00eb &#8220;b\u00ebhet&#8221; blu. Nuk b\u00ebhet fjal\u00eb thjesht p\u00ebr em\u00ebrimin e administrat\u00ebs sipas preferencave partiake, proces ky q\u00eb ka mbaruar me koh\u00eb, por edhe p\u00ebr faqen zyrtare t\u00eb k\u00ebtij institucioni, e cila prej dit\u00ebs s\u00eb djeshme ka ndryshuar pamje dhe ku natyrisht simbolet komb\u00ebtare n\u00eb pjes\u00ebn m\u00eb t\u00eb madhe jan\u00eb zhdukur, [&hellip;]","og_url":"https:\/\/fjala.info\/2009-2015\/jozefina-topalli-shkel-kushtetuten-ndryshon-stemen-e-republikes\/","og_site_name":"FjALA e LIR\u00cb - Arkivi","article_published_time":"2010-06-13T12:38:53+00:00","og_image":[{"url":"http:\/\/www.shkoder.net\/images\/fjala\/2010\/topalli_stema.jpg","type":"","width":"","height":""}],"author":"admin","twitter_card":"summary_large_image","twitter_misc":{"Written by":"admin","Est. reading time":"2 minutes"},"schema":{"@context":"https:\/\/schema.org","@graph":[{"@type":"Article","@id":"https:\/\/fjala.info\/2009-2015\/jozefina-topalli-shkel-kushtetuten-ndryshon-stemen-e-republikes\/#article","isPartOf":{"@id":"https:\/\/fjala.info\/2009-2015\/jozefina-topalli-shkel-kushtetuten-ndryshon-stemen-e-republikes\/"},"author":{"name":"admin","@id":"https:\/\/fjala.info\/2009-2015\/#\/schema\/person\/3aa1163ef05469c496fc94e77611ada2"},"headline":"Jozefina Topalli shkel Kushtetut\u00ebn, ndryshon stem\u00ebn e Republik\u00ebs","datePublished":"2010-06-13T12:38:53+00:00","mainEntityOfPage":{"@id":"https:\/\/fjala.info\/2009-2015\/jozefina-topalli-shkel-kushtetuten-ndryshon-stemen-e-republikes\/"},"wordCount":504,"commentCount":0,"publisher":{"@id":"https:\/\/fjala.info\/2009-2015\/#organization"},"image":{"@id":"https:\/\/fjala.info\/2009-2015\/jozefina-topalli-shkel-kushtetuten-ndryshon-stemen-e-republikes\/#primaryimage"},"thumbnailUrl":"http:\/\/www.shkoder.net\/images\/fjala\/2010\/topalli_stema.jpg","articleSection":["Artikuj"],"inLanguage":"sq-AL","potentialAction":[{"@type":"CommentAction","name":"Comment","target":["https:\/\/fjala.info\/2009-2015\/jozefina-topalli-shkel-kushtetuten-ndryshon-stemen-e-republikes\/#respond"]}]},{"@type":"WebPage","@id":"https:\/\/fjala.info\/2009-2015\/jozefina-topalli-shkel-kushtetuten-ndryshon-stemen-e-republikes\/","url":"https:\/\/fjala.info\/2009-2015\/jozefina-topalli-shkel-kushtetuten-ndryshon-stemen-e-republikes\/","name":"Jozefina Topalli shkel Kushtetut\u00ebn, ndryshon stem\u00ebn e Republik\u00ebs - FjALA e LIR\u00cb - Arkivi","isPartOf":{"@id":"https:\/\/fjala.info\/2009-2015\/#website"},"primaryImageOfPage":{"@id":"https:\/\/fjala.info\/2009-2015\/jozefina-topalli-shkel-kushtetuten-ndryshon-stemen-e-republikes\/#primaryimage"},"image":{"@id":"https:\/\/fjala.info\/2009-2015\/jozefina-topalli-shkel-kushtetuten-ndryshon-stemen-e-republikes\/#primaryimage"},"thumbnailUrl":"http:\/\/www.shkoder.net\/images\/fjala\/2010\/topalli_stema.jpg","datePublished":"2010-06-13T12:38:53+00:00","breadcrumb":{"@id":"https:\/\/fjala.info\/2009-2015\/jozefina-topalli-shkel-kushtetuten-ndryshon-stemen-e-republikes\/#breadcrumb"},"inLanguage":"sq-AL","potentialAction":[{"@type":"ReadAction","target":["https:\/\/fjala.info\/2009-2015\/jozefina-topalli-shkel-kushtetuten-ndryshon-stemen-e-republikes\/"]}]},{"@type":"ImageObject","inLanguage":"sq-AL","@id":"https:\/\/fjala.info\/2009-2015\/jozefina-topalli-shkel-kushtetuten-ndryshon-stemen-e-republikes\/#primaryimage","url":"http:\/\/www.shkoder.net\/images\/fjala\/2010\/topalli_stema.jpg","contentUrl":"http:\/\/www.shkoder.net\/images\/fjala\/2010\/topalli_stema.jpg"},{"@type":"BreadcrumbList","@id":"https:\/\/fjala.info\/2009-2015\/jozefina-topalli-shkel-kushtetuten-ndryshon-stemen-e-republikes\/#breadcrumb","itemListElement":[{"@type":"ListItem","position":1,"name":"Home","item":"https:\/\/fjala.info\/2009-2015\/"},{"@type":"ListItem","position":2,"name":"Jozefina Topalli shkel Kushtetut\u00ebn, ndryshon stem\u00ebn e Republik\u00ebs"}]},{"@type":"WebSite","@id":"https:\/\/fjala.info\/2009-2015\/#website","url":"https:\/\/fjala.info\/2009-2015\/","name":"FjALA e LIR\u00cb - Arkivi","description":"Arkivi 2009-2015","publisher":{"@id":"https:\/\/fjala.info\/2009-2015\/#organization"},"potentialAction":[{"@type":"SearchAction","target":{"@type":"EntryPoint","urlTemplate":"https:\/\/fjala.info\/2009-2015\/?s={search_term_string}"},"query-input":{"@type":"PropertyValueSpecification","valueRequired":true,"valueName":"search_term_string"}}],"inLanguage":"sq-AL"},{"@type":"Organization","@id":"https:\/\/fjala.info\/2009-2015\/#organization","name":"FjALA e LIR\u00cb - Arkivi","url":"https:\/\/fjala.info\/2009-2015\/","logo":{"@type":"ImageObject","inLanguage":"sq-AL","@id":"https:\/\/fjala.info\/2009-2015\/#\/schema\/logo\/image\/","url":"","contentUrl":"","caption":"FjALA e LIR\u00cb - Arkivi"},"image":{"@id":"https:\/\/fjala.info\/2009-2015\/#\/schema\/logo\/image\/"}},{"@type":"Person","@id":"https:\/\/fjala.info\/2009-2015\/#\/schema\/person\/3aa1163ef05469c496fc94e77611ada2","name":"admin","image":{"@type":"ImageObject","inLanguage":"sq-AL","@id":"https:\/\/fjala.info\/2009-2015\/wp-content\/uploads\/2012\/02\/arben_cokaj-120x150.jpg","url":"https:\/\/fjala.info\/2009-2015\/wp-content\/uploads\/2012\/02\/arben_cokaj-120x150.jpg","contentUrl":"https:\/\/fjala.info\/2009-2015\/wp-content\/uploads\/2012\/02\/arben_cokaj-120x150.jpg","caption":"admin"},"description":"Admin, Fjala e Lir\u00eb","sameAs":["https:\/\/fjala.info\/"],"url":"https:\/\/fjala.info\/2009-2015\/author\/admin\/"}]}},"_links":{"self":[{"href":"https:\/\/fjala.info\/2009-2015\/wp-json\/wp\/v2\/posts\/3001","targetHints":{"allow":["GET"]}}],"collection":[{"href":"https:\/\/fjala.info\/2009-2015\/wp-json\/wp\/v2\/posts"}],"about":[{"href":"https:\/\/fjala.info\/2009-2015\/wp-json\/wp\/v2\/types\/post"}],"author":[{"embeddable":true,"href":"https:\/\/fjala.info\/2009-2015\/wp-json\/wp\/v2\/users\/1"}],"replies":[{"embeddable":true,"href":"https:\/\/fjala.info\/2009-2015\/wp-json\/wp\/v2\/comments?post=3001"}],"version-history":[{"count":0,"href":"https:\/\/fjala.info\/2009-2015\/wp-json\/wp\/v2\/posts\/3001\/revisions"}],"wp:attachment":[{"href":"https:\/\/fjala.info\/2009-2015\/wp-json\/wp\/v2\/media?parent=3001"}],"wp:term":[{"taxonomy":"category","embeddable":true,"href":"https:\/\/fjala.info\/2009-2015\/wp-json\/wp\/v2\/categories?post=3001"},{"taxonomy":"post_tag","embeddable":true,"href":"https:\/\/fjala.info\/2009-2015\/wp-json\/wp\/v2\/tags?post=3001"}],"curies":[{"name":"wp","href":"https:\/\/api.w.org\/{rel}","templated":true}]}}