{"id":2998,"date":"2010-06-13T13:33:34","date_gmt":"2010-06-13T12:33:34","guid":{"rendered":"http:\/\/fjala.shkoder.net\/?p=2998"},"modified":"2010-06-13T13:33:34","modified_gmt":"2010-06-13T12:33:34","slug":"europa-politike-dhe-kriza-shqiptare","status":"publish","type":"post","link":"https:\/\/fjala.info\/2009-2015\/europa-politike-dhe-kriza-shqiptare\/","title":{"rendered":"Europa politike dhe kriza shqiptare"},"content":{"rendered":"<p><img decoding=\"async\" style=\"margin-left: 10px; margin-right: 10px; border: 0px;\" src=\"http:\/\/www.shkoder.net\/images\/fjala\/skender_minxhozi.jpg\" border=\"0\" alt=\"Sk\u00ebnder Minxhozi\" width=\"100\" align=\"right\" \/><\/p>\n<p><strong>Sk\u00ebnder Minxhozi<\/strong><\/p>\n<p>Nuk ndodh shpesh q\u00eb K\u00ebshilli Europian t\u00eb diskutoj\u00eb n\u00eb mbledhjet e tij t\u00eb rregullta situat\u00ebn politike n\u00eb Shqip\u00ebri. Q\u00eb nga lufta e Kosov\u00ebs m\u00eb 1999-n, kur Tiran\u00ebn e m\u00ebsyn\u00eb disa dhjet\u00ebra ministra t\u00eb president\u00eb, kryeministra dhe ministra t\u00eb Jasht\u00ebm, vendi yn\u00eb nuk p\u00ebrb\u00ebn ndonj\u00eb prioritet apo urgjenc\u00eb t\u00eb politik\u00ebs s\u00eb jashtme t\u00eb Bashkimit Europian dhe as t\u00eb SHBA-s\u00eb. Shihemi dhe trajtohemi si pjes\u00eb e atij q\u00eb sot quhet Ballkani Per\u00ebndimor. Megjithat\u00eb t\u00eb h\u00ebn\u00ebn Shqip\u00ebria, ose m\u00eb kriza e saj e brendshme, do t\u00eb jet\u00eb pjes\u00eb e takimit t\u00eb ministrave t\u00eb Jasht\u00ebm t\u00eb Bashkimit Europian. Termat konkret\u00eb mbi t\u00eb cil\u00ebt do t\u00eb fokusohet mbledhja, synojn\u00eb gjetjen e nj\u00eb kompromisi politik mes pal\u00ebve, i cili deri tani nuk \u00ebsht\u00eb arrir\u00eb, p\u00ebr arsye q\u00eb Europa e Bashkuar i ka tashm\u00eb m\u00eb se t\u00eb qarta.<\/p>\n<p>Meq\u00eb jemi te roli i Europ\u00ebs n\u00eb kriz\u00eb, s\u2019mund t\u00eb mos n\u00ebnvizojm\u00eb nj\u00eb fakt t\u00eb thjesht\u00eb dhe unik n\u00eb zinxhirin 20-vje\u00e7ar t\u00eb krizave shqiptare. Si kurr\u00eb m\u00eb par\u00eb, n\u00eb kriz\u00ebn elektorale t\u00eb 28 qershorit, q\u00eb mban mb\u00ebrthyer pozit\u00ebn dhe opozit\u00ebn prej m\u00eb shum\u00eb se 11 muajsh, politika europiane ka qen\u00eb e polarizuar, kontradiktore, partizane dhe pse jo disa her\u00eb edhe tendencioze ndaj nj\u00ebr\u00ebs apo tjetr\u00ebs pal\u00eb, nj\u00ebr\u00ebs apo tjetr\u00ebs zgjidhje, nj\u00ebrit apo tjetrit propozim. Kurr\u00eb m\u00eb par\u00eb Europa politike (m\u00eb shum\u00eb sesa ajo institucionale), ka folur, shkruar dhe komunikuar q\u00ebndrimin e saj shum\u00ebngjyr\u00ebsh, ndaj zhvillimeve q\u00eb kan\u00eb mbajtur t\u00eb bllokuar n\u00eb llogoret respektive Sali Berish\u00ebn dhe Edi Ram\u00ebn.<\/p>\n<p>\u00cbsht\u00eb nj\u00eb realitet q\u00eb ne shqiptar\u00ebt e kemi perceptuar thuajse \u00e7do dit\u00eb, me nj\u00eb dinamiz\u00ebm t\u00eb paprecedent\u00eb. P\u00ebrreth kriz\u00ebs shqiptare ka nisur t\u00eb luhet prej muajsh nj\u00eb loj\u00eb e past\u00ebr politike, n\u00eb kuptimin e stemave dhe flamujve ideologjik\u00eb q\u00eb ndajn\u00eb sot aren\u00ebn politike europiane. Opinioni shqiptar \u00ebsht\u00eb bombarduar gjat\u00eb gjith\u00eb gjat\u00ebsis\u00eb s\u00eb k\u00ebtyre dhjet\u00eb muajve t\u00eb fundit, nga deklarata, q\u00ebndrime, kritika e sulme, lidhur me kriz\u00ebn shqiptare, t\u00eb cilat e kan\u00eb origjin\u00ebn sa n\u00eb Strasburg, aq n\u00eb Bruksel, Vjen\u00eb apo gjetiu.<\/p>\n<p>Dim\u00eb me holl\u00ebsi \u00e7far\u00eb tha filan eurodeputet, cilat batuta hodhi \u201cX\u201d apo \u201cY\u201d komisioner apo kryetar delegacioni, \u00e7far\u00eb b\u00ebrryli i vuri apo paterice i ofroi ky apo ai zyrtar i lart\u00eb i Strasburgut a Brukselit, qeveris\u00eb ose opozit\u00ebs, si i buz\u00ebqeshi Fyle Berish\u00ebs dhe si Svoboda p\u00ebrkrahu Ram\u00ebn. Mbi t\u00eb gjith\u00eb, dallon n\u00eb k\u00ebt\u00eb pazar t\u00eb madh shum\u00ebgjuh\u00ebsh, fytyra dhe z\u00ebri metalik i Doris Pak, k\u00ebsaj ikone t\u00eb shkuar moshe t\u00eb politik\u00ebs kontinentale, e cila n\u00eb koh\u00ebra t\u00eb ndryshme ka th\u00ebn\u00eb gj\u00ebra po kaq t\u00eb ndryshme p\u00ebr ngjarjet n\u00eb Shqip\u00ebri.<\/p>\n<p>E gjitha kjo ka ndodhur jo pse ne jemi b\u00ebr\u00eb m\u00eb t\u00eb kujdessh\u00ebm ndaj asaj q\u00eb thoshte Europa n\u00eb adres\u00ebn ton\u00eb, por sepse vet\u00eb Europa ka folur m\u00eb tep\u00ebr p\u00ebr ne, n\u00eb k\u00ebto dhjet\u00eb muajt e fundit. Duket sikur papritur, pasioni dhe tifoja tipike e klas\u00ebs son\u00eb politike ka kapur personazhe q\u00eb vegjetojn\u00eb prej vitesh diku n\u00eb ndonj\u00eb zyr\u00eb plot rutin\u00eb dhe m\u00ebrzi \u201ckomunitare\u201d, n\u00eb Strasburg a Bruksel. Kriza shqiptare mund t\u00eb mos ket\u00eb gjetur ende nj\u00eb zgjidhje, por s\u2019mund t\u00eb thuhet se s\u2019ka gjetur interes dhe k\u00ebrsh\u00ebri. Madje dhe tifoz\u00eb. Mjafton t\u00eb shoh\u00ebsh sesi shprehej dje kreu i Asambles\u00eb Parlamentare t\u00eb K\u00ebshillit t\u00eb Europ\u00ebs Cavushoglu, i cili u kujtua t\u00eb sulmonte grev\u00ebn e uris\u00eb s\u00eb opozit\u00ebs, tri jav\u00eb pasi ajo \u00ebsht\u00eb mbyllur, vet\u00ebm sepse gjat\u00eb vizit\u00ebs n\u00eb Tiran\u00eb shkurtin e shkuar pati pasur disa f\u00ebrkime me kreun e opozit\u00ebs Rama.<\/p>\n<p>Natyrisht q\u00eb kjo sjellje aktive e aktor\u00ebve politik\u00eb e institucional\u00eb europian\u00eb ka motivet dhe sfondin personal e folklorik, ashtu si\u00e7 ka padyshim edhe motive t\u00eb tjera, m\u00eb t\u00eb thella dhe pse jo edhe m\u00eb t\u00eb mistershme. N\u00eb shumic\u00ebn e rasteve \u00ebsht\u00eb i qart\u00eb rreshtimi i zyrtar\u00ebve europian\u00eb, konform kredos s\u00eb tyre politike. N\u00eb raste t\u00eb tjera simpatit\u00eb personale, njohja e hershme e terrenit shqiptar dhe eksperienca e pun\u00ebs me Shqip\u00ebrin\u00eb (p\u00ebr t\u00eb mos folur p\u00ebr goj\u00ebt e k\u00ebqija q\u00eb flasin ndonj\u00ebher\u00eb edhe p\u00ebr pazare aspak t\u00eb bukura) &#8211; t\u00eb gjitha k\u00ebto kan\u00eb nj\u00eb rol jo t\u00eb vog\u00ebl n\u00eb m\u00ebnyr\u00ebn sesi e lexojn\u00eb dhe e interpretojn\u00eb politikan\u00ebt europian\u00eb kriz\u00ebn ton\u00eb.<\/p>\n<p>Ka m\u00eb shum\u00eb se nj\u00eb motiv q\u00eb na shtyn t\u00eb b\u00ebjm\u00eb nj\u00eb dallim esencial n\u00eb q\u00ebndrimet europiane ndaj kriz\u00ebs aktuale. Ky dallim ka t\u00eb b\u00ebj\u00eb me diferenc\u00ebn q\u00eb ekziston (dhe q\u00eb s\u2019\u00ebsht\u00eb e vog\u00ebl), mes Europ\u00ebs politike dhe asaj institucionale. Duken si e nj\u00ebjta gj\u00eb, por s\u2019jan\u00eb aspak t\u00eb tilla. Pa u hyr\u00eb mekanizmave kontraktual\u00eb q\u00eb rregullojn\u00eb familjen e sotme europiane, mund t\u00eb thuhet se institucionet me p\u00ebrfaq\u00ebsim t\u00eb past\u00ebr politik kan\u00eb qen\u00eb m\u00eb t\u00eb artikuluara edhe p\u00ebr kriz\u00ebn shqiptare. S\u2019\u00ebsht\u00eb e rastit q\u00eb Parlamenti Europian, pengesa kryesore q\u00eb na ndan nga heqja e vizave gjat\u00eb k\u00ebtij viti, \u00ebsht\u00eb shprehur m\u00eb ashp\u00ebr ndaj pal\u00ebve n\u00eb kriz\u00eb, sesa komisioni, nj\u00eb struktur\u00eb m\u00eb shum\u00eb teknike, i cili mundohet t\u00eb shmang\u00eb konsideratat e forta.<\/p>\n<p>A na ka ndihmuar kjo larushi deklaratash nd\u00ebrkomb\u00ebtare, p\u00ebr ta zgjidhur kriz\u00ebn? Gjendja aktuale na thot\u00eb se jo. Por nj\u00eb v\u00ebshtrim i kujdessh\u00ebm na sugjeron pik\u00ebrisht t\u00eb kund\u00ebrt\u00ebn. P\u00ebr sa koh\u00eb q\u00eb Europa dhe SHBA-ja flasin e debatojn\u00eb p\u00ebr ne, shanset p\u00ebr t\u00eb zgjidhur nyjat q\u00eb krijojn\u00eb rrug\u00ebs politikan\u00ebt e k\u00ebtij vendi, jan\u00eb shum\u00eb m\u00eb t\u00eb m\u00ebdha. Mjafton t\u00eb v\u00ebresh se t\u00eb vetmet raste kur dy lider\u00ebt kryesor\u00eb t\u00eb Shqip\u00ebris\u00eb jan\u00eb ulur p\u00ebr t\u00eb negociuar p\u00ebr kriz\u00ebn, kan\u00eb qen\u00eb t\u00eb sponsorizuara fort nga institucionet nd\u00ebrkomb\u00ebtare.<\/p>\n<p>Si takimi i shkurtit te Presidenti Topi, si darka tashm\u00eb e famshme e \u201cKrokodilit\u201d, jan\u00eb fryt i nj\u00eb diplomacie mjaft aktive per\u00ebndimore. N\u00ebse zgjidhja po vonon, kjo nuk i detyrohet edhe aq ndonj\u00eb mungese vullneti politik t\u00eb nd\u00ebrkomb\u00ebtar\u00ebve, sesa kalkulimeve meskine q\u00eb kan\u00eb b\u00ebr\u00eb pal\u00ebt k\u00ebtu n\u00eb Shqip\u00ebri dhe q\u00eb vijojn\u00eb ta mbajn\u00eb t\u00eb bllokuar kriz\u00ebn zgjedhore. L\u00ebmshi \u00ebsht\u00eb k\u00ebtu. K\u00ebtu duhet finalizuar edhe zgjidhja. Padyshim, me shtys\u00ebn e fort\u00eb t\u00eb atyre q\u00eb kan\u00eb n\u00eb dor\u00eb t\u00eb zbusin Berish\u00ebn dhe t\u00eb bindin Ram\u00ebn.<\/p>\n","protected":false},"excerpt":{"rendered":"<p>Sk\u00ebnder Minxhozi Nuk ndodh shpesh q\u00eb K\u00ebshilli Europian t\u00eb diskutoj\u00eb n\u00eb mbledhjet e tij t\u00eb rregullta situat\u00ebn politike n\u00eb Shqip\u00ebri. Q\u00eb nga lufta e Kosov\u00ebs m\u00eb 1999-n, kur Tiran\u00ebn e m\u00ebsyn\u00eb disa dhjet\u00ebra ministra t\u00eb president\u00eb, kryeministra dhe ministra t\u00eb Jasht\u00ebm, vendi yn\u00eb nuk p\u00ebrb\u00ebn ndonj\u00eb prioritet apo urgjenc\u00eb t\u00eb politik\u00ebs s\u00eb jashtme t\u00eb Bashkimit [&hellip;]<\/p>\n","protected":false},"author":1,"featured_media":0,"comment_status":"open","ping_status":"closed","sticky":false,"template":"","format":"standard","meta":{"footnotes":""},"categories":[2],"tags":[],"class_list":{"0":"post-2998","1":"post","2":"type-post","3":"status-publish","4":"format-standard","6":"category-artikuj"},"yoast_head":"<!-- This site is optimized with the Yoast SEO plugin v27.4 - https:\/\/yoast.com\/product\/yoast-seo-wordpress\/ -->\n<title>Europa politike dhe kriza shqiptare - FjALA e LIR\u00cb - Arkivi<\/title>\n<meta name=\"robots\" content=\"index, follow, max-snippet:-1, max-image-preview:large, max-video-preview:-1\" \/>\n<link rel=\"canonical\" href=\"https:\/\/fjala.info\/2009-2015\/europa-politike-dhe-kriza-shqiptare\/\" \/>\n<meta property=\"og:locale\" content=\"sq_AL\" \/>\n<meta property=\"og:type\" content=\"article\" \/>\n<meta property=\"og:title\" content=\"Europa politike dhe kriza shqiptare - FjALA e LIR\u00cb - Arkivi\" \/>\n<meta property=\"og:description\" content=\"Sk\u00ebnder Minxhozi Nuk ndodh shpesh q\u00eb K\u00ebshilli Europian t\u00eb diskutoj\u00eb n\u00eb mbledhjet e tij t\u00eb rregullta situat\u00ebn politike n\u00eb Shqip\u00ebri. Q\u00eb nga lufta e Kosov\u00ebs m\u00eb 1999-n, kur Tiran\u00ebn e m\u00ebsyn\u00eb disa dhjet\u00ebra ministra t\u00eb president\u00eb, kryeministra dhe ministra t\u00eb Jasht\u00ebm, vendi yn\u00eb nuk p\u00ebrb\u00ebn ndonj\u00eb prioritet apo urgjenc\u00eb t\u00eb politik\u00ebs s\u00eb jashtme t\u00eb Bashkimit [&hellip;]\" \/>\n<meta property=\"og:url\" content=\"https:\/\/fjala.info\/2009-2015\/europa-politike-dhe-kriza-shqiptare\/\" \/>\n<meta property=\"og:site_name\" content=\"FjALA e LIR\u00cb - Arkivi\" \/>\n<meta property=\"article:published_time\" content=\"2010-06-13T12:33:34+00:00\" \/>\n<meta property=\"og:image\" content=\"http:\/\/www.shkoder.net\/images\/fjala\/skender_minxhozi.jpg\" \/>\n<meta name=\"author\" content=\"admin\" \/>\n<meta name=\"twitter:card\" content=\"summary_large_image\" \/>\n<meta name=\"twitter:label1\" content=\"Written by\" \/>\n\t<meta name=\"twitter:data1\" content=\"admin\" \/>\n\t<meta name=\"twitter:label2\" content=\"Est. reading time\" \/>\n\t<meta name=\"twitter:data2\" content=\"6 minutes\" \/>\n<script type=\"application\/ld+json\" class=\"yoast-schema-graph\">{\"@context\":\"https:\\\/\\\/schema.org\",\"@graph\":[{\"@type\":\"Article\",\"@id\":\"https:\\\/\\\/fjala.info\\\/2009-2015\\\/europa-politike-dhe-kriza-shqiptare\\\/#article\",\"isPartOf\":{\"@id\":\"https:\\\/\\\/fjala.info\\\/2009-2015\\\/europa-politike-dhe-kriza-shqiptare\\\/\"},\"author\":{\"name\":\"admin\",\"@id\":\"https:\\\/\\\/fjala.info\\\/2009-2015\\\/#\\\/schema\\\/person\\\/3aa1163ef05469c496fc94e77611ada2\"},\"headline\":\"Europa politike dhe kriza shqiptare\",\"datePublished\":\"2010-06-13T12:33:34+00:00\",\"mainEntityOfPage\":{\"@id\":\"https:\\\/\\\/fjala.info\\\/2009-2015\\\/europa-politike-dhe-kriza-shqiptare\\\/\"},\"wordCount\":1120,\"commentCount\":0,\"publisher\":{\"@id\":\"https:\\\/\\\/fjala.info\\\/2009-2015\\\/#organization\"},\"image\":{\"@id\":\"https:\\\/\\\/fjala.info\\\/2009-2015\\\/europa-politike-dhe-kriza-shqiptare\\\/#primaryimage\"},\"thumbnailUrl\":\"http:\\\/\\\/www.shkoder.net\\\/images\\\/fjala\\\/skender_minxhozi.jpg\",\"articleSection\":[\"Artikuj\"],\"inLanguage\":\"sq-AL\",\"potentialAction\":[{\"@type\":\"CommentAction\",\"name\":\"Comment\",\"target\":[\"https:\\\/\\\/fjala.info\\\/2009-2015\\\/europa-politike-dhe-kriza-shqiptare\\\/#respond\"]}]},{\"@type\":\"WebPage\",\"@id\":\"https:\\\/\\\/fjala.info\\\/2009-2015\\\/europa-politike-dhe-kriza-shqiptare\\\/\",\"url\":\"https:\\\/\\\/fjala.info\\\/2009-2015\\\/europa-politike-dhe-kriza-shqiptare\\\/\",\"name\":\"Europa politike dhe kriza shqiptare - FjALA e LIR\u00cb - Arkivi\",\"isPartOf\":{\"@id\":\"https:\\\/\\\/fjala.info\\\/2009-2015\\\/#website\"},\"primaryImageOfPage\":{\"@id\":\"https:\\\/\\\/fjala.info\\\/2009-2015\\\/europa-politike-dhe-kriza-shqiptare\\\/#primaryimage\"},\"image\":{\"@id\":\"https:\\\/\\\/fjala.info\\\/2009-2015\\\/europa-politike-dhe-kriza-shqiptare\\\/#primaryimage\"},\"thumbnailUrl\":\"http:\\\/\\\/www.shkoder.net\\\/images\\\/fjala\\\/skender_minxhozi.jpg\",\"datePublished\":\"2010-06-13T12:33:34+00:00\",\"breadcrumb\":{\"@id\":\"https:\\\/\\\/fjala.info\\\/2009-2015\\\/europa-politike-dhe-kriza-shqiptare\\\/#breadcrumb\"},\"inLanguage\":\"sq-AL\",\"potentialAction\":[{\"@type\":\"ReadAction\",\"target\":[\"https:\\\/\\\/fjala.info\\\/2009-2015\\\/europa-politike-dhe-kriza-shqiptare\\\/\"]}]},{\"@type\":\"ImageObject\",\"inLanguage\":\"sq-AL\",\"@id\":\"https:\\\/\\\/fjala.info\\\/2009-2015\\\/europa-politike-dhe-kriza-shqiptare\\\/#primaryimage\",\"url\":\"http:\\\/\\\/www.shkoder.net\\\/images\\\/fjala\\\/skender_minxhozi.jpg\",\"contentUrl\":\"http:\\\/\\\/www.shkoder.net\\\/images\\\/fjala\\\/skender_minxhozi.jpg\"},{\"@type\":\"BreadcrumbList\",\"@id\":\"https:\\\/\\\/fjala.info\\\/2009-2015\\\/europa-politike-dhe-kriza-shqiptare\\\/#breadcrumb\",\"itemListElement\":[{\"@type\":\"ListItem\",\"position\":1,\"name\":\"Home\",\"item\":\"https:\\\/\\\/fjala.info\\\/2009-2015\\\/\"},{\"@type\":\"ListItem\",\"position\":2,\"name\":\"Europa politike dhe kriza shqiptare\"}]},{\"@type\":\"WebSite\",\"@id\":\"https:\\\/\\\/fjala.info\\\/2009-2015\\\/#website\",\"url\":\"https:\\\/\\\/fjala.info\\\/2009-2015\\\/\",\"name\":\"FjALA e LIR\u00cb - Arkivi\",\"description\":\"Arkivi 2009-2015\",\"publisher\":{\"@id\":\"https:\\\/\\\/fjala.info\\\/2009-2015\\\/#organization\"},\"potentialAction\":[{\"@type\":\"SearchAction\",\"target\":{\"@type\":\"EntryPoint\",\"urlTemplate\":\"https:\\\/\\\/fjala.info\\\/2009-2015\\\/?s={search_term_string}\"},\"query-input\":{\"@type\":\"PropertyValueSpecification\",\"valueRequired\":true,\"valueName\":\"search_term_string\"}}],\"inLanguage\":\"sq-AL\"},{\"@type\":\"Organization\",\"@id\":\"https:\\\/\\\/fjala.info\\\/2009-2015\\\/#organization\",\"name\":\"FjALA e LIR\u00cb - Arkivi\",\"url\":\"https:\\\/\\\/fjala.info\\\/2009-2015\\\/\",\"logo\":{\"@type\":\"ImageObject\",\"inLanguage\":\"sq-AL\",\"@id\":\"https:\\\/\\\/fjala.info\\\/2009-2015\\\/#\\\/schema\\\/logo\\\/image\\\/\",\"url\":\"\",\"contentUrl\":\"\",\"caption\":\"FjALA e LIR\u00cb - Arkivi\"},\"image\":{\"@id\":\"https:\\\/\\\/fjala.info\\\/2009-2015\\\/#\\\/schema\\\/logo\\\/image\\\/\"}},{\"@type\":\"Person\",\"@id\":\"https:\\\/\\\/fjala.info\\\/2009-2015\\\/#\\\/schema\\\/person\\\/3aa1163ef05469c496fc94e77611ada2\",\"name\":\"admin\",\"image\":{\"@type\":\"ImageObject\",\"inLanguage\":\"sq-AL\",\"@id\":\"https:\\\/\\\/fjala.info\\\/2009-2015\\\/wp-content\\\/uploads\\\/2012\\\/02\\\/arben_cokaj-120x150.jpg\",\"url\":\"https:\\\/\\\/fjala.info\\\/2009-2015\\\/wp-content\\\/uploads\\\/2012\\\/02\\\/arben_cokaj-120x150.jpg\",\"contentUrl\":\"https:\\\/\\\/fjala.info\\\/2009-2015\\\/wp-content\\\/uploads\\\/2012\\\/02\\\/arben_cokaj-120x150.jpg\",\"caption\":\"admin\"},\"description\":\"Admin, Fjala e Lir\u00eb\",\"sameAs\":[\"https:\\\/\\\/fjala.info\\\/\"],\"url\":\"https:\\\/\\\/fjala.info\\\/2009-2015\\\/author\\\/admin\\\/\"}]}<\/script>\n<!-- \/ Yoast SEO plugin. -->","yoast_head_json":{"title":"Europa politike dhe kriza shqiptare - FjALA e LIR\u00cb - Arkivi","robots":{"index":"index","follow":"follow","max-snippet":"max-snippet:-1","max-image-preview":"max-image-preview:large","max-video-preview":"max-video-preview:-1"},"canonical":"https:\/\/fjala.info\/2009-2015\/europa-politike-dhe-kriza-shqiptare\/","og_locale":"sq_AL","og_type":"article","og_title":"Europa politike dhe kriza shqiptare - FjALA e LIR\u00cb - Arkivi","og_description":"Sk\u00ebnder Minxhozi Nuk ndodh shpesh q\u00eb K\u00ebshilli Europian t\u00eb diskutoj\u00eb n\u00eb mbledhjet e tij t\u00eb rregullta situat\u00ebn politike n\u00eb Shqip\u00ebri. Q\u00eb nga lufta e Kosov\u00ebs m\u00eb 1999-n, kur Tiran\u00ebn e m\u00ebsyn\u00eb disa dhjet\u00ebra ministra t\u00eb president\u00eb, kryeministra dhe ministra t\u00eb Jasht\u00ebm, vendi yn\u00eb nuk p\u00ebrb\u00ebn ndonj\u00eb prioritet apo urgjenc\u00eb t\u00eb politik\u00ebs s\u00eb jashtme t\u00eb Bashkimit [&hellip;]","og_url":"https:\/\/fjala.info\/2009-2015\/europa-politike-dhe-kriza-shqiptare\/","og_site_name":"FjALA e LIR\u00cb - Arkivi","article_published_time":"2010-06-13T12:33:34+00:00","og_image":[{"url":"http:\/\/www.shkoder.net\/images\/fjala\/skender_minxhozi.jpg","type":"","width":"","height":""}],"author":"admin","twitter_card":"summary_large_image","twitter_misc":{"Written by":"admin","Est. reading time":"6 minutes"},"schema":{"@context":"https:\/\/schema.org","@graph":[{"@type":"Article","@id":"https:\/\/fjala.info\/2009-2015\/europa-politike-dhe-kriza-shqiptare\/#article","isPartOf":{"@id":"https:\/\/fjala.info\/2009-2015\/europa-politike-dhe-kriza-shqiptare\/"},"author":{"name":"admin","@id":"https:\/\/fjala.info\/2009-2015\/#\/schema\/person\/3aa1163ef05469c496fc94e77611ada2"},"headline":"Europa politike dhe kriza shqiptare","datePublished":"2010-06-13T12:33:34+00:00","mainEntityOfPage":{"@id":"https:\/\/fjala.info\/2009-2015\/europa-politike-dhe-kriza-shqiptare\/"},"wordCount":1120,"commentCount":0,"publisher":{"@id":"https:\/\/fjala.info\/2009-2015\/#organization"},"image":{"@id":"https:\/\/fjala.info\/2009-2015\/europa-politike-dhe-kriza-shqiptare\/#primaryimage"},"thumbnailUrl":"http:\/\/www.shkoder.net\/images\/fjala\/skender_minxhozi.jpg","articleSection":["Artikuj"],"inLanguage":"sq-AL","potentialAction":[{"@type":"CommentAction","name":"Comment","target":["https:\/\/fjala.info\/2009-2015\/europa-politike-dhe-kriza-shqiptare\/#respond"]}]},{"@type":"WebPage","@id":"https:\/\/fjala.info\/2009-2015\/europa-politike-dhe-kriza-shqiptare\/","url":"https:\/\/fjala.info\/2009-2015\/europa-politike-dhe-kriza-shqiptare\/","name":"Europa politike dhe kriza shqiptare - FjALA e LIR\u00cb - Arkivi","isPartOf":{"@id":"https:\/\/fjala.info\/2009-2015\/#website"},"primaryImageOfPage":{"@id":"https:\/\/fjala.info\/2009-2015\/europa-politike-dhe-kriza-shqiptare\/#primaryimage"},"image":{"@id":"https:\/\/fjala.info\/2009-2015\/europa-politike-dhe-kriza-shqiptare\/#primaryimage"},"thumbnailUrl":"http:\/\/www.shkoder.net\/images\/fjala\/skender_minxhozi.jpg","datePublished":"2010-06-13T12:33:34+00:00","breadcrumb":{"@id":"https:\/\/fjala.info\/2009-2015\/europa-politike-dhe-kriza-shqiptare\/#breadcrumb"},"inLanguage":"sq-AL","potentialAction":[{"@type":"ReadAction","target":["https:\/\/fjala.info\/2009-2015\/europa-politike-dhe-kriza-shqiptare\/"]}]},{"@type":"ImageObject","inLanguage":"sq-AL","@id":"https:\/\/fjala.info\/2009-2015\/europa-politike-dhe-kriza-shqiptare\/#primaryimage","url":"http:\/\/www.shkoder.net\/images\/fjala\/skender_minxhozi.jpg","contentUrl":"http:\/\/www.shkoder.net\/images\/fjala\/skender_minxhozi.jpg"},{"@type":"BreadcrumbList","@id":"https:\/\/fjala.info\/2009-2015\/europa-politike-dhe-kriza-shqiptare\/#breadcrumb","itemListElement":[{"@type":"ListItem","position":1,"name":"Home","item":"https:\/\/fjala.info\/2009-2015\/"},{"@type":"ListItem","position":2,"name":"Europa politike dhe kriza shqiptare"}]},{"@type":"WebSite","@id":"https:\/\/fjala.info\/2009-2015\/#website","url":"https:\/\/fjala.info\/2009-2015\/","name":"FjALA e LIR\u00cb - Arkivi","description":"Arkivi 2009-2015","publisher":{"@id":"https:\/\/fjala.info\/2009-2015\/#organization"},"potentialAction":[{"@type":"SearchAction","target":{"@type":"EntryPoint","urlTemplate":"https:\/\/fjala.info\/2009-2015\/?s={search_term_string}"},"query-input":{"@type":"PropertyValueSpecification","valueRequired":true,"valueName":"search_term_string"}}],"inLanguage":"sq-AL"},{"@type":"Organization","@id":"https:\/\/fjala.info\/2009-2015\/#organization","name":"FjALA e LIR\u00cb - Arkivi","url":"https:\/\/fjala.info\/2009-2015\/","logo":{"@type":"ImageObject","inLanguage":"sq-AL","@id":"https:\/\/fjala.info\/2009-2015\/#\/schema\/logo\/image\/","url":"","contentUrl":"","caption":"FjALA e LIR\u00cb - Arkivi"},"image":{"@id":"https:\/\/fjala.info\/2009-2015\/#\/schema\/logo\/image\/"}},{"@type":"Person","@id":"https:\/\/fjala.info\/2009-2015\/#\/schema\/person\/3aa1163ef05469c496fc94e77611ada2","name":"admin","image":{"@type":"ImageObject","inLanguage":"sq-AL","@id":"https:\/\/fjala.info\/2009-2015\/wp-content\/uploads\/2012\/02\/arben_cokaj-120x150.jpg","url":"https:\/\/fjala.info\/2009-2015\/wp-content\/uploads\/2012\/02\/arben_cokaj-120x150.jpg","contentUrl":"https:\/\/fjala.info\/2009-2015\/wp-content\/uploads\/2012\/02\/arben_cokaj-120x150.jpg","caption":"admin"},"description":"Admin, Fjala e Lir\u00eb","sameAs":["https:\/\/fjala.info\/"],"url":"https:\/\/fjala.info\/2009-2015\/author\/admin\/"}]}},"_links":{"self":[{"href":"https:\/\/fjala.info\/2009-2015\/wp-json\/wp\/v2\/posts\/2998","targetHints":{"allow":["GET"]}}],"collection":[{"href":"https:\/\/fjala.info\/2009-2015\/wp-json\/wp\/v2\/posts"}],"about":[{"href":"https:\/\/fjala.info\/2009-2015\/wp-json\/wp\/v2\/types\/post"}],"author":[{"embeddable":true,"href":"https:\/\/fjala.info\/2009-2015\/wp-json\/wp\/v2\/users\/1"}],"replies":[{"embeddable":true,"href":"https:\/\/fjala.info\/2009-2015\/wp-json\/wp\/v2\/comments?post=2998"}],"version-history":[{"count":0,"href":"https:\/\/fjala.info\/2009-2015\/wp-json\/wp\/v2\/posts\/2998\/revisions"}],"wp:attachment":[{"href":"https:\/\/fjala.info\/2009-2015\/wp-json\/wp\/v2\/media?parent=2998"}],"wp:term":[{"taxonomy":"category","embeddable":true,"href":"https:\/\/fjala.info\/2009-2015\/wp-json\/wp\/v2\/categories?post=2998"},{"taxonomy":"post_tag","embeddable":true,"href":"https:\/\/fjala.info\/2009-2015\/wp-json\/wp\/v2\/tags?post=2998"}],"curies":[{"name":"wp","href":"https:\/\/api.w.org\/{rel}","templated":true}]}}