{"id":2996,"date":"2010-06-12T21:57:10","date_gmt":"2010-06-12T20:57:10","guid":{"rendered":"http:\/\/fjala.shkoder.net\/?p=2996"},"modified":"2010-06-12T21:57:10","modified_gmt":"2010-06-12T20:57:10","slug":"opinionet-apo-parimet","status":"publish","type":"post","link":"https:\/\/fjala.info\/2009-2015\/opinionet-apo-parimet\/","title":{"rendered":"OPINIONET APO PARIMET?"},"content":{"rendered":"<p><img decoding=\"async\" style=\"margin-left: 10px; margin-right: 10px; border: 0px;\" src=\"http:\/\/www.shkoder.net\/images\/fjala\/mustafa_nano.jpg\" border=\"0\" alt=\"Mustafa Nano\" width=\"100\" align=\"left\" \/><\/p>\n<p><strong>Mustafa Nano<\/strong><\/p>\n<p><em>Zululand<\/em><br \/>\nTeoria e demokracis\u00eb u njeh zgjedhjeve t\u00eb lira e t\u00eb ndershme dy funksione baz\u00eb: kontrollin popullor periodik mbi t\u00eb zgjedhurit, dhe krijimin e nj\u00eb qeverie\/qeverisjeje legjitime. Zgjedhjet shnd\u00ebrrohen n\u00eb nj\u00eb lod\u00ebr t\u00eb ndyr\u00eb e n\u00eb nj\u00eb g\u00ebnjesht\u00ebr t\u00eb rrezikshme, n\u00ebse ne, s\u00eb pari nuk kemi mund\u00ebsi t\u00eb ushtrojm\u00eb nj\u00eb kontroll real periodik mbi t\u00eb zgjedhurit, ve\u00e7an\u00ebrisht mbi mazhoranc\u00ebn apo pushtetin, e s\u00eb dyti nuk arrijm\u00eb t\u00eb kemi nj\u00eb qeveri\/qeverisje t\u00eb miratuar e t\u00eb mb\u00ebshtetur nga shumica e popullsis\u00eb.<\/p>\n<p>Prandaj, votat duhen num\u00ebruar kok\u00ebrr m\u00eb kok\u00ebrr; prandaj nuk ka asnj\u00eb t\u00eb keqe t\u2019i rinum\u00ebrojm\u00eb ato; prandaj nuk ka asnj\u00eb kuptim, q\u00eb si shkak t\u00eb refuzimit t\u00eb k\u00ebrkes\u00ebs p\u00ebr t\u2019i rinum\u00ebruar ato, t\u00eb nxirret respekti ndaj ca institucioneve, q\u00eb ekzistojn\u00eb ve\u00e7 n\u00eb let\u00ebr; prandaj \u00ebsht\u00eb posht\u00ebrsi t\u00eb thuash apo t\u00eb l\u00ebsh t\u00eb kuptohet, se \u201cm\u00eb mir\u00eb t\u00eb vidhen votat, sesa t\u00eb lejohet t\u00eb vij\u00eb n\u00eb pushtet nj\u00eb zuzar e maskara\u201d.<\/p>\n<p>Duke th\u00ebn\u00eb k\u00ebt\u00eb t\u00eb fundit, antiopozitar\u00ebt tan\u00eb shenjt\u00ebrojn\u00eb nj\u00eb opinion (Rama \u00ebsht\u00eb zuzar e maskara) p\u00ebrball\u00eb nj\u00eb parimi (votat duhen num\u00ebruar nj\u00eb m\u00eb nj\u00eb). Dhe harrojn\u00eb se opinionet jan\u00eb opinione, d.m.th duhet t\u00eb jemi t\u00eb lir\u00eb p\u00ebr t\u2019i shprehur, ashtu si\u00e7 duhet t\u00eb jemi t\u00eb lir\u00eb p\u00ebr t\u2019i kund\u00ebrshtuar, nd\u00ebrsa parimet jan\u00eb parime, d.m.th duhet t\u00eb jemi t\u00eb lir\u00eb t\u00eb mos i p\u00eblqejm\u00eb, por nuk mund t\u00eb jemi t\u00eb lir\u00eb t\u00eb mos i respektojm\u00eb. P\u00ebrndryshe, n\u00ebse nuk pyesim p\u00ebr parime pra, vjen natyrsh\u00ebm nj\u00eb moment, kur nuk do t\u00eb jemi m\u00eb t\u00eb lir\u00eb t\u00eb shprehim apo besojm\u00eb nj\u00eb opinion.<\/p>\n<p>Po e kthej \u201cthik\u00ebn\u201d nga vetja. Un\u00eb besoj fuqimisht te demokracia, rrjedhimisht te zgjedhjet e lira e t\u00eb ndershme. Por n\u00eb t\u00eb nj\u00ebjt\u00ebn koh\u00eb, un\u00eb kam dhe nj\u00eb bindje: Sali Berisha \u00ebsht\u00eb nj\u00eb i s\u00ebmur\u00eb psikik. Nuk ka diskutim, q\u00eb ky i dyti \u00ebsht\u00eb nj\u00eb opinion i past\u00ebr. Nd\u00ebrsa t\u00eb parat, d.m.th zgjedhjet e lira, jan\u00eb nj\u00eb parim, mbi t\u00eb cilin ngrihet sistemi i demokracis\u00eb liberale. N\u00eb k\u00ebto rrethana nuk do ta lejoja veten t\u00eb p\u00ebrligjja ata, q\u00eb do duan t\u00eb vjedhin votat me q\u00ebllim q\u00eb t\u00eb pengojn\u00eb nj\u00eb t\u00eb s\u00ebmur\u00eb psikik t\u00eb vij\u00eb n\u00eb pushtet.<\/p>\n<p>Po ta b\u00ebja k\u00ebt\u00eb, nuk do t\u00eb besoja te demokracia. Mua nuk mund t\u00eb m\u00eb pengoj\u00eb kush t\u00eb them se x-i \u00ebsht\u00eb i s\u00ebmur\u00eb psikik (p\u00ebr sa koh\u00eb jam i bindur p\u00ebr k\u00ebt\u00eb gj\u00eb), por nuk \u00ebsht\u00eb detyra ime t\u00eb pengoj nj\u00eb t\u00eb s\u00ebmur\u00eb psikik t\u00eb vij\u00eb n\u00eb pushtet. Kjo \u00ebsht\u00eb detyra e shumic\u00ebs s\u00eb votuesve (k\u00ebt\u00eb e thot\u00eb parimi i demokracis\u00eb, tek e cila un\u00eb besoj fuqimisht).<\/p>\n<p>E n\u00ebse shumica nuk ka t\u00eb nj\u00ebjtin opinion me mua, nuk \u00ebsht\u00eb se do t\u00eb jem i lumtur. P\u00ebrkundrazi. Por do t\u00eb jem i qet\u00eb am\u00e1, sepse votat jan\u00eb num\u00ebruar ashtu si duhet. P\u00ebr pasoj\u00eb, do jem gjith\u00eb koh\u00ebn me iden\u00eb, se pas kat\u00ebr vjet\u00ebsh, tok me shum\u00eb t\u00eb tjer\u00eb, do t\u00eb kem nj\u00eb shans tjet\u00ebr, p\u00ebr t\u00eb mos e l\u00ebn\u00eb nj\u00eb t\u00eb s\u00ebmur\u00eb t\u00eb rrij\u00eb n\u00eb pushtet. Nuk \u00ebsht\u00eb ngush\u00ebllim i pakt\u00eb. Nd\u00ebrsa dhunuesit e parimit t\u00eb l\u00ebn\u00eb pa ngush\u00ebllim.<\/p>\n","protected":false},"excerpt":{"rendered":"<p>Mustafa Nano Zululand Teoria e demokracis\u00eb u njeh zgjedhjeve t\u00eb lira e t\u00eb ndershme dy funksione baz\u00eb: kontrollin popullor periodik mbi t\u00eb zgjedhurit, dhe krijimin e nj\u00eb qeverie\/qeverisjeje legjitime. Zgjedhjet shnd\u00ebrrohen n\u00eb nj\u00eb lod\u00ebr t\u00eb ndyr\u00eb e n\u00eb nj\u00eb g\u00ebnjesht\u00ebr t\u00eb rrezikshme, n\u00ebse ne, s\u00eb pari nuk kemi mund\u00ebsi t\u00eb ushtrojm\u00eb nj\u00eb kontroll real periodik [&hellip;]<\/p>\n","protected":false},"author":1,"featured_media":0,"comment_status":"open","ping_status":"closed","sticky":false,"template":"","format":"standard","meta":{"footnotes":""},"categories":[2],"tags":[],"class_list":{"0":"post-2996","1":"post","2":"type-post","3":"status-publish","4":"format-standard","6":"category-artikuj"},"yoast_head":"<!-- This site is optimized with the Yoast SEO plugin v27.4 - https:\/\/yoast.com\/product\/yoast-seo-wordpress\/ -->\n<title>OPINIONET APO PARIMET? - FjALA e LIR\u00cb - Arkivi<\/title>\n<meta name=\"robots\" content=\"index, follow, max-snippet:-1, max-image-preview:large, max-video-preview:-1\" \/>\n<link rel=\"canonical\" href=\"https:\/\/fjala.info\/2009-2015\/opinionet-apo-parimet\/\" \/>\n<meta property=\"og:locale\" content=\"sq_AL\" \/>\n<meta property=\"og:type\" content=\"article\" \/>\n<meta property=\"og:title\" content=\"OPINIONET APO PARIMET? - FjALA e LIR\u00cb - Arkivi\" \/>\n<meta property=\"og:description\" content=\"Mustafa Nano Zululand Teoria e demokracis\u00eb u njeh zgjedhjeve t\u00eb lira e t\u00eb ndershme dy funksione baz\u00eb: kontrollin popullor periodik mbi t\u00eb zgjedhurit, dhe krijimin e nj\u00eb qeverie\/qeverisjeje legjitime. Zgjedhjet shnd\u00ebrrohen n\u00eb nj\u00eb lod\u00ebr t\u00eb ndyr\u00eb e n\u00eb nj\u00eb g\u00ebnjesht\u00ebr t\u00eb rrezikshme, n\u00ebse ne, s\u00eb pari nuk kemi mund\u00ebsi t\u00eb ushtrojm\u00eb nj\u00eb kontroll real periodik [&hellip;]\" \/>\n<meta property=\"og:url\" content=\"https:\/\/fjala.info\/2009-2015\/opinionet-apo-parimet\/\" \/>\n<meta property=\"og:site_name\" content=\"FjALA e LIR\u00cb - Arkivi\" \/>\n<meta property=\"article:published_time\" content=\"2010-06-12T20:57:10+00:00\" \/>\n<meta property=\"og:image\" content=\"http:\/\/www.shkoder.net\/images\/fjala\/mustafa_nano.jpg\" \/>\n<meta name=\"author\" content=\"admin\" \/>\n<meta name=\"twitter:card\" content=\"summary_large_image\" \/>\n<meta name=\"twitter:label1\" content=\"Written by\" \/>\n\t<meta name=\"twitter:data1\" content=\"admin\" \/>\n\t<meta name=\"twitter:label2\" content=\"Est. reading time\" \/>\n\t<meta name=\"twitter:data2\" content=\"3 minutes\" \/>\n<script type=\"application\/ld+json\" class=\"yoast-schema-graph\">{\"@context\":\"https:\\\/\\\/schema.org\",\"@graph\":[{\"@type\":\"Article\",\"@id\":\"https:\\\/\\\/fjala.info\\\/2009-2015\\\/opinionet-apo-parimet\\\/#article\",\"isPartOf\":{\"@id\":\"https:\\\/\\\/fjala.info\\\/2009-2015\\\/opinionet-apo-parimet\\\/\"},\"author\":{\"name\":\"admin\",\"@id\":\"https:\\\/\\\/fjala.info\\\/2009-2015\\\/#\\\/schema\\\/person\\\/3aa1163ef05469c496fc94e77611ada2\"},\"headline\":\"OPINIONET APO PARIMET?\",\"datePublished\":\"2010-06-12T20:57:10+00:00\",\"mainEntityOfPage\":{\"@id\":\"https:\\\/\\\/fjala.info\\\/2009-2015\\\/opinionet-apo-parimet\\\/\"},\"wordCount\":581,\"commentCount\":0,\"publisher\":{\"@id\":\"https:\\\/\\\/fjala.info\\\/2009-2015\\\/#organization\"},\"image\":{\"@id\":\"https:\\\/\\\/fjala.info\\\/2009-2015\\\/opinionet-apo-parimet\\\/#primaryimage\"},\"thumbnailUrl\":\"http:\\\/\\\/www.shkoder.net\\\/images\\\/fjala\\\/mustafa_nano.jpg\",\"articleSection\":[\"Artikuj\"],\"inLanguage\":\"sq-AL\",\"potentialAction\":[{\"@type\":\"CommentAction\",\"name\":\"Comment\",\"target\":[\"https:\\\/\\\/fjala.info\\\/2009-2015\\\/opinionet-apo-parimet\\\/#respond\"]}]},{\"@type\":\"WebPage\",\"@id\":\"https:\\\/\\\/fjala.info\\\/2009-2015\\\/opinionet-apo-parimet\\\/\",\"url\":\"https:\\\/\\\/fjala.info\\\/2009-2015\\\/opinionet-apo-parimet\\\/\",\"name\":\"OPINIONET APO PARIMET? - FjALA e LIR\u00cb - Arkivi\",\"isPartOf\":{\"@id\":\"https:\\\/\\\/fjala.info\\\/2009-2015\\\/#website\"},\"primaryImageOfPage\":{\"@id\":\"https:\\\/\\\/fjala.info\\\/2009-2015\\\/opinionet-apo-parimet\\\/#primaryimage\"},\"image\":{\"@id\":\"https:\\\/\\\/fjala.info\\\/2009-2015\\\/opinionet-apo-parimet\\\/#primaryimage\"},\"thumbnailUrl\":\"http:\\\/\\\/www.shkoder.net\\\/images\\\/fjala\\\/mustafa_nano.jpg\",\"datePublished\":\"2010-06-12T20:57:10+00:00\",\"breadcrumb\":{\"@id\":\"https:\\\/\\\/fjala.info\\\/2009-2015\\\/opinionet-apo-parimet\\\/#breadcrumb\"},\"inLanguage\":\"sq-AL\",\"potentialAction\":[{\"@type\":\"ReadAction\",\"target\":[\"https:\\\/\\\/fjala.info\\\/2009-2015\\\/opinionet-apo-parimet\\\/\"]}]},{\"@type\":\"ImageObject\",\"inLanguage\":\"sq-AL\",\"@id\":\"https:\\\/\\\/fjala.info\\\/2009-2015\\\/opinionet-apo-parimet\\\/#primaryimage\",\"url\":\"http:\\\/\\\/www.shkoder.net\\\/images\\\/fjala\\\/mustafa_nano.jpg\",\"contentUrl\":\"http:\\\/\\\/www.shkoder.net\\\/images\\\/fjala\\\/mustafa_nano.jpg\"},{\"@type\":\"BreadcrumbList\",\"@id\":\"https:\\\/\\\/fjala.info\\\/2009-2015\\\/opinionet-apo-parimet\\\/#breadcrumb\",\"itemListElement\":[{\"@type\":\"ListItem\",\"position\":1,\"name\":\"Home\",\"item\":\"https:\\\/\\\/fjala.info\\\/2009-2015\\\/\"},{\"@type\":\"ListItem\",\"position\":2,\"name\":\"OPINIONET APO PARIMET?\"}]},{\"@type\":\"WebSite\",\"@id\":\"https:\\\/\\\/fjala.info\\\/2009-2015\\\/#website\",\"url\":\"https:\\\/\\\/fjala.info\\\/2009-2015\\\/\",\"name\":\"FjALA e LIR\u00cb - Arkivi\",\"description\":\"Arkivi 2009-2015\",\"publisher\":{\"@id\":\"https:\\\/\\\/fjala.info\\\/2009-2015\\\/#organization\"},\"potentialAction\":[{\"@type\":\"SearchAction\",\"target\":{\"@type\":\"EntryPoint\",\"urlTemplate\":\"https:\\\/\\\/fjala.info\\\/2009-2015\\\/?s={search_term_string}\"},\"query-input\":{\"@type\":\"PropertyValueSpecification\",\"valueRequired\":true,\"valueName\":\"search_term_string\"}}],\"inLanguage\":\"sq-AL\"},{\"@type\":\"Organization\",\"@id\":\"https:\\\/\\\/fjala.info\\\/2009-2015\\\/#organization\",\"name\":\"FjALA e LIR\u00cb - Arkivi\",\"url\":\"https:\\\/\\\/fjala.info\\\/2009-2015\\\/\",\"logo\":{\"@type\":\"ImageObject\",\"inLanguage\":\"sq-AL\",\"@id\":\"https:\\\/\\\/fjala.info\\\/2009-2015\\\/#\\\/schema\\\/logo\\\/image\\\/\",\"url\":\"\",\"contentUrl\":\"\",\"caption\":\"FjALA e LIR\u00cb - Arkivi\"},\"image\":{\"@id\":\"https:\\\/\\\/fjala.info\\\/2009-2015\\\/#\\\/schema\\\/logo\\\/image\\\/\"}},{\"@type\":\"Person\",\"@id\":\"https:\\\/\\\/fjala.info\\\/2009-2015\\\/#\\\/schema\\\/person\\\/3aa1163ef05469c496fc94e77611ada2\",\"name\":\"admin\",\"image\":{\"@type\":\"ImageObject\",\"inLanguage\":\"sq-AL\",\"@id\":\"https:\\\/\\\/fjala.info\\\/2009-2015\\\/wp-content\\\/uploads\\\/2012\\\/02\\\/arben_cokaj-120x150.jpg\",\"url\":\"https:\\\/\\\/fjala.info\\\/2009-2015\\\/wp-content\\\/uploads\\\/2012\\\/02\\\/arben_cokaj-120x150.jpg\",\"contentUrl\":\"https:\\\/\\\/fjala.info\\\/2009-2015\\\/wp-content\\\/uploads\\\/2012\\\/02\\\/arben_cokaj-120x150.jpg\",\"caption\":\"admin\"},\"description\":\"Admin, Fjala e Lir\u00eb\",\"sameAs\":[\"https:\\\/\\\/fjala.info\\\/\"],\"url\":\"https:\\\/\\\/fjala.info\\\/2009-2015\\\/author\\\/admin\\\/\"}]}<\/script>\n<!-- \/ Yoast SEO plugin. -->","yoast_head_json":{"title":"OPINIONET APO PARIMET? - FjALA e LIR\u00cb - Arkivi","robots":{"index":"index","follow":"follow","max-snippet":"max-snippet:-1","max-image-preview":"max-image-preview:large","max-video-preview":"max-video-preview:-1"},"canonical":"https:\/\/fjala.info\/2009-2015\/opinionet-apo-parimet\/","og_locale":"sq_AL","og_type":"article","og_title":"OPINIONET APO PARIMET? - FjALA e LIR\u00cb - Arkivi","og_description":"Mustafa Nano Zululand Teoria e demokracis\u00eb u njeh zgjedhjeve t\u00eb lira e t\u00eb ndershme dy funksione baz\u00eb: kontrollin popullor periodik mbi t\u00eb zgjedhurit, dhe krijimin e nj\u00eb qeverie\/qeverisjeje legjitime. Zgjedhjet shnd\u00ebrrohen n\u00eb nj\u00eb lod\u00ebr t\u00eb ndyr\u00eb e n\u00eb nj\u00eb g\u00ebnjesht\u00ebr t\u00eb rrezikshme, n\u00ebse ne, s\u00eb pari nuk kemi mund\u00ebsi t\u00eb ushtrojm\u00eb nj\u00eb kontroll real periodik [&hellip;]","og_url":"https:\/\/fjala.info\/2009-2015\/opinionet-apo-parimet\/","og_site_name":"FjALA e LIR\u00cb - Arkivi","article_published_time":"2010-06-12T20:57:10+00:00","og_image":[{"url":"http:\/\/www.shkoder.net\/images\/fjala\/mustafa_nano.jpg","type":"","width":"","height":""}],"author":"admin","twitter_card":"summary_large_image","twitter_misc":{"Written by":"admin","Est. reading time":"3 minutes"},"schema":{"@context":"https:\/\/schema.org","@graph":[{"@type":"Article","@id":"https:\/\/fjala.info\/2009-2015\/opinionet-apo-parimet\/#article","isPartOf":{"@id":"https:\/\/fjala.info\/2009-2015\/opinionet-apo-parimet\/"},"author":{"name":"admin","@id":"https:\/\/fjala.info\/2009-2015\/#\/schema\/person\/3aa1163ef05469c496fc94e77611ada2"},"headline":"OPINIONET APO PARIMET?","datePublished":"2010-06-12T20:57:10+00:00","mainEntityOfPage":{"@id":"https:\/\/fjala.info\/2009-2015\/opinionet-apo-parimet\/"},"wordCount":581,"commentCount":0,"publisher":{"@id":"https:\/\/fjala.info\/2009-2015\/#organization"},"image":{"@id":"https:\/\/fjala.info\/2009-2015\/opinionet-apo-parimet\/#primaryimage"},"thumbnailUrl":"http:\/\/www.shkoder.net\/images\/fjala\/mustafa_nano.jpg","articleSection":["Artikuj"],"inLanguage":"sq-AL","potentialAction":[{"@type":"CommentAction","name":"Comment","target":["https:\/\/fjala.info\/2009-2015\/opinionet-apo-parimet\/#respond"]}]},{"@type":"WebPage","@id":"https:\/\/fjala.info\/2009-2015\/opinionet-apo-parimet\/","url":"https:\/\/fjala.info\/2009-2015\/opinionet-apo-parimet\/","name":"OPINIONET APO PARIMET? - FjALA e LIR\u00cb - Arkivi","isPartOf":{"@id":"https:\/\/fjala.info\/2009-2015\/#website"},"primaryImageOfPage":{"@id":"https:\/\/fjala.info\/2009-2015\/opinionet-apo-parimet\/#primaryimage"},"image":{"@id":"https:\/\/fjala.info\/2009-2015\/opinionet-apo-parimet\/#primaryimage"},"thumbnailUrl":"http:\/\/www.shkoder.net\/images\/fjala\/mustafa_nano.jpg","datePublished":"2010-06-12T20:57:10+00:00","breadcrumb":{"@id":"https:\/\/fjala.info\/2009-2015\/opinionet-apo-parimet\/#breadcrumb"},"inLanguage":"sq-AL","potentialAction":[{"@type":"ReadAction","target":["https:\/\/fjala.info\/2009-2015\/opinionet-apo-parimet\/"]}]},{"@type":"ImageObject","inLanguage":"sq-AL","@id":"https:\/\/fjala.info\/2009-2015\/opinionet-apo-parimet\/#primaryimage","url":"http:\/\/www.shkoder.net\/images\/fjala\/mustafa_nano.jpg","contentUrl":"http:\/\/www.shkoder.net\/images\/fjala\/mustafa_nano.jpg"},{"@type":"BreadcrumbList","@id":"https:\/\/fjala.info\/2009-2015\/opinionet-apo-parimet\/#breadcrumb","itemListElement":[{"@type":"ListItem","position":1,"name":"Home","item":"https:\/\/fjala.info\/2009-2015\/"},{"@type":"ListItem","position":2,"name":"OPINIONET APO PARIMET?"}]},{"@type":"WebSite","@id":"https:\/\/fjala.info\/2009-2015\/#website","url":"https:\/\/fjala.info\/2009-2015\/","name":"FjALA e LIR\u00cb - Arkivi","description":"Arkivi 2009-2015","publisher":{"@id":"https:\/\/fjala.info\/2009-2015\/#organization"},"potentialAction":[{"@type":"SearchAction","target":{"@type":"EntryPoint","urlTemplate":"https:\/\/fjala.info\/2009-2015\/?s={search_term_string}"},"query-input":{"@type":"PropertyValueSpecification","valueRequired":true,"valueName":"search_term_string"}}],"inLanguage":"sq-AL"},{"@type":"Organization","@id":"https:\/\/fjala.info\/2009-2015\/#organization","name":"FjALA e LIR\u00cb - Arkivi","url":"https:\/\/fjala.info\/2009-2015\/","logo":{"@type":"ImageObject","inLanguage":"sq-AL","@id":"https:\/\/fjala.info\/2009-2015\/#\/schema\/logo\/image\/","url":"","contentUrl":"","caption":"FjALA e LIR\u00cb - Arkivi"},"image":{"@id":"https:\/\/fjala.info\/2009-2015\/#\/schema\/logo\/image\/"}},{"@type":"Person","@id":"https:\/\/fjala.info\/2009-2015\/#\/schema\/person\/3aa1163ef05469c496fc94e77611ada2","name":"admin","image":{"@type":"ImageObject","inLanguage":"sq-AL","@id":"https:\/\/fjala.info\/2009-2015\/wp-content\/uploads\/2012\/02\/arben_cokaj-120x150.jpg","url":"https:\/\/fjala.info\/2009-2015\/wp-content\/uploads\/2012\/02\/arben_cokaj-120x150.jpg","contentUrl":"https:\/\/fjala.info\/2009-2015\/wp-content\/uploads\/2012\/02\/arben_cokaj-120x150.jpg","caption":"admin"},"description":"Admin, Fjala e Lir\u00eb","sameAs":["https:\/\/fjala.info\/"],"url":"https:\/\/fjala.info\/2009-2015\/author\/admin\/"}]}},"_links":{"self":[{"href":"https:\/\/fjala.info\/2009-2015\/wp-json\/wp\/v2\/posts\/2996","targetHints":{"allow":["GET"]}}],"collection":[{"href":"https:\/\/fjala.info\/2009-2015\/wp-json\/wp\/v2\/posts"}],"about":[{"href":"https:\/\/fjala.info\/2009-2015\/wp-json\/wp\/v2\/types\/post"}],"author":[{"embeddable":true,"href":"https:\/\/fjala.info\/2009-2015\/wp-json\/wp\/v2\/users\/1"}],"replies":[{"embeddable":true,"href":"https:\/\/fjala.info\/2009-2015\/wp-json\/wp\/v2\/comments?post=2996"}],"version-history":[{"count":0,"href":"https:\/\/fjala.info\/2009-2015\/wp-json\/wp\/v2\/posts\/2996\/revisions"}],"wp:attachment":[{"href":"https:\/\/fjala.info\/2009-2015\/wp-json\/wp\/v2\/media?parent=2996"}],"wp:term":[{"taxonomy":"category","embeddable":true,"href":"https:\/\/fjala.info\/2009-2015\/wp-json\/wp\/v2\/categories?post=2996"},{"taxonomy":"post_tag","embeddable":true,"href":"https:\/\/fjala.info\/2009-2015\/wp-json\/wp\/v2\/tags?post=2996"}],"curies":[{"name":"wp","href":"https:\/\/api.w.org\/{rel}","templated":true}]}}