{"id":2994,"date":"2010-06-12T00:22:37","date_gmt":"2010-06-11T23:22:37","guid":{"rendered":"http:\/\/fjala.shkoder.net\/?p=2994"},"modified":"2010-06-12T00:22:37","modified_gmt":"2010-06-11T23:22:37","slug":"per-nje-rezistence-te-mediave","status":"publish","type":"post","link":"https:\/\/fjala.info\/2009-2015\/per-nje-rezistence-te-mediave\/","title":{"rendered":"P\u00ebr nj\u00eb rezistenc\u00eb t\u00eb mediave"},"content":{"rendered":"<p><img decoding=\"async\" style=\"margin-left: 10px; margin-right: 10px; border: 0px;\" src=\"http:\/\/www.shkoder.net\/images\/fjala\/aklosi.jpg\" border=\"0\" alt=\"Ardian Klosi\" width=\"100\" align=\"left\" \/><\/p>\n<p><strong>Ardian Klosi<\/strong>, <em>11.06.2010<\/em><\/p>\n<p>Me afrimin e stin\u00ebs s\u00eb nxeht\u00eb t\u00eb ver\u00ebs dhe kampionatit bot\u00ebror t\u00eb futbollit, kryeministri i vendit po b\u00ebn l\u00ebvizje q\u00eb jan\u00eb n\u00eb dukje krejt pa lidhje me nj\u00ebra-tjetr\u00ebn, por q\u00eb natyrisht n\u00ebn sip\u00ebrfaqe ndjekin nj\u00eb strategji t\u00eb caktuar.<\/p>\n<p>Thelbi i strategjis\u00eb \u00ebsht\u00eb po nj\u00eb: mbajtja me \u00e7do kusht e pushtetit, ajo q\u00eb ky njeri e ka b\u00ebr\u00eb qysh se i doli fati n\u00eb kaosin e viteve 1990-92. Me kalimin e viteve strategjia e tij (fjal\u00eb m\u00eb e sakt\u00eb do t\u00eb ishte t\u00ebr\u00ebsia e marifeteve, ose makromarifeti) p\u00ebr mbajtjen e pushtetit duket sikur \u00ebsht\u00eb st\u00ebrholluar.<\/p>\n<p>Se sa e holl\u00eb \u00ebsht\u00eb ajo n\u00eb t\u00eb v\u00ebrtet\u00eb, k\u00ebt\u00eb duhet ta thot\u00eb shumica e popullit, d.m.th., TV-shikuesit e gazet\u00eb-lexuesit duhet t\u00eb vendosin n\u00ebse v\u00ebrtet\u00eb besojn\u00eb q\u00eb zbardhja e masakr\u00ebs s\u00eb Tivarit \u00ebsht\u00eb nj\u00eb problem aktual dhe akut i shoq\u00ebris\u00eb shqiptare, n\u00ebse fakti q\u00eb opozita udh\u00ebhiqet nga pinjoll\u00eb t\u00eb ish-&#8220;Bllokut&#8221; po b\u00ebhet shqet\u00ebsues dhe i paduruesh\u00ebm, n\u00ebse hapja e Teatrit t\u00eb Komedis\u00eb \u00ebsht\u00eb prioritet kulturor i kombit, n\u00ebse duhet b\u00ebr\u00eb regjistrimi etnik dhe fetar i popullsis\u00eb etj.<\/p>\n<p>P\u00ebr ne q\u00eb e njohim zot\u00ebrin\u00eb n\u00eb fjal\u00eb qysh n\u00eb dit\u00ebt kur p\u00ebsoi metamorfoz\u00eb si Gregor Samsa i Kafk\u00ebs, tek fjeti n\u00ebpun\u00ebs besnik i Shoq\u00ebris\u00eb s\u00eb sigurimeve komuniste dhe u zgjua brumbull demokrat me dhjet\u00ebra k\u00ebmb\u00eb q\u00eb i tundte n\u00eb aj\u00ebr, strategjia nuk \u00ebsht\u00eb e holl\u00eb, p\u00ebrkundrazi \u00ebsht\u00eb e trash\u00eb.<\/p>\n<p>Ato jan\u00eb marifete p\u00ebr ta mbyllur konfliktin q\u00eb ka me opozit\u00ebn dhe nj\u00eb pjes\u00eb t\u00eb mir\u00eb t\u00eb popullit p\u00ebr v\u00ebrtet\u00ebsin\u00eb e zgjedhjeve t\u00eb fundit, ato jan\u00eb disa l\u00ebvizje t\u00eb shkurdisura shahu p\u00ebr ta \u00e7uar gjendjen e patit deri n\u00eb topitjen e vap\u00ebs s\u00eb madhe. Mir\u00ebpo ka ndonj\u00eb vler\u00eb q\u00eb k\u00ebshtu e quajn\u00eb disa pak njer\u00ebz q\u00eb shkruajn\u00eb n\u00eb dy-tri gazeta t\u00eb caktuara?<\/p>\n<p>Po nj\u00eb mas\u00eb q\u00eb ndjek temat e reja t\u00eb kryeministrit me nj\u00eb rit\u00ebm 1 e re n\u00eb 2-3 dit\u00eb dhe ndodhet n\u00eb efektin e televizioneve, si e quan? Po vet\u00eb televizionet tona si i quajn\u00eb? Kjo \u00ebsht\u00eb edhe tema e k\u00ebtij shkrimi.<\/p>\n<p>Le t\u00eb marrim rastet konkrete:<\/p>\n<p>Dje kryeministri shpalli se n\u00eb 1 korrik do t\u00eb rris\u00eb pensionet dhe pagat. Sa \u00ebsht\u00eb kjo rritje? nuk dihet. N\u00eb t\u00eb nj\u00ebjt\u00ebn koh\u00eb m\u00ebsuam se do t\u00eb rriten taksat e automjeteve dhe taksa t\u00eb tjera. N\u00eb \u00e7&#8217;raport \u00ebsht\u00eb rritja e ardhshme e pensioneve me k\u00ebto shtrenjtime t\u00eb jet\u00ebs, plus shtrenjtimin q\u00eb vjen nga rritja e vler\u00ebs s\u00eb dollarit dhe ngritja tradicionale e \u00e7mimeve n\u00eb ver\u00eb?<\/p>\n<p>Gjith\u00e7ka e panjohur. Nga kryeministri kemi vet\u00ebm konfirmimin se ekonomia shqiptare, n\u00eb ndryshim nga gjith\u00eb ekonomit\u00eb e tjera t\u00eb rajonit, ka rritje t\u00eb madhe dhe nuk njeh depresion.<\/p>\n<p>Kjo ka ndodhur ngaq\u00eb jan\u00eb rritur eksportet dhe jan\u00eb mbledhur shum\u00eb m\u00eb mir\u00eb taksat, vazhdoi kryeministri. Tani, jemi n\u00eb nj\u00eb fush\u00eb tep\u00ebr t\u00eb v\u00ebshtir\u00eb p\u00ebr ta ndjekur, at\u00eb t\u00eb ekonomis\u00eb dhe t\u00eb statistikave. Dim\u00eb vet\u00ebm q\u00eb shifrat q\u00eb jep qeveria e tij jan\u00eb krejt t\u00eb ndryshme nga ato q\u00eb vijn\u00eb prej burimesh t\u00eb tjera, n\u00eb radh\u00eb t\u00eb par\u00eb nga ekspert\u00ebt e opozit\u00ebs.<\/p>\n<p>Dim\u00eb edhe q\u00eb, nj\u00eb nga l\u00ebvizjet e para q\u00eb b\u00ebri kur erdhi n\u00eb pushtet ishte heqja e drejtoresh\u00ebs s\u00eb Institutit t\u00eb Statistikave, nj\u00eb nga njer\u00ebzit m\u00eb t\u00eb besuesh\u00ebm e t\u00eb respektuar t\u00eb k\u00ebtij vendi. M\u00eb tej, nuk dim\u00eb, ose nuk shohim rritjen e ndonj\u00eb eksporti shqiptar, vet\u00ebm n\u00eb qoft\u00eb se \u00ebsht\u00eb fjala p\u00ebr eksporte t\u00eb fshehura, ato q\u00eb r\u00ebndom em\u00ebrtohen me fjal\u00ebn trafik.<\/p>\n<p>Dhe e fundit, nj\u00eb njeri q\u00eb disa her\u00eb ka manipuluar me historin\u00eb, e ka shum\u00eb m\u00eb t\u00eb leht\u00eb t\u00eb manipuloj\u00eb me shifrat e ekonomis\u00eb, pasi q\u00eb ka vendosur n\u00eb statistika, n\u00eb financa, n\u00eb tatime sistematikisht njer\u00ebzit e vet. Po televizioni? Televizioni jep, n\u00eb rastin m\u00eb t\u00eb mir\u00eb, deklaratat e t\u00eb dyja pal\u00ebve, qeveris\u00eb dhe PS-s\u00eb, t\u00eb baraspeshuara n\u00eb koh\u00eb, por nuk b\u00ebn analiza objektive t\u00eb vetat. Askush nuk kupton asgj\u00eb.<\/p>\n<p>Vijm\u00eb n\u00eb temat historike. Masakra e Tivarit u b\u00eb k\u00ebto dit\u00eb tema kryesore e deklaratave t\u00eb kryeministrit. Kishte ndonj\u00eb aktualitet, ndonj\u00eb fakt t\u00eb ri q\u00eb mund t\u00eb ket\u00eb zbuluar ai, d.m.th., grupi i historian\u00ebve t\u00eb tij? Jo. Po \u00e7&#8217;ndodhi, nga i erdhi?<\/p>\n<p>E logjikshme do t\u00eb kishte qen\u00eb q\u00eb kryeministri, k\u00ebt\u00eb gj\u00ebm\u00eb komb\u00ebtare q\u00eb p\u00ebsuan kosovar\u00ebt n\u00eb mbarim t\u00eb Luft\u00ebs s\u00eb Dyt\u00eb bot\u00ebrore ta nxirrte n\u00eb pah kur erdhi n\u00eb pushtet si president, qysh m\u00eb 1992 e 1993. Sepse, pik\u00ebrisht at\u00ebher\u00eb, n\u00eb koh\u00ebn e kthes\u00ebs, sapo q\u00eb ra perdja e hekurt, u mor\u00ebn kombe e udh\u00ebheqje t\u00eb tjera t\u00eb Lindjes me tragjedi t\u00eb ngjashme, bie fjala polak\u00ebt me masakr\u00ebn e Katynit.<\/p>\n<p>Nuk e b\u00ebri aspak ish-presidenti yn\u00eb, madje at\u00eb koh\u00eb nuk kishte asgj\u00eb me serb\u00ebt, t\u00eb cil\u00ebt p\u00ebr disa vite i furnizoi rregullisht me karburant gjat\u00eb luft\u00ebs s\u00eb tyre n\u00eb Bosnje, sikurse e ka pranuar edhe vet\u00eb m\u00eb pas.<\/p>\n<p>Aq pak sa kishte nd\u00ebr mend n\u00eb at\u00eb koh\u00eb t\u00eb hidhte drit\u00eb n\u00eb histori, aq pak ka edhe tani, pasi as mjetet nuk i ka, as historian\u00ebt, kurse d\u00ebshmitar\u00ebt okular\u00eb, nd\u00ebrkoh\u00eb shumica i kan\u00eb vdekur. Kryesorja nuk ka seriozitetin.<\/p>\n<p>Dhe m\u00eb e keqja \u00ebsht\u00eb se s&#8217;i mungon talenti i aktrimit dhe kur e shikon n\u00eb ekran thua se e ka t\u00eb v\u00ebrtet\u00eb gjith\u00eb at\u00eb pez\u00ebm e at\u00eb duf ndaj R. Alis\u00eb si fajtor kryesor p\u00ebr masakr\u00ebn. Historikisht fjala \u00ebsht\u00eb p\u00ebr lejimin e kolonave t\u00eb rekrut\u00ebve kosovar\u00eb q\u00eb, t\u00eb prir\u00eb nga xhelat\u00ebt e tyre serb\u00eb, shkonin drejt vendeve t\u00eb ekzekutimit, t\u00eb kalonin nga Kuk\u00ebsi n\u00eb Shkod\u00ebr n\u00ebp\u00ebr territor shqiptar p\u00ebr t\u00eb mb\u00ebrritur n\u00eb Tivar e n\u00eb Dubrovnik.<\/p>\n<p>Nd\u00ebrkaq, harrohet q\u00eb ushtria jugosllave dhe ajo shqiptare n\u00eb at\u00eb koh\u00eb ishin praktikisht t\u00eb bashkuara dhe vendimet merreshin n\u00eb shtabin e UN\u00c7SH nga Miladini me Enverin dhe t\u00eb tjer\u00ebt rreth tyre, ndaj nj\u00eb komisar 19 vje\u00e7 si Alia n\u00eb at\u00eb koh\u00eb nuk mund t\u00eb ishte autor i lejimit t\u00eb marshrut\u00ebs p\u00ebr at\u00eb karvan.<\/p>\n<p>Por logjika nuk luan ndonj\u00eb rol n\u00eb performanc\u00ebn e Sali Berish\u00ebs, r\u00ebnd\u00ebsi ka nj\u00eb doz\u00eb e caktuar emocionesh q\u00eb vepron ndaj nj\u00eb mase t\u00eb caktuar (t\u00eb budallallepsur ose indoktrinuar) shikuesish.<\/p>\n<p>Po televizioni? Televizioni, nj\u00eb stacion q\u00eb mund t\u00eb quhet i drejtpeshuar, merrte pardje n\u00eb intervist\u00eb nj\u00eb nga d\u00ebshmitar\u00ebt e masakr\u00ebs, nj\u00eb plak t\u00eb respektuesh\u00ebm kosovar, i cili nuk tha asgj\u00eb q\u00eb t\u00eb kish t\u00eb b\u00ebnte me tem\u00ebn n\u00eb fjal\u00eb, pohoi vet\u00ebm se, sado q\u00eb vjen i vonuar, ky reagim i Berish\u00ebs \u00ebsht\u00eb i drejt\u00eb.<\/p>\n<p>Po pardje kryeministri inauguroi nj\u00eb x-shkoll\u00eb p\u00ebr t\u00eb paralajm\u00ebruar popullin ndaj rrezikut q\u00eb i vjen prej akaparimit t\u00eb opozit\u00ebs nga ish-bllokmen\u00ebt, &#8220;pinjoll\u00ebt e Bllokut&#8217; si\u00e7 i quajti ai, duke folur p\u00ebr antikultur\u00ebn e &#8220;Bllokut&#8221; e t\u00eb tjera marr\u00ebzira.<\/p>\n<p>Habitesh se si z\u00eb n\u00eb goj\u00eb at\u00eb pjes\u00eb t\u00eb kujtes\u00ebs s\u00eb vendit, qend\u00ebr t\u00eb ish-pushtetit, kur dihet se p\u00ebr vite t\u00eb t\u00ebra i vinte rrotull &#8220;Bllokut&#8221; dhe ishte i lumtur kur e pranonin aty, her\u00eb si doktor i nj\u00ebrit her\u00eb si i tjetrit shok, posa\u00e7\u00ebrisht si mjek personal i shokut Hysni.<\/p>\n<p>N\u00eb p\u00ebrgjith\u00ebsi \u00ebsht\u00eb nj\u00eb tak\u00ebm fol\u00ebsish e shkarrashkruesish q\u00eb shfrejn\u00eb ndaj &#8220;antikultur\u00ebs&#8221; s\u00eb &#8220;Bllokut&#8221; kur vet\u00eb b\u00ebnin \u00e7mos t\u00eb futnin nj\u00eb k\u00ebmb\u00eb aty a t\u00eb kishin nj\u00eb lidhje \u00e7far\u00ebdolloj me &#8220;Bllokun&#8221;. Berisha \u00ebsht\u00eb p\u00ebrfaq\u00ebsuesi i tyre kryesor. Ishte e kuptueshme dhe s&#8217;mund t&#8217;u mbahet p\u00ebr ndonj\u00eb gj\u00eb t\u00eb keqe n\u00eb at\u00eb koh\u00eb. E keqja \u00ebsht\u00eb sot, kur b\u00ebjn\u00eb si armiq natyral\u00eb t\u00eb &#8220;Bllokut&#8221;.<\/p>\n<p>N\u00eb nd\u00ebrtimin piramidal t\u00eb shoq\u00ebris\u00eb shqiptare n\u00eb at\u00eb koh\u00eb, &#8220;Blloku&#8221; me rrethinat e tij p\u00ebrfaq\u00ebsonte kushtet m\u00eb t\u00eb mira t\u00eb jetes\u00ebs, arsimimin m\u00eb t\u00eb mir\u00eb, kontaktet e vetme me jasht\u00eb etj., etj. Berisha e ka pranuar vet\u00eb q\u00eb n\u00eb fshatin e tij nuk kishte as top p\u00ebr t\u00eb luajtur, pra merret vesh q\u00eb e lakmonte tej mase &#8220;Bllokun&#8221; dhe frustrimet e at\u00ebhershme vazhdojn\u00eb ta shqet\u00ebsojn\u00eb deri m\u00eb sot.<\/p>\n<p>K\u00ebtu, ai mundohet t\u00eb ngacmoj\u00eb emocionet e nj\u00eb pjese t\u00eb shqiptar\u00ebve, q\u00eb nuk ishin n\u00eb asnj\u00ebfar\u00eb m\u00ebnyre t\u00eb lidhur me &#8220;elit\u00ebn&#8221; e at\u00ebhershme, madje mbaheshin p\u00ebr t\u00eb deklasuar dhe kan\u00eb vuajtur pik\u00ebrisht prej atij &#8220;Blloku&#8221;.<\/p>\n<p>Por, ma do mendja se jan\u00eb aq t\u00eb zgjuar sa t\u00eb mos e han\u00eb demagogjin\u00eb e tij p\u00ebr dy grosh\u00eb. Po televizioni? Televizionet e mor\u00ebn edhe k\u00ebt\u00eb lajm seriozisht, e vun\u00eb n\u00eb rend t\u00eb dyt\u00eb a t\u00eb tret\u00eb, pa ndonj\u00eb koment t\u00eb caktuar.<\/p>\n<p>Kjo m\u00eb duket sot pyetja m\u00eb e madhe dhe aspak pjelloria e mendjes s\u00eb kryeministrit ton\u00eb p\u00ebr tema gjithmon\u00eb e m\u00eb t\u00eb \u00e7ak\u00ebrdisura, gjithmon\u00eb e m\u00eb t\u00eb larg\u00ebta nga problemet e r\u00ebnda t\u00eb dit\u00ebs: Sa jan\u00eb n\u00eb gjendje mediat &#8211; p\u00ebrjashtojm\u00eb ato q\u00eb jan\u00eb duksh\u00ebm t\u00eb blera prej pushtetit &#8211; t&#8217;i rezistojn\u00eb axhend\u00ebs s\u00eb shkurdisur t\u00eb kryeministrit?<\/p>\n<p>Ai \u00ebsht\u00eb n\u00eb gjendje, me energjit\u00eb e tij t\u00eb pashtershme p\u00ebr kaos, q\u00eb \u00e7do dit\u00eb t\u00eb pjell\u00eb nga nj\u00eb tem\u00eb t\u00eb re historike ose aktuale q\u00eb t\u00eb mos ket\u00eb t\u00eb b\u00ebj\u00eb me v\u00ebshtir\u00ebsit\u00eb e v\u00ebrteta t\u00eb vendit. Televizionet dhe shtypi duhet t&#8217;i shkojn\u00eb nga pas? E dim\u00eb q\u00eb kan\u00eb frik\u00eb t&#8217;i dalin p\u00ebrdit\u00eb kundra, por as nuk do t\u00eb ishte e nevojshme n\u00eb qoft\u00eb se e injorojn\u00eb.<\/p>\n<p>N\u00eb qoft\u00eb se l\u00ebn\u00eb n\u00eb heshtje tymin q\u00eb hedh ai dita-dit\u00ebs. Ky do t\u00eb ishte tregues burr\u00ebrie dhe dinjiteti t\u00eb v\u00ebrtet\u00eb, ky do t\u00eb ishte sh\u00ebrbimi m\u00eb i mir\u00eb ndaj qytetar\u00ebve q\u00eb do t\u00eb jetonin shum\u00eb m\u00eb mir\u00eb pa at\u00eb fytyr\u00eb t\u00eb ankthshme p\u00ebr dit\u00eb e p\u00ebr nat\u00eb n\u00eb ekranet e tyre. N\u00eb cepe gjithmon\u00eb e m\u00eb t\u00eb humbura t\u00eb emisionit t\u00eb lajmeve, derisa deklaratat e tij t\u00eb \u00e7artura t\u00eb ktheheshin n\u00eb monolog.<\/p>\n","protected":false},"excerpt":{"rendered":"<p>Ardian Klosi, 11.06.2010 Me afrimin e stin\u00ebs s\u00eb nxeht\u00eb t\u00eb ver\u00ebs dhe kampionatit bot\u00ebror t\u00eb futbollit, kryeministri i vendit po b\u00ebn l\u00ebvizje q\u00eb jan\u00eb n\u00eb dukje krejt pa lidhje me nj\u00ebra-tjetr\u00ebn, por q\u00eb natyrisht n\u00ebn sip\u00ebrfaqe ndjekin nj\u00eb strategji t\u00eb caktuar. Thelbi i strategjis\u00eb \u00ebsht\u00eb po nj\u00eb: mbajtja me \u00e7do kusht e pushtetit, ajo q\u00eb [&hellip;]<\/p>\n","protected":false},"author":1,"featured_media":0,"comment_status":"open","ping_status":"closed","sticky":false,"template":"","format":"standard","meta":{"footnotes":""},"categories":[2],"tags":[],"class_list":{"0":"post-2994","1":"post","2":"type-post","3":"status-publish","4":"format-standard","6":"category-artikuj"},"yoast_head":"<!-- This site is optimized with the Yoast SEO plugin v27.4 - https:\/\/yoast.com\/product\/yoast-seo-wordpress\/ -->\n<title>P\u00ebr nj\u00eb rezistenc\u00eb t\u00eb mediave - FjALA e LIR\u00cb - Arkivi<\/title>\n<meta name=\"robots\" content=\"index, follow, max-snippet:-1, max-image-preview:large, max-video-preview:-1\" \/>\n<link rel=\"canonical\" href=\"https:\/\/fjala.info\/2009-2015\/per-nje-rezistence-te-mediave\/\" \/>\n<meta property=\"og:locale\" content=\"sq_AL\" \/>\n<meta property=\"og:type\" content=\"article\" \/>\n<meta property=\"og:title\" content=\"P\u00ebr nj\u00eb rezistenc\u00eb t\u00eb mediave - FjALA e LIR\u00cb - Arkivi\" \/>\n<meta property=\"og:description\" content=\"Ardian Klosi, 11.06.2010 Me afrimin e stin\u00ebs s\u00eb nxeht\u00eb t\u00eb ver\u00ebs dhe kampionatit bot\u00ebror t\u00eb futbollit, kryeministri i vendit po b\u00ebn l\u00ebvizje q\u00eb jan\u00eb n\u00eb dukje krejt pa lidhje me nj\u00ebra-tjetr\u00ebn, por q\u00eb natyrisht n\u00ebn sip\u00ebrfaqe ndjekin nj\u00eb strategji t\u00eb caktuar. Thelbi i strategjis\u00eb \u00ebsht\u00eb po nj\u00eb: mbajtja me \u00e7do kusht e pushtetit, ajo q\u00eb [&hellip;]\" \/>\n<meta property=\"og:url\" content=\"https:\/\/fjala.info\/2009-2015\/per-nje-rezistence-te-mediave\/\" \/>\n<meta property=\"og:site_name\" content=\"FjALA e LIR\u00cb - Arkivi\" \/>\n<meta property=\"article:published_time\" content=\"2010-06-11T23:22:37+00:00\" \/>\n<meta property=\"og:image\" content=\"http:\/\/www.shkoder.net\/images\/fjala\/aklosi.jpg\" \/>\n<meta name=\"author\" content=\"admin\" \/>\n<meta name=\"twitter:card\" content=\"summary_large_image\" \/>\n<meta name=\"twitter:label1\" content=\"Written by\" \/>\n\t<meta name=\"twitter:data1\" content=\"admin\" \/>\n\t<meta name=\"twitter:label2\" content=\"Est. reading time\" \/>\n\t<meta name=\"twitter:data2\" content=\"9 minutes\" \/>\n<script type=\"application\/ld+json\" class=\"yoast-schema-graph\">{\"@context\":\"https:\\\/\\\/schema.org\",\"@graph\":[{\"@type\":\"Article\",\"@id\":\"https:\\\/\\\/fjala.info\\\/2009-2015\\\/per-nje-rezistence-te-mediave\\\/#article\",\"isPartOf\":{\"@id\":\"https:\\\/\\\/fjala.info\\\/2009-2015\\\/per-nje-rezistence-te-mediave\\\/\"},\"author\":{\"name\":\"admin\",\"@id\":\"https:\\\/\\\/fjala.info\\\/2009-2015\\\/#\\\/schema\\\/person\\\/3aa1163ef05469c496fc94e77611ada2\"},\"headline\":\"P\u00ebr nj\u00eb rezistenc\u00eb t\u00eb mediave\",\"datePublished\":\"2010-06-11T23:22:37+00:00\",\"mainEntityOfPage\":{\"@id\":\"https:\\\/\\\/fjala.info\\\/2009-2015\\\/per-nje-rezistence-te-mediave\\\/\"},\"wordCount\":1735,\"commentCount\":0,\"publisher\":{\"@id\":\"https:\\\/\\\/fjala.info\\\/2009-2015\\\/#organization\"},\"image\":{\"@id\":\"https:\\\/\\\/fjala.info\\\/2009-2015\\\/per-nje-rezistence-te-mediave\\\/#primaryimage\"},\"thumbnailUrl\":\"http:\\\/\\\/www.shkoder.net\\\/images\\\/fjala\\\/aklosi.jpg\",\"articleSection\":[\"Artikuj\"],\"inLanguage\":\"sq-AL\",\"potentialAction\":[{\"@type\":\"CommentAction\",\"name\":\"Comment\",\"target\":[\"https:\\\/\\\/fjala.info\\\/2009-2015\\\/per-nje-rezistence-te-mediave\\\/#respond\"]}]},{\"@type\":\"WebPage\",\"@id\":\"https:\\\/\\\/fjala.info\\\/2009-2015\\\/per-nje-rezistence-te-mediave\\\/\",\"url\":\"https:\\\/\\\/fjala.info\\\/2009-2015\\\/per-nje-rezistence-te-mediave\\\/\",\"name\":\"P\u00ebr nj\u00eb rezistenc\u00eb t\u00eb mediave - FjALA e LIR\u00cb - Arkivi\",\"isPartOf\":{\"@id\":\"https:\\\/\\\/fjala.info\\\/2009-2015\\\/#website\"},\"primaryImageOfPage\":{\"@id\":\"https:\\\/\\\/fjala.info\\\/2009-2015\\\/per-nje-rezistence-te-mediave\\\/#primaryimage\"},\"image\":{\"@id\":\"https:\\\/\\\/fjala.info\\\/2009-2015\\\/per-nje-rezistence-te-mediave\\\/#primaryimage\"},\"thumbnailUrl\":\"http:\\\/\\\/www.shkoder.net\\\/images\\\/fjala\\\/aklosi.jpg\",\"datePublished\":\"2010-06-11T23:22:37+00:00\",\"breadcrumb\":{\"@id\":\"https:\\\/\\\/fjala.info\\\/2009-2015\\\/per-nje-rezistence-te-mediave\\\/#breadcrumb\"},\"inLanguage\":\"sq-AL\",\"potentialAction\":[{\"@type\":\"ReadAction\",\"target\":[\"https:\\\/\\\/fjala.info\\\/2009-2015\\\/per-nje-rezistence-te-mediave\\\/\"]}]},{\"@type\":\"ImageObject\",\"inLanguage\":\"sq-AL\",\"@id\":\"https:\\\/\\\/fjala.info\\\/2009-2015\\\/per-nje-rezistence-te-mediave\\\/#primaryimage\",\"url\":\"http:\\\/\\\/www.shkoder.net\\\/images\\\/fjala\\\/aklosi.jpg\",\"contentUrl\":\"http:\\\/\\\/www.shkoder.net\\\/images\\\/fjala\\\/aklosi.jpg\"},{\"@type\":\"BreadcrumbList\",\"@id\":\"https:\\\/\\\/fjala.info\\\/2009-2015\\\/per-nje-rezistence-te-mediave\\\/#breadcrumb\",\"itemListElement\":[{\"@type\":\"ListItem\",\"position\":1,\"name\":\"Home\",\"item\":\"https:\\\/\\\/fjala.info\\\/2009-2015\\\/\"},{\"@type\":\"ListItem\",\"position\":2,\"name\":\"P\u00ebr nj\u00eb rezistenc\u00eb t\u00eb mediave\"}]},{\"@type\":\"WebSite\",\"@id\":\"https:\\\/\\\/fjala.info\\\/2009-2015\\\/#website\",\"url\":\"https:\\\/\\\/fjala.info\\\/2009-2015\\\/\",\"name\":\"FjALA e LIR\u00cb - Arkivi\",\"description\":\"Arkivi 2009-2015\",\"publisher\":{\"@id\":\"https:\\\/\\\/fjala.info\\\/2009-2015\\\/#organization\"},\"potentialAction\":[{\"@type\":\"SearchAction\",\"target\":{\"@type\":\"EntryPoint\",\"urlTemplate\":\"https:\\\/\\\/fjala.info\\\/2009-2015\\\/?s={search_term_string}\"},\"query-input\":{\"@type\":\"PropertyValueSpecification\",\"valueRequired\":true,\"valueName\":\"search_term_string\"}}],\"inLanguage\":\"sq-AL\"},{\"@type\":\"Organization\",\"@id\":\"https:\\\/\\\/fjala.info\\\/2009-2015\\\/#organization\",\"name\":\"FjALA e LIR\u00cb - Arkivi\",\"url\":\"https:\\\/\\\/fjala.info\\\/2009-2015\\\/\",\"logo\":{\"@type\":\"ImageObject\",\"inLanguage\":\"sq-AL\",\"@id\":\"https:\\\/\\\/fjala.info\\\/2009-2015\\\/#\\\/schema\\\/logo\\\/image\\\/\",\"url\":\"\",\"contentUrl\":\"\",\"caption\":\"FjALA e LIR\u00cb - Arkivi\"},\"image\":{\"@id\":\"https:\\\/\\\/fjala.info\\\/2009-2015\\\/#\\\/schema\\\/logo\\\/image\\\/\"}},{\"@type\":\"Person\",\"@id\":\"https:\\\/\\\/fjala.info\\\/2009-2015\\\/#\\\/schema\\\/person\\\/3aa1163ef05469c496fc94e77611ada2\",\"name\":\"admin\",\"image\":{\"@type\":\"ImageObject\",\"inLanguage\":\"sq-AL\",\"@id\":\"https:\\\/\\\/fjala.info\\\/2009-2015\\\/wp-content\\\/uploads\\\/2012\\\/02\\\/arben_cokaj-120x150.jpg\",\"url\":\"https:\\\/\\\/fjala.info\\\/2009-2015\\\/wp-content\\\/uploads\\\/2012\\\/02\\\/arben_cokaj-120x150.jpg\",\"contentUrl\":\"https:\\\/\\\/fjala.info\\\/2009-2015\\\/wp-content\\\/uploads\\\/2012\\\/02\\\/arben_cokaj-120x150.jpg\",\"caption\":\"admin\"},\"description\":\"Admin, Fjala e Lir\u00eb\",\"sameAs\":[\"https:\\\/\\\/fjala.info\\\/\"],\"url\":\"https:\\\/\\\/fjala.info\\\/2009-2015\\\/author\\\/admin\\\/\"}]}<\/script>\n<!-- \/ Yoast SEO plugin. -->","yoast_head_json":{"title":"P\u00ebr nj\u00eb rezistenc\u00eb t\u00eb mediave - FjALA e LIR\u00cb - Arkivi","robots":{"index":"index","follow":"follow","max-snippet":"max-snippet:-1","max-image-preview":"max-image-preview:large","max-video-preview":"max-video-preview:-1"},"canonical":"https:\/\/fjala.info\/2009-2015\/per-nje-rezistence-te-mediave\/","og_locale":"sq_AL","og_type":"article","og_title":"P\u00ebr nj\u00eb rezistenc\u00eb t\u00eb mediave - FjALA e LIR\u00cb - Arkivi","og_description":"Ardian Klosi, 11.06.2010 Me afrimin e stin\u00ebs s\u00eb nxeht\u00eb t\u00eb ver\u00ebs dhe kampionatit bot\u00ebror t\u00eb futbollit, kryeministri i vendit po b\u00ebn l\u00ebvizje q\u00eb jan\u00eb n\u00eb dukje krejt pa lidhje me nj\u00ebra-tjetr\u00ebn, por q\u00eb natyrisht n\u00ebn sip\u00ebrfaqe ndjekin nj\u00eb strategji t\u00eb caktuar. Thelbi i strategjis\u00eb \u00ebsht\u00eb po nj\u00eb: mbajtja me \u00e7do kusht e pushtetit, ajo q\u00eb [&hellip;]","og_url":"https:\/\/fjala.info\/2009-2015\/per-nje-rezistence-te-mediave\/","og_site_name":"FjALA e LIR\u00cb - Arkivi","article_published_time":"2010-06-11T23:22:37+00:00","og_image":[{"url":"http:\/\/www.shkoder.net\/images\/fjala\/aklosi.jpg","type":"","width":"","height":""}],"author":"admin","twitter_card":"summary_large_image","twitter_misc":{"Written by":"admin","Est. reading time":"9 minutes"},"schema":{"@context":"https:\/\/schema.org","@graph":[{"@type":"Article","@id":"https:\/\/fjala.info\/2009-2015\/per-nje-rezistence-te-mediave\/#article","isPartOf":{"@id":"https:\/\/fjala.info\/2009-2015\/per-nje-rezistence-te-mediave\/"},"author":{"name":"admin","@id":"https:\/\/fjala.info\/2009-2015\/#\/schema\/person\/3aa1163ef05469c496fc94e77611ada2"},"headline":"P\u00ebr nj\u00eb rezistenc\u00eb t\u00eb mediave","datePublished":"2010-06-11T23:22:37+00:00","mainEntityOfPage":{"@id":"https:\/\/fjala.info\/2009-2015\/per-nje-rezistence-te-mediave\/"},"wordCount":1735,"commentCount":0,"publisher":{"@id":"https:\/\/fjala.info\/2009-2015\/#organization"},"image":{"@id":"https:\/\/fjala.info\/2009-2015\/per-nje-rezistence-te-mediave\/#primaryimage"},"thumbnailUrl":"http:\/\/www.shkoder.net\/images\/fjala\/aklosi.jpg","articleSection":["Artikuj"],"inLanguage":"sq-AL","potentialAction":[{"@type":"CommentAction","name":"Comment","target":["https:\/\/fjala.info\/2009-2015\/per-nje-rezistence-te-mediave\/#respond"]}]},{"@type":"WebPage","@id":"https:\/\/fjala.info\/2009-2015\/per-nje-rezistence-te-mediave\/","url":"https:\/\/fjala.info\/2009-2015\/per-nje-rezistence-te-mediave\/","name":"P\u00ebr nj\u00eb rezistenc\u00eb t\u00eb mediave - FjALA e LIR\u00cb - Arkivi","isPartOf":{"@id":"https:\/\/fjala.info\/2009-2015\/#website"},"primaryImageOfPage":{"@id":"https:\/\/fjala.info\/2009-2015\/per-nje-rezistence-te-mediave\/#primaryimage"},"image":{"@id":"https:\/\/fjala.info\/2009-2015\/per-nje-rezistence-te-mediave\/#primaryimage"},"thumbnailUrl":"http:\/\/www.shkoder.net\/images\/fjala\/aklosi.jpg","datePublished":"2010-06-11T23:22:37+00:00","breadcrumb":{"@id":"https:\/\/fjala.info\/2009-2015\/per-nje-rezistence-te-mediave\/#breadcrumb"},"inLanguage":"sq-AL","potentialAction":[{"@type":"ReadAction","target":["https:\/\/fjala.info\/2009-2015\/per-nje-rezistence-te-mediave\/"]}]},{"@type":"ImageObject","inLanguage":"sq-AL","@id":"https:\/\/fjala.info\/2009-2015\/per-nje-rezistence-te-mediave\/#primaryimage","url":"http:\/\/www.shkoder.net\/images\/fjala\/aklosi.jpg","contentUrl":"http:\/\/www.shkoder.net\/images\/fjala\/aklosi.jpg"},{"@type":"BreadcrumbList","@id":"https:\/\/fjala.info\/2009-2015\/per-nje-rezistence-te-mediave\/#breadcrumb","itemListElement":[{"@type":"ListItem","position":1,"name":"Home","item":"https:\/\/fjala.info\/2009-2015\/"},{"@type":"ListItem","position":2,"name":"P\u00ebr nj\u00eb rezistenc\u00eb t\u00eb mediave"}]},{"@type":"WebSite","@id":"https:\/\/fjala.info\/2009-2015\/#website","url":"https:\/\/fjala.info\/2009-2015\/","name":"FjALA e LIR\u00cb - Arkivi","description":"Arkivi 2009-2015","publisher":{"@id":"https:\/\/fjala.info\/2009-2015\/#organization"},"potentialAction":[{"@type":"SearchAction","target":{"@type":"EntryPoint","urlTemplate":"https:\/\/fjala.info\/2009-2015\/?s={search_term_string}"},"query-input":{"@type":"PropertyValueSpecification","valueRequired":true,"valueName":"search_term_string"}}],"inLanguage":"sq-AL"},{"@type":"Organization","@id":"https:\/\/fjala.info\/2009-2015\/#organization","name":"FjALA e LIR\u00cb - Arkivi","url":"https:\/\/fjala.info\/2009-2015\/","logo":{"@type":"ImageObject","inLanguage":"sq-AL","@id":"https:\/\/fjala.info\/2009-2015\/#\/schema\/logo\/image\/","url":"","contentUrl":"","caption":"FjALA e LIR\u00cb - Arkivi"},"image":{"@id":"https:\/\/fjala.info\/2009-2015\/#\/schema\/logo\/image\/"}},{"@type":"Person","@id":"https:\/\/fjala.info\/2009-2015\/#\/schema\/person\/3aa1163ef05469c496fc94e77611ada2","name":"admin","image":{"@type":"ImageObject","inLanguage":"sq-AL","@id":"https:\/\/fjala.info\/2009-2015\/wp-content\/uploads\/2012\/02\/arben_cokaj-120x150.jpg","url":"https:\/\/fjala.info\/2009-2015\/wp-content\/uploads\/2012\/02\/arben_cokaj-120x150.jpg","contentUrl":"https:\/\/fjala.info\/2009-2015\/wp-content\/uploads\/2012\/02\/arben_cokaj-120x150.jpg","caption":"admin"},"description":"Admin, Fjala e Lir\u00eb","sameAs":["https:\/\/fjala.info\/"],"url":"https:\/\/fjala.info\/2009-2015\/author\/admin\/"}]}},"_links":{"self":[{"href":"https:\/\/fjala.info\/2009-2015\/wp-json\/wp\/v2\/posts\/2994","targetHints":{"allow":["GET"]}}],"collection":[{"href":"https:\/\/fjala.info\/2009-2015\/wp-json\/wp\/v2\/posts"}],"about":[{"href":"https:\/\/fjala.info\/2009-2015\/wp-json\/wp\/v2\/types\/post"}],"author":[{"embeddable":true,"href":"https:\/\/fjala.info\/2009-2015\/wp-json\/wp\/v2\/users\/1"}],"replies":[{"embeddable":true,"href":"https:\/\/fjala.info\/2009-2015\/wp-json\/wp\/v2\/comments?post=2994"}],"version-history":[{"count":0,"href":"https:\/\/fjala.info\/2009-2015\/wp-json\/wp\/v2\/posts\/2994\/revisions"}],"wp:attachment":[{"href":"https:\/\/fjala.info\/2009-2015\/wp-json\/wp\/v2\/media?parent=2994"}],"wp:term":[{"taxonomy":"category","embeddable":true,"href":"https:\/\/fjala.info\/2009-2015\/wp-json\/wp\/v2\/categories?post=2994"},{"taxonomy":"post_tag","embeddable":true,"href":"https:\/\/fjala.info\/2009-2015\/wp-json\/wp\/v2\/tags?post=2994"}],"curies":[{"name":"wp","href":"https:\/\/api.w.org\/{rel}","templated":true}]}}