{"id":2988,"date":"2012-05-27T10:12:50","date_gmt":"2012-05-27T09:12:50","guid":{"rendered":"http:\/\/www.fjala.info\/?p=2988"},"modified":"2012-05-27T10:12:50","modified_gmt":"2012-05-27T09:12:50","slug":"festivali-europian-dhe-familja-e-presidentit-te-azerbajxhanit","status":"publish","type":"post","link":"https:\/\/fjala.info\/2009-2015\/festivali-europian-dhe-familja-e-presidentit-te-azerbajxhanit\/","title":{"rendered":"Festivali Europian dhe familja e Presidentit t\u00eb Azerbajxhanit"},"content":{"rendered":"<p><img decoding=\"async\" class=\"alignright size-thumbnail wp-image-7236\" title=\"Pallati i Eurosong, Azerbaijan\" src=\"http:\/\/www.fjala.info\/2012\/pallati_eurosong_azerbaijan.jpg\" alt=\"\" width=\"300\" \/> <strong>ResPublica.al<\/strong>, <em>27 maj 2012<\/em><\/p>\n<p>Ka nj\u00eb lidhje t\u00eb drejtp\u00ebrdrjet\u00eb mes Festivalit Europian, i cili u mbyll mbr\u00ebm\u00eb, dhe familjes s\u00eb Presidentit t\u00eb Azerbajxhanit, vendit ku u zhvillua festivali. P\u00ebrgatitjet n\u00eb kryeqytetin Baku p\u00ebr k\u00ebt\u00eb event kushtuan plot 270 milion\u00eb dollar\u00eb, raporton gazeta Shqip. (Deri m\u00eb sot, kryeqytetet e vendeve organizatore nuk kishin derdhur p\u00ebr nj\u00eb rast t\u00eb till\u00eb m\u00eb shum\u00eb se 30 milion\u00eb dollar\u00eb).<\/p>\n<p>Shuma ekstravagante e p\u00ebrdorur p\u00ebr t\u00eb \u201cristiluar\u201d nj\u00eb pjes\u00eb t\u00eb madhe t\u00eb fasad\u00ebs s\u00eb kryeqytetit u menaxhua nga Mehriban Aliyev, gruaja e Presidentit Ilham Aliyev. Ajo \u00ebsht\u00eb deputete n\u00eb parlamentin vendas, n\u00eb karriget e t\u00eb cilit nuk ulet asnj\u00eb deputet opozitar.<\/p>\n<p>Pallati plot drit\u00eb e luks t\u00eb shfrenuar ku u zhvillua \u201cEurosong 2012\u201d u nd\u00ebrtua duke shkat\u00ebrruar jet\u00ebn e qindra familjeve t\u00eb thjeshta. P\u00ebr t\u00eb krijuar gjith\u00eb hap\u00ebsir\u00ebn q\u00eb i duhej k\u00ebtij pallati gjigant dhe rrethinave q\u00eb ndodhen buz\u00eb detit, familjet q\u00eb banonin m\u00eb par\u00eb atje u shp\u00ebrngul\u00ebn me dhun\u00eb dhe pa asnj\u00eb lloj kompensimi nga shteti p\u00ebr pronat e tyre. Sht\u00ebpit\u00eb e tyre u rrafshuan dhe mbi to u ngrit kompleksi gjigant.<\/p>\n<p>Azerbajxhani njihet si nj\u00eb vend shum\u00eb problematik n\u00eb \u00e7\u00ebshtjet e demokracis\u00eb \u2013 ai ka m\u00eb shum\u00eb t\u00eb burgosur politik\u00eb se Bjellorusia dhe n\u00eb klasifikimin e \u201cTransparency International\u201d renditet n\u00eb vendin e 143 p\u00ebr nivelin e demokracis\u00eb dhe respektimin e t\u00eb drejtave t\u00eb njeriut, si dhe t\u00eb shkall\u00ebs s\u00eb korrupsionit.<\/p>\n<p>Re.Pu.<\/p>\n","protected":false},"excerpt":{"rendered":"<p>ResPublica.al, 27 maj 2012 Ka nj\u00eb lidhje t\u00eb drejtp\u00ebrdrjet\u00eb mes Festivalit Europian, i cili u mbyll mbr\u00ebm\u00eb, dhe familjes s\u00eb Presidentit t\u00eb Azerbajxhanit, vendit ku u zhvillua festivali. P\u00ebrgatitjet n\u00eb kryeqytetin Baku p\u00ebr k\u00ebt\u00eb event kushtuan plot 270 milion\u00eb dollar\u00eb, raporton gazeta Shqip. (Deri m\u00eb sot, kryeqytetet e vendeve organizatore nuk kishin derdhur p\u00ebr nj\u00eb [&hellip;]<\/p>\n","protected":false},"author":1,"featured_media":0,"comment_status":"open","ping_status":"closed","sticky":false,"template":"","format":"standard","meta":{"footnotes":""},"categories":[2,5],"tags":[],"class_list":{"0":"post-2988","1":"post","2":"type-post","3":"status-publish","4":"format-standard","6":"category-artikuj","7":"category-lajme"},"yoast_head":"<!-- This site is optimized with the Yoast SEO plugin v27.4 - https:\/\/yoast.com\/product\/yoast-seo-wordpress\/ -->\n<title>Festivali Europian dhe familja e Presidentit t\u00eb Azerbajxhanit - FjALA e LIR\u00cb - Arkivi<\/title>\n<meta name=\"robots\" content=\"index, follow, max-snippet:-1, max-image-preview:large, max-video-preview:-1\" \/>\n<link rel=\"canonical\" href=\"https:\/\/fjala.info\/2009-2015\/festivali-europian-dhe-familja-e-presidentit-te-azerbajxhanit\/\" \/>\n<meta property=\"og:locale\" content=\"sq_AL\" \/>\n<meta property=\"og:type\" content=\"article\" \/>\n<meta property=\"og:title\" content=\"Festivali Europian dhe familja e Presidentit t\u00eb Azerbajxhanit - FjALA e LIR\u00cb - Arkivi\" \/>\n<meta property=\"og:description\" content=\"ResPublica.al, 27 maj 2012 Ka nj\u00eb lidhje t\u00eb drejtp\u00ebrdrjet\u00eb mes Festivalit Europian, i cili u mbyll mbr\u00ebm\u00eb, dhe familjes s\u00eb Presidentit t\u00eb Azerbajxhanit, vendit ku u zhvillua festivali. P\u00ebrgatitjet n\u00eb kryeqytetin Baku p\u00ebr k\u00ebt\u00eb event kushtuan plot 270 milion\u00eb dollar\u00eb, raporton gazeta Shqip. (Deri m\u00eb sot, kryeqytetet e vendeve organizatore nuk kishin derdhur p\u00ebr nj\u00eb [&hellip;]\" \/>\n<meta property=\"og:url\" content=\"https:\/\/fjala.info\/2009-2015\/festivali-europian-dhe-familja-e-presidentit-te-azerbajxhanit\/\" \/>\n<meta property=\"og:site_name\" content=\"FjALA e LIR\u00cb - Arkivi\" \/>\n<meta property=\"article:published_time\" content=\"2012-05-27T09:12:50+00:00\" \/>\n<meta property=\"og:image\" content=\"http:\/\/www.fjala.info\/2012\/pallati_eurosong_azerbaijan.jpg\" \/>\n<meta name=\"author\" content=\"admin\" \/>\n<meta name=\"twitter:card\" content=\"summary_large_image\" \/>\n<meta name=\"twitter:label1\" content=\"Written by\" \/>\n\t<meta name=\"twitter:data1\" content=\"admin\" \/>\n\t<meta name=\"twitter:label2\" content=\"Est. reading time\" \/>\n\t<meta name=\"twitter:data2\" content=\"1 minute\" \/>\n<script type=\"application\/ld+json\" class=\"yoast-schema-graph\">{\"@context\":\"https:\\\/\\\/schema.org\",\"@graph\":[{\"@type\":\"Article\",\"@id\":\"https:\\\/\\\/fjala.info\\\/2009-2015\\\/festivali-europian-dhe-familja-e-presidentit-te-azerbajxhanit\\\/#article\",\"isPartOf\":{\"@id\":\"https:\\\/\\\/fjala.info\\\/2009-2015\\\/festivali-europian-dhe-familja-e-presidentit-te-azerbajxhanit\\\/\"},\"author\":{\"name\":\"admin\",\"@id\":\"https:\\\/\\\/fjala.info\\\/2009-2015\\\/#\\\/schema\\\/person\\\/3aa1163ef05469c496fc94e77611ada2\"},\"headline\":\"Festivali Europian dhe familja e Presidentit t\u00eb Azerbajxhanit\",\"datePublished\":\"2012-05-27T09:12:50+00:00\",\"mainEntityOfPage\":{\"@id\":\"https:\\\/\\\/fjala.info\\\/2009-2015\\\/festivali-europian-dhe-familja-e-presidentit-te-azerbajxhanit\\\/\"},\"wordCount\":252,\"commentCount\":0,\"publisher\":{\"@id\":\"https:\\\/\\\/fjala.info\\\/2009-2015\\\/#organization\"},\"image\":{\"@id\":\"https:\\\/\\\/fjala.info\\\/2009-2015\\\/festivali-europian-dhe-familja-e-presidentit-te-azerbajxhanit\\\/#primaryimage\"},\"thumbnailUrl\":\"http:\\\/\\\/www.fjala.info\\\/2012\\\/pallati_eurosong_azerbaijan.jpg\",\"articleSection\":[\"Artikuj\",\"Lajme\"],\"inLanguage\":\"sq-AL\",\"potentialAction\":[{\"@type\":\"CommentAction\",\"name\":\"Comment\",\"target\":[\"https:\\\/\\\/fjala.info\\\/2009-2015\\\/festivali-europian-dhe-familja-e-presidentit-te-azerbajxhanit\\\/#respond\"]}]},{\"@type\":\"WebPage\",\"@id\":\"https:\\\/\\\/fjala.info\\\/2009-2015\\\/festivali-europian-dhe-familja-e-presidentit-te-azerbajxhanit\\\/\",\"url\":\"https:\\\/\\\/fjala.info\\\/2009-2015\\\/festivali-europian-dhe-familja-e-presidentit-te-azerbajxhanit\\\/\",\"name\":\"Festivali Europian dhe familja e Presidentit t\u00eb Azerbajxhanit - FjALA e LIR\u00cb - Arkivi\",\"isPartOf\":{\"@id\":\"https:\\\/\\\/fjala.info\\\/2009-2015\\\/#website\"},\"primaryImageOfPage\":{\"@id\":\"https:\\\/\\\/fjala.info\\\/2009-2015\\\/festivali-europian-dhe-familja-e-presidentit-te-azerbajxhanit\\\/#primaryimage\"},\"image\":{\"@id\":\"https:\\\/\\\/fjala.info\\\/2009-2015\\\/festivali-europian-dhe-familja-e-presidentit-te-azerbajxhanit\\\/#primaryimage\"},\"thumbnailUrl\":\"http:\\\/\\\/www.fjala.info\\\/2012\\\/pallati_eurosong_azerbaijan.jpg\",\"datePublished\":\"2012-05-27T09:12:50+00:00\",\"breadcrumb\":{\"@id\":\"https:\\\/\\\/fjala.info\\\/2009-2015\\\/festivali-europian-dhe-familja-e-presidentit-te-azerbajxhanit\\\/#breadcrumb\"},\"inLanguage\":\"sq-AL\",\"potentialAction\":[{\"@type\":\"ReadAction\",\"target\":[\"https:\\\/\\\/fjala.info\\\/2009-2015\\\/festivali-europian-dhe-familja-e-presidentit-te-azerbajxhanit\\\/\"]}]},{\"@type\":\"ImageObject\",\"inLanguage\":\"sq-AL\",\"@id\":\"https:\\\/\\\/fjala.info\\\/2009-2015\\\/festivali-europian-dhe-familja-e-presidentit-te-azerbajxhanit\\\/#primaryimage\",\"url\":\"http:\\\/\\\/www.fjala.info\\\/2012\\\/pallati_eurosong_azerbaijan.jpg\",\"contentUrl\":\"http:\\\/\\\/www.fjala.info\\\/2012\\\/pallati_eurosong_azerbaijan.jpg\"},{\"@type\":\"BreadcrumbList\",\"@id\":\"https:\\\/\\\/fjala.info\\\/2009-2015\\\/festivali-europian-dhe-familja-e-presidentit-te-azerbajxhanit\\\/#breadcrumb\",\"itemListElement\":[{\"@type\":\"ListItem\",\"position\":1,\"name\":\"Home\",\"item\":\"https:\\\/\\\/fjala.info\\\/2009-2015\\\/\"},{\"@type\":\"ListItem\",\"position\":2,\"name\":\"Festivali Europian dhe familja e Presidentit t\u00eb Azerbajxhanit\"}]},{\"@type\":\"WebSite\",\"@id\":\"https:\\\/\\\/fjala.info\\\/2009-2015\\\/#website\",\"url\":\"https:\\\/\\\/fjala.info\\\/2009-2015\\\/\",\"name\":\"FjALA e LIR\u00cb - Arkivi\",\"description\":\"Arkivi 2009-2015\",\"publisher\":{\"@id\":\"https:\\\/\\\/fjala.info\\\/2009-2015\\\/#organization\"},\"potentialAction\":[{\"@type\":\"SearchAction\",\"target\":{\"@type\":\"EntryPoint\",\"urlTemplate\":\"https:\\\/\\\/fjala.info\\\/2009-2015\\\/?s={search_term_string}\"},\"query-input\":{\"@type\":\"PropertyValueSpecification\",\"valueRequired\":true,\"valueName\":\"search_term_string\"}}],\"inLanguage\":\"sq-AL\"},{\"@type\":\"Organization\",\"@id\":\"https:\\\/\\\/fjala.info\\\/2009-2015\\\/#organization\",\"name\":\"FjALA e LIR\u00cb - Arkivi\",\"url\":\"https:\\\/\\\/fjala.info\\\/2009-2015\\\/\",\"logo\":{\"@type\":\"ImageObject\",\"inLanguage\":\"sq-AL\",\"@id\":\"https:\\\/\\\/fjala.info\\\/2009-2015\\\/#\\\/schema\\\/logo\\\/image\\\/\",\"url\":\"\",\"contentUrl\":\"\",\"caption\":\"FjALA e LIR\u00cb - Arkivi\"},\"image\":{\"@id\":\"https:\\\/\\\/fjala.info\\\/2009-2015\\\/#\\\/schema\\\/logo\\\/image\\\/\"}},{\"@type\":\"Person\",\"@id\":\"https:\\\/\\\/fjala.info\\\/2009-2015\\\/#\\\/schema\\\/person\\\/3aa1163ef05469c496fc94e77611ada2\",\"name\":\"admin\",\"image\":{\"@type\":\"ImageObject\",\"inLanguage\":\"sq-AL\",\"@id\":\"https:\\\/\\\/fjala.info\\\/2009-2015\\\/wp-content\\\/uploads\\\/2012\\\/02\\\/arben_cokaj-120x150.jpg\",\"url\":\"https:\\\/\\\/fjala.info\\\/2009-2015\\\/wp-content\\\/uploads\\\/2012\\\/02\\\/arben_cokaj-120x150.jpg\",\"contentUrl\":\"https:\\\/\\\/fjala.info\\\/2009-2015\\\/wp-content\\\/uploads\\\/2012\\\/02\\\/arben_cokaj-120x150.jpg\",\"caption\":\"admin\"},\"description\":\"Admin, Fjala e Lir\u00eb\",\"sameAs\":[\"https:\\\/\\\/fjala.info\\\/\"],\"url\":\"https:\\\/\\\/fjala.info\\\/2009-2015\\\/author\\\/admin\\\/\"}]}<\/script>\n<!-- \/ Yoast SEO plugin. -->","yoast_head_json":{"title":"Festivali Europian dhe familja e Presidentit t\u00eb Azerbajxhanit - FjALA e LIR\u00cb - Arkivi","robots":{"index":"index","follow":"follow","max-snippet":"max-snippet:-1","max-image-preview":"max-image-preview:large","max-video-preview":"max-video-preview:-1"},"canonical":"https:\/\/fjala.info\/2009-2015\/festivali-europian-dhe-familja-e-presidentit-te-azerbajxhanit\/","og_locale":"sq_AL","og_type":"article","og_title":"Festivali Europian dhe familja e Presidentit t\u00eb Azerbajxhanit - FjALA e LIR\u00cb - Arkivi","og_description":"ResPublica.al, 27 maj 2012 Ka nj\u00eb lidhje t\u00eb drejtp\u00ebrdrjet\u00eb mes Festivalit Europian, i cili u mbyll mbr\u00ebm\u00eb, dhe familjes s\u00eb Presidentit t\u00eb Azerbajxhanit, vendit ku u zhvillua festivali. P\u00ebrgatitjet n\u00eb kryeqytetin Baku p\u00ebr k\u00ebt\u00eb event kushtuan plot 270 milion\u00eb dollar\u00eb, raporton gazeta Shqip. (Deri m\u00eb sot, kryeqytetet e vendeve organizatore nuk kishin derdhur p\u00ebr nj\u00eb [&hellip;]","og_url":"https:\/\/fjala.info\/2009-2015\/festivali-europian-dhe-familja-e-presidentit-te-azerbajxhanit\/","og_site_name":"FjALA e LIR\u00cb - Arkivi","article_published_time":"2012-05-27T09:12:50+00:00","og_image":[{"url":"http:\/\/www.fjala.info\/2012\/pallati_eurosong_azerbaijan.jpg","type":"","width":"","height":""}],"author":"admin","twitter_card":"summary_large_image","twitter_misc":{"Written by":"admin","Est. reading time":"1 minute"},"schema":{"@context":"https:\/\/schema.org","@graph":[{"@type":"Article","@id":"https:\/\/fjala.info\/2009-2015\/festivali-europian-dhe-familja-e-presidentit-te-azerbajxhanit\/#article","isPartOf":{"@id":"https:\/\/fjala.info\/2009-2015\/festivali-europian-dhe-familja-e-presidentit-te-azerbajxhanit\/"},"author":{"name":"admin","@id":"https:\/\/fjala.info\/2009-2015\/#\/schema\/person\/3aa1163ef05469c496fc94e77611ada2"},"headline":"Festivali Europian dhe familja e Presidentit t\u00eb Azerbajxhanit","datePublished":"2012-05-27T09:12:50+00:00","mainEntityOfPage":{"@id":"https:\/\/fjala.info\/2009-2015\/festivali-europian-dhe-familja-e-presidentit-te-azerbajxhanit\/"},"wordCount":252,"commentCount":0,"publisher":{"@id":"https:\/\/fjala.info\/2009-2015\/#organization"},"image":{"@id":"https:\/\/fjala.info\/2009-2015\/festivali-europian-dhe-familja-e-presidentit-te-azerbajxhanit\/#primaryimage"},"thumbnailUrl":"http:\/\/www.fjala.info\/2012\/pallati_eurosong_azerbaijan.jpg","articleSection":["Artikuj","Lajme"],"inLanguage":"sq-AL","potentialAction":[{"@type":"CommentAction","name":"Comment","target":["https:\/\/fjala.info\/2009-2015\/festivali-europian-dhe-familja-e-presidentit-te-azerbajxhanit\/#respond"]}]},{"@type":"WebPage","@id":"https:\/\/fjala.info\/2009-2015\/festivali-europian-dhe-familja-e-presidentit-te-azerbajxhanit\/","url":"https:\/\/fjala.info\/2009-2015\/festivali-europian-dhe-familja-e-presidentit-te-azerbajxhanit\/","name":"Festivali Europian dhe familja e Presidentit t\u00eb Azerbajxhanit - FjALA e LIR\u00cb - Arkivi","isPartOf":{"@id":"https:\/\/fjala.info\/2009-2015\/#website"},"primaryImageOfPage":{"@id":"https:\/\/fjala.info\/2009-2015\/festivali-europian-dhe-familja-e-presidentit-te-azerbajxhanit\/#primaryimage"},"image":{"@id":"https:\/\/fjala.info\/2009-2015\/festivali-europian-dhe-familja-e-presidentit-te-azerbajxhanit\/#primaryimage"},"thumbnailUrl":"http:\/\/www.fjala.info\/2012\/pallati_eurosong_azerbaijan.jpg","datePublished":"2012-05-27T09:12:50+00:00","breadcrumb":{"@id":"https:\/\/fjala.info\/2009-2015\/festivali-europian-dhe-familja-e-presidentit-te-azerbajxhanit\/#breadcrumb"},"inLanguage":"sq-AL","potentialAction":[{"@type":"ReadAction","target":["https:\/\/fjala.info\/2009-2015\/festivali-europian-dhe-familja-e-presidentit-te-azerbajxhanit\/"]}]},{"@type":"ImageObject","inLanguage":"sq-AL","@id":"https:\/\/fjala.info\/2009-2015\/festivali-europian-dhe-familja-e-presidentit-te-azerbajxhanit\/#primaryimage","url":"http:\/\/www.fjala.info\/2012\/pallati_eurosong_azerbaijan.jpg","contentUrl":"http:\/\/www.fjala.info\/2012\/pallati_eurosong_azerbaijan.jpg"},{"@type":"BreadcrumbList","@id":"https:\/\/fjala.info\/2009-2015\/festivali-europian-dhe-familja-e-presidentit-te-azerbajxhanit\/#breadcrumb","itemListElement":[{"@type":"ListItem","position":1,"name":"Home","item":"https:\/\/fjala.info\/2009-2015\/"},{"@type":"ListItem","position":2,"name":"Festivali Europian dhe familja e Presidentit t\u00eb Azerbajxhanit"}]},{"@type":"WebSite","@id":"https:\/\/fjala.info\/2009-2015\/#website","url":"https:\/\/fjala.info\/2009-2015\/","name":"FjALA e LIR\u00cb - Arkivi","description":"Arkivi 2009-2015","publisher":{"@id":"https:\/\/fjala.info\/2009-2015\/#organization"},"potentialAction":[{"@type":"SearchAction","target":{"@type":"EntryPoint","urlTemplate":"https:\/\/fjala.info\/2009-2015\/?s={search_term_string}"},"query-input":{"@type":"PropertyValueSpecification","valueRequired":true,"valueName":"search_term_string"}}],"inLanguage":"sq-AL"},{"@type":"Organization","@id":"https:\/\/fjala.info\/2009-2015\/#organization","name":"FjALA e LIR\u00cb - Arkivi","url":"https:\/\/fjala.info\/2009-2015\/","logo":{"@type":"ImageObject","inLanguage":"sq-AL","@id":"https:\/\/fjala.info\/2009-2015\/#\/schema\/logo\/image\/","url":"","contentUrl":"","caption":"FjALA e LIR\u00cb - Arkivi"},"image":{"@id":"https:\/\/fjala.info\/2009-2015\/#\/schema\/logo\/image\/"}},{"@type":"Person","@id":"https:\/\/fjala.info\/2009-2015\/#\/schema\/person\/3aa1163ef05469c496fc94e77611ada2","name":"admin","image":{"@type":"ImageObject","inLanguage":"sq-AL","@id":"https:\/\/fjala.info\/2009-2015\/wp-content\/uploads\/2012\/02\/arben_cokaj-120x150.jpg","url":"https:\/\/fjala.info\/2009-2015\/wp-content\/uploads\/2012\/02\/arben_cokaj-120x150.jpg","contentUrl":"https:\/\/fjala.info\/2009-2015\/wp-content\/uploads\/2012\/02\/arben_cokaj-120x150.jpg","caption":"admin"},"description":"Admin, Fjala e Lir\u00eb","sameAs":["https:\/\/fjala.info\/"],"url":"https:\/\/fjala.info\/2009-2015\/author\/admin\/"}]}},"_links":{"self":[{"href":"https:\/\/fjala.info\/2009-2015\/wp-json\/wp\/v2\/posts\/2988","targetHints":{"allow":["GET"]}}],"collection":[{"href":"https:\/\/fjala.info\/2009-2015\/wp-json\/wp\/v2\/posts"}],"about":[{"href":"https:\/\/fjala.info\/2009-2015\/wp-json\/wp\/v2\/types\/post"}],"author":[{"embeddable":true,"href":"https:\/\/fjala.info\/2009-2015\/wp-json\/wp\/v2\/users\/1"}],"replies":[{"embeddable":true,"href":"https:\/\/fjala.info\/2009-2015\/wp-json\/wp\/v2\/comments?post=2988"}],"version-history":[{"count":0,"href":"https:\/\/fjala.info\/2009-2015\/wp-json\/wp\/v2\/posts\/2988\/revisions"}],"wp:attachment":[{"href":"https:\/\/fjala.info\/2009-2015\/wp-json\/wp\/v2\/media?parent=2988"}],"wp:term":[{"taxonomy":"category","embeddable":true,"href":"https:\/\/fjala.info\/2009-2015\/wp-json\/wp\/v2\/categories?post=2988"},{"taxonomy":"post_tag","embeddable":true,"href":"https:\/\/fjala.info\/2009-2015\/wp-json\/wp\/v2\/tags?post=2988"}],"curies":[{"name":"wp","href":"https:\/\/api.w.org\/{rel}","templated":true}]}}