{"id":2986,"date":"2012-05-27T08:58:29","date_gmt":"2012-05-27T07:58:29","guid":{"rendered":"http:\/\/www.fjala.info\/?p=2986"},"modified":"2012-05-27T08:58:29","modified_gmt":"2012-05-27T07:58:29","slug":"austriaket-tri-nota-proteste-ndaj-vajzes-se-shpresa-becajt","status":"publish","type":"post","link":"https:\/\/fjala.info\/2009-2015\/austriaket-tri-nota-proteste-ndaj-vajzes-se-shpresa-becajt\/","title":{"rendered":"Austriak\u00ebt, tri nota proteste ndaj vajz\u00ebs s\u00eb Shpresa Becajt"},"content":{"rendered":"<p><img decoding=\"async\" class=\"alignright size-thumbnail wp-image-7236\" title=\"Selvi Becaj\" src=\"http:\/\/www.fjala.info\/2012\/selvi_becaj.jpg\" alt=\"\" width=\"300\" \/> <em>TIRANE <\/em>&#8211; Autoritetet diplomatike austriake n\u00eb Tiran\u00eb n\u00eb t\u00eb pakt\u00ebn tre raste kan\u00eb b\u00ebr\u00eb not\u00eb proteste pran\u00eb Ministris\u00eb s\u00eb jashtme t\u00eb Shqip\u00ebris\u00eb p\u00ebr shkeljet e kryera n\u00eb Vjen\u00eb nga Selvi Be\u00e7aj, vajza e kryetares s\u00eb Gjykat\u00ebs s\u00eb Lart\u00eb. Ky fakt zbulohet n\u00eb gazet\u00ebn \u201cShqiptarja.com\u201d, e cila publikon n\u00eb shkrimin kryesor t\u00eb sot\u00ebm vendimin e Gjykat\u00ebs s\u00eb Tiran\u00ebs i cili zbardh detajet e path\u00ebna deri m\u00eb sot, gjasht\u00eb muaj pas largimit t\u00eb saj nga detyra si diplomate n\u00eb Vjen\u00eb.<\/p>\n<p>Vendimi i Gjykat\u00ebs s\u00eb Tiran\u00ebs i p\u00ebrket dat\u00ebs 4 maj 2012, pas padis\u00eb s\u00eb 29-vje\u00e7ares p\u00ebr anulimin e Urdhrit t\u00eb Ministrit t\u00eb Pun\u00ebve t\u00eb Jashtme Haxhinasto, n\u00eb 24 janar 2012, p\u00ebr largimin nga detyra si Sekretare e Par\u00eb n\u00eb Misionin e P\u00ebrhersh\u00ebm t\u00eb Republik\u00ebs s\u00eb Shqip\u00ebris\u00eb pran\u00eb OSBE, Vjen\u00eb.<\/p>\n<p>N\u00eb vendimin e gjat\u00eb prej 15 faqesh, pala e paditur, Ministria e jashtme, p\u00ebr t\u00eb mbrojtur vendimin e saj, ka paraqitur edhe disa nota proteste nga ana e ambasad\u00ebs austriake n\u00eb Tiran\u00eb, t\u00eb b\u00ebra pran\u00eb ministris\u00eb n\u00eb ver\u00ebn e vitit t\u00eb shkuar.<\/p>\n<p>Sipas Ministris\u00eb gjat\u00eb harkut kohor t\u00eb vitit 2011 n\u00eb MPJ, jan\u00eb drejtuar nga ana e ambasad\u00ebs s\u00eb Austris\u00eb n\u00eb Tiran\u00eb tre nota zyrtare n\u00eb adres\u00eb t\u00eb Selvi Be\u00e7ajt dhe se nga Ministria Federale e \u00c7\u00ebshtjeve Evropiane \u00ebsht\u00eb ngritur nj\u00eb padi, e cila po shqyrtohet pran\u00eb gjykat\u00ebs s\u00eb Vjen\u00ebs, situata, t\u00eb cilat motivojn\u00eb nxjerrjen e aktit t\u00eb lirimit nga detyra lidhur edhe me natyr\u00ebn e posa\u00e7me t\u00eb sh\u00ebrbimit n\u00eb nj\u00eb mision diplomatik.<\/p>\n<p>(<em>Shkrimin e plot\u00eb mund ta lexoni sot n\u00eb gazet\u00ebn \u2018Shqiptarja.com&#8217;<\/em>)<\/p>\n","protected":false},"excerpt":{"rendered":"<p>TIRANE &#8211; Autoritetet diplomatike austriake n\u00eb Tiran\u00eb n\u00eb t\u00eb pakt\u00ebn tre raste kan\u00eb b\u00ebr\u00eb not\u00eb proteste pran\u00eb Ministris\u00eb s\u00eb jashtme t\u00eb Shqip\u00ebris\u00eb p\u00ebr shkeljet e kryera n\u00eb Vjen\u00eb nga Selvi Be\u00e7aj, vajza e kryetares s\u00eb Gjykat\u00ebs s\u00eb Lart\u00eb. Ky fakt zbulohet n\u00eb gazet\u00ebn \u201cShqiptarja.com\u201d, e cila publikon n\u00eb shkrimin kryesor t\u00eb sot\u00ebm vendimin e Gjykat\u00ebs [&hellip;]<\/p>\n","protected":false},"author":1,"featured_media":0,"comment_status":"open","ping_status":"closed","sticky":false,"template":"","format":"standard","meta":{"footnotes":""},"categories":[5],"tags":[],"class_list":{"0":"post-2986","1":"post","2":"type-post","3":"status-publish","4":"format-standard","6":"category-lajme"},"yoast_head":"<!-- This site is optimized with the Yoast SEO plugin v27.4 - https:\/\/yoast.com\/product\/yoast-seo-wordpress\/ -->\n<title>Austriak\u00ebt, tri nota proteste ndaj vajz\u00ebs s\u00eb Shpresa Becajt - FjALA e LIR\u00cb - Arkivi<\/title>\n<meta name=\"robots\" content=\"index, follow, max-snippet:-1, max-image-preview:large, max-video-preview:-1\" \/>\n<link rel=\"canonical\" href=\"https:\/\/fjala.info\/2009-2015\/austriaket-tri-nota-proteste-ndaj-vajzes-se-shpresa-becajt\/\" \/>\n<meta property=\"og:locale\" content=\"sq_AL\" \/>\n<meta property=\"og:type\" content=\"article\" \/>\n<meta property=\"og:title\" content=\"Austriak\u00ebt, tri nota proteste ndaj vajz\u00ebs s\u00eb Shpresa Becajt - FjALA e LIR\u00cb - Arkivi\" \/>\n<meta property=\"og:description\" content=\"TIRANE &#8211; Autoritetet diplomatike austriake n\u00eb Tiran\u00eb n\u00eb t\u00eb pakt\u00ebn tre raste kan\u00eb b\u00ebr\u00eb not\u00eb proteste pran\u00eb Ministris\u00eb s\u00eb jashtme t\u00eb Shqip\u00ebris\u00eb p\u00ebr shkeljet e kryera n\u00eb Vjen\u00eb nga Selvi Be\u00e7aj, vajza e kryetares s\u00eb Gjykat\u00ebs s\u00eb Lart\u00eb. Ky fakt zbulohet n\u00eb gazet\u00ebn \u201cShqiptarja.com\u201d, e cila publikon n\u00eb shkrimin kryesor t\u00eb sot\u00ebm vendimin e Gjykat\u00ebs [&hellip;]\" \/>\n<meta property=\"og:url\" content=\"https:\/\/fjala.info\/2009-2015\/austriaket-tri-nota-proteste-ndaj-vajzes-se-shpresa-becajt\/\" \/>\n<meta property=\"og:site_name\" content=\"FjALA e LIR\u00cb - Arkivi\" \/>\n<meta property=\"article:published_time\" content=\"2012-05-27T07:58:29+00:00\" \/>\n<meta property=\"og:image\" content=\"http:\/\/www.fjala.info\/2012\/selvi_becaj.jpg\" \/>\n<meta name=\"author\" content=\"admin\" \/>\n<meta name=\"twitter:card\" content=\"summary_large_image\" \/>\n<meta name=\"twitter:label1\" content=\"Written by\" \/>\n\t<meta name=\"twitter:data1\" content=\"admin\" \/>\n\t<meta name=\"twitter:label2\" content=\"Est. reading time\" \/>\n\t<meta name=\"twitter:data2\" content=\"1 minute\" \/>\n<script type=\"application\/ld+json\" class=\"yoast-schema-graph\">{\"@context\":\"https:\\\/\\\/schema.org\",\"@graph\":[{\"@type\":\"Article\",\"@id\":\"https:\\\/\\\/fjala.info\\\/2009-2015\\\/austriaket-tri-nota-proteste-ndaj-vajzes-se-shpresa-becajt\\\/#article\",\"isPartOf\":{\"@id\":\"https:\\\/\\\/fjala.info\\\/2009-2015\\\/austriaket-tri-nota-proteste-ndaj-vajzes-se-shpresa-becajt\\\/\"},\"author\":{\"name\":\"admin\",\"@id\":\"https:\\\/\\\/fjala.info\\\/2009-2015\\\/#\\\/schema\\\/person\\\/3aa1163ef05469c496fc94e77611ada2\"},\"headline\":\"Austriak\u00ebt, tri nota proteste ndaj vajz\u00ebs s\u00eb Shpresa Becajt\",\"datePublished\":\"2012-05-27T07:58:29+00:00\",\"mainEntityOfPage\":{\"@id\":\"https:\\\/\\\/fjala.info\\\/2009-2015\\\/austriaket-tri-nota-proteste-ndaj-vajzes-se-shpresa-becajt\\\/\"},\"wordCount\":292,\"commentCount\":0,\"publisher\":{\"@id\":\"https:\\\/\\\/fjala.info\\\/2009-2015\\\/#organization\"},\"image\":{\"@id\":\"https:\\\/\\\/fjala.info\\\/2009-2015\\\/austriaket-tri-nota-proteste-ndaj-vajzes-se-shpresa-becajt\\\/#primaryimage\"},\"thumbnailUrl\":\"http:\\\/\\\/www.fjala.info\\\/2012\\\/selvi_becaj.jpg\",\"articleSection\":[\"Lajme\"],\"inLanguage\":\"sq-AL\",\"potentialAction\":[{\"@type\":\"CommentAction\",\"name\":\"Comment\",\"target\":[\"https:\\\/\\\/fjala.info\\\/2009-2015\\\/austriaket-tri-nota-proteste-ndaj-vajzes-se-shpresa-becajt\\\/#respond\"]}]},{\"@type\":\"WebPage\",\"@id\":\"https:\\\/\\\/fjala.info\\\/2009-2015\\\/austriaket-tri-nota-proteste-ndaj-vajzes-se-shpresa-becajt\\\/\",\"url\":\"https:\\\/\\\/fjala.info\\\/2009-2015\\\/austriaket-tri-nota-proteste-ndaj-vajzes-se-shpresa-becajt\\\/\",\"name\":\"Austriak\u00ebt, tri nota proteste ndaj vajz\u00ebs s\u00eb Shpresa Becajt - FjALA e LIR\u00cb - Arkivi\",\"isPartOf\":{\"@id\":\"https:\\\/\\\/fjala.info\\\/2009-2015\\\/#website\"},\"primaryImageOfPage\":{\"@id\":\"https:\\\/\\\/fjala.info\\\/2009-2015\\\/austriaket-tri-nota-proteste-ndaj-vajzes-se-shpresa-becajt\\\/#primaryimage\"},\"image\":{\"@id\":\"https:\\\/\\\/fjala.info\\\/2009-2015\\\/austriaket-tri-nota-proteste-ndaj-vajzes-se-shpresa-becajt\\\/#primaryimage\"},\"thumbnailUrl\":\"http:\\\/\\\/www.fjala.info\\\/2012\\\/selvi_becaj.jpg\",\"datePublished\":\"2012-05-27T07:58:29+00:00\",\"breadcrumb\":{\"@id\":\"https:\\\/\\\/fjala.info\\\/2009-2015\\\/austriaket-tri-nota-proteste-ndaj-vajzes-se-shpresa-becajt\\\/#breadcrumb\"},\"inLanguage\":\"sq-AL\",\"potentialAction\":[{\"@type\":\"ReadAction\",\"target\":[\"https:\\\/\\\/fjala.info\\\/2009-2015\\\/austriaket-tri-nota-proteste-ndaj-vajzes-se-shpresa-becajt\\\/\"]}]},{\"@type\":\"ImageObject\",\"inLanguage\":\"sq-AL\",\"@id\":\"https:\\\/\\\/fjala.info\\\/2009-2015\\\/austriaket-tri-nota-proteste-ndaj-vajzes-se-shpresa-becajt\\\/#primaryimage\",\"url\":\"http:\\\/\\\/www.fjala.info\\\/2012\\\/selvi_becaj.jpg\",\"contentUrl\":\"http:\\\/\\\/www.fjala.info\\\/2012\\\/selvi_becaj.jpg\"},{\"@type\":\"BreadcrumbList\",\"@id\":\"https:\\\/\\\/fjala.info\\\/2009-2015\\\/austriaket-tri-nota-proteste-ndaj-vajzes-se-shpresa-becajt\\\/#breadcrumb\",\"itemListElement\":[{\"@type\":\"ListItem\",\"position\":1,\"name\":\"Home\",\"item\":\"https:\\\/\\\/fjala.info\\\/2009-2015\\\/\"},{\"@type\":\"ListItem\",\"position\":2,\"name\":\"Austriak\u00ebt, tri nota proteste ndaj vajz\u00ebs s\u00eb Shpresa Becajt\"}]},{\"@type\":\"WebSite\",\"@id\":\"https:\\\/\\\/fjala.info\\\/2009-2015\\\/#website\",\"url\":\"https:\\\/\\\/fjala.info\\\/2009-2015\\\/\",\"name\":\"FjALA e LIR\u00cb - Arkivi\",\"description\":\"Arkivi 2009-2015\",\"publisher\":{\"@id\":\"https:\\\/\\\/fjala.info\\\/2009-2015\\\/#organization\"},\"potentialAction\":[{\"@type\":\"SearchAction\",\"target\":{\"@type\":\"EntryPoint\",\"urlTemplate\":\"https:\\\/\\\/fjala.info\\\/2009-2015\\\/?s={search_term_string}\"},\"query-input\":{\"@type\":\"PropertyValueSpecification\",\"valueRequired\":true,\"valueName\":\"search_term_string\"}}],\"inLanguage\":\"sq-AL\"},{\"@type\":\"Organization\",\"@id\":\"https:\\\/\\\/fjala.info\\\/2009-2015\\\/#organization\",\"name\":\"FjALA e LIR\u00cb - Arkivi\",\"url\":\"https:\\\/\\\/fjala.info\\\/2009-2015\\\/\",\"logo\":{\"@type\":\"ImageObject\",\"inLanguage\":\"sq-AL\",\"@id\":\"https:\\\/\\\/fjala.info\\\/2009-2015\\\/#\\\/schema\\\/logo\\\/image\\\/\",\"url\":\"\",\"contentUrl\":\"\",\"caption\":\"FjALA e LIR\u00cb - Arkivi\"},\"image\":{\"@id\":\"https:\\\/\\\/fjala.info\\\/2009-2015\\\/#\\\/schema\\\/logo\\\/image\\\/\"}},{\"@type\":\"Person\",\"@id\":\"https:\\\/\\\/fjala.info\\\/2009-2015\\\/#\\\/schema\\\/person\\\/3aa1163ef05469c496fc94e77611ada2\",\"name\":\"admin\",\"image\":{\"@type\":\"ImageObject\",\"inLanguage\":\"sq-AL\",\"@id\":\"https:\\\/\\\/fjala.info\\\/2009-2015\\\/wp-content\\\/uploads\\\/2012\\\/02\\\/arben_cokaj-120x150.jpg\",\"url\":\"https:\\\/\\\/fjala.info\\\/2009-2015\\\/wp-content\\\/uploads\\\/2012\\\/02\\\/arben_cokaj-120x150.jpg\",\"contentUrl\":\"https:\\\/\\\/fjala.info\\\/2009-2015\\\/wp-content\\\/uploads\\\/2012\\\/02\\\/arben_cokaj-120x150.jpg\",\"caption\":\"admin\"},\"description\":\"Admin, Fjala e Lir\u00eb\",\"sameAs\":[\"https:\\\/\\\/fjala.info\\\/\"],\"url\":\"https:\\\/\\\/fjala.info\\\/2009-2015\\\/author\\\/admin\\\/\"}]}<\/script>\n<!-- \/ Yoast SEO plugin. -->","yoast_head_json":{"title":"Austriak\u00ebt, tri nota proteste ndaj vajz\u00ebs s\u00eb Shpresa Becajt - FjALA e LIR\u00cb - Arkivi","robots":{"index":"index","follow":"follow","max-snippet":"max-snippet:-1","max-image-preview":"max-image-preview:large","max-video-preview":"max-video-preview:-1"},"canonical":"https:\/\/fjala.info\/2009-2015\/austriaket-tri-nota-proteste-ndaj-vajzes-se-shpresa-becajt\/","og_locale":"sq_AL","og_type":"article","og_title":"Austriak\u00ebt, tri nota proteste ndaj vajz\u00ebs s\u00eb Shpresa Becajt - FjALA e LIR\u00cb - Arkivi","og_description":"TIRANE &#8211; Autoritetet diplomatike austriake n\u00eb Tiran\u00eb n\u00eb t\u00eb pakt\u00ebn tre raste kan\u00eb b\u00ebr\u00eb not\u00eb proteste pran\u00eb Ministris\u00eb s\u00eb jashtme t\u00eb Shqip\u00ebris\u00eb p\u00ebr shkeljet e kryera n\u00eb Vjen\u00eb nga Selvi Be\u00e7aj, vajza e kryetares s\u00eb Gjykat\u00ebs s\u00eb Lart\u00eb. Ky fakt zbulohet n\u00eb gazet\u00ebn \u201cShqiptarja.com\u201d, e cila publikon n\u00eb shkrimin kryesor t\u00eb sot\u00ebm vendimin e Gjykat\u00ebs [&hellip;]","og_url":"https:\/\/fjala.info\/2009-2015\/austriaket-tri-nota-proteste-ndaj-vajzes-se-shpresa-becajt\/","og_site_name":"FjALA e LIR\u00cb - Arkivi","article_published_time":"2012-05-27T07:58:29+00:00","og_image":[{"url":"http:\/\/www.fjala.info\/2012\/selvi_becaj.jpg","type":"","width":"","height":""}],"author":"admin","twitter_card":"summary_large_image","twitter_misc":{"Written by":"admin","Est. reading time":"1 minute"},"schema":{"@context":"https:\/\/schema.org","@graph":[{"@type":"Article","@id":"https:\/\/fjala.info\/2009-2015\/austriaket-tri-nota-proteste-ndaj-vajzes-se-shpresa-becajt\/#article","isPartOf":{"@id":"https:\/\/fjala.info\/2009-2015\/austriaket-tri-nota-proteste-ndaj-vajzes-se-shpresa-becajt\/"},"author":{"name":"admin","@id":"https:\/\/fjala.info\/2009-2015\/#\/schema\/person\/3aa1163ef05469c496fc94e77611ada2"},"headline":"Austriak\u00ebt, tri nota proteste ndaj vajz\u00ebs s\u00eb Shpresa Becajt","datePublished":"2012-05-27T07:58:29+00:00","mainEntityOfPage":{"@id":"https:\/\/fjala.info\/2009-2015\/austriaket-tri-nota-proteste-ndaj-vajzes-se-shpresa-becajt\/"},"wordCount":292,"commentCount":0,"publisher":{"@id":"https:\/\/fjala.info\/2009-2015\/#organization"},"image":{"@id":"https:\/\/fjala.info\/2009-2015\/austriaket-tri-nota-proteste-ndaj-vajzes-se-shpresa-becajt\/#primaryimage"},"thumbnailUrl":"http:\/\/www.fjala.info\/2012\/selvi_becaj.jpg","articleSection":["Lajme"],"inLanguage":"sq-AL","potentialAction":[{"@type":"CommentAction","name":"Comment","target":["https:\/\/fjala.info\/2009-2015\/austriaket-tri-nota-proteste-ndaj-vajzes-se-shpresa-becajt\/#respond"]}]},{"@type":"WebPage","@id":"https:\/\/fjala.info\/2009-2015\/austriaket-tri-nota-proteste-ndaj-vajzes-se-shpresa-becajt\/","url":"https:\/\/fjala.info\/2009-2015\/austriaket-tri-nota-proteste-ndaj-vajzes-se-shpresa-becajt\/","name":"Austriak\u00ebt, tri nota proteste ndaj vajz\u00ebs s\u00eb Shpresa Becajt - FjALA e LIR\u00cb - Arkivi","isPartOf":{"@id":"https:\/\/fjala.info\/2009-2015\/#website"},"primaryImageOfPage":{"@id":"https:\/\/fjala.info\/2009-2015\/austriaket-tri-nota-proteste-ndaj-vajzes-se-shpresa-becajt\/#primaryimage"},"image":{"@id":"https:\/\/fjala.info\/2009-2015\/austriaket-tri-nota-proteste-ndaj-vajzes-se-shpresa-becajt\/#primaryimage"},"thumbnailUrl":"http:\/\/www.fjala.info\/2012\/selvi_becaj.jpg","datePublished":"2012-05-27T07:58:29+00:00","breadcrumb":{"@id":"https:\/\/fjala.info\/2009-2015\/austriaket-tri-nota-proteste-ndaj-vajzes-se-shpresa-becajt\/#breadcrumb"},"inLanguage":"sq-AL","potentialAction":[{"@type":"ReadAction","target":["https:\/\/fjala.info\/2009-2015\/austriaket-tri-nota-proteste-ndaj-vajzes-se-shpresa-becajt\/"]}]},{"@type":"ImageObject","inLanguage":"sq-AL","@id":"https:\/\/fjala.info\/2009-2015\/austriaket-tri-nota-proteste-ndaj-vajzes-se-shpresa-becajt\/#primaryimage","url":"http:\/\/www.fjala.info\/2012\/selvi_becaj.jpg","contentUrl":"http:\/\/www.fjala.info\/2012\/selvi_becaj.jpg"},{"@type":"BreadcrumbList","@id":"https:\/\/fjala.info\/2009-2015\/austriaket-tri-nota-proteste-ndaj-vajzes-se-shpresa-becajt\/#breadcrumb","itemListElement":[{"@type":"ListItem","position":1,"name":"Home","item":"https:\/\/fjala.info\/2009-2015\/"},{"@type":"ListItem","position":2,"name":"Austriak\u00ebt, tri nota proteste ndaj vajz\u00ebs s\u00eb Shpresa Becajt"}]},{"@type":"WebSite","@id":"https:\/\/fjala.info\/2009-2015\/#website","url":"https:\/\/fjala.info\/2009-2015\/","name":"FjALA e LIR\u00cb - Arkivi","description":"Arkivi 2009-2015","publisher":{"@id":"https:\/\/fjala.info\/2009-2015\/#organization"},"potentialAction":[{"@type":"SearchAction","target":{"@type":"EntryPoint","urlTemplate":"https:\/\/fjala.info\/2009-2015\/?s={search_term_string}"},"query-input":{"@type":"PropertyValueSpecification","valueRequired":true,"valueName":"search_term_string"}}],"inLanguage":"sq-AL"},{"@type":"Organization","@id":"https:\/\/fjala.info\/2009-2015\/#organization","name":"FjALA e LIR\u00cb - Arkivi","url":"https:\/\/fjala.info\/2009-2015\/","logo":{"@type":"ImageObject","inLanguage":"sq-AL","@id":"https:\/\/fjala.info\/2009-2015\/#\/schema\/logo\/image\/","url":"","contentUrl":"","caption":"FjALA e LIR\u00cb - Arkivi"},"image":{"@id":"https:\/\/fjala.info\/2009-2015\/#\/schema\/logo\/image\/"}},{"@type":"Person","@id":"https:\/\/fjala.info\/2009-2015\/#\/schema\/person\/3aa1163ef05469c496fc94e77611ada2","name":"admin","image":{"@type":"ImageObject","inLanguage":"sq-AL","@id":"https:\/\/fjala.info\/2009-2015\/wp-content\/uploads\/2012\/02\/arben_cokaj-120x150.jpg","url":"https:\/\/fjala.info\/2009-2015\/wp-content\/uploads\/2012\/02\/arben_cokaj-120x150.jpg","contentUrl":"https:\/\/fjala.info\/2009-2015\/wp-content\/uploads\/2012\/02\/arben_cokaj-120x150.jpg","caption":"admin"},"description":"Admin, Fjala e Lir\u00eb","sameAs":["https:\/\/fjala.info\/"],"url":"https:\/\/fjala.info\/2009-2015\/author\/admin\/"}]}},"_links":{"self":[{"href":"https:\/\/fjala.info\/2009-2015\/wp-json\/wp\/v2\/posts\/2986","targetHints":{"allow":["GET"]}}],"collection":[{"href":"https:\/\/fjala.info\/2009-2015\/wp-json\/wp\/v2\/posts"}],"about":[{"href":"https:\/\/fjala.info\/2009-2015\/wp-json\/wp\/v2\/types\/post"}],"author":[{"embeddable":true,"href":"https:\/\/fjala.info\/2009-2015\/wp-json\/wp\/v2\/users\/1"}],"replies":[{"embeddable":true,"href":"https:\/\/fjala.info\/2009-2015\/wp-json\/wp\/v2\/comments?post=2986"}],"version-history":[{"count":0,"href":"https:\/\/fjala.info\/2009-2015\/wp-json\/wp\/v2\/posts\/2986\/revisions"}],"wp:attachment":[{"href":"https:\/\/fjala.info\/2009-2015\/wp-json\/wp\/v2\/media?parent=2986"}],"wp:term":[{"taxonomy":"category","embeddable":true,"href":"https:\/\/fjala.info\/2009-2015\/wp-json\/wp\/v2\/categories?post=2986"},{"taxonomy":"post_tag","embeddable":true,"href":"https:\/\/fjala.info\/2009-2015\/wp-json\/wp\/v2\/tags?post=2986"}],"curies":[{"name":"wp","href":"https:\/\/api.w.org\/{rel}","templated":true}]}}