{"id":2984,"date":"2012-05-27T08:43:50","date_gmt":"2012-05-27T07:43:50","guid":{"rendered":"http:\/\/www.fjala.info\/?p=2984"},"modified":"2012-05-27T08:43:50","modified_gmt":"2012-05-27T07:43:50","slug":"atentat-ndaj-gazetarit-ilir-berisha-dhe-familjes-se-tij-ne-kosove","status":"publish","type":"post","link":"https:\/\/fjala.info\/2009-2015\/atentat-ndaj-gazetarit-ilir-berisha-dhe-familjes-se-tij-ne-kosove\/","title":{"rendered":"Atentat ndaj gazetarit Ilir Berisha dhe familjes s\u00eb tij n\u00eb Kosov\u00eb"},"content":{"rendered":"<p><img decoding=\"async\" class=\"alignright size-thumbnail wp-image-7236\" title=\"Ilir Berisha\" src=\"http:\/\/www.fjala.info\/2012\/ilir_berisha.jpg\" alt=\"\" width=\"150\" \/> <em>Vilanc, Kosov\u00eb<\/em> \u2013 Me 22 maj 2012, rreth or\u00ebs 22:39, gazetari Ilir Berisha dhe familja e tij u sulmuan n\u00eb sht\u00ebpin\u00eb e tyre, ku iu dogj makina n\u00eb oborr nga persona t\u00eb panjohur. Z. Berisha ndodhej n\u00eb sht\u00ebpi n\u00eb ato momente, duke v\u00ebn\u00eb djalin n\u00eb gjum\u00eb. Nd\u00ebrsa gruaja e tij, motra, vajza e tij me dy vajzat e axh\u00ebs s\u00eb babait, si dhe axha ndodheshin n\u00eb sallon. Sapo nd\u00ebgjuan detonimin vrapuan p\u00ebr t\u00eb par\u00eb \u00e7ka ndodhi.<\/p>\n<p>\u201cNuk i di arsyet pse u sulmova. T\u00eb sulmohesh n\u00eb oborr t\u00eb sht\u00ebpis\u00eb, t\u2019i vihet zjarri dhe eksplosivi makin\u00ebs af\u00ebr sht\u00ebpis\u00eb, \u00ebsht\u00eb nj\u00eb akt i sh\u00ebmtuar terrorrist. Familjarisht kemi p\u00ebrjetuar nj\u00eb nat\u00eb t\u00eb tramatizuar dhe frik\u00ebsuar, sidomos f\u00ebmij\u00ebt q\u00eb jan\u00eb l\u00ebnduar psiqikisht. Mund t\u00eb ket\u00eb shkaqe politike sulmi. Ndoshta dikujt i pengon aktiviteti im tani e 22 vite p\u00ebr nj\u00eb Shqip\u00ebri Etnike, si me paqe edhe me luft\u00eb. Me k\u00ebt\u00eb rast \u00ebsht\u00eb sulmuar U\u00c7K-ja, Balli Komb\u00ebtar dhe Shqip\u00ebria Etnike, jo vet\u00ebm un\u00eb e familja ime.\u201d \u2013 sqaron z. Berisha.<\/p>\n<p><img decoding=\"async\" class=\"alignleft size-thumbnail wp-image-7236\" title=\"Makina e djegur\" src=\"http:\/\/www.fjala.info\/2012\/makina_djegur.jpg\" alt=\"\" width=\"300\" \/><\/p>\n<p>Policia u lajm\u00ebrua menjeher\u00eb e cila erdhi brenda 10 minutash n\u00eb vendin e ngjarjes. Hetimet vazhdojn\u00eb p\u00ebr t\u00eb zbuluar atentuesit e k\u00ebtij krimi.<br \/>\n\u201c<em>Realisht u b\u00eb atentat ndaj meje dhe familjes time n\u00eb sht\u00ebpin\u00eb time. Ftova edhe mediat t\u00eb vijn\u00eb n\u00eb vendin e ngjarjes. Asnj\u00eb nuk erdhi. Kjo ka nj\u00eb dometh\u00ebnie<\/em>,\u201d shprehet z. Berisha.<\/p>\n<p>Z. Ilir Berisha m\u00eb posht\u00eb rr\u00ebfen detajat e incidentit:<\/p>\n<p>\u201cFamilja ka v\u00ebrejtur nj\u00eb drit\u00eb t\u00eb madhe q\u00eb mb\u00ebrriti deri tek dritaret dhe pastaj nd\u00ebgjuan eksplodimin. Kan\u00eb dal\u00eb jasht\u00eb dhe pan\u00eb vetur\u00ebn duke u djegur n\u00eb flak\u00eb. Gruaja vrapoi dhe m\u00eb thirri. Jam ngritur shpejt. Kur kam dal\u00eb n\u00eb der\u00eb kam d\u00ebgjuar krisma arm\u00ebsh n\u00eb drejtimin tim.<\/p>\n<p><img decoding=\"async\" class=\"alignright size-thumbnail wp-image-7236\" title=\"Makina e djegur\" src=\"http:\/\/www.fjala.info\/2012\/makina_djegur1.jpg\" alt=\"\" width=\"300\" \/><\/p>\n<p>Makina ka qen\u00eb e parkuar n\u00eb oborr t\u00eb sht\u00ebpis\u00eb, afro 20 metra prej sht\u00ebpis\u00eb time. Makina tjet\u00ebr e motr\u00ebs ka qen\u00eb parkuar nj\u00eb met\u00ebr e gjys\u00ebm af\u00ebr makin\u00ebs time. Axha ka vrapuar, duke u rrezikuar n\u00eb flak\u00eb dhe ka t\u00ebrhequr makin\u00ebn e motr\u00ebs. N\u00eb at\u00eb moment kam qen\u00eb duke biseduar me policin\u00eb n\u00eb telefon, t\u00eb cil\u00ebt nuk vonuan p\u00ebr t\u00eb ardhur tek vendi i ngjarjes, s\u00eb bashku me zjarrfik\u00ebset.<\/p>\n<p>P\u00ebrball\u00eb ku ka qen\u00eb makina q\u00eb digjej n\u00eb flak\u00eb, larg 30 metra, ndodhet sht\u00ebpia e axh\u00ebs time. Axha ishte tek ne n\u00eb at\u00eb koh\u00eb, por e shoqja e tij dhe djali e kan\u00eb nd\u00ebgjuar eksplodimin dhe kan\u00eb dal\u00eb n\u00eb ballkon. Kan\u00eb par\u00eb nj\u00eb person n\u00eb ato momente af\u00ebr makin\u00ebs n\u00eb zjarr, i cili m\u00eb pas ka kaluar murin duke ikur. N\u00eb ato momente jan\u00eb d\u00ebgjuar t\u00eb sht\u00ebnat me arm\u00eb. Disa komshi af\u00ebr rrug\u00ebs kryesore kan\u00eb par\u00eb duke ikur dy persona duke shtir\u00eb me arm\u00eb pas eksplodimit t\u00eb vetur\u00ebs, t\u00eb cil\u00ebt dikund n\u00eb lagje tjet\u00ebr i kishte hasur nj\u00eb komshi t\u00eb cilin e kishin k\u00ebrc\u00ebnuar me arm\u00eb dhe gjuajtur. As ai nuk ka mundur t\u2019i identifikoj\u00eb dy kriminel\u00ebt.\u201d (Ilir Berisha, Intervist\u00eb p\u00ebr Prishtina Press, 26 Maj 2012)<\/p>\n<p>Ky nuk \u00ebsht\u00eb sulmi i par\u00eb ndaj Ilir Berish\u00ebs. Me 23 qershor 1998 ai \u00ebsht\u00eb plagosur nga disa njer\u00ebz t\u00eb maskuar gjat\u00eb udh\u00ebs p\u00ebr n\u00eb Tropoj\u00eb, p\u00ebr t\u00eb d\u00ebrguar ndihma kosovar\u00ebve t\u00eb strehuar n\u00eb Shqip\u00ebri. Ilir ishte me pun\u00eb humanitare me Grupin e Emergjenc\u00ebs nga Kosova. Iliri u q\u00ebllua n\u00eb kok\u00eb. Nuk u p\u00ebrjashtua UDB-ja jugosllave si faktore n\u00eb k\u00ebt\u00eb atentat. (Qendra p\u00ebr Informim e Kosov\u00eb, \u201cMusa Rexhaj, i atashuar i Qeveris\u00eb s\u00eb Kosov\u00ebs n\u00eb Tropoj\u00eb: Element\u00eb mafioz\u00eb po p\u00ebrpiqen t\u00eb shkat\u00ebrrojn\u00eb pun\u00ebn e misioneve,\u201d Prishtin\u00eb,29 qershor 1998)<\/p>\n<p>Ilir Berisha ishte pjestar i U\u00c7K-s\u00eb prej krijimit t\u00eb saj n\u00eb aspektin propogandistik prej vitit 1990. Prej 1990-\u00ebs ka qen\u00eb antar i (KKIOB) Komitetit t\u00eb Kosov\u00ebs p\u00ebr Informimin e Opinionit Bot\u00ebror, n\u00ebn udh\u00ebheqjen e Xhafer Shatrit. Ishte pjestar i Ushtris\u00eb \u00c7lirimtare t\u00eb Kosov\u00ebs dhe pjes\u00ebmarr\u00ebs n\u00eb Betejen e Koshar\u00ebs. N\u00eb vitin 1995 ishte iniciatori dhe themeluesi i FRGJK-s\u00eb (Forumi Rinor Gjith\u00ebkomb\u00ebtar), i cili kishte p\u00ebr q\u00ebllim rekrutimin e t\u00eb rinj\u00ebve p\u00ebr luft\u00eb, n\u00eb ushtrin\u00eb e Kosov\u00ebs.<\/p>\n<p>Kur ishte student n\u00eb Universitetin e Kosov\u00ebs, n\u00eb Prishtin\u00eb, ka marr\u00eb pjes\u00eb n\u00eb protestat studentore. N\u00eb n\u00ebntor t\u00eb 1989 pas protestave prezente n\u00eb at\u00eb koh\u00eb, Iliri dhe student\u00ebt e konviktit u sulmuan nga policia Jugosllave.<\/p>\n<p>\u201cN\u00eb at\u00eb koh\u00eb banoja n\u00eb konviktin nr 5 n\u00eb qendr\u00ebn studentore n\u00eb Prishtin\u00eb. At\u00eb nat\u00eb ishim te bllokuar n\u00eb konvikt prej gazit lotsjell\u00ebs dhe ishim t\u00eb rrethuar prej policis\u00eb jugosllave . Un\u00eb kisha dh\u00ebn\u00eb nj\u00eb intervist\u00eb p\u00ebr TVP, Televizionin e Prishtin\u00ebs ku kritikova pushtetin e asaj kohe, q\u00eb terrorizonte student\u00ebt protestues dhe shqiptar\u00ebt e Kosov\u00ebs. Q\u00eb nga kjo koh\u00eb kam qen\u00eb n\u00eb p\u00ebrndjekje.<\/p>\n<p>M\u00eb pas, KKIOB-ja m\u00eb t\u00ebrhoqi nga Kosova p\u00ebr n\u00eb Zvic\u00ebr, ku kam vazhduar veprimtarin\u00eb time p\u00ebr nd\u00ebrkombtarizimin e \u00e7\u00ebshtjes s\u00eb Kosov\u00ebs dhe p\u00ebrgaditjen p\u00ebr luft\u00eb p\u00ebr ta \u00e7liruar Kosov\u00ebn,\u201d shprehet z. Berisha.<\/p>\n","protected":false},"excerpt":{"rendered":"<p>Vilanc, Kosov\u00eb \u2013 Me 22 maj 2012, rreth or\u00ebs 22:39, gazetari Ilir Berisha dhe familja e tij u sulmuan n\u00eb sht\u00ebpin\u00eb e tyre, ku iu dogj makina n\u00eb oborr nga persona t\u00eb panjohur. Z. Berisha ndodhej n\u00eb sht\u00ebpi n\u00eb ato momente, duke v\u00ebn\u00eb djalin n\u00eb gjum\u00eb. Nd\u00ebrsa gruaja e tij, motra, vajza e tij me [&hellip;]<\/p>\n","protected":false},"author":1,"featured_media":0,"comment_status":"open","ping_status":"closed","sticky":false,"template":"","format":"standard","meta":{"footnotes":""},"categories":[2],"tags":[],"class_list":{"0":"post-2984","1":"post","2":"type-post","3":"status-publish","4":"format-standard","6":"category-artikuj"},"yoast_head":"<!-- This site is optimized with the Yoast SEO plugin v27.4 - https:\/\/yoast.com\/product\/yoast-seo-wordpress\/ -->\n<title>Atentat ndaj gazetarit Ilir Berisha dhe familjes s\u00eb tij n\u00eb Kosov\u00eb - FjALA e LIR\u00cb - Arkivi<\/title>\n<meta name=\"robots\" content=\"index, follow, max-snippet:-1, max-image-preview:large, max-video-preview:-1\" \/>\n<link rel=\"canonical\" href=\"https:\/\/fjala.info\/2009-2015\/atentat-ndaj-gazetarit-ilir-berisha-dhe-familjes-se-tij-ne-kosove\/\" \/>\n<meta property=\"og:locale\" content=\"sq_AL\" \/>\n<meta property=\"og:type\" content=\"article\" \/>\n<meta property=\"og:title\" content=\"Atentat ndaj gazetarit Ilir Berisha dhe familjes s\u00eb tij n\u00eb Kosov\u00eb - FjALA e LIR\u00cb - Arkivi\" \/>\n<meta property=\"og:description\" content=\"Vilanc, Kosov\u00eb \u2013 Me 22 maj 2012, rreth or\u00ebs 22:39, gazetari Ilir Berisha dhe familja e tij u sulmuan n\u00eb sht\u00ebpin\u00eb e tyre, ku iu dogj makina n\u00eb oborr nga persona t\u00eb panjohur. Z. Berisha ndodhej n\u00eb sht\u00ebpi n\u00eb ato momente, duke v\u00ebn\u00eb djalin n\u00eb gjum\u00eb. Nd\u00ebrsa gruaja e tij, motra, vajza e tij me [&hellip;]\" \/>\n<meta property=\"og:url\" content=\"https:\/\/fjala.info\/2009-2015\/atentat-ndaj-gazetarit-ilir-berisha-dhe-familjes-se-tij-ne-kosove\/\" \/>\n<meta property=\"og:site_name\" content=\"FjALA e LIR\u00cb - Arkivi\" \/>\n<meta property=\"article:published_time\" content=\"2012-05-27T07:43:50+00:00\" \/>\n<meta property=\"og:image\" content=\"http:\/\/www.fjala.info\/2012\/ilir_berisha.jpg\" \/>\n<meta name=\"author\" content=\"admin\" \/>\n<meta name=\"twitter:card\" content=\"summary_large_image\" \/>\n<meta name=\"twitter:label1\" content=\"Written by\" \/>\n\t<meta name=\"twitter:data1\" content=\"admin\" \/>\n\t<meta name=\"twitter:label2\" content=\"Est. reading time\" \/>\n\t<meta name=\"twitter:data2\" content=\"4 minutes\" \/>\n<script type=\"application\/ld+json\" class=\"yoast-schema-graph\">{\"@context\":\"https:\\\/\\\/schema.org\",\"@graph\":[{\"@type\":\"Article\",\"@id\":\"https:\\\/\\\/fjala.info\\\/2009-2015\\\/atentat-ndaj-gazetarit-ilir-berisha-dhe-familjes-se-tij-ne-kosove\\\/#article\",\"isPartOf\":{\"@id\":\"https:\\\/\\\/fjala.info\\\/2009-2015\\\/atentat-ndaj-gazetarit-ilir-berisha-dhe-familjes-se-tij-ne-kosove\\\/\"},\"author\":{\"name\":\"admin\",\"@id\":\"https:\\\/\\\/fjala.info\\\/2009-2015\\\/#\\\/schema\\\/person\\\/3aa1163ef05469c496fc94e77611ada2\"},\"headline\":\"Atentat ndaj gazetarit Ilir Berisha dhe familjes s\u00eb tij n\u00eb Kosov\u00eb\",\"datePublished\":\"2012-05-27T07:43:50+00:00\",\"mainEntityOfPage\":{\"@id\":\"https:\\\/\\\/fjala.info\\\/2009-2015\\\/atentat-ndaj-gazetarit-ilir-berisha-dhe-familjes-se-tij-ne-kosove\\\/\"},\"wordCount\":883,\"commentCount\":0,\"publisher\":{\"@id\":\"https:\\\/\\\/fjala.info\\\/2009-2015\\\/#organization\"},\"image\":{\"@id\":\"https:\\\/\\\/fjala.info\\\/2009-2015\\\/atentat-ndaj-gazetarit-ilir-berisha-dhe-familjes-se-tij-ne-kosove\\\/#primaryimage\"},\"thumbnailUrl\":\"http:\\\/\\\/www.fjala.info\\\/2012\\\/ilir_berisha.jpg\",\"articleSection\":[\"Artikuj\"],\"inLanguage\":\"sq-AL\",\"potentialAction\":[{\"@type\":\"CommentAction\",\"name\":\"Comment\",\"target\":[\"https:\\\/\\\/fjala.info\\\/2009-2015\\\/atentat-ndaj-gazetarit-ilir-berisha-dhe-familjes-se-tij-ne-kosove\\\/#respond\"]}]},{\"@type\":\"WebPage\",\"@id\":\"https:\\\/\\\/fjala.info\\\/2009-2015\\\/atentat-ndaj-gazetarit-ilir-berisha-dhe-familjes-se-tij-ne-kosove\\\/\",\"url\":\"https:\\\/\\\/fjala.info\\\/2009-2015\\\/atentat-ndaj-gazetarit-ilir-berisha-dhe-familjes-se-tij-ne-kosove\\\/\",\"name\":\"Atentat ndaj gazetarit Ilir Berisha dhe familjes s\u00eb tij n\u00eb Kosov\u00eb - FjALA e LIR\u00cb - Arkivi\",\"isPartOf\":{\"@id\":\"https:\\\/\\\/fjala.info\\\/2009-2015\\\/#website\"},\"primaryImageOfPage\":{\"@id\":\"https:\\\/\\\/fjala.info\\\/2009-2015\\\/atentat-ndaj-gazetarit-ilir-berisha-dhe-familjes-se-tij-ne-kosove\\\/#primaryimage\"},\"image\":{\"@id\":\"https:\\\/\\\/fjala.info\\\/2009-2015\\\/atentat-ndaj-gazetarit-ilir-berisha-dhe-familjes-se-tij-ne-kosove\\\/#primaryimage\"},\"thumbnailUrl\":\"http:\\\/\\\/www.fjala.info\\\/2012\\\/ilir_berisha.jpg\",\"datePublished\":\"2012-05-27T07:43:50+00:00\",\"breadcrumb\":{\"@id\":\"https:\\\/\\\/fjala.info\\\/2009-2015\\\/atentat-ndaj-gazetarit-ilir-berisha-dhe-familjes-se-tij-ne-kosove\\\/#breadcrumb\"},\"inLanguage\":\"sq-AL\",\"potentialAction\":[{\"@type\":\"ReadAction\",\"target\":[\"https:\\\/\\\/fjala.info\\\/2009-2015\\\/atentat-ndaj-gazetarit-ilir-berisha-dhe-familjes-se-tij-ne-kosove\\\/\"]}]},{\"@type\":\"ImageObject\",\"inLanguage\":\"sq-AL\",\"@id\":\"https:\\\/\\\/fjala.info\\\/2009-2015\\\/atentat-ndaj-gazetarit-ilir-berisha-dhe-familjes-se-tij-ne-kosove\\\/#primaryimage\",\"url\":\"http:\\\/\\\/www.fjala.info\\\/2012\\\/ilir_berisha.jpg\",\"contentUrl\":\"http:\\\/\\\/www.fjala.info\\\/2012\\\/ilir_berisha.jpg\"},{\"@type\":\"BreadcrumbList\",\"@id\":\"https:\\\/\\\/fjala.info\\\/2009-2015\\\/atentat-ndaj-gazetarit-ilir-berisha-dhe-familjes-se-tij-ne-kosove\\\/#breadcrumb\",\"itemListElement\":[{\"@type\":\"ListItem\",\"position\":1,\"name\":\"Home\",\"item\":\"https:\\\/\\\/fjala.info\\\/2009-2015\\\/\"},{\"@type\":\"ListItem\",\"position\":2,\"name\":\"Atentat ndaj gazetarit Ilir Berisha dhe familjes s\u00eb tij n\u00eb Kosov\u00eb\"}]},{\"@type\":\"WebSite\",\"@id\":\"https:\\\/\\\/fjala.info\\\/2009-2015\\\/#website\",\"url\":\"https:\\\/\\\/fjala.info\\\/2009-2015\\\/\",\"name\":\"FjALA e LIR\u00cb - Arkivi\",\"description\":\"Arkivi 2009-2015\",\"publisher\":{\"@id\":\"https:\\\/\\\/fjala.info\\\/2009-2015\\\/#organization\"},\"potentialAction\":[{\"@type\":\"SearchAction\",\"target\":{\"@type\":\"EntryPoint\",\"urlTemplate\":\"https:\\\/\\\/fjala.info\\\/2009-2015\\\/?s={search_term_string}\"},\"query-input\":{\"@type\":\"PropertyValueSpecification\",\"valueRequired\":true,\"valueName\":\"search_term_string\"}}],\"inLanguage\":\"sq-AL\"},{\"@type\":\"Organization\",\"@id\":\"https:\\\/\\\/fjala.info\\\/2009-2015\\\/#organization\",\"name\":\"FjALA e LIR\u00cb - Arkivi\",\"url\":\"https:\\\/\\\/fjala.info\\\/2009-2015\\\/\",\"logo\":{\"@type\":\"ImageObject\",\"inLanguage\":\"sq-AL\",\"@id\":\"https:\\\/\\\/fjala.info\\\/2009-2015\\\/#\\\/schema\\\/logo\\\/image\\\/\",\"url\":\"\",\"contentUrl\":\"\",\"caption\":\"FjALA e LIR\u00cb - Arkivi\"},\"image\":{\"@id\":\"https:\\\/\\\/fjala.info\\\/2009-2015\\\/#\\\/schema\\\/logo\\\/image\\\/\"}},{\"@type\":\"Person\",\"@id\":\"https:\\\/\\\/fjala.info\\\/2009-2015\\\/#\\\/schema\\\/person\\\/3aa1163ef05469c496fc94e77611ada2\",\"name\":\"admin\",\"image\":{\"@type\":\"ImageObject\",\"inLanguage\":\"sq-AL\",\"@id\":\"https:\\\/\\\/fjala.info\\\/2009-2015\\\/wp-content\\\/uploads\\\/2012\\\/02\\\/arben_cokaj-120x150.jpg\",\"url\":\"https:\\\/\\\/fjala.info\\\/2009-2015\\\/wp-content\\\/uploads\\\/2012\\\/02\\\/arben_cokaj-120x150.jpg\",\"contentUrl\":\"https:\\\/\\\/fjala.info\\\/2009-2015\\\/wp-content\\\/uploads\\\/2012\\\/02\\\/arben_cokaj-120x150.jpg\",\"caption\":\"admin\"},\"description\":\"Admin, Fjala e Lir\u00eb\",\"sameAs\":[\"https:\\\/\\\/fjala.info\\\/\"],\"url\":\"https:\\\/\\\/fjala.info\\\/2009-2015\\\/author\\\/admin\\\/\"}]}<\/script>\n<!-- \/ Yoast SEO plugin. -->","yoast_head_json":{"title":"Atentat ndaj gazetarit Ilir Berisha dhe familjes s\u00eb tij n\u00eb Kosov\u00eb - FjALA e LIR\u00cb - Arkivi","robots":{"index":"index","follow":"follow","max-snippet":"max-snippet:-1","max-image-preview":"max-image-preview:large","max-video-preview":"max-video-preview:-1"},"canonical":"https:\/\/fjala.info\/2009-2015\/atentat-ndaj-gazetarit-ilir-berisha-dhe-familjes-se-tij-ne-kosove\/","og_locale":"sq_AL","og_type":"article","og_title":"Atentat ndaj gazetarit Ilir Berisha dhe familjes s\u00eb tij n\u00eb Kosov\u00eb - FjALA e LIR\u00cb - Arkivi","og_description":"Vilanc, Kosov\u00eb \u2013 Me 22 maj 2012, rreth or\u00ebs 22:39, gazetari Ilir Berisha dhe familja e tij u sulmuan n\u00eb sht\u00ebpin\u00eb e tyre, ku iu dogj makina n\u00eb oborr nga persona t\u00eb panjohur. Z. Berisha ndodhej n\u00eb sht\u00ebpi n\u00eb ato momente, duke v\u00ebn\u00eb djalin n\u00eb gjum\u00eb. Nd\u00ebrsa gruaja e tij, motra, vajza e tij me [&hellip;]","og_url":"https:\/\/fjala.info\/2009-2015\/atentat-ndaj-gazetarit-ilir-berisha-dhe-familjes-se-tij-ne-kosove\/","og_site_name":"FjALA e LIR\u00cb - Arkivi","article_published_time":"2012-05-27T07:43:50+00:00","og_image":[{"url":"http:\/\/www.fjala.info\/2012\/ilir_berisha.jpg","type":"","width":"","height":""}],"author":"admin","twitter_card":"summary_large_image","twitter_misc":{"Written by":"admin","Est. reading time":"4 minutes"},"schema":{"@context":"https:\/\/schema.org","@graph":[{"@type":"Article","@id":"https:\/\/fjala.info\/2009-2015\/atentat-ndaj-gazetarit-ilir-berisha-dhe-familjes-se-tij-ne-kosove\/#article","isPartOf":{"@id":"https:\/\/fjala.info\/2009-2015\/atentat-ndaj-gazetarit-ilir-berisha-dhe-familjes-se-tij-ne-kosove\/"},"author":{"name":"admin","@id":"https:\/\/fjala.info\/2009-2015\/#\/schema\/person\/3aa1163ef05469c496fc94e77611ada2"},"headline":"Atentat ndaj gazetarit Ilir Berisha dhe familjes s\u00eb tij n\u00eb Kosov\u00eb","datePublished":"2012-05-27T07:43:50+00:00","mainEntityOfPage":{"@id":"https:\/\/fjala.info\/2009-2015\/atentat-ndaj-gazetarit-ilir-berisha-dhe-familjes-se-tij-ne-kosove\/"},"wordCount":883,"commentCount":0,"publisher":{"@id":"https:\/\/fjala.info\/2009-2015\/#organization"},"image":{"@id":"https:\/\/fjala.info\/2009-2015\/atentat-ndaj-gazetarit-ilir-berisha-dhe-familjes-se-tij-ne-kosove\/#primaryimage"},"thumbnailUrl":"http:\/\/www.fjala.info\/2012\/ilir_berisha.jpg","articleSection":["Artikuj"],"inLanguage":"sq-AL","potentialAction":[{"@type":"CommentAction","name":"Comment","target":["https:\/\/fjala.info\/2009-2015\/atentat-ndaj-gazetarit-ilir-berisha-dhe-familjes-se-tij-ne-kosove\/#respond"]}]},{"@type":"WebPage","@id":"https:\/\/fjala.info\/2009-2015\/atentat-ndaj-gazetarit-ilir-berisha-dhe-familjes-se-tij-ne-kosove\/","url":"https:\/\/fjala.info\/2009-2015\/atentat-ndaj-gazetarit-ilir-berisha-dhe-familjes-se-tij-ne-kosove\/","name":"Atentat ndaj gazetarit Ilir Berisha dhe familjes s\u00eb tij n\u00eb Kosov\u00eb - FjALA e LIR\u00cb - Arkivi","isPartOf":{"@id":"https:\/\/fjala.info\/2009-2015\/#website"},"primaryImageOfPage":{"@id":"https:\/\/fjala.info\/2009-2015\/atentat-ndaj-gazetarit-ilir-berisha-dhe-familjes-se-tij-ne-kosove\/#primaryimage"},"image":{"@id":"https:\/\/fjala.info\/2009-2015\/atentat-ndaj-gazetarit-ilir-berisha-dhe-familjes-se-tij-ne-kosove\/#primaryimage"},"thumbnailUrl":"http:\/\/www.fjala.info\/2012\/ilir_berisha.jpg","datePublished":"2012-05-27T07:43:50+00:00","breadcrumb":{"@id":"https:\/\/fjala.info\/2009-2015\/atentat-ndaj-gazetarit-ilir-berisha-dhe-familjes-se-tij-ne-kosove\/#breadcrumb"},"inLanguage":"sq-AL","potentialAction":[{"@type":"ReadAction","target":["https:\/\/fjala.info\/2009-2015\/atentat-ndaj-gazetarit-ilir-berisha-dhe-familjes-se-tij-ne-kosove\/"]}]},{"@type":"ImageObject","inLanguage":"sq-AL","@id":"https:\/\/fjala.info\/2009-2015\/atentat-ndaj-gazetarit-ilir-berisha-dhe-familjes-se-tij-ne-kosove\/#primaryimage","url":"http:\/\/www.fjala.info\/2012\/ilir_berisha.jpg","contentUrl":"http:\/\/www.fjala.info\/2012\/ilir_berisha.jpg"},{"@type":"BreadcrumbList","@id":"https:\/\/fjala.info\/2009-2015\/atentat-ndaj-gazetarit-ilir-berisha-dhe-familjes-se-tij-ne-kosove\/#breadcrumb","itemListElement":[{"@type":"ListItem","position":1,"name":"Home","item":"https:\/\/fjala.info\/2009-2015\/"},{"@type":"ListItem","position":2,"name":"Atentat ndaj gazetarit Ilir Berisha dhe familjes s\u00eb tij n\u00eb Kosov\u00eb"}]},{"@type":"WebSite","@id":"https:\/\/fjala.info\/2009-2015\/#website","url":"https:\/\/fjala.info\/2009-2015\/","name":"FjALA e LIR\u00cb - Arkivi","description":"Arkivi 2009-2015","publisher":{"@id":"https:\/\/fjala.info\/2009-2015\/#organization"},"potentialAction":[{"@type":"SearchAction","target":{"@type":"EntryPoint","urlTemplate":"https:\/\/fjala.info\/2009-2015\/?s={search_term_string}"},"query-input":{"@type":"PropertyValueSpecification","valueRequired":true,"valueName":"search_term_string"}}],"inLanguage":"sq-AL"},{"@type":"Organization","@id":"https:\/\/fjala.info\/2009-2015\/#organization","name":"FjALA e LIR\u00cb - Arkivi","url":"https:\/\/fjala.info\/2009-2015\/","logo":{"@type":"ImageObject","inLanguage":"sq-AL","@id":"https:\/\/fjala.info\/2009-2015\/#\/schema\/logo\/image\/","url":"","contentUrl":"","caption":"FjALA e LIR\u00cb - Arkivi"},"image":{"@id":"https:\/\/fjala.info\/2009-2015\/#\/schema\/logo\/image\/"}},{"@type":"Person","@id":"https:\/\/fjala.info\/2009-2015\/#\/schema\/person\/3aa1163ef05469c496fc94e77611ada2","name":"admin","image":{"@type":"ImageObject","inLanguage":"sq-AL","@id":"https:\/\/fjala.info\/2009-2015\/wp-content\/uploads\/2012\/02\/arben_cokaj-120x150.jpg","url":"https:\/\/fjala.info\/2009-2015\/wp-content\/uploads\/2012\/02\/arben_cokaj-120x150.jpg","contentUrl":"https:\/\/fjala.info\/2009-2015\/wp-content\/uploads\/2012\/02\/arben_cokaj-120x150.jpg","caption":"admin"},"description":"Admin, Fjala e Lir\u00eb","sameAs":["https:\/\/fjala.info\/"],"url":"https:\/\/fjala.info\/2009-2015\/author\/admin\/"}]}},"_links":{"self":[{"href":"https:\/\/fjala.info\/2009-2015\/wp-json\/wp\/v2\/posts\/2984","targetHints":{"allow":["GET"]}}],"collection":[{"href":"https:\/\/fjala.info\/2009-2015\/wp-json\/wp\/v2\/posts"}],"about":[{"href":"https:\/\/fjala.info\/2009-2015\/wp-json\/wp\/v2\/types\/post"}],"author":[{"embeddable":true,"href":"https:\/\/fjala.info\/2009-2015\/wp-json\/wp\/v2\/users\/1"}],"replies":[{"embeddable":true,"href":"https:\/\/fjala.info\/2009-2015\/wp-json\/wp\/v2\/comments?post=2984"}],"version-history":[{"count":0,"href":"https:\/\/fjala.info\/2009-2015\/wp-json\/wp\/v2\/posts\/2984\/revisions"}],"wp:attachment":[{"href":"https:\/\/fjala.info\/2009-2015\/wp-json\/wp\/v2\/media?parent=2984"}],"wp:term":[{"taxonomy":"category","embeddable":true,"href":"https:\/\/fjala.info\/2009-2015\/wp-json\/wp\/v2\/categories?post=2984"},{"taxonomy":"post_tag","embeddable":true,"href":"https:\/\/fjala.info\/2009-2015\/wp-json\/wp\/v2\/tags?post=2984"}],"curies":[{"name":"wp","href":"https:\/\/api.w.org\/{rel}","templated":true}]}}