{"id":2978,"date":"2010-06-14T07:43:54","date_gmt":"2010-06-14T06:43:54","guid":{"rendered":"http:\/\/fjala.shkoder.net\/?p=2978"},"modified":"2010-06-14T07:43:54","modified_gmt":"2010-06-14T06:43:54","slug":"fitorja-ne-prishtine-dhe-miti-mbi-kataklizmin","status":"publish","type":"post","link":"https:\/\/fjala.info\/2009-2015\/fitorja-ne-prishtine-dhe-miti-mbi-kataklizmin\/","title":{"rendered":"FITORJA N\u00cb PRISHTIN\u00cb DHE MITI MBI KATAKLIZMIN"},"content":{"rendered":"<p><strong>REFORMAT N\u00cb LDK<\/strong> (<strong>4<\/strong>)<\/p>\n<p><em>Po pse duhet t\u00eb krenohet LDK-ja me Prishtin\u00ebn, kur i ka humbur shumic\u00ebn absolute t\u00eb zonave me ndikim n\u00eb Kosov\u00eb?! Sigurisht te kryesia qendrore ndikon sindromi mitologjik i fitores s\u00eb Pirros, e njohur si miti mbi kataklizmin \u2013 p\u00ebrmbytjen e madhe. Por a do mund Pirrua yn\u00eb dr. Fatmir Sejdiu me kryesin\u00eb qendrore \u201cq\u00eb humbjen ta kthejn\u00eb n\u00eb fitore?!&#8230;\u201d, mbetet t\u00eb presim gjat\u00eb, aq gjat\u00eb sa dhe vet miti p\u00ebr fitoren e Pirros.<\/em><\/p>\n<p><img decoding=\"async\" style=\"margin-left: 10px; margin-right: 10px; border: 0px;\" src=\"http:\/\/www.shkoder.net\/images\/fjala\/dibrani.jpg\" border=\"0\" alt=\"Shefqet Dibrani\" width=\"150\" align=\"left\" \/><\/p>\n<p>Shkruan: <strong>Shefqet DIBRANI<\/strong><\/p>\n<p>Viteve t\u00eb fundit kryesia e LDK-s\u00eb ka b\u00ebr\u00eb arnime me element gjithfar\u00ebsh p\u00ebr t\u00eb krijuar imazhin e rrejsh\u00ebm t\u00eb rifreskimit me kuadro profesionale dhe personalitete publike t\u00eb njohura, por pa k\u00ebrkuar edhe besnik\u00ebrin\u00eb e tyre ndaj LDK-s\u00eb, norm\u00eb kjo q\u00eb duhet t\u00eb vlej p\u00ebr secil\u00ebn parti politike, ve\u00e7mas t\u00eb atyre q\u00eb p\u00ebrdorin nocionin \u201cdemokratike\u201d.<\/p>\n<p>P\u00ebrndryshe n\u00ebse kryesia qendrore e LDK-s\u00eb, nuk e ka kuptuar se elektorati i saj \u00ebsht\u00eb an\u00ebtar\u00ebsia e cila ia jep partis\u00eb besimin n\u00eb sa pal\u00eb zgjedhje q\u00eb detyrohet t\u00eb dal, at\u00ebher\u00eb po ia rikujtojm\u00eb edhe nj\u00eb her\u00eb se nj\u00eb verdikt t\u00eb till\u00eb LDK-s\u00eb elektorati i saj ia dha edhe n\u00eb zgjedhjet e fundit p\u00ebr pushtetin lokal, humbje kjo mjaft\u00eb e thell\u00eb dhe me p\u00ebrmasa shqet\u00ebsuese. Po a \u00ebsht\u00eb shqet\u00ebsuar kryesia qendrore dhe kryetari Sejdiu \u201cme postin e ngrim\u00eb\u201d, l\u00eb p\u00ebr t\u00eb shpresuar, pasi jo pak ata kan\u00eb deklaruar se LDK-ja edhe n\u00eb k\u00ebto zgjedhje ka pasur edhe m\u00eb shum\u00eb vota se n\u00eb zgjedhjet pararend\u00ebse, pavar\u00ebsisht se LDK-ja ishte e vetmja parti q\u00eb ka p\u00ebsuar k\u00ebt\u00eb disfat\u00eb politike.<\/p>\n<p>Por si mbules\u00eb mashtruese p\u00ebr veten e tyre dhe elektoratin e saj marrin Prishtin\u00ebn si nj\u00eb qend\u00ebr urbane dhe me ndikim n\u00eb gjith\u00eb Kosov\u00ebn, ku LDK-ja fitoi bindsh\u00ebm. LDK-ja po vazhdon avazin e mashtrimeve duke shkuar drejt humner\u00ebs s\u00eb pakthyeshme. Po n\u00eb t\u00eb v\u00ebrtet\u00eb kush i fitoi zgjedhjet n\u00eb Prishtin\u00eb, LDK-ja e cila b\u00ebri nj\u00eb fushat\u00eb t\u00eb suksesshme(?!), Isa Mustafa si kandidat i p\u00ebrshtatsh\u00ebm, apo kemi edhe nj\u00eb t\u00eb v\u00ebrteta p\u00ebr t\u00eb cil\u00ebn hezitohet t\u00eb flitet, po m\u00eb shum\u00eb t\u00eb pranohet si e v\u00ebrtet\u00eb.<\/p>\n<p>Prishtin\u00ebn nuk e ka fituar Isa Mustafa, sepse ky kandidat p\u00ebr elektoratin e LDK-s\u00eb dhe p\u00ebr popullin e Kosov\u00ebs n\u00eb p\u00ebrgjith\u00ebsi \u00ebsht\u00eb i njohur qysh nga ndryshimet Kushtetuese q\u00eb i ka pasur Kosova n\u00eb vitet e n\u00ebnt\u00ebdhjeta. Isa Mustafa \u00ebsht\u00eb kreatura m\u00eb monstruoze e LKJ, k\u00ebt\u00eb e di secili, ashtu si\u00e7 e di edhe ish asistenti i tij Fatmir Sejdiu i cili tashm\u00eb me pozit\u00ebn e \u201ceprorit\u201d e ka privilegjuar Isa Mustaf\u00ebn si ask\u00ebnd tjet\u00ebr m\u00eb mir\u00eb. Por \u201ckoha e ha kasht\u00ebn\u201d thot\u00eb nj\u00eb fjal\u00eb popullore, prandaj m\u00eb duket se Sejdiu po vepron si po do ai vet, duke shkelur t\u00eb gjitha parimet demokratike p\u00ebr t\u00eb cilat ai po rrihet m\u00eb s\u00eb shumti.<\/p>\n<p>P\u00ebr t\u00eb rehabilituar dhe p\u00ebr ta avancuar Isa Mustaf\u00ebn nuk \u00ebsht\u00eb dashur t\u00eb vendos as Kryetari i partis\u00eb Fatmir Sejdiu dhe as Kryesia Qendrore e LDK-s\u00eb. P\u00ebr d\u00ebmin kolosal q\u00eb u ka shkaktuar Deg\u00ebve t\u00eb LDK-s\u00eb n\u00eb Diaspor\u00eb ai \u00ebsht\u00eb dashur t\u00eb nd\u00ebshkohet e jo t\u00eb shp\u00ebrblehet si\u00e7 po b\u00ebn\u00eb Kryetari e Kryesia Qendrore. P\u00ebr Isa Mustaf\u00ebn duhet t\u00eb flasin Deg\u00ebt e LDK-s\u00eb n\u00eb Evrop\u00ebn Per\u00ebndimore, nga buxheti i t\u00eb cilave ai jetoi mir\u00eb dhe u kthye n\u00eb Prishtin\u00eb p\u00ebr t\u00eb b\u00ebr\u00eb pazare t\u00eb reja.<\/p>\n<p>\u00cbsht\u00eb pik\u00ebrisht ai Isa Mustafa q\u00eb kurr\u00eb nuk ka bashk\u00ebpunuar si duhet me Deg\u00ebt e LDK-s\u00eb, sidomos me ato n\u00eb Gjermani dhe Zvic\u00ebr. Ndoshta ka qen\u00eb kjo edhe k\u00ebrkes\u00eb e tij q\u00eb nga posti i lart\u00eb n\u00eb LDK edhe m\u00eb tej t\u00eb hakmerrej p\u00ebr pad\u00ebgjueshm\u00ebrin\u00eb e k\u00ebtyre deg\u00ebve, dhe ndoshta ishte ky shkaku q\u00eb kryetari i LDK-s\u00eb i shpartalloi deg\u00ebt e LDK-s\u00eb n\u00eb Evrop\u00eb t\u00eb cilat n\u00eb nj\u00eb koh\u00eb kan\u00eb qen\u00eb burimi i vet\u00ebm financiar p\u00ebr Kosov\u00ebn, po m\u00eb shum\u00eb p\u00ebr \u201cQeverin\u00eb Bukoshi\u201d dhe p\u00ebr LDK-n\u00eb.<\/p>\n<p>N\u00eb Prishtin\u00eb Isa Mustafa nuk ka fituar si kandidat i mir\u00eb e as demokrat. N\u00eb Prishtin\u00eb ka fituar vet\u00ebdija qytetare e prishtinasve, e cila edhe nj\u00eb her\u00eb refuzoi politik\u00ebn e mentalitetit provincial t\u00eb zonave rurale. Politik\u00ebn komuniste dhe t\u00eb diktatit. Prishtinasit nuk durojn\u00eb skema t\u00eb urrejtjes, t\u00eb banalitetit dhe t\u00eb k\u00ebrc\u00ebnimeve. Ata, (pra prishtinasit) nuk ia dhan\u00eb vot\u00ebn e tyre, atyre q\u00eb duke pastruar b\u00ebrllok qelbnin qytetin.<\/p>\n<p>Thjesht prishtinasit nuk ua dhan\u00eb vot\u00ebn atyre q\u00eb sillnin skema skandaloze p\u00ebr nj\u00eb fushat\u00eb zgjedhore dhe u p\u00ebrcaktuan jo p\u00ebr Isa Mustaf\u00ebn, e as p\u00ebr Kryesin\u00eb Qendrore t\u00eb LDK-s\u00eb, ata kishin idealin e tyre p\u00ebr nj\u00eb kryeqytet modern dhe tolerant. Po pse duhet t\u00eb krenohet LDK-ja me Prishtin\u00ebn, kur i ka humbur shumic\u00ebn absolute t\u00eb zonave me ndikim n\u00eb Kosov\u00eb?! Sigurisht te kryesia qendrore ndikon sindromi mitologjik i fitores s\u00eb Pirros, e njohur si miti mbi kataklizmin \u2013 p\u00ebrmbytjen e madhe. Por a do mund Pirrua yn\u00eb dr. Fatmir Sejdiu me kryesin\u00eb qendrore \u201cq\u00eb humbjen ta kthejn\u00eb n\u00eb fitore?!&#8230;\u201d, mbetet t\u00eb presim gjat\u00eb, aq gjat\u00eb sa dhe vet miti p\u00ebr fitoren e Pirros.<\/p>\n<p>Qytetari i Prishtin\u00ebs duhet t\u00eb krenohet se ka nj\u00eb shpirt demokratik, ka nj\u00eb kultur\u00eb urbane dhe doli fitimtar, jo p\u00ebr ta b\u00ebr\u00eb Isa Mustaf\u00ebn kryetar t\u00eb Prishtin\u00ebs, por i mbet\u00ebn besnik konceptit t\u00eb paqes, durimit dhe urt\u00ebsis\u00eb q\u00eb ua kishte predikuar \u00e7do t\u00eb premteje Ibrahim Rugova p\u00ebr t\u00eb cilin nuk punoi gj\u00eb Isa Mustafa. P\u00ebrkundrazi vet\u00ebm sa e shantazhonte dhe e pengonte n\u00eb misionin e tij t\u00eb shenjt\u00eb. N\u00eb Prishtin\u00eb m\u00eb shum\u00eb fitoi rrezatimi i pllak\u00ebs s\u00eb mermerit te varri i Presidentit Rugova se sa koka tullace e dr.Isa Mustaf\u00ebs.<\/p>\n<p>T\u00eb mos m\u00eb hidh\u00ebrohet Isai p\u00ebr k\u00ebt\u00eb sarkaz\u00ebm cinike, por ai duhet ta din se elektorati i LDK-s\u00eb dhe prishtinasit e din\u00eb fort mir\u00eb kush e ka l\u00ebn\u00eb \u201cEngj\u00ebllin e Kosov\u00ebs\u201d, \u201cPresidentin e saj Historik\u201d, pra Dr. Ibrahim Rugov\u00ebn pa para n\u00eb aeroportet e Evrop\u00ebs, ve\u00e7mas n\u00eb at\u00eb t\u00eb Cyrihut, kur Dr. Rugova udh\u00ebtonte p\u00ebr n\u00eb Amerik\u00eb, te miqt\u00eb dhe te aleat\u00ebt e Kosov\u00ebs. Populli i Prishtin\u00ebs dhe sidomos Dega e LDK-s\u00eb n\u00eb Zvic\u00ebr e ka hequr t\u00eb zit\u00eb e ullirit nga shantazhet e Isa Mustaf\u00ebs, duke grumbulluar para p\u00ebr ta p\u00ebrcjell\u00eb Dr. Rugov\u00ebn n\u00eb Amerik\u00eb, n\u00eb koh\u00ebn kur dr. Isa Mustafa kridhej me Bujar Bukoshin hoteleve luksoze t\u00eb Evrop\u00ebs.<\/p>\n<p>Elektorati i Prishtin\u00ebs dhe populli i Kosov\u00ebs e din fort mir\u00eb kush e ka l\u00ebn\u00eb Qendr\u00ebn p\u00ebr Informim t\u00eb Kosov\u00ebs (QIK), pa buxhet, pa rrym\u00eb, pa sh\u00ebrbime telefonike. Pra at\u00ebher\u00eb, dhe n\u00eb at\u00eb koh\u00eb kur kjo qend\u00ebr informative ishte b\u00ebr\u00eb burimi informativ m\u00eb i besuar p\u00ebr t\u00eb v\u00ebrtet\u00ebn e Kosov\u00ebs. Ishte QIK-u dhe Enver Maloku q\u00eb m\u00eb s\u00eb shumti demaskoi dhun\u00ebn dhe krimin serb n\u00eb Kosov\u00eb, kurse Isa Mustafa me dr. Bujar Bukoshin sabotonin dhe pengonin pun\u00ebn e saj.<\/p>\n<p>Tani pik\u00ebrisht k\u00ebta dy persona shp\u00ebrblehen me poste dhe avancohen n\u00eb pozitat e larta brenda LDK-s\u00eb n\u00eb nj\u00ebr\u00ebn an\u00eb, dhe n\u00eb an\u00ebn tjet\u00ebr jan\u00eb pik\u00ebrisht po k\u00ebto dy kreatura q\u00eb k\u00ebrkojn\u00eb rishqyrtimin e pozit\u00ebs s\u00eb LDK-s\u00eb me koalicionin qeveris\u00ebs PDK-n\u00eb. Thjesht pozita e tyre udh\u00ebheq\u00ebse krejt\u00ebsisht varet nga krizat q\u00eb mund t\u00eb ket\u00eb LDK-ja dhe Kosova n\u00eb p\u00ebrgjith\u00ebsi, ashtu si\u00e7 pat\u00ebn jetuar duke b\u00ebr\u00eb gallat\u00eb me popullin e Kosov\u00ebs, dhe qe besa edhe me Hashim Tha\u00e7in gjat\u00eb koh\u00ebs s\u00eb luft\u00ebs n\u00eb vitet \u201998 \u2013 \u201999.<\/p>\n<p>Isa Mustafa e din vet se si e ka financuar luft\u00ebn dhe me k\u00ebnd ka koketuar m\u00eb shum\u00eb, ashtu si\u00e7 mund ta dij\u00eb fare mir\u00eb edhe p\u00ebr shum\u00eb e shum\u00eb shantazhe t\u00eb tjera q\u00eb ia ka b\u00ebr\u00eb LDK-s\u00eb dhe Kosov\u00ebs n\u00eb p\u00ebrgjith\u00ebsi. Thirrja e tij duhet t\u00eb shikohet nga ky priz\u00ebm jo ashtu si\u00e7 po i jep rend\u00ebsi shtypi dhe televizioni n\u00eb Kosov\u00eb.<\/p>\n<p>Po k\u00ebto gj\u00ebra jan\u00eb t\u00eb ditura, madje i ka ditur edhe dr. Fatmir Sejdiu dhe padyshim edhe kryesia qendrore e LDK-s\u00eb. Po p\u00ebr \u00e7far\u00eb interesash klanore e rehabilituan kaq shpejt Isa Mustaf\u00ebn, madje pse e privilegjuan k\u00ebshtu, mbetet p\u00ebr t\u2019u diskutuar (n\u00ebse l\u00ebn\u00eb t\u00eb diskutohet?!), n\u00eb K\u00ebshillin e P\u00ebrgjithsh\u00ebm t\u00eb k\u00ebsaj partie q\u00eb flitet se do t\u00eb mbahet, e ve\u00e7mas duhet t\u00eb diskutohet n\u00eb Kuvendin Zgjedhor, i cili po ashtu duhet t\u00eb mbahet sivjet.<\/p>\n<p>E.Mail: shefqet.dibrani@bluewin.ch<\/p>\n<p><em>Zvic\u00ebr, 30 maj 2010<\/em>.<\/p>\n<p>*<em>Autori, \u00ebsht\u00eb an\u00ebtar\u00eb i LDK-s\u00eb q\u00eb nga viti 1989, p\u00ebr vite t\u00eb t\u00ebra ishte an\u00ebtar i kryesis\u00eb s\u00eb Deg\u00ebs s\u00eb LDK-s\u00eb n\u00eb Zvic\u00ebr dhe i N\u00ebndeg\u00ebs n\u00eb Kantonin St. Gallen, ku ai jeton. Po ashtu autori i shkrimit ishte delegat n\u00eb dy Kuvendet e LDK \u2013s\u00eb n\u00eb Prishtin\u00eb t\u00eb mbajtura n\u00eb vitet 1994 dhe 1998, autor i dhjet\u00eb librave t\u00eb publikuar dhe analist politik n\u00eb koh\u00ebt m\u00eb t\u00eb v\u00ebshtira q\u00eb kalonte LDK-ja, duke u b\u00ebr\u00eb z\u00ebri m\u00eb autentik i saj.<\/em><\/p>\n","protected":false},"excerpt":{"rendered":"<p>REFORMAT N\u00cb LDK (4) Po pse duhet t\u00eb krenohet LDK-ja me Prishtin\u00ebn, kur i ka humbur shumic\u00ebn absolute t\u00eb zonave me ndikim n\u00eb Kosov\u00eb?! Sigurisht te kryesia qendrore ndikon sindromi mitologjik i fitores s\u00eb Pirros, e njohur si miti mbi kataklizmin \u2013 p\u00ebrmbytjen e madhe. Por a do mund Pirrua yn\u00eb dr. Fatmir Sejdiu me [&hellip;]<\/p>\n","protected":false},"author":1,"featured_media":0,"comment_status":"open","ping_status":"closed","sticky":false,"template":"","format":"standard","meta":{"footnotes":""},"categories":[2],"tags":[],"class_list":{"0":"post-2978","1":"post","2":"type-post","3":"status-publish","4":"format-standard","6":"category-artikuj"},"yoast_head":"<!-- This site is optimized with the Yoast SEO plugin v27.4 - https:\/\/yoast.com\/product\/yoast-seo-wordpress\/ -->\n<title>FITORJA N\u00cb PRISHTIN\u00cb DHE MITI MBI KATAKLIZMIN - FjALA e LIR\u00cb - Arkivi<\/title>\n<meta name=\"robots\" content=\"index, follow, max-snippet:-1, max-image-preview:large, max-video-preview:-1\" \/>\n<link rel=\"canonical\" href=\"https:\/\/fjala.info\/2009-2015\/fitorja-ne-prishtine-dhe-miti-mbi-kataklizmin\/\" \/>\n<meta property=\"og:locale\" content=\"sq_AL\" \/>\n<meta property=\"og:type\" content=\"article\" \/>\n<meta property=\"og:title\" content=\"FITORJA N\u00cb PRISHTIN\u00cb DHE MITI MBI KATAKLIZMIN - FjALA e LIR\u00cb - Arkivi\" \/>\n<meta property=\"og:description\" content=\"REFORMAT N\u00cb LDK (4) Po pse duhet t\u00eb krenohet LDK-ja me Prishtin\u00ebn, kur i ka humbur shumic\u00ebn absolute t\u00eb zonave me ndikim n\u00eb Kosov\u00eb?! Sigurisht te kryesia qendrore ndikon sindromi mitologjik i fitores s\u00eb Pirros, e njohur si miti mbi kataklizmin \u2013 p\u00ebrmbytjen e madhe. Por a do mund Pirrua yn\u00eb dr. Fatmir Sejdiu me [&hellip;]\" \/>\n<meta property=\"og:url\" content=\"https:\/\/fjala.info\/2009-2015\/fitorja-ne-prishtine-dhe-miti-mbi-kataklizmin\/\" \/>\n<meta property=\"og:site_name\" content=\"FjALA e LIR\u00cb - Arkivi\" \/>\n<meta property=\"article:published_time\" content=\"2010-06-14T06:43:54+00:00\" \/>\n<meta property=\"og:image\" content=\"http:\/\/www.shkoder.net\/images\/fjala\/dibrani.jpg\" \/>\n<meta name=\"author\" content=\"admin\" \/>\n<meta name=\"twitter:card\" content=\"summary_large_image\" \/>\n<meta name=\"twitter:label1\" content=\"Written by\" \/>\n\t<meta name=\"twitter:data1\" content=\"admin\" \/>\n\t<meta name=\"twitter:label2\" content=\"Est. reading time\" \/>\n\t<meta name=\"twitter:data2\" content=\"8 minutes\" \/>\n<script type=\"application\/ld+json\" class=\"yoast-schema-graph\">{\"@context\":\"https:\\\/\\\/schema.org\",\"@graph\":[{\"@type\":\"Article\",\"@id\":\"https:\\\/\\\/fjala.info\\\/2009-2015\\\/fitorja-ne-prishtine-dhe-miti-mbi-kataklizmin\\\/#article\",\"isPartOf\":{\"@id\":\"https:\\\/\\\/fjala.info\\\/2009-2015\\\/fitorja-ne-prishtine-dhe-miti-mbi-kataklizmin\\\/\"},\"author\":{\"name\":\"admin\",\"@id\":\"https:\\\/\\\/fjala.info\\\/2009-2015\\\/#\\\/schema\\\/person\\\/3aa1163ef05469c496fc94e77611ada2\"},\"headline\":\"FITORJA N\u00cb PRISHTIN\u00cb DHE MITI MBI KATAKLIZMIN\",\"datePublished\":\"2010-06-14T06:43:54+00:00\",\"mainEntityOfPage\":{\"@id\":\"https:\\\/\\\/fjala.info\\\/2009-2015\\\/fitorja-ne-prishtine-dhe-miti-mbi-kataklizmin\\\/\"},\"wordCount\":1604,\"commentCount\":0,\"publisher\":{\"@id\":\"https:\\\/\\\/fjala.info\\\/2009-2015\\\/#organization\"},\"image\":{\"@id\":\"https:\\\/\\\/fjala.info\\\/2009-2015\\\/fitorja-ne-prishtine-dhe-miti-mbi-kataklizmin\\\/#primaryimage\"},\"thumbnailUrl\":\"http:\\\/\\\/www.shkoder.net\\\/images\\\/fjala\\\/dibrani.jpg\",\"articleSection\":[\"Artikuj\"],\"inLanguage\":\"sq-AL\",\"potentialAction\":[{\"@type\":\"CommentAction\",\"name\":\"Comment\",\"target\":[\"https:\\\/\\\/fjala.info\\\/2009-2015\\\/fitorja-ne-prishtine-dhe-miti-mbi-kataklizmin\\\/#respond\"]}]},{\"@type\":\"WebPage\",\"@id\":\"https:\\\/\\\/fjala.info\\\/2009-2015\\\/fitorja-ne-prishtine-dhe-miti-mbi-kataklizmin\\\/\",\"url\":\"https:\\\/\\\/fjala.info\\\/2009-2015\\\/fitorja-ne-prishtine-dhe-miti-mbi-kataklizmin\\\/\",\"name\":\"FITORJA N\u00cb PRISHTIN\u00cb DHE MITI MBI KATAKLIZMIN - FjALA e LIR\u00cb - Arkivi\",\"isPartOf\":{\"@id\":\"https:\\\/\\\/fjala.info\\\/2009-2015\\\/#website\"},\"primaryImageOfPage\":{\"@id\":\"https:\\\/\\\/fjala.info\\\/2009-2015\\\/fitorja-ne-prishtine-dhe-miti-mbi-kataklizmin\\\/#primaryimage\"},\"image\":{\"@id\":\"https:\\\/\\\/fjala.info\\\/2009-2015\\\/fitorja-ne-prishtine-dhe-miti-mbi-kataklizmin\\\/#primaryimage\"},\"thumbnailUrl\":\"http:\\\/\\\/www.shkoder.net\\\/images\\\/fjala\\\/dibrani.jpg\",\"datePublished\":\"2010-06-14T06:43:54+00:00\",\"breadcrumb\":{\"@id\":\"https:\\\/\\\/fjala.info\\\/2009-2015\\\/fitorja-ne-prishtine-dhe-miti-mbi-kataklizmin\\\/#breadcrumb\"},\"inLanguage\":\"sq-AL\",\"potentialAction\":[{\"@type\":\"ReadAction\",\"target\":[\"https:\\\/\\\/fjala.info\\\/2009-2015\\\/fitorja-ne-prishtine-dhe-miti-mbi-kataklizmin\\\/\"]}]},{\"@type\":\"ImageObject\",\"inLanguage\":\"sq-AL\",\"@id\":\"https:\\\/\\\/fjala.info\\\/2009-2015\\\/fitorja-ne-prishtine-dhe-miti-mbi-kataklizmin\\\/#primaryimage\",\"url\":\"http:\\\/\\\/www.shkoder.net\\\/images\\\/fjala\\\/dibrani.jpg\",\"contentUrl\":\"http:\\\/\\\/www.shkoder.net\\\/images\\\/fjala\\\/dibrani.jpg\"},{\"@type\":\"BreadcrumbList\",\"@id\":\"https:\\\/\\\/fjala.info\\\/2009-2015\\\/fitorja-ne-prishtine-dhe-miti-mbi-kataklizmin\\\/#breadcrumb\",\"itemListElement\":[{\"@type\":\"ListItem\",\"position\":1,\"name\":\"Home\",\"item\":\"https:\\\/\\\/fjala.info\\\/2009-2015\\\/\"},{\"@type\":\"ListItem\",\"position\":2,\"name\":\"FITORJA N\u00cb PRISHTIN\u00cb DHE MITI MBI KATAKLIZMIN\"}]},{\"@type\":\"WebSite\",\"@id\":\"https:\\\/\\\/fjala.info\\\/2009-2015\\\/#website\",\"url\":\"https:\\\/\\\/fjala.info\\\/2009-2015\\\/\",\"name\":\"FjALA e LIR\u00cb - Arkivi\",\"description\":\"Arkivi 2009-2015\",\"publisher\":{\"@id\":\"https:\\\/\\\/fjala.info\\\/2009-2015\\\/#organization\"},\"potentialAction\":[{\"@type\":\"SearchAction\",\"target\":{\"@type\":\"EntryPoint\",\"urlTemplate\":\"https:\\\/\\\/fjala.info\\\/2009-2015\\\/?s={search_term_string}\"},\"query-input\":{\"@type\":\"PropertyValueSpecification\",\"valueRequired\":true,\"valueName\":\"search_term_string\"}}],\"inLanguage\":\"sq-AL\"},{\"@type\":\"Organization\",\"@id\":\"https:\\\/\\\/fjala.info\\\/2009-2015\\\/#organization\",\"name\":\"FjALA e LIR\u00cb - Arkivi\",\"url\":\"https:\\\/\\\/fjala.info\\\/2009-2015\\\/\",\"logo\":{\"@type\":\"ImageObject\",\"inLanguage\":\"sq-AL\",\"@id\":\"https:\\\/\\\/fjala.info\\\/2009-2015\\\/#\\\/schema\\\/logo\\\/image\\\/\",\"url\":\"\",\"contentUrl\":\"\",\"caption\":\"FjALA e LIR\u00cb - Arkivi\"},\"image\":{\"@id\":\"https:\\\/\\\/fjala.info\\\/2009-2015\\\/#\\\/schema\\\/logo\\\/image\\\/\"}},{\"@type\":\"Person\",\"@id\":\"https:\\\/\\\/fjala.info\\\/2009-2015\\\/#\\\/schema\\\/person\\\/3aa1163ef05469c496fc94e77611ada2\",\"name\":\"admin\",\"image\":{\"@type\":\"ImageObject\",\"inLanguage\":\"sq-AL\",\"@id\":\"https:\\\/\\\/fjala.info\\\/2009-2015\\\/wp-content\\\/uploads\\\/2012\\\/02\\\/arben_cokaj-120x150.jpg\",\"url\":\"https:\\\/\\\/fjala.info\\\/2009-2015\\\/wp-content\\\/uploads\\\/2012\\\/02\\\/arben_cokaj-120x150.jpg\",\"contentUrl\":\"https:\\\/\\\/fjala.info\\\/2009-2015\\\/wp-content\\\/uploads\\\/2012\\\/02\\\/arben_cokaj-120x150.jpg\",\"caption\":\"admin\"},\"description\":\"Admin, Fjala e Lir\u00eb\",\"sameAs\":[\"https:\\\/\\\/fjala.info\\\/\"],\"url\":\"https:\\\/\\\/fjala.info\\\/2009-2015\\\/author\\\/admin\\\/\"}]}<\/script>\n<!-- \/ Yoast SEO plugin. -->","yoast_head_json":{"title":"FITORJA N\u00cb PRISHTIN\u00cb DHE MITI MBI KATAKLIZMIN - FjALA e LIR\u00cb - Arkivi","robots":{"index":"index","follow":"follow","max-snippet":"max-snippet:-1","max-image-preview":"max-image-preview:large","max-video-preview":"max-video-preview:-1"},"canonical":"https:\/\/fjala.info\/2009-2015\/fitorja-ne-prishtine-dhe-miti-mbi-kataklizmin\/","og_locale":"sq_AL","og_type":"article","og_title":"FITORJA N\u00cb PRISHTIN\u00cb DHE MITI MBI KATAKLIZMIN - FjALA e LIR\u00cb - Arkivi","og_description":"REFORMAT N\u00cb LDK (4) Po pse duhet t\u00eb krenohet LDK-ja me Prishtin\u00ebn, kur i ka humbur shumic\u00ebn absolute t\u00eb zonave me ndikim n\u00eb Kosov\u00eb?! Sigurisht te kryesia qendrore ndikon sindromi mitologjik i fitores s\u00eb Pirros, e njohur si miti mbi kataklizmin \u2013 p\u00ebrmbytjen e madhe. Por a do mund Pirrua yn\u00eb dr. Fatmir Sejdiu me [&hellip;]","og_url":"https:\/\/fjala.info\/2009-2015\/fitorja-ne-prishtine-dhe-miti-mbi-kataklizmin\/","og_site_name":"FjALA e LIR\u00cb - Arkivi","article_published_time":"2010-06-14T06:43:54+00:00","og_image":[{"url":"http:\/\/www.shkoder.net\/images\/fjala\/dibrani.jpg","type":"","width":"","height":""}],"author":"admin","twitter_card":"summary_large_image","twitter_misc":{"Written by":"admin","Est. reading time":"8 minutes"},"schema":{"@context":"https:\/\/schema.org","@graph":[{"@type":"Article","@id":"https:\/\/fjala.info\/2009-2015\/fitorja-ne-prishtine-dhe-miti-mbi-kataklizmin\/#article","isPartOf":{"@id":"https:\/\/fjala.info\/2009-2015\/fitorja-ne-prishtine-dhe-miti-mbi-kataklizmin\/"},"author":{"name":"admin","@id":"https:\/\/fjala.info\/2009-2015\/#\/schema\/person\/3aa1163ef05469c496fc94e77611ada2"},"headline":"FITORJA N\u00cb PRISHTIN\u00cb DHE MITI MBI KATAKLIZMIN","datePublished":"2010-06-14T06:43:54+00:00","mainEntityOfPage":{"@id":"https:\/\/fjala.info\/2009-2015\/fitorja-ne-prishtine-dhe-miti-mbi-kataklizmin\/"},"wordCount":1604,"commentCount":0,"publisher":{"@id":"https:\/\/fjala.info\/2009-2015\/#organization"},"image":{"@id":"https:\/\/fjala.info\/2009-2015\/fitorja-ne-prishtine-dhe-miti-mbi-kataklizmin\/#primaryimage"},"thumbnailUrl":"http:\/\/www.shkoder.net\/images\/fjala\/dibrani.jpg","articleSection":["Artikuj"],"inLanguage":"sq-AL","potentialAction":[{"@type":"CommentAction","name":"Comment","target":["https:\/\/fjala.info\/2009-2015\/fitorja-ne-prishtine-dhe-miti-mbi-kataklizmin\/#respond"]}]},{"@type":"WebPage","@id":"https:\/\/fjala.info\/2009-2015\/fitorja-ne-prishtine-dhe-miti-mbi-kataklizmin\/","url":"https:\/\/fjala.info\/2009-2015\/fitorja-ne-prishtine-dhe-miti-mbi-kataklizmin\/","name":"FITORJA N\u00cb PRISHTIN\u00cb DHE MITI MBI KATAKLIZMIN - FjALA e LIR\u00cb - Arkivi","isPartOf":{"@id":"https:\/\/fjala.info\/2009-2015\/#website"},"primaryImageOfPage":{"@id":"https:\/\/fjala.info\/2009-2015\/fitorja-ne-prishtine-dhe-miti-mbi-kataklizmin\/#primaryimage"},"image":{"@id":"https:\/\/fjala.info\/2009-2015\/fitorja-ne-prishtine-dhe-miti-mbi-kataklizmin\/#primaryimage"},"thumbnailUrl":"http:\/\/www.shkoder.net\/images\/fjala\/dibrani.jpg","datePublished":"2010-06-14T06:43:54+00:00","breadcrumb":{"@id":"https:\/\/fjala.info\/2009-2015\/fitorja-ne-prishtine-dhe-miti-mbi-kataklizmin\/#breadcrumb"},"inLanguage":"sq-AL","potentialAction":[{"@type":"ReadAction","target":["https:\/\/fjala.info\/2009-2015\/fitorja-ne-prishtine-dhe-miti-mbi-kataklizmin\/"]}]},{"@type":"ImageObject","inLanguage":"sq-AL","@id":"https:\/\/fjala.info\/2009-2015\/fitorja-ne-prishtine-dhe-miti-mbi-kataklizmin\/#primaryimage","url":"http:\/\/www.shkoder.net\/images\/fjala\/dibrani.jpg","contentUrl":"http:\/\/www.shkoder.net\/images\/fjala\/dibrani.jpg"},{"@type":"BreadcrumbList","@id":"https:\/\/fjala.info\/2009-2015\/fitorja-ne-prishtine-dhe-miti-mbi-kataklizmin\/#breadcrumb","itemListElement":[{"@type":"ListItem","position":1,"name":"Home","item":"https:\/\/fjala.info\/2009-2015\/"},{"@type":"ListItem","position":2,"name":"FITORJA N\u00cb PRISHTIN\u00cb DHE MITI MBI KATAKLIZMIN"}]},{"@type":"WebSite","@id":"https:\/\/fjala.info\/2009-2015\/#website","url":"https:\/\/fjala.info\/2009-2015\/","name":"FjALA e LIR\u00cb - Arkivi","description":"Arkivi 2009-2015","publisher":{"@id":"https:\/\/fjala.info\/2009-2015\/#organization"},"potentialAction":[{"@type":"SearchAction","target":{"@type":"EntryPoint","urlTemplate":"https:\/\/fjala.info\/2009-2015\/?s={search_term_string}"},"query-input":{"@type":"PropertyValueSpecification","valueRequired":true,"valueName":"search_term_string"}}],"inLanguage":"sq-AL"},{"@type":"Organization","@id":"https:\/\/fjala.info\/2009-2015\/#organization","name":"FjALA e LIR\u00cb - Arkivi","url":"https:\/\/fjala.info\/2009-2015\/","logo":{"@type":"ImageObject","inLanguage":"sq-AL","@id":"https:\/\/fjala.info\/2009-2015\/#\/schema\/logo\/image\/","url":"","contentUrl":"","caption":"FjALA e LIR\u00cb - Arkivi"},"image":{"@id":"https:\/\/fjala.info\/2009-2015\/#\/schema\/logo\/image\/"}},{"@type":"Person","@id":"https:\/\/fjala.info\/2009-2015\/#\/schema\/person\/3aa1163ef05469c496fc94e77611ada2","name":"admin","image":{"@type":"ImageObject","inLanguage":"sq-AL","@id":"https:\/\/fjala.info\/2009-2015\/wp-content\/uploads\/2012\/02\/arben_cokaj-120x150.jpg","url":"https:\/\/fjala.info\/2009-2015\/wp-content\/uploads\/2012\/02\/arben_cokaj-120x150.jpg","contentUrl":"https:\/\/fjala.info\/2009-2015\/wp-content\/uploads\/2012\/02\/arben_cokaj-120x150.jpg","caption":"admin"},"description":"Admin, Fjala e Lir\u00eb","sameAs":["https:\/\/fjala.info\/"],"url":"https:\/\/fjala.info\/2009-2015\/author\/admin\/"}]}},"_links":{"self":[{"href":"https:\/\/fjala.info\/2009-2015\/wp-json\/wp\/v2\/posts\/2978","targetHints":{"allow":["GET"]}}],"collection":[{"href":"https:\/\/fjala.info\/2009-2015\/wp-json\/wp\/v2\/posts"}],"about":[{"href":"https:\/\/fjala.info\/2009-2015\/wp-json\/wp\/v2\/types\/post"}],"author":[{"embeddable":true,"href":"https:\/\/fjala.info\/2009-2015\/wp-json\/wp\/v2\/users\/1"}],"replies":[{"embeddable":true,"href":"https:\/\/fjala.info\/2009-2015\/wp-json\/wp\/v2\/comments?post=2978"}],"version-history":[{"count":0,"href":"https:\/\/fjala.info\/2009-2015\/wp-json\/wp\/v2\/posts\/2978\/revisions"}],"wp:attachment":[{"href":"https:\/\/fjala.info\/2009-2015\/wp-json\/wp\/v2\/media?parent=2978"}],"wp:term":[{"taxonomy":"category","embeddable":true,"href":"https:\/\/fjala.info\/2009-2015\/wp-json\/wp\/v2\/categories?post=2978"},{"taxonomy":"post_tag","embeddable":true,"href":"https:\/\/fjala.info\/2009-2015\/wp-json\/wp\/v2\/tags?post=2978"}],"curies":[{"name":"wp","href":"https:\/\/api.w.org\/{rel}","templated":true}]}}