{"id":2970,"date":"2012-05-26T08:01:40","date_gmt":"2012-05-26T07:01:40","guid":{"rendered":"http:\/\/www.fjala.info\/?p=2970"},"modified":"2012-05-26T08:01:40","modified_gmt":"2012-05-26T07:01:40","slug":"shoqata-sofra-shqiptare-nga-milano-ne-marche-te-italise","status":"publish","type":"post","link":"https:\/\/fjala.info\/2009-2015\/shoqata-sofra-shqiptare-nga-milano-ne-marche-te-italise\/","title":{"rendered":"Shoqata \u201cSofra Shqiptare\u201d nga Milano n\u00eb Marche t\u00eb Italis\u00eb"},"content":{"rendered":"<p><img decoding=\"async\" class=\"alignright size-thumbnail wp-image-7236\" title=\"Dr. Zef Mulaj\" src=\"http:\/\/www.shkoder.net\/images\/fjala\/2011\/zef_mulaj2.jpg\" alt=\"\" width=\"150\" \/> <em>REPORTAZH<\/em><\/p>\n<p>Nga <strong>Dr. Zef Mulaj<\/strong><\/p>\n<p>Dita e shtun\u00eb, ishte nj\u00eb dit\u00eb jo e zakon\u00ebshme p\u00ebr qytetin Loreto n\u00eb Marche t\u00eb Italis\u00eb. Shoqata \u201cSofra Shqiptare\u201d dhe \u201cDardania\u201d, tashm\u00eb jan\u00eb t\u00eb njohura n\u00eb gjith\u00eb Italin\u00eb dhe jasht\u00eb saj p\u00ebr aktivitetet e shumta q\u00eb b\u00ebjn\u00eb. Makinat ishin t\u00eb mbuluara me flamurin shqiptar n\u00ebp\u00ebr rrug\u00eb drejt Ankon\u00ebs s\u00eb larg\u00ebt, nga Milano mbi 500 kilomet\u00ebr.<\/p>\n<p>Ato kishin udh\u00ebtuar nat\u00ebn me grupin artistik, veshur me kostumet komb\u00ebtare bashk\u00eb me orkestr\u00ebn. I shoq\u00ebronte presidenti i shoqat\u00ebs \u201cSofra Shqiptare\u201d Ndue Qokaj, dhe i shaqat\u00ebs \u201cDardania\u201d, Kastriot Pjeternikaj si dhe presidenti i Unionit t\u00eb shoqatave shqiptare n\u00eb Itali, z. Paulin Kolndreja.<\/p>\n<p><img decoding=\"async\" class=\"aligncenter size-thumbnail wp-image-7236\" title=\"Shqiptar\u00ebt n\u00eb March\u00e9\" src=\"http:\/\/www.fjala.info\/2012\/marche_shqiptaret.jpg\" alt=\"\" width=\"300\" \/><\/p>\n<p><img decoding=\"async\" class=\"aligncenter size-thumbnail wp-image-7236\" title=\"Qyteti Loreto\" src=\"http:\/\/www.fjala.info\/2012\/qyteti_loreto.jpg\" alt=\"\" width=\"450\" \/><\/p>\n<p style=\"text-align: center;\"><em>Qyteti LORETO <\/em><\/p>\n<p>Kjo e shtun\u00eb nuk ishte e zakonshme p\u00ebr qytetar\u00ebt e qytetit Loreto, ku muzika dhe k\u00ebnget ndiheshin n\u00eb gjith\u00eb qytetin. Ishte i ftuar dhe k\u00ebngtari tashm\u00eb shum\u00eb i njohur dhe miku i diaspor\u00ebs shqiptare Bardhok Prebibaj. K\u00ebnga dhe vallja i bashkoj shqiptar\u00ebt dhe p\u00ebr disa or\u00eb e soll\u00ebn t\u00eb gjith\u00eb Shqip\u00ebrin\u00eb n\u00eb Itali duke filluar q\u00eb nga majet e alpeve Tropoja, nga bregdeti e deri n\u00eb jugun e Shqip\u00ebris\u00eb, Kosov\u00ebs dhe shqiptar\u00eb t\u00eb t\u00eb gjitha trojeve q\u00eb jetojn\u00eb n\u00eb k\u00ebt\u00eb regjonn. Ishte nj\u00eb dit\u00eb e mrekullueshme, emocionuese plot g\u00ebzim dhe hare. Edhe f\u00ebmij\u00ebt k\u00ebrcenin duke kopjuar menj\u00ebhere vallen e shqiptar\u00ebv\u00eb, t\u00eb mbushura me emocione dhe shpres\u00eb.<\/p>\n<p style=\"text-align: center;\"><img decoding=\"async\" class=\"aligncenter size-thumbnail wp-image-7236\" title=\"Valltar\u00ebt e rinj\" src=\"http:\/\/www.fjala.info\/2012\/valltaret_e_rinj.jpg\" alt=\"\" width=\"450\" \/><em>Valltar\u00ebt e rinj<\/em><\/p>\n<p style=\"text-align: center;\"><img decoding=\"async\" class=\"aligncenter size-thumbnail wp-image-7236\" title=\"Valltar\u00ebt e rinj\" src=\"http:\/\/www.fjala.info\/2012\/kengetare.jpg\" alt=\"\" width=\"450\" \/><em>K\u00ebng\u00ebtar\u00ebt<\/em><\/p>\n<p>Nuk kemi shum\u00eb fjal\u00eb p\u00ebr t\u00eb th\u00ebn\u00eb p\u00ebr k\u00ebt\u00eb shoqat\u00eb dhe presidentin e saj Qokaj, mjaft t\u00eb njohur n\u00eb diaspor\u00eb e Italis\u00eb dhe jasht\u00eb saj. Shoqata \u201cSofra Shqiptare\u201d repektohet dhe nderohet nga shqiptar\u00ebt, por edhe nga qytetar\u00ebt e vendas italian\u00eb. N\u00eb qytetin Loreto, sa bukur k\u00ebta djem t\u00eb rinj q\u00eb po rriten brenda qytetrimit Europian, nuk harroj\u00eb aspak origjin\u00eb e tyre, por p\u00ebrcjellin kultur\u00eb e tyre n\u00eb Europ\u00ebn e madhe t\u00eb bashkuar. Ja pra k\u00ebta sjellin imazhin e kultur\u00ebs shqiptare ,dhe tregojn\u00eb v\u00ebrtet\u00eb origin\u00eb e tyre dhe \u00ebndrr\u00ebn p\u00ebr ta par\u00eb sa m\u00eb shpejt kombin e tyre n\u00eb kombin e madh t\u00eb Europ\u00ebs.<\/p>\n<p style=\"text-align: center;\"><img decoding=\"async\" class=\"aligncenter size-thumbnail wp-image-7236\" title=\"Ndue Qokaj\" src=\"http:\/\/www.fjala.info\/2012\/ndue_qokaj.jpg\" alt=\"\" width=\"450\" \/><em>Nga e djathta Kryetari i shoqat\u00ebs \u201cSofra Shqiptare\u201d Ndue Qokaj,<br \/>\ndhe Presidenti i Unionit t\u00eb shoqatave shqiptare n\u00eb Itali<\/em><\/p>\n<p style=\"text-align: center;\"><img decoding=\"async\" class=\"aligncenter size-thumbnail wp-image-7236\" title=\"Bardhok Prebibaj\" src=\"http:\/\/www.fjala.info\/2012\/kengetari_bardo_prebibaj.jpg\" alt=\"\" width=\"450\" \/><em>K\u00ebng\u00ebtari Bardhok Prebibaj<\/em><\/p>\n<p>K\u00ebng\u00ebtari mb\u00ebrriti nga Shqiperia. Me k\u00ebng\u00ebt e tij i dha emocione shqip\u00ebtar\u00ebve k\u00ebtu n\u00eb qytetin Loreto. Aty nuk munguan dhe t\u00eb huaj, ku ishte pranish\u00ebm dhe p\u00ebrsh\u00ebndeti p\u00ebrfaq\u00ebsuesi i lart\u00eb i imigracionit t\u00eb kish\u00ebs katolike Don Antonio. Moment shk\u00ebmbimi bisedash dhe emocionesh p\u00ebr g\u00ebzimet e dit\u00ebs s\u00eb shtun\u00eb n\u00eb mesin e shqiptar\u00ebve n\u00eb Itali. Me t\u00eb v\u00ebrtet\u00eb udh\u00ebtuan mbi 500 km p\u00ebr t\u00eb ardhur k\u00ebtu n\u00eb Loreto.<\/p>\n<p>Ata soll\u00ebn g\u00ebzimet e tyre dhe mor\u00ebn nj\u00ebkosisht g\u00ebzimet e bashkatdhetar\u00ebve nga t\u00eb gjitha krahinat e Shqip\u00ebris\u00eb. Me pun\u00ebn e tyre t\u00eb shoqatave po perhapin kultur\u00ebn shqiptare n\u00eb t\u00eb gjitha qytetet italijane e n\u00eb vendet e tjera t\u00eb Europes. I falenderojm\u00eb shum\u00eb p\u00ebr k\u00ebt\u00eb dit\u00eb t\u00eb k\u00ebndshme dhe plot hare q\u00eb soll\u00ebn n\u00eb qytetin e bukur Loreto. P\u00ebr pak koh\u00eb krijuan nj\u00eb Shqip\u00ebri brenda Italis\u00eb me shqiptar\u00ebt dhe vendasit italian.<\/p>\n<p style=\"text-align: center;\"><img decoding=\"async\" class=\"aligncenter size-thumbnail wp-image-7236\" title=\"Valltar\u00ebt e rinj\" src=\"http:\/\/www.fjala.info\/2012\/valltaret.jpg\" alt=\"\" width=\"450\" \/><em>Valltar\u00ebt<\/em><\/p>\n<p style=\"text-align: center;\"><img decoding=\"async\" class=\"aligncenter size-thumbnail wp-image-7236\" title=\"Valltar\u00ebt e rinj\" src=\"http:\/\/www.fjala.info\/2012\/pjesemarres.jpg\" alt=\"\" width=\"450\" \/><em>Pjesmarr\u00ebsit<\/em><\/p>\n","protected":false},"excerpt":{"rendered":"<p>REPORTAZH Nga Dr. Zef Mulaj Dita e shtun\u00eb, ishte nj\u00eb dit\u00eb jo e zakon\u00ebshme p\u00ebr qytetin Loreto n\u00eb Marche t\u00eb Italis\u00eb. Shoqata \u201cSofra Shqiptare\u201d dhe \u201cDardania\u201d, tashm\u00eb jan\u00eb t\u00eb njohura n\u00eb gjith\u00eb Italin\u00eb dhe jasht\u00eb saj p\u00ebr aktivitetet e shumta q\u00eb b\u00ebjn\u00eb. Makinat ishin t\u00eb mbuluara me flamurin shqiptar n\u00ebp\u00ebr rrug\u00eb drejt Ankon\u00ebs s\u00eb larg\u00ebt, [&hellip;]<\/p>\n","protected":false},"author":1,"featured_media":0,"comment_status":"open","ping_status":"closed","sticky":false,"template":"","format":"standard","meta":{"footnotes":""},"categories":[2],"tags":[],"class_list":{"0":"post-2970","1":"post","2":"type-post","3":"status-publish","4":"format-standard","6":"category-artikuj"},"yoast_head":"<!-- This site is optimized with the Yoast SEO plugin v27.4 - https:\/\/yoast.com\/product\/yoast-seo-wordpress\/ -->\n<title>Shoqata \u201cSofra Shqiptare\u201d nga Milano n\u00eb Marche t\u00eb Italis\u00eb - FjALA e LIR\u00cb - Arkivi<\/title>\n<meta name=\"robots\" content=\"index, follow, max-snippet:-1, max-image-preview:large, max-video-preview:-1\" \/>\n<link rel=\"canonical\" href=\"https:\/\/fjala.info\/2009-2015\/shoqata-sofra-shqiptare-nga-milano-ne-marche-te-italise\/\" \/>\n<meta property=\"og:locale\" content=\"sq_AL\" \/>\n<meta property=\"og:type\" content=\"article\" \/>\n<meta property=\"og:title\" content=\"Shoqata \u201cSofra Shqiptare\u201d nga Milano n\u00eb Marche t\u00eb Italis\u00eb - FjALA e LIR\u00cb - Arkivi\" \/>\n<meta property=\"og:description\" content=\"REPORTAZH Nga Dr. Zef Mulaj Dita e shtun\u00eb, ishte nj\u00eb dit\u00eb jo e zakon\u00ebshme p\u00ebr qytetin Loreto n\u00eb Marche t\u00eb Italis\u00eb. Shoqata \u201cSofra Shqiptare\u201d dhe \u201cDardania\u201d, tashm\u00eb jan\u00eb t\u00eb njohura n\u00eb gjith\u00eb Italin\u00eb dhe jasht\u00eb saj p\u00ebr aktivitetet e shumta q\u00eb b\u00ebjn\u00eb. Makinat ishin t\u00eb mbuluara me flamurin shqiptar n\u00ebp\u00ebr rrug\u00eb drejt Ankon\u00ebs s\u00eb larg\u00ebt, [&hellip;]\" \/>\n<meta property=\"og:url\" content=\"https:\/\/fjala.info\/2009-2015\/shoqata-sofra-shqiptare-nga-milano-ne-marche-te-italise\/\" \/>\n<meta property=\"og:site_name\" content=\"FjALA e LIR\u00cb - Arkivi\" \/>\n<meta property=\"article:published_time\" content=\"2012-05-26T07:01:40+00:00\" \/>\n<meta property=\"og:image\" content=\"http:\/\/www.shkoder.net\/images\/fjala\/2011\/zef_mulaj2.jpg\" \/>\n<meta name=\"author\" content=\"admin\" \/>\n<meta name=\"twitter:card\" content=\"summary_large_image\" \/>\n<meta name=\"twitter:label1\" content=\"Written by\" \/>\n\t<meta name=\"twitter:data1\" content=\"admin\" \/>\n\t<meta name=\"twitter:label2\" content=\"Est. reading time\" \/>\n\t<meta name=\"twitter:data2\" content=\"3 minutes\" \/>\n<script type=\"application\/ld+json\" class=\"yoast-schema-graph\">{\"@context\":\"https:\\\/\\\/schema.org\",\"@graph\":[{\"@type\":\"Article\",\"@id\":\"https:\\\/\\\/fjala.info\\\/2009-2015\\\/shoqata-sofra-shqiptare-nga-milano-ne-marche-te-italise\\\/#article\",\"isPartOf\":{\"@id\":\"https:\\\/\\\/fjala.info\\\/2009-2015\\\/shoqata-sofra-shqiptare-nga-milano-ne-marche-te-italise\\\/\"},\"author\":{\"name\":\"admin\",\"@id\":\"https:\\\/\\\/fjala.info\\\/2009-2015\\\/#\\\/schema\\\/person\\\/3aa1163ef05469c496fc94e77611ada2\"},\"headline\":\"Shoqata \u201cSofra Shqiptare\u201d nga Milano n\u00eb Marche t\u00eb Italis\u00eb\",\"datePublished\":\"2012-05-26T07:01:40+00:00\",\"mainEntityOfPage\":{\"@id\":\"https:\\\/\\\/fjala.info\\\/2009-2015\\\/shoqata-sofra-shqiptare-nga-milano-ne-marche-te-italise\\\/\"},\"wordCount\":583,\"commentCount\":2,\"publisher\":{\"@id\":\"https:\\\/\\\/fjala.info\\\/2009-2015\\\/#organization\"},\"image\":{\"@id\":\"https:\\\/\\\/fjala.info\\\/2009-2015\\\/shoqata-sofra-shqiptare-nga-milano-ne-marche-te-italise\\\/#primaryimage\"},\"thumbnailUrl\":\"http:\\\/\\\/www.shkoder.net\\\/images\\\/fjala\\\/2011\\\/zef_mulaj2.jpg\",\"articleSection\":[\"Artikuj\"],\"inLanguage\":\"sq-AL\",\"potentialAction\":[{\"@type\":\"CommentAction\",\"name\":\"Comment\",\"target\":[\"https:\\\/\\\/fjala.info\\\/2009-2015\\\/shoqata-sofra-shqiptare-nga-milano-ne-marche-te-italise\\\/#respond\"]}]},{\"@type\":\"WebPage\",\"@id\":\"https:\\\/\\\/fjala.info\\\/2009-2015\\\/shoqata-sofra-shqiptare-nga-milano-ne-marche-te-italise\\\/\",\"url\":\"https:\\\/\\\/fjala.info\\\/2009-2015\\\/shoqata-sofra-shqiptare-nga-milano-ne-marche-te-italise\\\/\",\"name\":\"Shoqata \u201cSofra Shqiptare\u201d nga Milano n\u00eb Marche t\u00eb Italis\u00eb - FjALA e LIR\u00cb - Arkivi\",\"isPartOf\":{\"@id\":\"https:\\\/\\\/fjala.info\\\/2009-2015\\\/#website\"},\"primaryImageOfPage\":{\"@id\":\"https:\\\/\\\/fjala.info\\\/2009-2015\\\/shoqata-sofra-shqiptare-nga-milano-ne-marche-te-italise\\\/#primaryimage\"},\"image\":{\"@id\":\"https:\\\/\\\/fjala.info\\\/2009-2015\\\/shoqata-sofra-shqiptare-nga-milano-ne-marche-te-italise\\\/#primaryimage\"},\"thumbnailUrl\":\"http:\\\/\\\/www.shkoder.net\\\/images\\\/fjala\\\/2011\\\/zef_mulaj2.jpg\",\"datePublished\":\"2012-05-26T07:01:40+00:00\",\"breadcrumb\":{\"@id\":\"https:\\\/\\\/fjala.info\\\/2009-2015\\\/shoqata-sofra-shqiptare-nga-milano-ne-marche-te-italise\\\/#breadcrumb\"},\"inLanguage\":\"sq-AL\",\"potentialAction\":[{\"@type\":\"ReadAction\",\"target\":[\"https:\\\/\\\/fjala.info\\\/2009-2015\\\/shoqata-sofra-shqiptare-nga-milano-ne-marche-te-italise\\\/\"]}]},{\"@type\":\"ImageObject\",\"inLanguage\":\"sq-AL\",\"@id\":\"https:\\\/\\\/fjala.info\\\/2009-2015\\\/shoqata-sofra-shqiptare-nga-milano-ne-marche-te-italise\\\/#primaryimage\",\"url\":\"http:\\\/\\\/www.shkoder.net\\\/images\\\/fjala\\\/2011\\\/zef_mulaj2.jpg\",\"contentUrl\":\"http:\\\/\\\/www.shkoder.net\\\/images\\\/fjala\\\/2011\\\/zef_mulaj2.jpg\"},{\"@type\":\"BreadcrumbList\",\"@id\":\"https:\\\/\\\/fjala.info\\\/2009-2015\\\/shoqata-sofra-shqiptare-nga-milano-ne-marche-te-italise\\\/#breadcrumb\",\"itemListElement\":[{\"@type\":\"ListItem\",\"position\":1,\"name\":\"Home\",\"item\":\"https:\\\/\\\/fjala.info\\\/2009-2015\\\/\"},{\"@type\":\"ListItem\",\"position\":2,\"name\":\"Shoqata \u201cSofra Shqiptare\u201d nga Milano n\u00eb Marche t\u00eb Italis\u00eb\"}]},{\"@type\":\"WebSite\",\"@id\":\"https:\\\/\\\/fjala.info\\\/2009-2015\\\/#website\",\"url\":\"https:\\\/\\\/fjala.info\\\/2009-2015\\\/\",\"name\":\"FjALA e LIR\u00cb - Arkivi\",\"description\":\"Arkivi 2009-2015\",\"publisher\":{\"@id\":\"https:\\\/\\\/fjala.info\\\/2009-2015\\\/#organization\"},\"potentialAction\":[{\"@type\":\"SearchAction\",\"target\":{\"@type\":\"EntryPoint\",\"urlTemplate\":\"https:\\\/\\\/fjala.info\\\/2009-2015\\\/?s={search_term_string}\"},\"query-input\":{\"@type\":\"PropertyValueSpecification\",\"valueRequired\":true,\"valueName\":\"search_term_string\"}}],\"inLanguage\":\"sq-AL\"},{\"@type\":\"Organization\",\"@id\":\"https:\\\/\\\/fjala.info\\\/2009-2015\\\/#organization\",\"name\":\"FjALA e LIR\u00cb - Arkivi\",\"url\":\"https:\\\/\\\/fjala.info\\\/2009-2015\\\/\",\"logo\":{\"@type\":\"ImageObject\",\"inLanguage\":\"sq-AL\",\"@id\":\"https:\\\/\\\/fjala.info\\\/2009-2015\\\/#\\\/schema\\\/logo\\\/image\\\/\",\"url\":\"\",\"contentUrl\":\"\",\"caption\":\"FjALA e LIR\u00cb - Arkivi\"},\"image\":{\"@id\":\"https:\\\/\\\/fjala.info\\\/2009-2015\\\/#\\\/schema\\\/logo\\\/image\\\/\"}},{\"@type\":\"Person\",\"@id\":\"https:\\\/\\\/fjala.info\\\/2009-2015\\\/#\\\/schema\\\/person\\\/3aa1163ef05469c496fc94e77611ada2\",\"name\":\"admin\",\"image\":{\"@type\":\"ImageObject\",\"inLanguage\":\"sq-AL\",\"@id\":\"https:\\\/\\\/fjala.info\\\/2009-2015\\\/wp-content\\\/uploads\\\/2012\\\/02\\\/arben_cokaj-120x150.jpg\",\"url\":\"https:\\\/\\\/fjala.info\\\/2009-2015\\\/wp-content\\\/uploads\\\/2012\\\/02\\\/arben_cokaj-120x150.jpg\",\"contentUrl\":\"https:\\\/\\\/fjala.info\\\/2009-2015\\\/wp-content\\\/uploads\\\/2012\\\/02\\\/arben_cokaj-120x150.jpg\",\"caption\":\"admin\"},\"description\":\"Admin, Fjala e Lir\u00eb\",\"sameAs\":[\"https:\\\/\\\/fjala.info\\\/\"],\"url\":\"https:\\\/\\\/fjala.info\\\/2009-2015\\\/author\\\/admin\\\/\"}]}<\/script>\n<!-- \/ Yoast SEO plugin. -->","yoast_head_json":{"title":"Shoqata \u201cSofra Shqiptare\u201d nga Milano n\u00eb Marche t\u00eb Italis\u00eb - FjALA e LIR\u00cb - Arkivi","robots":{"index":"index","follow":"follow","max-snippet":"max-snippet:-1","max-image-preview":"max-image-preview:large","max-video-preview":"max-video-preview:-1"},"canonical":"https:\/\/fjala.info\/2009-2015\/shoqata-sofra-shqiptare-nga-milano-ne-marche-te-italise\/","og_locale":"sq_AL","og_type":"article","og_title":"Shoqata \u201cSofra Shqiptare\u201d nga Milano n\u00eb Marche t\u00eb Italis\u00eb - FjALA e LIR\u00cb - Arkivi","og_description":"REPORTAZH Nga Dr. Zef Mulaj Dita e shtun\u00eb, ishte nj\u00eb dit\u00eb jo e zakon\u00ebshme p\u00ebr qytetin Loreto n\u00eb Marche t\u00eb Italis\u00eb. Shoqata \u201cSofra Shqiptare\u201d dhe \u201cDardania\u201d, tashm\u00eb jan\u00eb t\u00eb njohura n\u00eb gjith\u00eb Italin\u00eb dhe jasht\u00eb saj p\u00ebr aktivitetet e shumta q\u00eb b\u00ebjn\u00eb. Makinat ishin t\u00eb mbuluara me flamurin shqiptar n\u00ebp\u00ebr rrug\u00eb drejt Ankon\u00ebs s\u00eb larg\u00ebt, [&hellip;]","og_url":"https:\/\/fjala.info\/2009-2015\/shoqata-sofra-shqiptare-nga-milano-ne-marche-te-italise\/","og_site_name":"FjALA e LIR\u00cb - Arkivi","article_published_time":"2012-05-26T07:01:40+00:00","og_image":[{"url":"http:\/\/www.shkoder.net\/images\/fjala\/2011\/zef_mulaj2.jpg","type":"","width":"","height":""}],"author":"admin","twitter_card":"summary_large_image","twitter_misc":{"Written by":"admin","Est. reading time":"3 minutes"},"schema":{"@context":"https:\/\/schema.org","@graph":[{"@type":"Article","@id":"https:\/\/fjala.info\/2009-2015\/shoqata-sofra-shqiptare-nga-milano-ne-marche-te-italise\/#article","isPartOf":{"@id":"https:\/\/fjala.info\/2009-2015\/shoqata-sofra-shqiptare-nga-milano-ne-marche-te-italise\/"},"author":{"name":"admin","@id":"https:\/\/fjala.info\/2009-2015\/#\/schema\/person\/3aa1163ef05469c496fc94e77611ada2"},"headline":"Shoqata \u201cSofra Shqiptare\u201d nga Milano n\u00eb Marche t\u00eb Italis\u00eb","datePublished":"2012-05-26T07:01:40+00:00","mainEntityOfPage":{"@id":"https:\/\/fjala.info\/2009-2015\/shoqata-sofra-shqiptare-nga-milano-ne-marche-te-italise\/"},"wordCount":583,"commentCount":2,"publisher":{"@id":"https:\/\/fjala.info\/2009-2015\/#organization"},"image":{"@id":"https:\/\/fjala.info\/2009-2015\/shoqata-sofra-shqiptare-nga-milano-ne-marche-te-italise\/#primaryimage"},"thumbnailUrl":"http:\/\/www.shkoder.net\/images\/fjala\/2011\/zef_mulaj2.jpg","articleSection":["Artikuj"],"inLanguage":"sq-AL","potentialAction":[{"@type":"CommentAction","name":"Comment","target":["https:\/\/fjala.info\/2009-2015\/shoqata-sofra-shqiptare-nga-milano-ne-marche-te-italise\/#respond"]}]},{"@type":"WebPage","@id":"https:\/\/fjala.info\/2009-2015\/shoqata-sofra-shqiptare-nga-milano-ne-marche-te-italise\/","url":"https:\/\/fjala.info\/2009-2015\/shoqata-sofra-shqiptare-nga-milano-ne-marche-te-italise\/","name":"Shoqata \u201cSofra Shqiptare\u201d nga Milano n\u00eb Marche t\u00eb Italis\u00eb - FjALA e LIR\u00cb - Arkivi","isPartOf":{"@id":"https:\/\/fjala.info\/2009-2015\/#website"},"primaryImageOfPage":{"@id":"https:\/\/fjala.info\/2009-2015\/shoqata-sofra-shqiptare-nga-milano-ne-marche-te-italise\/#primaryimage"},"image":{"@id":"https:\/\/fjala.info\/2009-2015\/shoqata-sofra-shqiptare-nga-milano-ne-marche-te-italise\/#primaryimage"},"thumbnailUrl":"http:\/\/www.shkoder.net\/images\/fjala\/2011\/zef_mulaj2.jpg","datePublished":"2012-05-26T07:01:40+00:00","breadcrumb":{"@id":"https:\/\/fjala.info\/2009-2015\/shoqata-sofra-shqiptare-nga-milano-ne-marche-te-italise\/#breadcrumb"},"inLanguage":"sq-AL","potentialAction":[{"@type":"ReadAction","target":["https:\/\/fjala.info\/2009-2015\/shoqata-sofra-shqiptare-nga-milano-ne-marche-te-italise\/"]}]},{"@type":"ImageObject","inLanguage":"sq-AL","@id":"https:\/\/fjala.info\/2009-2015\/shoqata-sofra-shqiptare-nga-milano-ne-marche-te-italise\/#primaryimage","url":"http:\/\/www.shkoder.net\/images\/fjala\/2011\/zef_mulaj2.jpg","contentUrl":"http:\/\/www.shkoder.net\/images\/fjala\/2011\/zef_mulaj2.jpg"},{"@type":"BreadcrumbList","@id":"https:\/\/fjala.info\/2009-2015\/shoqata-sofra-shqiptare-nga-milano-ne-marche-te-italise\/#breadcrumb","itemListElement":[{"@type":"ListItem","position":1,"name":"Home","item":"https:\/\/fjala.info\/2009-2015\/"},{"@type":"ListItem","position":2,"name":"Shoqata \u201cSofra Shqiptare\u201d nga Milano n\u00eb Marche t\u00eb Italis\u00eb"}]},{"@type":"WebSite","@id":"https:\/\/fjala.info\/2009-2015\/#website","url":"https:\/\/fjala.info\/2009-2015\/","name":"FjALA e LIR\u00cb - Arkivi","description":"Arkivi 2009-2015","publisher":{"@id":"https:\/\/fjala.info\/2009-2015\/#organization"},"potentialAction":[{"@type":"SearchAction","target":{"@type":"EntryPoint","urlTemplate":"https:\/\/fjala.info\/2009-2015\/?s={search_term_string}"},"query-input":{"@type":"PropertyValueSpecification","valueRequired":true,"valueName":"search_term_string"}}],"inLanguage":"sq-AL"},{"@type":"Organization","@id":"https:\/\/fjala.info\/2009-2015\/#organization","name":"FjALA e LIR\u00cb - Arkivi","url":"https:\/\/fjala.info\/2009-2015\/","logo":{"@type":"ImageObject","inLanguage":"sq-AL","@id":"https:\/\/fjala.info\/2009-2015\/#\/schema\/logo\/image\/","url":"","contentUrl":"","caption":"FjALA e LIR\u00cb - Arkivi"},"image":{"@id":"https:\/\/fjala.info\/2009-2015\/#\/schema\/logo\/image\/"}},{"@type":"Person","@id":"https:\/\/fjala.info\/2009-2015\/#\/schema\/person\/3aa1163ef05469c496fc94e77611ada2","name":"admin","image":{"@type":"ImageObject","inLanguage":"sq-AL","@id":"https:\/\/fjala.info\/2009-2015\/wp-content\/uploads\/2012\/02\/arben_cokaj-120x150.jpg","url":"https:\/\/fjala.info\/2009-2015\/wp-content\/uploads\/2012\/02\/arben_cokaj-120x150.jpg","contentUrl":"https:\/\/fjala.info\/2009-2015\/wp-content\/uploads\/2012\/02\/arben_cokaj-120x150.jpg","caption":"admin"},"description":"Admin, Fjala e Lir\u00eb","sameAs":["https:\/\/fjala.info\/"],"url":"https:\/\/fjala.info\/2009-2015\/author\/admin\/"}]}},"_links":{"self":[{"href":"https:\/\/fjala.info\/2009-2015\/wp-json\/wp\/v2\/posts\/2970","targetHints":{"allow":["GET"]}}],"collection":[{"href":"https:\/\/fjala.info\/2009-2015\/wp-json\/wp\/v2\/posts"}],"about":[{"href":"https:\/\/fjala.info\/2009-2015\/wp-json\/wp\/v2\/types\/post"}],"author":[{"embeddable":true,"href":"https:\/\/fjala.info\/2009-2015\/wp-json\/wp\/v2\/users\/1"}],"replies":[{"embeddable":true,"href":"https:\/\/fjala.info\/2009-2015\/wp-json\/wp\/v2\/comments?post=2970"}],"version-history":[{"count":0,"href":"https:\/\/fjala.info\/2009-2015\/wp-json\/wp\/v2\/posts\/2970\/revisions"}],"wp:attachment":[{"href":"https:\/\/fjala.info\/2009-2015\/wp-json\/wp\/v2\/media?parent=2970"}],"wp:term":[{"taxonomy":"category","embeddable":true,"href":"https:\/\/fjala.info\/2009-2015\/wp-json\/wp\/v2\/categories?post=2970"},{"taxonomy":"post_tag","embeddable":true,"href":"https:\/\/fjala.info\/2009-2015\/wp-json\/wp\/v2\/tags?post=2970"}],"curies":[{"name":"wp","href":"https:\/\/api.w.org\/{rel}","templated":true}]}}