{"id":2964,"date":"2010-06-09T22:34:45","date_gmt":"2010-06-09T21:34:45","guid":{"rendered":"http:\/\/fjala.shkoder.net\/?p=2964"},"modified":"2010-06-09T22:34:45","modified_gmt":"2010-06-09T21:34:45","slug":"sfida-e-radhes-per-intelektualin-deshtak","status":"publish","type":"post","link":"https:\/\/fjala.info\/2009-2015\/sfida-e-radhes-per-intelektualin-deshtak\/","title":{"rendered":"Sfida e radh\u00ebs p\u00ebr intelektualin d\u00ebshtak"},"content":{"rendered":"<p><img decoding=\"async\" style=\"margin-left: 10px; margin-right: 10px; border: 0px;\" src=\"http:\/\/www.shkoder.net\/images\/fjala\/bledar_prifti.jpg\" border=\"0\" alt=\"Bledar H. Prifti\" width=\"150\" align=\"right\" \/><\/p>\n<p><strong>Bledar H. Prifti<\/strong>, <em>09.06.2010<\/em><\/p>\n<p>Politika dhe intelektuali jan\u00eb dy element\u00eb t\u00eb d\u00ebshtuar t\u00eb shoq\u00ebris\u00eb Shqiptare. Politika konsiderohet d\u00ebshtake p\u00ebr vet\u00eb faktin se p\u00ebr dekada me radh\u00eb \u00ebsht\u00eb udh\u00ebhequr nga grupime dhe elita politike q\u00eb si prioritet nuk kan\u00eb pasur mbrojtjen e interesave t\u00eb shoq\u00ebris\u00eb, por privatizimin e shtetit dhe v\u00ebnien e tij n\u00eb sh\u00ebrbim t\u00eb interesave t\u00eb pushtetit.<\/p>\n<p>Intelektual\u00ebt konsiderohen d\u00ebshtak\u00eb, pasi jan\u00eb k\u00ebta intelektual\u00eb q\u00eb i kan\u00eb dh\u00ebn\u00eb (dhe i japin) jet\u00eb pushteteve dhe politikave d\u00ebshtake si asaj t\u00eb djeshmes s\u00eb Enver Hoxh\u00ebs dhe k\u00ebsaj t\u00eb sotmes s\u00eb Sali Berish\u00ebs.<\/p>\n<p>Ky shkrim fokusohet tek intelektual\u00ebt d\u00ebshtak\u00eb, jo tek ata intelektual\u00eb q\u00eb jan\u00eb n\u00eb sh\u00ebrbim t\u00eb pushtetit, por tek ata intelektual\u00eb q\u00eb jan\u00eb kund\u00ebr pushtetit, por q\u00eb me injoranc\u00ebn, naivitetin dhe paaft\u00ebsin\u00eb e tyre i sh\u00ebrbejn\u00eb pa dashje pushtetit.<\/p>\n<p>Ky shkrim \u00ebsht\u00eb nj\u00eb sfid\u00eb q\u00eb un\u00eb i b\u00ebj k\u00ebtyre intelektual\u00ebve, duke i konsideruar ata &#8220;mish me dy sy&#8221; dhe individ\u00eb me munges\u00eb t\u00eb theksuar intelekti dhe kapaciteti p\u00ebr t\u00eb menduar n\u00eb m\u00ebnyr\u00eb kritike. Ky shkrim nuk ka q\u00ebllim p\u00ebr t&#8217;i ofenduar, por p\u00ebr t&#8217;i zgjuar nga kjo gjendje absurdi dhe apatie.<\/p>\n<p>E kuptoj fare mir\u00eb q\u00eb kjo p\u00ebrb\u00ebn nj\u00eb akuz\u00eb t\u00eb r\u00ebnd\u00eb p\u00ebr intelektual\u00ebt e k\u00ebtij grupi, por me vullnet t\u00eb plot\u00eb dhe t\u00eb lir\u00eb ju b\u00ebj sfid\u00eb q\u00eb t\u00eb m\u00eb v\u00ebrtetoni t\u00eb kund\u00ebrt\u00ebn e atyre argumenteve q\u00eb un\u00eb do t\u00eb analizoj pak m\u00eb posht\u00eb.<\/p>\n<p>Kjo ide p\u00ebr t\u00eb sfiduar k\u00ebta intelektual\u00eb q\u00eb jan\u00eb kund\u00ebr pushtetit, por q\u00eb pa dashje i sh\u00ebrbejn\u00eb atij, mori shkas nga dy shkrime botuar pak dit\u00eb m\u00eb par\u00eb (nj\u00eb i z. Shinasi Rama k\u00ebtu n\u00eb Shekulli) dhe nga nj\u00eb apati dhe mefsht\u00ebsi e pashoqe e treguar nga ky grup n\u00eb lidhje me kriz\u00ebn politike dhe transparenc\u00ebn e zgjedhjeve t\u00eb 28 qershorit. Gjithsesi, duhet t\u00eb keni parasysh se kjo \u00ebsht\u00eb nj\u00eb analiz\u00eb q\u00eb orvatet t\u00eb analizoj\u00eb fenomenin dhe jo thjesht individ\u00ebt e sip\u00ebrp\u00ebrmendur dhe mendimet e tyre personale.<\/p>\n<p>S\u00eb pari, e p\u00ebrmenda Z. Shinasi Rama, sepse, ashtu si edhe shumica e intelektual\u00ebve t\u00eb grupit t\u00eb tij, ai deklaron n\u00eb shkrimin e tij t\u00eb fundit se protestat e opozit\u00ebs Socialiste dhe kauza e saj p\u00ebr transparenc\u00eb t\u00eb plot\u00eb t\u00eb zgjedhjeve kan\u00eb si synim ardhjen e saj n\u00eb pushtet.<\/p>\n<p>E konsideroj k\u00ebt\u00eb deklarat\u00eb si nj\u00eb papjekuri intelektuale dhe munges\u00eb e theksuar e t\u00eb menduarit kritik. Gjithashtu, \u00e7&#8217;\u00ebsht\u00eb m\u00eb e r\u00ebnd\u00ebsishmja, kjo deklarat\u00eb \u00ebsht\u00eb (dhe synon) nj\u00eb ofendim dhe n\u00ebnvler\u00ebsim ndaj principit baz\u00eb t\u00eb demokracis\u00eb, transparenc\u00ebs dhe vot\u00ebs s\u00eb lir\u00eb.<\/p>\n<p>Lind pyetja: Si do t\u00eb vij\u00eb Edi Rama n\u00eb pushtet p\u00ebrmes transparenc\u00ebs s\u00eb procesit zgjedhor? P\u00ebrse protestat dhe transparenca e zgjedhjeve t\u00eb 28 qershorit na sjellka Ram\u00ebn n\u00eb pushtet? N\u00ebse num\u00ebrohen votat dhe prej andej del se num\u00ebrimi \u00ebsht\u00eb i rregullt dhe Berisha i ka fituar zgjedhjet, at\u00ebher\u00eb si do t\u00eb vij\u00eb Rama n\u00eb pushtet? N\u00ebse kjo \u00ebsht\u00eb e v\u00ebrtet\u00eb, Rama jo vet\u00ebm q\u00eb nuk do t\u00eb vinte n\u00eb pushtet, por ai do t\u00eb merrte fund si figur\u00eb politike.<\/p>\n<p>Mos vall\u00eb, ashtu si edhe Fatos Lubonja, Z. Shinasi e b\u00ebn k\u00ebt\u00eb deklarat\u00eb nga bindja se transparenca do t\u00eb zbulonte q\u00eb Rama ka qen\u00eb fituesi real i zgjedhjeve t\u00eb 28 qershorit, dhe jo Berisha? N\u00ebse v\u00ebrtet Z. Shinasi mendon se ekziston skenari i dyt\u00eb q\u00eb opozita socialiste nuk i ka humbur realisht zgjedhjet, at\u00ebher\u00eb do t\u00eb ishte e pafalshme p\u00ebr at\u00eb q\u00eb t\u00eb sulmonte protestat dhe kauz\u00ebn opozitare p\u00ebr transparenc\u00eb.<\/p>\n<p>\u00cbsht\u00eb pa kurrfar\u00eb baze morale dhe etike t\u00eb akuzosh apo insinuosh negativisht se Edi Rama po synon marrjen e pushtetit p\u00ebrmes transparenc\u00ebs s\u00eb procesit zgjedhor, edhe pse ky i fundit e ka deklaruar hapur brenda dhe jasht\u00eb vendit se nuk synon marrjen e pushtetit. A e kuptoni se edhe Edi Rama \u00ebsht\u00eb nj\u00ebri si ne dhe ka t\u00eb drejt\u00ebn morale dhe t\u00eb Zotit p\u00ebr t&#8217;i provuar opinionit publik t\u00eb v\u00ebrtet\u00ebn dhe p\u00ebr t\u00eb pastruar veten nga gjith\u00eb ajo balt\u00eb q\u00eb \u00ebsht\u00eb hedhur mbi figur\u00ebn e tij politike?<\/p>\n<p>Z. Shinasi (dhe t\u00eb tjer\u00ebt q\u00eb mendojn\u00eb si ai), n\u00ebse do t\u00eb ishit n\u00eb t\u00eb nj\u00ebjt\u00ebn situat\u00eb, a nuk do t\u00eb ishte e drejta juaj humane q\u00eb t\u00eb pakt\u00ebn t&#8217;i provonit opinionit publik se keni humbur apo fituar? A nuk t\u00eb duket se kjo nuk \u00ebsht\u00eb kauz\u00eb p\u00ebr pushtet, por nj\u00eb kauz\u00eb p\u00ebr t\u00eb zbuluar t\u00eb v\u00ebrtet\u00ebn? A nuk mendon se e v\u00ebrteta \u00ebsht\u00eb m\u00eb e fuqishme dhe m\u00eb me vler\u00eb se pushteti? A e kuptoni se sa t\u00eb varf\u00ebr jeni intelektualisht dhe n\u00eb bagazhin e t\u00eb menduarin kritik?<\/p>\n<p>Diletantizmi dhe mungesa e theksuar e t\u00eb menduarit kritik \u00ebsht\u00eb shfaqur gjat\u00eb gjith\u00eb koh\u00ebs kur kryeministri Berisha pretendonte p\u00ebr antikushtetutshm\u00ebri t\u00eb hapjes s\u00eb kutive t\u00eb votimit. N\u00eb m\u00ebnyr\u00eb t\u00eb p\u00ebrs\u00ebritur p\u00ebr muaj me radh\u00eb, Berisha dhe Meta kan\u00eb theksuar me t\u00eb madhe se hapjen e kutive t\u00eb votimit nuk e lejon Kushtetuta dhe vendimi i Gjykat\u00ebs Kushtetuese.<\/p>\n<p>P\u00ebr muaj me radh\u00eb, un\u00eb dhe shum\u00eb t\u00eb tjer\u00eb kemi ofruar prova t\u00eb pakontestueshme q\u00eb kjo ishte nj\u00eb g\u00ebnjesht\u00ebr e madhe dhe se neni 77 (2) i Kushtetut\u00ebs dhe vendimi i Gjykat\u00ebs sanksiononin transparenc\u00eb t\u00eb plot\u00eb. A ju kujtohet q\u00eb Berisha i k\u00ebrkonte opozit\u00ebs ta \u00e7onte n\u00eb Gjykat\u00eb \u00e7\u00ebshtjen e kutive? Po si more injorant\u00eb dhe t\u00eb ngrat\u00eb nuk e dini q\u00eb Gjykata nuk mund t\u00eb shprehet dy her\u00eb p\u00ebr t\u00eb nj\u00ebjt\u00ebn \u00e7\u00ebshtje?!<\/p>\n<p>Po si more injorant\u00eb dhe t\u00eb ngrat\u00eb nuk e lexuat nenin 77 (2) dhe interpretimin e tij nga Gjykata dhe t\u00eb shihnit se aty as q\u00eb p\u00ebrmenden fare kutit\u00eb e votimit?! Ato jan\u00eb fakte bruto dhe nuk k\u00ebrkojn\u00eb interpretim, &#8220;jan\u00eb e zez\u00eb mbi t\u00eb bardh\u00eb&#8221;. Si more injorant\u00eb dhe t\u00eb ngrat\u00eb nuk e kuptuat se hapjen e kutive nuk e ndalonte Kushtetuta dhe Gjykata, por Sali Berisha?!<\/p>\n<p>Ja ku i keni nenin dhe vendimin e Gjykat\u00ebs: (1) Nenin 77(2) i Kushtetut\u00ebs thekson se Parlamenti &#8220;ka t\u00eb drejt\u00eb dhe, me k\u00ebrkes\u00eb t\u00eb nj\u00eb s\u00eb kat\u00ebrt\u00ebs s\u00eb t\u00eb gjith\u00eb an\u00ebtar\u00ebve t\u00eb tij, \u00ebsht\u00eb i detyruar t\u00eb caktoj\u00eb komision hetimi p\u00ebr t\u00eb shqyrtuar nj\u00eb \u00e7\u00ebshtje t\u00eb ve\u00e7ant\u00eb.<\/p>\n<p>P\u00ebrfundimet e tyre NUK JAN\u00cb DETYRUESE P\u00cbR GJYKATAT, por mund t&#8217;i njoftohen prokuroris\u00eb, e cila i vler\u00ebson sipas procedur\u00ebs ligjore&#8221;. (2) Vendimi i Gjykat\u00ebs Kushtetuese Nr.<\/p>\n<p>18, dat\u00eb 14.5.2003 thekson se &#8220;\u00e7\u00ebshtje t\u00eb ve\u00e7anta konsiderohen ato \u00e7\u00ebshtje, q\u00eb hetohen n\u00eb aspektin e kontrollit t\u00eb zbatimit t\u00eb ligjeve, t\u00eb njohjes e verifikimit n\u00eb thell\u00ebsi t\u00eb nj\u00eb fenomeni, ngjarjeve, apo veprimtarive dhe, q\u00eb nxisin iniciativat p\u00ebr propozime, mendime apo miratime ligjesh, me q\u00ebllim parandalimin e fenomeneve negative p\u00ebr shoq\u00ebrin\u00eb e shtetin dhe nxjerrjen e p\u00ebrgjegj\u00ebsive institucionale&#8221;.<\/p>\n<p>Kam t\u00eb drejt\u00eb morale q\u00eb t&#8217;ju sulmoj p\u00ebr munges\u00eb intelekti dhe t\u00eb menduarit kritik, sepse vet\u00eb Sali Berisha i v\u00ebrtetoi pretendimet e mia dhe sepse koha po zbulon varf\u00ebrin\u00eb tuaj intelektuale. Sot, Sali Berisha nuk deklaron se hapjen e kutive e ndalon Kushtetuta dhe vendimi i Gjykat\u00ebs. Sot, ai deklaron g\u00ebnjeshtr\u00ebn e radh\u00ebs se hapjen e kutive e ndalon Kodi Zgjedhor. A e kuptoni more injorant\u00eb dhe t\u00eb ngrat\u00eb sa viktima q\u00eb keni qen\u00eb?<\/p>\n<p>A e kuptoni more injorant\u00eb dhe t\u00eb ngrat\u00eb se si ka luajtur me ju Sali Berisha? Sa nga ju e kan\u00eb pyetur Berish\u00ebn dhe Met\u00ebn se \u00e7far\u00eb u b\u00eb me Kushtetut\u00ebn dhe vendimin e Gjykat\u00ebs q\u00eb ndalonte hapjen e kutive?! A nuk e kuptoni se Berisha duhet n\u00eb fillim t\u00eb jap\u00eb p\u00ebrgjigje se ku shkoi pretendimi i tij disamujor\u00ebsh se hapjen e kutive e ndalonte Kushtetuta dhe Gjykata?<\/p>\n<p>Po hajde se po e l\u00ebm\u00eb k\u00ebt\u00eb m\u00ebnjan\u00eb dhe le t\u00eb merremi me pretendimin e radh\u00ebs. Sa nga ju e kan\u00eb analizuar pretendimin e radh\u00ebs s\u00eb Berish\u00ebs? Sa nga ju e din\u00eb q\u00eb Kushtetuta \u00ebsht\u00eb ligji suprem i vendit? Neni 4(2) i Kushtetut\u00ebs thekson se &#8220;Kushtetuta \u00ebsht\u00eb ligji m\u00eb i lart\u00eb n\u00eb Republik\u00ebn e Shqip\u00ebris\u00eb&#8221;. Prej k\u00ebtej duhet t\u00eb kuptoni se Kushtetuta q\u00ebndron mbi Kodin Zgjedhor dhe nenet e Kushtetut\u00ebs triumfojn\u00eb mbi nenet e Kodit.<\/p>\n<p>Pra, Neni 77(2) i Kushtetut\u00ebs q\u00ebndron mbi Nenin 178(6) t\u00eb Kodit. Por le ta l\u00ebm\u00eb edhe k\u00ebt\u00eb m\u00ebnjan\u00eb dhe le t\u00eb fokusohemi tek Neni 178(6) i Kodit, i cili thekson: &#8220;Me marrjen e kutive t\u00eb votimit dhe flet\u00ebve t\u00eb votimit t\u00eb pap\u00ebrdorura dhe pas p\u00ebrfundimit t\u00eb afatit p\u00ebr ankimet, sipas k\u00ebtij Kodi, KQZ-ja hap t\u00eb gjitha kutit\u00eb e votimit, nxjerr procesverbalet e votimit, si dhe tabelat dhe procesverbalin e numrit t\u00eb flet\u00ebve t\u00eb votimit dhe ia d\u00ebrgon ato Arkivit Qendror t\u00eb Shtetit n\u00eb m\u00ebnyr\u00ebn e caktuar prej tij. T\u00eb gjitha flet\u00ebt e votimit dhe kundraflet\u00ebt digjen n\u00ebn mbik\u00ebqyrjen e KQZ-s\u00eb.&#8221;<\/p>\n<p>Besoj se e keni lexuar nenin t\u00eb zez\u00eb mbi t\u00eb bardh\u00eb. A e kuptuat? Bazuar tek Neni 178(6), kutit\u00eb e flet\u00ebve t\u00eb votimit digjen &#8220;pas p\u00ebrfundimit t\u00eb afatit p\u00ebr ankimet&#8221;.<\/p>\n<p>A e dini se afati i ankimimeve ka mbaruar afro q\u00eb n\u00eb muajin Gusht t\u00eb vitit 2009? At\u00ebher\u00eb, p\u00ebrse nuk jan\u00eb djegur flet\u00ebt e votimit sot n\u00eb qershor t\u00eb vitit 2010? \u00cbsht\u00eb shum\u00eb e thjesht\u00eb: Neni 178(6) nuk vendos asnj\u00eb afat kohor p\u00ebr djegien e flet\u00ebve t\u00eb votimit.<\/p>\n<p>Jo m\u00eb kot, fjalia n\u00eb lidhje me djegien e flet\u00ebve t\u00eb votimit \u00ebsht\u00eb e vendosur ve\u00e7as pa lidh\u00ebsen &#8220;dhe&#8221;. Neni thekson se &#8220;T\u00eb gjitha flet\u00ebt e votimit dhe kundraflet\u00ebt digjen n\u00ebn mbik\u00ebqyrjen e KQZ-s\u00eb.&#8221; , por ai nuk vendos koh\u00ebn se kur b\u00ebhet kjo djegie.<\/p>\n<p>N\u00eb rastin ton\u00eb, koha e djegies s\u00eb flet\u00ebve t\u00eb votimit kondicionohet nga neni 77(2) i Kushtetut\u00ebs, i cili sanksionon hetim t\u00eb plot\u00eb parlamentar t\u00eb nj\u00eb \u00e7\u00ebshtje t\u00eb ve\u00e7ant\u00eb, procesit zgjedhor. Po ashtu, edhe Sali Berisha nuk ka asnj\u00eb detyrim ligjor dhe kohor p\u00ebr t\u00eb djegur flet\u00ebt e votimit. Si mendoni, do ta hani p\u00ebrs\u00ebri ashtu si e h\u00ebngr\u00ebt me pretendimin e par\u00eb t\u00eb Berish\u00ebs?<\/p>\n<p>Mos e harroni se kemi ngelur tek neni 178(6). Intelekti dhe t\u00eb menduarit tuaj kritik gjenden p\u00ebrs\u00ebri p\u00ebrball\u00eb nj\u00eb sfide (tallje) t\u00eb radh\u00ebs s\u00eb b\u00ebr\u00eb nga kryeministri Berisha. M\u00ebnyra se si ju do t\u00eb reagoni do t\u00eb tregoj\u00eb se sa e hapur dhe e sofistikuar \u00ebsht\u00eb bota juaj intelektuale.<\/p>\n<p>N\u00eb shkrimin e m\u00ebsip\u00ebrm, un\u00eb sfidoj intelektin dhe t\u00eb menduarin tuaj kritik p\u00ebrmes mendimeve q\u00eb ju mund t&#8217;i konsideroni edhe fyerje; ajo varet nga ju. Por nuk ishte ky q\u00ebllimi im. Q\u00ebllimi im i v\u00ebrtet\u00eb ishte q\u00eb t\u00eb zgjoja sadopak tek ju d\u00ebshir\u00ebn p\u00ebr t\u00eb v\u00ebrtet\u00ebn, t\u00eb drejt\u00ebn, t\u00eb mir\u00ebn dhe t\u00eb zgjuar\u00ebn. Nuk ka fatkeq\u00ebsi m\u00eb t\u00eb madhe p\u00ebr nj\u00eb nj\u00ebri sesa t\u00eb uzurpohet nga injoranca dhe mungesa e t\u00eb menduarit kritik.<\/p>\n<p>Situata aktuale \u00ebsht\u00eb nj\u00eb pasqyr\u00eb, e cila tregon m\u00eb s\u00eb miri d\u00ebshtimin e politik\u00ebs dhe t\u00eb intelektualit shqiptar. E drejta dhe e v\u00ebrteta mund t\u00eb mohohen dhe mbulohen p\u00ebr jet\u00eb ose p\u00ebr nj\u00eb far\u00eb kohe, por kurr\u00eb nuk mund t\u00eb thuhet se d\u00ebshtojn\u00eb!<\/p>\n","protected":false},"excerpt":{"rendered":"<p>Bledar H. Prifti, 09.06.2010 Politika dhe intelektuali jan\u00eb dy element\u00eb t\u00eb d\u00ebshtuar t\u00eb shoq\u00ebris\u00eb Shqiptare. Politika konsiderohet d\u00ebshtake p\u00ebr vet\u00eb faktin se p\u00ebr dekada me radh\u00eb \u00ebsht\u00eb udh\u00ebhequr nga grupime dhe elita politike q\u00eb si prioritet nuk kan\u00eb pasur mbrojtjen e interesave t\u00eb shoq\u00ebris\u00eb, por privatizimin e shtetit dhe v\u00ebnien e tij n\u00eb sh\u00ebrbim t\u00eb [&hellip;]<\/p>\n","protected":false},"author":1,"featured_media":0,"comment_status":"open","ping_status":"closed","sticky":false,"template":"","format":"standard","meta":{"footnotes":""},"categories":[2],"tags":[],"class_list":{"0":"post-2964","1":"post","2":"type-post","3":"status-publish","4":"format-standard","6":"category-artikuj"},"yoast_head":"<!-- This site is optimized with the Yoast SEO plugin v27.4 - https:\/\/yoast.com\/product\/yoast-seo-wordpress\/ -->\n<title>Sfida e radh\u00ebs p\u00ebr intelektualin d\u00ebshtak - FjALA e LIR\u00cb - Arkivi<\/title>\n<meta name=\"robots\" content=\"index, follow, max-snippet:-1, max-image-preview:large, max-video-preview:-1\" \/>\n<link rel=\"canonical\" href=\"https:\/\/fjala.info\/2009-2015\/sfida-e-radhes-per-intelektualin-deshtak\/\" \/>\n<meta property=\"og:locale\" content=\"sq_AL\" \/>\n<meta property=\"og:type\" content=\"article\" \/>\n<meta property=\"og:title\" content=\"Sfida e radh\u00ebs p\u00ebr intelektualin d\u00ebshtak - FjALA e LIR\u00cb - Arkivi\" \/>\n<meta property=\"og:description\" content=\"Bledar H. Prifti, 09.06.2010 Politika dhe intelektuali jan\u00eb dy element\u00eb t\u00eb d\u00ebshtuar t\u00eb shoq\u00ebris\u00eb Shqiptare. Politika konsiderohet d\u00ebshtake p\u00ebr vet\u00eb faktin se p\u00ebr dekada me radh\u00eb \u00ebsht\u00eb udh\u00ebhequr nga grupime dhe elita politike q\u00eb si prioritet nuk kan\u00eb pasur mbrojtjen e interesave t\u00eb shoq\u00ebris\u00eb, por privatizimin e shtetit dhe v\u00ebnien e tij n\u00eb sh\u00ebrbim t\u00eb [&hellip;]\" \/>\n<meta property=\"og:url\" content=\"https:\/\/fjala.info\/2009-2015\/sfida-e-radhes-per-intelektualin-deshtak\/\" \/>\n<meta property=\"og:site_name\" content=\"FjALA e LIR\u00cb - Arkivi\" \/>\n<meta property=\"article:published_time\" content=\"2010-06-09T21:34:45+00:00\" \/>\n<meta property=\"og:image\" content=\"http:\/\/www.shkoder.net\/images\/fjala\/bledar_prifti.jpg\" \/>\n<meta name=\"author\" content=\"admin\" \/>\n<meta name=\"twitter:card\" content=\"summary_large_image\" \/>\n<meta name=\"twitter:label1\" content=\"Written by\" \/>\n\t<meta name=\"twitter:data1\" content=\"admin\" \/>\n\t<meta name=\"twitter:label2\" content=\"Est. reading time\" \/>\n\t<meta name=\"twitter:data2\" content=\"10 minutes\" \/>\n<script type=\"application\/ld+json\" class=\"yoast-schema-graph\">{\"@context\":\"https:\\\/\\\/schema.org\",\"@graph\":[{\"@type\":\"Article\",\"@id\":\"https:\\\/\\\/fjala.info\\\/2009-2015\\\/sfida-e-radhes-per-intelektualin-deshtak\\\/#article\",\"isPartOf\":{\"@id\":\"https:\\\/\\\/fjala.info\\\/2009-2015\\\/sfida-e-radhes-per-intelektualin-deshtak\\\/\"},\"author\":{\"name\":\"admin\",\"@id\":\"https:\\\/\\\/fjala.info\\\/2009-2015\\\/#\\\/schema\\\/person\\\/3aa1163ef05469c496fc94e77611ada2\"},\"headline\":\"Sfida e radh\u00ebs p\u00ebr intelektualin d\u00ebshtak\",\"datePublished\":\"2010-06-09T21:34:45+00:00\",\"mainEntityOfPage\":{\"@id\":\"https:\\\/\\\/fjala.info\\\/2009-2015\\\/sfida-e-radhes-per-intelektualin-deshtak\\\/\"},\"wordCount\":1959,\"commentCount\":0,\"publisher\":{\"@id\":\"https:\\\/\\\/fjala.info\\\/2009-2015\\\/#organization\"},\"image\":{\"@id\":\"https:\\\/\\\/fjala.info\\\/2009-2015\\\/sfida-e-radhes-per-intelektualin-deshtak\\\/#primaryimage\"},\"thumbnailUrl\":\"http:\\\/\\\/www.shkoder.net\\\/images\\\/fjala\\\/bledar_prifti.jpg\",\"articleSection\":[\"Artikuj\"],\"inLanguage\":\"sq-AL\",\"potentialAction\":[{\"@type\":\"CommentAction\",\"name\":\"Comment\",\"target\":[\"https:\\\/\\\/fjala.info\\\/2009-2015\\\/sfida-e-radhes-per-intelektualin-deshtak\\\/#respond\"]}]},{\"@type\":\"WebPage\",\"@id\":\"https:\\\/\\\/fjala.info\\\/2009-2015\\\/sfida-e-radhes-per-intelektualin-deshtak\\\/\",\"url\":\"https:\\\/\\\/fjala.info\\\/2009-2015\\\/sfida-e-radhes-per-intelektualin-deshtak\\\/\",\"name\":\"Sfida e radh\u00ebs p\u00ebr intelektualin d\u00ebshtak - FjALA e LIR\u00cb - Arkivi\",\"isPartOf\":{\"@id\":\"https:\\\/\\\/fjala.info\\\/2009-2015\\\/#website\"},\"primaryImageOfPage\":{\"@id\":\"https:\\\/\\\/fjala.info\\\/2009-2015\\\/sfida-e-radhes-per-intelektualin-deshtak\\\/#primaryimage\"},\"image\":{\"@id\":\"https:\\\/\\\/fjala.info\\\/2009-2015\\\/sfida-e-radhes-per-intelektualin-deshtak\\\/#primaryimage\"},\"thumbnailUrl\":\"http:\\\/\\\/www.shkoder.net\\\/images\\\/fjala\\\/bledar_prifti.jpg\",\"datePublished\":\"2010-06-09T21:34:45+00:00\",\"breadcrumb\":{\"@id\":\"https:\\\/\\\/fjala.info\\\/2009-2015\\\/sfida-e-radhes-per-intelektualin-deshtak\\\/#breadcrumb\"},\"inLanguage\":\"sq-AL\",\"potentialAction\":[{\"@type\":\"ReadAction\",\"target\":[\"https:\\\/\\\/fjala.info\\\/2009-2015\\\/sfida-e-radhes-per-intelektualin-deshtak\\\/\"]}]},{\"@type\":\"ImageObject\",\"inLanguage\":\"sq-AL\",\"@id\":\"https:\\\/\\\/fjala.info\\\/2009-2015\\\/sfida-e-radhes-per-intelektualin-deshtak\\\/#primaryimage\",\"url\":\"http:\\\/\\\/www.shkoder.net\\\/images\\\/fjala\\\/bledar_prifti.jpg\",\"contentUrl\":\"http:\\\/\\\/www.shkoder.net\\\/images\\\/fjala\\\/bledar_prifti.jpg\"},{\"@type\":\"BreadcrumbList\",\"@id\":\"https:\\\/\\\/fjala.info\\\/2009-2015\\\/sfida-e-radhes-per-intelektualin-deshtak\\\/#breadcrumb\",\"itemListElement\":[{\"@type\":\"ListItem\",\"position\":1,\"name\":\"Home\",\"item\":\"https:\\\/\\\/fjala.info\\\/2009-2015\\\/\"},{\"@type\":\"ListItem\",\"position\":2,\"name\":\"Sfida e radh\u00ebs p\u00ebr intelektualin d\u00ebshtak\"}]},{\"@type\":\"WebSite\",\"@id\":\"https:\\\/\\\/fjala.info\\\/2009-2015\\\/#website\",\"url\":\"https:\\\/\\\/fjala.info\\\/2009-2015\\\/\",\"name\":\"FjALA e LIR\u00cb - Arkivi\",\"description\":\"Arkivi 2009-2015\",\"publisher\":{\"@id\":\"https:\\\/\\\/fjala.info\\\/2009-2015\\\/#organization\"},\"potentialAction\":[{\"@type\":\"SearchAction\",\"target\":{\"@type\":\"EntryPoint\",\"urlTemplate\":\"https:\\\/\\\/fjala.info\\\/2009-2015\\\/?s={search_term_string}\"},\"query-input\":{\"@type\":\"PropertyValueSpecification\",\"valueRequired\":true,\"valueName\":\"search_term_string\"}}],\"inLanguage\":\"sq-AL\"},{\"@type\":\"Organization\",\"@id\":\"https:\\\/\\\/fjala.info\\\/2009-2015\\\/#organization\",\"name\":\"FjALA e LIR\u00cb - Arkivi\",\"url\":\"https:\\\/\\\/fjala.info\\\/2009-2015\\\/\",\"logo\":{\"@type\":\"ImageObject\",\"inLanguage\":\"sq-AL\",\"@id\":\"https:\\\/\\\/fjala.info\\\/2009-2015\\\/#\\\/schema\\\/logo\\\/image\\\/\",\"url\":\"\",\"contentUrl\":\"\",\"caption\":\"FjALA e LIR\u00cb - Arkivi\"},\"image\":{\"@id\":\"https:\\\/\\\/fjala.info\\\/2009-2015\\\/#\\\/schema\\\/logo\\\/image\\\/\"}},{\"@type\":\"Person\",\"@id\":\"https:\\\/\\\/fjala.info\\\/2009-2015\\\/#\\\/schema\\\/person\\\/3aa1163ef05469c496fc94e77611ada2\",\"name\":\"admin\",\"image\":{\"@type\":\"ImageObject\",\"inLanguage\":\"sq-AL\",\"@id\":\"https:\\\/\\\/fjala.info\\\/2009-2015\\\/wp-content\\\/uploads\\\/2012\\\/02\\\/arben_cokaj-120x150.jpg\",\"url\":\"https:\\\/\\\/fjala.info\\\/2009-2015\\\/wp-content\\\/uploads\\\/2012\\\/02\\\/arben_cokaj-120x150.jpg\",\"contentUrl\":\"https:\\\/\\\/fjala.info\\\/2009-2015\\\/wp-content\\\/uploads\\\/2012\\\/02\\\/arben_cokaj-120x150.jpg\",\"caption\":\"admin\"},\"description\":\"Admin, Fjala e Lir\u00eb\",\"sameAs\":[\"https:\\\/\\\/fjala.info\\\/\"],\"url\":\"https:\\\/\\\/fjala.info\\\/2009-2015\\\/author\\\/admin\\\/\"}]}<\/script>\n<!-- \/ Yoast SEO plugin. -->","yoast_head_json":{"title":"Sfida e radh\u00ebs p\u00ebr intelektualin d\u00ebshtak - FjALA e LIR\u00cb - Arkivi","robots":{"index":"index","follow":"follow","max-snippet":"max-snippet:-1","max-image-preview":"max-image-preview:large","max-video-preview":"max-video-preview:-1"},"canonical":"https:\/\/fjala.info\/2009-2015\/sfida-e-radhes-per-intelektualin-deshtak\/","og_locale":"sq_AL","og_type":"article","og_title":"Sfida e radh\u00ebs p\u00ebr intelektualin d\u00ebshtak - FjALA e LIR\u00cb - Arkivi","og_description":"Bledar H. Prifti, 09.06.2010 Politika dhe intelektuali jan\u00eb dy element\u00eb t\u00eb d\u00ebshtuar t\u00eb shoq\u00ebris\u00eb Shqiptare. Politika konsiderohet d\u00ebshtake p\u00ebr vet\u00eb faktin se p\u00ebr dekada me radh\u00eb \u00ebsht\u00eb udh\u00ebhequr nga grupime dhe elita politike q\u00eb si prioritet nuk kan\u00eb pasur mbrojtjen e interesave t\u00eb shoq\u00ebris\u00eb, por privatizimin e shtetit dhe v\u00ebnien e tij n\u00eb sh\u00ebrbim t\u00eb [&hellip;]","og_url":"https:\/\/fjala.info\/2009-2015\/sfida-e-radhes-per-intelektualin-deshtak\/","og_site_name":"FjALA e LIR\u00cb - Arkivi","article_published_time":"2010-06-09T21:34:45+00:00","og_image":[{"url":"http:\/\/www.shkoder.net\/images\/fjala\/bledar_prifti.jpg","type":"","width":"","height":""}],"author":"admin","twitter_card":"summary_large_image","twitter_misc":{"Written by":"admin","Est. reading time":"10 minutes"},"schema":{"@context":"https:\/\/schema.org","@graph":[{"@type":"Article","@id":"https:\/\/fjala.info\/2009-2015\/sfida-e-radhes-per-intelektualin-deshtak\/#article","isPartOf":{"@id":"https:\/\/fjala.info\/2009-2015\/sfida-e-radhes-per-intelektualin-deshtak\/"},"author":{"name":"admin","@id":"https:\/\/fjala.info\/2009-2015\/#\/schema\/person\/3aa1163ef05469c496fc94e77611ada2"},"headline":"Sfida e radh\u00ebs p\u00ebr intelektualin d\u00ebshtak","datePublished":"2010-06-09T21:34:45+00:00","mainEntityOfPage":{"@id":"https:\/\/fjala.info\/2009-2015\/sfida-e-radhes-per-intelektualin-deshtak\/"},"wordCount":1959,"commentCount":0,"publisher":{"@id":"https:\/\/fjala.info\/2009-2015\/#organization"},"image":{"@id":"https:\/\/fjala.info\/2009-2015\/sfida-e-radhes-per-intelektualin-deshtak\/#primaryimage"},"thumbnailUrl":"http:\/\/www.shkoder.net\/images\/fjala\/bledar_prifti.jpg","articleSection":["Artikuj"],"inLanguage":"sq-AL","potentialAction":[{"@type":"CommentAction","name":"Comment","target":["https:\/\/fjala.info\/2009-2015\/sfida-e-radhes-per-intelektualin-deshtak\/#respond"]}]},{"@type":"WebPage","@id":"https:\/\/fjala.info\/2009-2015\/sfida-e-radhes-per-intelektualin-deshtak\/","url":"https:\/\/fjala.info\/2009-2015\/sfida-e-radhes-per-intelektualin-deshtak\/","name":"Sfida e radh\u00ebs p\u00ebr intelektualin d\u00ebshtak - FjALA e LIR\u00cb - Arkivi","isPartOf":{"@id":"https:\/\/fjala.info\/2009-2015\/#website"},"primaryImageOfPage":{"@id":"https:\/\/fjala.info\/2009-2015\/sfida-e-radhes-per-intelektualin-deshtak\/#primaryimage"},"image":{"@id":"https:\/\/fjala.info\/2009-2015\/sfida-e-radhes-per-intelektualin-deshtak\/#primaryimage"},"thumbnailUrl":"http:\/\/www.shkoder.net\/images\/fjala\/bledar_prifti.jpg","datePublished":"2010-06-09T21:34:45+00:00","breadcrumb":{"@id":"https:\/\/fjala.info\/2009-2015\/sfida-e-radhes-per-intelektualin-deshtak\/#breadcrumb"},"inLanguage":"sq-AL","potentialAction":[{"@type":"ReadAction","target":["https:\/\/fjala.info\/2009-2015\/sfida-e-radhes-per-intelektualin-deshtak\/"]}]},{"@type":"ImageObject","inLanguage":"sq-AL","@id":"https:\/\/fjala.info\/2009-2015\/sfida-e-radhes-per-intelektualin-deshtak\/#primaryimage","url":"http:\/\/www.shkoder.net\/images\/fjala\/bledar_prifti.jpg","contentUrl":"http:\/\/www.shkoder.net\/images\/fjala\/bledar_prifti.jpg"},{"@type":"BreadcrumbList","@id":"https:\/\/fjala.info\/2009-2015\/sfida-e-radhes-per-intelektualin-deshtak\/#breadcrumb","itemListElement":[{"@type":"ListItem","position":1,"name":"Home","item":"https:\/\/fjala.info\/2009-2015\/"},{"@type":"ListItem","position":2,"name":"Sfida e radh\u00ebs p\u00ebr intelektualin d\u00ebshtak"}]},{"@type":"WebSite","@id":"https:\/\/fjala.info\/2009-2015\/#website","url":"https:\/\/fjala.info\/2009-2015\/","name":"FjALA e LIR\u00cb - Arkivi","description":"Arkivi 2009-2015","publisher":{"@id":"https:\/\/fjala.info\/2009-2015\/#organization"},"potentialAction":[{"@type":"SearchAction","target":{"@type":"EntryPoint","urlTemplate":"https:\/\/fjala.info\/2009-2015\/?s={search_term_string}"},"query-input":{"@type":"PropertyValueSpecification","valueRequired":true,"valueName":"search_term_string"}}],"inLanguage":"sq-AL"},{"@type":"Organization","@id":"https:\/\/fjala.info\/2009-2015\/#organization","name":"FjALA e LIR\u00cb - Arkivi","url":"https:\/\/fjala.info\/2009-2015\/","logo":{"@type":"ImageObject","inLanguage":"sq-AL","@id":"https:\/\/fjala.info\/2009-2015\/#\/schema\/logo\/image\/","url":"","contentUrl":"","caption":"FjALA e LIR\u00cb - Arkivi"},"image":{"@id":"https:\/\/fjala.info\/2009-2015\/#\/schema\/logo\/image\/"}},{"@type":"Person","@id":"https:\/\/fjala.info\/2009-2015\/#\/schema\/person\/3aa1163ef05469c496fc94e77611ada2","name":"admin","image":{"@type":"ImageObject","inLanguage":"sq-AL","@id":"https:\/\/fjala.info\/2009-2015\/wp-content\/uploads\/2012\/02\/arben_cokaj-120x150.jpg","url":"https:\/\/fjala.info\/2009-2015\/wp-content\/uploads\/2012\/02\/arben_cokaj-120x150.jpg","contentUrl":"https:\/\/fjala.info\/2009-2015\/wp-content\/uploads\/2012\/02\/arben_cokaj-120x150.jpg","caption":"admin"},"description":"Admin, Fjala e Lir\u00eb","sameAs":["https:\/\/fjala.info\/"],"url":"https:\/\/fjala.info\/2009-2015\/author\/admin\/"}]}},"_links":{"self":[{"href":"https:\/\/fjala.info\/2009-2015\/wp-json\/wp\/v2\/posts\/2964","targetHints":{"allow":["GET"]}}],"collection":[{"href":"https:\/\/fjala.info\/2009-2015\/wp-json\/wp\/v2\/posts"}],"about":[{"href":"https:\/\/fjala.info\/2009-2015\/wp-json\/wp\/v2\/types\/post"}],"author":[{"embeddable":true,"href":"https:\/\/fjala.info\/2009-2015\/wp-json\/wp\/v2\/users\/1"}],"replies":[{"embeddable":true,"href":"https:\/\/fjala.info\/2009-2015\/wp-json\/wp\/v2\/comments?post=2964"}],"version-history":[{"count":0,"href":"https:\/\/fjala.info\/2009-2015\/wp-json\/wp\/v2\/posts\/2964\/revisions"}],"wp:attachment":[{"href":"https:\/\/fjala.info\/2009-2015\/wp-json\/wp\/v2\/media?parent=2964"}],"wp:term":[{"taxonomy":"category","embeddable":true,"href":"https:\/\/fjala.info\/2009-2015\/wp-json\/wp\/v2\/categories?post=2964"},{"taxonomy":"post_tag","embeddable":true,"href":"https:\/\/fjala.info\/2009-2015\/wp-json\/wp\/v2\/tags?post=2964"}],"curies":[{"name":"wp","href":"https:\/\/api.w.org\/{rel}","templated":true}]}}