{"id":2960,"date":"2010-06-09T21:49:58","date_gmt":"2010-06-09T20:49:58","guid":{"rendered":"http:\/\/fjala.shkoder.net\/?p=2960"},"modified":"2010-06-09T21:49:58","modified_gmt":"2010-06-09T20:49:58","slug":"arben-malaj-interviste-per-gazeta-panorama","status":"publish","type":"post","link":"https:\/\/fjala.info\/2009-2015\/arben-malaj-interviste-per-gazeta-panorama\/","title":{"rendered":"Arben MALAJ intervist\u00eb p\u00ebr Gazeta &#8220;Panorama&#8221;"},"content":{"rendered":"<p><em>Zoti Malaj, kan\u00eb kaluar disa dit\u00eb nga p\u00ebrfundimi i nj\u00eb afati dy javor l\u00ebn\u00eb nga partner\u00ebt europian\u00eb n\u00eb Strasburg dhe Bruksel, brenda t\u00eb cilit do duhej t\u00eb zgjidhej kriza politike. Asgj\u00eb nuk ka ndryshuar dhe pse jan\u00eb b\u00ebr\u00eb disa negociata n\u00eb nivel ekspert\u00ebsh mes PS dhe PD n\u00eb fsheht\u00ebsi t\u00eb plot\u00eb q\u00eb, mesa duket, nuk kan\u00eb sjell\u00eb rezultat. Si e vler\u00ebsoni k\u00ebt\u00eb situat\u00eb?<\/em><\/p>\n<p><img decoding=\"async\" style=\"margin-left: 10px; margin-right: 10px; border: 0px;\" src=\"http:\/\/www.shkoder.net\/images\/fjala\/arben_malaj.jpg\" border=\"0\" alt=\"Arben Malaj\" width=\"100\" align=\"right\" \/><\/p>\n<p>Fatkeqesisht ky eshte deshtim i radhes dhe me pasoja per vendin. Eshte e pafalshme qe ndersa ballafaqohemi gjithnje e me shnume me rrisqet e krizes ekonomike e sociale, situata politike ne vend vazhdon te jete e mbingarkuar negativisht. Une shpresova qe \u201cKrokodili\u201d te ishte nje rast per vendin,ku politikanet tane do te deklaronin pergjegjesine e tyre dhe do te premtonin zgjidhjen e krizes.<\/p>\n<p><em>Ju jeni shprehur vazhdimisht se PS duhet t\u00eb zhvilloj\u00eb jet\u00eb parlamentare duke e alternuar dhe me protesta. Si vler\u00ebsoni faktin q\u00eb PS sot \u00ebsht\u00eb vet\u00ebm n\u00eb parlament dhe pa hapur kutit\u00eb?!<\/em><\/p>\n<p>I mbetem detyrimit qe cdo force politike e votuar ne zgjedhje ka per te qene parti parlamentare. Eshte pikerisht kjo pyetje qe me ndihmon te ritheksoj se PS nuk duhet ta vonoje organizimin e saj dhe pjesemarrjen e plote dhe efektive ne parlament. Me konkretisht, duhet te perfundoje konfigurimi i perfaqesimit tone politik ne parlament, te zgjidhet nenkryetari i parlamentit, te zgjidhen kryetaret dhe nenkryetaret e komisioneve, te rritet efikasiteti i pjesemarrjes ne komisionet dhe seancat parlamentare. Po keshtu, duhet te perfundoje edhe organizimi i drejtimit politik te grupit parlamentar dhe i strukturave te tjera partiake ne nivel lokal dhe qendror. Mos arritja e nje kompromisi per kerkesat tona, duhet te jete nje argument i forte pse PS nuk duhet te humbase asnje minute per mirorgazimin e saj politik dhe efikasitetin parlamentar.<\/p>\n<p><em>Pas p\u00ebrfundimit t\u00eb ultimatumeve dhe moszgjidhjes s\u00eb kriz\u00ebs, kreu socialist ka nisur nj\u00eb tur takimesh n\u00eb bashkit\u00eb qend\u00ebr qarku p\u00ebrmes t\u00eb cilave po p\u00ebrg\u00ebzon pjes\u00ebmarr\u00ebsit e grev\u00ebs s\u00eb uris\u00eb dhe inkurajon ata se greva nuk d\u00ebshtoi por solli frytet e saj. Sa greva e uris\u00eb, ku ju ishit pjesmarres, arriti objektivin e saj?<\/em><\/p>\n<p>I mirekuptoj te gjitha debatet publike per efikasitetin e greves se urise. Analiza e arritjeve duhet pare ne kendveshtrimin e pritshmerive te shprehura publikisht jo vetem ne protesta, por ne te gjithe aktivitetet tona publike. Disa pritshmeri, sidomos ato qe shpreheshin ne momente optimizmi nga pjesemarrja e madhe e protestuesve, realisht ishin me shume se optimiste. Disa prej tyre cenuan seriozitetin e ballafaqimit politik, demtuan sidomos perkushtimin e protestuesve, te cilet ishin me te qarte se disa nga lideret e protestave qe premtonin fitore brenda 3 diteve apo nje jave.<br \/>\nKam qene i shqetesuar qe rritja e pritshmerive mund ta demtonte kredibilitetin e opozites, ndaj jam shprehur me nje shkrim analize te botuar ne gazeten tuaj, ku kerkoja te benim kujdes nga optimizmi i tepruar, i nxitur nga numri i madh i protestuesve dhe te bazoheshim me shume tek pergjegjesia per protestuesit, pra tek strategjite e efikasitetit opozitar ndaj krizes ekonomike, varferise dhe papunesise,<\/p>\n<p>Pas rreth 11 muaj krize politike, greva kishte si objektiv kryesor sensibilizimin e faktoreve shoqerore dhe politike ne Tirane, si dhe lideret e BE-se, per rrisqet ekonomike e sociale ne rritje.<br \/>\n<em>N\u00eb lidhje me procesin e liberalizimit t\u00eb vizave, PS mund t\u00eb kishte pasur nj\u00eb strategji m\u00eb t\u00eb qart\u00eb dhe m\u00eb t\u00eb kujdesshme p\u00ebr t\u00eb d\u00ebshmuar rolin e saj aksioner n\u00eb k\u00ebt\u00eb p\u00ebrpjekje?<\/em><\/p>\n<p>Publikisht dhe konkretisht ne Shqiperi dhe ne takime nderkombetare, ne menyre te drejtperdrejte PS ka mbeshtetur liberalizimin e vizave dhe do te mbeshtese cdo reforme dhe hap per integrimin europian. Ne e nderpreme bojkotin, iniciuam dhe votuam ne menyre unanime rezoluten per vizat.<\/p>\n<p>Nderpreme greven jo per tu takuar tek \u201cKrokodili\u201d, por per te treguar pergjegjesi maksimale dhe vullnet vetem pozitiv per sfidat integruese te vendit. Efekti ishte pozitiv, BE i aplikoi vendit tone dhe Bosnje Hercekovines heqjen e vizave. Bllokimi i rezolutes ne parlamentin europian nuk vjen per shkak te opozites, por per shkak te bllokimit te zgjidhjes nga maxhioranca. Po keshtu, plotesimi i disa kritereve teknike nuk mund te behet nga opozita, por nga qeveria. Une e deshiroj dhe e besoj qe shqiptaret, maksimumi ne prag te Krishtlindjeve, do te udhetojne te lire ne vendet e BE-se.<\/p>\n<p><em>Sa e efektshme dhe p\u00ebrqafuese nga masa e gjer\u00eb e mb\u00ebshtet\u00ebsve t\u00eb PS mund t\u00eb ishte nj\u00eb rikthim tek protestat popullore, n\u00ebse zgjidhja p\u00ebr hetimin e flet\u00ebve t\u00eb votimit, ku dhe kan\u00eb ngecur negociatat, nuk do t\u00eb vinte?<\/em><\/p>\n<p>Jane akoma te gjitha mundesite dhe jane te qarta te gjitha detyrimet e te dyja forcave kryesore politike, qe te angazhohen per zgjidhjen, te gjejne kompromiset e nevojshme dhe ta nxjerim vendin nga ky ngerc\/krize politike. Cdo zvarritje e zgjidhjes dhe aq me pak cdo strategji e bazuar kryesisht tek protestat, veshtire se do te sjelle nje fitore qe realisht te kete efekte pozitive konkrete.<\/p>\n<p>Pas greves se urise, PS duhet te jete shume me e fokusuar ne reformat e thella qe ka vendi, t&#8217;i inicioje ato jo thjesht duke kundershtuar apo duke mos votuar propozime te maxhorances.<\/p>\n<p>Nuk i perjashtoj protestat paqesore si element te ballafaqimit politik, por nuk e absolutizoj efektin e tyre.<\/p>\n<p><em>Pas nj\u00eb beteje 10 mujore t\u00eb PS p\u00ebr transparenc\u00ebn e zgjedhjeve dhe sensibilizimit t\u00eb t\u00eb gjith\u00eb opinionit, do t\u00eb duhej q\u00eb PS t\u00eb niste t\u00eb mendonte p\u00ebr zgjedhjet p\u00ebr pushtetin vendor, b\u00ebrjen e reform\u00ebs zgjedhore, pasi brenda muajit shtator, presidenti i republik\u00ebs do t\u00eb duhet t\u00eb shpall\u00eb dat\u00ebn e zgjedhjeve?<\/em><\/p>\n<p>Eshte imediate, koha ecen shume shpejt, PS duhet te cliroje me shume energji dhe fokus per sfiden e zgjedhjeve vendore.<\/p>\n<p>Fitorja e tyre eshte nje mision jo i pa mundur per PS. Cdo vonese mund t`i demtoje jo pak pritshmerite tona per t`i fituar keto zgjedhje. Kerkesa per transparencen e votova duhet mbeshtetur me iniciativa konkrete politike, deri edhe referendum per disa sfida te rrezikuara ne demokracine dhe ekonomine e vendit tone.<\/p>\n<p>Ne duhet te shkojme ne keto zgjedhje me avantazhin publik te kontributeve tona ne sfidat konkrete te vendit. Cdo konkurim politik nen kushtet e kesaj temperature politike, te ketij niveli te mosbesimit dhe sidomos me nje kredibilitet ne renie dhe mos besim ne rritje ndaj politikaneve, do t`i beje me te ashpra zgjedhjet vendore dhe me te veshtira sfidat post zgjedhore per cdo fitues.<\/p>\n<p><em>Profesor P\u00ebllumbi \u00ebsht\u00eb shprehur gjat\u00eb nj\u00eb interviste se Edi Rama nuk duhet t\u00eb kandidoj\u00eb p\u00ebr bashkin\u00eb e Tiran\u00ebs duke i l\u00ebn\u00eb vendin figurave t\u00eb tjera dhe t\u00eb merret m\u00eb shum\u00eb me partin\u00eb. Ndani dhe ju t\u00eb nj\u00ebjtin mendim, apo ai \u00ebsht\u00eb kandidatura e vetme fituese e t\u00eb majt\u00ebs n\u00eb Tiran\u00eb?<\/em><\/p>\n<p>Me e rendesishme eshte qe sfidat e PS te mos konsiderohen si sfida personale, te mos absolutizohen aftesite personale te asnje drejtuesi politik, te korrigjohen me guxim gabimet e bera, te synohet nje fryme ekipi dhe bashkepunimi ne emer te pergjegjesise perballe votuesve dhe vendit tone.<\/p>\n<p><em>Duket se ideja e hedhur koh\u00eb m\u00eb par\u00eb nga PSD p\u00ebr krijimin e nj\u00eb federate t\u00eb majt\u00eb, por q\u00eb \u201engriu\u201f nga ana e PS, do t\u00eb nis\u00eb t\u00eb realizohet me shkrirjen e G99 me PS, dhe pse shum\u00eb eksponent\u00eb t\u00eb saj jan\u00eb p\u00ebrfshir\u00eb t\u00eb zyrat qendrore t\u00eb PS. \u00cbsht\u00eb koha p\u00ebr nj\u00eb proces t\u00eb till\u00eb dhe si duhet t\u00eb b\u00ebhet ai?<\/em><\/p>\n<p>Patjeter qe PS duhet te rrise hapsirat per cdo force politike dhe individ qe e shikon bashkimin me PS si mundesi te rritjes se efikasitetit politik te opozites se vendit te tij, dhe jo si mundesi mbijetese individuale apo te forcave politike qe perfaqesojne. Paragjykimi i demtoi jo pak keto bashkepunime, ndaj vleresoj se ne duhet t&#8217;ju urojme mireseardhjen. Bashkimi me forcat e vogla politike, nuk rrit automatikisht efikasitetin dhe suksesin tone. Gjithcka kushtezohet nga motivet konkrete ne te cilat lidershipi i PS nxit kete bashkepunim dhe nga pergjegjesite reale qe partite e reja aleate jane gati te marrin.<\/p>\n<p>Ne rast te kundert, ne rrezikohemi te rritemi bashke me rrisqet qe here pas here te kemi debate publike lidhur me kerkesat e tyre per shkallen e perfaqesimit ne zgjedhjet vendore apo parlamentare.<\/p>\n<p>E theksoj kete sepse jam skeptik qe keta kryetare partish jane gati t`i shkrijne partite e tyre, cka do te thote se rast pas rasti ata rrezikojne te sillen si bashkekryetare, por jo si partnere te pergjegjshem.<\/p>\n<p>Akoma me keq do te jete nese keto iniciativa do te keqperdoren si makiazh politik per te fshehur problemet qe ka funksionimi i vete PS. Teprimet per influenca personale mbi te zgjedhurit politike te PS, monopolizimi i perfaqesimit ne nivel lokal dhe vendor, mbilodhja per ndikim personal ne struktura apo procese zgjedhore ne parti, rrezikon t`i demtoje jo pak kohezionin dhe perkushtimin forces sone politike.<\/p>\n<p>Eshte momenti kritik qe te gjithe te dorezojne dicka nga qendrimet personale, te ofrojne me shume perkushtim, me shume pergjegjesi, me shume dashamiresi qe PS te funksionoje si nje force politike moderne, e afte te korrigjoje gabimet, e perkushtuar te permiresoje dcemokracine e vendit te saj, e qarte dhe e angazhuar fort ne sfidat e perditeshme te popullit dhe vendit te saj.<\/p>\n","protected":false},"excerpt":{"rendered":"<p>Zoti Malaj, kan\u00eb kaluar disa dit\u00eb nga p\u00ebrfundimi i nj\u00eb afati dy javor l\u00ebn\u00eb nga partner\u00ebt europian\u00eb n\u00eb Strasburg dhe Bruksel, brenda t\u00eb cilit do duhej t\u00eb zgjidhej kriza politike. Asgj\u00eb nuk ka ndryshuar dhe pse jan\u00eb b\u00ebr\u00eb disa negociata n\u00eb nivel ekspert\u00ebsh mes PS dhe PD n\u00eb fsheht\u00ebsi t\u00eb plot\u00eb q\u00eb, mesa duket, nuk [&hellip;]<\/p>\n","protected":false},"author":1,"featured_media":0,"comment_status":"open","ping_status":"closed","sticky":false,"template":"","format":"standard","meta":{"footnotes":""},"categories":[4],"tags":[],"class_list":{"0":"post-2960","1":"post","2":"type-post","3":"status-publish","4":"format-standard","6":"category-intervista"},"yoast_head":"<!-- This site is optimized with the Yoast SEO plugin v27.4 - https:\/\/yoast.com\/product\/yoast-seo-wordpress\/ -->\n<title>Arben MALAJ intervist\u00eb p\u00ebr Gazeta &quot;Panorama&quot; - FjALA e LIR\u00cb - Arkivi<\/title>\n<meta name=\"robots\" content=\"index, follow, max-snippet:-1, max-image-preview:large, max-video-preview:-1\" \/>\n<link rel=\"canonical\" href=\"https:\/\/fjala.info\/2009-2015\/arben-malaj-interviste-per-gazeta-panorama\/\" \/>\n<meta property=\"og:locale\" content=\"sq_AL\" \/>\n<meta property=\"og:type\" content=\"article\" \/>\n<meta property=\"og:title\" content=\"Arben MALAJ intervist\u00eb p\u00ebr Gazeta &quot;Panorama&quot; - FjALA e LIR\u00cb - Arkivi\" \/>\n<meta property=\"og:description\" content=\"Zoti Malaj, kan\u00eb kaluar disa dit\u00eb nga p\u00ebrfundimi i nj\u00eb afati dy javor l\u00ebn\u00eb nga partner\u00ebt europian\u00eb n\u00eb Strasburg dhe Bruksel, brenda t\u00eb cilit do duhej t\u00eb zgjidhej kriza politike. Asgj\u00eb nuk ka ndryshuar dhe pse jan\u00eb b\u00ebr\u00eb disa negociata n\u00eb nivel ekspert\u00ebsh mes PS dhe PD n\u00eb fsheht\u00ebsi t\u00eb plot\u00eb q\u00eb, mesa duket, nuk [&hellip;]\" \/>\n<meta property=\"og:url\" content=\"https:\/\/fjala.info\/2009-2015\/arben-malaj-interviste-per-gazeta-panorama\/\" \/>\n<meta property=\"og:site_name\" content=\"FjALA e LIR\u00cb - Arkivi\" \/>\n<meta property=\"article:published_time\" content=\"2010-06-09T20:49:58+00:00\" \/>\n<meta property=\"og:image\" content=\"http:\/\/www.shkoder.net\/images\/fjala\/arben_malaj.jpg\" \/>\n<meta name=\"author\" content=\"admin\" \/>\n<meta name=\"twitter:card\" content=\"summary_large_image\" \/>\n<meta name=\"twitter:label1\" content=\"Written by\" \/>\n\t<meta name=\"twitter:data1\" content=\"admin\" \/>\n\t<meta name=\"twitter:label2\" content=\"Est. reading time\" \/>\n\t<meta name=\"twitter:data2\" content=\"8 minutes\" \/>\n<script type=\"application\/ld+json\" class=\"yoast-schema-graph\">{\"@context\":\"https:\\\/\\\/schema.org\",\"@graph\":[{\"@type\":\"Article\",\"@id\":\"https:\\\/\\\/fjala.info\\\/2009-2015\\\/arben-malaj-interviste-per-gazeta-panorama\\\/#article\",\"isPartOf\":{\"@id\":\"https:\\\/\\\/fjala.info\\\/2009-2015\\\/arben-malaj-interviste-per-gazeta-panorama\\\/\"},\"author\":{\"name\":\"admin\",\"@id\":\"https:\\\/\\\/fjala.info\\\/2009-2015\\\/#\\\/schema\\\/person\\\/3aa1163ef05469c496fc94e77611ada2\"},\"headline\":\"Arben MALAJ intervist\u00eb p\u00ebr Gazeta &#8220;Panorama&#8221;\",\"datePublished\":\"2010-06-09T20:49:58+00:00\",\"mainEntityOfPage\":{\"@id\":\"https:\\\/\\\/fjala.info\\\/2009-2015\\\/arben-malaj-interviste-per-gazeta-panorama\\\/\"},\"wordCount\":1551,\"commentCount\":0,\"publisher\":{\"@id\":\"https:\\\/\\\/fjala.info\\\/2009-2015\\\/#organization\"},\"image\":{\"@id\":\"https:\\\/\\\/fjala.info\\\/2009-2015\\\/arben-malaj-interviste-per-gazeta-panorama\\\/#primaryimage\"},\"thumbnailUrl\":\"http:\\\/\\\/www.shkoder.net\\\/images\\\/fjala\\\/arben_malaj.jpg\",\"articleSection\":[\"Intervista\"],\"inLanguage\":\"sq-AL\",\"potentialAction\":[{\"@type\":\"CommentAction\",\"name\":\"Comment\",\"target\":[\"https:\\\/\\\/fjala.info\\\/2009-2015\\\/arben-malaj-interviste-per-gazeta-panorama\\\/#respond\"]}]},{\"@type\":\"WebPage\",\"@id\":\"https:\\\/\\\/fjala.info\\\/2009-2015\\\/arben-malaj-interviste-per-gazeta-panorama\\\/\",\"url\":\"https:\\\/\\\/fjala.info\\\/2009-2015\\\/arben-malaj-interviste-per-gazeta-panorama\\\/\",\"name\":\"Arben MALAJ intervist\u00eb p\u00ebr Gazeta \\\"Panorama\\\" - FjALA e LIR\u00cb - Arkivi\",\"isPartOf\":{\"@id\":\"https:\\\/\\\/fjala.info\\\/2009-2015\\\/#website\"},\"primaryImageOfPage\":{\"@id\":\"https:\\\/\\\/fjala.info\\\/2009-2015\\\/arben-malaj-interviste-per-gazeta-panorama\\\/#primaryimage\"},\"image\":{\"@id\":\"https:\\\/\\\/fjala.info\\\/2009-2015\\\/arben-malaj-interviste-per-gazeta-panorama\\\/#primaryimage\"},\"thumbnailUrl\":\"http:\\\/\\\/www.shkoder.net\\\/images\\\/fjala\\\/arben_malaj.jpg\",\"datePublished\":\"2010-06-09T20:49:58+00:00\",\"breadcrumb\":{\"@id\":\"https:\\\/\\\/fjala.info\\\/2009-2015\\\/arben-malaj-interviste-per-gazeta-panorama\\\/#breadcrumb\"},\"inLanguage\":\"sq-AL\",\"potentialAction\":[{\"@type\":\"ReadAction\",\"target\":[\"https:\\\/\\\/fjala.info\\\/2009-2015\\\/arben-malaj-interviste-per-gazeta-panorama\\\/\"]}]},{\"@type\":\"ImageObject\",\"inLanguage\":\"sq-AL\",\"@id\":\"https:\\\/\\\/fjala.info\\\/2009-2015\\\/arben-malaj-interviste-per-gazeta-panorama\\\/#primaryimage\",\"url\":\"http:\\\/\\\/www.shkoder.net\\\/images\\\/fjala\\\/arben_malaj.jpg\",\"contentUrl\":\"http:\\\/\\\/www.shkoder.net\\\/images\\\/fjala\\\/arben_malaj.jpg\"},{\"@type\":\"BreadcrumbList\",\"@id\":\"https:\\\/\\\/fjala.info\\\/2009-2015\\\/arben-malaj-interviste-per-gazeta-panorama\\\/#breadcrumb\",\"itemListElement\":[{\"@type\":\"ListItem\",\"position\":1,\"name\":\"Home\",\"item\":\"https:\\\/\\\/fjala.info\\\/2009-2015\\\/\"},{\"@type\":\"ListItem\",\"position\":2,\"name\":\"Arben MALAJ intervist\u00eb p\u00ebr Gazeta &#8220;Panorama&#8221;\"}]},{\"@type\":\"WebSite\",\"@id\":\"https:\\\/\\\/fjala.info\\\/2009-2015\\\/#website\",\"url\":\"https:\\\/\\\/fjala.info\\\/2009-2015\\\/\",\"name\":\"FjALA e LIR\u00cb - Arkivi\",\"description\":\"Arkivi 2009-2015\",\"publisher\":{\"@id\":\"https:\\\/\\\/fjala.info\\\/2009-2015\\\/#organization\"},\"potentialAction\":[{\"@type\":\"SearchAction\",\"target\":{\"@type\":\"EntryPoint\",\"urlTemplate\":\"https:\\\/\\\/fjala.info\\\/2009-2015\\\/?s={search_term_string}\"},\"query-input\":{\"@type\":\"PropertyValueSpecification\",\"valueRequired\":true,\"valueName\":\"search_term_string\"}}],\"inLanguage\":\"sq-AL\"},{\"@type\":\"Organization\",\"@id\":\"https:\\\/\\\/fjala.info\\\/2009-2015\\\/#organization\",\"name\":\"FjALA e LIR\u00cb - Arkivi\",\"url\":\"https:\\\/\\\/fjala.info\\\/2009-2015\\\/\",\"logo\":{\"@type\":\"ImageObject\",\"inLanguage\":\"sq-AL\",\"@id\":\"https:\\\/\\\/fjala.info\\\/2009-2015\\\/#\\\/schema\\\/logo\\\/image\\\/\",\"url\":\"\",\"contentUrl\":\"\",\"caption\":\"FjALA e LIR\u00cb - Arkivi\"},\"image\":{\"@id\":\"https:\\\/\\\/fjala.info\\\/2009-2015\\\/#\\\/schema\\\/logo\\\/image\\\/\"}},{\"@type\":\"Person\",\"@id\":\"https:\\\/\\\/fjala.info\\\/2009-2015\\\/#\\\/schema\\\/person\\\/3aa1163ef05469c496fc94e77611ada2\",\"name\":\"admin\",\"image\":{\"@type\":\"ImageObject\",\"inLanguage\":\"sq-AL\",\"@id\":\"https:\\\/\\\/fjala.info\\\/2009-2015\\\/wp-content\\\/uploads\\\/2012\\\/02\\\/arben_cokaj-120x150.jpg\",\"url\":\"https:\\\/\\\/fjala.info\\\/2009-2015\\\/wp-content\\\/uploads\\\/2012\\\/02\\\/arben_cokaj-120x150.jpg\",\"contentUrl\":\"https:\\\/\\\/fjala.info\\\/2009-2015\\\/wp-content\\\/uploads\\\/2012\\\/02\\\/arben_cokaj-120x150.jpg\",\"caption\":\"admin\"},\"description\":\"Admin, Fjala e Lir\u00eb\",\"sameAs\":[\"https:\\\/\\\/fjala.info\\\/\"],\"url\":\"https:\\\/\\\/fjala.info\\\/2009-2015\\\/author\\\/admin\\\/\"}]}<\/script>\n<!-- \/ Yoast SEO plugin. -->","yoast_head_json":{"title":"Arben MALAJ intervist\u00eb p\u00ebr Gazeta \"Panorama\" - FjALA e LIR\u00cb - Arkivi","robots":{"index":"index","follow":"follow","max-snippet":"max-snippet:-1","max-image-preview":"max-image-preview:large","max-video-preview":"max-video-preview:-1"},"canonical":"https:\/\/fjala.info\/2009-2015\/arben-malaj-interviste-per-gazeta-panorama\/","og_locale":"sq_AL","og_type":"article","og_title":"Arben MALAJ intervist\u00eb p\u00ebr Gazeta \"Panorama\" - FjALA e LIR\u00cb - Arkivi","og_description":"Zoti Malaj, kan\u00eb kaluar disa dit\u00eb nga p\u00ebrfundimi i nj\u00eb afati dy javor l\u00ebn\u00eb nga partner\u00ebt europian\u00eb n\u00eb Strasburg dhe Bruksel, brenda t\u00eb cilit do duhej t\u00eb zgjidhej kriza politike. Asgj\u00eb nuk ka ndryshuar dhe pse jan\u00eb b\u00ebr\u00eb disa negociata n\u00eb nivel ekspert\u00ebsh mes PS dhe PD n\u00eb fsheht\u00ebsi t\u00eb plot\u00eb q\u00eb, mesa duket, nuk [&hellip;]","og_url":"https:\/\/fjala.info\/2009-2015\/arben-malaj-interviste-per-gazeta-panorama\/","og_site_name":"FjALA e LIR\u00cb - Arkivi","article_published_time":"2010-06-09T20:49:58+00:00","og_image":[{"url":"http:\/\/www.shkoder.net\/images\/fjala\/arben_malaj.jpg","type":"","width":"","height":""}],"author":"admin","twitter_card":"summary_large_image","twitter_misc":{"Written by":"admin","Est. reading time":"8 minutes"},"schema":{"@context":"https:\/\/schema.org","@graph":[{"@type":"Article","@id":"https:\/\/fjala.info\/2009-2015\/arben-malaj-interviste-per-gazeta-panorama\/#article","isPartOf":{"@id":"https:\/\/fjala.info\/2009-2015\/arben-malaj-interviste-per-gazeta-panorama\/"},"author":{"name":"admin","@id":"https:\/\/fjala.info\/2009-2015\/#\/schema\/person\/3aa1163ef05469c496fc94e77611ada2"},"headline":"Arben MALAJ intervist\u00eb p\u00ebr Gazeta &#8220;Panorama&#8221;","datePublished":"2010-06-09T20:49:58+00:00","mainEntityOfPage":{"@id":"https:\/\/fjala.info\/2009-2015\/arben-malaj-interviste-per-gazeta-panorama\/"},"wordCount":1551,"commentCount":0,"publisher":{"@id":"https:\/\/fjala.info\/2009-2015\/#organization"},"image":{"@id":"https:\/\/fjala.info\/2009-2015\/arben-malaj-interviste-per-gazeta-panorama\/#primaryimage"},"thumbnailUrl":"http:\/\/www.shkoder.net\/images\/fjala\/arben_malaj.jpg","articleSection":["Intervista"],"inLanguage":"sq-AL","potentialAction":[{"@type":"CommentAction","name":"Comment","target":["https:\/\/fjala.info\/2009-2015\/arben-malaj-interviste-per-gazeta-panorama\/#respond"]}]},{"@type":"WebPage","@id":"https:\/\/fjala.info\/2009-2015\/arben-malaj-interviste-per-gazeta-panorama\/","url":"https:\/\/fjala.info\/2009-2015\/arben-malaj-interviste-per-gazeta-panorama\/","name":"Arben MALAJ intervist\u00eb p\u00ebr Gazeta \"Panorama\" - FjALA e LIR\u00cb - Arkivi","isPartOf":{"@id":"https:\/\/fjala.info\/2009-2015\/#website"},"primaryImageOfPage":{"@id":"https:\/\/fjala.info\/2009-2015\/arben-malaj-interviste-per-gazeta-panorama\/#primaryimage"},"image":{"@id":"https:\/\/fjala.info\/2009-2015\/arben-malaj-interviste-per-gazeta-panorama\/#primaryimage"},"thumbnailUrl":"http:\/\/www.shkoder.net\/images\/fjala\/arben_malaj.jpg","datePublished":"2010-06-09T20:49:58+00:00","breadcrumb":{"@id":"https:\/\/fjala.info\/2009-2015\/arben-malaj-interviste-per-gazeta-panorama\/#breadcrumb"},"inLanguage":"sq-AL","potentialAction":[{"@type":"ReadAction","target":["https:\/\/fjala.info\/2009-2015\/arben-malaj-interviste-per-gazeta-panorama\/"]}]},{"@type":"ImageObject","inLanguage":"sq-AL","@id":"https:\/\/fjala.info\/2009-2015\/arben-malaj-interviste-per-gazeta-panorama\/#primaryimage","url":"http:\/\/www.shkoder.net\/images\/fjala\/arben_malaj.jpg","contentUrl":"http:\/\/www.shkoder.net\/images\/fjala\/arben_malaj.jpg"},{"@type":"BreadcrumbList","@id":"https:\/\/fjala.info\/2009-2015\/arben-malaj-interviste-per-gazeta-panorama\/#breadcrumb","itemListElement":[{"@type":"ListItem","position":1,"name":"Home","item":"https:\/\/fjala.info\/2009-2015\/"},{"@type":"ListItem","position":2,"name":"Arben MALAJ intervist\u00eb p\u00ebr Gazeta &#8220;Panorama&#8221;"}]},{"@type":"WebSite","@id":"https:\/\/fjala.info\/2009-2015\/#website","url":"https:\/\/fjala.info\/2009-2015\/","name":"FjALA e LIR\u00cb - Arkivi","description":"Arkivi 2009-2015","publisher":{"@id":"https:\/\/fjala.info\/2009-2015\/#organization"},"potentialAction":[{"@type":"SearchAction","target":{"@type":"EntryPoint","urlTemplate":"https:\/\/fjala.info\/2009-2015\/?s={search_term_string}"},"query-input":{"@type":"PropertyValueSpecification","valueRequired":true,"valueName":"search_term_string"}}],"inLanguage":"sq-AL"},{"@type":"Organization","@id":"https:\/\/fjala.info\/2009-2015\/#organization","name":"FjALA e LIR\u00cb - Arkivi","url":"https:\/\/fjala.info\/2009-2015\/","logo":{"@type":"ImageObject","inLanguage":"sq-AL","@id":"https:\/\/fjala.info\/2009-2015\/#\/schema\/logo\/image\/","url":"","contentUrl":"","caption":"FjALA e LIR\u00cb - Arkivi"},"image":{"@id":"https:\/\/fjala.info\/2009-2015\/#\/schema\/logo\/image\/"}},{"@type":"Person","@id":"https:\/\/fjala.info\/2009-2015\/#\/schema\/person\/3aa1163ef05469c496fc94e77611ada2","name":"admin","image":{"@type":"ImageObject","inLanguage":"sq-AL","@id":"https:\/\/fjala.info\/2009-2015\/wp-content\/uploads\/2012\/02\/arben_cokaj-120x150.jpg","url":"https:\/\/fjala.info\/2009-2015\/wp-content\/uploads\/2012\/02\/arben_cokaj-120x150.jpg","contentUrl":"https:\/\/fjala.info\/2009-2015\/wp-content\/uploads\/2012\/02\/arben_cokaj-120x150.jpg","caption":"admin"},"description":"Admin, Fjala e Lir\u00eb","sameAs":["https:\/\/fjala.info\/"],"url":"https:\/\/fjala.info\/2009-2015\/author\/admin\/"}]}},"_links":{"self":[{"href":"https:\/\/fjala.info\/2009-2015\/wp-json\/wp\/v2\/posts\/2960","targetHints":{"allow":["GET"]}}],"collection":[{"href":"https:\/\/fjala.info\/2009-2015\/wp-json\/wp\/v2\/posts"}],"about":[{"href":"https:\/\/fjala.info\/2009-2015\/wp-json\/wp\/v2\/types\/post"}],"author":[{"embeddable":true,"href":"https:\/\/fjala.info\/2009-2015\/wp-json\/wp\/v2\/users\/1"}],"replies":[{"embeddable":true,"href":"https:\/\/fjala.info\/2009-2015\/wp-json\/wp\/v2\/comments?post=2960"}],"version-history":[{"count":0,"href":"https:\/\/fjala.info\/2009-2015\/wp-json\/wp\/v2\/posts\/2960\/revisions"}],"wp:attachment":[{"href":"https:\/\/fjala.info\/2009-2015\/wp-json\/wp\/v2\/media?parent=2960"}],"wp:term":[{"taxonomy":"category","embeddable":true,"href":"https:\/\/fjala.info\/2009-2015\/wp-json\/wp\/v2\/categories?post=2960"},{"taxonomy":"post_tag","embeddable":true,"href":"https:\/\/fjala.info\/2009-2015\/wp-json\/wp\/v2\/tags?post=2960"}],"curies":[{"name":"wp","href":"https:\/\/api.w.org\/{rel}","templated":true}]}}