{"id":296,"date":"2011-11-20T06:41:59","date_gmt":"2011-11-20T05:41:59","guid":{"rendered":"http:\/\/fjala.shkoder.net\/?p=296"},"modified":"2011-11-20T06:41:59","modified_gmt":"2011-11-20T05:41:59","slug":"parku-letrar-jorgos-seferis","status":"publish","type":"post","link":"https:\/\/fjala.info\/2009-2015\/parku-letrar-jorgos-seferis\/","title":{"rendered":"Parku letrar \u201cJorgos Seferis\u201d"},"content":{"rendered":"<p><img decoding=\"async\" class=\"alignright size-thumbnail wp-image-7236\" title=\"Arjan Th. Kall\u00e7o\" src=\"http:\/\/www.shkoder.net\/images\/fjala\/2011\/arjan_kallco.jpg\" alt=\"\" width=\"150\" \/> <strong>Arjan Th. Kall\u00e7o<\/strong><\/p>\n<p>Dikur kam p\u00ebrgatitur nj\u00eb material q\u00eb b\u00ebn fjal\u00eb p\u00ebr parkun letrar t\u00eb nj\u00ebrit prej poet\u00ebve m\u00eb m\u00eb m\u00ebdhenj italian\u00eb, Nobelist, Ungaretit. N\u00eb tetor n\u00eb Itali miqt\u00eb tan\u00eb n\u00eb Morra de Sanctis, kishin fituar nj\u00eb projekt p\u00ebr nj\u00eb park t\u00eb till\u00eb letrar q\u00eb do t\u00eb mbante ermin e n\u00ebjrit prej letrar\u00ebve m\u00eb t\u00eb shquar t\u00eb krahin\u00ebs dhe Italis\u00eb. Tek ne ky fenomen letrar ende nuk ka asnj\u00eb em\u00ebr, baz\u00eb dhe tradit\u00eb. Le t\u00eb krijojm\u00eb nj\u00eb tradit\u00eb t\u00eb till\u00eb n\u00eb vend, duke p\u00ebrzgjedhur emrat m\u00eb t\u00eb shquar t\u00eb let\u00ebrsis\u00eb son\u00eb komb\u00ebtare dhe nd\u00ebrkomb\u00ebtare, t\u00eb atyre q\u00eb kan\u00eb q\u00ebn\u00eb pjes\u00eb e jet\u00ebs son\u00eb dikur.<\/p>\n<p>Kjo ide nuk ka asgj\u00eb t\u00eb p\u00ebrbashk\u00ebt me kopjet t\u00eb cilat duhet t\u2019i sjellim edhe t\u2019i ngrejm\u00eb tek ne, por i shtohemi num\u00ebrit t\u00eb vendeve q\u00eb synojn\u00eb q\u00eb t\u00eb p\u00ebrhapin nj\u00eb tradit\u00eb t\u00eb vyer, duke kujtuar figura t\u00eb ndritura t\u00eb let\u00ebrsis\u00eb. Meq\u00eb tek ne vlerat askush s\u2019po i mbron dhe aq m\u00eb pak t\u2019i vler\u00ebsoj\u00eb, koha do kaloj\u00eb dhe do t\u00eb shohim, sesa largpam\u00ebs kemi q\u00ebn\u00eb, duke u marr\u00eb me ide t\u00eb translaptuara pa bereqet, si t\u00eb shkat\u00ebrrimit t\u00eb asaj kulture apo tradite q\u00eb me aq mund u krijua n\u00eb vite.<\/p>\n<p>N\u00eb k\u00ebt\u00eb fundjav\u00eb n\u00eb nj\u00eb emision tek RAI pash\u00eb mrekullin\u00eb e mendjes njer\u00ebzore q\u00eb n\u00eb 10 vite pune, rekuperuan me restaurime nj\u00eb Versaj\u00eb italiane n\u00eb Torino, secili mund ta shikoj\u00eb n\u00eb internet, duke e sjell\u00eb n\u00eb t\u00eb gjith\u00eb shk\u00eblqimin e dikursh\u00ebm. Nj\u00eb p\u00ebrpjekje jo p\u00ebr ta shkat\u00ebrruar t\u00eb shkuar\u00ebn, por p\u00ebr ta mbrojtur dhe b\u00ebr\u00eb t\u00eb njohur p\u00ebr t\u00eb gjith\u00eb, edhe p\u00ebr turist\u00ebt e shumt\u00eb. Kam p\u00ebrshtypjen se tek fjala turiz\u00ebm kulturor ne jemi shum\u00eb prapa, pasi jan\u00eb t\u00eb pakt\u00eb ata q\u00eb e praktikojn\u00eb, edhe pse nuk e njohim dhe nuk kemi d\u00ebshir\u00eb q\u00eb ta njohim kultur\u00ebn ton\u00eb.<\/p>\n<p>\u00c7udia e k\u00ebtyre vlerave t\u00eb v\u00ebrteta dhe jo false, u shfaq hapur nga disa miq italian\u00eb q\u00eb shpesh n\u00ebp\u00ebr Shqip\u00ebri, muzet\u00eb dhe monumentet e kultur\u00ebs i gjejn\u00eb gjithmon\u00eb bosh. A mund t\u00eb mos interesohet njeriu p\u00ebr kultur\u00ebn e vet? \u2013 \u00ebsht\u00eb pyetja q\u00eb b\u00ebhet shpesh n\u00eb takime me miq artist\u00eb, por q\u00eb p\u00ebrgjigjen e marrim shpejt, kur shohim apo m\u00ebsojm\u00eb se disa prej tyre prishen n\u00eb drit\u00eb t\u00eb diellit. Dit\u00ebn e fundit t\u00eb fundjav\u00ebs tek pazari i Kor\u00e7\u00ebs pam\u00eb nj\u00eb tradit\u00eb q\u00eb dikur ruhej nga shteti, restaurohej, por p\u00ebr fat t\u00eb keq ka filluar q\u00eb t\u00eb prishet. B\u00ebhet fjal\u00eb p\u00ebr Hanin Elbasani q\u00eb gjendet pik\u00ebrisht tek hyrja e pazarit q\u00eb tash \u00ebsht\u00eb shnd\u00ebrruar n\u00eb nj\u00eb treg, por kjo nuk do t\u00eb thot\u00eb q\u00eb ta braktisim dhe ta l\u00ebm\u00eb pasdore, p\u00ebr t\u2019ia dh\u00ebn\u00eb ndonj\u00eb privati q\u00eb t\u00eb nd\u00ebrtoj\u00eb ndonj\u00eb pallat \u201cgjigand\u201d n\u00eb vend t\u00eb tij.<\/p>\n<p><em>Po p\u00ebrse zgjodha emrin e poetit Jorgos Seferis?<\/em><br \/>\nMendova k\u00ebt\u00eb em\u00ebr, duke kujtuar edhe ndonj\u00eb mik q\u00eb sa her\u00eb takohemi ma sjell n\u00eb kujtes\u00eb poetin dhe \u201cturpin\u201d q\u00eb nuk po e nderojm\u00eb dot, besoj se duhet ta kemi n\u00eb nderin ton\u00eb q\u00eb Nobelisti grek t\u00eb jet\u00eb gjithmon\u00eb mes nesh, \u00e7mim q\u00eb e mori n\u00eb vitin 1963, sepse punoi dhe jetoi n\u00eb qytetin ton\u00eb, me detyr\u00ebn e Konsullit t\u00eb Greqis\u00eb, duke e p\u00ebrjet\u00ebsuar edhe n\u00eb vepr\u00ebn e tij. A ka nder m\u00eb t\u00eb madh p\u00ebr Kor\u00e7\u00ebn? Logjika ma do se jo, pavar\u00ebsisht mendjeve t\u00eb nxehta q\u00eb do t\u00eb shohin tek ky rast, shembullin e qart\u00eb t\u00eb nj\u00eb kritike nacionaliste, se doli zogu n\u00eb shteg. Rrini t\u00eb qet\u00eb sepse nuk kemi nevoj\u00eb p\u00ebr komentet tuaja bajate dhe \u201cpatriotike\u201d sa her\u00eb q\u00eb p\u00ebrmenden disa vende, midis t\u00eb cil\u00ebve dhe Greqia. Ne nuk e ngat\u00ebrrojm\u00eb kurr\u00eb kultur\u00ebn me politik\u00ebn apo me njer\u00ebz q\u00eb n\u00eb mendje kan\u00eb aspirate t\u00eb tjera dhe jo komb\u00ebtare.<\/p>\n<p><em>Seferisi \u00ebsht\u00eb poeti i bot\u00ebs dhe jo vet\u00ebm i Greqis\u00eb, por k\u00ebt\u00eb madh\u00ebshti nuk e kuptojn\u00eb dot njer\u00ebzit e vegj\u00ebl. Meq\u00eb \u00ebsht\u00eb ide q\u00eb po hidhet p\u00ebr her\u00eb t\u00eb par\u00eb tek ne dhe m\u00eb vjen mir\u00eb q\u00eb po e paraqes i pari, do t\u00eb desha t\u00eb shpjegoja disa koncepte q\u00eb lidhen me parkun letrar.<br \/>\n\u00c7far\u00eb \u00ebsht\u00eb parku letrar?<\/em><\/p>\n<p>Parku letrar \u00ebsht\u00eb nj\u00eb hap\u00ebsir\u00eb fizike apo mendore, vende q\u00eb i frym\u00ebzuan veprat e shkrimtar\u00ebve t\u00eb m\u00ebdhenj t\u00eb nj\u00eb vendi dhe t\u00eb bot\u00ebs dhe q\u00eb nuk kan\u00eb kufij. Park letrar mund t\u00eb jet\u00eb nj\u00eb vend me rr\u00ebnoja t\u00eb vjetra, k\u00ebto v\u00ebshtir\u00eb se mund t\u2019i gjejm\u00eb tek ne pasi jan\u00eb betonizuar, sht\u00ebpi ku kan\u00eb jetuar dhe banuar k\u00ebta mendimtar\u00eb t\u00eb shpirtit, qendra t\u00eb t\u00ebra historike t\u00eb cilat i kemi, por t\u00eb shpresojm\u00eb q\u00eb t\u00eb mos eliminohen \u00e7do dit\u00eb, rrug\u00eb t\u00eb vjetra brenda dhe jasht\u00eb qendrave t\u00eb banuara. Synimi i nj\u00eb hap\u00ebsire t\u00eb till\u00eb \u00ebsht\u00eb t\u00eb shp\u00ebtohen p\u00ebrvojat vizive dhe emocionale t\u00eb autorit q\u00eb i ngjizi n\u00eb vepra, me veprimtari t\u00eb shumta q\u00eb stimulojn\u00eb k\u00ebrsh\u00ebri dhe fantazi tek njer\u00ebzit dhe tek turist\u00ebt.<\/p>\n<p>Pra, nuk b\u00ebhet fjal\u00eb vet\u00ebm p\u00ebr nj\u00eb mendim kulturor, por n\u00ebj veprimtari e shum\u00ebanshme, bile dhe ekonomike me l\u00ebvizjet e njer\u00ebzve brenda vendit, por edhe jasht\u00eb. Fitojn\u00eb t\u00eb gjith\u00eb pa asnj\u00eb dallim, pasi do t\u00eb vihen n\u00eb l\u00ebvizje potenciale t\u00eb m\u00ebdha ekonomike, kulturore, gastronomike, hoteliere etj. Nj\u00eb fakt dometh\u00ebn\u00ebs \u00ebsht\u00eb pun\u00ebsimi edhe pse sezonal i shum\u00eb t\u00eb rinjve q\u00eb koh\u00ebn e vrasin kot kafeneve apo rrug\u00ebve t\u00eb qyteteve. Natyrisht nj\u00eb monument, nj\u00eb pllak\u00eb p\u00ebrkujtimore dhe disa nga vargjet m\u00eb t\u00eb bukura duhen ekspozuar diku n\u00eb k\u00ebto hap\u00ebsira q\u00eb edhe brezat q\u00eb do t\u00eb vijn\u00eb t\u00eb ken\u00eb rast q\u00eb t\u00eb njohin t\u00eb shkuar\u00ebn ton\u00eb me t\u00eb gjitha arritjet dhe gabimet tona.<\/p>\n<p>Pa k\u00ebt\u00eb ballafaqim v\u00ebshtir\u00eb se do t\u00eb b\u00ebjm\u00eb shum\u00eb hapa para drejt qytet\u00ebrimit. Kjo do t\u00eb na jepte dor\u00eb q\u00eb t\u00eb rilidhim kujtimet e shkrimtarit apo poetit, \u00e7astet e frym\u00ebzimit t\u00eb tij, duke mbajtur parasysh mjedisin, historin\u00eb dhe traditat tona. Kjo ide mund t\u00eb diskutohet kudo tek ne, n\u00eb t\u00eb gjitha qytetet dhe vet\u00eb bashkit\u00eb apo zyrat e tyre t\u00eb vrasin mendjen p\u00ebr nj\u00eb organizim sa m\u00eb t\u00eb mir\u00eb t\u00eb k\u00ebtyre ngjarjeve.<\/p>\n<p>Hapi i par\u00eb i domosdosh\u00ebm \u00ebsht\u00eb q\u00eb kjo ide t\u00eb mos kthehet si q\u00ebllim n\u00eb vetvete, por t\u00eb p\u00ebrzgjidhen figurat m\u00eb t\u00eb m\u00ebdha t\u00eb \u00e7do qyteti dhe t\u00eb kombit. Nj\u00eb shosh\u00eb e till\u00eb duhet t\u00eb funksionoj\u00eb fuqish\u00ebm, pasi nuk dua q\u00eb ideja t\u00eb degjeneroj\u00eb n\u00eb emra q\u00eb nuk e meritojn\u00eb aspak k\u00ebt\u00eb nder. Ta hedhim hapin dhe t\u00eb shohim m\u00eb pas rezultatet, q\u00eb besoj se do t\u00eb jen\u00eb tep\u00ebr frytdh\u00ebn\u00ebse, edhe p\u00ebr disa nacionalist\u00eb t\u00eb thekur mjeran\u00eb.<\/p>\n","protected":false},"excerpt":{"rendered":"<p>Arjan Th. Kall\u00e7o Dikur kam p\u00ebrgatitur nj\u00eb material q\u00eb b\u00ebn fjal\u00eb p\u00ebr parkun letrar t\u00eb nj\u00ebrit prej poet\u00ebve m\u00eb m\u00eb m\u00ebdhenj italian\u00eb, Nobelist, Ungaretit. N\u00eb tetor n\u00eb Itali miqt\u00eb tan\u00eb n\u00eb Morra de Sanctis, kishin fituar nj\u00eb projekt p\u00ebr nj\u00eb park t\u00eb till\u00eb letrar q\u00eb do t\u00eb mbante ermin e n\u00ebjrit prej letrar\u00ebve m\u00eb t\u00eb [&hellip;]<\/p>\n","protected":false},"author":1,"featured_media":0,"comment_status":"open","ping_status":"closed","sticky":false,"template":"","format":"standard","meta":{"footnotes":""},"categories":[2,7],"tags":[],"class_list":{"0":"post-296","1":"post","2":"type-post","3":"status-publish","4":"format-standard","6":"category-artikuj","7":"category-letersi"},"yoast_head":"<!-- This site is optimized with the Yoast SEO plugin v27.4 - https:\/\/yoast.com\/product\/yoast-seo-wordpress\/ -->\n<title>Parku letrar \u201cJorgos Seferis\u201d - FjALA e LIR\u00cb - Arkivi<\/title>\n<meta name=\"robots\" content=\"index, follow, max-snippet:-1, max-image-preview:large, max-video-preview:-1\" \/>\n<link rel=\"canonical\" href=\"https:\/\/fjala.info\/2009-2015\/parku-letrar-jorgos-seferis\/\" \/>\n<meta property=\"og:locale\" content=\"sq_AL\" \/>\n<meta property=\"og:type\" content=\"article\" \/>\n<meta property=\"og:title\" content=\"Parku letrar \u201cJorgos Seferis\u201d - FjALA e LIR\u00cb - Arkivi\" \/>\n<meta property=\"og:description\" content=\"Arjan Th. Kall\u00e7o Dikur kam p\u00ebrgatitur nj\u00eb material q\u00eb b\u00ebn fjal\u00eb p\u00ebr parkun letrar t\u00eb nj\u00ebrit prej poet\u00ebve m\u00eb m\u00eb m\u00ebdhenj italian\u00eb, Nobelist, Ungaretit. N\u00eb tetor n\u00eb Itali miqt\u00eb tan\u00eb n\u00eb Morra de Sanctis, kishin fituar nj\u00eb projekt p\u00ebr nj\u00eb park t\u00eb till\u00eb letrar q\u00eb do t\u00eb mbante ermin e n\u00ebjrit prej letrar\u00ebve m\u00eb t\u00eb [&hellip;]\" \/>\n<meta property=\"og:url\" content=\"https:\/\/fjala.info\/2009-2015\/parku-letrar-jorgos-seferis\/\" \/>\n<meta property=\"og:site_name\" content=\"FjALA e LIR\u00cb - Arkivi\" \/>\n<meta property=\"article:published_time\" content=\"2011-11-20T05:41:59+00:00\" \/>\n<meta property=\"og:image\" content=\"http:\/\/www.shkoder.net\/images\/fjala\/2011\/arjan_kallco.jpg\" \/>\n<meta name=\"author\" content=\"admin\" \/>\n<meta name=\"twitter:card\" content=\"summary_large_image\" \/>\n<meta name=\"twitter:label1\" content=\"Written by\" \/>\n\t<meta name=\"twitter:data1\" content=\"admin\" \/>\n\t<meta name=\"twitter:label2\" content=\"Est. reading time\" \/>\n\t<meta name=\"twitter:data2\" content=\"6 minutes\" \/>\n<script type=\"application\/ld+json\" class=\"yoast-schema-graph\">{\"@context\":\"https:\\\/\\\/schema.org\",\"@graph\":[{\"@type\":\"Article\",\"@id\":\"https:\\\/\\\/fjala.info\\\/2009-2015\\\/parku-letrar-jorgos-seferis\\\/#article\",\"isPartOf\":{\"@id\":\"https:\\\/\\\/fjala.info\\\/2009-2015\\\/parku-letrar-jorgos-seferis\\\/\"},\"author\":{\"name\":\"admin\",\"@id\":\"https:\\\/\\\/fjala.info\\\/2009-2015\\\/#\\\/schema\\\/person\\\/3aa1163ef05469c496fc94e77611ada2\"},\"headline\":\"Parku letrar \u201cJorgos Seferis\u201d\",\"datePublished\":\"2011-11-20T05:41:59+00:00\",\"mainEntityOfPage\":{\"@id\":\"https:\\\/\\\/fjala.info\\\/2009-2015\\\/parku-letrar-jorgos-seferis\\\/\"},\"wordCount\":1185,\"commentCount\":0,\"publisher\":{\"@id\":\"https:\\\/\\\/fjala.info\\\/2009-2015\\\/#organization\"},\"image\":{\"@id\":\"https:\\\/\\\/fjala.info\\\/2009-2015\\\/parku-letrar-jorgos-seferis\\\/#primaryimage\"},\"thumbnailUrl\":\"http:\\\/\\\/www.shkoder.net\\\/images\\\/fjala\\\/2011\\\/arjan_kallco.jpg\",\"articleSection\":[\"Artikuj\",\"Let\u00ebrsi\"],\"inLanguage\":\"sq-AL\",\"potentialAction\":[{\"@type\":\"CommentAction\",\"name\":\"Comment\",\"target\":[\"https:\\\/\\\/fjala.info\\\/2009-2015\\\/parku-letrar-jorgos-seferis\\\/#respond\"]}]},{\"@type\":\"WebPage\",\"@id\":\"https:\\\/\\\/fjala.info\\\/2009-2015\\\/parku-letrar-jorgos-seferis\\\/\",\"url\":\"https:\\\/\\\/fjala.info\\\/2009-2015\\\/parku-letrar-jorgos-seferis\\\/\",\"name\":\"Parku letrar \u201cJorgos Seferis\u201d - FjALA e LIR\u00cb - Arkivi\",\"isPartOf\":{\"@id\":\"https:\\\/\\\/fjala.info\\\/2009-2015\\\/#website\"},\"primaryImageOfPage\":{\"@id\":\"https:\\\/\\\/fjala.info\\\/2009-2015\\\/parku-letrar-jorgos-seferis\\\/#primaryimage\"},\"image\":{\"@id\":\"https:\\\/\\\/fjala.info\\\/2009-2015\\\/parku-letrar-jorgos-seferis\\\/#primaryimage\"},\"thumbnailUrl\":\"http:\\\/\\\/www.shkoder.net\\\/images\\\/fjala\\\/2011\\\/arjan_kallco.jpg\",\"datePublished\":\"2011-11-20T05:41:59+00:00\",\"breadcrumb\":{\"@id\":\"https:\\\/\\\/fjala.info\\\/2009-2015\\\/parku-letrar-jorgos-seferis\\\/#breadcrumb\"},\"inLanguage\":\"sq-AL\",\"potentialAction\":[{\"@type\":\"ReadAction\",\"target\":[\"https:\\\/\\\/fjala.info\\\/2009-2015\\\/parku-letrar-jorgos-seferis\\\/\"]}]},{\"@type\":\"ImageObject\",\"inLanguage\":\"sq-AL\",\"@id\":\"https:\\\/\\\/fjala.info\\\/2009-2015\\\/parku-letrar-jorgos-seferis\\\/#primaryimage\",\"url\":\"http:\\\/\\\/www.shkoder.net\\\/images\\\/fjala\\\/2011\\\/arjan_kallco.jpg\",\"contentUrl\":\"http:\\\/\\\/www.shkoder.net\\\/images\\\/fjala\\\/2011\\\/arjan_kallco.jpg\"},{\"@type\":\"BreadcrumbList\",\"@id\":\"https:\\\/\\\/fjala.info\\\/2009-2015\\\/parku-letrar-jorgos-seferis\\\/#breadcrumb\",\"itemListElement\":[{\"@type\":\"ListItem\",\"position\":1,\"name\":\"Home\",\"item\":\"https:\\\/\\\/fjala.info\\\/2009-2015\\\/\"},{\"@type\":\"ListItem\",\"position\":2,\"name\":\"Parku letrar \u201cJorgos Seferis\u201d\"}]},{\"@type\":\"WebSite\",\"@id\":\"https:\\\/\\\/fjala.info\\\/2009-2015\\\/#website\",\"url\":\"https:\\\/\\\/fjala.info\\\/2009-2015\\\/\",\"name\":\"FjALA e LIR\u00cb - Arkivi\",\"description\":\"Arkivi 2009-2015\",\"publisher\":{\"@id\":\"https:\\\/\\\/fjala.info\\\/2009-2015\\\/#organization\"},\"potentialAction\":[{\"@type\":\"SearchAction\",\"target\":{\"@type\":\"EntryPoint\",\"urlTemplate\":\"https:\\\/\\\/fjala.info\\\/2009-2015\\\/?s={search_term_string}\"},\"query-input\":{\"@type\":\"PropertyValueSpecification\",\"valueRequired\":true,\"valueName\":\"search_term_string\"}}],\"inLanguage\":\"sq-AL\"},{\"@type\":\"Organization\",\"@id\":\"https:\\\/\\\/fjala.info\\\/2009-2015\\\/#organization\",\"name\":\"FjALA e LIR\u00cb - Arkivi\",\"url\":\"https:\\\/\\\/fjala.info\\\/2009-2015\\\/\",\"logo\":{\"@type\":\"ImageObject\",\"inLanguage\":\"sq-AL\",\"@id\":\"https:\\\/\\\/fjala.info\\\/2009-2015\\\/#\\\/schema\\\/logo\\\/image\\\/\",\"url\":\"\",\"contentUrl\":\"\",\"caption\":\"FjALA e LIR\u00cb - Arkivi\"},\"image\":{\"@id\":\"https:\\\/\\\/fjala.info\\\/2009-2015\\\/#\\\/schema\\\/logo\\\/image\\\/\"}},{\"@type\":\"Person\",\"@id\":\"https:\\\/\\\/fjala.info\\\/2009-2015\\\/#\\\/schema\\\/person\\\/3aa1163ef05469c496fc94e77611ada2\",\"name\":\"admin\",\"image\":{\"@type\":\"ImageObject\",\"inLanguage\":\"sq-AL\",\"@id\":\"https:\\\/\\\/fjala.info\\\/2009-2015\\\/wp-content\\\/uploads\\\/2012\\\/02\\\/arben_cokaj-120x150.jpg\",\"url\":\"https:\\\/\\\/fjala.info\\\/2009-2015\\\/wp-content\\\/uploads\\\/2012\\\/02\\\/arben_cokaj-120x150.jpg\",\"contentUrl\":\"https:\\\/\\\/fjala.info\\\/2009-2015\\\/wp-content\\\/uploads\\\/2012\\\/02\\\/arben_cokaj-120x150.jpg\",\"caption\":\"admin\"},\"description\":\"Admin, Fjala e Lir\u00eb\",\"sameAs\":[\"https:\\\/\\\/fjala.info\\\/\"],\"url\":\"https:\\\/\\\/fjala.info\\\/2009-2015\\\/author\\\/admin\\\/\"}]}<\/script>\n<!-- \/ Yoast SEO plugin. -->","yoast_head_json":{"title":"Parku letrar \u201cJorgos Seferis\u201d - FjALA e LIR\u00cb - Arkivi","robots":{"index":"index","follow":"follow","max-snippet":"max-snippet:-1","max-image-preview":"max-image-preview:large","max-video-preview":"max-video-preview:-1"},"canonical":"https:\/\/fjala.info\/2009-2015\/parku-letrar-jorgos-seferis\/","og_locale":"sq_AL","og_type":"article","og_title":"Parku letrar \u201cJorgos Seferis\u201d - FjALA e LIR\u00cb - Arkivi","og_description":"Arjan Th. Kall\u00e7o Dikur kam p\u00ebrgatitur nj\u00eb material q\u00eb b\u00ebn fjal\u00eb p\u00ebr parkun letrar t\u00eb nj\u00ebrit prej poet\u00ebve m\u00eb m\u00eb m\u00ebdhenj italian\u00eb, Nobelist, Ungaretit. N\u00eb tetor n\u00eb Itali miqt\u00eb tan\u00eb n\u00eb Morra de Sanctis, kishin fituar nj\u00eb projekt p\u00ebr nj\u00eb park t\u00eb till\u00eb letrar q\u00eb do t\u00eb mbante ermin e n\u00ebjrit prej letrar\u00ebve m\u00eb t\u00eb [&hellip;]","og_url":"https:\/\/fjala.info\/2009-2015\/parku-letrar-jorgos-seferis\/","og_site_name":"FjALA e LIR\u00cb - Arkivi","article_published_time":"2011-11-20T05:41:59+00:00","og_image":[{"url":"http:\/\/www.shkoder.net\/images\/fjala\/2011\/arjan_kallco.jpg","type":"","width":"","height":""}],"author":"admin","twitter_card":"summary_large_image","twitter_misc":{"Written by":"admin","Est. reading time":"6 minutes"},"schema":{"@context":"https:\/\/schema.org","@graph":[{"@type":"Article","@id":"https:\/\/fjala.info\/2009-2015\/parku-letrar-jorgos-seferis\/#article","isPartOf":{"@id":"https:\/\/fjala.info\/2009-2015\/parku-letrar-jorgos-seferis\/"},"author":{"name":"admin","@id":"https:\/\/fjala.info\/2009-2015\/#\/schema\/person\/3aa1163ef05469c496fc94e77611ada2"},"headline":"Parku letrar \u201cJorgos Seferis\u201d","datePublished":"2011-11-20T05:41:59+00:00","mainEntityOfPage":{"@id":"https:\/\/fjala.info\/2009-2015\/parku-letrar-jorgos-seferis\/"},"wordCount":1185,"commentCount":0,"publisher":{"@id":"https:\/\/fjala.info\/2009-2015\/#organization"},"image":{"@id":"https:\/\/fjala.info\/2009-2015\/parku-letrar-jorgos-seferis\/#primaryimage"},"thumbnailUrl":"http:\/\/www.shkoder.net\/images\/fjala\/2011\/arjan_kallco.jpg","articleSection":["Artikuj","Let\u00ebrsi"],"inLanguage":"sq-AL","potentialAction":[{"@type":"CommentAction","name":"Comment","target":["https:\/\/fjala.info\/2009-2015\/parku-letrar-jorgos-seferis\/#respond"]}]},{"@type":"WebPage","@id":"https:\/\/fjala.info\/2009-2015\/parku-letrar-jorgos-seferis\/","url":"https:\/\/fjala.info\/2009-2015\/parku-letrar-jorgos-seferis\/","name":"Parku letrar \u201cJorgos Seferis\u201d - FjALA e LIR\u00cb - Arkivi","isPartOf":{"@id":"https:\/\/fjala.info\/2009-2015\/#website"},"primaryImageOfPage":{"@id":"https:\/\/fjala.info\/2009-2015\/parku-letrar-jorgos-seferis\/#primaryimage"},"image":{"@id":"https:\/\/fjala.info\/2009-2015\/parku-letrar-jorgos-seferis\/#primaryimage"},"thumbnailUrl":"http:\/\/www.shkoder.net\/images\/fjala\/2011\/arjan_kallco.jpg","datePublished":"2011-11-20T05:41:59+00:00","breadcrumb":{"@id":"https:\/\/fjala.info\/2009-2015\/parku-letrar-jorgos-seferis\/#breadcrumb"},"inLanguage":"sq-AL","potentialAction":[{"@type":"ReadAction","target":["https:\/\/fjala.info\/2009-2015\/parku-letrar-jorgos-seferis\/"]}]},{"@type":"ImageObject","inLanguage":"sq-AL","@id":"https:\/\/fjala.info\/2009-2015\/parku-letrar-jorgos-seferis\/#primaryimage","url":"http:\/\/www.shkoder.net\/images\/fjala\/2011\/arjan_kallco.jpg","contentUrl":"http:\/\/www.shkoder.net\/images\/fjala\/2011\/arjan_kallco.jpg"},{"@type":"BreadcrumbList","@id":"https:\/\/fjala.info\/2009-2015\/parku-letrar-jorgos-seferis\/#breadcrumb","itemListElement":[{"@type":"ListItem","position":1,"name":"Home","item":"https:\/\/fjala.info\/2009-2015\/"},{"@type":"ListItem","position":2,"name":"Parku letrar \u201cJorgos Seferis\u201d"}]},{"@type":"WebSite","@id":"https:\/\/fjala.info\/2009-2015\/#website","url":"https:\/\/fjala.info\/2009-2015\/","name":"FjALA e LIR\u00cb - Arkivi","description":"Arkivi 2009-2015","publisher":{"@id":"https:\/\/fjala.info\/2009-2015\/#organization"},"potentialAction":[{"@type":"SearchAction","target":{"@type":"EntryPoint","urlTemplate":"https:\/\/fjala.info\/2009-2015\/?s={search_term_string}"},"query-input":{"@type":"PropertyValueSpecification","valueRequired":true,"valueName":"search_term_string"}}],"inLanguage":"sq-AL"},{"@type":"Organization","@id":"https:\/\/fjala.info\/2009-2015\/#organization","name":"FjALA e LIR\u00cb - Arkivi","url":"https:\/\/fjala.info\/2009-2015\/","logo":{"@type":"ImageObject","inLanguage":"sq-AL","@id":"https:\/\/fjala.info\/2009-2015\/#\/schema\/logo\/image\/","url":"","contentUrl":"","caption":"FjALA e LIR\u00cb - Arkivi"},"image":{"@id":"https:\/\/fjala.info\/2009-2015\/#\/schema\/logo\/image\/"}},{"@type":"Person","@id":"https:\/\/fjala.info\/2009-2015\/#\/schema\/person\/3aa1163ef05469c496fc94e77611ada2","name":"admin","image":{"@type":"ImageObject","inLanguage":"sq-AL","@id":"https:\/\/fjala.info\/2009-2015\/wp-content\/uploads\/2012\/02\/arben_cokaj-120x150.jpg","url":"https:\/\/fjala.info\/2009-2015\/wp-content\/uploads\/2012\/02\/arben_cokaj-120x150.jpg","contentUrl":"https:\/\/fjala.info\/2009-2015\/wp-content\/uploads\/2012\/02\/arben_cokaj-120x150.jpg","caption":"admin"},"description":"Admin, Fjala e Lir\u00eb","sameAs":["https:\/\/fjala.info\/"],"url":"https:\/\/fjala.info\/2009-2015\/author\/admin\/"}]}},"_links":{"self":[{"href":"https:\/\/fjala.info\/2009-2015\/wp-json\/wp\/v2\/posts\/296","targetHints":{"allow":["GET"]}}],"collection":[{"href":"https:\/\/fjala.info\/2009-2015\/wp-json\/wp\/v2\/posts"}],"about":[{"href":"https:\/\/fjala.info\/2009-2015\/wp-json\/wp\/v2\/types\/post"}],"author":[{"embeddable":true,"href":"https:\/\/fjala.info\/2009-2015\/wp-json\/wp\/v2\/users\/1"}],"replies":[{"embeddable":true,"href":"https:\/\/fjala.info\/2009-2015\/wp-json\/wp\/v2\/comments?post=296"}],"version-history":[{"count":0,"href":"https:\/\/fjala.info\/2009-2015\/wp-json\/wp\/v2\/posts\/296\/revisions"}],"wp:attachment":[{"href":"https:\/\/fjala.info\/2009-2015\/wp-json\/wp\/v2\/media?parent=296"}],"wp:term":[{"taxonomy":"category","embeddable":true,"href":"https:\/\/fjala.info\/2009-2015\/wp-json\/wp\/v2\/categories?post=296"},{"taxonomy":"post_tag","embeddable":true,"href":"https:\/\/fjala.info\/2009-2015\/wp-json\/wp\/v2\/tags?post=296"}],"curies":[{"name":"wp","href":"https:\/\/api.w.org\/{rel}","templated":true}]}}