{"id":2958,"date":"2010-06-07T22:27:31","date_gmt":"2010-06-07T21:27:31","guid":{"rendered":"http:\/\/fjala.shkoder.net\/?p=2958"},"modified":"2010-06-07T22:27:31","modified_gmt":"2010-06-07T21:27:31","slug":"plackitja-e-vendit-dhe-denglat-morale","status":"publish","type":"post","link":"https:\/\/fjala.info\/2009-2015\/plackitja-e-vendit-dhe-denglat-morale\/","title":{"rendered":"PLA\u00c7KITJA E VENDIT DHE D\u00cbNGLAT MORALE"},"content":{"rendered":"<p><img decoding=\"async\" style=\"margin-left: 10px; margin-right: 10px; border: 0px;\" src=\"http:\/\/www.shkoder.net\/images\/fjala\/mustafa_nano.jpg\" border=\"0\" alt=\"Mustafa Nano\" width=\"100\" align=\"left\" \/><\/p>\n<p><strong>Mustafa Nano<\/strong><\/p>\n<p><strong><em>Zululand<\/em><\/strong><br \/>\nPara ca koh\u00ebsh, duke ndjekur nj\u00eb film dokumentar mbi nazizmin, m\u00eb mbeti n\u00eb mendje nj\u00eb fakt, q\u00eb m\u00eb trazoi n\u00eb m\u00ebnyr\u00eb t\u00eb ve\u00e7ant\u00eb. N\u00eb hyrje t\u00eb kampit t\u00eb famsh\u00ebm polak t\u00eb p\u00ebrqendrimit, Auschwitz-it, ishte shkruar me germa t\u00eb m\u00ebdha \u201carbeit macht frei\u201d. U trondita kur mora vesh kuptimin e k\u00ebsaj fraze n\u00eb gjuh\u00ebn gjermane. \u201cPuna t\u00eb b\u00ebn t\u00eb lir\u00eb\u201d, donte t\u00eb thoshte. \u201c\u00c7far\u00eb gjetje perverse!\u201d, mendova. \u201cNuk jan\u00eb mjaftuar me projektin p\u00ebr t\u2019i v\u00ebn\u00eb n\u00eb pun\u00eb t\u00eb detyruar (e p\u00ebr t\u2019i vrar\u00eb e shfarosur m\u00eb pas) hebrenjt\u00eb e kampit, por i kan\u00eb lejuar vetes t\u00eb shtojn\u00eb pak tallje e p\u00ebrqeshje p\u00ebrpara se t\u2019i kallnin n\u00eb dhomat e krematoriumeve\u201d.<\/p>\n<p>Pun\u00eb nazist\u00ebsh? Jo, \u00ebsht\u00eb pun\u00eb e pacip\u00ebsis\u00eb humane, t\u00eb cil\u00ebn n\u00eb forma t\u00eb tjera e gjen edhe gjetk\u00eb. E gjen edhe n\u00eb Shqip\u00ebri. Gjat\u00eb regjimit komunist po se po (demagogjia e atij regjimi shtazarak ishte e ububushme), por edhe n\u00eb periudh\u00ebn q\u00eb pasoi r\u00ebnien e tij. Po e ilustroj.<\/p>\n<p>Sipas perceptimit popullor k\u00ebtejpari (ky perceptim \u00ebsht\u00eb nj\u00eb gj\u00eb q\u00eb preket dhe ndihet, bash si t\u00eb ishte nj\u00eb trokitje n\u00eb der\u00eb), politikan\u00ebt shqiptar\u00eb jan\u00eb absolutisht t\u00eb korruptuar. \u00cbsht\u00eb vet\u00ebm e thjesht perceptim? Jo, si t\u00eb gjitha perceptimet, edhe ky ngrihet mbi nj\u00eb k\u00ebqyrje t\u00eb realitetit; b\u00ebhet fjal\u00eb p\u00ebr nj\u00eb k\u00ebqyrje jo metodike e jo shkencore, por p\u00ebr nj\u00eb k\u00ebqyrje am\u00e1. E mbi baz\u00ebn e k\u00ebsaj k\u00ebqyrjeje arrihet leht\u00ebsisht n\u00eb p\u00ebrfundimin, se klasa politike shqiptare \u00ebsht\u00eb nj\u00eb klik\u00eb t\u00eb korruptuarish (ndonj\u00eb p\u00ebrjashtim b\u00ebn at\u00eb q\u00eb di t\u00eb b\u00ebj\u00eb n\u00eb rrethana t\u00eb tilla: p\u00ebrforcon rregullin). T\u00eb zgjedhurit p\u00ebr ta drejtuar e qeverisur nuk kan\u00eb b\u00ebr\u00eb gj\u00eb tjet\u00ebr, ve\u00e7se kan\u00eb b\u00ebr\u00eb pla\u00e7k\u00eb me pasurit\u00eb publike t\u00eb k\u00ebtij vendi.<\/p>\n<p>E megjithat\u00eb, ka nj\u00eb gj\u00eb m\u00eb t\u00eb ndyr\u00eb se sa kaq, dhe n\u00eb k\u00ebt\u00eb pik\u00eb mund t\u00eb b\u00ebhet lidhja me perversitetin nazist. K\u00ebta njer\u00ebz, edhe pse mendojn\u00eb vet\u00ebm p\u00ebr t\u00eb abuzuar me pushtetin e p\u00ebr t\u00eb mbushur xhepat e tyre, i lejojn\u00eb vetes megjithat\u00eb (lejohen dhe prej nesh) t\u00eb shtiren sikur nuk i z\u00eb gjumi prej shqet\u00ebsimit publik lidhur me korrupsionin e t\u00eb deklarohen si udh\u00ebheq\u00ebs t\u00eb betejave morale kund\u00ebr korrupsionit. Mund t\u00eb mjaftoheshin, dreqi ta haj\u00eb, me beteja t\u00eb stisura politike kund\u00ebr korrupsionit, e me ndonj\u00eb iniciativ\u00eb ligjv\u00ebn\u00ebse sa p\u00ebr sy e faqe (ndryshe, s\u2019do mund t\u00eb fshihnin gjurm\u00ebt), por ata shkojn\u00eb m\u00eb tutje: shesin moral e shiten si t\u00eb vetmit njer\u00ebz t\u00eb moralsh\u00ebm t\u00eb k\u00ebtij vendi.<\/p>\n<p>E nuk \u00ebsht\u00eb se e b\u00ebjn\u00eb rrall\u00eb e tek k\u00ebt\u00eb gj\u00eb; p\u00ebrkundrazi, e b\u00ebjn\u00eb dit\u00eb p\u00ebr dit\u00eb e gjith\u00eb dit\u00ebn. Pa u skuqur e pa u zverdhur. \u00c7far\u00eb ironie! Sjellja e tyre prej banditi pra \u00ebsht\u00eb nj\u00eb gj\u00eb e r\u00ebnd\u00eb sa t\u00eb duash, por ata s\u2019e kan\u00eb p\u00ebr gj\u00eb edhe t\u00eb na p\u00ebrqeshin duke na hedhur fytyr\u00ebs d\u00ebngla e \u00e7aprashitje t\u00eb natyr\u00ebs morale. Bash si ata nazist\u00ebt, q\u00eb pasi i torturonin hebrenjt\u00eb me pun\u00eb t\u00eb detyruar, i p\u00ebrqeshnin me slogane t\u00eb llojit \u201cpuna t\u00eb b\u00ebn t\u00eb lir\u00eb\u201d.<\/p>\n","protected":false},"excerpt":{"rendered":"<p>Mustafa Nano Zululand Para ca koh\u00ebsh, duke ndjekur nj\u00eb film dokumentar mbi nazizmin, m\u00eb mbeti n\u00eb mendje nj\u00eb fakt, q\u00eb m\u00eb trazoi n\u00eb m\u00ebnyr\u00eb t\u00eb ve\u00e7ant\u00eb. N\u00eb hyrje t\u00eb kampit t\u00eb famsh\u00ebm polak t\u00eb p\u00ebrqendrimit, Auschwitz-it, ishte shkruar me germa t\u00eb m\u00ebdha \u201carbeit macht frei\u201d. U trondita kur mora vesh kuptimin e k\u00ebsaj fraze n\u00eb [&hellip;]<\/p>\n","protected":false},"author":1,"featured_media":0,"comment_status":"open","ping_status":"closed","sticky":false,"template":"","format":"standard","meta":{"footnotes":""},"categories":[2],"tags":[],"class_list":{"0":"post-2958","1":"post","2":"type-post","3":"status-publish","4":"format-standard","6":"category-artikuj"},"yoast_head":"<!-- This site is optimized with the Yoast SEO plugin v27.4 - https:\/\/yoast.com\/product\/yoast-seo-wordpress\/ -->\n<title>PLA\u00c7KITJA E VENDIT DHE D\u00cbNGLAT MORALE - FjALA e LIR\u00cb - Arkivi<\/title>\n<meta name=\"robots\" content=\"index, follow, max-snippet:-1, max-image-preview:large, max-video-preview:-1\" \/>\n<link rel=\"canonical\" href=\"https:\/\/fjala.info\/2009-2015\/plackitja-e-vendit-dhe-denglat-morale\/\" \/>\n<meta property=\"og:locale\" content=\"sq_AL\" \/>\n<meta property=\"og:type\" content=\"article\" \/>\n<meta property=\"og:title\" content=\"PLA\u00c7KITJA E VENDIT DHE D\u00cbNGLAT MORALE - FjALA e LIR\u00cb - Arkivi\" \/>\n<meta property=\"og:description\" content=\"Mustafa Nano Zululand Para ca koh\u00ebsh, duke ndjekur nj\u00eb film dokumentar mbi nazizmin, m\u00eb mbeti n\u00eb mendje nj\u00eb fakt, q\u00eb m\u00eb trazoi n\u00eb m\u00ebnyr\u00eb t\u00eb ve\u00e7ant\u00eb. N\u00eb hyrje t\u00eb kampit t\u00eb famsh\u00ebm polak t\u00eb p\u00ebrqendrimit, Auschwitz-it, ishte shkruar me germa t\u00eb m\u00ebdha \u201carbeit macht frei\u201d. U trondita kur mora vesh kuptimin e k\u00ebsaj fraze n\u00eb [&hellip;]\" \/>\n<meta property=\"og:url\" content=\"https:\/\/fjala.info\/2009-2015\/plackitja-e-vendit-dhe-denglat-morale\/\" \/>\n<meta property=\"og:site_name\" content=\"FjALA e LIR\u00cb - Arkivi\" \/>\n<meta property=\"article:published_time\" content=\"2010-06-07T21:27:31+00:00\" \/>\n<meta property=\"og:image\" content=\"http:\/\/www.shkoder.net\/images\/fjala\/mustafa_nano.jpg\" \/>\n<meta name=\"author\" content=\"admin\" \/>\n<meta name=\"twitter:card\" content=\"summary_large_image\" \/>\n<meta name=\"twitter:label1\" content=\"Written by\" \/>\n\t<meta name=\"twitter:data1\" content=\"admin\" \/>\n\t<meta name=\"twitter:label2\" content=\"Est. reading time\" \/>\n\t<meta name=\"twitter:data2\" content=\"3 minutes\" \/>\n<script type=\"application\/ld+json\" class=\"yoast-schema-graph\">{\"@context\":\"https:\\\/\\\/schema.org\",\"@graph\":[{\"@type\":\"Article\",\"@id\":\"https:\\\/\\\/fjala.info\\\/2009-2015\\\/plackitja-e-vendit-dhe-denglat-morale\\\/#article\",\"isPartOf\":{\"@id\":\"https:\\\/\\\/fjala.info\\\/2009-2015\\\/plackitja-e-vendit-dhe-denglat-morale\\\/\"},\"author\":{\"name\":\"admin\",\"@id\":\"https:\\\/\\\/fjala.info\\\/2009-2015\\\/#\\\/schema\\\/person\\\/3aa1163ef05469c496fc94e77611ada2\"},\"headline\":\"PLA\u00c7KITJA E VENDIT DHE D\u00cbNGLAT MORALE\",\"datePublished\":\"2010-06-07T21:27:31+00:00\",\"mainEntityOfPage\":{\"@id\":\"https:\\\/\\\/fjala.info\\\/2009-2015\\\/plackitja-e-vendit-dhe-denglat-morale\\\/\"},\"wordCount\":572,\"commentCount\":0,\"publisher\":{\"@id\":\"https:\\\/\\\/fjala.info\\\/2009-2015\\\/#organization\"},\"image\":{\"@id\":\"https:\\\/\\\/fjala.info\\\/2009-2015\\\/plackitja-e-vendit-dhe-denglat-morale\\\/#primaryimage\"},\"thumbnailUrl\":\"http:\\\/\\\/www.shkoder.net\\\/images\\\/fjala\\\/mustafa_nano.jpg\",\"articleSection\":[\"Artikuj\"],\"inLanguage\":\"sq-AL\",\"potentialAction\":[{\"@type\":\"CommentAction\",\"name\":\"Comment\",\"target\":[\"https:\\\/\\\/fjala.info\\\/2009-2015\\\/plackitja-e-vendit-dhe-denglat-morale\\\/#respond\"]}]},{\"@type\":\"WebPage\",\"@id\":\"https:\\\/\\\/fjala.info\\\/2009-2015\\\/plackitja-e-vendit-dhe-denglat-morale\\\/\",\"url\":\"https:\\\/\\\/fjala.info\\\/2009-2015\\\/plackitja-e-vendit-dhe-denglat-morale\\\/\",\"name\":\"PLA\u00c7KITJA E VENDIT DHE D\u00cbNGLAT MORALE - FjALA e LIR\u00cb - Arkivi\",\"isPartOf\":{\"@id\":\"https:\\\/\\\/fjala.info\\\/2009-2015\\\/#website\"},\"primaryImageOfPage\":{\"@id\":\"https:\\\/\\\/fjala.info\\\/2009-2015\\\/plackitja-e-vendit-dhe-denglat-morale\\\/#primaryimage\"},\"image\":{\"@id\":\"https:\\\/\\\/fjala.info\\\/2009-2015\\\/plackitja-e-vendit-dhe-denglat-morale\\\/#primaryimage\"},\"thumbnailUrl\":\"http:\\\/\\\/www.shkoder.net\\\/images\\\/fjala\\\/mustafa_nano.jpg\",\"datePublished\":\"2010-06-07T21:27:31+00:00\",\"breadcrumb\":{\"@id\":\"https:\\\/\\\/fjala.info\\\/2009-2015\\\/plackitja-e-vendit-dhe-denglat-morale\\\/#breadcrumb\"},\"inLanguage\":\"sq-AL\",\"potentialAction\":[{\"@type\":\"ReadAction\",\"target\":[\"https:\\\/\\\/fjala.info\\\/2009-2015\\\/plackitja-e-vendit-dhe-denglat-morale\\\/\"]}]},{\"@type\":\"ImageObject\",\"inLanguage\":\"sq-AL\",\"@id\":\"https:\\\/\\\/fjala.info\\\/2009-2015\\\/plackitja-e-vendit-dhe-denglat-morale\\\/#primaryimage\",\"url\":\"http:\\\/\\\/www.shkoder.net\\\/images\\\/fjala\\\/mustafa_nano.jpg\",\"contentUrl\":\"http:\\\/\\\/www.shkoder.net\\\/images\\\/fjala\\\/mustafa_nano.jpg\"},{\"@type\":\"BreadcrumbList\",\"@id\":\"https:\\\/\\\/fjala.info\\\/2009-2015\\\/plackitja-e-vendit-dhe-denglat-morale\\\/#breadcrumb\",\"itemListElement\":[{\"@type\":\"ListItem\",\"position\":1,\"name\":\"Home\",\"item\":\"https:\\\/\\\/fjala.info\\\/2009-2015\\\/\"},{\"@type\":\"ListItem\",\"position\":2,\"name\":\"PLA\u00c7KITJA E VENDIT DHE D\u00cbNGLAT MORALE\"}]},{\"@type\":\"WebSite\",\"@id\":\"https:\\\/\\\/fjala.info\\\/2009-2015\\\/#website\",\"url\":\"https:\\\/\\\/fjala.info\\\/2009-2015\\\/\",\"name\":\"FjALA e LIR\u00cb - Arkivi\",\"description\":\"Arkivi 2009-2015\",\"publisher\":{\"@id\":\"https:\\\/\\\/fjala.info\\\/2009-2015\\\/#organization\"},\"potentialAction\":[{\"@type\":\"SearchAction\",\"target\":{\"@type\":\"EntryPoint\",\"urlTemplate\":\"https:\\\/\\\/fjala.info\\\/2009-2015\\\/?s={search_term_string}\"},\"query-input\":{\"@type\":\"PropertyValueSpecification\",\"valueRequired\":true,\"valueName\":\"search_term_string\"}}],\"inLanguage\":\"sq-AL\"},{\"@type\":\"Organization\",\"@id\":\"https:\\\/\\\/fjala.info\\\/2009-2015\\\/#organization\",\"name\":\"FjALA e LIR\u00cb - Arkivi\",\"url\":\"https:\\\/\\\/fjala.info\\\/2009-2015\\\/\",\"logo\":{\"@type\":\"ImageObject\",\"inLanguage\":\"sq-AL\",\"@id\":\"https:\\\/\\\/fjala.info\\\/2009-2015\\\/#\\\/schema\\\/logo\\\/image\\\/\",\"url\":\"\",\"contentUrl\":\"\",\"caption\":\"FjALA e LIR\u00cb - Arkivi\"},\"image\":{\"@id\":\"https:\\\/\\\/fjala.info\\\/2009-2015\\\/#\\\/schema\\\/logo\\\/image\\\/\"}},{\"@type\":\"Person\",\"@id\":\"https:\\\/\\\/fjala.info\\\/2009-2015\\\/#\\\/schema\\\/person\\\/3aa1163ef05469c496fc94e77611ada2\",\"name\":\"admin\",\"image\":{\"@type\":\"ImageObject\",\"inLanguage\":\"sq-AL\",\"@id\":\"https:\\\/\\\/fjala.info\\\/2009-2015\\\/wp-content\\\/uploads\\\/2012\\\/02\\\/arben_cokaj-120x150.jpg\",\"url\":\"https:\\\/\\\/fjala.info\\\/2009-2015\\\/wp-content\\\/uploads\\\/2012\\\/02\\\/arben_cokaj-120x150.jpg\",\"contentUrl\":\"https:\\\/\\\/fjala.info\\\/2009-2015\\\/wp-content\\\/uploads\\\/2012\\\/02\\\/arben_cokaj-120x150.jpg\",\"caption\":\"admin\"},\"description\":\"Admin, Fjala e Lir\u00eb\",\"sameAs\":[\"https:\\\/\\\/fjala.info\\\/\"],\"url\":\"https:\\\/\\\/fjala.info\\\/2009-2015\\\/author\\\/admin\\\/\"}]}<\/script>\n<!-- \/ Yoast SEO plugin. -->","yoast_head_json":{"title":"PLA\u00c7KITJA E VENDIT DHE D\u00cbNGLAT MORALE - FjALA e LIR\u00cb - Arkivi","robots":{"index":"index","follow":"follow","max-snippet":"max-snippet:-1","max-image-preview":"max-image-preview:large","max-video-preview":"max-video-preview:-1"},"canonical":"https:\/\/fjala.info\/2009-2015\/plackitja-e-vendit-dhe-denglat-morale\/","og_locale":"sq_AL","og_type":"article","og_title":"PLA\u00c7KITJA E VENDIT DHE D\u00cbNGLAT MORALE - FjALA e LIR\u00cb - Arkivi","og_description":"Mustafa Nano Zululand Para ca koh\u00ebsh, duke ndjekur nj\u00eb film dokumentar mbi nazizmin, m\u00eb mbeti n\u00eb mendje nj\u00eb fakt, q\u00eb m\u00eb trazoi n\u00eb m\u00ebnyr\u00eb t\u00eb ve\u00e7ant\u00eb. N\u00eb hyrje t\u00eb kampit t\u00eb famsh\u00ebm polak t\u00eb p\u00ebrqendrimit, Auschwitz-it, ishte shkruar me germa t\u00eb m\u00ebdha \u201carbeit macht frei\u201d. U trondita kur mora vesh kuptimin e k\u00ebsaj fraze n\u00eb [&hellip;]","og_url":"https:\/\/fjala.info\/2009-2015\/plackitja-e-vendit-dhe-denglat-morale\/","og_site_name":"FjALA e LIR\u00cb - Arkivi","article_published_time":"2010-06-07T21:27:31+00:00","og_image":[{"url":"http:\/\/www.shkoder.net\/images\/fjala\/mustafa_nano.jpg","type":"","width":"","height":""}],"author":"admin","twitter_card":"summary_large_image","twitter_misc":{"Written by":"admin","Est. reading time":"3 minutes"},"schema":{"@context":"https:\/\/schema.org","@graph":[{"@type":"Article","@id":"https:\/\/fjala.info\/2009-2015\/plackitja-e-vendit-dhe-denglat-morale\/#article","isPartOf":{"@id":"https:\/\/fjala.info\/2009-2015\/plackitja-e-vendit-dhe-denglat-morale\/"},"author":{"name":"admin","@id":"https:\/\/fjala.info\/2009-2015\/#\/schema\/person\/3aa1163ef05469c496fc94e77611ada2"},"headline":"PLA\u00c7KITJA E VENDIT DHE D\u00cbNGLAT MORALE","datePublished":"2010-06-07T21:27:31+00:00","mainEntityOfPage":{"@id":"https:\/\/fjala.info\/2009-2015\/plackitja-e-vendit-dhe-denglat-morale\/"},"wordCount":572,"commentCount":0,"publisher":{"@id":"https:\/\/fjala.info\/2009-2015\/#organization"},"image":{"@id":"https:\/\/fjala.info\/2009-2015\/plackitja-e-vendit-dhe-denglat-morale\/#primaryimage"},"thumbnailUrl":"http:\/\/www.shkoder.net\/images\/fjala\/mustafa_nano.jpg","articleSection":["Artikuj"],"inLanguage":"sq-AL","potentialAction":[{"@type":"CommentAction","name":"Comment","target":["https:\/\/fjala.info\/2009-2015\/plackitja-e-vendit-dhe-denglat-morale\/#respond"]}]},{"@type":"WebPage","@id":"https:\/\/fjala.info\/2009-2015\/plackitja-e-vendit-dhe-denglat-morale\/","url":"https:\/\/fjala.info\/2009-2015\/plackitja-e-vendit-dhe-denglat-morale\/","name":"PLA\u00c7KITJA E VENDIT DHE D\u00cbNGLAT MORALE - FjALA e LIR\u00cb - Arkivi","isPartOf":{"@id":"https:\/\/fjala.info\/2009-2015\/#website"},"primaryImageOfPage":{"@id":"https:\/\/fjala.info\/2009-2015\/plackitja-e-vendit-dhe-denglat-morale\/#primaryimage"},"image":{"@id":"https:\/\/fjala.info\/2009-2015\/plackitja-e-vendit-dhe-denglat-morale\/#primaryimage"},"thumbnailUrl":"http:\/\/www.shkoder.net\/images\/fjala\/mustafa_nano.jpg","datePublished":"2010-06-07T21:27:31+00:00","breadcrumb":{"@id":"https:\/\/fjala.info\/2009-2015\/plackitja-e-vendit-dhe-denglat-morale\/#breadcrumb"},"inLanguage":"sq-AL","potentialAction":[{"@type":"ReadAction","target":["https:\/\/fjala.info\/2009-2015\/plackitja-e-vendit-dhe-denglat-morale\/"]}]},{"@type":"ImageObject","inLanguage":"sq-AL","@id":"https:\/\/fjala.info\/2009-2015\/plackitja-e-vendit-dhe-denglat-morale\/#primaryimage","url":"http:\/\/www.shkoder.net\/images\/fjala\/mustafa_nano.jpg","contentUrl":"http:\/\/www.shkoder.net\/images\/fjala\/mustafa_nano.jpg"},{"@type":"BreadcrumbList","@id":"https:\/\/fjala.info\/2009-2015\/plackitja-e-vendit-dhe-denglat-morale\/#breadcrumb","itemListElement":[{"@type":"ListItem","position":1,"name":"Home","item":"https:\/\/fjala.info\/2009-2015\/"},{"@type":"ListItem","position":2,"name":"PLA\u00c7KITJA E VENDIT DHE D\u00cbNGLAT MORALE"}]},{"@type":"WebSite","@id":"https:\/\/fjala.info\/2009-2015\/#website","url":"https:\/\/fjala.info\/2009-2015\/","name":"FjALA e LIR\u00cb - Arkivi","description":"Arkivi 2009-2015","publisher":{"@id":"https:\/\/fjala.info\/2009-2015\/#organization"},"potentialAction":[{"@type":"SearchAction","target":{"@type":"EntryPoint","urlTemplate":"https:\/\/fjala.info\/2009-2015\/?s={search_term_string}"},"query-input":{"@type":"PropertyValueSpecification","valueRequired":true,"valueName":"search_term_string"}}],"inLanguage":"sq-AL"},{"@type":"Organization","@id":"https:\/\/fjala.info\/2009-2015\/#organization","name":"FjALA e LIR\u00cb - Arkivi","url":"https:\/\/fjala.info\/2009-2015\/","logo":{"@type":"ImageObject","inLanguage":"sq-AL","@id":"https:\/\/fjala.info\/2009-2015\/#\/schema\/logo\/image\/","url":"","contentUrl":"","caption":"FjALA e LIR\u00cb - Arkivi"},"image":{"@id":"https:\/\/fjala.info\/2009-2015\/#\/schema\/logo\/image\/"}},{"@type":"Person","@id":"https:\/\/fjala.info\/2009-2015\/#\/schema\/person\/3aa1163ef05469c496fc94e77611ada2","name":"admin","image":{"@type":"ImageObject","inLanguage":"sq-AL","@id":"https:\/\/fjala.info\/2009-2015\/wp-content\/uploads\/2012\/02\/arben_cokaj-120x150.jpg","url":"https:\/\/fjala.info\/2009-2015\/wp-content\/uploads\/2012\/02\/arben_cokaj-120x150.jpg","contentUrl":"https:\/\/fjala.info\/2009-2015\/wp-content\/uploads\/2012\/02\/arben_cokaj-120x150.jpg","caption":"admin"},"description":"Admin, Fjala e Lir\u00eb","sameAs":["https:\/\/fjala.info\/"],"url":"https:\/\/fjala.info\/2009-2015\/author\/admin\/"}]}},"_links":{"self":[{"href":"https:\/\/fjala.info\/2009-2015\/wp-json\/wp\/v2\/posts\/2958","targetHints":{"allow":["GET"]}}],"collection":[{"href":"https:\/\/fjala.info\/2009-2015\/wp-json\/wp\/v2\/posts"}],"about":[{"href":"https:\/\/fjala.info\/2009-2015\/wp-json\/wp\/v2\/types\/post"}],"author":[{"embeddable":true,"href":"https:\/\/fjala.info\/2009-2015\/wp-json\/wp\/v2\/users\/1"}],"replies":[{"embeddable":true,"href":"https:\/\/fjala.info\/2009-2015\/wp-json\/wp\/v2\/comments?post=2958"}],"version-history":[{"count":0,"href":"https:\/\/fjala.info\/2009-2015\/wp-json\/wp\/v2\/posts\/2958\/revisions"}],"wp:attachment":[{"href":"https:\/\/fjala.info\/2009-2015\/wp-json\/wp\/v2\/media?parent=2958"}],"wp:term":[{"taxonomy":"category","embeddable":true,"href":"https:\/\/fjala.info\/2009-2015\/wp-json\/wp\/v2\/categories?post=2958"},{"taxonomy":"post_tag","embeddable":true,"href":"https:\/\/fjala.info\/2009-2015\/wp-json\/wp\/v2\/tags?post=2958"}],"curies":[{"name":"wp","href":"https:\/\/api.w.org\/{rel}","templated":true}]}}