{"id":2955,"date":"2010-06-07T22:25:25","date_gmt":"2010-06-07T21:25:25","guid":{"rendered":"http:\/\/fjala.shkoder.net\/?p=2955"},"modified":"2010-06-07T22:25:25","modified_gmt":"2010-06-07T21:25:25","slug":"rreziku-i-te-gjitheve","status":"publish","type":"post","link":"https:\/\/fjala.info\/2009-2015\/rreziku-i-te-gjitheve\/","title":{"rendered":"RREZIKU I T\u00cb GJITH\u00cbVE"},"content":{"rendered":"<p><img decoding=\"async\" style=\"margin-left: 10px; margin-right: 10px; border: 0px;\" src=\"http:\/\/www.shkoder.net\/images\/fjala\/artan_lame.jpg\" border=\"0\" alt=\"Artan Lame\" width=\"150\" align=\"right\" \/><\/p>\n<p><strong>Artan Lame<\/strong><\/p>\n<p>Si sot java shkrojta p\u00ebr gjendjen e ca prej monumenteve, t\u00eb cilave u k\u00ebrc\u00ebnohet q\u00ebnia, ca nga pleq\u00ebria e natyrshme, ca nga pakujdesja e ca nga dhuna e njer\u00ebzve. Shkrojta p\u00ebr Murin e Dem\u00ebs dhe guroret e Tomorrit, p\u00ebr ur\u00ebn e Kurt pash\u00ebs n\u00eb Velabisht dhe kalan\u00eb e Sulejman pash\u00ebs n\u00eb Tiran\u00eb. Shkrojta dhe prita. Prita q\u00eb mblidh\u00ebshin n\u00eb Ministri t\u00eb Kultur\u00ebs dhe, ose t\u00eb nd\u00ebrmerrnin ndonj\u00eb mas\u00eb p\u00ebr t\u00eb ndrequr pun\u00eb, ose t\u00eb m\u00eb ktheheshin e t\u00eb m\u00eb b\u00ebnin qepaze mua, duke m\u00eb th\u00ebn\u00eb se g\u00ebnjej dhe se monumentet q\u00ebnk\u00ebshin m\u00eb t\u00eb sh\u00ebndosha se asnj\u00ebher\u00eb. Prej k\u00ebtyre asgj\u00eb nuk ndodhi, por ajo q\u00eb b\u00ebri vaki ish p\u00ebr t\u00eb l\u00ebn\u00eb m\u00ebnt\u00eb. Qeveria \u00e7oi xhandar\u00ebt n\u00eb Pez\u00eb dhe desh t\u00eb nxjerr\u00eb Dashin nga sht\u00ebpia.<\/p>\n<p>Dua t\u00eb m\u00eb kuptoni mir\u00eb, nuk po p\u00ebrpiqem t\u00eb mbroj Dashin, por t\u2019i mbroj sht\u00ebpin\u00eb, se k\u00ebshtu p\u00ebrpiqem t\u00eb mbroj sht\u00ebpin\u00eb time dhe t\u00ebnden bashk\u00eb, nga kjo marr\u00ebzi dhe p\u00ebrdhun\u00eb e t\u00eb fundmes llogore personale. Kanuni ka nj\u00eb kapitull t\u00eb t\u00ebr\u00eb p\u00ebr paprekshm\u00ebrin\u00eb e kull\u00ebs, se n\u00eb koh\u00eb t\u00eb kull\u00ebs \u00ebsht\u00eb hartuar. Jam i bindur q\u00eb po t\u00eb na kishin l\u00ebn\u00eb gj\u00eb t\u00eb shkrojtur njer\u00ebzit e shpellave, do na kishin l\u00ebn\u00eb ndonj\u00eb ligj t\u00eb shkrojtur n\u00eb l\u00ebkur\u00eb, ku t\u00eb flit\u00ebsh p\u00ebr paprekshm\u00ebrin\u00eb e shpell\u00ebs. E pra, as n\u00eb at\u00eb nivel s\u2019po dijm\u00eb t\u00eb shfaqemi ne sot n\u00eb koh\u00ebn e quajtur t\u00eb shtetit ligjor.<\/p>\n<p>Sht\u00ebpia \u00ebsht\u00eb mburoja e fundme personale e q\u00ebnies njer\u00ebzore. Luftojn\u00eb shtete e mbret\u00ebria, pushtohen e dor\u00ebzohen v\u00ebnde e ushtrira, bien kalara e qytete, por n\u00eb fund ka nj\u00eb pik\u00eb ku edhe hasmi ndalet dhe kjo \u00ebsht\u00eb porta e sht\u00ebpis\u00eb. \u00cbsht\u00eb i fundmi v\u00ebnd, prapa port\u00ebs s\u00eb t\u00eb cil\u00ebs \u00e7dokush ndihet i sigurt\u00eb ku mund t\u00eb t\u00ebrhiqet n\u00eb instanc\u00eb t\u00eb fundit, ku edhe n\u00eb s\u2019i p\u00eblqeft\u00eb e gjith\u00eb bota mbar\u00eb, mund t\u00eb mbyllet br\u00ebnda kat\u00ebr mureve t\u00eb veta dhe t\u00eb rroj\u00eb e t\u00eb b\u00ebj\u00eb si t\u00eb doj\u00eb. \u00cbsht\u00eb barriera e fundit ku ende ligjet e qytet\u00ebrimit nuk kan\u00eb mb\u00ebrritur. Kemi b\u00ebr\u00eb ligje se si organizohet nj\u00eb v\u00ebnd apo nj\u00eb qytet, si ecet n\u00eb rrug\u00eb, si sillet n\u00eb shoq\u00ebri, por t\u00eb gjitha k\u00ebto ndalen tek porta e sht\u00ebpis\u00eb, p\u00ebrtej saj \u00e7dokush \u00ebsht\u00eb mbret m\u00eb vete.<\/p>\n<p>P\u00ebrtej saj kemi mbi tremij\u00eb vjet q\u00eb b\u00ebjm\u00eb ligje vet\u00ebm se si nuk mund t\u00eb dhunohet. Madje n\u00eb k\u00ebt\u00eb pik\u00eb, ligjet jan\u00eb b\u00ebr\u00eb gjithnj\u00eb e m\u00eb t\u00eb koklavitura p\u00ebr ta v\u00ebshtir\u00ebsuar sa m\u00eb shum\u00eb prekjen e saj. Edhe n\u00eb dalt\u00eb q\u00eb sht\u00ebpia s\u2019\u00ebsht\u00eb e jotja, mbetet prap\u00eb fakti q\u00eb ajo \u00ebsht\u00eb banes\u00eb dhe p\u00ebr t\u00eb ta marr\u00eb duhet nj\u00eb vandak gjyqe e st\u00ebrgjyqe, afate e ankime, shpallje e vendime, paralajm\u00ebrime e p\u00ebrmbarime. I them t\u00eb gjitha k\u00ebto p\u00ebr t\u00eb kuptuar se sa e r\u00ebnd\u00eb \u00ebsht\u00eb ajo q\u00eb ndodhi n\u00eb Pez\u00eb, kur i gjithi ky shtres\u00ebzim e st\u00ebrhollim i qytet\u00ebrimit, befas zhduket pa t\u00eb keq dhe z\u00ebvend\u00ebsohet me polic\u00ebt te dera q\u00eb t\u00eb thon\u00eb \u201cmerr pla\u00e7kat e dil jasht\u00eb\u201d.<\/p>\n<p>Do b\u00ebhesha i m\u00ebrzitsh\u00ebm t\u00eb p\u00ebrs\u00ebris at\u00eb q\u00eb k\u00ebsaj radhe u duk bajate, q\u00eb Berisha e nd\u00ebrmori k\u00ebt\u00eb pun\u00eb thjesht se at\u00eb moment i duhej di\u00e7 p\u00ebr t\u00eb t\u00ebrhequr v\u00ebmendjen. Kjo \u00ebsht\u00eb pun\u00eb e tija dhe n\u00eb politik\u00eb t\u00eb tilla manevra edhe b\u00ebhen. Ajo q\u00eb m\u00eb trishtoi qe pik\u00ebrisht thyerja pa pik\u00eb droje e nj\u00eb tabuje baz\u00eb t\u00eb qytet\u00ebrimit, q\u00eb \u00ebsht\u00eb banesa. Megjithat\u00eb, i do dh\u00ebn\u00eb haku, se Berisha k\u00ebsaj radhe u t\u00ebrhoq shpejt. U t\u00ebrhoq nga ajo q\u00eb po b\u00ebnte, vet\u00ebm p\u00ebr nj\u00eb arsye: me nuhatjen e t\u00eb ligut, kuptoi q\u00eb k\u00ebsaj radhe diversioni i tij, jo vet\u00ebm q\u00eb nuk ngjiti, por krijoi edhe reaksion, pasi b\u00ebri q\u00eb n\u00eb mendjen e secilit njeri normal, t\u00eb binte nj\u00eb sinjal alarmi, se kushdo papritur mund t\u00eb gjendej me xhandar\u00ebt te dera q\u00eb i thon\u00eb \u201cmblidh pla\u00e7kat e dil jasht\u00eb\u201d.<\/p>\n<p>Bash kjo e b\u00ebri Berish\u00ebn t\u00eb ndalej e t\u00eb kalonte tutje sikur t\u00eb mos dinte gj\u00eb, duke l\u00ebn\u00eb ia l\u00ebn\u00eb Xhaferrit barr\u00ebn e pahir t\u00eb dilte para kamerave e t\u00eb thosh marr\u00ebzira. Dhe un\u00eb q\u00eb prisja q\u00eb k\u00ebta t\u00eb b\u00ebheshin merak p\u00ebr kalan\u00eb e Tiran\u00ebs a p\u00ebr Ur\u00ebn e pashait t\u00eb Beratit. Hane Shan hane Bagdat! K\u00ebshtu lash\u00eb monumentet m\u00eb nj\u2019an\u00eb dhe vendosa t\u00eb shkruaj p\u00ebr rrezikun ku mund t\u00eb gjendemi papritur t\u00eb gjith\u00eb, pa patur koh\u00eb as t\u00eb marrim vesh se nga po na vjen e keqja, apo se \u00e7\u2019kemi b\u00ebr\u00eb p\u00ebr ta merituar at\u00eb.<\/p>\n<p>I ra gomari me shqelm luanit dhe ky nga inati nxori ferman e shpalli q\u00eb gjith\u00eb veshgjat\u00ebve t\u2019u prit\u00ebshin hallatet. Zun\u00eb vrapin gjith\u00eb gomar\u00ebt, zu vrapin edhe lepuri t\u00eb fshihej. Po ti pse fshihesh, i than\u00eb, ti s\u2019je gomar. Po, v\u00ebrtet q\u00eb s\u2019jam gomar, po jam veshgjat\u00eb dhe, sa ta marr\u00eb vesh luani q\u00eb s\u2019jam gomar, van\u00eb hallatet e mija. \u00cbsht\u00eb e vjet\u00ebr shum\u00eb kjo anekdot\u00eb, ndaj nj\u00eb popull, anekdodat e t\u00eb cilit jan\u00eb nj\u00ebsoj t\u00eb vlefshme m\u00eb 1500-\u00ebn, m\u00eb 1700-\u00ebn, m\u00eb 1900-\u00ebn dhe 2000-\u00ebn, duhet t\u00eb kuptoj\u00eb q\u00eb ka nj\u00eb problem me veten, ndaj duhet t\u2019i th\u00ebrres\u00eb m\u00ebndjes n\u00eb s\u2019do q\u00eb edhe pas nj\u00ebqind vjet\u00ebsh t\u00eb jet\u00eb duke ruajtur hallatet nga dh\u00ebmb\u00ebt e luanit t\u00eb radh\u00ebs.<\/p>\n<p><strong>G\u00cbZUAR 1 QERSHORIN<\/strong><br \/>\nErdhi e shkoi edhe 1 qershori. Kalamajt\u00eb u g\u00ebzuan, ca duke lypur te Ura e Lan\u00ebs, ca duke ruajtur lop\u00ebn n\u00eb mal, ca duke lozur me kompjuter dhe ngr\u00ebn\u00eb patatina, e ca duke lozur luftash nga nj\u00eb dhom\u00eb n\u00eb tjetr\u00ebn t\u00eb sht\u00ebpis\u00eb. Kalamajt\u00eb e pallatit tim, e kam th\u00ebn\u00eb edhe her\u00eb tjet\u00ebr q\u00eb lozin futboll n\u00eb bodrumin e pallatit, q\u00eb \u00ebsht\u00eb i vetmi vend i lir\u00eb q\u00eb ka mbetur midis dy pallateve.<\/p>\n<p>F\u00ebmij\u00ebt e tjer\u00eb, ata q\u00eb nuk pat\u00ebn nj\u00eb nga fatet e m\u00ebsip\u00ebrme, u ndan\u00eb n\u00eb tri pjes\u00eb. Ca i mblodhi Presidenti n\u00eb Presidenc\u00eb, duke ju uruar q\u00eb t\u00eb ken\u00eb m\u00eb shum\u00eb fusha p\u00ebr t\u00eb lozur. Ca t\u00eb tjer\u00eb i mblodhi Kryeministri n\u00eb Kryeministr\u00ed, duke u th\u00ebn\u00eb se ata duhet t\u00eb ken\u00eb m\u00eb shum\u00eb lulishte p\u00ebr t\u00eb lozur. Ca t\u00eb tjer\u00eb i mblodhi Kryetari i Bashkis\u00eb p\u00ebr t\u00eb st\u00ebr\u2019inauguruar t\u00eb st\u00ebr\u2019inauguruar\u00ebn, Lulishten tek Presidenca.<\/p>\n<p>E dini sa her\u00eb \u00ebsht\u00eb inauguruar ajo lulishte n\u00eb k\u00ebta 80 vjet\u00ebt e fundit? Jua them un\u00eb. Sefte ai v\u00ebnd u lirua nga ferrat e shkurret, as m\u00eb pak e as m\u00eb shum\u00eb po n\u00eb koh\u00eb t\u00eb Zogut dhe atje filluan t\u00eb lozin kalamajt\u00eb, por me ca siklet, pasi p\u00ebrmes kalonte ende nj\u00eb p\u00ebrrua i vock\u00ebl q\u00eb i thonin p\u00ebrroi i Stanit t\u00eb Gog\u00ebve.<\/p>\n<p>Pastaj, pak vjet m\u00eb pas, kur italian\u00ebt erdh\u00ebn si pushtonj\u00ebs por e kaluan koh\u00ebn duke nd\u00ebrtuar rrug\u00eb e godina, e fut\u00ebn p\u00ebrroin n\u00ebn tok\u00eb, fush\u00ebn e than\u00eb dhe e sistemuan duke e kthyer n\u00eb fush\u00eb futbolli p\u00ebr kalamajt\u00eb ende jo t\u00eb shumt\u00eb t\u00eb familjeve q\u00eb kishin filluar t\u00eb vendoseshin n\u00eb Tiran\u00ebn e Re. Edhe n\u00eb planin e tyre rregullues, fush\u00ebn nuk e kishin harruar por e kishin destinuar p\u00ebr lulishte.<\/p>\n<p>Pastaj, pleqt\u00eb kujtojn\u00eb se englez\u00ebt q\u00eb e kishin misionin aty ku \u00ebsht\u00eb sot Pallati i Kongreseve, organizonin ndeshje futbolli te kjo fush\u00eb, deri sa Komandanti i p\u00ebrzuri m\u00eb \u201946-\u00ebn, duke l\u00ebn\u00eb s\u00ebrish kalamajt\u00eb zot\u00ebr t\u00eb pa tundur t\u00eb saj.<\/p>\n<p>Pastaj, vet\u00ebm nj\u00eb vit m\u00eb pas, u hartua dhe zbatua nj\u00eb projekt lulishteje, duke u mb\u00ebshtetur kryesisht tek projekti i m\u00ebparsh\u00ebm italian.<\/p>\n<p>Pastaj, pak vjet m\u00eb pas, u zbatua nj\u00eb projekt tjet\u00ebr, sipas stilit sovjetik, si\u00e7 qe moda n\u00eb ato vite. Diagonal saj kalonte nj\u00eb rrugic\u00eb (q\u00eb \u00ebsht\u00eb ende) q\u00eb niste nga ca k\u00ebmb\u00eb shkall\u00eb (q\u00eb jan\u00eb ende) dhe n\u00eb mes kishte nj\u00eb shesh t\u00eb vock\u00ebl (q\u00eb \u00ebsht\u00eb ende), p\u00ebrreth t\u00eb cilit ishte nj\u00eb pjergullat\u00eb e madhe me bim\u00eb kacavjerr\u00ebse.<\/p>\n<p>Pastaj, n\u00eb fillim t\u00eb viteve \u201980, lulishtja u rib\u00eb sipas nj\u00eb projekti t\u00eb mod\u00ebs antisovjetike. P\u00ebr k\u00ebt\u00eb u hoq\u00ebn stolat e vjet\u00ebr t\u00eb drurit dhe u z\u00ebvend\u00ebsuan me stola betoni dhe u prish pjergullata q\u00eb ishte kalbur nga mosha.<\/p>\n<p>Pastaj erdhi demokracia dhe nj\u00eb pjes\u00eb e lulishtes u zu me kjoska, si\u00e7 qe moda e re e koh\u00ebs. Pastaj erdhi Brojka q\u00eb u p\u00ebrpoq t\u00eb kaurdisej me at\u00eb cop\u00ebz t\u00eb lulishtes q\u00eb kish mbetur, pastaj kioskat u prish\u00ebn dhe Lulishtja u pastrua dhe u rregullua. Pastaj v\u00ebrtet ik\u00ebn kioskat, por n\u00eb vend t\u00eb tyre n\u00eb nj\u00ebr\u00ebn an\u00eb t\u00eb Lulishtes u nd\u00ebrtua nj\u00eb pallat i madh dhe, meq\u00eb ishte shum\u00eb i madh, i duhej edhe ca gjelb\u00ebrim q\u00eb t\u00eb dukej m\u00eb i pranuesh\u00ebm, k\u00ebshtu q\u00eb ata t\u00eb pallatit u kujdes\u00ebn edhe p\u00ebr lulishten.<\/p>\n<p>Pastaj Lulishtja u inaugurua prap\u00eb gjith\u00eb pomp\u00eb e buj\u00eb, kur n\u00eb t\u00eb u vendos busti i Qemal Staf\u00ebs, q\u00eb e kishin hequr nga atje ku ish m\u00eb par\u00eb. Pastaj Lulishtja u inaugurua prap\u00eb kur n\u00eb t\u00eb u vendos\u00ebn ca lodra p\u00ebr f\u00ebmij\u00eb, pastaj prap\u00eb kur u mor nisma p\u00ebr t\u00eb rregulluar lulishtet q\u00eb ishin (se t\u00eb reja s\u2019b\u00ebhet llaf t\u00eb b\u00ebjm\u00eb), pastaj prap\u00eb para nj\u00eb jave p\u00ebr k\u00ebt\u00eb 1 qershor! Uf, se mu mor fryma, i num\u00ebroni dot se sa her\u00eb \u00ebsht\u00eb inauguruar e nj\u00ebjta gj\u00eb?<\/p>\n<p>S\u2019do m\u00ebnt q\u00eb ata q\u00eb merren me k\u00ebto pun\u00eb, s\u2019ia kishin th\u00ebn\u00eb k\u00ebto gj\u00ebra Kryetarit, se po t\u2019i dinte natyrisht q\u00eb nuk do shkonte prap\u00eb, e prap\u00eb, e prap\u00eb atje. Kalamajt\u00eb jan\u00eb vet\u00ebm p\u00ebrkoh\u00ebsisht kalamaj dhe nd\u00ebrrohen vazhdimisht me t\u00eb tjer\u00eb kalamaj, k\u00ebshtu q\u00eb ajo lulishte do t\u00eb vazhdoj\u00eb t\u00eb inaugurohet sa her\u00eb q\u00eb nj\u00eb brez i ri do t\u00eb vij\u00eb n\u00eb jet\u00eb dhe politika t\u00eb ket\u00eb nevoj\u00eb p\u00ebr buz\u00ebqeshjen e tyre.<\/p>\n","protected":false},"excerpt":{"rendered":"<p>Artan Lame Si sot java shkrojta p\u00ebr gjendjen e ca prej monumenteve, t\u00eb cilave u k\u00ebrc\u00ebnohet q\u00ebnia, ca nga pleq\u00ebria e natyrshme, ca nga pakujdesja e ca nga dhuna e njer\u00ebzve. Shkrojta p\u00ebr Murin e Dem\u00ebs dhe guroret e Tomorrit, p\u00ebr ur\u00ebn e Kurt pash\u00ebs n\u00eb Velabisht dhe kalan\u00eb e Sulejman pash\u00ebs n\u00eb Tiran\u00eb. Shkrojta [&hellip;]<\/p>\n","protected":false},"author":1,"featured_media":0,"comment_status":"open","ping_status":"closed","sticky":false,"template":"","format":"standard","meta":{"footnotes":""},"categories":[2],"tags":[],"class_list":{"0":"post-2955","1":"post","2":"type-post","3":"status-publish","4":"format-standard","6":"category-artikuj"},"yoast_head":"<!-- This site is optimized with the Yoast SEO plugin v27.4 - https:\/\/yoast.com\/product\/yoast-seo-wordpress\/ -->\n<title>RREZIKU I T\u00cb GJITH\u00cbVE - FjALA e LIR\u00cb - Arkivi<\/title>\n<meta name=\"robots\" content=\"index, follow, max-snippet:-1, max-image-preview:large, max-video-preview:-1\" \/>\n<link rel=\"canonical\" href=\"https:\/\/fjala.info\/2009-2015\/rreziku-i-te-gjitheve\/\" \/>\n<meta property=\"og:locale\" content=\"sq_AL\" \/>\n<meta property=\"og:type\" content=\"article\" \/>\n<meta property=\"og:title\" content=\"RREZIKU I T\u00cb GJITH\u00cbVE - FjALA e LIR\u00cb - Arkivi\" \/>\n<meta property=\"og:description\" content=\"Artan Lame Si sot java shkrojta p\u00ebr gjendjen e ca prej monumenteve, t\u00eb cilave u k\u00ebrc\u00ebnohet q\u00ebnia, ca nga pleq\u00ebria e natyrshme, ca nga pakujdesja e ca nga dhuna e njer\u00ebzve. Shkrojta p\u00ebr Murin e Dem\u00ebs dhe guroret e Tomorrit, p\u00ebr ur\u00ebn e Kurt pash\u00ebs n\u00eb Velabisht dhe kalan\u00eb e Sulejman pash\u00ebs n\u00eb Tiran\u00eb. Shkrojta [&hellip;]\" \/>\n<meta property=\"og:url\" content=\"https:\/\/fjala.info\/2009-2015\/rreziku-i-te-gjitheve\/\" \/>\n<meta property=\"og:site_name\" content=\"FjALA e LIR\u00cb - Arkivi\" \/>\n<meta property=\"article:published_time\" content=\"2010-06-07T21:25:25+00:00\" \/>\n<meta property=\"og:image\" content=\"http:\/\/www.shkoder.net\/images\/fjala\/artan_lame.jpg\" \/>\n<meta name=\"author\" content=\"admin\" \/>\n<meta name=\"twitter:card\" content=\"summary_large_image\" \/>\n<meta name=\"twitter:label1\" content=\"Written by\" \/>\n\t<meta name=\"twitter:data1\" content=\"admin\" \/>\n\t<meta name=\"twitter:label2\" content=\"Est. reading time\" \/>\n\t<meta name=\"twitter:data2\" content=\"9 minutes\" \/>\n<script type=\"application\/ld+json\" class=\"yoast-schema-graph\">{\"@context\":\"https:\\\/\\\/schema.org\",\"@graph\":[{\"@type\":\"Article\",\"@id\":\"https:\\\/\\\/fjala.info\\\/2009-2015\\\/rreziku-i-te-gjitheve\\\/#article\",\"isPartOf\":{\"@id\":\"https:\\\/\\\/fjala.info\\\/2009-2015\\\/rreziku-i-te-gjitheve\\\/\"},\"author\":{\"name\":\"admin\",\"@id\":\"https:\\\/\\\/fjala.info\\\/2009-2015\\\/#\\\/schema\\\/person\\\/3aa1163ef05469c496fc94e77611ada2\"},\"headline\":\"RREZIKU I T\u00cb GJITH\u00cbVE\",\"datePublished\":\"2010-06-07T21:25:25+00:00\",\"mainEntityOfPage\":{\"@id\":\"https:\\\/\\\/fjala.info\\\/2009-2015\\\/rreziku-i-te-gjitheve\\\/\"},\"wordCount\":1796,\"commentCount\":0,\"publisher\":{\"@id\":\"https:\\\/\\\/fjala.info\\\/2009-2015\\\/#organization\"},\"image\":{\"@id\":\"https:\\\/\\\/fjala.info\\\/2009-2015\\\/rreziku-i-te-gjitheve\\\/#primaryimage\"},\"thumbnailUrl\":\"http:\\\/\\\/www.shkoder.net\\\/images\\\/fjala\\\/artan_lame.jpg\",\"articleSection\":[\"Artikuj\"],\"inLanguage\":\"sq-AL\",\"potentialAction\":[{\"@type\":\"CommentAction\",\"name\":\"Comment\",\"target\":[\"https:\\\/\\\/fjala.info\\\/2009-2015\\\/rreziku-i-te-gjitheve\\\/#respond\"]}]},{\"@type\":\"WebPage\",\"@id\":\"https:\\\/\\\/fjala.info\\\/2009-2015\\\/rreziku-i-te-gjitheve\\\/\",\"url\":\"https:\\\/\\\/fjala.info\\\/2009-2015\\\/rreziku-i-te-gjitheve\\\/\",\"name\":\"RREZIKU I T\u00cb GJITH\u00cbVE - FjALA e LIR\u00cb - Arkivi\",\"isPartOf\":{\"@id\":\"https:\\\/\\\/fjala.info\\\/2009-2015\\\/#website\"},\"primaryImageOfPage\":{\"@id\":\"https:\\\/\\\/fjala.info\\\/2009-2015\\\/rreziku-i-te-gjitheve\\\/#primaryimage\"},\"image\":{\"@id\":\"https:\\\/\\\/fjala.info\\\/2009-2015\\\/rreziku-i-te-gjitheve\\\/#primaryimage\"},\"thumbnailUrl\":\"http:\\\/\\\/www.shkoder.net\\\/images\\\/fjala\\\/artan_lame.jpg\",\"datePublished\":\"2010-06-07T21:25:25+00:00\",\"breadcrumb\":{\"@id\":\"https:\\\/\\\/fjala.info\\\/2009-2015\\\/rreziku-i-te-gjitheve\\\/#breadcrumb\"},\"inLanguage\":\"sq-AL\",\"potentialAction\":[{\"@type\":\"ReadAction\",\"target\":[\"https:\\\/\\\/fjala.info\\\/2009-2015\\\/rreziku-i-te-gjitheve\\\/\"]}]},{\"@type\":\"ImageObject\",\"inLanguage\":\"sq-AL\",\"@id\":\"https:\\\/\\\/fjala.info\\\/2009-2015\\\/rreziku-i-te-gjitheve\\\/#primaryimage\",\"url\":\"http:\\\/\\\/www.shkoder.net\\\/images\\\/fjala\\\/artan_lame.jpg\",\"contentUrl\":\"http:\\\/\\\/www.shkoder.net\\\/images\\\/fjala\\\/artan_lame.jpg\"},{\"@type\":\"BreadcrumbList\",\"@id\":\"https:\\\/\\\/fjala.info\\\/2009-2015\\\/rreziku-i-te-gjitheve\\\/#breadcrumb\",\"itemListElement\":[{\"@type\":\"ListItem\",\"position\":1,\"name\":\"Home\",\"item\":\"https:\\\/\\\/fjala.info\\\/2009-2015\\\/\"},{\"@type\":\"ListItem\",\"position\":2,\"name\":\"RREZIKU I T\u00cb GJITH\u00cbVE\"}]},{\"@type\":\"WebSite\",\"@id\":\"https:\\\/\\\/fjala.info\\\/2009-2015\\\/#website\",\"url\":\"https:\\\/\\\/fjala.info\\\/2009-2015\\\/\",\"name\":\"FjALA e LIR\u00cb - Arkivi\",\"description\":\"Arkivi 2009-2015\",\"publisher\":{\"@id\":\"https:\\\/\\\/fjala.info\\\/2009-2015\\\/#organization\"},\"potentialAction\":[{\"@type\":\"SearchAction\",\"target\":{\"@type\":\"EntryPoint\",\"urlTemplate\":\"https:\\\/\\\/fjala.info\\\/2009-2015\\\/?s={search_term_string}\"},\"query-input\":{\"@type\":\"PropertyValueSpecification\",\"valueRequired\":true,\"valueName\":\"search_term_string\"}}],\"inLanguage\":\"sq-AL\"},{\"@type\":\"Organization\",\"@id\":\"https:\\\/\\\/fjala.info\\\/2009-2015\\\/#organization\",\"name\":\"FjALA e LIR\u00cb - Arkivi\",\"url\":\"https:\\\/\\\/fjala.info\\\/2009-2015\\\/\",\"logo\":{\"@type\":\"ImageObject\",\"inLanguage\":\"sq-AL\",\"@id\":\"https:\\\/\\\/fjala.info\\\/2009-2015\\\/#\\\/schema\\\/logo\\\/image\\\/\",\"url\":\"\",\"contentUrl\":\"\",\"caption\":\"FjALA e LIR\u00cb - Arkivi\"},\"image\":{\"@id\":\"https:\\\/\\\/fjala.info\\\/2009-2015\\\/#\\\/schema\\\/logo\\\/image\\\/\"}},{\"@type\":\"Person\",\"@id\":\"https:\\\/\\\/fjala.info\\\/2009-2015\\\/#\\\/schema\\\/person\\\/3aa1163ef05469c496fc94e77611ada2\",\"name\":\"admin\",\"image\":{\"@type\":\"ImageObject\",\"inLanguage\":\"sq-AL\",\"@id\":\"https:\\\/\\\/fjala.info\\\/2009-2015\\\/wp-content\\\/uploads\\\/2012\\\/02\\\/arben_cokaj-120x150.jpg\",\"url\":\"https:\\\/\\\/fjala.info\\\/2009-2015\\\/wp-content\\\/uploads\\\/2012\\\/02\\\/arben_cokaj-120x150.jpg\",\"contentUrl\":\"https:\\\/\\\/fjala.info\\\/2009-2015\\\/wp-content\\\/uploads\\\/2012\\\/02\\\/arben_cokaj-120x150.jpg\",\"caption\":\"admin\"},\"description\":\"Admin, Fjala e Lir\u00eb\",\"sameAs\":[\"https:\\\/\\\/fjala.info\\\/\"],\"url\":\"https:\\\/\\\/fjala.info\\\/2009-2015\\\/author\\\/admin\\\/\"}]}<\/script>\n<!-- \/ Yoast SEO plugin. -->","yoast_head_json":{"title":"RREZIKU I T\u00cb GJITH\u00cbVE - FjALA e LIR\u00cb - Arkivi","robots":{"index":"index","follow":"follow","max-snippet":"max-snippet:-1","max-image-preview":"max-image-preview:large","max-video-preview":"max-video-preview:-1"},"canonical":"https:\/\/fjala.info\/2009-2015\/rreziku-i-te-gjitheve\/","og_locale":"sq_AL","og_type":"article","og_title":"RREZIKU I T\u00cb GJITH\u00cbVE - FjALA e LIR\u00cb - Arkivi","og_description":"Artan Lame Si sot java shkrojta p\u00ebr gjendjen e ca prej monumenteve, t\u00eb cilave u k\u00ebrc\u00ebnohet q\u00ebnia, ca nga pleq\u00ebria e natyrshme, ca nga pakujdesja e ca nga dhuna e njer\u00ebzve. Shkrojta p\u00ebr Murin e Dem\u00ebs dhe guroret e Tomorrit, p\u00ebr ur\u00ebn e Kurt pash\u00ebs n\u00eb Velabisht dhe kalan\u00eb e Sulejman pash\u00ebs n\u00eb Tiran\u00eb. Shkrojta [&hellip;]","og_url":"https:\/\/fjala.info\/2009-2015\/rreziku-i-te-gjitheve\/","og_site_name":"FjALA e LIR\u00cb - Arkivi","article_published_time":"2010-06-07T21:25:25+00:00","og_image":[{"url":"http:\/\/www.shkoder.net\/images\/fjala\/artan_lame.jpg","type":"","width":"","height":""}],"author":"admin","twitter_card":"summary_large_image","twitter_misc":{"Written by":"admin","Est. reading time":"9 minutes"},"schema":{"@context":"https:\/\/schema.org","@graph":[{"@type":"Article","@id":"https:\/\/fjala.info\/2009-2015\/rreziku-i-te-gjitheve\/#article","isPartOf":{"@id":"https:\/\/fjala.info\/2009-2015\/rreziku-i-te-gjitheve\/"},"author":{"name":"admin","@id":"https:\/\/fjala.info\/2009-2015\/#\/schema\/person\/3aa1163ef05469c496fc94e77611ada2"},"headline":"RREZIKU I T\u00cb GJITH\u00cbVE","datePublished":"2010-06-07T21:25:25+00:00","mainEntityOfPage":{"@id":"https:\/\/fjala.info\/2009-2015\/rreziku-i-te-gjitheve\/"},"wordCount":1796,"commentCount":0,"publisher":{"@id":"https:\/\/fjala.info\/2009-2015\/#organization"},"image":{"@id":"https:\/\/fjala.info\/2009-2015\/rreziku-i-te-gjitheve\/#primaryimage"},"thumbnailUrl":"http:\/\/www.shkoder.net\/images\/fjala\/artan_lame.jpg","articleSection":["Artikuj"],"inLanguage":"sq-AL","potentialAction":[{"@type":"CommentAction","name":"Comment","target":["https:\/\/fjala.info\/2009-2015\/rreziku-i-te-gjitheve\/#respond"]}]},{"@type":"WebPage","@id":"https:\/\/fjala.info\/2009-2015\/rreziku-i-te-gjitheve\/","url":"https:\/\/fjala.info\/2009-2015\/rreziku-i-te-gjitheve\/","name":"RREZIKU I T\u00cb GJITH\u00cbVE - FjALA e LIR\u00cb - Arkivi","isPartOf":{"@id":"https:\/\/fjala.info\/2009-2015\/#website"},"primaryImageOfPage":{"@id":"https:\/\/fjala.info\/2009-2015\/rreziku-i-te-gjitheve\/#primaryimage"},"image":{"@id":"https:\/\/fjala.info\/2009-2015\/rreziku-i-te-gjitheve\/#primaryimage"},"thumbnailUrl":"http:\/\/www.shkoder.net\/images\/fjala\/artan_lame.jpg","datePublished":"2010-06-07T21:25:25+00:00","breadcrumb":{"@id":"https:\/\/fjala.info\/2009-2015\/rreziku-i-te-gjitheve\/#breadcrumb"},"inLanguage":"sq-AL","potentialAction":[{"@type":"ReadAction","target":["https:\/\/fjala.info\/2009-2015\/rreziku-i-te-gjitheve\/"]}]},{"@type":"ImageObject","inLanguage":"sq-AL","@id":"https:\/\/fjala.info\/2009-2015\/rreziku-i-te-gjitheve\/#primaryimage","url":"http:\/\/www.shkoder.net\/images\/fjala\/artan_lame.jpg","contentUrl":"http:\/\/www.shkoder.net\/images\/fjala\/artan_lame.jpg"},{"@type":"BreadcrumbList","@id":"https:\/\/fjala.info\/2009-2015\/rreziku-i-te-gjitheve\/#breadcrumb","itemListElement":[{"@type":"ListItem","position":1,"name":"Home","item":"https:\/\/fjala.info\/2009-2015\/"},{"@type":"ListItem","position":2,"name":"RREZIKU I T\u00cb GJITH\u00cbVE"}]},{"@type":"WebSite","@id":"https:\/\/fjala.info\/2009-2015\/#website","url":"https:\/\/fjala.info\/2009-2015\/","name":"FjALA e LIR\u00cb - Arkivi","description":"Arkivi 2009-2015","publisher":{"@id":"https:\/\/fjala.info\/2009-2015\/#organization"},"potentialAction":[{"@type":"SearchAction","target":{"@type":"EntryPoint","urlTemplate":"https:\/\/fjala.info\/2009-2015\/?s={search_term_string}"},"query-input":{"@type":"PropertyValueSpecification","valueRequired":true,"valueName":"search_term_string"}}],"inLanguage":"sq-AL"},{"@type":"Organization","@id":"https:\/\/fjala.info\/2009-2015\/#organization","name":"FjALA e LIR\u00cb - Arkivi","url":"https:\/\/fjala.info\/2009-2015\/","logo":{"@type":"ImageObject","inLanguage":"sq-AL","@id":"https:\/\/fjala.info\/2009-2015\/#\/schema\/logo\/image\/","url":"","contentUrl":"","caption":"FjALA e LIR\u00cb - Arkivi"},"image":{"@id":"https:\/\/fjala.info\/2009-2015\/#\/schema\/logo\/image\/"}},{"@type":"Person","@id":"https:\/\/fjala.info\/2009-2015\/#\/schema\/person\/3aa1163ef05469c496fc94e77611ada2","name":"admin","image":{"@type":"ImageObject","inLanguage":"sq-AL","@id":"https:\/\/fjala.info\/2009-2015\/wp-content\/uploads\/2012\/02\/arben_cokaj-120x150.jpg","url":"https:\/\/fjala.info\/2009-2015\/wp-content\/uploads\/2012\/02\/arben_cokaj-120x150.jpg","contentUrl":"https:\/\/fjala.info\/2009-2015\/wp-content\/uploads\/2012\/02\/arben_cokaj-120x150.jpg","caption":"admin"},"description":"Admin, Fjala e Lir\u00eb","sameAs":["https:\/\/fjala.info\/"],"url":"https:\/\/fjala.info\/2009-2015\/author\/admin\/"}]}},"_links":{"self":[{"href":"https:\/\/fjala.info\/2009-2015\/wp-json\/wp\/v2\/posts\/2955","targetHints":{"allow":["GET"]}}],"collection":[{"href":"https:\/\/fjala.info\/2009-2015\/wp-json\/wp\/v2\/posts"}],"about":[{"href":"https:\/\/fjala.info\/2009-2015\/wp-json\/wp\/v2\/types\/post"}],"author":[{"embeddable":true,"href":"https:\/\/fjala.info\/2009-2015\/wp-json\/wp\/v2\/users\/1"}],"replies":[{"embeddable":true,"href":"https:\/\/fjala.info\/2009-2015\/wp-json\/wp\/v2\/comments?post=2955"}],"version-history":[{"count":0,"href":"https:\/\/fjala.info\/2009-2015\/wp-json\/wp\/v2\/posts\/2955\/revisions"}],"wp:attachment":[{"href":"https:\/\/fjala.info\/2009-2015\/wp-json\/wp\/v2\/media?parent=2955"}],"wp:term":[{"taxonomy":"category","embeddable":true,"href":"https:\/\/fjala.info\/2009-2015\/wp-json\/wp\/v2\/categories?post=2955"},{"taxonomy":"post_tag","embeddable":true,"href":"https:\/\/fjala.info\/2009-2015\/wp-json\/wp\/v2\/tags?post=2955"}],"curies":[{"name":"wp","href":"https:\/\/api.w.org\/{rel}","templated":true}]}}