{"id":2953,"date":"2012-05-25T17:27:30","date_gmt":"2012-05-25T16:27:30","guid":{"rendered":"http:\/\/www.fjala.info\/?p=2953"},"modified":"2012-05-25T17:27:30","modified_gmt":"2012-05-25T16:27:30","slug":"revista-shqiptari-bukuresht-kushtuar-z-asllan-dibrani","status":"publish","type":"post","link":"https:\/\/fjala.info\/2009-2015\/revista-shqiptari-bukuresht-kushtuar-z-asllan-dibrani\/","title":{"rendered":"Revista Shqiptari, Bukuresht &#8211; kushtuar z. Asllan Dibrani"},"content":{"rendered":"<p><strong>Baki Ymeri<\/strong><\/p>\n<p>G\u00ebnjeshtra sentimentale dhe nacionale \u00ebsht\u00eb nj\u00eb gabim i pafalsh\u00ebm. Edukata e popullit nuk mund t\u00eb bazohet mbi g\u00ebnjeshtra por vet\u00ebm mbi t\u00eb v\u00ebrtet\u00ebn dhe faktet konkrete. Roli i shtypit n\u00eb k\u00ebt\u00eb kontekst \u00ebsht\u00eb i jasht\u00ebzakonsh\u00ebm.<\/p>\n<p><img decoding=\"async\" class=\"aligncenter size-thumbnail wp-image-7236\" title=\"Shqiptari - Asllan Dibrani\" src=\"http:\/\/www.fjala.info\/2012\/ballina_shqiptari_me_asllan_dibrani.jpg\" alt=\"\" width=\"500\" \/><\/p>\n<p>Edhepse kan\u00eb kaluar disa muaj nga koha kur e pa drit\u00ebn e shypit, e ndjejm\u00eb p\u00ebr obligim q\u00eb lajmin e botimit t\u00eb \u201cShqiptarit\u201d me nj\u00eb tradit\u00eb 122 vje\u00e7are t\u00eb ekzistenc\u00ebs s\u00eb saj (1888-1912), t\u2019ia dhurojm\u00eb edhe dashamir\u00ebve tan\u00eb t\u00eb panum\u00ebrt n\u00eb bot\u00eb. Numri i n\u00ebntorit (2011) hapet me portretin \u201cAsllan Dibrani \u00ebsht\u00eb z\u00ebri i Atdheut n\u00eb m\u00ebrgim\u201d, nj\u00eb bashkatdhetar yni q\u00eb posedon nj\u00eb biografi briliante me nj\u00eb varg suksesesh dhe rezultatesh t\u00eb lakmueshme, gjithandej n\u00eb bot\u00eb, sidomos n\u00eb bot\u00ebn shqiptare t\u00eb biznesit, artit dhe kultur\u00ebs.<\/p>\n<p>Asllan Dibrani \u00ebsht\u00eb ish i persekutuar politik, piktor, publicist, humanist, organizator koncertesh, moderator mbr\u00ebmjesh shqiptare, nj\u00eb nga veprimtar\u00ebt m\u00eb t\u00eb zellsh\u00ebm t\u00eb diaspor\u00eb shqiptare n\u00eb Gjermani, me nj\u00eb prezenc\u00eb t\u00eb gjall\u00eb artikujsh, portretesh dhe intervistash n\u00eb nj\u00eb varg gazetash t\u00eb shtypura dhe revistash t\u00eb famshme elektronike, si Zemra Shqiptare, Fjala e lir\u00eb, KosovariMedia, Drini etj. N\u00eb k\u00ebt\u00eb kontekst, kemi nderin ta prezantojm\u00eb me nj\u00eb album tekstesh dhe fotografish\u00eb q\u00eb justifikojn\u00eb prezenc\u00ebn e tij si nj\u00eb misionar aktiv i shqiptarizmit n\u00eb m\u00ebrgim.<\/p>\n<p><img decoding=\"async\" class=\"alignright size-thumbnail wp-image-7236\" title=\"Shqiptari - Asllan Dibrani\" src=\"http:\/\/www.fjala.info\/2012\/shqiptari_faqe21.jpg\" alt=\"\" width=\"300\" \/>N\u00eb faqet e para botohet pamfleti i tij q\u00eb b\u00ebri buj\u00eb: \u201cKushtrim p\u00ebr shp\u00ebtim nga rreziku i ekstremizmit islamik, q\u00eb vepron n\u00eb m\u00ebnyr\u00eb perfide kund\u00ebr kombit shqiptar\u201d, i dinamizuar me fotografi dhe karikatura. Pason nj\u00eb reportazh me titullin \u201cU p\u00ebrkujtua tre vjetori i Pavar\u00ebsis\u00eb s\u00eb Kosov\u00ebs n\u00eb Shtutgard\u201d, nj\u00eb portet kushtuar Tefik Jashar-Dibranit me titull \u201ePas 37 vjet pune n\u00eb Zvic\u00ebr u kthye n\u00eb nj\u00eb parajs\u00eb t\u00eb v\u00ebrtet\u00eb\u201d Impresionon nj\u00eb nga p\u00ebrgjigjet e tij: \u201eMe parat\u00eb e kursyera n\u00eb Zvic\u00ebr jemi kthyer n\u00eb Kosov\u00eb ku i kemi mbjellur rreth 7000 trupa pem\u00eb. Asnj\u00eb ndihm\u00eb nga askush nuk kam patur, madje as nga qeveria. Pun\u00ebn q\u00eb e b\u00ebjm\u00eb, e b\u00ebjm\u00eb me vullnet, duke patur disa pun\u00ebtor\u00eb t\u00eb mir\u00eb dhe nj\u00eb agronom me p\u00ebrvoj\u00eb, Agron Mehmet&#8230; Jam shum\u00eb krenar qe jam kthyer n\u00eb vendin tim, ndaj o ftoj gjith\u00eb shok\u00ebt dhe miqt\u00eb e mij, q\u00eb ti kursejn\u00eb parat\u00eb e veta, t\u00eb kthehen n\u00eb vendin e vet dhe t\u00eb investojn\u00eb se nuk do t\u00eb ju shkoj\u00eb mundi kot, sepse vendin ton\u00eb, ne jemi ata q\u00eb duhet ta nd\u00ebrtojm\u00eb dhe ta zhvillojm\u00eb.<\/p>\n<p><strong>Kujtime nga Burgu<\/strong><\/p>\n<p>Gjat\u00eb vuajtjes se d\u00ebnimit isha i burgosur politik si student i Fakultetit Filozofik n\u00eb grupin e &#8220;Gjuh\u00ebs dhe let\u00ebrsi shqipe&#8221; i d\u00ebnuar si kund\u00ebrrevolucionar, irredentist, nacionalist armik, antijugosllav, por edhe terrorist dhe shum\u00eb e shum\u00eb etiketa t\u00eb tjera \u00e7ka me sh\u00ebrbyen q\u00eb ta ndiej veten krenar qe isha n\u00eb sh\u00ebrbimin e atdheut tim! P\u00ebr ne, ish t\u00eb burgosurit politik\u00eb, ishte nj\u00eb v\u00ebshtir\u00ebsi e komunikimit me familjet tona ngase kishim nj\u00eb p\u00ebrcjellje t\u00eb rrept\u00eb nga organet e burgut, sa q\u00eb letrat \u00ebsht\u00eb dashur ti d\u00ebrgojm\u00eb t\u00eb hapura dhe cenzuroheshin nga milicia e at\u00ebhershme jugosllave. Mbi 50-60 % e tyre nuk e shihte drit\u00ebn e arritjes n\u00eb gjirin familiar asnj\u00ebher\u00eb, por edhe kishte vonesa t\u00eb tyre, madje deri n\u00eb tre muaj a m\u00eb tep\u00ebr.<\/p>\n<p><img decoding=\"async\" class=\"alignleft size-thumbnail wp-image-7236\" title=\"Shqiptari - Asllan Dibrani\" src=\"http:\/\/www.fjala.info\/2012\/shqiptari_faqja_pare.jpg\" alt=\"\" width=\"300\" \/>Komunikimi mes familjareve ishte i cenzuruar, \u00e7do fjal\u00eb, \u00e7do l\u00ebvitje dhe \u00e7ro gj\u00eb p\u00ebrgjohej gjat\u00eb vizitave me familiar\u00ebt tan\u00eb, nj\u00eb n\u00eb muaj. Numri ishte i p\u00ebrcaktuar, nj\u00eb person ose dy, dhe t\u00eb drejt\u00eb vizite kan\u00eb patur vet\u00ebm an\u00ebtar\u00ebt e ngusht\u00eb t\u00eb familjes, bab\u00ebn n\u00ebn\u00ebn motrat dhe v\u00ebllez\u00ebrit, nd\u00ebrsa familja m\u00eb e gjer\u00eb nuk u lejohej qe t\u00eb na vizitonin. N\u00eb ndonj\u00eb rast t\u00eb keq\u00ebsimit t\u00eb situat\u00ebs politike n\u00eb Kosov\u00eb, na ndalohej fare vizita, ose ishim n\u00eb p\u00ebrcjellje edhe m\u00eb t\u00eb rrept\u00eb, duke qen\u00eb t\u00eb kujdessh\u00ebm se \u00e7ka po flet me familje, lurse si mjete ndihmese kishin edhe aparatet qe incizonin n\u00eb prezenc\u00ebn ton\u00eb, n\u00eb tavolin\u00eb!<\/p>\n<p>V\u00ebshtir\u00ebsit\u00eb m\u00eb t\u00eb m\u00ebdha kishim ngaq\u00eb na transferonin nga nj\u00eb burg n\u00eb burgun tjet\u00ebr, por burgu i Nishit ishte burgu m\u00eb fam\u00ebkeq, q\u00eb e kishin p\u00ebrjetuar shqiptar\u00ebt, paralelisht me burgun e Goli Otokut. Shpesh her\u00eb familjar\u00ebt tan\u00eb jan\u00eb kthyer n\u00eb sht\u00ebpi shum\u00eb t\u00eb shqet\u00ebsuar dhe t\u00eb thyer n\u00eb shpirt nga pamjet tona t\u00eb deformuara fizikisht nga torturat \u00e7njer\u00ebzore nga regjimi serb i asaj kohe. Nuk harrohen persekutimet kund\u00ebr t\u00eb burgosurve politik shqiptar\u00eb q\u00eb n\u00eb shpirt e kishin t\u00eb pjekur iden\u00eb p\u00ebr Republik\u00ebn e Kosov\u00ebs dhe pavar\u00ebsin\u00eb e saj\u00eb deri n\u00eb \u00e7lirim total nga okupatori serb.<br \/>\n(<em>Asllan Dibrani<\/em>)<\/p>\n<p>Pason ballina e revist\u00ebs \u201eKosova\u201d n\u00eb Bukuresht, nj\u00eb gam\u00eb fotografish\u00eb tjera me titullin \u201ePiktor dimensionesh t\u00eb bukura artistike\u201d, nj\u00eb album kujtimesh t\u00eb paharruara: Grupi i Lidhjes se Shkrimtar\u00ebve dhe Artist\u00ebve Shqiptar\u00eb n\u00eb Gjermani, Pamje nga publiku ne Heidelberg Shaban Cakolli n\u00eb diskutim, pas t\u00eb cilave botohet nj\u00eb foto me nj\u00eb biznismen t\u00eb suksessh\u00ebm, Tefik Jashar-Dibrani. Pasojn\u00eb fotografi me Fahredin Tafallarin, Xhafer Lecin, Kadri G\u00ebrvall\u00ebn, Ymer Lladrovci, Albin Kurtin, fotografi tubimesh t\u00eb ndryshme me bashkatdhetar\u00ebt e tij n\u00eb Gjermani, Remzie Osmani n\u00eb koncertin e organizuar nga Asllan Dibrani, pamje nga manifestuesit p\u00ebr 17 shkurtin, dit\u00ebn e pavar\u00ebsis\u00eb s\u00eb Kosov\u00ebs n\u00eb Shtutgard, nj\u00eb foto tjet\u00ebr me Ymer Lladrovcin, p\u00ebrfaq\u00ebsues i denj\u00eb i konsullat\u00ebs s\u00eb Kosov\u00ebs n\u00eb Shtutgard.<\/p>\n<p><img decoding=\"async\" class=\"alignright size-thumbnail wp-image-7236\" title=\"Shqiptari - Asllan Dibrani\" src=\"http:\/\/www.fjala.info\/2012\/shqiptari_faqja_dyte.jpg\" alt=\"\" width=\"300\" \/>N\u00eb vijim jepet nj\u00eb intervist\u00eb e Sokol Demakut me Asllan Dibranin, me moton: \u201eNjeriu nuk duhet te jet\u00eb i k\u00ebnaqur me ate \u00e7ka ka por pa dyshim duhet qen\u00eb shembull p\u00ebr te tjer\u00ebt n\u00eb ruajtjen dhe kultivimin e kultur\u00ebs dhe tradit\u00ebs shqiptare\u201d, ku kepen edhe disa detaje nga jeta e tij: i lindur n\u00eb Prishtin\u00eb , i emigruar ne vitin 1993 n\u00eb Gjermani, i martuar dhe bab\u00eb i tre f\u00ebmij\u00ebve (Art\u00ebs, Meritonit dhe Rilindit). Ka studiuar n\u00eb Fakultetin Filozofik, dega e Albanologjis\u00eb. P\u00ebr angazhimin e tij aktiv n\u00eb gjirin e l\u00ebvizjes studentore m\u00eb 1981, u burgosa nga UDB-ja jugosllave dhe qe d\u00ebnuar me 10 vjet burg.<\/p>\n<p>P\u00ebr momentin udh\u00ebheq nj\u00eb firm\u00eb transporti &#8220;Dibranin-transport&#8221;, n\u00eb Shtutgard t\u00eb Gjermanis\u00eb, ku jeton, krijon dhe vepron. P\u00ebrve\u00e7 biznesit merret edhe me shkrime, art, karikatur\u00eb, \u00e7\u00ebshtje kulturore etj. Kosova pas luft\u00ebs, sipas tij, \u00ebsht\u00eb nj\u00eb det idesh\u00eb dhe temash nga t\u00eb cilat jan\u00eb duke dal\u00eb vepra t\u00eb mir\u00ebfillta artistike, si n\u00eb piktur\u00eb, let\u00ebrsi etj. Mendoj se tani \u00ebsht\u00eb koha ta tregojm\u00eb veten edhe para popujve tjer\u00eb, se vet\u00ebm me kultur\u00eb, pun\u00eb produktive dhe unitet, do t\u00eb jemi m\u00eb t\u00eb pranish\u00ebm tek familjet e m\u00ebdha t\u00eb popujve t\u00eb Evrop\u00ebs.<\/p>\n<p>Revista Shqiptari kushtuar Asllan Dibranit boton artikullin e tij Forcat e KFOR-it turk n\u00eb Kosov\u00eb, me fragmente si \u201cPa u hamendur vetvetiu konfrontohet njeriu me te kaluar\u00ebn historike dhe apetitet e Turqis\u00eb s\u00eb vjet\u00ebr ndaj Kosov\u00eb. K\u00ebt\u00eb popull \u00ebsht\u00eb duke e keqp\u00ebrdor\u00eb, edhe n\u00eb ket\u00eb m\u00ebnyr\u00eb gjeja p\u00ebrmes organizimit te synetis\u00eb. Kjo politik\u00eb e ushtar\u00ebve turq t\u00eb KFOR-it nxitet p\u00ebrmes njer\u00ebzve tan\u00eb, n\u00eb lajthitje me kodin shqiptar.<\/p>\n<p><img decoding=\"async\" class=\"alignleft size-thumbnail wp-image-7236\" title=\"Shqiptari - Asllan Dibrani\" src=\"http:\/\/www.fjala.info\/2012\/shqiptari_faqja_fundit.jpg\" alt=\"\" width=\"300\" \/>Ky aksion synetie po vazhdon ne disa qytete te Kosov\u00ebs me elit\u00ebn e disa bashk\u00ebpun\u00ebtor\u00ebve t\u00eb ish agjentur\u00ebs jugosllave dhe hoxhallar\u00eb t\u00eb shitur, t\u00eb pa vet\u00ebdije, t\u00eb pa shkoll\u00eb dhe t\u00eb devijuar nga parimet komb\u00ebtare shqiptare&#8230; N\u00ebse sot, me rastin e k\u00ebsaj ceremonie, shprehet nj\u00eb aspekt sh\u00ebndet\u00ebsor i Islamit, shprehet motoja dhe esenca e tij, at\u00ebher\u00eb dijeni se Islami i t\u00ebri \u00ebsht\u00eb i till\u00eb. Kredoja dhe ritet islame, q\u00eb t\u00eb gjitha, pa p\u00ebrjashtim, promovojn\u00eb vet\u00ebm vlera, humanitet, mir\u00ebqenie, rend dhe siguri.<\/p>\n<p>Mos harroni se k\u00ebt\u00eb rit, urt\u00ebsit\u00eb e t\u00eb cilit bota moderne i ka zbuluar vet\u00ebm tash s\u00eb voni, Islami e ka aprovuar para m\u00eb shum\u00eb se nj\u00ebmij\u00eb vjet&#8230;. Ja shiheni lexues t\u00eb nderuar se me \u00e7ka mashtrohen shqiptar\u00ebt nga jo shqiptar\u00eb ose gjysm\u00eb shqiptar\u00eb! Lavd\u00ebron nj\u00eb ushti t\u00eb huaj , nj\u00eb shtet t\u00eb huaj q\u00eb t\u00eb pushtoj 500 vjet, nuk p\u00ebrmendet as kund se jemi shqiptar\u00eb te besimit islam, duke e nuancuar m\u00eb ngjyra t\u00eb nj\u00eb komb asnjan\u00ebs ose n\u00eb nj\u00eb komb mysliman pa shqiptar\u00eb me gjuh\u00eb turko\/arabe&#8230; Ky njeri, Sedat Islami, kush e din\u00eb se kush e paguan, kush e urdh\u00ebron, dyshohet t\u00eb jet\u00eb shqiptar\u00eb si e verbon popullin mbas nj\u00eb lecke t\u00eb dhuruar nga pushtuesi 500 vje\u00e7ar n\u00eb Kosov\u00eb? (Qershor 2011)<\/p>\n<p><strong>Shqiptar\u00ebt nderuar mesh\u00ebn e shenjt\u00eb t\u00eb Pap\u00ebs n\u00eb Gjermani<\/strong><\/p>\n<p>Vizita e Pap\u00ebs k\u00ebto dite ishte nj\u00eb sken\u00eb pamore mysliman\u00ebve dhe katolik\u00ebve shqiptar\u00eb,n\u00eb nj\u00eb grup t\u00eb p\u00ebrbashk\u00ebt nga rradh\u00ebt e mij\u00ebra njer\u00ebz,q\u00eb udh\u00ebtuan drejt qytetit Freiburg n\u00eb fundjav\u00eb qe lam\u00eb pas,p\u00ebr t\u2019i b\u00ebr\u00eb nj\u00eb nder Pap\u00ebs Benedikti i XVI. Vet\u00ebm nga Elztal ka pasur rreth 1.000 katolik\u00eb t\u00eb cil\u00ebt mor\u00ebn pjes\u00eb n\u00eb vigjilje dhe sh\u00ebrbimin e t\u00eb rinjve, raportoi i k\u00ebnaqur Ekkehard Bechinger p\u00ebrfaq\u00ebsues i organizimit t\u00eb k\u00ebtij tubimi madh\u00ebshtor. Shoqata \u201cYjet e Kosov\u00ebs\u201d, prezent n\u00eb mas\u00ebn e mij\u00ebra njer\u00ebzve q\u00eb erdh\u00ebn ta p\u00ebrcjellin mesh\u00ebn e Pap\u00ebs me portretin e shenjtores s\u00eb madhe N\u00ebn\u00eb Tereza&#8230;<\/p>\n<p><strong>N\u00eb Fotografi<\/strong>: Pamje e Lon Karrices, Tahir Shabanit, Arif Hoti, Almire Brahimi, Uk\u00eb Zefi, Donika Zefi, Rejhane Brahimi, Mustaf\u00eb Shabani, Pergega Augustin, Maria Pergega, Nol Zefi, Avni Shabani dhe shum\u00eb t\u00eb tjer\u00eb qe u shprehen fal\u00ebnderimet e tyre p\u00ebr vizit\u00eb n\u00eb Gjermani dhe Selia e Shenjt\u00eb. Ata i b\u00ebn\u00eb nder k\u00ebtij takimi me posterin e N\u00ebn\u00eb Terez\u00eb me kardinalin Ratzinger,qe ishte n\u00eb vizit\u00eb n\u00eb vitin 1978 n\u00eb Fribourg.<\/p>\n<p><img decoding=\"async\" class=\"alignright size-thumbnail wp-image-7236\" title=\"Shqiptari - Asllan Dibrani\" src=\"http:\/\/www.fjala.info\/2012\/shqiptari_as_papa_bendikti_xvi.jpg\" alt=\"\" width=\"300\" \/>Pamja e k\u00ebtyre shqiptar\u00ebve sikur i shtoi vler\u00ebn kombit shqiptar q\u00eb i dha nj\u00eb figur\u00eb aq t\u00eb madhe bot\u00ebs ku shum\u00eb fotoreporter\u00eb e ndoq\u00ebn me k\u00ebrsh\u00ebri t\u00eb ve\u00e7ant\u00eb prezenc\u00ebn e tyre duke e filmuar grupin e lartp\u00ebrmendur. Ishin s\u00eb bashku shum\u00eb shqiptar\u00eb qe i nderuan 12 Apostuj qe e nderuan Kombin dhe n\u00eb m\u00ebnyr\u00eb simbolike i shprehen fal\u00ebnderimin e tyre Pap\u00ebs Benedikti XVI dhe selis\u00eb se Shenjte t\u00eb Vatikanit, po ashtu edhe Gjermanis\u00eb. K\u00ebta s\u00eb bashku vajzat dhe djemt\u00eb e mbare Kosov\u00ebs motra dhe v\u00ebllez\u00ebr t\u00eb konfeksionit fetar mysliman dhe katolik. Ishin nga te gjitha Viset e Kosov\u00ebs q\u00eb treguan mir\u00ebkuptimin dashurin\u00eb dhe respektin p\u00ebr veten e vet\u2026<\/p>\n<p>T\u00eb bashkuar si n\u00eb festa, g\u00ebzime, ahengje n\u00eb kultur\u00eb por edhe n\u00eb luft\u00eb ne stuhit\u00eb e koh\u00ebs shqiptar\u00ebt ishin tog (nj\u00eb p\u00ebr t\u00eb gjith\u00eb, t\u00eb gjith\u00eb p\u00ebr nj\u00eb). Ky \u00ebsht\u00eb sinjali m\u00eb i mir\u00eb p\u00ebr armiqt\u00eb e s\u00eb kaluar\u00ebs, t\u00eb tanishmes, por edhe p\u00ebr armiqt\u00eb e popullit shqiptar n\u00eb t\u00eb ardhmen\u2026 Me k\u00ebt\u00eb shembull human dhe simbolik treguan se ne jemi Apostujt t\u00eb vegj\u00ebl q\u00eb popullin ton\u00eb e prezantojm\u00eb ashtu si\u00e7 ka qen\u00eb, si\u00e7 \u00ebsht\u00eb dhe si\u00e7 do t\u00eb jet\u00eb n\u00eb t\u00eb ardhmen. Popull i civilizuar, m\u00eb i lashti n\u00eb Ballkan dhe me orientim eiropian, duke e ruajtur qenien nacionale si shqiptar me synime drejt familjeve te popujve t\u00eb Evrop\u00ebs. M\u00eb tej pasojn\u00eb artikuj, piktura dhe fotografi tjera t\u00eb zt. Dibrani kushtuar artit dhe kultur\u00ebs shqiptare n\u00eb diaspor\u00eb.<\/p>\n<p><strong>BOX<\/strong><\/p>\n<p>Colegiul de redac\u0163ie: Acad. Grigore Br\u00e2ncu\u015f, Dr. Dr. Xhelku Maksuri (Pre\u015fedinte de Onoare UCAR), Tiberius Puiu, Adriana Tabacu, P\u00ebrparim Demi. Colaboratori: G\u00ebzim Marku, Vlash Fili, Xhever Ymeri, Eduard Dilo, Ilir Dardani, Ylli Dilo, Ilir Kosova, Mediar Leka. Tehnoredactare: Alban Voka. Adresa: Bul. 1 Mai 18, Bl. 17-S-14, Ap. 128, Cod. 160631, Bucuresti, Of.66. Telefon: 0729698600 E-mail: baki.ymeri@yahoo.com ISSN 1221-6925<br \/>\nResponsabilitatea juridic\u0103 pentru con\u0163inutul articolelor apar\u0163ine autorilor (art.206 C.P.)<\/p>\n","protected":false},"excerpt":{"rendered":"<p>Baki Ymeri G\u00ebnjeshtra sentimentale dhe nacionale \u00ebsht\u00eb nj\u00eb gabim i pafalsh\u00ebm. Edukata e popullit nuk mund t\u00eb bazohet mbi g\u00ebnjeshtra por vet\u00ebm mbi t\u00eb v\u00ebrtet\u00ebn dhe faktet konkrete. Roli i shtypit n\u00eb k\u00ebt\u00eb kontekst \u00ebsht\u00eb i jasht\u00ebzakonsh\u00ebm. Edhepse kan\u00eb kaluar disa muaj nga koha kur e pa drit\u00ebn e shypit, e ndjejm\u00eb p\u00ebr obligim q\u00eb [&hellip;]<\/p>\n","protected":false},"author":1,"featured_media":0,"comment_status":"open","ping_status":"closed","sticky":false,"template":"","format":"standard","meta":{"footnotes":""},"categories":[2],"tags":[],"class_list":{"0":"post-2953","1":"post","2":"type-post","3":"status-publish","4":"format-standard","6":"category-artikuj"},"yoast_head":"<!-- This site is optimized with the Yoast SEO plugin v27.4 - https:\/\/yoast.com\/product\/yoast-seo-wordpress\/ -->\n<title>Revista Shqiptari, Bukuresht - kushtuar z. Asllan Dibrani - FjALA e LIR\u00cb - Arkivi<\/title>\n<meta name=\"robots\" content=\"index, follow, max-snippet:-1, max-image-preview:large, max-video-preview:-1\" \/>\n<link rel=\"canonical\" href=\"https:\/\/fjala.info\/2009-2015\/revista-shqiptari-bukuresht-kushtuar-z-asllan-dibrani\/\" \/>\n<meta property=\"og:locale\" content=\"sq_AL\" \/>\n<meta property=\"og:type\" content=\"article\" \/>\n<meta property=\"og:title\" content=\"Revista Shqiptari, Bukuresht - kushtuar z. Asllan Dibrani - FjALA e LIR\u00cb - Arkivi\" \/>\n<meta property=\"og:description\" content=\"Baki Ymeri G\u00ebnjeshtra sentimentale dhe nacionale \u00ebsht\u00eb nj\u00eb gabim i pafalsh\u00ebm. Edukata e popullit nuk mund t\u00eb bazohet mbi g\u00ebnjeshtra por vet\u00ebm mbi t\u00eb v\u00ebrtet\u00ebn dhe faktet konkrete. Roli i shtypit n\u00eb k\u00ebt\u00eb kontekst \u00ebsht\u00eb i jasht\u00ebzakonsh\u00ebm. Edhepse kan\u00eb kaluar disa muaj nga koha kur e pa drit\u00ebn e shypit, e ndjejm\u00eb p\u00ebr obligim q\u00eb [&hellip;]\" \/>\n<meta property=\"og:url\" content=\"https:\/\/fjala.info\/2009-2015\/revista-shqiptari-bukuresht-kushtuar-z-asllan-dibrani\/\" \/>\n<meta property=\"og:site_name\" content=\"FjALA e LIR\u00cb - Arkivi\" \/>\n<meta property=\"article:published_time\" content=\"2012-05-25T16:27:30+00:00\" \/>\n<meta property=\"og:image\" content=\"http:\/\/www.fjala.info\/2012\/ballina_shqiptari_me_asllan_dibrani.jpg\" \/>\n<meta name=\"author\" content=\"admin\" \/>\n<meta name=\"twitter:card\" content=\"summary_large_image\" \/>\n<meta name=\"twitter:label1\" content=\"Written by\" \/>\n\t<meta name=\"twitter:data1\" content=\"admin\" \/>\n\t<meta name=\"twitter:label2\" content=\"Est. reading time\" \/>\n\t<meta name=\"twitter:data2\" content=\"10 minutes\" \/>\n<script type=\"application\/ld+json\" class=\"yoast-schema-graph\">{\"@context\":\"https:\\\/\\\/schema.org\",\"@graph\":[{\"@type\":\"Article\",\"@id\":\"https:\\\/\\\/fjala.info\\\/2009-2015\\\/revista-shqiptari-bukuresht-kushtuar-z-asllan-dibrani\\\/#article\",\"isPartOf\":{\"@id\":\"https:\\\/\\\/fjala.info\\\/2009-2015\\\/revista-shqiptari-bukuresht-kushtuar-z-asllan-dibrani\\\/\"},\"author\":{\"name\":\"admin\",\"@id\":\"https:\\\/\\\/fjala.info\\\/2009-2015\\\/#\\\/schema\\\/person\\\/3aa1163ef05469c496fc94e77611ada2\"},\"headline\":\"Revista Shqiptari, Bukuresht &#8211; kushtuar z. Asllan Dibrani\",\"datePublished\":\"2012-05-25T16:27:30+00:00\",\"mainEntityOfPage\":{\"@id\":\"https:\\\/\\\/fjala.info\\\/2009-2015\\\/revista-shqiptari-bukuresht-kushtuar-z-asllan-dibrani\\\/\"},\"wordCount\":2007,\"commentCount\":0,\"publisher\":{\"@id\":\"https:\\\/\\\/fjala.info\\\/2009-2015\\\/#organization\"},\"image\":{\"@id\":\"https:\\\/\\\/fjala.info\\\/2009-2015\\\/revista-shqiptari-bukuresht-kushtuar-z-asllan-dibrani\\\/#primaryimage\"},\"thumbnailUrl\":\"http:\\\/\\\/www.fjala.info\\\/2012\\\/ballina_shqiptari_me_asllan_dibrani.jpg\",\"articleSection\":[\"Artikuj\"],\"inLanguage\":\"sq-AL\",\"potentialAction\":[{\"@type\":\"CommentAction\",\"name\":\"Comment\",\"target\":[\"https:\\\/\\\/fjala.info\\\/2009-2015\\\/revista-shqiptari-bukuresht-kushtuar-z-asllan-dibrani\\\/#respond\"]}]},{\"@type\":\"WebPage\",\"@id\":\"https:\\\/\\\/fjala.info\\\/2009-2015\\\/revista-shqiptari-bukuresht-kushtuar-z-asllan-dibrani\\\/\",\"url\":\"https:\\\/\\\/fjala.info\\\/2009-2015\\\/revista-shqiptari-bukuresht-kushtuar-z-asllan-dibrani\\\/\",\"name\":\"Revista Shqiptari, Bukuresht - kushtuar z. Asllan Dibrani - FjALA e LIR\u00cb - Arkivi\",\"isPartOf\":{\"@id\":\"https:\\\/\\\/fjala.info\\\/2009-2015\\\/#website\"},\"primaryImageOfPage\":{\"@id\":\"https:\\\/\\\/fjala.info\\\/2009-2015\\\/revista-shqiptari-bukuresht-kushtuar-z-asllan-dibrani\\\/#primaryimage\"},\"image\":{\"@id\":\"https:\\\/\\\/fjala.info\\\/2009-2015\\\/revista-shqiptari-bukuresht-kushtuar-z-asllan-dibrani\\\/#primaryimage\"},\"thumbnailUrl\":\"http:\\\/\\\/www.fjala.info\\\/2012\\\/ballina_shqiptari_me_asllan_dibrani.jpg\",\"datePublished\":\"2012-05-25T16:27:30+00:00\",\"breadcrumb\":{\"@id\":\"https:\\\/\\\/fjala.info\\\/2009-2015\\\/revista-shqiptari-bukuresht-kushtuar-z-asllan-dibrani\\\/#breadcrumb\"},\"inLanguage\":\"sq-AL\",\"potentialAction\":[{\"@type\":\"ReadAction\",\"target\":[\"https:\\\/\\\/fjala.info\\\/2009-2015\\\/revista-shqiptari-bukuresht-kushtuar-z-asllan-dibrani\\\/\"]}]},{\"@type\":\"ImageObject\",\"inLanguage\":\"sq-AL\",\"@id\":\"https:\\\/\\\/fjala.info\\\/2009-2015\\\/revista-shqiptari-bukuresht-kushtuar-z-asllan-dibrani\\\/#primaryimage\",\"url\":\"http:\\\/\\\/www.fjala.info\\\/2012\\\/ballina_shqiptari_me_asllan_dibrani.jpg\",\"contentUrl\":\"http:\\\/\\\/www.fjala.info\\\/2012\\\/ballina_shqiptari_me_asllan_dibrani.jpg\"},{\"@type\":\"BreadcrumbList\",\"@id\":\"https:\\\/\\\/fjala.info\\\/2009-2015\\\/revista-shqiptari-bukuresht-kushtuar-z-asllan-dibrani\\\/#breadcrumb\",\"itemListElement\":[{\"@type\":\"ListItem\",\"position\":1,\"name\":\"Home\",\"item\":\"https:\\\/\\\/fjala.info\\\/2009-2015\\\/\"},{\"@type\":\"ListItem\",\"position\":2,\"name\":\"Revista Shqiptari, Bukuresht &#8211; kushtuar z. Asllan Dibrani\"}]},{\"@type\":\"WebSite\",\"@id\":\"https:\\\/\\\/fjala.info\\\/2009-2015\\\/#website\",\"url\":\"https:\\\/\\\/fjala.info\\\/2009-2015\\\/\",\"name\":\"FjALA e LIR\u00cb - Arkivi\",\"description\":\"Arkivi 2009-2015\",\"publisher\":{\"@id\":\"https:\\\/\\\/fjala.info\\\/2009-2015\\\/#organization\"},\"potentialAction\":[{\"@type\":\"SearchAction\",\"target\":{\"@type\":\"EntryPoint\",\"urlTemplate\":\"https:\\\/\\\/fjala.info\\\/2009-2015\\\/?s={search_term_string}\"},\"query-input\":{\"@type\":\"PropertyValueSpecification\",\"valueRequired\":true,\"valueName\":\"search_term_string\"}}],\"inLanguage\":\"sq-AL\"},{\"@type\":\"Organization\",\"@id\":\"https:\\\/\\\/fjala.info\\\/2009-2015\\\/#organization\",\"name\":\"FjALA e LIR\u00cb - Arkivi\",\"url\":\"https:\\\/\\\/fjala.info\\\/2009-2015\\\/\",\"logo\":{\"@type\":\"ImageObject\",\"inLanguage\":\"sq-AL\",\"@id\":\"https:\\\/\\\/fjala.info\\\/2009-2015\\\/#\\\/schema\\\/logo\\\/image\\\/\",\"url\":\"\",\"contentUrl\":\"\",\"caption\":\"FjALA e LIR\u00cb - Arkivi\"},\"image\":{\"@id\":\"https:\\\/\\\/fjala.info\\\/2009-2015\\\/#\\\/schema\\\/logo\\\/image\\\/\"}},{\"@type\":\"Person\",\"@id\":\"https:\\\/\\\/fjala.info\\\/2009-2015\\\/#\\\/schema\\\/person\\\/3aa1163ef05469c496fc94e77611ada2\",\"name\":\"admin\",\"image\":{\"@type\":\"ImageObject\",\"inLanguage\":\"sq-AL\",\"@id\":\"https:\\\/\\\/fjala.info\\\/2009-2015\\\/wp-content\\\/uploads\\\/2012\\\/02\\\/arben_cokaj-120x150.jpg\",\"url\":\"https:\\\/\\\/fjala.info\\\/2009-2015\\\/wp-content\\\/uploads\\\/2012\\\/02\\\/arben_cokaj-120x150.jpg\",\"contentUrl\":\"https:\\\/\\\/fjala.info\\\/2009-2015\\\/wp-content\\\/uploads\\\/2012\\\/02\\\/arben_cokaj-120x150.jpg\",\"caption\":\"admin\"},\"description\":\"Admin, Fjala e Lir\u00eb\",\"sameAs\":[\"https:\\\/\\\/fjala.info\\\/\"],\"url\":\"https:\\\/\\\/fjala.info\\\/2009-2015\\\/author\\\/admin\\\/\"}]}<\/script>\n<!-- \/ Yoast SEO plugin. -->","yoast_head_json":{"title":"Revista Shqiptari, Bukuresht - kushtuar z. Asllan Dibrani - FjALA e LIR\u00cb - Arkivi","robots":{"index":"index","follow":"follow","max-snippet":"max-snippet:-1","max-image-preview":"max-image-preview:large","max-video-preview":"max-video-preview:-1"},"canonical":"https:\/\/fjala.info\/2009-2015\/revista-shqiptari-bukuresht-kushtuar-z-asllan-dibrani\/","og_locale":"sq_AL","og_type":"article","og_title":"Revista Shqiptari, Bukuresht - kushtuar z. Asllan Dibrani - FjALA e LIR\u00cb - Arkivi","og_description":"Baki Ymeri G\u00ebnjeshtra sentimentale dhe nacionale \u00ebsht\u00eb nj\u00eb gabim i pafalsh\u00ebm. Edukata e popullit nuk mund t\u00eb bazohet mbi g\u00ebnjeshtra por vet\u00ebm mbi t\u00eb v\u00ebrtet\u00ebn dhe faktet konkrete. Roli i shtypit n\u00eb k\u00ebt\u00eb kontekst \u00ebsht\u00eb i jasht\u00ebzakonsh\u00ebm. Edhepse kan\u00eb kaluar disa muaj nga koha kur e pa drit\u00ebn e shypit, e ndjejm\u00eb p\u00ebr obligim q\u00eb [&hellip;]","og_url":"https:\/\/fjala.info\/2009-2015\/revista-shqiptari-bukuresht-kushtuar-z-asllan-dibrani\/","og_site_name":"FjALA e LIR\u00cb - Arkivi","article_published_time":"2012-05-25T16:27:30+00:00","og_image":[{"url":"http:\/\/www.fjala.info\/2012\/ballina_shqiptari_me_asllan_dibrani.jpg","type":"","width":"","height":""}],"author":"admin","twitter_card":"summary_large_image","twitter_misc":{"Written by":"admin","Est. reading time":"10 minutes"},"schema":{"@context":"https:\/\/schema.org","@graph":[{"@type":"Article","@id":"https:\/\/fjala.info\/2009-2015\/revista-shqiptari-bukuresht-kushtuar-z-asllan-dibrani\/#article","isPartOf":{"@id":"https:\/\/fjala.info\/2009-2015\/revista-shqiptari-bukuresht-kushtuar-z-asllan-dibrani\/"},"author":{"name":"admin","@id":"https:\/\/fjala.info\/2009-2015\/#\/schema\/person\/3aa1163ef05469c496fc94e77611ada2"},"headline":"Revista Shqiptari, Bukuresht &#8211; kushtuar z. Asllan Dibrani","datePublished":"2012-05-25T16:27:30+00:00","mainEntityOfPage":{"@id":"https:\/\/fjala.info\/2009-2015\/revista-shqiptari-bukuresht-kushtuar-z-asllan-dibrani\/"},"wordCount":2007,"commentCount":0,"publisher":{"@id":"https:\/\/fjala.info\/2009-2015\/#organization"},"image":{"@id":"https:\/\/fjala.info\/2009-2015\/revista-shqiptari-bukuresht-kushtuar-z-asllan-dibrani\/#primaryimage"},"thumbnailUrl":"http:\/\/www.fjala.info\/2012\/ballina_shqiptari_me_asllan_dibrani.jpg","articleSection":["Artikuj"],"inLanguage":"sq-AL","potentialAction":[{"@type":"CommentAction","name":"Comment","target":["https:\/\/fjala.info\/2009-2015\/revista-shqiptari-bukuresht-kushtuar-z-asllan-dibrani\/#respond"]}]},{"@type":"WebPage","@id":"https:\/\/fjala.info\/2009-2015\/revista-shqiptari-bukuresht-kushtuar-z-asllan-dibrani\/","url":"https:\/\/fjala.info\/2009-2015\/revista-shqiptari-bukuresht-kushtuar-z-asllan-dibrani\/","name":"Revista Shqiptari, Bukuresht - kushtuar z. Asllan Dibrani - FjALA e LIR\u00cb - Arkivi","isPartOf":{"@id":"https:\/\/fjala.info\/2009-2015\/#website"},"primaryImageOfPage":{"@id":"https:\/\/fjala.info\/2009-2015\/revista-shqiptari-bukuresht-kushtuar-z-asllan-dibrani\/#primaryimage"},"image":{"@id":"https:\/\/fjala.info\/2009-2015\/revista-shqiptari-bukuresht-kushtuar-z-asllan-dibrani\/#primaryimage"},"thumbnailUrl":"http:\/\/www.fjala.info\/2012\/ballina_shqiptari_me_asllan_dibrani.jpg","datePublished":"2012-05-25T16:27:30+00:00","breadcrumb":{"@id":"https:\/\/fjala.info\/2009-2015\/revista-shqiptari-bukuresht-kushtuar-z-asllan-dibrani\/#breadcrumb"},"inLanguage":"sq-AL","potentialAction":[{"@type":"ReadAction","target":["https:\/\/fjala.info\/2009-2015\/revista-shqiptari-bukuresht-kushtuar-z-asllan-dibrani\/"]}]},{"@type":"ImageObject","inLanguage":"sq-AL","@id":"https:\/\/fjala.info\/2009-2015\/revista-shqiptari-bukuresht-kushtuar-z-asllan-dibrani\/#primaryimage","url":"http:\/\/www.fjala.info\/2012\/ballina_shqiptari_me_asllan_dibrani.jpg","contentUrl":"http:\/\/www.fjala.info\/2012\/ballina_shqiptari_me_asllan_dibrani.jpg"},{"@type":"BreadcrumbList","@id":"https:\/\/fjala.info\/2009-2015\/revista-shqiptari-bukuresht-kushtuar-z-asllan-dibrani\/#breadcrumb","itemListElement":[{"@type":"ListItem","position":1,"name":"Home","item":"https:\/\/fjala.info\/2009-2015\/"},{"@type":"ListItem","position":2,"name":"Revista Shqiptari, Bukuresht &#8211; kushtuar z. Asllan Dibrani"}]},{"@type":"WebSite","@id":"https:\/\/fjala.info\/2009-2015\/#website","url":"https:\/\/fjala.info\/2009-2015\/","name":"FjALA e LIR\u00cb - Arkivi","description":"Arkivi 2009-2015","publisher":{"@id":"https:\/\/fjala.info\/2009-2015\/#organization"},"potentialAction":[{"@type":"SearchAction","target":{"@type":"EntryPoint","urlTemplate":"https:\/\/fjala.info\/2009-2015\/?s={search_term_string}"},"query-input":{"@type":"PropertyValueSpecification","valueRequired":true,"valueName":"search_term_string"}}],"inLanguage":"sq-AL"},{"@type":"Organization","@id":"https:\/\/fjala.info\/2009-2015\/#organization","name":"FjALA e LIR\u00cb - Arkivi","url":"https:\/\/fjala.info\/2009-2015\/","logo":{"@type":"ImageObject","inLanguage":"sq-AL","@id":"https:\/\/fjala.info\/2009-2015\/#\/schema\/logo\/image\/","url":"","contentUrl":"","caption":"FjALA e LIR\u00cb - Arkivi"},"image":{"@id":"https:\/\/fjala.info\/2009-2015\/#\/schema\/logo\/image\/"}},{"@type":"Person","@id":"https:\/\/fjala.info\/2009-2015\/#\/schema\/person\/3aa1163ef05469c496fc94e77611ada2","name":"admin","image":{"@type":"ImageObject","inLanguage":"sq-AL","@id":"https:\/\/fjala.info\/2009-2015\/wp-content\/uploads\/2012\/02\/arben_cokaj-120x150.jpg","url":"https:\/\/fjala.info\/2009-2015\/wp-content\/uploads\/2012\/02\/arben_cokaj-120x150.jpg","contentUrl":"https:\/\/fjala.info\/2009-2015\/wp-content\/uploads\/2012\/02\/arben_cokaj-120x150.jpg","caption":"admin"},"description":"Admin, Fjala e Lir\u00eb","sameAs":["https:\/\/fjala.info\/"],"url":"https:\/\/fjala.info\/2009-2015\/author\/admin\/"}]}},"_links":{"self":[{"href":"https:\/\/fjala.info\/2009-2015\/wp-json\/wp\/v2\/posts\/2953","targetHints":{"allow":["GET"]}}],"collection":[{"href":"https:\/\/fjala.info\/2009-2015\/wp-json\/wp\/v2\/posts"}],"about":[{"href":"https:\/\/fjala.info\/2009-2015\/wp-json\/wp\/v2\/types\/post"}],"author":[{"embeddable":true,"href":"https:\/\/fjala.info\/2009-2015\/wp-json\/wp\/v2\/users\/1"}],"replies":[{"embeddable":true,"href":"https:\/\/fjala.info\/2009-2015\/wp-json\/wp\/v2\/comments?post=2953"}],"version-history":[{"count":0,"href":"https:\/\/fjala.info\/2009-2015\/wp-json\/wp\/v2\/posts\/2953\/revisions"}],"wp:attachment":[{"href":"https:\/\/fjala.info\/2009-2015\/wp-json\/wp\/v2\/media?parent=2953"}],"wp:term":[{"taxonomy":"category","embeddable":true,"href":"https:\/\/fjala.info\/2009-2015\/wp-json\/wp\/v2\/categories?post=2953"},{"taxonomy":"post_tag","embeddable":true,"href":"https:\/\/fjala.info\/2009-2015\/wp-json\/wp\/v2\/tags?post=2953"}],"curies":[{"name":"wp","href":"https:\/\/api.w.org\/{rel}","templated":true}]}}