{"id":2952,"date":"2010-06-07T15:09:38","date_gmt":"2010-06-07T14:09:38","guid":{"rendered":"http:\/\/fjala.shkoder.net\/?p=2952"},"modified":"2010-06-07T15:09:38","modified_gmt":"2010-06-07T14:09:38","slug":"sfidat-e-ndertimit-te-shtetit","status":"publish","type":"post","link":"https:\/\/fjala.info\/2009-2015\/sfidat-e-ndertimit-te-shtetit\/","title":{"rendered":"Sfidat e nd\u00ebrtimit t\u00eb shtetit"},"content":{"rendered":"<p><img decoding=\"async\" style=\"margin-left: 10px; margin-right: 10px; border: 0px;\" src=\"http:\/\/www.shkoder.net\/images\/fjala\/2007\/gjon_keka.jpg\" border=\"0\" alt=\"Gjon Keka\" width=\"100\" align=\"right\" \/><\/p>\n<p>Nga <strong>Gjon KEKA<\/strong><\/p>\n<p>Nd\u00ebrtimi i shtetit \u00ebsht\u00eb nj\u00eb proces i gjat\u00eb por jo edhe i pamundur sidomos n\u00eb ato vende q\u00eb kan\u00eb p\u00ebrqafuar vullnetsh\u00ebm apo m\u00eb mir\u00eb q\u00eb kan\u00eb lejuar q\u00eb rr\u00ebnj\u00ebt e demokracis\u00eb t\u00eb shtrihen n\u00eb t\u00ebr\u00eb trupin e shtetit dhe proceset e tij drejt ecjes n\u00eb rrug\u00ebt e progresit dhe t\u00eb modernizimit. Dihet se \u00e7do vend q\u00eb ka p\u00ebrqafuar demokracin\u00eb p\u00ebrballet edhe me sfid\u00ebn e nd\u00ebrtimit t\u00eb shtetit juridik, demokratik dhe modern,q\u00eb t\u00eb p\u00ebrballohen t\u00eb gjitha k\u00ebto sfida vendi q\u00eb pos ka lindur si shtet duhet t\u00eb fus brenda vetes frym\u00ebn e demokracis\u00eb pastaj t&#8217;i jap jet\u00eb institucioneve duke i b\u00ebr\u00eb ato funksionale dhe q\u00eb m\u00ebpastaj leht\u00eb t&#8217;i p\u00ebrballojn sfidat q\u00eb ka para vetes n\u00eb rrug\u00ebn e forcimit dhe t\u00eb nd\u00ebrtimit t\u00eb gjitha pjes\u00ebve brenda trupit politik e shtet\u00ebror.<\/p>\n<p>Gjithashtu procesi i nd\u00ebrtimit t\u00eb shtetit duhet t\u00eb vihen n\u00eb funksion dhe t\u00eb sjell n\u00eb ejt\u00eb praktike dhe reale institucionalizimi e plot\u00eb t\u00eb pushtetit qendror t\u00eb shtetit duke u nisur nga qeveria, parlamenti, gjyq\u00ebsori i pavarur, dhe rendi juridik &#8211; policin\u00eb, administrata tatimore, strukturat baz\u00eb t\u00eb sigurimeve shoq\u00ebrore etj.Q\u00ebllimi i gjith\u00eb k\u00ebtij procesi \u00ebsht\u00eb q\u00eb t\u00eb arrihet brenda trupi politik dhe shtet\u00ebror nj\u00eb funksionalitet dhe q\u00ebndrueshm\u00ebri i mb\u00ebshtetur gjithnj\u00eb n\u00eb themelet e demokracis\u00eb respektivisht vullnetin e p\u00ebrgjithsh\u00ebm.<\/p>\n<p>N\u00eb lidhje me k\u00ebt\u00eb mund t\u00eb thuhet se Kosova q\u00eb nga paslufta e fundit e viteve 90&#8242; e k\u00ebndej \u00ebsht\u00eb dashur t\u00eb punoj fuqish\u00ebm s\u00eb bashku m\u00eb bashk\u00ebsin\u00eb nd\u00ebrkomb\u00ebtare n\u00eb forcimin e baz\u00ebs dhe v\u00ebnjen e themeleve t\u00eb pal\u00ebkundura t\u00eb shtetit demokratik, ashtu q\u00eb pas shpalljes s\u00eb pavar\u00ebsis\u00eb do ta kishte m\u00eb leht\u00eb t\u00eb punonte nga baza nd\u00ebrtes\u00ebn e plot\u00eb t\u00eb nj\u00eb shteti demokratik juridik dhe funksional.<\/p>\n<p>Po ashtu n\u00eb kuad\u00ebr t\u00eb k\u00ebsaj ajo m\u00eb leht\u00eb do t\u00eb mund q\u00eb n\u00eb kuad\u00ebr t\u00eb k\u00ebtij procesi, pra nd\u00ebrtimit t\u00eb shtetit t\u00eb p\u00ebrfshinte edhe integrimin apo mb\u00ebshtjelljen edhe t\u00eb pjes\u00ebve periferike(problemit t\u00eb mitrovic\u00ebs dhe pjes\u00ebve tjera t\u00eb paq\u00ebndrushem brenda saj) brenda strukturave qendrore t\u00eb shtetit t\u00eb mbykqyrur t\u00eb Kosov\u00ebs gjithnj\u00eb duke u bazuar fuqish\u00ebm n\u00eb kushtetut\u00ebn dhe rendin juridik.<\/p>\n<p>Mir\u00ebpo q\u00eb n\u00eb fillim pas marrjes s\u00eb shtet\u00ebsis\u00eb Kosova nuk arriti aspak t\u00eb forcoj muret e brend\u00ebshme t\u00eb shtetit t\u00eb saj duke mos i dh\u00ebn\u00eb asnj\u00eb hap\u00ebsir\u00eb veprimi pushteteve parale t\u00eb cilat n\u00eb fillim ishin informale por q\u00eb tani ato po insistojn\u00eb gjithnj\u00eb me mb\u00ebshtetje nga politika e mbrapsht\u00eb e beogradit q\u00eb t\u00eb shnd\u00ebrrohen n\u00eb struktura formale. Kjo jo vet\u00ebm se po i kushton shtrenj\u00ebt politik\u00ebs s\u00eb shtetit t\u00eb mbykqyrur t\u00eb Kosov\u00ebs por edhe po e d\u00ebmton at\u00eb n\u00eb nd\u00ebrtimin e t\u00eb gjitha kapaciteteve shtet\u00ebrore dhe funksionale duke u bazuar n\u00eb rendin kushtetues dhe demokratik.<\/p>\n<p>Shteti i mbykqyrur i Kosov\u00ebs n\u00eb p\u00ebrgjith\u00ebsi \u00ebsht\u00eb dashur q\u00eb nga pas lufta e k\u00ebndej t\u00eb p\u00ebrq\u00ebndrohet n\u00eb nd\u00ebrtimin dhe funksionalizimin e plot\u00eb t\u00eb shtetit duke ditur se ky realitet i ri n\u00eb ballkan ka lindur n\u00eb nj\u00eb mjedis t\u00eb paq\u00ebndruesh\u00ebm dhe p\u00ebr ta kthyer fuqin\u00eb dhe q\u00ebndrueshm\u00ebrin ajo do t\u00eb duhej q\u00eb n\u00eb filim si nga baza ashtu edhe pas deklarimit t\u00eb shtet\u00ebsis\u00eb t\u00eb punonte pa u ndalur n\u00eb k\u00ebto procese e q\u00eb m\u00eb pas do ta kishte m\u00eb leht\u00eb dhe m\u00eb af\u00ebr t\u00eb ecte n\u00eb rrug\u00ebt e proceseve t\u00eb integrimit n\u00eb familjen europiane.<\/p>\n<p>T\u00eb gjith\u00eb aketr\u00ebt e r\u00ebnd\u00ebsish\u00ebm si brenda(politika e brend\u00ebshme) ashtu edhe nga jasht\u00eb (bashk\u00ebsia nd\u00ebrkomb\u00ebtare) kan\u00eb krijuar bindjen se Kosova si shteti i mbykqyrur ende nuk \u00ebsht\u00eb t\u00ebr\u00ebsisht funksional ende ka struktura institucionale t\u00eb dob\u00ebta p\u00ebr ballafaqimin e saj n\u00eb rrug\u00ebn e porcesit t\u00eb nd\u00ebrtimit t\u00eb shtetit demokratik e juridik si dhe t\u00eb proceseve integruese.<\/p>\n<p>Vendet e ballkanit pas rr\u00ebnimit t\u00eb sistemeve tjera ideologjike autoritare e diktatoriale si dhe m\u00eb pas, pas ndryshimeve thelb\u00ebsore q\u00eb ndodh\u00ebn brenda k\u00ebtij rajoni pas viteve 90&#8242; procesi i nd\u00ebrtimit t\u00eb shteteve apo edhe i rind\u00ebrtimit por me nj\u00eb sistem t\u00eb ri n\u00ebnkuptonte n\u00eb vete institutcionalizimin dhe funksionalizimin e plot\u00eb t\u00eb t\u00ebr\u00eb trupit politik, v\u00ebnjes n\u00eb praktik t\u00eb demokracis\u00eb dhe shtetit modern,por kjo akoma nuk ka ndodh\u00eb n\u00eb disa vende.Nd\u00ebrsa problemet q\u00eb tani ka mbi krah shteti i mbikqyrur i Kosov\u00ebs \u00ebsht\u00eb se ende nuk kemi konsolidim, pastaj kontroll n\u00eb t\u00ebr\u00eb territorin, besnik\u00ebri institucionale,q\u00ebndrushem\u00ebri si dhe nj\u00eb l\u00ebvizje t\u00eb duhur t\u00eb v\u00ebnjes n\u00eb jet\u00eb t\u00eb kushtetut\u00ebs s\u00eb saj ashtu q\u00eb t\u00eb funksionoj ligji dhe rendi n\u00eb t\u00ebr\u00eb vendin.<\/p>\n<p>Dhe krejt n\u00eb fund Kosova dhe institucionet e saj e kan\u00eb mund\u00ebsin por nuk e kan\u00eb vullnetin q\u00eb t\u00eb eleminojn\u00eb dukurit\u00eb rr\u00ebnuese brenda shtetit, ashtu q\u00eb m\u00eb tej Kosova t\u00eb reflektoj dinamizmin e saj ,funksionalitetin e brendsh\u00ebm dhe t\u00eb i v\u00eb n\u00eb pun\u00eb kapacitet ekzistuese n\u00eb procesin e nd\u00ebrtimit t\u00eb shtetit juridik ,demokratik dhe europian.<\/p>\n<p>Me fjal\u00eb t\u00eb tjera procesi i nd\u00ebrtimi t\u00eb shtetit t\u00eb mbykqyrur t\u00eb Kosov\u00ebs mund t\u00eb ket\u00eb sukses vet\u00ebm n\u00ebse strukturat shtet\u00ebrore kan\u00eb fuqin\u00eb e mjaftueshme, autoritetin shtet\u00ebror e kushtetues p\u00ebr t\u00eb b\u00ebr\u00eb ndryshime t\u00eb m\u00ebdha dhe p\u00ebr t\u00eb qart\u00ebsuar n\u00eb p\u00ebrpik\u00ebri komponentet thelb\u00ebsore t\u00eb shtetit ashtu q\u00eb t\u00eb mund t\u00eb flitet m\u00eb pas p\u00ebr nj\u00eb shtet funksional dhe efikas dhe q\u00eb aspiron drejt rrug\u00ebs s\u00eb integrimit n\u00eb BE.<\/p>\n<p>Nd\u00ebrkaq faktor\u00ebt q\u00eb faktikisht pengojn\u00eb nd\u00ebrtimin e shtetit t\u00eb mbykqyrur t\u00eb Kosov\u00ebs jan\u00eb mungesa e sundimit t\u00eb ligjit,rendit juridik-kushtetues,korrupsioni,krimi i organizuar,klanet brenda institucionale(politike), rreziku nga terrorizmi,mjedisi i pasigurt\u00eb p\u00ebr shkak t\u00eb problemeve t\u00eb brendshme,mungesa e stabilitetit,ndrydhja e demokracis\u00eb qytetare,moszhvillimi ekonomik etj etj. P\u00ebr t\u00eb dal nga kjo gjendje Kosova duhet t\u00eb heq qafe t\u00eb gjitha defektet dhe problemet q\u00eb ka futur brenda vetes,t&#8217;i l\u00ebr\u00eb hap\u00ebsir\u00eb frym\u00ebs s\u00eb ndryshimeve qen\u00ebsore dhe funksionimit apo m\u00eb mir\u00eb t\u00eb frym\u00ebmarrjes shtet\u00ebore n\u00eb procesin e nd\u00ebrtimit t\u00eb shtetit dhe at\u00eb t\u00eb integrimeve.<\/p>\n<p>Prandaj Kosova duhet t\u00eb filloj t\u00eb pastroj terrenin e saj si dhe t\u00eb i i l\u00eb hap\u00ebsir\u00eb ndryshime t\u00eb brendshme qen\u00ebsore, t\u00eb arrij t&#8217;i v\u00eb n\u00eb veprim komponentet dhe kapacitetet e saj shtet\u00ebrore t\u00eb mir\u00ebfillta demokratike,n\u00eb m\u00ebnyr\u00eb q\u00eb t\u00eb filloj si\u00e7 thot\u00eb shkenctari politik Francis Fukuyama n\u00eb librin e tij &#8220;State-Building:Governance and world Order in the 21st Century,CU Press&#8221;2004&#8243;p\u00ebr shtetet n\u00eb zhvillim\u201d.demokratizimin,zhvillimin..forcimin e institucionet shtet\u00ebrore&#8230;\u201d dhe kjo sipas tij duhet t\u00eb jet\u00eb detyra kryesore e shteteve n\u00eb shekkullin XXI.<\/p>\n","protected":false},"excerpt":{"rendered":"<p>Nga Gjon KEKA Nd\u00ebrtimi i shtetit \u00ebsht\u00eb nj\u00eb proces i gjat\u00eb por jo edhe i pamundur sidomos n\u00eb ato vende q\u00eb kan\u00eb p\u00ebrqafuar vullnetsh\u00ebm apo m\u00eb mir\u00eb q\u00eb kan\u00eb lejuar q\u00eb rr\u00ebnj\u00ebt e demokracis\u00eb t\u00eb shtrihen n\u00eb t\u00ebr\u00eb trupin e shtetit dhe proceset e tij drejt ecjes n\u00eb rrug\u00ebt e progresit dhe t\u00eb modernizimit. Dihet [&hellip;]<\/p>\n","protected":false},"author":1,"featured_media":0,"comment_status":"open","ping_status":"closed","sticky":false,"template":"","format":"standard","meta":{"footnotes":""},"categories":[2],"tags":[],"class_list":{"0":"post-2952","1":"post","2":"type-post","3":"status-publish","4":"format-standard","6":"category-artikuj"},"yoast_head":"<!-- This site is optimized with the Yoast SEO plugin v27.4 - https:\/\/yoast.com\/product\/yoast-seo-wordpress\/ -->\n<title>Sfidat e nd\u00ebrtimit t\u00eb shtetit - FjALA e LIR\u00cb - Arkivi<\/title>\n<meta name=\"robots\" content=\"index, follow, max-snippet:-1, max-image-preview:large, max-video-preview:-1\" \/>\n<link rel=\"canonical\" href=\"https:\/\/fjala.info\/2009-2015\/sfidat-e-ndertimit-te-shtetit\/\" \/>\n<meta property=\"og:locale\" content=\"sq_AL\" \/>\n<meta property=\"og:type\" content=\"article\" \/>\n<meta property=\"og:title\" content=\"Sfidat e nd\u00ebrtimit t\u00eb shtetit - FjALA e LIR\u00cb - Arkivi\" \/>\n<meta property=\"og:description\" content=\"Nga Gjon KEKA Nd\u00ebrtimi i shtetit \u00ebsht\u00eb nj\u00eb proces i gjat\u00eb por jo edhe i pamundur sidomos n\u00eb ato vende q\u00eb kan\u00eb p\u00ebrqafuar vullnetsh\u00ebm apo m\u00eb mir\u00eb q\u00eb kan\u00eb lejuar q\u00eb rr\u00ebnj\u00ebt e demokracis\u00eb t\u00eb shtrihen n\u00eb t\u00ebr\u00eb trupin e shtetit dhe proceset e tij drejt ecjes n\u00eb rrug\u00ebt e progresit dhe t\u00eb modernizimit. Dihet [&hellip;]\" \/>\n<meta property=\"og:url\" content=\"https:\/\/fjala.info\/2009-2015\/sfidat-e-ndertimit-te-shtetit\/\" \/>\n<meta property=\"og:site_name\" content=\"FjALA e LIR\u00cb - Arkivi\" \/>\n<meta property=\"article:published_time\" content=\"2010-06-07T14:09:38+00:00\" \/>\n<meta property=\"og:image\" content=\"http:\/\/www.shkoder.net\/images\/fjala\/2007\/gjon_keka.jpg\" \/>\n<meta name=\"author\" content=\"admin\" \/>\n<meta name=\"twitter:card\" content=\"summary_large_image\" \/>\n<meta name=\"twitter:label1\" content=\"Written by\" \/>\n\t<meta name=\"twitter:data1\" content=\"admin\" \/>\n\t<meta name=\"twitter:label2\" content=\"Est. reading time\" \/>\n\t<meta name=\"twitter:data2\" content=\"6 minutes\" \/>\n<script type=\"application\/ld+json\" class=\"yoast-schema-graph\">{\"@context\":\"https:\\\/\\\/schema.org\",\"@graph\":[{\"@type\":\"Article\",\"@id\":\"https:\\\/\\\/fjala.info\\\/2009-2015\\\/sfidat-e-ndertimit-te-shtetit\\\/#article\",\"isPartOf\":{\"@id\":\"https:\\\/\\\/fjala.info\\\/2009-2015\\\/sfidat-e-ndertimit-te-shtetit\\\/\"},\"author\":{\"name\":\"admin\",\"@id\":\"https:\\\/\\\/fjala.info\\\/2009-2015\\\/#\\\/schema\\\/person\\\/3aa1163ef05469c496fc94e77611ada2\"},\"headline\":\"Sfidat e nd\u00ebrtimit t\u00eb shtetit\",\"datePublished\":\"2010-06-07T14:09:38+00:00\",\"mainEntityOfPage\":{\"@id\":\"https:\\\/\\\/fjala.info\\\/2009-2015\\\/sfidat-e-ndertimit-te-shtetit\\\/\"},\"wordCount\":1180,\"commentCount\":0,\"publisher\":{\"@id\":\"https:\\\/\\\/fjala.info\\\/2009-2015\\\/#organization\"},\"image\":{\"@id\":\"https:\\\/\\\/fjala.info\\\/2009-2015\\\/sfidat-e-ndertimit-te-shtetit\\\/#primaryimage\"},\"thumbnailUrl\":\"http:\\\/\\\/www.shkoder.net\\\/images\\\/fjala\\\/2007\\\/gjon_keka.jpg\",\"articleSection\":[\"Artikuj\"],\"inLanguage\":\"sq-AL\",\"potentialAction\":[{\"@type\":\"CommentAction\",\"name\":\"Comment\",\"target\":[\"https:\\\/\\\/fjala.info\\\/2009-2015\\\/sfidat-e-ndertimit-te-shtetit\\\/#respond\"]}]},{\"@type\":\"WebPage\",\"@id\":\"https:\\\/\\\/fjala.info\\\/2009-2015\\\/sfidat-e-ndertimit-te-shtetit\\\/\",\"url\":\"https:\\\/\\\/fjala.info\\\/2009-2015\\\/sfidat-e-ndertimit-te-shtetit\\\/\",\"name\":\"Sfidat e nd\u00ebrtimit t\u00eb shtetit - FjALA e LIR\u00cb - Arkivi\",\"isPartOf\":{\"@id\":\"https:\\\/\\\/fjala.info\\\/2009-2015\\\/#website\"},\"primaryImageOfPage\":{\"@id\":\"https:\\\/\\\/fjala.info\\\/2009-2015\\\/sfidat-e-ndertimit-te-shtetit\\\/#primaryimage\"},\"image\":{\"@id\":\"https:\\\/\\\/fjala.info\\\/2009-2015\\\/sfidat-e-ndertimit-te-shtetit\\\/#primaryimage\"},\"thumbnailUrl\":\"http:\\\/\\\/www.shkoder.net\\\/images\\\/fjala\\\/2007\\\/gjon_keka.jpg\",\"datePublished\":\"2010-06-07T14:09:38+00:00\",\"breadcrumb\":{\"@id\":\"https:\\\/\\\/fjala.info\\\/2009-2015\\\/sfidat-e-ndertimit-te-shtetit\\\/#breadcrumb\"},\"inLanguage\":\"sq-AL\",\"potentialAction\":[{\"@type\":\"ReadAction\",\"target\":[\"https:\\\/\\\/fjala.info\\\/2009-2015\\\/sfidat-e-ndertimit-te-shtetit\\\/\"]}]},{\"@type\":\"ImageObject\",\"inLanguage\":\"sq-AL\",\"@id\":\"https:\\\/\\\/fjala.info\\\/2009-2015\\\/sfidat-e-ndertimit-te-shtetit\\\/#primaryimage\",\"url\":\"http:\\\/\\\/www.shkoder.net\\\/images\\\/fjala\\\/2007\\\/gjon_keka.jpg\",\"contentUrl\":\"http:\\\/\\\/www.shkoder.net\\\/images\\\/fjala\\\/2007\\\/gjon_keka.jpg\"},{\"@type\":\"BreadcrumbList\",\"@id\":\"https:\\\/\\\/fjala.info\\\/2009-2015\\\/sfidat-e-ndertimit-te-shtetit\\\/#breadcrumb\",\"itemListElement\":[{\"@type\":\"ListItem\",\"position\":1,\"name\":\"Home\",\"item\":\"https:\\\/\\\/fjala.info\\\/2009-2015\\\/\"},{\"@type\":\"ListItem\",\"position\":2,\"name\":\"Sfidat e nd\u00ebrtimit t\u00eb shtetit\"}]},{\"@type\":\"WebSite\",\"@id\":\"https:\\\/\\\/fjala.info\\\/2009-2015\\\/#website\",\"url\":\"https:\\\/\\\/fjala.info\\\/2009-2015\\\/\",\"name\":\"FjALA e LIR\u00cb - Arkivi\",\"description\":\"Arkivi 2009-2015\",\"publisher\":{\"@id\":\"https:\\\/\\\/fjala.info\\\/2009-2015\\\/#organization\"},\"potentialAction\":[{\"@type\":\"SearchAction\",\"target\":{\"@type\":\"EntryPoint\",\"urlTemplate\":\"https:\\\/\\\/fjala.info\\\/2009-2015\\\/?s={search_term_string}\"},\"query-input\":{\"@type\":\"PropertyValueSpecification\",\"valueRequired\":true,\"valueName\":\"search_term_string\"}}],\"inLanguage\":\"sq-AL\"},{\"@type\":\"Organization\",\"@id\":\"https:\\\/\\\/fjala.info\\\/2009-2015\\\/#organization\",\"name\":\"FjALA e LIR\u00cb - Arkivi\",\"url\":\"https:\\\/\\\/fjala.info\\\/2009-2015\\\/\",\"logo\":{\"@type\":\"ImageObject\",\"inLanguage\":\"sq-AL\",\"@id\":\"https:\\\/\\\/fjala.info\\\/2009-2015\\\/#\\\/schema\\\/logo\\\/image\\\/\",\"url\":\"\",\"contentUrl\":\"\",\"caption\":\"FjALA e LIR\u00cb - Arkivi\"},\"image\":{\"@id\":\"https:\\\/\\\/fjala.info\\\/2009-2015\\\/#\\\/schema\\\/logo\\\/image\\\/\"}},{\"@type\":\"Person\",\"@id\":\"https:\\\/\\\/fjala.info\\\/2009-2015\\\/#\\\/schema\\\/person\\\/3aa1163ef05469c496fc94e77611ada2\",\"name\":\"admin\",\"image\":{\"@type\":\"ImageObject\",\"inLanguage\":\"sq-AL\",\"@id\":\"https:\\\/\\\/fjala.info\\\/2009-2015\\\/wp-content\\\/uploads\\\/2012\\\/02\\\/arben_cokaj-120x150.jpg\",\"url\":\"https:\\\/\\\/fjala.info\\\/2009-2015\\\/wp-content\\\/uploads\\\/2012\\\/02\\\/arben_cokaj-120x150.jpg\",\"contentUrl\":\"https:\\\/\\\/fjala.info\\\/2009-2015\\\/wp-content\\\/uploads\\\/2012\\\/02\\\/arben_cokaj-120x150.jpg\",\"caption\":\"admin\"},\"description\":\"Admin, Fjala e Lir\u00eb\",\"sameAs\":[\"https:\\\/\\\/fjala.info\\\/\"],\"url\":\"https:\\\/\\\/fjala.info\\\/2009-2015\\\/author\\\/admin\\\/\"}]}<\/script>\n<!-- \/ Yoast SEO plugin. -->","yoast_head_json":{"title":"Sfidat e nd\u00ebrtimit t\u00eb shtetit - FjALA e LIR\u00cb - Arkivi","robots":{"index":"index","follow":"follow","max-snippet":"max-snippet:-1","max-image-preview":"max-image-preview:large","max-video-preview":"max-video-preview:-1"},"canonical":"https:\/\/fjala.info\/2009-2015\/sfidat-e-ndertimit-te-shtetit\/","og_locale":"sq_AL","og_type":"article","og_title":"Sfidat e nd\u00ebrtimit t\u00eb shtetit - FjALA e LIR\u00cb - Arkivi","og_description":"Nga Gjon KEKA Nd\u00ebrtimi i shtetit \u00ebsht\u00eb nj\u00eb proces i gjat\u00eb por jo edhe i pamundur sidomos n\u00eb ato vende q\u00eb kan\u00eb p\u00ebrqafuar vullnetsh\u00ebm apo m\u00eb mir\u00eb q\u00eb kan\u00eb lejuar q\u00eb rr\u00ebnj\u00ebt e demokracis\u00eb t\u00eb shtrihen n\u00eb t\u00ebr\u00eb trupin e shtetit dhe proceset e tij drejt ecjes n\u00eb rrug\u00ebt e progresit dhe t\u00eb modernizimit. Dihet [&hellip;]","og_url":"https:\/\/fjala.info\/2009-2015\/sfidat-e-ndertimit-te-shtetit\/","og_site_name":"FjALA e LIR\u00cb - Arkivi","article_published_time":"2010-06-07T14:09:38+00:00","og_image":[{"url":"http:\/\/www.shkoder.net\/images\/fjala\/2007\/gjon_keka.jpg","type":"","width":"","height":""}],"author":"admin","twitter_card":"summary_large_image","twitter_misc":{"Written by":"admin","Est. reading time":"6 minutes"},"schema":{"@context":"https:\/\/schema.org","@graph":[{"@type":"Article","@id":"https:\/\/fjala.info\/2009-2015\/sfidat-e-ndertimit-te-shtetit\/#article","isPartOf":{"@id":"https:\/\/fjala.info\/2009-2015\/sfidat-e-ndertimit-te-shtetit\/"},"author":{"name":"admin","@id":"https:\/\/fjala.info\/2009-2015\/#\/schema\/person\/3aa1163ef05469c496fc94e77611ada2"},"headline":"Sfidat e nd\u00ebrtimit t\u00eb shtetit","datePublished":"2010-06-07T14:09:38+00:00","mainEntityOfPage":{"@id":"https:\/\/fjala.info\/2009-2015\/sfidat-e-ndertimit-te-shtetit\/"},"wordCount":1180,"commentCount":0,"publisher":{"@id":"https:\/\/fjala.info\/2009-2015\/#organization"},"image":{"@id":"https:\/\/fjala.info\/2009-2015\/sfidat-e-ndertimit-te-shtetit\/#primaryimage"},"thumbnailUrl":"http:\/\/www.shkoder.net\/images\/fjala\/2007\/gjon_keka.jpg","articleSection":["Artikuj"],"inLanguage":"sq-AL","potentialAction":[{"@type":"CommentAction","name":"Comment","target":["https:\/\/fjala.info\/2009-2015\/sfidat-e-ndertimit-te-shtetit\/#respond"]}]},{"@type":"WebPage","@id":"https:\/\/fjala.info\/2009-2015\/sfidat-e-ndertimit-te-shtetit\/","url":"https:\/\/fjala.info\/2009-2015\/sfidat-e-ndertimit-te-shtetit\/","name":"Sfidat e nd\u00ebrtimit t\u00eb shtetit - FjALA e LIR\u00cb - Arkivi","isPartOf":{"@id":"https:\/\/fjala.info\/2009-2015\/#website"},"primaryImageOfPage":{"@id":"https:\/\/fjala.info\/2009-2015\/sfidat-e-ndertimit-te-shtetit\/#primaryimage"},"image":{"@id":"https:\/\/fjala.info\/2009-2015\/sfidat-e-ndertimit-te-shtetit\/#primaryimage"},"thumbnailUrl":"http:\/\/www.shkoder.net\/images\/fjala\/2007\/gjon_keka.jpg","datePublished":"2010-06-07T14:09:38+00:00","breadcrumb":{"@id":"https:\/\/fjala.info\/2009-2015\/sfidat-e-ndertimit-te-shtetit\/#breadcrumb"},"inLanguage":"sq-AL","potentialAction":[{"@type":"ReadAction","target":["https:\/\/fjala.info\/2009-2015\/sfidat-e-ndertimit-te-shtetit\/"]}]},{"@type":"ImageObject","inLanguage":"sq-AL","@id":"https:\/\/fjala.info\/2009-2015\/sfidat-e-ndertimit-te-shtetit\/#primaryimage","url":"http:\/\/www.shkoder.net\/images\/fjala\/2007\/gjon_keka.jpg","contentUrl":"http:\/\/www.shkoder.net\/images\/fjala\/2007\/gjon_keka.jpg"},{"@type":"BreadcrumbList","@id":"https:\/\/fjala.info\/2009-2015\/sfidat-e-ndertimit-te-shtetit\/#breadcrumb","itemListElement":[{"@type":"ListItem","position":1,"name":"Home","item":"https:\/\/fjala.info\/2009-2015\/"},{"@type":"ListItem","position":2,"name":"Sfidat e nd\u00ebrtimit t\u00eb shtetit"}]},{"@type":"WebSite","@id":"https:\/\/fjala.info\/2009-2015\/#website","url":"https:\/\/fjala.info\/2009-2015\/","name":"FjALA e LIR\u00cb - Arkivi","description":"Arkivi 2009-2015","publisher":{"@id":"https:\/\/fjala.info\/2009-2015\/#organization"},"potentialAction":[{"@type":"SearchAction","target":{"@type":"EntryPoint","urlTemplate":"https:\/\/fjala.info\/2009-2015\/?s={search_term_string}"},"query-input":{"@type":"PropertyValueSpecification","valueRequired":true,"valueName":"search_term_string"}}],"inLanguage":"sq-AL"},{"@type":"Organization","@id":"https:\/\/fjala.info\/2009-2015\/#organization","name":"FjALA e LIR\u00cb - Arkivi","url":"https:\/\/fjala.info\/2009-2015\/","logo":{"@type":"ImageObject","inLanguage":"sq-AL","@id":"https:\/\/fjala.info\/2009-2015\/#\/schema\/logo\/image\/","url":"","contentUrl":"","caption":"FjALA e LIR\u00cb - Arkivi"},"image":{"@id":"https:\/\/fjala.info\/2009-2015\/#\/schema\/logo\/image\/"}},{"@type":"Person","@id":"https:\/\/fjala.info\/2009-2015\/#\/schema\/person\/3aa1163ef05469c496fc94e77611ada2","name":"admin","image":{"@type":"ImageObject","inLanguage":"sq-AL","@id":"https:\/\/fjala.info\/2009-2015\/wp-content\/uploads\/2012\/02\/arben_cokaj-120x150.jpg","url":"https:\/\/fjala.info\/2009-2015\/wp-content\/uploads\/2012\/02\/arben_cokaj-120x150.jpg","contentUrl":"https:\/\/fjala.info\/2009-2015\/wp-content\/uploads\/2012\/02\/arben_cokaj-120x150.jpg","caption":"admin"},"description":"Admin, Fjala e Lir\u00eb","sameAs":["https:\/\/fjala.info\/"],"url":"https:\/\/fjala.info\/2009-2015\/author\/admin\/"}]}},"_links":{"self":[{"href":"https:\/\/fjala.info\/2009-2015\/wp-json\/wp\/v2\/posts\/2952","targetHints":{"allow":["GET"]}}],"collection":[{"href":"https:\/\/fjala.info\/2009-2015\/wp-json\/wp\/v2\/posts"}],"about":[{"href":"https:\/\/fjala.info\/2009-2015\/wp-json\/wp\/v2\/types\/post"}],"author":[{"embeddable":true,"href":"https:\/\/fjala.info\/2009-2015\/wp-json\/wp\/v2\/users\/1"}],"replies":[{"embeddable":true,"href":"https:\/\/fjala.info\/2009-2015\/wp-json\/wp\/v2\/comments?post=2952"}],"version-history":[{"count":0,"href":"https:\/\/fjala.info\/2009-2015\/wp-json\/wp\/v2\/posts\/2952\/revisions"}],"wp:attachment":[{"href":"https:\/\/fjala.info\/2009-2015\/wp-json\/wp\/v2\/media?parent=2952"}],"wp:term":[{"taxonomy":"category","embeddable":true,"href":"https:\/\/fjala.info\/2009-2015\/wp-json\/wp\/v2\/categories?post=2952"},{"taxonomy":"post_tag","embeddable":true,"href":"https:\/\/fjala.info\/2009-2015\/wp-json\/wp\/v2\/tags?post=2952"}],"curies":[{"name":"wp","href":"https:\/\/api.w.org\/{rel}","templated":true}]}}