{"id":2951,"date":"2012-05-25T16:59:23","date_gmt":"2012-05-25T15:59:23","guid":{"rendered":"http:\/\/www.fjala.info\/?p=2951"},"modified":"2012-05-25T16:59:23","modified_gmt":"2012-05-25T15:59:23","slug":"shqiperi-nje-tragjedi-pertej-aksidentit","status":"publish","type":"post","link":"https:\/\/fjala.info\/2009-2015\/shqiperi-nje-tragjedi-pertej-aksidentit\/","title":{"rendered":"Shqip\u00ebri, nj\u00eb tragjedi p\u00ebrtej aksidentit"},"content":{"rendered":"<p><img decoding=\"async\" class=\"alignright size-thumbnail wp-image-7236\" title=\"Kolec Traboini\" src=\"http:\/\/www.shkoder.net\/images\/fjala\/kolec_traboini.jpg\" alt=\"\" width=\"150\" \/> Nga <strong>Kolec Traboini<\/strong>, <em>25 Maj 2012 <\/em><\/p>\n<p>I ndoqa me v\u00ebmendje t\u00eb gjitha diskutimet e hamend\u00ebsimet mbi \u00e7\u2019ka ngjau m\u00eb 21 maj 2012, ku u njoftua p\u00ebr 13 t\u00eb vdekur dhe mbi 20 t\u00eb plagosur n\u00ebp\u00ebr panele televizive ku gjithsekush kish mendjen e tij dhe u l\u00ebshuan deri n\u00eb fantazi t\u00eb s\u00ebmura se fajin e kishte i ndjeri, shoferi, q\u00eb ishte i pari q\u00eb u vra n\u00eb aksident pasi l\u00ebshoi klithm\u00ebn: \u201cFrenat nuk punojn\u00eb. Mbahuni\u2026 mbaruam\u2026.\u201d. E d\u00ebgjuan vajzat studente t\u00eb tmerruara, po k\u00ebta komentuesit e mbr\u00ebmjeve televizive b\u00ebjn\u00eb sikur ato fjal\u00eb tragjike nuk jan\u00eb th\u00ebn\u00eb kurr\u00eb.<\/p>\n<p>Pas k\u00ebsaj klithme tmerri t\u00eb njeriut q\u00eb pati koh\u00eb t\u00eb kuptoj\u00eb se ishte fundi, \u00e7do gj\u00eb shkoi n\u00eb kaos. U gjend\u00ebn kalimtar\u00eb q\u00eb l\u00ebshuan alarmin. Erdh\u00ebn himariot\u00ebt dhe u p\u00ebrpoq\u00ebn t\u00eb b\u00ebnin at\u00eb q\u00eb duhej t\u00eb b\u00ebnte mjek\u00ebsia dhe organet e urgjencave civile t\u00eb specializuara.<\/p>\n<p>Kur ndodhin aksidentet, gj\u00ebja e par\u00eb q\u00eb b\u00ebhet \u00ebsht\u00eb t\u00eb mbledh\u00ebsh mendjen, t\u00eb kthjellohesh e t\u00eb marr\u00ebsh ato masa q\u00eb \u00e7ojn\u00eb n\u00eb shp\u00ebtimin e jet\u00ebve. N\u00eb t\u00eb v\u00ebrtet\u00eb \u00e7do gj\u00eb u la n\u00eb dor\u00eb t\u00eb spontanitetit. Q\u00eb k\u00ebtu e shoh sinoptik\u00ebn shqiptare\u2026si nj\u00eb tragjedi p\u00ebrtej aksidentit. Atyre q\u00eb nanurisen n\u00ebp\u00ebr ca panele televizive idiote, atyre ministrave q\u00eb japin intervista, atyre deputet\u00ebve q\u00eb nuk e dim\u00eb ku jan\u00eb e \u00e7far\u00eb b\u00ebjn\u00eb ve\u00e7 marrin rroga t\u00eb majme do t\u2019u thosha se mir\u00eb ne e dim\u00eb, po ju akoma besoni se kjo rrumpall\u00eb ku ju masturboni d\u00ebshirat tuaja p\u00ebr pushtet, kjo katrahur\u00eb prish e ndreq, quhet shtet?!<\/p>\n<p>Po n\u00eb cilin vend, lejohet t\u00eb b\u00ebhet transportimi masiv i t\u00eb plagosurve r\u00ebnd\u00eb nga njer\u00ebz q\u00eb jo p\u00ebr faj t\u00eb tyre, nuk kan\u00eb nj\u00eb informacion se si jepen ndihmat e para mjek\u00ebsore tek t\u00eb aksidentuarit. Qytetari q\u00eb jep ndihm\u00ebn e vet \u00ebsht\u00eb i nd\u00ebrgjegjsh\u00ebm e kurajoz p\u00ebr aktin human q\u00eb nd\u00ebrmerr, por mjek\u00ebsia emergjente q\u00eb mbahet nga shteti me parat\u00eb e taksapaguesve, pik\u00ebrisht p\u00ebr t\u00eb tilla raste, duhet t\u00eb vij\u00eb m\u00eb shpejt tek pacienti se sa t\u00eb shkoj\u00eb pacienti tek ai.<\/p>\n<p>Vet\u00ebm organet e specializuara din\u00eb si t\u00eb b\u00ebhet transporti i t\u00eb plagosurve ndaj edhe kur nuk mund t\u00eb jen\u00eb shpejt n\u00eb ngjarje, japin k\u00ebshilla n\u00ebp\u00ebrmjet lidhjeve t\u00eb komunikimit. Si \u00ebsht\u00eb m\u00eb praktike \u2013 t\u00eb d\u00ebrgosh njer\u00ebzit me makina private t\u00eb zakonshme deri n\u00eb Vlor\u00eb, apo t\u00eb vij\u00eb menj\u00ebher\u00eb me mjete ajrore ekipi mjek\u00ebsor me kirurg e gjith\u00e7ka n\u00eb vendin e ngjarjes. Thon\u00eb se ndihma e par\u00eb e specializuar erdhi pas nj\u00eb ore e gjys\u00ebm. N\u00eb aksidente t\u00eb tilla shp\u00ebtimi vjen nga shpejt\u00ebsia e dh\u00ebnies s\u00eb ndihm\u00ebs s\u00eb par\u00eb t\u00eb specializuar.<\/p>\n<p>A doni t\u00eb dini si b\u00ebhen k\u00ebto pun\u00eb n\u00eb Amerik\u00eb ku pas m\u00eb pak se dhjet\u00eb minutash n\u00eb vendin e aksidentit vijn\u00eb helikopteri, makina ambulanc\u00eb me mjek\u00eb dhe pajisje, vjen edhe makina zjarrfik\u00ebse. Po ku doni t\u00eb dini ju si b\u00ebhet n\u00eb qytetet e shtetet e m\u00ebdha, kur keni k\u00ebt\u00eb \u00e7iflig t\u00eb vog\u00ebl q\u00eb e drejtoni si t\u00eb ishte nj\u00eb kaza n\u00eb koh\u00eb t\u00eb Tanzimatit. Si mund t\u00eb mb\u00ebshtillet n\u00eb batanije nj\u00eb njeri me goditje n\u00eb shtyll\u00ebn kurrizore e t\u00eb kapet si thes nga 4-5 veta\u2026Po me \u00e7far\u00eb pam\u00eb, as barrelat nuk dinin t\u2019i p\u00ebrdornin kur arrit\u00ebn n\u00eb vendin e ngjarjes helikopter\u00ebt e kuq.<\/p>\n<p>Dhe\u2026 tmerri i tmerreve, kur n\u00eb helikopter\u00ebt e sh\u00ebrbimit emergjent spitalor shihen t\u00eb hipin qeveritar\u00eb. Mos u beso syve o njeri, por kjo \u00ebsht\u00eb e v\u00ebrtet\u00eb. N\u00eb vend q\u00eb n\u00eb helikopter\u00eb t\u00eb shkojn\u00eb sa m\u00eb shum\u00eb mjek\u00eb e specialist\u00eb me bagazhe ndihmash sh\u00ebndet\u00ebsore, hip\u00ebn ta z\u00ebm\u00eb ministri i Arsimit me dy qeveritar\u00eb t\u00eb tjer\u00eb \u2013 nuk kemi nd\u00ebrmend t\u2019i citojm\u00eb se nuk \u00ebsht\u00eb q\u00ebllimi t\u00eb kritikojm\u00eb njeri, por t\u00eb p\u00ebrshkruajm\u00eb nj\u00eb tabllo. Kush ua jep k\u00ebt\u00eb t\u00eb drejt\u00eb?! Ndoshta vet\u00ebm nj\u00eb minist\u00ebr i brendsh\u00ebm q\u00eb nuk u pa kurrkund, me autoritetin q\u00eb ka p\u00ebr emergjenca t\u00eb k\u00ebsaj natyre mund t\u00eb shkonte n\u00eb vendin e ngjarjes, por me mjetet e veta.<\/p>\n<p>Askush ve\u00e7 mjek\u00ebve nuk ka t\u00eb drejt\u00eb p\u00ebr ta p\u00ebrdorur helikopterin e emergjenc\u00ebs p\u00ebr udh\u00ebtim. Por n\u00eb Shqip\u00ebrin\u00eb e kazas\u00eb ku vepron ligji i Maliqit, mund t\u00eb b\u00ebsh si t\u00eb duash. Ku ka autoritet e personalitet profesional k\u00ebtu n\u00eb kazan\u00eb ton\u00eb q\u00eb ai i cili drejton k\u00ebto mjete t\u00eb emergjencave sh\u00ebndet\u00ebsore civile t\u2019u thoj\u00eb qeveritar\u00ebve: \u2013 na falni, por \u00ebsht\u00eb e ndaluar me rregullore q\u00eb t\u00eb hipin n\u00eb helikopterin e ndihm\u00ebs s\u00eb shpejt\u00eb persona jasht\u00eb profesionit mjek\u00ebsor \u2013 Se e ka p\u00ebrgjigjen n\u00eb fytyr\u00eb: \u2013 Ne t\u00eb pushojm\u00eb nga puna e ti na trego pastaj kush ka t\u00eb drejt\u00eb t\u00eb hip\u00eb e t\u00eb zbres\u00eb n\u00eb helikopter\u00ebt e kuq.<\/p>\n<p>Kjo \u00ebsht\u00eb kazaja jon\u00eb e k\u00ebta jan\u00eb qehanllar\u00ebt, q\u00eb na drejtojn\u00eb.<br \/>\nNd\u00ebrkoh\u00eb q\u00eb \u00ebsht\u00eb shteti n\u00eb zi e flamuri n\u00eb gjys\u00ebm shtiz\u00eb, panelet televizive grijn\u00eb sallat\u00eb si p\u00ebrnat\u00eb. \u00c7mendurira. Fantazira. Por askush nuk thot\u00eb nj\u00eb gj\u00eb q\u00eb t\u00eb prek\u00eb n\u00eb plag\u00eb. As mjek\u00ebt nuk fol\u00ebn shum\u00eb se ku t\u00eb linin rradh\u00eb shtetar\u00ebt t\u00eb cil\u00ebt raportonin se si \u00ebsht\u00eb kjo apo ajo paciente n\u00eb reaminacion. Flisnin n\u00eb m\u00ebnyr\u00eb profane p\u00ebr di\u00e7ka q\u00eb as nuk ia kishin iden\u00eb. Po l\u00ebreni kirurgun t\u00eb flas\u00eb o njer\u00ebz t\u00eb pushtetsh\u00ebm, l\u00ebreni drejtorin e spitalit ushtarak, i cili v\u00ebrtet b\u00ebri t\u00eb pamundur\u00ebn, por a nuk e dim\u00eb ne \u00e7far\u00eb \u00ebsht\u00eb spitali ushtarak e si e kan\u00eb katandisur tej e krye pisll\u00ebk ata q\u00eb duan ta shesin( apo vet\u00eb-blejn\u00eb) p\u00ebr nj\u00eb cop\u00eb buk\u00eb.<\/p>\n<p>\u00c7\u2019t\u00eb flasin mjek\u00ebt kur nuk t\u00eb l\u00ebn\u00eb qeveritar\u00ebt. Mjaft t\u00eb d\u00ebgjoni ministrin e transporteve q\u00eb merret me rrug\u00ebt \u2013 \u00e7do gj\u00eb \u00ebsht\u00eb mir\u00eb e bukur n\u00eb rrug\u00eb me sinjalistik\u00eb e m\u00eb the e t\u00eb thash\u00eb. Rrofsh o minist\u00ebr! Gjith\u00e7ka mir\u00eb e bukur e autobusi me 33 vet\u00eb n\u00eb gremin\u00eb. Ti flet sikur t\u00eb mos kishte 13 t\u00eb vdekur e t\u00eb tjer\u00eb as t\u00eb gjall\u00eb e as t\u00eb vdekur. I nderuari minist\u00ebr flet sikur t\u00eb mos kishte sy t\u00eb shihte se bordura q\u00eb ndan rrug\u00ebn me gremin\u00ebn nuk \u00ebsht\u00eb n\u00eb gjendje t\u00eb p\u00ebrball\u00eb nj\u00eb karroc\u00eb dore e jo m\u00eb nj\u00eb autobus. Sa duhet t\u00eb ishte muri mbrojt\u00ebs i asaj rruge fatale me kthesa dhe pjerr\u00ebsi, zoti minist\u00ebr?<\/p>\n<p>Duhet t\u00eb ishte nj\u00eb met\u00ebr e jo disa centimet\u00ebr. Duhet ta dish zoti minist\u00ebr se n\u00ebse muri mbrojt\u00ebs do t\u00eb ishte nj\u00eb met\u00ebr, autobusi nuk do t\u00eb mund t\u00eb fluturonte n\u00eb gremin\u00eb, sepse do ta ndalonte muri e jo ato llamarinat si karton. Mos vall\u00eb ata q\u00eb e nd\u00ebrtuan ia hodh\u00ebn parat\u00eb xhepit dhe b\u00ebn\u00eb nj\u00eb rrug\u00eb sa p\u00ebr t\u00eb motivuar milionat e tenderit?! P\u00ebr k\u00ebt\u00eb as ke folur e as ke p\u00ebr t\u00eb folur, sepse \u00ebsht\u00eb parimi i qeverisjes q\u00eb lundron n\u00eb delire suksesesh qorre q\u00eb nuk i besojn\u00eb as skribomanet q\u00eb i sajojn\u00eb. Ky \u00ebsht\u00eb shkaku q\u00eb dita e zis\u00eb na u shfaq edhe si dit\u00eb falenderimesh. Ra ky mort dhe u pam\u00eb!<\/p>\n<p>P\u00ebr m\u00eb tej meq\u00eb kemi ambicie turistike si ka mund\u00ebsi nj\u00eb rrug\u00eb riviere, q\u00eb mendohet t\u00eb jet\u00eb aksi kryesor i nj\u00eb rajoni turistik, t\u00eb mos ket\u00eb nj\u00eb helikopter n\u00eb dispozicion q\u00eb t\u00eb sjell\u00eb ekipin e shp\u00ebtimit, a t\u00eb mos ket\u00eb Himara nj\u00eb qend\u00ebr sh\u00ebndet\u00ebsore model. Po atje n\u00eb ver\u00eb vijn\u00eb me mij\u00ebra njer\u00ebz- n\u00eb dor\u00eb t\u00eb fatit. Mir\u00eb me jet\u00ebt e shqiptar\u00ebve q\u00eb nuk i keni n\u00eb hesap, po me ato t\u00eb huajve si do b\u00ebhet?!<\/p>\n<p>Ky shtet rrumpall\u00eb e ka mendjen turbull se kush zog kurve do t\u00eb b\u00ebhet president dhe as q\u00eb mendohet se do t\u00eb zgjedhin ndonj\u00eb \u201cp\u00ebr t\u00eb qen\u00eb\u201d. Prandaj dalin pijanec\u00ebt e thon\u00eb: \u2013 Ore, problem e keni presidentin? Ja ku m\u00eb keni, b\u00ebhem un\u00eb\u2026<\/p>\n<p>Ai delirant m\u00eb shum\u00eb i dehur se es\u00ebll, nuk flet kot. E sheh t\u00eb mundshme t\u00eb b\u00ebhet sepse n\u00eb k\u00ebt\u00eb vend kurrkush nuk t\u00eb sheh dhe as t\u00eb vler\u00ebson sesa tru ke n\u00eb kok\u00eb, por sa para ke n\u00eb xhep.<br \/>\nN\u00eb krye t\u00eb kres\u00eb problemi n\u00eb vetvete nuk \u00ebsht\u00eb aksidenti, sepse kan\u00eb ndodhur, ndodhin e do t\u00eb ndodhin n\u00eb k\u00ebt\u00eb kaos shqiptar, por se ne nuk jemi t\u00eb p\u00ebrgatitur t\u00eb jemi n\u00eb gjendje t\u00eb p\u00ebrballojm\u00eb nj\u00eb aksident. Mendoni p\u00ebr nj\u00eb \u00e7ast (mos ndodht\u00eb kurr\u00eb!) nj\u00eb t\u00ebrmet. Me k\u00ebto pallate me shum\u00eb kate e pa asnj\u00eb garanci, \u00e7far\u00eb do t\u00eb jemi n\u00eb gjendje t\u00eb b\u00ebjm\u00eb p\u00ebrball\u00eb nj\u00eb fatkeq\u00ebsie t\u00eb till\u00eb\u2026. do t\u00eb vdesim n\u00ebn g\u00ebrmadha, se as buldozer\u00eb nuk kemi de. Shteti nuk ka asgj\u00eb n\u00eb emergjenc\u00eb civile. Shtet koti!<\/p>\n<p>Nuk flet njeri fare p\u00ebr k\u00ebto. Nuk pyet njeri ku n\u00eb t\u00eb s\u00ebm\u00ebs ishte policia rrugore?! Policia duhet t\u00eb jet\u00eb atje ku \u00ebsht\u00eb rreziku m\u00eb i madh dhe jo n\u00ebp\u00ebr kafene n\u00eb qendra qytetesh apo n\u00ebn hije t\u00eb fikut. Ky shtet \u00ebsht\u00eb vet\u00ebm p\u00ebr t\u00eb marr\u00eb rrog\u00ebn ithtar\u00ebt e mitingash\u00ebt e partive. P\u00ebr kurrgj\u00eb tjet\u00ebr nuk \u00ebsht\u00eb ky rrumpall\u00eb shtet e kjo m\u2026.qeverisje!<\/p>\n","protected":false},"excerpt":{"rendered":"<p>Nga Kolec Traboini, 25 Maj 2012 I ndoqa me v\u00ebmendje t\u00eb gjitha diskutimet e hamend\u00ebsimet mbi \u00e7\u2019ka ngjau m\u00eb 21 maj 2012, ku u njoftua p\u00ebr 13 t\u00eb vdekur dhe mbi 20 t\u00eb plagosur n\u00ebp\u00ebr panele televizive ku gjithsekush kish mendjen e tij dhe u l\u00ebshuan deri n\u00eb fantazi t\u00eb s\u00ebmura se fajin e kishte [&hellip;]<\/p>\n","protected":false},"author":1,"featured_media":0,"comment_status":"open","ping_status":"closed","sticky":false,"template":"","format":"standard","meta":{"footnotes":""},"categories":[2],"tags":[],"class_list":{"0":"post-2951","1":"post","2":"type-post","3":"status-publish","4":"format-standard","6":"category-artikuj"},"yoast_head":"<!-- This site is optimized with the Yoast SEO plugin v27.4 - https:\/\/yoast.com\/product\/yoast-seo-wordpress\/ -->\n<title>Shqip\u00ebri, nj\u00eb tragjedi p\u00ebrtej aksidentit - FjALA e LIR\u00cb - Arkivi<\/title>\n<meta name=\"robots\" content=\"index, follow, max-snippet:-1, max-image-preview:large, max-video-preview:-1\" \/>\n<link rel=\"canonical\" href=\"https:\/\/fjala.info\/2009-2015\/shqiperi-nje-tragjedi-pertej-aksidentit\/\" \/>\n<meta property=\"og:locale\" content=\"sq_AL\" \/>\n<meta property=\"og:type\" content=\"article\" \/>\n<meta property=\"og:title\" content=\"Shqip\u00ebri, nj\u00eb tragjedi p\u00ebrtej aksidentit - FjALA e LIR\u00cb - Arkivi\" \/>\n<meta property=\"og:description\" content=\"Nga Kolec Traboini, 25 Maj 2012 I ndoqa me v\u00ebmendje t\u00eb gjitha diskutimet e hamend\u00ebsimet mbi \u00e7\u2019ka ngjau m\u00eb 21 maj 2012, ku u njoftua p\u00ebr 13 t\u00eb vdekur dhe mbi 20 t\u00eb plagosur n\u00ebp\u00ebr panele televizive ku gjithsekush kish mendjen e tij dhe u l\u00ebshuan deri n\u00eb fantazi t\u00eb s\u00ebmura se fajin e kishte [&hellip;]\" \/>\n<meta property=\"og:url\" content=\"https:\/\/fjala.info\/2009-2015\/shqiperi-nje-tragjedi-pertej-aksidentit\/\" \/>\n<meta property=\"og:site_name\" content=\"FjALA e LIR\u00cb - Arkivi\" \/>\n<meta property=\"article:published_time\" content=\"2012-05-25T15:59:23+00:00\" \/>\n<meta property=\"og:image\" content=\"http:\/\/www.shkoder.net\/images\/fjala\/kolec_traboini.jpg\" \/>\n<meta name=\"author\" content=\"admin\" \/>\n<meta name=\"twitter:card\" content=\"summary_large_image\" \/>\n<meta name=\"twitter:label1\" content=\"Written by\" \/>\n\t<meta name=\"twitter:data1\" content=\"admin\" \/>\n\t<meta name=\"twitter:label2\" content=\"Est. reading time\" \/>\n\t<meta name=\"twitter:data2\" content=\"8 minutes\" \/>\n<script type=\"application\/ld+json\" class=\"yoast-schema-graph\">{\"@context\":\"https:\\\/\\\/schema.org\",\"@graph\":[{\"@type\":\"Article\",\"@id\":\"https:\\\/\\\/fjala.info\\\/2009-2015\\\/shqiperi-nje-tragjedi-pertej-aksidentit\\\/#article\",\"isPartOf\":{\"@id\":\"https:\\\/\\\/fjala.info\\\/2009-2015\\\/shqiperi-nje-tragjedi-pertej-aksidentit\\\/\"},\"author\":{\"name\":\"admin\",\"@id\":\"https:\\\/\\\/fjala.info\\\/2009-2015\\\/#\\\/schema\\\/person\\\/3aa1163ef05469c496fc94e77611ada2\"},\"headline\":\"Shqip\u00ebri, nj\u00eb tragjedi p\u00ebrtej aksidentit\",\"datePublished\":\"2012-05-25T15:59:23+00:00\",\"mainEntityOfPage\":{\"@id\":\"https:\\\/\\\/fjala.info\\\/2009-2015\\\/shqiperi-nje-tragjedi-pertej-aksidentit\\\/\"},\"wordCount\":1612,\"commentCount\":0,\"publisher\":{\"@id\":\"https:\\\/\\\/fjala.info\\\/2009-2015\\\/#organization\"},\"image\":{\"@id\":\"https:\\\/\\\/fjala.info\\\/2009-2015\\\/shqiperi-nje-tragjedi-pertej-aksidentit\\\/#primaryimage\"},\"thumbnailUrl\":\"http:\\\/\\\/www.shkoder.net\\\/images\\\/fjala\\\/kolec_traboini.jpg\",\"articleSection\":[\"Artikuj\"],\"inLanguage\":\"sq-AL\",\"potentialAction\":[{\"@type\":\"CommentAction\",\"name\":\"Comment\",\"target\":[\"https:\\\/\\\/fjala.info\\\/2009-2015\\\/shqiperi-nje-tragjedi-pertej-aksidentit\\\/#respond\"]}]},{\"@type\":\"WebPage\",\"@id\":\"https:\\\/\\\/fjala.info\\\/2009-2015\\\/shqiperi-nje-tragjedi-pertej-aksidentit\\\/\",\"url\":\"https:\\\/\\\/fjala.info\\\/2009-2015\\\/shqiperi-nje-tragjedi-pertej-aksidentit\\\/\",\"name\":\"Shqip\u00ebri, nj\u00eb tragjedi p\u00ebrtej aksidentit - FjALA e LIR\u00cb - Arkivi\",\"isPartOf\":{\"@id\":\"https:\\\/\\\/fjala.info\\\/2009-2015\\\/#website\"},\"primaryImageOfPage\":{\"@id\":\"https:\\\/\\\/fjala.info\\\/2009-2015\\\/shqiperi-nje-tragjedi-pertej-aksidentit\\\/#primaryimage\"},\"image\":{\"@id\":\"https:\\\/\\\/fjala.info\\\/2009-2015\\\/shqiperi-nje-tragjedi-pertej-aksidentit\\\/#primaryimage\"},\"thumbnailUrl\":\"http:\\\/\\\/www.shkoder.net\\\/images\\\/fjala\\\/kolec_traboini.jpg\",\"datePublished\":\"2012-05-25T15:59:23+00:00\",\"breadcrumb\":{\"@id\":\"https:\\\/\\\/fjala.info\\\/2009-2015\\\/shqiperi-nje-tragjedi-pertej-aksidentit\\\/#breadcrumb\"},\"inLanguage\":\"sq-AL\",\"potentialAction\":[{\"@type\":\"ReadAction\",\"target\":[\"https:\\\/\\\/fjala.info\\\/2009-2015\\\/shqiperi-nje-tragjedi-pertej-aksidentit\\\/\"]}]},{\"@type\":\"ImageObject\",\"inLanguage\":\"sq-AL\",\"@id\":\"https:\\\/\\\/fjala.info\\\/2009-2015\\\/shqiperi-nje-tragjedi-pertej-aksidentit\\\/#primaryimage\",\"url\":\"http:\\\/\\\/www.shkoder.net\\\/images\\\/fjala\\\/kolec_traboini.jpg\",\"contentUrl\":\"http:\\\/\\\/www.shkoder.net\\\/images\\\/fjala\\\/kolec_traboini.jpg\"},{\"@type\":\"BreadcrumbList\",\"@id\":\"https:\\\/\\\/fjala.info\\\/2009-2015\\\/shqiperi-nje-tragjedi-pertej-aksidentit\\\/#breadcrumb\",\"itemListElement\":[{\"@type\":\"ListItem\",\"position\":1,\"name\":\"Home\",\"item\":\"https:\\\/\\\/fjala.info\\\/2009-2015\\\/\"},{\"@type\":\"ListItem\",\"position\":2,\"name\":\"Shqip\u00ebri, nj\u00eb tragjedi p\u00ebrtej aksidentit\"}]},{\"@type\":\"WebSite\",\"@id\":\"https:\\\/\\\/fjala.info\\\/2009-2015\\\/#website\",\"url\":\"https:\\\/\\\/fjala.info\\\/2009-2015\\\/\",\"name\":\"FjALA e LIR\u00cb - Arkivi\",\"description\":\"Arkivi 2009-2015\",\"publisher\":{\"@id\":\"https:\\\/\\\/fjala.info\\\/2009-2015\\\/#organization\"},\"potentialAction\":[{\"@type\":\"SearchAction\",\"target\":{\"@type\":\"EntryPoint\",\"urlTemplate\":\"https:\\\/\\\/fjala.info\\\/2009-2015\\\/?s={search_term_string}\"},\"query-input\":{\"@type\":\"PropertyValueSpecification\",\"valueRequired\":true,\"valueName\":\"search_term_string\"}}],\"inLanguage\":\"sq-AL\"},{\"@type\":\"Organization\",\"@id\":\"https:\\\/\\\/fjala.info\\\/2009-2015\\\/#organization\",\"name\":\"FjALA e LIR\u00cb - Arkivi\",\"url\":\"https:\\\/\\\/fjala.info\\\/2009-2015\\\/\",\"logo\":{\"@type\":\"ImageObject\",\"inLanguage\":\"sq-AL\",\"@id\":\"https:\\\/\\\/fjala.info\\\/2009-2015\\\/#\\\/schema\\\/logo\\\/image\\\/\",\"url\":\"\",\"contentUrl\":\"\",\"caption\":\"FjALA e LIR\u00cb - Arkivi\"},\"image\":{\"@id\":\"https:\\\/\\\/fjala.info\\\/2009-2015\\\/#\\\/schema\\\/logo\\\/image\\\/\"}},{\"@type\":\"Person\",\"@id\":\"https:\\\/\\\/fjala.info\\\/2009-2015\\\/#\\\/schema\\\/person\\\/3aa1163ef05469c496fc94e77611ada2\",\"name\":\"admin\",\"image\":{\"@type\":\"ImageObject\",\"inLanguage\":\"sq-AL\",\"@id\":\"https:\\\/\\\/fjala.info\\\/2009-2015\\\/wp-content\\\/uploads\\\/2012\\\/02\\\/arben_cokaj-120x150.jpg\",\"url\":\"https:\\\/\\\/fjala.info\\\/2009-2015\\\/wp-content\\\/uploads\\\/2012\\\/02\\\/arben_cokaj-120x150.jpg\",\"contentUrl\":\"https:\\\/\\\/fjala.info\\\/2009-2015\\\/wp-content\\\/uploads\\\/2012\\\/02\\\/arben_cokaj-120x150.jpg\",\"caption\":\"admin\"},\"description\":\"Admin, Fjala e Lir\u00eb\",\"sameAs\":[\"https:\\\/\\\/fjala.info\\\/\"],\"url\":\"https:\\\/\\\/fjala.info\\\/2009-2015\\\/author\\\/admin\\\/\"}]}<\/script>\n<!-- \/ Yoast SEO plugin. -->","yoast_head_json":{"title":"Shqip\u00ebri, nj\u00eb tragjedi p\u00ebrtej aksidentit - FjALA e LIR\u00cb - Arkivi","robots":{"index":"index","follow":"follow","max-snippet":"max-snippet:-1","max-image-preview":"max-image-preview:large","max-video-preview":"max-video-preview:-1"},"canonical":"https:\/\/fjala.info\/2009-2015\/shqiperi-nje-tragjedi-pertej-aksidentit\/","og_locale":"sq_AL","og_type":"article","og_title":"Shqip\u00ebri, nj\u00eb tragjedi p\u00ebrtej aksidentit - FjALA e LIR\u00cb - Arkivi","og_description":"Nga Kolec Traboini, 25 Maj 2012 I ndoqa me v\u00ebmendje t\u00eb gjitha diskutimet e hamend\u00ebsimet mbi \u00e7\u2019ka ngjau m\u00eb 21 maj 2012, ku u njoftua p\u00ebr 13 t\u00eb vdekur dhe mbi 20 t\u00eb plagosur n\u00ebp\u00ebr panele televizive ku gjithsekush kish mendjen e tij dhe u l\u00ebshuan deri n\u00eb fantazi t\u00eb s\u00ebmura se fajin e kishte [&hellip;]","og_url":"https:\/\/fjala.info\/2009-2015\/shqiperi-nje-tragjedi-pertej-aksidentit\/","og_site_name":"FjALA e LIR\u00cb - Arkivi","article_published_time":"2012-05-25T15:59:23+00:00","og_image":[{"url":"http:\/\/www.shkoder.net\/images\/fjala\/kolec_traboini.jpg","type":"","width":"","height":""}],"author":"admin","twitter_card":"summary_large_image","twitter_misc":{"Written by":"admin","Est. reading time":"8 minutes"},"schema":{"@context":"https:\/\/schema.org","@graph":[{"@type":"Article","@id":"https:\/\/fjala.info\/2009-2015\/shqiperi-nje-tragjedi-pertej-aksidentit\/#article","isPartOf":{"@id":"https:\/\/fjala.info\/2009-2015\/shqiperi-nje-tragjedi-pertej-aksidentit\/"},"author":{"name":"admin","@id":"https:\/\/fjala.info\/2009-2015\/#\/schema\/person\/3aa1163ef05469c496fc94e77611ada2"},"headline":"Shqip\u00ebri, nj\u00eb tragjedi p\u00ebrtej aksidentit","datePublished":"2012-05-25T15:59:23+00:00","mainEntityOfPage":{"@id":"https:\/\/fjala.info\/2009-2015\/shqiperi-nje-tragjedi-pertej-aksidentit\/"},"wordCount":1612,"commentCount":0,"publisher":{"@id":"https:\/\/fjala.info\/2009-2015\/#organization"},"image":{"@id":"https:\/\/fjala.info\/2009-2015\/shqiperi-nje-tragjedi-pertej-aksidentit\/#primaryimage"},"thumbnailUrl":"http:\/\/www.shkoder.net\/images\/fjala\/kolec_traboini.jpg","articleSection":["Artikuj"],"inLanguage":"sq-AL","potentialAction":[{"@type":"CommentAction","name":"Comment","target":["https:\/\/fjala.info\/2009-2015\/shqiperi-nje-tragjedi-pertej-aksidentit\/#respond"]}]},{"@type":"WebPage","@id":"https:\/\/fjala.info\/2009-2015\/shqiperi-nje-tragjedi-pertej-aksidentit\/","url":"https:\/\/fjala.info\/2009-2015\/shqiperi-nje-tragjedi-pertej-aksidentit\/","name":"Shqip\u00ebri, nj\u00eb tragjedi p\u00ebrtej aksidentit - FjALA e LIR\u00cb - Arkivi","isPartOf":{"@id":"https:\/\/fjala.info\/2009-2015\/#website"},"primaryImageOfPage":{"@id":"https:\/\/fjala.info\/2009-2015\/shqiperi-nje-tragjedi-pertej-aksidentit\/#primaryimage"},"image":{"@id":"https:\/\/fjala.info\/2009-2015\/shqiperi-nje-tragjedi-pertej-aksidentit\/#primaryimage"},"thumbnailUrl":"http:\/\/www.shkoder.net\/images\/fjala\/kolec_traboini.jpg","datePublished":"2012-05-25T15:59:23+00:00","breadcrumb":{"@id":"https:\/\/fjala.info\/2009-2015\/shqiperi-nje-tragjedi-pertej-aksidentit\/#breadcrumb"},"inLanguage":"sq-AL","potentialAction":[{"@type":"ReadAction","target":["https:\/\/fjala.info\/2009-2015\/shqiperi-nje-tragjedi-pertej-aksidentit\/"]}]},{"@type":"ImageObject","inLanguage":"sq-AL","@id":"https:\/\/fjala.info\/2009-2015\/shqiperi-nje-tragjedi-pertej-aksidentit\/#primaryimage","url":"http:\/\/www.shkoder.net\/images\/fjala\/kolec_traboini.jpg","contentUrl":"http:\/\/www.shkoder.net\/images\/fjala\/kolec_traboini.jpg"},{"@type":"BreadcrumbList","@id":"https:\/\/fjala.info\/2009-2015\/shqiperi-nje-tragjedi-pertej-aksidentit\/#breadcrumb","itemListElement":[{"@type":"ListItem","position":1,"name":"Home","item":"https:\/\/fjala.info\/2009-2015\/"},{"@type":"ListItem","position":2,"name":"Shqip\u00ebri, nj\u00eb tragjedi p\u00ebrtej aksidentit"}]},{"@type":"WebSite","@id":"https:\/\/fjala.info\/2009-2015\/#website","url":"https:\/\/fjala.info\/2009-2015\/","name":"FjALA e LIR\u00cb - Arkivi","description":"Arkivi 2009-2015","publisher":{"@id":"https:\/\/fjala.info\/2009-2015\/#organization"},"potentialAction":[{"@type":"SearchAction","target":{"@type":"EntryPoint","urlTemplate":"https:\/\/fjala.info\/2009-2015\/?s={search_term_string}"},"query-input":{"@type":"PropertyValueSpecification","valueRequired":true,"valueName":"search_term_string"}}],"inLanguage":"sq-AL"},{"@type":"Organization","@id":"https:\/\/fjala.info\/2009-2015\/#organization","name":"FjALA e LIR\u00cb - Arkivi","url":"https:\/\/fjala.info\/2009-2015\/","logo":{"@type":"ImageObject","inLanguage":"sq-AL","@id":"https:\/\/fjala.info\/2009-2015\/#\/schema\/logo\/image\/","url":"","contentUrl":"","caption":"FjALA e LIR\u00cb - Arkivi"},"image":{"@id":"https:\/\/fjala.info\/2009-2015\/#\/schema\/logo\/image\/"}},{"@type":"Person","@id":"https:\/\/fjala.info\/2009-2015\/#\/schema\/person\/3aa1163ef05469c496fc94e77611ada2","name":"admin","image":{"@type":"ImageObject","inLanguage":"sq-AL","@id":"https:\/\/fjala.info\/2009-2015\/wp-content\/uploads\/2012\/02\/arben_cokaj-120x150.jpg","url":"https:\/\/fjala.info\/2009-2015\/wp-content\/uploads\/2012\/02\/arben_cokaj-120x150.jpg","contentUrl":"https:\/\/fjala.info\/2009-2015\/wp-content\/uploads\/2012\/02\/arben_cokaj-120x150.jpg","caption":"admin"},"description":"Admin, Fjala e Lir\u00eb","sameAs":["https:\/\/fjala.info\/"],"url":"https:\/\/fjala.info\/2009-2015\/author\/admin\/"}]}},"_links":{"self":[{"href":"https:\/\/fjala.info\/2009-2015\/wp-json\/wp\/v2\/posts\/2951","targetHints":{"allow":["GET"]}}],"collection":[{"href":"https:\/\/fjala.info\/2009-2015\/wp-json\/wp\/v2\/posts"}],"about":[{"href":"https:\/\/fjala.info\/2009-2015\/wp-json\/wp\/v2\/types\/post"}],"author":[{"embeddable":true,"href":"https:\/\/fjala.info\/2009-2015\/wp-json\/wp\/v2\/users\/1"}],"replies":[{"embeddable":true,"href":"https:\/\/fjala.info\/2009-2015\/wp-json\/wp\/v2\/comments?post=2951"}],"version-history":[{"count":0,"href":"https:\/\/fjala.info\/2009-2015\/wp-json\/wp\/v2\/posts\/2951\/revisions"}],"wp:attachment":[{"href":"https:\/\/fjala.info\/2009-2015\/wp-json\/wp\/v2\/media?parent=2951"}],"wp:term":[{"taxonomy":"category","embeddable":true,"href":"https:\/\/fjala.info\/2009-2015\/wp-json\/wp\/v2\/categories?post=2951"},{"taxonomy":"post_tag","embeddable":true,"href":"https:\/\/fjala.info\/2009-2015\/wp-json\/wp\/v2\/tags?post=2951"}],"curies":[{"name":"wp","href":"https:\/\/api.w.org\/{rel}","templated":true}]}}