{"id":2950,"date":"2010-06-06T22:54:48","date_gmt":"2010-06-06T21:54:48","guid":{"rendered":"http:\/\/fjala.shkoder.net\/?p=2950"},"modified":"2010-06-06T22:54:48","modified_gmt":"2010-06-06T21:54:48","slug":"lideret-perballe-ngacmimit","status":"publish","type":"post","link":"https:\/\/fjala.info\/2009-2015\/lideret-perballe-ngacmimit\/","title":{"rendered":"Lider\u00ebt p\u00ebrball\u00eb ngacmimit"},"content":{"rendered":"<p><img decoding=\"async\" style=\"margin-left: 10px; margin-right: 10px; border: 0px;\" src=\"http:\/\/www.shkoder.net\/images\/fjala\/sokol_pepushaj.jpg\" border=\"0\" alt=\"Sokol Pepushaj\" width=\"100\" align=\"left\" \/><\/p>\n<p><strong>SOKOL PEPUSHAJ<\/strong><\/p>\n<p><strong><em>Prandaj t\u00eb t\u00ebra nismat e derisotme kan\u00eb d\u00ebshtuar. Madje as gjuha e ekspertiz\u00ebs diplomatike e nd\u00ebrkomb\u00ebtar\u00ebve, megjith\u00eb definimin e plotp\u00ebrplot\u00eb t\u00eb s\u00ebmundjes s\u00eb politikb\u00ebrjes, nuk po arrin t\u00eb sh\u00ebndosh\u00eb funksionimin e nj\u00eb demokracie t\u00eb pakt\u00ebn t\u00eb pranueshme minimalisht<\/em><\/strong><\/p>\n<p>Ramiz Alia nuk rezulton trim si dikur Mehmet Shehu apo sot Ilir Meta. As i fark\u00ebtuar a i gdh\u00ebndur si model karizmatik i tipit Enver apo Sali. Ai po, ishte dhe eshte nje skile, n\u00eb kuptimin figurativ te shprehjes, pasi \u00ebsht\u00eb i kuq i pasur, e, edhe mund t\u00eb na fyhet. Ai po, ishte dhe \u00ebsht\u00eb nj\u00eb komunist q\u00eb p\u00ebrball\u00eb ngacmimit, krijoj\u00eb antikomunizmin me&#8230; komunist\u00eb.<\/p>\n<div>I pari q\u00eb zuri n\u00eb kular p\u00ebr model t\u00eb antikomunizmit, pasi parm\u00ebnden u la shqiptar\u00ebve p\u00ebr 50 vjet si mjetin m\u00eb t\u00eb avancuar p\u00ebr t\u00eb zhvilluar bujq\u00ebsin\u00eb, sektorin primar te prodhimit, ishte komunist. Sali Berisha. N\u00eb kular, n\u00eb t\u00eb majt\u00eb t\u00eb tij,si socialist, v\u00ebndosi po nj\u00eb komunist. Fatos Nanon. Pra, t\u00eb dy t\u00eb majt\u00eb , ia fut\u00ebn parm\u00ebnd\u00ebn Shqip\u00ebris\u00eb p\u00ebr 15 vjet, deri n\u00eb 2005-\u00ebn, kur zorr\u00ebt e shqiptareve filluan t\u00eb protestojn\u00eb e rruga e tyre po merrte t\u00eb teposht\u00ebn.<\/div>\n<div>Nano iku gjoja si i mnir\u00eb, si f\u00ebmij\u00eb i llastuar.Veprimi p\u00ebrball\u00eb ngacmimit iu muar fillimisht si l\u00ebvizje e studiuar e nj\u00eb finoku q\u00eb nuk dallon shum\u00eb nga Alia. Ky \u00ebsht\u00eb pik\u00ebrisht rasti ku politika shqiptare agresionohet dhe Edi Rama, tashm\u00eb n\u00eb timonin plot defekte t\u00eb partis\u00eb socialiste, nis e agreson politik\u00ebn, me qasje te studiuar drejt dob\u00ebsimit t\u00eb sistemit komunist e hajdut, mashtrues e fodull.<\/div>\n<div>T\u00eb par\u00ebt q\u00eb do hante ishin nga vatha e vet. P\u00ebr disa \u00e7udit\u00ebrisht, si fjala vjen p\u00ebr Nanon e Met\u00ebn e shum\u00eb drejtues t\u00eb partis\u00eb n\u00ebp\u00ebr qarqe, p\u00ebr t\u00eb tjer\u00eb spektakolarisht, iu deshen kat\u00ebr vjet, deri n\u00eb zgjedhjet parelamentare t\u00eb 28 qershorit 2009, t\u00eb largoje jarg\u00ebt e komunizmit nga partia socialiste, t\u00eb shk\u00ebpus\u00eb kontaktet e partis\u00eb me monstrat fodulle e servile e t\u00eb lidh\u00eb kontrata me shtresat q\u00eb synojn\u00eb nj\u00eb jet\u00eb m\u00eb t\u00eb mir\u00eb se sot.<\/div>\n<div>\u00cbsht\u00eb ky format politike qe e dallon ndjeshmerin\u00eb e liderit p\u00ebrball\u00eb ngacmimeve, t\u00eb pashmanshme p\u00ebr gjithk\u00ebnd merret me politb\u00ebrje, e ve\u00e7mas p\u00ebr lidershipin. Sot PS-ja, si vazhduese e PP-s\u00eb, ka tep\u00ebr m\u00eb pak ish komunist\u00eb apo bij asish, sesa PD-ja. Deputetet qe i kan\u00eb mbetur Ram\u00ebs nga formati i krijimit t\u00eb pluripartizmit nga Alija me tekinologji t\u00eb kuqe, jan\u00eb nja shtat\u00eb. Nga krahu i djatht\u00eb jan\u00eb nja 14 cop\u00eb.<\/div>\n<div>Pra, edhe p\u00ebrplasjet her\u00eb her\u00eb edhe banale, nuk ngjajne p\u00ebr v\u00ebshtrimin e shtresave pa interesa p\u00ebrfitimi t\u00eb paligjshme me pushtetin, cilitdo deri sot, me asgj\u00eb m\u00eb shum\u00eb se me konflikte mes komunist\u00ebve t\u00eb dy pal\u00ebve p\u00ebr keshtjell\u00ebn e pushtetit dhe m\u00ebpastaj p\u00ebr p\u00ebrdorjen e saj vet\u00ebm p\u00ebr p\u00ebrfitime t\u00eb pamerit\u00ebta. rkomb\u00ebtare, Prandaj t\u00eb t\u00ebra nismat e derisotme kan\u00eb d\u00ebshtuar. Madje as gjuha e ekspertiz\u00ebs diplomatike e nd\u00ebrkomb\u00ebtar\u00ebve, megjith\u00eb definimin e plotp\u00ebrplot\u00eb t\u00eb s\u00ebmundjes s\u00eb politikb\u00ebrjes, nuk po arrin t\u00eb sh\u00ebndosh\u00eb funksionimin e nj\u00eb demokracie t\u00eb pakt\u00ebn t\u00eb pranueshme minimalisht.<\/div>\n<div>Edhe deklarat\u00ebn e ambasadorit amerikan John Withers se nuk ka kriz\u00eb politike por qeveris\u00ebse, PD-ja e argumentoi p\u00ebrmes Aldo Bum\u00e7it si keqkuptim shprehjeje. Pra, Bum\u00e7i thot\u00eb bot\u00ebrisht se fjala GOVERNMENT mund t\u00eb merret jo p\u00ebr qeveri, as p\u00ebr qeverisje, por p\u00ebr sistem qeversjeje. Ja pra, loj\u00eb fjal\u00ebsh, e merr djathin me piru apo piruni ngulet n\u00eb djath\u00eb. Gati sa nuk tha se ambasadori amerikan qeverin\u00eb e lavd\u00ebroi, por ju nuk e lexoni deklarat\u00ebn e tij se kur thot\u00eb qeveri ka parasysh pengesat qe opozita i ka v\u00ebn\u00eb qevisjes p\u00ebrpara.<\/div>\n<div>Ky model politike e ka l\u00ebn\u00eb n\u00eb k\u00ebto \u201csuksese\u201d k\u00ebt\u00eb v\u00ebnd ku p\u00ebrdit\u00eb e p\u00ebrnat\u00eb njer\u00ebzit \u00e7apiten t\u00eb largohen nga v\u00ebndi, ku n\u00eb \u00e7do bised\u00eb vet\u00ebm politika \u00ebsht\u00eb n\u00eb tavolin\u00eb. Edhe n\u00eb ato tavolina ku mungon buka apo hiqen kush t\u00eb paguaj\u00eb nj\u00eb kafe. Madje politika p\u00ebr rr\u00ebzim sistemi a mbrojtje sistemi, \u00ebsht\u00eb kthyer edhe n\u00eb tifozllek.<\/div>\n<div>Pavar\u00ebsisht paradokseve, ku jo rall\u00eb e papranueshmja merret p\u00ebr normalitet e normaliteti p\u00ebr shkarje nga rruga e shkelur, me vullnet t\u00eb skllavit n\u00eb substanc\u00eb e kostilacion shpirti, l\u00ebvizjet e fundit n\u00eb p\u00ebrmasa t\u00eb m\u00ebdha dhe kriza ekonomike n\u00eb skaj t\u00eb durimitr, duket se kan\u00eb ngacmuar aq shum\u00eb politik\u00ebn e lluct\u00eb. Politikan\u00ebt nuk po e ndjejn\u00eb rehat rehatin\u00eb me t\u00eb cil\u00ebn kan\u00eb qeverisur duke u sjell\u00eb keq.<\/div>\n<div>Deri tash themi, pasi Rama me k\u00ebto ngrirje dhe nxemje, megjith\u00ebse i palexuesh\u00ebm, krejt ndryshe nga lider\u00ebt e tjer\u00eb, me t\u00eb papriturat dhe formatin e ri n\u00eb protestb\u00ebrje e politikb\u00ebrje, duket ndryshe gjith\u00e7kaje \u00ebsht\u00eb formatuar p\u00ebrgjat\u00eb historis\u00eb s\u00eb Shqip\u00ebris\u00eb. Rama ka pastruar shum\u00eb\u00e7ka n\u00eb partin\u00eb q\u00eb drejton dhe gjasat jan\u00eb se do largoj\u00eb edhe komunist\u00ebt e mbetur, ndoshta detyruesh\u00ebm deri tash p\u00ebr t&#8217;i patur n\u00eb front. P\u00ebrball\u00eb ngacmimeve dy lider\u00ebt po sillen ndryshe nj\u00ebri-tjetrit .<\/div>\n<div>Rama q\u00eb duket shum\u00eb i djatht\u00eb e Berisha i majt\u00eb, sido t\u00eb ven\u00eb pun\u00ebt, duket se do na sjellin t\u00eb tjera pamje, n\u00eb dit\u00ebt q\u00eb vijn\u00eb, p\u00ebrball\u00eb ngacmimeve q\u00eb nuk mund t&#8217;i ndalojn\u00eb.\u00a0<\/div>\n","protected":false},"excerpt":{"rendered":"<p>SOKOL PEPUSHAJ Prandaj t\u00eb t\u00ebra nismat e derisotme kan\u00eb d\u00ebshtuar. Madje as gjuha e ekspertiz\u00ebs diplomatike e nd\u00ebrkomb\u00ebtar\u00ebve, megjith\u00eb definimin e plotp\u00ebrplot\u00eb t\u00eb s\u00ebmundjes s\u00eb politikb\u00ebrjes, nuk po arrin t\u00eb sh\u00ebndosh\u00eb funksionimin e nj\u00eb demokracie t\u00eb pakt\u00ebn t\u00eb pranueshme minimalisht Ramiz Alia nuk rezulton trim si dikur Mehmet Shehu apo sot Ilir Meta. As i [&hellip;]<\/p>\n","protected":false},"author":1,"featured_media":0,"comment_status":"open","ping_status":"closed","sticky":false,"template":"","format":"standard","meta":{"footnotes":""},"categories":[2],"tags":[],"class_list":{"0":"post-2950","1":"post","2":"type-post","3":"status-publish","4":"format-standard","6":"category-artikuj"},"yoast_head":"<!-- This site is optimized with the Yoast SEO plugin v27.4 - https:\/\/yoast.com\/product\/yoast-seo-wordpress\/ -->\n<title>Lider\u00ebt p\u00ebrball\u00eb ngacmimit - FjALA e LIR\u00cb - Arkivi<\/title>\n<meta name=\"robots\" content=\"index, follow, max-snippet:-1, max-image-preview:large, max-video-preview:-1\" \/>\n<link rel=\"canonical\" href=\"https:\/\/fjala.info\/2009-2015\/lideret-perballe-ngacmimit\/\" \/>\n<meta property=\"og:locale\" content=\"sq_AL\" \/>\n<meta property=\"og:type\" content=\"article\" \/>\n<meta property=\"og:title\" content=\"Lider\u00ebt p\u00ebrball\u00eb ngacmimit - FjALA e LIR\u00cb - Arkivi\" \/>\n<meta property=\"og:description\" content=\"SOKOL PEPUSHAJ Prandaj t\u00eb t\u00ebra nismat e derisotme kan\u00eb d\u00ebshtuar. Madje as gjuha e ekspertiz\u00ebs diplomatike e nd\u00ebrkomb\u00ebtar\u00ebve, megjith\u00eb definimin e plotp\u00ebrplot\u00eb t\u00eb s\u00ebmundjes s\u00eb politikb\u00ebrjes, nuk po arrin t\u00eb sh\u00ebndosh\u00eb funksionimin e nj\u00eb demokracie t\u00eb pakt\u00ebn t\u00eb pranueshme minimalisht Ramiz Alia nuk rezulton trim si dikur Mehmet Shehu apo sot Ilir Meta. As i [&hellip;]\" \/>\n<meta property=\"og:url\" content=\"https:\/\/fjala.info\/2009-2015\/lideret-perballe-ngacmimit\/\" \/>\n<meta property=\"og:site_name\" content=\"FjALA e LIR\u00cb - Arkivi\" \/>\n<meta property=\"article:published_time\" content=\"2010-06-06T21:54:48+00:00\" \/>\n<meta property=\"og:image\" content=\"http:\/\/www.shkoder.net\/images\/fjala\/sokol_pepushaj.jpg\" \/>\n<meta name=\"author\" content=\"admin\" \/>\n<meta name=\"twitter:card\" content=\"summary_large_image\" \/>\n<meta name=\"twitter:label1\" content=\"Written by\" \/>\n\t<meta name=\"twitter:data1\" content=\"admin\" \/>\n\t<meta name=\"twitter:label2\" content=\"Est. reading time\" \/>\n\t<meta name=\"twitter:data2\" content=\"5 minutes\" \/>\n<script type=\"application\/ld+json\" class=\"yoast-schema-graph\">{\"@context\":\"https:\\\/\\\/schema.org\",\"@graph\":[{\"@type\":\"Article\",\"@id\":\"https:\\\/\\\/fjala.info\\\/2009-2015\\\/lideret-perballe-ngacmimit\\\/#article\",\"isPartOf\":{\"@id\":\"https:\\\/\\\/fjala.info\\\/2009-2015\\\/lideret-perballe-ngacmimit\\\/\"},\"author\":{\"name\":\"admin\",\"@id\":\"https:\\\/\\\/fjala.info\\\/2009-2015\\\/#\\\/schema\\\/person\\\/3aa1163ef05469c496fc94e77611ada2\"},\"headline\":\"Lider\u00ebt p\u00ebrball\u00eb ngacmimit\",\"datePublished\":\"2010-06-06T21:54:48+00:00\",\"mainEntityOfPage\":{\"@id\":\"https:\\\/\\\/fjala.info\\\/2009-2015\\\/lideret-perballe-ngacmimit\\\/\"},\"wordCount\":940,\"commentCount\":0,\"publisher\":{\"@id\":\"https:\\\/\\\/fjala.info\\\/2009-2015\\\/#organization\"},\"image\":{\"@id\":\"https:\\\/\\\/fjala.info\\\/2009-2015\\\/lideret-perballe-ngacmimit\\\/#primaryimage\"},\"thumbnailUrl\":\"http:\\\/\\\/www.shkoder.net\\\/images\\\/fjala\\\/sokol_pepushaj.jpg\",\"articleSection\":[\"Artikuj\"],\"inLanguage\":\"sq-AL\",\"potentialAction\":[{\"@type\":\"CommentAction\",\"name\":\"Comment\",\"target\":[\"https:\\\/\\\/fjala.info\\\/2009-2015\\\/lideret-perballe-ngacmimit\\\/#respond\"]}]},{\"@type\":\"WebPage\",\"@id\":\"https:\\\/\\\/fjala.info\\\/2009-2015\\\/lideret-perballe-ngacmimit\\\/\",\"url\":\"https:\\\/\\\/fjala.info\\\/2009-2015\\\/lideret-perballe-ngacmimit\\\/\",\"name\":\"Lider\u00ebt p\u00ebrball\u00eb ngacmimit - FjALA e LIR\u00cb - Arkivi\",\"isPartOf\":{\"@id\":\"https:\\\/\\\/fjala.info\\\/2009-2015\\\/#website\"},\"primaryImageOfPage\":{\"@id\":\"https:\\\/\\\/fjala.info\\\/2009-2015\\\/lideret-perballe-ngacmimit\\\/#primaryimage\"},\"image\":{\"@id\":\"https:\\\/\\\/fjala.info\\\/2009-2015\\\/lideret-perballe-ngacmimit\\\/#primaryimage\"},\"thumbnailUrl\":\"http:\\\/\\\/www.shkoder.net\\\/images\\\/fjala\\\/sokol_pepushaj.jpg\",\"datePublished\":\"2010-06-06T21:54:48+00:00\",\"breadcrumb\":{\"@id\":\"https:\\\/\\\/fjala.info\\\/2009-2015\\\/lideret-perballe-ngacmimit\\\/#breadcrumb\"},\"inLanguage\":\"sq-AL\",\"potentialAction\":[{\"@type\":\"ReadAction\",\"target\":[\"https:\\\/\\\/fjala.info\\\/2009-2015\\\/lideret-perballe-ngacmimit\\\/\"]}]},{\"@type\":\"ImageObject\",\"inLanguage\":\"sq-AL\",\"@id\":\"https:\\\/\\\/fjala.info\\\/2009-2015\\\/lideret-perballe-ngacmimit\\\/#primaryimage\",\"url\":\"http:\\\/\\\/www.shkoder.net\\\/images\\\/fjala\\\/sokol_pepushaj.jpg\",\"contentUrl\":\"http:\\\/\\\/www.shkoder.net\\\/images\\\/fjala\\\/sokol_pepushaj.jpg\"},{\"@type\":\"BreadcrumbList\",\"@id\":\"https:\\\/\\\/fjala.info\\\/2009-2015\\\/lideret-perballe-ngacmimit\\\/#breadcrumb\",\"itemListElement\":[{\"@type\":\"ListItem\",\"position\":1,\"name\":\"Home\",\"item\":\"https:\\\/\\\/fjala.info\\\/2009-2015\\\/\"},{\"@type\":\"ListItem\",\"position\":2,\"name\":\"Lider\u00ebt p\u00ebrball\u00eb ngacmimit\"}]},{\"@type\":\"WebSite\",\"@id\":\"https:\\\/\\\/fjala.info\\\/2009-2015\\\/#website\",\"url\":\"https:\\\/\\\/fjala.info\\\/2009-2015\\\/\",\"name\":\"FjALA e LIR\u00cb - Arkivi\",\"description\":\"Arkivi 2009-2015\",\"publisher\":{\"@id\":\"https:\\\/\\\/fjala.info\\\/2009-2015\\\/#organization\"},\"potentialAction\":[{\"@type\":\"SearchAction\",\"target\":{\"@type\":\"EntryPoint\",\"urlTemplate\":\"https:\\\/\\\/fjala.info\\\/2009-2015\\\/?s={search_term_string}\"},\"query-input\":{\"@type\":\"PropertyValueSpecification\",\"valueRequired\":true,\"valueName\":\"search_term_string\"}}],\"inLanguage\":\"sq-AL\"},{\"@type\":\"Organization\",\"@id\":\"https:\\\/\\\/fjala.info\\\/2009-2015\\\/#organization\",\"name\":\"FjALA e LIR\u00cb - Arkivi\",\"url\":\"https:\\\/\\\/fjala.info\\\/2009-2015\\\/\",\"logo\":{\"@type\":\"ImageObject\",\"inLanguage\":\"sq-AL\",\"@id\":\"https:\\\/\\\/fjala.info\\\/2009-2015\\\/#\\\/schema\\\/logo\\\/image\\\/\",\"url\":\"\",\"contentUrl\":\"\",\"caption\":\"FjALA e LIR\u00cb - Arkivi\"},\"image\":{\"@id\":\"https:\\\/\\\/fjala.info\\\/2009-2015\\\/#\\\/schema\\\/logo\\\/image\\\/\"}},{\"@type\":\"Person\",\"@id\":\"https:\\\/\\\/fjala.info\\\/2009-2015\\\/#\\\/schema\\\/person\\\/3aa1163ef05469c496fc94e77611ada2\",\"name\":\"admin\",\"image\":{\"@type\":\"ImageObject\",\"inLanguage\":\"sq-AL\",\"@id\":\"https:\\\/\\\/fjala.info\\\/2009-2015\\\/wp-content\\\/uploads\\\/2012\\\/02\\\/arben_cokaj-120x150.jpg\",\"url\":\"https:\\\/\\\/fjala.info\\\/2009-2015\\\/wp-content\\\/uploads\\\/2012\\\/02\\\/arben_cokaj-120x150.jpg\",\"contentUrl\":\"https:\\\/\\\/fjala.info\\\/2009-2015\\\/wp-content\\\/uploads\\\/2012\\\/02\\\/arben_cokaj-120x150.jpg\",\"caption\":\"admin\"},\"description\":\"Admin, Fjala e Lir\u00eb\",\"sameAs\":[\"https:\\\/\\\/fjala.info\\\/\"],\"url\":\"https:\\\/\\\/fjala.info\\\/2009-2015\\\/author\\\/admin\\\/\"}]}<\/script>\n<!-- \/ Yoast SEO plugin. -->","yoast_head_json":{"title":"Lider\u00ebt p\u00ebrball\u00eb ngacmimit - FjALA e LIR\u00cb - Arkivi","robots":{"index":"index","follow":"follow","max-snippet":"max-snippet:-1","max-image-preview":"max-image-preview:large","max-video-preview":"max-video-preview:-1"},"canonical":"https:\/\/fjala.info\/2009-2015\/lideret-perballe-ngacmimit\/","og_locale":"sq_AL","og_type":"article","og_title":"Lider\u00ebt p\u00ebrball\u00eb ngacmimit - FjALA e LIR\u00cb - Arkivi","og_description":"SOKOL PEPUSHAJ Prandaj t\u00eb t\u00ebra nismat e derisotme kan\u00eb d\u00ebshtuar. Madje as gjuha e ekspertiz\u00ebs diplomatike e nd\u00ebrkomb\u00ebtar\u00ebve, megjith\u00eb definimin e plotp\u00ebrplot\u00eb t\u00eb s\u00ebmundjes s\u00eb politikb\u00ebrjes, nuk po arrin t\u00eb sh\u00ebndosh\u00eb funksionimin e nj\u00eb demokracie t\u00eb pakt\u00ebn t\u00eb pranueshme minimalisht Ramiz Alia nuk rezulton trim si dikur Mehmet Shehu apo sot Ilir Meta. As i [&hellip;]","og_url":"https:\/\/fjala.info\/2009-2015\/lideret-perballe-ngacmimit\/","og_site_name":"FjALA e LIR\u00cb - Arkivi","article_published_time":"2010-06-06T21:54:48+00:00","og_image":[{"url":"http:\/\/www.shkoder.net\/images\/fjala\/sokol_pepushaj.jpg","type":"","width":"","height":""}],"author":"admin","twitter_card":"summary_large_image","twitter_misc":{"Written by":"admin","Est. reading time":"5 minutes"},"schema":{"@context":"https:\/\/schema.org","@graph":[{"@type":"Article","@id":"https:\/\/fjala.info\/2009-2015\/lideret-perballe-ngacmimit\/#article","isPartOf":{"@id":"https:\/\/fjala.info\/2009-2015\/lideret-perballe-ngacmimit\/"},"author":{"name":"admin","@id":"https:\/\/fjala.info\/2009-2015\/#\/schema\/person\/3aa1163ef05469c496fc94e77611ada2"},"headline":"Lider\u00ebt p\u00ebrball\u00eb ngacmimit","datePublished":"2010-06-06T21:54:48+00:00","mainEntityOfPage":{"@id":"https:\/\/fjala.info\/2009-2015\/lideret-perballe-ngacmimit\/"},"wordCount":940,"commentCount":0,"publisher":{"@id":"https:\/\/fjala.info\/2009-2015\/#organization"},"image":{"@id":"https:\/\/fjala.info\/2009-2015\/lideret-perballe-ngacmimit\/#primaryimage"},"thumbnailUrl":"http:\/\/www.shkoder.net\/images\/fjala\/sokol_pepushaj.jpg","articleSection":["Artikuj"],"inLanguage":"sq-AL","potentialAction":[{"@type":"CommentAction","name":"Comment","target":["https:\/\/fjala.info\/2009-2015\/lideret-perballe-ngacmimit\/#respond"]}]},{"@type":"WebPage","@id":"https:\/\/fjala.info\/2009-2015\/lideret-perballe-ngacmimit\/","url":"https:\/\/fjala.info\/2009-2015\/lideret-perballe-ngacmimit\/","name":"Lider\u00ebt p\u00ebrball\u00eb ngacmimit - FjALA e LIR\u00cb - Arkivi","isPartOf":{"@id":"https:\/\/fjala.info\/2009-2015\/#website"},"primaryImageOfPage":{"@id":"https:\/\/fjala.info\/2009-2015\/lideret-perballe-ngacmimit\/#primaryimage"},"image":{"@id":"https:\/\/fjala.info\/2009-2015\/lideret-perballe-ngacmimit\/#primaryimage"},"thumbnailUrl":"http:\/\/www.shkoder.net\/images\/fjala\/sokol_pepushaj.jpg","datePublished":"2010-06-06T21:54:48+00:00","breadcrumb":{"@id":"https:\/\/fjala.info\/2009-2015\/lideret-perballe-ngacmimit\/#breadcrumb"},"inLanguage":"sq-AL","potentialAction":[{"@type":"ReadAction","target":["https:\/\/fjala.info\/2009-2015\/lideret-perballe-ngacmimit\/"]}]},{"@type":"ImageObject","inLanguage":"sq-AL","@id":"https:\/\/fjala.info\/2009-2015\/lideret-perballe-ngacmimit\/#primaryimage","url":"http:\/\/www.shkoder.net\/images\/fjala\/sokol_pepushaj.jpg","contentUrl":"http:\/\/www.shkoder.net\/images\/fjala\/sokol_pepushaj.jpg"},{"@type":"BreadcrumbList","@id":"https:\/\/fjala.info\/2009-2015\/lideret-perballe-ngacmimit\/#breadcrumb","itemListElement":[{"@type":"ListItem","position":1,"name":"Home","item":"https:\/\/fjala.info\/2009-2015\/"},{"@type":"ListItem","position":2,"name":"Lider\u00ebt p\u00ebrball\u00eb ngacmimit"}]},{"@type":"WebSite","@id":"https:\/\/fjala.info\/2009-2015\/#website","url":"https:\/\/fjala.info\/2009-2015\/","name":"FjALA e LIR\u00cb - Arkivi","description":"Arkivi 2009-2015","publisher":{"@id":"https:\/\/fjala.info\/2009-2015\/#organization"},"potentialAction":[{"@type":"SearchAction","target":{"@type":"EntryPoint","urlTemplate":"https:\/\/fjala.info\/2009-2015\/?s={search_term_string}"},"query-input":{"@type":"PropertyValueSpecification","valueRequired":true,"valueName":"search_term_string"}}],"inLanguage":"sq-AL"},{"@type":"Organization","@id":"https:\/\/fjala.info\/2009-2015\/#organization","name":"FjALA e LIR\u00cb - Arkivi","url":"https:\/\/fjala.info\/2009-2015\/","logo":{"@type":"ImageObject","inLanguage":"sq-AL","@id":"https:\/\/fjala.info\/2009-2015\/#\/schema\/logo\/image\/","url":"","contentUrl":"","caption":"FjALA e LIR\u00cb - Arkivi"},"image":{"@id":"https:\/\/fjala.info\/2009-2015\/#\/schema\/logo\/image\/"}},{"@type":"Person","@id":"https:\/\/fjala.info\/2009-2015\/#\/schema\/person\/3aa1163ef05469c496fc94e77611ada2","name":"admin","image":{"@type":"ImageObject","inLanguage":"sq-AL","@id":"https:\/\/fjala.info\/2009-2015\/wp-content\/uploads\/2012\/02\/arben_cokaj-120x150.jpg","url":"https:\/\/fjala.info\/2009-2015\/wp-content\/uploads\/2012\/02\/arben_cokaj-120x150.jpg","contentUrl":"https:\/\/fjala.info\/2009-2015\/wp-content\/uploads\/2012\/02\/arben_cokaj-120x150.jpg","caption":"admin"},"description":"Admin, Fjala e Lir\u00eb","sameAs":["https:\/\/fjala.info\/"],"url":"https:\/\/fjala.info\/2009-2015\/author\/admin\/"}]}},"_links":{"self":[{"href":"https:\/\/fjala.info\/2009-2015\/wp-json\/wp\/v2\/posts\/2950","targetHints":{"allow":["GET"]}}],"collection":[{"href":"https:\/\/fjala.info\/2009-2015\/wp-json\/wp\/v2\/posts"}],"about":[{"href":"https:\/\/fjala.info\/2009-2015\/wp-json\/wp\/v2\/types\/post"}],"author":[{"embeddable":true,"href":"https:\/\/fjala.info\/2009-2015\/wp-json\/wp\/v2\/users\/1"}],"replies":[{"embeddable":true,"href":"https:\/\/fjala.info\/2009-2015\/wp-json\/wp\/v2\/comments?post=2950"}],"version-history":[{"count":0,"href":"https:\/\/fjala.info\/2009-2015\/wp-json\/wp\/v2\/posts\/2950\/revisions"}],"wp:attachment":[{"href":"https:\/\/fjala.info\/2009-2015\/wp-json\/wp\/v2\/media?parent=2950"}],"wp:term":[{"taxonomy":"category","embeddable":true,"href":"https:\/\/fjala.info\/2009-2015\/wp-json\/wp\/v2\/categories?post=2950"},{"taxonomy":"post_tag","embeddable":true,"href":"https:\/\/fjala.info\/2009-2015\/wp-json\/wp\/v2\/tags?post=2950"}],"curies":[{"name":"wp","href":"https:\/\/api.w.org\/{rel}","templated":true}]}}