{"id":2949,"date":"2012-05-25T10:11:44","date_gmt":"2012-05-25T09:11:44","guid":{"rendered":"http:\/\/www.fjala.info\/?p=2949"},"modified":"2012-05-25T10:11:44","modified_gmt":"2012-05-25T09:11:44","slug":"a-po-terhiqet-berisha-nga-pozicioni-fillestar-per-kandidatin-presidencial-nga-pd-ja","status":"publish","type":"post","link":"https:\/\/fjala.info\/2009-2015\/a-po-terhiqet-berisha-nga-pozicioni-fillestar-per-kandidatin-presidencial-nga-pd-ja\/","title":{"rendered":"A po t\u00ebrhiqet Berisha nga pozicioni fillestar p\u00ebr kandidatin presidencial nga PD-ja?"},"content":{"rendered":"<p><img decoding=\"async\" class=\"alignleft size-thumbnail wp-image-7236\" title=\"Sali Berisha\" src=\"http:\/\/www.fjala.info\/2012\/sali_berisha_0.jpg\" alt=\"\" width=\"200\" \/> Nga <strong>Eduard Zaloshnja<\/strong>, <em>25 Maj 2012<\/em><\/p>\n<p>Lajmin p\u00ebr mbledhjen e djeshme t\u00eb kryesis\u00eb s\u00eb PD TV Klani e kishte shoq\u00ebruar me k\u00ebto titra: \u201cKryesia e PD-s\u00eb mandaton ekipin negociator p\u00ebr Presidentin. Berisha: Do t\u00eb propozojm\u00eb kandidatur\u00eb t\u00eb PD-s\u00eb, pa p\u00ebrjashtuar kandidatur\u00ebn e dal\u00eb nga negociatat\u201d. N\u00eb fakt, po ta d\u00ebgjoje me v\u00ebmendje lajmin, dallohej qart\u00eb se Berisha nuk e kishte th\u00ebn\u00eb literalisht pjes\u00ebn e fundit t\u00eb citimit n\u00eb ligj\u00ebrat\u00eb t\u00eb drejt\u00eb q\u00eb i kishte b\u00ebr\u00eb TV Klani. Ai tha: \u201cKjo mazhoranc\u00eb ka detyr\u00ebn kushtetuese t\u00eb b\u00ebj\u00eb vendin me president. Por mazhoranca do t\u00eb gabonte n\u00ebse nuk do t\u00eb p\u00ebrfshinte n\u00eb k\u00ebt\u00eb proces edhe opozit\u00ebn, me negociata t\u00eb ndershme\u201d.<\/p>\n<p>Duke njohur marr\u00ebdh\u00ebniet e ngushta t\u00eb Berish\u00ebs me pronarin e TV Klanit dhe p\u00ebrfshirjen e k\u00ebtij t\u00eb fundit n\u00eb drejtimin editorial t\u00eb lajmeve t\u00eb televizionin t\u00eb tij, mendja ta do se v\u00ebnia n\u00eb goj\u00ebn e Berish\u00ebs t\u00eb fjal\u00ebve \u201cpa p\u00ebrjashtuar kandidatur\u00ebn e dal\u00eb nga negociatat\u201d, nd\u00ebrkoh\u00eb q\u00eb ai nuk i ka th\u00ebn\u00eb ato literalisht, \u00ebsht\u00eb nj\u00eb mesazh q\u00eb i d\u00ebrgohet opozit\u00ebs se pjes\u00ebmarrja e saj n\u00eb negociata nuk do t\u00eb jet\u00eb thjesht nj\u00eb shfaqje teatrale.<\/p>\n<p>Mbetet t\u00eb shihet n\u00ebse realiteti i numrave n\u00eb Kuvend dhe\/ose trysnia nd\u00ebrkomb\u00ebtare e ka b\u00ebr\u00eb Berish\u00ebn t\u00eb nd\u00ebrroj\u00eb q\u00ebndrimin e tij disamujor p\u00ebr zgjedhjen e nj\u00eb figure t\u00eb lart\u00eb t\u00eb PD-s\u00eb n\u00eb postin e Presidentit t\u00eb Republik\u00ebs, apo ai thjesht po b\u00ebn nj\u00eb l\u00ebvizje taktike p\u00ebr t\u00eb krijuar alibin\u00eb e p\u00ebrpjekjes s\u00eb ndershme p\u00ebr president konsensual.<\/p>\n<p><a href=\"http:\/\/respublica.al\/artikuj\/2012\/5\/25\/a-po-terhiqet-berisha-nga-pozicioni-fillestar-per-kandidatin-presidencial-nga-pd\">http:\/\/respublica.al\/artikuj\/2012\/5\/25\/a-po-terhiqet-berisha-nga-pozicioni-fillestar-per-kandidatin-presidencial-nga-pd<\/a><\/p>\n<p>&nbsp;<\/p>\n","protected":false},"excerpt":{"rendered":"<p>Nga Eduard Zaloshnja, 25 Maj 2012 Lajmin p\u00ebr mbledhjen e djeshme t\u00eb kryesis\u00eb s\u00eb PD TV Klani e kishte shoq\u00ebruar me k\u00ebto titra: \u201cKryesia e PD-s\u00eb mandaton ekipin negociator p\u00ebr Presidentin. Berisha: Do t\u00eb propozojm\u00eb kandidatur\u00eb t\u00eb PD-s\u00eb, pa p\u00ebrjashtuar kandidatur\u00ebn e dal\u00eb nga negociatat\u201d. N\u00eb fakt, po ta d\u00ebgjoje me v\u00ebmendje lajmin, dallohej qart\u00eb [&hellip;]<\/p>\n","protected":false},"author":1,"featured_media":0,"comment_status":"open","ping_status":"closed","sticky":false,"template":"","format":"standard","meta":{"footnotes":""},"categories":[2,5],"tags":[],"class_list":{"0":"post-2949","1":"post","2":"type-post","3":"status-publish","4":"format-standard","6":"category-artikuj","7":"category-lajme"},"yoast_head":"<!-- This site is optimized with the Yoast SEO plugin v27.4 - https:\/\/yoast.com\/product\/yoast-seo-wordpress\/ -->\n<title>A po t\u00ebrhiqet Berisha nga pozicioni fillestar p\u00ebr kandidatin presidencial nga PD-ja? - FjALA e LIR\u00cb - Arkivi<\/title>\n<meta name=\"robots\" content=\"index, follow, max-snippet:-1, max-image-preview:large, max-video-preview:-1\" \/>\n<link rel=\"canonical\" href=\"https:\/\/fjala.info\/2009-2015\/a-po-terhiqet-berisha-nga-pozicioni-fillestar-per-kandidatin-presidencial-nga-pd-ja\/\" \/>\n<meta property=\"og:locale\" content=\"sq_AL\" \/>\n<meta property=\"og:type\" content=\"article\" \/>\n<meta property=\"og:title\" content=\"A po t\u00ebrhiqet Berisha nga pozicioni fillestar p\u00ebr kandidatin presidencial nga PD-ja? - FjALA e LIR\u00cb - Arkivi\" \/>\n<meta property=\"og:description\" content=\"Nga Eduard Zaloshnja, 25 Maj 2012 Lajmin p\u00ebr mbledhjen e djeshme t\u00eb kryesis\u00eb s\u00eb PD TV Klani e kishte shoq\u00ebruar me k\u00ebto titra: \u201cKryesia e PD-s\u00eb mandaton ekipin negociator p\u00ebr Presidentin. Berisha: Do t\u00eb propozojm\u00eb kandidatur\u00eb t\u00eb PD-s\u00eb, pa p\u00ebrjashtuar kandidatur\u00ebn e dal\u00eb nga negociatat\u201d. N\u00eb fakt, po ta d\u00ebgjoje me v\u00ebmendje lajmin, dallohej qart\u00eb [&hellip;]\" \/>\n<meta property=\"og:url\" content=\"https:\/\/fjala.info\/2009-2015\/a-po-terhiqet-berisha-nga-pozicioni-fillestar-per-kandidatin-presidencial-nga-pd-ja\/\" \/>\n<meta property=\"og:site_name\" content=\"FjALA e LIR\u00cb - Arkivi\" \/>\n<meta property=\"article:published_time\" content=\"2012-05-25T09:11:44+00:00\" \/>\n<meta property=\"og:image\" content=\"http:\/\/www.fjala.info\/2012\/sali_berisha_0.jpg\" \/>\n<meta name=\"author\" content=\"admin\" \/>\n<meta name=\"twitter:card\" content=\"summary_large_image\" \/>\n<meta name=\"twitter:label1\" content=\"Written by\" \/>\n\t<meta name=\"twitter:data1\" content=\"admin\" \/>\n\t<meta name=\"twitter:label2\" content=\"Est. reading time\" \/>\n\t<meta name=\"twitter:data2\" content=\"1 minute\" \/>\n<script type=\"application\/ld+json\" class=\"yoast-schema-graph\">{\"@context\":\"https:\\\/\\\/schema.org\",\"@graph\":[{\"@type\":\"Article\",\"@id\":\"https:\\\/\\\/fjala.info\\\/2009-2015\\\/a-po-terhiqet-berisha-nga-pozicioni-fillestar-per-kandidatin-presidencial-nga-pd-ja\\\/#article\",\"isPartOf\":{\"@id\":\"https:\\\/\\\/fjala.info\\\/2009-2015\\\/a-po-terhiqet-berisha-nga-pozicioni-fillestar-per-kandidatin-presidencial-nga-pd-ja\\\/\"},\"author\":{\"name\":\"admin\",\"@id\":\"https:\\\/\\\/fjala.info\\\/2009-2015\\\/#\\\/schema\\\/person\\\/3aa1163ef05469c496fc94e77611ada2\"},\"headline\":\"A po t\u00ebrhiqet Berisha nga pozicioni fillestar p\u00ebr kandidatin presidencial nga PD-ja?\",\"datePublished\":\"2012-05-25T09:11:44+00:00\",\"mainEntityOfPage\":{\"@id\":\"https:\\\/\\\/fjala.info\\\/2009-2015\\\/a-po-terhiqet-berisha-nga-pozicioni-fillestar-per-kandidatin-presidencial-nga-pd-ja\\\/\"},\"wordCount\":306,\"commentCount\":1,\"publisher\":{\"@id\":\"https:\\\/\\\/fjala.info\\\/2009-2015\\\/#organization\"},\"image\":{\"@id\":\"https:\\\/\\\/fjala.info\\\/2009-2015\\\/a-po-terhiqet-berisha-nga-pozicioni-fillestar-per-kandidatin-presidencial-nga-pd-ja\\\/#primaryimage\"},\"thumbnailUrl\":\"http:\\\/\\\/www.fjala.info\\\/2012\\\/sali_berisha_0.jpg\",\"articleSection\":[\"Artikuj\",\"Lajme\"],\"inLanguage\":\"sq-AL\",\"potentialAction\":[{\"@type\":\"CommentAction\",\"name\":\"Comment\",\"target\":[\"https:\\\/\\\/fjala.info\\\/2009-2015\\\/a-po-terhiqet-berisha-nga-pozicioni-fillestar-per-kandidatin-presidencial-nga-pd-ja\\\/#respond\"]}]},{\"@type\":\"WebPage\",\"@id\":\"https:\\\/\\\/fjala.info\\\/2009-2015\\\/a-po-terhiqet-berisha-nga-pozicioni-fillestar-per-kandidatin-presidencial-nga-pd-ja\\\/\",\"url\":\"https:\\\/\\\/fjala.info\\\/2009-2015\\\/a-po-terhiqet-berisha-nga-pozicioni-fillestar-per-kandidatin-presidencial-nga-pd-ja\\\/\",\"name\":\"A po t\u00ebrhiqet Berisha nga pozicioni fillestar p\u00ebr kandidatin presidencial nga PD-ja? - FjALA e LIR\u00cb - Arkivi\",\"isPartOf\":{\"@id\":\"https:\\\/\\\/fjala.info\\\/2009-2015\\\/#website\"},\"primaryImageOfPage\":{\"@id\":\"https:\\\/\\\/fjala.info\\\/2009-2015\\\/a-po-terhiqet-berisha-nga-pozicioni-fillestar-per-kandidatin-presidencial-nga-pd-ja\\\/#primaryimage\"},\"image\":{\"@id\":\"https:\\\/\\\/fjala.info\\\/2009-2015\\\/a-po-terhiqet-berisha-nga-pozicioni-fillestar-per-kandidatin-presidencial-nga-pd-ja\\\/#primaryimage\"},\"thumbnailUrl\":\"http:\\\/\\\/www.fjala.info\\\/2012\\\/sali_berisha_0.jpg\",\"datePublished\":\"2012-05-25T09:11:44+00:00\",\"breadcrumb\":{\"@id\":\"https:\\\/\\\/fjala.info\\\/2009-2015\\\/a-po-terhiqet-berisha-nga-pozicioni-fillestar-per-kandidatin-presidencial-nga-pd-ja\\\/#breadcrumb\"},\"inLanguage\":\"sq-AL\",\"potentialAction\":[{\"@type\":\"ReadAction\",\"target\":[\"https:\\\/\\\/fjala.info\\\/2009-2015\\\/a-po-terhiqet-berisha-nga-pozicioni-fillestar-per-kandidatin-presidencial-nga-pd-ja\\\/\"]}]},{\"@type\":\"ImageObject\",\"inLanguage\":\"sq-AL\",\"@id\":\"https:\\\/\\\/fjala.info\\\/2009-2015\\\/a-po-terhiqet-berisha-nga-pozicioni-fillestar-per-kandidatin-presidencial-nga-pd-ja\\\/#primaryimage\",\"url\":\"http:\\\/\\\/www.fjala.info\\\/2012\\\/sali_berisha_0.jpg\",\"contentUrl\":\"http:\\\/\\\/www.fjala.info\\\/2012\\\/sali_berisha_0.jpg\"},{\"@type\":\"BreadcrumbList\",\"@id\":\"https:\\\/\\\/fjala.info\\\/2009-2015\\\/a-po-terhiqet-berisha-nga-pozicioni-fillestar-per-kandidatin-presidencial-nga-pd-ja\\\/#breadcrumb\",\"itemListElement\":[{\"@type\":\"ListItem\",\"position\":1,\"name\":\"Home\",\"item\":\"https:\\\/\\\/fjala.info\\\/2009-2015\\\/\"},{\"@type\":\"ListItem\",\"position\":2,\"name\":\"A po t\u00ebrhiqet Berisha nga pozicioni fillestar p\u00ebr kandidatin presidencial nga PD-ja?\"}]},{\"@type\":\"WebSite\",\"@id\":\"https:\\\/\\\/fjala.info\\\/2009-2015\\\/#website\",\"url\":\"https:\\\/\\\/fjala.info\\\/2009-2015\\\/\",\"name\":\"FjALA e LIR\u00cb - Arkivi\",\"description\":\"Arkivi 2009-2015\",\"publisher\":{\"@id\":\"https:\\\/\\\/fjala.info\\\/2009-2015\\\/#organization\"},\"potentialAction\":[{\"@type\":\"SearchAction\",\"target\":{\"@type\":\"EntryPoint\",\"urlTemplate\":\"https:\\\/\\\/fjala.info\\\/2009-2015\\\/?s={search_term_string}\"},\"query-input\":{\"@type\":\"PropertyValueSpecification\",\"valueRequired\":true,\"valueName\":\"search_term_string\"}}],\"inLanguage\":\"sq-AL\"},{\"@type\":\"Organization\",\"@id\":\"https:\\\/\\\/fjala.info\\\/2009-2015\\\/#organization\",\"name\":\"FjALA e LIR\u00cb - Arkivi\",\"url\":\"https:\\\/\\\/fjala.info\\\/2009-2015\\\/\",\"logo\":{\"@type\":\"ImageObject\",\"inLanguage\":\"sq-AL\",\"@id\":\"https:\\\/\\\/fjala.info\\\/2009-2015\\\/#\\\/schema\\\/logo\\\/image\\\/\",\"url\":\"\",\"contentUrl\":\"\",\"caption\":\"FjALA e LIR\u00cb - Arkivi\"},\"image\":{\"@id\":\"https:\\\/\\\/fjala.info\\\/2009-2015\\\/#\\\/schema\\\/logo\\\/image\\\/\"}},{\"@type\":\"Person\",\"@id\":\"https:\\\/\\\/fjala.info\\\/2009-2015\\\/#\\\/schema\\\/person\\\/3aa1163ef05469c496fc94e77611ada2\",\"name\":\"admin\",\"image\":{\"@type\":\"ImageObject\",\"inLanguage\":\"sq-AL\",\"@id\":\"https:\\\/\\\/fjala.info\\\/2009-2015\\\/wp-content\\\/uploads\\\/2012\\\/02\\\/arben_cokaj-120x150.jpg\",\"url\":\"https:\\\/\\\/fjala.info\\\/2009-2015\\\/wp-content\\\/uploads\\\/2012\\\/02\\\/arben_cokaj-120x150.jpg\",\"contentUrl\":\"https:\\\/\\\/fjala.info\\\/2009-2015\\\/wp-content\\\/uploads\\\/2012\\\/02\\\/arben_cokaj-120x150.jpg\",\"caption\":\"admin\"},\"description\":\"Admin, Fjala e Lir\u00eb\",\"sameAs\":[\"https:\\\/\\\/fjala.info\\\/\"],\"url\":\"https:\\\/\\\/fjala.info\\\/2009-2015\\\/author\\\/admin\\\/\"}]}<\/script>\n<!-- \/ Yoast SEO plugin. -->","yoast_head_json":{"title":"A po t\u00ebrhiqet Berisha nga pozicioni fillestar p\u00ebr kandidatin presidencial nga PD-ja? - FjALA e LIR\u00cb - Arkivi","robots":{"index":"index","follow":"follow","max-snippet":"max-snippet:-1","max-image-preview":"max-image-preview:large","max-video-preview":"max-video-preview:-1"},"canonical":"https:\/\/fjala.info\/2009-2015\/a-po-terhiqet-berisha-nga-pozicioni-fillestar-per-kandidatin-presidencial-nga-pd-ja\/","og_locale":"sq_AL","og_type":"article","og_title":"A po t\u00ebrhiqet Berisha nga pozicioni fillestar p\u00ebr kandidatin presidencial nga PD-ja? - FjALA e LIR\u00cb - Arkivi","og_description":"Nga Eduard Zaloshnja, 25 Maj 2012 Lajmin p\u00ebr mbledhjen e djeshme t\u00eb kryesis\u00eb s\u00eb PD TV Klani e kishte shoq\u00ebruar me k\u00ebto titra: \u201cKryesia e PD-s\u00eb mandaton ekipin negociator p\u00ebr Presidentin. Berisha: Do t\u00eb propozojm\u00eb kandidatur\u00eb t\u00eb PD-s\u00eb, pa p\u00ebrjashtuar kandidatur\u00ebn e dal\u00eb nga negociatat\u201d. N\u00eb fakt, po ta d\u00ebgjoje me v\u00ebmendje lajmin, dallohej qart\u00eb [&hellip;]","og_url":"https:\/\/fjala.info\/2009-2015\/a-po-terhiqet-berisha-nga-pozicioni-fillestar-per-kandidatin-presidencial-nga-pd-ja\/","og_site_name":"FjALA e LIR\u00cb - Arkivi","article_published_time":"2012-05-25T09:11:44+00:00","og_image":[{"url":"http:\/\/www.fjala.info\/2012\/sali_berisha_0.jpg","type":"","width":"","height":""}],"author":"admin","twitter_card":"summary_large_image","twitter_misc":{"Written by":"admin","Est. reading time":"1 minute"},"schema":{"@context":"https:\/\/schema.org","@graph":[{"@type":"Article","@id":"https:\/\/fjala.info\/2009-2015\/a-po-terhiqet-berisha-nga-pozicioni-fillestar-per-kandidatin-presidencial-nga-pd-ja\/#article","isPartOf":{"@id":"https:\/\/fjala.info\/2009-2015\/a-po-terhiqet-berisha-nga-pozicioni-fillestar-per-kandidatin-presidencial-nga-pd-ja\/"},"author":{"name":"admin","@id":"https:\/\/fjala.info\/2009-2015\/#\/schema\/person\/3aa1163ef05469c496fc94e77611ada2"},"headline":"A po t\u00ebrhiqet Berisha nga pozicioni fillestar p\u00ebr kandidatin presidencial nga PD-ja?","datePublished":"2012-05-25T09:11:44+00:00","mainEntityOfPage":{"@id":"https:\/\/fjala.info\/2009-2015\/a-po-terhiqet-berisha-nga-pozicioni-fillestar-per-kandidatin-presidencial-nga-pd-ja\/"},"wordCount":306,"commentCount":1,"publisher":{"@id":"https:\/\/fjala.info\/2009-2015\/#organization"},"image":{"@id":"https:\/\/fjala.info\/2009-2015\/a-po-terhiqet-berisha-nga-pozicioni-fillestar-per-kandidatin-presidencial-nga-pd-ja\/#primaryimage"},"thumbnailUrl":"http:\/\/www.fjala.info\/2012\/sali_berisha_0.jpg","articleSection":["Artikuj","Lajme"],"inLanguage":"sq-AL","potentialAction":[{"@type":"CommentAction","name":"Comment","target":["https:\/\/fjala.info\/2009-2015\/a-po-terhiqet-berisha-nga-pozicioni-fillestar-per-kandidatin-presidencial-nga-pd-ja\/#respond"]}]},{"@type":"WebPage","@id":"https:\/\/fjala.info\/2009-2015\/a-po-terhiqet-berisha-nga-pozicioni-fillestar-per-kandidatin-presidencial-nga-pd-ja\/","url":"https:\/\/fjala.info\/2009-2015\/a-po-terhiqet-berisha-nga-pozicioni-fillestar-per-kandidatin-presidencial-nga-pd-ja\/","name":"A po t\u00ebrhiqet Berisha nga pozicioni fillestar p\u00ebr kandidatin presidencial nga PD-ja? - FjALA e LIR\u00cb - Arkivi","isPartOf":{"@id":"https:\/\/fjala.info\/2009-2015\/#website"},"primaryImageOfPage":{"@id":"https:\/\/fjala.info\/2009-2015\/a-po-terhiqet-berisha-nga-pozicioni-fillestar-per-kandidatin-presidencial-nga-pd-ja\/#primaryimage"},"image":{"@id":"https:\/\/fjala.info\/2009-2015\/a-po-terhiqet-berisha-nga-pozicioni-fillestar-per-kandidatin-presidencial-nga-pd-ja\/#primaryimage"},"thumbnailUrl":"http:\/\/www.fjala.info\/2012\/sali_berisha_0.jpg","datePublished":"2012-05-25T09:11:44+00:00","breadcrumb":{"@id":"https:\/\/fjala.info\/2009-2015\/a-po-terhiqet-berisha-nga-pozicioni-fillestar-per-kandidatin-presidencial-nga-pd-ja\/#breadcrumb"},"inLanguage":"sq-AL","potentialAction":[{"@type":"ReadAction","target":["https:\/\/fjala.info\/2009-2015\/a-po-terhiqet-berisha-nga-pozicioni-fillestar-per-kandidatin-presidencial-nga-pd-ja\/"]}]},{"@type":"ImageObject","inLanguage":"sq-AL","@id":"https:\/\/fjala.info\/2009-2015\/a-po-terhiqet-berisha-nga-pozicioni-fillestar-per-kandidatin-presidencial-nga-pd-ja\/#primaryimage","url":"http:\/\/www.fjala.info\/2012\/sali_berisha_0.jpg","contentUrl":"http:\/\/www.fjala.info\/2012\/sali_berisha_0.jpg"},{"@type":"BreadcrumbList","@id":"https:\/\/fjala.info\/2009-2015\/a-po-terhiqet-berisha-nga-pozicioni-fillestar-per-kandidatin-presidencial-nga-pd-ja\/#breadcrumb","itemListElement":[{"@type":"ListItem","position":1,"name":"Home","item":"https:\/\/fjala.info\/2009-2015\/"},{"@type":"ListItem","position":2,"name":"A po t\u00ebrhiqet Berisha nga pozicioni fillestar p\u00ebr kandidatin presidencial nga PD-ja?"}]},{"@type":"WebSite","@id":"https:\/\/fjala.info\/2009-2015\/#website","url":"https:\/\/fjala.info\/2009-2015\/","name":"FjALA e LIR\u00cb - Arkivi","description":"Arkivi 2009-2015","publisher":{"@id":"https:\/\/fjala.info\/2009-2015\/#organization"},"potentialAction":[{"@type":"SearchAction","target":{"@type":"EntryPoint","urlTemplate":"https:\/\/fjala.info\/2009-2015\/?s={search_term_string}"},"query-input":{"@type":"PropertyValueSpecification","valueRequired":true,"valueName":"search_term_string"}}],"inLanguage":"sq-AL"},{"@type":"Organization","@id":"https:\/\/fjala.info\/2009-2015\/#organization","name":"FjALA e LIR\u00cb - Arkivi","url":"https:\/\/fjala.info\/2009-2015\/","logo":{"@type":"ImageObject","inLanguage":"sq-AL","@id":"https:\/\/fjala.info\/2009-2015\/#\/schema\/logo\/image\/","url":"","contentUrl":"","caption":"FjALA e LIR\u00cb - Arkivi"},"image":{"@id":"https:\/\/fjala.info\/2009-2015\/#\/schema\/logo\/image\/"}},{"@type":"Person","@id":"https:\/\/fjala.info\/2009-2015\/#\/schema\/person\/3aa1163ef05469c496fc94e77611ada2","name":"admin","image":{"@type":"ImageObject","inLanguage":"sq-AL","@id":"https:\/\/fjala.info\/2009-2015\/wp-content\/uploads\/2012\/02\/arben_cokaj-120x150.jpg","url":"https:\/\/fjala.info\/2009-2015\/wp-content\/uploads\/2012\/02\/arben_cokaj-120x150.jpg","contentUrl":"https:\/\/fjala.info\/2009-2015\/wp-content\/uploads\/2012\/02\/arben_cokaj-120x150.jpg","caption":"admin"},"description":"Admin, Fjala e Lir\u00eb","sameAs":["https:\/\/fjala.info\/"],"url":"https:\/\/fjala.info\/2009-2015\/author\/admin\/"}]}},"_links":{"self":[{"href":"https:\/\/fjala.info\/2009-2015\/wp-json\/wp\/v2\/posts\/2949","targetHints":{"allow":["GET"]}}],"collection":[{"href":"https:\/\/fjala.info\/2009-2015\/wp-json\/wp\/v2\/posts"}],"about":[{"href":"https:\/\/fjala.info\/2009-2015\/wp-json\/wp\/v2\/types\/post"}],"author":[{"embeddable":true,"href":"https:\/\/fjala.info\/2009-2015\/wp-json\/wp\/v2\/users\/1"}],"replies":[{"embeddable":true,"href":"https:\/\/fjala.info\/2009-2015\/wp-json\/wp\/v2\/comments?post=2949"}],"version-history":[{"count":0,"href":"https:\/\/fjala.info\/2009-2015\/wp-json\/wp\/v2\/posts\/2949\/revisions"}],"wp:attachment":[{"href":"https:\/\/fjala.info\/2009-2015\/wp-json\/wp\/v2\/media?parent=2949"}],"wp:term":[{"taxonomy":"category","embeddable":true,"href":"https:\/\/fjala.info\/2009-2015\/wp-json\/wp\/v2\/categories?post=2949"},{"taxonomy":"post_tag","embeddable":true,"href":"https:\/\/fjala.info\/2009-2015\/wp-json\/wp\/v2\/tags?post=2949"}],"curies":[{"name":"wp","href":"https:\/\/api.w.org\/{rel}","templated":true}]}}