{"id":2946,"date":"2010-06-06T00:30:43","date_gmt":"2010-06-05T23:30:43","guid":{"rendered":"http:\/\/fjala.shkoder.net\/?p=2946"},"modified":"2010-06-06T00:30:43","modified_gmt":"2010-06-05T23:30:43","slug":"korrupsioni-kunder-vizave","status":"publish","type":"post","link":"https:\/\/fjala.info\/2009-2015\/korrupsioni-kunder-vizave\/","title":{"rendered":"Korrupsioni kund\u00ebr vizave"},"content":{"rendered":"<p><img decoding=\"async\" style=\"margin-left: 10px; margin-right: 10px; border: 0px;\" src=\"http:\/\/www.shkoder.net\/images\/fjala\/lorenc_vangjeli.jpg\" border=\"0\" alt=\"Lorenc Vangjeli\" width=\"100\" align=\"right\" \/><\/p>\n<p><strong>Lorenc Vangjeli<\/strong>, <em>05.06.2010<\/em><\/p>\n<p>Liberalizimin e vizave t\u00eb Shqip\u00ebris\u00eb, Brukseli e ka kusht\u00ebzuar, ve\u00e7 t\u00eb tjerash, dhe me luft\u00ebn kund\u00ebr korrupsionit. Nj\u00eb v\u00ebshtrim i shpejt\u00eb mbi at\u00eb \u00e7far\u00eb mendon Uashingtoni p\u00ebr korrupsionin n\u00eb vend dhe nj\u00eb raport evropian mbi t\u00eb nj\u00ebjt\u00ebn \u00e7\u00ebshtje. Ja \u00e7far\u00eb e mban peng dhe t\u00eb izoluar Shqip\u00ebrin\u00eb e sotme. MAPO jep pa koment argumentat e skanerit t\u00eb huaj e t\u00eb besuesh\u00ebm.<\/p>\n<p>Ndodh shpesh q\u00eb fenomenet serioze, t\u00eb shpjegohen m\u00eb mir\u00eb n\u00eb m\u00ebnyr\u00eb &#8220;karagjoze&#8221;. Serioze \u00ebsht\u00eb \u00e7\u00ebshtja e liberalizimit t\u00eb vizave p\u00ebr qytetar\u00ebt shqiptar\u00eb, &#8220;karagjoze&#8221; \u00ebsht\u00eb nj\u00eb anekdot\u00eb e vjet\u00ebr q\u00eb pak a shum\u00eb thot\u00eb: Nj\u00eb mik telefonon tjetrin dhe i k\u00ebrkon ta takoj\u00eb urgjentisht p\u00ebr nj\u00eb hall. Dhe miku i p\u00ebrgjigjet: &#8220;Hajde kur t\u00eb duash, por jo t\u00eb h\u00ebn\u00ebn se kam pun\u00eb. T\u00eb mart\u00ebn jam n\u00eb takime gjith\u00eb dit\u00ebn dhe nuk b\u00ebhet fjal\u00eb q\u00eb t\u00eb shihemi, t\u00eb m\u00ebrkur\u00ebn kam nj\u00eb drek\u00eb t\u00eb gjat\u00eb tek vjehrra, t\u00eb enjten e kam t\u00eb pamundur sepse kam nj\u00eb hall timin sh\u00ebndet\u00ebsor, t\u00eb premten duhet t\u00eb mbyll patjet\u00ebr nj\u00eb pun\u00eb mjaft t\u00eb r\u00ebnd\u00ebsishme, kurse t\u00eb shtun\u00eb e t\u00eb diel\u00eb jam n\u00eb udh\u00ebtim me familjen dhe nuk shihemi dot. Por ti hajde kur t\u00eb duash q\u00eb t\u00eb m\u00eb takosh&#8221;.<\/p>\n<p>Q\u00eb nga viti i larg\u00ebt 1990, \u00ebndrra e vjet\u00ebr e shqiptar\u00ebve p\u00ebr ta b\u00ebr\u00eb dhe Shqip\u00ebrin\u00eb si Evropa, ka kaluar vit mbas viti n\u00eb t\u00eb nj\u00ebjtin kalvar. Natyrisht jo p\u00ebr faj t\u00eb Evrop\u00ebs; i zoti i sht\u00ebpis\u00eb, kur t\u00eb hap der\u00ebn dhe t\u00eb fton brenda, ka t\u00eb parashikuar edhe q\u00eb mysafiri do t\u00eb respektoj\u00eb rregullat e vet\u00eb sht\u00ebpis\u00eb. Fjala vjen, nuk mund t\u00eb hysh brenda me k\u00ebpuc\u00eb plot balt\u00eb dhe t\u00b4i lesh ato mbi tavolin\u00eb, nuk mund t\u00eb vjedh\u00ebsh, t\u00eb shoh\u00ebsh nga k\u00ebmb\u00ebt t\u00eb zonj\u00ebn e sht\u00ebpis\u00eb, t\u00eb thyesh xhamat e k\u00ebshtu me rradh\u00eb.<\/p>\n<p>N\u00eb rastin e sht\u00ebpis\u00eb serioze evropiane, p\u00ebr t\u00b4i r\u00ebn\u00eb pak m\u00eb shkurt e m\u00eb seriozisht, duhet t\u00eb ndash t\u00eb nj\u00ebjtat vlera me t\u00eb, p\u00ebr lirin\u00eb, demokracin\u00eb, shtetin e t\u00eb drejt\u00ebs, pron\u00ebn private, zgjedhje t\u00eb ndershme e t\u00eb tjera, e t\u00eb tjera, me nj\u00eb fjal\u00eb, t\u00eb p\u00ebrafrosh standartet politike, ekonomike dhe sociale me Evrop\u00ebn.<\/p>\n<p>Sot, 20 vjet pas dhjetorit t\u00eb vitit 1990, ngjan se Shqip\u00ebria \u00ebsht\u00eb n\u00eb metrat e fundit p\u00ebr t\u00eb thyer nj\u00eb nga muret gjithashtu t\u00eb fundit &#8220;t\u00eb izolimit&#8221; t\u00eb saj t\u00eb ri, k\u00ebsaj rradhe jo t\u00eb ngritura nga ideologjia e dikurshme kriminale komuniste, por nga mungesa e standarteve t\u00eb sotme evropiane n\u00eb vend.<\/p>\n<p><strong>Kushtet p\u00ebr vizat<\/strong><\/p>\n<p>Nj\u00eb nga kumtet e fundit t\u00eb ardhur nga Evropa, p\u00ebrcakton se Shqip\u00ebria duhet t\u00eb plot\u00ebsoj\u00eb ende tre kushte p\u00ebr marrjen e liberalizimit t\u00eb vizave. T\u00eb thjeshtuara ato jan\u00eb:<br \/>\nZhvillimi i nj\u00eb strategjie dhe politike p\u00ebr t\u00eb mb\u00ebshtetur riintegrimin e shtetasve shqiptar\u00eb t\u00eb kthyer;<br \/>\nP\u00ebrforcimi i kapaciteteve t\u00eb zbatimit t\u00eb ligjit dhe zbatimi me efektivitet i kuadrit ligjor p\u00ebr luft\u00ebn kund\u00ebr krimit t\u00eb organizuar dhe korrupsionit, edhe n\u00ebp\u00ebrmjet ndarjes s\u00eb burimeve t\u00eb mjaftueshme njer\u00ebzore dhe financiare; dhe,<\/p>\n<p>Zbatimi me efektivitet i kuadrit ligjor n\u00eb fush\u00ebn e konfiskimit t\u00eb aseteve nga krimi i organizuar.<\/p>\n<p>M\u00eb shum\u00eb se kumt, k\u00ebto tre pika jan\u00eb kushte, p\u00ebr t\u00eb mos folur p\u00ebr kriz\u00ebn politike n\u00eb vend dhe z\u00ebrat gjithmon\u00eb e m\u00eb autoritar\u00eb q\u00eb gjejn\u00eb nj\u00eb lidhje t\u00eb shkurt\u00ebr mes liberalizimit t\u00eb vizave dhe zgjidhjes s\u00eb kriz\u00ebs politike (qeveritare e p\u00ebrcaktojn\u00eb kriz\u00ebn t\u00eb tjer\u00eb z\u00ebra autoritar\u00eb) n\u00eb vend.<\/p>\n<p>Kushti i par\u00eb dhe i tret\u00eb, p\u00ebr nj\u00eb shtet pothuaj &#8220;hilacak&#8221; dhe me nj\u00eb qeveri pothuaj &#8220;hilacake&#8221;, jan\u00eb n\u00eb dukje leht\u00ebsisht t\u00eb zbatueshme.<\/p>\n<p>Gjith\u00eb problemi \u00ebsht\u00eb tek pika e dyt\u00eb q\u00eb flet p\u00ebr korrupsionin. Q\u00eb ngjan pik\u00eb p\u00ebr pik\u00eb me anekdot\u00ebn qesharake me dit\u00ebt e jav\u00ebs. &#8220;Hajde kur t\u00eb duash, por jo t\u00eb h\u00ebn\u00ebn, t\u00eb mart\u00ebn, t\u00eb m\u00ebrkur\u00ebn, t\u00eb enjten, t\u00eb premten ose t\u00eb shtun\u00ebn e t\u00eb diel\u00ebn&#8221;! Por kur flitet nga Evropa p\u00ebr korrupsionin n\u00eb Shqip\u00ebri, nj\u00eb vend me perceptim t\u00eb friksh\u00ebm publik dhe me korrupsion t\u00eb frik\u00ebsh\u00ebm real, at\u00ebher\u00eb \u00e7\u00ebshtja nd\u00ebrlikohet.<\/p>\n<p><strong>Raportet e t\u00eb huajve, amerikan\u00ebt<\/strong><\/p>\n<p>SHBA \u00ebsht\u00eb partneri strategjik i Shqip\u00ebris\u00eb. Duke u shmangur p\u00ebr nj\u00eb moment nga Brukseli, po t\u00eb shihet se \u00e7far\u00eb thot\u00eb Uashingtoni p\u00ebr korrupsionin n\u00eb Tiran\u00eb, situata b\u00ebhet v\u00ebrtet e r\u00ebnd\u00eb. MAPO rikthen n\u00eb v\u00ebmendje t\u00eb publikut &#8220;Raportin p\u00ebr T\u00eb Drejtat e Njeriut&#8221;, kapitullin Shqip\u00ebria, t\u00eb Departamentit Amerikan t\u00eb Shtetit.<br \/>\nMAPO zgjedh t\u00eb p\u00ebrdor\u00eb k\u00ebt\u00eb skaner t\u00eb specializuar dhe t\u00ebr\u00ebsisht t\u00eb besuesh\u00ebm si kriter t\u00eb s\u00eb v\u00ebrtet\u00ebs p\u00ebr t\u00eb shmangur me sa mundet pasakt\u00ebsit\u00eb subjektive n\u00eb gjykim.<br \/>\nRaporti \u00ebsht\u00eb publikuar n\u00eb 11 mars 2010. Raporti, si \u00e7do vit, e nis paragrafin e tij t\u00eb par\u00eb me fjal\u00ebt: &#8220;Republika e Shqip\u00ebris\u00eb \u00ebsht\u00eb nj\u00eb demokraci parlamentare me nj\u00eb popullsi prej af\u00ebrsisht 3.6 milion\u00eb banor\u00eb. Kushtetuta ia njeh autoritetin legjislativ Kuvendit Popullor (parlamentit) me nj\u00eb dhom\u00eb, i cili zgjedh edhe kryeministrin edhe presidentin.<\/p>\n<p>Kryeministri kryeson qeverin\u00eb, nd\u00ebrkoh\u00eb q\u00eb presidenca ka pushtet t\u00eb kufizuar ekzekutiv. M\u00eb 28 qershor, vendi zhvilloi zgjedhje parlamentare, t\u00eb cilat Zyra p\u00ebr Institucione Demokratike dhe T\u00eb Drejtat e Njeriut (ODIHR) e Organizat\u00ebs p\u00ebr Sigurin\u00eb dhe Bashk\u00ebpunimin n\u00eb Europ\u00eb (OSBE) i p\u00ebrshkroi si zgjedhje q\u00eb sh\u00ebnuan p\u00ebrparim krahasuar me zgjedhjet e m\u00ebparshme, por q\u00eb nuk p\u00ebrmbush\u00ebn plot\u00ebsisht standardet nd\u00ebrkomb\u00ebtare&#8221;.<\/p>\n<p>Pastaj vijojn\u00eb me rradh\u00eb kapitujt e ndrysh\u00ebm. Duke kontrolluar fjal\u00ebn ky\u00e7: &#8220;Korrupsioni&#8221;, q\u00eb \u00ebsht\u00eb dhe kushti i dyt\u00eb q\u00eb duhet t\u00eb plot\u00ebsoj\u00eb Shqip\u00ebria p\u00ebr liberalizimin e vizave, shihet se kjo fjal\u00eb p\u00ebrmendet plot 18 her\u00eb. M\u00eb posht\u00eb, pa asnj\u00eb koment, MAPO boton pik\u00ebrisht k\u00ebto paragraf\u00eb.<\/p>\n<p><strong>1. Policia<\/strong>:<br \/>\n&#8220;Pati raportime q\u00eb policia rrahu dhe keqtrajtoi r\u00ebnd\u00eb t\u00eb dyshuarit gjat\u00eb marrjes n\u00eb pyetje dhe gjat\u00eb ndalimit. Korrupsioni n\u00eb radh\u00ebt e policis\u00eb dhe mosnd\u00ebshkueshm\u00ebria vazhduan. Korrupsioni n\u00eb qeverisje mbeti nj\u00eb problem serioz dhe i pazgjidhur&#8221;;<br \/>\n&#8220;Pavar\u00ebsisht nga reformat n\u00eb rekrutimin e oficer\u00ebve t\u00eb policis\u00eb dhe standardizime t\u00eb tjera nga Ministria e Brendshme, performanca e gjithanshme e zbatimit t\u00eb ligjit mbeti e dob\u00ebt. Sjellja joprofesionale dhe korrupsioni, p\u00ebrzier me pagat e ul\u00ebta, mbet\u00ebn pengesa madhore p\u00ebr zhvillimin e nj\u00eb force policore civile t\u00eb efektshme&#8221;;<\/p>\n<p><strong>2. Mohimi i Gjyqit t\u00eb Drejt\u00eb Publik<\/strong><br \/>\n&#8220;Kushtetuta siguron nj\u00eb gjyq\u00ebsor t\u00eb pavarur; megjithat\u00eb, presioni politik, kanosja, korrupsioni i p\u00ebrhapur gjer\u00ebsisht dhe burimet e kufizuara hera-her\u00ebs nuk e lejonin gjyq\u00ebsorin q\u00eb t\u00eb funksiononte n\u00eb m\u00ebnyr\u00eb t\u00eb pavarur dhe eficiente&#8221;;<br \/>\n&#8220;Ekziston nj\u00eb sistem funksional i s\u00eb drejt\u00ebs civile ku shtetasit kan\u00eb t\u00eb drejt\u00ebn e ankimimit; megjithat\u00eb, ky sistem ishte i preksh\u00ebm nga korrupsioni, ineficienca dhe nd\u00ebrhyrjet politike. Zyra e P\u00ebrmbarimit \u00ebsht\u00eb p\u00ebrgjegj\u00ebse p\u00ebr ekzekutimin e gjykimeve civile. Ligji lejon p\u00ebrmbaruesit privat\u00eb q\u00eb t\u00eb ekzekutojn\u00eb gjykimet, duke leht\u00ebsuar si entet publike ashtu edhe ato private q\u00eb t\u00eb ndihmojn\u00eb ekzekutimin e vendimeve. Megjithat\u00eb, gjat\u00eb vitit ligji nuk u vu n\u00eb zbatim&#8221;;<\/p>\n<p><strong>3- Kthimi i Pronave<\/strong><br \/>\n&#8220;Ligjet q\u00eb rregullojn\u00eb kthimin ose kompensimin e pronave private apo fetare t\u00eb konfiskuara gjat\u00eb koh\u00ebs s\u00eb komunizmit jan\u00eb komplekse dhe nj\u00eb num\u00ebr i madh \u00e7\u00ebshtjesh q\u00eb kan\u00eb t\u00eb b\u00ebjn\u00eb me pretendimet nga pronar\u00ebt e rinj dhe shtetit, nga nj\u00ebra an\u00eb dhe pronar\u00ebve t\u00eb m\u00ebparsh\u00ebm mbet\u00ebn t\u00eb pazgjidhura. N\u00eb shtator 2008, Parlamenti Evropian nxori nj\u00eb dokument informues mbi kthimin e pronave n\u00eb vend, i cili v\u00ebrejti se raundi i par\u00eb i gjykimeve nga Gjykata Evropiane p\u00ebr T\u00eb Drejtat e Njeriut kishte konstatuar &#8220;mang\u00ebsi serioze&#8221; n\u00eb sistemin administrativ dhe gjyq\u00ebsor t\u00eb vendit p\u00ebr sa i p\u00ebrket kthimit dhe kompensimit t\u00eb pronave p\u00ebr pronar\u00ebt e m\u00ebparsh\u00ebm. Probleme t\u00eb tjera t\u00eb identifikuara n\u00eb dokument p\u00ebrfshinin ngadal\u00ebsin\u00eb e qeveris\u00eb n\u00eb ngritjen e strukturave administrative n\u00eb Agjencin\u00eb e Kthimit dhe Kompensimit t\u00eb Pronave si n\u00eb nivel qendror edhe n\u00eb nivel rajonal si dhe mbizot\u00ebrimin e procesit t\u00eb kthimit nga transaksione informale dhe korruptive&#8221;;<\/p>\n<p><strong>4- Liria e Fjal\u00ebs dhe Shtypit<br \/>\n<\/strong>&#8220;N\u00eb 2 n\u00ebntor, nj\u00eb kritik i hapur i qeveris\u00eb, gazetari Mero Baze, pronar i gazet\u00ebs Tema dhe drejtues i nj\u00eb programi n\u00eb Vizion Plus, u sulmua n\u00eb nj\u00eb klub n\u00eb Tiran\u00eb. D\u00ebshmitar\u00ebt pohuan se u sulmua nga Rezart Ta\u00e7i, nj\u00eb biznesmen i njohur dhe i af\u00ebrt me qeverin\u00eb, dhe nga truprojat e tij p\u00ebr shkak t\u00eb raportimeve nga Baze p\u00ebr pretendime p\u00ebr korrupsion n\u00eb privatizimin e ARMO, rafineria shtet\u00ebrore e naft\u00ebs, t\u00eb cil\u00ebn qeveria m\u00eb par\u00eb ia kishte shitur Ta\u00e7it. N\u00eb fund t\u00eb vitit, policia po hetonte incidentin dhe biznesmeni dhe dy nga truprojat e tij t\u00eb akuzuar ishin liruar me kusht n\u00eb pritje t\u00eb gjyqit&#8221;;<\/p>\n<p><strong>5- Arsimi<br \/>\n<\/strong>&#8220;Korrupsioni n\u00eb sistemin e arsimit ishte i p\u00ebrhapur gjer\u00ebsisht. Zyrtar\u00ebt e universiteteve sipas raportimeve k\u00ebrkonin pagesa q\u00eb student\u00ebt t\u00eb siguronin regjistrimin. P\u00ebr nj\u00eb pages\u00eb, pedagog\u00ebt supozohej se shkruanin materiale apo detyra p\u00ebr student\u00ebt, t\u00eb cil\u00ebt braktisnin or\u00ebt e m\u00ebsimit n\u00eb m\u00ebnyr\u00eb rutin\u00eb. Zyrtar\u00ebt hera-her\u00ebs k\u00ebrkonin ryshfet apo favore seksuale nga student\u00ebt q\u00eb ata t\u00eb kalonin klasat apo provimet&#8221;;<\/p>\n<p><strong>6- Korrupsioni Zyrtar dhe Transparenca e Qeveris\u00eb<br \/>\n<\/strong>&#8220;Ligji siguron nd\u00ebshkime penale p\u00ebr korrupsionin zyrtar; megjithat\u00eb, pavar\u00ebsisht nj\u00eb numri arrestimesh t\u00eb zyrtar\u00ebve t\u00eb lart\u00eb t\u00eb qeveris\u00eb qendrore dhe vendore, korrupsioni qeveritar mbeti nj\u00eb penges\u00eb madhore p\u00ebr reformat dometh\u00ebn\u00ebse. Indekset e Bank\u00ebs Bot\u00ebrore p\u00ebr qeverisjen p\u00ebr vitin 2008 tregonin se korrupsioni ishte nj\u00eb problem serioz. Qeveria ndoqi penalisht zyrtar\u00eb t\u00eb korruptuar dhe administroi ankesat p\u00ebr korrupsionin n\u00eb polici me an\u00eb t\u00eb avokatit t\u00eb popullit.<br \/>\n&#8220;Gjat\u00eb vitit, Ministria e Brendshme raportoi se policia e shtetit kishte hetuar 1,610 raste t\u00eb lidhura me korrupsionin dhe krime financiare. Qeveria konfiskoi af\u00ebrsisht 700 milion\u00eb lek\u00eb n\u00eb asete, nga t\u00eb cilat 550 milion\u00eb lek\u00eb ishin nga pastrimi i parave; pjesa tjet\u00ebr ishte nga kontrabanda e mallrave dhe produkteve ilegale&#8221;;<\/p>\n<p>&#8220;Nj\u00ebsia e P\u00ebrbashk\u00ebt Hetimore p\u00ebr Luft\u00ebn Kund\u00ebr Krimit Ekonomik dhe Korrupsionit (NjPH) hetoi dhe ndoqi penalisht korrupsionin publik dhe krime t\u00eb tjera financiare, megjith\u00ebse aft\u00ebsia e saj p\u00ebr t\u00eb hetuar dhe ndjekur penalisht gjyqtar\u00eb, an\u00ebtar\u00eb t\u00eb parlamentit dhe zyrtar\u00eb t\u00eb tjer\u00eb t\u00eb korruptuar u pengua nga imuniteti i gjer\u00eb prej ndjekjes penale ofruar nga kushtetuta&#8221;;<\/p>\n<p>&#8220;Gjat\u00eb vitit, NjPH hetoi dy ish-kryebashkiak\u00eb t\u00eb nj\u00eb komune pran\u00eb Tiran\u00ebs p\u00ebr nj\u00eb skem\u00eb mashtrimi me pronat. Ata u d\u00ebnuan p\u00ebr korrupsion, pastrim parash dhe akuza t\u00eb tjera s\u00ebbashku me tre zyrtar\u00eb dhe dy shtetas t\u00eb tjer\u00eb. Gjykata vendosi d\u00ebnime q\u00eb varionin nga tre n\u00eb gjasht\u00eb vjet burgim; megjithat\u00eb, Gjykata e Apelit m\u00eb pas i pak\u00ebsoi disa prej akuzave dhe shumic\u00ebn e d\u00ebnimeve, duke shkurtuar d\u00ebnimin m\u00eb t\u00eb gjat\u00eb n\u00eb tre vjet&#8221;;<\/p>\n<p>&#8220;N\u00eb nj\u00eb \u00e7\u00ebshtje t\u00eb bujshme q\u00eb kishte t\u00eb b\u00ebnte me kthimin e pronave n\u00eb Komun\u00ebn e Kasharit, shtat\u00eb persona u d\u00ebnuan p\u00ebr korrupsion, pastrim parash dhe akuza t\u00eb tjera. Kjo komun\u00eb e vog\u00ebl, midis Tiran\u00ebs dhe Durr\u00ebsit, p\u00ebrfshin tok\u00eb me vler\u00eb pran\u00eb autostrad\u00ebs kryesore&#8221;;<\/p>\n<p>&#8220;N\u00eb nj\u00eb \u00e7\u00ebshtje mashtrimi me prokurimet n\u00eb Ministrin\u00eb e Mbrojtjes, tre nga kat\u00ebr t\u00eb pandehur u d\u00ebnuan, p\u00ebrfshi Shk\u00eblzen Madanin, drejtor i administrimit t\u00eb burimeve. Madani, d\u00ebnuar p\u00ebr korrupsion pasiv dhe falsifikim dokumentesh, u d\u00ebnua me dy vjet e gjys\u00ebm burgim, nj\u00eb gjob\u00eb prej 1.8 milion\u00eb lek\u00eb dhe iu ndalua mbajtja e postit publik p\u00ebr nj\u00eb vit. Madani, nj\u00eb bashk\u00ebpun\u00ebtor i af\u00ebrt i ish-ministrit t\u00eb mbrojtjes Fatmir Mediu dhe t\u00eb tjer\u00ebt kishin marr\u00eb rreth 2,000 euro si ryshfete p\u00ebr \u00e7do licens\u00eb importi dhe eksporti municionesh q\u00eb Ministria e Mbrojtjes i jepte enteve civile. Dy t\u00eb pandehur t\u00eb tjer\u00eb u d\u00ebnuan me m\u00eb pak se dy vite burgim&#8221;;<\/p>\n<p><strong>Kultura e mosnd\u00ebshkimit<\/strong><\/p>\n<p>Ky term nuk \u00ebsht\u00eb p\u00ebrdorur n\u00eb raportin e Departamentit Amerikan t\u00eb Shtetit, por \u00ebsht\u00eb b\u00ebr\u00eb shum\u00eb familjar p\u00ebr shqiptar\u00ebt, sipas sentenc\u00ebs s\u00eb trishtuar t\u00eb nj\u00eb amerikani t\u00eb madh, shkrimtarit Mark Tuen q\u00eb thoshte: &#8220;Kush vjedh nj\u00eb buk\u00eb hyn n\u00eb burg, kush vjedh nj\u00eb hekurudh\u00eb, b\u00ebhet senator&#8221;. Raporti amerikan p\u00ebrmend me em\u00ebr dhe mbiem\u00ebr dy ministra t\u00eb dy kabineteve Berisha 1 dhe Berisha 2.<br \/>\n&#8220;N\u00eb shtator, prokuroria rr\u00ebzoi akuzat kund\u00ebr ish-ministrit t\u00eb jasht\u00ebm Lulzim Basha, i cili ishte paditur p\u00ebr abuzim detyre n\u00eb lidhje me projektin m\u00eb t\u00eb madh t\u00eb pun\u00ebve publike n\u00eb vend, p\u00ebr arsye teknike, lidhur me imunitetin e tij si ministri i ri i rendit&#8221;;<br \/>\n&#8220;Gjat\u00eb vitit, Gjykata e Lart\u00eb vendosi q\u00eb ish-ministri i mbrojtjes Fatmir Mediu kishte imunitet ndaj ndjekjes penale n\u00eb lidhje me hetimin e shp\u00ebrthimit n\u00eb vitin 2008 n\u00eb nj\u00eb depo \u00e7militarizimi n\u00eb G\u00ebrdec, e cila \u00e7oi n\u00eb vdekjen e 26 personave. Imuniteti i Mediut, i cili ishte revokuar n\u00eb vitin 2008, u rivendos pas rizgjedhjes s\u00eb tij n\u00eb parlament n\u00eb 28 qershor. P\u00ebr pasoj\u00eb, \u00e7\u00ebshtja u rr\u00ebzua. Deri n\u00eb fund t\u00eb vitit, nuk kishte pasur k\u00ebrkes\u00eb nga prokuroria e p\u00ebrgjithshme p\u00ebr t&#8217;i hequr imunitetin Mediut&#8221;;<\/p>\n<p><strong>P\u00ebrs\u00ebri ministrat<\/strong><\/p>\n<p>Nga Uashingtoni s\u00ebrish n\u00eb Evrop\u00eb, nj\u00eb shoq\u00ebri serioze jo qeveritare, FRIDE, citohet t\u00eb ket\u00eb shkruar n\u00eb raportin e saj, pik\u00ebrisht p\u00ebr k\u00ebta dy emra ministrash:<br \/>\n&#8220;Shum\u00eb \u00e7\u00ebshtje korrupsioni jan\u00eb shtyr\u00eb apo pezulluar n\u00eb m\u00ebnyr\u00eb t\u00eb dyshimt\u00eb. Nj\u00eb nd\u00ebr shembujt \u00ebsht\u00eb gjyqi ndaj ish-ministrit t\u00eb Mbrojtjes, Fatmir Mediu, n\u00eb lidhje me shp\u00ebrthimin e fabrik\u00ebs s\u00eb municioneve n\u00eb G\u00ebrdec n\u00eb vitin 2008, ku humb\u00ebn jet\u00ebn 26 persona.<\/p>\n<p>Pavar\u00ebsisht faktit se zoti Mediu dha dor\u00ebheqjen n\u00eb 17 mars t\u00eb vitit 2006 dhe iu hoq imuniteti parlamentar, \u00e7\u00ebshtja ndaj tij u pezullua pas em\u00ebrimit si minist\u00ebr n\u00eb kabinetin &#8220;Berisha&#8221; n\u00eb shtator t\u00eb vitit 2009, duke luajtur me kart\u00ebn e imunitetit. Gjykata e Lart\u00eb hoqi akuzat kund\u00ebr Mediut, duke argumentuar se nuk kishte mjaftuesh\u00ebm prova p\u00ebr t&#8217;i k\u00ebrkuar parlamentit heqjen e imunitetit p\u00ebr t\u00eb dyt\u00ebn her\u00eb. Nj\u00eb tjet\u00ebr proces \u00ebsht\u00eb ai i ish-ministrit t\u00eb Transporteve, Lulzim Basha, n\u00eb lidhje me korrupsionin n\u00eb nd\u00ebrtimin e rrug\u00ebs Durr\u00ebs-Kuk\u00ebs. Kjo \u00e7\u00ebshtje u pezullua p\u00ebr shkak procedurash, vendim ky q\u00eb u kund\u00ebrshtua nga ekspert\u00ebt nd\u00ebrkomb\u00ebtar\u00eb, t\u00eb cil\u00ebt e cil\u00ebsuan si mjaft subjektiv&#8221;.<\/p>\n<p><strong>Po vizat?<\/strong><\/p>\n<p>Duke e &#8220;zhveshur&#8221; \u00e7\u00ebshtjen si banane dhe p\u00ebr t\u00b4u marr\u00eb me thelbin, kushti i dyt\u00eb q\u00eb do t\u00b4u lejonte shqiptar\u00ebve t\u00eb udh\u00ebtojn\u00eb pa viza n\u00eb Evropa, maksimalisht deri n\u00eb dat\u00ebn 1 janar 2011, \u00ebsht\u00eb i lidhur me progresin e detyruesh\u00ebm q\u00eb qeveria shqiptare duhet t\u00eb b\u00ebj\u00eb n\u00eb luft\u00eb kund\u00ebr korrupsionit. Dmeth\u00ebn\u00eb, t\u00eb ndreq\u00eb urgjentisht situat\u00ebn n\u00eb polici, gjyq\u00ebsor, kthimin e pronave, lirin\u00eb e fjal\u00ebs dhe t\u00eb shtypit, arsim dhe n\u00eb qeverisje.<\/p>\n<p>N\u00eb let\u00ebr dhe n\u00eb konferenca shtypi, shqiptar\u00ebt mund t\u00eb jen\u00eb bindur se qeveria e tyre do ta luftoj\u00eb korrupsionin, problemi \u00ebsht\u00eb sa do t\u00eb bindet edhe k\u00ebsaj here Evropa, q\u00eb t\u00eb mos na ler\u00eb ende peng t\u00eb mallkimit t\u00eb vjet\u00ebr t\u00eb izolimit. Si\u00e7 e kishte l\u00ebn\u00eb dikur vendin regjimi kriminal komunist. Nj\u00eb regjim q\u00eb nuk u prodhua me t\u00eb &#8220;drejt\u00ebn e nj\u00eb populli p\u00ebr t\u00eb ndryshuar qeverisjen e tij&#8221;, por q\u00eb mbeti n\u00eb k\u00ebmb\u00eb duke e shkelur me k\u00ebmb\u00eb popullin e tij.<\/p>\n<p>&#8211; <em>Marr\u00eb nga revista MAPO<\/em><\/p>\n","protected":false},"excerpt":{"rendered":"<p>Lorenc Vangjeli, 05.06.2010 Liberalizimin e vizave t\u00eb Shqip\u00ebris\u00eb, Brukseli e ka kusht\u00ebzuar, ve\u00e7 t\u00eb tjerash, dhe me luft\u00ebn kund\u00ebr korrupsionit. Nj\u00eb v\u00ebshtrim i shpejt\u00eb mbi at\u00eb \u00e7far\u00eb mendon Uashingtoni p\u00ebr korrupsionin n\u00eb vend dhe nj\u00eb raport evropian mbi t\u00eb nj\u00ebjt\u00ebn \u00e7\u00ebshtje. Ja \u00e7far\u00eb e mban peng dhe t\u00eb izoluar Shqip\u00ebrin\u00eb e sotme. MAPO jep pa [&hellip;]<\/p>\n","protected":false},"author":1,"featured_media":0,"comment_status":"open","ping_status":"closed","sticky":false,"template":"","format":"standard","meta":{"footnotes":""},"categories":[2],"tags":[],"class_list":{"0":"post-2946","1":"post","2":"type-post","3":"status-publish","4":"format-standard","6":"category-artikuj"},"yoast_head":"<!-- This site is optimized with the Yoast SEO plugin v27.4 - https:\/\/yoast.com\/product\/yoast-seo-wordpress\/ -->\n<title>Korrupsioni kund\u00ebr vizave - FjALA e LIR\u00cb - Arkivi<\/title>\n<meta name=\"robots\" content=\"index, follow, max-snippet:-1, max-image-preview:large, max-video-preview:-1\" \/>\n<link rel=\"canonical\" href=\"https:\/\/fjala.info\/2009-2015\/korrupsioni-kunder-vizave\/\" \/>\n<meta property=\"og:locale\" content=\"sq_AL\" \/>\n<meta property=\"og:type\" content=\"article\" \/>\n<meta property=\"og:title\" content=\"Korrupsioni kund\u00ebr vizave - FjALA e LIR\u00cb - Arkivi\" \/>\n<meta property=\"og:description\" content=\"Lorenc Vangjeli, 05.06.2010 Liberalizimin e vizave t\u00eb Shqip\u00ebris\u00eb, Brukseli e ka kusht\u00ebzuar, ve\u00e7 t\u00eb tjerash, dhe me luft\u00ebn kund\u00ebr korrupsionit. Nj\u00eb v\u00ebshtrim i shpejt\u00eb mbi at\u00eb \u00e7far\u00eb mendon Uashingtoni p\u00ebr korrupsionin n\u00eb vend dhe nj\u00eb raport evropian mbi t\u00eb nj\u00ebjt\u00ebn \u00e7\u00ebshtje. Ja \u00e7far\u00eb e mban peng dhe t\u00eb izoluar Shqip\u00ebrin\u00eb e sotme. MAPO jep pa [&hellip;]\" \/>\n<meta property=\"og:url\" content=\"https:\/\/fjala.info\/2009-2015\/korrupsioni-kunder-vizave\/\" \/>\n<meta property=\"og:site_name\" content=\"FjALA e LIR\u00cb - Arkivi\" \/>\n<meta property=\"article:published_time\" content=\"2010-06-05T23:30:43+00:00\" \/>\n<meta property=\"og:image\" content=\"http:\/\/www.shkoder.net\/images\/fjala\/lorenc_vangjeli.jpg\" \/>\n<meta name=\"author\" content=\"admin\" \/>\n<meta name=\"twitter:card\" content=\"summary_large_image\" \/>\n<meta name=\"twitter:label1\" content=\"Written by\" \/>\n\t<meta name=\"twitter:data1\" content=\"admin\" \/>\n\t<meta name=\"twitter:label2\" content=\"Est. reading time\" \/>\n\t<meta name=\"twitter:data2\" content=\"13 minutes\" \/>\n<script type=\"application\/ld+json\" class=\"yoast-schema-graph\">{\"@context\":\"https:\\\/\\\/schema.org\",\"@graph\":[{\"@type\":\"Article\",\"@id\":\"https:\\\/\\\/fjala.info\\\/2009-2015\\\/korrupsioni-kunder-vizave\\\/#article\",\"isPartOf\":{\"@id\":\"https:\\\/\\\/fjala.info\\\/2009-2015\\\/korrupsioni-kunder-vizave\\\/\"},\"author\":{\"name\":\"admin\",\"@id\":\"https:\\\/\\\/fjala.info\\\/2009-2015\\\/#\\\/schema\\\/person\\\/3aa1163ef05469c496fc94e77611ada2\"},\"headline\":\"Korrupsioni kund\u00ebr vizave\",\"datePublished\":\"2010-06-05T23:30:43+00:00\",\"mainEntityOfPage\":{\"@id\":\"https:\\\/\\\/fjala.info\\\/2009-2015\\\/korrupsioni-kunder-vizave\\\/\"},\"wordCount\":2662,\"commentCount\":0,\"publisher\":{\"@id\":\"https:\\\/\\\/fjala.info\\\/2009-2015\\\/#organization\"},\"image\":{\"@id\":\"https:\\\/\\\/fjala.info\\\/2009-2015\\\/korrupsioni-kunder-vizave\\\/#primaryimage\"},\"thumbnailUrl\":\"http:\\\/\\\/www.shkoder.net\\\/images\\\/fjala\\\/lorenc_vangjeli.jpg\",\"articleSection\":[\"Artikuj\"],\"inLanguage\":\"sq-AL\",\"potentialAction\":[{\"@type\":\"CommentAction\",\"name\":\"Comment\",\"target\":[\"https:\\\/\\\/fjala.info\\\/2009-2015\\\/korrupsioni-kunder-vizave\\\/#respond\"]}]},{\"@type\":\"WebPage\",\"@id\":\"https:\\\/\\\/fjala.info\\\/2009-2015\\\/korrupsioni-kunder-vizave\\\/\",\"url\":\"https:\\\/\\\/fjala.info\\\/2009-2015\\\/korrupsioni-kunder-vizave\\\/\",\"name\":\"Korrupsioni kund\u00ebr vizave - FjALA e LIR\u00cb - Arkivi\",\"isPartOf\":{\"@id\":\"https:\\\/\\\/fjala.info\\\/2009-2015\\\/#website\"},\"primaryImageOfPage\":{\"@id\":\"https:\\\/\\\/fjala.info\\\/2009-2015\\\/korrupsioni-kunder-vizave\\\/#primaryimage\"},\"image\":{\"@id\":\"https:\\\/\\\/fjala.info\\\/2009-2015\\\/korrupsioni-kunder-vizave\\\/#primaryimage\"},\"thumbnailUrl\":\"http:\\\/\\\/www.shkoder.net\\\/images\\\/fjala\\\/lorenc_vangjeli.jpg\",\"datePublished\":\"2010-06-05T23:30:43+00:00\",\"breadcrumb\":{\"@id\":\"https:\\\/\\\/fjala.info\\\/2009-2015\\\/korrupsioni-kunder-vizave\\\/#breadcrumb\"},\"inLanguage\":\"sq-AL\",\"potentialAction\":[{\"@type\":\"ReadAction\",\"target\":[\"https:\\\/\\\/fjala.info\\\/2009-2015\\\/korrupsioni-kunder-vizave\\\/\"]}]},{\"@type\":\"ImageObject\",\"inLanguage\":\"sq-AL\",\"@id\":\"https:\\\/\\\/fjala.info\\\/2009-2015\\\/korrupsioni-kunder-vizave\\\/#primaryimage\",\"url\":\"http:\\\/\\\/www.shkoder.net\\\/images\\\/fjala\\\/lorenc_vangjeli.jpg\",\"contentUrl\":\"http:\\\/\\\/www.shkoder.net\\\/images\\\/fjala\\\/lorenc_vangjeli.jpg\"},{\"@type\":\"BreadcrumbList\",\"@id\":\"https:\\\/\\\/fjala.info\\\/2009-2015\\\/korrupsioni-kunder-vizave\\\/#breadcrumb\",\"itemListElement\":[{\"@type\":\"ListItem\",\"position\":1,\"name\":\"Home\",\"item\":\"https:\\\/\\\/fjala.info\\\/2009-2015\\\/\"},{\"@type\":\"ListItem\",\"position\":2,\"name\":\"Korrupsioni kund\u00ebr vizave\"}]},{\"@type\":\"WebSite\",\"@id\":\"https:\\\/\\\/fjala.info\\\/2009-2015\\\/#website\",\"url\":\"https:\\\/\\\/fjala.info\\\/2009-2015\\\/\",\"name\":\"FjALA e LIR\u00cb - Arkivi\",\"description\":\"Arkivi 2009-2015\",\"publisher\":{\"@id\":\"https:\\\/\\\/fjala.info\\\/2009-2015\\\/#organization\"},\"potentialAction\":[{\"@type\":\"SearchAction\",\"target\":{\"@type\":\"EntryPoint\",\"urlTemplate\":\"https:\\\/\\\/fjala.info\\\/2009-2015\\\/?s={search_term_string}\"},\"query-input\":{\"@type\":\"PropertyValueSpecification\",\"valueRequired\":true,\"valueName\":\"search_term_string\"}}],\"inLanguage\":\"sq-AL\"},{\"@type\":\"Organization\",\"@id\":\"https:\\\/\\\/fjala.info\\\/2009-2015\\\/#organization\",\"name\":\"FjALA e LIR\u00cb - Arkivi\",\"url\":\"https:\\\/\\\/fjala.info\\\/2009-2015\\\/\",\"logo\":{\"@type\":\"ImageObject\",\"inLanguage\":\"sq-AL\",\"@id\":\"https:\\\/\\\/fjala.info\\\/2009-2015\\\/#\\\/schema\\\/logo\\\/image\\\/\",\"url\":\"\",\"contentUrl\":\"\",\"caption\":\"FjALA e LIR\u00cb - Arkivi\"},\"image\":{\"@id\":\"https:\\\/\\\/fjala.info\\\/2009-2015\\\/#\\\/schema\\\/logo\\\/image\\\/\"}},{\"@type\":\"Person\",\"@id\":\"https:\\\/\\\/fjala.info\\\/2009-2015\\\/#\\\/schema\\\/person\\\/3aa1163ef05469c496fc94e77611ada2\",\"name\":\"admin\",\"image\":{\"@type\":\"ImageObject\",\"inLanguage\":\"sq-AL\",\"@id\":\"https:\\\/\\\/fjala.info\\\/2009-2015\\\/wp-content\\\/uploads\\\/2012\\\/02\\\/arben_cokaj-120x150.jpg\",\"url\":\"https:\\\/\\\/fjala.info\\\/2009-2015\\\/wp-content\\\/uploads\\\/2012\\\/02\\\/arben_cokaj-120x150.jpg\",\"contentUrl\":\"https:\\\/\\\/fjala.info\\\/2009-2015\\\/wp-content\\\/uploads\\\/2012\\\/02\\\/arben_cokaj-120x150.jpg\",\"caption\":\"admin\"},\"description\":\"Admin, Fjala e Lir\u00eb\",\"sameAs\":[\"https:\\\/\\\/fjala.info\\\/\"],\"url\":\"https:\\\/\\\/fjala.info\\\/2009-2015\\\/author\\\/admin\\\/\"}]}<\/script>\n<!-- \/ Yoast SEO plugin. -->","yoast_head_json":{"title":"Korrupsioni kund\u00ebr vizave - FjALA e LIR\u00cb - Arkivi","robots":{"index":"index","follow":"follow","max-snippet":"max-snippet:-1","max-image-preview":"max-image-preview:large","max-video-preview":"max-video-preview:-1"},"canonical":"https:\/\/fjala.info\/2009-2015\/korrupsioni-kunder-vizave\/","og_locale":"sq_AL","og_type":"article","og_title":"Korrupsioni kund\u00ebr vizave - FjALA e LIR\u00cb - Arkivi","og_description":"Lorenc Vangjeli, 05.06.2010 Liberalizimin e vizave t\u00eb Shqip\u00ebris\u00eb, Brukseli e ka kusht\u00ebzuar, ve\u00e7 t\u00eb tjerash, dhe me luft\u00ebn kund\u00ebr korrupsionit. Nj\u00eb v\u00ebshtrim i shpejt\u00eb mbi at\u00eb \u00e7far\u00eb mendon Uashingtoni p\u00ebr korrupsionin n\u00eb vend dhe nj\u00eb raport evropian mbi t\u00eb nj\u00ebjt\u00ebn \u00e7\u00ebshtje. Ja \u00e7far\u00eb e mban peng dhe t\u00eb izoluar Shqip\u00ebrin\u00eb e sotme. MAPO jep pa [&hellip;]","og_url":"https:\/\/fjala.info\/2009-2015\/korrupsioni-kunder-vizave\/","og_site_name":"FjALA e LIR\u00cb - Arkivi","article_published_time":"2010-06-05T23:30:43+00:00","og_image":[{"url":"http:\/\/www.shkoder.net\/images\/fjala\/lorenc_vangjeli.jpg","type":"","width":"","height":""}],"author":"admin","twitter_card":"summary_large_image","twitter_misc":{"Written by":"admin","Est. reading time":"13 minutes"},"schema":{"@context":"https:\/\/schema.org","@graph":[{"@type":"Article","@id":"https:\/\/fjala.info\/2009-2015\/korrupsioni-kunder-vizave\/#article","isPartOf":{"@id":"https:\/\/fjala.info\/2009-2015\/korrupsioni-kunder-vizave\/"},"author":{"name":"admin","@id":"https:\/\/fjala.info\/2009-2015\/#\/schema\/person\/3aa1163ef05469c496fc94e77611ada2"},"headline":"Korrupsioni kund\u00ebr vizave","datePublished":"2010-06-05T23:30:43+00:00","mainEntityOfPage":{"@id":"https:\/\/fjala.info\/2009-2015\/korrupsioni-kunder-vizave\/"},"wordCount":2662,"commentCount":0,"publisher":{"@id":"https:\/\/fjala.info\/2009-2015\/#organization"},"image":{"@id":"https:\/\/fjala.info\/2009-2015\/korrupsioni-kunder-vizave\/#primaryimage"},"thumbnailUrl":"http:\/\/www.shkoder.net\/images\/fjala\/lorenc_vangjeli.jpg","articleSection":["Artikuj"],"inLanguage":"sq-AL","potentialAction":[{"@type":"CommentAction","name":"Comment","target":["https:\/\/fjala.info\/2009-2015\/korrupsioni-kunder-vizave\/#respond"]}]},{"@type":"WebPage","@id":"https:\/\/fjala.info\/2009-2015\/korrupsioni-kunder-vizave\/","url":"https:\/\/fjala.info\/2009-2015\/korrupsioni-kunder-vizave\/","name":"Korrupsioni kund\u00ebr vizave - FjALA e LIR\u00cb - Arkivi","isPartOf":{"@id":"https:\/\/fjala.info\/2009-2015\/#website"},"primaryImageOfPage":{"@id":"https:\/\/fjala.info\/2009-2015\/korrupsioni-kunder-vizave\/#primaryimage"},"image":{"@id":"https:\/\/fjala.info\/2009-2015\/korrupsioni-kunder-vizave\/#primaryimage"},"thumbnailUrl":"http:\/\/www.shkoder.net\/images\/fjala\/lorenc_vangjeli.jpg","datePublished":"2010-06-05T23:30:43+00:00","breadcrumb":{"@id":"https:\/\/fjala.info\/2009-2015\/korrupsioni-kunder-vizave\/#breadcrumb"},"inLanguage":"sq-AL","potentialAction":[{"@type":"ReadAction","target":["https:\/\/fjala.info\/2009-2015\/korrupsioni-kunder-vizave\/"]}]},{"@type":"ImageObject","inLanguage":"sq-AL","@id":"https:\/\/fjala.info\/2009-2015\/korrupsioni-kunder-vizave\/#primaryimage","url":"http:\/\/www.shkoder.net\/images\/fjala\/lorenc_vangjeli.jpg","contentUrl":"http:\/\/www.shkoder.net\/images\/fjala\/lorenc_vangjeli.jpg"},{"@type":"BreadcrumbList","@id":"https:\/\/fjala.info\/2009-2015\/korrupsioni-kunder-vizave\/#breadcrumb","itemListElement":[{"@type":"ListItem","position":1,"name":"Home","item":"https:\/\/fjala.info\/2009-2015\/"},{"@type":"ListItem","position":2,"name":"Korrupsioni kund\u00ebr vizave"}]},{"@type":"WebSite","@id":"https:\/\/fjala.info\/2009-2015\/#website","url":"https:\/\/fjala.info\/2009-2015\/","name":"FjALA e LIR\u00cb - Arkivi","description":"Arkivi 2009-2015","publisher":{"@id":"https:\/\/fjala.info\/2009-2015\/#organization"},"potentialAction":[{"@type":"SearchAction","target":{"@type":"EntryPoint","urlTemplate":"https:\/\/fjala.info\/2009-2015\/?s={search_term_string}"},"query-input":{"@type":"PropertyValueSpecification","valueRequired":true,"valueName":"search_term_string"}}],"inLanguage":"sq-AL"},{"@type":"Organization","@id":"https:\/\/fjala.info\/2009-2015\/#organization","name":"FjALA e LIR\u00cb - Arkivi","url":"https:\/\/fjala.info\/2009-2015\/","logo":{"@type":"ImageObject","inLanguage":"sq-AL","@id":"https:\/\/fjala.info\/2009-2015\/#\/schema\/logo\/image\/","url":"","contentUrl":"","caption":"FjALA e LIR\u00cb - Arkivi"},"image":{"@id":"https:\/\/fjala.info\/2009-2015\/#\/schema\/logo\/image\/"}},{"@type":"Person","@id":"https:\/\/fjala.info\/2009-2015\/#\/schema\/person\/3aa1163ef05469c496fc94e77611ada2","name":"admin","image":{"@type":"ImageObject","inLanguage":"sq-AL","@id":"https:\/\/fjala.info\/2009-2015\/wp-content\/uploads\/2012\/02\/arben_cokaj-120x150.jpg","url":"https:\/\/fjala.info\/2009-2015\/wp-content\/uploads\/2012\/02\/arben_cokaj-120x150.jpg","contentUrl":"https:\/\/fjala.info\/2009-2015\/wp-content\/uploads\/2012\/02\/arben_cokaj-120x150.jpg","caption":"admin"},"description":"Admin, Fjala e Lir\u00eb","sameAs":["https:\/\/fjala.info\/"],"url":"https:\/\/fjala.info\/2009-2015\/author\/admin\/"}]}},"_links":{"self":[{"href":"https:\/\/fjala.info\/2009-2015\/wp-json\/wp\/v2\/posts\/2946","targetHints":{"allow":["GET"]}}],"collection":[{"href":"https:\/\/fjala.info\/2009-2015\/wp-json\/wp\/v2\/posts"}],"about":[{"href":"https:\/\/fjala.info\/2009-2015\/wp-json\/wp\/v2\/types\/post"}],"author":[{"embeddable":true,"href":"https:\/\/fjala.info\/2009-2015\/wp-json\/wp\/v2\/users\/1"}],"replies":[{"embeddable":true,"href":"https:\/\/fjala.info\/2009-2015\/wp-json\/wp\/v2\/comments?post=2946"}],"version-history":[{"count":0,"href":"https:\/\/fjala.info\/2009-2015\/wp-json\/wp\/v2\/posts\/2946\/revisions"}],"wp:attachment":[{"href":"https:\/\/fjala.info\/2009-2015\/wp-json\/wp\/v2\/media?parent=2946"}],"wp:term":[{"taxonomy":"category","embeddable":true,"href":"https:\/\/fjala.info\/2009-2015\/wp-json\/wp\/v2\/categories?post=2946"},{"taxonomy":"post_tag","embeddable":true,"href":"https:\/\/fjala.info\/2009-2015\/wp-json\/wp\/v2\/tags?post=2946"}],"curies":[{"name":"wp","href":"https:\/\/api.w.org\/{rel}","templated":true}]}}