{"id":2945,"date":"2012-05-23T23:18:29","date_gmt":"2012-05-23T22:18:29","guid":{"rendered":"http:\/\/www.fjala.info\/?p=2945"},"modified":"2012-05-23T23:18:29","modified_gmt":"2012-05-23T22:18:29","slug":"kush-eshte-tomisllav-nikolic","status":"publish","type":"post","link":"https:\/\/fjala.info\/2009-2015\/kush-eshte-tomisllav-nikolic\/","title":{"rendered":"Kush \u00ebsht\u00eb Tomisllav Nikoli\u00e7?"},"content":{"rendered":"<p><img decoding=\"async\" class=\"alignleft size-thumbnail wp-image-7236\" title=\"Tomisllav Nikoli\u00e7\" src=\"http:\/\/www.fjala.info\/2012\/tomisllav_nikolic.jpg\" alt=\"\" width=\"300\" \/> Nga <strong>Enver Robelli<\/strong>, <em>24 maj 2012<\/em><\/p>\n<p>Me Tomislav Nikoli\u00e7in si kryetar Serbia ka nisur nj\u00eb eksperiment politik. Dikur vojvoda i \u00e7etnik\u00ebve k\u00ebrkonte \u2013 bashk\u00eb me mentorin e tij politik Vojislav Sheshel \u2013 q\u00eb shqiptar\u00ebt e Kosov\u00ebs t\u00eb infektoheshin me sid\u00eb. K\u00ebshtu, sipas tyre, do t\u00eb zgjidhej \u00e7\u00ebshtja e Kosov\u00ebs. Nj\u00eb president t\u00eb till\u00eb e ka merituar Serbia, q\u00eb ende nuk \u00ebsht\u00eb e gatshme t\u00eb ndahet nga demon\u00ebt e s\u00eb kaluar\u00ebs. Nj\u00eb president t\u00eb till\u00eb e ka merituar edhe Bashkimi Evropian me politik\u00ebn e tij joparimore ndaj Serbis\u00eb.<\/p>\n<p>N\u00eb \u00e7astin e triumfit t\u00eb tij m\u00eb t\u00eb madh n\u00eb karrier\u00ebn e gjat\u00eb politike, presidenti i ri i Serbis\u00eb u p\u00ebrpoq t\u00eb luaj\u00eb rolin e pajtimtarit; si me v\u00ebshtir\u00ebsi ai tentonte t\u00eb dukej i p\u00ebrzem\u00ebrt. Tomislav Nikoli\u00e7i menj\u00ebher\u00eb b\u00ebri t\u00eb qart\u00eb se vendi i tij nuk do t\u00eb largohet nga shtegu proevropian. Ai nuk foli p\u00ebr ripushtimin e Kosov\u00ebs, por p\u00ebr mbrojtjen e t\u00eb drejtave t\u00eb serb\u00ebve n\u00eb Kosov\u00eb \u2013 e cila p\u00ebr Serbin\u00eb mbetet krahin\u00eb, p\u00ebr shqiptar\u00ebt, p\u00ebr shumic\u00ebn e pakicave dhe gati 100 vende t\u00eb bot\u00ebs shtet i pavarur. <\/p>\n<p>Paksa me ton aventurier, Nikoli\u00e7i premtoi se do t\u00eb krijoj\u00eb vende t\u00eb reja pune dhe do t\u00eb luftoj\u00eb korrupsionin dhe krimin e organizuar, dy fenomene, sipas tij, t\u00eb toleruara nga presidenti i deritanish\u00ebm Boris Tadi\u00e7i. Paralajm\u00ebrimet populliste t\u00eb Nikoli\u00e7it mund t\u00eb duken atraktive n\u00eb shtresat e varfra t\u00eb popullsis\u00eb serb. <\/p>\n<p>Por, ky politikan deri m\u00eb sot nuk ka dh\u00ebn\u00eb d\u00ebshmi se \u00ebsht\u00eb demokrat q\u00eb beson n\u00eb shtetin juridik. Retorika e tij ting\u00ebllon e moderuar, po ashtu ai nuk k\u00ebrkon m\u00eb krijimin e Serbis\u00eb s\u00eb madhe. Por Nikoli\u00e7i ende nuk \u00ebsht\u00eb distancuar bindsh\u00ebm nga e kaluara e err\u00ebt serbe, nd\u00ebrkoh\u00eb q\u00eb p\u00ebrpiqet t\u00eb d\u00ebshmoj\u00eb se e ka p\u00ebrmbyllur shnd\u00ebrrimin e tij prej ultranacionalisti n\u00eb proevropian. Ndryshe nga presidenti i deritanish\u00ebm Tadi\u00e7, Nikoli\u00e7i kurr\u00eb nuk ka k\u00ebrkuar falje p\u00ebr krimet e bashk\u00ebkomb\u00ebsve t\u00eb tij.<\/p>\n<p>Zgjedh\u00ebsit serb\u00eb t\u00eb diel\u00ebn, duke votuar p\u00ebr Nikoli\u00e7in, vendos\u00ebn t\u00eb nisin nj\u00eb eksperiment politik. Ishte d\u00ebshp\u00ebrimi p\u00ebr gjendjen e r\u00ebnd\u00eb ekonomike, q\u00eb i shtyri jo pak serb\u00eb t\u2019i japin vot\u00ebn Nikoli\u00e7it. Fitorja e tij e komplikon pozit\u00ebn e Serbis\u00eb n\u00eb politik\u00ebn e jashtme dhe t\u00eb brendshme. Presidenti i ri n\u00eb vitet 90-t\u00eb ka qen\u00eb nj\u00eb nacionalist i p\u00ebg\u00ebr\u00eb dhe bashk\u00ebprovokator i luft\u00ebrave n\u00eb Ballkan, jo vet\u00ebm me retorik\u00eb primitive. <\/p>\n<p>Mentori i at\u00ebhersh\u00ebm politik i Nikoli\u00e7it, i akuzuari p\u00ebr krime lufte Vojislav Sheshel, synonte t\u00eb pushtonte m\u00eb shum\u00eb se gjysm\u00ebn e territorit t\u00eb Kroacis\u00eb dhe k\u00ebrkonte t\u2019ua nxirrte syt\u00eb kroat\u00ebve me lug\u00eb t\u00eb ndryshkura. P\u00ebr t\u00eb zgjidhur \u00e7\u00ebshtjen e Kosov\u00ebs ai propozonte q\u00eb shqiptar\u00ebt t\u00eb infektohen me virusin e sid\u00ebs. Nikoli\u00e7i me vite t\u00eb t\u00ebra e ka p\u00ebrfaq\u00ebsuar k\u00ebt\u00eb politik\u00eb. Tek n\u00eb vitin 2008, ai themeloi Partin\u00eb P\u00ebrparimtare Serbe (SNS), e cila befas proklamoi se e p\u00ebrkrah integrimin e Serbis\u00eb n\u00eb BE.<\/p>\n<p>N\u00eb politik\u00ebn e brendshme t\u00eb Serbis\u00eb, tani kartat e loj\u00ebs jan\u00eb p\u00ebrzier rishtas. Me Nikoli\u00e7in si president, Serbia gjendet para nj\u00eb kohabitacioni me president nga nj\u00eb parti tjet\u00ebr dhe me qeveri q\u00eb pritet t\u00eb p\u00ebrb\u00ebhet nga partit\u00eb kund\u00ebrshtare. Pas zgjedhjeve parlamentare t\u00eb 6 majit demokrat\u00ebt e Tadi\u00e7it dhe socialist\u00ebt e autokratit t\u00eb dikursh\u00ebm Slobodan Miloshevi\u00e7it u pajtuan t\u00eb vazhdojn\u00eb bashk\u00ebqeverisjen. Por Nikoli\u00e7i sipas Kushtetut\u00ebs ka t\u00eb drejt\u00eb t\u00eb propozoj\u00eb edhe nj\u00eb funksionar t\u00eb partis\u00eb s\u00eb tij p\u00ebr krijimin e nj\u00eb kabineti t\u00eb ri.<\/p>\n<p>Boris Tadi\u00e7i, humb\u00ebsi i madh dhe deri m\u00eb tani i preferuari i Per\u00ebndimit, ka deklaruar se \u00ebsht\u00eb kund\u00ebr kohabitacionit. Zgjedh\u00ebsit e d\u00ebnuan Tadi\u00e7in jo vet\u00ebm p\u00ebr shkak t\u00eb stagnimit ekonomik, por edhe p\u00ebr munges\u00ebn e gatishm\u00ebris\u00eb p\u00ebr t\u00eb kufizuar ndikimin e oligark\u00ebve. Ata u pasuruan gjat\u00eb sundimit t\u00eb Miloshevi\u00e7it p\u00ebrmes privatizimeve kriminale dhe arrit\u00ebn t\u00eb ruajn\u00eb ndikimin edhe pas kthes\u00ebs s\u00eb ashtuquajtur demokratike n\u00eb tetor 2000, duke financuar partit\u00eb politike. <\/p>\n<p>Me Tadi\u00e7in, Serbia humb nj\u00eb president pak m\u00eb racional se Nikoli\u00e7i. P\u00ebrkund\u00ebr t\u00eb gjitha d\u00ebshtimeve Tadi\u00e7 ka disa merita: ai arriti t\u00eb p\u00ebrmir\u00ebsoj\u00eb imazhin e keq t\u00eb Serbis\u00eb n\u00eb bot\u00eb dhe p\u00ebr dallim nga politikan\u00ebt e tjer\u00eb, pati guximin t\u2019i ekstradoj\u00eb n\u00eb Hag\u00eb Radovan Karagji\u00e7in dhe Ratko Mladi\u00e7in, dy fajtor\u00ebt kryesor\u00eb p\u00ebr krimet masive n\u00eb Bosnj\u00eb.<\/p>\n<p>Bashkimi Evropian, i cili viteve t\u00eb fundit ka zhvilluar nj\u00eb politik\u00eb joparimore ndaj Ballkanit dhe ka shp\u00ebrblyer Serbin\u00eb me statusin e kandidatit pa ndonj\u00eb merit\u00eb, duhet ta mas\u00eb Nikoli\u00e7in sipas veprave t\u00eb tij. Q\u00eb nga marsi Serbia ka marr\u00eb statusin e vendit kandidat p\u00ebr an\u00ebtar\u00ebsim n\u00eb BE, ndon\u00ebse nuk ka b\u00ebr\u00eb asnj\u00eb hap drejt pranimit t\u00eb asaj q\u00eb \u00ebsht\u00eb evidente: pavar\u00ebsia e Kosov\u00ebs. <\/p>\n<p>Me vite t\u00eb t\u00ebra, Tadi\u00e7i \u00ebsht\u00eb p\u00ebrpjekur t\u2019i bind\u00eb bashk\u00ebkomb\u00ebsit e tij se an\u00ebtar\u00ebsimi n\u00eb BE dhe lufta p\u00ebr \u201crikthimin e Kosov\u00ebs\u201d jan\u00eb dy postulate t\u00eb p\u00ebrputhshme. Kjo politik\u00eb kund\u00ebrth\u00ebn\u00ebse nuk ka ardhm\u00ebri. Sa m\u00eb shpejt q\u00eb k\u00ebt\u00eb e kupton Nikoli\u00e7i, aq m\u00eb e leht\u00eb do t\u00eb jet\u00eb rruga e Serbis\u00eb drejt Evrop\u00ebs s\u00eb civilizuar. Si lider opozitar Nikoli\u00e7i \u00ebsht\u00eb treguar i pakompromis ndaj Kosov\u00ebs. <\/p>\n<p>\u201c<em>N\u00ebse na thon\u00eb se ne mund t\u00eb hyjm\u00eb n\u00eb BE, por Kosova nuk na takon neve, at\u00ebher\u00eb ne themi \u2018jo, faleminderit, mirupafshim. Ne kemi rrug\u00ebn ton\u00eb\u2019<\/em>\u201d, ka deklaruar Nikoli\u00e7i. Se nga do ta \u00e7oj\u00eb Serbin\u00eb kjo rrug\u00eb, mbetet e paqart\u00eb. Dikur Nikoli\u00e7i thoshte se Serbia mund t\u00eb b\u00ebhet \u201ckrahin\u00eb ruse\u201d. Sot ai propagandon an\u00ebtar\u00ebsimin n\u00eb BE, jo pse \u00ebsht\u00eb demokrat dhe evropian i bindur, por pse e di se shumica e investimeve vijn\u00eb nga Per\u00ebndimi. Por ngjallja ekonomike mund t\u00eb arrihet vet\u00ebm n\u00ebse Serbia b\u00ebhet shtet funksional dhe normal, i cili gjen paqen me vetveten dhe me fqinj\u00ebt.<\/p>\n<p>Nikoli\u00e7i \u00ebsht\u00eb p\u00ebrpjekur viteve t\u00eb fundit t\u00eb duket sa m\u00eb i af\u00ebrt me popullin. Ai shpesh flet p\u00ebr nipat dhe mbesat e tij, tregon se si pjek raki n\u00eb fshatin e tij t\u00eb lindjes n\u00eb Serbin\u00eb qendrore dhe si k\u00ebrkon k\u00ebrpudha. Si president ai nuk do t\u00eb pranohet me leht\u00ebsi nga fqinj\u00ebt. Fundja para dy dekadash ai si vojvod\u00eb i \u00e7etnik\u00ebve ka marr\u00eb pjes\u00eb n\u00eb luft\u00ebn kund\u00ebr Kroacis\u00eb. Partia e tij e at\u00ebhershme (Partia Radikale) ishte shpesh m\u00eb radikale se vet\u00eb Miloshevi\u00e7i. Jo vet\u00ebm ndaj fqinj\u00ebve. N\u00eb fund t\u00eb viteve 90-t\u00eb Nikoliqi u zgjodh z\u00ebvend\u00ebskryeminist\u00ebr, kur regjimi ngushtoi lirin\u00eb e shtypit dhe futi n\u00ebn kontroll universitetet, t\u00eb cilat ishin qendra t\u00eb opozit\u00ebs antiqeveritare. <\/p>\n<p>P\u00ebr shkak t\u00eb pun\u00ebs s\u00eb tij t\u00eb dikurshme si shef i varrezave n\u00eb Kragujevc, Nikoli\u00e7i nga mediat serbe \u00ebsht\u00eb p\u00ebrshkruar si varrmih\u00ebs i demokracis\u00eb. Nikoli\u00e7i ka kandiduar dy her\u00eb \u2013 m\u00eb 2004 dhe 2008 &#8211; kund\u00ebr Tadi\u00e7it n\u00eb betej\u00ebn politike p\u00ebr t\u00eb marr\u00eb postin e kryetarit t\u00eb Serbis\u00eb. Dhe ka p\u00ebsuar disfat\u00eb. P\u00ebr shumic\u00ebn e serb\u00ebve ai nuk ishte i pranuesh\u00ebm derisa fliste p\u00ebr Serbin\u00eb e Madhe dhe lavd\u00ebronte kriminel\u00ebt e luft\u00ebs, duke i quajtur heronj. Tek pas disfat\u00ebs s\u00eb dyt\u00eb n\u00eb zgjedhjet presidenciale t\u00eb vitit 2008 Nikoliqi ra n\u00eb konflikt me partin\u00eb e tij radikale p\u00ebr shkak se mb\u00ebshteti afrimin me BE-n\u00eb. <\/p>\n<p>P\u00ebr pasoj\u00eb ai u p\u00ebrjashtua nga Partia Radikale dhe themeloi Partin\u00eb P\u00ebrparimtare Serbe. Pas metamorfoz\u00ebs s\u00eb tij Nikoli\u00e7 madje u prit n\u00eb Bruksel. Kur gazetar\u00ebt ia kujtojn\u00eb atij t\u00eb kaluar\u00ebn e tij dhe pallavrat e p\u00ebrgjakshme p\u00ebr Serbin\u00eb e Madhe, ai reagon me nervoziz\u00ebm. P\u00ebr t\u00eb larguar v\u00ebmendjen nga ky kapitull, ai m\u00eb shum\u00eb flet p\u00ebr gjendjen e r\u00ebnd\u00eb ekonomike n\u00eb Serbi, ku rroga mesatare \u00ebsht\u00eb rreth 350 euro dhe papun\u00ebsia ka arritur n\u00eb 24 p\u00ebr qind.<\/p>\n<p><em>Koha Ditore<\/em><\/p>\n","protected":false},"excerpt":{"rendered":"<p>Nga Enver Robelli, 24 maj 2012 Me Tomislav Nikoli\u00e7in si kryetar Serbia ka nisur nj\u00eb eksperiment politik. Dikur vojvoda i \u00e7etnik\u00ebve k\u00ebrkonte \u2013 bashk\u00eb me mentorin e tij politik Vojislav Sheshel \u2013 q\u00eb shqiptar\u00ebt e Kosov\u00ebs t\u00eb infektoheshin me sid\u00eb. K\u00ebshtu, sipas tyre, do t\u00eb zgjidhej \u00e7\u00ebshtja e Kosov\u00ebs. Nj\u00eb president t\u00eb till\u00eb e ka [&hellip;]<\/p>\n","protected":false},"author":1,"featured_media":0,"comment_status":"open","ping_status":"closed","sticky":false,"template":"","format":"standard","meta":{"footnotes":""},"categories":[2],"tags":[],"class_list":{"0":"post-2945","1":"post","2":"type-post","3":"status-publish","4":"format-standard","6":"category-artikuj"},"yoast_head":"<!-- This site is optimized with the Yoast SEO plugin v27.4 - https:\/\/yoast.com\/product\/yoast-seo-wordpress\/ -->\n<title>Kush \u00ebsht\u00eb Tomisllav Nikoli\u00e7? - FjALA e LIR\u00cb - Arkivi<\/title>\n<meta name=\"robots\" content=\"index, follow, max-snippet:-1, max-image-preview:large, max-video-preview:-1\" \/>\n<link rel=\"canonical\" href=\"https:\/\/fjala.info\/2009-2015\/kush-eshte-tomisllav-nikolic\/\" \/>\n<meta property=\"og:locale\" content=\"sq_AL\" \/>\n<meta property=\"og:type\" content=\"article\" \/>\n<meta property=\"og:title\" content=\"Kush \u00ebsht\u00eb Tomisllav Nikoli\u00e7? - FjALA e LIR\u00cb - Arkivi\" \/>\n<meta property=\"og:description\" content=\"Nga Enver Robelli, 24 maj 2012 Me Tomislav Nikoli\u00e7in si kryetar Serbia ka nisur nj\u00eb eksperiment politik. Dikur vojvoda i \u00e7etnik\u00ebve k\u00ebrkonte \u2013 bashk\u00eb me mentorin e tij politik Vojislav Sheshel \u2013 q\u00eb shqiptar\u00ebt e Kosov\u00ebs t\u00eb infektoheshin me sid\u00eb. K\u00ebshtu, sipas tyre, do t\u00eb zgjidhej \u00e7\u00ebshtja e Kosov\u00ebs. Nj\u00eb president t\u00eb till\u00eb e ka [&hellip;]\" \/>\n<meta property=\"og:url\" content=\"https:\/\/fjala.info\/2009-2015\/kush-eshte-tomisllav-nikolic\/\" \/>\n<meta property=\"og:site_name\" content=\"FjALA e LIR\u00cb - Arkivi\" \/>\n<meta property=\"article:published_time\" content=\"2012-05-23T22:18:29+00:00\" \/>\n<meta property=\"og:image\" content=\"http:\/\/www.fjala.info\/2012\/tomisllav_nikolic.jpg\" \/>\n<meta name=\"author\" content=\"admin\" \/>\n<meta name=\"twitter:card\" content=\"summary_large_image\" \/>\n<meta name=\"twitter:label1\" content=\"Written by\" \/>\n\t<meta name=\"twitter:data1\" content=\"admin\" \/>\n\t<meta name=\"twitter:label2\" content=\"Est. reading time\" \/>\n\t<meta name=\"twitter:data2\" content=\"7 minutes\" \/>\n<script type=\"application\/ld+json\" class=\"yoast-schema-graph\">{\"@context\":\"https:\\\/\\\/schema.org\",\"@graph\":[{\"@type\":\"Article\",\"@id\":\"https:\\\/\\\/fjala.info\\\/2009-2015\\\/kush-eshte-tomisllav-nikolic\\\/#article\",\"isPartOf\":{\"@id\":\"https:\\\/\\\/fjala.info\\\/2009-2015\\\/kush-eshte-tomisllav-nikolic\\\/\"},\"author\":{\"name\":\"admin\",\"@id\":\"https:\\\/\\\/fjala.info\\\/2009-2015\\\/#\\\/schema\\\/person\\\/3aa1163ef05469c496fc94e77611ada2\"},\"headline\":\"Kush \u00ebsht\u00eb Tomisllav Nikoli\u00e7?\",\"datePublished\":\"2012-05-23T22:18:29+00:00\",\"mainEntityOfPage\":{\"@id\":\"https:\\\/\\\/fjala.info\\\/2009-2015\\\/kush-eshte-tomisllav-nikolic\\\/\"},\"wordCount\":1418,\"commentCount\":0,\"publisher\":{\"@id\":\"https:\\\/\\\/fjala.info\\\/2009-2015\\\/#organization\"},\"image\":{\"@id\":\"https:\\\/\\\/fjala.info\\\/2009-2015\\\/kush-eshte-tomisllav-nikolic\\\/#primaryimage\"},\"thumbnailUrl\":\"http:\\\/\\\/www.fjala.info\\\/2012\\\/tomisllav_nikolic.jpg\",\"articleSection\":[\"Artikuj\"],\"inLanguage\":\"sq-AL\",\"potentialAction\":[{\"@type\":\"CommentAction\",\"name\":\"Comment\",\"target\":[\"https:\\\/\\\/fjala.info\\\/2009-2015\\\/kush-eshte-tomisllav-nikolic\\\/#respond\"]}]},{\"@type\":\"WebPage\",\"@id\":\"https:\\\/\\\/fjala.info\\\/2009-2015\\\/kush-eshte-tomisllav-nikolic\\\/\",\"url\":\"https:\\\/\\\/fjala.info\\\/2009-2015\\\/kush-eshte-tomisllav-nikolic\\\/\",\"name\":\"Kush \u00ebsht\u00eb Tomisllav Nikoli\u00e7? - FjALA e LIR\u00cb - Arkivi\",\"isPartOf\":{\"@id\":\"https:\\\/\\\/fjala.info\\\/2009-2015\\\/#website\"},\"primaryImageOfPage\":{\"@id\":\"https:\\\/\\\/fjala.info\\\/2009-2015\\\/kush-eshte-tomisllav-nikolic\\\/#primaryimage\"},\"image\":{\"@id\":\"https:\\\/\\\/fjala.info\\\/2009-2015\\\/kush-eshte-tomisllav-nikolic\\\/#primaryimage\"},\"thumbnailUrl\":\"http:\\\/\\\/www.fjala.info\\\/2012\\\/tomisllav_nikolic.jpg\",\"datePublished\":\"2012-05-23T22:18:29+00:00\",\"breadcrumb\":{\"@id\":\"https:\\\/\\\/fjala.info\\\/2009-2015\\\/kush-eshte-tomisllav-nikolic\\\/#breadcrumb\"},\"inLanguage\":\"sq-AL\",\"potentialAction\":[{\"@type\":\"ReadAction\",\"target\":[\"https:\\\/\\\/fjala.info\\\/2009-2015\\\/kush-eshte-tomisllav-nikolic\\\/\"]}]},{\"@type\":\"ImageObject\",\"inLanguage\":\"sq-AL\",\"@id\":\"https:\\\/\\\/fjala.info\\\/2009-2015\\\/kush-eshte-tomisllav-nikolic\\\/#primaryimage\",\"url\":\"http:\\\/\\\/www.fjala.info\\\/2012\\\/tomisllav_nikolic.jpg\",\"contentUrl\":\"http:\\\/\\\/www.fjala.info\\\/2012\\\/tomisllav_nikolic.jpg\"},{\"@type\":\"BreadcrumbList\",\"@id\":\"https:\\\/\\\/fjala.info\\\/2009-2015\\\/kush-eshte-tomisllav-nikolic\\\/#breadcrumb\",\"itemListElement\":[{\"@type\":\"ListItem\",\"position\":1,\"name\":\"Home\",\"item\":\"https:\\\/\\\/fjala.info\\\/2009-2015\\\/\"},{\"@type\":\"ListItem\",\"position\":2,\"name\":\"Kush \u00ebsht\u00eb Tomisllav Nikoli\u00e7?\"}]},{\"@type\":\"WebSite\",\"@id\":\"https:\\\/\\\/fjala.info\\\/2009-2015\\\/#website\",\"url\":\"https:\\\/\\\/fjala.info\\\/2009-2015\\\/\",\"name\":\"FjALA e LIR\u00cb - Arkivi\",\"description\":\"Arkivi 2009-2015\",\"publisher\":{\"@id\":\"https:\\\/\\\/fjala.info\\\/2009-2015\\\/#organization\"},\"potentialAction\":[{\"@type\":\"SearchAction\",\"target\":{\"@type\":\"EntryPoint\",\"urlTemplate\":\"https:\\\/\\\/fjala.info\\\/2009-2015\\\/?s={search_term_string}\"},\"query-input\":{\"@type\":\"PropertyValueSpecification\",\"valueRequired\":true,\"valueName\":\"search_term_string\"}}],\"inLanguage\":\"sq-AL\"},{\"@type\":\"Organization\",\"@id\":\"https:\\\/\\\/fjala.info\\\/2009-2015\\\/#organization\",\"name\":\"FjALA e LIR\u00cb - Arkivi\",\"url\":\"https:\\\/\\\/fjala.info\\\/2009-2015\\\/\",\"logo\":{\"@type\":\"ImageObject\",\"inLanguage\":\"sq-AL\",\"@id\":\"https:\\\/\\\/fjala.info\\\/2009-2015\\\/#\\\/schema\\\/logo\\\/image\\\/\",\"url\":\"\",\"contentUrl\":\"\",\"caption\":\"FjALA e LIR\u00cb - Arkivi\"},\"image\":{\"@id\":\"https:\\\/\\\/fjala.info\\\/2009-2015\\\/#\\\/schema\\\/logo\\\/image\\\/\"}},{\"@type\":\"Person\",\"@id\":\"https:\\\/\\\/fjala.info\\\/2009-2015\\\/#\\\/schema\\\/person\\\/3aa1163ef05469c496fc94e77611ada2\",\"name\":\"admin\",\"image\":{\"@type\":\"ImageObject\",\"inLanguage\":\"sq-AL\",\"@id\":\"https:\\\/\\\/fjala.info\\\/2009-2015\\\/wp-content\\\/uploads\\\/2012\\\/02\\\/arben_cokaj-120x150.jpg\",\"url\":\"https:\\\/\\\/fjala.info\\\/2009-2015\\\/wp-content\\\/uploads\\\/2012\\\/02\\\/arben_cokaj-120x150.jpg\",\"contentUrl\":\"https:\\\/\\\/fjala.info\\\/2009-2015\\\/wp-content\\\/uploads\\\/2012\\\/02\\\/arben_cokaj-120x150.jpg\",\"caption\":\"admin\"},\"description\":\"Admin, Fjala e Lir\u00eb\",\"sameAs\":[\"https:\\\/\\\/fjala.info\\\/\"],\"url\":\"https:\\\/\\\/fjala.info\\\/2009-2015\\\/author\\\/admin\\\/\"}]}<\/script>\n<!-- \/ Yoast SEO plugin. -->","yoast_head_json":{"title":"Kush \u00ebsht\u00eb Tomisllav Nikoli\u00e7? - FjALA e LIR\u00cb - Arkivi","robots":{"index":"index","follow":"follow","max-snippet":"max-snippet:-1","max-image-preview":"max-image-preview:large","max-video-preview":"max-video-preview:-1"},"canonical":"https:\/\/fjala.info\/2009-2015\/kush-eshte-tomisllav-nikolic\/","og_locale":"sq_AL","og_type":"article","og_title":"Kush \u00ebsht\u00eb Tomisllav Nikoli\u00e7? - FjALA e LIR\u00cb - Arkivi","og_description":"Nga Enver Robelli, 24 maj 2012 Me Tomislav Nikoli\u00e7in si kryetar Serbia ka nisur nj\u00eb eksperiment politik. Dikur vojvoda i \u00e7etnik\u00ebve k\u00ebrkonte \u2013 bashk\u00eb me mentorin e tij politik Vojislav Sheshel \u2013 q\u00eb shqiptar\u00ebt e Kosov\u00ebs t\u00eb infektoheshin me sid\u00eb. K\u00ebshtu, sipas tyre, do t\u00eb zgjidhej \u00e7\u00ebshtja e Kosov\u00ebs. Nj\u00eb president t\u00eb till\u00eb e ka [&hellip;]","og_url":"https:\/\/fjala.info\/2009-2015\/kush-eshte-tomisllav-nikolic\/","og_site_name":"FjALA e LIR\u00cb - Arkivi","article_published_time":"2012-05-23T22:18:29+00:00","og_image":[{"url":"http:\/\/www.fjala.info\/2012\/tomisllav_nikolic.jpg","type":"","width":"","height":""}],"author":"admin","twitter_card":"summary_large_image","twitter_misc":{"Written by":"admin","Est. reading time":"7 minutes"},"schema":{"@context":"https:\/\/schema.org","@graph":[{"@type":"Article","@id":"https:\/\/fjala.info\/2009-2015\/kush-eshte-tomisllav-nikolic\/#article","isPartOf":{"@id":"https:\/\/fjala.info\/2009-2015\/kush-eshte-tomisllav-nikolic\/"},"author":{"name":"admin","@id":"https:\/\/fjala.info\/2009-2015\/#\/schema\/person\/3aa1163ef05469c496fc94e77611ada2"},"headline":"Kush \u00ebsht\u00eb Tomisllav Nikoli\u00e7?","datePublished":"2012-05-23T22:18:29+00:00","mainEntityOfPage":{"@id":"https:\/\/fjala.info\/2009-2015\/kush-eshte-tomisllav-nikolic\/"},"wordCount":1418,"commentCount":0,"publisher":{"@id":"https:\/\/fjala.info\/2009-2015\/#organization"},"image":{"@id":"https:\/\/fjala.info\/2009-2015\/kush-eshte-tomisllav-nikolic\/#primaryimage"},"thumbnailUrl":"http:\/\/www.fjala.info\/2012\/tomisllav_nikolic.jpg","articleSection":["Artikuj"],"inLanguage":"sq-AL","potentialAction":[{"@type":"CommentAction","name":"Comment","target":["https:\/\/fjala.info\/2009-2015\/kush-eshte-tomisllav-nikolic\/#respond"]}]},{"@type":"WebPage","@id":"https:\/\/fjala.info\/2009-2015\/kush-eshte-tomisllav-nikolic\/","url":"https:\/\/fjala.info\/2009-2015\/kush-eshte-tomisllav-nikolic\/","name":"Kush \u00ebsht\u00eb Tomisllav Nikoli\u00e7? - FjALA e LIR\u00cb - Arkivi","isPartOf":{"@id":"https:\/\/fjala.info\/2009-2015\/#website"},"primaryImageOfPage":{"@id":"https:\/\/fjala.info\/2009-2015\/kush-eshte-tomisllav-nikolic\/#primaryimage"},"image":{"@id":"https:\/\/fjala.info\/2009-2015\/kush-eshte-tomisllav-nikolic\/#primaryimage"},"thumbnailUrl":"http:\/\/www.fjala.info\/2012\/tomisllav_nikolic.jpg","datePublished":"2012-05-23T22:18:29+00:00","breadcrumb":{"@id":"https:\/\/fjala.info\/2009-2015\/kush-eshte-tomisllav-nikolic\/#breadcrumb"},"inLanguage":"sq-AL","potentialAction":[{"@type":"ReadAction","target":["https:\/\/fjala.info\/2009-2015\/kush-eshte-tomisllav-nikolic\/"]}]},{"@type":"ImageObject","inLanguage":"sq-AL","@id":"https:\/\/fjala.info\/2009-2015\/kush-eshte-tomisllav-nikolic\/#primaryimage","url":"http:\/\/www.fjala.info\/2012\/tomisllav_nikolic.jpg","contentUrl":"http:\/\/www.fjala.info\/2012\/tomisllav_nikolic.jpg"},{"@type":"BreadcrumbList","@id":"https:\/\/fjala.info\/2009-2015\/kush-eshte-tomisllav-nikolic\/#breadcrumb","itemListElement":[{"@type":"ListItem","position":1,"name":"Home","item":"https:\/\/fjala.info\/2009-2015\/"},{"@type":"ListItem","position":2,"name":"Kush \u00ebsht\u00eb Tomisllav Nikoli\u00e7?"}]},{"@type":"WebSite","@id":"https:\/\/fjala.info\/2009-2015\/#website","url":"https:\/\/fjala.info\/2009-2015\/","name":"FjALA e LIR\u00cb - Arkivi","description":"Arkivi 2009-2015","publisher":{"@id":"https:\/\/fjala.info\/2009-2015\/#organization"},"potentialAction":[{"@type":"SearchAction","target":{"@type":"EntryPoint","urlTemplate":"https:\/\/fjala.info\/2009-2015\/?s={search_term_string}"},"query-input":{"@type":"PropertyValueSpecification","valueRequired":true,"valueName":"search_term_string"}}],"inLanguage":"sq-AL"},{"@type":"Organization","@id":"https:\/\/fjala.info\/2009-2015\/#organization","name":"FjALA e LIR\u00cb - Arkivi","url":"https:\/\/fjala.info\/2009-2015\/","logo":{"@type":"ImageObject","inLanguage":"sq-AL","@id":"https:\/\/fjala.info\/2009-2015\/#\/schema\/logo\/image\/","url":"","contentUrl":"","caption":"FjALA e LIR\u00cb - Arkivi"},"image":{"@id":"https:\/\/fjala.info\/2009-2015\/#\/schema\/logo\/image\/"}},{"@type":"Person","@id":"https:\/\/fjala.info\/2009-2015\/#\/schema\/person\/3aa1163ef05469c496fc94e77611ada2","name":"admin","image":{"@type":"ImageObject","inLanguage":"sq-AL","@id":"https:\/\/fjala.info\/2009-2015\/wp-content\/uploads\/2012\/02\/arben_cokaj-120x150.jpg","url":"https:\/\/fjala.info\/2009-2015\/wp-content\/uploads\/2012\/02\/arben_cokaj-120x150.jpg","contentUrl":"https:\/\/fjala.info\/2009-2015\/wp-content\/uploads\/2012\/02\/arben_cokaj-120x150.jpg","caption":"admin"},"description":"Admin, Fjala e Lir\u00eb","sameAs":["https:\/\/fjala.info\/"],"url":"https:\/\/fjala.info\/2009-2015\/author\/admin\/"}]}},"_links":{"self":[{"href":"https:\/\/fjala.info\/2009-2015\/wp-json\/wp\/v2\/posts\/2945","targetHints":{"allow":["GET"]}}],"collection":[{"href":"https:\/\/fjala.info\/2009-2015\/wp-json\/wp\/v2\/posts"}],"about":[{"href":"https:\/\/fjala.info\/2009-2015\/wp-json\/wp\/v2\/types\/post"}],"author":[{"embeddable":true,"href":"https:\/\/fjala.info\/2009-2015\/wp-json\/wp\/v2\/users\/1"}],"replies":[{"embeddable":true,"href":"https:\/\/fjala.info\/2009-2015\/wp-json\/wp\/v2\/comments?post=2945"}],"version-history":[{"count":0,"href":"https:\/\/fjala.info\/2009-2015\/wp-json\/wp\/v2\/posts\/2945\/revisions"}],"wp:attachment":[{"href":"https:\/\/fjala.info\/2009-2015\/wp-json\/wp\/v2\/media?parent=2945"}],"wp:term":[{"taxonomy":"category","embeddable":true,"href":"https:\/\/fjala.info\/2009-2015\/wp-json\/wp\/v2\/categories?post=2945"},{"taxonomy":"post_tag","embeddable":true,"href":"https:\/\/fjala.info\/2009-2015\/wp-json\/wp\/v2\/tags?post=2945"}],"curies":[{"name":"wp","href":"https:\/\/api.w.org\/{rel}","templated":true}]}}