{"id":2944,"date":"2010-06-06T00:23:52","date_gmt":"2010-06-05T23:23:52","guid":{"rendered":"http:\/\/fjala.shkoder.net\/?p=2944"},"modified":"2010-06-06T00:23:52","modified_gmt":"2010-06-05T23:23:52","slug":"enverizem-por-i-shperndare","status":"publish","type":"post","link":"https:\/\/fjala.info\/2009-2015\/enverizem-por-i-shperndare\/","title":{"rendered":"ENVERIZ\u00cbM, POR I SHP\u00cbRNDAR\u00cb"},"content":{"rendered":"<p><img decoding=\"async\" style=\"margin-left: 10px; margin-right: 10px; border: 0px;\" src=\"http:\/\/www.shkoder.net\/images\/fjala\/kim_mehmeti.jpg\" border=\"0\" alt=\"Kim Mehmeti\" width=\"100\" align=\"right\" \/><\/p>\n<p>Shqip\u00ebria shkon drejt Europ\u00ebs s\u00eb bashkuar e ndar\u00eb n\u00eb dysh dhe n\u00ebp\u00ebrmjet dy rrug\u00ebve: rrug\u00ebs nga \u00ebsht\u00eb nisur \u201cpopulli opozitar\u201d dhe asaj nga \u00ebsht\u00eb drejtuar \u201cpopulli institucional\u201d. Kosova ec\u00ebn drejt Europ\u00ebs si tren me dy lokomotiva, e q\u00eb e zvarrisin n\u00eb drejtime t\u00eb kund\u00ebrta, duke rrezikuar k\u00ebshtu q\u00eb t\u00eb humbet ndonj\u00eb \u201cvagon\u201d i shtetit m\u00eb t\u00eb ri n\u00eb bot\u00eb: me lokomotiv\u00ebn q\u00eb e drejtojn\u00eb nd\u00ebrkomb\u00ebtar\u00ebt, e t\u00eb cil\u00ebt shohin \u00e7do gj\u00eb negative q\u00eb b\u00ebjn\u00eb pushtetar\u00ebt vendas, por nuk e shohin ish-kryeministrin serb, Koshtunica, kur futet n\u00eb Kosov\u00eb i armatosur, dhe me lokomotiv\u00ebn e drejtuar nga qeveritar\u00ebt vendor\u00eb, t\u00eb cil\u00ebt sundojn\u00eb duke qen\u00eb t\u00eb mbik\u00ebqyrur nga \u201ckryesunduesit\u201d.<\/p>\n<p>Shqiptar\u00ebt e Maqedonis\u00eb ia kan\u00eb m\u00ebsy Europ\u00ebs s\u00eb Bashkuar t\u00eb hipur n\u00eb autobus, t\u00eb cilit Gruevski ia ka shpuar t\u00eb gjitha gomat, e p\u00ebr \u00e7ka Ali Ahmeti e ka angazhuar gjith\u00eb potencialin partiak q\u00eb edhe ashtu t\u00eb prishur, at\u00eb autobus ta shtyj\u00eb e ta shpie deri n\u00eb Bruksel. E nd\u00ebrkoh\u00eb, kryetari i PDSH-s\u00eb \u00ebsht\u00eb mbyllur n\u00eb Tetov\u00eb dhe shikon sehir, vepron ashtu si\u00e7 i ka hije atij t\u00eb cilin, po nuk e b\u00ebre konduktor q\u00eb t\u2019i mbledh parat e udh\u00ebtar\u00ebve shqiptar\u00eb, ai nuk lodhet as p\u00ebr kahun e udh\u00ebtimit, as p\u00ebr fatin e udh\u00ebtar\u00ebve.<\/p>\n<p>Pra shqiptar\u00ebt, kudo q\u00eb jan\u00eb, drejtohen nga politikan\u00eb, t\u00eb cil\u00ebt thon\u00eb se kan\u00eb q\u00ebllim t\u00eb nj\u00ebjt\u00eb dhe ideal t\u00eb p\u00ebrbashk\u00ebt \u2013 vlerat per\u00ebndimore, por pa treguar se a i mb\u00ebshtesin veprimet e veta politike mbi ndonj\u00eb vler\u00eb komb\u00ebtare, se a ka di\u00e7ka t\u00eb shenjt\u00eb shqiptare q\u00eb ua kusht\u00ebzon shpejt\u00ebsin\u00eb dhe kahun e udh\u00ebtimit drejt\u00eb bot\u00ebs pa kufij. Pra, bota shqiptare udh\u00ebhiqet nga politikan\u00eb q\u00eb din\u00eb t\u00eb komunikojn\u00eb n\u00eb gjuh\u00ebn angleze me bot\u00ebn p\u00ebrtej maleve, por s\u2019din\u00eb si ta zhvillojn\u00eb bised\u00ebn politike me kund\u00ebrshtar\u00ebt e vet politik\u00eb q\u00eb flasin shqip dhe jan\u00eb shqiptar\u00eb. Me \u00e7ka, ke p\u00ebrshtypjen se ata duan t\u00eb na bindin se Europa pa kufij \u00ebsht\u00eb e p\u00ebrb\u00ebr\u00eb nga popuj dhe shtete t\u00eb cop\u00ebtuar brenda vetvetes n\u00eb \u201ct\u00eb majt\u00eb\u201d e \u201ct\u00eb djatht\u00eb\u201d, se politikan\u00ebt tan\u00eb presin q\u00eb shqiptarin\u00eb ta \u201carnoj\u00eb\u201d Brukseli.<\/p>\n<p>Dhe duke besuar n\u00eb gj\u00ebra t\u00eb kota, politikan\u00ebt e Tiran\u00ebs ndihen krenar\u00eb kur q\u00ebndrimet e tyre i mb\u00ebshtet ndonj\u00eb figur\u00eb nd\u00ebrkomb\u00ebtare, e n\u00eb nd\u00ebrkoh\u00eb shahen mes veti si arabaxhinj, ata t\u00eb Prishtin\u00ebs jan\u00eb fjal\u00ebmb\u00ebl ndaj \u201cbaballar\u00ebve\u201d nd\u00ebrkomb\u00ebtar\u00eb, e mes veti sillen si ta kishin \u00e7liruar Kosov\u00ebn nga nj\u00ebri-tjetri e jo nga serb\u00ebt dhe kuptohet, Ali Ahmeti dehet nga k\u00ebnaq\u00ebsia kur d\u00ebgjon l\u00ebvdata nga diplomat\u00ebt e huaj, e i mban\u00eb p\u00ebr armiq t\u00eb p\u00ebrbetuar ata q\u00eb i thon\u00eb se Gruevski do b\u00ebhet proshqiptar at\u00ebher\u00eb kur gici do b\u00ebhet qengj vet\u00ebm pse \u00ebsht\u00eb m\u00ebkuar me qum\u00ebsht deleje.<\/p>\n<p>Shqip\u00ebria shkon drejt Europ\u00ebs s\u00eb bashkuar me politikan\u00eb q\u00eb u prishet nuri i fytyr\u00ebs kur shohin nj\u00ebri-tjetrin, e le m\u00eb t\u2019ia urojn\u00eb fitoren atij q\u00eb i ka fituar zgjedhjet. Kosova ec\u00ebn drejt Brukselit si nuse e re, e cila ka mbetur cullak ngaq\u00eb nuk e din cilin fustan t\u00eb vesh\u00eb: at\u00eb q\u00eb ia kan\u00eb q\u00ebndisur nd\u00ebrkomb\u00ebtar\u00ebt, e q\u00eb i vjen i ngusht\u00eb, apo at\u00eb q\u00eb ia kan\u00eb qepur vendor\u00ebt e q\u00eb ia l\u00eb shpin\u00ebn shpaluar. Shqiptar\u00ebt e Maqedonis\u00eb u jan\u00eb p\u00ebrkushtuar proceseve euroatlantike po aq sa edhe Ali Ahmeti, i cili m\u00eb shum\u00eb i ngjan Komisarit europian p\u00ebr an\u00ebtar\u00ebsimin e Maqedonis\u00eb n\u00eb BE, sesa nj\u00eb politikani lokal i cili, para se t\u2019ia m\u00ebsyj\u00eb Brukselit, do duhej shqiptar\u00ebt e Maqedonis\u00eb t\u2019i \u00e7onte deri tek institucionet shtet\u00ebrore n\u00eb Shkup.<\/p>\n<p>Pra, n\u00eb Shqip\u00ebri, Kosov\u00eb e Maqedoni, politikan\u00ebt shqiptar\u00eb jan\u00eb t\u00eb armiq\u00ebsuar mes veti, ata din\u00eb si komunikohet me t\u00eb djatht\u00eb e t\u00eb majt\u00eb t\u00eb ardhur nga Europa, por ende nuk e kan\u00eb m\u00ebsuar gjuh\u00ebn politike p\u00ebr t\u00eb komunikuar mes veti. Dhe jo vet\u00ebm kaq, por ata i mbajn\u00eb p\u00ebr miq gjith\u00eb t\u00eb huajt q\u00eb vijn\u00eb t\u00eb nd\u00ebrmjet\u00ebsojn\u00eb, e i mbajn\u00eb p\u00ebr armiq t\u00eb p\u00ebrbetuar t\u00eb gjith\u00eb shqiptar\u00ebt q\u00eb u thon\u00eb se jan\u00eb duke e p\u00ebrbuzur popullin e vet me ato sjellje. Me \u00e7ka shpaloset nj\u00eb e v\u00ebrtet\u00eb e madhe nga e cila vuajn\u00eb politikat shqiptare: ato jan\u00eb fryt i mend\u00ebsis\u00eb enveriste, mend\u00ebsi e cila kund\u00ebrshtarin politik do ta shikoj\u00eb t\u00eb \u201cvrar\u00eb\u201d politikisht.<\/p>\n<p>Dhe duke qen\u00eb shumica e politikan\u00ebve tan\u00eb \u201cEnvera t\u00eb klonuar\u201d, ata do kishin b\u00ebr\u00eb t\u00eb nj\u00ebjt\u00ebn q\u00eb dikur b\u00ebnte Enveri \u2013 do kishin asgj\u00ebsuar \u201carmiqt\u00eb\u201d e shtetit, por nuk guxojn\u00eb ngaq\u00eb \u201cperdet\u201d jan\u00eb t\u00eb ngritura dhe do i shihte e t\u00ebr\u00eb bota. K\u00ebshtu del se ata nuk nd\u00ebrtojn\u00eb demokraci pse at\u00eb e duan, se ata nuk sjellin ligje demokratike pse vler\u00ebsojn\u00eb lart t\u00eb drejtat e qytetar\u00ebve, por pse ndiejn\u00eb nevoj\u00eb t\u00eb jen\u00eb t\u00eb p\u00eblqyer nga t\u00eb huajt. Pra, ata mbase nuk do ishin edhe kaq \u201ctolerant\u00eb\u201d sa jan\u00eb sot, sikur t\u00eb mundeshin t\u2019i \u201cl\u00ebshonin\u201d perdet e t\u00eb vepronin ashtu si\u00e7 di dhe si\u00e7 ua thot\u00eb mend\u00ebsia enveriste.<\/p>\n<p>T\u00eb gjith\u00eb politikan\u00ebt shqiptar\u00eb, nga t\u00eb gjitha trojet e k\u00ebsaj shqiptarie, i b\u00ebn t\u00eb ngjash\u00ebm vet\u00ebm grindja dhe urrejtja e nd\u00ebrsjell\u00eb. Dhe sa m\u00eb shum\u00eb ata angazhohen q\u00eb t\u00eb na \u00e7ojn\u00eb drejt Europ\u00ebs s\u00eb bashkuar, aq m\u00eb e qart\u00eb b\u00ebhet se, nga t\u00eb gjitha vlerat europer\u00ebndimore, ata njohin dhe respektojn\u00eb vet\u00ebm euron dhe dollarin. Me \u00e7ka, k\u00ebtij populli mbase nuk i mbetet asgj\u00eb tjet\u00ebr p\u00ebrpos t\u00eb mendoj\u00eb t\u00eb nxjerr\u00eb ndonj\u00eb p\u00ebrfitim p\u00ebr vetveten nga kjo grindje nd\u00ebrpartiake.<\/p>\n<p>Andaj, mbase nuk \u00ebsht\u00eb e tep\u00ebrt n\u00ebse n\u00eb Tiran\u00eb, Prishtin\u00eb e Shkup do fillonte promovimi i turizmit politik, ku t\u00eb huajt do vinin t\u00eb shihnin se si duken partit\u00eb tona q\u00eb kan\u00eb an\u00ebtar\u00eb q\u00eb b\u00ebjn\u00eb grev\u00eb urie p\u00ebr t\u2019i hapur kutit\u00eb, se si \u00e7do parti shqiptare ka artist\u00ebt e saj, t\u00eb shihnin si duket nj\u00eb popull i ndar\u00eb n\u00eb \u201copozitar\u00eb\u201d dhe \u201cpushtetar\u00eb\u201d, nj\u00eb popull q\u00eb ka parti n\u00eb \u00e7do lagje, por ende ndihet si t\u00eb ishte i sunduar nga Enveri.<\/p>\n<p>Pra, duhet t\u00eb diskutohet mund\u00ebsia e zhvillimit t\u00eb turizmit politik n\u00ebp\u00ebr trojet shqiptare, e ku t\u00eb huajt do mund t\u00eb shihnin sa leht\u00eb nd\u00ebrrohen ligjet, e sa v\u00ebshtir\u00eb ndryshon mend\u00ebsia, t\u00eb shihni si partit\u00eb e k\u00ebtushme demokratike ia dalin t\u00eb gjejn\u00eb an\u00ebtar\u00eb partiak\u00eb q\u00eb do flijonin edhe jet\u00ebn p\u00ebr liderin e tyre. Dhe mbase ky turiz\u00ebm do ishte m\u00eb frutdh\u00ebn\u00ebsi p\u00ebr t\u2019i mbushur arkat e \u201cShqip\u00ebrive\u201d tona, ve\u00e7an\u00ebrisht n\u00ebse humb\u00ebsi i zgjedhjeve t\u00eb ardhshme parlamentare n\u00eb Tiran\u00eb, do shkonte nj\u00eb hap m\u00eb tej n\u00eb protestat p\u00ebr transparenc\u00ebn e zgjedhjeve: n\u00ebse do i lidhte an\u00ebtar\u00ebt e partis\u00eb s\u00eb tij p\u00ebr shtyllat elektrike n\u00ebp\u00ebr rrug\u00ebt e Tiran\u00ebs, apo n\u00ebse do i prangoste ata p\u00ebr duar rreth e qark kufijve t\u00eb Shqip\u00ebris\u00eb.<\/p>\n<p>Me \u00e7ka, flijimi p\u00ebr vot\u00ebn e lir\u00eb do ishte edhe m\u00eb i denj\u00eb dhe m\u00eb atraktiv p\u00ebr t\u00eb ardhurit nga Per\u00ebndimi. Sa u p\u00ebrket kosovar\u00ebve, turizmin politik mbar\u00ebshqiptar ata do mund ta ndihmonin duke q\u00ebndruar me nj\u00eb k\u00ebmb\u00eb p\u00ebrpara selis\u00eb s\u00eb EULEX-it, sa her\u00eb q\u00eb n\u00eb Mitrovic\u00eb t\u00eb hynte ndonj\u00eb zyrtar i paparalajm\u00ebruar nga Beogradi. E shqiptar\u00ebt e Maqedonis\u00eb jan\u00eb t\u00eb vetmit q\u00eb tani t\u00eb gatsh\u00ebm p\u00ebr k\u00ebt\u00eb turiz\u00ebm t\u00eb llojit t\u00eb ve\u00e7ant\u00eb: mjafton q\u00eb Ali Ahmeti t\u2019i q\u00ebndroj\u00eb besnik Gruevskit, e q\u00eb t\u00eb huaj t\u00eb vijn\u00eb e t\u00eb binden se q\u00ebndrueshm\u00ebria e sunduesve nuk varet vet\u00ebm nga forca e tyre, por mbi t\u00eb gjitha nga besnik\u00ebria e vasal\u00ebve.<\/p>\n","protected":false},"excerpt":{"rendered":"<p>Shqip\u00ebria shkon drejt Europ\u00ebs s\u00eb bashkuar e ndar\u00eb n\u00eb dysh dhe n\u00ebp\u00ebrmjet dy rrug\u00ebve: rrug\u00ebs nga \u00ebsht\u00eb nisur \u201cpopulli opozitar\u201d dhe asaj nga \u00ebsht\u00eb drejtuar \u201cpopulli institucional\u201d. Kosova ec\u00ebn drejt Europ\u00ebs si tren me dy lokomotiva, e q\u00eb e zvarrisin n\u00eb drejtime t\u00eb kund\u00ebrta, duke rrezikuar k\u00ebshtu q\u00eb t\u00eb humbet ndonj\u00eb \u201cvagon\u201d i shtetit m\u00eb [&hellip;]<\/p>\n","protected":false},"author":1,"featured_media":0,"comment_status":"open","ping_status":"closed","sticky":false,"template":"","format":"standard","meta":{"footnotes":""},"categories":[2],"tags":[],"class_list":{"0":"post-2944","1":"post","2":"type-post","3":"status-publish","4":"format-standard","6":"category-artikuj"},"yoast_head":"<!-- This site is optimized with the Yoast SEO plugin v27.4 - https:\/\/yoast.com\/product\/yoast-seo-wordpress\/ -->\n<title>ENVERIZ\u00cbM, POR I SHP\u00cbRNDAR\u00cb - FjALA e LIR\u00cb - Arkivi<\/title>\n<meta name=\"robots\" content=\"index, follow, max-snippet:-1, max-image-preview:large, max-video-preview:-1\" \/>\n<link rel=\"canonical\" href=\"https:\/\/fjala.info\/2009-2015\/enverizem-por-i-shperndare\/\" \/>\n<meta property=\"og:locale\" content=\"sq_AL\" \/>\n<meta property=\"og:type\" content=\"article\" \/>\n<meta property=\"og:title\" content=\"ENVERIZ\u00cbM, POR I SHP\u00cbRNDAR\u00cb - FjALA e LIR\u00cb - Arkivi\" \/>\n<meta property=\"og:description\" content=\"Shqip\u00ebria shkon drejt Europ\u00ebs s\u00eb bashkuar e ndar\u00eb n\u00eb dysh dhe n\u00ebp\u00ebrmjet dy rrug\u00ebve: rrug\u00ebs nga \u00ebsht\u00eb nisur \u201cpopulli opozitar\u201d dhe asaj nga \u00ebsht\u00eb drejtuar \u201cpopulli institucional\u201d. Kosova ec\u00ebn drejt Europ\u00ebs si tren me dy lokomotiva, e q\u00eb e zvarrisin n\u00eb drejtime t\u00eb kund\u00ebrta, duke rrezikuar k\u00ebshtu q\u00eb t\u00eb humbet ndonj\u00eb \u201cvagon\u201d i shtetit m\u00eb [&hellip;]\" \/>\n<meta property=\"og:url\" content=\"https:\/\/fjala.info\/2009-2015\/enverizem-por-i-shperndare\/\" \/>\n<meta property=\"og:site_name\" content=\"FjALA e LIR\u00cb - Arkivi\" \/>\n<meta property=\"article:published_time\" content=\"2010-06-05T23:23:52+00:00\" \/>\n<meta property=\"og:image\" content=\"http:\/\/www.shkoder.net\/images\/fjala\/kim_mehmeti.jpg\" \/>\n<meta name=\"author\" content=\"admin\" \/>\n<meta name=\"twitter:card\" content=\"summary_large_image\" \/>\n<meta name=\"twitter:label1\" content=\"Written by\" \/>\n\t<meta name=\"twitter:data1\" content=\"admin\" \/>\n\t<meta name=\"twitter:label2\" content=\"Est. reading time\" \/>\n\t<meta name=\"twitter:data2\" content=\"7 minutes\" \/>\n<script type=\"application\/ld+json\" class=\"yoast-schema-graph\">{\"@context\":\"https:\\\/\\\/schema.org\",\"@graph\":[{\"@type\":\"Article\",\"@id\":\"https:\\\/\\\/fjala.info\\\/2009-2015\\\/enverizem-por-i-shperndare\\\/#article\",\"isPartOf\":{\"@id\":\"https:\\\/\\\/fjala.info\\\/2009-2015\\\/enverizem-por-i-shperndare\\\/\"},\"author\":{\"name\":\"admin\",\"@id\":\"https:\\\/\\\/fjala.info\\\/2009-2015\\\/#\\\/schema\\\/person\\\/3aa1163ef05469c496fc94e77611ada2\"},\"headline\":\"ENVERIZ\u00cbM, POR I SHP\u00cbRNDAR\u00cb\",\"datePublished\":\"2010-06-05T23:23:52+00:00\",\"mainEntityOfPage\":{\"@id\":\"https:\\\/\\\/fjala.info\\\/2009-2015\\\/enverizem-por-i-shperndare\\\/\"},\"wordCount\":1389,\"commentCount\":0,\"publisher\":{\"@id\":\"https:\\\/\\\/fjala.info\\\/2009-2015\\\/#organization\"},\"image\":{\"@id\":\"https:\\\/\\\/fjala.info\\\/2009-2015\\\/enverizem-por-i-shperndare\\\/#primaryimage\"},\"thumbnailUrl\":\"http:\\\/\\\/www.shkoder.net\\\/images\\\/fjala\\\/kim_mehmeti.jpg\",\"articleSection\":[\"Artikuj\"],\"inLanguage\":\"sq-AL\",\"potentialAction\":[{\"@type\":\"CommentAction\",\"name\":\"Comment\",\"target\":[\"https:\\\/\\\/fjala.info\\\/2009-2015\\\/enverizem-por-i-shperndare\\\/#respond\"]}]},{\"@type\":\"WebPage\",\"@id\":\"https:\\\/\\\/fjala.info\\\/2009-2015\\\/enverizem-por-i-shperndare\\\/\",\"url\":\"https:\\\/\\\/fjala.info\\\/2009-2015\\\/enverizem-por-i-shperndare\\\/\",\"name\":\"ENVERIZ\u00cbM, POR I SHP\u00cbRNDAR\u00cb - FjALA e LIR\u00cb - Arkivi\",\"isPartOf\":{\"@id\":\"https:\\\/\\\/fjala.info\\\/2009-2015\\\/#website\"},\"primaryImageOfPage\":{\"@id\":\"https:\\\/\\\/fjala.info\\\/2009-2015\\\/enverizem-por-i-shperndare\\\/#primaryimage\"},\"image\":{\"@id\":\"https:\\\/\\\/fjala.info\\\/2009-2015\\\/enverizem-por-i-shperndare\\\/#primaryimage\"},\"thumbnailUrl\":\"http:\\\/\\\/www.shkoder.net\\\/images\\\/fjala\\\/kim_mehmeti.jpg\",\"datePublished\":\"2010-06-05T23:23:52+00:00\",\"breadcrumb\":{\"@id\":\"https:\\\/\\\/fjala.info\\\/2009-2015\\\/enverizem-por-i-shperndare\\\/#breadcrumb\"},\"inLanguage\":\"sq-AL\",\"potentialAction\":[{\"@type\":\"ReadAction\",\"target\":[\"https:\\\/\\\/fjala.info\\\/2009-2015\\\/enverizem-por-i-shperndare\\\/\"]}]},{\"@type\":\"ImageObject\",\"inLanguage\":\"sq-AL\",\"@id\":\"https:\\\/\\\/fjala.info\\\/2009-2015\\\/enverizem-por-i-shperndare\\\/#primaryimage\",\"url\":\"http:\\\/\\\/www.shkoder.net\\\/images\\\/fjala\\\/kim_mehmeti.jpg\",\"contentUrl\":\"http:\\\/\\\/www.shkoder.net\\\/images\\\/fjala\\\/kim_mehmeti.jpg\"},{\"@type\":\"BreadcrumbList\",\"@id\":\"https:\\\/\\\/fjala.info\\\/2009-2015\\\/enverizem-por-i-shperndare\\\/#breadcrumb\",\"itemListElement\":[{\"@type\":\"ListItem\",\"position\":1,\"name\":\"Home\",\"item\":\"https:\\\/\\\/fjala.info\\\/2009-2015\\\/\"},{\"@type\":\"ListItem\",\"position\":2,\"name\":\"ENVERIZ\u00cbM, POR I SHP\u00cbRNDAR\u00cb\"}]},{\"@type\":\"WebSite\",\"@id\":\"https:\\\/\\\/fjala.info\\\/2009-2015\\\/#website\",\"url\":\"https:\\\/\\\/fjala.info\\\/2009-2015\\\/\",\"name\":\"FjALA e LIR\u00cb - Arkivi\",\"description\":\"Arkivi 2009-2015\",\"publisher\":{\"@id\":\"https:\\\/\\\/fjala.info\\\/2009-2015\\\/#organization\"},\"potentialAction\":[{\"@type\":\"SearchAction\",\"target\":{\"@type\":\"EntryPoint\",\"urlTemplate\":\"https:\\\/\\\/fjala.info\\\/2009-2015\\\/?s={search_term_string}\"},\"query-input\":{\"@type\":\"PropertyValueSpecification\",\"valueRequired\":true,\"valueName\":\"search_term_string\"}}],\"inLanguage\":\"sq-AL\"},{\"@type\":\"Organization\",\"@id\":\"https:\\\/\\\/fjala.info\\\/2009-2015\\\/#organization\",\"name\":\"FjALA e LIR\u00cb - Arkivi\",\"url\":\"https:\\\/\\\/fjala.info\\\/2009-2015\\\/\",\"logo\":{\"@type\":\"ImageObject\",\"inLanguage\":\"sq-AL\",\"@id\":\"https:\\\/\\\/fjala.info\\\/2009-2015\\\/#\\\/schema\\\/logo\\\/image\\\/\",\"url\":\"\",\"contentUrl\":\"\",\"caption\":\"FjALA e LIR\u00cb - Arkivi\"},\"image\":{\"@id\":\"https:\\\/\\\/fjala.info\\\/2009-2015\\\/#\\\/schema\\\/logo\\\/image\\\/\"}},{\"@type\":\"Person\",\"@id\":\"https:\\\/\\\/fjala.info\\\/2009-2015\\\/#\\\/schema\\\/person\\\/3aa1163ef05469c496fc94e77611ada2\",\"name\":\"admin\",\"image\":{\"@type\":\"ImageObject\",\"inLanguage\":\"sq-AL\",\"@id\":\"https:\\\/\\\/fjala.info\\\/2009-2015\\\/wp-content\\\/uploads\\\/2012\\\/02\\\/arben_cokaj-120x150.jpg\",\"url\":\"https:\\\/\\\/fjala.info\\\/2009-2015\\\/wp-content\\\/uploads\\\/2012\\\/02\\\/arben_cokaj-120x150.jpg\",\"contentUrl\":\"https:\\\/\\\/fjala.info\\\/2009-2015\\\/wp-content\\\/uploads\\\/2012\\\/02\\\/arben_cokaj-120x150.jpg\",\"caption\":\"admin\"},\"description\":\"Admin, Fjala e Lir\u00eb\",\"sameAs\":[\"https:\\\/\\\/fjala.info\\\/\"],\"url\":\"https:\\\/\\\/fjala.info\\\/2009-2015\\\/author\\\/admin\\\/\"}]}<\/script>\n<!-- \/ Yoast SEO plugin. -->","yoast_head_json":{"title":"ENVERIZ\u00cbM, POR I SHP\u00cbRNDAR\u00cb - FjALA e LIR\u00cb - Arkivi","robots":{"index":"index","follow":"follow","max-snippet":"max-snippet:-1","max-image-preview":"max-image-preview:large","max-video-preview":"max-video-preview:-1"},"canonical":"https:\/\/fjala.info\/2009-2015\/enverizem-por-i-shperndare\/","og_locale":"sq_AL","og_type":"article","og_title":"ENVERIZ\u00cbM, POR I SHP\u00cbRNDAR\u00cb - FjALA e LIR\u00cb - Arkivi","og_description":"Shqip\u00ebria shkon drejt Europ\u00ebs s\u00eb bashkuar e ndar\u00eb n\u00eb dysh dhe n\u00ebp\u00ebrmjet dy rrug\u00ebve: rrug\u00ebs nga \u00ebsht\u00eb nisur \u201cpopulli opozitar\u201d dhe asaj nga \u00ebsht\u00eb drejtuar \u201cpopulli institucional\u201d. Kosova ec\u00ebn drejt Europ\u00ebs si tren me dy lokomotiva, e q\u00eb e zvarrisin n\u00eb drejtime t\u00eb kund\u00ebrta, duke rrezikuar k\u00ebshtu q\u00eb t\u00eb humbet ndonj\u00eb \u201cvagon\u201d i shtetit m\u00eb [&hellip;]","og_url":"https:\/\/fjala.info\/2009-2015\/enverizem-por-i-shperndare\/","og_site_name":"FjALA e LIR\u00cb - Arkivi","article_published_time":"2010-06-05T23:23:52+00:00","og_image":[{"url":"http:\/\/www.shkoder.net\/images\/fjala\/kim_mehmeti.jpg","type":"","width":"","height":""}],"author":"admin","twitter_card":"summary_large_image","twitter_misc":{"Written by":"admin","Est. reading time":"7 minutes"},"schema":{"@context":"https:\/\/schema.org","@graph":[{"@type":"Article","@id":"https:\/\/fjala.info\/2009-2015\/enverizem-por-i-shperndare\/#article","isPartOf":{"@id":"https:\/\/fjala.info\/2009-2015\/enverizem-por-i-shperndare\/"},"author":{"name":"admin","@id":"https:\/\/fjala.info\/2009-2015\/#\/schema\/person\/3aa1163ef05469c496fc94e77611ada2"},"headline":"ENVERIZ\u00cbM, POR I SHP\u00cbRNDAR\u00cb","datePublished":"2010-06-05T23:23:52+00:00","mainEntityOfPage":{"@id":"https:\/\/fjala.info\/2009-2015\/enverizem-por-i-shperndare\/"},"wordCount":1389,"commentCount":0,"publisher":{"@id":"https:\/\/fjala.info\/2009-2015\/#organization"},"image":{"@id":"https:\/\/fjala.info\/2009-2015\/enverizem-por-i-shperndare\/#primaryimage"},"thumbnailUrl":"http:\/\/www.shkoder.net\/images\/fjala\/kim_mehmeti.jpg","articleSection":["Artikuj"],"inLanguage":"sq-AL","potentialAction":[{"@type":"CommentAction","name":"Comment","target":["https:\/\/fjala.info\/2009-2015\/enverizem-por-i-shperndare\/#respond"]}]},{"@type":"WebPage","@id":"https:\/\/fjala.info\/2009-2015\/enverizem-por-i-shperndare\/","url":"https:\/\/fjala.info\/2009-2015\/enverizem-por-i-shperndare\/","name":"ENVERIZ\u00cbM, POR I SHP\u00cbRNDAR\u00cb - FjALA e LIR\u00cb - Arkivi","isPartOf":{"@id":"https:\/\/fjala.info\/2009-2015\/#website"},"primaryImageOfPage":{"@id":"https:\/\/fjala.info\/2009-2015\/enverizem-por-i-shperndare\/#primaryimage"},"image":{"@id":"https:\/\/fjala.info\/2009-2015\/enverizem-por-i-shperndare\/#primaryimage"},"thumbnailUrl":"http:\/\/www.shkoder.net\/images\/fjala\/kim_mehmeti.jpg","datePublished":"2010-06-05T23:23:52+00:00","breadcrumb":{"@id":"https:\/\/fjala.info\/2009-2015\/enverizem-por-i-shperndare\/#breadcrumb"},"inLanguage":"sq-AL","potentialAction":[{"@type":"ReadAction","target":["https:\/\/fjala.info\/2009-2015\/enverizem-por-i-shperndare\/"]}]},{"@type":"ImageObject","inLanguage":"sq-AL","@id":"https:\/\/fjala.info\/2009-2015\/enverizem-por-i-shperndare\/#primaryimage","url":"http:\/\/www.shkoder.net\/images\/fjala\/kim_mehmeti.jpg","contentUrl":"http:\/\/www.shkoder.net\/images\/fjala\/kim_mehmeti.jpg"},{"@type":"BreadcrumbList","@id":"https:\/\/fjala.info\/2009-2015\/enverizem-por-i-shperndare\/#breadcrumb","itemListElement":[{"@type":"ListItem","position":1,"name":"Home","item":"https:\/\/fjala.info\/2009-2015\/"},{"@type":"ListItem","position":2,"name":"ENVERIZ\u00cbM, POR I SHP\u00cbRNDAR\u00cb"}]},{"@type":"WebSite","@id":"https:\/\/fjala.info\/2009-2015\/#website","url":"https:\/\/fjala.info\/2009-2015\/","name":"FjALA e LIR\u00cb - Arkivi","description":"Arkivi 2009-2015","publisher":{"@id":"https:\/\/fjala.info\/2009-2015\/#organization"},"potentialAction":[{"@type":"SearchAction","target":{"@type":"EntryPoint","urlTemplate":"https:\/\/fjala.info\/2009-2015\/?s={search_term_string}"},"query-input":{"@type":"PropertyValueSpecification","valueRequired":true,"valueName":"search_term_string"}}],"inLanguage":"sq-AL"},{"@type":"Organization","@id":"https:\/\/fjala.info\/2009-2015\/#organization","name":"FjALA e LIR\u00cb - Arkivi","url":"https:\/\/fjala.info\/2009-2015\/","logo":{"@type":"ImageObject","inLanguage":"sq-AL","@id":"https:\/\/fjala.info\/2009-2015\/#\/schema\/logo\/image\/","url":"","contentUrl":"","caption":"FjALA e LIR\u00cb - Arkivi"},"image":{"@id":"https:\/\/fjala.info\/2009-2015\/#\/schema\/logo\/image\/"}},{"@type":"Person","@id":"https:\/\/fjala.info\/2009-2015\/#\/schema\/person\/3aa1163ef05469c496fc94e77611ada2","name":"admin","image":{"@type":"ImageObject","inLanguage":"sq-AL","@id":"https:\/\/fjala.info\/2009-2015\/wp-content\/uploads\/2012\/02\/arben_cokaj-120x150.jpg","url":"https:\/\/fjala.info\/2009-2015\/wp-content\/uploads\/2012\/02\/arben_cokaj-120x150.jpg","contentUrl":"https:\/\/fjala.info\/2009-2015\/wp-content\/uploads\/2012\/02\/arben_cokaj-120x150.jpg","caption":"admin"},"description":"Admin, Fjala e Lir\u00eb","sameAs":["https:\/\/fjala.info\/"],"url":"https:\/\/fjala.info\/2009-2015\/author\/admin\/"}]}},"_links":{"self":[{"href":"https:\/\/fjala.info\/2009-2015\/wp-json\/wp\/v2\/posts\/2944","targetHints":{"allow":["GET"]}}],"collection":[{"href":"https:\/\/fjala.info\/2009-2015\/wp-json\/wp\/v2\/posts"}],"about":[{"href":"https:\/\/fjala.info\/2009-2015\/wp-json\/wp\/v2\/types\/post"}],"author":[{"embeddable":true,"href":"https:\/\/fjala.info\/2009-2015\/wp-json\/wp\/v2\/users\/1"}],"replies":[{"embeddable":true,"href":"https:\/\/fjala.info\/2009-2015\/wp-json\/wp\/v2\/comments?post=2944"}],"version-history":[{"count":0,"href":"https:\/\/fjala.info\/2009-2015\/wp-json\/wp\/v2\/posts\/2944\/revisions"}],"wp:attachment":[{"href":"https:\/\/fjala.info\/2009-2015\/wp-json\/wp\/v2\/media?parent=2944"}],"wp:term":[{"taxonomy":"category","embeddable":true,"href":"https:\/\/fjala.info\/2009-2015\/wp-json\/wp\/v2\/categories?post=2944"},{"taxonomy":"post_tag","embeddable":true,"href":"https:\/\/fjala.info\/2009-2015\/wp-json\/wp\/v2\/tags?post=2944"}],"curies":[{"name":"wp","href":"https:\/\/api.w.org\/{rel}","templated":true}]}}