{"id":2941,"date":"2010-06-06T00:21:41","date_gmt":"2010-06-05T23:21:41","guid":{"rendered":"http:\/\/fjala.shkoder.net\/?p=2941"},"modified":"2010-06-06T00:21:41","modified_gmt":"2010-06-05T23:21:41","slug":"dy-jave-ballo-me-maska","status":"publish","type":"post","link":"https:\/\/fjala.info\/2009-2015\/dy-jave-ballo-me-maska\/","title":{"rendered":"Dy jav\u00eb ballo me maska"},"content":{"rendered":"<p><img decoding=\"async\" style=\"margin-left: 10px; margin-right: 10px; border: 0px;\" src=\"http:\/\/www.shkoder.net\/images\/fjala\/skender_minxhozi.jpg\" border=\"0\" alt=\"Sk\u00ebnder Minxhozi\" width=\"100\" align=\"right\" \/><\/p>\n<p><strong>Sk\u00ebnder Minxhozi<\/strong><\/p>\n<p>Komisioneri i Zgjerimit Fyle \u00ebsht\u00eb treguar hermetik pardje, kur ka refuzuar t\u00eb komentoj\u00eb djegien e afatit dyjavor t\u00eb vendosur n\u00eb Strasburg p\u00ebr zgjidhjen e kriz\u00ebs politike shqiptare. Ai \u00ebsht\u00eb mjaftuar t\u00eb thot\u00eb se topi vijon t\u00eb mbetet n\u00eb an\u00ebn ton\u00eb. Nj\u00eb pak\u00ebnaq\u00ebsi e lexueshme p\u00ebr m\u00ebnyr\u00ebn sesi u harxhuan n\u00eb Tiran\u00eb 15 dit\u00eb koh\u00eb, q\u00eb mund t\u2019i kishin dh\u00ebn\u00eb fund nj\u00eb sherri dhjet\u00ebmujor.<\/p>\n<p>Ky dyjav\u00ebsh ka qen\u00eb sezoni i rradh\u00ebs i maskave n\u00eb jet\u00ebn politike t\u00eb Tiran\u00ebs. T\u00eb gjith\u00eb n\u00eb maxhoranc\u00eb, me n\u00eb krye kryeministrin, kan\u00eb b\u00ebr\u00eb sikur s\u2019ka ndodhur gj\u00eb, sikur s\u2019kan\u00eb par\u00eb gj\u00eb, sikur s\u2019kan\u00eb d\u00ebgjuar gj\u00eb dhe q\u00eb p\u00ebr pasoj\u00eb, sikur s\u2019ndjejn\u00eb asnj\u00eb nevoj\u00eb q\u00eb t\u00eb b\u00ebjn\u00eb di\u00e7ka nga ajo q\u00eb kan\u00eb b\u00ebr\u00eb dhjet\u00eb muaj rresht. Pra, q\u00eb t\u00eb mos b\u00ebjn\u00eb asgj\u00eb!<\/p>\n<p>Darka n\u00eb Strasburg? Nj\u00eb ftes\u00eb informale! Ultimatumi dyjavor? Nj\u00eb fantazi e s\u00ebmur\u00eb e opozit\u00ebs! Formula e ofruar p\u00ebr zgjidhjen e kriz\u00ebs? Inegzistente! N\u00eb k\u00ebt\u00eb m\u00ebnyr\u00eb ka bler\u00eb qeveria jon\u00eb dy jav\u00eb koh\u00eb, n\u00eb pritje dhe me shpres\u00eb se treni i vizave vazhdon t\u00eb ec\u00eb gjithwsesi drejt stacionit t\u00eb lodhur shqiptar. Berisha nuk ka \u00e7eduar askund n\u00eb k\u00ebto dy jav\u00eb. Ai ka shitur p\u00ebr kompromis kolapsin dhjet\u00ebmujor dhe p\u00ebr gatishm\u00ebri t\u00eb tij\u00ebn, q\u00ebndrimin e pal\u00ebvizsh\u00ebm t\u00eb nenit 178 t\u00eb Kodit Zgjedhor q\u00eb flet p\u00ebr djegie flet\u00ebsh votimi, n\u00eb mesin e nj\u00eb debati cfilit\u00ebs q\u00eb hedh dyshim pik\u00ebrisht mbi flet\u00ebt e votimit. S\u2019mund t\u00eb mos thuash se zoti Berisha e luan mir\u00eb bllofin, sidomos kur llogarit\u00eb q\u00eb ai b\u00ebn, marrin parasysh disa prioritete t\u00eb cilat, n\u00ebse realizohen, do t\u2019ia vlejn\u00eb edhe imazhin e keq qw po merr mbi vete, edhe presionet e shtuara t\u00eb nd\u00ebrkomb\u00ebtar\u00ebve, edhe koston politike brenda vendit.<\/p>\n<p>Berisha mbajti k\u00ebto dy jav\u00eb nj\u00eb profil t\u00eb ulur deklarimesh publike ndaj kund\u00ebrshtar\u00ebve t\u00eb tij kryesor\u00eb, duke u p\u00ebrpjekur nd\u00ebrkaq q\u00eb t\u00eb krijoj\u00eb thuajse p\u00ebrdit\u00eb situata dhe ngjarje q\u00eb duhet t\u00eb t\u00ebrhiqnin v\u00ebmendjen publike. Ai akuzoi publikisht Ramiz Alin\u00eb p\u00ebr nj\u00eb masak\u00ebr t\u00eb 60 vjet\u00ebve m\u00eb par\u00eb apo u mor me sht\u00ebpin\u00eb e Myslym Pez\u00ebs q\u00eb e kishin harruar t\u00eb gjith\u00eb. Q\u00ebllimi, fare i thjesht\u00eb: t\u00eb zhvendosej v\u00ebmendja nga debati p\u00ebr kriz\u00ebn zgjedhore.<\/p>\n<p>P\u00ebr muaj me rradh\u00eb shumica \u00ebsht\u00eb p\u00ebrpjekur ta shes\u00eb ofert\u00ebn e saj p\u00ebr t\u2019i dh\u00ebn\u00eb opozit\u00ebs shumic\u00ebn n\u00eb komisionin hetimor p\u00ebr zgjedhjet, si nj\u00eb \u2018paket\u00eb\u2019 kompromisi. Nj\u00eb paket\u00eb e \u00e7uditshme q\u00eb ka brenda vet\u00ebm nj\u00eb rresht! Sepse kur sheh pjes\u00ebn tjet\u00ebr t\u00eb produktit t\u00eb k\u00ebtij kompromisi t\u00eb habitsh\u00ebm, v\u00ebren se gjith\u00e7ka tjet\u00ebr nuk ofrohet nga Sali Berisha p\u00ebr Edi Ram\u00ebn, por nga ligji p\u00ebr cilindo banor t\u00eb k\u00ebtij vendi.<\/p>\n<p>Nuk mund t\u00eb ket\u00eb nj\u00eb kompromis q\u00eb ngrihet thjesht dhe vet\u00ebm mbi at\u00eb q\u00eb t\u00eb ofron ligji. Nj\u00eb e drejt\u00eb e fituar n\u00eb baz\u00eb t\u00eb ligjit, nuk p\u00ebrb\u00ebn n\u00eb asnj\u00eb rrethan\u00eb kompromis, por vet\u00ebm nj\u00eb standart q\u00eb ta ka dh\u00ebn\u00eb ligjv\u00ebn\u00ebsi dhe q\u00eb ti e g\u00ebzon ashtu si \u00e7do shtetas tjet\u00ebr.<\/p>\n<p>Ka pasur nj\u00eb tendenc\u00eb deklarimesh nga ana e bashk\u00ebsis\u00eb nd\u00ebrkomb\u00ebtare, e cila ka d\u00ebshmuar qart\u00eb se me kalimin e koh\u00ebs kauza e transparenc\u00ebs nisi t\u00eb fitoj\u00eb terren mbi at\u00eb t\u00eb kushtetutshm\u00ebris\u00eb, n\u00ebse p\u00ebrdorim simbolikisht dualizmin e termave q\u00eb jan\u00eb krijuar tashm\u00eb n\u00eb debatin politik. Gradualisht edhe socialist\u00ebt europian\u00eb, edhe Fyle, edhe ambasador\u00ebt n\u00eb Tiran\u00eb e kan\u00eb spostuar goditjen nga greva e uris\u00eb dhe kreu i opozit\u00ebs, tek nj\u00eb trajtim i baraslarguar i pal\u00ebve.<\/p>\n<p>Kjo ka ndodhur si\u00e7 duket edhe p\u00ebr shkak t\u00eb sulmit publik q\u00eb Berisha i b\u00ebri ambasadorit t\u00eb OSBE, n\u00eb momentin q\u00eb ai i ftoi krer\u00ebt politik\u00eb q\u00eb t\u00eb hidhnin firm\u00ebn mbi marr\u00ebveshjen q\u00eb kishin p\u00ebrpara. Tashm\u00eb, dy jav\u00eb pas mbylljes s\u00eb grev\u00ebs dhe dark\u00ebs s\u00eb Strasburgut, kriz\u00ebn duhet ta zgjidhin jo m\u00eb socialist\u00ebt, duke hyr\u00eb n\u00eb Kuvend apo duke pranuar ofertat e qeveris\u00eb, por t\u00eb gjith\u00eb bashk\u00eb. Pra, e th\u00ebn\u00eb ndryshe, t\u00eb gjith\u00eb jan\u00eb fajtor\u00eb dhe p\u00ebrgjegj\u00ebs p\u00ebr kriz\u00ebn politike.<\/p>\n<p>Qeveria pret dy zhvillime n\u00eb jav\u00ebt q\u00eb vijn\u00eb, t\u00eb cilat mund ta influencojn\u00eb jo pak ecurin\u00eb e kriz\u00ebs, t\u00eb procesit t\u00eb liberalizimit t\u00eb vizave dhe p\u00ebrgjith\u00ebsisht t\u00eb gar\u00ebs politike me opozit\u00ebn. I pari \u00ebsht\u00eb nj\u00eb lajm i keq, i dyti mund t\u00eb quhet i mir\u00eb. Gjithnj\u00eb sipas syzeve t\u00eb Berish\u00ebs. N\u00eb 1 korrik Belgjika merr presidenc\u00ebn e rradh\u00ebs t\u00eb BE. Nj\u00eb lajm padyshim i keq jo vet\u00ebm p\u00ebr Shqip\u00ebrin\u00eb, por edhe p\u00ebr Bosnjen. Belgjika \u00ebsht\u00eb nj\u00ebri nd\u00ebr vendet skeptike, sa i p\u00ebrket ides\u00eb s\u00eb zgjerimit t\u00eb hap\u00ebsir\u00ebs Shengen dhe p\u00ebrgjith\u00ebsisht t\u00eb klubit t\u00eb BE me an\u00ebtar\u00eb t\u00eb rinj.<\/p>\n<p>Gjat\u00eb gjith\u00eb gjysm\u00ebs s\u00eb par\u00eb t\u00eb k\u00ebtij viti, kur Serbia dhe Maqedonia fituan t\u00eb drejt\u00ebn e l\u00ebvizjes pa viza n\u00eb Europ\u00ebn e Bashkuar, Belgjika ka qen\u00eb vendi q\u00eb e ka ngritur fort z\u00ebrin kund\u00ebr val\u00ebs s\u00eb vizitor\u00ebve t\u00eb rinj q\u00eb vinin nga k\u00ebto dy vende dhe q\u00eb kishin m\u00eb shum\u00eb status azil-k\u00ebrkuesi, sesa turisti. Nuk p\u00ebrb\u00ebn sekret pra, nj\u00eb disponim negativ n\u00eb parim i k\u00ebtij vendi ndaj ides\u00eb s\u00eb heqjes s\u00eb vizave n\u00eb k\u00ebt\u00eb moment p\u00ebr shtete si Shqip\u00ebria dhe Bosnja.<\/p>\n<p>Lajmi i dyt\u00eb mund t\u00eb quhet i mir\u00eb. Trupi diplomatik n\u00eb Tiran\u00eb do t\u00eb p\u00ebsoj\u00eb, n\u00eb fillim t\u00eb vjesht\u00ebs, disa ndryshime t\u00eb pritshme jo t\u00eb par\u00ebnd\u00ebsishme. Tre nga ambasador\u00ebt kryesor\u00eb ndodhen tashm\u00eb n\u00eb hapat e fundit t\u00eb mandatit t\u00eb tyre diplomatik dhe ndoshta do t\u00eb len\u00eb Shqip\u00ebrin\u00eb pas sezonit veror. K\u00ebta tre titullar\u00eb kan\u00eb pasur m\u00eb shum\u00eb se nj\u00eb problem t\u00eb hapur me zotin Berisha dhe qeverin\u00eb e tij.<\/p>\n<p>T\u00eb pakt\u00ebn k\u00ebshtu \u00ebsht\u00eb p\u00ebrjetuar nga vet\u00eb qeveria lista e kritikave q\u00eb k\u00ebta diplomat\u00eb dhe t\u00eb tjer\u00eb si ata, kan\u00eb b\u00ebr\u00eb koh\u00eb pas kohe p\u00ebr zhvillimet politike, funksionimin e institucioneve dhe krizat e her\u00ebpashershme q\u00eb ka kaluar vendi. K\u00ebto dy elemente pritet t\u00eb krijojn\u00eb nj\u00eb ambjent t\u00eb modifikuar diplomatik rreth kriz\u00ebs shqiptare. Natyrisht, asgj\u00eb spektakolare s\u2019pritet t\u00eb ndodh\u00eb, por n\u00eb rastin e nj\u00eb vendi t\u00eb vog\u00ebl si Shqip\u00ebria, i ndodhur rregullisht n\u00eb periferi t\u00eb v\u00ebmendjes nd\u00ebrkomb\u00ebtare, edhe detajet kan\u00eb nganj\u00ebher\u00eb nj\u00eb r\u00ebnd\u00ebsi jo t\u00eb vog\u00ebl.<\/p>\n<p>Ultimatumi, n\u00ebse ka patur v\u00ebrtet nj\u00eb t\u00eb till\u00eb, tashm\u00eb mbaroi. Do t\u00eb duket sesa kategorik ka qen\u00eb, nga reagimi i ardhsh\u00ebm i europian\u00ebve dhe amerikan\u00ebve. N\u00ebse efektet e tij prekin vet\u00ebm procesin e statusit t\u00eb vendit kandidat, nuk paska qen\u00eb nj\u00eb ultimatum i v\u00ebrtet\u00eb, por thjesht nj\u00eb t\u00ebrheqje veshi. N\u00ebse pasojat e k\u00ebsaj shkeljeje afati do t\u00eb prekin apo do t\u00eb kusht\u00ebzojn\u00eb edhe procesin tjet\u00ebr, at\u00eb t\u00eb liberalizimit t\u00eb vizave, at\u00ebhere do t\u00eb v\u00ebrtetohet se darka e Krokodilit paska qen\u00eb realisht nj\u00eb \u201cpengmarrje\u201d e stilit europian. Ky variant i dyt\u00eb \u00ebsht\u00eb \u00ebndrra m\u00eb e keqe e qeveris\u00eb. Por q\u00eb mund ta largoj\u00eb tutje po qeveria!<\/p>\n","protected":false},"excerpt":{"rendered":"<p>Sk\u00ebnder Minxhozi Komisioneri i Zgjerimit Fyle \u00ebsht\u00eb treguar hermetik pardje, kur ka refuzuar t\u00eb komentoj\u00eb djegien e afatit dyjavor t\u00eb vendosur n\u00eb Strasburg p\u00ebr zgjidhjen e kriz\u00ebs politike shqiptare. Ai \u00ebsht\u00eb mjaftuar t\u00eb thot\u00eb se topi vijon t\u00eb mbetet n\u00eb an\u00ebn ton\u00eb. Nj\u00eb pak\u00ebnaq\u00ebsi e lexueshme p\u00ebr m\u00ebnyr\u00ebn sesi u harxhuan n\u00eb Tiran\u00eb 15 dit\u00eb [&hellip;]<\/p>\n","protected":false},"author":1,"featured_media":0,"comment_status":"open","ping_status":"closed","sticky":false,"template":"","format":"standard","meta":{"footnotes":""},"categories":[2],"tags":[],"class_list":{"0":"post-2941","1":"post","2":"type-post","3":"status-publish","4":"format-standard","6":"category-artikuj"},"yoast_head":"<!-- This site is optimized with the Yoast SEO plugin v27.4 - https:\/\/yoast.com\/product\/yoast-seo-wordpress\/ -->\n<title>Dy jav\u00eb ballo me maska - FjALA e LIR\u00cb - Arkivi<\/title>\n<meta name=\"robots\" content=\"index, follow, max-snippet:-1, max-image-preview:large, max-video-preview:-1\" \/>\n<link rel=\"canonical\" href=\"https:\/\/fjala.info\/2009-2015\/dy-jave-ballo-me-maska\/\" \/>\n<meta property=\"og:locale\" content=\"sq_AL\" \/>\n<meta property=\"og:type\" content=\"article\" \/>\n<meta property=\"og:title\" content=\"Dy jav\u00eb ballo me maska - FjALA e LIR\u00cb - Arkivi\" \/>\n<meta property=\"og:description\" content=\"Sk\u00ebnder Minxhozi Komisioneri i Zgjerimit Fyle \u00ebsht\u00eb treguar hermetik pardje, kur ka refuzuar t\u00eb komentoj\u00eb djegien e afatit dyjavor t\u00eb vendosur n\u00eb Strasburg p\u00ebr zgjidhjen e kriz\u00ebs politike shqiptare. Ai \u00ebsht\u00eb mjaftuar t\u00eb thot\u00eb se topi vijon t\u00eb mbetet n\u00eb an\u00ebn ton\u00eb. Nj\u00eb pak\u00ebnaq\u00ebsi e lexueshme p\u00ebr m\u00ebnyr\u00ebn sesi u harxhuan n\u00eb Tiran\u00eb 15 dit\u00eb [&hellip;]\" \/>\n<meta property=\"og:url\" content=\"https:\/\/fjala.info\/2009-2015\/dy-jave-ballo-me-maska\/\" \/>\n<meta property=\"og:site_name\" content=\"FjALA e LIR\u00cb - Arkivi\" \/>\n<meta property=\"article:published_time\" content=\"2010-06-05T23:21:41+00:00\" \/>\n<meta property=\"og:image\" content=\"http:\/\/www.shkoder.net\/images\/fjala\/skender_minxhozi.jpg\" \/>\n<meta name=\"author\" content=\"admin\" \/>\n<meta name=\"twitter:card\" content=\"summary_large_image\" \/>\n<meta name=\"twitter:label1\" content=\"Written by\" \/>\n\t<meta name=\"twitter:data1\" content=\"admin\" \/>\n\t<meta name=\"twitter:label2\" content=\"Est. reading time\" \/>\n\t<meta name=\"twitter:data2\" content=\"6 minutes\" \/>\n<script type=\"application\/ld+json\" class=\"yoast-schema-graph\">{\"@context\":\"https:\\\/\\\/schema.org\",\"@graph\":[{\"@type\":\"Article\",\"@id\":\"https:\\\/\\\/fjala.info\\\/2009-2015\\\/dy-jave-ballo-me-maska\\\/#article\",\"isPartOf\":{\"@id\":\"https:\\\/\\\/fjala.info\\\/2009-2015\\\/dy-jave-ballo-me-maska\\\/\"},\"author\":{\"name\":\"admin\",\"@id\":\"https:\\\/\\\/fjala.info\\\/2009-2015\\\/#\\\/schema\\\/person\\\/3aa1163ef05469c496fc94e77611ada2\"},\"headline\":\"Dy jav\u00eb ballo me maska\",\"datePublished\":\"2010-06-05T23:21:41+00:00\",\"mainEntityOfPage\":{\"@id\":\"https:\\\/\\\/fjala.info\\\/2009-2015\\\/dy-jave-ballo-me-maska\\\/\"},\"wordCount\":1268,\"commentCount\":0,\"publisher\":{\"@id\":\"https:\\\/\\\/fjala.info\\\/2009-2015\\\/#organization\"},\"image\":{\"@id\":\"https:\\\/\\\/fjala.info\\\/2009-2015\\\/dy-jave-ballo-me-maska\\\/#primaryimage\"},\"thumbnailUrl\":\"http:\\\/\\\/www.shkoder.net\\\/images\\\/fjala\\\/skender_minxhozi.jpg\",\"articleSection\":[\"Artikuj\"],\"inLanguage\":\"sq-AL\",\"potentialAction\":[{\"@type\":\"CommentAction\",\"name\":\"Comment\",\"target\":[\"https:\\\/\\\/fjala.info\\\/2009-2015\\\/dy-jave-ballo-me-maska\\\/#respond\"]}]},{\"@type\":\"WebPage\",\"@id\":\"https:\\\/\\\/fjala.info\\\/2009-2015\\\/dy-jave-ballo-me-maska\\\/\",\"url\":\"https:\\\/\\\/fjala.info\\\/2009-2015\\\/dy-jave-ballo-me-maska\\\/\",\"name\":\"Dy jav\u00eb ballo me maska - FjALA e LIR\u00cb - Arkivi\",\"isPartOf\":{\"@id\":\"https:\\\/\\\/fjala.info\\\/2009-2015\\\/#website\"},\"primaryImageOfPage\":{\"@id\":\"https:\\\/\\\/fjala.info\\\/2009-2015\\\/dy-jave-ballo-me-maska\\\/#primaryimage\"},\"image\":{\"@id\":\"https:\\\/\\\/fjala.info\\\/2009-2015\\\/dy-jave-ballo-me-maska\\\/#primaryimage\"},\"thumbnailUrl\":\"http:\\\/\\\/www.shkoder.net\\\/images\\\/fjala\\\/skender_minxhozi.jpg\",\"datePublished\":\"2010-06-05T23:21:41+00:00\",\"breadcrumb\":{\"@id\":\"https:\\\/\\\/fjala.info\\\/2009-2015\\\/dy-jave-ballo-me-maska\\\/#breadcrumb\"},\"inLanguage\":\"sq-AL\",\"potentialAction\":[{\"@type\":\"ReadAction\",\"target\":[\"https:\\\/\\\/fjala.info\\\/2009-2015\\\/dy-jave-ballo-me-maska\\\/\"]}]},{\"@type\":\"ImageObject\",\"inLanguage\":\"sq-AL\",\"@id\":\"https:\\\/\\\/fjala.info\\\/2009-2015\\\/dy-jave-ballo-me-maska\\\/#primaryimage\",\"url\":\"http:\\\/\\\/www.shkoder.net\\\/images\\\/fjala\\\/skender_minxhozi.jpg\",\"contentUrl\":\"http:\\\/\\\/www.shkoder.net\\\/images\\\/fjala\\\/skender_minxhozi.jpg\"},{\"@type\":\"BreadcrumbList\",\"@id\":\"https:\\\/\\\/fjala.info\\\/2009-2015\\\/dy-jave-ballo-me-maska\\\/#breadcrumb\",\"itemListElement\":[{\"@type\":\"ListItem\",\"position\":1,\"name\":\"Home\",\"item\":\"https:\\\/\\\/fjala.info\\\/2009-2015\\\/\"},{\"@type\":\"ListItem\",\"position\":2,\"name\":\"Dy jav\u00eb ballo me maska\"}]},{\"@type\":\"WebSite\",\"@id\":\"https:\\\/\\\/fjala.info\\\/2009-2015\\\/#website\",\"url\":\"https:\\\/\\\/fjala.info\\\/2009-2015\\\/\",\"name\":\"FjALA e LIR\u00cb - Arkivi\",\"description\":\"Arkivi 2009-2015\",\"publisher\":{\"@id\":\"https:\\\/\\\/fjala.info\\\/2009-2015\\\/#organization\"},\"potentialAction\":[{\"@type\":\"SearchAction\",\"target\":{\"@type\":\"EntryPoint\",\"urlTemplate\":\"https:\\\/\\\/fjala.info\\\/2009-2015\\\/?s={search_term_string}\"},\"query-input\":{\"@type\":\"PropertyValueSpecification\",\"valueRequired\":true,\"valueName\":\"search_term_string\"}}],\"inLanguage\":\"sq-AL\"},{\"@type\":\"Organization\",\"@id\":\"https:\\\/\\\/fjala.info\\\/2009-2015\\\/#organization\",\"name\":\"FjALA e LIR\u00cb - Arkivi\",\"url\":\"https:\\\/\\\/fjala.info\\\/2009-2015\\\/\",\"logo\":{\"@type\":\"ImageObject\",\"inLanguage\":\"sq-AL\",\"@id\":\"https:\\\/\\\/fjala.info\\\/2009-2015\\\/#\\\/schema\\\/logo\\\/image\\\/\",\"url\":\"\",\"contentUrl\":\"\",\"caption\":\"FjALA e LIR\u00cb - Arkivi\"},\"image\":{\"@id\":\"https:\\\/\\\/fjala.info\\\/2009-2015\\\/#\\\/schema\\\/logo\\\/image\\\/\"}},{\"@type\":\"Person\",\"@id\":\"https:\\\/\\\/fjala.info\\\/2009-2015\\\/#\\\/schema\\\/person\\\/3aa1163ef05469c496fc94e77611ada2\",\"name\":\"admin\",\"image\":{\"@type\":\"ImageObject\",\"inLanguage\":\"sq-AL\",\"@id\":\"https:\\\/\\\/fjala.info\\\/2009-2015\\\/wp-content\\\/uploads\\\/2012\\\/02\\\/arben_cokaj-120x150.jpg\",\"url\":\"https:\\\/\\\/fjala.info\\\/2009-2015\\\/wp-content\\\/uploads\\\/2012\\\/02\\\/arben_cokaj-120x150.jpg\",\"contentUrl\":\"https:\\\/\\\/fjala.info\\\/2009-2015\\\/wp-content\\\/uploads\\\/2012\\\/02\\\/arben_cokaj-120x150.jpg\",\"caption\":\"admin\"},\"description\":\"Admin, Fjala e Lir\u00eb\",\"sameAs\":[\"https:\\\/\\\/fjala.info\\\/\"],\"url\":\"https:\\\/\\\/fjala.info\\\/2009-2015\\\/author\\\/admin\\\/\"}]}<\/script>\n<!-- \/ Yoast SEO plugin. -->","yoast_head_json":{"title":"Dy jav\u00eb ballo me maska - FjALA e LIR\u00cb - Arkivi","robots":{"index":"index","follow":"follow","max-snippet":"max-snippet:-1","max-image-preview":"max-image-preview:large","max-video-preview":"max-video-preview:-1"},"canonical":"https:\/\/fjala.info\/2009-2015\/dy-jave-ballo-me-maska\/","og_locale":"sq_AL","og_type":"article","og_title":"Dy jav\u00eb ballo me maska - FjALA e LIR\u00cb - Arkivi","og_description":"Sk\u00ebnder Minxhozi Komisioneri i Zgjerimit Fyle \u00ebsht\u00eb treguar hermetik pardje, kur ka refuzuar t\u00eb komentoj\u00eb djegien e afatit dyjavor t\u00eb vendosur n\u00eb Strasburg p\u00ebr zgjidhjen e kriz\u00ebs politike shqiptare. Ai \u00ebsht\u00eb mjaftuar t\u00eb thot\u00eb se topi vijon t\u00eb mbetet n\u00eb an\u00ebn ton\u00eb. Nj\u00eb pak\u00ebnaq\u00ebsi e lexueshme p\u00ebr m\u00ebnyr\u00ebn sesi u harxhuan n\u00eb Tiran\u00eb 15 dit\u00eb [&hellip;]","og_url":"https:\/\/fjala.info\/2009-2015\/dy-jave-ballo-me-maska\/","og_site_name":"FjALA e LIR\u00cb - Arkivi","article_published_time":"2010-06-05T23:21:41+00:00","og_image":[{"url":"http:\/\/www.shkoder.net\/images\/fjala\/skender_minxhozi.jpg","type":"","width":"","height":""}],"author":"admin","twitter_card":"summary_large_image","twitter_misc":{"Written by":"admin","Est. reading time":"6 minutes"},"schema":{"@context":"https:\/\/schema.org","@graph":[{"@type":"Article","@id":"https:\/\/fjala.info\/2009-2015\/dy-jave-ballo-me-maska\/#article","isPartOf":{"@id":"https:\/\/fjala.info\/2009-2015\/dy-jave-ballo-me-maska\/"},"author":{"name":"admin","@id":"https:\/\/fjala.info\/2009-2015\/#\/schema\/person\/3aa1163ef05469c496fc94e77611ada2"},"headline":"Dy jav\u00eb ballo me maska","datePublished":"2010-06-05T23:21:41+00:00","mainEntityOfPage":{"@id":"https:\/\/fjala.info\/2009-2015\/dy-jave-ballo-me-maska\/"},"wordCount":1268,"commentCount":0,"publisher":{"@id":"https:\/\/fjala.info\/2009-2015\/#organization"},"image":{"@id":"https:\/\/fjala.info\/2009-2015\/dy-jave-ballo-me-maska\/#primaryimage"},"thumbnailUrl":"http:\/\/www.shkoder.net\/images\/fjala\/skender_minxhozi.jpg","articleSection":["Artikuj"],"inLanguage":"sq-AL","potentialAction":[{"@type":"CommentAction","name":"Comment","target":["https:\/\/fjala.info\/2009-2015\/dy-jave-ballo-me-maska\/#respond"]}]},{"@type":"WebPage","@id":"https:\/\/fjala.info\/2009-2015\/dy-jave-ballo-me-maska\/","url":"https:\/\/fjala.info\/2009-2015\/dy-jave-ballo-me-maska\/","name":"Dy jav\u00eb ballo me maska - FjALA e LIR\u00cb - Arkivi","isPartOf":{"@id":"https:\/\/fjala.info\/2009-2015\/#website"},"primaryImageOfPage":{"@id":"https:\/\/fjala.info\/2009-2015\/dy-jave-ballo-me-maska\/#primaryimage"},"image":{"@id":"https:\/\/fjala.info\/2009-2015\/dy-jave-ballo-me-maska\/#primaryimage"},"thumbnailUrl":"http:\/\/www.shkoder.net\/images\/fjala\/skender_minxhozi.jpg","datePublished":"2010-06-05T23:21:41+00:00","breadcrumb":{"@id":"https:\/\/fjala.info\/2009-2015\/dy-jave-ballo-me-maska\/#breadcrumb"},"inLanguage":"sq-AL","potentialAction":[{"@type":"ReadAction","target":["https:\/\/fjala.info\/2009-2015\/dy-jave-ballo-me-maska\/"]}]},{"@type":"ImageObject","inLanguage":"sq-AL","@id":"https:\/\/fjala.info\/2009-2015\/dy-jave-ballo-me-maska\/#primaryimage","url":"http:\/\/www.shkoder.net\/images\/fjala\/skender_minxhozi.jpg","contentUrl":"http:\/\/www.shkoder.net\/images\/fjala\/skender_minxhozi.jpg"},{"@type":"BreadcrumbList","@id":"https:\/\/fjala.info\/2009-2015\/dy-jave-ballo-me-maska\/#breadcrumb","itemListElement":[{"@type":"ListItem","position":1,"name":"Home","item":"https:\/\/fjala.info\/2009-2015\/"},{"@type":"ListItem","position":2,"name":"Dy jav\u00eb ballo me maska"}]},{"@type":"WebSite","@id":"https:\/\/fjala.info\/2009-2015\/#website","url":"https:\/\/fjala.info\/2009-2015\/","name":"FjALA e LIR\u00cb - Arkivi","description":"Arkivi 2009-2015","publisher":{"@id":"https:\/\/fjala.info\/2009-2015\/#organization"},"potentialAction":[{"@type":"SearchAction","target":{"@type":"EntryPoint","urlTemplate":"https:\/\/fjala.info\/2009-2015\/?s={search_term_string}"},"query-input":{"@type":"PropertyValueSpecification","valueRequired":true,"valueName":"search_term_string"}}],"inLanguage":"sq-AL"},{"@type":"Organization","@id":"https:\/\/fjala.info\/2009-2015\/#organization","name":"FjALA e LIR\u00cb - Arkivi","url":"https:\/\/fjala.info\/2009-2015\/","logo":{"@type":"ImageObject","inLanguage":"sq-AL","@id":"https:\/\/fjala.info\/2009-2015\/#\/schema\/logo\/image\/","url":"","contentUrl":"","caption":"FjALA e LIR\u00cb - Arkivi"},"image":{"@id":"https:\/\/fjala.info\/2009-2015\/#\/schema\/logo\/image\/"}},{"@type":"Person","@id":"https:\/\/fjala.info\/2009-2015\/#\/schema\/person\/3aa1163ef05469c496fc94e77611ada2","name":"admin","image":{"@type":"ImageObject","inLanguage":"sq-AL","@id":"https:\/\/fjala.info\/2009-2015\/wp-content\/uploads\/2012\/02\/arben_cokaj-120x150.jpg","url":"https:\/\/fjala.info\/2009-2015\/wp-content\/uploads\/2012\/02\/arben_cokaj-120x150.jpg","contentUrl":"https:\/\/fjala.info\/2009-2015\/wp-content\/uploads\/2012\/02\/arben_cokaj-120x150.jpg","caption":"admin"},"description":"Admin, Fjala e Lir\u00eb","sameAs":["https:\/\/fjala.info\/"],"url":"https:\/\/fjala.info\/2009-2015\/author\/admin\/"}]}},"_links":{"self":[{"href":"https:\/\/fjala.info\/2009-2015\/wp-json\/wp\/v2\/posts\/2941","targetHints":{"allow":["GET"]}}],"collection":[{"href":"https:\/\/fjala.info\/2009-2015\/wp-json\/wp\/v2\/posts"}],"about":[{"href":"https:\/\/fjala.info\/2009-2015\/wp-json\/wp\/v2\/types\/post"}],"author":[{"embeddable":true,"href":"https:\/\/fjala.info\/2009-2015\/wp-json\/wp\/v2\/users\/1"}],"replies":[{"embeddable":true,"href":"https:\/\/fjala.info\/2009-2015\/wp-json\/wp\/v2\/comments?post=2941"}],"version-history":[{"count":0,"href":"https:\/\/fjala.info\/2009-2015\/wp-json\/wp\/v2\/posts\/2941\/revisions"}],"wp:attachment":[{"href":"https:\/\/fjala.info\/2009-2015\/wp-json\/wp\/v2\/media?parent=2941"}],"wp:term":[{"taxonomy":"category","embeddable":true,"href":"https:\/\/fjala.info\/2009-2015\/wp-json\/wp\/v2\/categories?post=2941"},{"taxonomy":"post_tag","embeddable":true,"href":"https:\/\/fjala.info\/2009-2015\/wp-json\/wp\/v2\/tags?post=2941"}],"curies":[{"name":"wp","href":"https:\/\/api.w.org\/{rel}","templated":true}]}}